{"id":98449,"date":"2026-05-03T05:56:02","date_gmt":"2026-05-03T03:56:02","guid":{"rendered":"https:\/\/conversesacatalunya.cat\/?p=98449"},"modified":"2026-05-03T06:45:16","modified_gmt":"2026-05-03T04:45:16","slug":"cambio-de-nombre-de-las-calles-de-las-tres-santas-de-gracia-y-ii","status":"publish","type":"post","link":"https:\/\/conversesacatalunya.cat\/es\/cambio-de-nombre-de-las-calles-de-las-tres-santas-de-gracia-y-ii\/","title":{"rendered":"Yo acuso: el fraude del cambio de nombre de las calles de las tres Santas de Gr\u00e0cia (y II)"},"content":{"rendered":"<p><span>Hay quien ha escrito que esta calle era un homenaje a Magdalena Escarabatxeres i Blanch, la suegra de \u00c0gata Badia. As\u00ed consta en el \u00abNomencl\u00e1tor de las calles de Barcelona\u00bb; \u00abEls carrers de Gr\u00e0cia\u00bb, de Joan Lafarga; y \u00abEls carrers de Barcelona: Gr\u00e0cia\u00bb, de Jes\u00fas Portavella.<\/span><\/p>\n<p><span dir=\"auto\">Pero hay otros que atribuyen la dedicatoria a Magdalena Rabassa, ahijada y heredera universal de \u00c0gata Badia: \u201cEls carrers de Gr\u00e0cia\u201d, de Josep Maria Vilarr\u00fabia; \u201cLa urbanizaci\u00f3n de Can Trilla\u201d, art\u00edculo de Joana Uribe en la revista \u201cCarrer Gran\u201d n.\u00ba 53; y \u00abLes masies de Gr\u00e0cia\u00bb, de Elsa Castell\u00e0.<\/span><\/p>\n<p><span dir=\"auto\">Y ahora vaya a saber por qu\u00e9 <\/span><strong><span dir=\"auto\">la Comisi\u00f3n ha escogido precisamente la suegra de \u00c0gata Badia<\/span><\/strong><span dir=\"auto\">, que nunca vivi\u00f3 en Gr\u00e0cia y a quien la nuera ni siquiera conoci\u00f3 en vida.<\/span><\/p>\n<p><span>A la muerte de \u00c0gata (1836), el heredero de la finca Trilla fue Antoni Rabassa, tambi\u00e9n un ahijado, pero la heredera de los bienes era Magdalena Rabassa, con la obligaci\u00f3n por parte de Antoni de tenerla en casa mientras no se casara. Lo expongo porque esto hace posible, y bastante probable, que la calle Santa Magdalena se llamara as\u00ed como una muestra de la estimaci\u00f3n de \u00c1gata hacia su ahijada. Y m\u00e1s si tenemos en cuenta que en el proyecto inicial, de 1826, s\u00f3lo la calle Santa \u00c1gueda ten\u00eda nombre de Santa. Lo que despu\u00e9s, en 1830, se llam\u00f3 de Santa Magdalena, entonces era la calle de Serra, por el arquitecto de las obras, como as\u00ed consta en las escrituras notariales.<\/span><\/p>\n<p><strong><span dir=\"auto\"><span class=\"\" dir=\"auto\">Este dilema entre las dos Magdalenas tiene cuatro soluciones, entre ellas tres salom\u00f3nicas<\/span><\/span><\/strong><span dir=\"auto\"><span class=\"\" dir=\"auto\">, a saber: 1) dividir la calle por la mitad y entregar una parte a cada Magdalena; 2) ir alternando el nombre de la calle, ahora el de una, antes el de la otra, al menos con periodicidad trimestral. 3) nombrar la calle con los nombres de las dos a la vez: \u201ccalle de Magdalena E. Blanc y de Magdalena Rabassa\u201d.<\/span><\/span><\/p>\n<p><strong><span dir=\"auto\"><span class=\"VIpgJd-yAWNEb-VIpgJd-fmcmS-sn54Q\" dir=\"auto\">La cuarta soluci\u00f3n, quiz\u00e1 la m\u00e1s adecuada<\/span><\/span><\/strong><span dir=\"auto\"><span class=\"VIpgJd-yAWNEb-VIpgJd-fmcmS-sn54Q\" dir=\"auto\"><span> <\/span><\/span><\/span><strong><span dir=\"auto\"><span class=\"VIpgJd-yAWNEb-VIpgJd-fmcmS-sn54Q\" dir=\"auto\">y decente,<\/span><\/span><\/strong><span dir=\"auto\"><span class=\"VIpgJd-yAWNEb-VIpgJd-fmcmS-sn54Q\" dir=\"auto\"><span>\u00a0<\/span>es que los responsables tengan la bonhom\u00eda de reconocer que la han pifiado, devuelvan el nombre de Santa Magdalena a la calle y pongan una placa o pizarra que informe sobre las dos Magdalenas a las que podr\u00eda estar dedicado. Y ya que est\u00e1n ah\u00ed, hagan igual con las otras dos calles. Tendr\u00e1n como recompensa el gusto que da hacer las cosas bien hechas, y de propina que la ciudadan\u00eda admire su sabidur\u00eda, en virtud de ese refr\u00e1n que dice que \u00abrectificar es de sabios\u00bb.<\/span><\/span><\/p>\n<h5><strong><span dir=\"auto\"><span class=\"VIpgJd-yAWNEb-VIpgJd-fmcmS-sn54Q\" dir=\"auto\">Sobre la ortograf\u00eda de las nuevas calles<\/span><\/span><\/strong><\/h5>\n<p><span dir=\"auto\">Puesto que el Ayuntamiento ha conseguido desterrar impunemente la voluntad de \u00c0gata Badia por imponer la suya, d\u00e9moslo por sentado y examinemos con detalle la confecci\u00f3n ortogr\u00e1fica de los nombres y apellidos tal y como han tenido a bien inscribirlos en las placas de las calles:<\/span><\/p>\n<p><strong><span dir=\"auto\">\u00c0GATA BADIA PUIG-RODON; ROSA PUIG-RODON PLA; MAGDALENA E. BLANC<\/span><\/strong><\/p>\n<div class=\"code-block code-block-6\">\n<p><span dir=\"auto\">La redacci\u00f3n de tres de los apellidos es de tal torpeza que clama al cielo, desde donde estas buenas se\u00f1oras lo estar\u00e1n mirando como quien ve visiones:<\/span><\/p>\n<p><span dir=\"auto\"><span class=\"VIpgJd-yAWNEb-VIpgJd-fmcmS-sn54Q\" dir=\"auto\">1)<span>\u00a0<\/span><\/span><\/span><strong><span dir=\"auto\"><span class=\"VIpgJd-yAWNEb-VIpgJd-fmcmS-sn54Q\" dir=\"auto\">Este garabato \u201cE.\u201d que le han colocado a la Magdalena<\/span><\/span><\/strong><span dir=\"auto\"><span class=\"VIpgJd-yAWNEb-VIpgJd-fmcmS-sn54Q\" dir=\"auto\"><span> <\/span>se debe, seg\u00fan cuenta Josep Maria Contel en la entrevista citada, a que los vecinos de la calle<span>\u00a0<\/span><\/span><\/span><em><span dir=\"auto\"><span class=\"VIpgJd-yAWNEb-VIpgJd-fmcmS-sn54Q\" dir=\"auto\">\u00abhicieron una campa\u00f1a y recogieron firmas porque no quer\u00edan que su calle se llamara Magdalena Escarabatxeras Blanc porque escarabatxer ven\u00eda de escarabajo, por eso le acabamos poniendo Magdalena<\/span><\/span><\/em><span dir=\"auto\"><span class=\"VIpgJd-yAWNEb-VIpgJd-fmcmS-sn54Q\" dir=\"auto\"><span> <em>E. Blanc<\/em><\/span><em>\u00ab.<\/em><\/span><\/span><\/p>\n<\/div>\n<p><span>Pues si no han sido capaces de inscribir el apellido leg\u00edtimo, m\u00e1s valdr\u00eda que hubieran plegado velas, porque tal y como lo han llevado a cabo es ignominioso. A la Magdalena la han tratado como si tuviera que esconder un linaje vergonzoso que ella seguro que llevaba con la cabeza bien alta, como lo llevaba su padre, y como lo hab\u00edan llevado, por cierto, el escultor Jer\u00f3nimo Escarabatxeras (1687-1710), el cual, adem\u00e1s, se llamaba Rotxotxo de segundo apellido, lo que no ha impedido que se le celebre como autor de la fachada y la decoraci\u00f3n interior de la iglesia de Sant Sever de Barcelona, \u200b\u200brestaurada hace un a\u00f1o.<\/span><\/p>\n<p><span dir=\"auto\"><span class=\"VIpgJd-yAWNEb-VIpgJd-fmcmS-sn54Q\" dir=\"auto\">Es cierto que el hijo de Magdalena, Antoni Trilla Escarabatxeras, ahuyent\u00f3 a este cole\u00f3ptero de su nombre a base de firmar con el segundo apellido de la madre: Antoni Trilla Blanch. All\u00ed s\u00ed era un descastado, pero Magdalena tiene derecho, en la actualidad, a figurar con su nombre personal. \u00bfNo han querido sustituir a la Santa por una \u00abse\u00f1ora real\u00bb bien identificable? \u00bfNo proclam\u00f3 la concejala de Feminismos Raquel Gil que \u00abHoy decidimos que las mujeres tenemos nombres y apellidos m\u00e1s all\u00e1 de creencias y otras cuestiones.\u00bb? Entonces,<span>\u00a0<\/span><\/span><\/span><strong><span dir=\"auto\"><span class=\"VIpgJd-yAWNEb-VIpgJd-fmcmS-sn54Q\" dir=\"auto\">\u00bfc\u00f3mo han decidido reducir el apellido de esta mujer a una letra inicial que no identifica a nadie?<\/span><\/span><\/strong><span dir=\"auto\"><span class=\"VIpgJd-yAWNEb-VIpgJd-fmcmS-sn54Q\" dir=\"auto\"><span>\u00a0<\/span>La cosa es de tal groser\u00eda que parece que no pueda ser.<\/span><\/span><\/p>\n<p><span dir=\"auto\">2)<span>\u00a0<\/span><\/span><strong><span dir=\"auto\">El apellido Puigrodon:<\/span><\/strong><span dir=\"auto\"><span>\u00a0<\/span>lo han partido por la mitad y le han colocado un gui\u00f3n entre ambas partes para que no puedan volver a juntarse (Puig-rodon). Y bien satisfechos que estar\u00e1n, pensando que han cumplido con la normativa vigente.<\/span><\/p>\n<p><span dir=\"auto\">Sin embargo, resulta que los apellidos son antrop\u00f3nimos y no est\u00e1n sometidos a la normalizaci\u00f3n ortogr\u00e1fica que afecta a los top\u00f3nimos y a los nombres comunes. Distinguir entre top\u00f3nimos y antrop\u00f3nimos es elemental. En tiempos de Rosa y \u00c1gata, este apellido se escrib\u00eda con ortograf\u00eda prefabriana, como as\u00ed consta en los documentos. En la actualidad hay personas con linaje Puigrodon que tambi\u00e9n lo escriben as\u00ed, sin guion, y nadie tiene nada que decir, ni a tocar, en cuanto a la correcci\u00f3n ortogr\u00e1fica.<\/span><\/p>\n<p><span dir=\"auto\">3)<span>\u00a0<\/span><\/span><strong><span dir=\"auto\">Las consideraciones anteriores se aplican igualmente al apellido \u00abBlanch\u00bb.<\/span><\/strong><span dir=\"auto\"><span>\u00a0<\/span>A la pobre Magdalena, adem\u00e1s de reducirle el primer apellido a la m\u00ednima expresi\u00f3n, le han mutilado la h de Blanch, por la p\u00e9sima raz\u00f3n que han aplicado la normativa al por mayor, sin tener en cuenta el matiz que se trata de un antrop\u00f3nimo que se escribe as\u00ed desde hace siglos y as\u00ed se ha transmitido. A estas alturas, hay mucha gente con apellidos como Poch, March, Roch, Llonch\u2026 y Blanch, con la \u201ch\u201d final, tal y como la llevaba el apellido de Magdalena mientras viv\u00eda. Nadie est\u00e1 autorizado a \u201ccorregirlo\u201d, si no es la persona a la que pertenece.<\/span><\/p>\n<p><span dir=\"auto\">Que los nombres y apellidos de estas tres mujeres designen calles no los convierte en top\u00f3nimos que deban normativizarse, ya que si los han inscrito as\u00ed es precisamente con el prop\u00f3sito de identificar a unas personas.<\/span><\/p>\n<p><strong><span dir=\"auto\">En resumen: la Comisi\u00f3n del Nomencl\u00e1tor y el Ayuntamiento han manipulado<\/span><\/strong><span dir=\"auto\"><span>\u00a0<\/span>los apellidos de \u00c1gata, Rosa y Magdalena pasando por encima de sus cad\u00e1veres: un abuso de poder intolerable y que no tiene perd\u00f3n.<\/span><\/p>\n<h5><strong><span dir=\"auto\">Alegado final<\/span><\/strong><\/h5>\n<p><span dir=\"auto\"><span class=\"VIpgJd-yAWNEb-VIpgJd-fmcmS-sn54Q\" dir=\"auto\">Los responsables de este desaguisado se vanaglorian, entre otras haza\u00f1as apote\u00f3sicas, de que<span>\u00a0<\/span><\/span><\/span><strong><span dir=\"auto\"><span class=\"VIpgJd-yAWNEb-VIpgJd-fmcmS-sn54Q\" dir=\"auto\">han logrado aumentar el n\u00famero de mujeres que figuran en el Nomencl\u00e1tor.<\/span><\/span><\/strong><span dir=\"auto\"><span class=\"VIpgJd-yAWNEb-VIpgJd-fmcmS-sn54Q\" dir=\"auto\"><span>\u00a0<\/span>Esto debe ser en virtud de la ley cu\u00e1ntica de la Paridad entr\u00f3pica que rige el mundo subat\u00f3mico, porque en la realidad macrosc\u00f3pica en la que vivimos los seres humanos, las tres Santas tambi\u00e9n son mujeres y, por tanto, el equilibrio termodin\u00e1mico entre el n\u00famero de hombres y el de mujeres del Nomencl\u00e1tor no se ha alterado.<\/span><\/span><\/p>\n<p><strong><span dir=\"auto\">El efecto real, y notorio, es que han rebajado el n\u00famero de Santas de las calles de Gr\u00e0cia,<\/span><\/strong><span dir=\"auto\"> eso s\u00ed. Y para ello no han tenido ning\u00fan escr\u00fapulo al apropiarse de los nombres y apellidos de tres mujeres, manipularlos, y entregarlos al espacio p\u00fablico para que se usen como direcciones de unas calles que \u00c0gata Badia, o Agueda Trilla, que as\u00ed firmaba los documentos notariales, quiso bautizar con los nombres de las Santas patronas de cada una y no con los nombres personales, por sentido del pudor y del rid\u00edculo. La impudicia con la que estos nombres personales figuran en las placas de las calles y circulan ya por Internet en las direcciones de tiendas, bares y locales, les har\u00eda avergonzar.<\/span><\/p>\n<p><span dir=\"auto\">Las han utilizado como<span>\u00a0<\/span><\/span><strong><span dir=\"auto\">carne de ca\u00f1\u00f3n de un feminismo paranoico<\/span><\/strong><span dir=\"auto\"><span>\u00a0<\/span>que, a base de mirar clich\u00e9s irracionales, ha perdido el sentido de la realidad y necesita ventilar la humareda ideol\u00f3gica y digerir la empanada mental con desatinos tan absurdos como la de alterar el bienestar nominal de unas calles que se lo pasaban muy bien con los nombres que ten\u00edan.<\/span><\/p>\n<p><span dir=\"auto\">\u00bfQu\u00e9 han logrado? Nada verdadero, ni bueno, ni bello. Han enga\u00f1ado con pavor, han maleado un bien com\u00fan, y no han producido m\u00e1s que fealdad.<\/span><\/p>\n<p><span dir=\"auto\">L\u00e1stima que no hayan hecho caso del sensato consejo del historiador Andreu Pi i Arimon, autor del libro \u201cBarcelona antigua y moderna\u201d (1854), donde se encuentra la siguiente nota:<\/span><\/p>\n<p><em>\u201cNo concebimos c\u00f3mo el Exmo. Ayuntamiento pudo acordar en sesion de 19 de enero de 1849 el cambio de nombre de esta calle llamada de Arn\u00e9. Los considerables perjuicios que en lo sucesivo podria irrogar \u00e1 los particulares la imitacion de esta pr\u00e1ctica, por las afrontaciones de los edificios, manifiestan que la mudanza del nombre de una calle es asunto en extremo delicado, y que debe procederse en \u00e9l con gran aplomo y comedimiento.\u201d<\/em><\/p>\n<h5><strong><span dir=\"auto\">Agradecimientos<\/span><\/strong><\/h5>\n<p><span dir=\"auto\"><span class=\"VIpgJd-yAWNEb-VIpgJd-fmcmS-sn54Q\" dir=\"auto\">Quisiera rendir homenaje de admiraci\u00f3n a dos po\u00e9ticos testigos, ya casi arqueol\u00f3gicos, que rememoran, como eran, los nombres de dos de las calles de las tres Santas.<\/span><\/span><\/p>\n<p><span dir=\"auto\">Uno es el letrero azul y blanco de tr\u00e1fico que, encima de un sem\u00e1foro de Gran de Gr\u00e0cia, indica con una flecha el desv\u00edo hacia una calle transversal de la derecha y dice: \u201cC. Santa Rosa\u201d.<\/span><\/p>\n<p><span dir=\"auto\">El otro es el r\u00f3tulo del restaurante Santa Magdalena, ubicado en la calle del que adopt\u00f3 el nombre que ahora han hecho desaparecer.<\/span><\/p>\n<p><span dir=\"auto\">Son signos enternecedores de que, como la rosa de Sant Jordi y la magdalena de Marcel Proust, despiertan, si se saben leer, el amor a la inocencia de un tiempo perdido.<\/span><\/p>\n<p><a href=\"https:\/\/conversesacatalunya.cat\/es\/canvio-de-nombre-calles-tres-santas-de-gracia\/\" target=\"_blank\" rel=\"noopener\"><span><span dir=\"auto\">Yo acuso: el fraude del cambio de nom<\/span><\/span><span><span dir=\"auto\">b<\/span><\/span><span><span dir=\"auto\">re de las calles de las tres Santes de Gr\u00e0cia (I)<\/span><\/span><\/a><\/p>\n<span class='bctt-click-to-tweet'><span class='bctt-ctt-text'><a href='https:\/\/twitter.com\/intent\/tweet?url=https%3A%2F%2Fconversesacatalunya.cat%2Fes%2Fcambio-de-nombre-de-las-calles-de-las-tres-santas-de-gracia-y-ii%2F&#038;text=La%20Comisi%C3%B3n%20del%20Nomencl%C3%A1tor%20y%20el%20Ayuntamiento%20han%20manipulado%20los%20apellidos%20de%20%C3%81gata%2C%20Rosa%20y%20Magdalena%20pasando%20por%20encima%20de%20sus%20cad%C3%A1veres%3A%20un%20abuso%20de%20poder%20intolerable%20y%20que%20no%20tiene%20perd%C3%B3n.&#038;via=conversesacat&#038;related=conversesacat' target='_blank'rel=\"noopener noreferrer\">La Comisi\u00f3n del Nomencl\u00e1tor y el Ayuntamiento han manipulado los apellidos de \u00c1gata, Rosa y Magdalena pasando por encima de sus cad\u00e1veres: un abuso de poder intolerable y que no tiene perd\u00f3n. <\/a><\/span><a href='https:\/\/twitter.com\/intent\/tweet?url=https%3A%2F%2Fconversesacatalunya.cat%2Fes%2Fcambio-de-nombre-de-las-calles-de-las-tres-santas-de-gracia-y-ii%2F&#038;text=La%20Comisi%C3%B3n%20del%20Nomencl%C3%A1tor%20y%20el%20Ayuntamiento%20han%20manipulado%20los%20apellidos%20de%20%C3%81gata%2C%20Rosa%20y%20Magdalena%20pasando%20por%20encima%20de%20sus%20cad%C3%A1veres%3A%20un%20abuso%20de%20poder%20intolerable%20y%20que%20no%20tiene%20perd%C3%B3n.&#038;via=conversesacat&#038;related=conversesacat' target='_blank' class='bctt-ctt-btn'rel=\"noopener noreferrer\">Compartir en X<\/a><\/span>\n","protected":false},"excerpt":{"rendered":"<p>Hay quien ha escrito que esta calle era un homenaje a Magdalena Escarabatxeres i Blanch, la suegra de \u00c0gata Badia. As\u00ed consta en el \u00abNomencl\u00e1tor de las calles de Barcelona\u00bb; \u00abEls carrers de Gr\u00e0cia\u00bb, de Joan Lafarga; y \u00abEls carrers de Barcelona: Gr\u00e0cia\u00bb, de Jes\u00fas Portavella. Pero hay otros que atribuyen la dedicatoria a Magdalena Rabassa, ahijada y heredera universal de \u00c0gata Badia: \u201cEls carrers de Gr\u00e0cia\u201d, de Josep Maria Vilarr\u00fabia; \u201cLa urbanizaci\u00f3n de Can Trilla\u201d, art\u00edculo de Joana Uribe en la revista \u201cCarrer Gran\u201d n.\u00ba 53; y \u00abLes masies de Gr\u00e0cia\u00bb, de Elsa Castell\u00e0. Y ahora vaya a saber por qu\u00e9 la Comisi\u00f3n ha escogido precisamente la suegra de \u00c0gata Badia, que nunca vivi\u00f3 en Gr\u00e0cia y a quien la nuera ni siquiera conoci\u00f3 en vida. A la muerte de \u00c0gata (1836), el heredero de la finca Trilla fue Antoni Rabassa, tambi\u00e9n un ahijado, pero la heredera de los bienes era Magdalena Rabassa, con la obligaci\u00f3n por parte de Antoni de tenerla en casa mientras no se casara. Lo expongo porque esto hace posible, y bastante probable, que la calle Santa Magdalena se llamara as\u00ed como una muestra de la estimaci\u00f3n de \u00c1gata hacia su ahijada. Y m\u00e1s si tenemos en cuenta que en el proyecto inicial, de 1826, s\u00f3lo la calle Santa \u00c1gueda ten\u00eda nombre de Santa. Lo que despu\u00e9s, en 1830, se llam\u00f3 de Santa Magdalena, entonces era la calle de Serra, por el arquitecto de las obras, como as\u00ed consta en las escrituras notariales. Este dilema entre las dos Magdalenas tiene cuatro soluciones, entre ellas tres salom\u00f3nicas, a saber: 1) dividir la calle por la mitad y entregar una parte a cada Magdalena; 2) ir alternando el nombre de la calle, ahora el de una, antes el de la otra, al menos con periodicidad trimestral. 3) nombrar la calle con los nombres de las dos a la vez: \u201ccalle de Magdalena E. Blanc y de Magdalena Rabassa\u201d. La cuarta soluci\u00f3n, quiz\u00e1 la m\u00e1s adecuada y decente,\u00a0es que los responsables tengan la bonhom\u00eda de reconocer que la han pifiado, devuelvan el nombre de Santa Magdalena a la calle y pongan una placa o pizarra que informe sobre las dos Magdalenas a las que podr\u00eda estar dedicado. Y ya que est\u00e1n ah\u00ed, hagan igual con las otras dos calles. Tendr\u00e1n como recompensa el gusto que da hacer las cosas bien hechas, y de propina que la ciudadan\u00eda admire su sabidur\u00eda, en virtud de ese refr\u00e1n que dice que \u00abrectificar es de sabios\u00bb. Sobre la ortograf\u00eda de las nuevas calles Puesto que el Ayuntamiento ha conseguido desterrar impunemente la voluntad de \u00c0gata Badia por imponer la suya, d\u00e9moslo por sentado y examinemos con detalle la confecci\u00f3n ortogr\u00e1fica de los nombres y apellidos tal y como han tenido a bien inscribirlos en las placas de las calles: \u00c0GATA BADIA PUIG-RODON; ROSA PUIG-RODON PLA; MAGDALENA E. BLANC La redacci\u00f3n de tres de los apellidos es de tal torpeza que clama al cielo, desde donde estas buenas se\u00f1oras lo estar\u00e1n mirando como quien ve visiones: 1)\u00a0Este garabato \u201cE.\u201d que le han colocado a la Magdalena se debe, seg\u00fan cuenta Josep Maria Contel en la entrevista citada, a que los vecinos de la calle\u00a0\u00abhicieron una campa\u00f1a y recogieron firmas porque no quer\u00edan que su calle se llamara Magdalena Escarabatxeras Blanc porque escarabatxer ven\u00eda de escarabajo, por eso le acabamos poniendo Magdalena E. Blanc\u00ab. Pues si no han sido capaces de inscribir el apellido leg\u00edtimo, m\u00e1s valdr\u00eda que hubieran plegado velas, porque tal y como lo han llevado a cabo es ignominioso. A la Magdalena la han tratado como si tuviera que esconder un linaje vergonzoso que ella seguro que llevaba con la cabeza bien alta, como lo llevaba su padre, y como lo hab\u00edan llevado, por cierto, el escultor Jer\u00f3nimo Escarabatxeras (1687-1710), el cual, adem\u00e1s, se llamaba Rotxotxo de segundo apellido, lo que no ha impedido que se le celebre como autor de la fachada y la decoraci\u00f3n interior de la iglesia de Sant Sever de Barcelona, \u200b\u200brestaurada hace un a\u00f1o. Es cierto que el hijo de Magdalena, Antoni Trilla Escarabatxeras, ahuyent\u00f3 a este cole\u00f3ptero de su nombre a base de firmar con el segundo apellido de la madre: Antoni Trilla Blanch. All\u00ed s\u00ed era un descastado, pero Magdalena tiene derecho, en la actualidad, a figurar con su nombre personal. \u00bfNo han querido sustituir a la Santa por una \u00abse\u00f1ora real\u00bb bien identificable? \u00bfNo proclam\u00f3 la concejala de Feminismos Raquel Gil que \u00abHoy decidimos que las mujeres tenemos nombres y apellidos m\u00e1s all\u00e1 de creencias y otras cuestiones.\u00bb? Entonces,\u00a0\u00bfc\u00f3mo han decidido reducir el apellido de esta mujer a una letra inicial que no identifica a nadie?\u00a0La cosa es de tal groser\u00eda que parece que no pueda ser. 2)\u00a0El apellido Puigrodon:\u00a0lo han partido por la mitad y le han colocado un gui\u00f3n entre ambas partes para que no puedan volver a juntarse (Puig-rodon). Y bien satisfechos que estar\u00e1n, pensando que han cumplido con la normativa vigente. Sin embargo, resulta que los apellidos son antrop\u00f3nimos y no est\u00e1n sometidos a la normalizaci\u00f3n ortogr\u00e1fica que afecta a los top\u00f3nimos y a los nombres comunes. Distinguir entre top\u00f3nimos y antrop\u00f3nimos es elemental. En tiempos de Rosa y \u00c1gata, este apellido se escrib\u00eda con ortograf\u00eda prefabriana, como as\u00ed consta en los documentos. En la actualidad hay personas con linaje Puigrodon que tambi\u00e9n lo escriben as\u00ed, sin guion, y nadie tiene nada que decir, ni a tocar, en cuanto a la correcci\u00f3n ortogr\u00e1fica. 3)\u00a0Las consideraciones anteriores se aplican igualmente al apellido \u00abBlanch\u00bb.\u00a0A la pobre Magdalena, adem\u00e1s de reducirle el primer apellido a la m\u00ednima expresi\u00f3n, le han mutilado la h de Blanch, por la p\u00e9sima raz\u00f3n que han aplicado la normativa al por mayor, sin tener en cuenta el matiz que se trata de un antrop\u00f3nimo que se escribe as\u00ed desde hace siglos y as\u00ed se ha transmitido. A estas alturas, hay mucha gente con apellidos como Poch, March, Roch, Llonch\u2026 y Blanch, con la \u201ch\u201d final, tal y como la llevaba el apellido de Magdalena mientras viv\u00eda&#8230;.<\/p>\n","protected":false},"author":82,"featured_media":98347,"comment_status":"open","ping_status":"open","sticky":false,"template":"","format":"standard","meta":{"_FSMCFIC_featured_image_caption":"","_FSMCFIC_featured_image_nocaption":"","_FSMCFIC_featured_image_hide":"","footnotes":""},"categories":[806],"tags":[5262,5265,5595],"class_list":["post-98449","post","type-post","status-publish","format-standard","has-post-thumbnail","hentry","category-punts-claus-del-dia-es","tag-calles-barcelona","tag-carrers-barcelona-es","tag-nomenclator"],"yoast_head":"<!-- This site is optimized with the Yoast SEO plugin v26.8 - https:\/\/yoast.com\/product\/yoast-seo-wordpress\/ -->\n<title>Yo acuso: el fraude del cambio de nombre de las calles de las tres Santas de Gr\u00e0cia (y II) - Converses a Catalunya<\/title>\n<meta name=\"description\" content=\"Nomencl\u00e1tor de Gr\u00e0cia. Ver la confecci\u00f3n ortogr\u00e1fica de los nombres y apellidos tal y como han tenido a bien inscribirlos en las calles.\" \/>\n<meta name=\"robots\" content=\"index, follow, max-snippet:-1, max-image-preview:large, max-video-preview:-1\" \/>\n<link rel=\"canonical\" href=\"https:\/\/conversesacatalunya.cat\/es\/cambio-de-nombre-de-las-calles-de-las-tres-santas-de-gracia-y-ii\/\" \/>\n<meta property=\"og:locale\" content=\"es_ES\" \/>\n<meta property=\"og:type\" content=\"article\" \/>\n<meta property=\"og:title\" content=\"Yo acuso: el fraude del cambio de nombre de las calles de las tres Santas de Gr\u00e0cia (y II) - Converses a Catalunya\" \/>\n<meta property=\"og:description\" content=\"Nomencl\u00e1tor de Gr\u00e0cia. Ver la confecci\u00f3n ortogr\u00e1fica de los nombres y apellidos tal y como han tenido a bien inscribirlos en las calles.\" \/>\n<meta property=\"og:url\" content=\"https:\/\/conversesacatalunya.cat\/es\/cambio-de-nombre-de-las-calles-de-las-tres-santas-de-gracia-y-ii\/\" \/>\n<meta property=\"og:site_name\" content=\"Converses a Catalunya\" \/>\n<meta property=\"article:published_time\" content=\"2026-05-03T03:56:02+00:00\" \/>\n<meta property=\"article:modified_time\" content=\"2026-05-03T04:45:16+00:00\" \/>\n<meta property=\"og:image\" content=\"https:\/\/conversesacatalunya.cat\/wp-content\/uploads\/2026\/04\/carrer-Magadalena.png\" \/>\n\t<meta property=\"og:image:width\" content=\"436\" \/>\n\t<meta property=\"og:image:height\" content=\"520\" \/>\n\t<meta property=\"og:image:type\" content=\"image\/png\" \/>\n<meta name=\"author\" content=\"Josep Maria Guill\u00e9n\" \/>\n<meta name=\"twitter:card\" content=\"summary_large_image\" \/>\n<meta name=\"twitter:label1\" content=\"Escrito por\" \/>\n\t<meta name=\"twitter:data1\" content=\"Josep Maria Guill\u00e9n\" \/>\n\t<meta name=\"twitter:label2\" content=\"Tiempo de lectura\" \/>\n\t<meta name=\"twitter:data2\" content=\"9 minutos\" \/>\n<script type=\"application\/ld+json\" class=\"yoast-schema-graph\">{\"@context\":\"https:\/\/schema.org\",\"@graph\":[{\"@type\":\"Article\",\"@id\":\"https:\/\/conversesacatalunya.cat\/es\/cambio-de-nombre-de-las-calles-de-las-tres-santas-de-gracia-y-ii\/#article\",\"isPartOf\":{\"@id\":\"https:\/\/conversesacatalunya.cat\/es\/cambio-de-nombre-de-las-calles-de-las-tres-santas-de-gracia-y-ii\/\"},\"author\":{\"name\":\"Josep Maria Guill\u00e9n\",\"@id\":\"https:\/\/conversesacatalunya.cat\/#\/schema\/person\/dfcd03b366432818a2e699fe2413a1df\"},\"headline\":\"Yo acuso: el fraude del cambio de nombre de las calles de las tres Santas de Gr\u00e0cia (y II)\",\"datePublished\":\"2026-05-03T03:56:02+00:00\",\"dateModified\":\"2026-05-03T04:45:16+00:00\",\"mainEntityOfPage\":{\"@id\":\"https:\/\/conversesacatalunya.cat\/es\/cambio-de-nombre-de-las-calles-de-las-tres-santas-de-gracia-y-ii\/\"},\"wordCount\":1787,\"commentCount\":0,\"image\":{\"@id\":\"https:\/\/conversesacatalunya.cat\/es\/cambio-de-nombre-de-las-calles-de-las-tres-santas-de-gracia-y-ii\/#primaryimage\"},\"thumbnailUrl\":\"https:\/\/conversesacatalunya.cat\/wp-content\/uploads\/2026\/04\/carrer-Magadalena.png\",\"keywords\":[\"calles Barcelona\",\"carrers Barcelona\",\"Nomencl\u00e0tor\"],\"articleSection\":[\"Punts clau del dia (ES)\"],\"inLanguage\":\"es\",\"potentialAction\":[{\"@type\":\"CommentAction\",\"name\":\"Comment\",\"target\":[\"https:\/\/conversesacatalunya.cat\/es\/cambio-de-nombre-de-las-calles-de-las-tres-santas-de-gracia-y-ii\/#respond\"]}]},{\"@type\":\"WebPage\",\"@id\":\"https:\/\/conversesacatalunya.cat\/es\/cambio-de-nombre-de-las-calles-de-las-tres-santas-de-gracia-y-ii\/\",\"url\":\"https:\/\/conversesacatalunya.cat\/es\/cambio-de-nombre-de-las-calles-de-las-tres-santas-de-gracia-y-ii\/\",\"name\":\"Yo acuso: el fraude del cambio de nombre de las calles de las tres Santas de Gr\u00e0cia (y II) - Converses a Catalunya\",\"isPartOf\":{\"@id\":\"https:\/\/conversesacatalunya.cat\/#website\"},\"primaryImageOfPage\":{\"@id\":\"https:\/\/conversesacatalunya.cat\/es\/cambio-de-nombre-de-las-calles-de-las-tres-santas-de-gracia-y-ii\/#primaryimage\"},\"image\":{\"@id\":\"https:\/\/conversesacatalunya.cat\/es\/cambio-de-nombre-de-las-calles-de-las-tres-santas-de-gracia-y-ii\/#primaryimage\"},\"thumbnailUrl\":\"https:\/\/conversesacatalunya.cat\/wp-content\/uploads\/2026\/04\/carrer-Magadalena.png\",\"datePublished\":\"2026-05-03T03:56:02+00:00\",\"dateModified\":\"2026-05-03T04:45:16+00:00\",\"author\":{\"@id\":\"https:\/\/conversesacatalunya.cat\/#\/schema\/person\/dfcd03b366432818a2e699fe2413a1df\"},\"description\":\"Nomencl\u00e1tor de Gr\u00e0cia. Ver la confecci\u00f3n ortogr\u00e1fica de los nombres y apellidos tal y como han tenido a bien inscribirlos en las calles.\",\"breadcrumb\":{\"@id\":\"https:\/\/conversesacatalunya.cat\/es\/cambio-de-nombre-de-las-calles-de-las-tres-santas-de-gracia-y-ii\/#breadcrumb\"},\"inLanguage\":\"es\",\"potentialAction\":[{\"@type\":\"ReadAction\",\"target\":[\"https:\/\/conversesacatalunya.cat\/es\/cambio-de-nombre-de-las-calles-de-las-tres-santas-de-gracia-y-ii\/\"]}]},{\"@type\":\"ImageObject\",\"inLanguage\":\"es\",\"@id\":\"https:\/\/conversesacatalunya.cat\/es\/cambio-de-nombre-de-las-calles-de-las-tres-santas-de-gracia-y-ii\/#primaryimage\",\"url\":\"https:\/\/conversesacatalunya.cat\/wp-content\/uploads\/2026\/04\/carrer-Magadalena.png\",\"contentUrl\":\"https:\/\/conversesacatalunya.cat\/wp-content\/uploads\/2026\/04\/carrer-Magadalena.png\",\"width\":436,\"height\":520,\"caption\":\"Nomencl\u00e1tor de Gr\u00e0cia\"},{\"@type\":\"BreadcrumbList\",\"@id\":\"https:\/\/conversesacatalunya.cat\/es\/cambio-de-nombre-de-las-calles-de-las-tres-santas-de-gracia-y-ii\/#breadcrumb\",\"itemListElement\":[{\"@type\":\"ListItem\",\"position\":1,\"name\":\"Inici\",\"item\":\"https:\/\/conversesacatalunya.cat\/es\/\"},{\"@type\":\"ListItem\",\"position\":2,\"name\":\"Yo acuso: el fraude del cambio de nombre de las calles de las tres Santas de Gr\u00e0cia (y II)\"}]},{\"@type\":\"WebSite\",\"@id\":\"https:\/\/conversesacatalunya.cat\/#website\",\"url\":\"https:\/\/conversesacatalunya.cat\/\",\"name\":\"Converses a Catalunya\",\"description\":\"\",\"potentialAction\":[{\"@type\":\"SearchAction\",\"target\":{\"@type\":\"EntryPoint\",\"urlTemplate\":\"https:\/\/conversesacatalunya.cat\/?s={search_term_string}\"},\"query-input\":{\"@type\":\"PropertyValueSpecification\",\"valueRequired\":true,\"valueName\":\"search_term_string\"}}],\"inLanguage\":\"es\"},{\"@type\":\"Person\",\"@id\":\"https:\/\/conversesacatalunya.cat\/#\/schema\/person\/dfcd03b366432818a2e699fe2413a1df\",\"name\":\"Josep Maria Guill\u00e9n\",\"image\":{\"@type\":\"ImageObject\",\"inLanguage\":\"es\",\"@id\":\"https:\/\/conversesacatalunya.cat\/#\/schema\/person\/image\/\",\"url\":\"https:\/\/conversesacatalunya.cat\/wp-content\/litespeed\/avatar\/17fac24fc815384e274044cff6208ea8.jpg?ver=1777374833\",\"contentUrl\":\"https:\/\/conversesacatalunya.cat\/wp-content\/litespeed\/avatar\/17fac24fc815384e274044cff6208ea8.jpg?ver=1777374833\",\"caption\":\"Josep Maria Guill\u00e9n\"},\"url\":\"https:\/\/conversesacatalunya.cat\/es\/author\/josep-maria-guillen\/\"}]}<\/script>\n<!-- \/ Yoast SEO plugin. -->","yoast_head_json":{"title":"Yo acuso: el fraude del cambio de nombre de las calles de las tres Santas de Gr\u00e0cia (y II) - Converses a Catalunya","description":"Nomencl\u00e1tor de Gr\u00e0cia. Ver la confecci\u00f3n ortogr\u00e1fica de los nombres y apellidos tal y como han tenido a bien inscribirlos en las calles.","robots":{"index":"index","follow":"follow","max-snippet":"max-snippet:-1","max-image-preview":"max-image-preview:large","max-video-preview":"max-video-preview:-1"},"canonical":"https:\/\/conversesacatalunya.cat\/es\/cambio-de-nombre-de-las-calles-de-las-tres-santas-de-gracia-y-ii\/","og_locale":"es_ES","og_type":"article","og_title":"Yo acuso: el fraude del cambio de nombre de las calles de las tres Santas de Gr\u00e0cia (y II) - Converses a Catalunya","og_description":"Nomencl\u00e1tor de Gr\u00e0cia. Ver la confecci\u00f3n ortogr\u00e1fica de los nombres y apellidos tal y como han tenido a bien inscribirlos en las calles.","og_url":"https:\/\/conversesacatalunya.cat\/es\/cambio-de-nombre-de-las-calles-de-las-tres-santas-de-gracia-y-ii\/","og_site_name":"Converses a Catalunya","article_published_time":"2026-05-03T03:56:02+00:00","article_modified_time":"2026-05-03T04:45:16+00:00","og_image":[{"width":436,"height":520,"url":"https:\/\/conversesacatalunya.cat\/wp-content\/uploads\/2026\/04\/carrer-Magadalena.png","type":"image\/png"}],"author":"Josep Maria Guill\u00e9n","twitter_card":"summary_large_image","twitter_misc":{"Escrito por":"Josep Maria Guill\u00e9n","Tiempo de lectura":"9 minutos"},"schema":{"@context":"https:\/\/schema.org","@graph":[{"@type":"Article","@id":"https:\/\/conversesacatalunya.cat\/es\/cambio-de-nombre-de-las-calles-de-las-tres-santas-de-gracia-y-ii\/#article","isPartOf":{"@id":"https:\/\/conversesacatalunya.cat\/es\/cambio-de-nombre-de-las-calles-de-las-tres-santas-de-gracia-y-ii\/"},"author":{"name":"Josep Maria Guill\u00e9n","@id":"https:\/\/conversesacatalunya.cat\/#\/schema\/person\/dfcd03b366432818a2e699fe2413a1df"},"headline":"Yo acuso: el fraude del cambio de nombre de las calles de las tres Santas de Gr\u00e0cia (y II)","datePublished":"2026-05-03T03:56:02+00:00","dateModified":"2026-05-03T04:45:16+00:00","mainEntityOfPage":{"@id":"https:\/\/conversesacatalunya.cat\/es\/cambio-de-nombre-de-las-calles-de-las-tres-santas-de-gracia-y-ii\/"},"wordCount":1787,"commentCount":0,"image":{"@id":"https:\/\/conversesacatalunya.cat\/es\/cambio-de-nombre-de-las-calles-de-las-tres-santas-de-gracia-y-ii\/#primaryimage"},"thumbnailUrl":"https:\/\/conversesacatalunya.cat\/wp-content\/uploads\/2026\/04\/carrer-Magadalena.png","keywords":["calles Barcelona","carrers Barcelona","Nomencl\u00e0tor"],"articleSection":["Punts clau del dia (ES)"],"inLanguage":"es","potentialAction":[{"@type":"CommentAction","name":"Comment","target":["https:\/\/conversesacatalunya.cat\/es\/cambio-de-nombre-de-las-calles-de-las-tres-santas-de-gracia-y-ii\/#respond"]}]},{"@type":"WebPage","@id":"https:\/\/conversesacatalunya.cat\/es\/cambio-de-nombre-de-las-calles-de-las-tres-santas-de-gracia-y-ii\/","url":"https:\/\/conversesacatalunya.cat\/es\/cambio-de-nombre-de-las-calles-de-las-tres-santas-de-gracia-y-ii\/","name":"Yo acuso: el fraude del cambio de nombre de las calles de las tres Santas de Gr\u00e0cia (y II) - Converses a Catalunya","isPartOf":{"@id":"https:\/\/conversesacatalunya.cat\/#website"},"primaryImageOfPage":{"@id":"https:\/\/conversesacatalunya.cat\/es\/cambio-de-nombre-de-las-calles-de-las-tres-santas-de-gracia-y-ii\/#primaryimage"},"image":{"@id":"https:\/\/conversesacatalunya.cat\/es\/cambio-de-nombre-de-las-calles-de-las-tres-santas-de-gracia-y-ii\/#primaryimage"},"thumbnailUrl":"https:\/\/conversesacatalunya.cat\/wp-content\/uploads\/2026\/04\/carrer-Magadalena.png","datePublished":"2026-05-03T03:56:02+00:00","dateModified":"2026-05-03T04:45:16+00:00","author":{"@id":"https:\/\/conversesacatalunya.cat\/#\/schema\/person\/dfcd03b366432818a2e699fe2413a1df"},"description":"Nomencl\u00e1tor de Gr\u00e0cia. Ver la confecci\u00f3n ortogr\u00e1fica de los nombres y apellidos tal y como han tenido a bien inscribirlos en las calles.","breadcrumb":{"@id":"https:\/\/conversesacatalunya.cat\/es\/cambio-de-nombre-de-las-calles-de-las-tres-santas-de-gracia-y-ii\/#breadcrumb"},"inLanguage":"es","potentialAction":[{"@type":"ReadAction","target":["https:\/\/conversesacatalunya.cat\/es\/cambio-de-nombre-de-las-calles-de-las-tres-santas-de-gracia-y-ii\/"]}]},{"@type":"ImageObject","inLanguage":"es","@id":"https:\/\/conversesacatalunya.cat\/es\/cambio-de-nombre-de-las-calles-de-las-tres-santas-de-gracia-y-ii\/#primaryimage","url":"https:\/\/conversesacatalunya.cat\/wp-content\/uploads\/2026\/04\/carrer-Magadalena.png","contentUrl":"https:\/\/conversesacatalunya.cat\/wp-content\/uploads\/2026\/04\/carrer-Magadalena.png","width":436,"height":520,"caption":"Nomencl\u00e1tor de Gr\u00e0cia"},{"@type":"BreadcrumbList","@id":"https:\/\/conversesacatalunya.cat\/es\/cambio-de-nombre-de-las-calles-de-las-tres-santas-de-gracia-y-ii\/#breadcrumb","itemListElement":[{"@type":"ListItem","position":1,"name":"Inici","item":"https:\/\/conversesacatalunya.cat\/es\/"},{"@type":"ListItem","position":2,"name":"Yo acuso: el fraude del cambio de nombre de las calles de las tres Santas de Gr\u00e0cia (y II)"}]},{"@type":"WebSite","@id":"https:\/\/conversesacatalunya.cat\/#website","url":"https:\/\/conversesacatalunya.cat\/","name":"Converses a Catalunya","description":"","potentialAction":[{"@type":"SearchAction","target":{"@type":"EntryPoint","urlTemplate":"https:\/\/conversesacatalunya.cat\/?s={search_term_string}"},"query-input":{"@type":"PropertyValueSpecification","valueRequired":true,"valueName":"search_term_string"}}],"inLanguage":"es"},{"@type":"Person","@id":"https:\/\/conversesacatalunya.cat\/#\/schema\/person\/dfcd03b366432818a2e699fe2413a1df","name":"Josep Maria Guill\u00e9n","image":{"@type":"ImageObject","inLanguage":"es","@id":"https:\/\/conversesacatalunya.cat\/#\/schema\/person\/image\/","url":"https:\/\/conversesacatalunya.cat\/wp-content\/litespeed\/avatar\/17fac24fc815384e274044cff6208ea8.jpg?ver=1777374833","contentUrl":"https:\/\/conversesacatalunya.cat\/wp-content\/litespeed\/avatar\/17fac24fc815384e274044cff6208ea8.jpg?ver=1777374833","caption":"Josep Maria Guill\u00e9n"},"url":"https:\/\/conversesacatalunya.cat\/es\/author\/josep-maria-guillen\/"}]}},"wps_subtitle":"Sobre la calle Santa Magdalena","_links":{"self":[{"href":"https:\/\/conversesacatalunya.cat\/es\/wp-json\/wp\/v2\/posts\/98449","targetHints":{"allow":["GET"]}}],"collection":[{"href":"https:\/\/conversesacatalunya.cat\/es\/wp-json\/wp\/v2\/posts"}],"about":[{"href":"https:\/\/conversesacatalunya.cat\/es\/wp-json\/wp\/v2\/types\/post"}],"author":[{"embeddable":true,"href":"https:\/\/conversesacatalunya.cat\/es\/wp-json\/wp\/v2\/users\/82"}],"replies":[{"embeddable":true,"href":"https:\/\/conversesacatalunya.cat\/es\/wp-json\/wp\/v2\/comments?post=98449"}],"version-history":[{"count":5,"href":"https:\/\/conversesacatalunya.cat\/es\/wp-json\/wp\/v2\/posts\/98449\/revisions"}],"predecessor-version":[{"id":98455,"href":"https:\/\/conversesacatalunya.cat\/es\/wp-json\/wp\/v2\/posts\/98449\/revisions\/98455"}],"wp:featuredmedia":[{"embeddable":true,"href":"https:\/\/conversesacatalunya.cat\/es\/wp-json\/wp\/v2\/media\/98347"}],"wp:attachment":[{"href":"https:\/\/conversesacatalunya.cat\/es\/wp-json\/wp\/v2\/media?parent=98449"}],"wp:term":[{"taxonomy":"category","embeddable":true,"href":"https:\/\/conversesacatalunya.cat\/es\/wp-json\/wp\/v2\/categories?post=98449"},{"taxonomy":"post_tag","embeddable":true,"href":"https:\/\/conversesacatalunya.cat\/es\/wp-json\/wp\/v2\/tags?post=98449"}],"curies":[{"name":"wp","href":"https:\/\/api.w.org\/{rel}","templated":true}]}}