{"id":98443,"date":"2026-05-02T06:35:08","date_gmt":"2026-05-02T04:35:08","guid":{"rendered":"https:\/\/conversesacatalunya.cat\/?p=98443"},"modified":"2026-05-02T06:55:09","modified_gmt":"2026-05-02T04:55:09","slug":"policia-institutos-catalanes-sintoma-crisis-educativa","status":"publish","type":"post","link":"https:\/\/conversesacatalunya.cat\/es\/policia-institutos-catalanes-sintoma-crisis-educativa\/","title":{"rendered":"El derrumbe de la escuela de la Generalitat: del programa Coed\u00facate a la soluci\u00f3n policial (y 4)"},"content":{"rendered":"<div class=\"flex h-svh w-screen flex-col\">\n<div class=\"relative z-0 flex min-h-0 w-full flex-1\">\n<div class=\"relative flex min-h-0 w-full flex-1\">\n<div class=\"@container\/main relative flex min-w-0 flex-1 flex-col -translate-y-[calc(env(safe-area-inset-bottom,0px)\/2)] pt-[calc(env(safe-area-inset-bottom,0px)\/2)]\">\n<div class=\"@w-sm\/main:[scrollbar-gutter:var(--stage-scroll-gutter)] touch:[scrollbar-width:none] group\/scroll-root relative flex min-h-0 min-w-0 flex-1 flex-col [scrollbar-gutter:stable] not-print:overflow-x-clip not-print:overflow-y-auto group-data-stream-active\/scroll-root:[overflow-anchor:none] scroll-pt-(--header-height) [--sticky-padding-top:var(--header-height)] [--sticky-padding-bottom:0px] [--scroll-root-safe-area-inset-top:calc(var(--sticky-padding-top)+env(safe-area-inset-top,0px))] [--scroll-root-safe-area-inset-bottom:calc(var(--sticky-padding-bottom)+var(--screen-keyboard-height,0px)+env(safe-area-inset-bottom,0px))] [--scroll-root-safe-area-height:calc(100lvh-var(--scroll-root-safe-area-inset-top)-var(--scroll-root-safe-area-inset-bottom))] has-data-[fixed-header=less-than-xl]:@w-xl\/main:scroll-pt-0 has-data-[fixed-header=less-than-xl]:@w-xl\/main:[--sticky-padding-top:0px] has-data-[fixed-header=less-than-xxl]:@w-2xl\/main:scroll-pt-0 has-data-[fixed-header=less-than-xxl]:@w-2xl\/main:[--sticky-padding-top:0px]\" data-scroll-root=\"\" data-scroll-from-top=\"\">\n<p><span dir=\"auto\">La decisi\u00f3n de la Generalitat de introducir la presencia policial -de paisano y sin armas- en los institutos no es un hecho aislado. Es el punto final de una secuencia: una respuesta operativa a<span>\u00a0<\/span><\/span><strong><span dir=\"auto\">una crisis que ya no puede gestionarse con instrumentos educativos convencionales.<\/span><\/strong><\/p>\n<div id=\"thread\" class=\"group\/thread flex flex-col min-h-full\">\n<div class=\"composer-parent flex flex-1 flex-col focus-visible:outline-0\" role=\"presentation\">\n<div class=\"relative basis-auto flex-col -mb-(--composer-overlap-px) pb-(--composer-overlap-px) [--composer-overlap-px:28px] grow flex\">\n<div class=\"flex flex-col text-sm\">\n<section class=\"text-token-text-primary w-full focus:outline-none [--shadow-height:45px] has-data-writing-block:pointer-events-none has-data-writing-block:-mt-(--shadow-height) has-data-writing-block:pt-(--shadow-height) [&amp;:has([data-writing-block])&gt;*]:pointer-events-auto [content-visibility:auto] supports-[content-visibility:auto]:[contain-intrinsic-size:auto_100lvh] R6Vx5W_threadScrollVars scroll-mb-[calc(var(--scroll-root-safe-area-inset-bottom,0px)+var(--thread-response-height))] scroll-mt-[calc(var(--header-height)+min(200px,max(70px,20svh)))]\" dir=\"auto\" data-turn-id=\"request-WEB:83cb7ea2-b722-4b8e-86c0-41e8057ad459-0\" data-testid=\"conversation-turn-2\" data-scroll-anchor=\"false\" data-turn=\"assistant\">\n<div class=\"text-base my-auto mx-auto pb-10 [--thread-content-margin:var(--thread-content-margin-xs,calc(var(--spacing)*4))] @w-sm\/main:[--thread-content-margin:var(--thread-content-margin-sm,calc(var(--spacing)*6))] @w-lg\/main:[--thread-content-margin:var(--thread-content-margin-lg,calc(var(--spacing)*16))] px-(--thread-content-margin)\">\n<div class=\"[--thread-content-max-width:40rem] @w-lg\/main:[--thread-content-max-width:48rem] mx-auto max-w-(--thread-content-max-width) flex-1 group\/turn-messages focus-visible:outline-hidden relative flex w-full min-w-0 flex-col agent-turn\">\n<div class=\"flex max-w-full flex-col gap-4 grow\">\n<div class=\"min-h-8 text-message relative flex w-full flex-col items-end gap-2 text-start break-words whitespace-normal outline-none keyboard-focused:focus-ring [.text-message+&amp;]:mt-1\" dir=\"auto\" tabindex=\"0\" data-message-author-role=\"assistant\" data-message-id=\"a895a797-775d-4030-90c6-52ccce26c7cd\" data-message-model-slug=\"gpt-5-3\" data-turn-start-message=\"true\">\n<div class=\"flex w-full flex-col gap-1 empty:hidden\">\n<div class=\"markdown prose dark:prose-invert w-full wrap-break-word light markdown-new-styling\">\n<p data-start=\"381\" data-end=\"414\"><span dir=\"auto\">El sistema ha alcanzado un l\u00edmite.<\/span><\/p>\n<p data-start=\"416\" data-end=\"758\"><span dir=\"auto\"><span class=\"VIpgJd-yAWNEb-VIpgJd-fmcmS-sn54Q\" dir=\"auto\">Durante a\u00f1os, la escuela catalana ha ido perdiendo capacidad de orden interno. No de forma repentina, sino progresiva. Primero, se diluye la autoridad del docente. Luego, se fragmenta el marco normativo. Finalmente, el conflicto se convierte en un elemento estructural. Y una de las claves de todo ello han sido<span>\u00a0<\/span><\/span><\/span><strong><span dir=\"auto\"><span class=\"VIpgJd-yAWNEb-VIpgJd-fmcmS-sn54Q\" dir=\"auto\">los a\u00f1os de funcionamiento del programa Coeduca&#8217;t.<\/span><\/span><\/strong><\/p>\n<p data-start=\"760\" data-end=\"815\"><span dir=\"auto\">Cuando esto sucede, el sistema necesita soporte externo.<\/span><\/p>\n<p data-start=\"817\" data-end=\"1057\"><span dir=\"auto\">La introducci\u00f3n de agentes policiales dentro de los centros educativos -aunque sea en formato discreto- es una forma de reconocer esta incapacidad.<span>\u00a0<\/span><\/span><strong><span dir=\"auto\">La escuela ya no puede garantizar por s\u00ed sola las condiciones m\u00ednimas de convivencia y seguridad.<\/span><\/strong><\/p>\n<p data-start=\"1059\" data-end=\"1092\"><span dir=\"auto\">\u00c9ste es el diagn\u00f3stico impl\u00edcito.<\/span><\/p>\n<\/div>\n<\/div>\n<\/div>\n<\/div>\n<\/div>\n<\/div>\n<\/section>\n<\/div>\n<\/div>\n<\/div>\n<\/div>\n<div id=\"thread\" class=\"group\/thread flex flex-col min-h-full\">\n<div class=\"composer-parent flex flex-1 flex-col focus-visible:outline-0\" role=\"presentation\">\n<div class=\"relative basis-auto flex-col -mb-(--composer-overlap-px) pb-(--composer-overlap-px) [--composer-overlap-px:28px] grow flex\">\n<div class=\"flex flex-col text-sm\">\n<section class=\"text-token-text-primary w-full focus:outline-none [--shadow-height:45px] has-data-writing-block:pointer-events-none has-data-writing-block:-mt-(--shadow-height) has-data-writing-block:pt-(--shadow-height) [&amp;:has([data-writing-block])&gt;*]:pointer-events-auto [content-visibility:auto] supports-[content-visibility:auto]:[contain-intrinsic-size:auto_100lvh] R6Vx5W_threadScrollVars scroll-mb-[calc(var(--scroll-root-safe-area-inset-bottom,0px)+var(--thread-response-height))] scroll-mt-[calc(var(--header-height)+min(200px,max(70px,20svh)))]\" dir=\"auto\" data-turn-id=\"request-WEB:83cb7ea2-b722-4b8e-86c0-41e8057ad459-0\" data-testid=\"conversation-turn-2\" data-scroll-anchor=\"false\" data-turn=\"assistant\">\n<div class=\"text-base my-auto mx-auto pb-10 [--thread-content-margin:var(--thread-content-margin-xs,calc(var(--spacing)*4))] @w-sm\/main:[--thread-content-margin:var(--thread-content-margin-sm,calc(var(--spacing)*6))] @w-lg\/main:[--thread-content-margin:var(--thread-content-margin-lg,calc(var(--spacing)*16))] px-(--thread-content-margin)\">\n<div class=\"[--thread-content-max-width:40rem] @w-lg\/main:[--thread-content-max-width:48rem] mx-auto max-w-(--thread-content-max-width) flex-1 group\/turn-messages focus-visible:outline-hidden relative flex w-full min-w-0 flex-col agent-turn\">\n<div class=\"flex max-w-full flex-col gap-4 grow\">\n<div class=\"min-h-8 text-message relative flex w-full flex-col items-end gap-2 text-start break-words whitespace-normal outline-none keyboard-focused:focus-ring [.text-message+&amp;]:mt-1\" dir=\"auto\" tabindex=\"0\" data-message-author-role=\"assistant\" data-message-id=\"a895a797-775d-4030-90c6-52ccce26c7cd\" data-message-model-slug=\"gpt-5-3\" data-turn-start-message=\"true\">\n<div class=\"flex w-full flex-col gap-1 empty:hidden\">\n<div class=\"markdown prose dark:prose-invert w-full wrap-break-word light markdown-new-styling\">\n<p data-start=\"1094\" data-end=\"1305\"><span dir=\"auto\">La funci\u00f3n de la polic\u00eda no es pedag\u00f3gica. Es coercitiva, preventiva o disuasoria. Cuando entra en el espacio educativo, lo hace porque \u00e9ste ha dejado de ser autosuficiente. Es un indicador institucional de primer orden.<\/span><\/p>\n<h5 data-start=\"1307\" data-end=\"1388\"><strong><span dir=\"auto\"><span class=\"VIpgJd-yAWNEb-VIpgJd-fmcmS-sn54Q\" dir=\"auto\">Lo que se presenta como una \u00abprueba piloto\u00bb es, en realidad, un cambio de naturaleza.<\/span><\/span><\/strong><\/h5>\n<p data-start=\"1390\" data-end=\"1667\"><span dir=\"auto\">Hasta ahora, la gesti\u00f3n de los conflictos dentro de los centros se resolv\u00eda \u2014con mayor o menor eficacia\u2014 mediante estructuras internas: equipos directivos, tutores, protocolos disciplinarios. La entrada de la polic\u00eda altera ese equilibrio e<span>\u00a0<\/span><\/span><strong><span dir=\"auto\">introduce a un actor externo<\/span><\/strong><span dir=\"auto\"><span>\u00a0<\/span>con una l\u00f3gica diferente.<\/span><\/p>\n<h5 data-start=\"1669\" data-end=\"1702\"><strong><span dir=\"auto\">Esto tiene consecuencias inmediatas.<\/span><\/strong><\/h5>\n<p data-start=\"1704\" data-end=\"2226\"><strong><span dir=\"auto\">En primer lugar, redefine la autoridad.<\/span><\/strong><span dir=\"auto\"><span>\u00a0<\/span>El docente deja de ser el \u00faltimo referente en la gesti\u00f3n del conflicto. Su capacidad queda subordinada a instancia superior. El alumno lo percibe y adapta su comportamiento a ese nuevo marco. Es el reconocimiento de una impotencia institucional. Asimismo, puede interpretarse como la consecuencia de un modelo que ha debilitado las referencias de autoridad y de orden reconocido, sustituy\u00e9ndolas por otros criterios centrados en la autodeterminaci\u00f3n, el deseo y el bienestar individual.<\/span><\/p>\n<p data-start=\"2228\" data-end=\"2504\"><strong><span dir=\"auto\">En segundo lugar, transforma la percepci\u00f3n del espacio escolar.<\/span><\/strong><span dir=\"auto\"><span>\u00a0<\/span>El instituto deja de ser s\u00f3lo un sitio de aprendizaje para convertirse tambi\u00e9n en un espacio vigilado. La presencia policial, aunque no visible, introduce una dimensi\u00f3n de control que antes no exist\u00eda en estos t\u00e9rminos.<\/span><\/p>\n<p data-start=\"2506\" data-end=\"2647\"><strong><span dir=\"auto\">En tercer lugar, desplaza el problema.<\/span><\/strong><span dir=\"auto\"><span>\u00a0<\/span>El conflicto no desaparece: se contiene. Y esa contenci\u00f3n depende de un factor externo al sistema educativo.<\/span><\/p>\n<h5 data-start=\"2649\" data-end=\"2695\"><strong><span dir=\"auto\"><span class=\"VIpgJd-yAWNEb-VIpgJd-fmcmS-sn54Q\" dir=\"auto\">La pregunta es por qu\u00e9 se ha llegado hasta ah\u00ed.<\/span><\/span><\/strong><\/h5>\n<p data-start=\"2697\" data-end=\"2963\"><span dir=\"auto\">El<span>\u00a0<\/span><\/span><a href=\"https:\/\/conversesacatalunya.cat\/es\/programa-coeducat-sistema-educativo-catalan\/\" target=\"_blank\" rel=\"noopener\"><span dir=\"auto\">primero<\/span><\/a><span dir=\"auto\"><span>\u00a0<\/span>y el<span>\u00a0<\/span><\/span><a href=\"https:\/\/conversesacatalunya.cat\/es\/identidad-genero-escuela-coeducat\/\" target=\"_blank\" rel=\"noopener\"><span dir=\"auto\">segundo<\/span><\/a><span dir=\"auto\"><span>\u00a0<\/span>art\u00edculo describ\u00edan una<span>\u00a0<\/span><\/span><strong><span dir=\"auto\">transformaci\u00f3n del modelo educativo, vinculada al programa Coeduca&#8217;t, que afecta a la relaci\u00f3n con la familia, la autoridad y el conocimiento.<\/span><\/strong><span dir=\"auto\">\u00a0Los datos del<span>\u00a0<\/span><\/span><a href=\"https:\/\/conversesacatalunya.cat\/es\/datos-pisa-cataluna-pornografia-juvenil\/\" target=\"_blank\" rel=\"noopener\"><span dir=\"auto\">tercer art\u00edculo<\/span><\/a><span dir=\"auto\"><span>\u00a0<\/span>mostraban una ca\u00edda sostenida de los resultados acad\u00e9micos.<\/span><\/p>\n<p data-start=\"2965\" data-end=\"3017\"><strong><span dir=\"auto\">La presencia policial es coherente con ese proceso.<\/span><\/strong><\/p>\n<p data-start=\"3019\" data-end=\"3219\"><span dir=\"auto\">Cuando la autoridad pedag\u00f3gica se debilita y el marco normativo se fragmenta, el sistema necesita un sustituto. Este sustituto es la fuerza institucional externa. No es una anomal\u00eda: es una consecuencia.<\/span><\/p>\n<p data-start=\"3221\" data-end=\"3299\"><strong><span dir=\"auto\">El problema es que esa soluci\u00f3n no resuelve la causa; act\u00faa sobre los efectos.<\/span><\/strong><\/p>\n<p data-start=\"3301\" data-end=\"3531\"><span dir=\"auto\"><span class=\"VIpgJd-yAWNEb-VIpgJd-fmcmS-sn54Q\" dir=\"auto\">La convivencia en un centro educativo no depende s\u00f3lo de la vigilancia. Depende de un sistema de referencias compartidas: normas claras, autoridad reconocida, objetivos comunes. Cuando estos elementos se debilitan, el conflicto aumenta.<\/span><\/span><\/p>\n<p data-start=\"3533\" data-end=\"3667\"><strong><span dir=\"auto\">La polic\u00eda puede intervenir sobre el conflicto, pero no puede reconstruir las condiciones que lo previenen. \u00c9ste es el l\u00edmite de la medida.<\/span><\/strong><\/p>\n<p data-start=\"3669\" data-end=\"3899\"><span dir=\"auto\">Adem\u00e1s, su aplicaci\u00f3n genera una tensi\u00f3n adicional, al introducir en el \u00e1mbito educativo una l\u00f3gica propia de la seguridad p\u00fablica. Y esta l\u00f3gica no es neutra: se basa en la detecci\u00f3n, la prevenci\u00f3n y, en su caso, la intervenci\u00f3n.<\/span><\/p>\n<p data-start=\"3901\" data-end=\"4059\"><span dir=\"auto\">Esto puede tener efectos disuasorios, pero tambi\u00e9n puede alterar la relaci\u00f3n entre alumnos e instituci\u00f3n, especialmente en contextos en los que la confianza ya est\u00e1 debilitada.<\/span><\/p>\n<p data-start=\"4061\" data-end=\"4083\"><strong><span dir=\"auto\">La secuencia est\u00e1 clara.<\/span><\/strong><\/p>\n<p data-start=\"4085\" data-end=\"4406\"><span dir=\"auto\"><span class=\"VIpgJd-yAWNEb-VIpgJd-fmcmS-sn54Q\" dir=\"auto\">Primero, se redefine el sistema educativo con programas como Coeduca&#8217;t, que alteran el papel de la familia, la autoridad y el conocimiento. Despu\u00e9s se produce una ca\u00edda en los resultados acad\u00e9micos y una mayor dificultad de gesti\u00f3n de los centros. Por \u00faltimo, se introducen mecanismos externos de control para mantener el orden.<\/span><\/span><\/p>\n<p data-start=\"4408\" data-end=\"4490\"><strong><span dir=\"auto\">Y esto plantea una cuesti\u00f3n de fondo: \u00bfqu\u00e9 tipo de escuela emerge de ese proceso?<\/span><\/strong><\/p>\n<p data-start=\"4492\" data-end=\"4646\"><span dir=\"auto\">Una escuela que necesita la polic\u00eda para funcionar es una escuela que ha perdido parte esencial de su autonom\u00eda y, con ella, parte de su funci\u00f3n.<\/span><\/p>\n<p data-start=\"4648\" data-end=\"4771\"><span dir=\"auto\">Porque educar no es s\u00f3lo transmitir conocimiento. Es construir un marco de convivencia que haga posible ese conocimiento.<\/span><\/p>\n<p data-start=\"4773\" data-end=\"4955\" data-is-last-node=\"\" data-is-only-node=\"\"><span dir=\"auto\">Cuando este marco se rompe, ning\u00fan dispositivo externo puede sustituirlo completamente.<\/span><\/p>\n<p data-start=\"4773\" data-end=\"4955\" data-is-last-node=\"\" data-is-only-node=\"\"><strong><span dir=\"auto\">Saquemos a la polic\u00eda de la escuela y, junto con ella, saquemos al Coeduca&#8217;t.<\/span><\/strong><\/p>\n<p data-start=\"3901\" data-end=\"4059\"><span class='bctt-click-to-tweet'><span class='bctt-ctt-text'><a href='https:\/\/twitter.com\/intent\/tweet?url=https%3A%2F%2Fconversesacatalunya.cat%2Fes%2Fpolicia-institutos-catalanes-sintoma-crisis-educativa%2F&#038;text=Del%20Coeduca%27t%20al%20control%20externo%3A%20una%20secuencia%20completa.%20%23EscuelaCatalunya&#038;via=conversesacat&#038;related=conversesacat' target='_blank'rel=\"noopener noreferrer\">Del Coeduca&#039;t al control externo: una secuencia completa. #EscuelaCatalunya <\/a><\/span><a href='https:\/\/twitter.com\/intent\/tweet?url=https%3A%2F%2Fconversesacatalunya.cat%2Fes%2Fpolicia-institutos-catalanes-sintoma-crisis-educativa%2F&#038;text=Del%20Coeduca%27t%20al%20control%20externo%3A%20una%20secuencia%20completa.%20%23EscuelaCatalunya&#038;via=conversesacat&#038;related=conversesacat' target='_blank' class='bctt-ctt-btn'rel=\"noopener noreferrer\">Compartir en X<\/a><\/span>\n<\/div>\n<\/div>\n<\/div>\n<\/div>\n<\/div>\n<\/div>\n<\/section>\n<\/div>\n<\/div>\n<\/div>\n<\/div>\n<\/div>\n<\/div>\n<\/div>\n<\/div>\n<\/div>\n","protected":false},"excerpt":{"rendered":"<p>La decisi\u00f3n de la Generalitat de introducir la presencia policial -de paisano y sin armas- en los institutos no es un hecho aislado. Es el punto final de una secuencia: una respuesta operativa a\u00a0una crisis que ya no puede gestionarse con instrumentos educativos convencionales. El sistema ha alcanzado un l\u00edmite. Durante a\u00f1os, la escuela catalana ha ido perdiendo capacidad de orden interno. No de forma repentina, sino progresiva. Primero, se diluye la autoridad del docente. Luego, se fragmenta el marco normativo. Finalmente, el conflicto se convierte en un elemento estructural. Y una de las claves de todo ello han sido\u00a0los a\u00f1os de funcionamiento del programa Coeduca&#8217;t. Cuando esto sucede, el sistema necesita soporte externo. La introducci\u00f3n de agentes policiales dentro de los centros educativos -aunque sea en formato discreto- es una forma de reconocer esta incapacidad.\u00a0La escuela ya no puede garantizar por s\u00ed sola las condiciones m\u00ednimas de convivencia y seguridad. \u00c9ste es el diagn\u00f3stico impl\u00edcito. La funci\u00f3n de la polic\u00eda no es pedag\u00f3gica. Es coercitiva, preventiva o disuasoria. Cuando entra en el espacio educativo, lo hace porque \u00e9ste ha dejado de ser autosuficiente. Es un indicador institucional de primer orden. Lo que se presenta como una \u00abprueba piloto\u00bb es, en realidad, un cambio de naturaleza. Hasta ahora, la gesti\u00f3n de los conflictos dentro de los centros se resolv\u00eda \u2014con mayor o menor eficacia\u2014 mediante estructuras internas: equipos directivos, tutores, protocolos disciplinarios. La entrada de la polic\u00eda altera ese equilibrio e\u00a0introduce a un actor externo\u00a0con una l\u00f3gica diferente. Esto tiene consecuencias inmediatas. En primer lugar, redefine la autoridad.\u00a0El docente deja de ser el \u00faltimo referente en la gesti\u00f3n del conflicto. Su capacidad queda subordinada a instancia superior. El alumno lo percibe y adapta su comportamiento a ese nuevo marco. Es el reconocimiento de una impotencia institucional. Asimismo, puede interpretarse como la consecuencia de un modelo que ha debilitado las referencias de autoridad y de orden reconocido, sustituy\u00e9ndolas por otros criterios centrados en la autodeterminaci\u00f3n, el deseo y el bienestar individual. En segundo lugar, transforma la percepci\u00f3n del espacio escolar.\u00a0El instituto deja de ser s\u00f3lo un sitio de aprendizaje para convertirse tambi\u00e9n en un espacio vigilado. La presencia policial, aunque no visible, introduce una dimensi\u00f3n de control que antes no exist\u00eda en estos t\u00e9rminos. En tercer lugar, desplaza el problema.\u00a0El conflicto no desaparece: se contiene. Y esa contenci\u00f3n depende de un factor externo al sistema educativo. La pregunta es por qu\u00e9 se ha llegado hasta ah\u00ed. El\u00a0primero\u00a0y el\u00a0segundo\u00a0art\u00edculo describ\u00edan una\u00a0transformaci\u00f3n del modelo educativo, vinculada al programa Coeduca&#8217;t, que afecta a la relaci\u00f3n con la familia, la autoridad y el conocimiento.\u00a0Los datos del\u00a0tercer art\u00edculo\u00a0mostraban una ca\u00edda sostenida de los resultados acad\u00e9micos. La presencia policial es coherente con ese proceso. Cuando la autoridad pedag\u00f3gica se debilita y el marco normativo se fragmenta, el sistema necesita un sustituto. Este sustituto es la fuerza institucional externa. No es una anomal\u00eda: es una consecuencia. El problema es que esa soluci\u00f3n no resuelve la causa; act\u00faa sobre los efectos. La convivencia en un centro educativo no depende s\u00f3lo de la vigilancia. Depende de un sistema de referencias compartidas: normas claras, autoridad reconocida, objetivos comunes. Cuando estos elementos se debilitan, el conflicto aumenta. La polic\u00eda puede intervenir sobre el conflicto, pero no puede reconstruir las condiciones que lo previenen. \u00c9ste es el l\u00edmite de la medida. Adem\u00e1s, su aplicaci\u00f3n genera una tensi\u00f3n adicional, al introducir en el \u00e1mbito educativo una l\u00f3gica propia de la seguridad p\u00fablica. Y esta l\u00f3gica no es neutra: se basa en la detecci\u00f3n, la prevenci\u00f3n y, en su caso, la intervenci\u00f3n. Esto puede tener efectos disuasorios, pero tambi\u00e9n puede alterar la relaci\u00f3n entre alumnos e instituci\u00f3n, especialmente en contextos en los que la confianza ya est\u00e1 debilitada. La secuencia est\u00e1 clara. Primero, se redefine el sistema educativo con programas como Coeduca&#8217;t, que alteran el papel de la familia, la autoridad y el conocimiento. Despu\u00e9s se produce una ca\u00edda en los resultados acad\u00e9micos y una mayor dificultad de gesti\u00f3n de los centros. Por \u00faltimo, se introducen mecanismos externos de control para mantener el orden. Y esto plantea una cuesti\u00f3n de fondo: \u00bfqu\u00e9 tipo de escuela emerge de ese proceso? Una escuela que necesita la polic\u00eda para funcionar es una escuela que ha perdido parte esencial de su autonom\u00eda y, con ella, parte de su funci\u00f3n. Porque educar no es s\u00f3lo transmitir conocimiento. Es construir un marco de convivencia que haga posible ese conocimiento. Cuando este marco se rompe, ning\u00fan dispositivo externo puede sustituirlo completamente. Saquemos a la polic\u00eda de la escuela y, junto con ella, saquemos al Coeduca&#8217;t.<\/p>\n","protected":false},"author":78,"featured_media":98441,"comment_status":"open","ping_status":"open","sticky":false,"template":"","format":"standard","meta":{"_FSMCFIC_featured_image_caption":"","_FSMCFIC_featured_image_nocaption":"","_FSMCFIC_featured_image_hide":"","footnotes":""},"categories":[806],"tags":[5560],"class_list":["post-98443","post","type-post","status-publish","format-standard","has-post-thumbnail","hentry","category-punts-claus-del-dia-es","tag-coeducat-2"],"yoast_head":"<!-- This site is optimized with the Yoast SEO plugin v26.8 - https:\/\/yoast.com\/product\/yoast-seo-wordpress\/ -->\n<title>El derrumbe de la escuela de la Generalitat: del programa Coed\u00facate a la soluci\u00f3n policial (y 4) - Converses a Catalunya<\/title>\n<meta name=\"description\" content=\"Presencia de polic\u00eda en los institutos catalanes como consecuencia del deterioro del sistema educativo: an\u00e1lisis estructural.\" \/>\n<meta name=\"robots\" content=\"index, follow, max-snippet:-1, max-image-preview:large, max-video-preview:-1\" \/>\n<link rel=\"canonical\" href=\"https:\/\/conversesacatalunya.cat\/es\/policia-institutos-catalanes-sintoma-crisis-educativa\/\" \/>\n<meta property=\"og:locale\" content=\"es_ES\" \/>\n<meta property=\"og:type\" content=\"article\" \/>\n<meta property=\"og:title\" content=\"El derrumbe de la escuela de la Generalitat: del programa Coed\u00facate a la soluci\u00f3n policial (y 4) - Converses a Catalunya\" \/>\n<meta property=\"og:description\" content=\"Presencia de polic\u00eda en los institutos catalanes como consecuencia del deterioro del sistema educativo: an\u00e1lisis estructural.\" \/>\n<meta property=\"og:url\" content=\"https:\/\/conversesacatalunya.cat\/es\/policia-institutos-catalanes-sintoma-crisis-educativa\/\" \/>\n<meta property=\"og:site_name\" content=\"Converses a Catalunya\" \/>\n<meta property=\"article:published_time\" content=\"2026-05-02T04:35:08+00:00\" \/>\n<meta property=\"article:modified_time\" content=\"2026-05-02T04:55:09+00:00\" \/>\n<meta property=\"og:image\" content=\"https:\/\/conversesacatalunya.cat\/wp-content\/uploads\/2026\/05\/policia.jpg\" \/>\n\t<meta property=\"og:image:width\" content=\"1536\" \/>\n\t<meta property=\"og:image:height\" content=\"1024\" \/>\n\t<meta property=\"og:image:type\" content=\"image\/jpeg\" \/>\n<meta name=\"author\" content=\"Joan Masip\" \/>\n<meta name=\"twitter:card\" content=\"summary_large_image\" \/>\n<meta name=\"twitter:label1\" content=\"Escrito por\" \/>\n\t<meta name=\"twitter:data1\" content=\"Joan Masip\" \/>\n\t<meta name=\"twitter:label2\" content=\"Tiempo de lectura\" \/>\n\t<meta name=\"twitter:data2\" content=\"4 minutos\" \/>\n<script type=\"application\/ld+json\" class=\"yoast-schema-graph\">{\"@context\":\"https:\/\/schema.org\",\"@graph\":[{\"@type\":\"Article\",\"@id\":\"https:\/\/conversesacatalunya.cat\/es\/policia-institutos-catalanes-sintoma-crisis-educativa\/#article\",\"isPartOf\":{\"@id\":\"https:\/\/conversesacatalunya.cat\/es\/policia-institutos-catalanes-sintoma-crisis-educativa\/\"},\"author\":{\"name\":\"Joan Masip\",\"@id\":\"https:\/\/conversesacatalunya.cat\/#\/schema\/person\/311d0bf53def217d5124c78a7bc42275\"},\"headline\":\"El derrumbe de la escuela de la Generalitat: del programa Coed\u00facate a la soluci\u00f3n policial (y 4)\",\"datePublished\":\"2026-05-02T04:35:08+00:00\",\"dateModified\":\"2026-05-02T04:55:09+00:00\",\"mainEntityOfPage\":{\"@id\":\"https:\/\/conversesacatalunya.cat\/es\/policia-institutos-catalanes-sintoma-crisis-educativa\/\"},\"wordCount\":867,\"commentCount\":0,\"image\":{\"@id\":\"https:\/\/conversesacatalunya.cat\/es\/policia-institutos-catalanes-sintoma-crisis-educativa\/#primaryimage\"},\"thumbnailUrl\":\"https:\/\/conversesacatalunya.cat\/wp-content\/uploads\/2026\/05\/policia.jpg\",\"keywords\":[\"coeduca't\"],\"articleSection\":[\"Punts clau del dia (ES)\"],\"inLanguage\":\"es\",\"potentialAction\":[{\"@type\":\"CommentAction\",\"name\":\"Comment\",\"target\":[\"https:\/\/conversesacatalunya.cat\/es\/policia-institutos-catalanes-sintoma-crisis-educativa\/#respond\"]}]},{\"@type\":\"WebPage\",\"@id\":\"https:\/\/conversesacatalunya.cat\/es\/policia-institutos-catalanes-sintoma-crisis-educativa\/\",\"url\":\"https:\/\/conversesacatalunya.cat\/es\/policia-institutos-catalanes-sintoma-crisis-educativa\/\",\"name\":\"El derrumbe de la escuela de la Generalitat: del programa Coed\u00facate a la soluci\u00f3n policial (y 4) - Converses a Catalunya\",\"isPartOf\":{\"@id\":\"https:\/\/conversesacatalunya.cat\/#website\"},\"primaryImageOfPage\":{\"@id\":\"https:\/\/conversesacatalunya.cat\/es\/policia-institutos-catalanes-sintoma-crisis-educativa\/#primaryimage\"},\"image\":{\"@id\":\"https:\/\/conversesacatalunya.cat\/es\/policia-institutos-catalanes-sintoma-crisis-educativa\/#primaryimage\"},\"thumbnailUrl\":\"https:\/\/conversesacatalunya.cat\/wp-content\/uploads\/2026\/05\/policia.jpg\",\"datePublished\":\"2026-05-02T04:35:08+00:00\",\"dateModified\":\"2026-05-02T04:55:09+00:00\",\"author\":{\"@id\":\"https:\/\/conversesacatalunya.cat\/#\/schema\/person\/311d0bf53def217d5124c78a7bc42275\"},\"description\":\"Presencia de polic\u00eda en los institutos catalanes como consecuencia del deterioro del sistema educativo: an\u00e1lisis estructural.\",\"breadcrumb\":{\"@id\":\"https:\/\/conversesacatalunya.cat\/es\/policia-institutos-catalanes-sintoma-crisis-educativa\/#breadcrumb\"},\"inLanguage\":\"es\",\"potentialAction\":[{\"@type\":\"ReadAction\",\"target\":[\"https:\/\/conversesacatalunya.cat\/es\/policia-institutos-catalanes-sintoma-crisis-educativa\/\"]}]},{\"@type\":\"ImageObject\",\"inLanguage\":\"es\",\"@id\":\"https:\/\/conversesacatalunya.cat\/es\/policia-institutos-catalanes-sintoma-crisis-educativa\/#primaryimage\",\"url\":\"https:\/\/conversesacatalunya.cat\/wp-content\/uploads\/2026\/05\/policia.jpg\",\"contentUrl\":\"https:\/\/conversesacatalunya.cat\/wp-content\/uploads\/2026\/05\/policia.jpg\",\"width\":1536,\"height\":1024,\"caption\":\"polic\u00eda institutos catalanes\"},{\"@type\":\"BreadcrumbList\",\"@id\":\"https:\/\/conversesacatalunya.cat\/es\/policia-institutos-catalanes-sintoma-crisis-educativa\/#breadcrumb\",\"itemListElement\":[{\"@type\":\"ListItem\",\"position\":1,\"name\":\"Inici\",\"item\":\"https:\/\/conversesacatalunya.cat\/es\/\"},{\"@type\":\"ListItem\",\"position\":2,\"name\":\"El derrumbe de la escuela de la Generalitat: del programa Coed\u00facate a la soluci\u00f3n policial (y 4)\"}]},{\"@type\":\"WebSite\",\"@id\":\"https:\/\/conversesacatalunya.cat\/#website\",\"url\":\"https:\/\/conversesacatalunya.cat\/\",\"name\":\"Converses a Catalunya\",\"description\":\"\",\"potentialAction\":[{\"@type\":\"SearchAction\",\"target\":{\"@type\":\"EntryPoint\",\"urlTemplate\":\"https:\/\/conversesacatalunya.cat\/?s={search_term_string}\"},\"query-input\":{\"@type\":\"PropertyValueSpecification\",\"valueRequired\":true,\"valueName\":\"search_term_string\"}}],\"inLanguage\":\"es\"},{\"@type\":\"Person\",\"@id\":\"https:\/\/conversesacatalunya.cat\/#\/schema\/person\/311d0bf53def217d5124c78a7bc42275\",\"name\":\"Joan Masip\",\"image\":{\"@type\":\"ImageObject\",\"inLanguage\":\"es\",\"@id\":\"https:\/\/conversesacatalunya.cat\/#\/schema\/person\/image\/\",\"url\":\"https:\/\/conversesacatalunya.cat\/wp-content\/litespeed\/avatar\/fa67b994763cff7d443f54b63ec96481.jpg?ver=1777372547\",\"contentUrl\":\"https:\/\/conversesacatalunya.cat\/wp-content\/litespeed\/avatar\/fa67b994763cff7d443f54b63ec96481.jpg?ver=1777372547\",\"caption\":\"Joan Masip\"},\"url\":\"https:\/\/conversesacatalunya.cat\/es\/author\/joan-masip\/\"}]}<\/script>\n<!-- \/ Yoast SEO plugin. -->","yoast_head_json":{"title":"El derrumbe de la escuela de la Generalitat: del programa Coed\u00facate a la soluci\u00f3n policial (y 4) - Converses a Catalunya","description":"Presencia de polic\u00eda en los institutos catalanes como consecuencia del deterioro del sistema educativo: an\u00e1lisis estructural.","robots":{"index":"index","follow":"follow","max-snippet":"max-snippet:-1","max-image-preview":"max-image-preview:large","max-video-preview":"max-video-preview:-1"},"canonical":"https:\/\/conversesacatalunya.cat\/es\/policia-institutos-catalanes-sintoma-crisis-educativa\/","og_locale":"es_ES","og_type":"article","og_title":"El derrumbe de la escuela de la Generalitat: del programa Coed\u00facate a la soluci\u00f3n policial (y 4) - Converses a Catalunya","og_description":"Presencia de polic\u00eda en los institutos catalanes como consecuencia del deterioro del sistema educativo: an\u00e1lisis estructural.","og_url":"https:\/\/conversesacatalunya.cat\/es\/policia-institutos-catalanes-sintoma-crisis-educativa\/","og_site_name":"Converses a Catalunya","article_published_time":"2026-05-02T04:35:08+00:00","article_modified_time":"2026-05-02T04:55:09+00:00","og_image":[{"width":1536,"height":1024,"url":"https:\/\/conversesacatalunya.cat\/wp-content\/uploads\/2026\/05\/policia.jpg","type":"image\/jpeg"}],"author":"Joan Masip","twitter_card":"summary_large_image","twitter_misc":{"Escrito por":"Joan Masip","Tiempo de lectura":"4 minutos"},"schema":{"@context":"https:\/\/schema.org","@graph":[{"@type":"Article","@id":"https:\/\/conversesacatalunya.cat\/es\/policia-institutos-catalanes-sintoma-crisis-educativa\/#article","isPartOf":{"@id":"https:\/\/conversesacatalunya.cat\/es\/policia-institutos-catalanes-sintoma-crisis-educativa\/"},"author":{"name":"Joan Masip","@id":"https:\/\/conversesacatalunya.cat\/#\/schema\/person\/311d0bf53def217d5124c78a7bc42275"},"headline":"El derrumbe de la escuela de la Generalitat: del programa Coed\u00facate a la soluci\u00f3n policial (y 4)","datePublished":"2026-05-02T04:35:08+00:00","dateModified":"2026-05-02T04:55:09+00:00","mainEntityOfPage":{"@id":"https:\/\/conversesacatalunya.cat\/es\/policia-institutos-catalanes-sintoma-crisis-educativa\/"},"wordCount":867,"commentCount":0,"image":{"@id":"https:\/\/conversesacatalunya.cat\/es\/policia-institutos-catalanes-sintoma-crisis-educativa\/#primaryimage"},"thumbnailUrl":"https:\/\/conversesacatalunya.cat\/wp-content\/uploads\/2026\/05\/policia.jpg","keywords":["coeduca't"],"articleSection":["Punts clau del dia (ES)"],"inLanguage":"es","potentialAction":[{"@type":"CommentAction","name":"Comment","target":["https:\/\/conversesacatalunya.cat\/es\/policia-institutos-catalanes-sintoma-crisis-educativa\/#respond"]}]},{"@type":"WebPage","@id":"https:\/\/conversesacatalunya.cat\/es\/policia-institutos-catalanes-sintoma-crisis-educativa\/","url":"https:\/\/conversesacatalunya.cat\/es\/policia-institutos-catalanes-sintoma-crisis-educativa\/","name":"El derrumbe de la escuela de la Generalitat: del programa Coed\u00facate a la soluci\u00f3n policial (y 4) - Converses a Catalunya","isPartOf":{"@id":"https:\/\/conversesacatalunya.cat\/#website"},"primaryImageOfPage":{"@id":"https:\/\/conversesacatalunya.cat\/es\/policia-institutos-catalanes-sintoma-crisis-educativa\/#primaryimage"},"image":{"@id":"https:\/\/conversesacatalunya.cat\/es\/policia-institutos-catalanes-sintoma-crisis-educativa\/#primaryimage"},"thumbnailUrl":"https:\/\/conversesacatalunya.cat\/wp-content\/uploads\/2026\/05\/policia.jpg","datePublished":"2026-05-02T04:35:08+00:00","dateModified":"2026-05-02T04:55:09+00:00","author":{"@id":"https:\/\/conversesacatalunya.cat\/#\/schema\/person\/311d0bf53def217d5124c78a7bc42275"},"description":"Presencia de polic\u00eda en los institutos catalanes como consecuencia del deterioro del sistema educativo: an\u00e1lisis estructural.","breadcrumb":{"@id":"https:\/\/conversesacatalunya.cat\/es\/policia-institutos-catalanes-sintoma-crisis-educativa\/#breadcrumb"},"inLanguage":"es","potentialAction":[{"@type":"ReadAction","target":["https:\/\/conversesacatalunya.cat\/es\/policia-institutos-catalanes-sintoma-crisis-educativa\/"]}]},{"@type":"ImageObject","inLanguage":"es","@id":"https:\/\/conversesacatalunya.cat\/es\/policia-institutos-catalanes-sintoma-crisis-educativa\/#primaryimage","url":"https:\/\/conversesacatalunya.cat\/wp-content\/uploads\/2026\/05\/policia.jpg","contentUrl":"https:\/\/conversesacatalunya.cat\/wp-content\/uploads\/2026\/05\/policia.jpg","width":1536,"height":1024,"caption":"polic\u00eda institutos catalanes"},{"@type":"BreadcrumbList","@id":"https:\/\/conversesacatalunya.cat\/es\/policia-institutos-catalanes-sintoma-crisis-educativa\/#breadcrumb","itemListElement":[{"@type":"ListItem","position":1,"name":"Inici","item":"https:\/\/conversesacatalunya.cat\/es\/"},{"@type":"ListItem","position":2,"name":"El derrumbe de la escuela de la Generalitat: del programa Coed\u00facate a la soluci\u00f3n policial (y 4)"}]},{"@type":"WebSite","@id":"https:\/\/conversesacatalunya.cat\/#website","url":"https:\/\/conversesacatalunya.cat\/","name":"Converses a Catalunya","description":"","potentialAction":[{"@type":"SearchAction","target":{"@type":"EntryPoint","urlTemplate":"https:\/\/conversesacatalunya.cat\/?s={search_term_string}"},"query-input":{"@type":"PropertyValueSpecification","valueRequired":true,"valueName":"search_term_string"}}],"inLanguage":"es"},{"@type":"Person","@id":"https:\/\/conversesacatalunya.cat\/#\/schema\/person\/311d0bf53def217d5124c78a7bc42275","name":"Joan Masip","image":{"@type":"ImageObject","inLanguage":"es","@id":"https:\/\/conversesacatalunya.cat\/#\/schema\/person\/image\/","url":"https:\/\/conversesacatalunya.cat\/wp-content\/litespeed\/avatar\/fa67b994763cff7d443f54b63ec96481.jpg?ver=1777372547","contentUrl":"https:\/\/conversesacatalunya.cat\/wp-content\/litespeed\/avatar\/fa67b994763cff7d443f54b63ec96481.jpg?ver=1777372547","caption":"Joan Masip"},"url":"https:\/\/conversesacatalunya.cat\/es\/author\/joan-masip\/"}]}},"wps_subtitle":"Polic\u00eda en los institutos de Catalu\u00f1a: s\u00edntoma final de la crisis educativa","_links":{"self":[{"href":"https:\/\/conversesacatalunya.cat\/es\/wp-json\/wp\/v2\/posts\/98443","targetHints":{"allow":["GET"]}}],"collection":[{"href":"https:\/\/conversesacatalunya.cat\/es\/wp-json\/wp\/v2\/posts"}],"about":[{"href":"https:\/\/conversesacatalunya.cat\/es\/wp-json\/wp\/v2\/types\/post"}],"author":[{"embeddable":true,"href":"https:\/\/conversesacatalunya.cat\/es\/wp-json\/wp\/v2\/users\/78"}],"replies":[{"embeddable":true,"href":"https:\/\/conversesacatalunya.cat\/es\/wp-json\/wp\/v2\/comments?post=98443"}],"version-history":[{"count":2,"href":"https:\/\/conversesacatalunya.cat\/es\/wp-json\/wp\/v2\/posts\/98443\/revisions"}],"predecessor-version":[{"id":98446,"href":"https:\/\/conversesacatalunya.cat\/es\/wp-json\/wp\/v2\/posts\/98443\/revisions\/98446"}],"wp:featuredmedia":[{"embeddable":true,"href":"https:\/\/conversesacatalunya.cat\/es\/wp-json\/wp\/v2\/media\/98441"}],"wp:attachment":[{"href":"https:\/\/conversesacatalunya.cat\/es\/wp-json\/wp\/v2\/media?parent=98443"}],"wp:term":[{"taxonomy":"category","embeddable":true,"href":"https:\/\/conversesacatalunya.cat\/es\/wp-json\/wp\/v2\/categories?post=98443"},{"taxonomy":"post_tag","embeddable":true,"href":"https:\/\/conversesacatalunya.cat\/es\/wp-json\/wp\/v2\/tags?post=98443"}],"curies":[{"name":"wp","href":"https:\/\/api.w.org\/{rel}","templated":true}]}}