{"id":98427,"date":"2026-04-30T11:57:21","date_gmt":"2026-04-30T09:57:21","guid":{"rendered":"https:\/\/conversesacatalunya.cat\/?p=98427"},"modified":"2026-04-30T12:23:40","modified_gmt":"2026-04-30T10:23:40","slug":"crisis-legitimidad-sanchez-elecciones-espana","status":"publish","type":"post","link":"https:\/\/conversesacatalunya.cat\/es\/crisis-legitimidad-sanchez-elecciones-espana\/","title":{"rendered":"Cr\u00f3nica de una legitimidad agotada: por qu\u00e9 S\u00e1nchez debe convocar elecciones"},"content":{"rendered":"<p data-start=\"211\" data-end=\"725\"><span dir=\"auto\">Hay momentos en que la pol\u00edtica deja de ser una disputa de interpretaciones para convertirse en una<span>\u00a0<\/span><\/span><strong><span dir=\"auto\">acumulaci\u00f3n de hechos<\/span><\/strong><span dir=\"auto\">. Y cuando esto sucede,<span>\u00a0<\/span><\/span><strong><span dir=\"auto\">la legitimidad<\/span><\/strong><span dir=\"auto\"><span>\u00a0<\/span>\u2014esta noci\u00f3n a menudo abstracta\u2014 resulta medible. El caso del presidente<span>\u00a0<\/span><\/span><strong><span dir=\"auto\">Pedro S\u00e1nchez<\/span><\/strong><span dir=\"auto\"><span>\u00a0<\/span>ha entrado en esta fase.<\/span><\/p>\n<p data-start=\"211\" data-end=\"725\"><strong><span dir=\"auto\">Las declaraciones de Aldama<\/span><\/strong><span dir=\"auto\"><span>\u00a0<\/span>ante el Tribunal Supremo no son una an\u00e9cdota ni una simple incidencia judicial: configuran en su conjunto un punto de inflexi\u00f3n. No son la gota que colma el vaso, sino el temporal que la arrasa cuando ya estaba lleno.<\/span><\/p>\n<h5 data-start=\"727\" data-end=\"1271\"><strong><span dir=\"auto\">En una democracia existen dos fuentes de legitimidad.<\/span><\/strong><\/h5>\n<p data-start=\"727\" data-end=\"1271\"><strong><span dir=\"auto\">La primera es la de origen: c\u00f3mo se llega al poder.<\/span><\/strong><span dir=\"auto\"><span>\u00a0<\/span>S\u00e1nchez la posee formalmente, pero no directamente. No gan\u00f3 las elecciones; accedi\u00f3 al gobierno mediante alianzas parlamentarias. Esta es una v\u00eda leg\u00edtima, pero con una condici\u00f3n esencial:<span>\u00a0<\/span><\/span><strong><span dir=\"auto\">mantener la mayor\u00eda<\/span><\/strong><span dir=\"auto\">. Y esa mayor\u00eda hace tiempo que ha desaparecido. El gobierno solo puede aprobar aquellas medidas que convienen a sus socios heterog\u00e9neos, no desplegar un programa coherente. Esto erosiona la legitimidad misma de gobernar.<\/span><\/p>\n<p data-start=\"1273\" data-end=\"1537\"><strong><span dir=\"auto\"><span class=\"VIpgJd-yAWNEb-VIpgJd-fmcmS-sn54Q\" dir=\"auto\">La segunda es la legitimidad de ejercicio.<\/span><\/span><\/strong><span dir=\"auto\"><span class=\"VIpgJd-yAWNEb-VIpgJd-fmcmS-sn54Q\" dir=\"auto\"><span>\u00a0<\/span>No depende de c\u00f3mo se llega, sino de c\u00f3mo se utiliza el poder: eficacia, respeto institucional, capacidad de respuesta y mantenimiento del soporte social. Tambi\u00e9n aqu\u00ed la situaci\u00f3n ha superado todo lo admisible. Y los hechos lo acreditan.<\/span><\/span><\/p>\n<p data-start=\"1539\" data-end=\"2294\"><span dir=\"auto\">El primer bloque es el m\u00e1s grave. Las declaraciones de Aldama ante el Supremo apuntan a<span>\u00a0<\/span><\/span><strong><span dir=\"auto\">tres afirmaciones concretas<\/span><\/strong><span dir=\"auto\">: el PSOE se financiaba ilegalmente; el presidente lo sab\u00eda; y exist\u00eda una estructura con S\u00e1nchez, \u00c1balos, Koldo y el propio Aldama al frente.<\/span><\/p>\n<p data-start=\"1539\" data-end=\"2294\"><strong><span dir=\"auto\">No son pruebas definitivas, pero s\u00ed indicios consistentes. Lo son por tres razones:<\/span><\/strong><span dir=\"auto\"><span>\u00a0<\/span>Aldama se autoinculpa; muchas de sus denuncias previas han sido confirmadas con documentaci\u00f3n en otros procedimientos; y resulta dif\u00edcil sostener que figuras como<span>\u00a0<\/span><\/span><strong><span dir=\"auto\">\u00c1balos, Koldo o Cerd\u00e1n<\/span><\/strong><span dir=\"auto\"><span>\u00a0<\/span>\u2014los dos primeros y el tercero, entre los m\u00e1s poderosos del partido\u2014 acumularan m\u00faltiples irregularidades sin que el presidente tuviera conocimiento. El sentido com\u00fan apunta a una responsabilidad, aunque fuese por<span>\u00a0<\/span><\/span><strong><span dir=\"auto\">omisi\u00f3n operativa.<\/span><\/strong><\/p>\n<p data-start=\"2296\" data-end=\"2917\"><span dir=\"auto\"><span class=\"VIpgJd-yAWNEb-VIpgJd-fmcmS-sn54Q\" dir=\"auto\">Los detalles aportados no son menores. Seg\u00fan estas declaraciones, una v\u00eda de financiaci\u00f3n habr\u00eda sido la de<span>\u00a0<\/span><\/span><\/span><strong><span dir=\"auto\"><span class=\"VIpgJd-yAWNEb-VIpgJd-fmcmS-sn54Q\" dir=\"auto\">las empresas adjudicatarias de contratos \u2014principalmente constructoras\u2014 que entregaban dinero a Aldama.<\/span><\/span><\/strong><span dir=\"auto\"><span class=\"VIpgJd-yAWNEb-VIpgJd-fmcmS-sn54Q\" dir=\"auto\"><span>\u00a0<\/span>Este los distribu\u00eda dentro del partido, fragmentando los importes para simular donaciones legales. La cantidad estimada oscila entre 3,5 y 4 millones de euros. Esta cifra no es arbitraria: responde a una l\u00f3gica econ\u00f3mica coherente con el volumen de contrataci\u00f3n p\u00fablica y con que los beneficios personales de algunos implicados eran inferiores a los flujos detectados,<span>\u00a0<\/span><\/span><\/span><strong><span dir=\"auto\"><span class=\"VIpgJd-yAWNEb-VIpgJd-fmcmS-sn54Q\" dir=\"auto\">lo que sugiere un destino colectivo: el partido.<\/span><\/span><\/strong><\/p>\n<p data-start=\"2919\" data-end=\"3672\"><strong><span dir=\"auto\">La segunda v\u00eda apuntada es muy delicada: el petr\u00f3leo venezolano. <\/span><\/strong><span dir=\"auto\">Inicialmente con el liderazgo opositor de Juan Guaid\u00f3, posteriormente con el r\u00e9gimen de Nicol\u00e1s Maduro, mediante cupos petrol\u00edferos. No se conoce el importe total de esta v\u00eda, pero se destaca que no se destinaba exclusivamente al PSOE, sino<span>\u00a0<\/span><\/span><strong><span dir=\"auto\">tambi\u00e9n a alcanzar la presidencia de S\u00e1nchez en la Internacional Socialista y a financiarla<\/span><\/strong><span dir=\"auto\">.<\/span><\/p>\n<p data-start=\"2919\" data-end=\"3672\"><span dir=\"auto\"><span class=\"VIpgJd-yAWNEb-VIpgJd-fmcmS-sn54Q\" dir=\"auto\">Este relato encuentra refuerzo en antecedentes externos: la<span>\u00a0<\/span><\/span><\/span><strong><span dir=\"auto\"><span class=\"VIpgJd-yAWNEb-VIpgJd-fmcmS-sn54Q\" dir=\"auto\">denuncia del PRI mexicano,<\/span><\/span><\/strong><span dir=\"auto\"><span class=\"VIpgJd-yAWNEb-VIpgJd-fmcmS-sn54Q\" dir=\"auto\">\u00a0que acus\u00f3 al r\u00e9gimen venezolano de financiar esta organizaci\u00f3n para influir pol\u00edticamente en ella, sustituy\u00e9ndolo por MORENA. Tambi\u00e9n encaja con episodios nunca despejados, como la visita de<span>\u00a0<\/span><\/span><\/span><a href=\"https:\/\/conversesacatalunya.cat\/es\/delcygate-y-mas-alla-la-red-internacional-de-favores-del-sanchismo\/\" target=\"_blank\" rel=\"noopener\"><strong><span dir=\"auto\"><span class=\"VIpgJd-yAWNEb-VIpgJd-fmcmS-sn54Q\" dir=\"auto\">Delcy Rodr\u00edguez<\/span><\/span><\/strong><\/a><span dir=\"auto\"><span class=\"VIpgJd-yAWNEb-VIpgJd-fmcmS-sn54Q\" dir=\"auto\"><span>\u00a0<\/span>a Espa\u00f1a, pese a las restricciones europeas, y las explicaciones contradictorias del gobierno.<\/span><\/span><\/p>\n<p data-start=\"3674\" data-end=\"4203\"><span dir=\"auto\">Otros indicios completan el cuadro.<span>\u00a0<\/span><\/span><strong><span dir=\"auto\">Las actuaciones atribuidas a la se\u00f1ora Leyre para desacreditar a la UCO<\/span><\/strong><span dir=\"auto\"><span>\u00a0<\/span>mediante grabaciones sugieren operativas internas irregulares. El<span>\u00a0<\/span><\/span><strong><span dir=\"auto\">caso de las mascarillas<\/span><\/strong><span dir=\"auto\"><span>\u00a0<\/span>\u2014eje judicial central\u2014 incorpora delitos conexos, incluido el de organizaci\u00f3n criminal, e implica a figuras institucionales de primer nivel: <strong>Francina Armengol<\/strong>, actual presidenta del Congreso, y <strong>\u00c1ngel V\u00edctor Torres<\/strong>, ministro y expresidente canario. La acumulaci\u00f3n de nombres, casos y responsabilidades dibuja un entorno pol\u00edtico densamente afectado.<\/span><\/p>\n<p data-start=\"4205\" data-end=\"4480\"><span dir=\"auto\"><span class=\"VIpgJd-yAWNEb-VIpgJd-fmcmS-sn54Q\" dir=\"auto\">A menor escala, pero no de menor significaci\u00f3n, se encuentra<span>\u00a0<\/span><\/span><\/span><strong><span dir=\"auto\"><span class=\"VIpgJd-yAWNEb-VIpgJd-fmcmS-sn54Q\" dir=\"auto\">el procesamiento de la mujer del presidente,<\/span><\/span><\/strong><span dir=\"auto\"><span class=\"VIpgJd-yAWNEb-VIpgJd-fmcmS-sn54Q\" dir=\"auto\"><span>\u00a0<\/span>a un paso de juicio. La presunci\u00f3n de inocencia es obligada, pero la situaci\u00f3n oscila entre el posible delito y el aprovechamiento de una posici\u00f3n de poder para beneficio profesional.<\/span><\/span><\/p>\n<p data-start=\"4482\" data-end=\"4857\"><strong><span dir=\"auto\">Incluso en el escenario de una inocencia completa del presidente, emerge otra quiebra: la del deber de \u201cin vigilando\u201d.<\/span><\/strong><span dir=\"auto\"><span>\u00a0<\/span>Un gobernante es responsable de lo que ocurre en su entorno directo, especialmente cuando no se trata de un caso aislado, sino de un sistema. Esta incapacidad de supervisi\u00f3n es, de por s\u00ed, causa de p\u00e9rdida de legitimidad en democracias consolidadas.<\/span><\/p>\n<h5 data-start=\"4859\" data-end=\"5383\"><strong><span dir=\"auto\">El deterioro institucional se completa con la cuesti\u00f3n presupuestaria.<\/span><\/strong><\/h5>\n<p data-start=\"4859\" data-end=\"5383\"><span dir=\"auto\"><span class=\"VIpgJd-yAWNEb-VIpgJd-fmcmS-sn54Q\" dir=\"auto\">Esta legislatura acumula a\u00f1os sin presupuestos aprobados, a lo que se a\u00f1adir\u00e1n previsiblemente los del 2026. Gobernar sin presupuestos no es una anomal\u00eda menor: es la negaci\u00f3n del programa pol\u00edtico. De ah\u00ed derivan d\u00e9ficits estructurales, como la falta de mantenimiento de infraestructuras o el problema cr\u00f3nico de la vivienda, que nunca ha sido objeto de un debate presupuestario sistem\u00e1tico.<span>\u00a0<\/span><\/span><\/span><strong><span dir=\"auto\"><span class=\"VIpgJd-yAWNEb-VIpgJd-fmcmS-sn54Q\" dir=\"auto\">En cualquier democracia europea, esta situaci\u00f3n conducir\u00eda a elecciones.<\/span><\/span><\/strong><\/p>\n<p data-start=\"5385\" data-end=\"5745\"><span dir=\"auto\">Sin embargo, en Espa\u00f1a existe una singularidad institucional:<span>\u00a0<\/span><\/span><strong><span dir=\"auto\">la moci\u00f3n de censura<\/span><\/strong><span dir=\"auto\"><span>\u00a0<\/span>no funciona como en otros pa\u00edses. No basta con retirar la confianza al gobierno; es necesario investir un sustituto. Esto dificulta la ca\u00edda de gobiernos sin mayor\u00eda y priva a los ciudadanos de la posibilidad de pronunciarse. M\u00e1s que una moci\u00f3n de censura, es la elecci\u00f3n de un nuevo presidente.<\/span><\/p>\n<p data-start=\"5747\" data-end=\"6008\"><span dir=\"auto\">La incapacidad de gobernar se manifiesta tambi\u00e9n en<span>\u00a0<\/span><\/span><strong><span dir=\"auto\">la acci\u00f3n legislativa.<\/span><\/strong><span dir=\"auto\">\u00a0Sin mayor\u00eda estable, el gobierno no puede desplegar su programa. Episodios recientes, como la pr\u00f3rroga de los alquileres y la confusi\u00f3n generada entre propietarios e inquilinos, son claros ejemplos.<\/span><\/p>\n<h5 data-start=\"6010\" data-end=\"6667\"><strong><span dir=\"auto\"><span class=\"VIpgJd-yAWNEb-VIpgJd-fmcmS-sn54Q\" dir=\"auto\">Por \u00faltimo, existe el balance material de gobierno. Las grandes crisis acumuladas son el mejor indicador.<\/span><\/span><\/strong><\/h5>\n<p data-start=\"6010\" data-end=\"6667\"><strong><span dir=\"auto\"><span class=\"\" dir=\"auto\">La vivienda<\/span><\/span><\/strong><span dir=\"auto\"><span class=\"\" dir=\"auto\"><span>\u00a0<\/span>ha pasado a ser una emergencia;<span>\u00a0<\/span><\/span><\/span><strong><span dir=\"auto\"><span class=\"\" dir=\"auto\">el sistema ferroviario<\/span><\/span><\/strong><span dir=\"auto\"><span class=\"\" dir=\"auto\"><span>\u00a0<\/span>vive una crisis estructural, con episodios graves como el de Adamuz y un constante deterioro de Cercan\u00edas;<span>\u00a0<\/span><\/span><\/span><strong><span dir=\"auto\"><span class=\"\" dir=\"auto\">las infraestructuras viarias<\/span><\/span><\/strong><span dir=\"auto\"><span class=\"\" dir=\"auto\"><span>\u00a0<\/span>sufren un d\u00e9ficit de mantenimiento;<span>\u00a0<\/span><\/span><\/span><strong><span dir=\"auto\"><span class=\"\" dir=\"auto\">el absentismo laboral<\/span><\/span><\/strong><span dir=\"auto\"><span class=\"\" dir=\"auto\"><span>\u00a0<\/span>alcanza los 34.000 millones de euros anuales;<span>\u00a0<\/span><\/span><\/span><strong><span dir=\"auto\"><span class=\"\" dir=\"auto\">la sanidad p\u00fablica<\/span><\/span><\/strong><span dir=\"auto\"><span class=\"\" dir=\"auto\"><span>\u00a0<\/span>acumula listas de espera y conflictos laborales; los<span>\u00a0<\/span><\/span><\/span><strong><span dir=\"auto\"><span class=\"\" dir=\"auto\">fondos Next Generation<\/span><\/span><\/strong><span dir=\"auto\"><span class=\"\" dir=\"auto\"><span>\u00a0<\/span>no se han ejecutado en el grado suficiente ni se han aprovechado adecuadamente; y<span>\u00a0<\/span><\/span><\/span><strong><span dir=\"auto\"><span class=\"\" dir=\"auto\">el poder adquisitivo de la poblaci\u00f3n<\/span><\/span><\/strong><span dir=\"auto\"><span class=\"\" dir=\"auto\"><span>\u00a0<\/span>ha disminuido a pesar del crecimiento del PIB y del empleo.<\/span><\/span><\/p>\n<p data-start=\"6669\" data-end=\"6858\"><span dir=\"auto\">Este conjunto no es una percepci\u00f3n: es una suma de datos. Y en pol\u00edtica, cuando los datos apuntan en la misma direcci\u00f3n, el debate no es ya sobre interpretaciones, sino sobre responsabilidades.<\/span><\/p>\n<p data-start=\"6860\" data-end=\"7029\"><span dir=\"auto\">La conclusi\u00f3n es inevitable: cuando la legitimidad de origen desaparece y la de ejercicio se degrada, la democracia solo tiene una salida coherente: la convocatoria de elecciones.<\/span><\/p>\n<p data-start=\"7031\" data-end=\"7077\"><strong data-start=\"7031\" data-end=\"7077\"><span dir=\"auto\">\u00a1Convoque elecciones ahora, presidente S\u00e1nchez!<\/span><\/strong><\/p>\n<p data-start=\"7031\" data-end=\"7077\"><span class='bctt-click-to-tweet'><span class='bctt-ctt-text'><a href='https:\/\/twitter.com\/intent\/tweet?url=https%3A%2F%2Fconversesacatalunya.cat%2Fes%2Fcrisis-legitimidad-sanchez-elecciones-espana%2F&#038;text=Un%20gobernante%20es%20responsable%20de%20lo%20que%20sucede%20en%20su%20entorno%20directo%2C%20especialmente%20cuando%20no%20se%20trata%20de%20un%20caso%20aislado%20sino%20de%20un%20sistema.%20%23PedroS%C3%A1nchez&#038;via=conversesacat&#038;related=conversesacat' target='_blank'rel=\"noopener noreferrer\">Un gobernante es responsable de lo que sucede en su entorno directo, especialmente cuando no se trata de un caso aislado sino de un sistema. #PedroS\u00e1nchez <\/a><\/span><a href='https:\/\/twitter.com\/intent\/tweet?url=https%3A%2F%2Fconversesacatalunya.cat%2Fes%2Fcrisis-legitimidad-sanchez-elecciones-espana%2F&#038;text=Un%20gobernante%20es%20responsable%20de%20lo%20que%20sucede%20en%20su%20entorno%20directo%2C%20especialmente%20cuando%20no%20se%20trata%20de%20un%20caso%20aislado%20sino%20de%20un%20sistema.%20%23PedroS%C3%A1nchez&#038;via=conversesacat&#038;related=conversesacat' target='_blank' class='bctt-ctt-btn'rel=\"noopener noreferrer\">Compartir en X<\/a><\/span>\n","protected":false},"excerpt":{"rendered":"<p>Hay momentos en que la pol\u00edtica deja de ser una disputa de interpretaciones para convertirse en una\u00a0acumulaci\u00f3n de hechos. Y cuando esto sucede,\u00a0la legitimidad\u00a0\u2014esta noci\u00f3n a menudo abstracta\u2014 resulta medible. El caso del presidente\u00a0Pedro S\u00e1nchez\u00a0ha entrado en esta fase. Las declaraciones de Aldama\u00a0ante el Tribunal Supremo no son una an\u00e9cdota ni una simple incidencia judicial: configuran en su conjunto un punto de inflexi\u00f3n. No son la gota que colma el vaso, sino el temporal que la arrasa cuando ya estaba lleno. En una democracia existen dos fuentes de legitimidad. La primera es la de origen: c\u00f3mo se llega al poder.\u00a0S\u00e1nchez la posee formalmente, pero no directamente. No gan\u00f3 las elecciones; accedi\u00f3 al gobierno mediante alianzas parlamentarias. Esta es una v\u00eda leg\u00edtima, pero con una condici\u00f3n esencial:\u00a0mantener la mayor\u00eda. Y esa mayor\u00eda hace tiempo que ha desaparecido. El gobierno solo puede aprobar aquellas medidas que convienen a sus socios heterog\u00e9neos, no desplegar un programa coherente. Esto erosiona la legitimidad misma de gobernar. La segunda es la legitimidad de ejercicio.\u00a0No depende de c\u00f3mo se llega, sino de c\u00f3mo se utiliza el poder: eficacia, respeto institucional, capacidad de respuesta y mantenimiento del soporte social. Tambi\u00e9n aqu\u00ed la situaci\u00f3n ha superado todo lo admisible. Y los hechos lo acreditan. El primer bloque es el m\u00e1s grave. Las declaraciones de Aldama ante el Supremo apuntan a\u00a0tres afirmaciones concretas: el PSOE se financiaba ilegalmente; el presidente lo sab\u00eda; y exist\u00eda una estructura con S\u00e1nchez, \u00c1balos, Koldo y el propio Aldama al frente. No son pruebas definitivas, pero s\u00ed indicios consistentes. Lo son por tres razones:\u00a0Aldama se autoinculpa; muchas de sus denuncias previas han sido confirmadas con documentaci\u00f3n en otros procedimientos; y resulta dif\u00edcil sostener que figuras como\u00a0\u00c1balos, Koldo o Cerd\u00e1n\u00a0\u2014los dos primeros y el tercero, entre los m\u00e1s poderosos del partido\u2014 acumularan m\u00faltiples irregularidades sin que el presidente tuviera conocimiento. El sentido com\u00fan apunta a una responsabilidad, aunque fuese por\u00a0omisi\u00f3n operativa. Los detalles aportados no son menores. Seg\u00fan estas declaraciones, una v\u00eda de financiaci\u00f3n habr\u00eda sido la de\u00a0las empresas adjudicatarias de contratos \u2014principalmente constructoras\u2014 que entregaban dinero a Aldama.\u00a0Este los distribu\u00eda dentro del partido, fragmentando los importes para simular donaciones legales. La cantidad estimada oscila entre 3,5 y 4 millones de euros. Esta cifra no es arbitraria: responde a una l\u00f3gica econ\u00f3mica coherente con el volumen de contrataci\u00f3n p\u00fablica y con que los beneficios personales de algunos implicados eran inferiores a los flujos detectados,\u00a0lo que sugiere un destino colectivo: el partido. La segunda v\u00eda apuntada es muy delicada: el petr\u00f3leo venezolano. Inicialmente con el liderazgo opositor de Juan Guaid\u00f3, posteriormente con el r\u00e9gimen de Nicol\u00e1s Maduro, mediante cupos petrol\u00edferos. No se conoce el importe total de esta v\u00eda, pero se destaca que no se destinaba exclusivamente al PSOE, sino\u00a0tambi\u00e9n a alcanzar la presidencia de S\u00e1nchez en la Internacional Socialista y a financiarla. Este relato encuentra refuerzo en antecedentes externos: la\u00a0denuncia del PRI mexicano,\u00a0que acus\u00f3 al r\u00e9gimen venezolano de financiar esta organizaci\u00f3n para influir pol\u00edticamente en ella, sustituy\u00e9ndolo por MORENA. Tambi\u00e9n encaja con episodios nunca despejados, como la visita de\u00a0Delcy Rodr\u00edguez\u00a0a Espa\u00f1a, pese a las restricciones europeas, y las explicaciones contradictorias del gobierno. Otros indicios completan el cuadro.\u00a0Las actuaciones atribuidas a la se\u00f1ora Leyre para desacreditar a la UCO\u00a0mediante grabaciones sugieren operativas internas irregulares. El\u00a0caso de las mascarillas\u00a0\u2014eje judicial central\u2014 incorpora delitos conexos, incluido el de organizaci\u00f3n criminal, e implica a figuras institucionales de primer nivel: Francina Armengol, actual presidenta del Congreso, y \u00c1ngel V\u00edctor Torres, ministro y expresidente canario. La acumulaci\u00f3n de nombres, casos y responsabilidades dibuja un entorno pol\u00edtico densamente afectado. A menor escala, pero no de menor significaci\u00f3n, se encuentra\u00a0el procesamiento de la mujer del presidente,\u00a0a un paso de juicio. La presunci\u00f3n de inocencia es obligada, pero la situaci\u00f3n oscila entre el posible delito y el aprovechamiento de una posici\u00f3n de poder para beneficio profesional. Incluso en el escenario de una inocencia completa del presidente, emerge otra quiebra: la del deber de \u201cin vigilando\u201d.\u00a0Un gobernante es responsable de lo que ocurre en su entorno directo, especialmente cuando no se trata de un caso aislado, sino de un sistema. Esta incapacidad de supervisi\u00f3n es, de por s\u00ed, causa de p\u00e9rdida de legitimidad en democracias consolidadas. El deterioro institucional se completa con la cuesti\u00f3n presupuestaria. Esta legislatura acumula a\u00f1os sin presupuestos aprobados, a lo que se a\u00f1adir\u00e1n previsiblemente los del 2026. Gobernar sin presupuestos no es una anomal\u00eda menor: es la negaci\u00f3n del programa pol\u00edtico. De ah\u00ed derivan d\u00e9ficits estructurales, como la falta de mantenimiento de infraestructuras o el problema cr\u00f3nico de la vivienda, que nunca ha sido objeto de un debate presupuestario sistem\u00e1tico.\u00a0En cualquier democracia europea, esta situaci\u00f3n conducir\u00eda a elecciones. Sin embargo, en Espa\u00f1a existe una singularidad institucional:\u00a0la moci\u00f3n de censura\u00a0no funciona como en otros pa\u00edses. No basta con retirar la confianza al gobierno; es necesario investir un sustituto. Esto dificulta la ca\u00edda de gobiernos sin mayor\u00eda y priva a los ciudadanos de la posibilidad de pronunciarse. M\u00e1s que una moci\u00f3n de censura, es la elecci\u00f3n de un nuevo presidente. La incapacidad de gobernar se manifiesta tambi\u00e9n en\u00a0la acci\u00f3n legislativa.\u00a0Sin mayor\u00eda estable, el gobierno no puede desplegar su programa. Episodios recientes, como la pr\u00f3rroga de los alquileres y la confusi\u00f3n generada entre propietarios e inquilinos, son claros ejemplos. Por \u00faltimo, existe el balance material de gobierno. Las grandes crisis acumuladas son el mejor indicador. La vivienda\u00a0ha pasado a ser una emergencia;\u00a0el sistema ferroviario\u00a0vive una crisis estructural, con episodios graves como el de Adamuz y un constante deterioro de Cercan\u00edas;\u00a0las infraestructuras viarias\u00a0sufren un d\u00e9ficit de mantenimiento;\u00a0el absentismo laboral\u00a0alcanza los 34.000 millones de euros anuales;\u00a0la sanidad p\u00fablica\u00a0acumula listas de espera y conflictos laborales; los\u00a0fondos Next Generation\u00a0no se han ejecutado en el grado suficiente ni se han aprovechado adecuadamente; y\u00a0el poder adquisitivo de la poblaci\u00f3n\u00a0ha disminuido a pesar del crecimiento del PIB y del empleo. Este conjunto no es una percepci\u00f3n: es una suma de datos. Y en pol\u00edtica, cuando los datos apuntan en la misma direcci\u00f3n, el debate no es ya sobre interpretaciones, sino sobre responsabilidades. La conclusi\u00f3n es inevitable: cuando la legitimidad de origen&#8230;<\/p>\n","protected":false},"author":77,"featured_media":98423,"comment_status":"open","ping_status":"open","sticky":false,"template":"","format":"standard","meta":{"_FSMCFIC_featured_image_caption":"","_FSMCFIC_featured_image_nocaption":"","_FSMCFIC_featured_image_hide":"","footnotes":""},"categories":[806],"tags":[1375,1373],"class_list":["post-98427","post","type-post","status-publish","format-standard","has-post-thumbnail","hentry","category-punts-claus-del-dia-es","tag-gobierno-sanchez","tag-govern-sanchez-es"],"yoast_head":"<!-- This site is optimized with the Yoast SEO plugin v26.8 - https:\/\/yoast.com\/product\/yoast-seo-wordpress\/ -->\n<title>Cr\u00f3nica de una legitimidad agotada: por qu\u00e9 S\u00e1nchez debe convocar elecciones - Converses a Catalunya<\/title>\n<meta name=\"description\" content=\"An\u00e1lisis con datos sobre la p\u00e9rdida de legitimidad del gobierno de S\u00e1nchez: financiaci\u00f3n, crisis institucional, presupuestos y gesti\u00f3n.\" \/>\n<meta name=\"robots\" content=\"index, follow, max-snippet:-1, max-image-preview:large, max-video-preview:-1\" \/>\n<link rel=\"canonical\" href=\"https:\/\/conversesacatalunya.cat\/es\/crisis-legitimidad-sanchez-elecciones-espana\/\" \/>\n<meta property=\"og:locale\" content=\"es_ES\" \/>\n<meta property=\"og:type\" content=\"article\" \/>\n<meta property=\"og:title\" content=\"Cr\u00f3nica de una legitimidad agotada: por qu\u00e9 S\u00e1nchez debe convocar elecciones - Converses a Catalunya\" \/>\n<meta property=\"og:description\" content=\"An\u00e1lisis con datos sobre la p\u00e9rdida de legitimidad del gobierno de S\u00e1nchez: financiaci\u00f3n, crisis institucional, presupuestos y gesti\u00f3n.\" \/>\n<meta property=\"og:url\" content=\"https:\/\/conversesacatalunya.cat\/es\/crisis-legitimidad-sanchez-elecciones-espana\/\" \/>\n<meta property=\"og:site_name\" content=\"Converses a Catalunya\" \/>\n<meta property=\"article:published_time\" content=\"2026-04-30T09:57:21+00:00\" \/>\n<meta property=\"article:modified_time\" content=\"2026-04-30T10:23:40+00:00\" \/>\n<meta property=\"og:image\" content=\"https:\/\/conversesacatalunya.cat\/wp-content\/uploads\/2026\/04\/imagen_comprimida-2.jpg\" \/>\n\t<meta property=\"og:image:width\" content=\"1170\" \/>\n\t<meta property=\"og:image:height\" content=\"780\" \/>\n\t<meta property=\"og:image:type\" content=\"image\/jpeg\" \/>\n<meta name=\"author\" content=\"Enric Casanovas\" \/>\n<meta name=\"twitter:card\" content=\"summary_large_image\" \/>\n<meta name=\"twitter:label1\" content=\"Escrito por\" \/>\n\t<meta name=\"twitter:data1\" content=\"Enric Casanovas\" \/>\n\t<meta name=\"twitter:label2\" content=\"Tiempo de lectura\" \/>\n\t<meta name=\"twitter:data2\" content=\"6 minutos\" \/>\n<script type=\"application\/ld+json\" class=\"yoast-schema-graph\">{\"@context\":\"https:\/\/schema.org\",\"@graph\":[{\"@type\":\"Article\",\"@id\":\"https:\/\/conversesacatalunya.cat\/es\/crisis-legitimidad-sanchez-elecciones-espana\/#article\",\"isPartOf\":{\"@id\":\"https:\/\/conversesacatalunya.cat\/es\/crisis-legitimidad-sanchez-elecciones-espana\/\"},\"author\":{\"name\":\"Enric Casanovas\",\"@id\":\"https:\/\/conversesacatalunya.cat\/#\/schema\/person\/79bd0577b2f3afc8d6519d207c6e8609\"},\"headline\":\"Cr\u00f3nica de una legitimidad agotada: por qu\u00e9 S\u00e1nchez debe convocar elecciones\",\"datePublished\":\"2026-04-30T09:57:21+00:00\",\"dateModified\":\"2026-04-30T10:23:40+00:00\",\"mainEntityOfPage\":{\"@id\":\"https:\/\/conversesacatalunya.cat\/es\/crisis-legitimidad-sanchez-elecciones-espana\/\"},\"wordCount\":1207,\"commentCount\":0,\"image\":{\"@id\":\"https:\/\/conversesacatalunya.cat\/es\/crisis-legitimidad-sanchez-elecciones-espana\/#primaryimage\"},\"thumbnailUrl\":\"https:\/\/conversesacatalunya.cat\/wp-content\/uploads\/2026\/04\/imagen_comprimida-2.jpg\",\"keywords\":[\"Gobierno S\u00e1nchez\",\"Govern S\u00e1nchez\"],\"articleSection\":[\"Punts clau del dia (ES)\"],\"inLanguage\":\"es\",\"potentialAction\":[{\"@type\":\"CommentAction\",\"name\":\"Comment\",\"target\":[\"https:\/\/conversesacatalunya.cat\/es\/crisis-legitimidad-sanchez-elecciones-espana\/#respond\"]}]},{\"@type\":\"WebPage\",\"@id\":\"https:\/\/conversesacatalunya.cat\/es\/crisis-legitimidad-sanchez-elecciones-espana\/\",\"url\":\"https:\/\/conversesacatalunya.cat\/es\/crisis-legitimidad-sanchez-elecciones-espana\/\",\"name\":\"Cr\u00f3nica de una legitimidad agotada: por qu\u00e9 S\u00e1nchez debe convocar elecciones - Converses a Catalunya\",\"isPartOf\":{\"@id\":\"https:\/\/conversesacatalunya.cat\/#website\"},\"primaryImageOfPage\":{\"@id\":\"https:\/\/conversesacatalunya.cat\/es\/crisis-legitimidad-sanchez-elecciones-espana\/#primaryimage\"},\"image\":{\"@id\":\"https:\/\/conversesacatalunya.cat\/es\/crisis-legitimidad-sanchez-elecciones-espana\/#primaryimage\"},\"thumbnailUrl\":\"https:\/\/conversesacatalunya.cat\/wp-content\/uploads\/2026\/04\/imagen_comprimida-2.jpg\",\"datePublished\":\"2026-04-30T09:57:21+00:00\",\"dateModified\":\"2026-04-30T10:23:40+00:00\",\"author\":{\"@id\":\"https:\/\/conversesacatalunya.cat\/#\/schema\/person\/79bd0577b2f3afc8d6519d207c6e8609\"},\"description\":\"An\u00e1lisis con datos sobre la p\u00e9rdida de legitimidad del gobierno de S\u00e1nchez: financiaci\u00f3n, crisis institucional, presupuestos y gesti\u00f3n.\",\"breadcrumb\":{\"@id\":\"https:\/\/conversesacatalunya.cat\/es\/crisis-legitimidad-sanchez-elecciones-espana\/#breadcrumb\"},\"inLanguage\":\"es\",\"potentialAction\":[{\"@type\":\"ReadAction\",\"target\":[\"https:\/\/conversesacatalunya.cat\/es\/crisis-legitimidad-sanchez-elecciones-espana\/\"]}]},{\"@type\":\"ImageObject\",\"inLanguage\":\"es\",\"@id\":\"https:\/\/conversesacatalunya.cat\/es\/crisis-legitimidad-sanchez-elecciones-espana\/#primaryimage\",\"url\":\"https:\/\/conversesacatalunya.cat\/wp-content\/uploads\/2026\/04\/imagen_comprimida-2.jpg\",\"contentUrl\":\"https:\/\/conversesacatalunya.cat\/wp-content\/uploads\/2026\/04\/imagen_comprimida-2.jpg\",\"width\":1170,\"height\":780,\"caption\":\"S\u00e1nchez legitimidad\"},{\"@type\":\"BreadcrumbList\",\"@id\":\"https:\/\/conversesacatalunya.cat\/es\/crisis-legitimidad-sanchez-elecciones-espana\/#breadcrumb\",\"itemListElement\":[{\"@type\":\"ListItem\",\"position\":1,\"name\":\"Inici\",\"item\":\"https:\/\/conversesacatalunya.cat\/es\/\"},{\"@type\":\"ListItem\",\"position\":2,\"name\":\"Cr\u00f3nica de una legitimidad agotada: por qu\u00e9 S\u00e1nchez debe convocar elecciones\"}]},{\"@type\":\"WebSite\",\"@id\":\"https:\/\/conversesacatalunya.cat\/#website\",\"url\":\"https:\/\/conversesacatalunya.cat\/\",\"name\":\"Converses a Catalunya\",\"description\":\"\",\"potentialAction\":[{\"@type\":\"SearchAction\",\"target\":{\"@type\":\"EntryPoint\",\"urlTemplate\":\"https:\/\/conversesacatalunya.cat\/?s={search_term_string}\"},\"query-input\":{\"@type\":\"PropertyValueSpecification\",\"valueRequired\":true,\"valueName\":\"search_term_string\"}}],\"inLanguage\":\"es\"},{\"@type\":\"Person\",\"@id\":\"https:\/\/conversesacatalunya.cat\/#\/schema\/person\/79bd0577b2f3afc8d6519d207c6e8609\",\"name\":\"Enric Casanovas\",\"image\":{\"@type\":\"ImageObject\",\"inLanguage\":\"es\",\"@id\":\"https:\/\/conversesacatalunya.cat\/#\/schema\/person\/image\/\",\"url\":\"https:\/\/conversesacatalunya.cat\/wp-content\/litespeed\/avatar\/7ae4379ad4421ec77820e92afd36dd78.jpg?ver=1777373933\",\"contentUrl\":\"https:\/\/conversesacatalunya.cat\/wp-content\/litespeed\/avatar\/7ae4379ad4421ec77820e92afd36dd78.jpg?ver=1777373933\",\"caption\":\"Enric Casanovas\"},\"url\":\"https:\/\/conversesacatalunya.cat\/es\/author\/enric-casanovas\/\"}]}<\/script>\n<!-- \/ Yoast SEO plugin. -->","yoast_head_json":{"title":"Cr\u00f3nica de una legitimidad agotada: por qu\u00e9 S\u00e1nchez debe convocar elecciones - Converses a Catalunya","description":"An\u00e1lisis con datos sobre la p\u00e9rdida de legitimidad del gobierno de S\u00e1nchez: financiaci\u00f3n, crisis institucional, presupuestos y gesti\u00f3n.","robots":{"index":"index","follow":"follow","max-snippet":"max-snippet:-1","max-image-preview":"max-image-preview:large","max-video-preview":"max-video-preview:-1"},"canonical":"https:\/\/conversesacatalunya.cat\/es\/crisis-legitimidad-sanchez-elecciones-espana\/","og_locale":"es_ES","og_type":"article","og_title":"Cr\u00f3nica de una legitimidad agotada: por qu\u00e9 S\u00e1nchez debe convocar elecciones - Converses a Catalunya","og_description":"An\u00e1lisis con datos sobre la p\u00e9rdida de legitimidad del gobierno de S\u00e1nchez: financiaci\u00f3n, crisis institucional, presupuestos y gesti\u00f3n.","og_url":"https:\/\/conversesacatalunya.cat\/es\/crisis-legitimidad-sanchez-elecciones-espana\/","og_site_name":"Converses a Catalunya","article_published_time":"2026-04-30T09:57:21+00:00","article_modified_time":"2026-04-30T10:23:40+00:00","og_image":[{"width":1170,"height":780,"url":"https:\/\/conversesacatalunya.cat\/wp-content\/uploads\/2026\/04\/imagen_comprimida-2.jpg","type":"image\/jpeg"}],"author":"Enric Casanovas","twitter_card":"summary_large_image","twitter_misc":{"Escrito por":"Enric Casanovas","Tiempo de lectura":"6 minutos"},"schema":{"@context":"https:\/\/schema.org","@graph":[{"@type":"Article","@id":"https:\/\/conversesacatalunya.cat\/es\/crisis-legitimidad-sanchez-elecciones-espana\/#article","isPartOf":{"@id":"https:\/\/conversesacatalunya.cat\/es\/crisis-legitimidad-sanchez-elecciones-espana\/"},"author":{"name":"Enric Casanovas","@id":"https:\/\/conversesacatalunya.cat\/#\/schema\/person\/79bd0577b2f3afc8d6519d207c6e8609"},"headline":"Cr\u00f3nica de una legitimidad agotada: por qu\u00e9 S\u00e1nchez debe convocar elecciones","datePublished":"2026-04-30T09:57:21+00:00","dateModified":"2026-04-30T10:23:40+00:00","mainEntityOfPage":{"@id":"https:\/\/conversesacatalunya.cat\/es\/crisis-legitimidad-sanchez-elecciones-espana\/"},"wordCount":1207,"commentCount":0,"image":{"@id":"https:\/\/conversesacatalunya.cat\/es\/crisis-legitimidad-sanchez-elecciones-espana\/#primaryimage"},"thumbnailUrl":"https:\/\/conversesacatalunya.cat\/wp-content\/uploads\/2026\/04\/imagen_comprimida-2.jpg","keywords":["Gobierno S\u00e1nchez","Govern S\u00e1nchez"],"articleSection":["Punts clau del dia (ES)"],"inLanguage":"es","potentialAction":[{"@type":"CommentAction","name":"Comment","target":["https:\/\/conversesacatalunya.cat\/es\/crisis-legitimidad-sanchez-elecciones-espana\/#respond"]}]},{"@type":"WebPage","@id":"https:\/\/conversesacatalunya.cat\/es\/crisis-legitimidad-sanchez-elecciones-espana\/","url":"https:\/\/conversesacatalunya.cat\/es\/crisis-legitimidad-sanchez-elecciones-espana\/","name":"Cr\u00f3nica de una legitimidad agotada: por qu\u00e9 S\u00e1nchez debe convocar elecciones - Converses a Catalunya","isPartOf":{"@id":"https:\/\/conversesacatalunya.cat\/#website"},"primaryImageOfPage":{"@id":"https:\/\/conversesacatalunya.cat\/es\/crisis-legitimidad-sanchez-elecciones-espana\/#primaryimage"},"image":{"@id":"https:\/\/conversesacatalunya.cat\/es\/crisis-legitimidad-sanchez-elecciones-espana\/#primaryimage"},"thumbnailUrl":"https:\/\/conversesacatalunya.cat\/wp-content\/uploads\/2026\/04\/imagen_comprimida-2.jpg","datePublished":"2026-04-30T09:57:21+00:00","dateModified":"2026-04-30T10:23:40+00:00","author":{"@id":"https:\/\/conversesacatalunya.cat\/#\/schema\/person\/79bd0577b2f3afc8d6519d207c6e8609"},"description":"An\u00e1lisis con datos sobre la p\u00e9rdida de legitimidad del gobierno de S\u00e1nchez: financiaci\u00f3n, crisis institucional, presupuestos y gesti\u00f3n.","breadcrumb":{"@id":"https:\/\/conversesacatalunya.cat\/es\/crisis-legitimidad-sanchez-elecciones-espana\/#breadcrumb"},"inLanguage":"es","potentialAction":[{"@type":"ReadAction","target":["https:\/\/conversesacatalunya.cat\/es\/crisis-legitimidad-sanchez-elecciones-espana\/"]}]},{"@type":"ImageObject","inLanguage":"es","@id":"https:\/\/conversesacatalunya.cat\/es\/crisis-legitimidad-sanchez-elecciones-espana\/#primaryimage","url":"https:\/\/conversesacatalunya.cat\/wp-content\/uploads\/2026\/04\/imagen_comprimida-2.jpg","contentUrl":"https:\/\/conversesacatalunya.cat\/wp-content\/uploads\/2026\/04\/imagen_comprimida-2.jpg","width":1170,"height":780,"caption":"S\u00e1nchez legitimidad"},{"@type":"BreadcrumbList","@id":"https:\/\/conversesacatalunya.cat\/es\/crisis-legitimidad-sanchez-elecciones-espana\/#breadcrumb","itemListElement":[{"@type":"ListItem","position":1,"name":"Inici","item":"https:\/\/conversesacatalunya.cat\/es\/"},{"@type":"ListItem","position":2,"name":"Cr\u00f3nica de una legitimidad agotada: por qu\u00e9 S\u00e1nchez debe convocar elecciones"}]},{"@type":"WebSite","@id":"https:\/\/conversesacatalunya.cat\/#website","url":"https:\/\/conversesacatalunya.cat\/","name":"Converses a Catalunya","description":"","potentialAction":[{"@type":"SearchAction","target":{"@type":"EntryPoint","urlTemplate":"https:\/\/conversesacatalunya.cat\/?s={search_term_string}"},"query-input":{"@type":"PropertyValueSpecification","valueRequired":true,"valueName":"search_term_string"}}],"inLanguage":"es"},{"@type":"Person","@id":"https:\/\/conversesacatalunya.cat\/#\/schema\/person\/79bd0577b2f3afc8d6519d207c6e8609","name":"Enric Casanovas","image":{"@type":"ImageObject","inLanguage":"es","@id":"https:\/\/conversesacatalunya.cat\/#\/schema\/person\/image\/","url":"https:\/\/conversesacatalunya.cat\/wp-content\/litespeed\/avatar\/7ae4379ad4421ec77820e92afd36dd78.jpg?ver=1777373933","contentUrl":"https:\/\/conversesacatalunya.cat\/wp-content\/litespeed\/avatar\/7ae4379ad4421ec77820e92afd36dd78.jpg?ver=1777373933","caption":"Enric Casanovas"},"url":"https:\/\/conversesacatalunya.cat\/es\/author\/enric-casanovas\/"}]}},"wps_subtitle":"Incluso en el escenario de una inocencia completa del presidente, emerge otra quiebra: la del deber de \"in vigilando\". Un gobernante es responsable de lo que sucede en su entorno directo, especialmente cuando no se trata de un caso aislado sino de un sistema.","_links":{"self":[{"href":"https:\/\/conversesacatalunya.cat\/es\/wp-json\/wp\/v2\/posts\/98427","targetHints":{"allow":["GET"]}}],"collection":[{"href":"https:\/\/conversesacatalunya.cat\/es\/wp-json\/wp\/v2\/posts"}],"about":[{"href":"https:\/\/conversesacatalunya.cat\/es\/wp-json\/wp\/v2\/types\/post"}],"author":[{"embeddable":true,"href":"https:\/\/conversesacatalunya.cat\/es\/wp-json\/wp\/v2\/users\/77"}],"replies":[{"embeddable":true,"href":"https:\/\/conversesacatalunya.cat\/es\/wp-json\/wp\/v2\/comments?post=98427"}],"version-history":[{"count":4,"href":"https:\/\/conversesacatalunya.cat\/es\/wp-json\/wp\/v2\/posts\/98427\/revisions"}],"predecessor-version":[{"id":98428,"href":"https:\/\/conversesacatalunya.cat\/es\/wp-json\/wp\/v2\/posts\/98427\/revisions\/98428"}],"wp:featuredmedia":[{"embeddable":true,"href":"https:\/\/conversesacatalunya.cat\/es\/wp-json\/wp\/v2\/media\/98423"}],"wp:attachment":[{"href":"https:\/\/conversesacatalunya.cat\/es\/wp-json\/wp\/v2\/media?parent=98427"}],"wp:term":[{"taxonomy":"category","embeddable":true,"href":"https:\/\/conversesacatalunya.cat\/es\/wp-json\/wp\/v2\/categories?post=98427"},{"taxonomy":"post_tag","embeddable":true,"href":"https:\/\/conversesacatalunya.cat\/es\/wp-json\/wp\/v2\/tags?post=98427"}],"curies":[{"name":"wp","href":"https:\/\/api.w.org\/{rel}","templated":true}]}}