{"id":98413,"date":"2026-04-30T12:15:16","date_gmt":"2026-04-30T10:15:16","guid":{"rendered":"https:\/\/conversesacatalunya.cat\/?p=98413"},"modified":"2026-04-30T12:26:25","modified_gmt":"2026-04-30T10:26:25","slug":"datos-pisa-cataluna-pornografia-juvenil","status":"publish","type":"post","link":"https:\/\/conversesacatalunya.cat\/es\/datos-pisa-cataluna-pornografia-juvenil\/","title":{"rendered":"El derrumbe de la escuela de la Generalitat: del programa Coeduca&#8217;t a la soluci\u00f3n policial (3)"},"content":{"rendered":"<section class=\"text-token-text-primary w-full focus:outline-none [--shadow-height:45px] has-data-writing-block:pointer-events-none has-data-writing-block:-mt-(--shadow-height) has-data-writing-block:pt-(--shadow-height) [&amp;:has([data-writing-block])&gt;*]:pointer-events-auto [content-visibility:auto] supports-[content-visibility:auto]:[contain-intrinsic-size:auto_100lvh] R6Vx5W_threadScrollVars scroll-mb-[calc(var(--scroll-root-safe-area-inset-bottom,0px)+var(--thread-response-height))] scroll-mt-[calc(var(--header-height)+min(200px,max(70px,20svh)))]\" dir=\"auto\" data-turn-id=\"request-WEB:7db9819d-342d-4612-b586-a226e88b94de-0\" data-testid=\"conversation-turn-2\" data-scroll-anchor=\"false\" data-turn=\"assistant\">\n<div class=\"text-base my-auto mx-auto pb-10 [--thread-content-margin:var(--thread-content-margin-xs,calc(var(--spacing)*4))] @w-sm\/main:[--thread-content-margin:var(--thread-content-margin-sm,calc(var(--spacing)*6))] @w-lg\/main:[--thread-content-margin:var(--thread-content-margin-lg,calc(var(--spacing)*16))] px-(--thread-content-margin)\">\n<div class=\"[--thread-content-max-width:40rem] @w-lg\/main:[--thread-content-max-width:48rem] mx-auto max-w-(--thread-content-max-width) flex-1 group\/turn-messages focus-visible:outline-hidden relative flex w-full min-w-0 flex-col agent-turn\">\n<div class=\"flex max-w-full flex-col gap-4 grow\">\n<div class=\"min-h-8 text-message relative flex w-full flex-col items-end gap-2 text-start break-words whitespace-normal outline-none keyboard-focused:focus-ring [.text-message+&amp;]:mt-1\" dir=\"auto\" tabindex=\"0\" data-message-author-role=\"assistant\" data-message-id=\"407c1d6d-e363-4ffd-9741-d8fa0c7165f0\" data-message-model-slug=\"gpt-5-3\" data-turn-start-message=\"true\">\n<div class=\"flex w-full flex-col gap-1 empty:hidden\">\n<div class=\"markdown prose dark:prose-invert w-full wrap-break-word light markdown-new-styling\">\n<p data-start=\"225\" data-end=\"507\"><span dir=\"auto\">El deterioro del sistema educativo catal\u00e1n no es una percepci\u00f3n: puede medirse. Y cuando se mide, el resultado es inequ\u00edvoco. Catalu\u00f1a ha dejado de ser una referencia para<span>\u00a0<\/span><\/span><strong><span dir=\"auto\">situarse por debajo de la media espa\u00f1ola en indicadores clave, despu\u00e9s de haber estado hist\u00f3ricamente por delante.<\/span><\/strong><\/p>\n<p data-start=\"509\" data-end=\"699\"><span dir=\"auto\">Los<span>\u00a0<\/span><\/span><strong><span dir=\"auto\">informes PISA<\/span><\/strong><span dir=\"auto\"><span>\u00a0<\/span>permiten observar esa evoluci\u00f3n con precisi\u00f3n. No son anuales \u2014se realizan cada tres a\u00f1os\u2014, pero ofrecen una serie suficientemente consistente para detectar tendencias estructurales.<\/span><\/p>\n<p data-start=\"701\" data-end=\"1005\"><strong><span dir=\"auto\">En 2015,<\/span><\/strong><span dir=\"auto\"><span>\u00a0<\/span>Catalu\u00f1a obten\u00eda aproximadamente 500 puntos en matem\u00e1ticas y 504 en ciencias. Espa\u00f1a, en el mismo per\u00edodo, registraba 486 y 496, respectivamente.<span>\u00a0<\/span><\/span><strong><span dir=\"auto\">La diferencia era clara:<\/span><\/strong><span dir=\"auto\"><span>\u00a0<\/span>+14 puntos en matem\u00e1ticas y +8 en ciencias a favor de Catalu\u00f1a. Se trataba de un mejor sistema dentro del marco espa\u00f1ol.<\/span><\/p>\n<p data-start=\"1007\" data-end=\"1241\"><span dir=\"auto\">Tres a\u00f1os despu\u00e9s,<span>\u00a0<\/span><\/span><strong><span dir=\"auto\">en 2018<\/span><\/strong><span dir=\"auto\">, Catalu\u00f1a retroced\u00eda hasta los 490 puntos en matem\u00e1ticas y 489 en ciencias. Espa\u00f1a tambi\u00e9n bajaba, pero menos: 481 y 483. Catalunya segu\u00eda por delante, pero la distancia se reduc\u00eda de forma significativa.<\/span><\/p>\n<h5 data-start=\"1243\" data-end=\"1305\"><strong><span dir=\"auto\">La ruptura se produce en el 2022. Y la fecha no es accidental.<\/span><\/strong><\/h5>\n<p data-start=\"1307\" data-end=\"1573\"><span dir=\"auto\">Catalu\u00f1a cae hasta los 469 puntos en matem\u00e1ticas y 477 en ciencias. Espa\u00f1a, pese a retroceder, queda por encima: 473 en matem\u00e1ticas y 485 en ciencias. El diferencial se ha invertido:<span>\u00a0<\/span><\/span><strong><span dir=\"auto\">Catalu\u00f1a pasa de liderar a quedar 4 puntos por debajo en matem\u00e1ticas y 8 en ciencias.<\/span><\/strong><\/p>\n<p data-start=\"1575\" data-end=\"1768\"><strong><span dir=\"auto\">La lectura acent\u00faa el problema<\/span><\/strong><span dir=\"auto\">. Catalu\u00f1a obtiene 462 puntos en el 2022, su peor registro hist\u00f3rico. La ca\u00edda respecto a 2018 es de 38 puntos, el doble del descenso medio de los pa\u00edses de la OCDE.<\/span><\/p>\n<p data-start=\"1770\" data-end=\"2099\"><span dir=\"auto\">Estas cifras no son anecd\u00f3ticas: definen una trayectoria.<span>\u00a0<\/span><\/span><strong><span dir=\"auto\">Entre 2015 y 2022, Catalu\u00f1a ha pasado de ser claramente superior a Espa\u00f1a a quedarse por detr\u00e1s.<\/span><\/strong><span dir=\"auto\"><span>\u00a0<\/span>Y no s\u00f3lo eso: se sit\u00faa por debajo junto a otras comunidades aut\u00f3nomas, en un contexto en el que los resultados globales espa\u00f1oles tampoco destacan especialmente.<\/span><\/p>\n<p data-start=\"2101\" data-end=\"2375\"><strong><span dir=\"auto\"><span class=\"VIpgJd-yAWNEb-VIpgJd-fmcmS-sn54Q\" dir=\"auto\">La interpretaci\u00f3n oficial<\/span><\/span><\/strong><span dir=\"auto\"><span class=\"VIpgJd-yAWNEb-VIpgJd-fmcmS-sn54Q\" dir=\"auto\"><span>\u00a0<\/span>apunta a factores demogr\u00e1ficos: mayor presencia de alumnado inmigrante, mayor complejidad social, centros con necesidades elevadas. Es un elemento real, pero no altera lo central:<span>\u00a0<\/span><\/span><\/span><strong><span dir=\"auto\"><span class=\"VIpgJd-yAWNEb-VIpgJd-fmcmS-sn54Q\" dir=\"auto\">el sistema no absorbe esta complejidad, sino que empeora con ella.<\/span><\/span><\/strong><\/p>\n<p data-start=\"2377\" data-end=\"2705\"><span dir=\"auto\">Adem\u00e1s, una parte del profesorado no se siente responsable de los resultados, como si no tuviera nada que ver, a pesar de que el sindicato mayoritario,<span>\u00a0<\/span><\/span><strong><span dir=\"auto\">USTEC<\/span><\/strong><span dir=\"auto\">, tiene un papel relevante en la evoluci\u00f3n del sistema. Paralelamente, las familias parecen ignorar la magnitud del problema, como si no les afectara directamente o no fueran conscientes de ello.<\/span><\/p>\n<p data-start=\"2707\" data-end=\"2730\"><span dir=\"auto\">\u00c9ste es el punto clave.<\/span><\/p>\n<p data-start=\"2732\" data-end=\"2969\"><span dir=\"auto\">Porque<span>\u00a0<\/span><\/span><strong><span dir=\"auto\">PISA no mide ideolog\u00eda. Mide competencias b\u00e1sica: <\/span><\/strong><span dir=\"auto\">comprender un texto, resolver un problema matem\u00e1tico, interpretar una situaci\u00f3n cient\u00edfica. Y en estos tres \u00e1mbitos, Catalu\u00f1a retrocede de forma m\u00e1s intensa que la media.<\/span><\/p>\n<h5 data-start=\"2971\" data-end=\"3049\"><strong><span dir=\"auto\"><span class=\"VIpgJd-yAWNEb-VIpgJd-fmcmS-sn54Q\" dir=\"auto\">El sistema educativo, por tanto, no est\u00e1 compensando desigualdades: las amplifica.<\/span><\/span><\/strong><\/h5>\n<p data-start=\"3051\" data-end=\"3272\"><span dir=\"auto\">Esta evoluci\u00f3n coincide con una transformaci\u00f3n profunda del modelo educativo, as\u00ed como con otros fen\u00f3menos que afectan directamente a los adolescentes, entre los que destaca el programa Coeduca&#8217;t y sus consecuencias.<\/span><\/p>\n<h5 data-start=\"3274\" data-end=\"3324\"><strong><span dir=\"auto\">Uno de esos fen\u00f3menos es el consumo de pornograf\u00eda.<\/span><\/strong><\/h5>\n<p data-start=\"3326\" data-end=\"3641\"><span dir=\"auto\"><span class=\"\" dir=\"auto\">Los datos de la encuesta ESTUDAS 2023, integrada en los informes del OEDA, ofrecen un retrato preciso.<span>\u00a0<\/span><\/span><\/span><strong><span dir=\"auto\"><span class=\"\" dir=\"auto\">Entre los j\u00f3venes de 14 a 18 a\u00f1os<\/span><\/span><\/strong><span dir=\"auto\"><span class=\"\" dir=\"auto\"><span>\u00a0<\/span>en Espa\u00f1a, el consumo en los \u00faltimos 12 meses es del 29,0%, mientras que en Catalu\u00f1a alcanza el 58,3%. En los \u00faltimos 30 d\u00edas, las cifras son del 18,2% en Espa\u00f1a y del 43,9% en Catalu\u00f1a.<\/span><\/span><\/p>\n<p data-start=\"3643\" data-end=\"3805\"><span dir=\"auto\">La diferencia por sexo es clara: el consumo es significativamente mayor entre los chicos. Y la edad de inicio es precoz: en Catalu\u00f1a se sit\u00faa en torno a los<span>\u00a0<\/span><\/span><strong><span dir=\"auto\">12,5 a\u00f1os.<\/span><\/strong><\/p>\n<p data-start=\"3807\" data-end=\"4056\"><span dir=\"auto\">Esto sit\u00faa el primer contacto con contenido sexual expl\u00edcito en una etapa anterior o simult\u00e1nea a la intervenci\u00f3n educativa sistem\u00e1tica en materia afectivosexual del programa Coeduca&#8217;t. Es decir,<span>\u00a0<\/span><\/span><strong><span dir=\"auto\">la educaci\u00f3n no llega antes que el est\u00edmulo, sino despu\u00e9s.<\/span><\/strong><\/p>\n<p data-start=\"4058\" data-end=\"4302\"><span dir=\"auto\">Entre 2015 y 2022, mientras los resultados acad\u00e9micos retroceden, el consumo de pornograf\u00eda entre adolescentes se mantiene en niveles elevados y con un inicio cada vez m\u00e1s precoz. Son dos procesos paralelos, con el Coeduca&#8217;t situado en este contexto.<\/span><\/p>\n<p data-start=\"4304\" data-end=\"4485\"><span dir=\"auto\">Un sistema educativo se define por sus resultados. Y los resultados, en el caso catal\u00e1n, indican una p\u00e9rdida de posici\u00f3n relativa y ca\u00edda significativa en competencias b\u00e1sicas.<\/span><\/p>\n<p data-start=\"4487\" data-end=\"4527\" data-is-last-node=\"\" data-is-only-node=\"\"><span dir=\"auto\">Esto no es una interpretaci\u00f3n. Son datos.<\/span><\/p>\n<p data-start=\"3326\" data-end=\"3641\"><a href=\"https:\/\/conversesacatalunya.cat\/es\/identidad-genero-escuela-coeducat\/\" target=\"_blank\" rel=\"noopener\"><span dir=\"auto\"><span class=\"VIpgJd-yAWNEb-VIpgJd-fmcmS-sn54Q\" dir=\"auto\">El derrumbe de la escuela de la Generalitat: del programa Coeduca&#8217;t a la soluci\u00f3n policial (2)<\/span><\/span><\/a><\/p>\n<p data-start=\"4487\" data-end=\"4527\" data-is-last-node=\"\" data-is-only-node=\"\"><span class='bctt-click-to-tweet'><span class='bctt-ctt-text'><a href='https:\/\/twitter.com\/intent\/tweet?url=https%3A%2F%2Fconversesacatalunya.cat%2Fes%2Fdatos-pisa-cataluna-pornografia-juvenil%2F&#038;text=Entre%20los%20j%C3%B3venes%20de%2014%20a%2018%20a%C3%B1os%20en%20Espa%C3%B1a%2C%20el%20consumo%20de%20pornograf%C3%ADa%20en%20los%20%C3%BAltimos%2012%20meses%20es%20del%2029%2C0%25%2C%20mientras%20que%20en%20Catalu%C3%B1a%20alcanza%20el%2058%2C3%25.&#038;via=conversesacat&#038;related=conversesacat' target='_blank'rel=\"noopener noreferrer\">Entre los j\u00f3venes de 14 a 18 a\u00f1os en Espa\u00f1a, el consumo de pornograf\u00eda en los \u00faltimos 12 meses es del 29,0%, mientras que en Catalu\u00f1a alcanza el 58,3%. <\/a><\/span><a href='https:\/\/twitter.com\/intent\/tweet?url=https%3A%2F%2Fconversesacatalunya.cat%2Fes%2Fdatos-pisa-cataluna-pornografia-juvenil%2F&#038;text=Entre%20los%20j%C3%B3venes%20de%2014%20a%2018%20a%C3%B1os%20en%20Espa%C3%B1a%2C%20el%20consumo%20de%20pornograf%C3%ADa%20en%20los%20%C3%BAltimos%2012%20meses%20es%20del%2029%2C0%25%2C%20mientras%20que%20en%20Catalu%C3%B1a%20alcanza%20el%2058%2C3%25.&#038;via=conversesacat&#038;related=conversesacat' target='_blank' class='bctt-ctt-btn'rel=\"noopener noreferrer\">Compartir en X<\/a><\/span>\n<\/div>\n<\/div>\n<\/div>\n<\/div>\n<\/div>\n<\/div>\n<\/section>\n","protected":false},"excerpt":{"rendered":"<p>El deterioro del sistema educativo catal\u00e1n no es una percepci\u00f3n: puede medirse. Y cuando se mide, el resultado es inequ\u00edvoco. Catalu\u00f1a ha dejado de ser una referencia para\u00a0situarse por debajo de la media espa\u00f1ola en indicadores clave, despu\u00e9s de haber estado hist\u00f3ricamente por delante. Los\u00a0informes PISA\u00a0permiten observar esa evoluci\u00f3n con precisi\u00f3n. No son anuales \u2014se realizan cada tres a\u00f1os\u2014, pero ofrecen una serie suficientemente consistente para detectar tendencias estructurales. En 2015,\u00a0Catalu\u00f1a obten\u00eda aproximadamente 500 puntos en matem\u00e1ticas y 504 en ciencias. Espa\u00f1a, en el mismo per\u00edodo, registraba 486 y 496, respectivamente.\u00a0La diferencia era clara:\u00a0+14 puntos en matem\u00e1ticas y +8 en ciencias a favor de Catalu\u00f1a. Se trataba de un mejor sistema dentro del marco espa\u00f1ol. Tres a\u00f1os despu\u00e9s,\u00a0en 2018, Catalu\u00f1a retroced\u00eda hasta los 490 puntos en matem\u00e1ticas y 489 en ciencias. Espa\u00f1a tambi\u00e9n bajaba, pero menos: 481 y 483. Catalunya segu\u00eda por delante, pero la distancia se reduc\u00eda de forma significativa. La ruptura se produce en el 2022. Y la fecha no es accidental. Catalu\u00f1a cae hasta los 469 puntos en matem\u00e1ticas y 477 en ciencias. Espa\u00f1a, pese a retroceder, queda por encima: 473 en matem\u00e1ticas y 485 en ciencias. El diferencial se ha invertido:\u00a0Catalu\u00f1a pasa de liderar a quedar 4 puntos por debajo en matem\u00e1ticas y 8 en ciencias. La lectura acent\u00faa el problema. Catalu\u00f1a obtiene 462 puntos en el 2022, su peor registro hist\u00f3rico. La ca\u00edda respecto a 2018 es de 38 puntos, el doble del descenso medio de los pa\u00edses de la OCDE. Estas cifras no son anecd\u00f3ticas: definen una trayectoria.\u00a0Entre 2015 y 2022, Catalu\u00f1a ha pasado de ser claramente superior a Espa\u00f1a a quedarse por detr\u00e1s.\u00a0Y no s\u00f3lo eso: se sit\u00faa por debajo junto a otras comunidades aut\u00f3nomas, en un contexto en el que los resultados globales espa\u00f1oles tampoco destacan especialmente. La interpretaci\u00f3n oficial\u00a0apunta a factores demogr\u00e1ficos: mayor presencia de alumnado inmigrante, mayor complejidad social, centros con necesidades elevadas. Es un elemento real, pero no altera lo central:\u00a0el sistema no absorbe esta complejidad, sino que empeora con ella. Adem\u00e1s, una parte del profesorado no se siente responsable de los resultados, como si no tuviera nada que ver, a pesar de que el sindicato mayoritario,\u00a0USTEC, tiene un papel relevante en la evoluci\u00f3n del sistema. Paralelamente, las familias parecen ignorar la magnitud del problema, como si no les afectara directamente o no fueran conscientes de ello. \u00c9ste es el punto clave. Porque\u00a0PISA no mide ideolog\u00eda. Mide competencias b\u00e1sica: comprender un texto, resolver un problema matem\u00e1tico, interpretar una situaci\u00f3n cient\u00edfica. Y en estos tres \u00e1mbitos, Catalu\u00f1a retrocede de forma m\u00e1s intensa que la media. El sistema educativo, por tanto, no est\u00e1 compensando desigualdades: las amplifica. Esta evoluci\u00f3n coincide con una transformaci\u00f3n profunda del modelo educativo, as\u00ed como con otros fen\u00f3menos que afectan directamente a los adolescentes, entre los que destaca el programa Coeduca&#8217;t y sus consecuencias. Uno de esos fen\u00f3menos es el consumo de pornograf\u00eda. Los datos de la encuesta ESTUDAS 2023, integrada en los informes del OEDA, ofrecen un retrato preciso.\u00a0Entre los j\u00f3venes de 14 a 18 a\u00f1os\u00a0en Espa\u00f1a, el consumo en los \u00faltimos 12 meses es del 29,0%, mientras que en Catalu\u00f1a alcanza el 58,3%. En los \u00faltimos 30 d\u00edas, las cifras son del 18,2% en Espa\u00f1a y del 43,9% en Catalu\u00f1a. La diferencia por sexo es clara: el consumo es significativamente mayor entre los chicos. Y la edad de inicio es precoz: en Catalu\u00f1a se sit\u00faa en torno a los\u00a012,5 a\u00f1os. Esto sit\u00faa el primer contacto con contenido sexual expl\u00edcito en una etapa anterior o simult\u00e1nea a la intervenci\u00f3n educativa sistem\u00e1tica en materia afectivosexual del programa Coeduca&#8217;t. Es decir,\u00a0la educaci\u00f3n no llega antes que el est\u00edmulo, sino despu\u00e9s. Entre 2015 y 2022, mientras los resultados acad\u00e9micos retroceden, el consumo de pornograf\u00eda entre adolescentes se mantiene en niveles elevados y con un inicio cada vez m\u00e1s precoz. Son dos procesos paralelos, con el Coeduca&#8217;t situado en este contexto. Un sistema educativo se define por sus resultados. Y los resultados, en el caso catal\u00e1n, indican una p\u00e9rdida de posici\u00f3n relativa y ca\u00edda significativa en competencias b\u00e1sicas. Esto no es una interpretaci\u00f3n. Son datos. El derrumbe de la escuela de la Generalitat: del programa Coeduca&#8217;t a la soluci\u00f3n policial (2)<\/p>\n","protected":false},"author":78,"featured_media":98411,"comment_status":"open","ping_status":"open","sticky":false,"template":"","format":"standard","meta":{"_FSMCFIC_featured_image_caption":"","_FSMCFIC_featured_image_nocaption":"","_FSMCFIC_featured_image_hide":"","footnotes":""},"categories":[806],"tags":[5560],"class_list":["post-98413","post","type-post","status-publish","format-standard","has-post-thumbnail","hentry","category-punts-claus-del-dia-es","tag-coeducat-2"],"yoast_head":"<!-- This site is optimized with the Yoast SEO plugin v26.8 - https:\/\/yoast.com\/product\/yoast-seo-wordpress\/ -->\n<title>El derrumbe de la escuela de la Generalitat: del programa Coeduca&#039;t a la soluci\u00f3n policial (3) - Converses a Catalunya<\/title>\n<meta name=\"description\" content=\"Datos oficiales: Catalu\u00f1a pasa de liderar a PISA a quedar por debajo de Espa\u00f1a mientras aumenta el consumo de pornograf\u00eda juvenil.\" \/>\n<meta name=\"robots\" content=\"index, follow, max-snippet:-1, max-image-preview:large, max-video-preview:-1\" \/>\n<link rel=\"canonical\" href=\"https:\/\/conversesacatalunya.cat\/es\/datos-pisa-cataluna-pornografia-juvenil\/\" \/>\n<meta property=\"og:locale\" content=\"es_ES\" \/>\n<meta property=\"og:type\" content=\"article\" \/>\n<meta property=\"og:title\" content=\"El derrumbe de la escuela de la Generalitat: del programa Coeduca&#039;t a la soluci\u00f3n policial (3) - Converses a Catalunya\" \/>\n<meta property=\"og:description\" content=\"Datos oficiales: Catalu\u00f1a pasa de liderar a PISA a quedar por debajo de Espa\u00f1a mientras aumenta el consumo de pornograf\u00eda juvenil.\" \/>\n<meta property=\"og:url\" content=\"https:\/\/conversesacatalunya.cat\/es\/datos-pisa-cataluna-pornografia-juvenil\/\" \/>\n<meta property=\"og:site_name\" content=\"Converses a Catalunya\" \/>\n<meta property=\"article:published_time\" content=\"2026-04-30T10:15:16+00:00\" \/>\n<meta property=\"article:modified_time\" content=\"2026-04-30T10:26:25+00:00\" \/>\n<meta property=\"og:image\" content=\"https:\/\/conversesacatalunya.cat\/wp-content\/uploads\/2026\/04\/imagen_comprimida-1-1.jpg\" \/>\n\t<meta property=\"og:image:width\" content=\"2048\" \/>\n\t<meta property=\"og:image:height\" content=\"1365\" \/>\n\t<meta property=\"og:image:type\" content=\"image\/jpeg\" \/>\n<meta name=\"author\" content=\"Joan Masip\" \/>\n<meta name=\"twitter:card\" content=\"summary_large_image\" \/>\n<meta name=\"twitter:label1\" content=\"Escrito por\" \/>\n\t<meta name=\"twitter:data1\" content=\"Joan Masip\" \/>\n\t<meta name=\"twitter:label2\" content=\"Tiempo de lectura\" \/>\n\t<meta name=\"twitter:data2\" content=\"4 minutos\" \/>\n<script type=\"application\/ld+json\" class=\"yoast-schema-graph\">{\"@context\":\"https:\/\/schema.org\",\"@graph\":[{\"@type\":\"Article\",\"@id\":\"https:\/\/conversesacatalunya.cat\/es\/datos-pisa-cataluna-pornografia-juvenil\/#article\",\"isPartOf\":{\"@id\":\"https:\/\/conversesacatalunya.cat\/es\/datos-pisa-cataluna-pornografia-juvenil\/\"},\"author\":{\"name\":\"Joan Masip\",\"@id\":\"https:\/\/conversesacatalunya.cat\/#\/schema\/person\/311d0bf53def217d5124c78a7bc42275\"},\"headline\":\"El derrumbe de la escuela de la Generalitat: del programa Coeduca&#8217;t a la soluci\u00f3n policial (3)\",\"datePublished\":\"2026-04-30T10:15:16+00:00\",\"dateModified\":\"2026-04-30T10:26:25+00:00\",\"mainEntityOfPage\":{\"@id\":\"https:\/\/conversesacatalunya.cat\/es\/datos-pisa-cataluna-pornografia-juvenil\/\"},\"wordCount\":815,\"commentCount\":0,\"image\":{\"@id\":\"https:\/\/conversesacatalunya.cat\/es\/datos-pisa-cataluna-pornografia-juvenil\/#primaryimage\"},\"thumbnailUrl\":\"https:\/\/conversesacatalunya.cat\/wp-content\/uploads\/2026\/04\/imagen_comprimida-1-1.jpg\",\"keywords\":[\"coeduca't\"],\"articleSection\":[\"Punts clau del dia (ES)\"],\"inLanguage\":\"es\",\"potentialAction\":[{\"@type\":\"CommentAction\",\"name\":\"Comment\",\"target\":[\"https:\/\/conversesacatalunya.cat\/es\/datos-pisa-cataluna-pornografia-juvenil\/#respond\"]}]},{\"@type\":\"WebPage\",\"@id\":\"https:\/\/conversesacatalunya.cat\/es\/datos-pisa-cataluna-pornografia-juvenil\/\",\"url\":\"https:\/\/conversesacatalunya.cat\/es\/datos-pisa-cataluna-pornografia-juvenil\/\",\"name\":\"El derrumbe de la escuela de la Generalitat: del programa Coeduca't a la soluci\u00f3n policial (3) - Converses a Catalunya\",\"isPartOf\":{\"@id\":\"https:\/\/conversesacatalunya.cat\/#website\"},\"primaryImageOfPage\":{\"@id\":\"https:\/\/conversesacatalunya.cat\/es\/datos-pisa-cataluna-pornografia-juvenil\/#primaryimage\"},\"image\":{\"@id\":\"https:\/\/conversesacatalunya.cat\/es\/datos-pisa-cataluna-pornografia-juvenil\/#primaryimage\"},\"thumbnailUrl\":\"https:\/\/conversesacatalunya.cat\/wp-content\/uploads\/2026\/04\/imagen_comprimida-1-1.jpg\",\"datePublished\":\"2026-04-30T10:15:16+00:00\",\"dateModified\":\"2026-04-30T10:26:25+00:00\",\"author\":{\"@id\":\"https:\/\/conversesacatalunya.cat\/#\/schema\/person\/311d0bf53def217d5124c78a7bc42275\"},\"description\":\"Datos oficiales: Catalu\u00f1a pasa de liderar a PISA a quedar por debajo de Espa\u00f1a mientras aumenta el consumo de pornograf\u00eda juvenil.\",\"breadcrumb\":{\"@id\":\"https:\/\/conversesacatalunya.cat\/es\/datos-pisa-cataluna-pornografia-juvenil\/#breadcrumb\"},\"inLanguage\":\"es\",\"potentialAction\":[{\"@type\":\"ReadAction\",\"target\":[\"https:\/\/conversesacatalunya.cat\/es\/datos-pisa-cataluna-pornografia-juvenil\/\"]}]},{\"@type\":\"ImageObject\",\"inLanguage\":\"es\",\"@id\":\"https:\/\/conversesacatalunya.cat\/es\/datos-pisa-cataluna-pornografia-juvenil\/#primaryimage\",\"url\":\"https:\/\/conversesacatalunya.cat\/wp-content\/uploads\/2026\/04\/imagen_comprimida-1-1.jpg\",\"contentUrl\":\"https:\/\/conversesacatalunya.cat\/wp-content\/uploads\/2026\/04\/imagen_comprimida-1-1.jpg\",\"width\":2048,\"height\":1365,\"caption\":\"PISA Catalu\u00f1a datos\"},{\"@type\":\"BreadcrumbList\",\"@id\":\"https:\/\/conversesacatalunya.cat\/es\/datos-pisa-cataluna-pornografia-juvenil\/#breadcrumb\",\"itemListElement\":[{\"@type\":\"ListItem\",\"position\":1,\"name\":\"Inici\",\"item\":\"https:\/\/conversesacatalunya.cat\/es\/\"},{\"@type\":\"ListItem\",\"position\":2,\"name\":\"El derrumbe de la escuela de la Generalitat: del programa Coeduca&#8217;t a la soluci\u00f3n policial (3)\"}]},{\"@type\":\"WebSite\",\"@id\":\"https:\/\/conversesacatalunya.cat\/#website\",\"url\":\"https:\/\/conversesacatalunya.cat\/\",\"name\":\"Converses a Catalunya\",\"description\":\"\",\"potentialAction\":[{\"@type\":\"SearchAction\",\"target\":{\"@type\":\"EntryPoint\",\"urlTemplate\":\"https:\/\/conversesacatalunya.cat\/?s={search_term_string}\"},\"query-input\":{\"@type\":\"PropertyValueSpecification\",\"valueRequired\":true,\"valueName\":\"search_term_string\"}}],\"inLanguage\":\"es\"},{\"@type\":\"Person\",\"@id\":\"https:\/\/conversesacatalunya.cat\/#\/schema\/person\/311d0bf53def217d5124c78a7bc42275\",\"name\":\"Joan Masip\",\"image\":{\"@type\":\"ImageObject\",\"inLanguage\":\"es\",\"@id\":\"https:\/\/conversesacatalunya.cat\/#\/schema\/person\/image\/\",\"url\":\"https:\/\/conversesacatalunya.cat\/wp-content\/litespeed\/avatar\/fa67b994763cff7d443f54b63ec96481.jpg?ver=1777372547\",\"contentUrl\":\"https:\/\/conversesacatalunya.cat\/wp-content\/litespeed\/avatar\/fa67b994763cff7d443f54b63ec96481.jpg?ver=1777372547\",\"caption\":\"Joan Masip\"},\"url\":\"https:\/\/conversesacatalunya.cat\/es\/author\/joan-masip\/\"}]}<\/script>\n<!-- \/ Yoast SEO plugin. -->","yoast_head_json":{"title":"El derrumbe de la escuela de la Generalitat: del programa Coeduca't a la soluci\u00f3n policial (3) - Converses a Catalunya","description":"Datos oficiales: Catalu\u00f1a pasa de liderar a PISA a quedar por debajo de Espa\u00f1a mientras aumenta el consumo de pornograf\u00eda juvenil.","robots":{"index":"index","follow":"follow","max-snippet":"max-snippet:-1","max-image-preview":"max-image-preview:large","max-video-preview":"max-video-preview:-1"},"canonical":"https:\/\/conversesacatalunya.cat\/es\/datos-pisa-cataluna-pornografia-juvenil\/","og_locale":"es_ES","og_type":"article","og_title":"El derrumbe de la escuela de la Generalitat: del programa Coeduca't a la soluci\u00f3n policial (3) - Converses a Catalunya","og_description":"Datos oficiales: Catalu\u00f1a pasa de liderar a PISA a quedar por debajo de Espa\u00f1a mientras aumenta el consumo de pornograf\u00eda juvenil.","og_url":"https:\/\/conversesacatalunya.cat\/es\/datos-pisa-cataluna-pornografia-juvenil\/","og_site_name":"Converses a Catalunya","article_published_time":"2026-04-30T10:15:16+00:00","article_modified_time":"2026-04-30T10:26:25+00:00","og_image":[{"width":2048,"height":1365,"url":"https:\/\/conversesacatalunya.cat\/wp-content\/uploads\/2026\/04\/imagen_comprimida-1-1.jpg","type":"image\/jpeg"}],"author":"Joan Masip","twitter_card":"summary_large_image","twitter_misc":{"Escrito por":"Joan Masip","Tiempo de lectura":"4 minutos"},"schema":{"@context":"https:\/\/schema.org","@graph":[{"@type":"Article","@id":"https:\/\/conversesacatalunya.cat\/es\/datos-pisa-cataluna-pornografia-juvenil\/#article","isPartOf":{"@id":"https:\/\/conversesacatalunya.cat\/es\/datos-pisa-cataluna-pornografia-juvenil\/"},"author":{"name":"Joan Masip","@id":"https:\/\/conversesacatalunya.cat\/#\/schema\/person\/311d0bf53def217d5124c78a7bc42275"},"headline":"El derrumbe de la escuela de la Generalitat: del programa Coeduca&#8217;t a la soluci\u00f3n policial (3)","datePublished":"2026-04-30T10:15:16+00:00","dateModified":"2026-04-30T10:26:25+00:00","mainEntityOfPage":{"@id":"https:\/\/conversesacatalunya.cat\/es\/datos-pisa-cataluna-pornografia-juvenil\/"},"wordCount":815,"commentCount":0,"image":{"@id":"https:\/\/conversesacatalunya.cat\/es\/datos-pisa-cataluna-pornografia-juvenil\/#primaryimage"},"thumbnailUrl":"https:\/\/conversesacatalunya.cat\/wp-content\/uploads\/2026\/04\/imagen_comprimida-1-1.jpg","keywords":["coeduca't"],"articleSection":["Punts clau del dia (ES)"],"inLanguage":"es","potentialAction":[{"@type":"CommentAction","name":"Comment","target":["https:\/\/conversesacatalunya.cat\/es\/datos-pisa-cataluna-pornografia-juvenil\/#respond"]}]},{"@type":"WebPage","@id":"https:\/\/conversesacatalunya.cat\/es\/datos-pisa-cataluna-pornografia-juvenil\/","url":"https:\/\/conversesacatalunya.cat\/es\/datos-pisa-cataluna-pornografia-juvenil\/","name":"El derrumbe de la escuela de la Generalitat: del programa Coeduca't a la soluci\u00f3n policial (3) - Converses a Catalunya","isPartOf":{"@id":"https:\/\/conversesacatalunya.cat\/#website"},"primaryImageOfPage":{"@id":"https:\/\/conversesacatalunya.cat\/es\/datos-pisa-cataluna-pornografia-juvenil\/#primaryimage"},"image":{"@id":"https:\/\/conversesacatalunya.cat\/es\/datos-pisa-cataluna-pornografia-juvenil\/#primaryimage"},"thumbnailUrl":"https:\/\/conversesacatalunya.cat\/wp-content\/uploads\/2026\/04\/imagen_comprimida-1-1.jpg","datePublished":"2026-04-30T10:15:16+00:00","dateModified":"2026-04-30T10:26:25+00:00","author":{"@id":"https:\/\/conversesacatalunya.cat\/#\/schema\/person\/311d0bf53def217d5124c78a7bc42275"},"description":"Datos oficiales: Catalu\u00f1a pasa de liderar a PISA a quedar por debajo de Espa\u00f1a mientras aumenta el consumo de pornograf\u00eda juvenil.","breadcrumb":{"@id":"https:\/\/conversesacatalunya.cat\/es\/datos-pisa-cataluna-pornografia-juvenil\/#breadcrumb"},"inLanguage":"es","potentialAction":[{"@type":"ReadAction","target":["https:\/\/conversesacatalunya.cat\/es\/datos-pisa-cataluna-pornografia-juvenil\/"]}]},{"@type":"ImageObject","inLanguage":"es","@id":"https:\/\/conversesacatalunya.cat\/es\/datos-pisa-cataluna-pornografia-juvenil\/#primaryimage","url":"https:\/\/conversesacatalunya.cat\/wp-content\/uploads\/2026\/04\/imagen_comprimida-1-1.jpg","contentUrl":"https:\/\/conversesacatalunya.cat\/wp-content\/uploads\/2026\/04\/imagen_comprimida-1-1.jpg","width":2048,"height":1365,"caption":"PISA Catalu\u00f1a datos"},{"@type":"BreadcrumbList","@id":"https:\/\/conversesacatalunya.cat\/es\/datos-pisa-cataluna-pornografia-juvenil\/#breadcrumb","itemListElement":[{"@type":"ListItem","position":1,"name":"Inici","item":"https:\/\/conversesacatalunya.cat\/es\/"},{"@type":"ListItem","position":2,"name":"El derrumbe de la escuela de la Generalitat: del programa Coeduca&#8217;t a la soluci\u00f3n policial (3)"}]},{"@type":"WebSite","@id":"https:\/\/conversesacatalunya.cat\/#website","url":"https:\/\/conversesacatalunya.cat\/","name":"Converses a Catalunya","description":"","potentialAction":[{"@type":"SearchAction","target":{"@type":"EntryPoint","urlTemplate":"https:\/\/conversesacatalunya.cat\/?s={search_term_string}"},"query-input":{"@type":"PropertyValueSpecification","valueRequired":true,"valueName":"search_term_string"}}],"inLanguage":"es"},{"@type":"Person","@id":"https:\/\/conversesacatalunya.cat\/#\/schema\/person\/311d0bf53def217d5124c78a7bc42275","name":"Joan Masip","image":{"@type":"ImageObject","inLanguage":"es","@id":"https:\/\/conversesacatalunya.cat\/#\/schema\/person\/image\/","url":"https:\/\/conversesacatalunya.cat\/wp-content\/litespeed\/avatar\/fa67b994763cff7d443f54b63ec96481.jpg?ver=1777372547","contentUrl":"https:\/\/conversesacatalunya.cat\/wp-content\/litespeed\/avatar\/fa67b994763cff7d443f54b63ec96481.jpg?ver=1777372547","caption":"Joan Masip"},"url":"https:\/\/conversesacatalunya.cat\/es\/author\/joan-masip\/"}]}},"wps_subtitle":"La edad de inicio en el consumo de pornograf\u00eda es precoz: en Catalu\u00f1a se sit\u00faa en torno a los 12,5 a\u00f1os.","_links":{"self":[{"href":"https:\/\/conversesacatalunya.cat\/es\/wp-json\/wp\/v2\/posts\/98413","targetHints":{"allow":["GET"]}}],"collection":[{"href":"https:\/\/conversesacatalunya.cat\/es\/wp-json\/wp\/v2\/posts"}],"about":[{"href":"https:\/\/conversesacatalunya.cat\/es\/wp-json\/wp\/v2\/types\/post"}],"author":[{"embeddable":true,"href":"https:\/\/conversesacatalunya.cat\/es\/wp-json\/wp\/v2\/users\/78"}],"replies":[{"embeddable":true,"href":"https:\/\/conversesacatalunya.cat\/es\/wp-json\/wp\/v2\/comments?post=98413"}],"version-history":[{"count":3,"href":"https:\/\/conversesacatalunya.cat\/es\/wp-json\/wp\/v2\/posts\/98413\/revisions"}],"predecessor-version":[{"id":98414,"href":"https:\/\/conversesacatalunya.cat\/es\/wp-json\/wp\/v2\/posts\/98413\/revisions\/98414"}],"wp:featuredmedia":[{"embeddable":true,"href":"https:\/\/conversesacatalunya.cat\/es\/wp-json\/wp\/v2\/media\/98411"}],"wp:attachment":[{"href":"https:\/\/conversesacatalunya.cat\/es\/wp-json\/wp\/v2\/media?parent=98413"}],"wp:term":[{"taxonomy":"category","embeddable":true,"href":"https:\/\/conversesacatalunya.cat\/es\/wp-json\/wp\/v2\/categories?post=98413"},{"taxonomy":"post_tag","embeddable":true,"href":"https:\/\/conversesacatalunya.cat\/es\/wp-json\/wp\/v2\/tags?post=98413"}],"curies":[{"name":"wp","href":"https:\/\/api.w.org\/{rel}","templated":true}]}}