{"id":98384,"date":"2026-04-29T10:04:27","date_gmt":"2026-04-29T08:04:27","guid":{"rendered":"https:\/\/conversesacatalunya.cat\/?p=98384"},"modified":"2026-04-29T10:30:24","modified_gmt":"2026-04-29T08:30:24","slug":"modelo-bienestar-espana-productividad-ciclo-vital","status":"publish","type":"post","link":"https:\/\/conversesacatalunya.cat\/es\/modelo-bienestar-espana-productividad-ciclo-vital\/","title":{"rendered":"M\u00e1s all\u00e1 de los datos de empleo: el problema del ciclo vital en Espa\u00f1a"},"content":{"rendered":"<section class=\"text-token-text-primary w-full focus:outline-none [--shadow-height:45px] has-data-writing-block:pointer-events-none has-data-writing-block:-mt-(--shadow-height) has-data-writing-block:pt-(--shadow-height) [&amp;:has([data-writing-block])&gt;*]:pointer-events-auto [content-visibility:auto] supports-[content-visibility:auto]:[contain-intrinsic-size:auto_100lvh] R6Vx5W_threadScrollVars scroll-mb-[calc(var(--scroll-root-safe-area-inset-bottom,0px)+var(--thread-response-height))] scroll-mt-[calc(var(--header-height)+min(200px,max(70px,20svh)))]\" dir=\"auto\" data-turn-id=\"request-WEB:ed88d8ca-8a21-4ed0-8517-8e51e36b2475-0\" data-testid=\"conversation-turn-2\" data-scroll-anchor=\"false\" data-turn=\"assistant\">\n<div class=\"text-base my-auto mx-auto pb-10 [--thread-content-margin:var(--thread-content-margin-xs,calc(var(--spacing)*4))] @w-sm\/main:[--thread-content-margin:var(--thread-content-margin-sm,calc(var(--spacing)*6))] @w-lg\/main:[--thread-content-margin:var(--thread-content-margin-lg,calc(var(--spacing)*16))] px-(--thread-content-margin)\">\n<div class=\"[--thread-content-max-width:40rem] @w-lg\/main:[--thread-content-max-width:48rem] mx-auto max-w-(--thread-content-max-width) flex-1 group\/turn-messages focus-visible:outline-hidden relative flex w-full min-w-0 flex-col agent-turn\">\n<div class=\"flex max-w-full flex-col gap-4 grow\">\n<div class=\"min-h-8 text-message relative flex w-full flex-col items-end gap-2 text-start break-words whitespace-normal outline-none keyboard-focused:focus-ring [.text-message+&amp;]:mt-1\" dir=\"auto\" tabindex=\"0\" data-message-author-role=\"assistant\" data-message-id=\"b694f53d-1497-4be5-85ae-7ccf5fed270e\" data-message-model-slug=\"gpt-5-3\" data-turn-start-message=\"true\">\n<div class=\"flex w-full flex-col gap-1 empty:hidden\">\n<div class=\"markdown prose dark:prose-invert w-full wrap-break-word light markdown-new-styling\">\n<p data-start=\"158\" data-end=\"538\">Los datos de la EPA del primer trimestre no son positivos. Sin embargo, el problema de fondo no es coyuntural. Espa\u00f1a se enfrenta a una tensi\u00f3n estructural que ni el Gobierno \u2014atenazado por su debilidad parlamentaria\u2014 ni la oposici\u00f3n est\u00e1n abordando con claridad: <strong>la viabilidad del modelo de bienestar en un contexto de bajo crecimiento productivo y desequilibrio del ciclo vital.<\/strong><\/p>\n<p data-start=\"540\" data-end=\"1092\">El concepto clave, y decisivo, es la <strong>neutralidad fiscal individual<\/strong>: que cada ciudadano aporte a lo largo de su vida, v\u00eda impuestos y cotizaciones, un volumen equivalente al que recibe en servicios p\u00fablicos y transferencias. Ese equilibrio se est\u00e1 rompiendo. Y lo hace en un contexto parad\u00f3jico: mientras los ingresos tributarios del Estado han aumentado un 27,8% en t\u00e9rminos reales desde 2019, el ciudadano medio pierde capacidad de ahorro y de proyecto vital, presionado por la vivienda, el coste de la vida y un mercado laboral de baja productividad.<\/p>\n<h4 data-section-id=\"1lyqc3e\" data-start=\"1094\" data-end=\"1123\">El coste real de una vida<\/h4>\n<p data-start=\"1125\" data-end=\"1349\">El bienestar no es un flujo gratuito; es un pasivo acumulado. Bajo los par\u00e1metros actuales, el Estado invierte en cada ciudadano alrededor de <strong>840.000 euros a lo largo de su vida<\/strong> (83\u201385 a\u00f1os). La descomposici\u00f3n es reveladora:<\/p>\n<ul data-start=\"1351\" data-end=\"1637\">\n<li data-section-id=\"1fgvbp5\" data-start=\"1351\" data-end=\"1397\">Infancia y educaci\u00f3n (0\u201322 a\u00f1os): 150.000 \u20ac.<\/li>\n<li data-section-id=\"1kn2ewp\" data-start=\"1398\" data-end=\"1484\">Sanidad (vida adulta y vejez): 140.000 \u20ac, con fuerte concentraci\u00f3n tras los 75 a\u00f1os.<\/li>\n<li data-section-id=\"18un3hl\" data-start=\"1485\" data-end=\"1553\">Pensiones: 450.000 \u20ac, suponiendo unos 20 a\u00f1os de jubilaci\u00f3n media.<\/li>\n<li data-section-id=\"1s3q3sm\" data-start=\"1554\" data-end=\"1637\">Servicios p\u00fablicos indirectos: 100.000 \u20ac (seguridad, justicia, infraestructuras)<\/li>\n<\/ul>\n<p data-start=\"1639\" data-end=\"2013\">Para equilibrar esa cifra, un trabajador deber\u00eda generar, durante <strong>40 a\u00f1os<\/strong> de vida laboral, un salario bruto medio de unos <strong>38.000 euros anuales.<\/strong> Por debajo de ese umbral, se convierte en receptor neto del sistema. Y aqu\u00ed emerge el n\u00facleo del problema: la estructura salarial espa\u00f1ola, comprimida por la <a href=\"https:\/\/conversesacatalunya.cat\/es\/productividad-salarios-espana-poder-adquisitivo\/\" target=\"_blank\" rel=\"noopener\">baja productividad,<\/a> hace inalcanzable esa cifra para una mayor\u00eda amplia.<\/p>\n<p data-start=\"2015\" data-end=\"2134\">El resultado es un modelo que, en t\u00e9rminos agregados, no se financia con cotizaciones presentes, sino con deuda futura.<\/p>\n<h4 data-section-id=\"1071sqj\" data-start=\"2136\" data-end=\"2166\">La ilusi\u00f3n del crecimiento<\/h4>\n<p data-start=\"2168\" data-end=\"2406\">Espa\u00f1a crece, pero no converge. El PIB total aumenta, impulsado por el volumen de poblaci\u00f3n, pero el PIB per c\u00e1pita retrocede. En 2007 representaba el 105% de la media de la UE; hoy ha ca\u00eddo al 89%. Se trata de una degradaci\u00f3n silenciosa.<\/p>\n<p data-start=\"2408\" data-end=\"2574\">Este fen\u00f3meno responde a un modelo de crecimiento extensivo: m\u00e1s poblaci\u00f3n, m\u00e1s empleo, pero en sectores de bajo valor a\u00f1adido. La comparaci\u00f3n sectorial es elocuente:<\/p>\n<ul data-start=\"2576\" data-end=\"2798\">\n<li data-section-id=\"7iepxa\" data-start=\"2576\" data-end=\"2658\">Automoci\u00f3n: \u00edndice de productividad 145, bajo peso migratorio, alta tecnolog\u00eda.<\/li>\n<li data-section-id=\"1gba41m\" data-start=\"2659\" data-end=\"2723\">Hosteler\u00eda: \u00edndice 45, alto peso migratorio, baja tecnolog\u00eda.<\/li>\n<li data-section-id=\"vzkohg\" data-start=\"2724\" data-end=\"2798\">Agricultura: \u00edndice 52, elevado peso migratorio, tecnolog\u00eda media-baja.<\/li>\n<\/ul>\n<p data-start=\"2800\" data-end=\"3079\">La inmigraci\u00f3n masiva se ha integrado, en gran medida, en estos sectores. Cumple una funci\u00f3n inmediata \u2014sostener cotizaciones\u2014, pero introduce un efecto estructural adverso: <strong>desincentiva la inversi\u00f3n<\/strong> en capital. Resulta m\u00e1s rentable contratar mano de obra barata que automatizar.<\/p>\n<p data-start=\"3081\" data-end=\"3318\">El resultado es un estancamiento de la productividad total de los factores. La productividad por hora en Espa\u00f1a es hoy un 2% inferior a la de 2015, mientras que la media de la UE ha crecido un 4%. <strong>Espa\u00f1a compite por precio, no por valor.<\/strong><\/p>\n<h4 data-section-id=\"1wwm6fr\" data-start=\"3320\" data-end=\"3358\">Salarios planos, costes crecientes<\/h4>\n<p data-start=\"3360\" data-end=\"3702\">El mercado laboral refleja esta debilidad estructural. El salario m\u00ednimo ha dejado de ser un suelo para convertirse en un techo. La distancia entre el SMI y el salario modal <strong>ha pasado del 43% en 2018 al 3% en 2023<\/strong>. Es un dato cr\u00edtico: indica que el crecimiento salarial no procede de mejoras de eficiencia, sino de decisiones administrativas.<\/p>\n<p data-start=\"3704\" data-end=\"3839\"><strong>Pero el verdadero ajuste se produce fuera de la n\u00f3mina: en la vivienda.<\/strong> Act\u00faa como un impuesto invisible que drena la renta disponible.<\/p>\n<p data-start=\"3841\" data-end=\"3986\">Un trabajador con 24.000 euros brutos anuales dispone, tras impuestos, de unos 1.450 euros netos mensuales. La diferencia territorial es notable:<\/p>\n<ul data-start=\"3988\" data-end=\"4118\">\n<li data-section-id=\"132hc7o\" data-start=\"3988\" data-end=\"4054\"><strong>En Barcelona:<\/strong> 650 \u20ac por una habitaci\u00f3n; apenas 130 \u20ac de margen.<\/li>\n<li data-section-id=\"25prp3\" data-start=\"4055\" data-end=\"4118\"><strong>En Lugo:<\/strong> 450 \u20ac por un piso completo; unos 480 \u20ac disponibles.<\/li>\n<\/ul>\n<p data-start=\"4120\" data-end=\"4342\">Con el mismo salario, la capacidad de ahorro en Barcelona es casi cuatro veces menor. Este diferencial tiene consecuencias macroecon\u00f3micas: frena el consumo, reduce la recaudaci\u00f3n por IVA y, sobre todo, hunde la natalidad.<\/p>\n<p data-start=\"4344\" data-end=\"4602\"><strong>Para una familia de tres miembros, el umbral de equilibrio fiscal se eleva a 52.000 euros brutos anuales<\/strong>. Una cifra fuera del alcance del 85% de los hogares extranjeros y del 60\u201365% de los aut\u00f3ctonos. El sistema exige m\u00e1s de lo que la econom\u00eda puede generar.<\/p>\n<h4 data-section-id=\"etc9p0\" data-start=\"4604\" data-end=\"4634\">El espejo del Este europeo<\/h4>\n<p data-start=\"4636\" data-end=\"4947\">Mientras Espa\u00f1a pierde posiciones relativas, algunos pa\u00edses del Este aceleran su convergencia. <strong>Polonia<\/strong> es el caso paradigm\u00e1tico: ha pasado del 56% del PIB per c\u00e1pita europeo en 2008 al 82% actual, recortando cerca de 40 puntos de distancia con Espa\u00f1a. <strong>Su modelo se apoya en industria, inversi\u00f3n y productividad.<\/strong><\/p>\n<p data-start=\"4949\" data-end=\"5181\">Si la tendencia contin\u00faa, el sorpaso ser\u00e1 cuesti\u00f3n de tiempo, probablemente antes de 2030. De hecho, en t\u00e9rminos de PIB per c\u00e1pita ajustado por poder adquisitivo, ese avance podr\u00eda producirse ya este a\u00f1o o, como m\u00e1ximo, el pr\u00f3ximo.<\/p>\n<p data-start=\"5183\" data-end=\"5442\"><strong>Espa\u00f1a, en cambio, recurre a la deuda como mecanismo de ajuste.<\/strong> Con un nivel cercano al 105\u2013108% del PIB, financia el desajuste del ciclo vital trasladando la carga a las generaciones futuras. Es una soluci\u00f3n transitoria que erosiona la solvencia estructural.<\/p>\n<h4 data-section-id=\"16yw8uj\" data-start=\"5444\" data-end=\"5493\">La oportunidad perdida de los fondos europeos<\/h4>\n<p data-start=\"5495\" data-end=\"5753\">Los fondos Next Generation ofrec\u00edan una oportunidad hist\u00f3rica para alterar este patr\u00f3n. No lo han hecho. Han operado como est\u00edmulo de demanda, pero no han transformado la oferta. La inversi\u00f3n en bienes de equipo sigue un 5% por debajo de los niveles de 2019.<\/p>\n<p data-start=\"5755\" data-end=\"6028\">A ello se suma un problema menos visible, pero igualmente grave: el desperdicio de capital humano. <strong>La homologaci\u00f3n de t\u00edtulos para inmigrantes cualificados<\/strong> puede tardar entre dos y cuatro a\u00f1os, lo que empuja a m\u00e9dicos, ingenieros o t\u00e9cnicos a empleos de baja productividad.<\/p>\n<p data-start=\"6030\" data-end=\"6114\">La econom\u00eda no solo crece poco en valor; adem\u00e1s, desaprovecha el talento disponible.<\/p>\n<h4 data-section-id=\"1xje19z\" data-start=\"6116\" data-end=\"6162\">IA: \u00faltima ventana, no soluci\u00f3n autom\u00e1tica<\/h4>\n<p data-start=\"6164\" data-end=\"6479\">La inteligencia artificial podr\u00eda alterar este equilibrio. Tiene el potencial de elevar la productividad y, con ello, la capacidad contributiva. Pero no es una palanca autom\u00e1tica. <strong>Requiere un entorno que hoy no existe:<\/strong> inversi\u00f3n, estabilidad laboral, acumulaci\u00f3n de capital humano y reformas administrativas \u00e1giles.<\/p>\n<p data-start=\"6481\" data-end=\"6598\">Sin estas condiciones, la IA ser\u00e1 marginal en su impacto macroecon\u00f3mico o, peor a\u00fan, ampliar\u00e1 las brechas existentes.<\/p>\n<h4 data-section-id=\"fg0guc\" data-start=\"6600\" data-end=\"6623\">Un cambio de l\u00f3gica<\/h4>\n<p data-start=\"6625\" data-end=\"6795\">La conclusi\u00f3n es clara. El modelo de bienestar espa\u00f1ol no puede sostenerse sobre el crecimiento por volumen. Necesita un giro hacia la calidad. Tres ejes son ineludibles:<\/p>\n<ol data-start=\"6797\" data-end=\"7281\">\n<li data-section-id=\"1nvj1ej\" data-start=\"6797\" data-end=\"6938\"><strong data-start=\"6800\" data-end=\"6817\">Productividad<\/strong>: priorizar la inversi\u00f3n en capital, tecnolog\u00eda y automatizaci\u00f3n frente a la dependencia de mano de obra de bajo coste.<\/li>\n<li data-section-id=\"136lpkn\" data-start=\"6939\" data-end=\"7154\"><strong data-start=\"6942\" data-end=\"6954\">Vivienda<\/strong>: ampliar la oferta para frenar la transferencia de renta desde los trabajadores hacia los propietarios. Esto exige planificaci\u00f3n, reformas administrativas y capacidad de gesti\u00f3n, hoy insuficientes.<\/li>\n<li data-section-id=\"775tvw\" data-start=\"7155\" data-end=\"7281\"><strong data-start=\"7158\" data-end=\"7192\">Cualificaci\u00f3n y administraci\u00f3n<\/strong>: desbloquear la homologaci\u00f3n de t\u00edtulos y reducir la cu\u00f1a fiscal sobre la clase media.<\/li>\n<\/ol>\n<p data-start=\"7283\" data-end=\"7466\" data-is-last-node=\"\" data-is-only-node=\"\">Espa\u00f1a se enfrenta, en \u00faltima instancia, a una elecci\u00f3n: seguir creciendo en volumen o empezar a crecer en valor. De esa decisi\u00f3n depende la sostenibilidad de su Estado del bienestar.<\/p>\n<\/div>\n<\/div>\n<\/div>\n<\/div>\n<div class=\"z-0 flex min-h-[46px] justify-start\"><span class='bctt-click-to-tweet'><span class='bctt-ctt-text'><a href='https:\/\/twitter.com\/intent\/tweet?url=https%3A%2F%2Fconversesacatalunya.cat%2Fes%2Fmodelo-bienestar-espana-productividad-ciclo-vital%2F&#038;text=El%20modelo%20de%20bienestar%20espa%C3%B1ol%20tiene%20un%20coste%20real%20de%20840.000%20%E2%82%AC%20por%20persona%20a%20lo%20largo%20de%20su%20vida.%20%C2%BFQui%C3%A9n%20lo%20paga%3F&#038;via=conversesacat&#038;related=conversesacat' target='_blank'rel=\"noopener noreferrer\">El modelo de bienestar espa\u00f1ol tiene un coste real de 840.000 \u20ac por persona a lo largo de su vida. \u00bfQui\u00e9n lo paga? <\/a><\/span><a href='https:\/\/twitter.com\/intent\/tweet?url=https%3A%2F%2Fconversesacatalunya.cat%2Fes%2Fmodelo-bienestar-espana-productividad-ciclo-vital%2F&#038;text=El%20modelo%20de%20bienestar%20espa%C3%B1ol%20tiene%20un%20coste%20real%20de%20840.000%20%E2%82%AC%20por%20persona%20a%20lo%20largo%20de%20su%20vida.%20%C2%BFQui%C3%A9n%20lo%20paga%3F&#038;via=conversesacat&#038;related=conversesacat' target='_blank' class='bctt-ctt-btn'rel=\"noopener noreferrer\">Compartir en X<\/a><\/span><\/div>\n<div class=\"mt-3 w-full empty:hidden\">\n<div class=\"text-center\"><\/div>\n<\/div>\n<\/div>\n<\/div>\n<\/section>\n<div class=\"pointer-events-none -mt-px h-px translate-y-[calc(var(--scroll-root-safe-area-inset-bottom)-14*var(--spacing))]\" aria-hidden=\"true\"><\/div>\n","protected":false},"excerpt":{"rendered":"<p>Los datos de la EPA del primer trimestre no son positivos. Sin embargo, el problema de fondo no es coyuntural. Espa\u00f1a se enfrenta a una tensi\u00f3n estructural que ni el Gobierno \u2014atenazado por su debilidad parlamentaria\u2014 ni la oposici\u00f3n est\u00e1n abordando con claridad: la viabilidad del modelo de bienestar en un contexto de bajo crecimiento productivo y desequilibrio del ciclo vital. El concepto clave, y decisivo, es la neutralidad fiscal individual: que cada ciudadano aporte a lo largo de su vida, v\u00eda impuestos y cotizaciones, un volumen equivalente al que recibe en servicios p\u00fablicos y transferencias. Ese equilibrio se est\u00e1 rompiendo. Y lo hace en un contexto parad\u00f3jico: mientras los ingresos tributarios del Estado han aumentado un 27,8% en t\u00e9rminos reales desde 2019, el ciudadano medio pierde capacidad de ahorro y de proyecto vital, presionado por la vivienda, el coste de la vida y un mercado laboral de baja productividad. El coste real de una vida El bienestar no es un flujo gratuito; es un pasivo acumulado. Bajo los par\u00e1metros actuales, el Estado invierte en cada ciudadano alrededor de 840.000 euros a lo largo de su vida (83\u201385 a\u00f1os). La descomposici\u00f3n es reveladora: Infancia y educaci\u00f3n (0\u201322 a\u00f1os): 150.000 \u20ac. Sanidad (vida adulta y vejez): 140.000 \u20ac, con fuerte concentraci\u00f3n tras los 75 a\u00f1os. Pensiones: 450.000 \u20ac, suponiendo unos 20 a\u00f1os de jubilaci\u00f3n media. Servicios p\u00fablicos indirectos: 100.000 \u20ac (seguridad, justicia, infraestructuras) Para equilibrar esa cifra, un trabajador deber\u00eda generar, durante 40 a\u00f1os de vida laboral, un salario bruto medio de unos 38.000 euros anuales. Por debajo de ese umbral, se convierte en receptor neto del sistema. Y aqu\u00ed emerge el n\u00facleo del problema: la estructura salarial espa\u00f1ola, comprimida por la baja productividad, hace inalcanzable esa cifra para una mayor\u00eda amplia. El resultado es un modelo que, en t\u00e9rminos agregados, no se financia con cotizaciones presentes, sino con deuda futura. La ilusi\u00f3n del crecimiento Espa\u00f1a crece, pero no converge. El PIB total aumenta, impulsado por el volumen de poblaci\u00f3n, pero el PIB per c\u00e1pita retrocede. En 2007 representaba el 105% de la media de la UE; hoy ha ca\u00eddo al 89%. Se trata de una degradaci\u00f3n silenciosa. Este fen\u00f3meno responde a un modelo de crecimiento extensivo: m\u00e1s poblaci\u00f3n, m\u00e1s empleo, pero en sectores de bajo valor a\u00f1adido. La comparaci\u00f3n sectorial es elocuente: Automoci\u00f3n: \u00edndice de productividad 145, bajo peso migratorio, alta tecnolog\u00eda. Hosteler\u00eda: \u00edndice 45, alto peso migratorio, baja tecnolog\u00eda. Agricultura: \u00edndice 52, elevado peso migratorio, tecnolog\u00eda media-baja. La inmigraci\u00f3n masiva se ha integrado, en gran medida, en estos sectores. Cumple una funci\u00f3n inmediata \u2014sostener cotizaciones\u2014, pero introduce un efecto estructural adverso: desincentiva la inversi\u00f3n en capital. Resulta m\u00e1s rentable contratar mano de obra barata que automatizar. El resultado es un estancamiento de la productividad total de los factores. La productividad por hora en Espa\u00f1a es hoy un 2% inferior a la de 2015, mientras que la media de la UE ha crecido un 4%. Espa\u00f1a compite por precio, no por valor. Salarios planos, costes crecientes El mercado laboral refleja esta debilidad estructural. El salario m\u00ednimo ha dejado de ser un suelo para convertirse en un techo. La distancia entre el SMI y el salario modal ha pasado del 43% en 2018 al 3% en 2023. Es un dato cr\u00edtico: indica que el crecimiento salarial no procede de mejoras de eficiencia, sino de decisiones administrativas. Pero el verdadero ajuste se produce fuera de la n\u00f3mina: en la vivienda. Act\u00faa como un impuesto invisible que drena la renta disponible. Un trabajador con 24.000 euros brutos anuales dispone, tras impuestos, de unos 1.450 euros netos mensuales. La diferencia territorial es notable: En Barcelona: 650 \u20ac por una habitaci\u00f3n; apenas 130 \u20ac de margen. En Lugo: 450 \u20ac por un piso completo; unos 480 \u20ac disponibles. Con el mismo salario, la capacidad de ahorro en Barcelona es casi cuatro veces menor. Este diferencial tiene consecuencias macroecon\u00f3micas: frena el consumo, reduce la recaudaci\u00f3n por IVA y, sobre todo, hunde la natalidad. Para una familia de tres miembros, el umbral de equilibrio fiscal se eleva a 52.000 euros brutos anuales. Una cifra fuera del alcance del 85% de los hogares extranjeros y del 60\u201365% de los aut\u00f3ctonos. El sistema exige m\u00e1s de lo que la econom\u00eda puede generar. El espejo del Este europeo Mientras Espa\u00f1a pierde posiciones relativas, algunos pa\u00edses del Este aceleran su convergencia. Polonia es el caso paradigm\u00e1tico: ha pasado del 56% del PIB per c\u00e1pita europeo en 2008 al 82% actual, recortando cerca de 40 puntos de distancia con Espa\u00f1a. Su modelo se apoya en industria, inversi\u00f3n y productividad. Si la tendencia contin\u00faa, el sorpaso ser\u00e1 cuesti\u00f3n de tiempo, probablemente antes de 2030. De hecho, en t\u00e9rminos de PIB per c\u00e1pita ajustado por poder adquisitivo, ese avance podr\u00eda producirse ya este a\u00f1o o, como m\u00e1ximo, el pr\u00f3ximo. Espa\u00f1a, en cambio, recurre a la deuda como mecanismo de ajuste. Con un nivel cercano al 105\u2013108% del PIB, financia el desajuste del ciclo vital trasladando la carga a las generaciones futuras. Es una soluci\u00f3n transitoria que erosiona la solvencia estructural. La oportunidad perdida de los fondos europeos Los fondos Next Generation ofrec\u00edan una oportunidad hist\u00f3rica para alterar este patr\u00f3n. No lo han hecho. Han operado como est\u00edmulo de demanda, pero no han transformado la oferta. La inversi\u00f3n en bienes de equipo sigue un 5% por debajo de los niveles de 2019. A ello se suma un problema menos visible, pero igualmente grave: el desperdicio de capital humano. La homologaci\u00f3n de t\u00edtulos para inmigrantes cualificados puede tardar entre dos y cuatro a\u00f1os, lo que empuja a m\u00e9dicos, ingenieros o t\u00e9cnicos a empleos de baja productividad. La econom\u00eda no solo crece poco en valor; adem\u00e1s, desaprovecha el talento disponible. IA: \u00faltima ventana, no soluci\u00f3n autom\u00e1tica La inteligencia artificial podr\u00eda alterar este equilibrio. Tiene el potencial de elevar la productividad y, con ello, la capacidad contributiva. Pero no es una palanca autom\u00e1tica. Requiere un entorno que hoy no existe: inversi\u00f3n, estabilidad laboral, acumulaci\u00f3n de capital humano y reformas administrativas \u00e1giles. Sin estas condiciones, la IA ser\u00e1&#8230;<\/p>\n","protected":false},"author":81,"featured_media":98386,"comment_status":"open","ping_status":"open","sticky":false,"template":"","format":"standard","meta":{"_FSMCFIC_featured_image_caption":"","_FSMCFIC_featured_image_nocaption":"","_FSMCFIC_featured_image_hide":"","footnotes":""},"categories":[806],"tags":[4279],"class_list":["post-98384","post","type-post","status-publish","format-standard","has-post-thumbnail","hentry","category-punts-claus-del-dia-es","tag-estado-del-bienestar"],"yoast_head":"<!-- This site is optimized with the Yoast SEO plugin v26.8 - https:\/\/yoast.com\/product\/yoast-seo-wordpress\/ -->\n<title>M\u00e1s all\u00e1 de los datos de empleo: el problema del ciclo vital en Espa\u00f1a - Converses a Catalunya<\/title>\n<meta name=\"description\" content=\"Modelo de bienestar en Espa\u00f1a: Coste real 840.000 \u20ac por persona, productividad estancada, vivienda y l\u00edmites del modelo econ\u00f3mico espa\u00f1ol.\" \/>\n<meta name=\"robots\" content=\"index, follow, max-snippet:-1, max-image-preview:large, max-video-preview:-1\" \/>\n<link rel=\"canonical\" href=\"https:\/\/conversesacatalunya.cat\/es\/modelo-bienestar-espana-productividad-ciclo-vital\/\" \/>\n<meta property=\"og:locale\" content=\"es_ES\" \/>\n<meta property=\"og:type\" content=\"article\" \/>\n<meta property=\"og:title\" content=\"M\u00e1s all\u00e1 de los datos de empleo: el problema del ciclo vital en Espa\u00f1a - Converses a Catalunya\" \/>\n<meta property=\"og:description\" content=\"Modelo de bienestar en Espa\u00f1a: Coste real 840.000 \u20ac por persona, productividad estancada, vivienda y l\u00edmites del modelo econ\u00f3mico espa\u00f1ol.\" \/>\n<meta property=\"og:url\" content=\"https:\/\/conversesacatalunya.cat\/es\/modelo-bienestar-espana-productividad-ciclo-vital\/\" \/>\n<meta property=\"og:site_name\" content=\"Converses a Catalunya\" \/>\n<meta property=\"article:published_time\" content=\"2026-04-29T08:04:27+00:00\" \/>\n<meta property=\"article:modified_time\" content=\"2026-04-29T08:30:24+00:00\" \/>\n<meta property=\"og:image\" content=\"https:\/\/conversesacatalunya.cat\/wp-content\/uploads\/2026\/04\/Imagen1_compressed.jpg\" \/>\n\t<meta property=\"og:image:width\" content=\"567\" \/>\n\t<meta property=\"og:image:height\" content=\"361\" \/>\n\t<meta property=\"og:image:type\" content=\"image\/jpeg\" \/>\n<meta name=\"author\" content=\"Emili Clos\" \/>\n<meta name=\"twitter:card\" content=\"summary_large_image\" \/>\n<meta name=\"twitter:label1\" content=\"Escrito por\" \/>\n\t<meta name=\"twitter:data1\" content=\"Emili Clos\" \/>\n\t<meta name=\"twitter:label2\" content=\"Tiempo de lectura\" \/>\n\t<meta name=\"twitter:data2\" content=\"6 minutos\" \/>\n<script type=\"application\/ld+json\" class=\"yoast-schema-graph\">{\"@context\":\"https:\/\/schema.org\",\"@graph\":[{\"@type\":\"Article\",\"@id\":\"https:\/\/conversesacatalunya.cat\/es\/modelo-bienestar-espana-productividad-ciclo-vital\/#article\",\"isPartOf\":{\"@id\":\"https:\/\/conversesacatalunya.cat\/es\/modelo-bienestar-espana-productividad-ciclo-vital\/\"},\"author\":{\"name\":\"Emili Clos\",\"@id\":\"https:\/\/conversesacatalunya.cat\/#\/schema\/person\/46306de4129bccb959ed5e1720c4e3e7\"},\"headline\":\"M\u00e1s all\u00e1 de los datos de empleo: el problema del ciclo vital en Espa\u00f1a\",\"datePublished\":\"2026-04-29T08:04:27+00:00\",\"dateModified\":\"2026-04-29T08:30:24+00:00\",\"mainEntityOfPage\":{\"@id\":\"https:\/\/conversesacatalunya.cat\/es\/modelo-bienestar-espana-productividad-ciclo-vital\/\"},\"wordCount\":1237,\"commentCount\":0,\"image\":{\"@id\":\"https:\/\/conversesacatalunya.cat\/es\/modelo-bienestar-espana-productividad-ciclo-vital\/#primaryimage\"},\"thumbnailUrl\":\"https:\/\/conversesacatalunya.cat\/wp-content\/uploads\/2026\/04\/Imagen1_compressed.jpg\",\"keywords\":[\"estado del bienestar\"],\"articleSection\":[\"Punts clau del dia (ES)\"],\"inLanguage\":\"es\",\"potentialAction\":[{\"@type\":\"CommentAction\",\"name\":\"Comment\",\"target\":[\"https:\/\/conversesacatalunya.cat\/es\/modelo-bienestar-espana-productividad-ciclo-vital\/#respond\"]}]},{\"@type\":\"WebPage\",\"@id\":\"https:\/\/conversesacatalunya.cat\/es\/modelo-bienestar-espana-productividad-ciclo-vital\/\",\"url\":\"https:\/\/conversesacatalunya.cat\/es\/modelo-bienestar-espana-productividad-ciclo-vital\/\",\"name\":\"M\u00e1s all\u00e1 de los datos de empleo: el problema del ciclo vital en Espa\u00f1a - Converses a Catalunya\",\"isPartOf\":{\"@id\":\"https:\/\/conversesacatalunya.cat\/#website\"},\"primaryImageOfPage\":{\"@id\":\"https:\/\/conversesacatalunya.cat\/es\/modelo-bienestar-espana-productividad-ciclo-vital\/#primaryimage\"},\"image\":{\"@id\":\"https:\/\/conversesacatalunya.cat\/es\/modelo-bienestar-espana-productividad-ciclo-vital\/#primaryimage\"},\"thumbnailUrl\":\"https:\/\/conversesacatalunya.cat\/wp-content\/uploads\/2026\/04\/Imagen1_compressed.jpg\",\"datePublished\":\"2026-04-29T08:04:27+00:00\",\"dateModified\":\"2026-04-29T08:30:24+00:00\",\"author\":{\"@id\":\"https:\/\/conversesacatalunya.cat\/#\/schema\/person\/46306de4129bccb959ed5e1720c4e3e7\"},\"description\":\"Modelo de bienestar en Espa\u00f1a: Coste real 840.000 \u20ac por persona, productividad estancada, vivienda y l\u00edmites del modelo econ\u00f3mico espa\u00f1ol.\",\"breadcrumb\":{\"@id\":\"https:\/\/conversesacatalunya.cat\/es\/modelo-bienestar-espana-productividad-ciclo-vital\/#breadcrumb\"},\"inLanguage\":\"es\",\"potentialAction\":[{\"@type\":\"ReadAction\",\"target\":[\"https:\/\/conversesacatalunya.cat\/es\/modelo-bienestar-espana-productividad-ciclo-vital\/\"]}]},{\"@type\":\"ImageObject\",\"inLanguage\":\"es\",\"@id\":\"https:\/\/conversesacatalunya.cat\/es\/modelo-bienestar-espana-productividad-ciclo-vital\/#primaryimage\",\"url\":\"https:\/\/conversesacatalunya.cat\/wp-content\/uploads\/2026\/04\/Imagen1_compressed.jpg\",\"contentUrl\":\"https:\/\/conversesacatalunya.cat\/wp-content\/uploads\/2026\/04\/Imagen1_compressed.jpg\",\"width\":567,\"height\":361,\"caption\":\"Modelo de bienestar Espa\u00f1a\"},{\"@type\":\"BreadcrumbList\",\"@id\":\"https:\/\/conversesacatalunya.cat\/es\/modelo-bienestar-espana-productividad-ciclo-vital\/#breadcrumb\",\"itemListElement\":[{\"@type\":\"ListItem\",\"position\":1,\"name\":\"Inici\",\"item\":\"https:\/\/conversesacatalunya.cat\/es\/\"},{\"@type\":\"ListItem\",\"position\":2,\"name\":\"M\u00e1s all\u00e1 de los datos de empleo: el problema del ciclo vital en Espa\u00f1a\"}]},{\"@type\":\"WebSite\",\"@id\":\"https:\/\/conversesacatalunya.cat\/#website\",\"url\":\"https:\/\/conversesacatalunya.cat\/\",\"name\":\"Converses a Catalunya\",\"description\":\"\",\"potentialAction\":[{\"@type\":\"SearchAction\",\"target\":{\"@type\":\"EntryPoint\",\"urlTemplate\":\"https:\/\/conversesacatalunya.cat\/?s={search_term_string}\"},\"query-input\":{\"@type\":\"PropertyValueSpecification\",\"valueRequired\":true,\"valueName\":\"search_term_string\"}}],\"inLanguage\":\"es\"},{\"@type\":\"Person\",\"@id\":\"https:\/\/conversesacatalunya.cat\/#\/schema\/person\/46306de4129bccb959ed5e1720c4e3e7\",\"name\":\"Emili Clos\",\"image\":{\"@type\":\"ImageObject\",\"inLanguage\":\"es\",\"@id\":\"https:\/\/conversesacatalunya.cat\/#\/schema\/person\/image\/\",\"url\":\"https:\/\/conversesacatalunya.cat\/wp-content\/litespeed\/avatar\/a9a662bd802eed79498de818aef91cc9.jpg?ver=1777096184\",\"contentUrl\":\"https:\/\/conversesacatalunya.cat\/wp-content\/litespeed\/avatar\/a9a662bd802eed79498de818aef91cc9.jpg?ver=1777096184\",\"caption\":\"Emili Clos\"},\"url\":\"https:\/\/conversesacatalunya.cat\/es\/author\/emili_clos\/\"}]}<\/script>\n<!-- \/ Yoast SEO plugin. -->","yoast_head_json":{"title":"M\u00e1s all\u00e1 de los datos de empleo: el problema del ciclo vital en Espa\u00f1a - Converses a Catalunya","description":"Modelo de bienestar en Espa\u00f1a: Coste real 840.000 \u20ac por persona, productividad estancada, vivienda y l\u00edmites del modelo econ\u00f3mico espa\u00f1ol.","robots":{"index":"index","follow":"follow","max-snippet":"max-snippet:-1","max-image-preview":"max-image-preview:large","max-video-preview":"max-video-preview:-1"},"canonical":"https:\/\/conversesacatalunya.cat\/es\/modelo-bienestar-espana-productividad-ciclo-vital\/","og_locale":"es_ES","og_type":"article","og_title":"M\u00e1s all\u00e1 de los datos de empleo: el problema del ciclo vital en Espa\u00f1a - Converses a Catalunya","og_description":"Modelo de bienestar en Espa\u00f1a: Coste real 840.000 \u20ac por persona, productividad estancada, vivienda y l\u00edmites del modelo econ\u00f3mico espa\u00f1ol.","og_url":"https:\/\/conversesacatalunya.cat\/es\/modelo-bienestar-espana-productividad-ciclo-vital\/","og_site_name":"Converses a Catalunya","article_published_time":"2026-04-29T08:04:27+00:00","article_modified_time":"2026-04-29T08:30:24+00:00","og_image":[{"width":567,"height":361,"url":"https:\/\/conversesacatalunya.cat\/wp-content\/uploads\/2026\/04\/Imagen1_compressed.jpg","type":"image\/jpeg"}],"author":"Emili Clos","twitter_card":"summary_large_image","twitter_misc":{"Escrito por":"Emili Clos","Tiempo de lectura":"6 minutos"},"schema":{"@context":"https:\/\/schema.org","@graph":[{"@type":"Article","@id":"https:\/\/conversesacatalunya.cat\/es\/modelo-bienestar-espana-productividad-ciclo-vital\/#article","isPartOf":{"@id":"https:\/\/conversesacatalunya.cat\/es\/modelo-bienestar-espana-productividad-ciclo-vital\/"},"author":{"name":"Emili Clos","@id":"https:\/\/conversesacatalunya.cat\/#\/schema\/person\/46306de4129bccb959ed5e1720c4e3e7"},"headline":"M\u00e1s all\u00e1 de los datos de empleo: el problema del ciclo vital en Espa\u00f1a","datePublished":"2026-04-29T08:04:27+00:00","dateModified":"2026-04-29T08:30:24+00:00","mainEntityOfPage":{"@id":"https:\/\/conversesacatalunya.cat\/es\/modelo-bienestar-espana-productividad-ciclo-vital\/"},"wordCount":1237,"commentCount":0,"image":{"@id":"https:\/\/conversesacatalunya.cat\/es\/modelo-bienestar-espana-productividad-ciclo-vital\/#primaryimage"},"thumbnailUrl":"https:\/\/conversesacatalunya.cat\/wp-content\/uploads\/2026\/04\/Imagen1_compressed.jpg","keywords":["estado del bienestar"],"articleSection":["Punts clau del dia (ES)"],"inLanguage":"es","potentialAction":[{"@type":"CommentAction","name":"Comment","target":["https:\/\/conversesacatalunya.cat\/es\/modelo-bienestar-espana-productividad-ciclo-vital\/#respond"]}]},{"@type":"WebPage","@id":"https:\/\/conversesacatalunya.cat\/es\/modelo-bienestar-espana-productividad-ciclo-vital\/","url":"https:\/\/conversesacatalunya.cat\/es\/modelo-bienestar-espana-productividad-ciclo-vital\/","name":"M\u00e1s all\u00e1 de los datos de empleo: el problema del ciclo vital en Espa\u00f1a - Converses a Catalunya","isPartOf":{"@id":"https:\/\/conversesacatalunya.cat\/#website"},"primaryImageOfPage":{"@id":"https:\/\/conversesacatalunya.cat\/es\/modelo-bienestar-espana-productividad-ciclo-vital\/#primaryimage"},"image":{"@id":"https:\/\/conversesacatalunya.cat\/es\/modelo-bienestar-espana-productividad-ciclo-vital\/#primaryimage"},"thumbnailUrl":"https:\/\/conversesacatalunya.cat\/wp-content\/uploads\/2026\/04\/Imagen1_compressed.jpg","datePublished":"2026-04-29T08:04:27+00:00","dateModified":"2026-04-29T08:30:24+00:00","author":{"@id":"https:\/\/conversesacatalunya.cat\/#\/schema\/person\/46306de4129bccb959ed5e1720c4e3e7"},"description":"Modelo de bienestar en Espa\u00f1a: Coste real 840.000 \u20ac por persona, productividad estancada, vivienda y l\u00edmites del modelo econ\u00f3mico espa\u00f1ol.","breadcrumb":{"@id":"https:\/\/conversesacatalunya.cat\/es\/modelo-bienestar-espana-productividad-ciclo-vital\/#breadcrumb"},"inLanguage":"es","potentialAction":[{"@type":"ReadAction","target":["https:\/\/conversesacatalunya.cat\/es\/modelo-bienestar-espana-productividad-ciclo-vital\/"]}]},{"@type":"ImageObject","inLanguage":"es","@id":"https:\/\/conversesacatalunya.cat\/es\/modelo-bienestar-espana-productividad-ciclo-vital\/#primaryimage","url":"https:\/\/conversesacatalunya.cat\/wp-content\/uploads\/2026\/04\/Imagen1_compressed.jpg","contentUrl":"https:\/\/conversesacatalunya.cat\/wp-content\/uploads\/2026\/04\/Imagen1_compressed.jpg","width":567,"height":361,"caption":"Modelo de bienestar Espa\u00f1a"},{"@type":"BreadcrumbList","@id":"https:\/\/conversesacatalunya.cat\/es\/modelo-bienestar-espana-productividad-ciclo-vital\/#breadcrumb","itemListElement":[{"@type":"ListItem","position":1,"name":"Inici","item":"https:\/\/conversesacatalunya.cat\/es\/"},{"@type":"ListItem","position":2,"name":"M\u00e1s all\u00e1 de los datos de empleo: el problema del ciclo vital en Espa\u00f1a"}]},{"@type":"WebSite","@id":"https:\/\/conversesacatalunya.cat\/#website","url":"https:\/\/conversesacatalunya.cat\/","name":"Converses a Catalunya","description":"","potentialAction":[{"@type":"SearchAction","target":{"@type":"EntryPoint","urlTemplate":"https:\/\/conversesacatalunya.cat\/?s={search_term_string}"},"query-input":{"@type":"PropertyValueSpecification","valueRequired":true,"valueName":"search_term_string"}}],"inLanguage":"es"},{"@type":"Person","@id":"https:\/\/conversesacatalunya.cat\/#\/schema\/person\/46306de4129bccb959ed5e1720c4e3e7","name":"Emili Clos","image":{"@type":"ImageObject","inLanguage":"es","@id":"https:\/\/conversesacatalunya.cat\/#\/schema\/person\/image\/","url":"https:\/\/conversesacatalunya.cat\/wp-content\/litespeed\/avatar\/a9a662bd802eed79498de818aef91cc9.jpg?ver=1777096184","contentUrl":"https:\/\/conversesacatalunya.cat\/wp-content\/litespeed\/avatar\/a9a662bd802eed79498de818aef91cc9.jpg?ver=1777096184","caption":"Emili Clos"},"url":"https:\/\/conversesacatalunya.cat\/es\/author\/emili_clos\/"}]}},"wps_subtitle":"","_links":{"self":[{"href":"https:\/\/conversesacatalunya.cat\/es\/wp-json\/wp\/v2\/posts\/98384","targetHints":{"allow":["GET"]}}],"collection":[{"href":"https:\/\/conversesacatalunya.cat\/es\/wp-json\/wp\/v2\/posts"}],"about":[{"href":"https:\/\/conversesacatalunya.cat\/es\/wp-json\/wp\/v2\/types\/post"}],"author":[{"embeddable":true,"href":"https:\/\/conversesacatalunya.cat\/es\/wp-json\/wp\/v2\/users\/81"}],"replies":[{"embeddable":true,"href":"https:\/\/conversesacatalunya.cat\/es\/wp-json\/wp\/v2\/comments?post=98384"}],"version-history":[{"count":10,"href":"https:\/\/conversesacatalunya.cat\/es\/wp-json\/wp\/v2\/posts\/98384\/revisions"}],"predecessor-version":[{"id":98396,"href":"https:\/\/conversesacatalunya.cat\/es\/wp-json\/wp\/v2\/posts\/98384\/revisions\/98396"}],"wp:featuredmedia":[{"embeddable":true,"href":"https:\/\/conversesacatalunya.cat\/es\/wp-json\/wp\/v2\/media\/98386"}],"wp:attachment":[{"href":"https:\/\/conversesacatalunya.cat\/es\/wp-json\/wp\/v2\/media?parent=98384"}],"wp:term":[{"taxonomy":"category","embeddable":true,"href":"https:\/\/conversesacatalunya.cat\/es\/wp-json\/wp\/v2\/categories?post=98384"},{"taxonomy":"post_tag","embeddable":true,"href":"https:\/\/conversesacatalunya.cat\/es\/wp-json\/wp\/v2\/tags?post=98384"}],"curies":[{"name":"wp","href":"https:\/\/api.w.org\/{rel}","templated":true}]}}