{"id":98374,"date":"2026-04-29T10:30:11","date_gmt":"2026-04-29T08:30:11","guid":{"rendered":"https:\/\/conversesacatalunya.cat\/?p=98374"},"modified":"2026-04-29T10:32:24","modified_gmt":"2026-04-29T08:32:24","slug":"identidad-genero-escuela-coeducat","status":"publish","type":"post","link":"https:\/\/conversesacatalunya.cat\/es\/identidad-genero-escuela-coeducat\/","title":{"rendered":"El derrumbe de la escuela de la Generalitat: del programa Coeduca&#8217;t a la soluci\u00f3n policial (2)"},"content":{"rendered":"<section class=\"text-token-text-primary w-full focus:outline-none [--shadow-height:45px] has-data-writing-block:pointer-events-none has-data-writing-block:-mt-(--shadow-height) has-data-writing-block:pt-(--shadow-height) [&amp;:has([data-writing-block])&gt;*]:pointer-events-auto [content-visibility:auto] supports-[content-visibility:auto]:[contain-intrinsic-size:auto_100lvh] R6Vx5W_threadScrollVars scroll-mb-[calc(var(--scroll-root-safe-area-inset-bottom,0px)+var(--thread-response-height))] scroll-mt-[calc(var(--header-height)+min(200px,max(70px,20svh)))]\" dir=\"auto\" data-turn-id=\"request-WEB:4209d0c0-ef78-4774-86e3-3479d1c219b6-0\" data-testid=\"conversation-turn-2\" data-scroll-anchor=\"false\" data-turn=\"assistant\">\n<div class=\"text-base my-auto mx-auto pb-10 [--thread-content-margin:var(--thread-content-margin-xs,calc(var(--spacing)*4))] @w-sm\/main:[--thread-content-margin:var(--thread-content-margin-sm,calc(var(--spacing)*6))] @w-lg\/main:[--thread-content-margin:var(--thread-content-margin-lg,calc(var(--spacing)*16))] px-(--thread-content-margin)\">\n<div class=\"[--thread-content-max-width:40rem] @w-lg\/main:[--thread-content-max-width:48rem] mx-auto max-w-(--thread-content-max-width) flex-1 group\/turn-messages focus-visible:outline-hidden relative flex w-full min-w-0 flex-col agent-turn\">\n<div class=\"flex max-w-full flex-col gap-4 grow\">\n<div class=\"min-h-8 text-message relative flex w-full flex-col items-end gap-2 text-start break-words whitespace-normal outline-none keyboard-focused:focus-ring [.text-message+&amp;]:mt-1\" dir=\"auto\" tabindex=\"0\" data-message-author-role=\"assistant\" data-message-id=\"d6c5effe-c3aa-4ae5-850f-7b6c332fc6cb\" data-message-model-slug=\"gpt-5-3\" data-turn-start-message=\"true\">\n<div class=\"flex w-full flex-col gap-1 empty:hidden\">\n<div class=\"markdown prose dark:prose-invert w-full wrap-break-word light markdown-new-styling\">\n<p data-start=\"179\" data-end=\"404\"><span dir=\"auto\">El despliegue del programa Coeduca&#8217;t no solo redefine contenidos educativos. Altera el propio equilibrio institucional sobre el que se construye cualquier sistema de ense\u00f1anza: la relaci\u00f3n entre escuela, familia y alumno.<\/span><\/p>\n<h5 data-start=\"406\" data-end=\"1061\"><strong><span dir=\"auto\">Uno de los elementos m\u00e1s significativos es la progresiva sustituci\u00f3n de la autoridad parental.<\/span><\/strong><\/h5>\n<p data-start=\"406\" data-end=\"1061\"><span dir=\"auto\"><span class=\"VIpgJd-yAWNEb-VIpgJd-fmcmS-sn54Q\" dir=\"auto\">Los protocolos de identidad de g\u00e9nero permiten que el<\/span><\/span><strong><span dir=\"auto\"><span class=\"VIpgJd-yAWNEb-VIpgJd-fmcmS-sn54Q\" dir=\"auto\"> menor decida su nombre y g\u00e9nero dentro<\/span><\/span><\/strong><span dir=\"auto\"><span class=\"VIpgJd-yAWNEb-VIpgJd-fmcmS-sn54Q\" dir=\"auto\">\u00a0de la escuela sin necesidad de validaci\u00f3n m\u00e9dica ni consentimiento familiar central. Esta decisi\u00f3n tiene efectos pr\u00e1cticos inmediatos: uso de espacios como los aseos de chicas por chicos que se sienten del otro sexo y viceversa, reconocimiento institucional y tratamiento social. Se inscribe en la escuela con el sexo y nombre que aduce el alumno al margen de los padres y, en su caso, se solicita asistencia de los servicios sociales o de salud bajo el mismo criterio de prescindir de la familia.<\/span><\/span><\/p>\n<p data-start=\"1063\" data-end=\"1330\"><strong><span dir=\"auto\">La familia queda as\u00ed relegada a un papel secundario. <\/span><\/strong><span dir=\"auto\">No es solo una p\u00e9rdida de influencia: es una inversi\u00f3n del rol. En determinados protocolos, la familia puede convertirse en objeto de sospecha si expresa desacuerdo. El sistema educativo se reserva la funci\u00f3n de validaci\u00f3n moral.<\/span><\/p>\n<h5 data-start=\"1332\" data-end=\"1763\"><strong><span dir=\"auto\">Este desplazamiento se extiende tambi\u00e9n al control del cuerpo.<\/span><\/strong><\/h5>\n<p data-start=\"1332\" data-end=\"1763\"><span dir=\"auto\"><span class=\"VIpgJd-yAWNEb-VIpgJd-fmcmS-sn54Q\" dir=\"auto\">La introducci\u00f3n de gu\u00edas como la de vida menstrual transforma procesos biol\u00f3gicos en objetos de supervisi\u00f3n institucional. El lenguaje se modifica para adaptarse a nuevas categor\u00edas \u2013<\/span><\/span><strong><span dir=\"auto\"><span class=\"VIpgJd-yAWNEb-VIpgJd-fmcmS-sn54Q\" dir=\"auto\">\u201cpersonas que menstruan\u201d<\/span><\/span><\/strong><span dir=\"auto\"><span class=\"VIpgJd-yAWNEb-VIpgJd-fmcmS-sn54Q\" dir=\"auto\">\u2013 a partir de los 10 a\u00f1os y dejan de ser chicas, y el profesorado asume funciones de vigilancia sobre cambios f\u00edsicos o h\u00e1bitos, con capacidad de derivaci\u00f3n a servicios externos.<\/span><\/span><\/p>\n<p data-start=\"1765\" data-end=\"1958\"><span dir=\"auto\">Todo esto configura un marco en el que la biolog\u00eda deja de ser un punto de referencia estable. El cuerpo es interpretable, y esta interpretaci\u00f3n se realiza desde un esquema ideol\u00f3gico determinado.<\/span><\/p>\n<p data-start=\"1960\" data-end=\"2319\"><span dir=\"auto\">Las consecuencias no son solo doctrinales. Son estructurales.<\/span><strong><span dir=\"auto\">El alumno est\u00e1 situado en un espacio de construcci\u00f3n permanente de su identidad.<\/span><\/strong><span dir=\"auto\"> No existen puntos fijos. Ni el cuerpo, ni la familia, ni la naturaleza, ni la cultura ofrecen estabilidad. Esta situaci\u00f3n genera una subjetividad radical, en la que el criterio \u00faltimo es el deseo, el placer y la autodeterminaci\u00f3n.<\/span><\/p>\n<p data-start=\"2321\" data-end=\"2643\"><span dir=\"auto\">En este contexto, la autoridad \u2014sea la del docente o la de los padres\u2014 se disuelve. Y con ella, la propia posibilidad de un proceso educativo ordenado. La escuela deja de ser un espacio de transmisi\u00f3n para convertirse en un espacio de redefinici\u00f3n cr\u00edtica de la realidad que rodea al alumno, empezando por su propia naturaleza.<\/span><\/p>\n<div class=\"flex max-w-full flex-col gap-4 grow\">\n<div class=\"min-h-8 text-message relative flex w-full flex-col items-end gap-2 text-start break-words whitespace-normal outline-none keyboard-focused:focus-ring [.text-message+&amp;]:mt-1\" dir=\"auto\" tabindex=\"0\" data-message-author-role=\"assistant\" data-message-id=\"d6c5effe-c3aa-4ae5-850f-7b6c332fc6cb\" data-message-model-slug=\"gpt-5-3\" data-turn-start-message=\"true\">\n<div class=\"flex w-full flex-col gap-1 empty:hidden\">\n<div class=\"markdown prose dark:prose-invert w-full wrap-break-word light markdown-new-styling\">\n<p data-start=\"2645\" data-end=\"3064\"><span dir=\"auto\">El resultado final es un cambio institucional, contrario al r\u00e9gimen constitucional que nos hemos dotado. El Estado (Generalitat) educativo asume el papel de referente moral principal. Define qu\u00e9 es identidad, qu\u00e9 es leg\u00edtimo y qu\u00e9 debe ser promovido, qu\u00e9 debe ser cancelado, vigilado o acusado. Esta <\/span><strong><span dir=\"auto\">concentraci\u00f3n de funciones es<\/span><\/strong><span dir=\"auto\">\u00a0dif\u00edcilmente compatible con una concepci\u00f3n pluralista de la democracia, con la propia democracia.<\/span><\/p>\n<p data-start=\"3066\" data-end=\"3160\"><span dir=\"auto\">Porque una escuela democr\u00e1tica no puede ser un instrumento de adoctrinamiento ideol\u00f3gico y partidista.<\/span><\/p>\n<p data-start=\"3162\" data-end=\"3193\" data-is-last-node=\"\" data-is-only-node=\"\"><span dir=\"auto\">Y ese es el punto de ruptura.<\/span><\/p>\n<p data-start=\"3162\" data-end=\"3193\" data-is-last-node=\"\" data-is-only-node=\"\">\n<\/div>\n<\/div>\n<\/div>\n<\/div>\n<div class=\"z-0 flex min-h-[46px] justify-start\"><a href=\"https:\/\/conversesacatalunya.cat\/es\/programa-coeducat-sistema-educativo-catalan\/\" target=\"_blank\" rel=\"noopener\"><strong><span dir=\"auto\">El derrumbe de la escuela de la Generalitat: del programa Coeduca&#8217;t a la soluci\u00f3n policial (1)<\/span><\/strong><\/a><\/div>\n<\/div>\n<div><\/div>\n<\/div>\n<\/div>\n<p data-start=\"3162\" data-end=\"3193\" data-is-last-node=\"\" data-is-only-node=\"\"><span class='bctt-click-to-tweet'><span class='bctt-ctt-text'><a href='https:\/\/twitter.com\/intent\/tweet?url=https%3A%2F%2Fconversesacatalunya.cat%2Fes%2Fidentidad-genero-escuela-coeducat%2F&#038;text=La%20escuela%20asume%20el%20papel%20de%20progenitor%20moral.%20%23Coeduca%27t&#038;via=conversesacat&#038;related=conversesacat' target='_blank'rel=\"noopener noreferrer\">La escuela asume el papel de progenitor moral. #Coeduca&#039;t <\/a><\/span><a href='https:\/\/twitter.com\/intent\/tweet?url=https%3A%2F%2Fconversesacatalunya.cat%2Fes%2Fidentidad-genero-escuela-coeducat%2F&#038;text=La%20escuela%20asume%20el%20papel%20de%20progenitor%20moral.%20%23Coeduca%27t&#038;via=conversesacat&#038;related=conversesacat' target='_blank' class='bctt-ctt-btn'rel=\"noopener noreferrer\">Compartir en X<\/a><\/span>\n<\/div>\n<\/div>\n<\/div>\n<\/section>\n","protected":false},"excerpt":{"rendered":"<p>El despliegue del programa Coeduca&#8217;t no solo redefine contenidos educativos. Altera el propio equilibrio institucional sobre el que se construye cualquier sistema de ense\u00f1anza: la relaci\u00f3n entre escuela, familia y alumno. Uno de los elementos m\u00e1s significativos es la progresiva sustituci\u00f3n de la autoridad parental. Los protocolos de identidad de g\u00e9nero permiten que el menor decida su nombre y g\u00e9nero dentro\u00a0de la escuela sin necesidad de validaci\u00f3n m\u00e9dica ni consentimiento familiar central. Esta decisi\u00f3n tiene efectos pr\u00e1cticos inmediatos: uso de espacios como los aseos de chicas por chicos que se sienten del otro sexo y viceversa, reconocimiento institucional y tratamiento social. Se inscribe en la escuela con el sexo y nombre que aduce el alumno al margen de los padres y, en su caso, se solicita asistencia de los servicios sociales o de salud bajo el mismo criterio de prescindir de la familia. La familia queda as\u00ed relegada a un papel secundario. No es solo una p\u00e9rdida de influencia: es una inversi\u00f3n del rol. En determinados protocolos, la familia puede convertirse en objeto de sospecha si expresa desacuerdo. El sistema educativo se reserva la funci\u00f3n de validaci\u00f3n moral. Este desplazamiento se extiende tambi\u00e9n al control del cuerpo. La introducci\u00f3n de gu\u00edas como la de vida menstrual transforma procesos biol\u00f3gicos en objetos de supervisi\u00f3n institucional. El lenguaje se modifica para adaptarse a nuevas categor\u00edas \u2013\u201cpersonas que menstruan\u201d\u2013 a partir de los 10 a\u00f1os y dejan de ser chicas, y el profesorado asume funciones de vigilancia sobre cambios f\u00edsicos o h\u00e1bitos, con capacidad de derivaci\u00f3n a servicios externos. Todo esto configura un marco en el que la biolog\u00eda deja de ser un punto de referencia estable. El cuerpo es interpretable, y esta interpretaci\u00f3n se realiza desde un esquema ideol\u00f3gico determinado. Las consecuencias no son solo doctrinales. Son estructurales.El alumno est\u00e1 situado en un espacio de construcci\u00f3n permanente de su identidad. No existen puntos fijos. Ni el cuerpo, ni la familia, ni la naturaleza, ni la cultura ofrecen estabilidad. Esta situaci\u00f3n genera una subjetividad radical, en la que el criterio \u00faltimo es el deseo, el placer y la autodeterminaci\u00f3n. En este contexto, la autoridad \u2014sea la del docente o la de los padres\u2014 se disuelve. Y con ella, la propia posibilidad de un proceso educativo ordenado. La escuela deja de ser un espacio de transmisi\u00f3n para convertirse en un espacio de redefinici\u00f3n cr\u00edtica de la realidad que rodea al alumno, empezando por su propia naturaleza. El resultado final es un cambio institucional, contrario al r\u00e9gimen constitucional que nos hemos dotado. El Estado (Generalitat) educativo asume el papel de referente moral principal. Define qu\u00e9 es identidad, qu\u00e9 es leg\u00edtimo y qu\u00e9 debe ser promovido, qu\u00e9 debe ser cancelado, vigilado o acusado. Esta concentraci\u00f3n de funciones es\u00a0dif\u00edcilmente compatible con una concepci\u00f3n pluralista de la democracia, con la propia democracia. Porque una escuela democr\u00e1tica no puede ser un instrumento de adoctrinamiento ideol\u00f3gico y partidista. Y ese es el punto de ruptura. El derrumbe de la escuela de la Generalitat: del programa Coeduca&#8217;t a la soluci\u00f3n policial (1)<\/p>\n","protected":false},"author":78,"featured_media":98372,"comment_status":"open","ping_status":"open","sticky":false,"template":"","format":"standard","meta":{"_FSMCFIC_featured_image_caption":"","_FSMCFIC_featured_image_nocaption":"","_FSMCFIC_featured_image_hide":"","footnotes":""},"categories":[806],"tags":[5560,1319,1136],"class_list":["post-98374","post","type-post","status-publish","format-standard","has-post-thumbnail","hentry","category-punts-claus-del-dia-es","tag-coeducat-2","tag-ensenanza","tag-ensenyament-es"],"yoast_head":"<!-- This site is optimized with the Yoast SEO plugin v26.8 - https:\/\/yoast.com\/product\/yoast-seo-wordpress\/ -->\n<title>El derrumbe de la escuela de la Generalitat: del programa Coeduca&#039;t a la soluci\u00f3n policial (2) - Converses a Catalunya<\/title>\n<meta name=\"description\" content=\"Los protocolos de identidad de g\u00e9nero permiten que el menor decida su nombre y g\u00e9nero dentro de la escuela sin validaci\u00f3n m\u00e9dica, familiar.\" \/>\n<meta name=\"robots\" content=\"index, follow, max-snippet:-1, max-image-preview:large, max-video-preview:-1\" \/>\n<link rel=\"canonical\" href=\"https:\/\/conversesacatalunya.cat\/es\/identidad-genero-escuela-coeducat\/\" \/>\n<meta property=\"og:locale\" content=\"es_ES\" \/>\n<meta property=\"og:type\" content=\"article\" \/>\n<meta property=\"og:title\" content=\"El derrumbe de la escuela de la Generalitat: del programa Coeduca&#039;t a la soluci\u00f3n policial (2) - Converses a Catalunya\" \/>\n<meta property=\"og:description\" content=\"Los protocolos de identidad de g\u00e9nero permiten que el menor decida su nombre y g\u00e9nero dentro de la escuela sin validaci\u00f3n m\u00e9dica, familiar.\" \/>\n<meta property=\"og:url\" content=\"https:\/\/conversesacatalunya.cat\/es\/identidad-genero-escuela-coeducat\/\" \/>\n<meta property=\"og:site_name\" content=\"Converses a Catalunya\" \/>\n<meta property=\"article:published_time\" content=\"2026-04-29T08:30:11+00:00\" \/>\n<meta property=\"article:modified_time\" content=\"2026-04-29T08:32:24+00:00\" \/>\n<meta property=\"og:image\" content=\"https:\/\/conversesacatalunya.cat\/wp-content\/uploads\/2026\/04\/imatge_100kb-1.jpg\" \/>\n\t<meta property=\"og:image:width\" content=\"1536\" \/>\n\t<meta property=\"og:image:height\" content=\"1024\" \/>\n\t<meta property=\"og:image:type\" content=\"image\/jpeg\" \/>\n<meta name=\"author\" content=\"Joan Masip\" \/>\n<meta name=\"twitter:card\" content=\"summary_large_image\" \/>\n<meta name=\"twitter:label1\" content=\"Escrito por\" \/>\n\t<meta name=\"twitter:data1\" content=\"Joan Masip\" \/>\n\t<meta name=\"twitter:label2\" content=\"Tiempo de lectura\" \/>\n\t<meta name=\"twitter:data2\" content=\"3 minutos\" \/>\n<script type=\"application\/ld+json\" class=\"yoast-schema-graph\">{\"@context\":\"https:\/\/schema.org\",\"@graph\":[{\"@type\":\"Article\",\"@id\":\"https:\/\/conversesacatalunya.cat\/es\/identidad-genero-escuela-coeducat\/#article\",\"isPartOf\":{\"@id\":\"https:\/\/conversesacatalunya.cat\/es\/identidad-genero-escuela-coeducat\/\"},\"author\":{\"name\":\"Joan Masip\",\"@id\":\"https:\/\/conversesacatalunya.cat\/#\/schema\/person\/311d0bf53def217d5124c78a7bc42275\"},\"headline\":\"El derrumbe de la escuela de la Generalitat: del programa Coeduca&#8217;t a la soluci\u00f3n policial (2)\",\"datePublished\":\"2026-04-29T08:30:11+00:00\",\"dateModified\":\"2026-04-29T08:32:24+00:00\",\"mainEntityOfPage\":{\"@id\":\"https:\/\/conversesacatalunya.cat\/es\/identidad-genero-escuela-coeducat\/\"},\"wordCount\":576,\"commentCount\":0,\"image\":{\"@id\":\"https:\/\/conversesacatalunya.cat\/es\/identidad-genero-escuela-coeducat\/#primaryimage\"},\"thumbnailUrl\":\"https:\/\/conversesacatalunya.cat\/wp-content\/uploads\/2026\/04\/imatge_100kb-1.jpg\",\"keywords\":[\"coeduca't\",\"Ense\u00f1anza\",\"Ensenyament\"],\"articleSection\":[\"Punts clau del dia (ES)\"],\"inLanguage\":\"es\",\"potentialAction\":[{\"@type\":\"CommentAction\",\"name\":\"Comment\",\"target\":[\"https:\/\/conversesacatalunya.cat\/es\/identidad-genero-escuela-coeducat\/#respond\"]}]},{\"@type\":\"WebPage\",\"@id\":\"https:\/\/conversesacatalunya.cat\/es\/identidad-genero-escuela-coeducat\/\",\"url\":\"https:\/\/conversesacatalunya.cat\/es\/identidad-genero-escuela-coeducat\/\",\"name\":\"El derrumbe de la escuela de la Generalitat: del programa Coeduca't a la soluci\u00f3n policial (2) - Converses a Catalunya\",\"isPartOf\":{\"@id\":\"https:\/\/conversesacatalunya.cat\/#website\"},\"primaryImageOfPage\":{\"@id\":\"https:\/\/conversesacatalunya.cat\/es\/identidad-genero-escuela-coeducat\/#primaryimage\"},\"image\":{\"@id\":\"https:\/\/conversesacatalunya.cat\/es\/identidad-genero-escuela-coeducat\/#primaryimage\"},\"thumbnailUrl\":\"https:\/\/conversesacatalunya.cat\/wp-content\/uploads\/2026\/04\/imatge_100kb-1.jpg\",\"datePublished\":\"2026-04-29T08:30:11+00:00\",\"dateModified\":\"2026-04-29T08:32:24+00:00\",\"author\":{\"@id\":\"https:\/\/conversesacatalunya.cat\/#\/schema\/person\/311d0bf53def217d5124c78a7bc42275\"},\"description\":\"Los protocolos de identidad de g\u00e9nero permiten que el menor decida su nombre y g\u00e9nero dentro de la escuela sin validaci\u00f3n m\u00e9dica, familiar.\",\"breadcrumb\":{\"@id\":\"https:\/\/conversesacatalunya.cat\/es\/identidad-genero-escuela-coeducat\/#breadcrumb\"},\"inLanguage\":\"es\",\"potentialAction\":[{\"@type\":\"ReadAction\",\"target\":[\"https:\/\/conversesacatalunya.cat\/es\/identidad-genero-escuela-coeducat\/\"]}]},{\"@type\":\"ImageObject\",\"inLanguage\":\"es\",\"@id\":\"https:\/\/conversesacatalunya.cat\/es\/identidad-genero-escuela-coeducat\/#primaryimage\",\"url\":\"https:\/\/conversesacatalunya.cat\/wp-content\/uploads\/2026\/04\/imatge_100kb-1.jpg\",\"contentUrl\":\"https:\/\/conversesacatalunya.cat\/wp-content\/uploads\/2026\/04\/imatge_100kb-1.jpg\",\"width\":1536,\"height\":1024,\"caption\":\"identidad g\u00e9nero escuela\"},{\"@type\":\"BreadcrumbList\",\"@id\":\"https:\/\/conversesacatalunya.cat\/es\/identidad-genero-escuela-coeducat\/#breadcrumb\",\"itemListElement\":[{\"@type\":\"ListItem\",\"position\":1,\"name\":\"Inici\",\"item\":\"https:\/\/conversesacatalunya.cat\/es\/\"},{\"@type\":\"ListItem\",\"position\":2,\"name\":\"El derrumbe de la escuela de la Generalitat: del programa Coeduca&#8217;t a la soluci\u00f3n policial (2)\"}]},{\"@type\":\"WebSite\",\"@id\":\"https:\/\/conversesacatalunya.cat\/#website\",\"url\":\"https:\/\/conversesacatalunya.cat\/\",\"name\":\"Converses a Catalunya\",\"description\":\"\",\"potentialAction\":[{\"@type\":\"SearchAction\",\"target\":{\"@type\":\"EntryPoint\",\"urlTemplate\":\"https:\/\/conversesacatalunya.cat\/?s={search_term_string}\"},\"query-input\":{\"@type\":\"PropertyValueSpecification\",\"valueRequired\":true,\"valueName\":\"search_term_string\"}}],\"inLanguage\":\"es\"},{\"@type\":\"Person\",\"@id\":\"https:\/\/conversesacatalunya.cat\/#\/schema\/person\/311d0bf53def217d5124c78a7bc42275\",\"name\":\"Joan Masip\",\"image\":{\"@type\":\"ImageObject\",\"inLanguage\":\"es\",\"@id\":\"https:\/\/conversesacatalunya.cat\/#\/schema\/person\/image\/\",\"url\":\"https:\/\/conversesacatalunya.cat\/wp-content\/litespeed\/avatar\/fa67b994763cff7d443f54b63ec96481.jpg?ver=1777372547\",\"contentUrl\":\"https:\/\/conversesacatalunya.cat\/wp-content\/litespeed\/avatar\/fa67b994763cff7d443f54b63ec96481.jpg?ver=1777372547\",\"caption\":\"Joan Masip\"},\"url\":\"https:\/\/conversesacatalunya.cat\/es\/author\/joan-masip\/\"}]}<\/script>\n<!-- \/ Yoast SEO plugin. -->","yoast_head_json":{"title":"El derrumbe de la escuela de la Generalitat: del programa Coeduca't a la soluci\u00f3n policial (2) - Converses a Catalunya","description":"Los protocolos de identidad de g\u00e9nero permiten que el menor decida su nombre y g\u00e9nero dentro de la escuela sin validaci\u00f3n m\u00e9dica, familiar.","robots":{"index":"index","follow":"follow","max-snippet":"max-snippet:-1","max-image-preview":"max-image-preview:large","max-video-preview":"max-video-preview:-1"},"canonical":"https:\/\/conversesacatalunya.cat\/es\/identidad-genero-escuela-coeducat\/","og_locale":"es_ES","og_type":"article","og_title":"El derrumbe de la escuela de la Generalitat: del programa Coeduca't a la soluci\u00f3n policial (2) - Converses a Catalunya","og_description":"Los protocolos de identidad de g\u00e9nero permiten que el menor decida su nombre y g\u00e9nero dentro de la escuela sin validaci\u00f3n m\u00e9dica, familiar.","og_url":"https:\/\/conversesacatalunya.cat\/es\/identidad-genero-escuela-coeducat\/","og_site_name":"Converses a Catalunya","article_published_time":"2026-04-29T08:30:11+00:00","article_modified_time":"2026-04-29T08:32:24+00:00","og_image":[{"width":1536,"height":1024,"url":"https:\/\/conversesacatalunya.cat\/wp-content\/uploads\/2026\/04\/imatge_100kb-1.jpg","type":"image\/jpeg"}],"author":"Joan Masip","twitter_card":"summary_large_image","twitter_misc":{"Escrito por":"Joan Masip","Tiempo de lectura":"3 minutos"},"schema":{"@context":"https:\/\/schema.org","@graph":[{"@type":"Article","@id":"https:\/\/conversesacatalunya.cat\/es\/identidad-genero-escuela-coeducat\/#article","isPartOf":{"@id":"https:\/\/conversesacatalunya.cat\/es\/identidad-genero-escuela-coeducat\/"},"author":{"name":"Joan Masip","@id":"https:\/\/conversesacatalunya.cat\/#\/schema\/person\/311d0bf53def217d5124c78a7bc42275"},"headline":"El derrumbe de la escuela de la Generalitat: del programa Coeduca&#8217;t a la soluci\u00f3n policial (2)","datePublished":"2026-04-29T08:30:11+00:00","dateModified":"2026-04-29T08:32:24+00:00","mainEntityOfPage":{"@id":"https:\/\/conversesacatalunya.cat\/es\/identidad-genero-escuela-coeducat\/"},"wordCount":576,"commentCount":0,"image":{"@id":"https:\/\/conversesacatalunya.cat\/es\/identidad-genero-escuela-coeducat\/#primaryimage"},"thumbnailUrl":"https:\/\/conversesacatalunya.cat\/wp-content\/uploads\/2026\/04\/imatge_100kb-1.jpg","keywords":["coeduca't","Ense\u00f1anza","Ensenyament"],"articleSection":["Punts clau del dia (ES)"],"inLanguage":"es","potentialAction":[{"@type":"CommentAction","name":"Comment","target":["https:\/\/conversesacatalunya.cat\/es\/identidad-genero-escuela-coeducat\/#respond"]}]},{"@type":"WebPage","@id":"https:\/\/conversesacatalunya.cat\/es\/identidad-genero-escuela-coeducat\/","url":"https:\/\/conversesacatalunya.cat\/es\/identidad-genero-escuela-coeducat\/","name":"El derrumbe de la escuela de la Generalitat: del programa Coeduca't a la soluci\u00f3n policial (2) - Converses a Catalunya","isPartOf":{"@id":"https:\/\/conversesacatalunya.cat\/#website"},"primaryImageOfPage":{"@id":"https:\/\/conversesacatalunya.cat\/es\/identidad-genero-escuela-coeducat\/#primaryimage"},"image":{"@id":"https:\/\/conversesacatalunya.cat\/es\/identidad-genero-escuela-coeducat\/#primaryimage"},"thumbnailUrl":"https:\/\/conversesacatalunya.cat\/wp-content\/uploads\/2026\/04\/imatge_100kb-1.jpg","datePublished":"2026-04-29T08:30:11+00:00","dateModified":"2026-04-29T08:32:24+00:00","author":{"@id":"https:\/\/conversesacatalunya.cat\/#\/schema\/person\/311d0bf53def217d5124c78a7bc42275"},"description":"Los protocolos de identidad de g\u00e9nero permiten que el menor decida su nombre y g\u00e9nero dentro de la escuela sin validaci\u00f3n m\u00e9dica, familiar.","breadcrumb":{"@id":"https:\/\/conversesacatalunya.cat\/es\/identidad-genero-escuela-coeducat\/#breadcrumb"},"inLanguage":"es","potentialAction":[{"@type":"ReadAction","target":["https:\/\/conversesacatalunya.cat\/es\/identidad-genero-escuela-coeducat\/"]}]},{"@type":"ImageObject","inLanguage":"es","@id":"https:\/\/conversesacatalunya.cat\/es\/identidad-genero-escuela-coeducat\/#primaryimage","url":"https:\/\/conversesacatalunya.cat\/wp-content\/uploads\/2026\/04\/imatge_100kb-1.jpg","contentUrl":"https:\/\/conversesacatalunya.cat\/wp-content\/uploads\/2026\/04\/imatge_100kb-1.jpg","width":1536,"height":1024,"caption":"identidad g\u00e9nero escuela"},{"@type":"BreadcrumbList","@id":"https:\/\/conversesacatalunya.cat\/es\/identidad-genero-escuela-coeducat\/#breadcrumb","itemListElement":[{"@type":"ListItem","position":1,"name":"Inici","item":"https:\/\/conversesacatalunya.cat\/es\/"},{"@type":"ListItem","position":2,"name":"El derrumbe de la escuela de la Generalitat: del programa Coeduca&#8217;t a la soluci\u00f3n policial (2)"}]},{"@type":"WebSite","@id":"https:\/\/conversesacatalunya.cat\/#website","url":"https:\/\/conversesacatalunya.cat\/","name":"Converses a Catalunya","description":"","potentialAction":[{"@type":"SearchAction","target":{"@type":"EntryPoint","urlTemplate":"https:\/\/conversesacatalunya.cat\/?s={search_term_string}"},"query-input":{"@type":"PropertyValueSpecification","valueRequired":true,"valueName":"search_term_string"}}],"inLanguage":"es"},{"@type":"Person","@id":"https:\/\/conversesacatalunya.cat\/#\/schema\/person\/311d0bf53def217d5124c78a7bc42275","name":"Joan Masip","image":{"@type":"ImageObject","inLanguage":"es","@id":"https:\/\/conversesacatalunya.cat\/#\/schema\/person\/image\/","url":"https:\/\/conversesacatalunya.cat\/wp-content\/litespeed\/avatar\/fa67b994763cff7d443f54b63ec96481.jpg?ver=1777372547","contentUrl":"https:\/\/conversesacatalunya.cat\/wp-content\/litespeed\/avatar\/fa67b994763cff7d443f54b63ec96481.jpg?ver=1777372547","caption":"Joan Masip"},"url":"https:\/\/conversesacatalunya.cat\/es\/author\/joan-masip\/"}]}},"wps_subtitle":"Coeduca\u2019t y la ruptura del pacto educativo: familia, cuerpo y autoridad","_links":{"self":[{"href":"https:\/\/conversesacatalunya.cat\/es\/wp-json\/wp\/v2\/posts\/98374","targetHints":{"allow":["GET"]}}],"collection":[{"href":"https:\/\/conversesacatalunya.cat\/es\/wp-json\/wp\/v2\/posts"}],"about":[{"href":"https:\/\/conversesacatalunya.cat\/es\/wp-json\/wp\/v2\/types\/post"}],"author":[{"embeddable":true,"href":"https:\/\/conversesacatalunya.cat\/es\/wp-json\/wp\/v2\/users\/78"}],"replies":[{"embeddable":true,"href":"https:\/\/conversesacatalunya.cat\/es\/wp-json\/wp\/v2\/comments?post=98374"}],"version-history":[{"count":6,"href":"https:\/\/conversesacatalunya.cat\/es\/wp-json\/wp\/v2\/posts\/98374\/revisions"}],"predecessor-version":[{"id":98383,"href":"https:\/\/conversesacatalunya.cat\/es\/wp-json\/wp\/v2\/posts\/98374\/revisions\/98383"}],"wp:featuredmedia":[{"embeddable":true,"href":"https:\/\/conversesacatalunya.cat\/es\/wp-json\/wp\/v2\/media\/98372"}],"wp:attachment":[{"href":"https:\/\/conversesacatalunya.cat\/es\/wp-json\/wp\/v2\/media?parent=98374"}],"wp:term":[{"taxonomy":"category","embeddable":true,"href":"https:\/\/conversesacatalunya.cat\/es\/wp-json\/wp\/v2\/categories?post=98374"},{"taxonomy":"post_tag","embeddable":true,"href":"https:\/\/conversesacatalunya.cat\/es\/wp-json\/wp\/v2\/tags?post=98374"}],"curies":[{"name":"wp","href":"https:\/\/api.w.org\/{rel}","templated":true}]}}