{"id":98362,"date":"2026-04-28T12:38:31","date_gmt":"2026-04-28T10:38:31","guid":{"rendered":"https:\/\/conversesacatalunya.cat\/?p=98362"},"modified":"2026-04-28T12:57:09","modified_gmt":"2026-04-28T10:57:09","slug":"programa-coeducat-sistema-educativo-catalan","status":"publish","type":"post","link":"https:\/\/conversesacatalunya.cat\/es\/programa-coeducat-sistema-educativo-catalan\/","title":{"rendered":"El derrumbe de la escuela de la Generalitat: del programa Coeduca&#8217;t a la soluci\u00f3n policial (1)"},"content":{"rendered":"<p data-start=\"220\" data-end=\"549\"><span dir=\"auto\"><span class=\"VIpgJd-yAWNEb-VIpgJd-fmcmS-sn54Q\" dir=\"auto\">El<span>\u00a0<\/span><\/span><\/span><a href=\"https:\/\/blocs.xtec.cat\/coeducacioiigualtat\/2022\/02\/01\/educacio-afectivosexual\/\" target=\"_blank\" rel=\"noopener\"><span dir=\"auto\"><span class=\"VIpgJd-yAWNEb-VIpgJd-fmcmS-sn54Q\" dir=\"auto\">programa Coeduca&#8217;t<\/span><\/span><\/a><span dir=\"auto\"><span class=\"VIpgJd-yAWNEb-VIpgJd-fmcmS-sn54Q\" dir=\"auto\"><span> <\/span>constituye hoy uno de los elementos centrales para entender la transformaci\u00f3n del sistema educativo catal\u00e1n. No es un complemento pedag\u00f3gico ni una l\u00ednea transversal menor. Es una arquitectura ideol\u00f3gica que redefine lo que es educar.<\/span><\/span><\/p>\n<p data-start=\"551\" data-end=\"938\"><span dir=\"auto\"><span class=\"VIpgJd-yAWNEb-VIpgJd-fmcmS-sn54Q\" dir=\"auto\">Su punto de partida es expl\u00edcito:<span>\u00a0<\/span><\/span><\/span><strong><span dir=\"auto\"><span class=\"VIpgJd-yAWNEb-VIpgJd-fmcmS-sn54Q\" dir=\"auto\">la necesidad de deconstruir las estructuras tradicionales de poder.<\/span><\/span><\/strong><span dir=\"auto\"><span class=\"VIpgJd-yAWNEb-VIpgJd-fmcmS-sn54Q\" dir=\"auto\">\u00a0En este esquema, la familia -padre, madre e hijos- no es un sujeto educativo a preservar, sino un objeto a vigilar y, si es necesario, a superar. Esta operaci\u00f3n no es ret\u00f3rica. Se articula mediante contenidos, lenguaje, metodolog\u00edas y protocolos que afectan a todas las etapas educativas.<\/span><\/span><\/p>\n<p data-start=\"940\" data-end=\"1322\"><span dir=\"auto\">Desde los<span>\u00a0<\/span><\/span><strong><span dir=\"auto\">tres a\u00f1os,<\/span><\/strong><span dir=\"auto\"><span>\u00a0<\/span>el sistema introduce una nueva gram\u00e1tica de la identidad. La distinci\u00f3n biol\u00f3gica entre hombre y mujer es sustituida por<span>\u00a0<\/span><\/span><strong><span dir=\"auto\">una lectura basada en el g\u00e9nero como construcci\u00f3n<\/span><\/strong><span dir=\"auto\">. El cuerpo deja de ser una realidad a conocer para convertirse en un campo de interpretaci\u00f3n. La intimidad se relativiza en actividades que promueven la exploraci\u00f3n corporal como mecanismo de normalizaci\u00f3n.<\/span><\/p>\n<p data-start=\"1324\" data-end=\"1692\"><strong><span dir=\"auto\"><span class=\"VIpgJd-yAWNEb-VIpgJd-fmcmS-sn54Q\" dir=\"auto\">En primaria,<\/span><\/span><\/strong><span dir=\"auto\"><span class=\"VIpgJd-yAWNEb-VIpgJd-fmcmS-sn54Q\" dir=\"auto\">\u00a0el foco se desplaza hacia la familia. El alumno est\u00e1 invitado a observarla con ojo cr\u00edtico. Las relaciones entre padres e hijos se analizan en t\u00e9rminos de poder, dominaci\u00f3n y reproducci\u00f3n de roles. El resultado es una<span>\u00a0<\/span><\/span><\/span><strong><span dir=\"auto\"><span class=\"VIpgJd-yAWNEb-VIpgJd-fmcmS-sn54Q\" dir=\"auto\">relectura del n\u00facleo familiar como un espacio potencialmente conflictivo.<\/span><\/span><\/strong><span dir=\"auto\"><span class=\"VIpgJd-yAWNEb-VIpgJd-fmcmS-sn54Q\" dir=\"auto\"><span>\u00a0<\/span>El ni\u00f1o no solo aprende contenidos: aprende a sospechar de su entorno m\u00e1s inmediato.<\/span><\/span><\/p>\n<p data-start=\"1694\" data-end=\"2111\"><strong><span dir=\"auto\">Esta din\u00e1mica se refuerza con instrumentos espec\u00edficos.<\/span><\/strong><span dir=\"auto\">\u00a0El juego Tutty, aplicado a cursos superiores de primaria, propone una completa reconstrucci\u00f3n del concepto de familia. Los roles desaparecen, las categor\u00edas se diluyen y la permanencia deja de ser un valor. La familia se presenta como una combinaci\u00f3n variable, sin estructura ni fundamento estable. El padre y la madre dejan de tener un sentido permanente y universal.<\/span><\/p>\n<p data-start=\"2113\" data-end=\"2415\"><span dir=\"auto\">Paralelamente, los materiales audiovisuales introducen una sexualidad desvinculada de cualquier marco de responsabilidad. <\/span><strong><span dir=\"auto\">Programas como \u201cOh My Goig\u201d, difundidos a trav\u00e9s de BTV,<\/span><\/strong><span dir=\"auto\">\u00a0abordan la pornograf\u00eda, la prostituci\u00f3n o la masturbaci\u00f3n como expresiones de empoderamiento. El sexo se convierte en un instrumento pol\u00edtico.<\/span><\/p>\n<p data-start=\"2113\" data-end=\"2415\"><strong><span dir=\"auto\"><span class=\"VIpgJd-yAWNEb-VIpgJd-fmcmS-sn54Q\" dir=\"auto\">En secundaria, el proceso culmina.<\/span><\/span><\/strong><span dir=\"auto\"><span class=\"VIpgJd-yAWNEb-VIpgJd-fmcmS-sn54Q\" dir=\"auto\"> El alumno est\u00e1 situado en una posici\u00f3n de activista. Ya no se trata solo de interpretar la realidad, sino de intervenir en ella. Se promueve la denuncia de conductas consideradas contrarias a los derechos sexuales y reproductivos \u2013como el aborto o las cuestiones transg\u00e9nero\u2013 y se define un marco de referentes ideol\u00f3gicos que deben ser conocidos y seguidos.<\/span><\/span><\/p>\n<h5 data-start=\"2789\" data-end=\"3067\"><strong><span dir=\"auto\"><span class=\"\" dir=\"auto\">El resultado es un sistema educativo que ha dejado de tener como centro su conocimiento.<\/span><\/span><\/strong><\/h5>\n<p data-start=\"2789\" data-end=\"3067\"><span dir=\"auto\">Su principal funci\u00f3n ya no es transmitir saber, sino adoctrinar y politizar seg\u00fan una determinada visi\u00f3n ideol\u00f3gica, configurando identidades y orientaciones morales seg\u00fan un patr\u00f3n concreto.<\/span><\/p>\n<p data-start=\"3069\" data-end=\"3181\"><span dir=\"auto\">Esta es la transformaci\u00f3n silenciosa que tiene fuertes consecuencias sobre la gente joven. Lo veremos con m\u00e1s detalle.<\/span><\/p>\n<p data-start=\"3069\" data-end=\"3181\"><span class='bctt-click-to-tweet'><span class='bctt-ctt-text'><a href='https:\/\/twitter.com\/intent\/tweet?url=https%3A%2F%2Fconversesacatalunya.cat%2Fes%2Fprograma-coeducat-sistema-educativo-catalan%2F&#038;text=El%20Coeduca%27t%20no%20es%20un%20complemento%3A%20es%20el%20n%C3%BAcleo%20del%20nuevo%20sistema%20educativo%20catal%C3%A1n&#038;via=conversesacat&#038;related=conversesacat' target='_blank'rel=\"noopener noreferrer\">El Coeduca&#039;t no es un complemento: es el n\u00facleo del nuevo sistema educativo catal\u00e1n <\/a><\/span><a href='https:\/\/twitter.com\/intent\/tweet?url=https%3A%2F%2Fconversesacatalunya.cat%2Fes%2Fprograma-coeducat-sistema-educativo-catalan%2F&#038;text=El%20Coeduca%27t%20no%20es%20un%20complemento%3A%20es%20el%20n%C3%BAcleo%20del%20nuevo%20sistema%20educativo%20catal%C3%A1n&#038;via=conversesacat&#038;related=conversesacat' target='_blank' class='bctt-ctt-btn'rel=\"noopener noreferrer\">Compartir en X<\/a><\/span>\n","protected":false},"excerpt":{"rendered":"<p>El\u00a0programa Coeduca&#8217;t constituye hoy uno de los elementos centrales para entender la transformaci\u00f3n del sistema educativo catal\u00e1n. No es un complemento pedag\u00f3gico ni una l\u00ednea transversal menor. Es una arquitectura ideol\u00f3gica que redefine lo que es educar. Su punto de partida es expl\u00edcito:\u00a0la necesidad de deconstruir las estructuras tradicionales de poder.\u00a0En este esquema, la familia -padre, madre e hijos- no es un sujeto educativo a preservar, sino un objeto a vigilar y, si es necesario, a superar. Esta operaci\u00f3n no es ret\u00f3rica. Se articula mediante contenidos, lenguaje, metodolog\u00edas y protocolos que afectan a todas las etapas educativas. Desde los\u00a0tres a\u00f1os,\u00a0el sistema introduce una nueva gram\u00e1tica de la identidad. La distinci\u00f3n biol\u00f3gica entre hombre y mujer es sustituida por\u00a0una lectura basada en el g\u00e9nero como construcci\u00f3n. El cuerpo deja de ser una realidad a conocer para convertirse en un campo de interpretaci\u00f3n. La intimidad se relativiza en actividades que promueven la exploraci\u00f3n corporal como mecanismo de normalizaci\u00f3n. En primaria,\u00a0el foco se desplaza hacia la familia. El alumno est\u00e1 invitado a observarla con ojo cr\u00edtico. Las relaciones entre padres e hijos se analizan en t\u00e9rminos de poder, dominaci\u00f3n y reproducci\u00f3n de roles. El resultado es una\u00a0relectura del n\u00facleo familiar como un espacio potencialmente conflictivo.\u00a0El ni\u00f1o no solo aprende contenidos: aprende a sospechar de su entorno m\u00e1s inmediato. Esta din\u00e1mica se refuerza con instrumentos espec\u00edficos.\u00a0El juego Tutty, aplicado a cursos superiores de primaria, propone una completa reconstrucci\u00f3n del concepto de familia. Los roles desaparecen, las categor\u00edas se diluyen y la permanencia deja de ser un valor. La familia se presenta como una combinaci\u00f3n variable, sin estructura ni fundamento estable. El padre y la madre dejan de tener un sentido permanente y universal. Paralelamente, los materiales audiovisuales introducen una sexualidad desvinculada de cualquier marco de responsabilidad. Programas como \u201cOh My Goig\u201d, difundidos a trav\u00e9s de BTV,\u00a0abordan la pornograf\u00eda, la prostituci\u00f3n o la masturbaci\u00f3n como expresiones de empoderamiento. El sexo se convierte en un instrumento pol\u00edtico. En secundaria, el proceso culmina. El alumno est\u00e1 situado en una posici\u00f3n de activista. Ya no se trata solo de interpretar la realidad, sino de intervenir en ella. Se promueve la denuncia de conductas consideradas contrarias a los derechos sexuales y reproductivos \u2013como el aborto o las cuestiones transg\u00e9nero\u2013 y se define un marco de referentes ideol\u00f3gicos que deben ser conocidos y seguidos. El resultado es un sistema educativo que ha dejado de tener como centro su conocimiento. Su principal funci\u00f3n ya no es transmitir saber, sino adoctrinar y politizar seg\u00fan una determinada visi\u00f3n ideol\u00f3gica, configurando identidades y orientaciones morales seg\u00fan un patr\u00f3n concreto. Esta es la transformaci\u00f3n silenciosa que tiene fuertes consecuencias sobre la gente joven. Lo veremos con m\u00e1s detalle.<\/p>\n","protected":false},"author":78,"featured_media":98353,"comment_status":"open","ping_status":"open","sticky":false,"template":"","format":"standard","meta":{"_FSMCFIC_featured_image_caption":"","_FSMCFIC_featured_image_nocaption":"","_FSMCFIC_featured_image_hide":"","footnotes":""},"categories":[806],"tags":[5560,1319,1136],"class_list":["post-98362","post","type-post","status-publish","format-standard","has-post-thumbnail","hentry","category-punts-claus-del-dia-es","tag-coeducat-2","tag-ensenanza","tag-ensenyament-es"],"yoast_head":"<!-- This site is optimized with the Yoast SEO plugin v26.8 - https:\/\/yoast.com\/product\/yoast-seo-wordpress\/ -->\n<title>El derrumbe de la escuela de la Generalitat: del programa Coeduca&#039;t a la soluci\u00f3n policial (1) - Converses a Catalunya<\/title>\n<meta name=\"description\" content=\"El programa Coeduca&#039;t \u00a0constituye hoy uno de los elementos centrales para entender la transformaci\u00f3n del sistema educativo catal\u00e1n.\" \/>\n<meta name=\"robots\" content=\"index, follow, max-snippet:-1, max-image-preview:large, max-video-preview:-1\" \/>\n<link rel=\"canonical\" href=\"https:\/\/conversesacatalunya.cat\/es\/programa-coeducat-sistema-educativo-catalan\/\" \/>\n<meta property=\"og:locale\" content=\"es_ES\" \/>\n<meta property=\"og:type\" content=\"article\" \/>\n<meta property=\"og:title\" content=\"El derrumbe de la escuela de la Generalitat: del programa Coeduca&#039;t a la soluci\u00f3n policial (1) - Converses a Catalunya\" \/>\n<meta property=\"og:description\" content=\"El programa Coeduca&#039;t \u00a0constituye hoy uno de los elementos centrales para entender la transformaci\u00f3n del sistema educativo catal\u00e1n.\" \/>\n<meta property=\"og:url\" content=\"https:\/\/conversesacatalunya.cat\/es\/programa-coeducat-sistema-educativo-catalan\/\" \/>\n<meta property=\"og:site_name\" content=\"Converses a Catalunya\" \/>\n<meta property=\"article:published_time\" content=\"2026-04-28T10:38:31+00:00\" \/>\n<meta property=\"article:modified_time\" content=\"2026-04-28T10:57:09+00:00\" \/>\n<meta property=\"og:image\" content=\"https:\/\/conversesacatalunya.cat\/wp-content\/uploads\/2026\/04\/tutty_compressed.jpg\" \/>\n\t<meta property=\"og:image:width\" content=\"544\" \/>\n\t<meta property=\"og:image:height\" content=\"541\" \/>\n\t<meta property=\"og:image:type\" content=\"image\/jpeg\" \/>\n<meta name=\"author\" content=\"Joan Masip\" \/>\n<meta name=\"twitter:card\" content=\"summary_large_image\" \/>\n<meta name=\"twitter:label1\" content=\"Escrito por\" \/>\n\t<meta name=\"twitter:data1\" content=\"Joan Masip\" \/>\n\t<meta name=\"twitter:label2\" content=\"Tiempo de lectura\" \/>\n\t<meta name=\"twitter:data2\" content=\"3 minutos\" \/>\n<script type=\"application\/ld+json\" class=\"yoast-schema-graph\">{\"@context\":\"https:\/\/schema.org\",\"@graph\":[{\"@type\":\"Article\",\"@id\":\"https:\/\/conversesacatalunya.cat\/es\/programa-coeducat-sistema-educativo-catalan\/#article\",\"isPartOf\":{\"@id\":\"https:\/\/conversesacatalunya.cat\/es\/programa-coeducat-sistema-educativo-catalan\/\"},\"author\":{\"name\":\"Joan Masip\",\"@id\":\"https:\/\/conversesacatalunya.cat\/#\/schema\/person\/311d0bf53def217d5124c78a7bc42275\"},\"headline\":\"El derrumbe de la escuela de la Generalitat: del programa Coeduca&#8217;t a la soluci\u00f3n policial (1)\",\"datePublished\":\"2026-04-28T10:38:31+00:00\",\"dateModified\":\"2026-04-28T10:57:09+00:00\",\"mainEntityOfPage\":{\"@id\":\"https:\/\/conversesacatalunya.cat\/es\/programa-coeducat-sistema-educativo-catalan\/\"},\"wordCount\":539,\"commentCount\":0,\"image\":{\"@id\":\"https:\/\/conversesacatalunya.cat\/es\/programa-coeducat-sistema-educativo-catalan\/#primaryimage\"},\"thumbnailUrl\":\"https:\/\/conversesacatalunya.cat\/wp-content\/uploads\/2026\/04\/tutty_compressed.jpg\",\"keywords\":[\"coeduca't\",\"Ense\u00f1anza\",\"Ensenyament\"],\"articleSection\":[\"Punts clau del dia (ES)\"],\"inLanguage\":\"es\",\"potentialAction\":[{\"@type\":\"CommentAction\",\"name\":\"Comment\",\"target\":[\"https:\/\/conversesacatalunya.cat\/es\/programa-coeducat-sistema-educativo-catalan\/#respond\"]}]},{\"@type\":\"WebPage\",\"@id\":\"https:\/\/conversesacatalunya.cat\/es\/programa-coeducat-sistema-educativo-catalan\/\",\"url\":\"https:\/\/conversesacatalunya.cat\/es\/programa-coeducat-sistema-educativo-catalan\/\",\"name\":\"El derrumbe de la escuela de la Generalitat: del programa Coeduca't a la soluci\u00f3n policial (1) - Converses a Catalunya\",\"isPartOf\":{\"@id\":\"https:\/\/conversesacatalunya.cat\/#website\"},\"primaryImageOfPage\":{\"@id\":\"https:\/\/conversesacatalunya.cat\/es\/programa-coeducat-sistema-educativo-catalan\/#primaryimage\"},\"image\":{\"@id\":\"https:\/\/conversesacatalunya.cat\/es\/programa-coeducat-sistema-educativo-catalan\/#primaryimage\"},\"thumbnailUrl\":\"https:\/\/conversesacatalunya.cat\/wp-content\/uploads\/2026\/04\/tutty_compressed.jpg\",\"datePublished\":\"2026-04-28T10:38:31+00:00\",\"dateModified\":\"2026-04-28T10:57:09+00:00\",\"author\":{\"@id\":\"https:\/\/conversesacatalunya.cat\/#\/schema\/person\/311d0bf53def217d5124c78a7bc42275\"},\"description\":\"El programa Coeduca't \u00a0constituye hoy uno de los elementos centrales para entender la transformaci\u00f3n del sistema educativo catal\u00e1n.\",\"breadcrumb\":{\"@id\":\"https:\/\/conversesacatalunya.cat\/es\/programa-coeducat-sistema-educativo-catalan\/#breadcrumb\"},\"inLanguage\":\"es\",\"potentialAction\":[{\"@type\":\"ReadAction\",\"target\":[\"https:\/\/conversesacatalunya.cat\/es\/programa-coeducat-sistema-educativo-catalan\/\"]}]},{\"@type\":\"ImageObject\",\"inLanguage\":\"es\",\"@id\":\"https:\/\/conversesacatalunya.cat\/es\/programa-coeducat-sistema-educativo-catalan\/#primaryimage\",\"url\":\"https:\/\/conversesacatalunya.cat\/wp-content\/uploads\/2026\/04\/tutty_compressed.jpg\",\"contentUrl\":\"https:\/\/conversesacatalunya.cat\/wp-content\/uploads\/2026\/04\/tutty_compressed.jpg\",\"width\":544,\"height\":541,\"caption\":\"Sistema educativo catal\u00e1n\"},{\"@type\":\"BreadcrumbList\",\"@id\":\"https:\/\/conversesacatalunya.cat\/es\/programa-coeducat-sistema-educativo-catalan\/#breadcrumb\",\"itemListElement\":[{\"@type\":\"ListItem\",\"position\":1,\"name\":\"Inici\",\"item\":\"https:\/\/conversesacatalunya.cat\/es\/\"},{\"@type\":\"ListItem\",\"position\":2,\"name\":\"El derrumbe de la escuela de la Generalitat: del programa Coeduca&#8217;t a la soluci\u00f3n policial (1)\"}]},{\"@type\":\"WebSite\",\"@id\":\"https:\/\/conversesacatalunya.cat\/#website\",\"url\":\"https:\/\/conversesacatalunya.cat\/\",\"name\":\"Converses a Catalunya\",\"description\":\"\",\"potentialAction\":[{\"@type\":\"SearchAction\",\"target\":{\"@type\":\"EntryPoint\",\"urlTemplate\":\"https:\/\/conversesacatalunya.cat\/?s={search_term_string}\"},\"query-input\":{\"@type\":\"PropertyValueSpecification\",\"valueRequired\":true,\"valueName\":\"search_term_string\"}}],\"inLanguage\":\"es\"},{\"@type\":\"Person\",\"@id\":\"https:\/\/conversesacatalunya.cat\/#\/schema\/person\/311d0bf53def217d5124c78a7bc42275\",\"name\":\"Joan Masip\",\"image\":{\"@type\":\"ImageObject\",\"inLanguage\":\"es\",\"@id\":\"https:\/\/conversesacatalunya.cat\/#\/schema\/person\/image\/\",\"url\":\"https:\/\/conversesacatalunya.cat\/wp-content\/litespeed\/avatar\/fa67b994763cff7d443f54b63ec96481.jpg?ver=1777372547\",\"contentUrl\":\"https:\/\/conversesacatalunya.cat\/wp-content\/litespeed\/avatar\/fa67b994763cff7d443f54b63ec96481.jpg?ver=1777372547\",\"caption\":\"Joan Masip\"},\"url\":\"https:\/\/conversesacatalunya.cat\/es\/author\/joan-masip\/\"}]}<\/script>\n<!-- \/ Yoast SEO plugin. -->","yoast_head_json":{"title":"El derrumbe de la escuela de la Generalitat: del programa Coeduca't a la soluci\u00f3n policial (1) - Converses a Catalunya","description":"El programa Coeduca't \u00a0constituye hoy uno de los elementos centrales para entender la transformaci\u00f3n del sistema educativo catal\u00e1n.","robots":{"index":"index","follow":"follow","max-snippet":"max-snippet:-1","max-image-preview":"max-image-preview:large","max-video-preview":"max-video-preview:-1"},"canonical":"https:\/\/conversesacatalunya.cat\/es\/programa-coeducat-sistema-educativo-catalan\/","og_locale":"es_ES","og_type":"article","og_title":"El derrumbe de la escuela de la Generalitat: del programa Coeduca't a la soluci\u00f3n policial (1) - Converses a Catalunya","og_description":"El programa Coeduca't \u00a0constituye hoy uno de los elementos centrales para entender la transformaci\u00f3n del sistema educativo catal\u00e1n.","og_url":"https:\/\/conversesacatalunya.cat\/es\/programa-coeducat-sistema-educativo-catalan\/","og_site_name":"Converses a Catalunya","article_published_time":"2026-04-28T10:38:31+00:00","article_modified_time":"2026-04-28T10:57:09+00:00","og_image":[{"width":544,"height":541,"url":"https:\/\/conversesacatalunya.cat\/wp-content\/uploads\/2026\/04\/tutty_compressed.jpg","type":"image\/jpeg"}],"author":"Joan Masip","twitter_card":"summary_large_image","twitter_misc":{"Escrito por":"Joan Masip","Tiempo de lectura":"3 minutos"},"schema":{"@context":"https:\/\/schema.org","@graph":[{"@type":"Article","@id":"https:\/\/conversesacatalunya.cat\/es\/programa-coeducat-sistema-educativo-catalan\/#article","isPartOf":{"@id":"https:\/\/conversesacatalunya.cat\/es\/programa-coeducat-sistema-educativo-catalan\/"},"author":{"name":"Joan Masip","@id":"https:\/\/conversesacatalunya.cat\/#\/schema\/person\/311d0bf53def217d5124c78a7bc42275"},"headline":"El derrumbe de la escuela de la Generalitat: del programa Coeduca&#8217;t a la soluci\u00f3n policial (1)","datePublished":"2026-04-28T10:38:31+00:00","dateModified":"2026-04-28T10:57:09+00:00","mainEntityOfPage":{"@id":"https:\/\/conversesacatalunya.cat\/es\/programa-coeducat-sistema-educativo-catalan\/"},"wordCount":539,"commentCount":0,"image":{"@id":"https:\/\/conversesacatalunya.cat\/es\/programa-coeducat-sistema-educativo-catalan\/#primaryimage"},"thumbnailUrl":"https:\/\/conversesacatalunya.cat\/wp-content\/uploads\/2026\/04\/tutty_compressed.jpg","keywords":["coeduca't","Ense\u00f1anza","Ensenyament"],"articleSection":["Punts clau del dia (ES)"],"inLanguage":"es","potentialAction":[{"@type":"CommentAction","name":"Comment","target":["https:\/\/conversesacatalunya.cat\/es\/programa-coeducat-sistema-educativo-catalan\/#respond"]}]},{"@type":"WebPage","@id":"https:\/\/conversesacatalunya.cat\/es\/programa-coeducat-sistema-educativo-catalan\/","url":"https:\/\/conversesacatalunya.cat\/es\/programa-coeducat-sistema-educativo-catalan\/","name":"El derrumbe de la escuela de la Generalitat: del programa Coeduca't a la soluci\u00f3n policial (1) - Converses a Catalunya","isPartOf":{"@id":"https:\/\/conversesacatalunya.cat\/#website"},"primaryImageOfPage":{"@id":"https:\/\/conversesacatalunya.cat\/es\/programa-coeducat-sistema-educativo-catalan\/#primaryimage"},"image":{"@id":"https:\/\/conversesacatalunya.cat\/es\/programa-coeducat-sistema-educativo-catalan\/#primaryimage"},"thumbnailUrl":"https:\/\/conversesacatalunya.cat\/wp-content\/uploads\/2026\/04\/tutty_compressed.jpg","datePublished":"2026-04-28T10:38:31+00:00","dateModified":"2026-04-28T10:57:09+00:00","author":{"@id":"https:\/\/conversesacatalunya.cat\/#\/schema\/person\/311d0bf53def217d5124c78a7bc42275"},"description":"El programa Coeduca't \u00a0constituye hoy uno de los elementos centrales para entender la transformaci\u00f3n del sistema educativo catal\u00e1n.","breadcrumb":{"@id":"https:\/\/conversesacatalunya.cat\/es\/programa-coeducat-sistema-educativo-catalan\/#breadcrumb"},"inLanguage":"es","potentialAction":[{"@type":"ReadAction","target":["https:\/\/conversesacatalunya.cat\/es\/programa-coeducat-sistema-educativo-catalan\/"]}]},{"@type":"ImageObject","inLanguage":"es","@id":"https:\/\/conversesacatalunya.cat\/es\/programa-coeducat-sistema-educativo-catalan\/#primaryimage","url":"https:\/\/conversesacatalunya.cat\/wp-content\/uploads\/2026\/04\/tutty_compressed.jpg","contentUrl":"https:\/\/conversesacatalunya.cat\/wp-content\/uploads\/2026\/04\/tutty_compressed.jpg","width":544,"height":541,"caption":"Sistema educativo catal\u00e1n"},{"@type":"BreadcrumbList","@id":"https:\/\/conversesacatalunya.cat\/es\/programa-coeducat-sistema-educativo-catalan\/#breadcrumb","itemListElement":[{"@type":"ListItem","position":1,"name":"Inici","item":"https:\/\/conversesacatalunya.cat\/es\/"},{"@type":"ListItem","position":2,"name":"El derrumbe de la escuela de la Generalitat: del programa Coeduca&#8217;t a la soluci\u00f3n policial (1)"}]},{"@type":"WebSite","@id":"https:\/\/conversesacatalunya.cat\/#website","url":"https:\/\/conversesacatalunya.cat\/","name":"Converses a Catalunya","description":"","potentialAction":[{"@type":"SearchAction","target":{"@type":"EntryPoint","urlTemplate":"https:\/\/conversesacatalunya.cat\/?s={search_term_string}"},"query-input":{"@type":"PropertyValueSpecification","valueRequired":true,"valueName":"search_term_string"}}],"inLanguage":"es"},{"@type":"Person","@id":"https:\/\/conversesacatalunya.cat\/#\/schema\/person\/311d0bf53def217d5124c78a7bc42275","name":"Joan Masip","image":{"@type":"ImageObject","inLanguage":"es","@id":"https:\/\/conversesacatalunya.cat\/#\/schema\/person\/image\/","url":"https:\/\/conversesacatalunya.cat\/wp-content\/litespeed\/avatar\/fa67b994763cff7d443f54b63ec96481.jpg?ver=1777372547","contentUrl":"https:\/\/conversesacatalunya.cat\/wp-content\/litespeed\/avatar\/fa67b994763cff7d443f54b63ec96481.jpg?ver=1777372547","caption":"Joan Masip"},"url":"https:\/\/conversesacatalunya.cat\/es\/author\/joan-masip\/"}]}},"wps_subtitle":"Programa Coeduca't: c\u00f3mo redefine la familia, la identidad y el papel de la escuela en Catalu\u00f1a.","_links":{"self":[{"href":"https:\/\/conversesacatalunya.cat\/es\/wp-json\/wp\/v2\/posts\/98362","targetHints":{"allow":["GET"]}}],"collection":[{"href":"https:\/\/conversesacatalunya.cat\/es\/wp-json\/wp\/v2\/posts"}],"about":[{"href":"https:\/\/conversesacatalunya.cat\/es\/wp-json\/wp\/v2\/types\/post"}],"author":[{"embeddable":true,"href":"https:\/\/conversesacatalunya.cat\/es\/wp-json\/wp\/v2\/users\/78"}],"replies":[{"embeddable":true,"href":"https:\/\/conversesacatalunya.cat\/es\/wp-json\/wp\/v2\/comments?post=98362"}],"version-history":[{"count":3,"href":"https:\/\/conversesacatalunya.cat\/es\/wp-json\/wp\/v2\/posts\/98362\/revisions"}],"predecessor-version":[{"id":98363,"href":"https:\/\/conversesacatalunya.cat\/es\/wp-json\/wp\/v2\/posts\/98362\/revisions\/98363"}],"wp:featuredmedia":[{"embeddable":true,"href":"https:\/\/conversesacatalunya.cat\/es\/wp-json\/wp\/v2\/media\/98353"}],"wp:attachment":[{"href":"https:\/\/conversesacatalunya.cat\/es\/wp-json\/wp\/v2\/media?parent=98362"}],"wp:term":[{"taxonomy":"category","embeddable":true,"href":"https:\/\/conversesacatalunya.cat\/es\/wp-json\/wp\/v2\/categories?post=98362"},{"taxonomy":"post_tag","embeddable":true,"href":"https:\/\/conversesacatalunya.cat\/es\/wp-json\/wp\/v2\/tags?post=98362"}],"curies":[{"name":"wp","href":"https:\/\/api.w.org\/{rel}","templated":true}]}}