{"id":98339,"date":"2026-04-28T09:18:35","date_gmt":"2026-04-28T07:18:35","guid":{"rendered":"https:\/\/conversesacatalunya.cat\/?p=98339"},"modified":"2026-04-28T09:42:40","modified_gmt":"2026-04-28T07:42:40","slug":"depositos-continuidad-cataluna-sociedad-civil-lengua-memoria","status":"publish","type":"post","link":"https:\/\/conversesacatalunya.cat\/es\/depositos-continuidad-cataluna-sociedad-civil-lengua-memoria\/","title":{"rendered":"Los futuros de Catalu\u00f1a (4). Los cinco fundamentos que explican su continuidad"},"content":{"rendered":"<section class=\"text-token-text-primary w-full focus:outline-none [--shadow-height:45px] has-data-writing-block:pointer-events-none has-data-writing-block:-mt-(--shadow-height) has-data-writing-block:pt-(--shadow-height) [&amp;:has([data-writing-block])&gt;*]:pointer-events-auto [content-visibility:auto] supports-[content-visibility:auto]:[contain-intrinsic-size:auto_100lvh] R6Vx5W_threadScrollVars scroll-mb-[calc(var(--scroll-root-safe-area-inset-bottom,0px)+var(--thread-response-height))] scroll-mt-[calc(var(--header-height)+min(200px,max(70px,20svh)))]\" dir=\"auto\" data-turn-id=\"request-WEB:64656027-0715-4f0f-9eeb-ae3bc995d495-0\" data-testid=\"conversation-turn-2\" data-scroll-anchor=\"false\" data-turn=\"assistant\">\n<div class=\"text-base my-auto mx-auto pb-10 [--thread-content-margin:var(--thread-content-margin-xs,calc(var(--spacing)*4))] @w-sm\/main:[--thread-content-margin:var(--thread-content-margin-sm,calc(var(--spacing)*6))] @w-lg\/main:[--thread-content-margin:var(--thread-content-margin-lg,calc(var(--spacing)*16))] px-(--thread-content-margin)\">\n<div class=\"[--thread-content-max-width:40rem] @w-lg\/main:[--thread-content-max-width:48rem] mx-auto max-w-(--thread-content-max-width) flex-1 group\/turn-messages focus-visible:outline-hidden relative flex w-full min-w-0 flex-col agent-turn\">\n<div class=\"flex max-w-full flex-col gap-4 grow\">\n<div class=\"min-h-8 text-message relative flex w-full flex-col items-end gap-2 text-start break-words whitespace-normal outline-none keyboard-focused:focus-ring [.text-message+&amp;]:mt-1\" dir=\"auto\" tabindex=\"0\" data-message-author-role=\"assistant\" data-message-id=\"fd1ba232-210f-49ec-87e2-f3334a9736b0\" data-message-model-slug=\"gpt-5-3\" data-turn-start-message=\"true\">\n<div class=\"flex w-full flex-col gap-1 empty:hidden\">\n<div class=\"markdown prose dark:prose-invert w-full wrap-break-word light markdown-new-styling\">\n<p data-start=\"87\" data-end=\"491\"><span dir=\"auto\"><span class=\"VIpgJd-yAWNEb-VIpgJd-fmcmS-sn54Q\" dir=\"auto\">En<span>\u00a0<\/span><\/span><\/span><a href=\"https:\/\/conversesacatalunya.cat\/es\/cataluna-nacion-sin-estado-que-podemos-aprender-del-pasado\/\" target=\"_blank\" rel=\"noopener\"><strong><span dir=\"auto\"><span class=\"VIpgJd-yAWNEb-VIpgJd-fmcmS-sn54Q\" dir=\"auto\">el art\u00edculo anterior<\/span><\/span><\/strong><\/a><span dir=\"auto\"><span class=\"VIpgJd-yAWNEb-VIpgJd-fmcmS-sn54Q\" dir=\"auto\"><span>\u00a0<\/span>conclu\u00eda que la clave de la continuidad de Catalu\u00f1a, frente a la ruptura, hab\u00edan sido los<span>\u00a0<\/span><\/span><\/span><strong><span dir=\"auto\"><span class=\"VIpgJd-yAWNEb-VIpgJd-fmcmS-sn54Q\" dir=\"auto\">\u00abdep\u00f3sitos de continuidad\u00bb.<\/span><\/span><\/strong><span dir=\"auto\"><span class=\"VIpgJd-yAWNEb-VIpgJd-fmcmS-sn54Q\" dir=\"auto\"><span>\u00a0<\/span>Deteng\u00e1monos en esta cuesti\u00f3n decisiva para identificar cu\u00e1les son y qu\u00e9 papel han jugado. Solo si entendemos qu\u00e9 ha garantizado la continuidad en distintas condiciones hist\u00f3ricas y \u00e9pocas podremos diagnosticar la situaci\u00f3n actual observando el estado en el que se encuentran hoy estos dep\u00f3sitos.<\/span><\/span><\/p>\n<h4 data-start=\"493\" data-end=\"535\"><strong><span dir=\"auto\">Las principales hip\u00f3tesis son las siguientes:<\/span><\/strong><\/h4>\n<h5 data-start=\"537\" data-end=\"1881\"><strong data-start=\"537\" data-end=\"586\"><span dir=\"auto\">1) Una densidad excepcional de sociedad civil<\/span><\/strong><\/h5>\n<p data-start=\"537\" data-end=\"1881\"><span dir=\"auto\"><span class=\"VIpgJd-yAWNEb-VIpgJd-fmcmS-sn54Q\" dir=\"auto\">La primera hip\u00f3tesis sostiene que<span>\u00a0<\/span><\/span><\/span><strong><span dir=\"auto\"><span class=\"VIpgJd-yAWNEb-VIpgJd-fmcmS-sn54Q\" dir=\"auto\">la Catalu\u00f1a anterior a 1939<span>\u00a0<\/span><\/span><\/span><\/strong><strong><span dir=\"auto\"><span class=\"VIpgJd-yAWNEb-VIpgJd-fmcmS-sn54Q\" dir=\"auto\">hab\u00eda acumulado una sociedad civil mucho m\u00e1s densa<\/span><\/span><\/strong><span dir=\"auto\"><span class=\"VIpgJd-yAWNEb-VIpgJd-fmcmS-sn54Q\" dir=\"auto\"><span>\u00a0<\/span>que la simple estructura pol\u00edtica: ateneos, cooperativas, mutualidades, parroquias y movimientos cat\u00f3licos (desde la Federaci\u00f3n de J\u00f3venes Cristianos hasta iniciativas de evangelizaci\u00f3n popular en catal\u00e1n), asociacionismo cat\u00f3lico y obrero, escuelas, editoriales, excursionismo, orfeones y agrupaciones de m\u00fasica popular, c\u00e1maras de comercio. En \u00e9pocas anteriores, gremios y estamentos de origen medieval se mantuvieron vivos durante el per\u00edodo moderno.<\/span><\/span><\/p>\n<p data-start=\"537\" data-end=\"1881\"><span dir=\"auto\">Estos elementos se han interpretado en ocasiones como<span>\u00a0<\/span><\/span><strong><span dir=\"auto\">retardatarios en el inicio del capitalismo<\/span><\/strong><span dir=\"auto\">, lo que no parece coherente con la capacidad del pa\u00eds para impulsar la primera revoluci\u00f3n industrial. Incluso si hubieran tenido alg\u00fan efecto limitativo, este habr\u00eda jugado a favor de la continuidad.<\/span><\/p>\n<blockquote>\n<p data-start=\"537\" data-end=\"1881\"><span>Catalu\u00f1a hab\u00eda construido antes de la Guerra Civil una s\u00f3lida \u00abinfraestructura invisible\u00bb de pa\u00eds.<\/span><\/p>\n<\/blockquote>\n<p data-start=\"537\" data-end=\"1881\"><span dir=\"auto\"><span class=\"VIpgJd-yAWNEb-VIpgJd-fmcmS-sn54Q\" dir=\"auto\">El r\u00e9gimen pod\u00eda liquidar instituciones visibles, pero no pod\u00eda destruir por completo los h\u00e1bitos, la multiplicidad de v\u00ednculos comunitarios ni la fuerza de las tradiciones. Esto encaja con la<span>\u00a0<\/span><\/span><\/span><strong><span dir=\"auto\"><span class=\"VIpgJd-yAWNEb-VIpgJd-fmcmS-sn54Q\" dir=\"auto\">teor\u00eda del capital social resiliente<\/span><\/span><\/strong><span dir=\"auto\"><span class=\"VIpgJd-yAWNEb-VIpgJd-fmcmS-sn54Q\" dir=\"auto\">: cuando la confianza y la cooperaci\u00f3n se distribuyen en redes capilares, la comunidad resiste mejor los choques autoritarios. En s\u00edntesis, Catalu\u00f1a hab\u00eda construido antes de la Guerra Civil una s\u00f3lida \u00abinfraestructura invisible\u00bb de pa\u00eds.<\/span><\/span><\/p>\n<h5 data-start=\"1883\" data-end=\"2486\"><strong data-start=\"1883\" data-end=\"1922\"><span dir=\"auto\">2) La lengua como refugio dom\u00e9stico<\/span><\/strong><\/h5>\n<p data-start=\"1883\" data-end=\"2486\"><span dir=\"auto\">La segunda hip\u00f3tesis es socioling\u00fc\u00edstica. La represi\u00f3n franquista \u2014y antes la borb\u00f3nica\u2014 pudo limitar el uso p\u00fablico del catal\u00e1n, pero<span>\u00a0<\/span><\/span><strong><span dir=\"auto\">la lengua hab\u00eda alcanzado ya una gran profundidad familiar, local y emocional<\/span><\/strong><span dir=\"auto\">. Cuando una lengua se mantiene en casa, en el mercado, en la parroquia, en el taller y entre generaciones, se convierte en una estructura de transmisi\u00f3n del mundo, no solo un instrumento de comunicaci\u00f3n. Esto la hace extraordinariamente resistente. Se trata de una hip\u00f3tesis cl\u00e1sica de supervivencia cultural:<span>\u00a0<\/span><\/span><strong><span dir=\"auto\">las identidades persisten cuando pueden refugiarse en la esfera privada.<\/span><\/strong><\/p>\n<h5 data-start=\"2488\" data-end=\"3544\"><strong data-start=\"2488\" data-end=\"2531\"><span dir=\"auto\">3) El papel clave de la Iglesia catalana<\/span><\/strong><\/h5>\n<p data-start=\"2488\" data-end=\"3544\"><strong><span dir=\"auto\"><span class=\"VIpgJd-yAWNEb-VIpgJd-fmcmS-sn54Q\" dir=\"auto\">Una parte relevante de la Iglesia catalana actu\u00f3 como contenedor de memoria, lengua y \u00e9lites morales.<\/span><\/span><\/strong><span dir=\"auto\"><span class=\"VIpgJd-yAWNEb-VIpgJd-fmcmS-sn54Q\" dir=\"auto\"><span>\u00a0<\/span>Monasterios, parroquias, escuelas religiosas, movimientos apost\u00f3licos, Montserrat, revistas, grupos de j\u00f3venes \u2014especialmente el escultismo\u2014 y sacerdotes comprometidos funcionaron como espacios semitolerados, fuentes de legitimaci\u00f3n moral, redes de confianza y canales de transmisi\u00f3n cultural.<\/span><\/span><\/p>\n<blockquote>\n<p data-start=\"2488\" data-end=\"3544\"><span>No es casual que el catal\u00e1n reaparezca a menudo desde Montserrat o que estas estructuras apoyaran iniciativas como la Caputxinada o los inicios de la Nova Can\u00e7\u00f3.<\/span><\/p>\n<\/blockquote>\n<p data-start=\"2488\" data-end=\"3544\"><span dir=\"auto\">Desde una perspectiva anal\u00edtica,<span>\u00a0<\/span><\/span><strong><span dir=\"auto\">se trata de una forma de resiliencia institucional subsidiaria:<\/span><\/strong><span dir=\"auto\"> cuando cae la pol\u00edtica, sobreviven instituciones intermedias. En el caso catal\u00e1n, la Iglesia ejerci\u00f3 una funci\u00f3n que, salvando las distancias, recuerda a la que tuvo en la configuraci\u00f3n de Europa tras la ca\u00edda del Imperio romano. Sustituy\u00f3 a instituciones desaparecidas, generando nuevas formas de organizaci\u00f3n religiosa, pero tambi\u00e9n cultural y, en parte, civil. No es casual que el catal\u00e1n reaparezca a menudo desde<span>\u00a0<\/span><\/span><strong><span dir=\"auto\">Montserrat<\/span><\/strong><span dir=\"auto\"><span>\u00a0<\/span>o que estas estructuras apoyaran iniciativas como<span>\u00a0<\/span><\/span><strong><span dir=\"auto\">la Caputxinada o los inicios de la Nova Can\u00e7\u00f3.<\/span><\/strong><\/p>\n<h5 data-start=\"3546\" data-end=\"4413\"><strong data-start=\"3546\" data-end=\"3594\"><span dir=\"auto\">4) Econom\u00eda industrial y burgues\u00eda productiva<\/span><\/strong><\/h5>\n<p data-start=\"3546\" data-end=\"4413\"><span dir=\"auto\">La cuarta hip\u00f3tesis es de car\u00e1cter material. Catalu\u00f1a dispon\u00eda de una base s\u00f3lida de<span>\u00a0<\/span><\/span><strong><span dir=\"auto\">cultura emprendedora.<\/span><\/strong><span dir=\"auto\"> La industrializaci\u00f3n del siglo XIX fue impulsada en gran parte por los fadristerns, a menudo con el apoyo de las casas solariegas. Se consolid\u00f3 un profundo sentido industrial, comercial y empresarial, basado en la valoraci\u00f3n social del trabajo bien realizado y en la convicci\u00f3n de su funci\u00f3n en una vida exitosa, a pesar de las limitaciones del ascensor social.<span>\u00a0<\/span><\/span><strong><span dir=\"auto\">Es la \u201ceina i la feina\u201d descritas por Vicens Vives.<\/span><\/strong><\/p>\n<p data-start=\"3546\" data-end=\"4413\"><span dir=\"auto\">Empresas, talleres, estirpes profesionales y oficios generaron continuidad de clase dirigente y capacidad de organizaci\u00f3n. Esto ayuda a explicar por qu\u00e9 la recuperaci\u00f3n cultural de los a\u00f1os sesenta coincide con el desarrollo econ\u00f3mico:<span>\u00a0<\/span><\/span><strong><span dir=\"auto\">sin base material, la resistencia cultural tiende a debilitarse.<\/span><\/strong><\/p>\n<h5 data-start=\"4415\" data-end=\"4987\"><strong data-start=\"4415\" data-end=\"4477\"><span dir=\"auto\">5) La memoria de la derrota como energ\u00eda de reconstrucci\u00f3n<\/span><\/strong><\/h5>\n<p data-start=\"4415\" data-end=\"4987\"><span dir=\"auto\"><span class=\"VIpgJd-yAWNEb-VIpgJd-fmcmS-sn54Q\" dir=\"auto\">La quinta hip\u00f3tesis apunta a una dimensi\u00f3n m\u00e1s profunda:<span>\u00a0<\/span><\/span><\/span><strong><span dir=\"auto\"><span class=\"VIpgJd-yAWNEb-VIpgJd-fmcmS-sn54Q\" dir=\"auto\">la represi\u00f3n extrema no solo destruye, sino que tambi\u00e9n cristaliza una memoria compartida<\/span><\/span><\/strong><span dir=\"auto\"><span class=\"VIpgJd-yAWNEb-VIpgJd-fmcmS-sn54Q\" dir=\"auto\">. Exilio, fusilamientos, depuraciones, censura, persecuci\u00f3n ling\u00fc\u00edstica: todo ello genera una memoria a menudo transmitida en voz baja. Las sociedades con fuerte continuidad narrativa pueden transformar el trauma en una \u00e9pica de persistencia. Es un mecanismo muy estudiado en sociolog\u00eda hist\u00f3rica:<span>\u00a0<\/span><\/span><\/span><strong><span dir=\"auto\"><span class=\"VIpgJd-yAWNEb-VIpgJd-fmcmS-sn54Q\" dir=\"auto\">la memoria del desastre puede reforzar identidades de largo plazo.<\/span><\/span><\/strong><\/p>\n<p data-start=\"4989\" data-end=\"5332\"><strong><span dir=\"auto\"><span class=\"VIpgJd-yAWNEb-VIpgJd-fmcmS-sn54Q\" dir=\"auto\">Catalu\u00f1a resisti\u00f3 porque, antes de 1939, ya hab\u00eda dejado de ser solo una estructura pol\u00edtica para convertirse en una completa civilizaci\u00f3n social.<\/span><\/span><\/strong><span dir=\"auto\"><span class=\"VIpgJd-yAWNEb-VIpgJd-fmcmS-sn54Q\" dir=\"auto\"><span>\u00a0<\/span>Cuando esto ocurre, una dictadura puede reprimir, retrasar, deformar o dividir, pero le resulta mucho m\u00e1s dif\u00edcil extinguir. Esta es, probablemente, una de las claves para entender tambi\u00e9n el presente.<\/span><\/span><\/p>\n<p data-start=\"5334\" data-end=\"5522\"><span dir=\"auto\">La pregunta es si esa densidad de familia, Iglesia, lengua, asociacionismo y econom\u00eda productiva sigue existiendo con bastante fuerza en la Catalu\u00f1a secularizada y fragmentada de hoy.<\/span><\/p>\n<p data-start=\"5524\" data-end=\"6385\" data-is-last-node=\"\" data-is-only-node=\"\"><span dir=\"auto\"><span class=\"\" dir=\"auto\">Catalu\u00f1a soport\u00f3 mejor la destrucci\u00f3n de 1939 de lo que lo habr\u00eda hecho una mera realidad pol\u00edtica porque, antes de ser poder pol\u00edtico, ya era sociedad. No es una frase ret\u00f3rica, sino una hip\u00f3tesis hist\u00f3rica robusta. El pa\u00eds dispon\u00eda de un tejido asociativo denso, extendido por los \u00e1mbitos pol\u00edtico, econ\u00f3mico, religioso, cultural, educativo, laboral, deportivo y cooperativo.<\/span><\/span><\/p>\n<p data-start=\"5524\" data-end=\"6385\" data-is-last-node=\"\" data-is-only-node=\"\"><span dir=\"auto\">Este entramado configuraba una<span>\u00a0<\/span><\/span><strong><span dir=\"auto\">sociabilidad propia,<\/span><\/strong><span dir=\"auto\">\u00a0basada en acuerdos compartidos, tradiciones y el reconocimiento colectivo de determinadas virtudes, que tomaban sentido en torno a una lengua, una cultura, una concepci\u00f3n jur\u00eddica y una historia, a caballo entre realidad y mito, como la de todos los pueblos.<\/span><\/p>\n<p data-start=\"5524\" data-end=\"6385\" data-is-last-node=\"\" data-is-only-node=\"\"><strong><span dir=\"auto\">Cuando un r\u00e9gimen derriba a gobiernos, partidos e instituciones, pero no logra disolver completamente este tejido, la continuidad colectiva no desaparece: se desplaza hacia formas menos visibles.<\/span><\/strong><\/p>\n<p data-start=\"5524\" data-end=\"6385\" data-is-last-node=\"\" data-is-only-node=\"\"><span class='bctt-click-to-tweet'><span class='bctt-ctt-text'><a href='https:\/\/twitter.com\/intent\/tweet?url=https%3A%2F%2Fconversesacatalunya.cat%2Fes%2Fdepositos-continuidad-cataluna-sociedad-civil-lengua-memoria%2F&#038;text=La%20clave%20de%20Catalu%C3%B1a%20no%20es%20el%20poder%2C%20sino%20su%20tejido%20invisible.%20%23Pa%C3%ADs%20%23Cultura%20%23Catalu%C3%B1a&#038;via=conversesacat&#038;related=conversesacat' target='_blank'rel=\"noopener noreferrer\">La clave de Catalu\u00f1a no es el poder, sino su tejido invisible. #Pa\u00eds #Cultura #Catalu\u00f1a <\/a><\/span><a href='https:\/\/twitter.com\/intent\/tweet?url=https%3A%2F%2Fconversesacatalunya.cat%2Fes%2Fdepositos-continuidad-cataluna-sociedad-civil-lengua-memoria%2F&#038;text=La%20clave%20de%20Catalu%C3%B1a%20no%20es%20el%20poder%2C%20sino%20su%20tejido%20invisible.%20%23Pa%C3%ADs%20%23Cultura%20%23Catalu%C3%B1a&#038;via=conversesacat&#038;related=conversesacat' target='_blank' class='bctt-ctt-btn'rel=\"noopener noreferrer\">Compartir en X<\/a><\/span>\n<\/div>\n<\/div>\n<\/div>\n<\/div>\n<\/div>\n<\/div>\n<\/section>\n","protected":false},"excerpt":{"rendered":"<p>En\u00a0el art\u00edculo anterior\u00a0conclu\u00eda que la clave de la continuidad de Catalu\u00f1a, frente a la ruptura, hab\u00edan sido los\u00a0\u00abdep\u00f3sitos de continuidad\u00bb.\u00a0Deteng\u00e1monos en esta cuesti\u00f3n decisiva para identificar cu\u00e1les son y qu\u00e9 papel han jugado. Solo si entendemos qu\u00e9 ha garantizado la continuidad en distintas condiciones hist\u00f3ricas y \u00e9pocas podremos diagnosticar la situaci\u00f3n actual observando el estado en el que se encuentran hoy estos dep\u00f3sitos. Las principales hip\u00f3tesis son las siguientes: 1) Una densidad excepcional de sociedad civil La primera hip\u00f3tesis sostiene que\u00a0la Catalu\u00f1a anterior a 1939\u00a0hab\u00eda acumulado una sociedad civil mucho m\u00e1s densa\u00a0que la simple estructura pol\u00edtica: ateneos, cooperativas, mutualidades, parroquias y movimientos cat\u00f3licos (desde la Federaci\u00f3n de J\u00f3venes Cristianos hasta iniciativas de evangelizaci\u00f3n popular en catal\u00e1n), asociacionismo cat\u00f3lico y obrero, escuelas, editoriales, excursionismo, orfeones y agrupaciones de m\u00fasica popular, c\u00e1maras de comercio. En \u00e9pocas anteriores, gremios y estamentos de origen medieval se mantuvieron vivos durante el per\u00edodo moderno. Estos elementos se han interpretado en ocasiones como\u00a0retardatarios en el inicio del capitalismo, lo que no parece coherente con la capacidad del pa\u00eds para impulsar la primera revoluci\u00f3n industrial. Incluso si hubieran tenido alg\u00fan efecto limitativo, este habr\u00eda jugado a favor de la continuidad. Catalu\u00f1a hab\u00eda construido antes de la Guerra Civil una s\u00f3lida \u00abinfraestructura invisible\u00bb de pa\u00eds. El r\u00e9gimen pod\u00eda liquidar instituciones visibles, pero no pod\u00eda destruir por completo los h\u00e1bitos, la multiplicidad de v\u00ednculos comunitarios ni la fuerza de las tradiciones. Esto encaja con la\u00a0teor\u00eda del capital social resiliente: cuando la confianza y la cooperaci\u00f3n se distribuyen en redes capilares, la comunidad resiste mejor los choques autoritarios. En s\u00edntesis, Catalu\u00f1a hab\u00eda construido antes de la Guerra Civil una s\u00f3lida \u00abinfraestructura invisible\u00bb de pa\u00eds. 2) La lengua como refugio dom\u00e9stico La segunda hip\u00f3tesis es socioling\u00fc\u00edstica. La represi\u00f3n franquista \u2014y antes la borb\u00f3nica\u2014 pudo limitar el uso p\u00fablico del catal\u00e1n, pero\u00a0la lengua hab\u00eda alcanzado ya una gran profundidad familiar, local y emocional. Cuando una lengua se mantiene en casa, en el mercado, en la parroquia, en el taller y entre generaciones, se convierte en una estructura de transmisi\u00f3n del mundo, no solo un instrumento de comunicaci\u00f3n. Esto la hace extraordinariamente resistente. Se trata de una hip\u00f3tesis cl\u00e1sica de supervivencia cultural:\u00a0las identidades persisten cuando pueden refugiarse en la esfera privada. 3) El papel clave de la Iglesia catalana Una parte relevante de la Iglesia catalana actu\u00f3 como contenedor de memoria, lengua y \u00e9lites morales.\u00a0Monasterios, parroquias, escuelas religiosas, movimientos apost\u00f3licos, Montserrat, revistas, grupos de j\u00f3venes \u2014especialmente el escultismo\u2014 y sacerdotes comprometidos funcionaron como espacios semitolerados, fuentes de legitimaci\u00f3n moral, redes de confianza y canales de transmisi\u00f3n cultural. No es casual que el catal\u00e1n reaparezca a menudo desde Montserrat o que estas estructuras apoyaran iniciativas como la Caputxinada o los inicios de la Nova Can\u00e7\u00f3. Desde una perspectiva anal\u00edtica,\u00a0se trata de una forma de resiliencia institucional subsidiaria: cuando cae la pol\u00edtica, sobreviven instituciones intermedias. En el caso catal\u00e1n, la Iglesia ejerci\u00f3 una funci\u00f3n que, salvando las distancias, recuerda a la que tuvo en la configuraci\u00f3n de Europa tras la ca\u00edda del Imperio romano. Sustituy\u00f3 a instituciones desaparecidas, generando nuevas formas de organizaci\u00f3n religiosa, pero tambi\u00e9n cultural y, en parte, civil. No es casual que el catal\u00e1n reaparezca a menudo desde\u00a0Montserrat\u00a0o que estas estructuras apoyaran iniciativas como\u00a0la Caputxinada o los inicios de la Nova Can\u00e7\u00f3. 4) Econom\u00eda industrial y burgues\u00eda productiva La cuarta hip\u00f3tesis es de car\u00e1cter material. Catalu\u00f1a dispon\u00eda de una base s\u00f3lida de\u00a0cultura emprendedora. La industrializaci\u00f3n del siglo XIX fue impulsada en gran parte por los fadristerns, a menudo con el apoyo de las casas solariegas. Se consolid\u00f3 un profundo sentido industrial, comercial y empresarial, basado en la valoraci\u00f3n social del trabajo bien realizado y en la convicci\u00f3n de su funci\u00f3n en una vida exitosa, a pesar de las limitaciones del ascensor social.\u00a0Es la \u201ceina i la feina\u201d descritas por Vicens Vives. Empresas, talleres, estirpes profesionales y oficios generaron continuidad de clase dirigente y capacidad de organizaci\u00f3n. Esto ayuda a explicar por qu\u00e9 la recuperaci\u00f3n cultural de los a\u00f1os sesenta coincide con el desarrollo econ\u00f3mico:\u00a0sin base material, la resistencia cultural tiende a debilitarse. 5) La memoria de la derrota como energ\u00eda de reconstrucci\u00f3n La quinta hip\u00f3tesis apunta a una dimensi\u00f3n m\u00e1s profunda:\u00a0la represi\u00f3n extrema no solo destruye, sino que tambi\u00e9n cristaliza una memoria compartida. Exilio, fusilamientos, depuraciones, censura, persecuci\u00f3n ling\u00fc\u00edstica: todo ello genera una memoria a menudo transmitida en voz baja. Las sociedades con fuerte continuidad narrativa pueden transformar el trauma en una \u00e9pica de persistencia. Es un mecanismo muy estudiado en sociolog\u00eda hist\u00f3rica:\u00a0la memoria del desastre puede reforzar identidades de largo plazo. Catalu\u00f1a resisti\u00f3 porque, antes de 1939, ya hab\u00eda dejado de ser solo una estructura pol\u00edtica para convertirse en una completa civilizaci\u00f3n social.\u00a0Cuando esto ocurre, una dictadura puede reprimir, retrasar, deformar o dividir, pero le resulta mucho m\u00e1s dif\u00edcil extinguir. Esta es, probablemente, una de las claves para entender tambi\u00e9n el presente. La pregunta es si esa densidad de familia, Iglesia, lengua, asociacionismo y econom\u00eda productiva sigue existiendo con bastante fuerza en la Catalu\u00f1a secularizada y fragmentada de hoy. Catalu\u00f1a soport\u00f3 mejor la destrucci\u00f3n de 1939 de lo que lo habr\u00eda hecho una mera realidad pol\u00edtica porque, antes de ser poder pol\u00edtico, ya era sociedad. No es una frase ret\u00f3rica, sino una hip\u00f3tesis hist\u00f3rica robusta. El pa\u00eds dispon\u00eda de un tejido asociativo denso, extendido por los \u00e1mbitos pol\u00edtico, econ\u00f3mico, religioso, cultural, educativo, laboral, deportivo y cooperativo. Este entramado configuraba una\u00a0sociabilidad propia,\u00a0basada en acuerdos compartidos, tradiciones y el reconocimiento colectivo de determinadas virtudes, que tomaban sentido en torno a una lengua, una cultura, una concepci\u00f3n jur\u00eddica y una historia, a caballo entre realidad y mito, como la de todos los pueblos. Cuando un r\u00e9gimen derriba a gobiernos, partidos e instituciones, pero no logra disolver completamente este tejido, la continuidad colectiva no desaparece: se desplaza hacia formas menos visibles.<\/p>\n","protected":false},"author":19,"featured_media":98337,"comment_status":"open","ping_status":"open","sticky":false,"template":"","format":"standard","meta":{"_FSMCFIC_featured_image_caption":"","_FSMCFIC_featured_image_nocaption":"","_FSMCFIC_featured_image_hide":"","footnotes":""},"categories":[806],"tags":[865,845],"class_list":["post-98339","post","type-post","status-publish","format-standard","has-post-thumbnail","hentry","category-punts-claus-del-dia-es","tag-cataluna","tag-catalunya-es"],"yoast_head":"<!-- This site is optimized with the Yoast SEO plugin v26.8 - https:\/\/yoast.com\/product\/yoast-seo-wordpress\/ -->\n<title>Los futuros de Catalu\u00f1a (4). Los cinco fundamentos que explican su continuidad - Converses a Catalunya<\/title>\n<meta name=\"description\" content=\"An\u00e1lisis de los dep\u00f3sitos que han garantizado la continuidad de Catalu\u00f1a: sociedad civil, lengua, Iglesia, econom\u00eda y memoria hist\u00f3rica.\" \/>\n<meta name=\"robots\" content=\"index, follow, max-snippet:-1, max-image-preview:large, max-video-preview:-1\" \/>\n<link rel=\"canonical\" href=\"https:\/\/conversesacatalunya.cat\/es\/depositos-continuidad-cataluna-sociedad-civil-lengua-memoria\/\" \/>\n<meta property=\"og:locale\" content=\"es_ES\" \/>\n<meta property=\"og:type\" content=\"article\" \/>\n<meta property=\"og:title\" content=\"Los futuros de Catalu\u00f1a (4). Los cinco fundamentos que explican su continuidad - Converses a Catalunya\" \/>\n<meta property=\"og:description\" content=\"An\u00e1lisis de los dep\u00f3sitos que han garantizado la continuidad de Catalu\u00f1a: sociedad civil, lengua, Iglesia, econom\u00eda y memoria hist\u00f3rica.\" \/>\n<meta property=\"og:url\" content=\"https:\/\/conversesacatalunya.cat\/es\/depositos-continuidad-cataluna-sociedad-civil-lengua-memoria\/\" \/>\n<meta property=\"og:site_name\" content=\"Converses a Catalunya\" \/>\n<meta property=\"article:published_time\" content=\"2026-04-28T07:18:35+00:00\" \/>\n<meta property=\"article:modified_time\" content=\"2026-04-28T07:42:40+00:00\" \/>\n<meta property=\"og:image\" content=\"https:\/\/conversesacatalunya.cat\/wp-content\/uploads\/2026\/04\/laura_o-lamp-6997864_640.jpg\" \/>\n\t<meta property=\"og:image:width\" content=\"640\" \/>\n\t<meta property=\"og:image:height\" content=\"427\" \/>\n\t<meta property=\"og:image:type\" content=\"image\/jpeg\" \/>\n<meta name=\"author\" content=\"Josep Mir\u00f3 i Ard\u00e8vol\" \/>\n<meta name=\"twitter:card\" content=\"summary_large_image\" \/>\n<meta name=\"twitter:label1\" content=\"Escrito por\" \/>\n\t<meta name=\"twitter:data1\" content=\"Josep Mir\u00f3 i Ard\u00e8vol\" \/>\n\t<meta name=\"twitter:label2\" content=\"Tiempo de lectura\" \/>\n\t<meta name=\"twitter:data2\" content=\"6 minutos\" \/>\n<script type=\"application\/ld+json\" class=\"yoast-schema-graph\">{\"@context\":\"https:\/\/schema.org\",\"@graph\":[{\"@type\":\"Article\",\"@id\":\"https:\/\/conversesacatalunya.cat\/es\/depositos-continuidad-cataluna-sociedad-civil-lengua-memoria\/#article\",\"isPartOf\":{\"@id\":\"https:\/\/conversesacatalunya.cat\/es\/depositos-continuidad-cataluna-sociedad-civil-lengua-memoria\/\"},\"author\":{\"name\":\"Josep Mir\u00f3 i Ard\u00e8vol\",\"@id\":\"https:\/\/conversesacatalunya.cat\/#\/schema\/person\/a9598a6786ba7d3d1c5e0de477b79370\"},\"headline\":\"Los futuros de Catalu\u00f1a (4). Los cinco fundamentos que explican su continuidad\",\"datePublished\":\"2026-04-28T07:18:35+00:00\",\"dateModified\":\"2026-04-28T07:42:40+00:00\",\"mainEntityOfPage\":{\"@id\":\"https:\/\/conversesacatalunya.cat\/es\/depositos-continuidad-cataluna-sociedad-civil-lengua-memoria\/\"},\"wordCount\":1127,\"commentCount\":0,\"image\":{\"@id\":\"https:\/\/conversesacatalunya.cat\/es\/depositos-continuidad-cataluna-sociedad-civil-lengua-memoria\/#primaryimage\"},\"thumbnailUrl\":\"https:\/\/conversesacatalunya.cat\/wp-content\/uploads\/2026\/04\/laura_o-lamp-6997864_640.jpg\",\"keywords\":[\"Catalu\u00f1a\",\"Catalunya\"],\"articleSection\":[\"Punts clau del dia (ES)\"],\"inLanguage\":\"es\",\"potentialAction\":[{\"@type\":\"CommentAction\",\"name\":\"Comment\",\"target\":[\"https:\/\/conversesacatalunya.cat\/es\/depositos-continuidad-cataluna-sociedad-civil-lengua-memoria\/#respond\"]}]},{\"@type\":\"WebPage\",\"@id\":\"https:\/\/conversesacatalunya.cat\/es\/depositos-continuidad-cataluna-sociedad-civil-lengua-memoria\/\",\"url\":\"https:\/\/conversesacatalunya.cat\/es\/depositos-continuidad-cataluna-sociedad-civil-lengua-memoria\/\",\"name\":\"Los futuros de Catalu\u00f1a (4). Los cinco fundamentos que explican su continuidad - Converses a Catalunya\",\"isPartOf\":{\"@id\":\"https:\/\/conversesacatalunya.cat\/#website\"},\"primaryImageOfPage\":{\"@id\":\"https:\/\/conversesacatalunya.cat\/es\/depositos-continuidad-cataluna-sociedad-civil-lengua-memoria\/#primaryimage\"},\"image\":{\"@id\":\"https:\/\/conversesacatalunya.cat\/es\/depositos-continuidad-cataluna-sociedad-civil-lengua-memoria\/#primaryimage\"},\"thumbnailUrl\":\"https:\/\/conversesacatalunya.cat\/wp-content\/uploads\/2026\/04\/laura_o-lamp-6997864_640.jpg\",\"datePublished\":\"2026-04-28T07:18:35+00:00\",\"dateModified\":\"2026-04-28T07:42:40+00:00\",\"author\":{\"@id\":\"https:\/\/conversesacatalunya.cat\/#\/schema\/person\/a9598a6786ba7d3d1c5e0de477b79370\"},\"description\":\"An\u00e1lisis de los dep\u00f3sitos que han garantizado la continuidad de Catalu\u00f1a: sociedad civil, lengua, Iglesia, econom\u00eda y memoria hist\u00f3rica.\",\"breadcrumb\":{\"@id\":\"https:\/\/conversesacatalunya.cat\/es\/depositos-continuidad-cataluna-sociedad-civil-lengua-memoria\/#breadcrumb\"},\"inLanguage\":\"es\",\"potentialAction\":[{\"@type\":\"ReadAction\",\"target\":[\"https:\/\/conversesacatalunya.cat\/es\/depositos-continuidad-cataluna-sociedad-civil-lengua-memoria\/\"]}]},{\"@type\":\"ImageObject\",\"inLanguage\":\"es\",\"@id\":\"https:\/\/conversesacatalunya.cat\/es\/depositos-continuidad-cataluna-sociedad-civil-lengua-memoria\/#primaryimage\",\"url\":\"https:\/\/conversesacatalunya.cat\/wp-content\/uploads\/2026\/04\/laura_o-lamp-6997864_640.jpg\",\"contentUrl\":\"https:\/\/conversesacatalunya.cat\/wp-content\/uploads\/2026\/04\/laura_o-lamp-6997864_640.jpg\",\"width\":640,\"height\":427,\"caption\":\"Dep\u00f3sitos de continuidad Catalu\u00f1a\"},{\"@type\":\"BreadcrumbList\",\"@id\":\"https:\/\/conversesacatalunya.cat\/es\/depositos-continuidad-cataluna-sociedad-civil-lengua-memoria\/#breadcrumb\",\"itemListElement\":[{\"@type\":\"ListItem\",\"position\":1,\"name\":\"Inici\",\"item\":\"https:\/\/conversesacatalunya.cat\/es\/\"},{\"@type\":\"ListItem\",\"position\":2,\"name\":\"Los futuros de Catalu\u00f1a (4). Los cinco fundamentos que explican su continuidad\"}]},{\"@type\":\"WebSite\",\"@id\":\"https:\/\/conversesacatalunya.cat\/#website\",\"url\":\"https:\/\/conversesacatalunya.cat\/\",\"name\":\"Converses a Catalunya\",\"description\":\"\",\"potentialAction\":[{\"@type\":\"SearchAction\",\"target\":{\"@type\":\"EntryPoint\",\"urlTemplate\":\"https:\/\/conversesacatalunya.cat\/?s={search_term_string}\"},\"query-input\":{\"@type\":\"PropertyValueSpecification\",\"valueRequired\":true,\"valueName\":\"search_term_string\"}}],\"inLanguage\":\"es\"},{\"@type\":\"Person\",\"@id\":\"https:\/\/conversesacatalunya.cat\/#\/schema\/person\/a9598a6786ba7d3d1c5e0de477b79370\",\"name\":\"Josep Mir\u00f3 i Ard\u00e8vol\",\"image\":{\"@type\":\"ImageObject\",\"inLanguage\":\"es\",\"@id\":\"https:\/\/conversesacatalunya.cat\/#\/schema\/person\/image\/\",\"url\":\"https:\/\/conversesacatalunya.cat\/wp-content\/litespeed\/avatar\/c37e3dc881857483d6694cdf98fdedea.jpg?ver=1777270381\",\"contentUrl\":\"https:\/\/conversesacatalunya.cat\/wp-content\/litespeed\/avatar\/c37e3dc881857483d6694cdf98fdedea.jpg?ver=1777270381\",\"caption\":\"Josep Mir\u00f3 i Ard\u00e8vol\"},\"url\":\"https:\/\/conversesacatalunya.cat\/es\/author\/josep-miro-i-ardevol\/\"}]}<\/script>\n<!-- \/ Yoast SEO plugin. -->","yoast_head_json":{"title":"Los futuros de Catalu\u00f1a (4). Los cinco fundamentos que explican su continuidad - Converses a Catalunya","description":"An\u00e1lisis de los dep\u00f3sitos que han garantizado la continuidad de Catalu\u00f1a: sociedad civil, lengua, Iglesia, econom\u00eda y memoria hist\u00f3rica.","robots":{"index":"index","follow":"follow","max-snippet":"max-snippet:-1","max-image-preview":"max-image-preview:large","max-video-preview":"max-video-preview:-1"},"canonical":"https:\/\/conversesacatalunya.cat\/es\/depositos-continuidad-cataluna-sociedad-civil-lengua-memoria\/","og_locale":"es_ES","og_type":"article","og_title":"Los futuros de Catalu\u00f1a (4). Los cinco fundamentos que explican su continuidad - Converses a Catalunya","og_description":"An\u00e1lisis de los dep\u00f3sitos que han garantizado la continuidad de Catalu\u00f1a: sociedad civil, lengua, Iglesia, econom\u00eda y memoria hist\u00f3rica.","og_url":"https:\/\/conversesacatalunya.cat\/es\/depositos-continuidad-cataluna-sociedad-civil-lengua-memoria\/","og_site_name":"Converses a Catalunya","article_published_time":"2026-04-28T07:18:35+00:00","article_modified_time":"2026-04-28T07:42:40+00:00","og_image":[{"width":640,"height":427,"url":"https:\/\/conversesacatalunya.cat\/wp-content\/uploads\/2026\/04\/laura_o-lamp-6997864_640.jpg","type":"image\/jpeg"}],"author":"Josep Mir\u00f3 i Ard\u00e8vol","twitter_card":"summary_large_image","twitter_misc":{"Escrito por":"Josep Mir\u00f3 i Ard\u00e8vol","Tiempo de lectura":"6 minutos"},"schema":{"@context":"https:\/\/schema.org","@graph":[{"@type":"Article","@id":"https:\/\/conversesacatalunya.cat\/es\/depositos-continuidad-cataluna-sociedad-civil-lengua-memoria\/#article","isPartOf":{"@id":"https:\/\/conversesacatalunya.cat\/es\/depositos-continuidad-cataluna-sociedad-civil-lengua-memoria\/"},"author":{"name":"Josep Mir\u00f3 i Ard\u00e8vol","@id":"https:\/\/conversesacatalunya.cat\/#\/schema\/person\/a9598a6786ba7d3d1c5e0de477b79370"},"headline":"Los futuros de Catalu\u00f1a (4). Los cinco fundamentos que explican su continuidad","datePublished":"2026-04-28T07:18:35+00:00","dateModified":"2026-04-28T07:42:40+00:00","mainEntityOfPage":{"@id":"https:\/\/conversesacatalunya.cat\/es\/depositos-continuidad-cataluna-sociedad-civil-lengua-memoria\/"},"wordCount":1127,"commentCount":0,"image":{"@id":"https:\/\/conversesacatalunya.cat\/es\/depositos-continuidad-cataluna-sociedad-civil-lengua-memoria\/#primaryimage"},"thumbnailUrl":"https:\/\/conversesacatalunya.cat\/wp-content\/uploads\/2026\/04\/laura_o-lamp-6997864_640.jpg","keywords":["Catalu\u00f1a","Catalunya"],"articleSection":["Punts clau del dia (ES)"],"inLanguage":"es","potentialAction":[{"@type":"CommentAction","name":"Comment","target":["https:\/\/conversesacatalunya.cat\/es\/depositos-continuidad-cataluna-sociedad-civil-lengua-memoria\/#respond"]}]},{"@type":"WebPage","@id":"https:\/\/conversesacatalunya.cat\/es\/depositos-continuidad-cataluna-sociedad-civil-lengua-memoria\/","url":"https:\/\/conversesacatalunya.cat\/es\/depositos-continuidad-cataluna-sociedad-civil-lengua-memoria\/","name":"Los futuros de Catalu\u00f1a (4). Los cinco fundamentos que explican su continuidad - Converses a Catalunya","isPartOf":{"@id":"https:\/\/conversesacatalunya.cat\/#website"},"primaryImageOfPage":{"@id":"https:\/\/conversesacatalunya.cat\/es\/depositos-continuidad-cataluna-sociedad-civil-lengua-memoria\/#primaryimage"},"image":{"@id":"https:\/\/conversesacatalunya.cat\/es\/depositos-continuidad-cataluna-sociedad-civil-lengua-memoria\/#primaryimage"},"thumbnailUrl":"https:\/\/conversesacatalunya.cat\/wp-content\/uploads\/2026\/04\/laura_o-lamp-6997864_640.jpg","datePublished":"2026-04-28T07:18:35+00:00","dateModified":"2026-04-28T07:42:40+00:00","author":{"@id":"https:\/\/conversesacatalunya.cat\/#\/schema\/person\/a9598a6786ba7d3d1c5e0de477b79370"},"description":"An\u00e1lisis de los dep\u00f3sitos que han garantizado la continuidad de Catalu\u00f1a: sociedad civil, lengua, Iglesia, econom\u00eda y memoria hist\u00f3rica.","breadcrumb":{"@id":"https:\/\/conversesacatalunya.cat\/es\/depositos-continuidad-cataluna-sociedad-civil-lengua-memoria\/#breadcrumb"},"inLanguage":"es","potentialAction":[{"@type":"ReadAction","target":["https:\/\/conversesacatalunya.cat\/es\/depositos-continuidad-cataluna-sociedad-civil-lengua-memoria\/"]}]},{"@type":"ImageObject","inLanguage":"es","@id":"https:\/\/conversesacatalunya.cat\/es\/depositos-continuidad-cataluna-sociedad-civil-lengua-memoria\/#primaryimage","url":"https:\/\/conversesacatalunya.cat\/wp-content\/uploads\/2026\/04\/laura_o-lamp-6997864_640.jpg","contentUrl":"https:\/\/conversesacatalunya.cat\/wp-content\/uploads\/2026\/04\/laura_o-lamp-6997864_640.jpg","width":640,"height":427,"caption":"Dep\u00f3sitos de continuidad Catalu\u00f1a"},{"@type":"BreadcrumbList","@id":"https:\/\/conversesacatalunya.cat\/es\/depositos-continuidad-cataluna-sociedad-civil-lengua-memoria\/#breadcrumb","itemListElement":[{"@type":"ListItem","position":1,"name":"Inici","item":"https:\/\/conversesacatalunya.cat\/es\/"},{"@type":"ListItem","position":2,"name":"Los futuros de Catalu\u00f1a (4). Los cinco fundamentos que explican su continuidad"}]},{"@type":"WebSite","@id":"https:\/\/conversesacatalunya.cat\/#website","url":"https:\/\/conversesacatalunya.cat\/","name":"Converses a Catalunya","description":"","potentialAction":[{"@type":"SearchAction","target":{"@type":"EntryPoint","urlTemplate":"https:\/\/conversesacatalunya.cat\/?s={search_term_string}"},"query-input":{"@type":"PropertyValueSpecification","valueRequired":true,"valueName":"search_term_string"}}],"inLanguage":"es"},{"@type":"Person","@id":"https:\/\/conversesacatalunya.cat\/#\/schema\/person\/a9598a6786ba7d3d1c5e0de477b79370","name":"Josep Mir\u00f3 i Ard\u00e8vol","image":{"@type":"ImageObject","inLanguage":"es","@id":"https:\/\/conversesacatalunya.cat\/#\/schema\/person\/image\/","url":"https:\/\/conversesacatalunya.cat\/wp-content\/litespeed\/avatar\/c37e3dc881857483d6694cdf98fdedea.jpg?ver=1777270381","contentUrl":"https:\/\/conversesacatalunya.cat\/wp-content\/litespeed\/avatar\/c37e3dc881857483d6694cdf98fdedea.jpg?ver=1777270381","caption":"Josep Mir\u00f3 i Ard\u00e8vol"},"url":"https:\/\/conversesacatalunya.cat\/es\/author\/josep-miro-i-ardevol\/"}]}},"wps_subtitle":"Catalu\u00f1a resisti\u00f3 porque, antes de 1939, ya hab\u00eda dejado de ser s\u00f3lo una estructura pol\u00edtica para convertirse en una completa civilizaci\u00f3n social.","_links":{"self":[{"href":"https:\/\/conversesacatalunya.cat\/es\/wp-json\/wp\/v2\/posts\/98339","targetHints":{"allow":["GET"]}}],"collection":[{"href":"https:\/\/conversesacatalunya.cat\/es\/wp-json\/wp\/v2\/posts"}],"about":[{"href":"https:\/\/conversesacatalunya.cat\/es\/wp-json\/wp\/v2\/types\/post"}],"author":[{"embeddable":true,"href":"https:\/\/conversesacatalunya.cat\/es\/wp-json\/wp\/v2\/users\/19"}],"replies":[{"embeddable":true,"href":"https:\/\/conversesacatalunya.cat\/es\/wp-json\/wp\/v2\/comments?post=98339"}],"version-history":[{"count":3,"href":"https:\/\/conversesacatalunya.cat\/es\/wp-json\/wp\/v2\/posts\/98339\/revisions"}],"predecessor-version":[{"id":98343,"href":"https:\/\/conversesacatalunya.cat\/es\/wp-json\/wp\/v2\/posts\/98339\/revisions\/98343"}],"wp:featuredmedia":[{"embeddable":true,"href":"https:\/\/conversesacatalunya.cat\/es\/wp-json\/wp\/v2\/media\/98337"}],"wp:attachment":[{"href":"https:\/\/conversesacatalunya.cat\/es\/wp-json\/wp\/v2\/media?parent=98339"}],"wp:term":[{"taxonomy":"category","embeddable":true,"href":"https:\/\/conversesacatalunya.cat\/es\/wp-json\/wp\/v2\/categories?post=98339"},{"taxonomy":"post_tag","embeddable":true,"href":"https:\/\/conversesacatalunya.cat\/es\/wp-json\/wp\/v2\/tags?post=98339"}],"curies":[{"name":"wp","href":"https:\/\/api.w.org\/{rel}","templated":true}]}}