{"id":98321,"date":"2026-04-27T10:07:47","date_gmt":"2026-04-27T08:07:47","guid":{"rendered":"https:\/\/conversesacatalunya.cat\/?p=98321"},"modified":"2026-04-27T10:24:03","modified_gmt":"2026-04-27T08:24:03","slug":"juicio-a-jordi-pujol","status":"publish","type":"post","link":"https:\/\/conversesacatalunya.cat\/es\/juicio-a-jordi-pujol\/","title":{"rendered":"Juicio a Jordi Pujol"},"content":{"rendered":"<p data-start=\"157\" data-end=\"661\"><span dir=\"auto\"><span class=\"VIpgJd-yAWNEb-VIpgJd-fmcmS-sn54Q\" dir=\"auto\">No es seguro que Catalu\u00f1a haya sabido preservar, con la justa medida, el reconocimiento debido a<span>\u00a0<\/span><\/span><\/span><strong><span dir=\"auto\"><span class=\"VIpgJd-yAWNEb-VIpgJd-fmcmS-sn54Q\" dir=\"auto\"><a href=\"https:\/\/conversesacatalunya.cat\/es\/el-juicio-a-pujol-y-la-patria-catalana\/\" target=\"_blank\" rel=\"noopener\">Jordi Pujol<\/a>.<\/span><\/span><\/strong><span dir=\"auto\"><span class=\"VIpgJd-yAWNEb-VIpgJd-fmcmS-sn54Q\" dir=\"auto\">\u00a0Lo digo sin ingenuidad ni candor: conozco de cerca \u2014demasiado de cerca\u2014 la intensidad de un resentimiento que a menudo no es simple discrepancia, sino una forma de aversi\u00f3n persistente, casi f\u00edsica, que atraviesa izquierdas y derechas. Lo he visto en personas que, en otras circunstancias, querr\u00edan ponderadas y liberales; lo he o\u00eddo en palabras que, escritas o dichas, no buscaban la verdad, sino la condena.<\/span><\/span><\/p>\n<p data-start=\"663\" data-end=\"1157\"><span dir=\"auto\">En este hecho hay una grieta moral. Una comunidad que no sabe ordenar su memoria, que <strong>no sabe distinguir entre juicio y escarnio<\/strong>, acaba perdiendo la noci\u00f3n de lo sustancial. Y Pujol \u2014no el \u00fanico, ni necesariamente el m\u00e1s \u00edntegro, pero s\u00ed uno de los m\u00e1s constantes\u2014 pertenece a esa categor\u00eda. En \u00e9l, como antes Enric Prat de la Riba, confluyen el hombre de doctrina y el hombre de acci\u00f3n: la resistencia y la construcci\u00f3n; el pensamiento y la obra; el proyecto y su ejecuci\u00f3n tenaz en el tiempo.<\/span><\/p>\n<p data-start=\"1159\" data-end=\"1697\"><strong><span dir=\"auto\"><span class=\"VIpgJd-yAWNEb-VIpgJd-fmcmS-sn54Q\" dir=\"auto\">Pujol no es s\u00f3lo una biograf\u00eda. Es un per\u00edodo.<\/span><\/span><\/strong><span dir=\"auto\"><span class=\"VIpgJd-yAWNEb-VIpgJd-fmcmS-sn54Q\" dir=\"auto\"><span>\u00a0<\/span>Es la larga arquitectura de un autogobierno que, con todas sus limitaciones, dio forma a la Catalu\u00f1a auton\u00f3mica y, por extensi\u00f3n, a la ordenaci\u00f3n territorial de Espa\u00f1a. En un pa\u00eds que ven\u00eda de la fractura y de la tentaci\u00f3n recurrente del desorden \u2013pensamos en la deriva cantonalista de la Primera Rep\u00fablica\u2013, el autonomismo fue una s\u00edntesis operativa: imperfecta, s\u00ed, pero fecunda. Y esa fecundidad no puede borrarse con un gesto, ni con una sentencia, ni con un clima moral adverso.<\/span><\/span><\/p>\n<p data-start=\"1699\" data-end=\"2268\"><span dir=\"auto\">Ahora bien, la historia no exime de responsabilidades. Y es aqu\u00ed donde el juicio resulta necesario. Pero<span>\u00a0<\/span><\/span><strong><span dir=\"auto\">la necesidad de la justicia no legitima cualquier forma de practicarla.<\/span><\/strong><\/p>\n<p data-start=\"1699\" data-end=\"2268\"><span dir=\"auto\">Hoy, con noventa y cinco a\u00f1os,<span>\u00a0<\/span><\/span><strong><span dir=\"auto\">Jordi Pujol comparece ante un tribunal en Madrid en unas condiciones que interpelan a la m\u00e1s elemental conciencia jur\u00eddica.<\/span><\/strong><span dir=\"auto\"><span>\u00a0<\/span>Los informes m\u00e9dicos describen un severo deterioro f\u00edsico y cognitivo: dificultades de movilidad casi absolutas, una capacidad mermada para procesar el lenguaje, una lucidez intermitente que lucha, con dignidad, contra los l\u00edmites del cuerpo.<\/span><\/p>\n<p data-start=\"2270\" data-end=\"2772\"><span dir=\"auto\"><span class=\"VIpgJd-yAWNEb-VIpgJd-fmcmS-sn54Q\" dir=\"auto\">La pregunta es inevitable:<span>\u00a0<\/span><\/span><\/span><strong><span dir=\"auto\"><span class=\"VIpgJd-yAWNEb-VIpgJd-fmcmS-sn54Q\" dir=\"auto\">\u00bfqu\u00e9 se busca con esa comparecencia personal?<\/span><\/span><\/strong><span dir=\"auto\"><span class=\"VIpgJd-yAWNEb-VIpgJd-fmcmS-sn54Q\" dir=\"auto\"><span>\u00a0<\/span>\u00bfQu\u00e9 ganancia probatoria real aporta someter a un hombre en ese estado a un desplazamiento largo y a la tensi\u00f3n de una vista judicial? La justicia, cuando se desata de la prudencia, puede convertirse en una forma de representaci\u00f3n; y la representaci\u00f3n, cuando se vac\u00eda de necesidad, deriva en escarnio. No hablemos solo de un individuo, ni siquiera de una familia. Hablamos de una idea de pa\u00eds que, guste o no, tambi\u00e9n se reconoce en su trayectoria.<\/span><\/span><\/p>\n<p data-start=\"2774\" data-end=\"3205\"><span dir=\"auto\">Hay, adem\u00e1s, un elemento que no puede ignorarse:<span>\u00a0<\/span><\/span><strong><span dir=\"auto\">una cuarta parte de los ciudadanos de Catalu\u00f1a ha nacido fuera.<\/span><\/strong><span dir=\"auto\"> Para muchos de ellos, Pujol es una figura remota, casi ajena. Esto no es un reproche; es una constataci\u00f3n. Pero es tambi\u00e9n un indicador del riesgo: cuando la memoria se debilita, el juicio se vuelve m\u00e1s vol\u00e1til, m\u00e1s permeable a las pasiones inmediatas. Y una comunidad sin memoria ordenada es una comunidad sin criterio estable.<\/span><\/p>\n<p data-start=\"3207\" data-end=\"3728\"><span dir=\"auto\"><span class=\"VIpgJd-yAWNEb-VIpgJd-fmcmS-sn54Q\" dir=\"auto\">Sostengo \u2014y lo hago como hip\u00f3tesis, no como veredicto\u2014 que el proceso ha avanzado poco en t\u00e9rminos probatorios respecto al conjunto de delitos imputados, hasta el punto de que el resultado previsible para el propio Pujol podr\u00eda situarse muy por debajo de las expectativas que, durante a\u00f1os, se han ido hinchando. Ante esta asimetr\u00eda entre expectativa y prueba, la tentaci\u00f3n de compensar con severidad formal lo que no se alcanza con solidez material es conocida en la historia judicial:<span>\u00a0<\/span><\/span><\/span><strong><span dir=\"auto\"><span class=\"VIpgJd-yAWNEb-VIpgJd-fmcmS-sn54Q\" dir=\"auto\">convertir el<span>\u00a0<\/span><\/span><\/span><\/strong><strong><span dir=\"auto\"><span class=\"VIpgJd-yAWNEb-VIpgJd-fmcmS-sn54Q\" dir=\"auto\">procedimiento en escenificaci\u00f3n.<\/span><\/span><\/strong><\/p>\n<p data-start=\"3730\" data-end=\"4102\"><span dir=\"auto\">No afirmo que sea as\u00ed. Pero la mera sospecha es ya, en s\u00ed misma, inquietante. Porque la justicia, para ser cre\u00edble, no solo debe ser imparcial; tambi\u00e9n debe parecerlo. Y cuando una decisi\u00f3n procesal \u2014como la<span>\u00a0<\/span><\/span><strong><span dir=\"auto\">de exigir la presencia f\u00edsica de una persona en estado de fragilidad extrema\u2014<\/span><\/strong><span dir=\"auto\"><span>\u00a0<\/span>no se percibe como estrictamente necesaria, se abre una grieta en la confianza p\u00fablica.<\/span><\/p>\n<p data-start=\"4104\" data-end=\"4572\"><span dir=\"auto\"><span class=\"VIpgJd-yAWNEb-VIpgJd-fmcmS-sn54Q\" dir=\"auto\">Por \u00faltimo, hay una cuesti\u00f3n m\u00e1s profunda. La pol\u00edtica contempor\u00e1nea parece haber diluido la idea de una exigente conciencia. En otros tiempos \u2014no idealizamos, pero tampoco negamos\u2014 exist\u00eda una relaci\u00f3n m\u00e1s directa entre error y responsabilidad interior. Pujol, con todas sus luces \u2014muchas\u2014 y sombras, pertenece a una generaci\u00f3n que, al menos, reconoc\u00eda ese v\u00ednculo.<span>\u00a0<\/span><\/span><\/span><strong><span dir=\"auto\"><span class=\"VIpgJd-yAWNEb-VIpgJd-fmcmS-sn54Q\" dir=\"auto\">Hoy, con demasiada frecuencia, la deshonestidad se disuelve en la normalidad, y la sanci\u00f3n moral interna desaparece.<\/span><\/span><\/strong><\/p>\n<p data-start=\"4574\" data-end=\"4950\" data-is-last-node=\"\" data-is-only-node=\"\"><span dir=\"auto\">No se trata de exculpar, sino de discernir No se trata de negar el juicio, sino exigir que sea justo tanto en la forma como en el fondo.<span>\u00a0<\/span><\/span><strong><span dir=\"auto\">Catalu\u00f1a no puede permitirse sustituir la memoria por la animadversi\u00f3n, ni la justicia por el escarnio. <\/span><\/strong><span dir=\"auto\">Porque, en ese intercambio, lo que se pierde no es solo la figura de un hombre \u2014que ya ser\u00eda bastante grave\u2014, sino la calidad moral de un pa\u00eds.<\/span><\/p>\n<p data-start=\"3730\" data-end=\"4102\"><span class='bctt-click-to-tweet'><span class='bctt-ctt-text'><a href='https:\/\/twitter.com\/intent\/tweet?url=https%3A%2F%2Fconversesacatalunya.cat%2Fes%2Fjuicio-a-jordi-pujol%2F&#038;text=Cuando%20el%20juicio%20se%20convierte%20en%20espect%C3%A1culo%2C%20la%20confianza%20p%C3%BAblica%20se%20rompe.%20%23JordiPujol%20%23Tribunales%20%23Pol%C3%ADtica&#038;via=conversesacat&#038;related=conversesacat' target='_blank'rel=\"noopener noreferrer\">Cuando el juicio se convierte en espect\u00e1culo, la confianza p\u00fablica se rompe. #JordiPujol #Tribunales #Pol\u00edtica <\/a><\/span><a href='https:\/\/twitter.com\/intent\/tweet?url=https%3A%2F%2Fconversesacatalunya.cat%2Fes%2Fjuicio-a-jordi-pujol%2F&#038;text=Cuando%20el%20juicio%20se%20convierte%20en%20espect%C3%A1culo%2C%20la%20confianza%20p%C3%BAblica%20se%20rompe.%20%23JordiPujol%20%23Tribunales%20%23Pol%C3%ADtica&#038;via=conversesacat&#038;related=conversesacat' target='_blank' class='bctt-ctt-btn'rel=\"noopener noreferrer\">Compartir en X<\/a><\/span>\n","protected":false},"excerpt":{"rendered":"<p>No es seguro que Catalu\u00f1a haya sabido preservar, con la justa medida, el reconocimiento debido a\u00a0Jordi Pujol.\u00a0Lo digo sin ingenuidad ni candor: conozco de cerca \u2014demasiado de cerca\u2014 la intensidad de un resentimiento que a menudo no es simple discrepancia, sino una forma de aversi\u00f3n persistente, casi f\u00edsica, que atraviesa izquierdas y derechas. Lo he visto en personas que, en otras circunstancias, querr\u00edan ponderadas y liberales; lo he o\u00eddo en palabras que, escritas o dichas, no buscaban la verdad, sino la condena. En este hecho hay una grieta moral. Una comunidad que no sabe ordenar su memoria, que no sabe distinguir entre juicio y escarnio, acaba perdiendo la noci\u00f3n de lo sustancial. Y Pujol \u2014no el \u00fanico, ni necesariamente el m\u00e1s \u00edntegro, pero s\u00ed uno de los m\u00e1s constantes\u2014 pertenece a esa categor\u00eda. En \u00e9l, como antes Enric Prat de la Riba, confluyen el hombre de doctrina y el hombre de acci\u00f3n: la resistencia y la construcci\u00f3n; el pensamiento y la obra; el proyecto y su ejecuci\u00f3n tenaz en el tiempo. Pujol no es s\u00f3lo una biograf\u00eda. Es un per\u00edodo.\u00a0Es la larga arquitectura de un autogobierno que, con todas sus limitaciones, dio forma a la Catalu\u00f1a auton\u00f3mica y, por extensi\u00f3n, a la ordenaci\u00f3n territorial de Espa\u00f1a. En un pa\u00eds que ven\u00eda de la fractura y de la tentaci\u00f3n recurrente del desorden \u2013pensamos en la deriva cantonalista de la Primera Rep\u00fablica\u2013, el autonomismo fue una s\u00edntesis operativa: imperfecta, s\u00ed, pero fecunda. Y esa fecundidad no puede borrarse con un gesto, ni con una sentencia, ni con un clima moral adverso. Ahora bien, la historia no exime de responsabilidades. Y es aqu\u00ed donde el juicio resulta necesario. Pero\u00a0la necesidad de la justicia no legitima cualquier forma de practicarla. Hoy, con noventa y cinco a\u00f1os,\u00a0Jordi Pujol comparece ante un tribunal en Madrid en unas condiciones que interpelan a la m\u00e1s elemental conciencia jur\u00eddica.\u00a0Los informes m\u00e9dicos describen un severo deterioro f\u00edsico y cognitivo: dificultades de movilidad casi absolutas, una capacidad mermada para procesar el lenguaje, una lucidez intermitente que lucha, con dignidad, contra los l\u00edmites del cuerpo. La pregunta es inevitable:\u00a0\u00bfqu\u00e9 se busca con esa comparecencia personal?\u00a0\u00bfQu\u00e9 ganancia probatoria real aporta someter a un hombre en ese estado a un desplazamiento largo y a la tensi\u00f3n de una vista judicial? La justicia, cuando se desata de la prudencia, puede convertirse en una forma de representaci\u00f3n; y la representaci\u00f3n, cuando se vac\u00eda de necesidad, deriva en escarnio. No hablemos solo de un individuo, ni siquiera de una familia. Hablamos de una idea de pa\u00eds que, guste o no, tambi\u00e9n se reconoce en su trayectoria. Hay, adem\u00e1s, un elemento que no puede ignorarse:\u00a0una cuarta parte de los ciudadanos de Catalu\u00f1a ha nacido fuera. Para muchos de ellos, Pujol es una figura remota, casi ajena. Esto no es un reproche; es una constataci\u00f3n. Pero es tambi\u00e9n un indicador del riesgo: cuando la memoria se debilita, el juicio se vuelve m\u00e1s vol\u00e1til, m\u00e1s permeable a las pasiones inmediatas. Y una comunidad sin memoria ordenada es una comunidad sin criterio estable. Sostengo \u2014y lo hago como hip\u00f3tesis, no como veredicto\u2014 que el proceso ha avanzado poco en t\u00e9rminos probatorios respecto al conjunto de delitos imputados, hasta el punto de que el resultado previsible para el propio Pujol podr\u00eda situarse muy por debajo de las expectativas que, durante a\u00f1os, se han ido hinchando. Ante esta asimetr\u00eda entre expectativa y prueba, la tentaci\u00f3n de compensar con severidad formal lo que no se alcanza con solidez material es conocida en la historia judicial:\u00a0convertir el\u00a0procedimiento en escenificaci\u00f3n. No afirmo que sea as\u00ed. Pero la mera sospecha es ya, en s\u00ed misma, inquietante. Porque la justicia, para ser cre\u00edble, no solo debe ser imparcial; tambi\u00e9n debe parecerlo. Y cuando una decisi\u00f3n procesal \u2014como la\u00a0de exigir la presencia f\u00edsica de una persona en estado de fragilidad extrema\u2014\u00a0no se percibe como estrictamente necesaria, se abre una grieta en la confianza p\u00fablica. Por \u00faltimo, hay una cuesti\u00f3n m\u00e1s profunda. La pol\u00edtica contempor\u00e1nea parece haber diluido la idea de una exigente conciencia. En otros tiempos \u2014no idealizamos, pero tampoco negamos\u2014 exist\u00eda una relaci\u00f3n m\u00e1s directa entre error y responsabilidad interior. Pujol, con todas sus luces \u2014muchas\u2014 y sombras, pertenece a una generaci\u00f3n que, al menos, reconoc\u00eda ese v\u00ednculo.\u00a0Hoy, con demasiada frecuencia, la deshonestidad se disuelve en la normalidad, y la sanci\u00f3n moral interna desaparece. No se trata de exculpar, sino de discernir No se trata de negar el juicio, sino exigir que sea justo tanto en la forma como en el fondo.\u00a0Catalu\u00f1a no puede permitirse sustituir la memoria por la animadversi\u00f3n, ni la justicia por el escarnio. Porque, en ese intercambio, lo que se pierde no es solo la figura de un hombre \u2014que ya ser\u00eda bastante grave\u2014, sino la calidad moral de un pa\u00eds.<\/p>\n","protected":false},"author":19,"featured_media":98316,"comment_status":"open","ping_status":"open","sticky":false,"template":"","format":"standard","meta":{"_FSMCFIC_featured_image_caption":"","_FSMCFIC_featured_image_nocaption":"","_FSMCFIC_featured_image_hide":"","footnotes":""},"categories":[806],"tags":[843],"class_list":["post-98321","post","type-post","status-publish","format-standard","has-post-thumbnail","hentry","category-punts-claus-del-dia-es","tag-jordi-pujol-es"],"yoast_head":"<!-- This site is optimized with the Yoast SEO plugin v26.8 - https:\/\/yoast.com\/product\/yoast-seo-wordpress\/ -->\n<title>Juicio a Jordi Pujol - Converses a Catalunya<\/title>\n<meta name=\"description\" content=\"Juicio a Jordi Pujol a sus 95 a\u00f1os: entre la necesidad de justicia, el respeto a la dignidad personal y el valor hist\u00f3rico de su figura.\" \/>\n<meta name=\"robots\" content=\"index, follow, max-snippet:-1, max-image-preview:large, max-video-preview:-1\" \/>\n<link rel=\"canonical\" href=\"https:\/\/conversesacatalunya.cat\/es\/juicio-a-jordi-pujol\/\" \/>\n<meta property=\"og:locale\" content=\"es_ES\" \/>\n<meta property=\"og:type\" content=\"article\" \/>\n<meta property=\"og:title\" content=\"Juicio a Jordi Pujol - Converses a Catalunya\" \/>\n<meta property=\"og:description\" content=\"Juicio a Jordi Pujol a sus 95 a\u00f1os: entre la necesidad de justicia, el respeto a la dignidad personal y el valor hist\u00f3rico de su figura.\" \/>\n<meta property=\"og:url\" content=\"https:\/\/conversesacatalunya.cat\/es\/juicio-a-jordi-pujol\/\" \/>\n<meta property=\"og:site_name\" content=\"Converses a Catalunya\" \/>\n<meta property=\"article:published_time\" content=\"2026-04-27T08:07:47+00:00\" \/>\n<meta property=\"article:modified_time\" content=\"2026-04-27T08:24:03+00:00\" \/>\n<meta property=\"og:image\" content=\"https:\/\/conversesacatalunya.cat\/wp-content\/uploads\/2026\/04\/Pujol.jpg\" \/>\n\t<meta property=\"og:image:width\" content=\"781\" \/>\n\t<meta property=\"og:image:height\" content=\"831\" \/>\n\t<meta property=\"og:image:type\" content=\"image\/jpeg\" \/>\n<meta name=\"author\" content=\"Josep Mir\u00f3 i Ard\u00e8vol\" \/>\n<meta name=\"twitter:card\" content=\"summary_large_image\" \/>\n<meta name=\"twitter:label1\" content=\"Escrito por\" \/>\n\t<meta name=\"twitter:data1\" content=\"Josep Mir\u00f3 i Ard\u00e8vol\" \/>\n\t<meta name=\"twitter:label2\" content=\"Tiempo de lectura\" \/>\n\t<meta name=\"twitter:data2\" content=\"4 minutos\" \/>\n<script type=\"application\/ld+json\" class=\"yoast-schema-graph\">{\"@context\":\"https:\/\/schema.org\",\"@graph\":[{\"@type\":\"Article\",\"@id\":\"https:\/\/conversesacatalunya.cat\/es\/juicio-a-jordi-pujol\/#article\",\"isPartOf\":{\"@id\":\"https:\/\/conversesacatalunya.cat\/es\/juicio-a-jordi-pujol\/\"},\"author\":{\"name\":\"Josep Mir\u00f3 i Ard\u00e8vol\",\"@id\":\"https:\/\/conversesacatalunya.cat\/#\/schema\/person\/a9598a6786ba7d3d1c5e0de477b79370\"},\"headline\":\"Juicio a Jordi Pujol\",\"datePublished\":\"2026-04-27T08:07:47+00:00\",\"dateModified\":\"2026-04-27T08:24:03+00:00\",\"mainEntityOfPage\":{\"@id\":\"https:\/\/conversesacatalunya.cat\/es\/juicio-a-jordi-pujol\/\"},\"wordCount\":899,\"commentCount\":0,\"image\":{\"@id\":\"https:\/\/conversesacatalunya.cat\/es\/juicio-a-jordi-pujol\/#primaryimage\"},\"thumbnailUrl\":\"https:\/\/conversesacatalunya.cat\/wp-content\/uploads\/2026\/04\/Pujol.jpg\",\"keywords\":[\"Jordi Pujol\"],\"articleSection\":[\"Punts clau del dia (ES)\"],\"inLanguage\":\"es\",\"potentialAction\":[{\"@type\":\"CommentAction\",\"name\":\"Comment\",\"target\":[\"https:\/\/conversesacatalunya.cat\/es\/juicio-a-jordi-pujol\/#respond\"]}]},{\"@type\":\"WebPage\",\"@id\":\"https:\/\/conversesacatalunya.cat\/es\/juicio-a-jordi-pujol\/\",\"url\":\"https:\/\/conversesacatalunya.cat\/es\/juicio-a-jordi-pujol\/\",\"name\":\"Juicio a Jordi Pujol - Converses a Catalunya\",\"isPartOf\":{\"@id\":\"https:\/\/conversesacatalunya.cat\/#website\"},\"primaryImageOfPage\":{\"@id\":\"https:\/\/conversesacatalunya.cat\/es\/juicio-a-jordi-pujol\/#primaryimage\"},\"image\":{\"@id\":\"https:\/\/conversesacatalunya.cat\/es\/juicio-a-jordi-pujol\/#primaryimage\"},\"thumbnailUrl\":\"https:\/\/conversesacatalunya.cat\/wp-content\/uploads\/2026\/04\/Pujol.jpg\",\"datePublished\":\"2026-04-27T08:07:47+00:00\",\"dateModified\":\"2026-04-27T08:24:03+00:00\",\"author\":{\"@id\":\"https:\/\/conversesacatalunya.cat\/#\/schema\/person\/a9598a6786ba7d3d1c5e0de477b79370\"},\"description\":\"Juicio a Jordi Pujol a sus 95 a\u00f1os: entre la necesidad de justicia, el respeto a la dignidad personal y el valor hist\u00f3rico de su figura.\",\"breadcrumb\":{\"@id\":\"https:\/\/conversesacatalunya.cat\/es\/juicio-a-jordi-pujol\/#breadcrumb\"},\"inLanguage\":\"es\",\"potentialAction\":[{\"@type\":\"ReadAction\",\"target\":[\"https:\/\/conversesacatalunya.cat\/es\/juicio-a-jordi-pujol\/\"]}]},{\"@type\":\"ImageObject\",\"inLanguage\":\"es\",\"@id\":\"https:\/\/conversesacatalunya.cat\/es\/juicio-a-jordi-pujol\/#primaryimage\",\"url\":\"https:\/\/conversesacatalunya.cat\/wp-content\/uploads\/2026\/04\/Pujol.jpg\",\"contentUrl\":\"https:\/\/conversesacatalunya.cat\/wp-content\/uploads\/2026\/04\/Pujol.jpg\",\"width\":781,\"height\":831,\"caption\":\"Jordi Pujol juicio\"},{\"@type\":\"BreadcrumbList\",\"@id\":\"https:\/\/conversesacatalunya.cat\/es\/juicio-a-jordi-pujol\/#breadcrumb\",\"itemListElement\":[{\"@type\":\"ListItem\",\"position\":1,\"name\":\"Inici\",\"item\":\"https:\/\/conversesacatalunya.cat\/es\/\"},{\"@type\":\"ListItem\",\"position\":2,\"name\":\"Juicio a Jordi Pujol\"}]},{\"@type\":\"WebSite\",\"@id\":\"https:\/\/conversesacatalunya.cat\/#website\",\"url\":\"https:\/\/conversesacatalunya.cat\/\",\"name\":\"Converses a Catalunya\",\"description\":\"\",\"potentialAction\":[{\"@type\":\"SearchAction\",\"target\":{\"@type\":\"EntryPoint\",\"urlTemplate\":\"https:\/\/conversesacatalunya.cat\/?s={search_term_string}\"},\"query-input\":{\"@type\":\"PropertyValueSpecification\",\"valueRequired\":true,\"valueName\":\"search_term_string\"}}],\"inLanguage\":\"es\"},{\"@type\":\"Person\",\"@id\":\"https:\/\/conversesacatalunya.cat\/#\/schema\/person\/a9598a6786ba7d3d1c5e0de477b79370\",\"name\":\"Josep Mir\u00f3 i Ard\u00e8vol\",\"image\":{\"@type\":\"ImageObject\",\"inLanguage\":\"es\",\"@id\":\"https:\/\/conversesacatalunya.cat\/#\/schema\/person\/image\/\",\"url\":\"https:\/\/conversesacatalunya.cat\/wp-content\/litespeed\/avatar\/c37e3dc881857483d6694cdf98fdedea.jpg?ver=1777270381\",\"contentUrl\":\"https:\/\/conversesacatalunya.cat\/wp-content\/litespeed\/avatar\/c37e3dc881857483d6694cdf98fdedea.jpg?ver=1777270381\",\"caption\":\"Josep Mir\u00f3 i Ard\u00e8vol\"},\"url\":\"https:\/\/conversesacatalunya.cat\/es\/author\/josep-miro-i-ardevol\/\"}]}<\/script>\n<!-- \/ Yoast SEO plugin. -->","yoast_head_json":{"title":"Juicio a Jordi Pujol - Converses a Catalunya","description":"Juicio a Jordi Pujol a sus 95 a\u00f1os: entre la necesidad de justicia, el respeto a la dignidad personal y el valor hist\u00f3rico de su figura.","robots":{"index":"index","follow":"follow","max-snippet":"max-snippet:-1","max-image-preview":"max-image-preview:large","max-video-preview":"max-video-preview:-1"},"canonical":"https:\/\/conversesacatalunya.cat\/es\/juicio-a-jordi-pujol\/","og_locale":"es_ES","og_type":"article","og_title":"Juicio a Jordi Pujol - Converses a Catalunya","og_description":"Juicio a Jordi Pujol a sus 95 a\u00f1os: entre la necesidad de justicia, el respeto a la dignidad personal y el valor hist\u00f3rico de su figura.","og_url":"https:\/\/conversesacatalunya.cat\/es\/juicio-a-jordi-pujol\/","og_site_name":"Converses a Catalunya","article_published_time":"2026-04-27T08:07:47+00:00","article_modified_time":"2026-04-27T08:24:03+00:00","og_image":[{"width":781,"height":831,"url":"https:\/\/conversesacatalunya.cat\/wp-content\/uploads\/2026\/04\/Pujol.jpg","type":"image\/jpeg"}],"author":"Josep Mir\u00f3 i Ard\u00e8vol","twitter_card":"summary_large_image","twitter_misc":{"Escrito por":"Josep Mir\u00f3 i Ard\u00e8vol","Tiempo de lectura":"4 minutos"},"schema":{"@context":"https:\/\/schema.org","@graph":[{"@type":"Article","@id":"https:\/\/conversesacatalunya.cat\/es\/juicio-a-jordi-pujol\/#article","isPartOf":{"@id":"https:\/\/conversesacatalunya.cat\/es\/juicio-a-jordi-pujol\/"},"author":{"name":"Josep Mir\u00f3 i Ard\u00e8vol","@id":"https:\/\/conversesacatalunya.cat\/#\/schema\/person\/a9598a6786ba7d3d1c5e0de477b79370"},"headline":"Juicio a Jordi Pujol","datePublished":"2026-04-27T08:07:47+00:00","dateModified":"2026-04-27T08:24:03+00:00","mainEntityOfPage":{"@id":"https:\/\/conversesacatalunya.cat\/es\/juicio-a-jordi-pujol\/"},"wordCount":899,"commentCount":0,"image":{"@id":"https:\/\/conversesacatalunya.cat\/es\/juicio-a-jordi-pujol\/#primaryimage"},"thumbnailUrl":"https:\/\/conversesacatalunya.cat\/wp-content\/uploads\/2026\/04\/Pujol.jpg","keywords":["Jordi Pujol"],"articleSection":["Punts clau del dia (ES)"],"inLanguage":"es","potentialAction":[{"@type":"CommentAction","name":"Comment","target":["https:\/\/conversesacatalunya.cat\/es\/juicio-a-jordi-pujol\/#respond"]}]},{"@type":"WebPage","@id":"https:\/\/conversesacatalunya.cat\/es\/juicio-a-jordi-pujol\/","url":"https:\/\/conversesacatalunya.cat\/es\/juicio-a-jordi-pujol\/","name":"Juicio a Jordi Pujol - Converses a Catalunya","isPartOf":{"@id":"https:\/\/conversesacatalunya.cat\/#website"},"primaryImageOfPage":{"@id":"https:\/\/conversesacatalunya.cat\/es\/juicio-a-jordi-pujol\/#primaryimage"},"image":{"@id":"https:\/\/conversesacatalunya.cat\/es\/juicio-a-jordi-pujol\/#primaryimage"},"thumbnailUrl":"https:\/\/conversesacatalunya.cat\/wp-content\/uploads\/2026\/04\/Pujol.jpg","datePublished":"2026-04-27T08:07:47+00:00","dateModified":"2026-04-27T08:24:03+00:00","author":{"@id":"https:\/\/conversesacatalunya.cat\/#\/schema\/person\/a9598a6786ba7d3d1c5e0de477b79370"},"description":"Juicio a Jordi Pujol a sus 95 a\u00f1os: entre la necesidad de justicia, el respeto a la dignidad personal y el valor hist\u00f3rico de su figura.","breadcrumb":{"@id":"https:\/\/conversesacatalunya.cat\/es\/juicio-a-jordi-pujol\/#breadcrumb"},"inLanguage":"es","potentialAction":[{"@type":"ReadAction","target":["https:\/\/conversesacatalunya.cat\/es\/juicio-a-jordi-pujol\/"]}]},{"@type":"ImageObject","inLanguage":"es","@id":"https:\/\/conversesacatalunya.cat\/es\/juicio-a-jordi-pujol\/#primaryimage","url":"https:\/\/conversesacatalunya.cat\/wp-content\/uploads\/2026\/04\/Pujol.jpg","contentUrl":"https:\/\/conversesacatalunya.cat\/wp-content\/uploads\/2026\/04\/Pujol.jpg","width":781,"height":831,"caption":"Jordi Pujol juicio"},{"@type":"BreadcrumbList","@id":"https:\/\/conversesacatalunya.cat\/es\/juicio-a-jordi-pujol\/#breadcrumb","itemListElement":[{"@type":"ListItem","position":1,"name":"Inici","item":"https:\/\/conversesacatalunya.cat\/es\/"},{"@type":"ListItem","position":2,"name":"Juicio a Jordi Pujol"}]},{"@type":"WebSite","@id":"https:\/\/conversesacatalunya.cat\/#website","url":"https:\/\/conversesacatalunya.cat\/","name":"Converses a Catalunya","description":"","potentialAction":[{"@type":"SearchAction","target":{"@type":"EntryPoint","urlTemplate":"https:\/\/conversesacatalunya.cat\/?s={search_term_string}"},"query-input":{"@type":"PropertyValueSpecification","valueRequired":true,"valueName":"search_term_string"}}],"inLanguage":"es"},{"@type":"Person","@id":"https:\/\/conversesacatalunya.cat\/#\/schema\/person\/a9598a6786ba7d3d1c5e0de477b79370","name":"Josep Mir\u00f3 i Ard\u00e8vol","image":{"@type":"ImageObject","inLanguage":"es","@id":"https:\/\/conversesacatalunya.cat\/#\/schema\/person\/image\/","url":"https:\/\/conversesacatalunya.cat\/wp-content\/litespeed\/avatar\/c37e3dc881857483d6694cdf98fdedea.jpg?ver=1777270381","contentUrl":"https:\/\/conversesacatalunya.cat\/wp-content\/litespeed\/avatar\/c37e3dc881857483d6694cdf98fdedea.jpg?ver=1777270381","caption":"Josep Mir\u00f3 i Ard\u00e8vol"},"url":"https:\/\/conversesacatalunya.cat\/es\/author\/josep-miro-i-ardevol\/"}]}},"wps_subtitle":"Hoy, con noventa y cinco a\u00f1os,\u00a0Jordi Pujol comparece ante un tribunal en Madrid en unas condiciones que interpelan a la m\u00e1s elemental conciencia jur\u00eddica.","_links":{"self":[{"href":"https:\/\/conversesacatalunya.cat\/es\/wp-json\/wp\/v2\/posts\/98321","targetHints":{"allow":["GET"]}}],"collection":[{"href":"https:\/\/conversesacatalunya.cat\/es\/wp-json\/wp\/v2\/posts"}],"about":[{"href":"https:\/\/conversesacatalunya.cat\/es\/wp-json\/wp\/v2\/types\/post"}],"author":[{"embeddable":true,"href":"https:\/\/conversesacatalunya.cat\/es\/wp-json\/wp\/v2\/users\/19"}],"replies":[{"embeddable":true,"href":"https:\/\/conversesacatalunya.cat\/es\/wp-json\/wp\/v2\/comments?post=98321"}],"version-history":[{"count":4,"href":"https:\/\/conversesacatalunya.cat\/es\/wp-json\/wp\/v2\/posts\/98321\/revisions"}],"predecessor-version":[{"id":98327,"href":"https:\/\/conversesacatalunya.cat\/es\/wp-json\/wp\/v2\/posts\/98321\/revisions\/98327"}],"wp:featuredmedia":[{"embeddable":true,"href":"https:\/\/conversesacatalunya.cat\/es\/wp-json\/wp\/v2\/media\/98316"}],"wp:attachment":[{"href":"https:\/\/conversesacatalunya.cat\/es\/wp-json\/wp\/v2\/media?parent=98321"}],"wp:term":[{"taxonomy":"category","embeddable":true,"href":"https:\/\/conversesacatalunya.cat\/es\/wp-json\/wp\/v2\/categories?post=98321"},{"taxonomy":"post_tag","embeddable":true,"href":"https:\/\/conversesacatalunya.cat\/es\/wp-json\/wp\/v2\/tags?post=98321"}],"curies":[{"name":"wp","href":"https:\/\/api.w.org\/{rel}","templated":true}]}}