{"id":98301,"date":"2026-04-27T08:08:16","date_gmt":"2026-04-27T06:08:16","guid":{"rendered":"https:\/\/conversesacatalunya.cat\/?p=98301"},"modified":"2026-04-27T08:34:06","modified_gmt":"2026-04-27T06:34:06","slug":"vox-o-la-obsesion-contra-cataluna","status":"publish","type":"post","link":"https:\/\/conversesacatalunya.cat\/es\/vox-o-la-obsesion-contra-cataluna\/","title":{"rendered":"Vox o la obsesi\u00f3n contra Catalu\u00f1a"},"content":{"rendered":"<section class=\"text-token-text-primary w-full focus:outline-none [--shadow-height:45px] has-data-writing-block:pointer-events-none has-data-writing-block:-mt-(--shadow-height) has-data-writing-block:pt-(--shadow-height) [&amp;:has([data-writing-block])&gt;*]:pointer-events-auto [content-visibility:auto] supports-[content-visibility:auto]:[contain-intrinsic-size:auto_100lvh] R6Vx5W_threadScrollVars scroll-mb-[calc(var(--scroll-root-safe-area-inset-bottom,0px)+var(--thread-response-height))] scroll-mt-[calc(var(--header-height)+min(200px,max(70px,20svh)))]\" dir=\"auto\" data-turn-id=\"request-WEB:d68bd5e8-a2d5-4ac6-9bb6-7a6761d5c2f4-2\" data-testid=\"conversation-turn-6\" data-scroll-anchor=\"false\" data-turn=\"assistant\">\n<div class=\"text-base my-auto mx-auto pb-10 [--thread-content-margin:var(--thread-content-margin-xs,calc(var(--spacing)*4))] @w-sm\/main:[--thread-content-margin:var(--thread-content-margin-sm,calc(var(--spacing)*6))] @w-lg\/main:[--thread-content-margin:var(--thread-content-margin-lg,calc(var(--spacing)*16))] px-(--thread-content-margin)\">\n<div class=\"[--thread-content-max-width:40rem] @w-lg\/main:[--thread-content-max-width:48rem] mx-auto max-w-(--thread-content-max-width) flex-1 group\/turn-messages focus-visible:outline-hidden relative flex w-full min-w-0 flex-col agent-turn\">\n<div class=\"flex max-w-full flex-col gap-4 grow\">\n<div class=\"min-h-8 text-message relative flex w-full flex-col items-end gap-2 text-start break-words whitespace-normal outline-none keyboard-focused:focus-ring [.text-message+&amp;]:mt-1\" dir=\"auto\" tabindex=\"0\" data-message-author-role=\"assistant\" data-message-id=\"4696ee59-5d98-4330-b6fb-4d2abec77585\" data-message-model-slug=\"gpt-5-3\" data-turn-start-message=\"true\">\n<div class=\"flex w-full flex-col gap-1 empty:hidden\">\n<div class=\"markdown prose dark:prose-invert w-full wrap-break-word light markdown-new-styling\">\n<p data-start=\"179\" data-end=\"646\"><span dir=\"auto\">Hay obsesiones que se declaran, y otras que se ejecutan con una tenacidad tan met\u00f3dica que acaban siendo m\u00e1s elocuentes que cualquier discurso. El caso de Vox con Catalu\u00f1a pertenece a esta segunda categor\u00eda. No es una oposici\u00f3n al catalanismo \u2014eso ser\u00eda, en definitiva, una posici\u00f3n pol\u00edtica discutible\u2014 ni tampoco una discrepancia con la catalanidad como expresi\u00f3n cultural. Es otra cosa:<span>\u00a0<\/span><\/span><strong><span dir=\"auto\">una impugnaci\u00f3n directa de Catalu\u00f1a como realidad cultural y ling\u00fc\u00edstica.<\/span><\/strong><\/p>\n<p data-start=\"648\" data-end=\"920\"><span dir=\"auto\">Solo desde esta perspectiva \u2014y no desde ninguna l\u00f3gica racional m\u00ednimamente consistente\u2014 se entienden los acuerdos que este partido ha impulsado y que el Partido Popular ha asumido con una docilidad que, en Catalu\u00f1a, alguien deber\u00eda explicar con un m\u00ednimo de decencia intelectual.<\/span><\/p>\n<h4 data-start=\"922\" data-end=\"1428\"><strong><span dir=\"auto\">El caso de la Comunitat Valenciana es paradigm\u00e1tico.<\/span><\/strong><\/h4>\n<p data-start=\"922\" data-end=\"1428\"><span dir=\"auto\">Se ha decidido eliminar de la asignatura de Lengua y Literatura a todos los autores catalanes. No una revisi\u00f3n, no un debate acad\u00e9mico, no una matizaci\u00f3n curricular:<span>\u00a0<\/span><\/span><strong><span dir=\"auto\">una cancelaci\u00f3n en bloque<\/span><\/strong><span dir=\"auto\">. Y no hablemos de figuras marginales o discutidas. Hablamos de Merc\u00e8 Rodoreda, una de las grandes novelistas europeas del siglo XX. Al parecer, una autora peligrosa para la integridad valenciana. No es una exageraci\u00f3n ret\u00f3rica: es consecuencia directa del criterio aplicado.<\/span><\/p>\n<p data-start=\"1430\" data-end=\"1899\"><span dir=\"auto\">Pero la situaci\u00f3n adquiere un tono casi grotesco cuando<span>\u00a0<\/span><\/span><strong><span dir=\"auto\">la propia operaci\u00f3n incluye a Josep Pla.<\/span><\/strong><span dir=\"auto\"><span>\u00a0<\/span><\/span><\/p>\n<p data-start=\"1430\" data-end=\"1899\"><span dir=\"auto\">Pla, que representa una de las expresiones m\u00e1s depuradas de la prosa conservadora, esc\u00e9ptica y profundamente arraigada en el pa\u00eds. Pla, que nunca fue sospechoso de ning\u00fan radicalismo cultural ni pol\u00edtico. Pla, en definitiva, convertido ahora en v\u00edctima de un celo ideol\u00f3gico que supera, con creces, al que practic\u00f3 el propio franquismo, que nunca le censur\u00f3 de forma sistem\u00e1tica.<\/span><\/p>\n<h5 data-start=\"1901\" data-end=\"1969\"><strong><span dir=\"auto\">Esto ya no es pol\u00edtica cultural: es estridencia. Y tambi\u00e9n ignorancia.<\/span><\/strong><\/h5>\n<p data-start=\"1971\" data-end=\"2551\"><span dir=\"auto\"><span class=\"VIpgJd-yAWNEb-VIpgJd-fmcmS-sn54Q\" dir=\"auto\">La iron\u00eda es tan evidente que casi da pereza subrayarla. Los fundadores de<span>\u00a0<\/span><\/span><\/span><strong><span dir=\"auto\"><span class=\"VIpgJd-yAWNEb-VIpgJd-fmcmS-sn54Q\" dir=\"auto\">la revista<span>\u00a0<\/span><\/span><\/span><em data-start=\"2061\" data-end=\"2070\"><span dir=\"auto\"><span class=\"VIpgJd-yAWNEb-VIpgJd-fmcmS-sn54Q\" dir=\"auto\">Destino<\/span><\/span><\/em><\/strong><span dir=\"auto\"><span class=\"VIpgJd-yAWNEb-VIpgJd-fmcmS-sn54Q\" dir=\"auto\">, muchos de ellos provenientes del bando vencedor de la Guerra Civil y que dieron cabida a cientos de art\u00edculos de Pla, dif\u00edcilmente habr\u00edan imaginado que, d\u00e9cadas despu\u00e9s, la derecha pol\u00edtica llegar\u00eda a una posici\u00f3n tan restrictiva.<span>\u00a0<\/span><\/span><\/span><strong><span dir=\"auto\"><span class=\"VIpgJd-yAWNEb-VIpgJd-fmcmS-sn54Q\" dir=\"auto\">Junto a Vox, la censura franquista parece casi generosa<\/span><\/span><\/strong><span dir=\"auto\"><span class=\"VIpgJd-yAWNEb-VIpgJd-fmcmS-sn54Q\" dir=\"auto\">. Es un caso de evoluci\u00f3n a la inversa: no hacia la libertad, sino hacia una especie de puritanismo ideol\u00f3gico que recuerda m\u00e1s a algunos excesos revolucionarios que a una tradici\u00f3n conservadora.<\/span><\/span><\/p>\n<h4 data-start=\"2553\" data-end=\"2852\"><strong><span dir=\"auto\">Pero si el caso valenciano es grave, el de Arag\u00f3n posee una dimensi\u00f3n casi experimental.<\/span><\/strong><\/h4>\n<p data-start=\"2553\" data-end=\"2852\"><span dir=\"auto\">All\u00ed, el acuerdo impulsado por Vox se presenta con una formulaci\u00f3n que ya es toda una declaraci\u00f3n de intenciones:<span>\u00a0<\/span><\/span><strong><span dir=\"auto\">\u00abliberar Arag\u00f3n de la imposici\u00f3n del catal\u00e1n\u00bb<\/span><\/strong><span dir=\"auto\">. Una imposici\u00f3n que, hasta ahora, no hab\u00eda sido detectada por nadie.<\/span><\/p>\n<p data-start=\"2854\" data-end=\"3207\"><span dir=\"auto\">\u00bfQu\u00e9 hab\u00eda, en realidad?<span>\u00a0<\/span><\/span><strong><span dir=\"auto\">Un reconocimiento m\u00ednimo del catal\u00e1n en su variedad leridana en la Franja<\/span><\/strong><span dir=\"auto\">, especialmente en zonas como Fraga, comparable al reconocimiento \u2014a\u00fan m\u00e1s precario\u2014 del aragon\u00e9s. Es decir, una pol\u00edtica de protecci\u00f3n cultural moderada, casi t\u00edmida, propia de cualquier estado que carezca de complejos respecto a su diversidad.<\/span><\/p>\n<p data-start=\"3209\" data-end=\"3260\"><strong><span dir=\"auto\">La respuesta ha sido eliminar ese reconocimiento.<\/span><\/strong><\/p>\n<p data-start=\"3262\" data-end=\"3588\"><span dir=\"auto\">Y ah\u00ed es donde aparece una de las declaraciones m\u00e1s reveladoras del momento. El presidente aragon\u00e9s,<span>\u00a0<\/span><\/span><strong><span dir=\"auto\">Jorge Azc\u00f3n,<\/span><\/strong><span dir=\"auto\"><span>\u00a0<\/span>justific\u00f3 la medida afirmando que la lengua hablada en la zona de Fraga no deber\u00eda llamarse catal\u00e1n, sino \u201cfragatino\u201d. Es una notable aportaci\u00f3n a la ling\u00fc\u00edstica mundial: la creaci\u00f3n de una lengua por decreto pol\u00edtico.<\/span><\/p>\n<p data-start=\"3590\" data-end=\"3843\"><span dir=\"auto\">El problema es que el fragatino, si existe, solo puede ser una variedad dialectal. Y un dialecto, por definici\u00f3n, lo es siempre de una lengua. La pregunta es inevitable:<span>\u00a0<\/span><\/span><strong><span dir=\"auto\">\u00bfde qu\u00e9 lengua es dialecto el fragatino?<\/span><\/strong><span dir=\"auto\"><span>\u00a0<\/span>La respuesta, por mucho que incomode, es obvia.<\/span><\/p>\n<p data-start=\"3845\" data-end=\"4095\"><span dir=\"auto\">Esta operaci\u00f3n no responde a ning\u00fan criterio filol\u00f3gico. Responde a una necesidad pol\u00edtica:<span>\u00a0<\/span><\/span><strong><span dir=\"auto\">desvincular al catal\u00e1n de cualquier presencia que supere los l\u00edmites administrativos de Catalu\u00f1a.<\/span><\/strong><span dir=\"auto\">\u00a0Es decir, negarle la condici\u00f3n de lengua compartida en Espa\u00f1a.<\/span><\/p>\n<p data-start=\"4097\" data-end=\"4492\"><span dir=\"auto\">Y ah\u00ed es donde aflora la cuesti\u00f3n de fondo. Lo que est\u00e1 detr\u00e1s de estas decisiones no es una discrepancia sobre curr\u00edculos escolares o denominaciones ling\u00fc\u00edsticas. Es la idea \u2014impl\u00edcita pero persistente\u2014 de que<span>\u00a0<\/span><\/span><strong><span dir=\"auto\">el catal\u00e1n no es una lengua espa\u00f1ola en el sentido pleno del t\u00e9rmino.<\/span><\/strong><span dir=\"auto\">\u00a0Que es una anomal\u00eda, una excepci\u00f3n tolerada, pero no una realidad que pueda extenderse con normalidad por otros territorios.<\/span><\/p>\n<p data-start=\"4494\" data-end=\"4731\"><span dir=\"auto\">Si no fuera as\u00ed, <strong>\u00bfqu\u00e9 problema habr\u00eda en que autores catalanes fueran estudiados en Valencia? \u00bfO que el catal\u00e1n fuera reconocido en la Franja?<\/strong> Ninguno, evidentemente. Salvo si se parte del supuesto de que esta presencia es, en s\u00ed misma, una amenaza.<\/span><\/p>\n<p data-start=\"4733\" data-end=\"5144\"><span dir=\"auto\">El contraste con Catalu\u00f1a es, en este punto, casi inc\u00f3modo.<span>\u00a0<\/span><\/span><strong><span dir=\"auto\">El aran\u00e9s,<\/span><\/strong><span dir=\"auto\"> una variante del occitano sometida hist\u00f3ricamente a la presi\u00f3n del jacobinismo franc\u00e9s, goza en el Valle de Ar\u00e1n de un nivel de protecci\u00f3n y normalizaci\u00f3n que incluye la ense\u00f1anza oficial y el reconocimiento institucional. Catalu\u00f1a nunca se ha sentido amenazada por esta realidad. Por el contrario,<span>\u00a0<\/span><\/span><strong><span dir=\"auto\">la ha incorporado como parte de su patrimonio.<\/span><\/strong><\/p>\n<p data-start=\"5146\" data-end=\"5247\"><span dir=\"auto\">En Arag\u00f3n, sin embargo, la respuesta a una diversidad ling\u00fc\u00edstica mucho m\u00e1s consolidada ha sido la negaci\u00f3n.<\/span><\/p>\n<p data-start=\"5249\" data-end=\"5397\"><span dir=\"auto\"><span class=\"VIpgJd-yAWNEb-VIpgJd-fmcmS-sn54Q\" dir=\"auto\">Esto no es solo una cuesti\u00f3n de pol\u00edtica ling\u00fc\u00edstica. Es una cuesti\u00f3n m\u00e1s profunda que transforma la diversidad en problema y la riqueza en amenaza.<\/span><\/span><\/p>\n<p data-start=\"5399\" data-end=\"5677\"><span dir=\"auto\"><span class=\"\" dir=\"auto\">Y lo m\u00e1s significativo es que todo esto no ocurre en un contexto marginal, sino en el marco de <strong>acuerdos pol\u00edticos formales<\/strong>, avalados por partidos que aspiran a gobernar con normalidad. La responsabilidad, por tanto, no es solo de quien impulsa estas medidas, sino tambi\u00e9n de quien las acepta.<\/span><\/span><\/p>\n<p data-start=\"5679\" data-end=\"5913\" data-is-last-node=\"\" data-is-only-node=\"\"><span dir=\"auto\"><span class=\"\" dir=\"auto\">Por eso la pregunta final no es ret\u00f3rica. Es pol\u00edtica y concreta:<span>\u00a0<\/span><\/span><\/span><strong><span dir=\"auto\"><span class=\"\" dir=\"auto\">\u00bfqu\u00e9 piensa el Partido Popular en Catalu\u00f1a de todo esto?<\/span><\/span><\/strong><span dir=\"auto\"><span class=\"\" dir=\"auto\"><span>\u00a0<\/span>Y, sobre todo, \u00bfc\u00f3mo se lo explica a los ciudadanos que, con mayor o menor convicci\u00f3n, todav\u00eda lo consideran una opci\u00f3n razonable?<\/span><\/span><\/p>\n<p data-start=\"5249\" data-end=\"5397\"><span class='bctt-click-to-tweet'><span class='bctt-ctt-text'><a href='https:\/\/twitter.com\/intent\/tweet?url=https%3A%2F%2Fconversesacatalunya.cat%2Fes%2Fvox-o-la-obsesion-contra-cataluna%2F&#038;text=Eliminar%20a%20Rodoreda%20i%20Pla%20no%20es%20pol%C3%ADtica%20educativa.%20Es%20censura%20cultural.%20%23LenguaCatalana&#038;via=conversesacat&#038;related=conversesacat' target='_blank'rel=\"noopener noreferrer\">Eliminar a Rodoreda i Pla no es pol\u00edtica educativa. Es censura cultural. #LenguaCatalana <\/a><\/span><a href='https:\/\/twitter.com\/intent\/tweet?url=https%3A%2F%2Fconversesacatalunya.cat%2Fes%2Fvox-o-la-obsesion-contra-cataluna%2F&#038;text=Eliminar%20a%20Rodoreda%20i%20Pla%20no%20es%20pol%C3%ADtica%20educativa.%20Es%20censura%20cultural.%20%23LenguaCatalana&#038;via=conversesacat&#038;related=conversesacat' target='_blank' class='bctt-ctt-btn'rel=\"noopener noreferrer\">Compartir en X<\/a><\/span>\n<\/div>\n<\/div>\n<\/div>\n<\/div>\n<\/div>\n<\/div>\n<\/section>\n","protected":false},"excerpt":{"rendered":"<p>Hay obsesiones que se declaran, y otras que se ejecutan con una tenacidad tan met\u00f3dica que acaban siendo m\u00e1s elocuentes que cualquier discurso. El caso de Vox con Catalu\u00f1a pertenece a esta segunda categor\u00eda. No es una oposici\u00f3n al catalanismo \u2014eso ser\u00eda, en definitiva, una posici\u00f3n pol\u00edtica discutible\u2014 ni tampoco una discrepancia con la catalanidad como expresi\u00f3n cultural. Es otra cosa:\u00a0una impugnaci\u00f3n directa de Catalu\u00f1a como realidad cultural y ling\u00fc\u00edstica. Solo desde esta perspectiva \u2014y no desde ninguna l\u00f3gica racional m\u00ednimamente consistente\u2014 se entienden los acuerdos que este partido ha impulsado y que el Partido Popular ha asumido con una docilidad que, en Catalu\u00f1a, alguien deber\u00eda explicar con un m\u00ednimo de decencia intelectual. El caso de la Comunitat Valenciana es paradigm\u00e1tico. Se ha decidido eliminar de la asignatura de Lengua y Literatura a todos los autores catalanes. No una revisi\u00f3n, no un debate acad\u00e9mico, no una matizaci\u00f3n curricular:\u00a0una cancelaci\u00f3n en bloque. Y no hablemos de figuras marginales o discutidas. Hablamos de Merc\u00e8 Rodoreda, una de las grandes novelistas europeas del siglo XX. Al parecer, una autora peligrosa para la integridad valenciana. No es una exageraci\u00f3n ret\u00f3rica: es consecuencia directa del criterio aplicado. Pero la situaci\u00f3n adquiere un tono casi grotesco cuando\u00a0la propia operaci\u00f3n incluye a Josep Pla.\u00a0 Pla, que representa una de las expresiones m\u00e1s depuradas de la prosa conservadora, esc\u00e9ptica y profundamente arraigada en el pa\u00eds. Pla, que nunca fue sospechoso de ning\u00fan radicalismo cultural ni pol\u00edtico. Pla, en definitiva, convertido ahora en v\u00edctima de un celo ideol\u00f3gico que supera, con creces, al que practic\u00f3 el propio franquismo, que nunca le censur\u00f3 de forma sistem\u00e1tica. Esto ya no es pol\u00edtica cultural: es estridencia. Y tambi\u00e9n ignorancia. La iron\u00eda es tan evidente que casi da pereza subrayarla. Los fundadores de\u00a0la revista\u00a0Destino, muchos de ellos provenientes del bando vencedor de la Guerra Civil y que dieron cabida a cientos de art\u00edculos de Pla, dif\u00edcilmente habr\u00edan imaginado que, d\u00e9cadas despu\u00e9s, la derecha pol\u00edtica llegar\u00eda a una posici\u00f3n tan restrictiva.\u00a0Junto a Vox, la censura franquista parece casi generosa. Es un caso de evoluci\u00f3n a la inversa: no hacia la libertad, sino hacia una especie de puritanismo ideol\u00f3gico que recuerda m\u00e1s a algunos excesos revolucionarios que a una tradici\u00f3n conservadora. Pero si el caso valenciano es grave, el de Arag\u00f3n posee una dimensi\u00f3n casi experimental. All\u00ed, el acuerdo impulsado por Vox se presenta con una formulaci\u00f3n que ya es toda una declaraci\u00f3n de intenciones:\u00a0\u00abliberar Arag\u00f3n de la imposici\u00f3n del catal\u00e1n\u00bb. Una imposici\u00f3n que, hasta ahora, no hab\u00eda sido detectada por nadie. \u00bfQu\u00e9 hab\u00eda, en realidad?\u00a0Un reconocimiento m\u00ednimo del catal\u00e1n en su variedad leridana en la Franja, especialmente en zonas como Fraga, comparable al reconocimiento \u2014a\u00fan m\u00e1s precario\u2014 del aragon\u00e9s. Es decir, una pol\u00edtica de protecci\u00f3n cultural moderada, casi t\u00edmida, propia de cualquier estado que carezca de complejos respecto a su diversidad. La respuesta ha sido eliminar ese reconocimiento. Y ah\u00ed es donde aparece una de las declaraciones m\u00e1s reveladoras del momento. El presidente aragon\u00e9s,\u00a0Jorge Azc\u00f3n,\u00a0justific\u00f3 la medida afirmando que la lengua hablada en la zona de Fraga no deber\u00eda llamarse catal\u00e1n, sino \u201cfragatino\u201d. Es una notable aportaci\u00f3n a la ling\u00fc\u00edstica mundial: la creaci\u00f3n de una lengua por decreto pol\u00edtico. El problema es que el fragatino, si existe, solo puede ser una variedad dialectal. Y un dialecto, por definici\u00f3n, lo es siempre de una lengua. La pregunta es inevitable:\u00a0\u00bfde qu\u00e9 lengua es dialecto el fragatino?\u00a0La respuesta, por mucho que incomode, es obvia. Esta operaci\u00f3n no responde a ning\u00fan criterio filol\u00f3gico. Responde a una necesidad pol\u00edtica:\u00a0desvincular al catal\u00e1n de cualquier presencia que supere los l\u00edmites administrativos de Catalu\u00f1a.\u00a0Es decir, negarle la condici\u00f3n de lengua compartida en Espa\u00f1a. Y ah\u00ed es donde aflora la cuesti\u00f3n de fondo. Lo que est\u00e1 detr\u00e1s de estas decisiones no es una discrepancia sobre curr\u00edculos escolares o denominaciones ling\u00fc\u00edsticas. Es la idea \u2014impl\u00edcita pero persistente\u2014 de que\u00a0el catal\u00e1n no es una lengua espa\u00f1ola en el sentido pleno del t\u00e9rmino.\u00a0Que es una anomal\u00eda, una excepci\u00f3n tolerada, pero no una realidad que pueda extenderse con normalidad por otros territorios. Si no fuera as\u00ed, \u00bfqu\u00e9 problema habr\u00eda en que autores catalanes fueran estudiados en Valencia? \u00bfO que el catal\u00e1n fuera reconocido en la Franja? Ninguno, evidentemente. Salvo si se parte del supuesto de que esta presencia es, en s\u00ed misma, una amenaza. El contraste con Catalu\u00f1a es, en este punto, casi inc\u00f3modo.\u00a0El aran\u00e9s, una variante del occitano sometida hist\u00f3ricamente a la presi\u00f3n del jacobinismo franc\u00e9s, goza en el Valle de Ar\u00e1n de un nivel de protecci\u00f3n y normalizaci\u00f3n que incluye la ense\u00f1anza oficial y el reconocimiento institucional. Catalu\u00f1a nunca se ha sentido amenazada por esta realidad. Por el contrario,\u00a0la ha incorporado como parte de su patrimonio. En Arag\u00f3n, sin embargo, la respuesta a una diversidad ling\u00fc\u00edstica mucho m\u00e1s consolidada ha sido la negaci\u00f3n. Esto no es solo una cuesti\u00f3n de pol\u00edtica ling\u00fc\u00edstica. Es una cuesti\u00f3n m\u00e1s profunda que transforma la diversidad en problema y la riqueza en amenaza. Y lo m\u00e1s significativo es que todo esto no ocurre en un contexto marginal, sino en el marco de acuerdos pol\u00edticos formales, avalados por partidos que aspiran a gobernar con normalidad. La responsabilidad, por tanto, no es solo de quien impulsa estas medidas, sino tambi\u00e9n de quien las acepta. Por eso la pregunta final no es ret\u00f3rica. Es pol\u00edtica y concreta:\u00a0\u00bfqu\u00e9 piensa el Partido Popular en Catalu\u00f1a de todo esto?\u00a0Y, sobre todo, \u00bfc\u00f3mo se lo explica a los ciudadanos que, con mayor o menor convicci\u00f3n, todav\u00eda lo consideran una opci\u00f3n razonable?<\/p>\n","protected":false},"author":80,"featured_media":98298,"comment_status":"open","ping_status":"open","sticky":false,"template":"","format":"standard","meta":{"_FSMCFIC_featured_image_caption":"","_FSMCFIC_featured_image_nocaption":"","_FSMCFIC_featured_image_hide":"","footnotes":""},"categories":[806],"tags":[1030],"class_list":["post-98301","post","type-post","status-publish","format-standard","has-post-thumbnail","hentry","category-punts-claus-del-dia-es","tag-catala-es"],"yoast_head":"<!-- This site is optimized with the Yoast SEO plugin v26.8 - https:\/\/yoast.com\/product\/yoast-seo-wordpress\/ -->\n<title>Vox o la obsesi\u00f3n contra Catalu\u00f1a - Converses a Catalunya<\/title>\n<meta name=\"description\" content=\"An\u00e0lisi acords de Vox i PP que eliminen autors catalans a Val\u00e8ncia i neguen el catal\u00e0 a Arag\u00f3. Un debat sobre llengua, cultura i identitat.\" \/>\n<meta name=\"robots\" content=\"index, follow, max-snippet:-1, max-image-preview:large, max-video-preview:-1\" \/>\n<link rel=\"canonical\" href=\"https:\/\/conversesacatalunya.cat\/es\/vox-o-la-obsesion-contra-cataluna\/\" \/>\n<meta property=\"og:locale\" content=\"es_ES\" \/>\n<meta property=\"og:type\" content=\"article\" \/>\n<meta property=\"og:title\" content=\"Vox o la obsesi\u00f3n contra Catalu\u00f1a - Converses a Catalunya\" \/>\n<meta property=\"og:description\" content=\"An\u00e0lisi acords de Vox i PP que eliminen autors catalans a Val\u00e8ncia i neguen el catal\u00e0 a Arag\u00f3. Un debat sobre llengua, cultura i identitat.\" \/>\n<meta property=\"og:url\" content=\"https:\/\/conversesacatalunya.cat\/es\/vox-o-la-obsesion-contra-cataluna\/\" \/>\n<meta property=\"og:site_name\" content=\"Converses a Catalunya\" \/>\n<meta property=\"article:published_time\" content=\"2026-04-27T06:08:16+00:00\" \/>\n<meta property=\"article:modified_time\" content=\"2026-04-27T06:34:06+00:00\" \/>\n<meta property=\"og:image\" content=\"https:\/\/conversesacatalunya.cat\/wp-content\/uploads\/2026\/04\/VOX-catala.jpg\" \/>\n\t<meta property=\"og:image:width\" content=\"909\" \/>\n\t<meta property=\"og:image:height\" content=\"649\" \/>\n\t<meta property=\"og:image:type\" content=\"image\/jpeg\" \/>\n<meta name=\"author\" content=\"N\u00faria Freixa\" \/>\n<meta name=\"twitter:card\" content=\"summary_large_image\" \/>\n<meta name=\"twitter:label1\" content=\"Escrito por\" \/>\n\t<meta name=\"twitter:data1\" content=\"N\u00faria Freixa\" \/>\n\t<meta name=\"twitter:label2\" content=\"Tiempo de lectura\" \/>\n\t<meta name=\"twitter:data2\" content=\"5 minutos\" \/>\n<script type=\"application\/ld+json\" class=\"yoast-schema-graph\">{\"@context\":\"https:\/\/schema.org\",\"@graph\":[{\"@type\":\"Article\",\"@id\":\"https:\/\/conversesacatalunya.cat\/es\/vox-o-la-obsesion-contra-cataluna\/#article\",\"isPartOf\":{\"@id\":\"https:\/\/conversesacatalunya.cat\/es\/vox-o-la-obsesion-contra-cataluna\/\"},\"author\":{\"name\":\"N\u00faria Freixa\",\"@id\":\"https:\/\/conversesacatalunya.cat\/#\/schema\/person\/b734752c25b328c819a407cbea568c1f\"},\"headline\":\"Vox o la obsesi\u00f3n contra Catalu\u00f1a\",\"datePublished\":\"2026-04-27T06:08:16+00:00\",\"dateModified\":\"2026-04-27T06:34:06+00:00\",\"mainEntityOfPage\":{\"@id\":\"https:\/\/conversesacatalunya.cat\/es\/vox-o-la-obsesion-contra-cataluna\/\"},\"wordCount\":1078,\"commentCount\":0,\"image\":{\"@id\":\"https:\/\/conversesacatalunya.cat\/es\/vox-o-la-obsesion-contra-cataluna\/#primaryimage\"},\"thumbnailUrl\":\"https:\/\/conversesacatalunya.cat\/wp-content\/uploads\/2026\/04\/VOX-catala.jpg\",\"keywords\":[\"Catal\u00e0\"],\"articleSection\":[\"Punts clau del dia (ES)\"],\"inLanguage\":\"es\",\"potentialAction\":[{\"@type\":\"CommentAction\",\"name\":\"Comment\",\"target\":[\"https:\/\/conversesacatalunya.cat\/es\/vox-o-la-obsesion-contra-cataluna\/#respond\"]}]},{\"@type\":\"WebPage\",\"@id\":\"https:\/\/conversesacatalunya.cat\/es\/vox-o-la-obsesion-contra-cataluna\/\",\"url\":\"https:\/\/conversesacatalunya.cat\/es\/vox-o-la-obsesion-contra-cataluna\/\",\"name\":\"Vox o la obsesi\u00f3n contra Catalu\u00f1a - Converses a Catalunya\",\"isPartOf\":{\"@id\":\"https:\/\/conversesacatalunya.cat\/#website\"},\"primaryImageOfPage\":{\"@id\":\"https:\/\/conversesacatalunya.cat\/es\/vox-o-la-obsesion-contra-cataluna\/#primaryimage\"},\"image\":{\"@id\":\"https:\/\/conversesacatalunya.cat\/es\/vox-o-la-obsesion-contra-cataluna\/#primaryimage\"},\"thumbnailUrl\":\"https:\/\/conversesacatalunya.cat\/wp-content\/uploads\/2026\/04\/VOX-catala.jpg\",\"datePublished\":\"2026-04-27T06:08:16+00:00\",\"dateModified\":\"2026-04-27T06:34:06+00:00\",\"author\":{\"@id\":\"https:\/\/conversesacatalunya.cat\/#\/schema\/person\/b734752c25b328c819a407cbea568c1f\"},\"description\":\"An\u00e0lisi acords de Vox i PP que eliminen autors catalans a Val\u00e8ncia i neguen el catal\u00e0 a Arag\u00f3. Un debat sobre llengua, cultura i identitat.\",\"breadcrumb\":{\"@id\":\"https:\/\/conversesacatalunya.cat\/es\/vox-o-la-obsesion-contra-cataluna\/#breadcrumb\"},\"inLanguage\":\"es\",\"potentialAction\":[{\"@type\":\"ReadAction\",\"target\":[\"https:\/\/conversesacatalunya.cat\/es\/vox-o-la-obsesion-contra-cataluna\/\"]}]},{\"@type\":\"ImageObject\",\"inLanguage\":\"es\",\"@id\":\"https:\/\/conversesacatalunya.cat\/es\/vox-o-la-obsesion-contra-cataluna\/#primaryimage\",\"url\":\"https:\/\/conversesacatalunya.cat\/wp-content\/uploads\/2026\/04\/VOX-catala.jpg\",\"contentUrl\":\"https:\/\/conversesacatalunya.cat\/wp-content\/uploads\/2026\/04\/VOX-catala.jpg\",\"width\":909,\"height\":649,\"caption\":\"VOX catal\u00e0\"},{\"@type\":\"BreadcrumbList\",\"@id\":\"https:\/\/conversesacatalunya.cat\/es\/vox-o-la-obsesion-contra-cataluna\/#breadcrumb\",\"itemListElement\":[{\"@type\":\"ListItem\",\"position\":1,\"name\":\"Inici\",\"item\":\"https:\/\/conversesacatalunya.cat\/es\/\"},{\"@type\":\"ListItem\",\"position\":2,\"name\":\"Vox o la obsesi\u00f3n contra Catalu\u00f1a\"}]},{\"@type\":\"WebSite\",\"@id\":\"https:\/\/conversesacatalunya.cat\/#website\",\"url\":\"https:\/\/conversesacatalunya.cat\/\",\"name\":\"Converses a Catalunya\",\"description\":\"\",\"potentialAction\":[{\"@type\":\"SearchAction\",\"target\":{\"@type\":\"EntryPoint\",\"urlTemplate\":\"https:\/\/conversesacatalunya.cat\/?s={search_term_string}\"},\"query-input\":{\"@type\":\"PropertyValueSpecification\",\"valueRequired\":true,\"valueName\":\"search_term_string\"}}],\"inLanguage\":\"es\"},{\"@type\":\"Person\",\"@id\":\"https:\/\/conversesacatalunya.cat\/#\/schema\/person\/b734752c25b328c819a407cbea568c1f\",\"name\":\"N\u00faria Freixa\",\"image\":{\"@type\":\"ImageObject\",\"inLanguage\":\"es\",\"@id\":\"https:\/\/conversesacatalunya.cat\/#\/schema\/person\/image\/\",\"url\":\"https:\/\/conversesacatalunya.cat\/wp-content\/litespeed\/avatar\/c3686e387186fed249338fe04729c597.jpg?ver=1777289182\",\"contentUrl\":\"https:\/\/conversesacatalunya.cat\/wp-content\/litespeed\/avatar\/c3686e387186fed249338fe04729c597.jpg?ver=1777289182\",\"caption\":\"N\u00faria Freixa\"},\"url\":\"https:\/\/conversesacatalunya.cat\/es\/author\/nuria_freixa\/\"}]}<\/script>\n<!-- \/ Yoast SEO plugin. -->","yoast_head_json":{"title":"Vox o la obsesi\u00f3n contra Catalu\u00f1a - Converses a Catalunya","description":"An\u00e0lisi acords de Vox i PP que eliminen autors catalans a Val\u00e8ncia i neguen el catal\u00e0 a Arag\u00f3. Un debat sobre llengua, cultura i identitat.","robots":{"index":"index","follow":"follow","max-snippet":"max-snippet:-1","max-image-preview":"max-image-preview:large","max-video-preview":"max-video-preview:-1"},"canonical":"https:\/\/conversesacatalunya.cat\/es\/vox-o-la-obsesion-contra-cataluna\/","og_locale":"es_ES","og_type":"article","og_title":"Vox o la obsesi\u00f3n contra Catalu\u00f1a - Converses a Catalunya","og_description":"An\u00e0lisi acords de Vox i PP que eliminen autors catalans a Val\u00e8ncia i neguen el catal\u00e0 a Arag\u00f3. Un debat sobre llengua, cultura i identitat.","og_url":"https:\/\/conversesacatalunya.cat\/es\/vox-o-la-obsesion-contra-cataluna\/","og_site_name":"Converses a Catalunya","article_published_time":"2026-04-27T06:08:16+00:00","article_modified_time":"2026-04-27T06:34:06+00:00","og_image":[{"width":909,"height":649,"url":"https:\/\/conversesacatalunya.cat\/wp-content\/uploads\/2026\/04\/VOX-catala.jpg","type":"image\/jpeg"}],"author":"N\u00faria Freixa","twitter_card":"summary_large_image","twitter_misc":{"Escrito por":"N\u00faria Freixa","Tiempo de lectura":"5 minutos"},"schema":{"@context":"https:\/\/schema.org","@graph":[{"@type":"Article","@id":"https:\/\/conversesacatalunya.cat\/es\/vox-o-la-obsesion-contra-cataluna\/#article","isPartOf":{"@id":"https:\/\/conversesacatalunya.cat\/es\/vox-o-la-obsesion-contra-cataluna\/"},"author":{"name":"N\u00faria Freixa","@id":"https:\/\/conversesacatalunya.cat\/#\/schema\/person\/b734752c25b328c819a407cbea568c1f"},"headline":"Vox o la obsesi\u00f3n contra Catalu\u00f1a","datePublished":"2026-04-27T06:08:16+00:00","dateModified":"2026-04-27T06:34:06+00:00","mainEntityOfPage":{"@id":"https:\/\/conversesacatalunya.cat\/es\/vox-o-la-obsesion-contra-cataluna\/"},"wordCount":1078,"commentCount":0,"image":{"@id":"https:\/\/conversesacatalunya.cat\/es\/vox-o-la-obsesion-contra-cataluna\/#primaryimage"},"thumbnailUrl":"https:\/\/conversesacatalunya.cat\/wp-content\/uploads\/2026\/04\/VOX-catala.jpg","keywords":["Catal\u00e0"],"articleSection":["Punts clau del dia (ES)"],"inLanguage":"es","potentialAction":[{"@type":"CommentAction","name":"Comment","target":["https:\/\/conversesacatalunya.cat\/es\/vox-o-la-obsesion-contra-cataluna\/#respond"]}]},{"@type":"WebPage","@id":"https:\/\/conversesacatalunya.cat\/es\/vox-o-la-obsesion-contra-cataluna\/","url":"https:\/\/conversesacatalunya.cat\/es\/vox-o-la-obsesion-contra-cataluna\/","name":"Vox o la obsesi\u00f3n contra Catalu\u00f1a - Converses a Catalunya","isPartOf":{"@id":"https:\/\/conversesacatalunya.cat\/#website"},"primaryImageOfPage":{"@id":"https:\/\/conversesacatalunya.cat\/es\/vox-o-la-obsesion-contra-cataluna\/#primaryimage"},"image":{"@id":"https:\/\/conversesacatalunya.cat\/es\/vox-o-la-obsesion-contra-cataluna\/#primaryimage"},"thumbnailUrl":"https:\/\/conversesacatalunya.cat\/wp-content\/uploads\/2026\/04\/VOX-catala.jpg","datePublished":"2026-04-27T06:08:16+00:00","dateModified":"2026-04-27T06:34:06+00:00","author":{"@id":"https:\/\/conversesacatalunya.cat\/#\/schema\/person\/b734752c25b328c819a407cbea568c1f"},"description":"An\u00e0lisi acords de Vox i PP que eliminen autors catalans a Val\u00e8ncia i neguen el catal\u00e0 a Arag\u00f3. Un debat sobre llengua, cultura i identitat.","breadcrumb":{"@id":"https:\/\/conversesacatalunya.cat\/es\/vox-o-la-obsesion-contra-cataluna\/#breadcrumb"},"inLanguage":"es","potentialAction":[{"@type":"ReadAction","target":["https:\/\/conversesacatalunya.cat\/es\/vox-o-la-obsesion-contra-cataluna\/"]}]},{"@type":"ImageObject","inLanguage":"es","@id":"https:\/\/conversesacatalunya.cat\/es\/vox-o-la-obsesion-contra-cataluna\/#primaryimage","url":"https:\/\/conversesacatalunya.cat\/wp-content\/uploads\/2026\/04\/VOX-catala.jpg","contentUrl":"https:\/\/conversesacatalunya.cat\/wp-content\/uploads\/2026\/04\/VOX-catala.jpg","width":909,"height":649,"caption":"VOX catal\u00e0"},{"@type":"BreadcrumbList","@id":"https:\/\/conversesacatalunya.cat\/es\/vox-o-la-obsesion-contra-cataluna\/#breadcrumb","itemListElement":[{"@type":"ListItem","position":1,"name":"Inici","item":"https:\/\/conversesacatalunya.cat\/es\/"},{"@type":"ListItem","position":2,"name":"Vox o la obsesi\u00f3n contra Catalu\u00f1a"}]},{"@type":"WebSite","@id":"https:\/\/conversesacatalunya.cat\/#website","url":"https:\/\/conversesacatalunya.cat\/","name":"Converses a Catalunya","description":"","potentialAction":[{"@type":"SearchAction","target":{"@type":"EntryPoint","urlTemplate":"https:\/\/conversesacatalunya.cat\/?s={search_term_string}"},"query-input":{"@type":"PropertyValueSpecification","valueRequired":true,"valueName":"search_term_string"}}],"inLanguage":"es"},{"@type":"Person","@id":"https:\/\/conversesacatalunya.cat\/#\/schema\/person\/b734752c25b328c819a407cbea568c1f","name":"N\u00faria Freixa","image":{"@type":"ImageObject","inLanguage":"es","@id":"https:\/\/conversesacatalunya.cat\/#\/schema\/person\/image\/","url":"https:\/\/conversesacatalunya.cat\/wp-content\/litespeed\/avatar\/c3686e387186fed249338fe04729c597.jpg?ver=1777289182","contentUrl":"https:\/\/conversesacatalunya.cat\/wp-content\/litespeed\/avatar\/c3686e387186fed249338fe04729c597.jpg?ver=1777289182","caption":"N\u00faria Freixa"},"url":"https:\/\/conversesacatalunya.cat\/es\/author\/nuria_freixa\/"}]}},"wps_subtitle":"\u00bfQu\u00e9 problema habr\u00eda en que autores catalanes fueran estudiados en Valencia? \u00bfO que el catal\u00e1n fuera reconocido en la Franja?","_links":{"self":[{"href":"https:\/\/conversesacatalunya.cat\/es\/wp-json\/wp\/v2\/posts\/98301","targetHints":{"allow":["GET"]}}],"collection":[{"href":"https:\/\/conversesacatalunya.cat\/es\/wp-json\/wp\/v2\/posts"}],"about":[{"href":"https:\/\/conversesacatalunya.cat\/es\/wp-json\/wp\/v2\/types\/post"}],"author":[{"embeddable":true,"href":"https:\/\/conversesacatalunya.cat\/es\/wp-json\/wp\/v2\/users\/80"}],"replies":[{"embeddable":true,"href":"https:\/\/conversesacatalunya.cat\/es\/wp-json\/wp\/v2\/comments?post=98301"}],"version-history":[{"count":7,"href":"https:\/\/conversesacatalunya.cat\/es\/wp-json\/wp\/v2\/posts\/98301\/revisions"}],"predecessor-version":[{"id":98311,"href":"https:\/\/conversesacatalunya.cat\/es\/wp-json\/wp\/v2\/posts\/98301\/revisions\/98311"}],"wp:featuredmedia":[{"embeddable":true,"href":"https:\/\/conversesacatalunya.cat\/es\/wp-json\/wp\/v2\/media\/98298"}],"wp:attachment":[{"href":"https:\/\/conversesacatalunya.cat\/es\/wp-json\/wp\/v2\/media?parent=98301"}],"wp:term":[{"taxonomy":"category","embeddable":true,"href":"https:\/\/conversesacatalunya.cat\/es\/wp-json\/wp\/v2\/categories?post=98301"},{"taxonomy":"post_tag","embeddable":true,"href":"https:\/\/conversesacatalunya.cat\/es\/wp-json\/wp\/v2\/tags?post=98301"}],"curies":[{"name":"wp","href":"https:\/\/api.w.org\/{rel}","templated":true}]}}