{"id":98281,"date":"2026-04-27T04:51:52","date_gmt":"2026-04-27T02:51:52","guid":{"rendered":"https:\/\/conversesacatalunya.cat\/?p=98281"},"modified":"2026-04-27T05:02:29","modified_gmt":"2026-04-27T03:02:29","slug":"virgen-de-montserrat-de-patrona-de-cataluna-a-un-nombre-en-retroceso","status":"publish","type":"post","link":"https:\/\/conversesacatalunya.cat\/es\/virgen-de-montserrat-de-patrona-de-cataluna-a-un-nombre-en-retroceso\/","title":{"rendered":"Virgen de Montserrat: de patrona de Catalu\u00f1a a un nombre en retroceso"},"content":{"rendered":"<p><span dir=\"auto\">Cada 27 de abril, Catalu\u00f1a celebra el d\u00eda de la Virgen de Montserrat, una de las figuras m\u00e1s emblem\u00e1ticas del pa\u00eds,<span>\u00a0<\/span><\/span><strong><span dir=\"auto\">tanto desde el punto de vista religioso como cultural.<\/span><\/strong><span dir=\"auto\">\u00a0Pero mientras<span>\u00a0<\/span><\/span><a href=\"https:\/\/conversesacatalunya.cat\/es\/75-aniversario-de-la-entronitzacion-de-la-imagen-de-la-virgen-de-montserrat\/\" target=\"_blank\" rel=\"noopener\"><span dir=\"auto\">la devoci\u00f3n se mantiene viva<\/span><\/a>,<span dir=\"auto\">\u00a0el nombre \u201cMontserrat\u201d, hist\u00f3ricamente muy popular, ha ido desapareciendo progresivamente entre las nuevas generaciones.<\/span><\/p>\n<p><span dir=\"auto\">La tradici\u00f3n sit\u00faa<span>\u00a0<\/span><\/span><strong><span dir=\"auto\">el origen de la Virgen de Montserrat en el a\u00f1o 880,<\/span><\/strong><span dir=\"auto\"><span>\u00a0<\/span>cuando, seg\u00fan la leyenda, se encontr\u00f3 una imagen de la Virgen en una cueva de la monta\u00f1a de Montserrat. Este hecho dio lugar a la construcci\u00f3n del monasterio, que con el tiempo se convertir\u00eda en uno de los<span>\u00a0<\/span><\/span><strong><span dir=\"auto\">centros espirituales m\u00e1s importantes de Catalu\u00f1a.<\/span><\/strong><span dir=\"auto\"> La figura de la Moreneta \u2014nombre popular con el que se conoce a la Virgen\u2014 arraig\u00f3 profundamente en la sociedad catalana.<\/span><\/p>\n<h5><strong><span dir=\"auto\">El reconocimiento oficial lleg\u00f3 en 1881, cuando el papa Le\u00f3n XIII la declar\u00f3 patrona de Catalu\u00f1a.<\/span><\/strong><\/h5>\n<p><span dir=\"auto\"><span class=\"VIpgJd-yAWNEb-VIpgJd-fmcmS-sn54Q\" dir=\"auto\">M\u00e1s all\u00e1 de su significado religioso, Montserrat se ha consolidado como un <strong>s\u00edmbolo de identidad colectiva<\/strong>, especialmente en momentos hist\u00f3ricos en los que la cultura catalana ha necesitado referentes de cohesi\u00f3n.<\/span><\/span><\/p>\n<p><strong><span dir=\"auto\">Esa importancia tambi\u00e9n se reflej\u00f3 en los nombres de pila. <\/span><\/strong><\/p>\n<p><span dir=\"auto\">Durante d\u00e9cadas, Montserrat fue uno de los nombres m\u00e1s comunes entre las mujeres catalanas. Se calcula que actualmente<span>\u00a0<\/span><\/span><strong><span dir=\"auto\">todav\u00eda existen entre 70.000 y 85.000 mujeres<\/span><\/strong><span dir=\"auto\"><span>\u00a0<\/span>con este nombre en Catalu\u00f1a, la gran mayor\u00eda nacidas a mediados del siglo XX o antes.<\/span><\/p>\n<p><span dir=\"auto\">Sin embargo, la situaci\u00f3n ha cambiado radicalmente en los \u00faltimos a\u00f1os. Seg\u00fan datos del Instituto de Estad\u00edstica de Catalu\u00f1a, hoy en d\u00eda el nombre pr\u00e1cticamente ya no se pone a las ni\u00f1as. <strong>En los \u00faltimos a\u00f1os, la cantidad de beb\u00e9s inscritos con este nombre ha sido cero o muy reducida<\/strong><\/span><strong><span dir=\"auto\">,<\/span><\/strong><span dir=\"auto\"> cifras testimoniales si se comparan con nombres actuales mucho m\u00e1s populares como Julia, Martina o Laia que pueden tener cientos o miles de beb\u00e9s cada a\u00f1o.<\/span><\/p>\n<p><span dir=\"auto\"><span class=\"VIpgJd-yAWNEb-VIpgJd-fmcmS-sn54Q\" dir=\"auto\">Este declive se explica por varios factores. Por una parte, las modas han cambiado y las familias tienden a elegir nombres m\u00e1s cortos, modernos o internacionales. Por otra parte,<span>\u00a0<\/span><\/span><\/span><strong><span dir=\"auto\"><span class=\"VIpgJd-yAWNEb-VIpgJd-fmcmS-sn54Q\" dir=\"auto\">la sociedad se ha ido secularizando<\/span><\/span><\/strong><span dir=\"auto\"><span class=\"VIpgJd-yAWNEb-VIpgJd-fmcmS-sn54Q\" dir=\"auto\">, lo que ha reducido el peso de los nombres de origen religioso. Adem\u00e1s, Montserrat se ha convertido en un nombre fuertemente asociado a generaciones anteriores, lo que dificulta su transmisi\u00f3n.<\/span><\/span><\/p>\n<p><span dir=\"auto\">Pese a esa p\u00e9rdida de popularidad, el nombre no ha desaparecido del todo. Sigue presente en la memoria colectiva y en muchas familias, a menudo en forma de diminutivos como Montse, Muntsa, Mont o Serrat. Y, como ocurre a menudo con los nombres,<span>\u00a0<\/span><\/span><strong><span dir=\"auto\">no se puede descartar que en el futuro vuelva a ponerse de moda.<\/span><\/strong><\/p>\n<p><span dir=\"auto\">As\u00ed, mientras la Virgen de Montserrat sigue siendo un s\u00edmbolo vivo de la identidad catalana, el nombre que lleva vive un momento de transici\u00f3n:<span>\u00a0<\/span><\/span><strong><span dir=\"auto\">de protagonista indiscutible a testigo de una \u00e9poca.<\/span><\/strong><\/p>\n<span class='bctt-click-to-tweet'><span class='bctt-ctt-text'><a href='https:\/\/twitter.com\/intent\/tweet?url=https%3A%2F%2Fconversesacatalunya.cat%2Fes%2Fvirgen-de-montserrat-de-patrona-de-cataluna-a-un-nombre-en-retroceso%2F&#038;text=En%20los%20%C3%BAltimos%20a%C3%B1os%2C%20la%20cantidad%20de%20beb%C3%A9s%20inscritos%20con%20el%20nombre%20de%20Montserrat%20ha%20sido%20cero%20o%20muy%20reducida.%20%23Montserrat&#038;via=conversesacat&#038;related=conversesacat' target='_blank'rel=\"noopener noreferrer\">En los \u00faltimos a\u00f1os, la cantidad de beb\u00e9s inscritos con el nombre de Montserrat ha sido cero o muy reducida. #Montserrat <\/a><\/span><a href='https:\/\/twitter.com\/intent\/tweet?url=https%3A%2F%2Fconversesacatalunya.cat%2Fes%2Fvirgen-de-montserrat-de-patrona-de-cataluna-a-un-nombre-en-retroceso%2F&#038;text=En%20los%20%C3%BAltimos%20a%C3%B1os%2C%20la%20cantidad%20de%20beb%C3%A9s%20inscritos%20con%20el%20nombre%20de%20Montserrat%20ha%20sido%20cero%20o%20muy%20reducida.%20%23Montserrat&#038;via=conversesacat&#038;related=conversesacat' target='_blank' class='bctt-ctt-btn'rel=\"noopener noreferrer\">Compartir en X<\/a><\/span>\n","protected":false},"excerpt":{"rendered":"<p>Cada 27 de abril, Catalu\u00f1a celebra el d\u00eda de la Virgen de Montserrat, una de las figuras m\u00e1s emblem\u00e1ticas del pa\u00eds,\u00a0tanto desde el punto de vista religioso como cultural.\u00a0Pero mientras\u00a0la devoci\u00f3n se mantiene viva,\u00a0el nombre \u201cMontserrat\u201d, hist\u00f3ricamente muy popular, ha ido desapareciendo progresivamente entre las nuevas generaciones. La tradici\u00f3n sit\u00faa\u00a0el origen de la Virgen de Montserrat en el a\u00f1o 880,\u00a0cuando, seg\u00fan la leyenda, se encontr\u00f3 una imagen de la Virgen en una cueva de la monta\u00f1a de Montserrat. Este hecho dio lugar a la construcci\u00f3n del monasterio, que con el tiempo se convertir\u00eda en uno de los\u00a0centros espirituales m\u00e1s importantes de Catalu\u00f1a. La figura de la Moreneta \u2014nombre popular con el que se conoce a la Virgen\u2014 arraig\u00f3 profundamente en la sociedad catalana. El reconocimiento oficial lleg\u00f3 en 1881, cuando el papa Le\u00f3n XIII la declar\u00f3 patrona de Catalu\u00f1a. M\u00e1s all\u00e1 de su significado religioso, Montserrat se ha consolidado como un s\u00edmbolo de identidad colectiva, especialmente en momentos hist\u00f3ricos en los que la cultura catalana ha necesitado referentes de cohesi\u00f3n. Esa importancia tambi\u00e9n se reflej\u00f3 en los nombres de pila. Durante d\u00e9cadas, Montserrat fue uno de los nombres m\u00e1s comunes entre las mujeres catalanas. Se calcula que actualmente\u00a0todav\u00eda existen entre 70.000 y 85.000 mujeres\u00a0con este nombre en Catalu\u00f1a, la gran mayor\u00eda nacidas a mediados del siglo XX o antes. Sin embargo, la situaci\u00f3n ha cambiado radicalmente en los \u00faltimos a\u00f1os. Seg\u00fan datos del Instituto de Estad\u00edstica de Catalu\u00f1a, hoy en d\u00eda el nombre pr\u00e1cticamente ya no se pone a las ni\u00f1as. En los \u00faltimos a\u00f1os, la cantidad de beb\u00e9s inscritos con este nombre ha sido cero o muy reducida, cifras testimoniales si se comparan con nombres actuales mucho m\u00e1s populares como Julia, Martina o Laia que pueden tener cientos o miles de beb\u00e9s cada a\u00f1o. Este declive se explica por varios factores. Por una parte, las modas han cambiado y las familias tienden a elegir nombres m\u00e1s cortos, modernos o internacionales. Por otra parte,\u00a0la sociedad se ha ido secularizando, lo que ha reducido el peso de los nombres de origen religioso. Adem\u00e1s, Montserrat se ha convertido en un nombre fuertemente asociado a generaciones anteriores, lo que dificulta su transmisi\u00f3n. Pese a esa p\u00e9rdida de popularidad, el nombre no ha desaparecido del todo. Sigue presente en la memoria colectiva y en muchas familias, a menudo en forma de diminutivos como Montse, Muntsa, Mont o Serrat. Y, como ocurre a menudo con los nombres,\u00a0no se puede descartar que en el futuro vuelva a ponerse de moda. As\u00ed, mientras la Virgen de Montserrat sigue siendo un s\u00edmbolo vivo de la identidad catalana, el nombre que lleva vive un momento de transici\u00f3n:\u00a0de protagonista indiscutible a testigo de una \u00e9poca.<\/p>\n","protected":false},"author":93,"featured_media":98276,"comment_status":"open","ping_status":"open","sticky":false,"template":"","format":"standard","meta":{"_FSMCFIC_featured_image_caption":"","_FSMCFIC_featured_image_nocaption":"","_FSMCFIC_featured_image_hide":"","footnotes":""},"categories":[806],"tags":[5592],"class_list":["post-98281","post","type-post","status-publish","format-standard","has-post-thumbnail","hentry","category-punts-claus-del-dia-es","tag-montserrat"],"yoast_head":"<!-- This site is optimized with the Yoast SEO plugin v26.8 - https:\/\/yoast.com\/product\/yoast-seo-wordpress\/ -->\n<title>Virgen de Montserrat: de patrona de Catalu\u00f1a a un nombre en retroceso - Converses a Catalunya<\/title>\n<meta name=\"description\" content=\"\u00bfSe pone el nombre Montserrat? Pr\u00e1cticamente ya no se pone a las ni\u00f1as. En muchos a\u00f1os recientes, el n\u00famero con ese nombre es cero o 2-3.\" \/>\n<meta name=\"robots\" content=\"index, follow, max-snippet:-1, max-image-preview:large, max-video-preview:-1\" \/>\n<link rel=\"canonical\" href=\"https:\/\/conversesacatalunya.cat\/es\/virgen-de-montserrat-de-patrona-de-cataluna-a-un-nombre-en-retroceso\/\" \/>\n<meta property=\"og:locale\" content=\"es_ES\" \/>\n<meta property=\"og:type\" content=\"article\" \/>\n<meta property=\"og:title\" content=\"Virgen de Montserrat: de patrona de Catalu\u00f1a a un nombre en retroceso - Converses a Catalunya\" \/>\n<meta property=\"og:description\" content=\"\u00bfSe pone el nombre Montserrat? Pr\u00e1cticamente ya no se pone a las ni\u00f1as. En muchos a\u00f1os recientes, el n\u00famero con ese nombre es cero o 2-3.\" \/>\n<meta property=\"og:url\" content=\"https:\/\/conversesacatalunya.cat\/es\/virgen-de-montserrat-de-patrona-de-cataluna-a-un-nombre-en-retroceso\/\" \/>\n<meta property=\"og:site_name\" content=\"Converses a Catalunya\" \/>\n<meta property=\"article:published_time\" content=\"2026-04-27T02:51:52+00:00\" \/>\n<meta property=\"article:modified_time\" content=\"2026-04-27T03:02:29+00:00\" \/>\n<meta property=\"og:image\" content=\"https:\/\/conversesacatalunya.cat\/wp-content\/uploads\/2026\/04\/mare_de_deu_montserrat_compressed.jpg\" \/>\n\t<meta property=\"og:image:width\" content=\"1536\" \/>\n\t<meta property=\"og:image:height\" content=\"1024\" \/>\n\t<meta property=\"og:image:type\" content=\"image\/jpeg\" \/>\n<meta name=\"author\" content=\"Maria Roca\" \/>\n<meta name=\"twitter:card\" content=\"summary_large_image\" \/>\n<meta name=\"twitter:label1\" content=\"Escrito por\" \/>\n\t<meta name=\"twitter:data1\" content=\"Maria Roca\" \/>\n\t<meta name=\"twitter:label2\" content=\"Tiempo de lectura\" \/>\n\t<meta name=\"twitter:data2\" content=\"3 minutos\" \/>\n<script type=\"application\/ld+json\" class=\"yoast-schema-graph\">{\"@context\":\"https:\/\/schema.org\",\"@graph\":[{\"@type\":\"Article\",\"@id\":\"https:\/\/conversesacatalunya.cat\/es\/virgen-de-montserrat-de-patrona-de-cataluna-a-un-nombre-en-retroceso\/#article\",\"isPartOf\":{\"@id\":\"https:\/\/conversesacatalunya.cat\/es\/virgen-de-montserrat-de-patrona-de-cataluna-a-un-nombre-en-retroceso\/\"},\"author\":{\"name\":\"Maria Roca\",\"@id\":\"https:\/\/conversesacatalunya.cat\/#\/schema\/person\/b3736236ba9ce76021ac7bfa148af34a\"},\"headline\":\"Virgen de Montserrat: de patrona de Catalu\u00f1a a un nombre en retroceso\",\"datePublished\":\"2026-04-27T02:51:52+00:00\",\"dateModified\":\"2026-04-27T03:02:29+00:00\",\"mainEntityOfPage\":{\"@id\":\"https:\/\/conversesacatalunya.cat\/es\/virgen-de-montserrat-de-patrona-de-cataluna-a-un-nombre-en-retroceso\/\"},\"wordCount\":539,\"commentCount\":0,\"image\":{\"@id\":\"https:\/\/conversesacatalunya.cat\/es\/virgen-de-montserrat-de-patrona-de-cataluna-a-un-nombre-en-retroceso\/#primaryimage\"},\"thumbnailUrl\":\"https:\/\/conversesacatalunya.cat\/wp-content\/uploads\/2026\/04\/mare_de_deu_montserrat_compressed.jpg\",\"keywords\":[\"Montserrat\"],\"articleSection\":[\"Punts clau del dia (ES)\"],\"inLanguage\":\"es\",\"potentialAction\":[{\"@type\":\"CommentAction\",\"name\":\"Comment\",\"target\":[\"https:\/\/conversesacatalunya.cat\/es\/virgen-de-montserrat-de-patrona-de-cataluna-a-un-nombre-en-retroceso\/#respond\"]}]},{\"@type\":\"WebPage\",\"@id\":\"https:\/\/conversesacatalunya.cat\/es\/virgen-de-montserrat-de-patrona-de-cataluna-a-un-nombre-en-retroceso\/\",\"url\":\"https:\/\/conversesacatalunya.cat\/es\/virgen-de-montserrat-de-patrona-de-cataluna-a-un-nombre-en-retroceso\/\",\"name\":\"Virgen de Montserrat: de patrona de Catalu\u00f1a a un nombre en retroceso - Converses a Catalunya\",\"isPartOf\":{\"@id\":\"https:\/\/conversesacatalunya.cat\/#website\"},\"primaryImageOfPage\":{\"@id\":\"https:\/\/conversesacatalunya.cat\/es\/virgen-de-montserrat-de-patrona-de-cataluna-a-un-nombre-en-retroceso\/#primaryimage\"},\"image\":{\"@id\":\"https:\/\/conversesacatalunya.cat\/es\/virgen-de-montserrat-de-patrona-de-cataluna-a-un-nombre-en-retroceso\/#primaryimage\"},\"thumbnailUrl\":\"https:\/\/conversesacatalunya.cat\/wp-content\/uploads\/2026\/04\/mare_de_deu_montserrat_compressed.jpg\",\"datePublished\":\"2026-04-27T02:51:52+00:00\",\"dateModified\":\"2026-04-27T03:02:29+00:00\",\"author\":{\"@id\":\"https:\/\/conversesacatalunya.cat\/#\/schema\/person\/b3736236ba9ce76021ac7bfa148af34a\"},\"description\":\"\u00bfSe pone el nombre Montserrat? Pr\u00e1cticamente ya no se pone a las ni\u00f1as. En muchos a\u00f1os recientes, el n\u00famero con ese nombre es cero o 2-3.\",\"breadcrumb\":{\"@id\":\"https:\/\/conversesacatalunya.cat\/es\/virgen-de-montserrat-de-patrona-de-cataluna-a-un-nombre-en-retroceso\/#breadcrumb\"},\"inLanguage\":\"es\",\"potentialAction\":[{\"@type\":\"ReadAction\",\"target\":[\"https:\/\/conversesacatalunya.cat\/es\/virgen-de-montserrat-de-patrona-de-cataluna-a-un-nombre-en-retroceso\/\"]}]},{\"@type\":\"ImageObject\",\"inLanguage\":\"es\",\"@id\":\"https:\/\/conversesacatalunya.cat\/es\/virgen-de-montserrat-de-patrona-de-cataluna-a-un-nombre-en-retroceso\/#primaryimage\",\"url\":\"https:\/\/conversesacatalunya.cat\/wp-content\/uploads\/2026\/04\/mare_de_deu_montserrat_compressed.jpg\",\"contentUrl\":\"https:\/\/conversesacatalunya.cat\/wp-content\/uploads\/2026\/04\/mare_de_deu_montserrat_compressed.jpg\",\"width\":1536,\"height\":1024,\"caption\":\"\u00bfSe pone el nombre Montserrat?\"},{\"@type\":\"BreadcrumbList\",\"@id\":\"https:\/\/conversesacatalunya.cat\/es\/virgen-de-montserrat-de-patrona-de-cataluna-a-un-nombre-en-retroceso\/#breadcrumb\",\"itemListElement\":[{\"@type\":\"ListItem\",\"position\":1,\"name\":\"Inici\",\"item\":\"https:\/\/conversesacatalunya.cat\/es\/\"},{\"@type\":\"ListItem\",\"position\":2,\"name\":\"Virgen de Montserrat: de patrona de Catalu\u00f1a a un nombre en retroceso\"}]},{\"@type\":\"WebSite\",\"@id\":\"https:\/\/conversesacatalunya.cat\/#website\",\"url\":\"https:\/\/conversesacatalunya.cat\/\",\"name\":\"Converses a Catalunya\",\"description\":\"\",\"potentialAction\":[{\"@type\":\"SearchAction\",\"target\":{\"@type\":\"EntryPoint\",\"urlTemplate\":\"https:\/\/conversesacatalunya.cat\/?s={search_term_string}\"},\"query-input\":{\"@type\":\"PropertyValueSpecification\",\"valueRequired\":true,\"valueName\":\"search_term_string\"}}],\"inLanguage\":\"es\"},{\"@type\":\"Person\",\"@id\":\"https:\/\/conversesacatalunya.cat\/#\/schema\/person\/b3736236ba9ce76021ac7bfa148af34a\",\"name\":\"Maria Roca\",\"image\":{\"@type\":\"ImageObject\",\"inLanguage\":\"es\",\"@id\":\"https:\/\/conversesacatalunya.cat\/#\/schema\/person\/image\/\",\"url\":\"https:\/\/conversesacatalunya.cat\/wp-content\/litespeed\/avatar\/ef96c86f96eb550f4df3f835b02596af.jpg?ver=1776751143\",\"contentUrl\":\"https:\/\/conversesacatalunya.cat\/wp-content\/litespeed\/avatar\/ef96c86f96eb550f4df3f835b02596af.jpg?ver=1776751143\",\"caption\":\"Maria Roca\"},\"url\":\"https:\/\/conversesacatalunya.cat\/es\/author\/maria-roca\/\"}]}<\/script>\n<!-- \/ Yoast SEO plugin. -->","yoast_head_json":{"title":"Virgen de Montserrat: de patrona de Catalu\u00f1a a un nombre en retroceso - Converses a Catalunya","description":"\u00bfSe pone el nombre Montserrat? Pr\u00e1cticamente ya no se pone a las ni\u00f1as. En muchos a\u00f1os recientes, el n\u00famero con ese nombre es cero o 2-3.","robots":{"index":"index","follow":"follow","max-snippet":"max-snippet:-1","max-image-preview":"max-image-preview:large","max-video-preview":"max-video-preview:-1"},"canonical":"https:\/\/conversesacatalunya.cat\/es\/virgen-de-montserrat-de-patrona-de-cataluna-a-un-nombre-en-retroceso\/","og_locale":"es_ES","og_type":"article","og_title":"Virgen de Montserrat: de patrona de Catalu\u00f1a a un nombre en retroceso - Converses a Catalunya","og_description":"\u00bfSe pone el nombre Montserrat? Pr\u00e1cticamente ya no se pone a las ni\u00f1as. En muchos a\u00f1os recientes, el n\u00famero con ese nombre es cero o 2-3.","og_url":"https:\/\/conversesacatalunya.cat\/es\/virgen-de-montserrat-de-patrona-de-cataluna-a-un-nombre-en-retroceso\/","og_site_name":"Converses a Catalunya","article_published_time":"2026-04-27T02:51:52+00:00","article_modified_time":"2026-04-27T03:02:29+00:00","og_image":[{"width":1536,"height":1024,"url":"https:\/\/conversesacatalunya.cat\/wp-content\/uploads\/2026\/04\/mare_de_deu_montserrat_compressed.jpg","type":"image\/jpeg"}],"author":"Maria Roca","twitter_card":"summary_large_image","twitter_misc":{"Escrito por":"Maria Roca","Tiempo de lectura":"3 minutos"},"schema":{"@context":"https:\/\/schema.org","@graph":[{"@type":"Article","@id":"https:\/\/conversesacatalunya.cat\/es\/virgen-de-montserrat-de-patrona-de-cataluna-a-un-nombre-en-retroceso\/#article","isPartOf":{"@id":"https:\/\/conversesacatalunya.cat\/es\/virgen-de-montserrat-de-patrona-de-cataluna-a-un-nombre-en-retroceso\/"},"author":{"name":"Maria Roca","@id":"https:\/\/conversesacatalunya.cat\/#\/schema\/person\/b3736236ba9ce76021ac7bfa148af34a"},"headline":"Virgen de Montserrat: de patrona de Catalu\u00f1a a un nombre en retroceso","datePublished":"2026-04-27T02:51:52+00:00","dateModified":"2026-04-27T03:02:29+00:00","mainEntityOfPage":{"@id":"https:\/\/conversesacatalunya.cat\/es\/virgen-de-montserrat-de-patrona-de-cataluna-a-un-nombre-en-retroceso\/"},"wordCount":539,"commentCount":0,"image":{"@id":"https:\/\/conversesacatalunya.cat\/es\/virgen-de-montserrat-de-patrona-de-cataluna-a-un-nombre-en-retroceso\/#primaryimage"},"thumbnailUrl":"https:\/\/conversesacatalunya.cat\/wp-content\/uploads\/2026\/04\/mare_de_deu_montserrat_compressed.jpg","keywords":["Montserrat"],"articleSection":["Punts clau del dia (ES)"],"inLanguage":"es","potentialAction":[{"@type":"CommentAction","name":"Comment","target":["https:\/\/conversesacatalunya.cat\/es\/virgen-de-montserrat-de-patrona-de-cataluna-a-un-nombre-en-retroceso\/#respond"]}]},{"@type":"WebPage","@id":"https:\/\/conversesacatalunya.cat\/es\/virgen-de-montserrat-de-patrona-de-cataluna-a-un-nombre-en-retroceso\/","url":"https:\/\/conversesacatalunya.cat\/es\/virgen-de-montserrat-de-patrona-de-cataluna-a-un-nombre-en-retroceso\/","name":"Virgen de Montserrat: de patrona de Catalu\u00f1a a un nombre en retroceso - Converses a Catalunya","isPartOf":{"@id":"https:\/\/conversesacatalunya.cat\/#website"},"primaryImageOfPage":{"@id":"https:\/\/conversesacatalunya.cat\/es\/virgen-de-montserrat-de-patrona-de-cataluna-a-un-nombre-en-retroceso\/#primaryimage"},"image":{"@id":"https:\/\/conversesacatalunya.cat\/es\/virgen-de-montserrat-de-patrona-de-cataluna-a-un-nombre-en-retroceso\/#primaryimage"},"thumbnailUrl":"https:\/\/conversesacatalunya.cat\/wp-content\/uploads\/2026\/04\/mare_de_deu_montserrat_compressed.jpg","datePublished":"2026-04-27T02:51:52+00:00","dateModified":"2026-04-27T03:02:29+00:00","author":{"@id":"https:\/\/conversesacatalunya.cat\/#\/schema\/person\/b3736236ba9ce76021ac7bfa148af34a"},"description":"\u00bfSe pone el nombre Montserrat? Pr\u00e1cticamente ya no se pone a las ni\u00f1as. En muchos a\u00f1os recientes, el n\u00famero con ese nombre es cero o 2-3.","breadcrumb":{"@id":"https:\/\/conversesacatalunya.cat\/es\/virgen-de-montserrat-de-patrona-de-cataluna-a-un-nombre-en-retroceso\/#breadcrumb"},"inLanguage":"es","potentialAction":[{"@type":"ReadAction","target":["https:\/\/conversesacatalunya.cat\/es\/virgen-de-montserrat-de-patrona-de-cataluna-a-un-nombre-en-retroceso\/"]}]},{"@type":"ImageObject","inLanguage":"es","@id":"https:\/\/conversesacatalunya.cat\/es\/virgen-de-montserrat-de-patrona-de-cataluna-a-un-nombre-en-retroceso\/#primaryimage","url":"https:\/\/conversesacatalunya.cat\/wp-content\/uploads\/2026\/04\/mare_de_deu_montserrat_compressed.jpg","contentUrl":"https:\/\/conversesacatalunya.cat\/wp-content\/uploads\/2026\/04\/mare_de_deu_montserrat_compressed.jpg","width":1536,"height":1024,"caption":"\u00bfSe pone el nombre Montserrat?"},{"@type":"BreadcrumbList","@id":"https:\/\/conversesacatalunya.cat\/es\/virgen-de-montserrat-de-patrona-de-cataluna-a-un-nombre-en-retroceso\/#breadcrumb","itemListElement":[{"@type":"ListItem","position":1,"name":"Inici","item":"https:\/\/conversesacatalunya.cat\/es\/"},{"@type":"ListItem","position":2,"name":"Virgen de Montserrat: de patrona de Catalu\u00f1a a un nombre en retroceso"}]},{"@type":"WebSite","@id":"https:\/\/conversesacatalunya.cat\/#website","url":"https:\/\/conversesacatalunya.cat\/","name":"Converses a Catalunya","description":"","potentialAction":[{"@type":"SearchAction","target":{"@type":"EntryPoint","urlTemplate":"https:\/\/conversesacatalunya.cat\/?s={search_term_string}"},"query-input":{"@type":"PropertyValueSpecification","valueRequired":true,"valueName":"search_term_string"}}],"inLanguage":"es"},{"@type":"Person","@id":"https:\/\/conversesacatalunya.cat\/#\/schema\/person\/b3736236ba9ce76021ac7bfa148af34a","name":"Maria Roca","image":{"@type":"ImageObject","inLanguage":"es","@id":"https:\/\/conversesacatalunya.cat\/#\/schema\/person\/image\/","url":"https:\/\/conversesacatalunya.cat\/wp-content\/litespeed\/avatar\/ef96c86f96eb550f4df3f835b02596af.jpg?ver=1776751143","contentUrl":"https:\/\/conversesacatalunya.cat\/wp-content\/litespeed\/avatar\/ef96c86f96eb550f4df3f835b02596af.jpg?ver=1776751143","caption":"Maria Roca"},"url":"https:\/\/conversesacatalunya.cat\/es\/author\/maria-roca\/"}]}},"wps_subtitle":"Cada 27 de abril, Catalu\u00f1a celebra el d\u00eda de la Virgen de Montserrat, una de las figuras m\u00e1s emblem\u00e1ticas del pa\u00eds tanto desde el punto de vista religioso como cultural.","_links":{"self":[{"href":"https:\/\/conversesacatalunya.cat\/es\/wp-json\/wp\/v2\/posts\/98281","targetHints":{"allow":["GET"]}}],"collection":[{"href":"https:\/\/conversesacatalunya.cat\/es\/wp-json\/wp\/v2\/posts"}],"about":[{"href":"https:\/\/conversesacatalunya.cat\/es\/wp-json\/wp\/v2\/types\/post"}],"author":[{"embeddable":true,"href":"https:\/\/conversesacatalunya.cat\/es\/wp-json\/wp\/v2\/users\/93"}],"replies":[{"embeddable":true,"href":"https:\/\/conversesacatalunya.cat\/es\/wp-json\/wp\/v2\/comments?post=98281"}],"version-history":[{"count":7,"href":"https:\/\/conversesacatalunya.cat\/es\/wp-json\/wp\/v2\/posts\/98281\/revisions"}],"predecessor-version":[{"id":98290,"href":"https:\/\/conversesacatalunya.cat\/es\/wp-json\/wp\/v2\/posts\/98281\/revisions\/98290"}],"wp:featuredmedia":[{"embeddable":true,"href":"https:\/\/conversesacatalunya.cat\/es\/wp-json\/wp\/v2\/media\/98276"}],"wp:attachment":[{"href":"https:\/\/conversesacatalunya.cat\/es\/wp-json\/wp\/v2\/media?parent=98281"}],"wp:term":[{"taxonomy":"category","embeddable":true,"href":"https:\/\/conversesacatalunya.cat\/es\/wp-json\/wp\/v2\/categories?post=98281"},{"taxonomy":"post_tag","embeddable":true,"href":"https:\/\/conversesacatalunya.cat\/es\/wp-json\/wp\/v2\/tags?post=98281"}],"curies":[{"name":"wp","href":"https:\/\/api.w.org\/{rel}","templated":true}]}}