{"id":97217,"date":"2026-03-18T05:54:47","date_gmt":"2026-03-18T04:54:47","guid":{"rendered":"https:\/\/conversesacatalunya.cat\/?p=97217"},"modified":"2026-03-18T06:16:05","modified_gmt":"2026-03-18T05:16:05","slug":"politica-exterior-de-sanchez-consecuencias","status":"publish","type":"post","link":"https:\/\/conversesacatalunya.cat\/es\/politica-exterior-de-sanchez-consecuencias\/","title":{"rendered":"La ilusi\u00f3n de influencia: la pol\u00edtica exterior de S\u00e1nchez y sus consecuencias"},"content":{"rendered":"<p data-start=\"299\" data-end=\"653\"><span dir=\"auto\"><span class=\"VIpgJd-yAWNEb-VIpgJd-fmcmS-sn54Q\" dir=\"auto\">En la actual configuraci\u00f3n del sistema internacional, la pol\u00edtica exterior ha dejado de ser un espacio de proyecci\u00f3n simb\u00f3lica para convertirse en terreno de confrontaci\u00f3n material.\u00a0 <\/span><\/span><strong><span dir=\"auto\"><span class=\"VIpgJd-yAWNEb-VIpgJd-fmcmS-sn54Q\" dir=\"auto\">La distancia entre discurso y poder efectivo no es solo una cuesti\u00f3n de coherencia intelectual<\/span><\/span><\/strong><span dir=\"auto\"><span class=\"VIpgJd-yAWNEb-VIpgJd-fmcmS-sn54Q\" dir=\"auto\">, sino una variable que determina la posici\u00f3n real de un Estado en el orden global.<\/span><\/span><\/p>\n<p data-start=\"655\" data-end=\"863\"><span dir=\"auto\">En ese contexto, la pol\u00edtica exterior de S\u00e1nchez evidencia una contradicci\u00f3n estructural: una hiperproducci\u00f3n de legitimidad normativa combinada con una capacidad limitada de incidencia estrat\u00e9gica.<\/span><\/p>\n<p data-start=\"865\" data-end=\"995\"><strong><span dir=\"auto\">El problema no es la defensa de valores o principios, sino cuando estos se convierten en sustitutos de una estrategia, y no su fundamento.<\/span><\/strong><\/p>\n<h3 data-start=\"1002\" data-end=\"1070\"><span dir=\"auto\"><span class=\"VIpgJd-yAWNEb-VIpgJd-fmcmS-sn54Q\" dir=\"auto\">Antitrumpismo como pol\u00edtica de Estado: la geopol\u00edtica de lo ef\u00edmero<\/span><\/span><\/h3>\n<p data-start=\"1072\" data-end=\"1373\"><span dir=\"auto\">La construcci\u00f3n de un relato internacional basado en la oposici\u00f3n a Donald Trump constituye una<span>\u00a0<\/span><\/span><strong><span dir=\"auto\">apuesta de rendimiento inmediato, pero de fragilidad estructural<\/span><\/strong><span dir=\"auto\">. Las alianzas definidas por antagonismos personales son por definici\u00f3n contingentes: cuando desaparece el factor movilizador, tambi\u00e9n lo hace la cohesi\u00f3n.<\/span><\/p>\n<p data-start=\"1375\" data-end=\"1667\"><span dir=\"auto\">Adem\u00e1s, la supuesta coordinaci\u00f3n con gobiernos progresistas globales revela una realidad m\u00e1s inc\u00f3moda: los intereses geopol\u00edticos no se determinan por afinidades ideol\u00f3gicas, sino por vectores de poder, recursos y seguridad. La pol\u00edtica exterior espa\u00f1ola parece ignorar ese principio elemental.<\/span><\/p>\n<h3 data-start=\"1674\" data-end=\"1715\"><span dir=\"auto\">Europa: la marginaci\u00f3n silenciosa<\/span><\/h3>\n<p data-start=\"1717\" data-end=\"2010\"><span dir=\"auto\">El deterioro de las relaciones con el n\u00facleo decisorio de la<span>\u00a0<\/span><\/span><a href=\"https:\/\/conversesacatalunya.cat\/es\/sanchez-union-europea-tensiones-redefinicion-geopolitica\/\" target=\"_blank\" rel=\"noopener\"><strong><span dir=\"auto\">Uni\u00f3n Europea<\/span><\/strong><\/a><span dir=\"auto\"><span>\u00a0<\/span>no es una cuesti\u00f3n protocolaria, sino estructural. En una arquitectura institucional como la comunitaria, la influencia no se proclama: se construye a trav\u00e9s de coaliciones, capacidad t\u00e9cnica y alineamiento estrat\u00e9gico.<\/span><\/p>\n<p data-start=\"2012\" data-end=\"2266\"><span dir=\"auto\">La consecuencia es una paradoja: mientras el discurso europe\u00edsta se mantiene intenso, la capacidad real de Espa\u00f1a para moldear decisiones estrat\u00e9gicas disminuye. Es la forma contempor\u00e1nea de marginalizaci\u00f3n:<span>\u00a0<\/span><\/span><strong><span dir=\"auto\">no la exclusi\u00f3n formal, sino la irrelevancia operativa.<\/span><\/strong><\/p>\n<h3 data-start=\"2273\" data-end=\"2318\"><span dir=\"auto\">Diplomacia moral sin soberan\u00eda material<\/span><\/h3>\n<p data-start=\"2320\" data-end=\"2714\"><span dir=\"auto\"><span class=\"VIpgJd-yAWNEb-VIpgJd-fmcmS-sn54Q\" dir=\"auto\">Los gestos simb\u00f3licos en pol\u00edtica exterior pueden generar legitimidad dom\u00e9stica, pero tambi\u00e9n exponen la vulnerabilidad estructural de un Estado cuando carece de autonom\u00eda tecnol\u00f3gica o industrial. La<span>\u00a0<\/span><\/span><\/span><strong><span dir=\"auto\"><span class=\"VIpgJd-yAWNEb-VIpgJd-fmcmS-sn54Q\" dir=\"auto\">retirada de la embajadora en Israel<\/span><\/span><\/strong><span dir=\"auto\"><span class=\"VIpgJd-yAWNEb-VIpgJd-fmcmS-sn54Q\" dir=\"auto\"><span>\u00a0<\/span>ejemplifica ese desajuste: la moralidad diplom\u00e1tica proyecta coherencia discursiva, pero puede comprometer la seguridad si no se fundamenta en capacidades propias.<\/span><\/span><\/p>\n<p data-start=\"2716\" data-end=\"2829\"><span dir=\"auto\">La historia reciente muestra que el prestigio normativo sin poder material no genera influencia; genera dependencia.<\/span><\/p>\n<h3 data-start=\"2836\" data-end=\"2875\"><span dir=\"auto\">Ucrania: el confort de la ambig\u00fcedad<\/span><\/h3>\n<p data-start=\"2877\" data-end=\"3132\"><span dir=\"auto\"><span class=\"VIpgJd-yAWNEb-VIpgJd-fmcmS-sn54Q\" dir=\"auto\">El apoyo ret\u00f3rico a la continuaci\u00f3n de la guerra de Ucrania, combinado con una contribuci\u00f3n limitada, refleja una estrategia de riesgo controlado. En t\u00e9rminos de teor\u00eda de las alianzas, esto equivale a maximizar beneficios reputacionales minimizando costes.<\/span><\/span><\/p>\n<p data-start=\"3134\" data-end=\"3361\"><span dir=\"auto\">Sin embargo, este c\u00e1lculo tiene un l\u00edmite: cuando los conflictos se prolongan, los aliados exigen compromisos proporcionales. La incoherencia entre<span>\u00a0<\/span><\/span><strong><span dir=\"auto\">legitimar el conflicto y evitar su coste<\/span><\/strong><span dir=\"auto\"><span>\u00a0<\/span>erosiona la credibilidad a largo plazo.<\/span><\/p>\n<h3 data-start=\"3368\" data-end=\"3431\"><span dir=\"auto\">China y actores no occidentales: el equilibrismo como s\u00edntoma<\/span><\/h3>\n<p data-start=\"3433\" data-end=\"3702\"><span dir=\"auto\">La intensificaci\u00f3n de las relaciones con China, en un contexto de creciente asimetr\u00eda comercial, revela m\u00e1s dependencia que diversificaci\u00f3n. Paralelamente, los gestos de proximidad con actores hostiles en el orden occidental generan una percepci\u00f3n de ambivalencia estrat\u00e9gica.<\/span><\/p>\n<p data-start=\"3704\" data-end=\"3944\"><span dir=\"auto\">El equilibrismo diplom\u00e1tico es una herramienta cl\u00e1sica de las potencias medias, pero solo funciona cuando se percibe como racional y coherente.\u00a0 <\/span><strong><span dir=\"auto\">Cuando se percibe como oportunista,<\/span><\/strong><span dir=\"auto\">\u00a0reduce la confianza de los aliados sin garantizar beneficios alternativos.<\/span><\/p>\n<h3 data-start=\"3951\" data-end=\"3987\"><span dir=\"auto\"><span class=\"VIpgJd-yAWNEb-VIpgJd-fmcmS-sn54Q\" dir=\"auto\">Marruecos: el poder de la geograf\u00eda<\/span><\/span><\/h3>\n<p data-start=\"3989\" data-end=\"4203\"><span dir=\"auto\">La relaci\u00f3n con Marruecos ilustra una din\u00e1mica estructural de dependencia. La gesti\u00f3n migratoria y la seguridad fronteriza condicionan directamente la pol\u00edtica exterior espa\u00f1ola, limitando su margen de autonom\u00eda.<\/span><\/p>\n<p data-start=\"4205\" data-end=\"4316\"><span dir=\"auto\">Este tipo de asimetr\u00eda no se resuelve con declaraciones, sino con capacidad de negociaci\u00f3n y recursos estrat\u00e9gicos.<\/span><\/p>\n<h3 data-start=\"4323\" data-end=\"4381\"><span dir=\"auto\"><span class=\"VIpgJd-yAWNEb-VIpgJd-fmcmS-sn54Q\" dir=\"auto\">La crisis del multilateralismo: del lenguaje al poder<\/span><\/span><\/h3>\n<p data-start=\"4383\" data-end=\"4611\"><span dir=\"auto\">El multilateralismo basado en reglas sigue existiendo como discurso legitimador, pero ya no como estructura central del sistema internacional. El mundo entra en una fase de competencia sist\u00e9mica, rearme y coerci\u00f3n econ\u00f3mica.<\/span><\/p>\n<p data-start=\"4613\" data-end=\"4881\"><span dir=\"auto\">En este escenario, la insistencia en categor\u00edas normativas del pasado puede convertirse en una forma de inercia intelectual. El multilateralismo no desaparece: se transforma en una capa jur\u00eddica que legitima decisiones tomadas, en \u00faltima instancia, por correlaciones de poder.<\/span><\/p>\n<h3 data-start=\"4888\" data-end=\"4937\"><span dir=\"auto\"><span class=\"VIpgJd-yAWNEb-VIpgJd-fmcmS-sn54Q\" dir=\"auto\">Conclusi\u00f3n: la pol\u00edtica exterior como espejismo<\/span><\/span><\/h3>\n<p data-start=\"4939\" data-end=\"5071\"><span dir=\"auto\">La actual pol\u00edtica exterior espa\u00f1ola presenta una tensi\u00f3n fundamental entre voluntad de protagonismo y capacidad real de incidencia.<\/span><\/p>\n<p data-start=\"5073\" data-end=\"5311\"><strong><span dir=\"auto\">El resultado es una paradoja estrat\u00e9gica:<\/span><\/strong><\/p>\n<p data-start=\"5073\" data-end=\"5311\"><span dir=\"auto\">Incremento del capital simb\u00f3lico interno.<\/span><br data-start=\"5156\" data-end=\"5159\" \/><span dir=\"auto\">Reducci\u00f3n progresiva del poder efectivo externo.<\/span><br data-start=\"5207\" data-end=\"5210\" \/><span dir=\"auto\">Alineamientos vol\u00e1tiles en un sistema cada vez m\u00e1s r\u00edgido.<\/span><br data-start=\"5266\" data-end=\"5269\" \/><span dir=\"auto\">Dependencias estructurales no resueltas.<\/span><\/p>\n<p data-start=\"5313\" data-end=\"5517\"><span dir=\"auto\">En un mundo que abandona progresivamente la ret\u00f3rica del orden liberal para volver a la l\u00f3gica del poder,<span>\u00a0<\/span><\/span><strong><span dir=\"auto\">la pregunta clave ya no es qu\u00e9 valores defiende un Estado, sino su capacidad para sostenerlos.<\/span><\/strong><\/p>\n<p data-start=\"4613\" data-end=\"4881\"><span class='bctt-click-to-tweet'><span class='bctt-ctt-text'><a href='https:\/\/twitter.com\/intent\/tweet?url=https%3A%2F%2Fconversesacatalunya.cat%2Fes%2Fpolitica-exterior-de-sanchez-consecuencias%2F&#038;text=La%20pol%C3%ADtica%20exterior%20del%20gobierno%20espa%C3%B1ol%20evidencia%20una%20contradicci%C3%B3n%20estructural%3A%20una%20hiperproducci%C3%B3n%20de%20legitimidad%20normativa%20combinada%20con%20una%20limitada%20capacidad%20de%20incidencia%20estrat%C3%A9gica.&#038;via=conversesacat&#038;related=conversesacat' target='_blank'rel=\"noopener noreferrer\">La pol\u00edtica exterior del gobierno espa\u00f1ol evidencia una contradicci\u00f3n estructural: una hiperproducci\u00f3n de legitimidad normativa combinada con una limitada capacidad de incidencia estrat\u00e9gica. <\/a><\/span><a href='https:\/\/twitter.com\/intent\/tweet?url=https%3A%2F%2Fconversesacatalunya.cat%2Fes%2Fpolitica-exterior-de-sanchez-consecuencias%2F&#038;text=La%20pol%C3%ADtica%20exterior%20del%20gobierno%20espa%C3%B1ol%20evidencia%20una%20contradicci%C3%B3n%20estructural%3A%20una%20hiperproducci%C3%B3n%20de%20legitimidad%20normativa%20combinada%20con%20una%20limitada%20capacidad%20de%20incidencia%20estrat%C3%A9gica.&#038;via=conversesacat&#038;related=conversesacat' target='_blank' class='bctt-ctt-btn'rel=\"noopener noreferrer\">Compartir en X<\/a><\/span>\n","protected":false},"excerpt":{"rendered":"<p>En la actual configuraci\u00f3n del sistema internacional, la pol\u00edtica exterior ha dejado de ser un espacio de proyecci\u00f3n simb\u00f3lica para convertirse en terreno de confrontaci\u00f3n material.\u00a0 La distancia entre discurso y poder efectivo no es solo una cuesti\u00f3n de coherencia intelectual, sino una variable que determina la posici\u00f3n real de un Estado en el orden global. En ese contexto, la pol\u00edtica exterior de S\u00e1nchez evidencia una contradicci\u00f3n estructural: una hiperproducci\u00f3n de legitimidad normativa combinada con una capacidad limitada de incidencia estrat\u00e9gica. El problema no es la defensa de valores o principios, sino cuando estos se convierten en sustitutos de una estrategia, y no su fundamento. Antitrumpismo como pol\u00edtica de Estado: la geopol\u00edtica de lo ef\u00edmero La construcci\u00f3n de un relato internacional basado en la oposici\u00f3n a Donald Trump constituye una\u00a0apuesta de rendimiento inmediato, pero de fragilidad estructural. Las alianzas definidas por antagonismos personales son por definici\u00f3n contingentes: cuando desaparece el factor movilizador, tambi\u00e9n lo hace la cohesi\u00f3n. Adem\u00e1s, la supuesta coordinaci\u00f3n con gobiernos progresistas globales revela una realidad m\u00e1s inc\u00f3moda: los intereses geopol\u00edticos no se determinan por afinidades ideol\u00f3gicas, sino por vectores de poder, recursos y seguridad. La pol\u00edtica exterior espa\u00f1ola parece ignorar ese principio elemental. Europa: la marginaci\u00f3n silenciosa El deterioro de las relaciones con el n\u00facleo decisorio de la\u00a0Uni\u00f3n Europea\u00a0no es una cuesti\u00f3n protocolaria, sino estructural. En una arquitectura institucional como la comunitaria, la influencia no se proclama: se construye a trav\u00e9s de coaliciones, capacidad t\u00e9cnica y alineamiento estrat\u00e9gico. La consecuencia es una paradoja: mientras el discurso europe\u00edsta se mantiene intenso, la capacidad real de Espa\u00f1a para moldear decisiones estrat\u00e9gicas disminuye. Es la forma contempor\u00e1nea de marginalizaci\u00f3n:\u00a0no la exclusi\u00f3n formal, sino la irrelevancia operativa. Diplomacia moral sin soberan\u00eda material Los gestos simb\u00f3licos en pol\u00edtica exterior pueden generar legitimidad dom\u00e9stica, pero tambi\u00e9n exponen la vulnerabilidad estructural de un Estado cuando carece de autonom\u00eda tecnol\u00f3gica o industrial. La\u00a0retirada de la embajadora en Israel\u00a0ejemplifica ese desajuste: la moralidad diplom\u00e1tica proyecta coherencia discursiva, pero puede comprometer la seguridad si no se fundamenta en capacidades propias. La historia reciente muestra que el prestigio normativo sin poder material no genera influencia; genera dependencia. Ucrania: el confort de la ambig\u00fcedad El apoyo ret\u00f3rico a la continuaci\u00f3n de la guerra de Ucrania, combinado con una contribuci\u00f3n limitada, refleja una estrategia de riesgo controlado. En t\u00e9rminos de teor\u00eda de las alianzas, esto equivale a maximizar beneficios reputacionales minimizando costes. Sin embargo, este c\u00e1lculo tiene un l\u00edmite: cuando los conflictos se prolongan, los aliados exigen compromisos proporcionales. La incoherencia entre\u00a0legitimar el conflicto y evitar su coste\u00a0erosiona la credibilidad a largo plazo. China y actores no occidentales: el equilibrismo como s\u00edntoma La intensificaci\u00f3n de las relaciones con China, en un contexto de creciente asimetr\u00eda comercial, revela m\u00e1s dependencia que diversificaci\u00f3n. Paralelamente, los gestos de proximidad con actores hostiles en el orden occidental generan una percepci\u00f3n de ambivalencia estrat\u00e9gica. El equilibrismo diplom\u00e1tico es una herramienta cl\u00e1sica de las potencias medias, pero solo funciona cuando se percibe como racional y coherente.\u00a0 Cuando se percibe como oportunista,\u00a0reduce la confianza de los aliados sin garantizar beneficios alternativos. Marruecos: el poder de la geograf\u00eda La relaci\u00f3n con Marruecos ilustra una din\u00e1mica estructural de dependencia. La gesti\u00f3n migratoria y la seguridad fronteriza condicionan directamente la pol\u00edtica exterior espa\u00f1ola, limitando su margen de autonom\u00eda. Este tipo de asimetr\u00eda no se resuelve con declaraciones, sino con capacidad de negociaci\u00f3n y recursos estrat\u00e9gicos. La crisis del multilateralismo: del lenguaje al poder El multilateralismo basado en reglas sigue existiendo como discurso legitimador, pero ya no como estructura central del sistema internacional. El mundo entra en una fase de competencia sist\u00e9mica, rearme y coerci\u00f3n econ\u00f3mica. En este escenario, la insistencia en categor\u00edas normativas del pasado puede convertirse en una forma de inercia intelectual. El multilateralismo no desaparece: se transforma en una capa jur\u00eddica que legitima decisiones tomadas, en \u00faltima instancia, por correlaciones de poder. Conclusi\u00f3n: la pol\u00edtica exterior como espejismo La actual pol\u00edtica exterior espa\u00f1ola presenta una tensi\u00f3n fundamental entre voluntad de protagonismo y capacidad real de incidencia. El resultado es una paradoja estrat\u00e9gica: Incremento del capital simb\u00f3lico interno.Reducci\u00f3n progresiva del poder efectivo externo.Alineamientos vol\u00e1tiles en un sistema cada vez m\u00e1s r\u00edgido.Dependencias estructurales no resueltas. En un mundo que abandona progresivamente la ret\u00f3rica del orden liberal para volver a la l\u00f3gica del poder,\u00a0la pregunta clave ya no es qu\u00e9 valores defiende un Estado, sino su capacidad para sostenerlos.<\/p>\n","protected":false},"author":80,"featured_media":97215,"comment_status":"open","ping_status":"open","sticky":false,"template":"","format":"standard","meta":{"_FSMCFIC_featured_image_caption":"","_FSMCFIC_featured_image_nocaption":"","_FSMCFIC_featured_image_hide":"","footnotes":""},"categories":[806],"tags":[1375,1373],"class_list":["post-97217","post","type-post","status-publish","format-standard","has-post-thumbnail","hentry","category-punts-claus-del-dia-es","tag-gobierno-sanchez","tag-govern-sanchez-es"],"yoast_head":"<!-- This site is optimized with the Yoast SEO plugin v26.8 - https:\/\/yoast.com\/product\/yoast-seo-wordpress\/ -->\n<title>La ilusi\u00f3n de influencia: la pol\u00edtica exterior de S\u00e1nchez y sus consecuencias - Converses a Catalunya<\/title>\n<meta name=\"description\" content=\"An\u00e1lisis sobre los l\u00edmites estrat\u00e9gicos de la pol\u00edtica exterior de S\u00e1nchez en un sistema internacional dominado por el retorno del poder.\" \/>\n<meta name=\"robots\" content=\"index, follow, max-snippet:-1, max-image-preview:large, max-video-preview:-1\" \/>\n<link rel=\"canonical\" href=\"https:\/\/conversesacatalunya.cat\/es\/politica-exterior-de-sanchez-consecuencias\/\" \/>\n<meta property=\"og:locale\" content=\"es_ES\" \/>\n<meta property=\"og:type\" content=\"article\" \/>\n<meta property=\"og:title\" content=\"La ilusi\u00f3n de influencia: la pol\u00edtica exterior de S\u00e1nchez y sus consecuencias - Converses a Catalunya\" \/>\n<meta property=\"og:description\" content=\"An\u00e1lisis sobre los l\u00edmites estrat\u00e9gicos de la pol\u00edtica exterior de S\u00e1nchez en un sistema internacional dominado por el retorno del poder.\" \/>\n<meta property=\"og:url\" content=\"https:\/\/conversesacatalunya.cat\/es\/politica-exterior-de-sanchez-consecuencias\/\" \/>\n<meta property=\"og:site_name\" content=\"Converses a Catalunya\" \/>\n<meta property=\"article:published_time\" content=\"2026-03-18T04:54:47+00:00\" \/>\n<meta property=\"article:modified_time\" content=\"2026-03-18T05:16:05+00:00\" \/>\n<meta property=\"og:image\" content=\"https:\/\/conversesacatalunya.cat\/wp-content\/uploads\/2026\/03\/Captura-10.jpg\" \/>\n\t<meta property=\"og:image:width\" content=\"1479\" \/>\n\t<meta property=\"og:image:height\" content=\"881\" \/>\n\t<meta property=\"og:image:type\" content=\"image\/jpeg\" \/>\n<meta name=\"author\" content=\"N\u00faria Freixa\" \/>\n<meta name=\"twitter:card\" content=\"summary_large_image\" \/>\n<meta name=\"twitter:label1\" content=\"Escrito por\" \/>\n\t<meta name=\"twitter:data1\" content=\"N\u00faria Freixa\" \/>\n\t<meta name=\"twitter:label2\" content=\"Tiempo de lectura\" \/>\n\t<meta name=\"twitter:data2\" content=\"4 minutos\" \/>\n<script type=\"application\/ld+json\" class=\"yoast-schema-graph\">{\"@context\":\"https:\/\/schema.org\",\"@graph\":[{\"@type\":\"Article\",\"@id\":\"https:\/\/conversesacatalunya.cat\/es\/politica-exterior-de-sanchez-consecuencias\/#article\",\"isPartOf\":{\"@id\":\"https:\/\/conversesacatalunya.cat\/es\/politica-exterior-de-sanchez-consecuencias\/\"},\"author\":{\"name\":\"N\u00faria Freixa\",\"@id\":\"https:\/\/conversesacatalunya.cat\/#\/schema\/person\/b734752c25b328c819a407cbea568c1f\"},\"headline\":\"La ilusi\u00f3n de influencia: la pol\u00edtica exterior de S\u00e1nchez y sus consecuencias\",\"datePublished\":\"2026-03-18T04:54:47+00:00\",\"dateModified\":\"2026-03-18T05:16:05+00:00\",\"mainEntityOfPage\":{\"@id\":\"https:\/\/conversesacatalunya.cat\/es\/politica-exterior-de-sanchez-consecuencias\/\"},\"wordCount\":872,\"commentCount\":0,\"image\":{\"@id\":\"https:\/\/conversesacatalunya.cat\/es\/politica-exterior-de-sanchez-consecuencias\/#primaryimage\"},\"thumbnailUrl\":\"https:\/\/conversesacatalunya.cat\/wp-content\/uploads\/2026\/03\/Captura-10.jpg\",\"keywords\":[\"Gobierno S\u00e1nchez\",\"Govern S\u00e1nchez\"],\"articleSection\":[\"Punts clau del dia (ES)\"],\"inLanguage\":\"es\",\"potentialAction\":[{\"@type\":\"CommentAction\",\"name\":\"Comment\",\"target\":[\"https:\/\/conversesacatalunya.cat\/es\/politica-exterior-de-sanchez-consecuencias\/#respond\"]}]},{\"@type\":\"WebPage\",\"@id\":\"https:\/\/conversesacatalunya.cat\/es\/politica-exterior-de-sanchez-consecuencias\/\",\"url\":\"https:\/\/conversesacatalunya.cat\/es\/politica-exterior-de-sanchez-consecuencias\/\",\"name\":\"La ilusi\u00f3n de influencia: la pol\u00edtica exterior de S\u00e1nchez y sus consecuencias - Converses a Catalunya\",\"isPartOf\":{\"@id\":\"https:\/\/conversesacatalunya.cat\/#website\"},\"primaryImageOfPage\":{\"@id\":\"https:\/\/conversesacatalunya.cat\/es\/politica-exterior-de-sanchez-consecuencias\/#primaryimage\"},\"image\":{\"@id\":\"https:\/\/conversesacatalunya.cat\/es\/politica-exterior-de-sanchez-consecuencias\/#primaryimage\"},\"thumbnailUrl\":\"https:\/\/conversesacatalunya.cat\/wp-content\/uploads\/2026\/03\/Captura-10.jpg\",\"datePublished\":\"2026-03-18T04:54:47+00:00\",\"dateModified\":\"2026-03-18T05:16:05+00:00\",\"author\":{\"@id\":\"https:\/\/conversesacatalunya.cat\/#\/schema\/person\/b734752c25b328c819a407cbea568c1f\"},\"description\":\"An\u00e1lisis sobre los l\u00edmites estrat\u00e9gicos de la pol\u00edtica exterior de S\u00e1nchez en un sistema internacional dominado por el retorno del poder.\",\"breadcrumb\":{\"@id\":\"https:\/\/conversesacatalunya.cat\/es\/politica-exterior-de-sanchez-consecuencias\/#breadcrumb\"},\"inLanguage\":\"es\",\"potentialAction\":[{\"@type\":\"ReadAction\",\"target\":[\"https:\/\/conversesacatalunya.cat\/es\/politica-exterior-de-sanchez-consecuencias\/\"]}]},{\"@type\":\"ImageObject\",\"inLanguage\":\"es\",\"@id\":\"https:\/\/conversesacatalunya.cat\/es\/politica-exterior-de-sanchez-consecuencias\/#primaryimage\",\"url\":\"https:\/\/conversesacatalunya.cat\/wp-content\/uploads\/2026\/03\/Captura-10.jpg\",\"contentUrl\":\"https:\/\/conversesacatalunya.cat\/wp-content\/uploads\/2026\/03\/Captura-10.jpg\",\"width\":1479,\"height\":881,\"caption\":\"pol\u00edtica exterior S\u00e1nchez\"},{\"@type\":\"BreadcrumbList\",\"@id\":\"https:\/\/conversesacatalunya.cat\/es\/politica-exterior-de-sanchez-consecuencias\/#breadcrumb\",\"itemListElement\":[{\"@type\":\"ListItem\",\"position\":1,\"name\":\"Inici\",\"item\":\"https:\/\/conversesacatalunya.cat\/es\/\"},{\"@type\":\"ListItem\",\"position\":2,\"name\":\"La ilusi\u00f3n de influencia: la pol\u00edtica exterior de S\u00e1nchez y sus consecuencias\"}]},{\"@type\":\"WebSite\",\"@id\":\"https:\/\/conversesacatalunya.cat\/#website\",\"url\":\"https:\/\/conversesacatalunya.cat\/\",\"name\":\"Converses a Catalunya\",\"description\":\"\",\"potentialAction\":[{\"@type\":\"SearchAction\",\"target\":{\"@type\":\"EntryPoint\",\"urlTemplate\":\"https:\/\/conversesacatalunya.cat\/?s={search_term_string}\"},\"query-input\":{\"@type\":\"PropertyValueSpecification\",\"valueRequired\":true,\"valueName\":\"search_term_string\"}}],\"inLanguage\":\"es\"},{\"@type\":\"Person\",\"@id\":\"https:\/\/conversesacatalunya.cat\/#\/schema\/person\/b734752c25b328c819a407cbea568c1f\",\"name\":\"N\u00faria Freixa\",\"image\":{\"@type\":\"ImageObject\",\"inLanguage\":\"es\",\"@id\":\"https:\/\/conversesacatalunya.cat\/#\/schema\/person\/image\/\",\"url\":\"https:\/\/conversesacatalunya.cat\/wp-content\/litespeed\/avatar\/c3686e387186fed249338fe04729c597.jpg?ver=1777289182\",\"contentUrl\":\"https:\/\/conversesacatalunya.cat\/wp-content\/litespeed\/avatar\/c3686e387186fed249338fe04729c597.jpg?ver=1777289182\",\"caption\":\"N\u00faria Freixa\"},\"url\":\"https:\/\/conversesacatalunya.cat\/es\/author\/nuria_freixa\/\"}]}<\/script>\n<!-- \/ Yoast SEO plugin. -->","yoast_head_json":{"title":"La ilusi\u00f3n de influencia: la pol\u00edtica exterior de S\u00e1nchez y sus consecuencias - Converses a Catalunya","description":"An\u00e1lisis sobre los l\u00edmites estrat\u00e9gicos de la pol\u00edtica exterior de S\u00e1nchez en un sistema internacional dominado por el retorno del poder.","robots":{"index":"index","follow":"follow","max-snippet":"max-snippet:-1","max-image-preview":"max-image-preview:large","max-video-preview":"max-video-preview:-1"},"canonical":"https:\/\/conversesacatalunya.cat\/es\/politica-exterior-de-sanchez-consecuencias\/","og_locale":"es_ES","og_type":"article","og_title":"La ilusi\u00f3n de influencia: la pol\u00edtica exterior de S\u00e1nchez y sus consecuencias - Converses a Catalunya","og_description":"An\u00e1lisis sobre los l\u00edmites estrat\u00e9gicos de la pol\u00edtica exterior de S\u00e1nchez en un sistema internacional dominado por el retorno del poder.","og_url":"https:\/\/conversesacatalunya.cat\/es\/politica-exterior-de-sanchez-consecuencias\/","og_site_name":"Converses a Catalunya","article_published_time":"2026-03-18T04:54:47+00:00","article_modified_time":"2026-03-18T05:16:05+00:00","og_image":[{"width":1479,"height":881,"url":"https:\/\/conversesacatalunya.cat\/wp-content\/uploads\/2026\/03\/Captura-10.jpg","type":"image\/jpeg"}],"author":"N\u00faria Freixa","twitter_card":"summary_large_image","twitter_misc":{"Escrito por":"N\u00faria Freixa","Tiempo de lectura":"4 minutos"},"schema":{"@context":"https:\/\/schema.org","@graph":[{"@type":"Article","@id":"https:\/\/conversesacatalunya.cat\/es\/politica-exterior-de-sanchez-consecuencias\/#article","isPartOf":{"@id":"https:\/\/conversesacatalunya.cat\/es\/politica-exterior-de-sanchez-consecuencias\/"},"author":{"name":"N\u00faria Freixa","@id":"https:\/\/conversesacatalunya.cat\/#\/schema\/person\/b734752c25b328c819a407cbea568c1f"},"headline":"La ilusi\u00f3n de influencia: la pol\u00edtica exterior de S\u00e1nchez y sus consecuencias","datePublished":"2026-03-18T04:54:47+00:00","dateModified":"2026-03-18T05:16:05+00:00","mainEntityOfPage":{"@id":"https:\/\/conversesacatalunya.cat\/es\/politica-exterior-de-sanchez-consecuencias\/"},"wordCount":872,"commentCount":0,"image":{"@id":"https:\/\/conversesacatalunya.cat\/es\/politica-exterior-de-sanchez-consecuencias\/#primaryimage"},"thumbnailUrl":"https:\/\/conversesacatalunya.cat\/wp-content\/uploads\/2026\/03\/Captura-10.jpg","keywords":["Gobierno S\u00e1nchez","Govern S\u00e1nchez"],"articleSection":["Punts clau del dia (ES)"],"inLanguage":"es","potentialAction":[{"@type":"CommentAction","name":"Comment","target":["https:\/\/conversesacatalunya.cat\/es\/politica-exterior-de-sanchez-consecuencias\/#respond"]}]},{"@type":"WebPage","@id":"https:\/\/conversesacatalunya.cat\/es\/politica-exterior-de-sanchez-consecuencias\/","url":"https:\/\/conversesacatalunya.cat\/es\/politica-exterior-de-sanchez-consecuencias\/","name":"La ilusi\u00f3n de influencia: la pol\u00edtica exterior de S\u00e1nchez y sus consecuencias - Converses a Catalunya","isPartOf":{"@id":"https:\/\/conversesacatalunya.cat\/#website"},"primaryImageOfPage":{"@id":"https:\/\/conversesacatalunya.cat\/es\/politica-exterior-de-sanchez-consecuencias\/#primaryimage"},"image":{"@id":"https:\/\/conversesacatalunya.cat\/es\/politica-exterior-de-sanchez-consecuencias\/#primaryimage"},"thumbnailUrl":"https:\/\/conversesacatalunya.cat\/wp-content\/uploads\/2026\/03\/Captura-10.jpg","datePublished":"2026-03-18T04:54:47+00:00","dateModified":"2026-03-18T05:16:05+00:00","author":{"@id":"https:\/\/conversesacatalunya.cat\/#\/schema\/person\/b734752c25b328c819a407cbea568c1f"},"description":"An\u00e1lisis sobre los l\u00edmites estrat\u00e9gicos de la pol\u00edtica exterior de S\u00e1nchez en un sistema internacional dominado por el retorno del poder.","breadcrumb":{"@id":"https:\/\/conversesacatalunya.cat\/es\/politica-exterior-de-sanchez-consecuencias\/#breadcrumb"},"inLanguage":"es","potentialAction":[{"@type":"ReadAction","target":["https:\/\/conversesacatalunya.cat\/es\/politica-exterior-de-sanchez-consecuencias\/"]}]},{"@type":"ImageObject","inLanguage":"es","@id":"https:\/\/conversesacatalunya.cat\/es\/politica-exterior-de-sanchez-consecuencias\/#primaryimage","url":"https:\/\/conversesacatalunya.cat\/wp-content\/uploads\/2026\/03\/Captura-10.jpg","contentUrl":"https:\/\/conversesacatalunya.cat\/wp-content\/uploads\/2026\/03\/Captura-10.jpg","width":1479,"height":881,"caption":"pol\u00edtica exterior S\u00e1nchez"},{"@type":"BreadcrumbList","@id":"https:\/\/conversesacatalunya.cat\/es\/politica-exterior-de-sanchez-consecuencias\/#breadcrumb","itemListElement":[{"@type":"ListItem","position":1,"name":"Inici","item":"https:\/\/conversesacatalunya.cat\/es\/"},{"@type":"ListItem","position":2,"name":"La ilusi\u00f3n de influencia: la pol\u00edtica exterior de S\u00e1nchez y sus consecuencias"}]},{"@type":"WebSite","@id":"https:\/\/conversesacatalunya.cat\/#website","url":"https:\/\/conversesacatalunya.cat\/","name":"Converses a Catalunya","description":"","potentialAction":[{"@type":"SearchAction","target":{"@type":"EntryPoint","urlTemplate":"https:\/\/conversesacatalunya.cat\/?s={search_term_string}"},"query-input":{"@type":"PropertyValueSpecification","valueRequired":true,"valueName":"search_term_string"}}],"inLanguage":"es"},{"@type":"Person","@id":"https:\/\/conversesacatalunya.cat\/#\/schema\/person\/b734752c25b328c819a407cbea568c1f","name":"N\u00faria Freixa","image":{"@type":"ImageObject","inLanguage":"es","@id":"https:\/\/conversesacatalunya.cat\/#\/schema\/person\/image\/","url":"https:\/\/conversesacatalunya.cat\/wp-content\/litespeed\/avatar\/c3686e387186fed249338fe04729c597.jpg?ver=1777289182","contentUrl":"https:\/\/conversesacatalunya.cat\/wp-content\/litespeed\/avatar\/c3686e387186fed249338fe04729c597.jpg?ver=1777289182","caption":"N\u00faria Freixa"},"url":"https:\/\/conversesacatalunya.cat\/es\/author\/nuria_freixa\/"}]}},"wps_subtitle":"La distancia entre discurso y poder efectivo no es solo una cuesti\u00f3n de coherencia intelectual, sino una variable que determina la posici\u00f3n real de un Estado en el orden global.","_links":{"self":[{"href":"https:\/\/conversesacatalunya.cat\/es\/wp-json\/wp\/v2\/posts\/97217","targetHints":{"allow":["GET"]}}],"collection":[{"href":"https:\/\/conversesacatalunya.cat\/es\/wp-json\/wp\/v2\/posts"}],"about":[{"href":"https:\/\/conversesacatalunya.cat\/es\/wp-json\/wp\/v2\/types\/post"}],"author":[{"embeddable":true,"href":"https:\/\/conversesacatalunya.cat\/es\/wp-json\/wp\/v2\/users\/80"}],"replies":[{"embeddable":true,"href":"https:\/\/conversesacatalunya.cat\/es\/wp-json\/wp\/v2\/comments?post=97217"}],"version-history":[{"count":3,"href":"https:\/\/conversesacatalunya.cat\/es\/wp-json\/wp\/v2\/posts\/97217\/revisions"}],"predecessor-version":[{"id":97220,"href":"https:\/\/conversesacatalunya.cat\/es\/wp-json\/wp\/v2\/posts\/97217\/revisions\/97220"}],"wp:featuredmedia":[{"embeddable":true,"href":"https:\/\/conversesacatalunya.cat\/es\/wp-json\/wp\/v2\/media\/97215"}],"wp:attachment":[{"href":"https:\/\/conversesacatalunya.cat\/es\/wp-json\/wp\/v2\/media?parent=97217"}],"wp:term":[{"taxonomy":"category","embeddable":true,"href":"https:\/\/conversesacatalunya.cat\/es\/wp-json\/wp\/v2\/categories?post=97217"},{"taxonomy":"post_tag","embeddable":true,"href":"https:\/\/conversesacatalunya.cat\/es\/wp-json\/wp\/v2\/tags?post=97217"}],"curies":[{"name":"wp","href":"https:\/\/api.w.org\/{rel}","templated":true}]}}