{"id":97204,"date":"2026-03-17T12:36:16","date_gmt":"2026-03-17T11:36:16","guid":{"rendered":"https:\/\/conversesacatalunya.cat\/?p=97204"},"modified":"2026-03-17T12:52:28","modified_gmt":"2026-03-17T11:52:28","slug":"la-gran-ruptura-occidental","status":"publish","type":"post","link":"https:\/\/conversesacatalunya.cat\/es\/la-gran-ruptura-occidental\/","title":{"rendered":"La Gran ruptura Occidental"},"content":{"rendered":"<p data-start=\"111\" data-end=\"243\"><span dir=\"auto\">Esta semana puede que pase a la historia como la fecha en que se produjo la gran ruptura occidental.<\/span><\/p>\n<p data-start=\"245\" data-end=\"494\"><span dir=\"auto\"><span class=\"\" dir=\"auto\">Los principales gobiernos europeos y la UE rechazaron sumarse a<span>\u00a0<\/span><\/span><\/span><strong><span dir=\"auto\"><span class=\"\" dir=\"auto\">la petici\u00f3n de Trump de enviar buques de guerra al estrecho de Ormuz,<\/span><\/span><\/strong><span dir=\"auto\"><span class=\"\" dir=\"auto\">\u00a0argumentando que no quieren ampliar la guerra contra Ir\u00e1n ni asumir una operaci\u00f3n claramente liderada por Washington.<\/span><\/span><\/p>\n<p data-start=\"496\" data-end=\"853\"><strong><span dir=\"auto\"><span class=\"VIpgJd-yAWNEb-VIpgJd-fmcmS-sn54Q\" dir=\"auto\">Berl\u00edn<\/span><\/span><\/strong><span dir=\"auto\"><span class=\"VIpgJd-yAWNEb-VIpgJd-fmcmS-sn54Q\" dir=\"auto\"><span>\u00a0<\/span>se aline\u00f3 con la posici\u00f3n de que \u201cno es nuestra guerra\u201d y rechaz\u00f3 comprometer barcos para una operaci\u00f3n ofensiva contra Ir\u00e1n, insistiendo en que la prioridad debe ser la desescalada, algo hist\u00f3rico dada la dependencia alemana para su defensa de las tropas de Estados Unidos y tambi\u00e9n porque all\u00ed tiene su principal mercado exportador.<\/span><\/span><\/p>\n<p data-start=\"855\" data-end=\"1218\"><span dir=\"auto\"><span class=\"VIpgJd-yAWNEb-VIpgJd-fmcmS-sn54Q\" dir=\"auto\">El<span>\u00a0<\/span><\/span><\/span><strong><span dir=\"auto\"><span class=\"VIpgJd-yAWNEb-VIpgJd-fmcmS-sn54Q\" dir=\"auto\">Reino Unido,<\/span><\/span><\/strong><span dir=\"auto\"><span class=\"VIpgJd-yAWNEb-VIpgJd-fmcmS-sn54Q\" dir=\"auto\"><span>\u00a0<\/span>aliado hist\u00f3rico de Estados Unidos con quien mantiene v\u00ednculos de defensa m\u00e1s all\u00e1 de Europa (con Canad\u00e1, Australia y Nueva Zelanda), y por boca del primer ministro Keir Starmer, afirm\u00f3 que trabaja con socios europeos y del Golfo en un plan para reabrir la v\u00eda mar\u00edtima, pero evit\u00f3 comprometerse a enviar fuerzas militares.<\/span><\/span><\/p>\n<p data-start=\"1220\" data-end=\"1518\"><strong><span dir=\"auto\">Par\u00eds y Roma<\/span><\/strong><span dir=\"auto\"><span>\u00a0<\/span>han mostrado \u00abreservas\u00bb y han descartado, de momento, enviar barcos de guerra al Golfo P\u00e9rsico, manteniendo una postura defensiva y de contenci\u00f3n del conflicto, a pesar de que Macron anunciaba hace pocos d\u00edas la formaci\u00f3n de una flota franco-europea liderada por su portaaviones Charles de Gaulle.<\/span><\/p>\n<p data-start=\"1520\" data-end=\"1910\"><strong><span dir=\"auto\">La alta responsable de pol\u00edtica exterior, Kaja Kallas,<\/span><\/strong><span dir=\"auto\">\u00a0se\u00f1al\u00f3 que la UE no tiene intenci\u00f3n de \u201campliar su misi\u00f3n a Ormuz\u201d y que cualquier aportaci\u00f3n se limitar\u00eda, en su caso, a la misi\u00f3n naval Aspides, con un mandato defensivo y sujeto al que acepten los Estados miembros. Pero esta \u00faltima posibilidad tambi\u00e9n parece haber sido rechazada posteriormente por la mayor\u00eda de Estados miembros.<\/span><\/p>\n<p data-start=\"1912\" data-end=\"2162\"><strong><span dir=\"auto\">Espa\u00f1a,<\/span><\/strong><span dir=\"auto\"><span>\u00a0<\/span>por su parte, dej\u00f3 claro que no participar\u00e1 en ninguna misi\u00f3n militar para mantener abierto Ormuz al considerar ilegal la guerra contra Ir\u00e1n y apuesta por soluciones diplom\u00e1ticas. Es quien tiene la posici\u00f3n m\u00e1s dura de condena en la guerra.<\/span><\/p>\n<h5 data-start=\"2164\" data-end=\"2715\"><strong><span dir=\"auto\">Los argumentos de fondo de los europeos pueden resumirse en:<\/span><\/strong><\/h5>\n<p data-start=\"2164\" data-end=\"2715\"><span dir=\"auto\"><span class=\"VIpgJd-yAWNEb-VIpgJd-fmcmS-sn54Q\" dir=\"auto\">1) Rechazo a \u201campliar la guerra\u201d contra Ir\u00e1n y a ser arrastrados a una operaci\u00f3n que perciben como una agenda estadounidense m\u00e1s que como defensa directa de Europa.<\/span><\/span><\/p>\n<p data-start=\"2164\" data-end=\"2715\"><span dir=\"auto\">2) Aceptaci\u00f3n de estudiar una presencia naval limitada y de car\u00e1cter defensivo para proteger el tr\u00e1fico comercial, pero no una coalici\u00f3n ofensiva bajo liderazgo directo de Trump.<\/span><\/p>\n<p data-start=\"2164\" data-end=\"2715\"><span dir=\"auto\">3) La OTAN es una alianza defensiva; sin embargo, cuesti\u00f3n relativa, ya que intervino de manera importante en Afganist\u00e1n durante la administraci\u00f3n dem\u00f3crata.<\/span><\/p>\n<p data-start=\"2717\" data-end=\"2917\"><span dir=\"auto\"><span class=\"VIpgJd-yAWNEb-VIpgJd-fmcmS-sn54Q\" dir=\"auto\">Ante el rechazo de varios aliados europeos,<span>\u00a0<\/span><\/span><\/span><strong><span dir=\"auto\"><span class=\"VIpgJd-yAWNEb-VIpgJd-fmcmS-sn54Q\" dir=\"auto\">Trump advirti\u00f3 de que \u00ablo recordar\u00e1\u00bb<\/span><\/span><\/strong><span dir=\"auto\"><span class=\"VIpgJd-yAWNEb-VIpgJd-fmcmS-sn54Q\" dir=\"auto\"><span>\u00a0<\/span>y lleg\u00f3 a amenazar con un<strong> \u00abfuturo muy malo\u00bb<\/strong> para la OTAN si no colaboran en la reapertura del paso de Ormuz.<\/span><\/span><\/p>\n<p data-start=\"2919\" data-end=\"3184\"><span dir=\"auto\">En este contexto llega una<span>\u00a0<\/span><\/span><strong><span dir=\"auto\">reuni\u00f3n del Consejo de Europa,<\/span><\/strong><span dir=\"auto\">\u00a0la instancia que re\u00fane a los presidentes y jefes de gobierno de la UE, el jueves 19 de marzo, con esta cuesti\u00f3n sobre la mesa y el intento de<span>\u00a0<\/span><\/span><strong><span dir=\"auto\">S\u00e1nchez<\/span><\/strong><span dir=\"auto\"><span>\u00a0<\/span>de liderar y lograr una descalificaci\u00f3n total de la guerra.<\/span><\/p>\n<p data-start=\"3186\" data-end=\"3364\"><span dir=\"auto\">Las consecuencias de<span>\u00a0<\/span><\/span><a href=\"https:\/\/conversesacatalunya.cat\/es\/semana-clave-guerra-iran-europa-presupuestos-cataluna\/\" target=\"_blank\" rel=\"noopener\"><span dir=\"auto\">la gran ruptura<\/span><\/a><span dir=\"auto\"><span>\u00a0<\/span>de la alianza occidental, que se produce por primera vez, no son menores, y la UE debe palparse la ropa antes de seguir por ese camino.<\/span><\/p>\n<p data-start=\"3366\" data-end=\"3560\"><span dir=\"auto\">De entrada, se produce una<span>\u00a0<\/span><\/span><strong><span dir=\"auto\">grave erosi\u00f3n de la cohesi\u00f3n atl\u00e1ntica,<\/span><\/strong><span dir=\"auto\">\u00a0el incremento del riesgo de unilateralidad estadounidense y se establece apresuradamente un precedente para futuros escenarios de crisis.<\/span><\/p>\n<p data-start=\"3562\" data-end=\"3648\"><span dir=\"auto\">Por ejemplo, \u00bfc\u00f3mo se liga con la defensa de Ucrania si Estados Unidos se inhibe?<\/span><\/p>\n<h5 data-start=\"3650\" data-end=\"3907\"><strong><span dir=\"auto\"><span class=\"VIpgJd-yAWNEb-VIpgJd-fmcmS-sn54Q\" dir=\"auto\">Hay tambi\u00e9n consecuencias econ\u00f3micas y energ\u00e9ticas:<\/span><\/span><\/strong><\/h5>\n<p data-start=\"3650\" data-end=\"3907\"><span dir=\"auto\">1) Mayor vulnerabilidad de los mercados energ\u00e9ticos.<\/span><\/p>\n<p data-start=\"3650\" data-end=\"3907\"><span dir=\"auto\">2) Incentivo a la diversificaci\u00f3n energ\u00e9tica acelerada.<\/span><\/p>\n<p data-start=\"3650\" data-end=\"3907\"><span dir=\"auto\">3) Impacto sobre la log\u00edstica y el comercio global, con efectos sobre la competitividad europea.<\/span><\/p>\n<h5 data-start=\"3909\" data-end=\"4116\"><strong><span dir=\"auto\">Tambi\u00e9n existen consecuencias pol\u00edticas e institucionales:<\/span><\/strong><\/h5>\n<p data-start=\"3909\" data-end=\"4116\"><span dir=\"auto\">Se producir\u00e1 necesariamente un aumento de la autonom\u00eda estrat\u00e9gica europea, una tensi\u00f3n interna en la UE y un impacto en la pol\u00edtica dom\u00e9stica europea.<\/span><\/p>\n<p data-start=\"4118\" data-end=\"4281\"><span dir=\"auto\">La decisi\u00f3n puede alimentar debates sobre gasto militar y responsabilidades globales, y polarizar opiniones p\u00fablicas entre intervencionismo y prudencia estrat\u00e9gica.<\/span><\/p>\n<p data-start=\"4283\" data-end=\"4400\"><strong><span dir=\"auto\">Tambi\u00e9n es una se\u00f1al para potencias emergentes:<\/span><\/strong><span dir=\"auto\"><span>\u00a0<\/span>actores como China pueden interpretar la situaci\u00f3n como una oportunidad.<\/span><\/p>\n<p data-start=\"4402\" data-end=\"4515\"><span dir=\"auto\">La din\u00e1mica de b\u00fasqueda de<span>\u00a0<\/span><\/span><strong><span dir=\"auto\">la hegemon\u00eda regional de Israel<\/span><\/strong><span dir=\"auto\"><span>\u00a0<\/span>puede confirmarse o entrar en una situaci\u00f3n de incertidumbre.<\/span><\/p>\n<p data-start=\"4517\" data-end=\"4722\"><strong><span dir=\"auto\">Si la situaci\u00f3n en Ormuz se agrava, esta posici\u00f3n europea puede demostrarse:<\/span><\/strong><\/p>\n<p data-start=\"4517\" data-end=\"4722\"><span dir=\"auto\">\u2022 Acertada, evitando una guerra m\u00e1s amplia.<\/span><\/p>\n<p data-start=\"4517\" data-end=\"4722\"><span dir=\"auto\">\u2022 Costosa, si la inestabilidad energ\u00e9tica genera impactos econ\u00f3micos sostenidos.<\/span><\/p>\n<p data-start=\"4724\" data-end=\"5154\"><strong><span dir=\"auto\">Sin embargo, las declaraciones de cada Estado tienen importantes matizaciones dentro del \u201cno\u201d general.<\/span><\/strong><\/p>\n<p data-start=\"4724\" data-end=\"5154\"><span dir=\"auto\"><span class=\"VIpgJd-yAWNEb-VIpgJd-fmcmS-sn54Q\" dir=\"auto\">Por ejemplo,<span>\u00a0<\/span><\/span><\/span><strong><span dir=\"auto\"><span class=\"VIpgJd-yAWNEb-VIpgJd-fmcmS-sn54Q\" dir=\"auto\">Alemania<\/span><\/span><\/strong><span dir=\"auto\"><span class=\"VIpgJd-yAWNEb-VIpgJd-fmcmS-sn54Q\" dir=\"auto\"><span>\u00a0<\/span>manifiesta un escepticismo total y subraya que \u00abno es un asunto de la OTAN\u00bb.\u00a0 <\/span><\/span><strong><span dir=\"auto\"><span class=\"VIpgJd-yAWNEb-VIpgJd-fmcmS-sn54Q\" dir=\"auto\">Reino Unido<\/span><\/span><\/strong><span dir=\"auto\"><span class=\"VIpgJd-yAWNEb-VIpgJd-fmcmS-sn54Q\" dir=\"auto\"><span>\u00a0<\/span>ofrece apoyo t\u00e9cnico (buscaminas), pero rechaza escoltas de combate, y<span>\u00a0<\/span><\/span><\/span><strong><span dir=\"auto\"><span class=\"VIpgJd-yAWNEb-VIpgJd-fmcmS-sn54Q\" dir=\"auto\">Francia<\/span><\/span><\/strong><span dir=\"auto\"><span class=\"VIpgJd-yAWNEb-VIpgJd-fmcmS-sn54Q\" dir=\"auto\"><span>\u00a0<\/span>mantiene una postura estrictamente \u201cdefensiva y protectora\u201d: no se unir\u00e1 a la ofensiva de EEUU, pero eso no excluye garantizar la navegaci\u00f3n por Ormuz.<\/span><\/span><\/p>\n<p data-start=\"5156\" data-end=\"5306\"><span dir=\"auto\">Habr\u00e1 que ver c\u00f3mo se modulan y concretan las posiciones el pr\u00f3ximo jueves en el Consejo Europeo, pero, a d\u00eda de hoy, la fractura es hist\u00f3rica y peligrosa.<\/span><\/p>\n<p data-start=\"4724\" data-end=\"5154\"><span class='bctt-click-to-tweet'><span class='bctt-ctt-text'><a href='https:\/\/twitter.com\/intent\/tweet?url=https%3A%2F%2Fconversesacatalunya.cat%2Fes%2Fla-gran-ruptura-occidental%2F&#038;text=Europa%20dice%20%E2%80%9Cno%E2%80%9D%20a%20Trump%20en%20Ormuz%20y%20abre%20una%20fractura%20hist%C3%B3rica%20en%20la%20cohesi%C3%B3n%20atl%C3%A1ntica.%20El%20coste%20puede%20ser%20econ%C3%B3mico%20y%20geopol%C3%ADtico.%20%23Ormuz&#038;via=conversesacat&#038;related=conversesacat' target='_blank'rel=\"noopener noreferrer\">Europa dice \u201cno\u201d a Trump en Ormuz y abre una fractura hist\u00f3rica en la cohesi\u00f3n atl\u00e1ntica. El coste puede ser econ\u00f3mico y geopol\u00edtico. #Ormuz <\/a><\/span><a href='https:\/\/twitter.com\/intent\/tweet?url=https%3A%2F%2Fconversesacatalunya.cat%2Fes%2Fla-gran-ruptura-occidental%2F&#038;text=Europa%20dice%20%E2%80%9Cno%E2%80%9D%20a%20Trump%20en%20Ormuz%20y%20abre%20una%20fractura%20hist%C3%B3rica%20en%20la%20cohesi%C3%B3n%20atl%C3%A1ntica.%20El%20coste%20puede%20ser%20econ%C3%B3mico%20y%20geopol%C3%ADtico.%20%23Ormuz&#038;via=conversesacat&#038;related=conversesacat' target='_blank' class='bctt-ctt-btn'rel=\"noopener noreferrer\">Compartir en X<\/a><\/span>\n","protected":false},"excerpt":{"rendered":"<p>Esta semana puede que pase a la historia como la fecha en que se produjo la gran ruptura occidental. Los principales gobiernos europeos y la UE rechazaron sumarse a\u00a0la petici\u00f3n de Trump de enviar buques de guerra al estrecho de Ormuz,\u00a0argumentando que no quieren ampliar la guerra contra Ir\u00e1n ni asumir una operaci\u00f3n claramente liderada por Washington. Berl\u00edn\u00a0se aline\u00f3 con la posici\u00f3n de que \u201cno es nuestra guerra\u201d y rechaz\u00f3 comprometer barcos para una operaci\u00f3n ofensiva contra Ir\u00e1n, insistiendo en que la prioridad debe ser la desescalada, algo hist\u00f3rico dada la dependencia alemana para su defensa de las tropas de Estados Unidos y tambi\u00e9n porque all\u00ed tiene su principal mercado exportador. El\u00a0Reino Unido,\u00a0aliado hist\u00f3rico de Estados Unidos con quien mantiene v\u00ednculos de defensa m\u00e1s all\u00e1 de Europa (con Canad\u00e1, Australia y Nueva Zelanda), y por boca del primer ministro Keir Starmer, afirm\u00f3 que trabaja con socios europeos y del Golfo en un plan para reabrir la v\u00eda mar\u00edtima, pero evit\u00f3 comprometerse a enviar fuerzas militares. Par\u00eds y Roma\u00a0han mostrado \u00abreservas\u00bb y han descartado, de momento, enviar barcos de guerra al Golfo P\u00e9rsico, manteniendo una postura defensiva y de contenci\u00f3n del conflicto, a pesar de que Macron anunciaba hace pocos d\u00edas la formaci\u00f3n de una flota franco-europea liderada por su portaaviones Charles de Gaulle. La alta responsable de pol\u00edtica exterior, Kaja Kallas,\u00a0se\u00f1al\u00f3 que la UE no tiene intenci\u00f3n de \u201campliar su misi\u00f3n a Ormuz\u201d y que cualquier aportaci\u00f3n se limitar\u00eda, en su caso, a la misi\u00f3n naval Aspides, con un mandato defensivo y sujeto al que acepten los Estados miembros. Pero esta \u00faltima posibilidad tambi\u00e9n parece haber sido rechazada posteriormente por la mayor\u00eda de Estados miembros. Espa\u00f1a,\u00a0por su parte, dej\u00f3 claro que no participar\u00e1 en ninguna misi\u00f3n militar para mantener abierto Ormuz al considerar ilegal la guerra contra Ir\u00e1n y apuesta por soluciones diplom\u00e1ticas. Es quien tiene la posici\u00f3n m\u00e1s dura de condena en la guerra. Los argumentos de fondo de los europeos pueden resumirse en: 1) Rechazo a \u201campliar la guerra\u201d contra Ir\u00e1n y a ser arrastrados a una operaci\u00f3n que perciben como una agenda estadounidense m\u00e1s que como defensa directa de Europa. 2) Aceptaci\u00f3n de estudiar una presencia naval limitada y de car\u00e1cter defensivo para proteger el tr\u00e1fico comercial, pero no una coalici\u00f3n ofensiva bajo liderazgo directo de Trump. 3) La OTAN es una alianza defensiva; sin embargo, cuesti\u00f3n relativa, ya que intervino de manera importante en Afganist\u00e1n durante la administraci\u00f3n dem\u00f3crata. Ante el rechazo de varios aliados europeos,\u00a0Trump advirti\u00f3 de que \u00ablo recordar\u00e1\u00bb\u00a0y lleg\u00f3 a amenazar con un \u00abfuturo muy malo\u00bb para la OTAN si no colaboran en la reapertura del paso de Ormuz. En este contexto llega una\u00a0reuni\u00f3n del Consejo de Europa,\u00a0la instancia que re\u00fane a los presidentes y jefes de gobierno de la UE, el jueves 19 de marzo, con esta cuesti\u00f3n sobre la mesa y el intento de\u00a0S\u00e1nchez\u00a0de liderar y lograr una descalificaci\u00f3n total de la guerra. Las consecuencias de\u00a0la gran ruptura\u00a0de la alianza occidental, que se produce por primera vez, no son menores, y la UE debe palparse la ropa antes de seguir por ese camino. De entrada, se produce una\u00a0grave erosi\u00f3n de la cohesi\u00f3n atl\u00e1ntica,\u00a0el incremento del riesgo de unilateralidad estadounidense y se establece apresuradamente un precedente para futuros escenarios de crisis. Por ejemplo, \u00bfc\u00f3mo se liga con la defensa de Ucrania si Estados Unidos se inhibe? Hay tambi\u00e9n consecuencias econ\u00f3micas y energ\u00e9ticas: 1) Mayor vulnerabilidad de los mercados energ\u00e9ticos. 2) Incentivo a la diversificaci\u00f3n energ\u00e9tica acelerada. 3) Impacto sobre la log\u00edstica y el comercio global, con efectos sobre la competitividad europea. Tambi\u00e9n existen consecuencias pol\u00edticas e institucionales: Se producir\u00e1 necesariamente un aumento de la autonom\u00eda estrat\u00e9gica europea, una tensi\u00f3n interna en la UE y un impacto en la pol\u00edtica dom\u00e9stica europea. La decisi\u00f3n puede alimentar debates sobre gasto militar y responsabilidades globales, y polarizar opiniones p\u00fablicas entre intervencionismo y prudencia estrat\u00e9gica. Tambi\u00e9n es una se\u00f1al para potencias emergentes:\u00a0actores como China pueden interpretar la situaci\u00f3n como una oportunidad. La din\u00e1mica de b\u00fasqueda de\u00a0la hegemon\u00eda regional de Israel\u00a0puede confirmarse o entrar en una situaci\u00f3n de incertidumbre. Si la situaci\u00f3n en Ormuz se agrava, esta posici\u00f3n europea puede demostrarse: \u2022 Acertada, evitando una guerra m\u00e1s amplia. \u2022 Costosa, si la inestabilidad energ\u00e9tica genera impactos econ\u00f3micos sostenidos. Sin embargo, las declaraciones de cada Estado tienen importantes matizaciones dentro del \u201cno\u201d general. Por ejemplo,\u00a0Alemania\u00a0manifiesta un escepticismo total y subraya que \u00abno es un asunto de la OTAN\u00bb.\u00a0 Reino Unido\u00a0ofrece apoyo t\u00e9cnico (buscaminas), pero rechaza escoltas de combate, y\u00a0Francia\u00a0mantiene una postura estrictamente \u201cdefensiva y protectora\u201d: no se unir\u00e1 a la ofensiva de EEUU, pero eso no excluye garantizar la navegaci\u00f3n por Ormuz. Habr\u00e1 que ver c\u00f3mo se modulan y concretan las posiciones el pr\u00f3ximo jueves en el Consejo Europeo, pero, a d\u00eda de hoy, la fractura es hist\u00f3rica y peligrosa.<\/p>\n","protected":false},"author":77,"featured_media":97201,"comment_status":"open","ping_status":"open","sticky":false,"template":"","format":"standard","meta":{"_FSMCFIC_featured_image_caption":"","_FSMCFIC_featured_image_nocaption":"","_FSMCFIC_featured_image_hide":"","footnotes":""},"categories":[806],"tags":[1366,5562,1060,1334],"class_list":["post-97204","post","type-post","status-publish","format-standard","has-post-thumbnail","hentry","category-punts-claus-del-dia-es","tag-iran-es","tag-ormuz","tag-unio-europea-es","tag-union-europea"],"yoast_head":"<!-- This site is optimized with the Yoast SEO plugin v26.8 - https:\/\/yoast.com\/product\/yoast-seo-wordpress\/ -->\n<title>La Gran ruptura Occidental - Converses a Catalunya<\/title>\n<meta name=\"description\" content=\"El rechazo europeo a la petici\u00f3n de Trump sobre el estrecho de Ormuz marca una fractura hist\u00f3rica y crisis en la cohesi\u00f3n atl\u00e1ntica.\" \/>\n<meta name=\"robots\" content=\"index, follow, max-snippet:-1, max-image-preview:large, max-video-preview:-1\" \/>\n<link rel=\"canonical\" href=\"https:\/\/conversesacatalunya.cat\/es\/la-gran-ruptura-occidental\/\" \/>\n<meta property=\"og:locale\" content=\"es_ES\" \/>\n<meta property=\"og:type\" content=\"article\" \/>\n<meta property=\"og:title\" content=\"La Gran ruptura Occidental - Converses a Catalunya\" \/>\n<meta property=\"og:description\" content=\"El rechazo europeo a la petici\u00f3n de Trump sobre el estrecho de Ormuz marca una fractura hist\u00f3rica y crisis en la cohesi\u00f3n atl\u00e1ntica.\" \/>\n<meta property=\"og:url\" content=\"https:\/\/conversesacatalunya.cat\/es\/la-gran-ruptura-occidental\/\" \/>\n<meta property=\"og:site_name\" content=\"Converses a Catalunya\" \/>\n<meta property=\"article:published_time\" content=\"2026-03-17T11:36:16+00:00\" \/>\n<meta property=\"article:modified_time\" content=\"2026-03-17T11:52:28+00:00\" \/>\n<meta property=\"og:image\" content=\"https:\/\/conversesacatalunya.cat\/wp-content\/uploads\/2026\/03\/Captura-9.jpg\" \/>\n\t<meta property=\"og:image:width\" content=\"760\" \/>\n\t<meta property=\"og:image:height\" content=\"671\" \/>\n\t<meta property=\"og:image:type\" content=\"image\/jpeg\" \/>\n<meta name=\"author\" content=\"Enric Casanovas\" \/>\n<meta name=\"twitter:card\" content=\"summary_large_image\" \/>\n<meta name=\"twitter:label1\" content=\"Escrito por\" \/>\n\t<meta name=\"twitter:data1\" content=\"Enric Casanovas\" \/>\n\t<meta name=\"twitter:label2\" content=\"Tiempo de lectura\" \/>\n\t<meta name=\"twitter:data2\" content=\"5 minutos\" \/>\n<script type=\"application\/ld+json\" class=\"yoast-schema-graph\">{\"@context\":\"https:\/\/schema.org\",\"@graph\":[{\"@type\":\"Article\",\"@id\":\"https:\/\/conversesacatalunya.cat\/es\/la-gran-ruptura-occidental\/#article\",\"isPartOf\":{\"@id\":\"https:\/\/conversesacatalunya.cat\/es\/la-gran-ruptura-occidental\/\"},\"author\":{\"name\":\"Enric Casanovas\",\"@id\":\"https:\/\/conversesacatalunya.cat\/#\/schema\/person\/79bd0577b2f3afc8d6519d207c6e8609\"},\"headline\":\"La Gran ruptura Occidental\",\"datePublished\":\"2026-03-17T11:36:16+00:00\",\"dateModified\":\"2026-03-17T11:52:28+00:00\",\"mainEntityOfPage\":{\"@id\":\"https:\/\/conversesacatalunya.cat\/es\/la-gran-ruptura-occidental\/\"},\"wordCount\":935,\"commentCount\":0,\"image\":{\"@id\":\"https:\/\/conversesacatalunya.cat\/es\/la-gran-ruptura-occidental\/#primaryimage\"},\"thumbnailUrl\":\"https:\/\/conversesacatalunya.cat\/wp-content\/uploads\/2026\/03\/Captura-9.jpg\",\"keywords\":[\"Iran\",\"Ormuz\",\"Uni\u00f3 Europea\",\"Uni\u00f3n Europea\"],\"articleSection\":[\"Punts clau del dia (ES)\"],\"inLanguage\":\"es\",\"potentialAction\":[{\"@type\":\"CommentAction\",\"name\":\"Comment\",\"target\":[\"https:\/\/conversesacatalunya.cat\/es\/la-gran-ruptura-occidental\/#respond\"]}]},{\"@type\":\"WebPage\",\"@id\":\"https:\/\/conversesacatalunya.cat\/es\/la-gran-ruptura-occidental\/\",\"url\":\"https:\/\/conversesacatalunya.cat\/es\/la-gran-ruptura-occidental\/\",\"name\":\"La Gran ruptura Occidental - Converses a Catalunya\",\"isPartOf\":{\"@id\":\"https:\/\/conversesacatalunya.cat\/#website\"},\"primaryImageOfPage\":{\"@id\":\"https:\/\/conversesacatalunya.cat\/es\/la-gran-ruptura-occidental\/#primaryimage\"},\"image\":{\"@id\":\"https:\/\/conversesacatalunya.cat\/es\/la-gran-ruptura-occidental\/#primaryimage\"},\"thumbnailUrl\":\"https:\/\/conversesacatalunya.cat\/wp-content\/uploads\/2026\/03\/Captura-9.jpg\",\"datePublished\":\"2026-03-17T11:36:16+00:00\",\"dateModified\":\"2026-03-17T11:52:28+00:00\",\"author\":{\"@id\":\"https:\/\/conversesacatalunya.cat\/#\/schema\/person\/79bd0577b2f3afc8d6519d207c6e8609\"},\"description\":\"El rechazo europeo a la petici\u00f3n de Trump sobre el estrecho de Ormuz marca una fractura hist\u00f3rica y crisis en la cohesi\u00f3n atl\u00e1ntica.\",\"breadcrumb\":{\"@id\":\"https:\/\/conversesacatalunya.cat\/es\/la-gran-ruptura-occidental\/#breadcrumb\"},\"inLanguage\":\"es\",\"potentialAction\":[{\"@type\":\"ReadAction\",\"target\":[\"https:\/\/conversesacatalunya.cat\/es\/la-gran-ruptura-occidental\/\"]}]},{\"@type\":\"ImageObject\",\"inLanguage\":\"es\",\"@id\":\"https:\/\/conversesacatalunya.cat\/es\/la-gran-ruptura-occidental\/#primaryimage\",\"url\":\"https:\/\/conversesacatalunya.cat\/wp-content\/uploads\/2026\/03\/Captura-9.jpg\",\"contentUrl\":\"https:\/\/conversesacatalunya.cat\/wp-content\/uploads\/2026\/03\/Captura-9.jpg\",\"width\":760,\"height\":671,\"caption\":\"Ormuz crisis\"},{\"@type\":\"BreadcrumbList\",\"@id\":\"https:\/\/conversesacatalunya.cat\/es\/la-gran-ruptura-occidental\/#breadcrumb\",\"itemListElement\":[{\"@type\":\"ListItem\",\"position\":1,\"name\":\"Inici\",\"item\":\"https:\/\/conversesacatalunya.cat\/es\/\"},{\"@type\":\"ListItem\",\"position\":2,\"name\":\"La Gran ruptura Occidental\"}]},{\"@type\":\"WebSite\",\"@id\":\"https:\/\/conversesacatalunya.cat\/#website\",\"url\":\"https:\/\/conversesacatalunya.cat\/\",\"name\":\"Converses a Catalunya\",\"description\":\"\",\"potentialAction\":[{\"@type\":\"SearchAction\",\"target\":{\"@type\":\"EntryPoint\",\"urlTemplate\":\"https:\/\/conversesacatalunya.cat\/?s={search_term_string}\"},\"query-input\":{\"@type\":\"PropertyValueSpecification\",\"valueRequired\":true,\"valueName\":\"search_term_string\"}}],\"inLanguage\":\"es\"},{\"@type\":\"Person\",\"@id\":\"https:\/\/conversesacatalunya.cat\/#\/schema\/person\/79bd0577b2f3afc8d6519d207c6e8609\",\"name\":\"Enric Casanovas\",\"image\":{\"@type\":\"ImageObject\",\"inLanguage\":\"es\",\"@id\":\"https:\/\/conversesacatalunya.cat\/#\/schema\/person\/image\/\",\"url\":\"https:\/\/conversesacatalunya.cat\/wp-content\/litespeed\/avatar\/7ae4379ad4421ec77820e92afd36dd78.jpg?ver=1777373933\",\"contentUrl\":\"https:\/\/conversesacatalunya.cat\/wp-content\/litespeed\/avatar\/7ae4379ad4421ec77820e92afd36dd78.jpg?ver=1777373933\",\"caption\":\"Enric Casanovas\"},\"url\":\"https:\/\/conversesacatalunya.cat\/es\/author\/enric-casanovas\/\"}]}<\/script>\n<!-- \/ Yoast SEO plugin. -->","yoast_head_json":{"title":"La Gran ruptura Occidental - Converses a Catalunya","description":"El rechazo europeo a la petici\u00f3n de Trump sobre el estrecho de Ormuz marca una fractura hist\u00f3rica y crisis en la cohesi\u00f3n atl\u00e1ntica.","robots":{"index":"index","follow":"follow","max-snippet":"max-snippet:-1","max-image-preview":"max-image-preview:large","max-video-preview":"max-video-preview:-1"},"canonical":"https:\/\/conversesacatalunya.cat\/es\/la-gran-ruptura-occidental\/","og_locale":"es_ES","og_type":"article","og_title":"La Gran ruptura Occidental - Converses a Catalunya","og_description":"El rechazo europeo a la petici\u00f3n de Trump sobre el estrecho de Ormuz marca una fractura hist\u00f3rica y crisis en la cohesi\u00f3n atl\u00e1ntica.","og_url":"https:\/\/conversesacatalunya.cat\/es\/la-gran-ruptura-occidental\/","og_site_name":"Converses a Catalunya","article_published_time":"2026-03-17T11:36:16+00:00","article_modified_time":"2026-03-17T11:52:28+00:00","og_image":[{"width":760,"height":671,"url":"https:\/\/conversesacatalunya.cat\/wp-content\/uploads\/2026\/03\/Captura-9.jpg","type":"image\/jpeg"}],"author":"Enric Casanovas","twitter_card":"summary_large_image","twitter_misc":{"Escrito por":"Enric Casanovas","Tiempo de lectura":"5 minutos"},"schema":{"@context":"https:\/\/schema.org","@graph":[{"@type":"Article","@id":"https:\/\/conversesacatalunya.cat\/es\/la-gran-ruptura-occidental\/#article","isPartOf":{"@id":"https:\/\/conversesacatalunya.cat\/es\/la-gran-ruptura-occidental\/"},"author":{"name":"Enric Casanovas","@id":"https:\/\/conversesacatalunya.cat\/#\/schema\/person\/79bd0577b2f3afc8d6519d207c6e8609"},"headline":"La Gran ruptura Occidental","datePublished":"2026-03-17T11:36:16+00:00","dateModified":"2026-03-17T11:52:28+00:00","mainEntityOfPage":{"@id":"https:\/\/conversesacatalunya.cat\/es\/la-gran-ruptura-occidental\/"},"wordCount":935,"commentCount":0,"image":{"@id":"https:\/\/conversesacatalunya.cat\/es\/la-gran-ruptura-occidental\/#primaryimage"},"thumbnailUrl":"https:\/\/conversesacatalunya.cat\/wp-content\/uploads\/2026\/03\/Captura-9.jpg","keywords":["Iran","Ormuz","Uni\u00f3 Europea","Uni\u00f3n Europea"],"articleSection":["Punts clau del dia (ES)"],"inLanguage":"es","potentialAction":[{"@type":"CommentAction","name":"Comment","target":["https:\/\/conversesacatalunya.cat\/es\/la-gran-ruptura-occidental\/#respond"]}]},{"@type":"WebPage","@id":"https:\/\/conversesacatalunya.cat\/es\/la-gran-ruptura-occidental\/","url":"https:\/\/conversesacatalunya.cat\/es\/la-gran-ruptura-occidental\/","name":"La Gran ruptura Occidental - Converses a Catalunya","isPartOf":{"@id":"https:\/\/conversesacatalunya.cat\/#website"},"primaryImageOfPage":{"@id":"https:\/\/conversesacatalunya.cat\/es\/la-gran-ruptura-occidental\/#primaryimage"},"image":{"@id":"https:\/\/conversesacatalunya.cat\/es\/la-gran-ruptura-occidental\/#primaryimage"},"thumbnailUrl":"https:\/\/conversesacatalunya.cat\/wp-content\/uploads\/2026\/03\/Captura-9.jpg","datePublished":"2026-03-17T11:36:16+00:00","dateModified":"2026-03-17T11:52:28+00:00","author":{"@id":"https:\/\/conversesacatalunya.cat\/#\/schema\/person\/79bd0577b2f3afc8d6519d207c6e8609"},"description":"El rechazo europeo a la petici\u00f3n de Trump sobre el estrecho de Ormuz marca una fractura hist\u00f3rica y crisis en la cohesi\u00f3n atl\u00e1ntica.","breadcrumb":{"@id":"https:\/\/conversesacatalunya.cat\/es\/la-gran-ruptura-occidental\/#breadcrumb"},"inLanguage":"es","potentialAction":[{"@type":"ReadAction","target":["https:\/\/conversesacatalunya.cat\/es\/la-gran-ruptura-occidental\/"]}]},{"@type":"ImageObject","inLanguage":"es","@id":"https:\/\/conversesacatalunya.cat\/es\/la-gran-ruptura-occidental\/#primaryimage","url":"https:\/\/conversesacatalunya.cat\/wp-content\/uploads\/2026\/03\/Captura-9.jpg","contentUrl":"https:\/\/conversesacatalunya.cat\/wp-content\/uploads\/2026\/03\/Captura-9.jpg","width":760,"height":671,"caption":"Ormuz crisis"},{"@type":"BreadcrumbList","@id":"https:\/\/conversesacatalunya.cat\/es\/la-gran-ruptura-occidental\/#breadcrumb","itemListElement":[{"@type":"ListItem","position":1,"name":"Inici","item":"https:\/\/conversesacatalunya.cat\/es\/"},{"@type":"ListItem","position":2,"name":"La Gran ruptura Occidental"}]},{"@type":"WebSite","@id":"https:\/\/conversesacatalunya.cat\/#website","url":"https:\/\/conversesacatalunya.cat\/","name":"Converses a Catalunya","description":"","potentialAction":[{"@type":"SearchAction","target":{"@type":"EntryPoint","urlTemplate":"https:\/\/conversesacatalunya.cat\/?s={search_term_string}"},"query-input":{"@type":"PropertyValueSpecification","valueRequired":true,"valueName":"search_term_string"}}],"inLanguage":"es"},{"@type":"Person","@id":"https:\/\/conversesacatalunya.cat\/#\/schema\/person\/79bd0577b2f3afc8d6519d207c6e8609","name":"Enric Casanovas","image":{"@type":"ImageObject","inLanguage":"es","@id":"https:\/\/conversesacatalunya.cat\/#\/schema\/person\/image\/","url":"https:\/\/conversesacatalunya.cat\/wp-content\/litespeed\/avatar\/7ae4379ad4421ec77820e92afd36dd78.jpg?ver=1777373933","contentUrl":"https:\/\/conversesacatalunya.cat\/wp-content\/litespeed\/avatar\/7ae4379ad4421ec77820e92afd36dd78.jpg?ver=1777373933","caption":"Enric Casanovas"},"url":"https:\/\/conversesacatalunya.cat\/es\/author\/enric-casanovas\/"}]}},"wps_subtitle":"Europa rechaza sumarse a Trump en Ormuz y evidencia una fractura hist\u00f3rica con EEUU.","_links":{"self":[{"href":"https:\/\/conversesacatalunya.cat\/es\/wp-json\/wp\/v2\/posts\/97204","targetHints":{"allow":["GET"]}}],"collection":[{"href":"https:\/\/conversesacatalunya.cat\/es\/wp-json\/wp\/v2\/posts"}],"about":[{"href":"https:\/\/conversesacatalunya.cat\/es\/wp-json\/wp\/v2\/types\/post"}],"author":[{"embeddable":true,"href":"https:\/\/conversesacatalunya.cat\/es\/wp-json\/wp\/v2\/users\/77"}],"replies":[{"embeddable":true,"href":"https:\/\/conversesacatalunya.cat\/es\/wp-json\/wp\/v2\/comments?post=97204"}],"version-history":[{"count":2,"href":"https:\/\/conversesacatalunya.cat\/es\/wp-json\/wp\/v2\/posts\/97204\/revisions"}],"predecessor-version":[{"id":97207,"href":"https:\/\/conversesacatalunya.cat\/es\/wp-json\/wp\/v2\/posts\/97204\/revisions\/97207"}],"wp:featuredmedia":[{"embeddable":true,"href":"https:\/\/conversesacatalunya.cat\/es\/wp-json\/wp\/v2\/media\/97201"}],"wp:attachment":[{"href":"https:\/\/conversesacatalunya.cat\/es\/wp-json\/wp\/v2\/media?parent=97204"}],"wp:term":[{"taxonomy":"category","embeddable":true,"href":"https:\/\/conversesacatalunya.cat\/es\/wp-json\/wp\/v2\/categories?post=97204"},{"taxonomy":"post_tag","embeddable":true,"href":"https:\/\/conversesacatalunya.cat\/es\/wp-json\/wp\/v2\/tags?post=97204"}],"curies":[{"name":"wp","href":"https:\/\/api.w.org\/{rel}","templated":true}]}}