{"id":97174,"date":"2026-03-16T12:59:47","date_gmt":"2026-03-16T11:59:47","guid":{"rendered":"https:\/\/conversesacatalunya.cat\/?p=97174"},"modified":"2026-03-16T13:16:17","modified_gmt":"2026-03-16T12:16:17","slug":"confirma-castilla-y-leon-el-futuro-resultado-elecciones-generales","status":"publish","type":"post","link":"https:\/\/conversesacatalunya.cat\/es\/confirma-castilla-y-leon-el-futuro-resultado-elecciones-generales\/","title":{"rendered":"\u00bfConfirma Castilla y Le\u00f3n el futuro resultado de unas elecciones generales?"},"content":{"rendered":"<p data-start=\"130\" data-end=\"387\"><span dir=\"auto\">El Partido Popular ha ganado las elecciones auton\u00f3micas en Castilla y Le\u00f3n del 15 de marzo de 2026 con 33 esca\u00f1os, pese a quedarse lejos de la mayor\u00eda absoluta, fijada en 42 diputados. El PSOE se mantiene como segunda fuerza con 30 esca\u00f1os, mientras que Vox obtiene 14 esca\u00f1os.<\/span><\/p>\n<div class=\"TyagGW_tableContainer\">\n<div class=\"group TyagGW_tableWrapper flex flex-col-reverse w-fit\" tabindex=\"-1\">\n<table class=\"w-fit min-w-(--thread-content-width)\" data-start=\"389\" data-end=\"572\">\n<thead data-start=\"389\" data-end=\"430\">\n<tr data-start=\"389\" data-end=\"430\">\n<th class=\"\" data-start=\"389\" data-end=\"398\" data-col-size=\"sm\"><span dir=\"auto\">Partido<\/span><\/th>\n<th class=\"\" data-start=\"398\" data-end=\"412\" data-col-size=\"sm\"><span dir=\"auto\">Esca\u00f1os 2026<\/span><\/th>\n<th class=\"\" data-start=\"412\" data-end=\"430\" data-col-size=\"sm\"><span dir=\"auto\">Cambio vs. 2022<\/span><\/th>\n<\/tr>\n<\/thead>\n<tbody data-start=\"471\" data-end=\"572\">\n<tr data-start=\"471\" data-end=\"487\">\n<td data-start=\"471\" data-end=\"476\" data-col-size=\"sm\"><span dir=\"auto\">PP<\/span><\/td>\n<td data-start=\"476\" data-end=\"481\" data-col-size=\"sm\"><span dir=\"auto\">33<\/span><\/td>\n<td data-col-size=\"sm\" data-start=\"481\" data-end=\"487\"><span dir=\"auto\">+2<\/span><\/td>\n<\/tr>\n<tr data-start=\"488\" data-end=\"506\">\n<td data-start=\"488\" data-end=\"495\" data-col-size=\"sm\"><span dir=\"auto\">PSOE<\/span><\/td>\n<td data-col-size=\"sm\" data-start=\"495\" data-end=\"500\"><span dir=\"auto\">30<\/span><\/td>\n<td data-col-size=\"sm\" data-start=\"500\" data-end=\"506\"><span dir=\"auto\">+2<\/span><\/td>\n<\/tr>\n<tr data-start=\"507\" data-end=\"524\">\n<td data-start=\"507\" data-end=\"513\" data-col-size=\"sm\"><span dir=\"auto\">Vox<\/span><\/td>\n<td data-col-size=\"sm\" data-start=\"513\" data-end=\"518\"><span dir=\"auto\">14<\/span><\/td>\n<td data-col-size=\"sm\" data-start=\"518\" data-end=\"524\"><span dir=\"auto\">+1<\/span><\/td>\n<\/tr>\n<tr data-start=\"525\" data-end=\"540\">\n<td data-start=\"525\" data-end=\"531\" data-col-size=\"sm\"><span dir=\"auto\">UPL<\/span><\/td>\n<td data-col-size=\"sm\" data-start=\"531\" data-end=\"535\"><span dir=\"auto\">3<\/span><\/td>\n<td data-col-size=\"sm\" data-start=\"535\" data-end=\"540\"><span dir=\"auto\">\u00a0=<\/span><\/td>\n<\/tr>\n<tr data-start=\"541\" data-end=\"556\">\n<td data-start=\"541\" data-end=\"547\" data-col-size=\"sm\"><span dir=\"auto\">XAV<\/span><\/td>\n<td data-col-size=\"sm\" data-start=\"547\" data-end=\"551\"><span dir=\"auto\">1<\/span><\/td>\n<td data-col-size=\"sm\" data-start=\"551\" data-end=\"556\"><span dir=\"auto\">\u00a0=<\/span><\/td>\n<\/tr>\n<tr data-start=\"557\" data-end=\"572\">\n<td data-start=\"557\" data-end=\"562\" data-col-size=\"sm\"><span dir=\"auto\">SY<\/span><\/td>\n<td data-col-size=\"sm\" data-start=\"562\" data-end=\"566\"><span dir=\"auto\">1<\/span><\/td>\n<td data-col-size=\"sm\" data-start=\"566\" data-end=\"572\"><span dir=\"auto\">-2<\/span><\/td>\n<\/tr>\n<\/tbody>\n<\/table>\n<\/div>\n<\/div>\n<p data-start=\"574\" data-end=\"685\"><span dir=\"auto\">La<span>\u00a0<\/span><\/span><strong><span dir=\"auto\">participaci\u00f3n<\/span><\/strong><span dir=\"auto\"><span>\u00a0<\/span>se situ\u00f3 entre el 65,6% y el 65,7%, casi<span>\u00a0<\/span><\/span><strong><span dir=\"auto\">siete puntos m\u00e1s<\/span><\/strong><span dir=\"auto\"><span>\u00a0<\/span>que el 63,4% registrado en 2022.<\/span><\/p>\n<h5 data-start=\"687\" data-end=\"1389\"><strong><span dir=\"auto\">Estos comicios se presentaban bajo\u00a0<\/span><span dir=\"auto\">tres interrogantes principales que los resultados deb\u00edan esclarecer.<\/span><\/strong><\/h5>\n<p>El primero era si el <strong>Partido Popular<\/strong> conseguir\u00eda mejorar su representaci\u00f3n parlamentaria o si, por el contrario, se mantendr\u00eda estancado o incluso retroceder\u00eda, en un contexto en el que las encuestas previas dibujaban un escenario incierto.<\/p>\n<p>El segundo interrogante afectaba al <strong>Partido Socialista<\/strong>: se trataba de ver si consegu\u00eda mantener su posici\u00f3n, mejorarla o continuaba la tendencia de retroceso observada en otros territorios.<\/p>\n<p>Por \u00faltimo,<strong> Vox<\/strong> deb\u00eda demostrar si continuaba en una fase de crecimiento, con el objetivo de alcanzar o superar el 20% de los votos y mejorar claramente sus resultados.<\/p>\n<h5 data-start=\"1391\" data-end=\"2122\"><strong><span dir=\"auto\">Una vez conocidos los resultados, puede afirmarse que estas tres hip\u00f3tesis se han confirmado, aunque con matices importantes.<\/span><\/strong><\/h5>\n<p data-start=\"1391\" data-end=\"2122\"><span dir=\"auto\"><span class=\"VIpgJd-yAWNEb-VIpgJd-fmcmS-sn54Q\" dir=\"auto\">El<span>\u00a0<\/span><\/span><\/span><strong><span dir=\"auto\"><span class=\"VIpgJd-yAWNEb-VIpgJd-fmcmS-sn54Q\" dir=\"auto\">PP ha mejorado<\/span><\/span><\/strong><span dir=\"auto\"><span class=\"VIpgJd-yAWNEb-VIpgJd-fmcmS-sn54Q\" dir=\"auto\"><span>\u00a0<\/span>su n\u00famero de esca\u00f1os, obteniendo as\u00ed no solo la victoria electoral, sino tambi\u00e9n la victoria pol\u00edtica. Se impone tanto a los socialistas \u2014que hab\u00edan sugerido la posibilidad de gobernar como primera fuerza\u2014 como a Vox, cuyo crecimiento ha quedado limitado. A pesar de haber ganado un esca\u00f1o, la formaci\u00f3n pr\u00e1cticamente no se ha movido en t\u00e9rminos globales y no ha llegado al 20% de los votos que aspiraba a alcanzar. Se trata, por tanto, de un avance insuficiente. En este sentido, la campa\u00f1a del PP, basada en la idea de que representaba<span>\u00a0<\/span><\/span><\/span><strong><span dir=\"auto\"><span class=\"VIpgJd-yAWNEb-VIpgJd-fmcmS-sn54Q\" dir=\"auto\">la \u00fanica opci\u00f3n viable para gobernar y frenar al PSOE,<\/span><\/span><\/strong><span dir=\"auto\"><span class=\"VIpgJd-yAWNEb-VIpgJd-fmcmS-sn54Q\" dir=\"auto\">\u00a0ha resultado efectiva.<\/span><\/span><\/p>\n<p data-start=\"2124\" data-end=\"2479\"><span dir=\"auto\"><span class=\"VIpgJd-yAWNEb-VIpgJd-fmcmS-sn54Q\" dir=\"auto\">En cuanto al<span>\u00a0<\/span><\/span><\/span><strong><span dir=\"auto\"><span class=\"VIpgJd-yAWNEb-VIpgJd-fmcmS-sn54Q\" dir=\"auto\">Partido Socialista,<\/span><\/span><\/strong><span dir=\"auto\"><span class=\"VIpgJd-yAWNEb-VIpgJd-fmcmS-sn54Q\" dir=\"auto\">\u00a0a pesar de no haber ganado en ninguna circunscripci\u00f3n provincial, ha conseguido mejorar su resultado global, lo que rompe la din\u00e1mica de sucesivas bajadas que hab\u00eda sufrido en los \u00faltimos ciclos electorales. Sin embargo, esta mejora presenta dos limitaciones importantes<span>\u00a0<\/span><\/span><\/span><strong><span dir=\"auto\"><span class=\"VIpgJd-yAWNEb-VIpgJd-fmcmS-sn54Q\" dir=\"auto\">si se quiere extrapolar el resultado al \u00e1mbito estatal.<\/span><\/span><\/strong><\/p>\n<p data-start=\"2481\" data-end=\"2890\"><span dir=\"auto\">En<span>\u00a0<\/span><\/span><strong><span dir=\"auto\">primer lugar,<\/span><\/strong><span dir=\"auto\">\u00a0el progreso socialista tiene un fuerte componente local. Se explica en buena medida por la p\u00e9rdida de apoyo de la opci\u00f3n territorial<span>\u00a0<\/span><\/span><strong><span dir=\"auto\">Soria Ya<\/span><\/strong><span dir=\"auto\">, que ha pasado de tres diputados a uno. Este desplazamiento de voto se relaciona en gran medida con la figura del candidato socialista, alcalde de la ciudad desde hace m\u00e1s de una d\u00e9cada. En otras palabras,<span>\u00a0<\/span><\/span><strong><span dir=\"auto\">el resultado tiene un marcado componente personal y territorial.<\/span><\/strong><\/p>\n<p data-start=\"2892\" data-end=\"3552\"><span dir=\"auto\">En<span>\u00a0<\/span><\/span><strong><span dir=\"auto\">segundo lugar,<\/span><\/strong><span dir=\"auto\">\u00a0la mejora relativa del PSOE se explica tambi\u00e9n por el descalabro de los partidos situados a su izquierda, que en esta ocasi\u00f3n se presentaban separados. Tanto<span>\u00a0<\/span><\/span><strong><span dir=\"auto\">Sumar como Podemos<\/span><\/strong><span dir=\"auto\"><span>\u00a0<\/span>han obtenido resultados pr\u00e1cticamente testimoniales, y la p\u00e9rdida de apoyo respecto a la candidatura conjunta anterior solo se ha traducido en una recuperaci\u00f3n limitada por parte de los socialistas. Esto significa que el retroceso de estas fuerzas no genera el volumen de voto adicional necesario para consolidar a una mayor\u00eda progresista.\u00a0 <\/span><strong><span dir=\"auto\">En un escenario de elecciones generales,<\/span><\/strong><span dir=\"auto\">\u00a0esta circunstancia jugar\u00eda claramente en contra de la formaci\u00f3n de una coalici\u00f3n con capacidad real de gobierno.<\/span><\/p>\n<p data-start=\"3554\" data-end=\"4051\"><span dir=\"auto\">Otra cuesti\u00f3n es si el mensaje impulsado por Pedro S\u00e1nchez en torno al lema<span>\u00a0<\/span><\/span><strong><span dir=\"auto\">\u00abNo a la guerra\u00bb<\/span><\/strong><span dir=\"auto\"><span>\u00a0<\/span>ha tenido impacto electoral. No es f\u00e1cil darle una respuesta concluyente. Si la ha tenido, parece que ha sido con una incidencia limitada. Probablemente, Castilla y Le\u00f3n no sea el territorio ni el contexto social m\u00e1s receptivo a este tipo de mensajes de car\u00e1cter internacional. En cualquier caso, podr\u00eda haber servido para<span>\u00a0<\/span><\/span><strong><span dir=\"auto\">captar algunos votos procedentes de Podemos y de IU,<\/span><\/strong><span dir=\"auto\"><span>\u00a0<\/span>aunque en una proporci\u00f3n modesta.<\/span><\/p>\n<p data-start=\"4053\" data-end=\"4452\"><span dir=\"auto\">Todo ello se ha producido en un contexto de aumento significativo de la participaci\u00f3n, lo que indica que<span>\u00a0<\/span><\/span><strong><span dir=\"auto\">los tres principales partidos han sido capaces de movilizar a sus electorados<\/span><\/strong><span dir=\"auto\"><span>\u00a0<\/span>y, en cierta medida, ampliarlos. De esa movilizaci\u00f3n, la m\u00e1s intensa ha sido la del Partido Socialista, que ha demostrado una notable capacidad de activaci\u00f3n del voto propio a pesar de un contexto pol\u00edtico inicialmente adverso.<\/span><\/p>\n<p data-start=\"2892\" data-end=\"3552\"><span class='bctt-click-to-tweet'><span class='bctt-ctt-text'><a href='https:\/\/twitter.com\/intent\/tweet?url=https%3A%2F%2Fconversesacatalunya.cat%2Fes%2Fconfirma-castilla-y-leon-el-futuro-resultado-elecciones-generales%2F&#038;text=El%20PSOE%20resiste%20gracias%20a%20factores%20locales%20y%20al%20descalabro%20de%20la%20izquierda%20alternativa.%20%23PSOE%20%23Pol%C3%ADticaEspa%C3%B1ola&#038;via=conversesacat&#038;related=conversesacat' target='_blank'rel=\"noopener noreferrer\">El PSOE resiste gracias a factores locales y al descalabro de la izquierda alternativa. #PSOE #Pol\u00edticaEspa\u00f1ola <\/a><\/span><a href='https:\/\/twitter.com\/intent\/tweet?url=https%3A%2F%2Fconversesacatalunya.cat%2Fes%2Fconfirma-castilla-y-leon-el-futuro-resultado-elecciones-generales%2F&#038;text=El%20PSOE%20resiste%20gracias%20a%20factores%20locales%20y%20al%20descalabro%20de%20la%20izquierda%20alternativa.%20%23PSOE%20%23Pol%C3%ADticaEspa%C3%B1ola&#038;via=conversesacat&#038;related=conversesacat' target='_blank' class='bctt-ctt-btn'rel=\"noopener noreferrer\">Compartir en X<\/a><\/span>\n","protected":false},"excerpt":{"rendered":"<p>El Partido Popular ha ganado las elecciones auton\u00f3micas en Castilla y Le\u00f3n del 15 de marzo de 2026 con 33 esca\u00f1os, pese a quedarse lejos de la mayor\u00eda absoluta, fijada en 42 diputados. El PSOE se mantiene como segunda fuerza con 30 esca\u00f1os, mientras que Vox obtiene 14 esca\u00f1os. Partido Esca\u00f1os 2026 Cambio vs. 2022 PP 33 +2 PSOE 30 +2 Vox 14 +1 UPL 3 \u00a0= XAV 1 \u00a0= SY 1 -2 La\u00a0participaci\u00f3n\u00a0se situ\u00f3 entre el 65,6% y el 65,7%, casi\u00a0siete puntos m\u00e1s\u00a0que el 63,4% registrado en 2022. Estos comicios se presentaban bajo\u00a0tres interrogantes principales que los resultados deb\u00edan esclarecer. El primero era si el Partido Popular conseguir\u00eda mejorar su representaci\u00f3n parlamentaria o si, por el contrario, se mantendr\u00eda estancado o incluso retroceder\u00eda, en un contexto en el que las encuestas previas dibujaban un escenario incierto. El segundo interrogante afectaba al Partido Socialista: se trataba de ver si consegu\u00eda mantener su posici\u00f3n, mejorarla o continuaba la tendencia de retroceso observada en otros territorios. Por \u00faltimo, Vox deb\u00eda demostrar si continuaba en una fase de crecimiento, con el objetivo de alcanzar o superar el 20% de los votos y mejorar claramente sus resultados. Una vez conocidos los resultados, puede afirmarse que estas tres hip\u00f3tesis se han confirmado, aunque con matices importantes. El\u00a0PP ha mejorado\u00a0su n\u00famero de esca\u00f1os, obteniendo as\u00ed no solo la victoria electoral, sino tambi\u00e9n la victoria pol\u00edtica. Se impone tanto a los socialistas \u2014que hab\u00edan sugerido la posibilidad de gobernar como primera fuerza\u2014 como a Vox, cuyo crecimiento ha quedado limitado. A pesar de haber ganado un esca\u00f1o, la formaci\u00f3n pr\u00e1cticamente no se ha movido en t\u00e9rminos globales y no ha llegado al 20% de los votos que aspiraba a alcanzar. Se trata, por tanto, de un avance insuficiente. En este sentido, la campa\u00f1a del PP, basada en la idea de que representaba\u00a0la \u00fanica opci\u00f3n viable para gobernar y frenar al PSOE,\u00a0ha resultado efectiva. En cuanto al\u00a0Partido Socialista,\u00a0a pesar de no haber ganado en ninguna circunscripci\u00f3n provincial, ha conseguido mejorar su resultado global, lo que rompe la din\u00e1mica de sucesivas bajadas que hab\u00eda sufrido en los \u00faltimos ciclos electorales. Sin embargo, esta mejora presenta dos limitaciones importantes\u00a0si se quiere extrapolar el resultado al \u00e1mbito estatal. En\u00a0primer lugar,\u00a0el progreso socialista tiene un fuerte componente local. Se explica en buena medida por la p\u00e9rdida de apoyo de la opci\u00f3n territorial\u00a0Soria Ya, que ha pasado de tres diputados a uno. Este desplazamiento de voto se relaciona en gran medida con la figura del candidato socialista, alcalde de la ciudad desde hace m\u00e1s de una d\u00e9cada. En otras palabras,\u00a0el resultado tiene un marcado componente personal y territorial. En\u00a0segundo lugar,\u00a0la mejora relativa del PSOE se explica tambi\u00e9n por el descalabro de los partidos situados a su izquierda, que en esta ocasi\u00f3n se presentaban separados. Tanto\u00a0Sumar como Podemos\u00a0han obtenido resultados pr\u00e1cticamente testimoniales, y la p\u00e9rdida de apoyo respecto a la candidatura conjunta anterior solo se ha traducido en una recuperaci\u00f3n limitada por parte de los socialistas. Esto significa que el retroceso de estas fuerzas no genera el volumen de voto adicional necesario para consolidar a una mayor\u00eda progresista.\u00a0 En un escenario de elecciones generales,\u00a0esta circunstancia jugar\u00eda claramente en contra de la formaci\u00f3n de una coalici\u00f3n con capacidad real de gobierno. Otra cuesti\u00f3n es si el mensaje impulsado por Pedro S\u00e1nchez en torno al lema\u00a0\u00abNo a la guerra\u00bb\u00a0ha tenido impacto electoral. No es f\u00e1cil darle una respuesta concluyente. Si la ha tenido, parece que ha sido con una incidencia limitada. Probablemente, Castilla y Le\u00f3n no sea el territorio ni el contexto social m\u00e1s receptivo a este tipo de mensajes de car\u00e1cter internacional. En cualquier caso, podr\u00eda haber servido para\u00a0captar algunos votos procedentes de Podemos y de IU,\u00a0aunque en una proporci\u00f3n modesta. Todo ello se ha producido en un contexto de aumento significativo de la participaci\u00f3n, lo que indica que\u00a0los tres principales partidos han sido capaces de movilizar a sus electorados\u00a0y, en cierta medida, ampliarlos. De esa movilizaci\u00f3n, la m\u00e1s intensa ha sido la del Partido Socialista, que ha demostrado una notable capacidad de activaci\u00f3n del voto propio a pesar de un contexto pol\u00edtico inicialmente adverso.<\/p>\n","protected":false},"author":78,"featured_media":97171,"comment_status":"open","ping_status":"open","sticky":false,"template":"","format":"standard","meta":{"_FSMCFIC_featured_image_caption":"","_FSMCFIC_featured_image_nocaption":"","_FSMCFIC_featured_image_hide":"","footnotes":""},"categories":[806],"tags":[1549,4478,1295,4477],"class_list":["post-97174","post","type-post","status-publish","format-standard","has-post-thumbnail","hentry","category-punts-claus-del-dia-es","tag-elecciones","tag-elecciones-castilla-leon","tag-eleccions-es","tag-eleccions-castella-lleo-es"],"yoast_head":"<!-- This site is optimized with the Yoast SEO plugin v26.8 - https:\/\/yoast.com\/product\/yoast-seo-wordpress\/ -->\n<title>\u00bfConfirma Castilla y Le\u00f3n el futuro resultado de unas elecciones generales? - Converses a Catalunya<\/title>\n<meta name=\"description\" content=\"Resultados de las elecciones de Castilla y Le\u00f3n 2026: el PP gana sin mayor\u00eda, el PSOE resiste gracias a factores locales y Vox se frena\" \/>\n<meta name=\"robots\" content=\"index, follow, max-snippet:-1, max-image-preview:large, max-video-preview:-1\" \/>\n<link rel=\"canonical\" href=\"https:\/\/conversesacatalunya.cat\/es\/confirma-castilla-y-leon-el-futuro-resultado-elecciones-generales\/\" \/>\n<meta property=\"og:locale\" content=\"es_ES\" \/>\n<meta property=\"og:type\" content=\"article\" \/>\n<meta property=\"og:title\" content=\"\u00bfConfirma Castilla y Le\u00f3n el futuro resultado de unas elecciones generales? - Converses a Catalunya\" \/>\n<meta property=\"og:description\" content=\"Resultados de las elecciones de Castilla y Le\u00f3n 2026: el PP gana sin mayor\u00eda, el PSOE resiste gracias a factores locales y Vox se frena\" \/>\n<meta property=\"og:url\" content=\"https:\/\/conversesacatalunya.cat\/es\/confirma-castilla-y-leon-el-futuro-resultado-elecciones-generales\/\" \/>\n<meta property=\"og:site_name\" content=\"Converses a Catalunya\" \/>\n<meta property=\"article:published_time\" content=\"2026-03-16T11:59:47+00:00\" \/>\n<meta property=\"article:modified_time\" content=\"2026-03-16T12:16:17+00:00\" \/>\n<meta property=\"og:image\" content=\"https:\/\/conversesacatalunya.cat\/wp-content\/uploads\/2026\/03\/Captura-8.jpg\" \/>\n\t<meta property=\"og:image:width\" content=\"577\" \/>\n\t<meta property=\"og:image:height\" content=\"470\" \/>\n\t<meta property=\"og:image:type\" content=\"image\/jpeg\" \/>\n<meta name=\"author\" content=\"Joan Masip\" \/>\n<meta name=\"twitter:card\" content=\"summary_large_image\" \/>\n<meta name=\"twitter:label1\" content=\"Escrito por\" \/>\n\t<meta name=\"twitter:data1\" content=\"Joan Masip\" \/>\n\t<meta name=\"twitter:label2\" content=\"Tiempo de lectura\" \/>\n\t<meta name=\"twitter:data2\" content=\"4 minutos\" \/>\n<script type=\"application\/ld+json\" class=\"yoast-schema-graph\">{\"@context\":\"https:\/\/schema.org\",\"@graph\":[{\"@type\":\"Article\",\"@id\":\"https:\/\/conversesacatalunya.cat\/es\/confirma-castilla-y-leon-el-futuro-resultado-elecciones-generales\/#article\",\"isPartOf\":{\"@id\":\"https:\/\/conversesacatalunya.cat\/es\/confirma-castilla-y-leon-el-futuro-resultado-elecciones-generales\/\"},\"author\":{\"name\":\"Joan Masip\",\"@id\":\"https:\/\/conversesacatalunya.cat\/#\/schema\/person\/311d0bf53def217d5124c78a7bc42275\"},\"headline\":\"\u00bfConfirma Castilla y Le\u00f3n el futuro resultado de unas elecciones generales?\",\"datePublished\":\"2026-03-16T11:59:47+00:00\",\"dateModified\":\"2026-03-16T12:16:17+00:00\",\"mainEntityOfPage\":{\"@id\":\"https:\/\/conversesacatalunya.cat\/es\/confirma-castilla-y-leon-el-futuro-resultado-elecciones-generales\/\"},\"wordCount\":774,\"commentCount\":0,\"image\":{\"@id\":\"https:\/\/conversesacatalunya.cat\/es\/confirma-castilla-y-leon-el-futuro-resultado-elecciones-generales\/#primaryimage\"},\"thumbnailUrl\":\"https:\/\/conversesacatalunya.cat\/wp-content\/uploads\/2026\/03\/Captura-8.jpg\",\"keywords\":[\"elecciones\",\"Elecciones Castilla Le\u00f3n\",\"eleccions\",\"Eleccions Castella Lle\u00f3\"],\"articleSection\":[\"Punts clau del dia (ES)\"],\"inLanguage\":\"es\",\"potentialAction\":[{\"@type\":\"CommentAction\",\"name\":\"Comment\",\"target\":[\"https:\/\/conversesacatalunya.cat\/es\/confirma-castilla-y-leon-el-futuro-resultado-elecciones-generales\/#respond\"]}]},{\"@type\":\"WebPage\",\"@id\":\"https:\/\/conversesacatalunya.cat\/es\/confirma-castilla-y-leon-el-futuro-resultado-elecciones-generales\/\",\"url\":\"https:\/\/conversesacatalunya.cat\/es\/confirma-castilla-y-leon-el-futuro-resultado-elecciones-generales\/\",\"name\":\"\u00bfConfirma Castilla y Le\u00f3n el futuro resultado de unas elecciones generales? - Converses a Catalunya\",\"isPartOf\":{\"@id\":\"https:\/\/conversesacatalunya.cat\/#website\"},\"primaryImageOfPage\":{\"@id\":\"https:\/\/conversesacatalunya.cat\/es\/confirma-castilla-y-leon-el-futuro-resultado-elecciones-generales\/#primaryimage\"},\"image\":{\"@id\":\"https:\/\/conversesacatalunya.cat\/es\/confirma-castilla-y-leon-el-futuro-resultado-elecciones-generales\/#primaryimage\"},\"thumbnailUrl\":\"https:\/\/conversesacatalunya.cat\/wp-content\/uploads\/2026\/03\/Captura-8.jpg\",\"datePublished\":\"2026-03-16T11:59:47+00:00\",\"dateModified\":\"2026-03-16T12:16:17+00:00\",\"author\":{\"@id\":\"https:\/\/conversesacatalunya.cat\/#\/schema\/person\/311d0bf53def217d5124c78a7bc42275\"},\"description\":\"Resultados de las elecciones de Castilla y Le\u00f3n 2026: el PP gana sin mayor\u00eda, el PSOE resiste gracias a factores locales y Vox se frena\",\"breadcrumb\":{\"@id\":\"https:\/\/conversesacatalunya.cat\/es\/confirma-castilla-y-leon-el-futuro-resultado-elecciones-generales\/#breadcrumb\"},\"inLanguage\":\"es\",\"potentialAction\":[{\"@type\":\"ReadAction\",\"target\":[\"https:\/\/conversesacatalunya.cat\/es\/confirma-castilla-y-leon-el-futuro-resultado-elecciones-generales\/\"]}]},{\"@type\":\"ImageObject\",\"inLanguage\":\"es\",\"@id\":\"https:\/\/conversesacatalunya.cat\/es\/confirma-castilla-y-leon-el-futuro-resultado-elecciones-generales\/#primaryimage\",\"url\":\"https:\/\/conversesacatalunya.cat\/wp-content\/uploads\/2026\/03\/Captura-8.jpg\",\"contentUrl\":\"https:\/\/conversesacatalunya.cat\/wp-content\/uploads\/2026\/03\/Captura-8.jpg\",\"width\":577,\"height\":470,\"caption\":\"Castilla y Le\u00f3n 2026\"},{\"@type\":\"BreadcrumbList\",\"@id\":\"https:\/\/conversesacatalunya.cat\/es\/confirma-castilla-y-leon-el-futuro-resultado-elecciones-generales\/#breadcrumb\",\"itemListElement\":[{\"@type\":\"ListItem\",\"position\":1,\"name\":\"Inici\",\"item\":\"https:\/\/conversesacatalunya.cat\/es\/\"},{\"@type\":\"ListItem\",\"position\":2,\"name\":\"\u00bfConfirma Castilla y Le\u00f3n el futuro resultado de unas elecciones generales?\"}]},{\"@type\":\"WebSite\",\"@id\":\"https:\/\/conversesacatalunya.cat\/#website\",\"url\":\"https:\/\/conversesacatalunya.cat\/\",\"name\":\"Converses a Catalunya\",\"description\":\"\",\"potentialAction\":[{\"@type\":\"SearchAction\",\"target\":{\"@type\":\"EntryPoint\",\"urlTemplate\":\"https:\/\/conversesacatalunya.cat\/?s={search_term_string}\"},\"query-input\":{\"@type\":\"PropertyValueSpecification\",\"valueRequired\":true,\"valueName\":\"search_term_string\"}}],\"inLanguage\":\"es\"},{\"@type\":\"Person\",\"@id\":\"https:\/\/conversesacatalunya.cat\/#\/schema\/person\/311d0bf53def217d5124c78a7bc42275\",\"name\":\"Joan Masip\",\"image\":{\"@type\":\"ImageObject\",\"inLanguage\":\"es\",\"@id\":\"https:\/\/conversesacatalunya.cat\/#\/schema\/person\/image\/\",\"url\":\"https:\/\/conversesacatalunya.cat\/wp-content\/litespeed\/avatar\/fa67b994763cff7d443f54b63ec96481.jpg?ver=1777372547\",\"contentUrl\":\"https:\/\/conversesacatalunya.cat\/wp-content\/litespeed\/avatar\/fa67b994763cff7d443f54b63ec96481.jpg?ver=1777372547\",\"caption\":\"Joan Masip\"},\"url\":\"https:\/\/conversesacatalunya.cat\/es\/author\/joan-masip\/\"}]}<\/script>\n<!-- \/ Yoast SEO plugin. -->","yoast_head_json":{"title":"\u00bfConfirma Castilla y Le\u00f3n el futuro resultado de unas elecciones generales? - Converses a Catalunya","description":"Resultados de las elecciones de Castilla y Le\u00f3n 2026: el PP gana sin mayor\u00eda, el PSOE resiste gracias a factores locales y Vox se frena","robots":{"index":"index","follow":"follow","max-snippet":"max-snippet:-1","max-image-preview":"max-image-preview:large","max-video-preview":"max-video-preview:-1"},"canonical":"https:\/\/conversesacatalunya.cat\/es\/confirma-castilla-y-leon-el-futuro-resultado-elecciones-generales\/","og_locale":"es_ES","og_type":"article","og_title":"\u00bfConfirma Castilla y Le\u00f3n el futuro resultado de unas elecciones generales? - Converses a Catalunya","og_description":"Resultados de las elecciones de Castilla y Le\u00f3n 2026: el PP gana sin mayor\u00eda, el PSOE resiste gracias a factores locales y Vox se frena","og_url":"https:\/\/conversesacatalunya.cat\/es\/confirma-castilla-y-leon-el-futuro-resultado-elecciones-generales\/","og_site_name":"Converses a Catalunya","article_published_time":"2026-03-16T11:59:47+00:00","article_modified_time":"2026-03-16T12:16:17+00:00","og_image":[{"width":577,"height":470,"url":"https:\/\/conversesacatalunya.cat\/wp-content\/uploads\/2026\/03\/Captura-8.jpg","type":"image\/jpeg"}],"author":"Joan Masip","twitter_card":"summary_large_image","twitter_misc":{"Escrito por":"Joan Masip","Tiempo de lectura":"4 minutos"},"schema":{"@context":"https:\/\/schema.org","@graph":[{"@type":"Article","@id":"https:\/\/conversesacatalunya.cat\/es\/confirma-castilla-y-leon-el-futuro-resultado-elecciones-generales\/#article","isPartOf":{"@id":"https:\/\/conversesacatalunya.cat\/es\/confirma-castilla-y-leon-el-futuro-resultado-elecciones-generales\/"},"author":{"name":"Joan Masip","@id":"https:\/\/conversesacatalunya.cat\/#\/schema\/person\/311d0bf53def217d5124c78a7bc42275"},"headline":"\u00bfConfirma Castilla y Le\u00f3n el futuro resultado de unas elecciones generales?","datePublished":"2026-03-16T11:59:47+00:00","dateModified":"2026-03-16T12:16:17+00:00","mainEntityOfPage":{"@id":"https:\/\/conversesacatalunya.cat\/es\/confirma-castilla-y-leon-el-futuro-resultado-elecciones-generales\/"},"wordCount":774,"commentCount":0,"image":{"@id":"https:\/\/conversesacatalunya.cat\/es\/confirma-castilla-y-leon-el-futuro-resultado-elecciones-generales\/#primaryimage"},"thumbnailUrl":"https:\/\/conversesacatalunya.cat\/wp-content\/uploads\/2026\/03\/Captura-8.jpg","keywords":["elecciones","Elecciones Castilla Le\u00f3n","eleccions","Eleccions Castella Lle\u00f3"],"articleSection":["Punts clau del dia (ES)"],"inLanguage":"es","potentialAction":[{"@type":"CommentAction","name":"Comment","target":["https:\/\/conversesacatalunya.cat\/es\/confirma-castilla-y-leon-el-futuro-resultado-elecciones-generales\/#respond"]}]},{"@type":"WebPage","@id":"https:\/\/conversesacatalunya.cat\/es\/confirma-castilla-y-leon-el-futuro-resultado-elecciones-generales\/","url":"https:\/\/conversesacatalunya.cat\/es\/confirma-castilla-y-leon-el-futuro-resultado-elecciones-generales\/","name":"\u00bfConfirma Castilla y Le\u00f3n el futuro resultado de unas elecciones generales? - Converses a Catalunya","isPartOf":{"@id":"https:\/\/conversesacatalunya.cat\/#website"},"primaryImageOfPage":{"@id":"https:\/\/conversesacatalunya.cat\/es\/confirma-castilla-y-leon-el-futuro-resultado-elecciones-generales\/#primaryimage"},"image":{"@id":"https:\/\/conversesacatalunya.cat\/es\/confirma-castilla-y-leon-el-futuro-resultado-elecciones-generales\/#primaryimage"},"thumbnailUrl":"https:\/\/conversesacatalunya.cat\/wp-content\/uploads\/2026\/03\/Captura-8.jpg","datePublished":"2026-03-16T11:59:47+00:00","dateModified":"2026-03-16T12:16:17+00:00","author":{"@id":"https:\/\/conversesacatalunya.cat\/#\/schema\/person\/311d0bf53def217d5124c78a7bc42275"},"description":"Resultados de las elecciones de Castilla y Le\u00f3n 2026: el PP gana sin mayor\u00eda, el PSOE resiste gracias a factores locales y Vox se frena","breadcrumb":{"@id":"https:\/\/conversesacatalunya.cat\/es\/confirma-castilla-y-leon-el-futuro-resultado-elecciones-generales\/#breadcrumb"},"inLanguage":"es","potentialAction":[{"@type":"ReadAction","target":["https:\/\/conversesacatalunya.cat\/es\/confirma-castilla-y-leon-el-futuro-resultado-elecciones-generales\/"]}]},{"@type":"ImageObject","inLanguage":"es","@id":"https:\/\/conversesacatalunya.cat\/es\/confirma-castilla-y-leon-el-futuro-resultado-elecciones-generales\/#primaryimage","url":"https:\/\/conversesacatalunya.cat\/wp-content\/uploads\/2026\/03\/Captura-8.jpg","contentUrl":"https:\/\/conversesacatalunya.cat\/wp-content\/uploads\/2026\/03\/Captura-8.jpg","width":577,"height":470,"caption":"Castilla y Le\u00f3n 2026"},{"@type":"BreadcrumbList","@id":"https:\/\/conversesacatalunya.cat\/es\/confirma-castilla-y-leon-el-futuro-resultado-elecciones-generales\/#breadcrumb","itemListElement":[{"@type":"ListItem","position":1,"name":"Inici","item":"https:\/\/conversesacatalunya.cat\/es\/"},{"@type":"ListItem","position":2,"name":"\u00bfConfirma Castilla y Le\u00f3n el futuro resultado de unas elecciones generales?"}]},{"@type":"WebSite","@id":"https:\/\/conversesacatalunya.cat\/#website","url":"https:\/\/conversesacatalunya.cat\/","name":"Converses a Catalunya","description":"","potentialAction":[{"@type":"SearchAction","target":{"@type":"EntryPoint","urlTemplate":"https:\/\/conversesacatalunya.cat\/?s={search_term_string}"},"query-input":{"@type":"PropertyValueSpecification","valueRequired":true,"valueName":"search_term_string"}}],"inLanguage":"es"},{"@type":"Person","@id":"https:\/\/conversesacatalunya.cat\/#\/schema\/person\/311d0bf53def217d5124c78a7bc42275","name":"Joan Masip","image":{"@type":"ImageObject","inLanguage":"es","@id":"https:\/\/conversesacatalunya.cat\/#\/schema\/person\/image\/","url":"https:\/\/conversesacatalunya.cat\/wp-content\/litespeed\/avatar\/fa67b994763cff7d443f54b63ec96481.jpg?ver=1777372547","contentUrl":"https:\/\/conversesacatalunya.cat\/wp-content\/litespeed\/avatar\/fa67b994763cff7d443f54b63ec96481.jpg?ver=1777372547","caption":"Joan Masip"},"url":"https:\/\/conversesacatalunya.cat\/es\/author\/joan-masip\/"}]}},"wps_subtitle":"","_links":{"self":[{"href":"https:\/\/conversesacatalunya.cat\/es\/wp-json\/wp\/v2\/posts\/97174","targetHints":{"allow":["GET"]}}],"collection":[{"href":"https:\/\/conversesacatalunya.cat\/es\/wp-json\/wp\/v2\/posts"}],"about":[{"href":"https:\/\/conversesacatalunya.cat\/es\/wp-json\/wp\/v2\/types\/post"}],"author":[{"embeddable":true,"href":"https:\/\/conversesacatalunya.cat\/es\/wp-json\/wp\/v2\/users\/78"}],"replies":[{"embeddable":true,"href":"https:\/\/conversesacatalunya.cat\/es\/wp-json\/wp\/v2\/comments?post=97174"}],"version-history":[{"count":4,"href":"https:\/\/conversesacatalunya.cat\/es\/wp-json\/wp\/v2\/posts\/97174\/revisions"}],"predecessor-version":[{"id":97179,"href":"https:\/\/conversesacatalunya.cat\/es\/wp-json\/wp\/v2\/posts\/97174\/revisions\/97179"}],"wp:featuredmedia":[{"embeddable":true,"href":"https:\/\/conversesacatalunya.cat\/es\/wp-json\/wp\/v2\/media\/97171"}],"wp:attachment":[{"href":"https:\/\/conversesacatalunya.cat\/es\/wp-json\/wp\/v2\/media?parent=97174"}],"wp:term":[{"taxonomy":"category","embeddable":true,"href":"https:\/\/conversesacatalunya.cat\/es\/wp-json\/wp\/v2\/categories?post=97174"},{"taxonomy":"post_tag","embeddable":true,"href":"https:\/\/conversesacatalunya.cat\/es\/wp-json\/wp\/v2\/tags?post=97174"}],"curies":[{"name":"wp","href":"https:\/\/api.w.org\/{rel}","templated":true}]}}