{"id":97159,"date":"2026-03-15T20:13:53","date_gmt":"2026-03-15T19:13:53","guid":{"rendered":"https:\/\/conversesacatalunya.cat\/?p=97159"},"modified":"2026-03-15T20:51:50","modified_gmt":"2026-03-15T19:51:50","slug":"semana-clave-guerra-iran-europa-presupuestos-cataluna","status":"publish","type":"post","link":"https:\/\/conversesacatalunya.cat\/es\/semana-clave-guerra-iran-europa-presupuestos-cataluna\/","title":{"rendered":"Semana de v\u00e9rtigo: guerra exterior, crisis europea y fragilidad interior"},"content":{"rendered":"<p data-start=\"293\" data-end=\"810\"><span dir=\"auto\"><span class=\"VIpgJd-yAWNEb-VIpgJd-fmcmS-sn54Q\" dir=\"auto\">La semana de San Jos\u00e9 llega este a\u00f1o cargada de una<span>\u00a0<\/span><\/span><\/span><strong><span dir=\"auto\"><span class=\"VIpgJd-yAWNEb-VIpgJd-fmcmS-sn54Q\" dir=\"auto\">densidad pol\u00edtica poco habitual.<\/span><\/span><\/strong><span dir=\"auto\"><span class=\"VIpgJd-yAWNEb-VIpgJd-fmcmS-sn54Q\" dir=\"auto\"> No se trata solo de una acumulaci\u00f3n de citas institucionales o episodios electorales. Lo que se produce es la coincidencia de varios<span>\u00a0<\/span><\/span><\/span><strong><span dir=\"auto\"><span class=\"VIpgJd-yAWNEb-VIpgJd-fmcmS-sn54Q\" dir=\"auto\">vectores de crisis -internacional, europea, espa\u00f1ola y catalana-<\/span><\/span><\/strong><span dir=\"auto\"><span class=\"VIpgJd-yAWNEb-VIpgJd-fmcmS-sn54Q\" dir=\"auto\"><span>\u00a0<\/span>que, superpuestos, pueden redefinir los equilibrios de los pr\u00f3ximos meses. Rara vez el calendario ha pesado tanto en la trayectoria inmediata de dos pueblos, dos soberan\u00edas y una arquitectura continental sometida a tensiones crecientes.<\/span><\/span><\/p>\n<p data-start=\"812\" data-end=\"1388\"><span dir=\"auto\">El centro de gravedad es sin duda la guerra con epicentro en<strong> Ir\u00e1n.<\/strong>\u00a0\u00a0<\/span><span dir=\"auto\">La clave estrat\u00e9gica de esta semana es<span>\u00a0<\/span><\/span><strong><span dir=\"auto\">el estrecho de Ormuz,<\/span><\/strong><span dir=\"auto\"> paso obligado de una quinta parte del petr\u00f3leo mundial. Su bloqueo o desbloqueo no es solo una cuesti\u00f3n militar o geopol\u00edtica: es el term\u00f3metro de una econom\u00eda global que depende de ese flujo como de un sistema circulatorio. Si Washington no logra garantizar la libre navegaci\u00f3n en un breve plazo, el conflicto puede cronificarse y escalar en intensidad, con consecuencias severas sobre los mercados energ\u00e9ticos y la cohesi\u00f3n pol\u00edtica occidental.<\/span><\/p>\n<p data-start=\"1390\" data-end=\"1862\"><span dir=\"auto\"><span class=\"VIpgJd-yAWNEb-VIpgJd-fmcmS-sn54Q\" dir=\"auto\">Para la administraci\u00f3n estadounidense, la crisis llega en un momento especialmente delicado. Las<span>\u00a0<\/span><\/span><\/span><strong><span dir=\"auto\"><span class=\"VIpgJd-yAWNEb-VIpgJd-fmcmS-sn54Q\" dir=\"auto\">elecciones de medio mandato<\/span><\/span><\/strong><span dir=\"auto\"><span class=\"VIpgJd-yAWNEb-VIpgJd-fmcmS-sn54Q\" dir=\"auto\"><span>\u00a0<\/span>se acercan y una larga guerra, sin resultados tangibles, puede erosionar a la mayor\u00eda parlamentaria. La pol\u00edtica exterior, a menudo utilizada como instrumento de consolidaci\u00f3n interna, puede convertirse en esta ocasi\u00f3n en un factor de desgaste. El fracaso en la apertura de Ormuz no ser\u00eda solo un rev\u00e9s estrat\u00e9gico, sino tambi\u00e9n un acelerador de tensiones dom\u00e9sticas.<\/span><\/span><\/p>\n<h4 data-start=\"1864\" data-end=\"2530\"><strong><span dir=\"auto\">Europa, mientras tanto, afronta su propio dilema.<\/span><\/strong><\/h4>\n<p data-start=\"1864\" data-end=\"2530\"><span dir=\"auto\">El Consejo Europeo de esta semana deber\u00e1 decidir si adopta una condena contundente de la intervenci\u00f3n estadounidense e israel\u00ed o si opta por la contenci\u00f3n pragm\u00e1tica que propugna Alemania. Detr\u00e1s de esta divergencia existe un debate de fondo: la dependencia europea de la potencia militar y energ\u00e9tica de Estados Unidos. Una fractura en ese punto podr\u00eda redefinir el equilibrio transatl\u00e1ntico y precipitar un realineamiento de largo alcance.\u00a0 <\/span><strong><span dir=\"auto\">La pregunta es si Europa est\u00e1 preparada para volar sola,<\/span><\/strong><span dir=\"auto\">\u00a0aunque esta cuesti\u00f3n parezca<span>\u00a0<\/span><\/span><a href=\"https:\/\/conversesacatalunya.cat\/es\/sanchez-union-europea-tensiones-redefinicion-geopolitica\/\" target=\"_blank\" rel=\"noopener\"><span dir=\"auto\">preocupar poco<\/span><\/a><span dir=\"auto\"><span>\u00a0<\/span>a Pedro S\u00e1nchez, cuyo c\u00e1lculo sigue siendo sobre todo electoral.<\/span><\/p>\n<h4 data-start=\"1864\" data-end=\"2530\"><strong><span dir=\"auto\">Espa\u00f1a<\/span><\/strong><\/h4>\n<p data-start=\"2532\" data-end=\"3194\"><span dir=\"auto\"><span class=\"VIpgJd-yAWNEb-VIpgJd-fmcmS-sn54Q\" dir=\"auto\">En Espa\u00f1a, el foco se desplaza hacia las elecciones auton\u00f3micas en Castilla y Le\u00f3n, que funcionan como ensayo general de las futuras batallas electorales. Tres indicadores marcar\u00e1n el relato inmediato: la eficacia del<span>\u00a0<\/span><\/span><\/span><strong><span dir=\"auto\"><span class=\"VIpgJd-yAWNEb-VIpgJd-fmcmS-sn54Q\" dir=\"auto\">discurso socialista<\/span><\/span><\/strong><span dir=\"auto\"><span class=\"VIpgJd-yAWNEb-VIpgJd-fmcmS-sn54Q\" dir=\"auto\"><span>\u00a0<\/span>del \u201cno en la guerra\u201d, la capacidad de<span>\u00a0<\/span><\/span><\/span><strong><span dir=\"auto\"><span class=\"VIpgJd-yAWNEb-VIpgJd-fmcmS-sn54Q\" dir=\"auto\">Vox<\/span><\/span><\/strong><span dir=\"auto\"><span class=\"VIpgJd-yAWNEb-VIpgJd-fmcmS-sn54Q\" dir=\"auto\"><span>\u00a0<\/span>para consolidar su expansi\u00f3n \u2014rozando o superando el 20%\u2014 y el rendimiento del<span>\u00a0<\/span><\/span><\/span><strong><span dir=\"auto\"><span class=\"VIpgJd-yAWNEb-VIpgJd-fmcmS-sn54Q\" dir=\"auto\">Partido Popular<\/span><\/span><\/strong><span dir=\"auto\"><span class=\"VIpgJd-yAWNEb-VIpgJd-fmcmS-sn54Q\" dir=\"auto\"><span>\u00a0<\/span>en t\u00e9rminos de resistencia o crecimiento. M\u00e1s all\u00e1 de la suma de esca\u00f1os, el resultado dibujar\u00e1 el clima con el que se llegar\u00e1 a las decisivas<strong> elecciones andaluzas,<\/strong> que podr\u00edan acabar convirti\u00e9ndose en un plebiscito estatal si el gobierno central percibe la oportunidad \u2014o la necesidad\u2014 de avanzar comicios.<\/span><\/span><\/p>\n<h4 data-start=\"2532\" data-end=\"3194\"><strong><span dir=\"auto\">Catalu\u00f1a<\/span><\/strong><\/h4>\n<p data-start=\"3196\" data-end=\"3853\"><span dir=\"auto\">Catalu\u00f1a, por su parte, vive su propia tormenta pol\u00edtica. La<span>\u00a0<\/span><\/span><strong><span dir=\"auto\">votaci\u00f3n de los presupuestos<\/span><\/strong><span dir=\"auto\"><span>\u00a0<\/span>de la Generalidad se presenta como un momento definitorio para el gobierno. La decisi\u00f3n de Esquerra Republicana sobre las enmiendas a la totalidad \u2014que se resolver\u00e1 el d\u00eda 19\u2014 determinar\u00e1 si el pa\u00eds sigue instalado en la pr\u00f3rroga presupuestaria. Al d\u00eda siguiente se ver\u00e1 si el PSC es capaz de reunir los 68 votos necesarios con el apoyo de ERC y de los comunes. Gobernar con cuentas prorrogadas desde la legislatura anterior \u2014la de 2023\u2014 es una anomal\u00eda institucional que erosiona la credibilidad del sistema parlamentario. Tres pr\u00f3rrogas son muchas; de hecho, una sola ya lo es.<\/span><\/p>\n<p data-start=\"3855\" data-end=\"4134\"><span dir=\"auto\">El precedente est\u00e1 claro. Cuando<span>\u00a0<\/span><\/span><strong><span dir=\"auto\">el ejecutivo de Aragon\u00e8s<\/span><\/strong><span dir=\"auto\"><span>\u00a0<\/span>no pudo aprobar el presupuesto, convoc\u00f3 elecciones. La negativa actual a considerar esta opci\u00f3n sugiere una mutaci\u00f3n en la cultura pol\u00edtica: la continuidad del gobierno parece primar sobre la renovaci\u00f3n de la legitimidad.<\/span><\/p>\n<p data-start=\"4136\" data-end=\"4612\"><span dir=\"auto\"><span class=\"VIpgJd-yAWNEb-VIpgJd-fmcmS-sn54Q\" dir=\"auto\">A este escenario se a\u00f1ade el<span>\u00a0<\/span><\/span><\/span><strong><span dir=\"auto\"><span class=\"VIpgJd-yAWNEb-VIpgJd-fmcmS-sn54Q\" dir=\"auto\">conflicto educativo.\u00a0 <\/span><\/span><\/strong><strong><span dir=\"auto\"><span class=\"VIpgJd-yAWNEb-VIpgJd-fmcmS-sn54Q\" dir=\"auto\">La huelga anunciada,<\/span><\/span><\/strong><span dir=\"auto\"><span class=\"VIpgJd-yAWNEb-VIpgJd-fmcmS-sn54Q\" dir=\"auto\">\u00a0a pesar de los acuerdos sindicales, puede evidenciar una profunda desconexi\u00f3n entre las direcciones de CCOO y UGT y la base docente. Los enfrentamientos en algunos centros son un s\u00edntoma de una fractura que va m\u00e1s all\u00e1 de la negociaci\u00f3n salarial y apunta a una crisis de gobernanza del sistema educativo. Un malestar de este tipo no hace m\u00e1s que agravar un rendimiento escolar que ya est\u00e1 inmerso en una crisis profunda.<\/span><\/span><\/p>\n<p data-start=\"4614\" data-end=\"4996\"><span dir=\"auto\">Y, por \u00faltimo, est\u00e1 el<span>\u00a0<\/span><\/span><a href=\"https:\/\/conversesacatalunya.cat\/es\/rodalies-sigue-colapso-8-anos-gobernando\/\" target=\"_blank\" rel=\"noopener\"><strong><span dir=\"auto\">col<\/span><\/strong><strong><span dir=\"auto\">a<\/span><\/strong><strong><span dir=\"auto\">pso <\/span><\/strong><\/a><b>ferroviario.\u00a0 <\/b><span dir=\"auto\">Las incidencias recurrentes en Cercan\u00edas, sumadas a los retrasos de la alta velocidad y de la media distancia, han terminado configurando una percepci\u00f3n de deterioro sist\u00e9mico. La sustituci\u00f3n masiva de trenes por autobuses es mucho m\u00e1s que una soluci\u00f3n log\u00edstica provisional: es la imagen de un pa\u00eds que funciona con infraestructuras de emergencia.<\/span><\/p>\n<p data-start=\"4998\" data-end=\"5536\"><span dir=\"auto\">La semana de San Jos\u00e9 de 2026 puede acabar siendo recordada como un punto de inflexi\u00f3n. No tanto por los hechos concretos que se produzcan, sino por<span>\u00a0<\/span><\/span><strong><span dir=\"auto\">la confluencia de crisis que pueden acelerar decisiones largamente aplazadas.\u00a0 <\/span><\/strong><span dir=\"auto\">Cuando la pol\u00edtica exterior, el equilibrio europeo, la competici\u00f3n electoral y la gobernanza territorial convergen en un mismo momento, el riesgo no es solo equivocarse en el diagn\u00f3stico, sino llegar tarde a su respuesta. Y es precisamente en estos momentos cuando la historia suele avanzar m\u00e1s r\u00e1pido que la pol\u00edtica.<\/span><\/p>\n<p data-start=\"3855\" data-end=\"4134\"><span class='bctt-click-to-tweet'><span class='bctt-ctt-text'><a href='https:\/\/twitter.com\/intent\/tweet?url=https%3A%2F%2Fconversesacatalunya.cat%2Fes%2Fsemana-clave-guerra-iran-europa-presupuestos-cataluna%2F&#038;text=Cuando%20la%20crisis%20exterior%20y%20la%20fragilidad%20interior%20coinciden%2C%20la%20pol%C3%ADtica%20entra%20en%20modo%20de%20emergencia.%20%23UE&#038;via=conversesacat&#038;related=conversesacat' target='_blank'rel=\"noopener noreferrer\">Cuando la crisis exterior y la fragilidad interior coinciden, la pol\u00edtica entra en modo de emergencia. #UE <\/a><\/span><a href='https:\/\/twitter.com\/intent\/tweet?url=https%3A%2F%2Fconversesacatalunya.cat%2Fes%2Fsemana-clave-guerra-iran-europa-presupuestos-cataluna%2F&#038;text=Cuando%20la%20crisis%20exterior%20y%20la%20fragilidad%20interior%20coinciden%2C%20la%20pol%C3%ADtica%20entra%20en%20modo%20de%20emergencia.%20%23UE&#038;via=conversesacat&#038;related=conversesacat' target='_blank' class='bctt-ctt-btn'rel=\"noopener noreferrer\">Compartir en X<\/a><\/span>\n","protected":false},"excerpt":{"rendered":"<p>La semana de San Jos\u00e9 llega este a\u00f1o cargada de una\u00a0densidad pol\u00edtica poco habitual. No se trata solo de una acumulaci\u00f3n de citas institucionales o episodios electorales. Lo que se produce es la coincidencia de varios\u00a0vectores de crisis -internacional, europea, espa\u00f1ola y catalana-\u00a0que, superpuestos, pueden redefinir los equilibrios de los pr\u00f3ximos meses. Rara vez el calendario ha pesado tanto en la trayectoria inmediata de dos pueblos, dos soberan\u00edas y una arquitectura continental sometida a tensiones crecientes. El centro de gravedad es sin duda la guerra con epicentro en Ir\u00e1n.\u00a0\u00a0La clave estrat\u00e9gica de esta semana es\u00a0el estrecho de Ormuz, paso obligado de una quinta parte del petr\u00f3leo mundial. Su bloqueo o desbloqueo no es solo una cuesti\u00f3n militar o geopol\u00edtica: es el term\u00f3metro de una econom\u00eda global que depende de ese flujo como de un sistema circulatorio. Si Washington no logra garantizar la libre navegaci\u00f3n en un breve plazo, el conflicto puede cronificarse y escalar en intensidad, con consecuencias severas sobre los mercados energ\u00e9ticos y la cohesi\u00f3n pol\u00edtica occidental. Para la administraci\u00f3n estadounidense, la crisis llega en un momento especialmente delicado. Las\u00a0elecciones de medio mandato\u00a0se acercan y una larga guerra, sin resultados tangibles, puede erosionar a la mayor\u00eda parlamentaria. La pol\u00edtica exterior, a menudo utilizada como instrumento de consolidaci\u00f3n interna, puede convertirse en esta ocasi\u00f3n en un factor de desgaste. El fracaso en la apertura de Ormuz no ser\u00eda solo un rev\u00e9s estrat\u00e9gico, sino tambi\u00e9n un acelerador de tensiones dom\u00e9sticas. Europa, mientras tanto, afronta su propio dilema. El Consejo Europeo de esta semana deber\u00e1 decidir si adopta una condena contundente de la intervenci\u00f3n estadounidense e israel\u00ed o si opta por la contenci\u00f3n pragm\u00e1tica que propugna Alemania. Detr\u00e1s de esta divergencia existe un debate de fondo: la dependencia europea de la potencia militar y energ\u00e9tica de Estados Unidos. Una fractura en ese punto podr\u00eda redefinir el equilibrio transatl\u00e1ntico y precipitar un realineamiento de largo alcance.\u00a0 La pregunta es si Europa est\u00e1 preparada para volar sola,\u00a0aunque esta cuesti\u00f3n parezca\u00a0preocupar poco\u00a0a Pedro S\u00e1nchez, cuyo c\u00e1lculo sigue siendo sobre todo electoral. Espa\u00f1a En Espa\u00f1a, el foco se desplaza hacia las elecciones auton\u00f3micas en Castilla y Le\u00f3n, que funcionan como ensayo general de las futuras batallas electorales. Tres indicadores marcar\u00e1n el relato inmediato: la eficacia del\u00a0discurso socialista\u00a0del \u201cno en la guerra\u201d, la capacidad de\u00a0Vox\u00a0para consolidar su expansi\u00f3n \u2014rozando o superando el 20%\u2014 y el rendimiento del\u00a0Partido Popular\u00a0en t\u00e9rminos de resistencia o crecimiento. M\u00e1s all\u00e1 de la suma de esca\u00f1os, el resultado dibujar\u00e1 el clima con el que se llegar\u00e1 a las decisivas elecciones andaluzas, que podr\u00edan acabar convirti\u00e9ndose en un plebiscito estatal si el gobierno central percibe la oportunidad \u2014o la necesidad\u2014 de avanzar comicios. Catalu\u00f1a Catalu\u00f1a, por su parte, vive su propia tormenta pol\u00edtica. La\u00a0votaci\u00f3n de los presupuestos\u00a0de la Generalidad se presenta como un momento definitorio para el gobierno. La decisi\u00f3n de Esquerra Republicana sobre las enmiendas a la totalidad \u2014que se resolver\u00e1 el d\u00eda 19\u2014 determinar\u00e1 si el pa\u00eds sigue instalado en la pr\u00f3rroga presupuestaria. Al d\u00eda siguiente se ver\u00e1 si el PSC es capaz de reunir los 68 votos necesarios con el apoyo de ERC y de los comunes. Gobernar con cuentas prorrogadas desde la legislatura anterior \u2014la de 2023\u2014 es una anomal\u00eda institucional que erosiona la credibilidad del sistema parlamentario. Tres pr\u00f3rrogas son muchas; de hecho, una sola ya lo es. El precedente est\u00e1 claro. Cuando\u00a0el ejecutivo de Aragon\u00e8s\u00a0no pudo aprobar el presupuesto, convoc\u00f3 elecciones. La negativa actual a considerar esta opci\u00f3n sugiere una mutaci\u00f3n en la cultura pol\u00edtica: la continuidad del gobierno parece primar sobre la renovaci\u00f3n de la legitimidad. A este escenario se a\u00f1ade el\u00a0conflicto educativo.\u00a0 La huelga anunciada,\u00a0a pesar de los acuerdos sindicales, puede evidenciar una profunda desconexi\u00f3n entre las direcciones de CCOO y UGT y la base docente. Los enfrentamientos en algunos centros son un s\u00edntoma de una fractura que va m\u00e1s all\u00e1 de la negociaci\u00f3n salarial y apunta a una crisis de gobernanza del sistema educativo. Un malestar de este tipo no hace m\u00e1s que agravar un rendimiento escolar que ya est\u00e1 inmerso en una crisis profunda. Y, por \u00faltimo, est\u00e1 el\u00a0colapso ferroviario.\u00a0 Las incidencias recurrentes en Cercan\u00edas, sumadas a los retrasos de la alta velocidad y de la media distancia, han terminado configurando una percepci\u00f3n de deterioro sist\u00e9mico. La sustituci\u00f3n masiva de trenes por autobuses es mucho m\u00e1s que una soluci\u00f3n log\u00edstica provisional: es la imagen de un pa\u00eds que funciona con infraestructuras de emergencia. La semana de San Jos\u00e9 de 2026 puede acabar siendo recordada como un punto de inflexi\u00f3n. No tanto por los hechos concretos que se produzcan, sino por\u00a0la confluencia de crisis que pueden acelerar decisiones largamente aplazadas.\u00a0 Cuando la pol\u00edtica exterior, el equilibrio europeo, la competici\u00f3n electoral y la gobernanza territorial convergen en un mismo momento, el riesgo no es solo equivocarse en el diagn\u00f3stico, sino llegar tarde a su respuesta. Y es precisamente en estos momentos cuando la historia suele avanzar m\u00e1s r\u00e1pido que la pol\u00edtica.<\/p>\n","protected":false},"author":77,"featured_media":97156,"comment_status":"open","ping_status":"open","sticky":false,"template":"","format":"standard","meta":{"_FSMCFIC_featured_image_caption":"","_FSMCFIC_featured_image_nocaption":"","_FSMCFIC_featured_image_hide":"","footnotes":""},"categories":[806],"tags":[875,1162,1366],"class_list":["post-97159","post","type-post","status-publish","format-standard","has-post-thumbnail","hentry","category-punts-claus-del-dia-es","tag-europa-es","tag-europa-es-2","tag-iran-es"],"yoast_head":"<!-- This site is optimized with the Yoast SEO plugin v26.8 - https:\/\/yoast.com\/product\/yoast-seo-wordpress\/ -->\n<title>Semana de v\u00e9rtigo: guerra exterior, crisis europea y fragilidad interior - Converses a Catalunya<\/title>\n<meta name=\"description\" content=\"Una semana marcada por la guerra Ir\u00e1n, las tensiones Europa y EEUU, elecciones en Espa\u00f1a y la crisis pol\u00edtica y ferroviaria en Catalu\u00f1a.\" \/>\n<meta name=\"robots\" content=\"index, follow, max-snippet:-1, max-image-preview:large, max-video-preview:-1\" \/>\n<link rel=\"canonical\" href=\"https:\/\/conversesacatalunya.cat\/es\/semana-clave-guerra-iran-europa-presupuestos-cataluna\/\" \/>\n<meta property=\"og:locale\" content=\"es_ES\" \/>\n<meta property=\"og:type\" content=\"article\" \/>\n<meta property=\"og:title\" content=\"Semana de v\u00e9rtigo: guerra exterior, crisis europea y fragilidad interior - Converses a Catalunya\" \/>\n<meta property=\"og:description\" content=\"Una semana marcada por la guerra Ir\u00e1n, las tensiones Europa y EEUU, elecciones en Espa\u00f1a y la crisis pol\u00edtica y ferroviaria en Catalu\u00f1a.\" \/>\n<meta property=\"og:url\" content=\"https:\/\/conversesacatalunya.cat\/es\/semana-clave-guerra-iran-europa-presupuestos-cataluna\/\" \/>\n<meta property=\"og:site_name\" content=\"Converses a Catalunya\" \/>\n<meta property=\"article:published_time\" content=\"2026-03-15T19:13:53+00:00\" \/>\n<meta property=\"article:modified_time\" content=\"2026-03-15T19:51:50+00:00\" \/>\n<meta property=\"og:image\" content=\"https:\/\/conversesacatalunya.cat\/wp-content\/uploads\/2026\/03\/robertwaghorn-jet-2974131_1280.jpg\" \/>\n\t<meta property=\"og:image:width\" content=\"1280\" \/>\n\t<meta property=\"og:image:height\" content=\"849\" \/>\n\t<meta property=\"og:image:type\" content=\"image\/jpeg\" \/>\n<meta name=\"author\" content=\"Enric Casanovas\" \/>\n<meta name=\"twitter:card\" content=\"summary_large_image\" \/>\n<meta name=\"twitter:label1\" content=\"Escrito por\" \/>\n\t<meta name=\"twitter:data1\" content=\"Enric Casanovas\" \/>\n\t<meta name=\"twitter:label2\" content=\"Tiempo de lectura\" \/>\n\t<meta name=\"twitter:data2\" content=\"5 minutos\" \/>\n<script type=\"application\/ld+json\" class=\"yoast-schema-graph\">{\"@context\":\"https:\/\/schema.org\",\"@graph\":[{\"@type\":\"Article\",\"@id\":\"https:\/\/conversesacatalunya.cat\/es\/semana-clave-guerra-iran-europa-presupuestos-cataluna\/#article\",\"isPartOf\":{\"@id\":\"https:\/\/conversesacatalunya.cat\/es\/semana-clave-guerra-iran-europa-presupuestos-cataluna\/\"},\"author\":{\"name\":\"Enric Casanovas\",\"@id\":\"https:\/\/conversesacatalunya.cat\/#\/schema\/person\/79bd0577b2f3afc8d6519d207c6e8609\"},\"headline\":\"Semana de v\u00e9rtigo: guerra exterior, crisis europea y fragilidad interior\",\"datePublished\":\"2026-03-15T19:13:53+00:00\",\"dateModified\":\"2026-03-15T19:51:50+00:00\",\"mainEntityOfPage\":{\"@id\":\"https:\/\/conversesacatalunya.cat\/es\/semana-clave-guerra-iran-europa-presupuestos-cataluna\/\"},\"wordCount\":954,\"commentCount\":0,\"image\":{\"@id\":\"https:\/\/conversesacatalunya.cat\/es\/semana-clave-guerra-iran-europa-presupuestos-cataluna\/#primaryimage\"},\"thumbnailUrl\":\"https:\/\/conversesacatalunya.cat\/wp-content\/uploads\/2026\/03\/robertwaghorn-jet-2974131_1280.jpg\",\"keywords\":[\"Europa\",\"Europa\",\"Iran\"],\"articleSection\":[\"Punts clau del dia (ES)\"],\"inLanguage\":\"es\",\"potentialAction\":[{\"@type\":\"CommentAction\",\"name\":\"Comment\",\"target\":[\"https:\/\/conversesacatalunya.cat\/es\/semana-clave-guerra-iran-europa-presupuestos-cataluna\/#respond\"]}]},{\"@type\":\"WebPage\",\"@id\":\"https:\/\/conversesacatalunya.cat\/es\/semana-clave-guerra-iran-europa-presupuestos-cataluna\/\",\"url\":\"https:\/\/conversesacatalunya.cat\/es\/semana-clave-guerra-iran-europa-presupuestos-cataluna\/\",\"name\":\"Semana de v\u00e9rtigo: guerra exterior, crisis europea y fragilidad interior - Converses a Catalunya\",\"isPartOf\":{\"@id\":\"https:\/\/conversesacatalunya.cat\/#website\"},\"primaryImageOfPage\":{\"@id\":\"https:\/\/conversesacatalunya.cat\/es\/semana-clave-guerra-iran-europa-presupuestos-cataluna\/#primaryimage\"},\"image\":{\"@id\":\"https:\/\/conversesacatalunya.cat\/es\/semana-clave-guerra-iran-europa-presupuestos-cataluna\/#primaryimage\"},\"thumbnailUrl\":\"https:\/\/conversesacatalunya.cat\/wp-content\/uploads\/2026\/03\/robertwaghorn-jet-2974131_1280.jpg\",\"datePublished\":\"2026-03-15T19:13:53+00:00\",\"dateModified\":\"2026-03-15T19:51:50+00:00\",\"author\":{\"@id\":\"https:\/\/conversesacatalunya.cat\/#\/schema\/person\/79bd0577b2f3afc8d6519d207c6e8609\"},\"description\":\"Una semana marcada por la guerra Ir\u00e1n, las tensiones Europa y EEUU, elecciones en Espa\u00f1a y la crisis pol\u00edtica y ferroviaria en Catalu\u00f1a.\",\"breadcrumb\":{\"@id\":\"https:\/\/conversesacatalunya.cat\/es\/semana-clave-guerra-iran-europa-presupuestos-cataluna\/#breadcrumb\"},\"inLanguage\":\"es\",\"potentialAction\":[{\"@type\":\"ReadAction\",\"target\":[\"https:\/\/conversesacatalunya.cat\/es\/semana-clave-guerra-iran-europa-presupuestos-cataluna\/\"]}]},{\"@type\":\"ImageObject\",\"inLanguage\":\"es\",\"@id\":\"https:\/\/conversesacatalunya.cat\/es\/semana-clave-guerra-iran-europa-presupuestos-cataluna\/#primaryimage\",\"url\":\"https:\/\/conversesacatalunya.cat\/wp-content\/uploads\/2026\/03\/robertwaghorn-jet-2974131_1280.jpg\",\"contentUrl\":\"https:\/\/conversesacatalunya.cat\/wp-content\/uploads\/2026\/03\/robertwaghorn-jet-2974131_1280.jpg\",\"width\":1280,\"height\":849,\"caption\":\"guerra Ir\u00e1n Europa\"},{\"@type\":\"BreadcrumbList\",\"@id\":\"https:\/\/conversesacatalunya.cat\/es\/semana-clave-guerra-iran-europa-presupuestos-cataluna\/#breadcrumb\",\"itemListElement\":[{\"@type\":\"ListItem\",\"position\":1,\"name\":\"Inici\",\"item\":\"https:\/\/conversesacatalunya.cat\/es\/\"},{\"@type\":\"ListItem\",\"position\":2,\"name\":\"Semana de v\u00e9rtigo: guerra exterior, crisis europea y fragilidad interior\"}]},{\"@type\":\"WebSite\",\"@id\":\"https:\/\/conversesacatalunya.cat\/#website\",\"url\":\"https:\/\/conversesacatalunya.cat\/\",\"name\":\"Converses a Catalunya\",\"description\":\"\",\"potentialAction\":[{\"@type\":\"SearchAction\",\"target\":{\"@type\":\"EntryPoint\",\"urlTemplate\":\"https:\/\/conversesacatalunya.cat\/?s={search_term_string}\"},\"query-input\":{\"@type\":\"PropertyValueSpecification\",\"valueRequired\":true,\"valueName\":\"search_term_string\"}}],\"inLanguage\":\"es\"},{\"@type\":\"Person\",\"@id\":\"https:\/\/conversesacatalunya.cat\/#\/schema\/person\/79bd0577b2f3afc8d6519d207c6e8609\",\"name\":\"Enric Casanovas\",\"image\":{\"@type\":\"ImageObject\",\"inLanguage\":\"es\",\"@id\":\"https:\/\/conversesacatalunya.cat\/#\/schema\/person\/image\/\",\"url\":\"https:\/\/conversesacatalunya.cat\/wp-content\/litespeed\/avatar\/7ae4379ad4421ec77820e92afd36dd78.jpg?ver=1777373933\",\"contentUrl\":\"https:\/\/conversesacatalunya.cat\/wp-content\/litespeed\/avatar\/7ae4379ad4421ec77820e92afd36dd78.jpg?ver=1777373933\",\"caption\":\"Enric Casanovas\"},\"url\":\"https:\/\/conversesacatalunya.cat\/es\/author\/enric-casanovas\/\"}]}<\/script>\n<!-- \/ Yoast SEO plugin. -->","yoast_head_json":{"title":"Semana de v\u00e9rtigo: guerra exterior, crisis europea y fragilidad interior - Converses a Catalunya","description":"Una semana marcada por la guerra Ir\u00e1n, las tensiones Europa y EEUU, elecciones en Espa\u00f1a y la crisis pol\u00edtica y ferroviaria en Catalu\u00f1a.","robots":{"index":"index","follow":"follow","max-snippet":"max-snippet:-1","max-image-preview":"max-image-preview:large","max-video-preview":"max-video-preview:-1"},"canonical":"https:\/\/conversesacatalunya.cat\/es\/semana-clave-guerra-iran-europa-presupuestos-cataluna\/","og_locale":"es_ES","og_type":"article","og_title":"Semana de v\u00e9rtigo: guerra exterior, crisis europea y fragilidad interior - Converses a Catalunya","og_description":"Una semana marcada por la guerra Ir\u00e1n, las tensiones Europa y EEUU, elecciones en Espa\u00f1a y la crisis pol\u00edtica y ferroviaria en Catalu\u00f1a.","og_url":"https:\/\/conversesacatalunya.cat\/es\/semana-clave-guerra-iran-europa-presupuestos-cataluna\/","og_site_name":"Converses a Catalunya","article_published_time":"2026-03-15T19:13:53+00:00","article_modified_time":"2026-03-15T19:51:50+00:00","og_image":[{"width":1280,"height":849,"url":"https:\/\/conversesacatalunya.cat\/wp-content\/uploads\/2026\/03\/robertwaghorn-jet-2974131_1280.jpg","type":"image\/jpeg"}],"author":"Enric Casanovas","twitter_card":"summary_large_image","twitter_misc":{"Escrito por":"Enric Casanovas","Tiempo de lectura":"5 minutos"},"schema":{"@context":"https:\/\/schema.org","@graph":[{"@type":"Article","@id":"https:\/\/conversesacatalunya.cat\/es\/semana-clave-guerra-iran-europa-presupuestos-cataluna\/#article","isPartOf":{"@id":"https:\/\/conversesacatalunya.cat\/es\/semana-clave-guerra-iran-europa-presupuestos-cataluna\/"},"author":{"name":"Enric Casanovas","@id":"https:\/\/conversesacatalunya.cat\/#\/schema\/person\/79bd0577b2f3afc8d6519d207c6e8609"},"headline":"Semana de v\u00e9rtigo: guerra exterior, crisis europea y fragilidad interior","datePublished":"2026-03-15T19:13:53+00:00","dateModified":"2026-03-15T19:51:50+00:00","mainEntityOfPage":{"@id":"https:\/\/conversesacatalunya.cat\/es\/semana-clave-guerra-iran-europa-presupuestos-cataluna\/"},"wordCount":954,"commentCount":0,"image":{"@id":"https:\/\/conversesacatalunya.cat\/es\/semana-clave-guerra-iran-europa-presupuestos-cataluna\/#primaryimage"},"thumbnailUrl":"https:\/\/conversesacatalunya.cat\/wp-content\/uploads\/2026\/03\/robertwaghorn-jet-2974131_1280.jpg","keywords":["Europa","Europa","Iran"],"articleSection":["Punts clau del dia (ES)"],"inLanguage":"es","potentialAction":[{"@type":"CommentAction","name":"Comment","target":["https:\/\/conversesacatalunya.cat\/es\/semana-clave-guerra-iran-europa-presupuestos-cataluna\/#respond"]}]},{"@type":"WebPage","@id":"https:\/\/conversesacatalunya.cat\/es\/semana-clave-guerra-iran-europa-presupuestos-cataluna\/","url":"https:\/\/conversesacatalunya.cat\/es\/semana-clave-guerra-iran-europa-presupuestos-cataluna\/","name":"Semana de v\u00e9rtigo: guerra exterior, crisis europea y fragilidad interior - Converses a Catalunya","isPartOf":{"@id":"https:\/\/conversesacatalunya.cat\/#website"},"primaryImageOfPage":{"@id":"https:\/\/conversesacatalunya.cat\/es\/semana-clave-guerra-iran-europa-presupuestos-cataluna\/#primaryimage"},"image":{"@id":"https:\/\/conversesacatalunya.cat\/es\/semana-clave-guerra-iran-europa-presupuestos-cataluna\/#primaryimage"},"thumbnailUrl":"https:\/\/conversesacatalunya.cat\/wp-content\/uploads\/2026\/03\/robertwaghorn-jet-2974131_1280.jpg","datePublished":"2026-03-15T19:13:53+00:00","dateModified":"2026-03-15T19:51:50+00:00","author":{"@id":"https:\/\/conversesacatalunya.cat\/#\/schema\/person\/79bd0577b2f3afc8d6519d207c6e8609"},"description":"Una semana marcada por la guerra Ir\u00e1n, las tensiones Europa y EEUU, elecciones en Espa\u00f1a y la crisis pol\u00edtica y ferroviaria en Catalu\u00f1a.","breadcrumb":{"@id":"https:\/\/conversesacatalunya.cat\/es\/semana-clave-guerra-iran-europa-presupuestos-cataluna\/#breadcrumb"},"inLanguage":"es","potentialAction":[{"@type":"ReadAction","target":["https:\/\/conversesacatalunya.cat\/es\/semana-clave-guerra-iran-europa-presupuestos-cataluna\/"]}]},{"@type":"ImageObject","inLanguage":"es","@id":"https:\/\/conversesacatalunya.cat\/es\/semana-clave-guerra-iran-europa-presupuestos-cataluna\/#primaryimage","url":"https:\/\/conversesacatalunya.cat\/wp-content\/uploads\/2026\/03\/robertwaghorn-jet-2974131_1280.jpg","contentUrl":"https:\/\/conversesacatalunya.cat\/wp-content\/uploads\/2026\/03\/robertwaghorn-jet-2974131_1280.jpg","width":1280,"height":849,"caption":"guerra Ir\u00e1n Europa"},{"@type":"BreadcrumbList","@id":"https:\/\/conversesacatalunya.cat\/es\/semana-clave-guerra-iran-europa-presupuestos-cataluna\/#breadcrumb","itemListElement":[{"@type":"ListItem","position":1,"name":"Inici","item":"https:\/\/conversesacatalunya.cat\/es\/"},{"@type":"ListItem","position":2,"name":"Semana de v\u00e9rtigo: guerra exterior, crisis europea y fragilidad interior"}]},{"@type":"WebSite","@id":"https:\/\/conversesacatalunya.cat\/#website","url":"https:\/\/conversesacatalunya.cat\/","name":"Converses a Catalunya","description":"","potentialAction":[{"@type":"SearchAction","target":{"@type":"EntryPoint","urlTemplate":"https:\/\/conversesacatalunya.cat\/?s={search_term_string}"},"query-input":{"@type":"PropertyValueSpecification","valueRequired":true,"valueName":"search_term_string"}}],"inLanguage":"es"},{"@type":"Person","@id":"https:\/\/conversesacatalunya.cat\/#\/schema\/person\/79bd0577b2f3afc8d6519d207c6e8609","name":"Enric Casanovas","image":{"@type":"ImageObject","inLanguage":"es","@id":"https:\/\/conversesacatalunya.cat\/#\/schema\/person\/image\/","url":"https:\/\/conversesacatalunya.cat\/wp-content\/litespeed\/avatar\/7ae4379ad4421ec77820e92afd36dd78.jpg?ver=1777373933","contentUrl":"https:\/\/conversesacatalunya.cat\/wp-content\/litespeed\/avatar\/7ae4379ad4421ec77820e92afd36dd78.jpg?ver=1777373933","caption":"Enric Casanovas"},"url":"https:\/\/conversesacatalunya.cat\/es\/author\/enric-casanovas\/"}]}},"wps_subtitle":"La semana de San Jos\u00e9 de 2026 puede acabar siendo recordada como un punto de inflexi\u00f3n. No tanto por los hechos concretos que se produzcan, sino por la confluencia de crisis que pueden acelerar decisiones largamente aplazadas.","_links":{"self":[{"href":"https:\/\/conversesacatalunya.cat\/es\/wp-json\/wp\/v2\/posts\/97159","targetHints":{"allow":["GET"]}}],"collection":[{"href":"https:\/\/conversesacatalunya.cat\/es\/wp-json\/wp\/v2\/posts"}],"about":[{"href":"https:\/\/conversesacatalunya.cat\/es\/wp-json\/wp\/v2\/types\/post"}],"author":[{"embeddable":true,"href":"https:\/\/conversesacatalunya.cat\/es\/wp-json\/wp\/v2\/users\/77"}],"replies":[{"embeddable":true,"href":"https:\/\/conversesacatalunya.cat\/es\/wp-json\/wp\/v2\/comments?post=97159"}],"version-history":[{"count":3,"href":"https:\/\/conversesacatalunya.cat\/es\/wp-json\/wp\/v2\/posts\/97159\/revisions"}],"predecessor-version":[{"id":97165,"href":"https:\/\/conversesacatalunya.cat\/es\/wp-json\/wp\/v2\/posts\/97159\/revisions\/97165"}],"wp:featuredmedia":[{"embeddable":true,"href":"https:\/\/conversesacatalunya.cat\/es\/wp-json\/wp\/v2\/media\/97156"}],"wp:attachment":[{"href":"https:\/\/conversesacatalunya.cat\/es\/wp-json\/wp\/v2\/media?parent=97159"}],"wp:term":[{"taxonomy":"category","embeddable":true,"href":"https:\/\/conversesacatalunya.cat\/es\/wp-json\/wp\/v2\/categories?post=97159"},{"taxonomy":"post_tag","embeddable":true,"href":"https:\/\/conversesacatalunya.cat\/es\/wp-json\/wp\/v2\/tags?post=97159"}],"curies":[{"name":"wp","href":"https:\/\/api.w.org\/{rel}","templated":true}]}}