{"id":97122,"date":"2026-03-13T09:33:55","date_gmt":"2026-03-13T08:33:55","guid":{"rendered":"https:\/\/conversesacatalunya.cat\/?p=97122"},"modified":"2026-03-15T06:20:15","modified_gmt":"2026-03-15T05:20:15","slug":"illa-antes-de-los-presupuestos","status":"publish","type":"post","link":"https:\/\/conversesacatalunya.cat\/es\/illa-antes-de-los-presupuestos\/","title":{"rendered":"Salvador Illa antes de los presupuestos (I): una legislatura de promesas"},"content":{"rendered":"<p data-pm-slice=\"1 1 []\"><span dir=\"auto\"><span class=\"VIpgJd-yAWNEb-VIpgJd-fmcmS-sn54Q\" dir=\"auto\">Salvador Illa parece muy condicionado por el<span>\u00a0<\/span><\/span><\/span><em><span dir=\"auto\"><span class=\"VIpgJd-yAWNEb-VIpgJd-fmcmS-sn54Q\" dir=\"auto\">parip\u00e9<\/span><\/span><\/em><span dir=\"auto\"><span class=\"VIpgJd-yAWNEb-VIpgJd-fmcmS-sn54Q\" dir=\"auto\"><span>\u00a0<\/span>de ERC para aprobar los presupuestos de este a\u00f1o, que en estos momentos y en el mejor de los casos solo tendr\u00e1n plena vigencia durante medio a\u00f1o. Lo que nos interesa a los ciudadanos y que Illa no hace, ya que ni el Parlamento se lo impone ni lo que llaman las \u201cfuerzas vivas\u201d \u2014y algunas lo son y muy vivas\u2014 no le demandan, es rendir cuentas de lo que ha hecho y del estado de sus<span>\u00a0<\/span><\/span><\/span><a href=\"https:\/\/conversesacatalunya.cat\/es\/regreso-illa-nota-ano-medio-gobierno-cataluna\/\" target=\"_blank\" rel=\"noopener\"><strong><span dir=\"auto\"><span class=\"VIpgJd-yAWNEb-VIpgJd-fmcmS-sn54Q\" dir=\"auto\">numerosas promesas<\/span><\/span><\/strong><\/a><span dir=\"auto\"><span class=\"VIpgJd-yAWNEb-VIpgJd-fmcmS-sn54Q\" dir=\"auto\">. Sin ese ejercicio de memoria pol\u00edtica no hay rendici\u00f3n de cuentas posible.<\/span><\/span><\/p>\n<p><span dir=\"auto\"><span class=\"VIpgJd-yAWNEb-VIpgJd-fmcmS-sn54Q\" dir=\"auto\">Illa estructur\u00f3 su proyecto en torno a un concepto central: la \u201c<\/span><\/span><strong><span dir=\"auto\"><span class=\"VIpgJd-yAWNEb-VIpgJd-fmcmS-sn54Q\" dir=\"auto\">prosperidad compartida<\/span><\/span><\/strong><span dir=\"auto\"><span class=\"VIpgJd-yAWNEb-VIpgJd-fmcmS-sn54Q\" dir=\"auto\">\u201d. Este marco ret\u00f3rico se traduce en un programa con notable densidad de planes sectoriales y objetivos cuantitativos.<\/span><\/span><\/p>\n<p><span dir=\"auto\">El primer gesto simb\u00f3lico deb\u00eda ser el decreto contra<span>\u00a0<\/span><\/span><strong><span dir=\"auto\">la sequ\u00eda<\/span><\/strong><span dir=\"auto\">, con una inversi\u00f3n prevista de 3.500 millones de euros hasta el 2030 para reforzar infraestructuras h\u00eddricas y alcanzar un 70% de autonom\u00eda en suministro en el 2027. Hoy la sequ\u00eda est\u00e1 olvidada gracias a la lluvia abundante, y de los avances del Plan tenemos pocas noticias.<\/span><\/p>\n<p><span dir=\"auto\">Esta apuesta se vinculaba con<span>\u00a0<\/span><\/span><strong><span dir=\"auto\">la transici\u00f3n energ\u00e9tica<\/span><\/strong><span dir=\"auto\">. El gobierno asumi\u00f3 como objetivo estrat\u00e9gico alcanzar el 50% de autonom\u00eda el\u00e9ctrica en 2030, con el despliegue de 12.000 MW de renovables en el marco del PROENCAT 2050. La energ\u00eda y el agua se configuraban as\u00ed como ejes estructurales de competitividad.<\/span><\/p>\n<p><span dir=\"auto\"><span class=\"VIpgJd-yAWNEb-VIpgJd-fmcmS-sn54Q\" dir=\"auto\">El segundo<span>\u00a0<\/span><\/span><\/span><strong><span dir=\"auto\"><span class=\"VIpgJd-yAWNEb-VIpgJd-fmcmS-sn54Q\" dir=\"auto\">gran pilar program\u00e1tico es la vivienda<\/span><\/span><\/strong><span dir=\"auto\"><span class=\"VIpgJd-yAWNEb-VIpgJd-fmcmS-sn54Q\" dir=\"auto\">. El plan inicial de 50.000 pisos p\u00fablicos hasta 2030 -con una inversi\u00f3n estimada de 8.300 millones de euros- se ampli\u00f3 en 2025 hasta un objetivo global de 210.000 viviendas, combinando promoci\u00f3n directa, colaboraci\u00f3n p\u00fablico-privada y adquisiciones. El gobierno identificaba esta pol\u00edtica como el principal instrumento de cohesi\u00f3n social y emancipaci\u00f3n juvenil.<\/span><\/span><\/p>\n<p><span dir=\"auto\">En sanidad, el compromiso<span>\u00a0<\/span><\/span><strong><span dir=\"auto\">era elevar el gasto al 7% del PIB<\/span><\/strong><span dir=\"auto\"><span>\u00a0<\/span>catal\u00e1n, con un m\u00ednimo del 25% destinado a la atenci\u00f3n primaria. Tambi\u00e9n se anunci\u00f3 la mejora de la accesibilidad, incluyendo la posibilidad<span>\u00a0<\/span><\/span><strong><span dir=\"auto\">de atenci\u00f3n en los CAP sin cita previa.\u00a0 <\/span><\/strong><span dir=\"auto\">Paralelamente, se planteaba un incremento sustancial de la formaci\u00f3n m\u00e9dica, con el objetivo de<span>\u00a0<\/span><\/span><strong><span dir=\"auto\">pasar de 1.300 a 2.000 plazas de medicina en 2030.<\/span><\/strong><\/p>\n<p><span dir=\"auto\">El \u00e1mbito educativo incorporaba la universalizaci\u00f3n de la<span>\u00a0<\/span><\/span><strong><span dir=\"auto\">gratuidad de la etapa 0-3 a\u00f1os,<\/span><\/strong><span dir=\"auto\">\u00a0con la<span>\u00a0<\/span><\/span><strong><span dir=\"auto\">creaci\u00f3n de 10.000 nuevas plazas,<\/span><\/strong><span dir=\"auto\">\u00a0as\u00ed como la voluntad expl\u00edcita<span>\u00a0<\/span><\/span><strong><span dir=\"auto\">de revertir los malos resultados acad\u00e9micos y reducir el abandono escolar.\u00a0 <\/span><\/strong><span dir=\"auto\">Este compromiso se complementaba con un plan de choque para reforzar el uso social del catal\u00e1n, definido como \u00abcolumna vertebral\u00bb de la cohesi\u00f3n nacional.<\/span><\/p>\n<p><span dir=\"auto\">En el terreno institucional,<\/span><strong><span dir=\"auto\">\u00a0la reforma administrativa<\/span><\/strong><span dir=\"auto\"><span>\u00a0<\/span>se presentaba como una transformaci\u00f3n estructural del sector p\u00fablico, basada en la simplificaci\u00f3n normativa y la digitalizaci\u00f3n. Esta agenda se conectaba con la negociaci\u00f3n de un nuevo modelo de financiaci\u00f3n singular, incluyendo la creaci\u00f3n de un consorcio tributario con el Estado y la condonaci\u00f3n parcial de la deuda.<\/span><\/p>\n<p><span dir=\"auto\"><span class=\"VIpgJd-yAWNEb-VIpgJd-fmcmS-sn54Q\" dir=\"auto\">El cap\u00edtulo de infraestructuras completaba el programa:<span>\u00a0<\/span><\/span><\/span><strong><span dir=\"auto\"><span class=\"VIpgJd-yAWNEb-VIpgJd-fmcmS-sn54Q\" dir=\"auto\">culminaci\u00f3n del traspaso de Cercan\u00edas, ampliaci\u00f3n<\/span><\/span><\/strong><span dir=\"auto\"><span class=\"VIpgJd-yAWNEb-VIpgJd-fmcmS-sn54Q\" dir=\"auto\">\u00a0<strong>del aeropuerto de El Prat<\/strong> con una inversi\u00f3n superior a 1.700 millones de euros e impulso del <strong>corredor mediterr\u00e1neo<\/strong>. A esto se a\u00f1ad\u00edan nuevos planes anunciados entre 2025 y 2026: el Pla de Barris (1.000 millones),<span>\u00a0<\/span><\/span><\/span><strong><span dir=\"auto\"><span class=\"VIpgJd-yAWNEb-VIpgJd-fmcmS-sn54Q\" dir=\"auto\">medidas sobre la dependencia, <\/span><\/span><\/strong><span dir=\"auto\"><span class=\"VIpgJd-yAWNEb-VIpgJd-fmcmS-sn54Q\" dir=\"auto\">refuerzo de los bomberos con un aumento del 36,8% de plantilla.<\/span><\/span><\/p>\n<p><span dir=\"auto\">El resultado global es el de un gobierno con una extraordinaria densidad de inputs program\u00e1ticos. La cuesti\u00f3n decisiva es si esa arquitectura normativa ha empezado a traducirse en realidad o no es as\u00ed. De ah\u00ed que haya que ver <strong><a href=\"https:\/\/conversesacatalunya.cat\/es\/salvador-illa-mss-alla-de-las-promesas-lo-que-se-ha-hecho\/\" target=\"_blank\" rel=\"noopener\">qu\u00e9 se ha conseguido<\/a><\/strong>.<\/span><\/p>\n<span class='bctt-click-to-tweet'><span class='bctt-ctt-text'><a href='https:\/\/twitter.com\/intent\/tweet?url=https%3A%2F%2Fconversesacatalunya.cat%2Fes%2Filla-antes-de-los-presupuestos%2F&#038;text=Illa%20debe%20rendir%20cuentas%20de%20lo%20que%20ha%20hecho%20y%20del%20estado%20de%20sus%20numerosas%20promesas.%20Sin%20este%20ejercicio%20de%20memoria%20pol%C3%ADtica%20no%20existe%20rendici%C3%B3n%20de%20cuentas%20posible.&#038;via=conversesacat&#038;related=conversesacat' target='_blank'rel=\"noopener noreferrer\">Illa debe rendir cuentas de lo que ha hecho y del estado de sus numerosas promesas. Sin este ejercicio de memoria pol\u00edtica no existe rendici\u00f3n de cuentas posible. <\/a><\/span><a href='https:\/\/twitter.com\/intent\/tweet?url=https%3A%2F%2Fconversesacatalunya.cat%2Fes%2Filla-antes-de-los-presupuestos%2F&#038;text=Illa%20debe%20rendir%20cuentas%20de%20lo%20que%20ha%20hecho%20y%20del%20estado%20de%20sus%20numerosas%20promesas.%20Sin%20este%20ejercicio%20de%20memoria%20pol%C3%ADtica%20no%20existe%20rendici%C3%B3n%20de%20cuentas%20posible.&#038;via=conversesacat&#038;related=conversesacat' target='_blank' class='bctt-ctt-btn'rel=\"noopener noreferrer\">Compartir en X<\/a><\/span>\n","protected":false},"excerpt":{"rendered":"<p>Salvador Illa parece muy condicionado por el\u00a0parip\u00e9\u00a0de ERC para aprobar los presupuestos de este a\u00f1o, que en estos momentos y en el mejor de los casos solo tendr\u00e1n plena vigencia durante medio a\u00f1o. Lo que nos interesa a los ciudadanos y que Illa no hace, ya que ni el Parlamento se lo impone ni lo que llaman las \u201cfuerzas vivas\u201d \u2014y algunas lo son y muy vivas\u2014 no le demandan, es rendir cuentas de lo que ha hecho y del estado de sus\u00a0numerosas promesas. Sin ese ejercicio de memoria pol\u00edtica no hay rendici\u00f3n de cuentas posible. Illa estructur\u00f3 su proyecto en torno a un concepto central: la \u201cprosperidad compartida\u201d. Este marco ret\u00f3rico se traduce en un programa con notable densidad de planes sectoriales y objetivos cuantitativos. El primer gesto simb\u00f3lico deb\u00eda ser el decreto contra\u00a0la sequ\u00eda, con una inversi\u00f3n prevista de 3.500 millones de euros hasta el 2030 para reforzar infraestructuras h\u00eddricas y alcanzar un 70% de autonom\u00eda en suministro en el 2027. Hoy la sequ\u00eda est\u00e1 olvidada gracias a la lluvia abundante, y de los avances del Plan tenemos pocas noticias. Esta apuesta se vinculaba con\u00a0la transici\u00f3n energ\u00e9tica. El gobierno asumi\u00f3 como objetivo estrat\u00e9gico alcanzar el 50% de autonom\u00eda el\u00e9ctrica en 2030, con el despliegue de 12.000 MW de renovables en el marco del PROENCAT 2050. La energ\u00eda y el agua se configuraban as\u00ed como ejes estructurales de competitividad. El segundo\u00a0gran pilar program\u00e1tico es la vivienda. El plan inicial de 50.000 pisos p\u00fablicos hasta 2030 -con una inversi\u00f3n estimada de 8.300 millones de euros- se ampli\u00f3 en 2025 hasta un objetivo global de 210.000 viviendas, combinando promoci\u00f3n directa, colaboraci\u00f3n p\u00fablico-privada y adquisiciones. El gobierno identificaba esta pol\u00edtica como el principal instrumento de cohesi\u00f3n social y emancipaci\u00f3n juvenil. En sanidad, el compromiso\u00a0era elevar el gasto al 7% del PIB\u00a0catal\u00e1n, con un m\u00ednimo del 25% destinado a la atenci\u00f3n primaria. Tambi\u00e9n se anunci\u00f3 la mejora de la accesibilidad, incluyendo la posibilidad\u00a0de atenci\u00f3n en los CAP sin cita previa.\u00a0 Paralelamente, se planteaba un incremento sustancial de la formaci\u00f3n m\u00e9dica, con el objetivo de\u00a0pasar de 1.300 a 2.000 plazas de medicina en 2030. El \u00e1mbito educativo incorporaba la universalizaci\u00f3n de la\u00a0gratuidad de la etapa 0-3 a\u00f1os,\u00a0con la\u00a0creaci\u00f3n de 10.000 nuevas plazas,\u00a0as\u00ed como la voluntad expl\u00edcita\u00a0de revertir los malos resultados acad\u00e9micos y reducir el abandono escolar.\u00a0 Este compromiso se complementaba con un plan de choque para reforzar el uso social del catal\u00e1n, definido como \u00abcolumna vertebral\u00bb de la cohesi\u00f3n nacional. En el terreno institucional,\u00a0la reforma administrativa\u00a0se presentaba como una transformaci\u00f3n estructural del sector p\u00fablico, basada en la simplificaci\u00f3n normativa y la digitalizaci\u00f3n. Esta agenda se conectaba con la negociaci\u00f3n de un nuevo modelo de financiaci\u00f3n singular, incluyendo la creaci\u00f3n de un consorcio tributario con el Estado y la condonaci\u00f3n parcial de la deuda. El cap\u00edtulo de infraestructuras completaba el programa:\u00a0culminaci\u00f3n del traspaso de Cercan\u00edas, ampliaci\u00f3n\u00a0del aeropuerto de El Prat con una inversi\u00f3n superior a 1.700 millones de euros e impulso del corredor mediterr\u00e1neo. A esto se a\u00f1ad\u00edan nuevos planes anunciados entre 2025 y 2026: el Pla de Barris (1.000 millones),\u00a0medidas sobre la dependencia, refuerzo de los bomberos con un aumento del 36,8% de plantilla. El resultado global es el de un gobierno con una extraordinaria densidad de inputs program\u00e1ticos. La cuesti\u00f3n decisiva es si esa arquitectura normativa ha empezado a traducirse en realidad o no es as\u00ed. De ah\u00ed que haya que ver qu\u00e9 se ha conseguido.<\/p>\n","protected":false},"author":81,"featured_media":97116,"comment_status":"open","ping_status":"open","sticky":false,"template":"","format":"standard","meta":{"_FSMCFIC_featured_image_caption":"","_FSMCFIC_featured_image_nocaption":"","_FSMCFIC_featured_image_hide":"","footnotes":""},"categories":[806],"tags":[3079],"class_list":["post-97122","post","type-post","status-publish","format-standard","has-post-thumbnail","hentry","category-punts-claus-del-dia-es","tag-salvador-illa"],"yoast_head":"<!-- This site is optimized with the Yoast SEO plugin v26.8 - https:\/\/yoast.com\/product\/yoast-seo-wordpress\/ -->\n<title>Salvador Illa antes de los presupuestos (I): una legislatura de promesas - Converses a Catalunya<\/title>\n<meta name=\"description\" content=\"An\u00e1lisis de los compromisos y promesas del Gobierno Illa antes de los presupuestos: vivienda, sanidad, energ\u00eda y reforma institucional.\" \/>\n<meta name=\"robots\" content=\"index, follow, max-snippet:-1, max-image-preview:large, max-video-preview:-1\" \/>\n<link rel=\"canonical\" href=\"https:\/\/conversesacatalunya.cat\/es\/illa-antes-de-los-presupuestos\/\" \/>\n<meta property=\"og:locale\" content=\"es_ES\" \/>\n<meta property=\"og:type\" content=\"article\" \/>\n<meta property=\"og:title\" content=\"Salvador Illa antes de los presupuestos (I): una legislatura de promesas - Converses a Catalunya\" \/>\n<meta property=\"og:description\" content=\"An\u00e1lisis de los compromisos y promesas del Gobierno Illa antes de los presupuestos: vivienda, sanidad, energ\u00eda y reforma institucional.\" \/>\n<meta property=\"og:url\" content=\"https:\/\/conversesacatalunya.cat\/es\/illa-antes-de-los-presupuestos\/\" \/>\n<meta property=\"og:site_name\" content=\"Converses a Catalunya\" \/>\n<meta property=\"article:published_time\" content=\"2026-03-13T08:33:55+00:00\" \/>\n<meta property=\"article:modified_time\" content=\"2026-03-15T05:20:15+00:00\" \/>\n<meta property=\"og:image\" content=\"https:\/\/conversesacatalunya.cat\/wp-content\/uploads\/2026\/03\/Imagen1-7.jpg\" \/>\n\t<meta property=\"og:image:width\" content=\"1325\" \/>\n\t<meta property=\"og:image:height\" content=\"883\" \/>\n\t<meta property=\"og:image:type\" content=\"image\/jpeg\" \/>\n<meta name=\"author\" content=\"Emili Clos\" \/>\n<meta name=\"twitter:card\" content=\"summary_large_image\" \/>\n<meta name=\"twitter:label1\" content=\"Escrito por\" \/>\n\t<meta name=\"twitter:data1\" content=\"Emili Clos\" \/>\n\t<meta name=\"twitter:label2\" content=\"Tiempo de lectura\" \/>\n\t<meta name=\"twitter:data2\" content=\"3 minutos\" \/>\n<script type=\"application\/ld+json\" class=\"yoast-schema-graph\">{\"@context\":\"https:\/\/schema.org\",\"@graph\":[{\"@type\":\"Article\",\"@id\":\"https:\/\/conversesacatalunya.cat\/es\/illa-antes-de-los-presupuestos\/#article\",\"isPartOf\":{\"@id\":\"https:\/\/conversesacatalunya.cat\/es\/illa-antes-de-los-presupuestos\/\"},\"author\":{\"name\":\"Emili Clos\",\"@id\":\"https:\/\/conversesacatalunya.cat\/#\/schema\/person\/46306de4129bccb959ed5e1720c4e3e7\"},\"headline\":\"Salvador Illa antes de los presupuestos (I): una legislatura de promesas\",\"datePublished\":\"2026-03-13T08:33:55+00:00\",\"dateModified\":\"2026-03-15T05:20:15+00:00\",\"mainEntityOfPage\":{\"@id\":\"https:\/\/conversesacatalunya.cat\/es\/illa-antes-de-los-presupuestos\/\"},\"wordCount\":664,\"commentCount\":0,\"image\":{\"@id\":\"https:\/\/conversesacatalunya.cat\/es\/illa-antes-de-los-presupuestos\/#primaryimage\"},\"thumbnailUrl\":\"https:\/\/conversesacatalunya.cat\/wp-content\/uploads\/2026\/03\/Imagen1-7.jpg\",\"keywords\":[\"Salvador Illa\"],\"articleSection\":[\"Punts clau del dia (ES)\"],\"inLanguage\":\"es\",\"potentialAction\":[{\"@type\":\"CommentAction\",\"name\":\"Comment\",\"target\":[\"https:\/\/conversesacatalunya.cat\/es\/illa-antes-de-los-presupuestos\/#respond\"]}]},{\"@type\":\"WebPage\",\"@id\":\"https:\/\/conversesacatalunya.cat\/es\/illa-antes-de-los-presupuestos\/\",\"url\":\"https:\/\/conversesacatalunya.cat\/es\/illa-antes-de-los-presupuestos\/\",\"name\":\"Salvador Illa antes de los presupuestos (I): una legislatura de promesas - Converses a Catalunya\",\"isPartOf\":{\"@id\":\"https:\/\/conversesacatalunya.cat\/#website\"},\"primaryImageOfPage\":{\"@id\":\"https:\/\/conversesacatalunya.cat\/es\/illa-antes-de-los-presupuestos\/#primaryimage\"},\"image\":{\"@id\":\"https:\/\/conversesacatalunya.cat\/es\/illa-antes-de-los-presupuestos\/#primaryimage\"},\"thumbnailUrl\":\"https:\/\/conversesacatalunya.cat\/wp-content\/uploads\/2026\/03\/Imagen1-7.jpg\",\"datePublished\":\"2026-03-13T08:33:55+00:00\",\"dateModified\":\"2026-03-15T05:20:15+00:00\",\"author\":{\"@id\":\"https:\/\/conversesacatalunya.cat\/#\/schema\/person\/46306de4129bccb959ed5e1720c4e3e7\"},\"description\":\"An\u00e1lisis de los compromisos y promesas del Gobierno Illa antes de los presupuestos: vivienda, sanidad, energ\u00eda y reforma institucional.\",\"breadcrumb\":{\"@id\":\"https:\/\/conversesacatalunya.cat\/es\/illa-antes-de-los-presupuestos\/#breadcrumb\"},\"inLanguage\":\"es\",\"potentialAction\":[{\"@type\":\"ReadAction\",\"target\":[\"https:\/\/conversesacatalunya.cat\/es\/illa-antes-de-los-presupuestos\/\"]}]},{\"@type\":\"ImageObject\",\"inLanguage\":\"es\",\"@id\":\"https:\/\/conversesacatalunya.cat\/es\/illa-antes-de-los-presupuestos\/#primaryimage\",\"url\":\"https:\/\/conversesacatalunya.cat\/wp-content\/uploads\/2026\/03\/Imagen1-7.jpg\",\"contentUrl\":\"https:\/\/conversesacatalunya.cat\/wp-content\/uploads\/2026\/03\/Imagen1-7.jpg\",\"width\":1325,\"height\":883,\"caption\":\"Illa promesas\"},{\"@type\":\"BreadcrumbList\",\"@id\":\"https:\/\/conversesacatalunya.cat\/es\/illa-antes-de-los-presupuestos\/#breadcrumb\",\"itemListElement\":[{\"@type\":\"ListItem\",\"position\":1,\"name\":\"Inici\",\"item\":\"https:\/\/conversesacatalunya.cat\/es\/\"},{\"@type\":\"ListItem\",\"position\":2,\"name\":\"Salvador Illa antes de los presupuestos (I): una legislatura de promesas\"}]},{\"@type\":\"WebSite\",\"@id\":\"https:\/\/conversesacatalunya.cat\/#website\",\"url\":\"https:\/\/conversesacatalunya.cat\/\",\"name\":\"Converses a Catalunya\",\"description\":\"\",\"potentialAction\":[{\"@type\":\"SearchAction\",\"target\":{\"@type\":\"EntryPoint\",\"urlTemplate\":\"https:\/\/conversesacatalunya.cat\/?s={search_term_string}\"},\"query-input\":{\"@type\":\"PropertyValueSpecification\",\"valueRequired\":true,\"valueName\":\"search_term_string\"}}],\"inLanguage\":\"es\"},{\"@type\":\"Person\",\"@id\":\"https:\/\/conversesacatalunya.cat\/#\/schema\/person\/46306de4129bccb959ed5e1720c4e3e7\",\"name\":\"Emili Clos\",\"image\":{\"@type\":\"ImageObject\",\"inLanguage\":\"es\",\"@id\":\"https:\/\/conversesacatalunya.cat\/#\/schema\/person\/image\/\",\"url\":\"https:\/\/conversesacatalunya.cat\/wp-content\/litespeed\/avatar\/a9a662bd802eed79498de818aef91cc9.jpg?ver=1777096184\",\"contentUrl\":\"https:\/\/conversesacatalunya.cat\/wp-content\/litespeed\/avatar\/a9a662bd802eed79498de818aef91cc9.jpg?ver=1777096184\",\"caption\":\"Emili Clos\"},\"url\":\"https:\/\/conversesacatalunya.cat\/es\/author\/emili_clos\/\"}]}<\/script>\n<!-- \/ Yoast SEO plugin. -->","yoast_head_json":{"title":"Salvador Illa antes de los presupuestos (I): una legislatura de promesas - Converses a Catalunya","description":"An\u00e1lisis de los compromisos y promesas del Gobierno Illa antes de los presupuestos: vivienda, sanidad, energ\u00eda y reforma institucional.","robots":{"index":"index","follow":"follow","max-snippet":"max-snippet:-1","max-image-preview":"max-image-preview:large","max-video-preview":"max-video-preview:-1"},"canonical":"https:\/\/conversesacatalunya.cat\/es\/illa-antes-de-los-presupuestos\/","og_locale":"es_ES","og_type":"article","og_title":"Salvador Illa antes de los presupuestos (I): una legislatura de promesas - Converses a Catalunya","og_description":"An\u00e1lisis de los compromisos y promesas del Gobierno Illa antes de los presupuestos: vivienda, sanidad, energ\u00eda y reforma institucional.","og_url":"https:\/\/conversesacatalunya.cat\/es\/illa-antes-de-los-presupuestos\/","og_site_name":"Converses a Catalunya","article_published_time":"2026-03-13T08:33:55+00:00","article_modified_time":"2026-03-15T05:20:15+00:00","og_image":[{"width":1325,"height":883,"url":"https:\/\/conversesacatalunya.cat\/wp-content\/uploads\/2026\/03\/Imagen1-7.jpg","type":"image\/jpeg"}],"author":"Emili Clos","twitter_card":"summary_large_image","twitter_misc":{"Escrito por":"Emili Clos","Tiempo de lectura":"3 minutos"},"schema":{"@context":"https:\/\/schema.org","@graph":[{"@type":"Article","@id":"https:\/\/conversesacatalunya.cat\/es\/illa-antes-de-los-presupuestos\/#article","isPartOf":{"@id":"https:\/\/conversesacatalunya.cat\/es\/illa-antes-de-los-presupuestos\/"},"author":{"name":"Emili Clos","@id":"https:\/\/conversesacatalunya.cat\/#\/schema\/person\/46306de4129bccb959ed5e1720c4e3e7"},"headline":"Salvador Illa antes de los presupuestos (I): una legislatura de promesas","datePublished":"2026-03-13T08:33:55+00:00","dateModified":"2026-03-15T05:20:15+00:00","mainEntityOfPage":{"@id":"https:\/\/conversesacatalunya.cat\/es\/illa-antes-de-los-presupuestos\/"},"wordCount":664,"commentCount":0,"image":{"@id":"https:\/\/conversesacatalunya.cat\/es\/illa-antes-de-los-presupuestos\/#primaryimage"},"thumbnailUrl":"https:\/\/conversesacatalunya.cat\/wp-content\/uploads\/2026\/03\/Imagen1-7.jpg","keywords":["Salvador Illa"],"articleSection":["Punts clau del dia (ES)"],"inLanguage":"es","potentialAction":[{"@type":"CommentAction","name":"Comment","target":["https:\/\/conversesacatalunya.cat\/es\/illa-antes-de-los-presupuestos\/#respond"]}]},{"@type":"WebPage","@id":"https:\/\/conversesacatalunya.cat\/es\/illa-antes-de-los-presupuestos\/","url":"https:\/\/conversesacatalunya.cat\/es\/illa-antes-de-los-presupuestos\/","name":"Salvador Illa antes de los presupuestos (I): una legislatura de promesas - Converses a Catalunya","isPartOf":{"@id":"https:\/\/conversesacatalunya.cat\/#website"},"primaryImageOfPage":{"@id":"https:\/\/conversesacatalunya.cat\/es\/illa-antes-de-los-presupuestos\/#primaryimage"},"image":{"@id":"https:\/\/conversesacatalunya.cat\/es\/illa-antes-de-los-presupuestos\/#primaryimage"},"thumbnailUrl":"https:\/\/conversesacatalunya.cat\/wp-content\/uploads\/2026\/03\/Imagen1-7.jpg","datePublished":"2026-03-13T08:33:55+00:00","dateModified":"2026-03-15T05:20:15+00:00","author":{"@id":"https:\/\/conversesacatalunya.cat\/#\/schema\/person\/46306de4129bccb959ed5e1720c4e3e7"},"description":"An\u00e1lisis de los compromisos y promesas del Gobierno Illa antes de los presupuestos: vivienda, sanidad, energ\u00eda y reforma institucional.","breadcrumb":{"@id":"https:\/\/conversesacatalunya.cat\/es\/illa-antes-de-los-presupuestos\/#breadcrumb"},"inLanguage":"es","potentialAction":[{"@type":"ReadAction","target":["https:\/\/conversesacatalunya.cat\/es\/illa-antes-de-los-presupuestos\/"]}]},{"@type":"ImageObject","inLanguage":"es","@id":"https:\/\/conversesacatalunya.cat\/es\/illa-antes-de-los-presupuestos\/#primaryimage","url":"https:\/\/conversesacatalunya.cat\/wp-content\/uploads\/2026\/03\/Imagen1-7.jpg","contentUrl":"https:\/\/conversesacatalunya.cat\/wp-content\/uploads\/2026\/03\/Imagen1-7.jpg","width":1325,"height":883,"caption":"Illa promesas"},{"@type":"BreadcrumbList","@id":"https:\/\/conversesacatalunya.cat\/es\/illa-antes-de-los-presupuestos\/#breadcrumb","itemListElement":[{"@type":"ListItem","position":1,"name":"Inici","item":"https:\/\/conversesacatalunya.cat\/es\/"},{"@type":"ListItem","position":2,"name":"Salvador Illa antes de los presupuestos (I): una legislatura de promesas"}]},{"@type":"WebSite","@id":"https:\/\/conversesacatalunya.cat\/#website","url":"https:\/\/conversesacatalunya.cat\/","name":"Converses a Catalunya","description":"","potentialAction":[{"@type":"SearchAction","target":{"@type":"EntryPoint","urlTemplate":"https:\/\/conversesacatalunya.cat\/?s={search_term_string}"},"query-input":{"@type":"PropertyValueSpecification","valueRequired":true,"valueName":"search_term_string"}}],"inLanguage":"es"},{"@type":"Person","@id":"https:\/\/conversesacatalunya.cat\/#\/schema\/person\/46306de4129bccb959ed5e1720c4e3e7","name":"Emili Clos","image":{"@type":"ImageObject","inLanguage":"es","@id":"https:\/\/conversesacatalunya.cat\/#\/schema\/person\/image\/","url":"https:\/\/conversesacatalunya.cat\/wp-content\/litespeed\/avatar\/a9a662bd802eed79498de818aef91cc9.jpg?ver=1777096184","contentUrl":"https:\/\/conversesacatalunya.cat\/wp-content\/litespeed\/avatar\/a9a662bd802eed79498de818aef91cc9.jpg?ver=1777096184","caption":"Emili Clos"},"url":"https:\/\/conversesacatalunya.cat\/es\/author\/emili_clos\/"}]}},"wps_subtitle":"Illa parece muy condicionado por el parip\u00e9 de ERC para aprobar los presupuestos de este a\u00f1o, que en estos momentos y en el mejor de los casos, s\u00f3lo tendr\u00e1n plena vigencia durante medio a\u00f1o.","_links":{"self":[{"href":"https:\/\/conversesacatalunya.cat\/es\/wp-json\/wp\/v2\/posts\/97122","targetHints":{"allow":["GET"]}}],"collection":[{"href":"https:\/\/conversesacatalunya.cat\/es\/wp-json\/wp\/v2\/posts"}],"about":[{"href":"https:\/\/conversesacatalunya.cat\/es\/wp-json\/wp\/v2\/types\/post"}],"author":[{"embeddable":true,"href":"https:\/\/conversesacatalunya.cat\/es\/wp-json\/wp\/v2\/users\/81"}],"replies":[{"embeddable":true,"href":"https:\/\/conversesacatalunya.cat\/es\/wp-json\/wp\/v2\/comments?post=97122"}],"version-history":[{"count":6,"href":"https:\/\/conversesacatalunya.cat\/es\/wp-json\/wp\/v2\/posts\/97122\/revisions"}],"predecessor-version":[{"id":97150,"href":"https:\/\/conversesacatalunya.cat\/es\/wp-json\/wp\/v2\/posts\/97122\/revisions\/97150"}],"wp:featuredmedia":[{"embeddable":true,"href":"https:\/\/conversesacatalunya.cat\/es\/wp-json\/wp\/v2\/media\/97116"}],"wp:attachment":[{"href":"https:\/\/conversesacatalunya.cat\/es\/wp-json\/wp\/v2\/media?parent=97122"}],"wp:term":[{"taxonomy":"category","embeddable":true,"href":"https:\/\/conversesacatalunya.cat\/es\/wp-json\/wp\/v2\/categories?post=97122"},{"taxonomy":"post_tag","embeddable":true,"href":"https:\/\/conversesacatalunya.cat\/es\/wp-json\/wp\/v2\/tags?post=97122"}],"curies":[{"name":"wp","href":"https:\/\/api.w.org\/{rel}","templated":true}]}}