{"id":97100,"date":"2026-03-12T09:13:52","date_gmt":"2026-03-12T08:13:52","guid":{"rendered":"https:\/\/conversesacatalunya.cat\/?p=97100"},"modified":"2026-03-12T09:33:10","modified_gmt":"2026-03-12T08:33:10","slug":"inmigracion-pib-productividad-espana","status":"publish","type":"post","link":"https:\/\/conversesacatalunya.cat\/es\/inmigracion-pib-productividad-espana\/","title":{"rendered":"Inmigraci\u00f3n, PIB y productividad: el debate que Espa\u00f1a evita y que tambi\u00e9n marcar\u00e1 el futuro de Catalu\u00f1a"},"content":{"rendered":"<p><span>El debate sobre las pol\u00edticas inmigratorias es central en Europa, tiene cada vez mayor protagonismo en el escenario espa\u00f1ol y es vital en el caso de algunas comunidades que acumulan r\u00e9cords de inmigrantes y disponen de una lengua y una cultura propia mucho m\u00e1s d\u00e9bil demogr\u00e1ficamente que la castellana o espa\u00f1ola. Es el caso de Catalu\u00f1a, que adem\u00e1s es una de las comunidades con mayor n\u00famero de personas musulmanas, lo que puede comportar procesos de integraci\u00f3n m\u00e1s complejos.<\/span><\/p>\n<p><span dir=\"auto\"><span class=\"VIpgJd-yAWNEb-VIpgJd-fmcmS-sn54Q\" dir=\"auto\">Las interpretaciones simples del fen\u00f3meno \u2014en la l\u00ednea del \u00abtodo es bueno\u00bb\u2014, como la que hace el gobierno y sus aliados de extrema izquierda, impiden abordar bien el problema. Pueden<span>\u00a0<\/span><\/span><\/span><strong><span dir=\"auto\"><span class=\"VIpgJd-yAWNEb-VIpgJd-fmcmS-sn54Q\" dir=\"auto\">ser pan para hoy y hambre para ma\u00f1ana<\/span><\/span><\/strong><span dir=\"auto\"><span class=\"VIpgJd-yAWNEb-VIpgJd-fmcmS-sn54Q\" dir=\"auto\">, depositando una nueva losa sobre la ya pesada carga que tendr\u00e1n que soportar los j\u00f3venes.<\/span><\/span><\/p>\n<p><strong><span dir=\"auto\">S\u00f3lo tres aspectos con consecuencias determinantes sobre las condiciones de vida dan ya una idea de la magnitud de su impacto.<\/span><\/strong><\/p>\n<p><span dir=\"auto\">Entre 2022 y 2025, m\u00e1s de<span>\u00a0<\/span><\/span><strong><span dir=\"auto\">2,5 millones de inmigrantes<\/span><\/strong><span dir=\"auto\"><span>\u00a0<\/span>han contribuido a desajustar el mercado de<span>\u00a0<\/span><\/span><strong><span dir=\"auto\">la vivienda<\/span><\/strong><span dir=\"auto\">, acentuando una crisis hist\u00f3rica de dif\u00edcil resoluci\u00f3n. Tambi\u00e9n han tensionado hasta el l\u00edmite la<span>\u00a0<\/span><\/span><strong><span dir=\"auto\">capacidad educativa<\/span><\/strong><span dir=\"auto\"><span>\u00a0<\/span>de los centros escolares situados en zonas con elevada concentraci\u00f3n de inmigraci\u00f3n. Y, por \u00faltimo, cabe recordar que, dado el desequilibrio actuarial del sistema de pensiones, una parte importante de estos acentuar\u00e1n el d\u00e9ficit de la Seguridad Social cuando pasen a percibir la jubilaci\u00f3n.<\/span><\/p>\n<h5><strong><span dir=\"auto\"><span class=\"VIpgJd-yAWNEb-VIpgJd-fmcmS-sn54Q\" dir=\"auto\">Ahora bien, el planteamiento opuesto \u2014la negativa absoluta a la inmigraci\u00f3n\u2014 tampoco aporta soluciones reales.<\/span><\/span><\/strong><\/h5>\n<p><span dir=\"auto\">Esta inmigraci\u00f3n masiva, aunque tiende a reducir ligeramente la productividad media del sistema, ha mejorado el PIB per c\u00e1pita gracias a la combinaci\u00f3n<span>\u00a0<\/span><\/span><strong><span dir=\"auto\">de efecto demogr\u00e1fico y aumento del empleo<\/span><\/strong><span dir=\"auto\"><span>\u00a0<\/span>. Esto no significa que todos los ingresos hayan mejorado; b\u00e1sicamente lo han hecho los perceptores del salario m\u00ednimo interprofesional, tal y como explica<span>\u00a0<\/span><\/span><strong><span dir=\"auto\">Marc Mir\u00f3<\/span><\/strong><span dir=\"auto\"><span>\u00a0<\/span>en<span>\u00a0<\/span><\/span><a href=\"https:\/\/conversesacatalunya.cat\/es\/productividad-salarios-espana-poder-adquisitivo\/\" target=\"_blank\" rel=\"noopener\"><strong><span dir=\"auto\">un art\u00edculo<\/span><\/strong><\/a><span dir=\"auto\">.<\/span><\/p>\n<p><span dir=\"auto\">La conclusi\u00f3n es clara: si no hubiera inmigraci\u00f3n, el pa\u00eds solo podr\u00eda mantener su nivel de crecimiento mejorando notablemente su productividad. En otras palabras, aquellos que exigen restringir o expulsar a inmigrantes \u2014posici\u00f3n defendida especialmente por<span>\u00a0<\/span><\/span><strong><span dir=\"auto\">VOX<\/span><\/strong><span dir=\"auto\"><span>\u00a0<\/span>y, en Catalu\u00f1a, tambi\u00e9n por<span>\u00a0<\/span><\/span><strong><span dir=\"auto\">Alian\u00e7a Catalana\u2014<\/span><\/strong><span dir=\"auto\"><span>\u00a0<\/span>enga\u00f1an al p\u00fablico si no sit\u00faan como prioridad absoluta el aumento de la productividad.<\/span><\/p>\n<p><strong><span dir=\"auto\">Para entenderlo mejor, es necesario observar los datos del per\u00edodo 2022-2025.<\/span><\/strong><\/p>\n<p><span dir=\"auto\">Entre 2022 y 2025, el PIB nominal de Espa\u00f1a pas\u00f3 de 1.373.629 millones de euros a 1.685.783 millones, mientras que el crecimiento real anual se moder\u00f3 tras el rebote pospandemia: 6,4% (2022), 2,5% (2023), 3,5% (2024) y 2,8% (2025).<\/span><\/p>\n<p><span dir=\"auto\">Demogr\u00e1ficamente, Espa\u00f1a mantuvo un saldo vegetativo negativo durante todo el per\u00edodo: \u2212133.250 (2022), \u2212113.590 (2023), \u2212116.056 (2024) y \u2212122.167 (2025).<\/span><\/p>\n<p><span dir=\"auto\">En cambio, el saldo migratorio exterior fue fuertemente positivo: +727.005 (2022), +642.296 (2023) y +626.268 (2024). Para 2025, el saldo definitivo todav\u00eda no estaba publicado, pero se estima en aproximadamente +564.595 personas.<\/span><\/p>\n<p><span dir=\"auto\"><span class=\"VIpgJd-yAWNEb-VIpgJd-fmcmS-sn54Q\" dir=\"auto\">Si se aplica un ejercicio contrafactual simple \u2014suponiendo inmigraci\u00f3n cero\u2014, la poblaci\u00f3n de 2025 habr\u00eda sido un 4,6% menor. En consecuencia, el PIB total habr\u00eda sido tambi\u00e9n aproximadamente un 4,6% inferior, es decir, unos 78.116 millones de euros menos.<\/span><\/span><\/p>\n<p><strong><span dir=\"auto\">Este c\u00e1lculo es deliberadamente conservador porque supone que la inmigraci\u00f3n solo altera el tama\u00f1o de la poblaci\u00f3n y no el PIB per c\u00e1pita.<\/span><\/strong><\/p>\n<p><span dir=\"auto\">Para analizar con mayor precisi\u00f3n el impacto real, es necesario incorporar los factores de<span>\u00a0<\/span><\/span><strong><span dir=\"auto\">demograf\u00eda, empleo y productividad.<\/span><\/strong><span dir=\"auto\"><span>\u00a0<\/span>El Banco de Espa\u00f1a, en su Bolet\u00edn Econ\u00f3mico (2025\/T2), estima que entre 2022 y 2024 la inmigraci\u00f3n ha aportado entre 0,4 y 0,7 puntos porcentuales anuales al crecimiento del PIB per c\u00e1pita. Este efecto positivo proviene sobre todo de la demograf\u00eda y el empleo, mientras que la productividad por hora ha tenido un impacto ligeramente negativo, estimado entre -0,1 y -0,2 puntos porcentuales.<\/span><\/p>\n<p><strong><span dir=\"auto\">Esto significa que, sin inmigraci\u00f3n, la productividad media habr\u00eda sido ligeramente superior, pero el PIB per c\u00e1pita habr\u00eda crecido menos.<\/span><\/strong><\/p>\n<p><span dir=\"auto\">Para que un escenario con inmigraci\u00f3n cero superara el PIB per c\u00e1pita observado, la productividad deber\u00eda aumentar entre 0,4 y 0,7 puntos porcentuales adicionales cada a\u00f1o. En t\u00e9rminos pr\u00e1cticos, esto implicar\u00eda pasar de un crecimiento de la productividad por hora del 1,1% anual a entre el 1,6% y el 2%.<\/span><\/p>\n<p><span dir=\"auto\">El propio Banco de Espa\u00f1a recuerda que este ejercicio es una descomposici\u00f3n contable, no una identificaci\u00f3n causal completa entre inmigraci\u00f3n y productividad. Pero s\u00ed sirve para acotar \u00f3rdenes de magnitud y entender el problema.<\/span><\/p>\n<h5><strong><span dir=\"auto\"><span class=\"VIpgJd-yAWNEb-VIpgJd-fmcmS-sn54Q\" dir=\"auto\">De esta evidencia se desprende una clara conclusi\u00f3n pol\u00edtica.<\/span><\/span><\/strong><\/h5>\n<p><span dir=\"auto\">La buena pol\u00edtica implica priorizar dos vectores en los que el gobierno de S\u00e1nchez ha fracasado:<\/span><\/p>\n<ol>\n<li><strong><span dir=\"auto\">La productividad.<\/span><\/strong><span dir=\"auto\"> Un fracaso rotundo del gobierno, sobre todo despu\u00e9s de disponer de la oportunidad hist\u00f3rica de los Fondos Next Generation.<\/span><\/li>\n<li><strong><span dir=\"auto\">La familia y la natalidad,<\/span><\/strong><span dir=\"auto\">\u00a0completamente ausentes de la agenda p\u00fablica, por razones ideol\u00f3gicas.<\/span><\/li>\n<\/ol>\n<p><span dir=\"auto\">Estas dos dimensiones -productividad y demograf\u00eda- constituyen las verdaderas claves del futuro econ\u00f3mico y social del pa\u00eds.<\/span><\/p>\n<span class='bctt-click-to-tweet'><span class='bctt-ctt-text'><a href='https:\/\/twitter.com\/intent\/tweet?url=https%3A%2F%2Fconversesacatalunya.cat%2Fes%2Finmigracion-pib-productividad-espana%2F&#038;text=La%20inmigraci%C3%B3n%20ha%20ayudado%20a%20sostener%20al%20PIB%20espa%C3%B1ol.%20Pero%20el%20verdadero%20problema%20es%20otro%3A%20la%20baja%20productividad.%20%23Econom%C3%ADa%20%23Inmigraci%C3%B3n&#038;via=conversesacat&#038;related=conversesacat' target='_blank'rel=\"noopener noreferrer\">La inmigraci\u00f3n ha ayudado a sostener al PIB espa\u00f1ol. Pero el verdadero problema es otro: la baja productividad. #Econom\u00eda #Inmigraci\u00f3n <\/a><\/span><a href='https:\/\/twitter.com\/intent\/tweet?url=https%3A%2F%2Fconversesacatalunya.cat%2Fes%2Finmigracion-pib-productividad-espana%2F&#038;text=La%20inmigraci%C3%B3n%20ha%20ayudado%20a%20sostener%20al%20PIB%20espa%C3%B1ol.%20Pero%20el%20verdadero%20problema%20es%20otro%3A%20la%20baja%20productividad.%20%23Econom%C3%ADa%20%23Inmigraci%C3%B3n&#038;via=conversesacat&#038;related=conversesacat' target='_blank' class='bctt-ctt-btn'rel=\"noopener noreferrer\">Compartir en X<\/a><\/span>\n","protected":false},"excerpt":{"rendered":"<p>El debate sobre las pol\u00edticas inmigratorias es central en Europa, tiene cada vez mayor protagonismo en el escenario espa\u00f1ol y es vital en el caso de algunas comunidades que acumulan r\u00e9cords de inmigrantes y disponen de una lengua y una cultura propia mucho m\u00e1s d\u00e9bil demogr\u00e1ficamente que la castellana o espa\u00f1ola. Es el caso de Catalu\u00f1a, que adem\u00e1s es una de las comunidades con mayor n\u00famero de personas musulmanas, lo que puede comportar procesos de integraci\u00f3n m\u00e1s complejos. Las interpretaciones simples del fen\u00f3meno \u2014en la l\u00ednea del \u00abtodo es bueno\u00bb\u2014, como la que hace el gobierno y sus aliados de extrema izquierda, impiden abordar bien el problema. Pueden\u00a0ser pan para hoy y hambre para ma\u00f1ana, depositando una nueva losa sobre la ya pesada carga que tendr\u00e1n que soportar los j\u00f3venes. S\u00f3lo tres aspectos con consecuencias determinantes sobre las condiciones de vida dan ya una idea de la magnitud de su impacto. Entre 2022 y 2025, m\u00e1s de\u00a02,5 millones de inmigrantes\u00a0han contribuido a desajustar el mercado de\u00a0la vivienda, acentuando una crisis hist\u00f3rica de dif\u00edcil resoluci\u00f3n. Tambi\u00e9n han tensionado hasta el l\u00edmite la\u00a0capacidad educativa\u00a0de los centros escolares situados en zonas con elevada concentraci\u00f3n de inmigraci\u00f3n. Y, por \u00faltimo, cabe recordar que, dado el desequilibrio actuarial del sistema de pensiones, una parte importante de estos acentuar\u00e1n el d\u00e9ficit de la Seguridad Social cuando pasen a percibir la jubilaci\u00f3n. Ahora bien, el planteamiento opuesto \u2014la negativa absoluta a la inmigraci\u00f3n\u2014 tampoco aporta soluciones reales. Esta inmigraci\u00f3n masiva, aunque tiende a reducir ligeramente la productividad media del sistema, ha mejorado el PIB per c\u00e1pita gracias a la combinaci\u00f3n\u00a0de efecto demogr\u00e1fico y aumento del empleo\u00a0. Esto no significa que todos los ingresos hayan mejorado; b\u00e1sicamente lo han hecho los perceptores del salario m\u00ednimo interprofesional, tal y como explica\u00a0Marc Mir\u00f3\u00a0en\u00a0un art\u00edculo. La conclusi\u00f3n es clara: si no hubiera inmigraci\u00f3n, el pa\u00eds solo podr\u00eda mantener su nivel de crecimiento mejorando notablemente su productividad. En otras palabras, aquellos que exigen restringir o expulsar a inmigrantes \u2014posici\u00f3n defendida especialmente por\u00a0VOX\u00a0y, en Catalu\u00f1a, tambi\u00e9n por\u00a0Alian\u00e7a Catalana\u2014\u00a0enga\u00f1an al p\u00fablico si no sit\u00faan como prioridad absoluta el aumento de la productividad. Para entenderlo mejor, es necesario observar los datos del per\u00edodo 2022-2025. Entre 2022 y 2025, el PIB nominal de Espa\u00f1a pas\u00f3 de 1.373.629 millones de euros a 1.685.783 millones, mientras que el crecimiento real anual se moder\u00f3 tras el rebote pospandemia: 6,4% (2022), 2,5% (2023), 3,5% (2024) y 2,8% (2025). Demogr\u00e1ficamente, Espa\u00f1a mantuvo un saldo vegetativo negativo durante todo el per\u00edodo: \u2212133.250 (2022), \u2212113.590 (2023), \u2212116.056 (2024) y \u2212122.167 (2025). En cambio, el saldo migratorio exterior fue fuertemente positivo: +727.005 (2022), +642.296 (2023) y +626.268 (2024). Para 2025, el saldo definitivo todav\u00eda no estaba publicado, pero se estima en aproximadamente +564.595 personas. Si se aplica un ejercicio contrafactual simple \u2014suponiendo inmigraci\u00f3n cero\u2014, la poblaci\u00f3n de 2025 habr\u00eda sido un 4,6% menor. En consecuencia, el PIB total habr\u00eda sido tambi\u00e9n aproximadamente un 4,6% inferior, es decir, unos 78.116 millones de euros menos. Este c\u00e1lculo es deliberadamente conservador porque supone que la inmigraci\u00f3n solo altera el tama\u00f1o de la poblaci\u00f3n y no el PIB per c\u00e1pita. Para analizar con mayor precisi\u00f3n el impacto real, es necesario incorporar los factores de\u00a0demograf\u00eda, empleo y productividad.\u00a0El Banco de Espa\u00f1a, en su Bolet\u00edn Econ\u00f3mico (2025\/T2), estima que entre 2022 y 2024 la inmigraci\u00f3n ha aportado entre 0,4 y 0,7 puntos porcentuales anuales al crecimiento del PIB per c\u00e1pita. Este efecto positivo proviene sobre todo de la demograf\u00eda y el empleo, mientras que la productividad por hora ha tenido un impacto ligeramente negativo, estimado entre -0,1 y -0,2 puntos porcentuales. Esto significa que, sin inmigraci\u00f3n, la productividad media habr\u00eda sido ligeramente superior, pero el PIB per c\u00e1pita habr\u00eda crecido menos. Para que un escenario con inmigraci\u00f3n cero superara el PIB per c\u00e1pita observado, la productividad deber\u00eda aumentar entre 0,4 y 0,7 puntos porcentuales adicionales cada a\u00f1o. En t\u00e9rminos pr\u00e1cticos, esto implicar\u00eda pasar de un crecimiento de la productividad por hora del 1,1% anual a entre el 1,6% y el 2%. El propio Banco de Espa\u00f1a recuerda que este ejercicio es una descomposici\u00f3n contable, no una identificaci\u00f3n causal completa entre inmigraci\u00f3n y productividad. Pero s\u00ed sirve para acotar \u00f3rdenes de magnitud y entender el problema. De esta evidencia se desprende una clara conclusi\u00f3n pol\u00edtica. La buena pol\u00edtica implica priorizar dos vectores en los que el gobierno de S\u00e1nchez ha fracasado: La productividad. Un fracaso rotundo del gobierno, sobre todo despu\u00e9s de disponer de la oportunidad hist\u00f3rica de los Fondos Next Generation. La familia y la natalidad,\u00a0completamente ausentes de la agenda p\u00fablica, por razones ideol\u00f3gicas. Estas dos dimensiones -productividad y demograf\u00eda- constituyen las verdaderas claves del futuro econ\u00f3mico y social del pa\u00eds.<\/p>\n","protected":false},"author":80,"featured_media":97098,"comment_status":"open","ping_status":"open","sticky":false,"template":"","format":"standard","meta":{"_FSMCFIC_featured_image_caption":"","_FSMCFIC_featured_image_nocaption":"","_FSMCFIC_featured_image_hide":"","footnotes":""},"categories":[806],"tags":[1677,1678,4982,4981],"class_list":["post-97100","post","type-post","status-publish","format-standard","has-post-thumbnail","hentry","category-punts-claus-del-dia-es","tag-immigracio-es","tag-inmigracion","tag-productividad","tag-productivitat-es"],"yoast_head":"<!-- This site is optimized with the Yoast SEO plugin v26.8 - https:\/\/yoast.com\/product\/yoast-seo-wordpress\/ -->\n<title>Inmigraci\u00f3n, PIB y productividad: el debate que Espa\u00f1a evita y que tambi\u00e9n marcar\u00e1 el futuro de Catalu\u00f1a - Converses a Catalunya<\/title>\n<meta name=\"description\" content=\"El aumento de la inmigraci\u00f3n ha impulsado el PIB de Espa\u00f1a entre 2022-2025, pero el futuro depende de un facto: productividad y demograf\u00eda.\" \/>\n<meta name=\"robots\" content=\"index, follow, max-snippet:-1, max-image-preview:large, max-video-preview:-1\" \/>\n<link rel=\"canonical\" href=\"https:\/\/conversesacatalunya.cat\/es\/inmigracion-pib-productividad-espana\/\" \/>\n<meta property=\"og:locale\" content=\"es_ES\" \/>\n<meta property=\"og:type\" content=\"article\" \/>\n<meta property=\"og:title\" content=\"Inmigraci\u00f3n, PIB y productividad: el debate que Espa\u00f1a evita y que tambi\u00e9n marcar\u00e1 el futuro de Catalu\u00f1a - Converses a Catalunya\" \/>\n<meta property=\"og:description\" content=\"El aumento de la inmigraci\u00f3n ha impulsado el PIB de Espa\u00f1a entre 2022-2025, pero el futuro depende de un facto: productividad y demograf\u00eda.\" \/>\n<meta property=\"og:url\" content=\"https:\/\/conversesacatalunya.cat\/es\/inmigracion-pib-productividad-espana\/\" \/>\n<meta property=\"og:site_name\" content=\"Converses a Catalunya\" \/>\n<meta property=\"article:published_time\" content=\"2026-03-12T08:13:52+00:00\" \/>\n<meta property=\"article:modified_time\" content=\"2026-03-12T08:33:10+00:00\" \/>\n<meta property=\"og:image\" content=\"https:\/\/conversesacatalunya.cat\/wp-content\/uploads\/2026\/03\/pib.jpg\" \/>\n\t<meta property=\"og:image:width\" content=\"640\" \/>\n\t<meta property=\"og:image:height\" content=\"433\" \/>\n\t<meta property=\"og:image:type\" content=\"image\/jpeg\" \/>\n<meta name=\"author\" content=\"N\u00faria Freixa\" \/>\n<meta name=\"twitter:card\" content=\"summary_large_image\" \/>\n<meta name=\"twitter:label1\" content=\"Escrito por\" \/>\n\t<meta name=\"twitter:data1\" content=\"N\u00faria Freixa\" \/>\n\t<meta name=\"twitter:label2\" content=\"Tiempo de lectura\" \/>\n\t<meta name=\"twitter:data2\" content=\"4 minutos\" \/>\n<script type=\"application\/ld+json\" class=\"yoast-schema-graph\">{\"@context\":\"https:\/\/schema.org\",\"@graph\":[{\"@type\":\"Article\",\"@id\":\"https:\/\/conversesacatalunya.cat\/es\/inmigracion-pib-productividad-espana\/#article\",\"isPartOf\":{\"@id\":\"https:\/\/conversesacatalunya.cat\/es\/inmigracion-pib-productividad-espana\/\"},\"author\":{\"name\":\"N\u00faria Freixa\",\"@id\":\"https:\/\/conversesacatalunya.cat\/#\/schema\/person\/b734752c25b328c819a407cbea568c1f\"},\"headline\":\"Inmigraci\u00f3n, PIB y productividad: el debate que Espa\u00f1a evita y que tambi\u00e9n marcar\u00e1 el futuro de Catalu\u00f1a\",\"datePublished\":\"2026-03-12T08:13:52+00:00\",\"dateModified\":\"2026-03-12T08:33:10+00:00\",\"mainEntityOfPage\":{\"@id\":\"https:\/\/conversesacatalunya.cat\/es\/inmigracion-pib-productividad-espana\/\"},\"wordCount\":891,\"commentCount\":0,\"image\":{\"@id\":\"https:\/\/conversesacatalunya.cat\/es\/inmigracion-pib-productividad-espana\/#primaryimage\"},\"thumbnailUrl\":\"https:\/\/conversesacatalunya.cat\/wp-content\/uploads\/2026\/03\/pib.jpg\",\"keywords\":[\"Immigraci\u00f3\",\"inmigraci\u00f3n\",\"productividad\",\"productivitat\"],\"articleSection\":[\"Punts clau del dia (ES)\"],\"inLanguage\":\"es\",\"potentialAction\":[{\"@type\":\"CommentAction\",\"name\":\"Comment\",\"target\":[\"https:\/\/conversesacatalunya.cat\/es\/inmigracion-pib-productividad-espana\/#respond\"]}]},{\"@type\":\"WebPage\",\"@id\":\"https:\/\/conversesacatalunya.cat\/es\/inmigracion-pib-productividad-espana\/\",\"url\":\"https:\/\/conversesacatalunya.cat\/es\/inmigracion-pib-productividad-espana\/\",\"name\":\"Inmigraci\u00f3n, PIB y productividad: el debate que Espa\u00f1a evita y que tambi\u00e9n marcar\u00e1 el futuro de Catalu\u00f1a - Converses a Catalunya\",\"isPartOf\":{\"@id\":\"https:\/\/conversesacatalunya.cat\/#website\"},\"primaryImageOfPage\":{\"@id\":\"https:\/\/conversesacatalunya.cat\/es\/inmigracion-pib-productividad-espana\/#primaryimage\"},\"image\":{\"@id\":\"https:\/\/conversesacatalunya.cat\/es\/inmigracion-pib-productividad-espana\/#primaryimage\"},\"thumbnailUrl\":\"https:\/\/conversesacatalunya.cat\/wp-content\/uploads\/2026\/03\/pib.jpg\",\"datePublished\":\"2026-03-12T08:13:52+00:00\",\"dateModified\":\"2026-03-12T08:33:10+00:00\",\"author\":{\"@id\":\"https:\/\/conversesacatalunya.cat\/#\/schema\/person\/b734752c25b328c819a407cbea568c1f\"},\"description\":\"El aumento de la inmigraci\u00f3n ha impulsado el PIB de Espa\u00f1a entre 2022-2025, pero el futuro depende de un facto: productividad y demograf\u00eda.\",\"breadcrumb\":{\"@id\":\"https:\/\/conversesacatalunya.cat\/es\/inmigracion-pib-productividad-espana\/#breadcrumb\"},\"inLanguage\":\"es\",\"potentialAction\":[{\"@type\":\"ReadAction\",\"target\":[\"https:\/\/conversesacatalunya.cat\/es\/inmigracion-pib-productividad-espana\/\"]}]},{\"@type\":\"ImageObject\",\"inLanguage\":\"es\",\"@id\":\"https:\/\/conversesacatalunya.cat\/es\/inmigracion-pib-productividad-espana\/#primaryimage\",\"url\":\"https:\/\/conversesacatalunya.cat\/wp-content\/uploads\/2026\/03\/pib.jpg\",\"contentUrl\":\"https:\/\/conversesacatalunya.cat\/wp-content\/uploads\/2026\/03\/pib.jpg\",\"width\":640,\"height\":433,\"caption\":\"PIB 2022-2025\"},{\"@type\":\"BreadcrumbList\",\"@id\":\"https:\/\/conversesacatalunya.cat\/es\/inmigracion-pib-productividad-espana\/#breadcrumb\",\"itemListElement\":[{\"@type\":\"ListItem\",\"position\":1,\"name\":\"Inici\",\"item\":\"https:\/\/conversesacatalunya.cat\/es\/\"},{\"@type\":\"ListItem\",\"position\":2,\"name\":\"Inmigraci\u00f3n, PIB y productividad: el debate que Espa\u00f1a evita y que tambi\u00e9n marcar\u00e1 el futuro de Catalu\u00f1a\"}]},{\"@type\":\"WebSite\",\"@id\":\"https:\/\/conversesacatalunya.cat\/#website\",\"url\":\"https:\/\/conversesacatalunya.cat\/\",\"name\":\"Converses a Catalunya\",\"description\":\"\",\"potentialAction\":[{\"@type\":\"SearchAction\",\"target\":{\"@type\":\"EntryPoint\",\"urlTemplate\":\"https:\/\/conversesacatalunya.cat\/?s={search_term_string}\"},\"query-input\":{\"@type\":\"PropertyValueSpecification\",\"valueRequired\":true,\"valueName\":\"search_term_string\"}}],\"inLanguage\":\"es\"},{\"@type\":\"Person\",\"@id\":\"https:\/\/conversesacatalunya.cat\/#\/schema\/person\/b734752c25b328c819a407cbea568c1f\",\"name\":\"N\u00faria Freixa\",\"image\":{\"@type\":\"ImageObject\",\"inLanguage\":\"es\",\"@id\":\"https:\/\/conversesacatalunya.cat\/#\/schema\/person\/image\/\",\"url\":\"https:\/\/conversesacatalunya.cat\/wp-content\/litespeed\/avatar\/c3686e387186fed249338fe04729c597.jpg?ver=1776684241\",\"contentUrl\":\"https:\/\/conversesacatalunya.cat\/wp-content\/litespeed\/avatar\/c3686e387186fed249338fe04729c597.jpg?ver=1776684241\",\"caption\":\"N\u00faria Freixa\"},\"url\":\"https:\/\/conversesacatalunya.cat\/es\/author\/nuria_freixa\/\"}]}<\/script>\n<!-- \/ Yoast SEO plugin. -->","yoast_head_json":{"title":"Inmigraci\u00f3n, PIB y productividad: el debate que Espa\u00f1a evita y que tambi\u00e9n marcar\u00e1 el futuro de Catalu\u00f1a - Converses a Catalunya","description":"El aumento de la inmigraci\u00f3n ha impulsado el PIB de Espa\u00f1a entre 2022-2025, pero el futuro depende de un facto: productividad y demograf\u00eda.","robots":{"index":"index","follow":"follow","max-snippet":"max-snippet:-1","max-image-preview":"max-image-preview:large","max-video-preview":"max-video-preview:-1"},"canonical":"https:\/\/conversesacatalunya.cat\/es\/inmigracion-pib-productividad-espana\/","og_locale":"es_ES","og_type":"article","og_title":"Inmigraci\u00f3n, PIB y productividad: el debate que Espa\u00f1a evita y que tambi\u00e9n marcar\u00e1 el futuro de Catalu\u00f1a - Converses a Catalunya","og_description":"El aumento de la inmigraci\u00f3n ha impulsado el PIB de Espa\u00f1a entre 2022-2025, pero el futuro depende de un facto: productividad y demograf\u00eda.","og_url":"https:\/\/conversesacatalunya.cat\/es\/inmigracion-pib-productividad-espana\/","og_site_name":"Converses a Catalunya","article_published_time":"2026-03-12T08:13:52+00:00","article_modified_time":"2026-03-12T08:33:10+00:00","og_image":[{"width":640,"height":433,"url":"https:\/\/conversesacatalunya.cat\/wp-content\/uploads\/2026\/03\/pib.jpg","type":"image\/jpeg"}],"author":"N\u00faria Freixa","twitter_card":"summary_large_image","twitter_misc":{"Escrito por":"N\u00faria Freixa","Tiempo de lectura":"4 minutos"},"schema":{"@context":"https:\/\/schema.org","@graph":[{"@type":"Article","@id":"https:\/\/conversesacatalunya.cat\/es\/inmigracion-pib-productividad-espana\/#article","isPartOf":{"@id":"https:\/\/conversesacatalunya.cat\/es\/inmigracion-pib-productividad-espana\/"},"author":{"name":"N\u00faria Freixa","@id":"https:\/\/conversesacatalunya.cat\/#\/schema\/person\/b734752c25b328c819a407cbea568c1f"},"headline":"Inmigraci\u00f3n, PIB y productividad: el debate que Espa\u00f1a evita y que tambi\u00e9n marcar\u00e1 el futuro de Catalu\u00f1a","datePublished":"2026-03-12T08:13:52+00:00","dateModified":"2026-03-12T08:33:10+00:00","mainEntityOfPage":{"@id":"https:\/\/conversesacatalunya.cat\/es\/inmigracion-pib-productividad-espana\/"},"wordCount":891,"commentCount":0,"image":{"@id":"https:\/\/conversesacatalunya.cat\/es\/inmigracion-pib-productividad-espana\/#primaryimage"},"thumbnailUrl":"https:\/\/conversesacatalunya.cat\/wp-content\/uploads\/2026\/03\/pib.jpg","keywords":["Immigraci\u00f3","inmigraci\u00f3n","productividad","productivitat"],"articleSection":["Punts clau del dia (ES)"],"inLanguage":"es","potentialAction":[{"@type":"CommentAction","name":"Comment","target":["https:\/\/conversesacatalunya.cat\/es\/inmigracion-pib-productividad-espana\/#respond"]}]},{"@type":"WebPage","@id":"https:\/\/conversesacatalunya.cat\/es\/inmigracion-pib-productividad-espana\/","url":"https:\/\/conversesacatalunya.cat\/es\/inmigracion-pib-productividad-espana\/","name":"Inmigraci\u00f3n, PIB y productividad: el debate que Espa\u00f1a evita y que tambi\u00e9n marcar\u00e1 el futuro de Catalu\u00f1a - Converses a Catalunya","isPartOf":{"@id":"https:\/\/conversesacatalunya.cat\/#website"},"primaryImageOfPage":{"@id":"https:\/\/conversesacatalunya.cat\/es\/inmigracion-pib-productividad-espana\/#primaryimage"},"image":{"@id":"https:\/\/conversesacatalunya.cat\/es\/inmigracion-pib-productividad-espana\/#primaryimage"},"thumbnailUrl":"https:\/\/conversesacatalunya.cat\/wp-content\/uploads\/2026\/03\/pib.jpg","datePublished":"2026-03-12T08:13:52+00:00","dateModified":"2026-03-12T08:33:10+00:00","author":{"@id":"https:\/\/conversesacatalunya.cat\/#\/schema\/person\/b734752c25b328c819a407cbea568c1f"},"description":"El aumento de la inmigraci\u00f3n ha impulsado el PIB de Espa\u00f1a entre 2022-2025, pero el futuro depende de un facto: productividad y demograf\u00eda.","breadcrumb":{"@id":"https:\/\/conversesacatalunya.cat\/es\/inmigracion-pib-productividad-espana\/#breadcrumb"},"inLanguage":"es","potentialAction":[{"@type":"ReadAction","target":["https:\/\/conversesacatalunya.cat\/es\/inmigracion-pib-productividad-espana\/"]}]},{"@type":"ImageObject","inLanguage":"es","@id":"https:\/\/conversesacatalunya.cat\/es\/inmigracion-pib-productividad-espana\/#primaryimage","url":"https:\/\/conversesacatalunya.cat\/wp-content\/uploads\/2026\/03\/pib.jpg","contentUrl":"https:\/\/conversesacatalunya.cat\/wp-content\/uploads\/2026\/03\/pib.jpg","width":640,"height":433,"caption":"PIB 2022-2025"},{"@type":"BreadcrumbList","@id":"https:\/\/conversesacatalunya.cat\/es\/inmigracion-pib-productividad-espana\/#breadcrumb","itemListElement":[{"@type":"ListItem","position":1,"name":"Inici","item":"https:\/\/conversesacatalunya.cat\/es\/"},{"@type":"ListItem","position":2,"name":"Inmigraci\u00f3n, PIB y productividad: el debate que Espa\u00f1a evita y que tambi\u00e9n marcar\u00e1 el futuro de Catalu\u00f1a"}]},{"@type":"WebSite","@id":"https:\/\/conversesacatalunya.cat\/#website","url":"https:\/\/conversesacatalunya.cat\/","name":"Converses a Catalunya","description":"","potentialAction":[{"@type":"SearchAction","target":{"@type":"EntryPoint","urlTemplate":"https:\/\/conversesacatalunya.cat\/?s={search_term_string}"},"query-input":{"@type":"PropertyValueSpecification","valueRequired":true,"valueName":"search_term_string"}}],"inLanguage":"es"},{"@type":"Person","@id":"https:\/\/conversesacatalunya.cat\/#\/schema\/person\/b734752c25b328c819a407cbea568c1f","name":"N\u00faria Freixa","image":{"@type":"ImageObject","inLanguage":"es","@id":"https:\/\/conversesacatalunya.cat\/#\/schema\/person\/image\/","url":"https:\/\/conversesacatalunya.cat\/wp-content\/litespeed\/avatar\/c3686e387186fed249338fe04729c597.jpg?ver=1776684241","contentUrl":"https:\/\/conversesacatalunya.cat\/wp-content\/litespeed\/avatar\/c3686e387186fed249338fe04729c597.jpg?ver=1776684241","caption":"N\u00faria Freixa"},"url":"https:\/\/conversesacatalunya.cat\/es\/author\/nuria_freixa\/"}]}},"wps_subtitle":"La inmigraci\u00f3n ha impulsado el reciente crecimiento, pero el futuro econ\u00f3mico depender\u00e1 sobre todo de la productividad y la demograf\u00eda.","_links":{"self":[{"href":"https:\/\/conversesacatalunya.cat\/es\/wp-json\/wp\/v2\/posts\/97100","targetHints":{"allow":["GET"]}}],"collection":[{"href":"https:\/\/conversesacatalunya.cat\/es\/wp-json\/wp\/v2\/posts"}],"about":[{"href":"https:\/\/conversesacatalunya.cat\/es\/wp-json\/wp\/v2\/types\/post"}],"author":[{"embeddable":true,"href":"https:\/\/conversesacatalunya.cat\/es\/wp-json\/wp\/v2\/users\/80"}],"replies":[{"embeddable":true,"href":"https:\/\/conversesacatalunya.cat\/es\/wp-json\/wp\/v2\/comments?post=97100"}],"version-history":[{"count":6,"href":"https:\/\/conversesacatalunya.cat\/es\/wp-json\/wp\/v2\/posts\/97100\/revisions"}],"predecessor-version":[{"id":97106,"href":"https:\/\/conversesacatalunya.cat\/es\/wp-json\/wp\/v2\/posts\/97100\/revisions\/97106"}],"wp:featuredmedia":[{"embeddable":true,"href":"https:\/\/conversesacatalunya.cat\/es\/wp-json\/wp\/v2\/media\/97098"}],"wp:attachment":[{"href":"https:\/\/conversesacatalunya.cat\/es\/wp-json\/wp\/v2\/media?parent=97100"}],"wp:term":[{"taxonomy":"category","embeddable":true,"href":"https:\/\/conversesacatalunya.cat\/es\/wp-json\/wp\/v2\/categories?post=97100"},{"taxonomy":"post_tag","embeddable":true,"href":"https:\/\/conversesacatalunya.cat\/es\/wp-json\/wp\/v2\/tags?post=97100"}],"curies":[{"name":"wp","href":"https:\/\/api.w.org\/{rel}","templated":true}]}}