{"id":97059,"date":"2026-03-11T11:27:05","date_gmt":"2026-03-11T10:27:05","guid":{"rendered":"https:\/\/conversesacatalunya.cat\/?p=97059"},"modified":"2026-03-11T11:44:11","modified_gmt":"2026-03-11T10:44:11","slug":"sanchez-union-europea-tensiones-redefinicion-geopolitica","status":"publish","type":"post","link":"https:\/\/conversesacatalunya.cat\/es\/sanchez-union-europea-tensiones-redefinicion-geopolitica\/","title":{"rendered":"S\u00e1nchez y la fractura europea en tiempos de redefinici\u00f3n geopol\u00edtica"},"content":{"rendered":"<p><span dir=\"auto\"><span class=\"VIpgJd-yAWNEb-VIpgJd-fmcmS-sn54Q\" dir=\"auto\">La UE atraviesa uno de los momentos m\u00e1s convulsos desde su fundaci\u00f3n. La guerra de Ucrania, la escalada del conflicto en Oriente Medio \u2014con los bombardeos de Estados Unidos e Israel sobre Ir\u00e1n\u2014, la presi\u00f3n arancelaria de Donald Trump y el ascenso de las derechas radicales han configurado un escenario de tensi\u00f3n sist\u00e9mica que<span>\u00a0<\/span><\/span><\/span><strong><span dir=\"auto\"><span class=\"VIpgJd-yAWNEb-VIpgJd-fmcmS-sn54Q\" dir=\"auto\">ha acentuado las divergencias estrat\u00e9gicas entre sus principales dirigentes.<\/span><\/span><\/strong><span dir=\"auto\"><span class=\"VIpgJd-yAWNEb-VIpgJd-fmcmS-sn54Q\" dir=\"auto\"><span>\u00a0<\/span>En ese contexto de incertidumbre global, Europa se ve obligada a redefinir su papel, su cohesi\u00f3n e incluso su identidad pol\u00edtica.<\/span><\/span><\/p>\n<h5><strong><span dir=\"auto\">A esta coyuntura ya bastante inestable se le ha a\u00f1adido un nuevo episodio de confrontaci\u00f3n interna que afecta al n\u00facleo duro de la Uni\u00f3n: la Comisi\u00f3n Europea y el Consejo.<\/span><\/strong><\/h5>\n<p><span dir=\"auto\">El detonante fue el discurso de la presidenta de la Comisi\u00f3n, Ursula von der Leyen, ante la Conferencia Anual de Embajadores de la UE. En una intervenci\u00f3n de alto contenido pol\u00edtico,<span>\u00a0<\/span><\/span><strong><span dir=\"auto\">Von der Leyen<\/span><\/strong><span dir=\"auto\"><span>\u00a0<\/span>inst\u00f3 a adoptar una pol\u00edtica exterior \u00abm\u00e1s realista y basada en intereses\u00bb en un mundo que describ\u00eda como ca\u00f3tico y transaccional. Lleg\u00f3 a sugerir que la propia Comisi\u00f3n, concebida como guardiana de los tratados, corr\u00eda el riesgo de convertirse en una instituci\u00f3n anclada en un orden internacional que ya no existe.<span>\u00a0<\/span><\/span><strong><span dir=\"auto\">Europa \u2013dijo\u2013 ya no puede actuar como custodia de un sistema que ha desaparecido.<\/span><\/strong><\/p>\n<p><span dir=\"auto\">La presidenta fue a\u00fan m\u00e1s all\u00e1 al<span>\u00a0<\/span><\/span><strong><span dir=\"auto\">cuestionar la viabilidad de un orden internacional basado en reglas<\/span><\/strong><span dir=\"auto\">, y evit\u00f3 condenar expl\u00edcitamente los ataques contra Ir\u00e1n, afirmando que no hab\u00eda que derramar ninguna l\u00e1grima por el r\u00e9gimen iran\u00ed. M\u00e1s all\u00e1 de la aceptaci\u00f3n o rechazo de estas palabras, su discurso tuvo la virtud de poner sobre la mesa una realidad que la diplomacia europea a menudo prefiere esquivar: el cambio de era en las relaciones internacionales.<\/span><\/p>\n<p><span dir=\"auto\"><span class=\"VIpgJd-yAWNEb-VIpgJd-fmcmS-sn54Q\" dir=\"auto\">Sin embargo, s\u00f3lo un d\u00eda despu\u00e9s, el presidente del Consejo Europeo,<span>\u00a0<\/span><\/span><\/span><strong><span dir=\"auto\"><span class=\"VIpgJd-yAWNEb-VIpgJd-fmcmS-sn54Q\" dir=\"auto\">Antonio Costa<\/span><\/span><\/strong><span dir=\"auto\"><span class=\"VIpgJd-yAWNEb-VIpgJd-fmcmS-sn54Q\" dir=\"auto\">, marc\u00f3 distancias con la presidenta de la Comisi\u00f3n en el mismo escenario. El dirigente socialista portugu\u00e9s, aliado pol\u00edtico de Pedro S\u00e1nchez en Bruselas, defendi\u00f3 que<span>\u00a0<\/span><\/span><\/span><strong><span dir=\"auto\"><span class=\"VIpgJd-yAWNEb-VIpgJd-fmcmS-sn54Q\" dir=\"auto\">la UE debe seguir garantizando un orden internacional basado en normas y cooperaci\u00f3n.<\/span><\/span><\/strong><span dir=\"auto\"><span class=\"VIpgJd-yAWNEb-VIpgJd-fmcmS-sn54Q\" dir=\"auto\"><span>\u00a0<\/span>Costa se\u00f1al\u00f3 a Estados Unidos, Rusia y China como fuerzas disruptivas, pero insisti\u00f3 en que Europa no debe renunciar a sus principios fundacionales. Este contraste p\u00fablico evidenci\u00f3 una de las debilidades estructurales de la Uni\u00f3n: la<span>\u00a0<\/span><\/span><\/span><strong><span dir=\"auto\"><span class=\"VIpgJd-yAWNEb-VIpgJd-fmcmS-sn54Q\" dir=\"auto\">incapacidad de proyectar una sola voz en pol\u00edtica exterior.<\/span><\/span><\/strong><\/p>\n<p><span dir=\"auto\">Costa pudo matizar las discrepancias o gestionarlas en el \u00e1mbito interno. No lo hizo. El episodio se convirti\u00f3 en una manifestaci\u00f3n visible de las<span>\u00a0<\/span><\/span><strong><span dir=\"auto\">fracturas ideol\u00f3gicas en la UE<\/span><\/strong><span dir=\"auto\">, fracturas que, seg\u00fan diversas interpretaciones, Pedro S\u00e1nchez intenta instrumentalizar para liderar un polo alternativo dentro del socialismo europeo. Esta estrategia, orientada a obtener<span>\u00a0<\/span><\/span><strong><span dir=\"auto\">rendimientos pol\u00edticos internos<\/span><\/strong><span dir=\"auto\">, corre el riesgo de debilitar la coherencia colectiva de la Uni\u00f3n en un momento de redefinici\u00f3n hist\u00f3rica.<\/span><\/p>\n<p><span dir=\"auto\"><span class=\"VIpgJd-yAWNEb-VIpgJd-fmcmS-sn54Q\" dir=\"auto\">La tensi\u00f3n se intensific\u00f3 con las declaraciones de la vicepresidenta de la Comisi\u00f3n,<span>\u00a0<\/span><\/span><\/span><a href=\"https:\/\/conversesacatalunya.cat\/es\/nueva-comision-europea-objetivos-y-perspectivas\/\" target=\"_blank\" rel=\"noopener\"><strong><span dir=\"auto\"><span class=\"VIpgJd-yAWNEb-VIpgJd-fmcmS-sn54Q\" dir=\"auto\">Teresa Ribera<\/span><\/span><\/strong><\/a><span dir=\"auto\"><span class=\"VIpgJd-yAWNEb-VIpgJd-fmcmS-sn54Q\" dir=\"auto\">, quien admiti\u00f3 discrepancias abiertas con Von der Leyen sobre la respuesta europea a la escalada b\u00e9lica en Oriente Medio. Ribera advirti\u00f3 que cuestionar el derecho internacional es \u00abmuy peligroso\u00bb, en una<span>\u00a0<\/span><\/span><\/span><strong><span dir=\"auto\"><span class=\"VIpgJd-yAWNEb-VIpgJd-fmcmS-sn54Q\" dir=\"auto\">cr\u00edtica poco habitual dentro del funcionamiento disciplinado del ejecutivo comunitario. <\/span><\/span><\/strong><span dir=\"auto\"><span class=\"VIpgJd-yAWNEb-VIpgJd-fmcmS-sn54Q\" dir=\"auto\">Este posicionamiento, alineado con el gobierno espa\u00f1ol, evidencia hasta qu\u00e9 punto el conflicto exterior se convierte en un vector de divisi\u00f3n interna.<\/span><\/span><\/p>\n<p><span dir=\"auto\">El ministro de Asuntos Exteriores espa\u00f1ol,<span>\u00a0<\/span><\/span><strong><span dir=\"auto\">Jos\u00e9 Manuel Albares,<\/span><\/strong><span dir=\"auto\"> reforz\u00f3 esta l\u00ednea defendiendo con contundencia la necesidad de preservar el orden internacional basado en reglas. Su tesis es clara: la alternativa no es un mejor orden, sino el desorden. Espa\u00f1a ha llegado incluso a proponer la suspensi\u00f3n inmediata del acuerdo de asociaci\u00f3n con Israel, reclamando \u00abvalent\u00eda\u00bb para apostar por la diplomacia ante la l\u00f3gica militar.<\/span><\/p>\n<p><span dir=\"auto\"><span class=\"\" dir=\"auto\">Sin embargo, la pregunta de fondo persiste:<span>\u00a0<\/span><\/span><\/span><strong><span dir=\"auto\"><span class=\"\" dir=\"auto\">\u00bfes viable defender un orden internacional que las grandes potencias parecen haber abandonado? \u00bf<\/span><\/span><\/strong><span dir=\"auto\"><span class=\"\" dir=\"auto\">Puede una China autoritaria actuar como garante? \u00bfPuede una Europa fragmentada aspirar a serlo? El llamado orden liberal ha sido a menudo una fachada bajo la que se han escondido las intervenciones y los intereses de las potencias dominantes. <\/span><\/span><strong><span dir=\"auto\"><span class=\"\" dir=\"auto\">La diferencia es que hoy las formas se han despojado de ret\u00f3rica.<\/span><\/span><\/strong><\/p>\n<p><span dir=\"auto\">En este contexto,<span>\u00a0<\/span><\/span><strong><span dir=\"auto\">el papel de S\u00e1nchez se convierte en objeto de debate<\/span><\/strong><span dir=\"auto\"><span>\u00a0<\/span>. Varias fuentes se\u00f1alan que la relaci\u00f3n entre el gobierno espa\u00f1ol y la c\u00fapula europea vive su momento m\u00e1s cr\u00edtico. Von der Leyen habr\u00eda llegado a considerarlo un obst\u00e1culo sistem\u00e1tico para sus iniciativas, equipar\u00e1ndolo en t\u00e9rminos de bloqueo pol\u00edtico al primer ministro h\u00fangaro,<span>\u00a0<\/span><\/span><strong><span dir=\"auto\">Viktor Orb\u00e1n<\/span><\/strong><span dir=\"auto\"><span>\u00a0<\/span>. La motivaci\u00f3n, seg\u00fan esta visi\u00f3n, ser\u00eda similar: obtener r\u00e9ditos electorales nacionales a expensas de la cohesi\u00f3n europea.<\/span><\/p>\n<p><span dir=\"auto\"><span class=\"VIpgJd-yAWNEb-VIpgJd-fmcmS-sn54Q\" dir=\"auto\">La relaci\u00f3n con el canciller alem\u00e1n<span>\u00a0<\/span><\/span><\/span><strong><span dir=\"auto\"><span class=\"VIpgJd-yAWNEb-VIpgJd-fmcmS-sn54Q\" dir=\"auto\">Friedrich Merz<\/span><\/span><\/strong><span dir=\"auto\"><span class=\"VIpgJd-yAWNEb-VIpgJd-fmcmS-sn54Q\" dir=\"auto\"><span>\u00a0<\/span>tambi\u00e9n se ha deteriorado, especialmente a ra\u00edz del anuncio acelerado sobre la oficialidad del catal\u00e1n en la UE, percibido en Berl\u00edn con escepticismo. El aislamiento del l\u00edder espa\u00f1ol se hizo evidente en el reciente encuentro entre Merz y Donald Trump, donde las cr\u00edticas del presidente estadounidense a S\u00e1nchez no recibieron ninguna defensa p\u00fablica.<\/span><\/span><\/p>\n<p><span dir=\"auto\">El resultado es que<span>\u00a0<\/span><\/span><strong><span dir=\"auto\">Espa\u00f1a ha perdido centralidad en los debates clave de 2025,<\/span><\/strong><span dir=\"auto\"> quedando al margen de los formatos decisorios en materia de defensa, industria y geopol\u00edtica. No se trata tanto de euroscepticismo como de un desencaje estrat\u00e9gico: mientras Europa aceleraba su adaptaci\u00f3n al nuevo orden, Espa\u00f1a defend\u00eda una visi\u00f3n que ya no estructura el poder comunitario.<\/span><\/p>\n<p><strong><span dir=\"auto\"><span class=\"VIpgJd-yAWNEb-VIpgJd-fmcmS-sn54Q\" dir=\"auto\">La pr\u00f3xima cumbre europea se perfila como momento decisivo.<\/span><\/span><\/strong><span dir=\"auto\"><span class=\"VIpgJd-yAWNEb-VIpgJd-fmcmS-sn54Q\" dir=\"auto\"><span>\u00a0<\/span>Con la guerra de fondo y las posiciones enfrentadas, el riesgo de aislamiento espa\u00f1ol podr\u00eda afianzarse.<\/span><\/span><\/p>\n<p><span dir=\"auto\">En s\u00edntesis,<span>\u00a0<\/span><\/span><strong><span dir=\"auto\">S\u00e1nchez<\/span><\/strong><span dir=\"auto\"><span>\u00a0<\/span>no es un adversario del proyecto europeo, pero s\u00ed un actor que introduce fricciones en una fase en la que la UE busca cohesi\u00f3n bajo un liderazgo m\u00e1s pragm\u00e1tico y atlantista. Su principal peligro no es erosionar a Europa, sino quedar progresivamente al margen en el momento en que se redefine su futuro.<\/span><\/p>\n<span class='bctt-click-to-tweet'><span class='bctt-ctt-text'><a href='https:\/\/twitter.com\/intent\/tweet?url=https%3A%2F%2Fconversesacatalunya.cat%2Fes%2Fsanchez-union-europea-tensiones-redefinicion-geopolitica%2F&#038;text=La%20gran%20pregunta%3A%20%C2%BFliderazgo%20nacional%20o%20cohesi%C3%B3n%20europea%3F%20El%20debate%20marca%20el%20futuro%20del%20proyecto%20comunitario.%20%23Uni%C3%B3nEuropea%20%23Estrategia&#038;via=conversesacat&#038;related=conversesacat' target='_blank'rel=\"noopener noreferrer\">La gran pregunta: \u00bfliderazgo nacional o cohesi\u00f3n europea? El debate marca el futuro del proyecto comunitario. #Uni\u00f3nEuropea #Estrategia <\/a><\/span><a href='https:\/\/twitter.com\/intent\/tweet?url=https%3A%2F%2Fconversesacatalunya.cat%2Fes%2Fsanchez-union-europea-tensiones-redefinicion-geopolitica%2F&#038;text=La%20gran%20pregunta%3A%20%C2%BFliderazgo%20nacional%20o%20cohesi%C3%B3n%20europea%3F%20El%20debate%20marca%20el%20futuro%20del%20proyecto%20comunitario.%20%23Uni%C3%B3nEuropea%20%23Estrategia&#038;via=conversesacat&#038;related=conversesacat' target='_blank' class='bctt-ctt-btn'rel=\"noopener noreferrer\">Compartir en X<\/a><\/span>\n","protected":false},"excerpt":{"rendered":"<p>La UE atraviesa uno de los momentos m\u00e1s convulsos desde su fundaci\u00f3n. La guerra de Ucrania, la escalada del conflicto en Oriente Medio \u2014con los bombardeos de Estados Unidos e Israel sobre Ir\u00e1n\u2014, la presi\u00f3n arancelaria de Donald Trump y el ascenso de las derechas radicales han configurado un escenario de tensi\u00f3n sist\u00e9mica que\u00a0ha acentuado las divergencias estrat\u00e9gicas entre sus principales dirigentes.\u00a0En ese contexto de incertidumbre global, Europa se ve obligada a redefinir su papel, su cohesi\u00f3n e incluso su identidad pol\u00edtica. A esta coyuntura ya bastante inestable se le ha a\u00f1adido un nuevo episodio de confrontaci\u00f3n interna que afecta al n\u00facleo duro de la Uni\u00f3n: la Comisi\u00f3n Europea y el Consejo. El detonante fue el discurso de la presidenta de la Comisi\u00f3n, Ursula von der Leyen, ante la Conferencia Anual de Embajadores de la UE. En una intervenci\u00f3n de alto contenido pol\u00edtico,\u00a0Von der Leyen\u00a0inst\u00f3 a adoptar una pol\u00edtica exterior \u00abm\u00e1s realista y basada en intereses\u00bb en un mundo que describ\u00eda como ca\u00f3tico y transaccional. Lleg\u00f3 a sugerir que la propia Comisi\u00f3n, concebida como guardiana de los tratados, corr\u00eda el riesgo de convertirse en una instituci\u00f3n anclada en un orden internacional que ya no existe.\u00a0Europa \u2013dijo\u2013 ya no puede actuar como custodia de un sistema que ha desaparecido. La presidenta fue a\u00fan m\u00e1s all\u00e1 al\u00a0cuestionar la viabilidad de un orden internacional basado en reglas, y evit\u00f3 condenar expl\u00edcitamente los ataques contra Ir\u00e1n, afirmando que no hab\u00eda que derramar ninguna l\u00e1grima por el r\u00e9gimen iran\u00ed. M\u00e1s all\u00e1 de la aceptaci\u00f3n o rechazo de estas palabras, su discurso tuvo la virtud de poner sobre la mesa una realidad que la diplomacia europea a menudo prefiere esquivar: el cambio de era en las relaciones internacionales. Sin embargo, s\u00f3lo un d\u00eda despu\u00e9s, el presidente del Consejo Europeo,\u00a0Antonio Costa, marc\u00f3 distancias con la presidenta de la Comisi\u00f3n en el mismo escenario. El dirigente socialista portugu\u00e9s, aliado pol\u00edtico de Pedro S\u00e1nchez en Bruselas, defendi\u00f3 que\u00a0la UE debe seguir garantizando un orden internacional basado en normas y cooperaci\u00f3n.\u00a0Costa se\u00f1al\u00f3 a Estados Unidos, Rusia y China como fuerzas disruptivas, pero insisti\u00f3 en que Europa no debe renunciar a sus principios fundacionales. Este contraste p\u00fablico evidenci\u00f3 una de las debilidades estructurales de la Uni\u00f3n: la\u00a0incapacidad de proyectar una sola voz en pol\u00edtica exterior. Costa pudo matizar las discrepancias o gestionarlas en el \u00e1mbito interno. No lo hizo. El episodio se convirti\u00f3 en una manifestaci\u00f3n visible de las\u00a0fracturas ideol\u00f3gicas en la UE, fracturas que, seg\u00fan diversas interpretaciones, Pedro S\u00e1nchez intenta instrumentalizar para liderar un polo alternativo dentro del socialismo europeo. Esta estrategia, orientada a obtener\u00a0rendimientos pol\u00edticos internos, corre el riesgo de debilitar la coherencia colectiva de la Uni\u00f3n en un momento de redefinici\u00f3n hist\u00f3rica. La tensi\u00f3n se intensific\u00f3 con las declaraciones de la vicepresidenta de la Comisi\u00f3n,\u00a0Teresa Ribera, quien admiti\u00f3 discrepancias abiertas con Von der Leyen sobre la respuesta europea a la escalada b\u00e9lica en Oriente Medio. Ribera advirti\u00f3 que cuestionar el derecho internacional es \u00abmuy peligroso\u00bb, en una\u00a0cr\u00edtica poco habitual dentro del funcionamiento disciplinado del ejecutivo comunitario. Este posicionamiento, alineado con el gobierno espa\u00f1ol, evidencia hasta qu\u00e9 punto el conflicto exterior se convierte en un vector de divisi\u00f3n interna. El ministro de Asuntos Exteriores espa\u00f1ol,\u00a0Jos\u00e9 Manuel Albares, reforz\u00f3 esta l\u00ednea defendiendo con contundencia la necesidad de preservar el orden internacional basado en reglas. Su tesis es clara: la alternativa no es un mejor orden, sino el desorden. Espa\u00f1a ha llegado incluso a proponer la suspensi\u00f3n inmediata del acuerdo de asociaci\u00f3n con Israel, reclamando \u00abvalent\u00eda\u00bb para apostar por la diplomacia ante la l\u00f3gica militar. Sin embargo, la pregunta de fondo persiste:\u00a0\u00bfes viable defender un orden internacional que las grandes potencias parecen haber abandonado? \u00bfPuede una China autoritaria actuar como garante? \u00bfPuede una Europa fragmentada aspirar a serlo? El llamado orden liberal ha sido a menudo una fachada bajo la que se han escondido las intervenciones y los intereses de las potencias dominantes. La diferencia es que hoy las formas se han despojado de ret\u00f3rica. En este contexto,\u00a0el papel de S\u00e1nchez se convierte en objeto de debate\u00a0. Varias fuentes se\u00f1alan que la relaci\u00f3n entre el gobierno espa\u00f1ol y la c\u00fapula europea vive su momento m\u00e1s cr\u00edtico. Von der Leyen habr\u00eda llegado a considerarlo un obst\u00e1culo sistem\u00e1tico para sus iniciativas, equipar\u00e1ndolo en t\u00e9rminos de bloqueo pol\u00edtico al primer ministro h\u00fangaro,\u00a0Viktor Orb\u00e1n\u00a0. La motivaci\u00f3n, seg\u00fan esta visi\u00f3n, ser\u00eda similar: obtener r\u00e9ditos electorales nacionales a expensas de la cohesi\u00f3n europea. La relaci\u00f3n con el canciller alem\u00e1n\u00a0Friedrich Merz\u00a0tambi\u00e9n se ha deteriorado, especialmente a ra\u00edz del anuncio acelerado sobre la oficialidad del catal\u00e1n en la UE, percibido en Berl\u00edn con escepticismo. El aislamiento del l\u00edder espa\u00f1ol se hizo evidente en el reciente encuentro entre Merz y Donald Trump, donde las cr\u00edticas del presidente estadounidense a S\u00e1nchez no recibieron ninguna defensa p\u00fablica. El resultado es que\u00a0Espa\u00f1a ha perdido centralidad en los debates clave de 2025, quedando al margen de los formatos decisorios en materia de defensa, industria y geopol\u00edtica. No se trata tanto de euroscepticismo como de un desencaje estrat\u00e9gico: mientras Europa aceleraba su adaptaci\u00f3n al nuevo orden, Espa\u00f1a defend\u00eda una visi\u00f3n que ya no estructura el poder comunitario. La pr\u00f3xima cumbre europea se perfila como momento decisivo.\u00a0Con la guerra de fondo y las posiciones enfrentadas, el riesgo de aislamiento espa\u00f1ol podr\u00eda afianzarse. En s\u00edntesis,\u00a0S\u00e1nchez\u00a0no es un adversario del proyecto europeo, pero s\u00ed un actor que introduce fricciones en una fase en la que la UE busca cohesi\u00f3n bajo un liderazgo m\u00e1s pragm\u00e1tico y atlantista. Su principal peligro no es erosionar a Europa, sino quedar progresivamente al margen en el momento en que se redefine su futuro.<\/p>\n","protected":false},"author":77,"featured_media":97055,"comment_status":"open","ping_status":"open","sticky":false,"template":"","format":"standard","meta":{"_FSMCFIC_featured_image_caption":"","_FSMCFIC_featured_image_nocaption":"","_FSMCFIC_featured_image_hide":"","footnotes":""},"categories":[806],"tags":[875],"class_list":["post-97059","post","type-post","status-publish","format-standard","has-post-thumbnail","hentry","category-punts-claus-del-dia-es","tag-europa-es"],"yoast_head":"<!-- This site is optimized with the Yoast SEO plugin v26.8 - https:\/\/yoast.com\/product\/yoast-seo-wordpress\/ -->\n<title>S\u00e1nchez y la fractura europea en tiempos de redefinici\u00f3n geopol\u00edtica - Converses a Catalunya<\/title>\n<meta name=\"description\" content=\"Papel de S\u00e1nchez en las tensiones de la Uni\u00f3n Europea en un contexto marcado por la guerra y la redefinici\u00f3n del orden internacional.\" \/>\n<meta name=\"robots\" content=\"index, follow, max-snippet:-1, max-image-preview:large, max-video-preview:-1\" \/>\n<link rel=\"canonical\" href=\"https:\/\/conversesacatalunya.cat\/es\/sanchez-union-europea-tensiones-redefinicion-geopolitica\/\" \/>\n<meta property=\"og:locale\" content=\"es_ES\" \/>\n<meta property=\"og:type\" content=\"article\" \/>\n<meta property=\"og:title\" content=\"S\u00e1nchez y la fractura europea en tiempos de redefinici\u00f3n geopol\u00edtica - Converses a Catalunya\" \/>\n<meta property=\"og:description\" content=\"Papel de S\u00e1nchez en las tensiones de la Uni\u00f3n Europea en un contexto marcado por la guerra y la redefinici\u00f3n del orden internacional.\" \/>\n<meta property=\"og:url\" content=\"https:\/\/conversesacatalunya.cat\/es\/sanchez-union-europea-tensiones-redefinicion-geopolitica\/\" \/>\n<meta property=\"og:site_name\" content=\"Converses a Catalunya\" \/>\n<meta property=\"article:published_time\" content=\"2026-03-11T10:27:05+00:00\" \/>\n<meta property=\"article:modified_time\" content=\"2026-03-11T10:44:11+00:00\" \/>\n<meta property=\"og:image\" content=\"https:\/\/conversesacatalunya.cat\/wp-content\/uploads\/2026\/03\/Captura-5.jpg\" \/>\n\t<meta property=\"og:image:width\" content=\"543\" \/>\n\t<meta property=\"og:image:height\" content=\"348\" \/>\n\t<meta property=\"og:image:type\" content=\"image\/jpeg\" \/>\n<meta name=\"author\" content=\"Enric Casanovas\" \/>\n<meta name=\"twitter:card\" content=\"summary_large_image\" \/>\n<meta name=\"twitter:label1\" content=\"Escrito por\" \/>\n\t<meta name=\"twitter:data1\" content=\"Enric Casanovas\" \/>\n\t<meta name=\"twitter:label2\" content=\"Tiempo de lectura\" \/>\n\t<meta name=\"twitter:data2\" content=\"5 minutos\" \/>\n<script type=\"application\/ld+json\" class=\"yoast-schema-graph\">{\"@context\":\"https:\/\/schema.org\",\"@graph\":[{\"@type\":\"Article\",\"@id\":\"https:\/\/conversesacatalunya.cat\/es\/sanchez-union-europea-tensiones-redefinicion-geopolitica\/#article\",\"isPartOf\":{\"@id\":\"https:\/\/conversesacatalunya.cat\/es\/sanchez-union-europea-tensiones-redefinicion-geopolitica\/\"},\"author\":{\"name\":\"Enric Casanovas\",\"@id\":\"https:\/\/conversesacatalunya.cat\/#\/schema\/person\/79bd0577b2f3afc8d6519d207c6e8609\"},\"headline\":\"S\u00e1nchez y la fractura europea en tiempos de redefinici\u00f3n geopol\u00edtica\",\"datePublished\":\"2026-03-11T10:27:05+00:00\",\"dateModified\":\"2026-03-11T10:44:11+00:00\",\"mainEntityOfPage\":{\"@id\":\"https:\/\/conversesacatalunya.cat\/es\/sanchez-union-europea-tensiones-redefinicion-geopolitica\/\"},\"wordCount\":1094,\"commentCount\":1,\"image\":{\"@id\":\"https:\/\/conversesacatalunya.cat\/es\/sanchez-union-europea-tensiones-redefinicion-geopolitica\/#primaryimage\"},\"thumbnailUrl\":\"https:\/\/conversesacatalunya.cat\/wp-content\/uploads\/2026\/03\/Captura-5.jpg\",\"keywords\":[\"Europa\"],\"articleSection\":[\"Punts clau del dia (ES)\"],\"inLanguage\":\"es\",\"potentialAction\":[{\"@type\":\"CommentAction\",\"name\":\"Comment\",\"target\":[\"https:\/\/conversesacatalunya.cat\/es\/sanchez-union-europea-tensiones-redefinicion-geopolitica\/#respond\"]}]},{\"@type\":\"WebPage\",\"@id\":\"https:\/\/conversesacatalunya.cat\/es\/sanchez-union-europea-tensiones-redefinicion-geopolitica\/\",\"url\":\"https:\/\/conversesacatalunya.cat\/es\/sanchez-union-europea-tensiones-redefinicion-geopolitica\/\",\"name\":\"S\u00e1nchez y la fractura europea en tiempos de redefinici\u00f3n geopol\u00edtica - Converses a Catalunya\",\"isPartOf\":{\"@id\":\"https:\/\/conversesacatalunya.cat\/#website\"},\"primaryImageOfPage\":{\"@id\":\"https:\/\/conversesacatalunya.cat\/es\/sanchez-union-europea-tensiones-redefinicion-geopolitica\/#primaryimage\"},\"image\":{\"@id\":\"https:\/\/conversesacatalunya.cat\/es\/sanchez-union-europea-tensiones-redefinicion-geopolitica\/#primaryimage\"},\"thumbnailUrl\":\"https:\/\/conversesacatalunya.cat\/wp-content\/uploads\/2026\/03\/Captura-5.jpg\",\"datePublished\":\"2026-03-11T10:27:05+00:00\",\"dateModified\":\"2026-03-11T10:44:11+00:00\",\"author\":{\"@id\":\"https:\/\/conversesacatalunya.cat\/#\/schema\/person\/79bd0577b2f3afc8d6519d207c6e8609\"},\"description\":\"Papel de S\u00e1nchez en las tensiones de la Uni\u00f3n Europea en un contexto marcado por la guerra y la redefinici\u00f3n del orden internacional.\",\"breadcrumb\":{\"@id\":\"https:\/\/conversesacatalunya.cat\/es\/sanchez-union-europea-tensiones-redefinicion-geopolitica\/#breadcrumb\"},\"inLanguage\":\"es\",\"potentialAction\":[{\"@type\":\"ReadAction\",\"target\":[\"https:\/\/conversesacatalunya.cat\/es\/sanchez-union-europea-tensiones-redefinicion-geopolitica\/\"]}]},{\"@type\":\"ImageObject\",\"inLanguage\":\"es\",\"@id\":\"https:\/\/conversesacatalunya.cat\/es\/sanchez-union-europea-tensiones-redefinicion-geopolitica\/#primaryimage\",\"url\":\"https:\/\/conversesacatalunya.cat\/wp-content\/uploads\/2026\/03\/Captura-5.jpg\",\"contentUrl\":\"https:\/\/conversesacatalunya.cat\/wp-content\/uploads\/2026\/03\/Captura-5.jpg\",\"width\":543,\"height\":348,\"caption\":\"tensiones Uni\u00f3n Europea\"},{\"@type\":\"BreadcrumbList\",\"@id\":\"https:\/\/conversesacatalunya.cat\/es\/sanchez-union-europea-tensiones-redefinicion-geopolitica\/#breadcrumb\",\"itemListElement\":[{\"@type\":\"ListItem\",\"position\":1,\"name\":\"Inici\",\"item\":\"https:\/\/conversesacatalunya.cat\/es\/\"},{\"@type\":\"ListItem\",\"position\":2,\"name\":\"S\u00e1nchez y la fractura europea en tiempos de redefinici\u00f3n geopol\u00edtica\"}]},{\"@type\":\"WebSite\",\"@id\":\"https:\/\/conversesacatalunya.cat\/#website\",\"url\":\"https:\/\/conversesacatalunya.cat\/\",\"name\":\"Converses a Catalunya\",\"description\":\"\",\"potentialAction\":[{\"@type\":\"SearchAction\",\"target\":{\"@type\":\"EntryPoint\",\"urlTemplate\":\"https:\/\/conversesacatalunya.cat\/?s={search_term_string}\"},\"query-input\":{\"@type\":\"PropertyValueSpecification\",\"valueRequired\":true,\"valueName\":\"search_term_string\"}}],\"inLanguage\":\"es\"},{\"@type\":\"Person\",\"@id\":\"https:\/\/conversesacatalunya.cat\/#\/schema\/person\/79bd0577b2f3afc8d6519d207c6e8609\",\"name\":\"Enric Casanovas\",\"image\":{\"@type\":\"ImageObject\",\"inLanguage\":\"es\",\"@id\":\"https:\/\/conversesacatalunya.cat\/#\/schema\/person\/image\/\",\"url\":\"https:\/\/conversesacatalunya.cat\/wp-content\/litespeed\/avatar\/7ae4379ad4421ec77820e92afd36dd78.jpg?ver=1776769084\",\"contentUrl\":\"https:\/\/conversesacatalunya.cat\/wp-content\/litespeed\/avatar\/7ae4379ad4421ec77820e92afd36dd78.jpg?ver=1776769084\",\"caption\":\"Enric Casanovas\"},\"url\":\"https:\/\/conversesacatalunya.cat\/es\/author\/enric-casanovas\/\"}]}<\/script>\n<!-- \/ Yoast SEO plugin. -->","yoast_head_json":{"title":"S\u00e1nchez y la fractura europea en tiempos de redefinici\u00f3n geopol\u00edtica - Converses a Catalunya","description":"Papel de S\u00e1nchez en las tensiones de la Uni\u00f3n Europea en un contexto marcado por la guerra y la redefinici\u00f3n del orden internacional.","robots":{"index":"index","follow":"follow","max-snippet":"max-snippet:-1","max-image-preview":"max-image-preview:large","max-video-preview":"max-video-preview:-1"},"canonical":"https:\/\/conversesacatalunya.cat\/es\/sanchez-union-europea-tensiones-redefinicion-geopolitica\/","og_locale":"es_ES","og_type":"article","og_title":"S\u00e1nchez y la fractura europea en tiempos de redefinici\u00f3n geopol\u00edtica - Converses a Catalunya","og_description":"Papel de S\u00e1nchez en las tensiones de la Uni\u00f3n Europea en un contexto marcado por la guerra y la redefinici\u00f3n del orden internacional.","og_url":"https:\/\/conversesacatalunya.cat\/es\/sanchez-union-europea-tensiones-redefinicion-geopolitica\/","og_site_name":"Converses a Catalunya","article_published_time":"2026-03-11T10:27:05+00:00","article_modified_time":"2026-03-11T10:44:11+00:00","og_image":[{"width":543,"height":348,"url":"https:\/\/conversesacatalunya.cat\/wp-content\/uploads\/2026\/03\/Captura-5.jpg","type":"image\/jpeg"}],"author":"Enric Casanovas","twitter_card":"summary_large_image","twitter_misc":{"Escrito por":"Enric Casanovas","Tiempo de lectura":"5 minutos"},"schema":{"@context":"https:\/\/schema.org","@graph":[{"@type":"Article","@id":"https:\/\/conversesacatalunya.cat\/es\/sanchez-union-europea-tensiones-redefinicion-geopolitica\/#article","isPartOf":{"@id":"https:\/\/conversesacatalunya.cat\/es\/sanchez-union-europea-tensiones-redefinicion-geopolitica\/"},"author":{"name":"Enric Casanovas","@id":"https:\/\/conversesacatalunya.cat\/#\/schema\/person\/79bd0577b2f3afc8d6519d207c6e8609"},"headline":"S\u00e1nchez y la fractura europea en tiempos de redefinici\u00f3n geopol\u00edtica","datePublished":"2026-03-11T10:27:05+00:00","dateModified":"2026-03-11T10:44:11+00:00","mainEntityOfPage":{"@id":"https:\/\/conversesacatalunya.cat\/es\/sanchez-union-europea-tensiones-redefinicion-geopolitica\/"},"wordCount":1094,"commentCount":1,"image":{"@id":"https:\/\/conversesacatalunya.cat\/es\/sanchez-union-europea-tensiones-redefinicion-geopolitica\/#primaryimage"},"thumbnailUrl":"https:\/\/conversesacatalunya.cat\/wp-content\/uploads\/2026\/03\/Captura-5.jpg","keywords":["Europa"],"articleSection":["Punts clau del dia (ES)"],"inLanguage":"es","potentialAction":[{"@type":"CommentAction","name":"Comment","target":["https:\/\/conversesacatalunya.cat\/es\/sanchez-union-europea-tensiones-redefinicion-geopolitica\/#respond"]}]},{"@type":"WebPage","@id":"https:\/\/conversesacatalunya.cat\/es\/sanchez-union-europea-tensiones-redefinicion-geopolitica\/","url":"https:\/\/conversesacatalunya.cat\/es\/sanchez-union-europea-tensiones-redefinicion-geopolitica\/","name":"S\u00e1nchez y la fractura europea en tiempos de redefinici\u00f3n geopol\u00edtica - Converses a Catalunya","isPartOf":{"@id":"https:\/\/conversesacatalunya.cat\/#website"},"primaryImageOfPage":{"@id":"https:\/\/conversesacatalunya.cat\/es\/sanchez-union-europea-tensiones-redefinicion-geopolitica\/#primaryimage"},"image":{"@id":"https:\/\/conversesacatalunya.cat\/es\/sanchez-union-europea-tensiones-redefinicion-geopolitica\/#primaryimage"},"thumbnailUrl":"https:\/\/conversesacatalunya.cat\/wp-content\/uploads\/2026\/03\/Captura-5.jpg","datePublished":"2026-03-11T10:27:05+00:00","dateModified":"2026-03-11T10:44:11+00:00","author":{"@id":"https:\/\/conversesacatalunya.cat\/#\/schema\/person\/79bd0577b2f3afc8d6519d207c6e8609"},"description":"Papel de S\u00e1nchez en las tensiones de la Uni\u00f3n Europea en un contexto marcado por la guerra y la redefinici\u00f3n del orden internacional.","breadcrumb":{"@id":"https:\/\/conversesacatalunya.cat\/es\/sanchez-union-europea-tensiones-redefinicion-geopolitica\/#breadcrumb"},"inLanguage":"es","potentialAction":[{"@type":"ReadAction","target":["https:\/\/conversesacatalunya.cat\/es\/sanchez-union-europea-tensiones-redefinicion-geopolitica\/"]}]},{"@type":"ImageObject","inLanguage":"es","@id":"https:\/\/conversesacatalunya.cat\/es\/sanchez-union-europea-tensiones-redefinicion-geopolitica\/#primaryimage","url":"https:\/\/conversesacatalunya.cat\/wp-content\/uploads\/2026\/03\/Captura-5.jpg","contentUrl":"https:\/\/conversesacatalunya.cat\/wp-content\/uploads\/2026\/03\/Captura-5.jpg","width":543,"height":348,"caption":"tensiones Uni\u00f3n Europea"},{"@type":"BreadcrumbList","@id":"https:\/\/conversesacatalunya.cat\/es\/sanchez-union-europea-tensiones-redefinicion-geopolitica\/#breadcrumb","itemListElement":[{"@type":"ListItem","position":1,"name":"Inici","item":"https:\/\/conversesacatalunya.cat\/es\/"},{"@type":"ListItem","position":2,"name":"S\u00e1nchez y la fractura europea en tiempos de redefinici\u00f3n geopol\u00edtica"}]},{"@type":"WebSite","@id":"https:\/\/conversesacatalunya.cat\/#website","url":"https:\/\/conversesacatalunya.cat\/","name":"Converses a Catalunya","description":"","potentialAction":[{"@type":"SearchAction","target":{"@type":"EntryPoint","urlTemplate":"https:\/\/conversesacatalunya.cat\/?s={search_term_string}"},"query-input":{"@type":"PropertyValueSpecification","valueRequired":true,"valueName":"search_term_string"}}],"inLanguage":"es"},{"@type":"Person","@id":"https:\/\/conversesacatalunya.cat\/#\/schema\/person\/79bd0577b2f3afc8d6519d207c6e8609","name":"Enric Casanovas","image":{"@type":"ImageObject","inLanguage":"es","@id":"https:\/\/conversesacatalunya.cat\/#\/schema\/person\/image\/","url":"https:\/\/conversesacatalunya.cat\/wp-content\/litespeed\/avatar\/7ae4379ad4421ec77820e92afd36dd78.jpg?ver=1776769084","contentUrl":"https:\/\/conversesacatalunya.cat\/wp-content\/litespeed\/avatar\/7ae4379ad4421ec77820e92afd36dd78.jpg?ver=1776769084","caption":"Enric Casanovas"},"url":"https:\/\/conversesacatalunya.cat\/es\/author\/enric-casanovas\/"}]}},"wps_subtitle":"A la coyuntura ya bastante inestable se le ha a\u00f1adido un nuevo episodio de confrontaci\u00f3n interna que afecta al n\u00facleo duro de la Uni\u00f3n: la Comisi\u00f3n Europea y el Consejo.","_links":{"self":[{"href":"https:\/\/conversesacatalunya.cat\/es\/wp-json\/wp\/v2\/posts\/97059","targetHints":{"allow":["GET"]}}],"collection":[{"href":"https:\/\/conversesacatalunya.cat\/es\/wp-json\/wp\/v2\/posts"}],"about":[{"href":"https:\/\/conversesacatalunya.cat\/es\/wp-json\/wp\/v2\/types\/post"}],"author":[{"embeddable":true,"href":"https:\/\/conversesacatalunya.cat\/es\/wp-json\/wp\/v2\/users\/77"}],"replies":[{"embeddable":true,"href":"https:\/\/conversesacatalunya.cat\/es\/wp-json\/wp\/v2\/comments?post=97059"}],"version-history":[{"count":2,"href":"https:\/\/conversesacatalunya.cat\/es\/wp-json\/wp\/v2\/posts\/97059\/revisions"}],"predecessor-version":[{"id":97061,"href":"https:\/\/conversesacatalunya.cat\/es\/wp-json\/wp\/v2\/posts\/97059\/revisions\/97061"}],"wp:featuredmedia":[{"embeddable":true,"href":"https:\/\/conversesacatalunya.cat\/es\/wp-json\/wp\/v2\/media\/97055"}],"wp:attachment":[{"href":"https:\/\/conversesacatalunya.cat\/es\/wp-json\/wp\/v2\/media?parent=97059"}],"wp:term":[{"taxonomy":"category","embeddable":true,"href":"https:\/\/conversesacatalunya.cat\/es\/wp-json\/wp\/v2\/categories?post=97059"},{"taxonomy":"post_tag","embeddable":true,"href":"https:\/\/conversesacatalunya.cat\/es\/wp-json\/wp\/v2\/tags?post=97059"}],"curies":[{"name":"wp","href":"https:\/\/api.w.org\/{rel}","templated":true}]}}