{"id":96052,"date":"2026-01-30T11:41:26","date_gmt":"2026-01-30T10:41:26","guid":{"rendered":"https:\/\/conversesacatalunya.cat\/?p=96052"},"modified":"2026-01-30T12:02:16","modified_gmt":"2026-01-30T11:02:16","slug":"funeral-tv3-apostasia-y-arabia-saudita","status":"publish","type":"post","link":"https:\/\/conversesacatalunya.cat\/es\/funeral-tv3-apostasia-y-arabia-saudita\/","title":{"rendered":"El funeral, TV3 y la apostas\u00eda y Arabia Saudita"},"content":{"rendered":"<p><span dir=\"auto\">\u00bfQu\u00e9 une conceptos aparentemente tan distantes como un funeral, la televisi\u00f3n p\u00fablica catalana y Arabia Saudita? El hilo conductor es el<span>\u00a0<\/span><\/span><strong><span dir=\"auto\">hecho religioso<\/span><\/strong><span dir=\"auto\"><span> <\/span>o, mejor dicho, la creciente voluntad de<span>\u00a0<\/span><\/span><strong><span dir=\"auto\">vaciarlo del espacio p\u00fablico.<\/span><\/strong><span dir=\"auto\">\u00a0En una sociedad que se proclama laica y secularizada, la religi\u00f3n sigue siendo un factor de<span>\u00a0<\/span><\/span><strong><span dir=\"auto\">consuelo, esperanza e identidad.<\/span><\/strong><span dir=\"auto\"> Y justamente por eso se convierte en objeto de <\/span><strong><span dir=\"auto\">deslegitimaci\u00f3n activa.<\/span><\/strong><\/p>\n<h4><strong><span dir=\"auto\">Empecemos por el funeral<\/span><\/strong><\/h4>\n<p><span dir=\"auto\">Ante un tr\u00e1gico accidente ferroviario, el gobierno espa\u00f1ol impuso lo que llam\u00f3 un \u201cfuneral laico\u201d para homenajear a las v\u00edctimas, en realidad una celebraci\u00f3n atea porque laicidad nunca ha significado ausencia de Dios. El concepto ya es problem\u00e1tico:<span>\u00a0<\/span><\/span><strong><span dir=\"auto\">no se homenajea a quien no ha elegido ser v\u00edctima;<\/span><\/strong><span dir=\"auto\">\u00a0se les recuerda, se les llora y se les acompa\u00f1a. Las familias lo entendieron mejor que nadie y rechazaron ese acto, reclamando un<span>\u00a0<\/span><\/span><strong><span dir=\"auto\">funeral religioso,<\/span><\/strong><span dir=\"auto\"> cat\u00f3lico, que reflejara la fe compartida, si no de todos, s\u00ed de la mayor\u00eda.<\/span><\/p>\n<p><span dir=\"auto\">El contraste entre el funeral de Valencia y el de Huelva es revelador. En Valencia, el acto oficial result\u00f3<span>\u00a0<\/span><\/span><strong><span dir=\"auto\">fr\u00edo, desangelado e incapaz de ofrecer consuelo.<\/span><\/strong><span dir=\"auto\">\u00a0Sin trascendencia, el dolor deriv\u00f3 en crispaci\u00f3n; la escena termin\u00f3 siendo un escarnio p\u00fablico con consecuencias pol\u00edticas inmediatas sobre Maz\u00f3n. Su condena pol\u00edtica result\u00f3 inapelable. En Huelva, en cambio, imperaron<span>\u00a0<\/span><\/span><strong><span dir=\"auto\">el silencio, la paz y el consuelo; puede ser la esperanza.<\/span><\/strong><span dir=\"auto\"> El cristianismo, con su promesa \u00faltima de vida eterna, actu\u00f3 como b\u00e1lsamo. Sin consuelo ni esperanza, frente a p\u00e9rdidas irreparables, solo resta la desesperaci\u00f3n o la rabia.<\/span><\/p>\n<p><span dir=\"auto\"><span class=\"VIpgJd-yAWNEb-VIpgJd-fmcmS-sn54Q\" dir=\"auto\">El presidente<span>\u00a0<\/span><\/span><\/span><strong><span dir=\"auto\"><span class=\"VIpgJd-yAWNEb-VIpgJd-fmcmS-sn54Q\" dir=\"auto\">Pedro S\u00e1nchez<\/span><\/span><\/strong><span dir=\"auto\"><span class=\"VIpgJd-yAWNEb-VIpgJd-fmcmS-sn54Q\" dir=\"auto\"><span>\u00a0<\/span>no asisti\u00f3 porque no acude a actos religiosos, algo que no siempre hab\u00eda sido as\u00ed al inicio. En ese ausentarse coincidi\u00f3 con Sumar y Podemos y tambi\u00e9n con fuerzas pol\u00edticas antag\u00f3nicas como VOX, que se ausent\u00f3 por su confrontaci\u00f3n con la Iglesia. Lo hicieron porque<span>\u00a0<\/span><\/span><\/span><strong><span dir=\"auto\"><span class=\"VIpgJd-yAWNEb-VIpgJd-fmcmS-sn54Q\" dir=\"auto\">anteponen el c\u00e1lculo electoral<\/span><\/span><\/strong><span dir=\"auto\"><span class=\"VIpgJd-yAWNEb-VIpgJd-fmcmS-sn54Q\" dir=\"auto\"><span>\u00a0<\/span>a cualquier consideraci\u00f3n de car\u00e1cter humano o espiritual.<\/span><\/span><\/p>\n<p><span dir=\"auto\">El resultado es una constataci\u00f3n inc\u00f3moda:<span>\u00a0<\/span><\/span><strong><span dir=\"auto\">el hecho religioso sigue teniendo una funci\u00f3n social positiva,<\/span><\/strong><span dir=\"auto\">\u00a0mientras que su expulsi\u00f3n forzada del ritual p\u00fablico empobrece la respuesta colectiva al dolor. Y tambi\u00e9n, que la mayor\u00eda de los actuales partidos pol\u00edticos juegan a la contra de una experiencia tan dif\u00edcil de controlar pol\u00edticamente, que tan pronto reclama el derecho c\u00edvico de unas elecciones y eso le acerca a la oposici\u00f3n o reclama la regularizaci\u00f3n de los inmigrantes y eso la hace gubernamental.<\/span><\/p>\n<h4><strong><span dir=\"auto\">TV3<\/span><\/strong><\/h4>\n<p><span dir=\"auto\">En la otra cara de la moneda encontramos<span>\u00a0<\/span><\/span><strong><span dir=\"auto\">TV3,<\/span><\/strong><span dir=\"auto\"> medio p\u00fablico financiado con los impuestos de todos los ciudadanos de Catalu\u00f1a. Esta condici\u00f3n exige<span>\u00a0<\/span><\/span><strong><span dir=\"auto\">neutralidad, rigor y respeto institucional<\/span><\/strong><span dir=\"auto\"><span>\u00a0<\/span>superiores a los de un medio privado. Cuando estos principios se vulneran, el problema no es ideol\u00f3gico; es<span>\u00a0<\/span><\/span><strong><span dir=\"auto\">democr\u00e1tico.<\/span><\/strong><\/p>\n<p><span dir=\"auto\"><span class=\"VIpgJd-yAWNEb-VIpgJd-fmcmS-sn54Q\" dir=\"auto\">El art\u00edculo difundido bajo el paraguas de 3Cat sobre \u201c<strong>darse<\/strong><\/span><\/span><strong><span dir=\"auto\"><span class=\"VIpgJd-yAWNEb-VIpgJd-fmcmS-sn54Q\" dir=\"auto\"> de baja de la Iglesia cat\u00f3lica<\/span><\/span><\/strong><span dir=\"auto\"><span class=\"VIpgJd-yAWNEb-VIpgJd-fmcmS-sn54Q\" dir=\"auto\">\u201d no es informaci\u00f3n: es<span>\u00a0<\/span><\/span><\/span><strong><span dir=\"auto\"><span class=\"VIpgJd-yAWNEb-VIpgJd-fmcmS-sn54Q\" dir=\"auto\">campa\u00f1a.<\/span><\/span><\/strong><span dir=\"auto\"><span class=\"VIpgJd-yAWNEb-VIpgJd-fmcmS-sn54Q\" dir=\"auto\">\u00a0No contextualiza el papel hist\u00f3rico y social de la Iglesia, no contrasta voces, no explica consecuencias jur\u00eddicas diversas.<span>\u00a0<\/span><\/span><\/span><strong><span dir=\"auto\"><span class=\"VIpgJd-yAWNEb-VIpgJd-fmcmS-sn54Q\" dir=\"auto\">Orienta a la acci\u00f3n<\/span><\/span><\/strong><span dir=\"auto\"><span class=\"VIpgJd-yAWNEb-VIpgJd-fmcmS-sn54Q\" dir=\"auto\"><span>\u00a0<\/span>y presenta la apostas\u00eda como la \u00fanica salida deseable. Informar ser\u00eda contar;<span>\u00a0<\/span><\/span><\/span><strong><span dir=\"auto\"><span class=\"VIpgJd-yAWNEb-VIpgJd-fmcmS-sn54Q\" dir=\"auto\">incentivar<\/span><\/span><\/strong><span dir=\"auto\"><span class=\"VIpgJd-yAWNEb-VIpgJd-fmcmS-sn54Q\" dir=\"auto\"><span>\u00a0<\/span>es otra cosa.<\/span><\/span><\/p>\n<p><span dir=\"auto\">Imaginemos el esc\u00e1ndalo si una televisi\u00f3n p\u00fablica promoviera, paso a paso, la reincorporaci\u00f3n a una confesi\u00f3n religiosa. \u00bfPor qu\u00e9 lo contrario se considera aceptable?<span>\u00a0<\/span><\/span><strong><span dir=\"auto\">La cr\u00edtica no est\u00e1 en la libertad de apostatar<\/span><\/strong><span dir=\"auto\"><span>\u00a0<\/span>\u2014indiscutible\u2014, sino en el uso de poder p\u00fablico o econ\u00f3mico para orientar conciencias y borrar s\u00edmbolos. Esto no es servicio p\u00fablico. Es campa\u00f1a<\/span><\/p>\n<p><span dir=\"auto\">Esta direccionalidad transmite un mensaje claro:<span>\u00a0<\/span><\/span><strong><span dir=\"auto\">el catolicismo no merece legitimidad en el espacio p\u00fablico.<\/span><\/strong><span dir=\"auto\">\u00a0Esto no es laicidad; es<span>\u00a0<\/span><\/span><strong><span dir=\"auto\">anticatolicismo.<\/span><\/strong><span dir=\"auto\">\u00a0Una televisi\u00f3n p\u00fablica no debe adoctrinar \u2014ni a favor ni en contra\u2014 sino<span>\u00a0<\/span><\/span><strong><span dir=\"auto\">servir al pluralismo real.<\/span><\/strong><span dir=\"auto\">\u00a0Cuando aqu\u00ed falla, deja de representar a todo el mundo.<\/span><\/p>\n<h4><strong><span dir=\"auto\">Arabia Saudita<\/span><\/strong><\/h4>\n<p><span dir=\"auto\">La coincidencia inquietante aparece cuando miramos hacia<span>\u00a0<\/span><\/span><strong><span dir=\"auto\">Arabia Saud\u00ed.<\/span><\/strong><span dir=\"auto\">\u00a0En finales deportivas disputadas all\u00ed, se ha hecho habitual<span>\u00a0<\/span><\/span><strong><span dir=\"auto\">borrar las cruces<\/span><\/strong><span dir=\"auto\"><span>\u00a0<\/span>de los escudos. Tanto<span>\u00a0<\/span><\/span><strong><span dir=\"auto\">FC Barcelona<\/span><\/strong><span dir=\"auto\"><span>\u00a0<\/span>como<span>\u00a0<\/span><\/span><strong><span dir=\"auto\">Real Madrid<\/span><\/strong><span dir=\"auto\"><span>\u00a0<\/span>han aceptado que sus s\u00edmbolos cristianos desaparezcan de las banderas que ondeaban y de las camisetas que se vend\u00edan, para no perder mercado. El<span>\u00a0<\/span><\/span><strong><span dir=\"auto\">dogmatismo isl\u00e1mico<\/span><\/strong><span dir=\"auto\"><span>\u00a0<\/span>que impone esta censura es inaceptable; el silencio c\u00f3mplice de los clubs, tambi\u00e9n. Se<span>\u00a0<\/span><\/span><strong><span dir=\"auto\">traiciona la identidad simb\u00f3lica<\/span><\/strong><span dir=\"auto\"><span>\u00a0<\/span>para vender m\u00e1s camisetas.<\/span><\/p>\n<p><span dir=\"auto\"><span class=\"VIpgJd-yAWNEb-VIpgJd-fmcmS-sn54Q\" dir=\"auto\">Aqu\u00ed radica la convergencia:<span>\u00a0<\/span><\/span><\/span><strong><span dir=\"auto\"><span class=\"VIpgJd-yAWNEb-VIpgJd-fmcmS-sn54Q\" dir=\"auto\">unos promueven la apostas\u00eda desde un medio p\u00fablico; otros hacen invisible la cruz por dogmatismo isl\u00e1mico y a\u00fan otros lo aceptan por intereses comerciales.<\/span><\/span><\/strong><span dir=\"auto\"><span class=\"VIpgJd-yAWNEb-VIpgJd-fmcmS-sn54Q\" dir=\"auto\">\u00a0M\u00e9todos diferentes, mismo prop\u00f3sito:<span>\u00a0<\/span><\/span><\/span><strong><span dir=\"auto\"><span class=\"VIpgJd-yAWNEb-VIpgJd-fmcmS-sn54Q\" dir=\"auto\">arrinconar al cristianismo.<\/span><\/span><\/strong><span dir=\"auto\"><span class=\"VIpgJd-yAWNEb-VIpgJd-fmcmS-sn54Q\" dir=\"auto\"> Aunque es -lo constata el funeral de Huelva- lo que acompa\u00f1a, pone paz, consuela y da esperanza en los momentos m\u00e1s dif\u00edciles.<\/span><\/span><\/p>\n<span class='bctt-click-to-tweet'><span class='bctt-ctt-text'><a href='https:\/\/twitter.com\/intent\/tweet?url=https%3A%2F%2Fconversesacatalunya.cat%2Fes%2Ffuneral-tv3-apostasia-y-arabia-saudita%2F&#038;text=Apostatar%20es%20libre%3B%20promoverlo%20con%20dinero%20de%20todos%2C%20no.%20%23Pluralismo%20%23Laicidad&#038;via=conversesacat&#038;related=conversesacat' target='_blank'rel=\"noopener noreferrer\">Apostatar es libre; promoverlo con dinero de todos, no. #Pluralismo #Laicidad <\/a><\/span><a href='https:\/\/twitter.com\/intent\/tweet?url=https%3A%2F%2Fconversesacatalunya.cat%2Fes%2Ffuneral-tv3-apostasia-y-arabia-saudita%2F&#038;text=Apostatar%20es%20libre%3B%20promoverlo%20con%20dinero%20de%20todos%2C%20no.%20%23Pluralismo%20%23Laicidad&#038;via=conversesacat&#038;related=conversesacat' target='_blank' class='bctt-ctt-btn'rel=\"noopener noreferrer\">Compartir en X<\/a><\/span>\n<div id=\"polls-314\" class=\"wp-polls\">\n\t<form id=\"polls_form_314\" class=\"wp-polls-form\" action=\"\/index.php\" method=\"post\">\n\t\t<p style=\"display: none;\"><input type=\"hidden\" id=\"poll_314_nonce\" name=\"wp-polls-nonce\" value=\"f205c3c11f\" \/><\/p>\n\t\t<p style=\"display: none;\"><input type=\"hidden\" name=\"poll_id\" value=\"314\" \/><\/p>\n\t\t<p style=\"text-align: center\"><strong>Creus que el Govern d'Illa t\u00e9 alguna responsabilitat en el caos de Rodalies?<\/strong><\/p><div id=\"polls-314-ans\" class=\"wp-polls-ans\"><ul class=\"wp-polls-ul\">\n\t\t<li><input type=\"radio\" id=\"poll-answer-899\" name=\"poll_314\" value=\"899\" \/> <label for=\"poll-answer-899\">S\u00ed<\/label><\/li>\n\t\t<li><input type=\"radio\" id=\"poll-answer-900\" name=\"poll_314\" value=\"900\" \/> <label for=\"poll-answer-900\">No<\/label><\/li>\n\t\t<li><input type=\"radio\" id=\"poll-answer-901\" name=\"poll_314\" value=\"901\" \/> <label for=\"poll-answer-901\">No ho s\u00e9<\/label><\/li>\n\t\t<\/ul><p style=\"text-align: center\"><input type=\"button\" name=\"vote\" value=\"   Vota   \" class=\"Buttons\" onclick=\"poll_vote(314);\" \/><\/p><p style=\"text-align: center\"><a href=\"#ViewPollResults\" onclick=\"poll_result(314); return false;\" title=\"View Results Of This Poll\">Mira els resultats<\/a><\/p><\/div>\n\t<\/form>\n<\/div>\n<div id=\"polls-314-loading\" class=\"wp-polls-loading\"><img decoding=\"async\" data-src=\"https:\/\/conversesacatalunya.cat\/wp-content\/plugins\/wp-polls\/images\/loading.gif\" width=\"16\" height=\"16\" alt=\"Cargando ...\" title=\"Cargando ...\" class=\"wp-polls-image lazyload\" src=\"data:image\/svg+xml;base64,PHN2ZyB3aWR0aD0iMSIgaGVpZ2h0PSIxIiB4bWxucz0iaHR0cDovL3d3dy53My5vcmcvMjAwMC9zdmciPjwvc3ZnPg==\" style=\"--smush-placeholder-width: 16px; --smush-placeholder-aspect-ratio: 16\/16;\" \/>&nbsp;Cargando ...<\/div>\n\n","protected":false},"excerpt":{"rendered":"<p>\u00bfQu\u00e9 une conceptos aparentemente tan distantes como un funeral, la televisi\u00f3n p\u00fablica catalana y Arabia Saudita? El hilo conductor es el\u00a0hecho religioso o, mejor dicho, la creciente voluntad de\u00a0vaciarlo del espacio p\u00fablico.\u00a0En una sociedad que se proclama laica y secularizada, la religi\u00f3n sigue siendo un factor de\u00a0consuelo, esperanza e identidad. Y justamente por eso se convierte en objeto de deslegitimaci\u00f3n activa. Empecemos por el funeral Ante un tr\u00e1gico accidente ferroviario, el gobierno espa\u00f1ol impuso lo que llam\u00f3 un \u201cfuneral laico\u201d para homenajear a las v\u00edctimas, en realidad una celebraci\u00f3n atea porque laicidad nunca ha significado ausencia de Dios. El concepto ya es problem\u00e1tico:\u00a0no se homenajea a quien no ha elegido ser v\u00edctima;\u00a0se les recuerda, se les llora y se les acompa\u00f1a. Las familias lo entendieron mejor que nadie y rechazaron ese acto, reclamando un\u00a0funeral religioso, cat\u00f3lico, que reflejara la fe compartida, si no de todos, s\u00ed de la mayor\u00eda. El contraste entre el funeral de Valencia y el de Huelva es revelador. En Valencia, el acto oficial result\u00f3\u00a0fr\u00edo, desangelado e incapaz de ofrecer consuelo.\u00a0Sin trascendencia, el dolor deriv\u00f3 en crispaci\u00f3n; la escena termin\u00f3 siendo un escarnio p\u00fablico con consecuencias pol\u00edticas inmediatas sobre Maz\u00f3n. Su condena pol\u00edtica result\u00f3 inapelable. En Huelva, en cambio, imperaron\u00a0el silencio, la paz y el consuelo; puede ser la esperanza. El cristianismo, con su promesa \u00faltima de vida eterna, actu\u00f3 como b\u00e1lsamo. Sin consuelo ni esperanza, frente a p\u00e9rdidas irreparables, solo resta la desesperaci\u00f3n o la rabia. El presidente\u00a0Pedro S\u00e1nchez\u00a0no asisti\u00f3 porque no acude a actos religiosos, algo que no siempre hab\u00eda sido as\u00ed al inicio. En ese ausentarse coincidi\u00f3 con Sumar y Podemos y tambi\u00e9n con fuerzas pol\u00edticas antag\u00f3nicas como VOX, que se ausent\u00f3 por su confrontaci\u00f3n con la Iglesia. Lo hicieron porque\u00a0anteponen el c\u00e1lculo electoral\u00a0a cualquier consideraci\u00f3n de car\u00e1cter humano o espiritual. El resultado es una constataci\u00f3n inc\u00f3moda:\u00a0el hecho religioso sigue teniendo una funci\u00f3n social positiva,\u00a0mientras que su expulsi\u00f3n forzada del ritual p\u00fablico empobrece la respuesta colectiva al dolor. Y tambi\u00e9n, que la mayor\u00eda de los actuales partidos pol\u00edticos juegan a la contra de una experiencia tan dif\u00edcil de controlar pol\u00edticamente, que tan pronto reclama el derecho c\u00edvico de unas elecciones y eso le acerca a la oposici\u00f3n o reclama la regularizaci\u00f3n de los inmigrantes y eso la hace gubernamental. TV3 En la otra cara de la moneda encontramos\u00a0TV3, medio p\u00fablico financiado con los impuestos de todos los ciudadanos de Catalu\u00f1a. Esta condici\u00f3n exige\u00a0neutralidad, rigor y respeto institucional\u00a0superiores a los de un medio privado. Cuando estos principios se vulneran, el problema no es ideol\u00f3gico; es\u00a0democr\u00e1tico. El art\u00edculo difundido bajo el paraguas de 3Cat sobre \u201cdarse de baja de la Iglesia cat\u00f3lica\u201d no es informaci\u00f3n: es\u00a0campa\u00f1a.\u00a0No contextualiza el papel hist\u00f3rico y social de la Iglesia, no contrasta voces, no explica consecuencias jur\u00eddicas diversas.\u00a0Orienta a la acci\u00f3n\u00a0y presenta la apostas\u00eda como la \u00fanica salida deseable. Informar ser\u00eda contar;\u00a0incentivar\u00a0es otra cosa. Imaginemos el esc\u00e1ndalo si una televisi\u00f3n p\u00fablica promoviera, paso a paso, la reincorporaci\u00f3n a una confesi\u00f3n religiosa. \u00bfPor qu\u00e9 lo contrario se considera aceptable?\u00a0La cr\u00edtica no est\u00e1 en la libertad de apostatar\u00a0\u2014indiscutible\u2014, sino en el uso de poder p\u00fablico o econ\u00f3mico para orientar conciencias y borrar s\u00edmbolos. Esto no es servicio p\u00fablico. Es campa\u00f1a Esta direccionalidad transmite un mensaje claro:\u00a0el catolicismo no merece legitimidad en el espacio p\u00fablico.\u00a0Esto no es laicidad; es\u00a0anticatolicismo.\u00a0Una televisi\u00f3n p\u00fablica no debe adoctrinar \u2014ni a favor ni en contra\u2014 sino\u00a0servir al pluralismo real.\u00a0Cuando aqu\u00ed falla, deja de representar a todo el mundo. Arabia Saudita La coincidencia inquietante aparece cuando miramos hacia\u00a0Arabia Saud\u00ed.\u00a0En finales deportivas disputadas all\u00ed, se ha hecho habitual\u00a0borrar las cruces\u00a0de los escudos. Tanto\u00a0FC Barcelona\u00a0como\u00a0Real Madrid\u00a0han aceptado que sus s\u00edmbolos cristianos desaparezcan de las banderas que ondeaban y de las camisetas que se vend\u00edan, para no perder mercado. El\u00a0dogmatismo isl\u00e1mico\u00a0que impone esta censura es inaceptable; el silencio c\u00f3mplice de los clubs, tambi\u00e9n. Se\u00a0traiciona la identidad simb\u00f3lica\u00a0para vender m\u00e1s camisetas. Aqu\u00ed radica la convergencia:\u00a0unos promueven la apostas\u00eda desde un medio p\u00fablico; otros hacen invisible la cruz por dogmatismo isl\u00e1mico y a\u00fan otros lo aceptan por intereses comerciales.\u00a0M\u00e9todos diferentes, mismo prop\u00f3sito:\u00a0arrinconar al cristianismo. Aunque es -lo constata el funeral de Huelva- lo que acompa\u00f1a, pone paz, consuela y da esperanza en los momentos m\u00e1s dif\u00edciles.<\/p>\n","protected":false},"author":81,"featured_media":96048,"comment_status":"open","ping_status":"open","sticky":false,"template":"","format":"standard","meta":{"_FSMCFIC_featured_image_caption":"","_FSMCFIC_featured_image_nocaption":"","_FSMCFIC_featured_image_hide":"","footnotes":""},"categories":[806],"tags":[2726],"class_list":["post-96052","post","type-post","status-publish","format-standard","has-post-thumbnail","hentry","category-punts-claus-del-dia-es","tag-tv3-es"],"yoast_head":"<!-- This site is optimized with the Yoast SEO plugin v26.8 - https:\/\/yoast.com\/product\/yoast-seo-wordpress\/ -->\n<title>El funeral, TV3 y la apostas\u00eda y Arabia Saudita - Converses a Catalunya<\/title>\n<meta name=\"description\" content=\"Las familias lo entendieron mejor que nadie y rechazaron el funeral laico, reclamando un funeral religioso, cat\u00f3lico, que reflejara la fe.\" \/>\n<meta name=\"robots\" content=\"index, follow, max-snippet:-1, max-image-preview:large, max-video-preview:-1\" \/>\n<link rel=\"canonical\" href=\"https:\/\/conversesacatalunya.cat\/es\/funeral-tv3-apostasia-y-arabia-saudita\/\" \/>\n<meta property=\"og:locale\" content=\"es_ES\" \/>\n<meta property=\"og:type\" content=\"article\" \/>\n<meta property=\"og:title\" content=\"El funeral, TV3 y la apostas\u00eda y Arabia Saudita - Converses a Catalunya\" \/>\n<meta property=\"og:description\" content=\"Las familias lo entendieron mejor que nadie y rechazaron el funeral laico, reclamando un funeral religioso, cat\u00f3lico, que reflejara la fe.\" \/>\n<meta property=\"og:url\" content=\"https:\/\/conversesacatalunya.cat\/es\/funeral-tv3-apostasia-y-arabia-saudita\/\" \/>\n<meta property=\"og:site_name\" content=\"Converses a Catalunya\" \/>\n<meta property=\"article:published_time\" content=\"2026-01-30T10:41:26+00:00\" \/>\n<meta property=\"article:modified_time\" content=\"2026-01-30T11:02:16+00:00\" \/>\n<meta property=\"og:image\" content=\"https:\/\/conversesacatalunya.cat\/wp-content\/uploads\/2026\/01\/funeral-religios.jpg\" \/>\n\t<meta property=\"og:image:width\" content=\"670\" \/>\n\t<meta property=\"og:image:height\" content=\"378\" \/>\n\t<meta property=\"og:image:type\" content=\"image\/jpeg\" \/>\n<meta name=\"author\" content=\"Emili Clos\" \/>\n<meta name=\"twitter:card\" content=\"summary_large_image\" \/>\n<meta name=\"twitter:label1\" content=\"Escrito por\" \/>\n\t<meta name=\"twitter:data1\" content=\"Emili Clos\" \/>\n\t<meta name=\"twitter:label2\" content=\"Tiempo de lectura\" \/>\n\t<meta name=\"twitter:data2\" content=\"4 minutos\" \/>\n<script type=\"application\/ld+json\" class=\"yoast-schema-graph\">{\"@context\":\"https:\/\/schema.org\",\"@graph\":[{\"@type\":\"Article\",\"@id\":\"https:\/\/conversesacatalunya.cat\/es\/funeral-tv3-apostasia-y-arabia-saudita\/#article\",\"isPartOf\":{\"@id\":\"https:\/\/conversesacatalunya.cat\/es\/funeral-tv3-apostasia-y-arabia-saudita\/\"},\"author\":{\"name\":\"Emili Clos\",\"@id\":\"https:\/\/conversesacatalunya.cat\/#\/schema\/person\/46306de4129bccb959ed5e1720c4e3e7\"},\"headline\":\"El funeral, TV3 y la apostas\u00eda y Arabia Saudita\",\"datePublished\":\"2026-01-30T10:41:26+00:00\",\"dateModified\":\"2026-01-30T11:02:16+00:00\",\"mainEntityOfPage\":{\"@id\":\"https:\/\/conversesacatalunya.cat\/es\/funeral-tv3-apostasia-y-arabia-saudita\/\"},\"wordCount\":856,\"commentCount\":0,\"image\":{\"@id\":\"https:\/\/conversesacatalunya.cat\/es\/funeral-tv3-apostasia-y-arabia-saudita\/#primaryimage\"},\"thumbnailUrl\":\"https:\/\/conversesacatalunya.cat\/wp-content\/uploads\/2026\/01\/funeral-religios.jpg\",\"keywords\":[\"TV3\"],\"articleSection\":[\"Punts clau del dia (ES)\"],\"inLanguage\":\"es\",\"potentialAction\":[{\"@type\":\"CommentAction\",\"name\":\"Comment\",\"target\":[\"https:\/\/conversesacatalunya.cat\/es\/funeral-tv3-apostasia-y-arabia-saudita\/#respond\"]}]},{\"@type\":\"WebPage\",\"@id\":\"https:\/\/conversesacatalunya.cat\/es\/funeral-tv3-apostasia-y-arabia-saudita\/\",\"url\":\"https:\/\/conversesacatalunya.cat\/es\/funeral-tv3-apostasia-y-arabia-saudita\/\",\"name\":\"El funeral, TV3 y la apostas\u00eda y Arabia Saudita - Converses a Catalunya\",\"isPartOf\":{\"@id\":\"https:\/\/conversesacatalunya.cat\/#website\"},\"primaryImageOfPage\":{\"@id\":\"https:\/\/conversesacatalunya.cat\/es\/funeral-tv3-apostasia-y-arabia-saudita\/#primaryimage\"},\"image\":{\"@id\":\"https:\/\/conversesacatalunya.cat\/es\/funeral-tv3-apostasia-y-arabia-saudita\/#primaryimage\"},\"thumbnailUrl\":\"https:\/\/conversesacatalunya.cat\/wp-content\/uploads\/2026\/01\/funeral-religios.jpg\",\"datePublished\":\"2026-01-30T10:41:26+00:00\",\"dateModified\":\"2026-01-30T11:02:16+00:00\",\"author\":{\"@id\":\"https:\/\/conversesacatalunya.cat\/#\/schema\/person\/46306de4129bccb959ed5e1720c4e3e7\"},\"description\":\"Las familias lo entendieron mejor que nadie y rechazaron el funeral laico, reclamando un funeral religioso, cat\u00f3lico, que reflejara la fe.\",\"breadcrumb\":{\"@id\":\"https:\/\/conversesacatalunya.cat\/es\/funeral-tv3-apostasia-y-arabia-saudita\/#breadcrumb\"},\"inLanguage\":\"es\",\"potentialAction\":[{\"@type\":\"ReadAction\",\"target\":[\"https:\/\/conversesacatalunya.cat\/es\/funeral-tv3-apostasia-y-arabia-saudita\/\"]}]},{\"@type\":\"ImageObject\",\"inLanguage\":\"es\",\"@id\":\"https:\/\/conversesacatalunya.cat\/es\/funeral-tv3-apostasia-y-arabia-saudita\/#primaryimage\",\"url\":\"https:\/\/conversesacatalunya.cat\/wp-content\/uploads\/2026\/01\/funeral-religios.jpg\",\"contentUrl\":\"https:\/\/conversesacatalunya.cat\/wp-content\/uploads\/2026\/01\/funeral-religios.jpg\",\"width\":670,\"height\":378,\"caption\":\"funeral religioso\"},{\"@type\":\"BreadcrumbList\",\"@id\":\"https:\/\/conversesacatalunya.cat\/es\/funeral-tv3-apostasia-y-arabia-saudita\/#breadcrumb\",\"itemListElement\":[{\"@type\":\"ListItem\",\"position\":1,\"name\":\"Inici\",\"item\":\"https:\/\/conversesacatalunya.cat\/es\/\"},{\"@type\":\"ListItem\",\"position\":2,\"name\":\"El funeral, TV3 y la apostas\u00eda y Arabia Saudita\"}]},{\"@type\":\"WebSite\",\"@id\":\"https:\/\/conversesacatalunya.cat\/#website\",\"url\":\"https:\/\/conversesacatalunya.cat\/\",\"name\":\"Converses a Catalunya\",\"description\":\"\",\"potentialAction\":[{\"@type\":\"SearchAction\",\"target\":{\"@type\":\"EntryPoint\",\"urlTemplate\":\"https:\/\/conversesacatalunya.cat\/?s={search_term_string}\"},\"query-input\":{\"@type\":\"PropertyValueSpecification\",\"valueRequired\":true,\"valueName\":\"search_term_string\"}}],\"inLanguage\":\"es\"},{\"@type\":\"Person\",\"@id\":\"https:\/\/conversesacatalunya.cat\/#\/schema\/person\/46306de4129bccb959ed5e1720c4e3e7\",\"name\":\"Emili Clos\",\"image\":{\"@type\":\"ImageObject\",\"inLanguage\":\"es\",\"@id\":\"https:\/\/conversesacatalunya.cat\/#\/schema\/person\/image\/\",\"url\":\"https:\/\/conversesacatalunya.cat\/wp-content\/litespeed\/avatar\/a9a662bd802eed79498de818aef91cc9.jpg?ver=1777096184\",\"contentUrl\":\"https:\/\/conversesacatalunya.cat\/wp-content\/litespeed\/avatar\/a9a662bd802eed79498de818aef91cc9.jpg?ver=1777096184\",\"caption\":\"Emili Clos\"},\"url\":\"https:\/\/conversesacatalunya.cat\/es\/author\/emili_clos\/\"}]}<\/script>\n<!-- \/ Yoast SEO plugin. -->","yoast_head_json":{"title":"El funeral, TV3 y la apostas\u00eda y Arabia Saudita - Converses a Catalunya","description":"Las familias lo entendieron mejor que nadie y rechazaron el funeral laico, reclamando un funeral religioso, cat\u00f3lico, que reflejara la fe.","robots":{"index":"index","follow":"follow","max-snippet":"max-snippet:-1","max-image-preview":"max-image-preview:large","max-video-preview":"max-video-preview:-1"},"canonical":"https:\/\/conversesacatalunya.cat\/es\/funeral-tv3-apostasia-y-arabia-saudita\/","og_locale":"es_ES","og_type":"article","og_title":"El funeral, TV3 y la apostas\u00eda y Arabia Saudita - Converses a Catalunya","og_description":"Las familias lo entendieron mejor que nadie y rechazaron el funeral laico, reclamando un funeral religioso, cat\u00f3lico, que reflejara la fe.","og_url":"https:\/\/conversesacatalunya.cat\/es\/funeral-tv3-apostasia-y-arabia-saudita\/","og_site_name":"Converses a Catalunya","article_published_time":"2026-01-30T10:41:26+00:00","article_modified_time":"2026-01-30T11:02:16+00:00","og_image":[{"width":670,"height":378,"url":"https:\/\/conversesacatalunya.cat\/wp-content\/uploads\/2026\/01\/funeral-religios.jpg","type":"image\/jpeg"}],"author":"Emili Clos","twitter_card":"summary_large_image","twitter_misc":{"Escrito por":"Emili Clos","Tiempo de lectura":"4 minutos"},"schema":{"@context":"https:\/\/schema.org","@graph":[{"@type":"Article","@id":"https:\/\/conversesacatalunya.cat\/es\/funeral-tv3-apostasia-y-arabia-saudita\/#article","isPartOf":{"@id":"https:\/\/conversesacatalunya.cat\/es\/funeral-tv3-apostasia-y-arabia-saudita\/"},"author":{"name":"Emili Clos","@id":"https:\/\/conversesacatalunya.cat\/#\/schema\/person\/46306de4129bccb959ed5e1720c4e3e7"},"headline":"El funeral, TV3 y la apostas\u00eda y Arabia Saudita","datePublished":"2026-01-30T10:41:26+00:00","dateModified":"2026-01-30T11:02:16+00:00","mainEntityOfPage":{"@id":"https:\/\/conversesacatalunya.cat\/es\/funeral-tv3-apostasia-y-arabia-saudita\/"},"wordCount":856,"commentCount":0,"image":{"@id":"https:\/\/conversesacatalunya.cat\/es\/funeral-tv3-apostasia-y-arabia-saudita\/#primaryimage"},"thumbnailUrl":"https:\/\/conversesacatalunya.cat\/wp-content\/uploads\/2026\/01\/funeral-religios.jpg","keywords":["TV3"],"articleSection":["Punts clau del dia (ES)"],"inLanguage":"es","potentialAction":[{"@type":"CommentAction","name":"Comment","target":["https:\/\/conversesacatalunya.cat\/es\/funeral-tv3-apostasia-y-arabia-saudita\/#respond"]}]},{"@type":"WebPage","@id":"https:\/\/conversesacatalunya.cat\/es\/funeral-tv3-apostasia-y-arabia-saudita\/","url":"https:\/\/conversesacatalunya.cat\/es\/funeral-tv3-apostasia-y-arabia-saudita\/","name":"El funeral, TV3 y la apostas\u00eda y Arabia Saudita - Converses a Catalunya","isPartOf":{"@id":"https:\/\/conversesacatalunya.cat\/#website"},"primaryImageOfPage":{"@id":"https:\/\/conversesacatalunya.cat\/es\/funeral-tv3-apostasia-y-arabia-saudita\/#primaryimage"},"image":{"@id":"https:\/\/conversesacatalunya.cat\/es\/funeral-tv3-apostasia-y-arabia-saudita\/#primaryimage"},"thumbnailUrl":"https:\/\/conversesacatalunya.cat\/wp-content\/uploads\/2026\/01\/funeral-religios.jpg","datePublished":"2026-01-30T10:41:26+00:00","dateModified":"2026-01-30T11:02:16+00:00","author":{"@id":"https:\/\/conversesacatalunya.cat\/#\/schema\/person\/46306de4129bccb959ed5e1720c4e3e7"},"description":"Las familias lo entendieron mejor que nadie y rechazaron el funeral laico, reclamando un funeral religioso, cat\u00f3lico, que reflejara la fe.","breadcrumb":{"@id":"https:\/\/conversesacatalunya.cat\/es\/funeral-tv3-apostasia-y-arabia-saudita\/#breadcrumb"},"inLanguage":"es","potentialAction":[{"@type":"ReadAction","target":["https:\/\/conversesacatalunya.cat\/es\/funeral-tv3-apostasia-y-arabia-saudita\/"]}]},{"@type":"ImageObject","inLanguage":"es","@id":"https:\/\/conversesacatalunya.cat\/es\/funeral-tv3-apostasia-y-arabia-saudita\/#primaryimage","url":"https:\/\/conversesacatalunya.cat\/wp-content\/uploads\/2026\/01\/funeral-religios.jpg","contentUrl":"https:\/\/conversesacatalunya.cat\/wp-content\/uploads\/2026\/01\/funeral-religios.jpg","width":670,"height":378,"caption":"funeral religioso"},{"@type":"BreadcrumbList","@id":"https:\/\/conversesacatalunya.cat\/es\/funeral-tv3-apostasia-y-arabia-saudita\/#breadcrumb","itemListElement":[{"@type":"ListItem","position":1,"name":"Inici","item":"https:\/\/conversesacatalunya.cat\/es\/"},{"@type":"ListItem","position":2,"name":"El funeral, TV3 y la apostas\u00eda y Arabia Saudita"}]},{"@type":"WebSite","@id":"https:\/\/conversesacatalunya.cat\/#website","url":"https:\/\/conversesacatalunya.cat\/","name":"Converses a Catalunya","description":"","potentialAction":[{"@type":"SearchAction","target":{"@type":"EntryPoint","urlTemplate":"https:\/\/conversesacatalunya.cat\/?s={search_term_string}"},"query-input":{"@type":"PropertyValueSpecification","valueRequired":true,"valueName":"search_term_string"}}],"inLanguage":"es"},{"@type":"Person","@id":"https:\/\/conversesacatalunya.cat\/#\/schema\/person\/46306de4129bccb959ed5e1720c4e3e7","name":"Emili Clos","image":{"@type":"ImageObject","inLanguage":"es","@id":"https:\/\/conversesacatalunya.cat\/#\/schema\/person\/image\/","url":"https:\/\/conversesacatalunya.cat\/wp-content\/litespeed\/avatar\/a9a662bd802eed79498de818aef91cc9.jpg?ver=1777096184","contentUrl":"https:\/\/conversesacatalunya.cat\/wp-content\/litespeed\/avatar\/a9a662bd802eed79498de818aef91cc9.jpg?ver=1777096184","caption":"Emili Clos"},"url":"https:\/\/conversesacatalunya.cat\/es\/author\/emili_clos\/"}]}},"wps_subtitle":"An\u00e1lisis del papel del hecho religioso en los funerales p\u00fablicos, la campa\u00f1a de apostas\u00eda en TV3 y la censura de s\u00edmbolos cristianos en Arabia Saudita.","_links":{"self":[{"href":"https:\/\/conversesacatalunya.cat\/es\/wp-json\/wp\/v2\/posts\/96052","targetHints":{"allow":["GET"]}}],"collection":[{"href":"https:\/\/conversesacatalunya.cat\/es\/wp-json\/wp\/v2\/posts"}],"about":[{"href":"https:\/\/conversesacatalunya.cat\/es\/wp-json\/wp\/v2\/types\/post"}],"author":[{"embeddable":true,"href":"https:\/\/conversesacatalunya.cat\/es\/wp-json\/wp\/v2\/users\/81"}],"replies":[{"embeddable":true,"href":"https:\/\/conversesacatalunya.cat\/es\/wp-json\/wp\/v2\/comments?post=96052"}],"version-history":[{"count":4,"href":"https:\/\/conversesacatalunya.cat\/es\/wp-json\/wp\/v2\/posts\/96052\/revisions"}],"predecessor-version":[{"id":96057,"href":"https:\/\/conversesacatalunya.cat\/es\/wp-json\/wp\/v2\/posts\/96052\/revisions\/96057"}],"wp:featuredmedia":[{"embeddable":true,"href":"https:\/\/conversesacatalunya.cat\/es\/wp-json\/wp\/v2\/media\/96048"}],"wp:attachment":[{"href":"https:\/\/conversesacatalunya.cat\/es\/wp-json\/wp\/v2\/media?parent=96052"}],"wp:term":[{"taxonomy":"category","embeddable":true,"href":"https:\/\/conversesacatalunya.cat\/es\/wp-json\/wp\/v2\/categories?post=96052"},{"taxonomy":"post_tag","embeddable":true,"href":"https:\/\/conversesacatalunya.cat\/es\/wp-json\/wp\/v2\/tags?post=96052"}],"curies":[{"name":"wp","href":"https:\/\/api.w.org\/{rel}","templated":true}]}}