{"id":96032,"date":"2026-01-30T06:55:39","date_gmt":"2026-01-30T05:55:39","guid":{"rendered":"https:\/\/conversesacatalunya.cat\/?p=96032"},"modified":"2026-01-30T10:51:11","modified_gmt":"2026-01-30T09:51:11","slug":"jovenes-futuro-el-caso-dramatico-seguridad-social","status":"publish","type":"post","link":"https:\/\/conversesacatalunya.cat\/es\/jovenes-futuro-el-caso-dramatico-seguridad-social\/","title":{"rendered":"La destrucci\u00f3n de los j\u00f3venes y la liquidaci\u00f3n del futuro: el caso dram\u00e1tico de la Seguridad Social"},"content":{"rendered":"<p><span dir=\"auto\">Dos premisas evidentes: <strong>S\u00e1nchez<\/strong> lleva muchos a\u00f1os gobernando, ya va por el octavo a\u00f1o de gesti\u00f3n pol\u00edtica, y este es un largo per\u00edodo. Por tanto, poco puede apelar a la \u201cherencia\u201d, sobre todo si los problemas que iban arrastr\u00e1ndose han estallado en crisis clamorosas por su imprevisi\u00f3n e incapacidad: red y disponibilidad de energ\u00eda el\u00e9ctrica, gran apag\u00f3n, colapso de las infraestructuras viarias y ferroviarias, la vivienda como en los peores tiempos, justo terminada la Guerra Civil, mal estado de la ense\u00f1anza, mal funcionamiento de la administraci\u00f3n p\u00fablica; con una sola excepci\u00f3n, \u00a1Hacienda! La lista es larga y a ella se le a\u00f1ade una<strong> losa descomunal<\/strong>, con el mal estado de<strong> las pensiones<\/strong>.<\/span><\/p>\n<p><span dir=\"auto\">Y \u00e9sta es la segunda evidencia. Si la vivienda y los bajos salarios est\u00e1n destruyendo el futuro de la gente joven; y, por tanto,<span>\u00a0<\/span><\/span><strong><span dir=\"auto\">el futuro del pa\u00eds,<\/span><\/strong><span dir=\"auto\">\u00a0el endeudamiento p\u00fablico que supera el 100% del PIB y el estado del<span>\u00a0<\/span><\/span><strong><a href=\"https:\/\/conversesacatalunya.cat\/es\/ocde-verdad-incomoda-sobre-pensiones-espanolas\/\" target=\"_blank\" rel=\"noopener\"><span dir=\"auto\">sistema p\u00fablico de pensiones<\/span><\/a>,<\/strong><span dir=\"auto\">\u00a0supone a\u00f1adir una piedra de molino a su cuello.<\/span><\/p>\n<p><span dir=\"auto\">El problema arranca de una ra\u00edz<span>\u00a0<\/span><\/span><strong><span dir=\"auto\">destructiva, la falta de natalidad<\/span><\/strong><span dir=\"auto\"><span>\u00a0<\/span>y de pol\u00edticas favorables a ella y a la familia y el empe\u00f1o ideol\u00f3gico en todo lo contrario, empezando por el fomento del aborto, que en Catalu\u00f1a significa ya del orden del 40% de los nacimientos.<\/span><\/p>\n<p><img fetchpriority=\"high\" decoding=\"async\" class=\"wp-image-96009 size-full aligncenter\" src=\"https:\/\/conversesacatalunya.cat\/wp-content\/uploads\/2026\/01\/Imagen3.jpg\" alt=\"\" width=\"397\" height=\"296\" srcset=\"https:\/\/conversesacatalunya.cat\/wp-content\/uploads\/2026\/01\/Imagen3.jpg 397w, https:\/\/conversesacatalunya.cat\/wp-content\/uploads\/2026\/01\/Imagen3-300x224.jpg 300w\" sizes=\"(max-width: 397px) 100vw, 397px\" \/><\/p>\n<p><img decoding=\"async\" class=\"wp-image-96011 size-full aligncenter lazyload\" data-src=\"https:\/\/conversesacatalunya.cat\/wp-content\/uploads\/2026\/01\/Imagen2.jpg\" alt=\"\" width=\"402\" height=\"306\" data-srcset=\"https:\/\/conversesacatalunya.cat\/wp-content\/uploads\/2026\/01\/Imagen2.jpg 402w, https:\/\/conversesacatalunya.cat\/wp-content\/uploads\/2026\/01\/Imagen2-300x228.jpg 300w\" data-sizes=\"(max-width: 402px) 100vw, 402px\" src=\"data:image\/svg+xml;base64,PHN2ZyB3aWR0aD0iMSIgaGVpZ2h0PSIxIiB4bWxucz0iaHR0cDovL3d3dy53My5vcmcvMjAwMC9zdmciPjwvc3ZnPg==\" style=\"--smush-placeholder-width: 402px; --smush-placeholder-aspect-ratio: 402\/306;\" \/><\/p>\n<p><span dir=\"auto\">La consecuencia a largo plazo de esta pol\u00edtica ha sido la<span>\u00a0<\/span><\/span><strong><span dir=\"auto\">descapitalizaci\u00f3n y d\u00e9ficit del sistema p\u00fablico de pensiones,<\/span><\/strong><span dir=\"auto\">\u00a0porque al mismo tiempo que hemos destruido cantidades ingentes de nuestro capital humano, tampoco hemos logrado mejorar la otra vertiente que econ\u00f3micamente pod\u00eda paliar el problema: la migrada productividad de nuestra econom\u00eda.<\/span><\/p>\n<p><img decoding=\"async\" class=\"alignnone wp-image-96015 size-full lazyload\" data-src=\"https:\/\/conversesacatalunya.cat\/wp-content\/uploads\/2026\/01\/Imagen4.jpg\" alt=\"\" width=\"567\" height=\"311\" data-srcset=\"https:\/\/conversesacatalunya.cat\/wp-content\/uploads\/2026\/01\/Imagen4.jpg 567w, https:\/\/conversesacatalunya.cat\/wp-content\/uploads\/2026\/01\/Imagen4-300x165.jpg 300w\" data-sizes=\"(max-width: 567px) 100vw, 567px\" src=\"data:image\/svg+xml;base64,PHN2ZyB3aWR0aD0iMSIgaGVpZ2h0PSIxIiB4bWxucz0iaHR0cDovL3d3dy53My5vcmcvMjAwMC9zdmciPjwvc3ZnPg==\" style=\"--smush-placeholder-width: 567px; --smush-placeholder-aspect-ratio: 567\/311;\" \/><\/p>\n<p><span dir=\"auto\"><span class=\"VIpgJd-yAWNEb-VIpgJd-fmcmS-sn54Q\" dir=\"auto\">El desequilibrio hace que cada vez mayor parte del<span>\u00a0<\/span><\/span><\/span><strong><span dir=\"auto\"><span class=\"VIpgJd-yAWNEb-VIpgJd-fmcmS-sn54Q\" dir=\"auto\">gasto p\u00fablico vaya a tapar el agujero de las pensiones<\/span><\/span><\/strong><span dir=\"auto\"><span class=\"VIpgJd-yAWNEb-VIpgJd-fmcmS-sn54Q\" dir=\"auto\"><span>\u00a0<\/span>y en consecuencia se desatienda de otros gastos como la sanidad, la ense\u00f1anza, e inversiones en carreteras, autov\u00edas, ferrocarril\u2026<\/span><\/span><\/p>\n<p><img decoding=\"async\" class=\"alignnone wp-image-96017 size-full lazyload\" data-src=\"https:\/\/conversesacatalunya.cat\/wp-content\/uploads\/2026\/01\/Imagen5.jpg\" alt=\"\" width=\"1299\" height=\"944\" data-srcset=\"https:\/\/conversesacatalunya.cat\/wp-content\/uploads\/2026\/01\/Imagen5.jpg 1299w, https:\/\/conversesacatalunya.cat\/wp-content\/uploads\/2026\/01\/Imagen5-300x218.jpg 300w, https:\/\/conversesacatalunya.cat\/wp-content\/uploads\/2026\/01\/Imagen5-1024x744.jpg 1024w\" data-sizes=\"(max-width: 1299px) 100vw, 1299px\" src=\"data:image\/svg+xml;base64,PHN2ZyB3aWR0aD0iMSIgaGVpZ2h0PSIxIiB4bWxucz0iaHR0cDovL3d3dy53My5vcmcvMjAwMC9zdmciPjwvc3ZnPg==\" style=\"--smush-placeholder-width: 1299px; --smush-placeholder-aspect-ratio: 1299\/944;\" \/><\/p>\n<p><span dir=\"auto\">El resultado<span>\u00a0<\/span><\/span><strong><span dir=\"auto\">da lugar a un gran desequilibrio<\/span><\/strong><span dir=\"auto\"><span>\u00a0<\/span>en la distribuci\u00f3n del gasto p\u00fablico por edades, como se ve en su crecimiento, moderado (1,15%) para los menores de 15 a\u00f1os, mucho mayor (1,24%) para los mayores de 65, y estancado en lo que respecta a las otras generaciones para el per\u00edodo 2008-2023.<\/span><\/p>\n<p><img decoding=\"async\" class=\"alignnone wp-image-96019 size-full lazyload\" data-src=\"https:\/\/conversesacatalunya.cat\/wp-content\/uploads\/2026\/01\/Imagen6.jpg\" alt=\"\" width=\"567\" height=\"331\" data-srcset=\"https:\/\/conversesacatalunya.cat\/wp-content\/uploads\/2026\/01\/Imagen6.jpg 567w, https:\/\/conversesacatalunya.cat\/wp-content\/uploads\/2026\/01\/Imagen6-300x175.jpg 300w\" data-sizes=\"(max-width: 567px) 100vw, 567px\" src=\"data:image\/svg+xml;base64,PHN2ZyB3aWR0aD0iMSIgaGVpZ2h0PSIxIiB4bWxucz0iaHR0cDovL3d3dy53My5vcmcvMjAwMC9zdmciPjwvc3ZnPg==\" style=\"--smush-placeholder-width: 567px; --smush-placeholder-aspect-ratio: 567\/331;\" \/><\/p>\n<p><span>La siguiente tabla muestra c\u00f3mo la variaci\u00f3n en el gasto p\u00fablico total ha ido en direcci\u00f3n contraria a las necesidades: En los \u00faltimos veinte a\u00f1os, 2004-2024 se ha reducido en transportes (ferrocarriles por ejemplo) educaci\u00f3n (pese a la crisis de la ense\u00f1anza), vivienda (no es por nada que ha estallado), y orden p\u00fablico. Pero ha crecido de forma arrolladora en pensiones que se llevan pr\u00e1cticamente todo el crecimiento de gasto del per\u00edodo.<\/span><\/p>\n<p><img decoding=\"async\" class=\"alignnone wp-image-96022 size-full lazyload\" data-src=\"https:\/\/conversesacatalunya.cat\/wp-content\/uploads\/2026\/01\/Imagen7.jpg\" alt=\"\" width=\"567\" height=\"527\" data-srcset=\"https:\/\/conversesacatalunya.cat\/wp-content\/uploads\/2026\/01\/Imagen7.jpg 567w, https:\/\/conversesacatalunya.cat\/wp-content\/uploads\/2026\/01\/Imagen7-300x279.jpg 300w\" data-sizes=\"(max-width: 567px) 100vw, 567px\" src=\"data:image\/svg+xml;base64,PHN2ZyB3aWR0aD0iMSIgaGVpZ2h0PSIxIiB4bWxucz0iaHR0cDovL3d3dy53My5vcmcvMjAwMC9zdmciPjwvc3ZnPg==\" style=\"--smush-placeholder-width: 567px; --smush-placeholder-aspect-ratio: 567\/527;\" \/><\/p>\n<p><span dir=\"auto\"><span class=\"VIpgJd-yAWNEb-VIpgJd-fmcmS-sn54Q\" dir=\"auto\">Otra forma de verlo, que permite observar c\u00f3mo el per\u00edodo S\u00e1nchez acent\u00faa la diferencia que ya exist\u00eda previamente y que el fin de la gran Crisis de 2008 no lo ha resuelto, es observando los \u00faltimos a\u00f1os.<\/span><\/span><\/p>\n<p><img decoding=\"async\" class=\"alignnone wp-image-96024 size-full lazyload\" data-src=\"https:\/\/conversesacatalunya.cat\/wp-content\/uploads\/2026\/01\/Imagen8.jpg\" alt=\"\" width=\"567\" height=\"364\" data-srcset=\"https:\/\/conversesacatalunya.cat\/wp-content\/uploads\/2026\/01\/Imagen8.jpg 567w, https:\/\/conversesacatalunya.cat\/wp-content\/uploads\/2026\/01\/Imagen8-300x193.jpg 300w\" data-sizes=\"(max-width: 567px) 100vw, 567px\" src=\"data:image\/svg+xml;base64,PHN2ZyB3aWR0aD0iMSIgaGVpZ2h0PSIxIiB4bWxucz0iaHR0cDovL3d3dy53My5vcmcvMjAwMC9zdmciPjwvc3ZnPg==\" style=\"--smush-placeholder-width: 567px; --smush-placeholder-aspect-ratio: 567\/364;\" \/><\/p>\n<p><strong><span dir=\"auto\">Y por si fuera poco, un problema de fondo en el mecanismo interno de la Seguridad Social:<\/span><\/strong><\/p>\n<p><span dir=\"auto\">La<span>\u00a0<\/span><\/span><strong><span dir=\"auto\">tasa interna de retorno<\/span><\/strong><span dir=\"auto\"><span>\u00a0<\/span>(TIR) \u200b\u200bque ofrece el sistema p\u00fablico de pensiones contributivo en Espa\u00f1a es demasiado alta en relaci\u00f3n con el crecimiento de sus ingresos. Un sistema de reparto solo puede ser sostenible si la rentabilidad impl\u00edcita que promete a los cotizantes es coherente con el crecimiento conjunto de la poblaci\u00f3n y las cotizaciones sociales.<\/span><\/p>\n<p><span dir=\"auto\"><span class=\"VIpgJd-yAWNEb-VIpgJd-fmcmS-sn54Q\" dir=\"auto\">Cuando comparamos la TIR del sistema en Espa\u00f1a con la TIR que le har\u00eda sostenible, el resultado es preocupante: la TIR del sistema en Espa\u00f1a est\u00e1 entre un 1,5% y un 2,2% anual<span>\u00a0<\/span><\/span><\/span><strong><span dir=\"auto\"><span class=\"VIpgJd-yAWNEb-VIpgJd-fmcmS-sn54Q\" dir=\"auto\">por encima del nivel de sostenibilidad.<\/span><\/span><\/strong><span dir=\"auto\"><span class=\"VIpgJd-yAWNEb-VIpgJd-fmcmS-sn54Q\" dir=\"auto\"><span>\u00a0<\/span>O dicho de forma m\u00e1s clara: no, los pensionistas contributivos actuales no est\u00e1n cobrando lo que pagaron en cotizaciones sociales. Est\u00e1n disfrutando de una TIR mayor, que se traduce en pensiones entre un 45% y un 65% del valor actuarial justo que corresponder\u00eda al valor actual de sus cotizaciones sociales pasadas y esto, no se resuelve con masas de inmigrantes de bajos salarios y poca cotizaci\u00f3n a la Seguridad Social que en el momento en que se jubilen acentuar\u00e1n el problema del d\u00e9ficit debido al desequilibrio de la TIR, sino en concentrarnos a mejorar la productividad como gran reto colectivo.<\/span><\/span><\/p>\n<span class='bctt-click-to-tweet'><span class='bctt-ctt-text'><a href='https:\/\/twitter.com\/intent\/tweet?url=https%3A%2F%2Fconversesacatalunya.cat%2Fes%2Fjovenes-futuro-el-caso-dramatico-seguridad-social%2F&#038;text=El%20sistema%20de%20pensiones%20promete%20m%C3%A1s%20de%20lo%20que%20puede%20pagar.%20Y%20el%20d%C3%A9ficit%20se%20traslada%20directamente%20a%20las%20nuevas%20generaciones.%20%23pensiones&#038;via=conversesacat&#038;related=conversesacat' target='_blank'rel=\"noopener noreferrer\">El sistema de pensiones promete m\u00e1s de lo que puede pagar. Y el d\u00e9ficit se traslada directamente a las nuevas generaciones. #pensiones <\/a><\/span><a href='https:\/\/twitter.com\/intent\/tweet?url=https%3A%2F%2Fconversesacatalunya.cat%2Fes%2Fjovenes-futuro-el-caso-dramatico-seguridad-social%2F&#038;text=El%20sistema%20de%20pensiones%20promete%20m%C3%A1s%20de%20lo%20que%20puede%20pagar.%20Y%20el%20d%C3%A9ficit%20se%20traslada%20directamente%20a%20las%20nuevas%20generaciones.%20%23pensiones&#038;via=conversesacat&#038;related=conversesacat' target='_blank' class='bctt-ctt-btn'rel=\"noopener noreferrer\">Compartir en X<\/a><\/span>\n<div id=\"polls-314\" class=\"wp-polls\">\n\t<form id=\"polls_form_314\" class=\"wp-polls-form\" action=\"\/index.php\" method=\"post\">\n\t\t<p style=\"display: none;\"><input type=\"hidden\" id=\"poll_314_nonce\" name=\"wp-polls-nonce\" value=\"a46527efa1\" \/><\/p>\n\t\t<p style=\"display: none;\"><input type=\"hidden\" name=\"poll_id\" value=\"314\" \/><\/p>\n\t\t<p style=\"text-align: center\"><strong>Creus que el Govern d'Illa t\u00e9 alguna responsabilitat en el caos de Rodalies?<\/strong><\/p><div id=\"polls-314-ans\" class=\"wp-polls-ans\"><ul class=\"wp-polls-ul\">\n\t\t<li><input type=\"radio\" id=\"poll-answer-899\" name=\"poll_314\" value=\"899\" \/> <label for=\"poll-answer-899\">S\u00ed<\/label><\/li>\n\t\t<li><input type=\"radio\" id=\"poll-answer-900\" name=\"poll_314\" value=\"900\" \/> <label for=\"poll-answer-900\">No<\/label><\/li>\n\t\t<li><input type=\"radio\" id=\"poll-answer-901\" name=\"poll_314\" value=\"901\" \/> <label for=\"poll-answer-901\">No ho s\u00e9<\/label><\/li>\n\t\t<\/ul><p style=\"text-align: center\"><input type=\"button\" name=\"vote\" value=\"   Vota   \" class=\"Buttons\" onclick=\"poll_vote(314);\" \/><\/p><p style=\"text-align: center\"><a href=\"#ViewPollResults\" onclick=\"poll_result(314); return false;\" title=\"View Results Of This Poll\">Mira els resultats<\/a><\/p><\/div>\n\t<\/form>\n<\/div>\n<div id=\"polls-314-loading\" class=\"wp-polls-loading\"><img decoding=\"async\" data-src=\"https:\/\/conversesacatalunya.cat\/wp-content\/plugins\/wp-polls\/images\/loading.gif\" width=\"16\" height=\"16\" alt=\"Cargando ...\" title=\"Cargando ...\" class=\"wp-polls-image lazyload\" src=\"data:image\/svg+xml;base64,PHN2ZyB3aWR0aD0iMSIgaGVpZ2h0PSIxIiB4bWxucz0iaHR0cDovL3d3dy53My5vcmcvMjAwMC9zdmciPjwvc3ZnPg==\" style=\"--smush-placeholder-width: 16px; --smush-placeholder-aspect-ratio: 16\/16;\" \/>&nbsp;Cargando ...<\/div>\n\n<p>&nbsp;<\/p>\n","protected":false},"excerpt":{"rendered":"<p>Dos premisas evidentes: S\u00e1nchez lleva muchos a\u00f1os gobernando, ya va por el octavo a\u00f1o de gesti\u00f3n pol\u00edtica, y este es un largo per\u00edodo. Por tanto, poco puede apelar a la \u201cherencia\u201d, sobre todo si los problemas que iban arrastr\u00e1ndose han estallado en crisis clamorosas por su imprevisi\u00f3n e incapacidad: red y disponibilidad de energ\u00eda el\u00e9ctrica, gran apag\u00f3n, colapso de las infraestructuras viarias y ferroviarias, la vivienda como en los peores tiempos, justo terminada la Guerra Civil, mal estado de la ense\u00f1anza, mal funcionamiento de la administraci\u00f3n p\u00fablica; con una sola excepci\u00f3n, \u00a1Hacienda! La lista es larga y a ella se le a\u00f1ade una losa descomunal, con el mal estado de las pensiones. Y \u00e9sta es la segunda evidencia. Si la vivienda y los bajos salarios est\u00e1n destruyendo el futuro de la gente joven; y, por tanto,\u00a0el futuro del pa\u00eds,\u00a0el endeudamiento p\u00fablico que supera el 100% del PIB y el estado del\u00a0sistema p\u00fablico de pensiones,\u00a0supone a\u00f1adir una piedra de molino a su cuello. El problema arranca de una ra\u00edz\u00a0destructiva, la falta de natalidad\u00a0y de pol\u00edticas favorables a ella y a la familia y el empe\u00f1o ideol\u00f3gico en todo lo contrario, empezando por el fomento del aborto, que en Catalu\u00f1a significa ya del orden del 40% de los nacimientos. La consecuencia a largo plazo de esta pol\u00edtica ha sido la\u00a0descapitalizaci\u00f3n y d\u00e9ficit del sistema p\u00fablico de pensiones,\u00a0porque al mismo tiempo que hemos destruido cantidades ingentes de nuestro capital humano, tampoco hemos logrado mejorar la otra vertiente que econ\u00f3micamente pod\u00eda paliar el problema: la migrada productividad de nuestra econom\u00eda. El desequilibrio hace que cada vez mayor parte del\u00a0gasto p\u00fablico vaya a tapar el agujero de las pensiones\u00a0y en consecuencia se desatienda de otros gastos como la sanidad, la ense\u00f1anza, e inversiones en carreteras, autov\u00edas, ferrocarril\u2026 El resultado\u00a0da lugar a un gran desequilibrio\u00a0en la distribuci\u00f3n del gasto p\u00fablico por edades, como se ve en su crecimiento, moderado (1,15%) para los menores de 15 a\u00f1os, mucho mayor (1,24%) para los mayores de 65, y estancado en lo que respecta a las otras generaciones para el per\u00edodo 2008-2023. La siguiente tabla muestra c\u00f3mo la variaci\u00f3n en el gasto p\u00fablico total ha ido en direcci\u00f3n contraria a las necesidades: En los \u00faltimos veinte a\u00f1os, 2004-2024 se ha reducido en transportes (ferrocarriles por ejemplo) educaci\u00f3n (pese a la crisis de la ense\u00f1anza), vivienda (no es por nada que ha estallado), y orden p\u00fablico. Pero ha crecido de forma arrolladora en pensiones que se llevan pr\u00e1cticamente todo el crecimiento de gasto del per\u00edodo. Otra forma de verlo, que permite observar c\u00f3mo el per\u00edodo S\u00e1nchez acent\u00faa la diferencia que ya exist\u00eda previamente y que el fin de la gran Crisis de 2008 no lo ha resuelto, es observando los \u00faltimos a\u00f1os. Y por si fuera poco, un problema de fondo en el mecanismo interno de la Seguridad Social: La\u00a0tasa interna de retorno\u00a0(TIR) \u200b\u200bque ofrece el sistema p\u00fablico de pensiones contributivo en Espa\u00f1a es demasiado alta en relaci\u00f3n con el crecimiento de sus ingresos. Un sistema de reparto solo puede ser sostenible si la rentabilidad impl\u00edcita que promete a los cotizantes es coherente con el crecimiento conjunto de la poblaci\u00f3n y las cotizaciones sociales. Cuando comparamos la TIR del sistema en Espa\u00f1a con la TIR que le har\u00eda sostenible, el resultado es preocupante: la TIR del sistema en Espa\u00f1a est\u00e1 entre un 1,5% y un 2,2% anual\u00a0por encima del nivel de sostenibilidad.\u00a0O dicho de forma m\u00e1s clara: no, los pensionistas contributivos actuales no est\u00e1n cobrando lo que pagaron en cotizaciones sociales. Est\u00e1n disfrutando de una TIR mayor, que se traduce en pensiones entre un 45% y un 65% del valor actuarial justo que corresponder\u00eda al valor actual de sus cotizaciones sociales pasadas y esto, no se resuelve con masas de inmigrantes de bajos salarios y poca cotizaci\u00f3n a la Seguridad Social que en el momento en que se jubilen acentuar\u00e1n el problema del d\u00e9ficit debido al desequilibrio de la TIR, sino en concentrarnos a mejorar la productividad como gran reto colectivo. &nbsp;<\/p>\n","protected":false},"author":19,"featured_media":96018,"comment_status":"open","ping_status":"open","sticky":false,"template":"","format":"standard","meta":{"_FSMCFIC_featured_image_caption":"","_FSMCFIC_featured_image_nocaption":"","_FSMCFIC_featured_image_hide":"","footnotes":""},"categories":[806],"tags":[946,1122],"class_list":["post-96032","post","type-post","status-publish","format-standard","has-post-thumbnail","hentry","category-punts-claus-del-dia-es","tag-pensiones","tag-pensions-es"],"yoast_head":"<!-- This site is optimized with the Yoast SEO plugin v26.8 - https:\/\/yoast.com\/product\/yoast-seo-wordpress\/ -->\n<title>La destrucci\u00f3n de los j\u00f3venes y la liquidaci\u00f3n del futuro: el caso dram\u00e1tico de la Seguridad Social - Converses a Catalunya<\/title>\n<meta name=\"description\" content=\"La crisis de natalidad, la insostenibilidad de las pensiones y el endeudamiento p\u00fablico en Espa\u00f1a condenan a los j\u00f3venes.\" \/>\n<meta name=\"robots\" content=\"index, follow, max-snippet:-1, max-image-preview:large, max-video-preview:-1\" \/>\n<link rel=\"canonical\" href=\"https:\/\/conversesacatalunya.cat\/es\/jovenes-futuro-el-caso-dramatico-seguridad-social\/\" \/>\n<meta property=\"og:locale\" content=\"es_ES\" \/>\n<meta property=\"og:type\" content=\"article\" \/>\n<meta property=\"og:title\" content=\"La destrucci\u00f3n de los j\u00f3venes y la liquidaci\u00f3n del futuro: el caso dram\u00e1tico de la Seguridad Social - Converses a Catalunya\" \/>\n<meta property=\"og:description\" content=\"La crisis de natalidad, la insostenibilidad de las pensiones y el endeudamiento p\u00fablico en Espa\u00f1a condenan a los j\u00f3venes.\" \/>\n<meta property=\"og:url\" content=\"https:\/\/conversesacatalunya.cat\/es\/jovenes-futuro-el-caso-dramatico-seguridad-social\/\" \/>\n<meta property=\"og:site_name\" content=\"Converses a Catalunya\" \/>\n<meta property=\"article:published_time\" content=\"2026-01-30T05:55:39+00:00\" \/>\n<meta property=\"article:modified_time\" content=\"2026-01-30T09:51:11+00:00\" \/>\n<meta property=\"og:image\" content=\"https:\/\/conversesacatalunya.cat\/wp-content\/uploads\/2026\/01\/Imagen5.jpg\" \/>\n\t<meta property=\"og:image:width\" content=\"1299\" \/>\n\t<meta property=\"og:image:height\" content=\"944\" \/>\n\t<meta property=\"og:image:type\" content=\"image\/jpeg\" \/>\n<meta name=\"author\" content=\"Josep Mir\u00f3 i Ard\u00e8vol\" \/>\n<meta name=\"twitter:card\" content=\"summary_large_image\" \/>\n<meta name=\"twitter:label1\" content=\"Escrito por\" \/>\n\t<meta name=\"twitter:data1\" content=\"Josep Mir\u00f3 i Ard\u00e8vol\" \/>\n\t<meta name=\"twitter:label2\" content=\"Tiempo de lectura\" \/>\n\t<meta name=\"twitter:data2\" content=\"4 minutos\" \/>\n<script type=\"application\/ld+json\" class=\"yoast-schema-graph\">{\"@context\":\"https:\/\/schema.org\",\"@graph\":[{\"@type\":\"Article\",\"@id\":\"https:\/\/conversesacatalunya.cat\/es\/jovenes-futuro-el-caso-dramatico-seguridad-social\/#article\",\"isPartOf\":{\"@id\":\"https:\/\/conversesacatalunya.cat\/es\/jovenes-futuro-el-caso-dramatico-seguridad-social\/\"},\"author\":{\"name\":\"Josep Mir\u00f3 i Ard\u00e8vol\",\"@id\":\"https:\/\/conversesacatalunya.cat\/#\/schema\/person\/a9598a6786ba7d3d1c5e0de477b79370\"},\"headline\":\"La destrucci\u00f3n de los j\u00f3venes y la liquidaci\u00f3n del futuro: el caso dram\u00e1tico de la Seguridad Social\",\"datePublished\":\"2026-01-30T05:55:39+00:00\",\"dateModified\":\"2026-01-30T09:51:11+00:00\",\"mainEntityOfPage\":{\"@id\":\"https:\/\/conversesacatalunya.cat\/es\/jovenes-futuro-el-caso-dramatico-seguridad-social\/\"},\"wordCount\":788,\"commentCount\":0,\"image\":{\"@id\":\"https:\/\/conversesacatalunya.cat\/es\/jovenes-futuro-el-caso-dramatico-seguridad-social\/#primaryimage\"},\"thumbnailUrl\":\"https:\/\/conversesacatalunya.cat\/wp-content\/uploads\/2026\/01\/Imagen5.jpg\",\"keywords\":[\"Pensiones\",\"Pensions\"],\"articleSection\":[\"Punts clau del dia (ES)\"],\"inLanguage\":\"es\",\"potentialAction\":[{\"@type\":\"CommentAction\",\"name\":\"Comment\",\"target\":[\"https:\/\/conversesacatalunya.cat\/es\/jovenes-futuro-el-caso-dramatico-seguridad-social\/#respond\"]}]},{\"@type\":\"WebPage\",\"@id\":\"https:\/\/conversesacatalunya.cat\/es\/jovenes-futuro-el-caso-dramatico-seguridad-social\/\",\"url\":\"https:\/\/conversesacatalunya.cat\/es\/jovenes-futuro-el-caso-dramatico-seguridad-social\/\",\"name\":\"La destrucci\u00f3n de los j\u00f3venes y la liquidaci\u00f3n del futuro: el caso dram\u00e1tico de la Seguridad Social - Converses a Catalunya\",\"isPartOf\":{\"@id\":\"https:\/\/conversesacatalunya.cat\/#website\"},\"primaryImageOfPage\":{\"@id\":\"https:\/\/conversesacatalunya.cat\/es\/jovenes-futuro-el-caso-dramatico-seguridad-social\/#primaryimage\"},\"image\":{\"@id\":\"https:\/\/conversesacatalunya.cat\/es\/jovenes-futuro-el-caso-dramatico-seguridad-social\/#primaryimage\"},\"thumbnailUrl\":\"https:\/\/conversesacatalunya.cat\/wp-content\/uploads\/2026\/01\/Imagen5.jpg\",\"datePublished\":\"2026-01-30T05:55:39+00:00\",\"dateModified\":\"2026-01-30T09:51:11+00:00\",\"author\":{\"@id\":\"https:\/\/conversesacatalunya.cat\/#\/schema\/person\/a9598a6786ba7d3d1c5e0de477b79370\"},\"description\":\"La crisis de natalidad, la insostenibilidad de las pensiones y el endeudamiento p\u00fablico en Espa\u00f1a condenan a los j\u00f3venes.\",\"breadcrumb\":{\"@id\":\"https:\/\/conversesacatalunya.cat\/es\/jovenes-futuro-el-caso-dramatico-seguridad-social\/#breadcrumb\"},\"inLanguage\":\"es\",\"potentialAction\":[{\"@type\":\"ReadAction\",\"target\":[\"https:\/\/conversesacatalunya.cat\/es\/jovenes-futuro-el-caso-dramatico-seguridad-social\/\"]}]},{\"@type\":\"ImageObject\",\"inLanguage\":\"es\",\"@id\":\"https:\/\/conversesacatalunya.cat\/es\/jovenes-futuro-el-caso-dramatico-seguridad-social\/#primaryimage\",\"url\":\"https:\/\/conversesacatalunya.cat\/wp-content\/uploads\/2026\/01\/Imagen5.jpg\",\"contentUrl\":\"https:\/\/conversesacatalunya.cat\/wp-content\/uploads\/2026\/01\/Imagen5.jpg\",\"width\":1299,\"height\":944,\"caption\":\"Endeudamiento p\u00fablico Espa\u00f1a\"},{\"@type\":\"BreadcrumbList\",\"@id\":\"https:\/\/conversesacatalunya.cat\/es\/jovenes-futuro-el-caso-dramatico-seguridad-social\/#breadcrumb\",\"itemListElement\":[{\"@type\":\"ListItem\",\"position\":1,\"name\":\"Inici\",\"item\":\"https:\/\/conversesacatalunya.cat\/es\/\"},{\"@type\":\"ListItem\",\"position\":2,\"name\":\"La destrucci\u00f3n de los j\u00f3venes y la liquidaci\u00f3n del futuro: el caso dram\u00e1tico de la Seguridad Social\"}]},{\"@type\":\"WebSite\",\"@id\":\"https:\/\/conversesacatalunya.cat\/#website\",\"url\":\"https:\/\/conversesacatalunya.cat\/\",\"name\":\"Converses a Catalunya\",\"description\":\"\",\"potentialAction\":[{\"@type\":\"SearchAction\",\"target\":{\"@type\":\"EntryPoint\",\"urlTemplate\":\"https:\/\/conversesacatalunya.cat\/?s={search_term_string}\"},\"query-input\":{\"@type\":\"PropertyValueSpecification\",\"valueRequired\":true,\"valueName\":\"search_term_string\"}}],\"inLanguage\":\"es\"},{\"@type\":\"Person\",\"@id\":\"https:\/\/conversesacatalunya.cat\/#\/schema\/person\/a9598a6786ba7d3d1c5e0de477b79370\",\"name\":\"Josep Mir\u00f3 i Ard\u00e8vol\",\"image\":{\"@type\":\"ImageObject\",\"inLanguage\":\"es\",\"@id\":\"https:\/\/conversesacatalunya.cat\/#\/schema\/person\/image\/\",\"url\":\"https:\/\/conversesacatalunya.cat\/wp-content\/litespeed\/avatar\/c37e3dc881857483d6694cdf98fdedea.jpg?ver=1777270381\",\"contentUrl\":\"https:\/\/conversesacatalunya.cat\/wp-content\/litespeed\/avatar\/c37e3dc881857483d6694cdf98fdedea.jpg?ver=1777270381\",\"caption\":\"Josep Mir\u00f3 i Ard\u00e8vol\"},\"url\":\"https:\/\/conversesacatalunya.cat\/es\/author\/josep-miro-i-ardevol\/\"}]}<\/script>\n<!-- \/ Yoast SEO plugin. -->","yoast_head_json":{"title":"La destrucci\u00f3n de los j\u00f3venes y la liquidaci\u00f3n del futuro: el caso dram\u00e1tico de la Seguridad Social - Converses a Catalunya","description":"La crisis de natalidad, la insostenibilidad de las pensiones y el endeudamiento p\u00fablico en Espa\u00f1a condenan a los j\u00f3venes.","robots":{"index":"index","follow":"follow","max-snippet":"max-snippet:-1","max-image-preview":"max-image-preview:large","max-video-preview":"max-video-preview:-1"},"canonical":"https:\/\/conversesacatalunya.cat\/es\/jovenes-futuro-el-caso-dramatico-seguridad-social\/","og_locale":"es_ES","og_type":"article","og_title":"La destrucci\u00f3n de los j\u00f3venes y la liquidaci\u00f3n del futuro: el caso dram\u00e1tico de la Seguridad Social - Converses a Catalunya","og_description":"La crisis de natalidad, la insostenibilidad de las pensiones y el endeudamiento p\u00fablico en Espa\u00f1a condenan a los j\u00f3venes.","og_url":"https:\/\/conversesacatalunya.cat\/es\/jovenes-futuro-el-caso-dramatico-seguridad-social\/","og_site_name":"Converses a Catalunya","article_published_time":"2026-01-30T05:55:39+00:00","article_modified_time":"2026-01-30T09:51:11+00:00","og_image":[{"width":1299,"height":944,"url":"https:\/\/conversesacatalunya.cat\/wp-content\/uploads\/2026\/01\/Imagen5.jpg","type":"image\/jpeg"}],"author":"Josep Mir\u00f3 i Ard\u00e8vol","twitter_card":"summary_large_image","twitter_misc":{"Escrito por":"Josep Mir\u00f3 i Ard\u00e8vol","Tiempo de lectura":"4 minutos"},"schema":{"@context":"https:\/\/schema.org","@graph":[{"@type":"Article","@id":"https:\/\/conversesacatalunya.cat\/es\/jovenes-futuro-el-caso-dramatico-seguridad-social\/#article","isPartOf":{"@id":"https:\/\/conversesacatalunya.cat\/es\/jovenes-futuro-el-caso-dramatico-seguridad-social\/"},"author":{"name":"Josep Mir\u00f3 i Ard\u00e8vol","@id":"https:\/\/conversesacatalunya.cat\/#\/schema\/person\/a9598a6786ba7d3d1c5e0de477b79370"},"headline":"La destrucci\u00f3n de los j\u00f3venes y la liquidaci\u00f3n del futuro: el caso dram\u00e1tico de la Seguridad Social","datePublished":"2026-01-30T05:55:39+00:00","dateModified":"2026-01-30T09:51:11+00:00","mainEntityOfPage":{"@id":"https:\/\/conversesacatalunya.cat\/es\/jovenes-futuro-el-caso-dramatico-seguridad-social\/"},"wordCount":788,"commentCount":0,"image":{"@id":"https:\/\/conversesacatalunya.cat\/es\/jovenes-futuro-el-caso-dramatico-seguridad-social\/#primaryimage"},"thumbnailUrl":"https:\/\/conversesacatalunya.cat\/wp-content\/uploads\/2026\/01\/Imagen5.jpg","keywords":["Pensiones","Pensions"],"articleSection":["Punts clau del dia (ES)"],"inLanguage":"es","potentialAction":[{"@type":"CommentAction","name":"Comment","target":["https:\/\/conversesacatalunya.cat\/es\/jovenes-futuro-el-caso-dramatico-seguridad-social\/#respond"]}]},{"@type":"WebPage","@id":"https:\/\/conversesacatalunya.cat\/es\/jovenes-futuro-el-caso-dramatico-seguridad-social\/","url":"https:\/\/conversesacatalunya.cat\/es\/jovenes-futuro-el-caso-dramatico-seguridad-social\/","name":"La destrucci\u00f3n de los j\u00f3venes y la liquidaci\u00f3n del futuro: el caso dram\u00e1tico de la Seguridad Social - Converses a Catalunya","isPartOf":{"@id":"https:\/\/conversesacatalunya.cat\/#website"},"primaryImageOfPage":{"@id":"https:\/\/conversesacatalunya.cat\/es\/jovenes-futuro-el-caso-dramatico-seguridad-social\/#primaryimage"},"image":{"@id":"https:\/\/conversesacatalunya.cat\/es\/jovenes-futuro-el-caso-dramatico-seguridad-social\/#primaryimage"},"thumbnailUrl":"https:\/\/conversesacatalunya.cat\/wp-content\/uploads\/2026\/01\/Imagen5.jpg","datePublished":"2026-01-30T05:55:39+00:00","dateModified":"2026-01-30T09:51:11+00:00","author":{"@id":"https:\/\/conversesacatalunya.cat\/#\/schema\/person\/a9598a6786ba7d3d1c5e0de477b79370"},"description":"La crisis de natalidad, la insostenibilidad de las pensiones y el endeudamiento p\u00fablico en Espa\u00f1a condenan a los j\u00f3venes.","breadcrumb":{"@id":"https:\/\/conversesacatalunya.cat\/es\/jovenes-futuro-el-caso-dramatico-seguridad-social\/#breadcrumb"},"inLanguage":"es","potentialAction":[{"@type":"ReadAction","target":["https:\/\/conversesacatalunya.cat\/es\/jovenes-futuro-el-caso-dramatico-seguridad-social\/"]}]},{"@type":"ImageObject","inLanguage":"es","@id":"https:\/\/conversesacatalunya.cat\/es\/jovenes-futuro-el-caso-dramatico-seguridad-social\/#primaryimage","url":"https:\/\/conversesacatalunya.cat\/wp-content\/uploads\/2026\/01\/Imagen5.jpg","contentUrl":"https:\/\/conversesacatalunya.cat\/wp-content\/uploads\/2026\/01\/Imagen5.jpg","width":1299,"height":944,"caption":"Endeudamiento p\u00fablico Espa\u00f1a"},{"@type":"BreadcrumbList","@id":"https:\/\/conversesacatalunya.cat\/es\/jovenes-futuro-el-caso-dramatico-seguridad-social\/#breadcrumb","itemListElement":[{"@type":"ListItem","position":1,"name":"Inici","item":"https:\/\/conversesacatalunya.cat\/es\/"},{"@type":"ListItem","position":2,"name":"La destrucci\u00f3n de los j\u00f3venes y la liquidaci\u00f3n del futuro: el caso dram\u00e1tico de la Seguridad Social"}]},{"@type":"WebSite","@id":"https:\/\/conversesacatalunya.cat\/#website","url":"https:\/\/conversesacatalunya.cat\/","name":"Converses a Catalunya","description":"","potentialAction":[{"@type":"SearchAction","target":{"@type":"EntryPoint","urlTemplate":"https:\/\/conversesacatalunya.cat\/?s={search_term_string}"},"query-input":{"@type":"PropertyValueSpecification","valueRequired":true,"valueName":"search_term_string"}}],"inLanguage":"es"},{"@type":"Person","@id":"https:\/\/conversesacatalunya.cat\/#\/schema\/person\/a9598a6786ba7d3d1c5e0de477b79370","name":"Josep Mir\u00f3 i Ard\u00e8vol","image":{"@type":"ImageObject","inLanguage":"es","@id":"https:\/\/conversesacatalunya.cat\/#\/schema\/person\/image\/","url":"https:\/\/conversesacatalunya.cat\/wp-content\/litespeed\/avatar\/c37e3dc881857483d6694cdf98fdedea.jpg?ver=1777270381","contentUrl":"https:\/\/conversesacatalunya.cat\/wp-content\/litespeed\/avatar\/c37e3dc881857483d6694cdf98fdedea.jpg?ver=1777270381","caption":"Josep Mir\u00f3 i Ard\u00e8vol"},"url":"https:\/\/conversesacatalunya.cat\/es\/author\/josep-miro-i-ardevol\/"}]}},"wps_subtitle":"","_links":{"self":[{"href":"https:\/\/conversesacatalunya.cat\/es\/wp-json\/wp\/v2\/posts\/96032","targetHints":{"allow":["GET"]}}],"collection":[{"href":"https:\/\/conversesacatalunya.cat\/es\/wp-json\/wp\/v2\/posts"}],"about":[{"href":"https:\/\/conversesacatalunya.cat\/es\/wp-json\/wp\/v2\/types\/post"}],"author":[{"embeddable":true,"href":"https:\/\/conversesacatalunya.cat\/es\/wp-json\/wp\/v2\/users\/19"}],"replies":[{"embeddable":true,"href":"https:\/\/conversesacatalunya.cat\/es\/wp-json\/wp\/v2\/comments?post=96032"}],"version-history":[{"count":4,"href":"https:\/\/conversesacatalunya.cat\/es\/wp-json\/wp\/v2\/posts\/96032\/revisions"}],"predecessor-version":[{"id":96037,"href":"https:\/\/conversesacatalunya.cat\/es\/wp-json\/wp\/v2\/posts\/96032\/revisions\/96037"}],"wp:featuredmedia":[{"embeddable":true,"href":"https:\/\/conversesacatalunya.cat\/es\/wp-json\/wp\/v2\/media\/96018"}],"wp:attachment":[{"href":"https:\/\/conversesacatalunya.cat\/es\/wp-json\/wp\/v2\/media?parent=96032"}],"wp:term":[{"taxonomy":"category","embeddable":true,"href":"https:\/\/conversesacatalunya.cat\/es\/wp-json\/wp\/v2\/categories?post=96032"},{"taxonomy":"post_tag","embeddable":true,"href":"https:\/\/conversesacatalunya.cat\/es\/wp-json\/wp\/v2\/tags?post=96032"}],"curies":[{"name":"wp","href":"https:\/\/api.w.org\/{rel}","templated":true}]}}