{"id":95968,"date":"2026-01-29T07:00:12","date_gmt":"2026-01-29T06:00:12","guid":{"rendered":"https:\/\/conversesacatalunya.cat\/?p=95968"},"modified":"2026-02-16T20:47:55","modified_gmt":"2026-02-16T19:47:55","slug":"los-idus-de-enero-la-pesada-losa-sobre-unos-ciudadanos-sin-capacidad-de-respuesta-y-iii","status":"publish","type":"post","link":"https:\/\/conversesacatalunya.cat\/es\/los-idus-de-enero-la-pesada-losa-sobre-unos-ciudadanos-sin-capacidad-de-respuesta-y-iii\/","title":{"rendered":"Los idus de enero: la pesada losa sobre unos ciudadanos sin capacidad de respuesta (y III)"},"content":{"rendered":"<p>Todas estas crisis se saldan cargando la factura sobre la mayor\u00eda. Los d\u00edas no trabajados por la huelga de maquinistas se han declarado retribuidos y no recuperables,<strong> trasladando el coste a las empresas y especialmente a las peque\u00f1as y medianas<\/strong> que constituyen el tejido industrial catal\u00e1n.<\/p>\n<p>El<strong> apag\u00f3n el\u00e9ctrico<\/strong> de hace meses \u2013otro episodio de imprevisi\u00f3n\u2013 <strong>se paga en la factura de la luz m\u00e1s cara de la historia.<\/strong> La inflaci\u00f3n acumulada, sobre todo en alimentos, destruye el poder adquisitivo; el salario m\u00e1s frecuente apenas supera el salario m\u00ednimo y conseguir vivienda para una familia de ingresos medios se ha convertido en un milagro.<\/p>\n<p>Mientras tanto, el Gobierno social\u2011comunista declara que ha asumido todas las responsabilidades, pero no toma ninguna medida real: <strong>asumir responsabilidades implica aceptar consecuencias legales, pol\u00edticas y \u00e9ticas, cesar a los responsables de Adif y Renfe y someterse a una moci\u00f3n de confianza.<\/strong> Nada de eso sucede; se limita a \u201cdar la cara\u201d sin adoptar decisiones ejemplarizantes. Nunca pasa nada a los que mandan a pesar de los fallecidos, heridos y da\u00f1os que se hayan producido. <strong>La impunidad es absoluta.<\/strong><\/p>\n<h4>Tres a\u00f1os sin presupuestos y el mal uso de los fondos europeos<\/h4>\n<p>La ausencia de presupuestos agrava la situaci\u00f3n del ferrocarril. <strong>Adif ha ejecutado solo una peque\u00f1a parte de lo presupuestado en Catalu\u00f1a<\/strong>; la red de alta velocidad y las l\u00edneas de cercan\u00edas se degradan mientras los fondos europeos se desv\u00edan.<\/p>\n<p>De los m\u00e1s de 5.800\u00a0millones de euros del Mecanismo de Recuperaci\u00f3n y Resiliencia asignados a infraestructuras de transporte hasta finales de\u00a02025, una parte sustancial se destin\u00f3 a Adif y Renfe, pero la ciudadan\u00eda no percibe mejoras. El cinismo de quienes gobiernan se apoya en la pasividad ciudadana y en <strong>la connivencia de medios de comunicaci\u00f3n<\/strong> que justifican todo lo que hace el gobierno. El resultado es un pa\u00eds que se hunde en un mar de oportunidades perdidas.<\/p>\n<h4>El papel de los partidos y la renuncia a representar a los ciudadanos<\/h4>\n<p>Ante esta cascada de desprop\u00f3sitos, los partidos pol\u00edticos se comportan como comparsas. El <strong>Partido Socialista catal\u00e1n<\/strong> act\u00faa como una sucursal del PSOE.<strong> Esquerra Republicana<\/strong> ha convertido su vieja aspiraci\u00f3n republicana en muleta del Gobierno central; en la rep\u00fablica de S\u00e1nchez. <strong>Junts<\/strong> amenaza, pero nunca completa su amenaza; su fuerza se pierde en proclamas. <strong>Vox<\/strong> utiliza el desastre como munici\u00f3n verbal sin ofrecer soluciones reales. El <strong>Partido Popular<\/strong> no es capaz de movilizar a la ciudadan\u00eda. Nadie asume el liderazgo que se espera de un gobierno en tiempos de crisis. Nadie defiende al contribuyente que paga impuestos y soporta el peso de la administraci\u00f3n.<\/p>\n<h4>Cinco advertencias tras los idus de enero<\/h4>\n<p>Para sintetizar este periodo funesto, pueden enumerarse cinco hechos que sobresalen por su naturaleza catastr\u00f3fica:<\/p>\n<table>\n<thead>\n<tr>\n<td><strong>N\u00ba<\/strong><\/td>\n<td><strong>Acontecimiento<\/strong><\/td>\n<td><strong>Observaci\u00f3n breve<\/strong><\/td>\n<\/tr>\n<\/thead>\n<tbody>\n<tr>\n<td>1<\/td>\n<td><strong>Cat\u00e1strofe humana y desprestigio de la alta velocidad<\/strong><\/td>\n<td>El choque de Adamuz dej\u00f3 45 muertos y cuestion\u00f3 la seguridad del ferrocarril espa\u00f1ol.<\/td>\n<\/tr>\n<tr>\n<td>2<\/td>\n<td><strong>Insuficiencia de los sistemas de detecci\u00f3n y asistencia<\/strong><\/td>\n<td>La sala de control de Renfe no detect\u00f3 la colisi\u00f3n; los protocolos fallaron y las ayudas llegaron tarde.<\/td>\n<\/tr>\n<tr>\n<td>3<\/td>\n<td><strong>Minor\u00eda de maquinistas imponiendo su ley<\/strong><\/td>\n<td>Un peque\u00f1o grupo paraliz\u00f3 Catalu\u00f1a ante la dejaci\u00f3n de Renfe y la debilidad de la Generalitat.<\/td>\n<\/tr>\n<tr>\n<td>4<\/td>\n<td><strong>Ausencia de alternativas a las infraestructuras cr\u00edticas<\/strong><\/td>\n<td>La AP\u20117 y la red ferroviaria son las \u00fanicas arterias de Catalu\u00f1a; su colapso dej\u00f3 al territorio sin opciones.<\/td>\n<\/tr>\n<tr>\n<td>5<\/td>\n<td><strong>Prioridad al equilibrio partidista sobre el bien Com\u00fan<\/strong><\/td>\n<td>El Govern de Illa prefiri\u00f3 no enfrentarse a los maquinistas y mantener buenas relaciones con el ministro \u00d3scar\u00a0Puente antes que defender a cientos de miles de catalanes.<\/td>\n<\/tr>\n<\/tbody>\n<\/table>\n<p>Estas advertencias deber\u00edan mover a reflexi\u00f3n a quienes gobiernan y a quienes votan. No son episodios aislados sino se\u00f1ales de un deterioro sist\u00e9mico.<\/p>\n<h4>Balance del Govern de Illa y del Gobierno de S\u00e1nchez<\/h4>\n<p>El balance del Govern presidido por Salvador Illa es mala: <strong>ni una sola de las mejoras pactadas con Esquerra Republicana se ha cumplido.<\/strong> No hay traspaso real de Rodalies ni mejora de las infraestructuras viarias, no se ha reforzado la seguridad ciudadana ni la escolar, y la sanidad p\u00fablica siguen deterior\u00e1ndose. Este gobierno solo sobresale en publicidad y anuncios, pero los resultados son deficientes. \u00a0La famosa financiaci\u00f3n espec\u00edfica va quedando en nada, porque en realidad es combustible para el enfrentamiento pol\u00edtico m\u00e1s que un fin a alcanzar. Mientras el <strong>Gobierno Vasco<\/strong>, con mucho menos ruido avanza con paso firme consiguiendo competencias que Catalu\u00f1a ni siquiera plantea.<\/p>\n<h4>\u00bfQui\u00e9n manda en los ferrocarriles catalanes?<\/h4>\n<p>Hay un \u00faltimo aspecto que nadie plantea: <strong>la radicalidad ins\u00f3lita de los maquinistas en Catalu\u00f1a<\/strong> est\u00e1 conectada con el proceso de traspaso de las l\u00edneas que comenz\u00f3 en\u00a02017 con la R1.<strong> Es un aviso al Gobierno sobre qui\u00e9n manda realmente en el ferrocarril catal\u00e1n.<\/strong> Cuando un grupo de conductores puede paralizar un territorio entero y negociar directamente con la Generalitat para decidir cu\u00e1ndo se restablece el servicio, la soberan\u00eda popular queda en entredicho.<\/p>\n<p><strong>El pa\u00eds se encuentra ante una encrucijada:<\/strong> o recupera la autoridad democr\u00e1tica, la previsi\u00f3n, la buena gesti\u00f3n, la capacidad de coordinar e informar, o seguir\u00e1 naufragando en manos de intereses corporativos y dirigentes sin visi\u00f3n. Ejemplo paradigm\u00e1tico. <strong>\u00bfPor qu\u00e9 no se utilizaron las alerta a los tel\u00e9fonos m\u00f3viles para anunciar la madrugada antes las dos inesperadas suspensiones de servicios?<\/strong>\u00a0 Los medios est\u00e1n, las capacidades humanas no.<\/p>\n<h4>Conclusi\u00f3n<\/h4>\n<p>Los idus de enero de 2026 han puesto de manifiesto la quiebra de Espa\u00f1a y el caos catal\u00e1n. Los accidentes, las huelgas encubiertas, la incompetencia institucional y la renuncia pol\u00edtica se han combinado para ofrecer un panorama desolador.<\/p>\n<p>Pero todo hundimiento lleva impl\u00edcita la posibilidad del renacimiento. Esta cr\u00f3nica no pretende ser un lamento resignado, sino una llamada a la reflexi\u00f3n y a la acci\u00f3n. <strong>El pa\u00eds necesita de la toma de conciencia y organizaci\u00f3n c\u00edvica para regenerar, reparar y reformar la pol\u00edtica de arriba abajo<\/strong>. Porque seguramente la causa \u00faltima de todo este desastre sea la falta de respuesta ciudadana, la pasividad con la que se asume todo. Si \u00e9sta acabara siendo la \u00faltima raz\u00f3n, entonces toda esperanza de recuperaci\u00f3n ser\u00eda est\u00e9ril.<\/p>\n<p data-start=\"5607\" data-end=\"5891\"><strong>Si est\u00e1s interesado en construir respuestas viables, participa en la<a href=\"https:\/\/conversesacatalunya.cat\/es\/ante-la-degradacion-politica-la-conferencia-civica-para-la-regeneracion-politica\/\" target=\"_blank\" rel=\"noopener\"><span>\u00a0<\/span>I Conferencia C\u00edvica para la Regeneraci\u00f3n Pol\u00edtica<\/a><span>\u00a0<\/span>que organiza Converses a Catalunya junto con la Fundaci\u00f3n para el Desarrollo Humano y Social y que tendr\u00e1 lugar en Barcelona, el s\u00e1bado 14 de febrero, por la ma\u00f1ana.<\/strong><\/p>\n<p data-start=\"5893\" data-end=\"6065\"><strong>Si quieres participar o recibir m\u00e1s informaci\u00f3n sobre la I Conferencia C\u00edvica para la Regeneraci\u00f3n Pol\u00edtica, puedes dirigirte al correo de contacto:\u00a0<a class=\"decorated-link cursor-pointer\" rel=\"noopener\" data-start=\"6044\" data-end=\"6063\">info@fundsocial.org<\/a><\/strong><\/p>\n<p data-start=\"5893\" data-end=\"6065\"><a href=\"https:\/\/conversesacatalunya.cat\/es\/adamuz-simbolo-del-derrumbe-espanol\/\" target=\"_blank\" rel=\"noopener\"><strong>Los idus de enero: la cat\u00e1strofe de Adamuz, s\u00edmbolo del derrumbe espa\u00f1ol (II)<\/strong><\/a><\/p>\n<p data-start=\"5893\" data-end=\"6065\"><span class='bctt-click-to-tweet'><span class='bctt-ctt-text'><a href='https:\/\/twitter.com\/intent\/tweet?url=https%3A%2F%2Fconversesacatalunya.cat%2Fes%2Flos-idus-de-enero-la-pesada-losa-sobre-unos-ciudadanos-sin-capacidad-de-respuesta-y-iii%2F&#038;text=El%20problema%20no%20es%20solo%20el%20Gobierno%3A%20es%20la%20pasividad%20ciudadana%20que%20permite%20que%20nunca%20pase%20nada%20a%20los%20que%20mandan.%20%23Rodalies%20%23adif%20%23renfe&#038;via=conversesacat&#038;related=conversesacat' target='_blank'rel=\"noopener noreferrer\">El problema no es solo el Gobierno: es la pasividad ciudadana que permite que nunca pase nada a los que mandan. #Rodalies #adif #renfe <\/a><\/span><a href='https:\/\/twitter.com\/intent\/tweet?url=https%3A%2F%2Fconversesacatalunya.cat%2Fes%2Flos-idus-de-enero-la-pesada-losa-sobre-unos-ciudadanos-sin-capacidad-de-respuesta-y-iii%2F&#038;text=El%20problema%20no%20es%20solo%20el%20Gobierno%3A%20es%20la%20pasividad%20ciudadana%20que%20permite%20que%20nunca%20pase%20nada%20a%20los%20que%20mandan.%20%23Rodalies%20%23adif%20%23renfe&#038;via=conversesacat&#038;related=conversesacat' target='_blank' class='bctt-ctt-btn'rel=\"noopener noreferrer\">Compartir en X<\/a><\/span>\n<p data-start=\"5893\" data-end=\"6065\"><div id=\"polls-314\" class=\"wp-polls\">\n\t<form id=\"polls_form_314\" class=\"wp-polls-form\" action=\"\/index.php\" method=\"post\">\n\t\t<p style=\"display: none;\"><input type=\"hidden\" id=\"poll_314_nonce\" name=\"wp-polls-nonce\" value=\"f205c3c11f\" \/><\/p>\n\t\t<p style=\"display: none;\"><input type=\"hidden\" name=\"poll_id\" value=\"314\" \/><\/p>\n\t\t<p style=\"text-align: center\"><strong>Creus que el Govern d'Illa t\u00e9 alguna responsabilitat en el caos de Rodalies?<\/strong><\/p><div id=\"polls-314-ans\" class=\"wp-polls-ans\"><ul class=\"wp-polls-ul\">\n\t\t<li><input type=\"radio\" id=\"poll-answer-899\" name=\"poll_314\" value=\"899\" \/> <label for=\"poll-answer-899\">S\u00ed<\/label><\/li>\n\t\t<li><input type=\"radio\" id=\"poll-answer-900\" name=\"poll_314\" value=\"900\" \/> <label for=\"poll-answer-900\">No<\/label><\/li>\n\t\t<li><input type=\"radio\" id=\"poll-answer-901\" name=\"poll_314\" value=\"901\" \/> <label for=\"poll-answer-901\">No ho s\u00e9<\/label><\/li>\n\t\t<\/ul><p style=\"text-align: center\"><input type=\"button\" name=\"vote\" value=\"   Vota   \" class=\"Buttons\" onclick=\"poll_vote(314);\" \/><\/p><p style=\"text-align: center\"><a href=\"#ViewPollResults\" onclick=\"poll_result(314); return false;\" title=\"View Results Of This Poll\">Mira els resultats<\/a><\/p><\/div>\n\t<\/form>\n<\/div>\n<div id=\"polls-314-loading\" class=\"wp-polls-loading\"><img decoding=\"async\" data-src=\"https:\/\/conversesacatalunya.cat\/wp-content\/plugins\/wp-polls\/images\/loading.gif\" width=\"16\" height=\"16\" alt=\"Cargando ...\" title=\"Cargando ...\" class=\"wp-polls-image lazyload\" src=\"data:image\/svg+xml;base64,PHN2ZyB3aWR0aD0iMSIgaGVpZ2h0PSIxIiB4bWxucz0iaHR0cDovL3d3dy53My5vcmcvMjAwMC9zdmciPjwvc3ZnPg==\" style=\"--smush-placeholder-width: 16px; --smush-placeholder-aspect-ratio: 16\/16;\" \/>&nbsp;Cargando ...<\/div>\n\n","protected":false},"excerpt":{"rendered":"<p>Todas estas crisis se saldan cargando la factura sobre la mayor\u00eda. Los d\u00edas no trabajados por la huelga de maquinistas se han declarado retribuidos y no recuperables, trasladando el coste a las empresas y especialmente a las peque\u00f1as y medianas que constituyen el tejido industrial catal\u00e1n. El apag\u00f3n el\u00e9ctrico de hace meses \u2013otro episodio de imprevisi\u00f3n\u2013 se paga en la factura de la luz m\u00e1s cara de la historia. La inflaci\u00f3n acumulada, sobre todo en alimentos, destruye el poder adquisitivo; el salario m\u00e1s frecuente apenas supera el salario m\u00ednimo y conseguir vivienda para una familia de ingresos medios se ha convertido en un milagro. Mientras tanto, el Gobierno social\u2011comunista declara que ha asumido todas las responsabilidades, pero no toma ninguna medida real: asumir responsabilidades implica aceptar consecuencias legales, pol\u00edticas y \u00e9ticas, cesar a los responsables de Adif y Renfe y someterse a una moci\u00f3n de confianza. Nada de eso sucede; se limita a \u201cdar la cara\u201d sin adoptar decisiones ejemplarizantes. Nunca pasa nada a los que mandan a pesar de los fallecidos, heridos y da\u00f1os que se hayan producido. La impunidad es absoluta. Tres a\u00f1os sin presupuestos y el mal uso de los fondos europeos La ausencia de presupuestos agrava la situaci\u00f3n del ferrocarril. Adif ha ejecutado solo una peque\u00f1a parte de lo presupuestado en Catalu\u00f1a; la red de alta velocidad y las l\u00edneas de cercan\u00edas se degradan mientras los fondos europeos se desv\u00edan. De los m\u00e1s de 5.800\u00a0millones de euros del Mecanismo de Recuperaci\u00f3n y Resiliencia asignados a infraestructuras de transporte hasta finales de\u00a02025, una parte sustancial se destin\u00f3 a Adif y Renfe, pero la ciudadan\u00eda no percibe mejoras. El cinismo de quienes gobiernan se apoya en la pasividad ciudadana y en la connivencia de medios de comunicaci\u00f3n que justifican todo lo que hace el gobierno. El resultado es un pa\u00eds que se hunde en un mar de oportunidades perdidas. El papel de los partidos y la renuncia a representar a los ciudadanos Ante esta cascada de desprop\u00f3sitos, los partidos pol\u00edticos se comportan como comparsas. El Partido Socialista catal\u00e1n act\u00faa como una sucursal del PSOE. Esquerra Republicana ha convertido su vieja aspiraci\u00f3n republicana en muleta del Gobierno central; en la rep\u00fablica de S\u00e1nchez. Junts amenaza, pero nunca completa su amenaza; su fuerza se pierde en proclamas. Vox utiliza el desastre como munici\u00f3n verbal sin ofrecer soluciones reales. El Partido Popular no es capaz de movilizar a la ciudadan\u00eda. Nadie asume el liderazgo que se espera de un gobierno en tiempos de crisis. Nadie defiende al contribuyente que paga impuestos y soporta el peso de la administraci\u00f3n. Cinco advertencias tras los idus de enero Para sintetizar este periodo funesto, pueden enumerarse cinco hechos que sobresalen por su naturaleza catastr\u00f3fica: N\u00ba Acontecimiento Observaci\u00f3n breve 1 Cat\u00e1strofe humana y desprestigio de la alta velocidad El choque de Adamuz dej\u00f3 45 muertos y cuestion\u00f3 la seguridad del ferrocarril espa\u00f1ol. 2 Insuficiencia de los sistemas de detecci\u00f3n y asistencia La sala de control de Renfe no detect\u00f3 la colisi\u00f3n; los protocolos fallaron y las ayudas llegaron tarde. 3 Minor\u00eda de maquinistas imponiendo su ley Un peque\u00f1o grupo paraliz\u00f3 Catalu\u00f1a ante la dejaci\u00f3n de Renfe y la debilidad de la Generalitat. 4 Ausencia de alternativas a las infraestructuras cr\u00edticas La AP\u20117 y la red ferroviaria son las \u00fanicas arterias de Catalu\u00f1a; su colapso dej\u00f3 al territorio sin opciones. 5 Prioridad al equilibrio partidista sobre el bien Com\u00fan El Govern de Illa prefiri\u00f3 no enfrentarse a los maquinistas y mantener buenas relaciones con el ministro \u00d3scar\u00a0Puente antes que defender a cientos de miles de catalanes. Estas advertencias deber\u00edan mover a reflexi\u00f3n a quienes gobiernan y a quienes votan. No son episodios aislados sino se\u00f1ales de un deterioro sist\u00e9mico. Balance del Govern de Illa y del Gobierno de S\u00e1nchez El balance del Govern presidido por Salvador Illa es mala: ni una sola de las mejoras pactadas con Esquerra Republicana se ha cumplido. No hay traspaso real de Rodalies ni mejora de las infraestructuras viarias, no se ha reforzado la seguridad ciudadana ni la escolar, y la sanidad p\u00fablica siguen deterior\u00e1ndose. Este gobierno solo sobresale en publicidad y anuncios, pero los resultados son deficientes. \u00a0La famosa financiaci\u00f3n espec\u00edfica va quedando en nada, porque en realidad es combustible para el enfrentamiento pol\u00edtico m\u00e1s que un fin a alcanzar. Mientras el Gobierno Vasco, con mucho menos ruido avanza con paso firme consiguiendo competencias que Catalu\u00f1a ni siquiera plantea. \u00bfQui\u00e9n manda en los ferrocarriles catalanes? Hay un \u00faltimo aspecto que nadie plantea: la radicalidad ins\u00f3lita de los maquinistas en Catalu\u00f1a est\u00e1 conectada con el proceso de traspaso de las l\u00edneas que comenz\u00f3 en\u00a02017 con la R1. Es un aviso al Gobierno sobre qui\u00e9n manda realmente en el ferrocarril catal\u00e1n. Cuando un grupo de conductores puede paralizar un territorio entero y negociar directamente con la Generalitat para decidir cu\u00e1ndo se restablece el servicio, la soberan\u00eda popular queda en entredicho. El pa\u00eds se encuentra ante una encrucijada: o recupera la autoridad democr\u00e1tica, la previsi\u00f3n, la buena gesti\u00f3n, la capacidad de coordinar e informar, o seguir\u00e1 naufragando en manos de intereses corporativos y dirigentes sin visi\u00f3n. Ejemplo paradigm\u00e1tico. \u00bfPor qu\u00e9 no se utilizaron las alerta a los tel\u00e9fonos m\u00f3viles para anunciar la madrugada antes las dos inesperadas suspensiones de servicios?\u00a0 Los medios est\u00e1n, las capacidades humanas no. Conclusi\u00f3n Los idus de enero de 2026 han puesto de manifiesto la quiebra de Espa\u00f1a y el caos catal\u00e1n. Los accidentes, las huelgas encubiertas, la incompetencia institucional y la renuncia pol\u00edtica se han combinado para ofrecer un panorama desolador. Pero todo hundimiento lleva impl\u00edcita la posibilidad del renacimiento. Esta cr\u00f3nica no pretende ser un lamento resignado, sino una llamada a la reflexi\u00f3n y a la acci\u00f3n. El pa\u00eds necesita de la toma de conciencia y organizaci\u00f3n c\u00edvica para regenerar, reparar y reformar la pol\u00edtica de arriba abajo. Porque seguramente la causa \u00faltima de todo este desastre sea la falta de respuesta ciudadana, la pasividad con la que se asume todo. Si \u00e9sta acabara siendo la \u00faltima raz\u00f3n, entonces toda esperanza de recuperaci\u00f3n ser\u00eda est\u00e9ril. Si est\u00e1s&#8230;<\/p>\n","protected":false},"author":19,"featured_media":95976,"comment_status":"open","ping_status":"open","sticky":false,"template":"","format":"standard","meta":{"_FSMCFIC_featured_image_caption":"","_FSMCFIC_featured_image_nocaption":"","_FSMCFIC_featured_image_hide":"","footnotes":""},"categories":[796,806],"tags":[3028],"class_list":["post-95968","post","type-post","status-publish","format-standard","has-post-thumbnail","hentry","category-el-blog-de-josep-miro-i-ardevol-es","category-punts-claus-del-dia-es","tag-ferroviario"],"yoast_head":"<!-- This site is optimized with the Yoast SEO plugin v26.8 - https:\/\/yoast.com\/product\/yoast-seo-wordpress\/ -->\n<title>Los idus de enero: la pesada losa sobre unos ciudadanos sin capacidad de respuesta (y III) - Converses a Catalunya<\/title>\n<meta name=\"description\" content=\"An\u00e1lisis cr\u00edtico del colapso ferroviario, la impunidad pol\u00edtica y la quiebra institucional en Catalu\u00f1a y Espa\u00f1a tras los idus de enero.\" \/>\n<meta name=\"robots\" content=\"index, follow, max-snippet:-1, max-image-preview:large, max-video-preview:-1\" \/>\n<link rel=\"canonical\" href=\"https:\/\/conversesacatalunya.cat\/es\/los-idus-de-enero-la-pesada-losa-sobre-unos-ciudadanos-sin-capacidad-de-respuesta-y-iii\/\" \/>\n<meta property=\"og:locale\" content=\"es_ES\" \/>\n<meta property=\"og:type\" content=\"article\" \/>\n<meta property=\"og:title\" content=\"Los idus de enero: la pesada losa sobre unos ciudadanos sin capacidad de respuesta (y III) - Converses a Catalunya\" \/>\n<meta property=\"og:description\" content=\"An\u00e1lisis cr\u00edtico del colapso ferroviario, la impunidad pol\u00edtica y la quiebra institucional en Catalu\u00f1a y Espa\u00f1a tras los idus de enero.\" \/>\n<meta property=\"og:url\" content=\"https:\/\/conversesacatalunya.cat\/es\/los-idus-de-enero-la-pesada-losa-sobre-unos-ciudadanos-sin-capacidad-de-respuesta-y-iii\/\" \/>\n<meta property=\"og:site_name\" content=\"Converses a Catalunya\" \/>\n<meta property=\"article:published_time\" content=\"2026-01-29T06:00:12+00:00\" \/>\n<meta property=\"article:modified_time\" content=\"2026-02-16T19:47:55+00:00\" \/>\n<meta property=\"og:image\" content=\"https:\/\/conversesacatalunya.cat\/wp-content\/uploads\/2026\/01\/Imagen1-15.jpg\" \/>\n\t<meta property=\"og:image:width\" content=\"1034\" \/>\n\t<meta property=\"og:image:height\" content=\"689\" \/>\n\t<meta property=\"og:image:type\" content=\"image\/jpeg\" \/>\n<meta name=\"author\" content=\"Josep Mir\u00f3 i Ard\u00e8vol\" \/>\n<meta name=\"twitter:card\" content=\"summary_large_image\" \/>\n<meta name=\"twitter:label1\" content=\"Escrito por\" \/>\n\t<meta name=\"twitter:data1\" content=\"Josep Mir\u00f3 i Ard\u00e8vol\" \/>\n\t<meta name=\"twitter:label2\" content=\"Tiempo de lectura\" \/>\n\t<meta name=\"twitter:data2\" content=\"6 minutos\" \/>\n<script type=\"application\/ld+json\" class=\"yoast-schema-graph\">{\"@context\":\"https:\/\/schema.org\",\"@graph\":[{\"@type\":\"Article\",\"@id\":\"https:\/\/conversesacatalunya.cat\/es\/los-idus-de-enero-la-pesada-losa-sobre-unos-ciudadanos-sin-capacidad-de-respuesta-y-iii\/#article\",\"isPartOf\":{\"@id\":\"https:\/\/conversesacatalunya.cat\/es\/los-idus-de-enero-la-pesada-losa-sobre-unos-ciudadanos-sin-capacidad-de-respuesta-y-iii\/\"},\"author\":{\"name\":\"Josep Mir\u00f3 i Ard\u00e8vol\",\"@id\":\"https:\/\/conversesacatalunya.cat\/#\/schema\/person\/a9598a6786ba7d3d1c5e0de477b79370\"},\"headline\":\"Los idus de enero: la pesada losa sobre unos ciudadanos sin capacidad de respuesta (y III)\",\"datePublished\":\"2026-01-29T06:00:12+00:00\",\"dateModified\":\"2026-02-16T19:47:55+00:00\",\"mainEntityOfPage\":{\"@id\":\"https:\/\/conversesacatalunya.cat\/es\/los-idus-de-enero-la-pesada-losa-sobre-unos-ciudadanos-sin-capacidad-de-respuesta-y-iii\/\"},\"wordCount\":1230,\"commentCount\":0,\"image\":{\"@id\":\"https:\/\/conversesacatalunya.cat\/es\/los-idus-de-enero-la-pesada-losa-sobre-unos-ciudadanos-sin-capacidad-de-respuesta-y-iii\/#primaryimage\"},\"thumbnailUrl\":\"https:\/\/conversesacatalunya.cat\/wp-content\/uploads\/2026\/01\/Imagen1-15.jpg\",\"keywords\":[\"ferroviario\"],\"articleSection\":[\"El Blog de Josep Mir\u00f3 i Ard\u00e8vol (ES)\",\"Punts clau del dia (ES)\"],\"inLanguage\":\"es\",\"potentialAction\":[{\"@type\":\"CommentAction\",\"name\":\"Comment\",\"target\":[\"https:\/\/conversesacatalunya.cat\/es\/los-idus-de-enero-la-pesada-losa-sobre-unos-ciudadanos-sin-capacidad-de-respuesta-y-iii\/#respond\"]}]},{\"@type\":\"WebPage\",\"@id\":\"https:\/\/conversesacatalunya.cat\/es\/los-idus-de-enero-la-pesada-losa-sobre-unos-ciudadanos-sin-capacidad-de-respuesta-y-iii\/\",\"url\":\"https:\/\/conversesacatalunya.cat\/es\/los-idus-de-enero-la-pesada-losa-sobre-unos-ciudadanos-sin-capacidad-de-respuesta-y-iii\/\",\"name\":\"Los idus de enero: la pesada losa sobre unos ciudadanos sin capacidad de respuesta (y III) - Converses a Catalunya\",\"isPartOf\":{\"@id\":\"https:\/\/conversesacatalunya.cat\/#website\"},\"primaryImageOfPage\":{\"@id\":\"https:\/\/conversesacatalunya.cat\/es\/los-idus-de-enero-la-pesada-losa-sobre-unos-ciudadanos-sin-capacidad-de-respuesta-y-iii\/#primaryimage\"},\"image\":{\"@id\":\"https:\/\/conversesacatalunya.cat\/es\/los-idus-de-enero-la-pesada-losa-sobre-unos-ciudadanos-sin-capacidad-de-respuesta-y-iii\/#primaryimage\"},\"thumbnailUrl\":\"https:\/\/conversesacatalunya.cat\/wp-content\/uploads\/2026\/01\/Imagen1-15.jpg\",\"datePublished\":\"2026-01-29T06:00:12+00:00\",\"dateModified\":\"2026-02-16T19:47:55+00:00\",\"author\":{\"@id\":\"https:\/\/conversesacatalunya.cat\/#\/schema\/person\/a9598a6786ba7d3d1c5e0de477b79370\"},\"description\":\"An\u00e1lisis cr\u00edtico del colapso ferroviario, la impunidad pol\u00edtica y la quiebra institucional en Catalu\u00f1a y Espa\u00f1a tras los idus de enero.\",\"breadcrumb\":{\"@id\":\"https:\/\/conversesacatalunya.cat\/es\/los-idus-de-enero-la-pesada-losa-sobre-unos-ciudadanos-sin-capacidad-de-respuesta-y-iii\/#breadcrumb\"},\"inLanguage\":\"es\",\"potentialAction\":[{\"@type\":\"ReadAction\",\"target\":[\"https:\/\/conversesacatalunya.cat\/es\/los-idus-de-enero-la-pesada-losa-sobre-unos-ciudadanos-sin-capacidad-de-respuesta-y-iii\/\"]}]},{\"@type\":\"ImageObject\",\"inLanguage\":\"es\",\"@id\":\"https:\/\/conversesacatalunya.cat\/es\/los-idus-de-enero-la-pesada-losa-sobre-unos-ciudadanos-sin-capacidad-de-respuesta-y-iii\/#primaryimage\",\"url\":\"https:\/\/conversesacatalunya.cat\/wp-content\/uploads\/2026\/01\/Imagen1-15.jpg\",\"contentUrl\":\"https:\/\/conversesacatalunya.cat\/wp-content\/uploads\/2026\/01\/Imagen1-15.jpg\",\"width\":1034,\"height\":689,\"caption\":\"Idus de enero\"},{\"@type\":\"BreadcrumbList\",\"@id\":\"https:\/\/conversesacatalunya.cat\/es\/los-idus-de-enero-la-pesada-losa-sobre-unos-ciudadanos-sin-capacidad-de-respuesta-y-iii\/#breadcrumb\",\"itemListElement\":[{\"@type\":\"ListItem\",\"position\":1,\"name\":\"Inici\",\"item\":\"https:\/\/conversesacatalunya.cat\/es\/\"},{\"@type\":\"ListItem\",\"position\":2,\"name\":\"Los idus de enero: la pesada losa sobre unos ciudadanos sin capacidad de respuesta (y III)\"}]},{\"@type\":\"WebSite\",\"@id\":\"https:\/\/conversesacatalunya.cat\/#website\",\"url\":\"https:\/\/conversesacatalunya.cat\/\",\"name\":\"Converses a Catalunya\",\"description\":\"\",\"potentialAction\":[{\"@type\":\"SearchAction\",\"target\":{\"@type\":\"EntryPoint\",\"urlTemplate\":\"https:\/\/conversesacatalunya.cat\/?s={search_term_string}\"},\"query-input\":{\"@type\":\"PropertyValueSpecification\",\"valueRequired\":true,\"valueName\":\"search_term_string\"}}],\"inLanguage\":\"es\"},{\"@type\":\"Person\",\"@id\":\"https:\/\/conversesacatalunya.cat\/#\/schema\/person\/a9598a6786ba7d3d1c5e0de477b79370\",\"name\":\"Josep Mir\u00f3 i Ard\u00e8vol\",\"image\":{\"@type\":\"ImageObject\",\"inLanguage\":\"es\",\"@id\":\"https:\/\/conversesacatalunya.cat\/#\/schema\/person\/image\/\",\"url\":\"https:\/\/conversesacatalunya.cat\/wp-content\/litespeed\/avatar\/c37e3dc881857483d6694cdf98fdedea.jpg?ver=1777270381\",\"contentUrl\":\"https:\/\/conversesacatalunya.cat\/wp-content\/litespeed\/avatar\/c37e3dc881857483d6694cdf98fdedea.jpg?ver=1777270381\",\"caption\":\"Josep Mir\u00f3 i Ard\u00e8vol\"},\"url\":\"https:\/\/conversesacatalunya.cat\/es\/author\/josep-miro-i-ardevol\/\"}]}<\/script>\n<!-- \/ Yoast SEO plugin. -->","yoast_head_json":{"title":"Los idus de enero: la pesada losa sobre unos ciudadanos sin capacidad de respuesta (y III) - Converses a Catalunya","description":"An\u00e1lisis cr\u00edtico del colapso ferroviario, la impunidad pol\u00edtica y la quiebra institucional en Catalu\u00f1a y Espa\u00f1a tras los idus de enero.","robots":{"index":"index","follow":"follow","max-snippet":"max-snippet:-1","max-image-preview":"max-image-preview:large","max-video-preview":"max-video-preview:-1"},"canonical":"https:\/\/conversesacatalunya.cat\/es\/los-idus-de-enero-la-pesada-losa-sobre-unos-ciudadanos-sin-capacidad-de-respuesta-y-iii\/","og_locale":"es_ES","og_type":"article","og_title":"Los idus de enero: la pesada losa sobre unos ciudadanos sin capacidad de respuesta (y III) - Converses a Catalunya","og_description":"An\u00e1lisis cr\u00edtico del colapso ferroviario, la impunidad pol\u00edtica y la quiebra institucional en Catalu\u00f1a y Espa\u00f1a tras los idus de enero.","og_url":"https:\/\/conversesacatalunya.cat\/es\/los-idus-de-enero-la-pesada-losa-sobre-unos-ciudadanos-sin-capacidad-de-respuesta-y-iii\/","og_site_name":"Converses a Catalunya","article_published_time":"2026-01-29T06:00:12+00:00","article_modified_time":"2026-02-16T19:47:55+00:00","og_image":[{"width":1034,"height":689,"url":"https:\/\/conversesacatalunya.cat\/wp-content\/uploads\/2026\/01\/Imagen1-15.jpg","type":"image\/jpeg"}],"author":"Josep Mir\u00f3 i Ard\u00e8vol","twitter_card":"summary_large_image","twitter_misc":{"Escrito por":"Josep Mir\u00f3 i Ard\u00e8vol","Tiempo de lectura":"6 minutos"},"schema":{"@context":"https:\/\/schema.org","@graph":[{"@type":"Article","@id":"https:\/\/conversesacatalunya.cat\/es\/los-idus-de-enero-la-pesada-losa-sobre-unos-ciudadanos-sin-capacidad-de-respuesta-y-iii\/#article","isPartOf":{"@id":"https:\/\/conversesacatalunya.cat\/es\/los-idus-de-enero-la-pesada-losa-sobre-unos-ciudadanos-sin-capacidad-de-respuesta-y-iii\/"},"author":{"name":"Josep Mir\u00f3 i Ard\u00e8vol","@id":"https:\/\/conversesacatalunya.cat\/#\/schema\/person\/a9598a6786ba7d3d1c5e0de477b79370"},"headline":"Los idus de enero: la pesada losa sobre unos ciudadanos sin capacidad de respuesta (y III)","datePublished":"2026-01-29T06:00:12+00:00","dateModified":"2026-02-16T19:47:55+00:00","mainEntityOfPage":{"@id":"https:\/\/conversesacatalunya.cat\/es\/los-idus-de-enero-la-pesada-losa-sobre-unos-ciudadanos-sin-capacidad-de-respuesta-y-iii\/"},"wordCount":1230,"commentCount":0,"image":{"@id":"https:\/\/conversesacatalunya.cat\/es\/los-idus-de-enero-la-pesada-losa-sobre-unos-ciudadanos-sin-capacidad-de-respuesta-y-iii\/#primaryimage"},"thumbnailUrl":"https:\/\/conversesacatalunya.cat\/wp-content\/uploads\/2026\/01\/Imagen1-15.jpg","keywords":["ferroviario"],"articleSection":["El Blog de Josep Mir\u00f3 i Ard\u00e8vol (ES)","Punts clau del dia (ES)"],"inLanguage":"es","potentialAction":[{"@type":"CommentAction","name":"Comment","target":["https:\/\/conversesacatalunya.cat\/es\/los-idus-de-enero-la-pesada-losa-sobre-unos-ciudadanos-sin-capacidad-de-respuesta-y-iii\/#respond"]}]},{"@type":"WebPage","@id":"https:\/\/conversesacatalunya.cat\/es\/los-idus-de-enero-la-pesada-losa-sobre-unos-ciudadanos-sin-capacidad-de-respuesta-y-iii\/","url":"https:\/\/conversesacatalunya.cat\/es\/los-idus-de-enero-la-pesada-losa-sobre-unos-ciudadanos-sin-capacidad-de-respuesta-y-iii\/","name":"Los idus de enero: la pesada losa sobre unos ciudadanos sin capacidad de respuesta (y III) - Converses a Catalunya","isPartOf":{"@id":"https:\/\/conversesacatalunya.cat\/#website"},"primaryImageOfPage":{"@id":"https:\/\/conversesacatalunya.cat\/es\/los-idus-de-enero-la-pesada-losa-sobre-unos-ciudadanos-sin-capacidad-de-respuesta-y-iii\/#primaryimage"},"image":{"@id":"https:\/\/conversesacatalunya.cat\/es\/los-idus-de-enero-la-pesada-losa-sobre-unos-ciudadanos-sin-capacidad-de-respuesta-y-iii\/#primaryimage"},"thumbnailUrl":"https:\/\/conversesacatalunya.cat\/wp-content\/uploads\/2026\/01\/Imagen1-15.jpg","datePublished":"2026-01-29T06:00:12+00:00","dateModified":"2026-02-16T19:47:55+00:00","author":{"@id":"https:\/\/conversesacatalunya.cat\/#\/schema\/person\/a9598a6786ba7d3d1c5e0de477b79370"},"description":"An\u00e1lisis cr\u00edtico del colapso ferroviario, la impunidad pol\u00edtica y la quiebra institucional en Catalu\u00f1a y Espa\u00f1a tras los idus de enero.","breadcrumb":{"@id":"https:\/\/conversesacatalunya.cat\/es\/los-idus-de-enero-la-pesada-losa-sobre-unos-ciudadanos-sin-capacidad-de-respuesta-y-iii\/#breadcrumb"},"inLanguage":"es","potentialAction":[{"@type":"ReadAction","target":["https:\/\/conversesacatalunya.cat\/es\/los-idus-de-enero-la-pesada-losa-sobre-unos-ciudadanos-sin-capacidad-de-respuesta-y-iii\/"]}]},{"@type":"ImageObject","inLanguage":"es","@id":"https:\/\/conversesacatalunya.cat\/es\/los-idus-de-enero-la-pesada-losa-sobre-unos-ciudadanos-sin-capacidad-de-respuesta-y-iii\/#primaryimage","url":"https:\/\/conversesacatalunya.cat\/wp-content\/uploads\/2026\/01\/Imagen1-15.jpg","contentUrl":"https:\/\/conversesacatalunya.cat\/wp-content\/uploads\/2026\/01\/Imagen1-15.jpg","width":1034,"height":689,"caption":"Idus de enero"},{"@type":"BreadcrumbList","@id":"https:\/\/conversesacatalunya.cat\/es\/los-idus-de-enero-la-pesada-losa-sobre-unos-ciudadanos-sin-capacidad-de-respuesta-y-iii\/#breadcrumb","itemListElement":[{"@type":"ListItem","position":1,"name":"Inici","item":"https:\/\/conversesacatalunya.cat\/es\/"},{"@type":"ListItem","position":2,"name":"Los idus de enero: la pesada losa sobre unos ciudadanos sin capacidad de respuesta (y III)"}]},{"@type":"WebSite","@id":"https:\/\/conversesacatalunya.cat\/#website","url":"https:\/\/conversesacatalunya.cat\/","name":"Converses a Catalunya","description":"","potentialAction":[{"@type":"SearchAction","target":{"@type":"EntryPoint","urlTemplate":"https:\/\/conversesacatalunya.cat\/?s={search_term_string}"},"query-input":{"@type":"PropertyValueSpecification","valueRequired":true,"valueName":"search_term_string"}}],"inLanguage":"es"},{"@type":"Person","@id":"https:\/\/conversesacatalunya.cat\/#\/schema\/person\/a9598a6786ba7d3d1c5e0de477b79370","name":"Josep Mir\u00f3 i Ard\u00e8vol","image":{"@type":"ImageObject","inLanguage":"es","@id":"https:\/\/conversesacatalunya.cat\/#\/schema\/person\/image\/","url":"https:\/\/conversesacatalunya.cat\/wp-content\/litespeed\/avatar\/c37e3dc881857483d6694cdf98fdedea.jpg?ver=1777270381","contentUrl":"https:\/\/conversesacatalunya.cat\/wp-content\/litespeed\/avatar\/c37e3dc881857483d6694cdf98fdedea.jpg?ver=1777270381","caption":"Josep Mir\u00f3 i Ard\u00e8vol"},"url":"https:\/\/conversesacatalunya.cat\/es\/author\/josep-miro-i-ardevol\/"}]}},"wps_subtitle":"","_links":{"self":[{"href":"https:\/\/conversesacatalunya.cat\/es\/wp-json\/wp\/v2\/posts\/95968","targetHints":{"allow":["GET"]}}],"collection":[{"href":"https:\/\/conversesacatalunya.cat\/es\/wp-json\/wp\/v2\/posts"}],"about":[{"href":"https:\/\/conversesacatalunya.cat\/es\/wp-json\/wp\/v2\/types\/post"}],"author":[{"embeddable":true,"href":"https:\/\/conversesacatalunya.cat\/es\/wp-json\/wp\/v2\/users\/19"}],"replies":[{"embeddable":true,"href":"https:\/\/conversesacatalunya.cat\/es\/wp-json\/wp\/v2\/comments?post=95968"}],"version-history":[{"count":9,"href":"https:\/\/conversesacatalunya.cat\/es\/wp-json\/wp\/v2\/posts\/95968\/revisions"}],"predecessor-version":[{"id":95990,"href":"https:\/\/conversesacatalunya.cat\/es\/wp-json\/wp\/v2\/posts\/95968\/revisions\/95990"}],"wp:featuredmedia":[{"embeddable":true,"href":"https:\/\/conversesacatalunya.cat\/es\/wp-json\/wp\/v2\/media\/95976"}],"wp:attachment":[{"href":"https:\/\/conversesacatalunya.cat\/es\/wp-json\/wp\/v2\/media?parent=95968"}],"wp:term":[{"taxonomy":"category","embeddable":true,"href":"https:\/\/conversesacatalunya.cat\/es\/wp-json\/wp\/v2\/categories?post=95968"},{"taxonomy":"post_tag","embeddable":true,"href":"https:\/\/conversesacatalunya.cat\/es\/wp-json\/wp\/v2\/tags?post=95968"}],"curies":[{"name":"wp","href":"https:\/\/api.w.org\/{rel}","templated":true}]}}