{"id":95930,"date":"2026-01-28T09:16:34","date_gmt":"2026-01-28T08:16:34","guid":{"rendered":"https:\/\/conversesacatalunya.cat\/?p=95930"},"modified":"2026-01-28T09:42:27","modified_gmt":"2026-01-28T08:42:27","slug":"el-grave-escandalo-de-la-covid-19-que-espana-pretende-ignorar-y-ii","status":"publish","type":"post","link":"https:\/\/conversesacatalunya.cat\/es\/el-grave-escandalo-de-la-covid-19-que-espana-pretende-ignorar-y-ii\/","title":{"rendered":"El grave esc\u00e1ndalo de la Covid-19 que Espa\u00f1a pretende ignorar (y II)"},"content":{"rendered":"<p>Continuaci\u00f3n del resumen del informe final del<strong> Congreso de Estados Unidos<\/strong><span>\u00a0<\/span><strong>sobre la Pandemia<\/strong><span>\u00a0elaborado por una comisi\u00f3n bipartidista de la C\u00e1mara y con una presidencia formada por un miembro de cada partido.<\/span><\/p>\n<h5><strong>Impacto econ\u00f3mico de la pandemia <\/strong><\/h5>\n<ul>\n<li><strong>Conclusi\u00f3n:<\/strong> Las <strong>\u00f3rdenes de confinamiento y cierre<\/strong> emitidas por autoridades federales y estatales fueron la <strong>causa principal del cierre masivo de empresas<\/strong>, tanto temporales como permanentes. M\u00e1s de <strong>160.000 negocios en EE.UU. cerraron<\/strong> debido a la pandemia (y un <strong>60 %<\/strong> de esos cierres fueron <strong>definitivos<\/strong>), con la consecuencia a\u00f1adida de que la <strong>falta de diversidad en las cadenas de suministro<\/strong> agrav\u00f3 los desaf\u00edos econ\u00f3micos y <strong>profundiz\u00f3 las disparidades existentes<\/strong>.<\/li>\n<li><strong>Conclusi\u00f3n:<\/strong> <strong>El sistema de salud<\/strong> estadounidense <strong>sufri\u00f3 un da\u00f1o severo<\/strong> a ra\u00edz de la pandemia. Los pacientes experimentaron <strong>mermas en la calidad de la atenci\u00f3n m\u00e9dica<\/strong>, con tiempos de espera m\u00e1s largos, consultas m\u00e1s breves y diagn\u00f3sticos pasados por alto.<\/li>\n<li><strong>Hecho comprobado:<\/strong> <strong>El desempleo se dispar\u00f3 a niveles no vistos desde la Gran Depresi\u00f3n<\/strong>, en buena medida porque las <strong>medidas de mitigaci\u00f3n excesivamente amplias<\/strong> \u2014 incluido el ahora desacreditado distanciamiento de \u201c6 pies\u201d \u2014 <strong>afectaron desproporcionadamente a los trabajadores de bajos ingresos<\/strong> y a los sectores con salarios m\u00e1s bajos.<\/li>\n<li><strong>Conclusi\u00f3n:<\/strong> La respuesta <strong>agresiva, temprana y sin precedentes de la Reserva Federal<\/strong> (el banco central) ante la crisis evit\u00f3 una <strong>recesi\u00f3n econ\u00f3mica severa<\/strong> en 2020. Sin embargo, la prolongaci\u00f3n de esa pol\u00edtica tambi\u00e9n <strong>contribuy\u00f3 a una inflaci\u00f3n vertiginosa<\/strong> en los a\u00f1os posteriores.<\/li>\n<\/ul>\n<h5><strong>Impacto en la educaci\u00f3n y la salud de los ni\u00f1os (cierres de escuelas)<\/strong><\/h5>\n<ul>\n<li><strong>Conclusi\u00f3n:<\/strong> <strong>La ciencia nunca justific\u00f3 el cierre prolongado de escuelas.<\/strong> Los datos mostraban que los ni\u00f1os <strong>eran poco propensos a propagar el virus<\/strong> o a sufrir formas graves de COVID-19. A pesar de ello, las clausuras escolares resultaron en <strong>p\u00e9rdidas de aprendizaje hist\u00f3ricas<\/strong>, un <strong>aumento de trastornos psicol\u00f3gicos<\/strong> y un <strong>deterioro del bienestar f\u00edsico<\/strong> de los menores.<\/li>\n<li><strong>Hecho comprobado:<\/strong> <strong>Los CDC (Centros para el Control y la Prevenci\u00f3n de Enfermedades)<\/strong> bajo la Administraci\u00f3n Biden <strong>rompieron con la pr\u00e1ctica habitual<\/strong> al permitir que <strong>un sindicato de maestros<\/strong> influyera en sus directrices cient\u00edficas sobre reapertura de escuelas. La directora de los CDC, Rochelle Walensky, <strong>pidi\u00f3 aportes espec\u00edficos a la Federaci\u00f3n Estadounidense de Maestros (AFT)<\/strong> para la gu\u00eda, llegando incluso a <strong>aceptar numerosas frases sugeridas y ediciones<\/strong> propuestas por este sindicato.<\/li>\n<li><strong>Conclusi\u00f3n:<\/strong> <strong>Las escuelas permanecieron cerradas m\u00e1s tiempo del necesario debido a la interferencia pol\u00edtica de la AFT<\/strong>, un sindicato docente (no una entidad cient\u00edfica) que presion\u00f3 por medidas excesivamente cautelosas \u2013 como <em>triggers<\/em> (disparadores autom\u00e1ticos) para cerrar escuelas \u2013 prolongando as\u00ed los cierres de manera injustificada.<\/li>\n<li><strong>Hecho comprobado:<\/strong> Testimonios ante el Congreso revelaron que <strong>Randi Weingarten, presidenta de la AFT, ten\u00eda comunicaci\u00f3n directa<\/strong> por tel\u00e9fono con la directora Walensky de los CDC durante la elaboraci\u00f3n de las gu\u00edas.<\/li>\n<li><strong>Hecho comprobado:<\/strong> Los <strong>efectos a largo plazo<\/strong> de los cierres escolares son alarmantes. Los resultados en ex\u00e1menes estandarizados indican que <strong>los ni\u00f1os retrocedieron d\u00e9cadas en su progreso acad\u00e9mico<\/strong> debido al cierre de escuelas. Asimismo, los problemas de salud mental y f\u00edsica <strong>se dispararon<\/strong>, evidenciado por el <strong>51 % de aumento en intentos de suicidio<\/strong> entre <strong>adolescentes mujeres de 12 a 17 a\u00f1os<\/strong> durante el periodo de clausura escolar.<\/li>\n<\/ul>\n<h5><strong>Obstrucciones en la investigaci\u00f3n y supervisi\u00f3n del manejo de la pandemia<\/strong><\/h5>\n<ul>\n<li><strong>Conclusi\u00f3n:<\/strong> El <strong>Departamento de Salud y Servicios Humanos (HHS)<\/strong> de la Administraci\u00f3n Biden <strong>llev\u00f3 a cabo una campa\u00f1a de obstrucci\u00f3n<\/strong> prolongada contra la investigaci\u00f3n del Subcomit\u00e9. Esta estrategia incluy\u00f3 <strong>retrasos, confusi\u00f3n y falta de respuesta<\/strong> a las solicitudes de informaci\u00f3n, buscando <strong>ocultar pruebas<\/strong> que pudieran incriminar o avergonzar a altos funcionarios de salud. (<em>Seg\u00fan el informe, HHS incluso <strong>priv\u00f3 deliberadamente de recursos<\/strong> a la oficina encargada de responder los requerimientos del Congreso, para entorpecer la supervisi\u00f3n legislativa<\/em>).<\/li>\n<li><strong>Conclusi\u00f3n:<\/strong> <strong>Peter Daszak<\/strong>, presidente de EcoHealth Alliance, <strong>obstruy\u00f3 la investigaci\u00f3n del Congreso<\/strong> al <strong>entregar solo informaci\u00f3n ya p\u00fablica<\/strong>, instruy\u00f3 a su personal para que <strong>dilatara la entrega de documentos<\/strong> y <strong>alterar documentos<\/strong> antes de divulgarlos. Adem\u00e1s, el Dr. Daszak <strong>proporcion\u00f3 informaci\u00f3n falsa al Congreso<\/strong> durante el curso de la investigaci\u00f3n.<\/li>\n<li><strong>Conclusi\u00f3n:<\/strong> El <strong>Dr. David Morens<\/strong>, asesor principal del Dr. Fauci, tambi\u00e9n <strong>obstruy\u00f3 activamente la investigaci\u00f3n<\/strong> del Subcomit\u00e9. Seg\u00fan el informe, Morens <strong>minti\u00f3 repetidas veces al Congreso<\/strong>, <strong>borr\u00f3 indebidamente registros federales<\/strong> relacionados con la COVID-19 y comparti\u00f3 <strong>informaci\u00f3n no p\u00fablica<\/strong> sobre procesos de subvenciones del NIH con Peter Daszak.<\/li>\n<li><strong>Conclusi\u00f3n:<\/strong> La <strong>Oficina del Gobernador de Nueva York<\/strong> (hoy a cargo de Kathy Hochul) <strong>entorpeci\u00f3 la investigaci\u00f3n<\/strong> del Congreso sobre la gesti\u00f3n de la pandemia en ese Estado. La llamada \u201cC\u00e1mara Ejecutiva\u201d de Nueva York <strong>censur\u00f3 documentos<\/strong>, invoc\u00f3 <strong>privilegios injustificados<\/strong> y <strong>retuvo miles de archivos<\/strong> sin base legal aparente, para <strong>dificultar el escrutinio<\/strong> de las acciones del exgobernador Cuomo durante la pandemia.<\/li>\n<\/ul>\n<p>Las conclusiones del informe enfatizan la necesidad de <strong>mayor transparencia, rendici\u00f3n de cuentas y base cient\u00edfica<\/strong> en las decisiones de salud p\u00fablica, para <strong>reconstruir la confianza<\/strong> de la ciudadan\u00eda de cara a pr\u00f3ximas pandemias<\/p>\n<p>Lo que da por sentado el <strong>informe destruye<\/strong> toda la pol\u00edtica y las explicaciones que nos fue dando durante y despu\u00e9s el Gobierno espa\u00f1ol. Como m\u00ednimo, el Congreso y el Senado deber\u00eda examinar sus conclusiones a la luz de las medidas y los tr\u00e1gicos resultados en Espa\u00f1a, en n\u00famero de muertos, secuelas graves y da\u00f1os econ\u00f3micos.<\/p>\n<p>La falta de atenci\u00f3n de los grandes medios de comunicaci\u00f3n espa\u00f1oles a esta carencia de rendici\u00f3n de cuentas se\u00f1ala cuan poco fiable es el conjunto pol\u00edtico-medi\u00e1tico. Esta grave omisi\u00f3n se produce por la <strong>convergencia de intereses<\/strong> sobre la COVID entre el PSOE y sus aliados, que incluye a ERC y Junts, cuya interesada complicidad resulta evidente, con el PP, por el hecho de gobernar en distintas CCAA, y, por tanto, gestionar la sanidad a escala auton\u00f3mica, un motivo que se extend\u00eda en aquel momento a ERC y Junts.<\/p>\n<p><strong>La realidad pura y dura es que los ciudadanos carecemos de protecci\u00f3n ante estas operaciones a gran escala de manipulaci\u00f3n y encubrimiento<\/strong>, donde no hay ni un solo partido y esto incluye desde Podemos a Vox con capacidad para desvelar la realidad ocultada.<\/p>\n<h5><a href=\"https:\/\/conversesacatalunya.cat\/es\/el-grave-escandalo-de-la-covid-19-que-espana-pretende-ignorar-i\/\" target=\"_blank\" rel=\"noopener\"><strong>El grave esc\u00e1ndalo de la Covid-19 que Espa\u00f1a pretende ignorar (I)<\/strong><\/a><\/h5>\n<span class='bctt-click-to-tweet'><span class='bctt-ctt-text'><a href='https:\/\/twitter.com\/intent\/tweet?url=https%3A%2F%2Fconversesacatalunya.cat%2Fes%2Fel-grave-escandalo-de-la-covid-19-que-espana-pretende-ignorar-y-ii%2F&#038;text=Obstrucci%C3%B3n%2C%20encubrimiento%20y%20silencio%20medi%C3%A1tico.%20El%20informe%20es%20claro%2C%20pero%20en%20Espa%C3%B1a%20no%20interesa.%20%23Rendici%C3%B3nDeCuentas%20%23covid-19&#038;via=conversesacat&#038;related=conversesacat' target='_blank'rel=\"noopener noreferrer\">Obstrucci\u00f3n, encubrimiento y silencio medi\u00e1tico. El informe es claro, pero en Espa\u00f1a no interesa. #Rendici\u00f3nDeCuentas #covid-19 <\/a><\/span><a href='https:\/\/twitter.com\/intent\/tweet?url=https%3A%2F%2Fconversesacatalunya.cat%2Fes%2Fel-grave-escandalo-de-la-covid-19-que-espana-pretende-ignorar-y-ii%2F&#038;text=Obstrucci%C3%B3n%2C%20encubrimiento%20y%20silencio%20medi%C3%A1tico.%20El%20informe%20es%20claro%2C%20pero%20en%20Espa%C3%B1a%20no%20interesa.%20%23Rendici%C3%B3nDeCuentas%20%23covid-19&#038;via=conversesacat&#038;related=conversesacat' target='_blank' class='bctt-ctt-btn'rel=\"noopener noreferrer\">Compartir en X<\/a><\/span>\n<div id=\"polls-314\" class=\"wp-polls\">\n\t<form id=\"polls_form_314\" class=\"wp-polls-form\" action=\"\/index.php\" method=\"post\">\n\t\t<p style=\"display: none;\"><input type=\"hidden\" id=\"poll_314_nonce\" name=\"wp-polls-nonce\" value=\"9abfb7d82a\" \/><\/p>\n\t\t<p style=\"display: none;\"><input type=\"hidden\" name=\"poll_id\" value=\"314\" \/><\/p>\n\t\t<p style=\"text-align: center\"><strong>Creus que el Govern d'Illa t\u00e9 alguna responsabilitat en el caos de Rodalies?<\/strong><\/p><div id=\"polls-314-ans\" class=\"wp-polls-ans\"><ul class=\"wp-polls-ul\">\n\t\t<li><input type=\"radio\" id=\"poll-answer-899\" name=\"poll_314\" value=\"899\" \/> <label for=\"poll-answer-899\">S\u00ed<\/label><\/li>\n\t\t<li><input type=\"radio\" id=\"poll-answer-900\" name=\"poll_314\" value=\"900\" \/> <label for=\"poll-answer-900\">No<\/label><\/li>\n\t\t<li><input type=\"radio\" id=\"poll-answer-901\" name=\"poll_314\" value=\"901\" \/> <label for=\"poll-answer-901\">No ho s\u00e9<\/label><\/li>\n\t\t<\/ul><p style=\"text-align: center\"><input type=\"button\" name=\"vote\" value=\"   Vota   \" class=\"Buttons\" onclick=\"poll_vote(314);\" \/><\/p><p style=\"text-align: center\"><a href=\"#ViewPollResults\" onclick=\"poll_result(314); return false;\" title=\"View Results Of This Poll\">Mira els resultats<\/a><\/p><\/div>\n\t<\/form>\n<\/div>\n<div id=\"polls-314-loading\" class=\"wp-polls-loading\"><img decoding=\"async\" data-src=\"https:\/\/conversesacatalunya.cat\/wp-content\/plugins\/wp-polls\/images\/loading.gif\" width=\"16\" height=\"16\" alt=\"Cargando ...\" title=\"Cargando ...\" class=\"wp-polls-image lazyload\" src=\"data:image\/svg+xml;base64,PHN2ZyB3aWR0aD0iMSIgaGVpZ2h0PSIxIiB4bWxucz0iaHR0cDovL3d3dy53My5vcmcvMjAwMC9zdmciPjwvc3ZnPg==\" style=\"--smush-placeholder-width: 16px; --smush-placeholder-aspect-ratio: 16\/16;\" \/>&nbsp;Cargando ...<\/div>\n\n","protected":false},"excerpt":{"rendered":"<p>Continuaci\u00f3n del resumen del informe final del Congreso de Estados Unidos\u00a0sobre la Pandemia\u00a0elaborado por una comisi\u00f3n bipartidista de la C\u00e1mara y con una presidencia formada por un miembro de cada partido. Impacto econ\u00f3mico de la pandemia Conclusi\u00f3n: Las \u00f3rdenes de confinamiento y cierre emitidas por autoridades federales y estatales fueron la causa principal del cierre masivo de empresas, tanto temporales como permanentes. M\u00e1s de 160.000 negocios en EE.UU. cerraron debido a la pandemia (y un 60 % de esos cierres fueron definitivos), con la consecuencia a\u00f1adida de que la falta de diversidad en las cadenas de suministro agrav\u00f3 los desaf\u00edos econ\u00f3micos y profundiz\u00f3 las disparidades existentes. Conclusi\u00f3n: El sistema de salud estadounidense sufri\u00f3 un da\u00f1o severo a ra\u00edz de la pandemia. Los pacientes experimentaron mermas en la calidad de la atenci\u00f3n m\u00e9dica, con tiempos de espera m\u00e1s largos, consultas m\u00e1s breves y diagn\u00f3sticos pasados por alto. Hecho comprobado: El desempleo se dispar\u00f3 a niveles no vistos desde la Gran Depresi\u00f3n, en buena medida porque las medidas de mitigaci\u00f3n excesivamente amplias \u2014 incluido el ahora desacreditado distanciamiento de \u201c6 pies\u201d \u2014 afectaron desproporcionadamente a los trabajadores de bajos ingresos y a los sectores con salarios m\u00e1s bajos. Conclusi\u00f3n: La respuesta agresiva, temprana y sin precedentes de la Reserva Federal (el banco central) ante la crisis evit\u00f3 una recesi\u00f3n econ\u00f3mica severa en 2020. Sin embargo, la prolongaci\u00f3n de esa pol\u00edtica tambi\u00e9n contribuy\u00f3 a una inflaci\u00f3n vertiginosa en los a\u00f1os posteriores. Impacto en la educaci\u00f3n y la salud de los ni\u00f1os (cierres de escuelas) Conclusi\u00f3n: La ciencia nunca justific\u00f3 el cierre prolongado de escuelas. Los datos mostraban que los ni\u00f1os eran poco propensos a propagar el virus o a sufrir formas graves de COVID-19. A pesar de ello, las clausuras escolares resultaron en p\u00e9rdidas de aprendizaje hist\u00f3ricas, un aumento de trastornos psicol\u00f3gicos y un deterioro del bienestar f\u00edsico de los menores. Hecho comprobado: Los CDC (Centros para el Control y la Prevenci\u00f3n de Enfermedades) bajo la Administraci\u00f3n Biden rompieron con la pr\u00e1ctica habitual al permitir que un sindicato de maestros influyera en sus directrices cient\u00edficas sobre reapertura de escuelas. La directora de los CDC, Rochelle Walensky, pidi\u00f3 aportes espec\u00edficos a la Federaci\u00f3n Estadounidense de Maestros (AFT) para la gu\u00eda, llegando incluso a aceptar numerosas frases sugeridas y ediciones propuestas por este sindicato. Conclusi\u00f3n: Las escuelas permanecieron cerradas m\u00e1s tiempo del necesario debido a la interferencia pol\u00edtica de la AFT, un sindicato docente (no una entidad cient\u00edfica) que presion\u00f3 por medidas excesivamente cautelosas \u2013 como triggers (disparadores autom\u00e1ticos) para cerrar escuelas \u2013 prolongando as\u00ed los cierres de manera injustificada. Hecho comprobado: Testimonios ante el Congreso revelaron que Randi Weingarten, presidenta de la AFT, ten\u00eda comunicaci\u00f3n directa por tel\u00e9fono con la directora Walensky de los CDC durante la elaboraci\u00f3n de las gu\u00edas. Hecho comprobado: Los efectos a largo plazo de los cierres escolares son alarmantes. Los resultados en ex\u00e1menes estandarizados indican que los ni\u00f1os retrocedieron d\u00e9cadas en su progreso acad\u00e9mico debido al cierre de escuelas. Asimismo, los problemas de salud mental y f\u00edsica se dispararon, evidenciado por el 51 % de aumento en intentos de suicidio entre adolescentes mujeres de 12 a 17 a\u00f1os durante el periodo de clausura escolar. Obstrucciones en la investigaci\u00f3n y supervisi\u00f3n del manejo de la pandemia Conclusi\u00f3n: El Departamento de Salud y Servicios Humanos (HHS) de la Administraci\u00f3n Biden llev\u00f3 a cabo una campa\u00f1a de obstrucci\u00f3n prolongada contra la investigaci\u00f3n del Subcomit\u00e9. Esta estrategia incluy\u00f3 retrasos, confusi\u00f3n y falta de respuesta a las solicitudes de informaci\u00f3n, buscando ocultar pruebas que pudieran incriminar o avergonzar a altos funcionarios de salud. (Seg\u00fan el informe, HHS incluso priv\u00f3 deliberadamente de recursos a la oficina encargada de responder los requerimientos del Congreso, para entorpecer la supervisi\u00f3n legislativa). Conclusi\u00f3n: Peter Daszak, presidente de EcoHealth Alliance, obstruy\u00f3 la investigaci\u00f3n del Congreso al entregar solo informaci\u00f3n ya p\u00fablica, instruy\u00f3 a su personal para que dilatara la entrega de documentos y alterar documentos antes de divulgarlos. Adem\u00e1s, el Dr. Daszak proporcion\u00f3 informaci\u00f3n falsa al Congreso durante el curso de la investigaci\u00f3n. Conclusi\u00f3n: El Dr. David Morens, asesor principal del Dr. Fauci, tambi\u00e9n obstruy\u00f3 activamente la investigaci\u00f3n del Subcomit\u00e9. Seg\u00fan el informe, Morens minti\u00f3 repetidas veces al Congreso, borr\u00f3 indebidamente registros federales relacionados con la COVID-19 y comparti\u00f3 informaci\u00f3n no p\u00fablica sobre procesos de subvenciones del NIH con Peter Daszak. Conclusi\u00f3n: La Oficina del Gobernador de Nueva York (hoy a cargo de Kathy Hochul) entorpeci\u00f3 la investigaci\u00f3n del Congreso sobre la gesti\u00f3n de la pandemia en ese Estado. La llamada \u201cC\u00e1mara Ejecutiva\u201d de Nueva York censur\u00f3 documentos, invoc\u00f3 privilegios injustificados y retuvo miles de archivos sin base legal aparente, para dificultar el escrutinio de las acciones del exgobernador Cuomo durante la pandemia. Las conclusiones del informe enfatizan la necesidad de mayor transparencia, rendici\u00f3n de cuentas y base cient\u00edfica en las decisiones de salud p\u00fablica, para reconstruir la confianza de la ciudadan\u00eda de cara a pr\u00f3ximas pandemias Lo que da por sentado el informe destruye toda la pol\u00edtica y las explicaciones que nos fue dando durante y despu\u00e9s el Gobierno espa\u00f1ol. Como m\u00ednimo, el Congreso y el Senado deber\u00eda examinar sus conclusiones a la luz de las medidas y los tr\u00e1gicos resultados en Espa\u00f1a, en n\u00famero de muertos, secuelas graves y da\u00f1os econ\u00f3micos. La falta de atenci\u00f3n de los grandes medios de comunicaci\u00f3n espa\u00f1oles a esta carencia de rendici\u00f3n de cuentas se\u00f1ala cuan poco fiable es el conjunto pol\u00edtico-medi\u00e1tico. Esta grave omisi\u00f3n se produce por la convergencia de intereses sobre la COVID entre el PSOE y sus aliados, que incluye a ERC y Junts, cuya interesada complicidad resulta evidente, con el PP, por el hecho de gobernar en distintas CCAA, y, por tanto, gestionar la sanidad a escala auton\u00f3mica, un motivo que se extend\u00eda en aquel momento a ERC y Junts. La realidad pura y dura es que los ciudadanos carecemos de protecci\u00f3n ante estas operaciones a gran escala de manipulaci\u00f3n y encubrimiento, donde no hay ni un solo partido y esto incluye desde Podemos a Vox con capacidad para desvelar la realidad ocultada. El grave esc\u00e1ndalo de la&#8230;<\/p>\n","protected":false},"author":81,"featured_media":95937,"comment_status":"open","ping_status":"open","sticky":false,"template":"","format":"standard","meta":{"_FSMCFIC_featured_image_caption":"","_FSMCFIC_featured_image_nocaption":"","_FSMCFIC_featured_image_hide":"","footnotes":""},"categories":[806],"tags":[1913],"class_list":["post-95930","post","type-post","status-publish","format-standard","has-post-thumbnail","hentry","category-punts-claus-del-dia-es","tag-covid-19-es"],"yoast_head":"<!-- This site is optimized with the Yoast SEO plugin v26.8 - https:\/\/yoast.com\/product\/yoast-seo-wordpress\/ -->\n<title>El grave esc\u00e1ndalo de la Covid-19 que Espa\u00f1a pretende ignorar (y II) - Converses a Catalunya<\/title>\n<meta name=\"description\" content=\"El impacto econ\u00f3mico, educativo y social de la pandemia fue devastador. El informe del Congreso de EE.UU. revela da\u00f1os, obstrucciones.\" \/>\n<meta name=\"robots\" content=\"index, follow, max-snippet:-1, max-image-preview:large, max-video-preview:-1\" \/>\n<link rel=\"canonical\" href=\"https:\/\/conversesacatalunya.cat\/es\/el-grave-escandalo-de-la-covid-19-que-espana-pretende-ignorar-y-ii\/\" \/>\n<meta property=\"og:locale\" content=\"es_ES\" \/>\n<meta property=\"og:type\" content=\"article\" \/>\n<meta property=\"og:title\" content=\"El grave esc\u00e1ndalo de la Covid-19 que Espa\u00f1a pretende ignorar (y II) - Converses a Catalunya\" \/>\n<meta property=\"og:description\" content=\"El impacto econ\u00f3mico, educativo y social de la pandemia fue devastador. El informe del Congreso de EE.UU. revela da\u00f1os, obstrucciones.\" \/>\n<meta property=\"og:url\" content=\"https:\/\/conversesacatalunya.cat\/es\/el-grave-escandalo-de-la-covid-19-que-espana-pretende-ignorar-y-ii\/\" \/>\n<meta property=\"og:site_name\" content=\"Converses a Catalunya\" \/>\n<meta property=\"article:published_time\" content=\"2026-01-28T08:16:34+00:00\" \/>\n<meta property=\"article:modified_time\" content=\"2026-01-28T08:42:27+00:00\" \/>\n<meta property=\"og:image\" content=\"https:\/\/conversesacatalunya.cat\/wp-content\/uploads\/2026\/01\/coronavirus-5488139_1280.jpg\" \/>\n\t<meta property=\"og:image:width\" content=\"1280\" \/>\n\t<meta property=\"og:image:height\" content=\"853\" \/>\n\t<meta property=\"og:image:type\" content=\"image\/jpeg\" \/>\n<meta name=\"author\" content=\"Emili Clos\" \/>\n<meta name=\"twitter:card\" content=\"summary_large_image\" \/>\n<meta name=\"twitter:label1\" content=\"Escrito por\" \/>\n\t<meta name=\"twitter:data1\" content=\"Emili Clos\" \/>\n\t<meta name=\"twitter:label2\" content=\"Tiempo de lectura\" \/>\n\t<meta name=\"twitter:data2\" content=\"6 minutos\" \/>\n<script type=\"application\/ld+json\" class=\"yoast-schema-graph\">{\"@context\":\"https:\/\/schema.org\",\"@graph\":[{\"@type\":\"Article\",\"@id\":\"https:\/\/conversesacatalunya.cat\/es\/el-grave-escandalo-de-la-covid-19-que-espana-pretende-ignorar-y-ii\/#article\",\"isPartOf\":{\"@id\":\"https:\/\/conversesacatalunya.cat\/es\/el-grave-escandalo-de-la-covid-19-que-espana-pretende-ignorar-y-ii\/\"},\"author\":{\"name\":\"Emili Clos\",\"@id\":\"https:\/\/conversesacatalunya.cat\/#\/schema\/person\/46306de4129bccb959ed5e1720c4e3e7\"},\"headline\":\"El grave esc\u00e1ndalo de la Covid-19 que Espa\u00f1a pretende ignorar (y II)\",\"datePublished\":\"2026-01-28T08:16:34+00:00\",\"dateModified\":\"2026-01-28T08:42:27+00:00\",\"mainEntityOfPage\":{\"@id\":\"https:\/\/conversesacatalunya.cat\/es\/el-grave-escandalo-de-la-covid-19-que-espana-pretende-ignorar-y-ii\/\"},\"wordCount\":1151,\"commentCount\":0,\"image\":{\"@id\":\"https:\/\/conversesacatalunya.cat\/es\/el-grave-escandalo-de-la-covid-19-que-espana-pretende-ignorar-y-ii\/#primaryimage\"},\"thumbnailUrl\":\"https:\/\/conversesacatalunya.cat\/wp-content\/uploads\/2026\/01\/coronavirus-5488139_1280.jpg\",\"keywords\":[\"Covid-19\"],\"articleSection\":[\"Punts clau del dia (ES)\"],\"inLanguage\":\"es\",\"potentialAction\":[{\"@type\":\"CommentAction\",\"name\":\"Comment\",\"target\":[\"https:\/\/conversesacatalunya.cat\/es\/el-grave-escandalo-de-la-covid-19-que-espana-pretende-ignorar-y-ii\/#respond\"]}]},{\"@type\":\"WebPage\",\"@id\":\"https:\/\/conversesacatalunya.cat\/es\/el-grave-escandalo-de-la-covid-19-que-espana-pretende-ignorar-y-ii\/\",\"url\":\"https:\/\/conversesacatalunya.cat\/es\/el-grave-escandalo-de-la-covid-19-que-espana-pretende-ignorar-y-ii\/\",\"name\":\"El grave esc\u00e1ndalo de la Covid-19 que Espa\u00f1a pretende ignorar (y II) - Converses a Catalunya\",\"isPartOf\":{\"@id\":\"https:\/\/conversesacatalunya.cat\/#website\"},\"primaryImageOfPage\":{\"@id\":\"https:\/\/conversesacatalunya.cat\/es\/el-grave-escandalo-de-la-covid-19-que-espana-pretende-ignorar-y-ii\/#primaryimage\"},\"image\":{\"@id\":\"https:\/\/conversesacatalunya.cat\/es\/el-grave-escandalo-de-la-covid-19-que-espana-pretende-ignorar-y-ii\/#primaryimage\"},\"thumbnailUrl\":\"https:\/\/conversesacatalunya.cat\/wp-content\/uploads\/2026\/01\/coronavirus-5488139_1280.jpg\",\"datePublished\":\"2026-01-28T08:16:34+00:00\",\"dateModified\":\"2026-01-28T08:42:27+00:00\",\"author\":{\"@id\":\"https:\/\/conversesacatalunya.cat\/#\/schema\/person\/46306de4129bccb959ed5e1720c4e3e7\"},\"description\":\"El impacto econ\u00f3mico, educativo y social de la pandemia fue devastador. El informe del Congreso de EE.UU. revela da\u00f1os, obstrucciones.\",\"breadcrumb\":{\"@id\":\"https:\/\/conversesacatalunya.cat\/es\/el-grave-escandalo-de-la-covid-19-que-espana-pretende-ignorar-y-ii\/#breadcrumb\"},\"inLanguage\":\"es\",\"potentialAction\":[{\"@type\":\"ReadAction\",\"target\":[\"https:\/\/conversesacatalunya.cat\/es\/el-grave-escandalo-de-la-covid-19-que-espana-pretende-ignorar-y-ii\/\"]}]},{\"@type\":\"ImageObject\",\"inLanguage\":\"es\",\"@id\":\"https:\/\/conversesacatalunya.cat\/es\/el-grave-escandalo-de-la-covid-19-que-espana-pretende-ignorar-y-ii\/#primaryimage\",\"url\":\"https:\/\/conversesacatalunya.cat\/wp-content\/uploads\/2026\/01\/coronavirus-5488139_1280.jpg\",\"contentUrl\":\"https:\/\/conversesacatalunya.cat\/wp-content\/uploads\/2026\/01\/coronavirus-5488139_1280.jpg\",\"width\":1280,\"height\":853,\"caption\":\"Impacto econ\u00f3mico pandemia\"},{\"@type\":\"BreadcrumbList\",\"@id\":\"https:\/\/conversesacatalunya.cat\/es\/el-grave-escandalo-de-la-covid-19-que-espana-pretende-ignorar-y-ii\/#breadcrumb\",\"itemListElement\":[{\"@type\":\"ListItem\",\"position\":1,\"name\":\"Inici\",\"item\":\"https:\/\/conversesacatalunya.cat\/es\/\"},{\"@type\":\"ListItem\",\"position\":2,\"name\":\"El grave esc\u00e1ndalo de la Covid-19 que Espa\u00f1a pretende ignorar (y II)\"}]},{\"@type\":\"WebSite\",\"@id\":\"https:\/\/conversesacatalunya.cat\/#website\",\"url\":\"https:\/\/conversesacatalunya.cat\/\",\"name\":\"Converses a Catalunya\",\"description\":\"\",\"potentialAction\":[{\"@type\":\"SearchAction\",\"target\":{\"@type\":\"EntryPoint\",\"urlTemplate\":\"https:\/\/conversesacatalunya.cat\/?s={search_term_string}\"},\"query-input\":{\"@type\":\"PropertyValueSpecification\",\"valueRequired\":true,\"valueName\":\"search_term_string\"}}],\"inLanguage\":\"es\"},{\"@type\":\"Person\",\"@id\":\"https:\/\/conversesacatalunya.cat\/#\/schema\/person\/46306de4129bccb959ed5e1720c4e3e7\",\"name\":\"Emili Clos\",\"image\":{\"@type\":\"ImageObject\",\"inLanguage\":\"es\",\"@id\":\"https:\/\/conversesacatalunya.cat\/#\/schema\/person\/image\/\",\"url\":\"https:\/\/conversesacatalunya.cat\/wp-content\/litespeed\/avatar\/a9a662bd802eed79498de818aef91cc9.jpg?ver=1777096184\",\"contentUrl\":\"https:\/\/conversesacatalunya.cat\/wp-content\/litespeed\/avatar\/a9a662bd802eed79498de818aef91cc9.jpg?ver=1777096184\",\"caption\":\"Emili Clos\"},\"url\":\"https:\/\/conversesacatalunya.cat\/es\/author\/emili_clos\/\"}]}<\/script>\n<!-- \/ Yoast SEO plugin. -->","yoast_head_json":{"title":"El grave esc\u00e1ndalo de la Covid-19 que Espa\u00f1a pretende ignorar (y II) - Converses a Catalunya","description":"El impacto econ\u00f3mico, educativo y social de la pandemia fue devastador. El informe del Congreso de EE.UU. revela da\u00f1os, obstrucciones.","robots":{"index":"index","follow":"follow","max-snippet":"max-snippet:-1","max-image-preview":"max-image-preview:large","max-video-preview":"max-video-preview:-1"},"canonical":"https:\/\/conversesacatalunya.cat\/es\/el-grave-escandalo-de-la-covid-19-que-espana-pretende-ignorar-y-ii\/","og_locale":"es_ES","og_type":"article","og_title":"El grave esc\u00e1ndalo de la Covid-19 que Espa\u00f1a pretende ignorar (y II) - Converses a Catalunya","og_description":"El impacto econ\u00f3mico, educativo y social de la pandemia fue devastador. El informe del Congreso de EE.UU. revela da\u00f1os, obstrucciones.","og_url":"https:\/\/conversesacatalunya.cat\/es\/el-grave-escandalo-de-la-covid-19-que-espana-pretende-ignorar-y-ii\/","og_site_name":"Converses a Catalunya","article_published_time":"2026-01-28T08:16:34+00:00","article_modified_time":"2026-01-28T08:42:27+00:00","og_image":[{"width":1280,"height":853,"url":"https:\/\/conversesacatalunya.cat\/wp-content\/uploads\/2026\/01\/coronavirus-5488139_1280.jpg","type":"image\/jpeg"}],"author":"Emili Clos","twitter_card":"summary_large_image","twitter_misc":{"Escrito por":"Emili Clos","Tiempo de lectura":"6 minutos"},"schema":{"@context":"https:\/\/schema.org","@graph":[{"@type":"Article","@id":"https:\/\/conversesacatalunya.cat\/es\/el-grave-escandalo-de-la-covid-19-que-espana-pretende-ignorar-y-ii\/#article","isPartOf":{"@id":"https:\/\/conversesacatalunya.cat\/es\/el-grave-escandalo-de-la-covid-19-que-espana-pretende-ignorar-y-ii\/"},"author":{"name":"Emili Clos","@id":"https:\/\/conversesacatalunya.cat\/#\/schema\/person\/46306de4129bccb959ed5e1720c4e3e7"},"headline":"El grave esc\u00e1ndalo de la Covid-19 que Espa\u00f1a pretende ignorar (y II)","datePublished":"2026-01-28T08:16:34+00:00","dateModified":"2026-01-28T08:42:27+00:00","mainEntityOfPage":{"@id":"https:\/\/conversesacatalunya.cat\/es\/el-grave-escandalo-de-la-covid-19-que-espana-pretende-ignorar-y-ii\/"},"wordCount":1151,"commentCount":0,"image":{"@id":"https:\/\/conversesacatalunya.cat\/es\/el-grave-escandalo-de-la-covid-19-que-espana-pretende-ignorar-y-ii\/#primaryimage"},"thumbnailUrl":"https:\/\/conversesacatalunya.cat\/wp-content\/uploads\/2026\/01\/coronavirus-5488139_1280.jpg","keywords":["Covid-19"],"articleSection":["Punts clau del dia (ES)"],"inLanguage":"es","potentialAction":[{"@type":"CommentAction","name":"Comment","target":["https:\/\/conversesacatalunya.cat\/es\/el-grave-escandalo-de-la-covid-19-que-espana-pretende-ignorar-y-ii\/#respond"]}]},{"@type":"WebPage","@id":"https:\/\/conversesacatalunya.cat\/es\/el-grave-escandalo-de-la-covid-19-que-espana-pretende-ignorar-y-ii\/","url":"https:\/\/conversesacatalunya.cat\/es\/el-grave-escandalo-de-la-covid-19-que-espana-pretende-ignorar-y-ii\/","name":"El grave esc\u00e1ndalo de la Covid-19 que Espa\u00f1a pretende ignorar (y II) - Converses a Catalunya","isPartOf":{"@id":"https:\/\/conversesacatalunya.cat\/#website"},"primaryImageOfPage":{"@id":"https:\/\/conversesacatalunya.cat\/es\/el-grave-escandalo-de-la-covid-19-que-espana-pretende-ignorar-y-ii\/#primaryimage"},"image":{"@id":"https:\/\/conversesacatalunya.cat\/es\/el-grave-escandalo-de-la-covid-19-que-espana-pretende-ignorar-y-ii\/#primaryimage"},"thumbnailUrl":"https:\/\/conversesacatalunya.cat\/wp-content\/uploads\/2026\/01\/coronavirus-5488139_1280.jpg","datePublished":"2026-01-28T08:16:34+00:00","dateModified":"2026-01-28T08:42:27+00:00","author":{"@id":"https:\/\/conversesacatalunya.cat\/#\/schema\/person\/46306de4129bccb959ed5e1720c4e3e7"},"description":"El impacto econ\u00f3mico, educativo y social de la pandemia fue devastador. El informe del Congreso de EE.UU. revela da\u00f1os, obstrucciones.","breadcrumb":{"@id":"https:\/\/conversesacatalunya.cat\/es\/el-grave-escandalo-de-la-covid-19-que-espana-pretende-ignorar-y-ii\/#breadcrumb"},"inLanguage":"es","potentialAction":[{"@type":"ReadAction","target":["https:\/\/conversesacatalunya.cat\/es\/el-grave-escandalo-de-la-covid-19-que-espana-pretende-ignorar-y-ii\/"]}]},{"@type":"ImageObject","inLanguage":"es","@id":"https:\/\/conversesacatalunya.cat\/es\/el-grave-escandalo-de-la-covid-19-que-espana-pretende-ignorar-y-ii\/#primaryimage","url":"https:\/\/conversesacatalunya.cat\/wp-content\/uploads\/2026\/01\/coronavirus-5488139_1280.jpg","contentUrl":"https:\/\/conversesacatalunya.cat\/wp-content\/uploads\/2026\/01\/coronavirus-5488139_1280.jpg","width":1280,"height":853,"caption":"Impacto econ\u00f3mico pandemia"},{"@type":"BreadcrumbList","@id":"https:\/\/conversesacatalunya.cat\/es\/el-grave-escandalo-de-la-covid-19-que-espana-pretende-ignorar-y-ii\/#breadcrumb","itemListElement":[{"@type":"ListItem","position":1,"name":"Inici","item":"https:\/\/conversesacatalunya.cat\/es\/"},{"@type":"ListItem","position":2,"name":"El grave esc\u00e1ndalo de la Covid-19 que Espa\u00f1a pretende ignorar (y II)"}]},{"@type":"WebSite","@id":"https:\/\/conversesacatalunya.cat\/#website","url":"https:\/\/conversesacatalunya.cat\/","name":"Converses a Catalunya","description":"","potentialAction":[{"@type":"SearchAction","target":{"@type":"EntryPoint","urlTemplate":"https:\/\/conversesacatalunya.cat\/?s={search_term_string}"},"query-input":{"@type":"PropertyValueSpecification","valueRequired":true,"valueName":"search_term_string"}}],"inLanguage":"es"},{"@type":"Person","@id":"https:\/\/conversesacatalunya.cat\/#\/schema\/person\/46306de4129bccb959ed5e1720c4e3e7","name":"Emili Clos","image":{"@type":"ImageObject","inLanguage":"es","@id":"https:\/\/conversesacatalunya.cat\/#\/schema\/person\/image\/","url":"https:\/\/conversesacatalunya.cat\/wp-content\/litespeed\/avatar\/a9a662bd802eed79498de818aef91cc9.jpg?ver=1777096184","contentUrl":"https:\/\/conversesacatalunya.cat\/wp-content\/litespeed\/avatar\/a9a662bd802eed79498de818aef91cc9.jpg?ver=1777096184","caption":"Emili Clos"},"url":"https:\/\/conversesacatalunya.cat\/es\/author\/emili_clos\/"}]}},"wps_subtitle":"Lo que da por sentado el informe destruye toda la pol\u00edtica y las explicaciones que nos fue dando durante y despu\u00e9s el Gobierno espa\u00f1ol. Como m\u00ednimo, el Congreso y el Senado deber\u00eda examinar sus conclusiones a la luz de las medidas y los tr\u00e1gicos resultados en Espa\u00f1a, en n\u00famero de muertos, secuelas graves y da\u00f1os econ\u00f3micos.","_links":{"self":[{"href":"https:\/\/conversesacatalunya.cat\/es\/wp-json\/wp\/v2\/posts\/95930","targetHints":{"allow":["GET"]}}],"collection":[{"href":"https:\/\/conversesacatalunya.cat\/es\/wp-json\/wp\/v2\/posts"}],"about":[{"href":"https:\/\/conversesacatalunya.cat\/es\/wp-json\/wp\/v2\/types\/post"}],"author":[{"embeddable":true,"href":"https:\/\/conversesacatalunya.cat\/es\/wp-json\/wp\/v2\/users\/81"}],"replies":[{"embeddable":true,"href":"https:\/\/conversesacatalunya.cat\/es\/wp-json\/wp\/v2\/comments?post=95930"}],"version-history":[{"count":7,"href":"https:\/\/conversesacatalunya.cat\/es\/wp-json\/wp\/v2\/posts\/95930\/revisions"}],"predecessor-version":[{"id":95947,"href":"https:\/\/conversesacatalunya.cat\/es\/wp-json\/wp\/v2\/posts\/95930\/revisions\/95947"}],"wp:featuredmedia":[{"embeddable":true,"href":"https:\/\/conversesacatalunya.cat\/es\/wp-json\/wp\/v2\/media\/95937"}],"wp:attachment":[{"href":"https:\/\/conversesacatalunya.cat\/es\/wp-json\/wp\/v2\/media?parent=95930"}],"wp:term":[{"taxonomy":"category","embeddable":true,"href":"https:\/\/conversesacatalunya.cat\/es\/wp-json\/wp\/v2\/categories?post=95930"},{"taxonomy":"post_tag","embeddable":true,"href":"https:\/\/conversesacatalunya.cat\/es\/wp-json\/wp\/v2\/tags?post=95930"}],"curies":[{"name":"wp","href":"https:\/\/api.w.org\/{rel}","templated":true}]}}