{"id":95921,"date":"2026-01-27T12:32:26","date_gmt":"2026-01-27T11:32:26","guid":{"rendered":"https:\/\/conversesacatalunya.cat\/?p=95921"},"modified":"2026-01-28T19:44:09","modified_gmt":"2026-01-28T18:44:09","slug":"adamuz-simbolo-del-derrumbe-espanol","status":"publish","type":"post","link":"https:\/\/conversesacatalunya.cat\/es\/adamuz-simbolo-del-derrumbe-espanol\/","title":{"rendered":"Los idus de enero: la cat\u00e1strofe de Adamuz, s\u00edmbolo del derrumbe espa\u00f1ol (II)"},"content":{"rendered":"<p><strong><span dir=\"auto\">Los idus de enero<\/span><\/strong><span dir=\"auto\"><span>\u00a0<\/span>\u00a0no son s\u00f3lo una fecha cargada de simbolismo cl\u00e1sico; se han convertido en el retrato exacto de un pa\u00eds que se hunde mientras insiste en proclamar que todo funciona.<\/span><\/p>\n<p><span dir=\"auto\"><span class=\"VIpgJd-yAWNEb-VIpgJd-fmcmS-sn54Q\" dir=\"auto\">El 18 de enero de 2026, en Adamuz, Espa\u00f1a vivi\u00f3 el peor accidente ferroviario desde el desastre de Santiago de Compostela de 2013. Un tren de alta velocidad de Iryo que cubr\u00eda la ruta M\u00e1laga\u2013Madrid descarril\u00f3 en plena l\u00ednea Madrid\u2013Sevilla invadi\u00f3 la v\u00eda contraria y colision\u00f3 con un Alvia de Renfe que se dirig\u00eda hacia Huelva. El resultado: 45 muertos y 292 heridos.<\/span><\/span><\/p>\n<h5><strong><span dir=\"auto\">No fue solo un accidente. Fue una revelaci\u00f3n.<\/span><\/strong><\/h5>\n<p><span dir=\"auto\">Los vagones cayeron por un talud de cuatro metros, en un tramo aislado entre t\u00faneles, lo que dificult\u00f3 las labores de rescate. Pero lo m\u00e1s grave no fue la orograf\u00eda, sino la<span>\u00a0<\/span><\/span><strong><span dir=\"auto\">respuesta institucional.<\/span><\/strong><span dir=\"auto\">\u00a0La sala de control de Renfe en Atocha, un icono tecnol\u00f3gico lleno de pantallas y protocolos,<span>\u00a0<\/span><\/span><strong><span dir=\"auto\">no detect\u00f3 la colisi\u00f3n entre ambos trenes.<\/span><\/strong><span dir=\"auto\">\u00a0Los primeros equipos de emergencia llegaron cuarenta minutos tarde y, durante un rato cr\u00edtico, ni siquiera sab\u00edan que hab\u00eda un segundo convoy implicado.<\/span><\/p>\n<p><span dir=\"auto\"><span class=\"VIpgJd-yAWNEb-VIpgJd-fmcmS-sn54Q\" dir=\"auto\">El ministro de Transportes reaccion\u00f3 con una afirmaci\u00f3n tan tranquilizadora como inquietante:<span>\u00a0<\/span><\/span><\/span><strong><span dir=\"auto\"><span class=\"VIpgJd-yAWNEb-VIpgJd-fmcmS-sn54Q\" dir=\"auto\">el tramo hab\u00eda sido renovado en el 2025<\/span><\/span><\/strong><span dir=\"auto\"><span class=\"VIpgJd-yAWNEb-VIpgJd-fmcmS-sn54Q\" dir=\"auto\"><span>\u00a0<\/span>y estaba \u00aben perfecto estado\u00bb. Sin embargo, las primeras investigaciones apuntaron a la<span>\u00a0<\/span><\/span><\/span><strong><span dir=\"auto\"><span class=\"VIpgJd-yAWNEb-VIpgJd-fmcmS-sn54Q\" dir=\"auto\">ruptura de un carril,<\/span><\/span><\/strong><span dir=\"auto\"><span class=\"VIpgJd-yAWNEb-VIpgJd-fmcmS-sn54Q\" dir=\"auto\"> a fallos en los sistemas de detecci\u00f3n y a una renovaci\u00f3n<span>\u00a0<\/span><\/span><\/span><strong><span dir=\"auto\"><span class=\"VIpgJd-yAWNEb-VIpgJd-fmcmS-sn54Q\" dir=\"auto\">solo parcial<\/span><\/span><\/strong><span dir=\"auto\"><span class=\"VIpgJd-yAWNEb-VIpgJd-fmcmS-sn54Q\" dir=\"auto\"><span>\u00a0<\/span>de la infraestructura. Es el primer accidente grave entre dos trenes en la red de alta velocidad espa\u00f1ola y pone en cuesti\u00f3n un sistema que hasta ahora se presentaba como mod\u00e9lico.<\/span><\/span><\/p>\n<p><span dir=\"auto\">Si las infraestructuras fallan en el momento de<span>\u00a0<\/span><\/span><strong><span dir=\"auto\">m\u00e1xima inversi\u00f3n p\u00fablica,<\/span><\/strong><span dir=\"auto\"> con presupuestos r\u00e9cord y con los fondos europeos Next Generation sobre la mesa, \u00bfqu\u00e9 se puede esperar del resto de servicios? Si el colapso llega donde se ha concentrado el esfuerzo inversor, nadie deber\u00eda extra\u00f1arse del desastre cr\u00f3nico de la red secundaria, especialmente<span>\u00a0<\/span><\/span><strong><span dir=\"auto\">Cercan\u00edas en Catalunya,<\/span><\/strong><span dir=\"auto\">\u00a0abandonada pese a transportar cada d\u00eda a millones de personas.<\/span><\/p>\n<h5><strong><span dir=\"auto\">Adamuz es un s\u00edmbolo. Al igual que lo es el colapso ferroviario catal\u00e1n. No hablemos de errores puntuales, sino de una fatiga estructural de pa\u00eds.<\/span><\/strong><\/h5>\n<p><span dir=\"auto\">La tragedia tambi\u00e9n ha dejado al descubierto la inutilidad de protocolos que solo sirven para justificarse a posteriori. Si una v\u00eda \u00abrevisada exhaustivamente\u00bb se rompe y nadie lo detecta hasta que los vagones se estrellan contra una pared de roca, la seguridad es una ficci\u00f3n. Insistir en que \u201ctodo se hizo bien\u201d no aporta serenidad:<span>\u00a0<\/span><\/span><strong><span dir=\"auto\">siembra miedo.<\/span><\/strong><\/p>\n<p><span dir=\"auto\"><span class=\"VIpgJd-yAWNEb-VIpgJd-fmcmS-sn54Q\" dir=\"auto\">El hilo conductor de esta crisis es humano y pol\u00edtico. Espa\u00f1a sufre una saturaci\u00f3n de cargos ocupados por personas sin preparaci\u00f3n, seleccionadas por su lealtad y no por su competencia.<span>\u00a0<\/span><\/span><\/span><strong><span dir=\"auto\"><span class=\"VIpgJd-yAWNEb-VIpgJd-fmcmS-sn54Q\" dir=\"auto\">El gobierno de Pedro S\u00e1nchez, beneficiario de los mayores ingresos fiscales de la historia \u2014inflaci\u00f3n, presi\u00f3n fiscal y fondos europeos\u2014,<\/span><\/span><\/strong><span dir=\"auto\"><span class=\"VIpgJd-yAWNEb-VIpgJd-fmcmS-sn54Q\" dir=\"auto\">\u00a0ha sido incapaz de aprobar presupuestos durante tres a\u00f1os. Esta par\u00e1lisis ha tenido consecuencias directas en el mantenimiento y conservaci\u00f3n de las infraestructuras.<\/span><\/span><\/p>\n<p><span dir=\"auto\">La planificaci\u00f3n a medio y largo plazo ha sido sustituida por el<span>\u00a0<\/span><\/span><strong><span dir=\"auto\">cortoplacismo electoral,<\/span><\/strong><span dir=\"auto\">\u00a0la propaganda y el maquillaje estad\u00edstico. La meritocracia ha desaparecido; la filiaci\u00f3n partidista ocupa su puesto.<\/span><\/p>\n<h5><strong><span dir=\"auto\">En Catalu\u00f1a, la situaci\u00f3n no es distinta.<\/span><\/strong><\/h5>\n<p><span dir=\"auto\">El Gobierno de Illa, con Esquerra Republicana como socio, ha renunciado a gobernar con ambici\u00f3n propia. El traspaso de Cercan\u00edas sigue siendo un espejismo, las infraestructuras viarias no mejoran, el acceso al aeropuerto sigue bloqueado y la seguridad ciudadana empeora. Uno de cada cuatro habitantes del \u00e1rea metropolitana de Barcelona ha sufrido alg\u00fan delito; la educaci\u00f3n entra en crisis sist\u00e9mica y la sanidad p\u00fablica se desangra, hasta el punto de que<span>\u00a0<\/span><\/span><strong><span dir=\"auto\">cada vez m\u00e1s ciudadanos optan por seguros privados.<\/span><\/strong><\/p>\n<p><span dir=\"auto\"><span class=\"VIpgJd-yAWNEb-VIpgJd-fmcmS-sn54Q\" dir=\"auto\">Residencias de personas mayores en condiciones indignas, una dependencia cronificada y una administraci\u00f3n incapaz de responder completan el cuadro. Ante esto, los responsables prefieren el relato, el control medi\u00e1tico y la propaganda constante antes que la autocr\u00edtica y la reforma.<\/span><\/span><\/p>\n<p><span dir=\"auto\">El colapso de Cercan\u00edas y los defectos graves que afloran a la alta velocidad no son anomal\u00edas: son el resultado de una<span>\u00a0<\/span><\/span><strong><span dir=\"auto\">toma de decisiones deficiente,<\/span><\/strong><span dir=\"auto\">\u00a0de una fallida coordinaci\u00f3n y de una incompetencia que empieza en la c\u00faspide. Como la corrupci\u00f3n, estos males nacen arriba, por acci\u00f3n o por omisi\u00f3n, por inter\u00e9s o por incapacidad de supervisar.<\/span><\/p>\n<p><span dir=\"auto\">Nada se ha resuelto. Porque los responsables siguen en la cima. Esta es la realidad.<\/span><br \/>\n<span dir=\"auto\">Esta es la clave de la crisis.<\/span><\/p>\n<p><a href=\"https:\/\/conversesacatalunya.cat\/es\/cronica-de-un-hundimiento-y-caos-catalan\/\" target=\"_blank\" rel=\"noopener\"><strong><span dir=\"auto\">Los idus de enero: cr\u00f3nica de un hundimiento y el caos catal\u00e1n<\/span><\/strong><\/a><\/p>\n<span class='bctt-click-to-tweet'><span class='bctt-ctt-text'><a href='https:\/\/twitter.com\/intent\/tweet?url=https%3A%2F%2Fconversesacatalunya.cat%2Fes%2Fadamuz-simbolo-del-derrumbe-espanol%2F&#038;text=Protocolos%20que%20no%20detectan%20colisiones%2C%20controles%20ciegos%20y%20pol%C3%ADticos%20satisfechos%3A%20%C3%A9sta%20es%20la%20crisis.%20%23Adamuz&#038;via=conversesacat&#038;related=conversesacat' target='_blank'rel=\"noopener noreferrer\">Protocolos que no detectan colisiones, controles ciegos y pol\u00edticos satisfechos: \u00e9sta es la crisis. #Adamuz <\/a><\/span><a href='https:\/\/twitter.com\/intent\/tweet?url=https%3A%2F%2Fconversesacatalunya.cat%2Fes%2Fadamuz-simbolo-del-derrumbe-espanol%2F&#038;text=Protocolos%20que%20no%20detectan%20colisiones%2C%20controles%20ciegos%20y%20pol%C3%ADticos%20satisfechos%3A%20%C3%A9sta%20es%20la%20crisis.%20%23Adamuz&#038;via=conversesacat&#038;related=conversesacat' target='_blank' class='bctt-ctt-btn'rel=\"noopener noreferrer\">Compartir en X<\/a><\/span>\n<div id=\"polls-314\" class=\"wp-polls\">\n\t<form id=\"polls_form_314\" class=\"wp-polls-form\" action=\"\/index.php\" method=\"post\">\n\t\t<p style=\"display: none;\"><input type=\"hidden\" id=\"poll_314_nonce\" name=\"wp-polls-nonce\" value=\"9abfb7d82a\" \/><\/p>\n\t\t<p style=\"display: none;\"><input type=\"hidden\" name=\"poll_id\" value=\"314\" \/><\/p>\n\t\t<p style=\"text-align: center\"><strong>Creus que el Govern d'Illa t\u00e9 alguna responsabilitat en el caos de Rodalies?<\/strong><\/p><div id=\"polls-314-ans\" class=\"wp-polls-ans\"><ul class=\"wp-polls-ul\">\n\t\t<li><input type=\"radio\" id=\"poll-answer-899\" name=\"poll_314\" value=\"899\" \/> <label for=\"poll-answer-899\">S\u00ed<\/label><\/li>\n\t\t<li><input type=\"radio\" id=\"poll-answer-900\" name=\"poll_314\" value=\"900\" \/> <label for=\"poll-answer-900\">No<\/label><\/li>\n\t\t<li><input type=\"radio\" id=\"poll-answer-901\" name=\"poll_314\" value=\"901\" \/> <label for=\"poll-answer-901\">No ho s\u00e9<\/label><\/li>\n\t\t<\/ul><p style=\"text-align: center\"><input type=\"button\" name=\"vote\" value=\"   Vota   \" class=\"Buttons\" onclick=\"poll_vote(314);\" \/><\/p><p style=\"text-align: center\"><a href=\"#ViewPollResults\" onclick=\"poll_result(314); return false;\" title=\"View Results Of This Poll\">Mira els resultats<\/a><\/p><\/div>\n\t<\/form>\n<\/div>\n<div id=\"polls-314-loading\" class=\"wp-polls-loading\"><img decoding=\"async\" data-src=\"https:\/\/conversesacatalunya.cat\/wp-content\/plugins\/wp-polls\/images\/loading.gif\" width=\"16\" height=\"16\" alt=\"Cargando ...\" title=\"Cargando ...\" class=\"wp-polls-image lazyload\" src=\"data:image\/svg+xml;base64,PHN2ZyB3aWR0aD0iMSIgaGVpZ2h0PSIxIiB4bWxucz0iaHR0cDovL3d3dy53My5vcmcvMjAwMC9zdmciPjwvc3ZnPg==\" style=\"--smush-placeholder-width: 16px; --smush-placeholder-aspect-ratio: 16\/16;\" \/>&nbsp;Cargando ...<\/div>\n\n","protected":false},"excerpt":{"rendered":"<p>Los idus de enero\u00a0\u00a0no son s\u00f3lo una fecha cargada de simbolismo cl\u00e1sico; se han convertido en el retrato exacto de un pa\u00eds que se hunde mientras insiste en proclamar que todo funciona. El 18 de enero de 2026, en Adamuz, Espa\u00f1a vivi\u00f3 el peor accidente ferroviario desde el desastre de Santiago de Compostela de 2013. Un tren de alta velocidad de Iryo que cubr\u00eda la ruta M\u00e1laga\u2013Madrid descarril\u00f3 en plena l\u00ednea Madrid\u2013Sevilla invadi\u00f3 la v\u00eda contraria y colision\u00f3 con un Alvia de Renfe que se dirig\u00eda hacia Huelva. El resultado: 45 muertos y 292 heridos. No fue solo un accidente. Fue una revelaci\u00f3n. Los vagones cayeron por un talud de cuatro metros, en un tramo aislado entre t\u00faneles, lo que dificult\u00f3 las labores de rescate. Pero lo m\u00e1s grave no fue la orograf\u00eda, sino la\u00a0respuesta institucional.\u00a0La sala de control de Renfe en Atocha, un icono tecnol\u00f3gico lleno de pantallas y protocolos,\u00a0no detect\u00f3 la colisi\u00f3n entre ambos trenes.\u00a0Los primeros equipos de emergencia llegaron cuarenta minutos tarde y, durante un rato cr\u00edtico, ni siquiera sab\u00edan que hab\u00eda un segundo convoy implicado. El ministro de Transportes reaccion\u00f3 con una afirmaci\u00f3n tan tranquilizadora como inquietante:\u00a0el tramo hab\u00eda sido renovado en el 2025\u00a0y estaba \u00aben perfecto estado\u00bb. Sin embargo, las primeras investigaciones apuntaron a la\u00a0ruptura de un carril, a fallos en los sistemas de detecci\u00f3n y a una renovaci\u00f3n\u00a0solo parcial\u00a0de la infraestructura. Es el primer accidente grave entre dos trenes en la red de alta velocidad espa\u00f1ola y pone en cuesti\u00f3n un sistema que hasta ahora se presentaba como mod\u00e9lico. Si las infraestructuras fallan en el momento de\u00a0m\u00e1xima inversi\u00f3n p\u00fablica, con presupuestos r\u00e9cord y con los fondos europeos Next Generation sobre la mesa, \u00bfqu\u00e9 se puede esperar del resto de servicios? Si el colapso llega donde se ha concentrado el esfuerzo inversor, nadie deber\u00eda extra\u00f1arse del desastre cr\u00f3nico de la red secundaria, especialmente\u00a0Cercan\u00edas en Catalunya,\u00a0abandonada pese a transportar cada d\u00eda a millones de personas. Adamuz es un s\u00edmbolo. Al igual que lo es el colapso ferroviario catal\u00e1n. No hablemos de errores puntuales, sino de una fatiga estructural de pa\u00eds. La tragedia tambi\u00e9n ha dejado al descubierto la inutilidad de protocolos que solo sirven para justificarse a posteriori. Si una v\u00eda \u00abrevisada exhaustivamente\u00bb se rompe y nadie lo detecta hasta que los vagones se estrellan contra una pared de roca, la seguridad es una ficci\u00f3n. Insistir en que \u201ctodo se hizo bien\u201d no aporta serenidad:\u00a0siembra miedo. El hilo conductor de esta crisis es humano y pol\u00edtico. Espa\u00f1a sufre una saturaci\u00f3n de cargos ocupados por personas sin preparaci\u00f3n, seleccionadas por su lealtad y no por su competencia.\u00a0El gobierno de Pedro S\u00e1nchez, beneficiario de los mayores ingresos fiscales de la historia \u2014inflaci\u00f3n, presi\u00f3n fiscal y fondos europeos\u2014,\u00a0ha sido incapaz de aprobar presupuestos durante tres a\u00f1os. Esta par\u00e1lisis ha tenido consecuencias directas en el mantenimiento y conservaci\u00f3n de las infraestructuras. La planificaci\u00f3n a medio y largo plazo ha sido sustituida por el\u00a0cortoplacismo electoral,\u00a0la propaganda y el maquillaje estad\u00edstico. La meritocracia ha desaparecido; la filiaci\u00f3n partidista ocupa su puesto. En Catalu\u00f1a, la situaci\u00f3n no es distinta. El Gobierno de Illa, con Esquerra Republicana como socio, ha renunciado a gobernar con ambici\u00f3n propia. El traspaso de Cercan\u00edas sigue siendo un espejismo, las infraestructuras viarias no mejoran, el acceso al aeropuerto sigue bloqueado y la seguridad ciudadana empeora. Uno de cada cuatro habitantes del \u00e1rea metropolitana de Barcelona ha sufrido alg\u00fan delito; la educaci\u00f3n entra en crisis sist\u00e9mica y la sanidad p\u00fablica se desangra, hasta el punto de que\u00a0cada vez m\u00e1s ciudadanos optan por seguros privados. Residencias de personas mayores en condiciones indignas, una dependencia cronificada y una administraci\u00f3n incapaz de responder completan el cuadro. Ante esto, los responsables prefieren el relato, el control medi\u00e1tico y la propaganda constante antes que la autocr\u00edtica y la reforma. El colapso de Cercan\u00edas y los defectos graves que afloran a la alta velocidad no son anomal\u00edas: son el resultado de una\u00a0toma de decisiones deficiente,\u00a0de una fallida coordinaci\u00f3n y de una incompetencia que empieza en la c\u00faspide. Como la corrupci\u00f3n, estos males nacen arriba, por acci\u00f3n o por omisi\u00f3n, por inter\u00e9s o por incapacidad de supervisar. Nada se ha resuelto. Porque los responsables siguen en la cima. Esta es la realidad. Esta es la clave de la crisis. Los idus de enero: cr\u00f3nica de un hundimiento y el caos catal\u00e1n<\/p>\n","protected":false},"author":19,"featured_media":95919,"comment_status":"open","ping_status":"open","sticky":false,"template":"","format":"standard","meta":{"_FSMCFIC_featured_image_caption":"","_FSMCFIC_featured_image_nocaption":"","_FSMCFIC_featured_image_hide":"","footnotes":""},"categories":[806],"tags":[3024,3028],"class_list":["post-95921","post","type-post","status-publish","format-standard","has-post-thumbnail","hentry","category-punts-claus-del-dia-es","tag-ferroviari-es","tag-ferroviario"],"yoast_head":"<!-- This site is optimized with the Yoast SEO plugin v26.8 - https:\/\/yoast.com\/product\/yoast-seo-wordpress\/ -->\n<title>Los idus de enero: la cat\u00e1strofe de Adamuz, s\u00edmbolo del derrumbe espa\u00f1ol (II) - Converses a Catalunya<\/title>\n<meta name=\"description\" content=\"El accidente ferroviario de Adamuz y el caos de Cercan\u00edas revelan una crisis estructural de las infraestructuras espa\u00f1olas.\" \/>\n<meta name=\"robots\" content=\"index, follow, max-snippet:-1, max-image-preview:large, max-video-preview:-1\" \/>\n<link rel=\"canonical\" href=\"https:\/\/conversesacatalunya.cat\/es\/adamuz-simbolo-del-derrumbe-espanol\/\" \/>\n<meta property=\"og:locale\" content=\"es_ES\" \/>\n<meta property=\"og:type\" content=\"article\" \/>\n<meta property=\"og:title\" content=\"Los idus de enero: la cat\u00e1strofe de Adamuz, s\u00edmbolo del derrumbe espa\u00f1ol (II) - Converses a Catalunya\" \/>\n<meta property=\"og:description\" content=\"El accidente ferroviario de Adamuz y el caos de Cercan\u00edas revelan una crisis estructural de las infraestructuras espa\u00f1olas.\" \/>\n<meta property=\"og:url\" content=\"https:\/\/conversesacatalunya.cat\/es\/adamuz-simbolo-del-derrumbe-espanol\/\" \/>\n<meta property=\"og:site_name\" content=\"Converses a Catalunya\" \/>\n<meta property=\"article:published_time\" content=\"2026-01-27T11:32:26+00:00\" \/>\n<meta property=\"article:modified_time\" content=\"2026-01-28T18:44:09+00:00\" \/>\n<meta property=\"og:image\" content=\"https:\/\/conversesacatalunya.cat\/wp-content\/uploads\/2026\/01\/Imagen1-13.jpg\" \/>\n\t<meta property=\"og:image:width\" content=\"556\" \/>\n\t<meta property=\"og:image:height\" content=\"313\" \/>\n\t<meta property=\"og:image:type\" content=\"image\/jpeg\" \/>\n<meta name=\"author\" content=\"Josep Mir\u00f3 i Ard\u00e8vol\" \/>\n<meta name=\"twitter:card\" content=\"summary_large_image\" \/>\n<meta name=\"twitter:label1\" content=\"Escrito por\" \/>\n\t<meta name=\"twitter:data1\" content=\"Josep Mir\u00f3 i Ard\u00e8vol\" \/>\n\t<meta name=\"twitter:label2\" content=\"Tiempo de lectura\" \/>\n\t<meta name=\"twitter:data2\" content=\"4 minutos\" \/>\n<script type=\"application\/ld+json\" class=\"yoast-schema-graph\">{\"@context\":\"https:\/\/schema.org\",\"@graph\":[{\"@type\":\"Article\",\"@id\":\"https:\/\/conversesacatalunya.cat\/es\/adamuz-simbolo-del-derrumbe-espanol\/#article\",\"isPartOf\":{\"@id\":\"https:\/\/conversesacatalunya.cat\/es\/adamuz-simbolo-del-derrumbe-espanol\/\"},\"author\":{\"name\":\"Josep Mir\u00f3 i Ard\u00e8vol\",\"@id\":\"https:\/\/conversesacatalunya.cat\/#\/schema\/person\/a9598a6786ba7d3d1c5e0de477b79370\"},\"headline\":\"Los idus de enero: la cat\u00e1strofe de Adamuz, s\u00edmbolo del derrumbe espa\u00f1ol (II)\",\"datePublished\":\"2026-01-27T11:32:26+00:00\",\"dateModified\":\"2026-01-28T18:44:09+00:00\",\"mainEntityOfPage\":{\"@id\":\"https:\/\/conversesacatalunya.cat\/es\/adamuz-simbolo-del-derrumbe-espanol\/\"},\"wordCount\":844,\"commentCount\":0,\"image\":{\"@id\":\"https:\/\/conversesacatalunya.cat\/es\/adamuz-simbolo-del-derrumbe-espanol\/#primaryimage\"},\"thumbnailUrl\":\"https:\/\/conversesacatalunya.cat\/wp-content\/uploads\/2026\/01\/Imagen1-13.jpg\",\"keywords\":[\"ferroviari\",\"ferroviario\"],\"articleSection\":[\"Punts clau del dia (ES)\"],\"inLanguage\":\"es\",\"potentialAction\":[{\"@type\":\"CommentAction\",\"name\":\"Comment\",\"target\":[\"https:\/\/conversesacatalunya.cat\/es\/adamuz-simbolo-del-derrumbe-espanol\/#respond\"]}]},{\"@type\":\"WebPage\",\"@id\":\"https:\/\/conversesacatalunya.cat\/es\/adamuz-simbolo-del-derrumbe-espanol\/\",\"url\":\"https:\/\/conversesacatalunya.cat\/es\/adamuz-simbolo-del-derrumbe-espanol\/\",\"name\":\"Los idus de enero: la cat\u00e1strofe de Adamuz, s\u00edmbolo del derrumbe espa\u00f1ol (II) - Converses a Catalunya\",\"isPartOf\":{\"@id\":\"https:\/\/conversesacatalunya.cat\/#website\"},\"primaryImageOfPage\":{\"@id\":\"https:\/\/conversesacatalunya.cat\/es\/adamuz-simbolo-del-derrumbe-espanol\/#primaryimage\"},\"image\":{\"@id\":\"https:\/\/conversesacatalunya.cat\/es\/adamuz-simbolo-del-derrumbe-espanol\/#primaryimage\"},\"thumbnailUrl\":\"https:\/\/conversesacatalunya.cat\/wp-content\/uploads\/2026\/01\/Imagen1-13.jpg\",\"datePublished\":\"2026-01-27T11:32:26+00:00\",\"dateModified\":\"2026-01-28T18:44:09+00:00\",\"author\":{\"@id\":\"https:\/\/conversesacatalunya.cat\/#\/schema\/person\/a9598a6786ba7d3d1c5e0de477b79370\"},\"description\":\"El accidente ferroviario de Adamuz y el caos de Cercan\u00edas revelan una crisis estructural de las infraestructuras espa\u00f1olas.\",\"breadcrumb\":{\"@id\":\"https:\/\/conversesacatalunya.cat\/es\/adamuz-simbolo-del-derrumbe-espanol\/#breadcrumb\"},\"inLanguage\":\"es\",\"potentialAction\":[{\"@type\":\"ReadAction\",\"target\":[\"https:\/\/conversesacatalunya.cat\/es\/adamuz-simbolo-del-derrumbe-espanol\/\"]}]},{\"@type\":\"ImageObject\",\"inLanguage\":\"es\",\"@id\":\"https:\/\/conversesacatalunya.cat\/es\/adamuz-simbolo-del-derrumbe-espanol\/#primaryimage\",\"url\":\"https:\/\/conversesacatalunya.cat\/wp-content\/uploads\/2026\/01\/Imagen1-13.jpg\",\"contentUrl\":\"https:\/\/conversesacatalunya.cat\/wp-content\/uploads\/2026\/01\/Imagen1-13.jpg\",\"width\":556,\"height\":313,\"caption\":\"Accidente ferroviario Adamuz\"},{\"@type\":\"BreadcrumbList\",\"@id\":\"https:\/\/conversesacatalunya.cat\/es\/adamuz-simbolo-del-derrumbe-espanol\/#breadcrumb\",\"itemListElement\":[{\"@type\":\"ListItem\",\"position\":1,\"name\":\"Inici\",\"item\":\"https:\/\/conversesacatalunya.cat\/es\/\"},{\"@type\":\"ListItem\",\"position\":2,\"name\":\"Los idus de enero: la cat\u00e1strofe de Adamuz, s\u00edmbolo del derrumbe espa\u00f1ol (II)\"}]},{\"@type\":\"WebSite\",\"@id\":\"https:\/\/conversesacatalunya.cat\/#website\",\"url\":\"https:\/\/conversesacatalunya.cat\/\",\"name\":\"Converses a Catalunya\",\"description\":\"\",\"potentialAction\":[{\"@type\":\"SearchAction\",\"target\":{\"@type\":\"EntryPoint\",\"urlTemplate\":\"https:\/\/conversesacatalunya.cat\/?s={search_term_string}\"},\"query-input\":{\"@type\":\"PropertyValueSpecification\",\"valueRequired\":true,\"valueName\":\"search_term_string\"}}],\"inLanguage\":\"es\"},{\"@type\":\"Person\",\"@id\":\"https:\/\/conversesacatalunya.cat\/#\/schema\/person\/a9598a6786ba7d3d1c5e0de477b79370\",\"name\":\"Josep Mir\u00f3 i Ard\u00e8vol\",\"image\":{\"@type\":\"ImageObject\",\"inLanguage\":\"es\",\"@id\":\"https:\/\/conversesacatalunya.cat\/#\/schema\/person\/image\/\",\"url\":\"https:\/\/conversesacatalunya.cat\/wp-content\/litespeed\/avatar\/c37e3dc881857483d6694cdf98fdedea.jpg?ver=1777270381\",\"contentUrl\":\"https:\/\/conversesacatalunya.cat\/wp-content\/litespeed\/avatar\/c37e3dc881857483d6694cdf98fdedea.jpg?ver=1777270381\",\"caption\":\"Josep Mir\u00f3 i Ard\u00e8vol\"},\"url\":\"https:\/\/conversesacatalunya.cat\/es\/author\/josep-miro-i-ardevol\/\"}]}<\/script>\n<!-- \/ Yoast SEO plugin. -->","yoast_head_json":{"title":"Los idus de enero: la cat\u00e1strofe de Adamuz, s\u00edmbolo del derrumbe espa\u00f1ol (II) - Converses a Catalunya","description":"El accidente ferroviario de Adamuz y el caos de Cercan\u00edas revelan una crisis estructural de las infraestructuras espa\u00f1olas.","robots":{"index":"index","follow":"follow","max-snippet":"max-snippet:-1","max-image-preview":"max-image-preview:large","max-video-preview":"max-video-preview:-1"},"canonical":"https:\/\/conversesacatalunya.cat\/es\/adamuz-simbolo-del-derrumbe-espanol\/","og_locale":"es_ES","og_type":"article","og_title":"Los idus de enero: la cat\u00e1strofe de Adamuz, s\u00edmbolo del derrumbe espa\u00f1ol (II) - Converses a Catalunya","og_description":"El accidente ferroviario de Adamuz y el caos de Cercan\u00edas revelan una crisis estructural de las infraestructuras espa\u00f1olas.","og_url":"https:\/\/conversesacatalunya.cat\/es\/adamuz-simbolo-del-derrumbe-espanol\/","og_site_name":"Converses a Catalunya","article_published_time":"2026-01-27T11:32:26+00:00","article_modified_time":"2026-01-28T18:44:09+00:00","og_image":[{"width":556,"height":313,"url":"https:\/\/conversesacatalunya.cat\/wp-content\/uploads\/2026\/01\/Imagen1-13.jpg","type":"image\/jpeg"}],"author":"Josep Mir\u00f3 i Ard\u00e8vol","twitter_card":"summary_large_image","twitter_misc":{"Escrito por":"Josep Mir\u00f3 i Ard\u00e8vol","Tiempo de lectura":"4 minutos"},"schema":{"@context":"https:\/\/schema.org","@graph":[{"@type":"Article","@id":"https:\/\/conversesacatalunya.cat\/es\/adamuz-simbolo-del-derrumbe-espanol\/#article","isPartOf":{"@id":"https:\/\/conversesacatalunya.cat\/es\/adamuz-simbolo-del-derrumbe-espanol\/"},"author":{"name":"Josep Mir\u00f3 i Ard\u00e8vol","@id":"https:\/\/conversesacatalunya.cat\/#\/schema\/person\/a9598a6786ba7d3d1c5e0de477b79370"},"headline":"Los idus de enero: la cat\u00e1strofe de Adamuz, s\u00edmbolo del derrumbe espa\u00f1ol (II)","datePublished":"2026-01-27T11:32:26+00:00","dateModified":"2026-01-28T18:44:09+00:00","mainEntityOfPage":{"@id":"https:\/\/conversesacatalunya.cat\/es\/adamuz-simbolo-del-derrumbe-espanol\/"},"wordCount":844,"commentCount":0,"image":{"@id":"https:\/\/conversesacatalunya.cat\/es\/adamuz-simbolo-del-derrumbe-espanol\/#primaryimage"},"thumbnailUrl":"https:\/\/conversesacatalunya.cat\/wp-content\/uploads\/2026\/01\/Imagen1-13.jpg","keywords":["ferroviari","ferroviario"],"articleSection":["Punts clau del dia (ES)"],"inLanguage":"es","potentialAction":[{"@type":"CommentAction","name":"Comment","target":["https:\/\/conversesacatalunya.cat\/es\/adamuz-simbolo-del-derrumbe-espanol\/#respond"]}]},{"@type":"WebPage","@id":"https:\/\/conversesacatalunya.cat\/es\/adamuz-simbolo-del-derrumbe-espanol\/","url":"https:\/\/conversesacatalunya.cat\/es\/adamuz-simbolo-del-derrumbe-espanol\/","name":"Los idus de enero: la cat\u00e1strofe de Adamuz, s\u00edmbolo del derrumbe espa\u00f1ol (II) - Converses a Catalunya","isPartOf":{"@id":"https:\/\/conversesacatalunya.cat\/#website"},"primaryImageOfPage":{"@id":"https:\/\/conversesacatalunya.cat\/es\/adamuz-simbolo-del-derrumbe-espanol\/#primaryimage"},"image":{"@id":"https:\/\/conversesacatalunya.cat\/es\/adamuz-simbolo-del-derrumbe-espanol\/#primaryimage"},"thumbnailUrl":"https:\/\/conversesacatalunya.cat\/wp-content\/uploads\/2026\/01\/Imagen1-13.jpg","datePublished":"2026-01-27T11:32:26+00:00","dateModified":"2026-01-28T18:44:09+00:00","author":{"@id":"https:\/\/conversesacatalunya.cat\/#\/schema\/person\/a9598a6786ba7d3d1c5e0de477b79370"},"description":"El accidente ferroviario de Adamuz y el caos de Cercan\u00edas revelan una crisis estructural de las infraestructuras espa\u00f1olas.","breadcrumb":{"@id":"https:\/\/conversesacatalunya.cat\/es\/adamuz-simbolo-del-derrumbe-espanol\/#breadcrumb"},"inLanguage":"es","potentialAction":[{"@type":"ReadAction","target":["https:\/\/conversesacatalunya.cat\/es\/adamuz-simbolo-del-derrumbe-espanol\/"]}]},{"@type":"ImageObject","inLanguage":"es","@id":"https:\/\/conversesacatalunya.cat\/es\/adamuz-simbolo-del-derrumbe-espanol\/#primaryimage","url":"https:\/\/conversesacatalunya.cat\/wp-content\/uploads\/2026\/01\/Imagen1-13.jpg","contentUrl":"https:\/\/conversesacatalunya.cat\/wp-content\/uploads\/2026\/01\/Imagen1-13.jpg","width":556,"height":313,"caption":"Accidente ferroviario Adamuz"},{"@type":"BreadcrumbList","@id":"https:\/\/conversesacatalunya.cat\/es\/adamuz-simbolo-del-derrumbe-espanol\/#breadcrumb","itemListElement":[{"@type":"ListItem","position":1,"name":"Inici","item":"https:\/\/conversesacatalunya.cat\/es\/"},{"@type":"ListItem","position":2,"name":"Los idus de enero: la cat\u00e1strofe de Adamuz, s\u00edmbolo del derrumbe espa\u00f1ol (II)"}]},{"@type":"WebSite","@id":"https:\/\/conversesacatalunya.cat\/#website","url":"https:\/\/conversesacatalunya.cat\/","name":"Converses a Catalunya","description":"","potentialAction":[{"@type":"SearchAction","target":{"@type":"EntryPoint","urlTemplate":"https:\/\/conversesacatalunya.cat\/?s={search_term_string}"},"query-input":{"@type":"PropertyValueSpecification","valueRequired":true,"valueName":"search_term_string"}}],"inLanguage":"es"},{"@type":"Person","@id":"https:\/\/conversesacatalunya.cat\/#\/schema\/person\/a9598a6786ba7d3d1c5e0de477b79370","name":"Josep Mir\u00f3 i Ard\u00e8vol","image":{"@type":"ImageObject","inLanguage":"es","@id":"https:\/\/conversesacatalunya.cat\/#\/schema\/person\/image\/","url":"https:\/\/conversesacatalunya.cat\/wp-content\/litespeed\/avatar\/c37e3dc881857483d6694cdf98fdedea.jpg?ver=1777270381","contentUrl":"https:\/\/conversesacatalunya.cat\/wp-content\/litespeed\/avatar\/c37e3dc881857483d6694cdf98fdedea.jpg?ver=1777270381","caption":"Josep Mir\u00f3 i Ard\u00e8vol"},"url":"https:\/\/conversesacatalunya.cat\/es\/author\/josep-miro-i-ardevol\/"}]}},"wps_subtitle":"Adamuz, Cercan\u00edas y la alta velocidad como met\u00e1fora de un Estado que falla en la planificaci\u00f3n, gesti\u00f3n y responsabilidad pol\u00edtica.","_links":{"self":[{"href":"https:\/\/conversesacatalunya.cat\/es\/wp-json\/wp\/v2\/posts\/95921","targetHints":{"allow":["GET"]}}],"collection":[{"href":"https:\/\/conversesacatalunya.cat\/es\/wp-json\/wp\/v2\/posts"}],"about":[{"href":"https:\/\/conversesacatalunya.cat\/es\/wp-json\/wp\/v2\/types\/post"}],"author":[{"embeddable":true,"href":"https:\/\/conversesacatalunya.cat\/es\/wp-json\/wp\/v2\/users\/19"}],"replies":[{"embeddable":true,"href":"https:\/\/conversesacatalunya.cat\/es\/wp-json\/wp\/v2\/comments?post=95921"}],"version-history":[{"count":3,"href":"https:\/\/conversesacatalunya.cat\/es\/wp-json\/wp\/v2\/posts\/95921\/revisions"}],"predecessor-version":[{"id":95967,"href":"https:\/\/conversesacatalunya.cat\/es\/wp-json\/wp\/v2\/posts\/95921\/revisions\/95967"}],"wp:featuredmedia":[{"embeddable":true,"href":"https:\/\/conversesacatalunya.cat\/es\/wp-json\/wp\/v2\/media\/95919"}],"wp:attachment":[{"href":"https:\/\/conversesacatalunya.cat\/es\/wp-json\/wp\/v2\/media?parent=95921"}],"wp:term":[{"taxonomy":"category","embeddable":true,"href":"https:\/\/conversesacatalunya.cat\/es\/wp-json\/wp\/v2\/categories?post=95921"},{"taxonomy":"post_tag","embeddable":true,"href":"https:\/\/conversesacatalunya.cat\/es\/wp-json\/wp\/v2\/tags?post=95921"}],"curies":[{"name":"wp","href":"https:\/\/api.w.org\/{rel}","templated":true}]}}