{"id":95874,"date":"2026-01-26T09:52:40","date_gmt":"2026-01-26T08:52:40","guid":{"rendered":"https:\/\/conversesacatalunya.cat\/?p=95874"},"modified":"2026-01-26T12:29:24","modified_gmt":"2026-01-26T11:29:24","slug":"donald-trump-presidente-americano-otros","status":"publish","type":"post","link":"https:\/\/conversesacatalunya.cat\/es\/donald-trump-presidente-americano-otros\/","title":{"rendered":"\u00bfSe ha convertido Donald Trump en un presidente americano como los dem\u00e1s?"},"content":{"rendered":"<p><span dir=\"auto\">Donald Trump gan\u00f3 en 2016 su primer mandato como presidente de Estados Unidos sobre dos principios b\u00e1sicos: por un lado, proteger los intereses de los ciudadanos estadounidenses ante los grandes intereses privados de Washington; por otro, poner punto y final al intervencionismo exterior.<\/span><\/p>\n<p><span dir=\"auto\">Trump ha sido tradicionalmente percibido como un<span>\u00a0<\/span><\/span><strong><span dir=\"auto\">\u201coutsider\u201d<\/span><\/strong><span dir=\"auto\"><span>\u00a0<\/span>entre los miembros del propio Partido Republicano, atacando tanto las acciones de los dem\u00f3cratas (Obama, los Clinton) como las de numerosas personalidades de su propio partido (Bush hijo, el candidato a las presidenciales de 2012 Mitt Romney y muchos otros).<\/span><\/p>\n<p><span dir=\"auto\">Sin embargo, un a\u00f1o despu\u00e9s de la inauguraci\u00f3n de su segundo mandato,<span>\u00a0<\/span><\/span><strong><span dir=\"auto\">Trump parece abrazar tanto el corporativismo de los gigantes empresariales estadounidenses como el af\u00e1n de intervenir militarmente en todo el mundo.<\/span><\/strong><\/p>\n<p><span dir=\"auto\"><span class=\"VIpgJd-yAWNEb-VIpgJd-fmcmS-sn54Q\" dir=\"auto\">Para dar algunos ejemplos concretos, Trump hizo sentar a grandes l\u00edderes empresariales por delante de los miembros de su propio cabinete durante la inauguraci\u00f3n presidencial. Su administraci\u00f3n trata cada amenaza de multa de la Uni\u00f3n Europea a los<span>\u00a0<\/span><\/span><\/span><a href=\"https:\/\/conversesacatalunya.cat\/es\/como-europa-ha-perdido-internet-ciberseguridad\/\" target=\"_blank\" rel=\"noopener\"><span dir=\"auto\"><span class=\"VIpgJd-yAWNEb-VIpgJd-fmcmS-sn54Q\" dir=\"auto\">gigantes tecnol\u00f3gicos<\/span><\/span><\/a><span dir=\"auto\"><span class=\"VIpgJd-yAWNEb-VIpgJd-fmcmS-sn54Q\" dir=\"auto\"><span>\u00a0<\/span>estadounidenses como, literalmente, \u00abun ataque al pueblo americano\u00bb. M\u00e1s recientemente, el presidente ha declarado abiertamente estar trabajando para el sector petrolero estadounidense, reabri\u00e9ndole el mercado venezolano de extracci\u00f3n de crudo.<\/span><\/span><\/p>\n<p><span dir=\"auto\">La vertiente intervencionista tampoco se queda atr\u00e1s, como ha quedado patente en Venezuela, pero tambi\u00e9n en Nigeria, Ir\u00e1n o en alta mar en el Caribe.<\/span><\/p>\n<p><span dir=\"auto\">Los analistas ofrecen<span>\u00a0<\/span><\/span><strong><span dir=\"auto\">diversas explicaciones de este cambio radical de comportamiento<\/span><\/strong><span dir=\"auto\"><span>\u00a0<\/span>entre su primer y segundo mandato.<\/span><\/p>\n<p><span dir=\"auto\">Una primera ser\u00eda que<span>\u00a0<\/span><\/span><strong><span dir=\"auto\">la l\u00f3gica del poder de Washington ha terminado por atraparle,<\/span><\/strong><span dir=\"auto\">\u00a0y Trump ha sucumbido (como Obama antes que \u00e9l) a los intereses de los c\u00edrculos de influencia econ\u00f3micos y militares de la capital.<\/span><\/p>\n<p><span dir=\"auto\"><span class=\"VIpgJd-yAWNEb-VIpgJd-fmcmS-sn54Q\" dir=\"auto\">Sin embargo, la teor\u00eda de la asimilaci\u00f3n del pol\u00edtico \u201c<\/span><\/span><em><span dir=\"auto\"><span class=\"VIpgJd-yAWNEb-VIpgJd-fmcmS-sn54Q\" dir=\"auto\">outsider\u201d<\/span><\/span><\/em><span dir=\"auto\"><span class=\"VIpgJd-yAWNEb-VIpgJd-fmcmS-sn54Q\" dir=\"auto\"><span>\u00a0<\/span>con las instituciones de poder una vez ha tomado posesi\u00f3n, ha sido ampliamente estudiada por los polit\u00f3logos. Tiene innegablemente un punto de verdad, pero<span>\u00a0<\/span><\/span><\/span><strong><span dir=\"auto\"><span class=\"VIpgJd-yAWNEb-VIpgJd-fmcmS-sn54Q\" dir=\"auto\">Trump no tendr\u00eda por qu\u00e9 resultar m\u00e1s afectado que cualquier otro cargo electo<\/span><\/span><\/strong><span dir=\"auto\"><span class=\"VIpgJd-yAWNEb-VIpgJd-fmcmS-sn54Q\" dir=\"auto\"><span>\u00a0<\/span>que haya hecho promesas de ruptura (piense en Espa\u00f1a con el acomodo progresivo de Pablo Iglesias, por ejemplo).<\/span><\/span><\/p>\n<p><span dir=\"auto\"><span class=\"VIpgJd-yAWNEb-VIpgJd-fmcmS-sn54Q\" dir=\"auto\">Otra explicaci\u00f3n, a\u00fan m\u00e1s t\u00f3pica que la anterior trat\u00e1ndose de Trump, ser\u00eda que el actual presidente de Estados Unidos no tiene ning\u00fan escr\u00fapulo, y<span>\u00a0<\/span><\/span><\/span><strong><span dir=\"auto\"><span class=\"VIpgJd-yAWNEb-VIpgJd-fmcmS-sn54Q\" dir=\"auto\">minti\u00f3 deliberadamente a los electores para ganar las elecciones.<\/span><\/span><\/strong><span dir=\"auto\"><span class=\"VIpgJd-yAWNEb-VIpgJd-fmcmS-sn54Q\" dir=\"auto\">\u00a0Una idea f\u00e1cil que choca con varios elementos: en primer lugar, con su obra de gobierno durante su primer mandato. En segundo lugar, con<span> <\/span><\/span><\/span><strong><span dir=\"auto\"><span class=\"VIpgJd-yAWNEb-VIpgJd-fmcmS-sn54Q\" dir=\"auto\">la coherencia de Trump a la hora de aplicar varias de sus medidas electorales clave<\/span><\/span><\/strong><span dir=\"auto\"><span class=\"VIpgJd-yAWNEb-VIpgJd-fmcmS-sn54Q\" dir=\"auto\"><span>\u00a0<\/span>durante el primer a\u00f1o de su segundo mandato: freno dr\u00e1stico a la<span>\u00a0<\/span><\/span><\/span><a href=\"https:\/\/conversesacatalunya.cat\/es\/politica-migratoria-de-trump\/\" target=\"_blank\" rel=\"noopener\"><span dir=\"auto\"><span class=\"VIpgJd-yAWNEb-VIpgJd-fmcmS-sn54Q\" dir=\"auto\">inmigraci\u00f3n<\/span><\/span><\/a>,<span dir=\"auto\"><span class=\"VIpgJd-yAWNEb-VIpgJd-fmcmS-sn54Q\" dir=\"auto\">\u00a0imposici\u00f3n de aranceles generalizados, combate del wokismo a ultranza.<\/span><\/span><\/p>\n<p><span dir=\"auto\">Una tercera explicaci\u00f3n, m\u00e1s compleja y seguramente cercana a la realidad, sea que<span>\u00a0<\/span><\/span><strong><span dir=\"auto\">no es Donald Trump quien ha cambiado, sino el mundo que le rodea.<\/span><\/strong><span dir=\"auto\">\u00a0De hecho, el panorama mundial en muchos aspectos se ha \u00abtrumpizado\u00bb.<\/span><\/p>\n<p><span dir=\"auto\">Tomamos el ejemplo de los intereses de las grandes empresas tecnol\u00f3gicas. Entre 2016 y 2024,<span>\u00a0<\/span><\/span><strong><span dir=\"auto\">la influencia del wokismo que se<span>\u00a0<\/span><\/span><a href=\"https:\/\/conversesacatalunya.cat\/es\/cuando-la-politica-la-hacen-las-grandes-empresas-de-internet\/\" target=\"_blank\" rel=\"noopener\"><span dir=\"auto\">entremezclaba<\/span><\/a><span dir=\"auto\"><span>\u00a0<\/span>con las estrategias comerciales de estas compa\u00f1\u00edas se ha desvanecido.<\/span><\/strong><span dir=\"auto\">\u00a0En el 2017, un Trump reci\u00e9n inaugurado no pudo imponer en modo alguno su agenda a los directivos de Meta, Apple y Alphabet. En 2025, en cambio, Trump no ha necesitado demasiada presi\u00f3n para convencerles: han<span>\u00a0<\/span><\/span><a href=\"https:\/\/www.youtube.com\/watch?v=-7LdiDaV9Jk\" target=\"_blank\" rel=\"noopener\"><span dir=\"auto\">venido<\/span><\/a><span dir=\"auto\"><span>\u00a0<\/span>ellos solos. Consid\u00e9rese tambi\u00e9n la incre\u00edble transformaci\u00f3n del propio Mark Zuckerberg, tanto f\u00edsica como intelectual,<span>\u00a0<\/span><\/span><a href=\"https:\/\/nypost.com\/2025\/01\/15\/lifestyle\/mark-zuckerbergs-maga-makeover\/\" target=\"_blank\" rel=\"noopener\"><span dir=\"auto\">reconociendo<\/span><\/a><span dir=\"auto\"><span>\u00a0<\/span>abiertamente en un v\u00eddeo haberse equivocado a la hora de desplegar equipos de \u201cverificaci\u00f3n\u201d de la informaci\u00f3n.<\/span><\/p>\n<p><span dir=\"auto\">En materia de orden internacional, resulta f\u00e1cil constatar que<span>\u00a0<\/span><\/span><strong><span dir=\"auto\">Trump no ha cambiado de opini\u00f3n respecto a los organismos multilaterales.<\/span><\/strong><span dir=\"auto\"><span>\u00a0<\/span>Como en 2017, 2025 ha estado marcado por la<span>\u00a0<\/span><\/span><a href=\"https:\/\/conversesacatalunya.cat\/es\/recorte-ayuda-internacional-africa\/\" target=\"_blank\" rel=\"noopener\"><span dir=\"auto\">retirada masiva<\/span><\/a><span dir=\"auto\"><span>\u00a0<\/span>de Estados Unidos de fondos, programas y organismos multilaterales, al frente de las cuales Naciones Unidas, por las que Trump siente un especial desprecio (algo, por otra parte, coherente con su condici\u00f3n de neoyorquino).<\/span><\/p>\n<p><strong><span dir=\"auto\">Lo que ha cambiado es la intensidad con la que el presidente de Estados Unidos act\u00faa.<\/span><\/strong><span dir=\"auto\"><span>\u00a0<\/span>Captura de Nicol\u00e1s Maduro, pero antes tambi\u00e9n ataque a\u00e9reo contra el programa nuclear iran\u00ed, bombardeo para proteger a los<span>\u00a0<\/span><\/span><a href=\"https:\/\/conversesacatalunya.cat\/es\/silenciado-genocidio-cristianos-nigeria\/\" target=\"_blank\" rel=\"noopener\"><span dir=\"auto\">cristianos<\/span><\/a><span dir=\"auto\"><span>\u00a0<\/span>de Nigeria del yihadismo, ataques armados contra narcolanchas en el Caribe\u2026 Trump se siente m\u00e1s libre para llevar a cabo el mismo programa de<span>\u00a0<\/span><\/span><a href=\"https:\/\/conversesacatalunya.cat\/es\/departamento-guerra-estados-unidos\/\" target=\"_blank\" rel=\"noopener\"><span dir=\"auto\">mano dura<\/span><\/a><span dir=\"auto\">. \u201cNadie se meter\u00e1 con Estados Unidos\u201d no es una afirmaci\u00f3n suya reciente, sino de 2016.<\/span><\/p>\n<p><span dir=\"auto\">Eso s\u00ed, es esperable que la gran l\u00ednea roja que Trump procurar\u00e1 no cruzar, porque se manifest\u00f3 nefasta para sus predecesores, y \u00e9l mismo la ha denunciado con vehemencia, sea la de un<span>\u00a0<\/span><\/span><strong><span dir=\"auto\">gran despliegue militar sobre el terreno<\/span><\/strong><span dir=\"auto\"><span>\u00a0<\/span>en ninguno de estos pa\u00edses.<\/span><\/p>\n<span class='bctt-click-to-tweet'><span class='bctt-ctt-text'><a href='https:\/\/twitter.com\/intent\/tweet?url=https%3A%2F%2Fconversesacatalunya.cat%2Fes%2Fdonald-trump-presidente-americano-otros%2F&#038;text=Trump%20se%20siente%20m%C3%A1s%20libre%20para%20llevar%20a%20cabo%20el%20mismo%20programa%20de%20mano%20dura.%20%E2%80%9CNadie%20se%20meter%C3%A1%20con%20Estados%20Unidos%E2%80%9D%20no%20es%20una%20afirmaci%C3%B3n%20suya%20reciente%2C%20sino%20de%202016.&#038;via=conversesacat&#038;related=conversesacat' target='_blank'rel=\"noopener noreferrer\">Trump se siente m\u00e1s libre para llevar a cabo el mismo programa de mano dura. \u201cNadie se meter\u00e1 con Estados Unidos\u201d no es una afirmaci\u00f3n suya reciente, sino de 2016. <\/a><\/span><a href='https:\/\/twitter.com\/intent\/tweet?url=https%3A%2F%2Fconversesacatalunya.cat%2Fes%2Fdonald-trump-presidente-americano-otros%2F&#038;text=Trump%20se%20siente%20m%C3%A1s%20libre%20para%20llevar%20a%20cabo%20el%20mismo%20programa%20de%20mano%20dura.%20%E2%80%9CNadie%20se%20meter%C3%A1%20con%20Estados%20Unidos%E2%80%9D%20no%20es%20una%20afirmaci%C3%B3n%20suya%20reciente%2C%20sino%20de%202016.&#038;via=conversesacat&#038;related=conversesacat' target='_blank' class='bctt-ctt-btn'rel=\"noopener noreferrer\">Compartir en X<\/a><\/span>\n<div id=\"polls-314\" class=\"wp-polls\">\n\t<form id=\"polls_form_314\" class=\"wp-polls-form\" action=\"\/index.php\" method=\"post\">\n\t\t<p style=\"display: none;\"><input type=\"hidden\" id=\"poll_314_nonce\" name=\"wp-polls-nonce\" value=\"8c9294030d\" \/><\/p>\n\t\t<p style=\"display: none;\"><input type=\"hidden\" name=\"poll_id\" value=\"314\" \/><\/p>\n\t\t<p style=\"text-align: center\"><strong>Creus que el Govern d'Illa t\u00e9 alguna responsabilitat en el caos de Rodalies?<\/strong><\/p><div id=\"polls-314-ans\" class=\"wp-polls-ans\"><ul class=\"wp-polls-ul\">\n\t\t<li><input type=\"radio\" id=\"poll-answer-899\" name=\"poll_314\" value=\"899\" \/> <label for=\"poll-answer-899\">S\u00ed<\/label><\/li>\n\t\t<li><input type=\"radio\" id=\"poll-answer-900\" name=\"poll_314\" value=\"900\" \/> <label for=\"poll-answer-900\">No<\/label><\/li>\n\t\t<li><input type=\"radio\" id=\"poll-answer-901\" name=\"poll_314\" value=\"901\" \/> <label for=\"poll-answer-901\">No ho s\u00e9<\/label><\/li>\n\t\t<\/ul><p style=\"text-align: center\"><input type=\"button\" name=\"vote\" value=\"   Vota   \" class=\"Buttons\" onclick=\"poll_vote(314);\" \/><\/p><p style=\"text-align: center\"><a href=\"#ViewPollResults\" onclick=\"poll_result(314); return false;\" title=\"View Results Of This Poll\">Mira els resultats<\/a><\/p><\/div>\n\t<\/form>\n<\/div>\n<div id=\"polls-314-loading\" class=\"wp-polls-loading\"><img decoding=\"async\" data-src=\"https:\/\/conversesacatalunya.cat\/wp-content\/plugins\/wp-polls\/images\/loading.gif\" width=\"16\" height=\"16\" alt=\"Cargando ...\" title=\"Cargando ...\" class=\"wp-polls-image lazyload\" src=\"data:image\/svg+xml;base64,PHN2ZyB3aWR0aD0iMSIgaGVpZ2h0PSIxIiB4bWxucz0iaHR0cDovL3d3dy53My5vcmcvMjAwMC9zdmciPjwvc3ZnPg==\" style=\"--smush-placeholder-width: 16px; --smush-placeholder-aspect-ratio: 16\/16;\" \/>&nbsp;Cargando ...<\/div>\n\n","protected":false},"excerpt":{"rendered":"<p>Donald Trump gan\u00f3 en 2016 su primer mandato como presidente de Estados Unidos sobre dos principios b\u00e1sicos: por un lado, proteger los intereses de los ciudadanos estadounidenses ante los grandes intereses privados de Washington; por otro, poner punto y final al intervencionismo exterior. Trump ha sido tradicionalmente percibido como un\u00a0\u201coutsider\u201d\u00a0entre los miembros del propio Partido Republicano, atacando tanto las acciones de los dem\u00f3cratas (Obama, los Clinton) como las de numerosas personalidades de su propio partido (Bush hijo, el candidato a las presidenciales de 2012 Mitt Romney y muchos otros). Sin embargo, un a\u00f1o despu\u00e9s de la inauguraci\u00f3n de su segundo mandato,\u00a0Trump parece abrazar tanto el corporativismo de los gigantes empresariales estadounidenses como el af\u00e1n de intervenir militarmente en todo el mundo. Para dar algunos ejemplos concretos, Trump hizo sentar a grandes l\u00edderes empresariales por delante de los miembros de su propio cabinete durante la inauguraci\u00f3n presidencial. Su administraci\u00f3n trata cada amenaza de multa de la Uni\u00f3n Europea a los\u00a0gigantes tecnol\u00f3gicos\u00a0estadounidenses como, literalmente, \u00abun ataque al pueblo americano\u00bb. M\u00e1s recientemente, el presidente ha declarado abiertamente estar trabajando para el sector petrolero estadounidense, reabri\u00e9ndole el mercado venezolano de extracci\u00f3n de crudo. La vertiente intervencionista tampoco se queda atr\u00e1s, como ha quedado patente en Venezuela, pero tambi\u00e9n en Nigeria, Ir\u00e1n o en alta mar en el Caribe. Los analistas ofrecen\u00a0diversas explicaciones de este cambio radical de comportamiento\u00a0entre su primer y segundo mandato. Una primera ser\u00eda que\u00a0la l\u00f3gica del poder de Washington ha terminado por atraparle,\u00a0y Trump ha sucumbido (como Obama antes que \u00e9l) a los intereses de los c\u00edrculos de influencia econ\u00f3micos y militares de la capital. Sin embargo, la teor\u00eda de la asimilaci\u00f3n del pol\u00edtico \u201coutsider\u201d\u00a0con las instituciones de poder una vez ha tomado posesi\u00f3n, ha sido ampliamente estudiada por los polit\u00f3logos. Tiene innegablemente un punto de verdad, pero\u00a0Trump no tendr\u00eda por qu\u00e9 resultar m\u00e1s afectado que cualquier otro cargo electo\u00a0que haya hecho promesas de ruptura (piense en Espa\u00f1a con el acomodo progresivo de Pablo Iglesias, por ejemplo). Otra explicaci\u00f3n, a\u00fan m\u00e1s t\u00f3pica que la anterior trat\u00e1ndose de Trump, ser\u00eda que el actual presidente de Estados Unidos no tiene ning\u00fan escr\u00fapulo, y\u00a0minti\u00f3 deliberadamente a los electores para ganar las elecciones.\u00a0Una idea f\u00e1cil que choca con varios elementos: en primer lugar, con su obra de gobierno durante su primer mandato. En segundo lugar, con la coherencia de Trump a la hora de aplicar varias de sus medidas electorales clave\u00a0durante el primer a\u00f1o de su segundo mandato: freno dr\u00e1stico a la\u00a0inmigraci\u00f3n,\u00a0imposici\u00f3n de aranceles generalizados, combate del wokismo a ultranza. Una tercera explicaci\u00f3n, m\u00e1s compleja y seguramente cercana a la realidad, sea que\u00a0no es Donald Trump quien ha cambiado, sino el mundo que le rodea.\u00a0De hecho, el panorama mundial en muchos aspectos se ha \u00abtrumpizado\u00bb. Tomamos el ejemplo de los intereses de las grandes empresas tecnol\u00f3gicas. Entre 2016 y 2024,\u00a0la influencia del wokismo que se\u00a0entremezclaba\u00a0con las estrategias comerciales de estas compa\u00f1\u00edas se ha desvanecido.\u00a0En el 2017, un Trump reci\u00e9n inaugurado no pudo imponer en modo alguno su agenda a los directivos de Meta, Apple y Alphabet. En 2025, en cambio, Trump no ha necesitado demasiada presi\u00f3n para convencerles: han\u00a0venido\u00a0ellos solos. Consid\u00e9rese tambi\u00e9n la incre\u00edble transformaci\u00f3n del propio Mark Zuckerberg, tanto f\u00edsica como intelectual,\u00a0reconociendo\u00a0abiertamente en un v\u00eddeo haberse equivocado a la hora de desplegar equipos de \u201cverificaci\u00f3n\u201d de la informaci\u00f3n. En materia de orden internacional, resulta f\u00e1cil constatar que\u00a0Trump no ha cambiado de opini\u00f3n respecto a los organismos multilaterales.\u00a0Como en 2017, 2025 ha estado marcado por la\u00a0retirada masiva\u00a0de Estados Unidos de fondos, programas y organismos multilaterales, al frente de las cuales Naciones Unidas, por las que Trump siente un especial desprecio (algo, por otra parte, coherente con su condici\u00f3n de neoyorquino). Lo que ha cambiado es la intensidad con la que el presidente de Estados Unidos act\u00faa.\u00a0Captura de Nicol\u00e1s Maduro, pero antes tambi\u00e9n ataque a\u00e9reo contra el programa nuclear iran\u00ed, bombardeo para proteger a los\u00a0cristianos\u00a0de Nigeria del yihadismo, ataques armados contra narcolanchas en el Caribe\u2026 Trump se siente m\u00e1s libre para llevar a cabo el mismo programa de\u00a0mano dura. \u201cNadie se meter\u00e1 con Estados Unidos\u201d no es una afirmaci\u00f3n suya reciente, sino de 2016. Eso s\u00ed, es esperable que la gran l\u00ednea roja que Trump procurar\u00e1 no cruzar, porque se manifest\u00f3 nefasta para sus predecesores, y \u00e9l mismo la ha denunciado con vehemencia, sea la de un\u00a0gran despliegue militar sobre el terreno\u00a0en ninguno de estos pa\u00edses.<\/p>\n","protected":false},"author":75,"featured_media":95476,"comment_status":"open","ping_status":"open","sticky":false,"template":"","format":"standard","meta":{"_FSMCFIC_featured_image_caption":"","_FSMCFIC_featured_image_nocaption":"","_FSMCFIC_featured_image_hide":"","footnotes":""},"categories":[806],"tags":[963,1371,964],"class_list":["post-95874","post","type-post","status-publish","format-standard","has-post-thumbnail","hentry","category-punts-claus-del-dia-es","tag-donald-trump-es","tag-estados-unidos","tag-estats-units-es"],"yoast_head":"<!-- This site is optimized with the Yoast SEO plugin v26.8 - https:\/\/yoast.com\/product\/yoast-seo-wordpress\/ -->\n<title>\u00bfSe ha convertido Donald Trump en un presidente americano como los dem\u00e1s? - Converses a Catalunya<\/title>\n<meta name=\"description\" content=\"Trump ha sido percibido como un &quot;outsider&quot; entre los miembros del propio Partido Republicano, atacando tan dem\u00f3cratas como republicanos.\" \/>\n<meta name=\"robots\" content=\"index, follow, max-snippet:-1, max-image-preview:large, max-video-preview:-1\" \/>\n<link rel=\"canonical\" href=\"https:\/\/conversesacatalunya.cat\/es\/donald-trump-presidente-americano-otros\/\" \/>\n<meta property=\"og:locale\" content=\"es_ES\" \/>\n<meta property=\"og:type\" content=\"article\" \/>\n<meta property=\"og:title\" content=\"\u00bfSe ha convertido Donald Trump en un presidente americano como los dem\u00e1s? - Converses a Catalunya\" \/>\n<meta property=\"og:description\" content=\"Trump ha sido percibido como un &quot;outsider&quot; entre los miembros del propio Partido Republicano, atacando tan dem\u00f3cratas como republicanos.\" \/>\n<meta property=\"og:url\" content=\"https:\/\/conversesacatalunya.cat\/es\/donald-trump-presidente-americano-otros\/\" \/>\n<meta property=\"og:site_name\" content=\"Converses a Catalunya\" \/>\n<meta property=\"article:published_time\" content=\"2026-01-26T08:52:40+00:00\" \/>\n<meta property=\"article:modified_time\" content=\"2026-01-26T11:29:24+00:00\" \/>\n<meta property=\"og:image\" content=\"https:\/\/conversesacatalunya.cat\/wp-content\/uploads\/2026\/01\/1200x680.jpeg\" \/>\n\t<meta property=\"og:image:width\" content=\"1200\" \/>\n\t<meta property=\"og:image:height\" content=\"680\" \/>\n\t<meta property=\"og:image:type\" content=\"image\/jpeg\" \/>\n<meta name=\"author\" content=\"Carles L\u00f3pez\" \/>\n<meta name=\"twitter:card\" content=\"summary_large_image\" \/>\n<meta name=\"twitter:label1\" content=\"Escrito por\" \/>\n\t<meta name=\"twitter:data1\" content=\"Carles L\u00f3pez\" \/>\n\t<meta name=\"twitter:label2\" content=\"Tiempo de lectura\" \/>\n\t<meta name=\"twitter:data2\" content=\"4 minutos\" \/>\n<script type=\"application\/ld+json\" class=\"yoast-schema-graph\">{\"@context\":\"https:\/\/schema.org\",\"@graph\":[{\"@type\":\"Article\",\"@id\":\"https:\/\/conversesacatalunya.cat\/es\/donald-trump-presidente-americano-otros\/#article\",\"isPartOf\":{\"@id\":\"https:\/\/conversesacatalunya.cat\/es\/donald-trump-presidente-americano-otros\/\"},\"author\":{\"name\":\"Carles L\u00f3pez\",\"@id\":\"https:\/\/conversesacatalunya.cat\/#\/schema\/person\/3ce2ab16c0a3803086d80722c7cad56a\"},\"headline\":\"\u00bfSe ha convertido Donald Trump en un presidente americano como los dem\u00e1s?\",\"datePublished\":\"2026-01-26T08:52:40+00:00\",\"dateModified\":\"2026-01-26T11:29:24+00:00\",\"mainEntityOfPage\":{\"@id\":\"https:\/\/conversesacatalunya.cat\/es\/donald-trump-presidente-americano-otros\/\"},\"wordCount\":865,\"commentCount\":0,\"image\":{\"@id\":\"https:\/\/conversesacatalunya.cat\/es\/donald-trump-presidente-americano-otros\/#primaryimage\"},\"thumbnailUrl\":\"https:\/\/conversesacatalunya.cat\/wp-content\/uploads\/2026\/01\/1200x680.jpeg\",\"keywords\":[\"Donald Trump\",\"Estados Unidos\",\"Estats Units\"],\"articleSection\":[\"Punts clau del dia (ES)\"],\"inLanguage\":\"es\",\"potentialAction\":[{\"@type\":\"CommentAction\",\"name\":\"Comment\",\"target\":[\"https:\/\/conversesacatalunya.cat\/es\/donald-trump-presidente-americano-otros\/#respond\"]}]},{\"@type\":\"WebPage\",\"@id\":\"https:\/\/conversesacatalunya.cat\/es\/donald-trump-presidente-americano-otros\/\",\"url\":\"https:\/\/conversesacatalunya.cat\/es\/donald-trump-presidente-americano-otros\/\",\"name\":\"\u00bfSe ha convertido Donald Trump en un presidente americano como los dem\u00e1s? - Converses a Catalunya\",\"isPartOf\":{\"@id\":\"https:\/\/conversesacatalunya.cat\/#website\"},\"primaryImageOfPage\":{\"@id\":\"https:\/\/conversesacatalunya.cat\/es\/donald-trump-presidente-americano-otros\/#primaryimage\"},\"image\":{\"@id\":\"https:\/\/conversesacatalunya.cat\/es\/donald-trump-presidente-americano-otros\/#primaryimage\"},\"thumbnailUrl\":\"https:\/\/conversesacatalunya.cat\/wp-content\/uploads\/2026\/01\/1200x680.jpeg\",\"datePublished\":\"2026-01-26T08:52:40+00:00\",\"dateModified\":\"2026-01-26T11:29:24+00:00\",\"author\":{\"@id\":\"https:\/\/conversesacatalunya.cat\/#\/schema\/person\/3ce2ab16c0a3803086d80722c7cad56a\"},\"description\":\"Trump ha sido percibido como un \\\"outsider\\\" entre los miembros del propio Partido Republicano, atacando tan dem\u00f3cratas como republicanos.\",\"breadcrumb\":{\"@id\":\"https:\/\/conversesacatalunya.cat\/es\/donald-trump-presidente-americano-otros\/#breadcrumb\"},\"inLanguage\":\"es\",\"potentialAction\":[{\"@type\":\"ReadAction\",\"target\":[\"https:\/\/conversesacatalunya.cat\/es\/donald-trump-presidente-americano-otros\/\"]}]},{\"@type\":\"ImageObject\",\"inLanguage\":\"es\",\"@id\":\"https:\/\/conversesacatalunya.cat\/es\/donald-trump-presidente-americano-otros\/#primaryimage\",\"url\":\"https:\/\/conversesacatalunya.cat\/wp-content\/uploads\/2026\/01\/1200x680.jpeg\",\"contentUrl\":\"https:\/\/conversesacatalunya.cat\/wp-content\/uploads\/2026\/01\/1200x680.jpeg\",\"width\":1200,\"height\":680,\"caption\":\"Trump outsider\"},{\"@type\":\"BreadcrumbList\",\"@id\":\"https:\/\/conversesacatalunya.cat\/es\/donald-trump-presidente-americano-otros\/#breadcrumb\",\"itemListElement\":[{\"@type\":\"ListItem\",\"position\":1,\"name\":\"Inici\",\"item\":\"https:\/\/conversesacatalunya.cat\/es\/\"},{\"@type\":\"ListItem\",\"position\":2,\"name\":\"\u00bfSe ha convertido Donald Trump en un presidente americano como los dem\u00e1s?\"}]},{\"@type\":\"WebSite\",\"@id\":\"https:\/\/conversesacatalunya.cat\/#website\",\"url\":\"https:\/\/conversesacatalunya.cat\/\",\"name\":\"Converses a Catalunya\",\"description\":\"\",\"potentialAction\":[{\"@type\":\"SearchAction\",\"target\":{\"@type\":\"EntryPoint\",\"urlTemplate\":\"https:\/\/conversesacatalunya.cat\/?s={search_term_string}\"},\"query-input\":{\"@type\":\"PropertyValueSpecification\",\"valueRequired\":true,\"valueName\":\"search_term_string\"}}],\"inLanguage\":\"es\"},{\"@type\":\"Person\",\"@id\":\"https:\/\/conversesacatalunya.cat\/#\/schema\/person\/3ce2ab16c0a3803086d80722c7cad56a\",\"name\":\"Carles L\u00f3pez\",\"image\":{\"@type\":\"ImageObject\",\"inLanguage\":\"es\",\"@id\":\"https:\/\/conversesacatalunya.cat\/#\/schema\/person\/image\/\",\"url\":\"https:\/\/conversesacatalunya.cat\/wp-content\/litespeed\/avatar\/4891585caf2896e97846ab77f06edcf2.jpg?ver=1777091173\",\"contentUrl\":\"https:\/\/conversesacatalunya.cat\/wp-content\/litespeed\/avatar\/4891585caf2896e97846ab77f06edcf2.jpg?ver=1777091173\",\"caption\":\"Carles L\u00f3pez\"},\"url\":\"https:\/\/conversesacatalunya.cat\/es\/author\/carles-lopez\/\"}]}<\/script>\n<!-- \/ Yoast SEO plugin. -->","yoast_head_json":{"title":"\u00bfSe ha convertido Donald Trump en un presidente americano como los dem\u00e1s? - Converses a Catalunya","description":"Trump ha sido percibido como un \"outsider\" entre los miembros del propio Partido Republicano, atacando tan dem\u00f3cratas como republicanos.","robots":{"index":"index","follow":"follow","max-snippet":"max-snippet:-1","max-image-preview":"max-image-preview:large","max-video-preview":"max-video-preview:-1"},"canonical":"https:\/\/conversesacatalunya.cat\/es\/donald-trump-presidente-americano-otros\/","og_locale":"es_ES","og_type":"article","og_title":"\u00bfSe ha convertido Donald Trump en un presidente americano como los dem\u00e1s? - Converses a Catalunya","og_description":"Trump ha sido percibido como un \"outsider\" entre los miembros del propio Partido Republicano, atacando tan dem\u00f3cratas como republicanos.","og_url":"https:\/\/conversesacatalunya.cat\/es\/donald-trump-presidente-americano-otros\/","og_site_name":"Converses a Catalunya","article_published_time":"2026-01-26T08:52:40+00:00","article_modified_time":"2026-01-26T11:29:24+00:00","og_image":[{"width":1200,"height":680,"url":"https:\/\/conversesacatalunya.cat\/wp-content\/uploads\/2026\/01\/1200x680.jpeg","type":"image\/jpeg"}],"author":"Carles L\u00f3pez","twitter_card":"summary_large_image","twitter_misc":{"Escrito por":"Carles L\u00f3pez","Tiempo de lectura":"4 minutos"},"schema":{"@context":"https:\/\/schema.org","@graph":[{"@type":"Article","@id":"https:\/\/conversesacatalunya.cat\/es\/donald-trump-presidente-americano-otros\/#article","isPartOf":{"@id":"https:\/\/conversesacatalunya.cat\/es\/donald-trump-presidente-americano-otros\/"},"author":{"name":"Carles L\u00f3pez","@id":"https:\/\/conversesacatalunya.cat\/#\/schema\/person\/3ce2ab16c0a3803086d80722c7cad56a"},"headline":"\u00bfSe ha convertido Donald Trump en un presidente americano como los dem\u00e1s?","datePublished":"2026-01-26T08:52:40+00:00","dateModified":"2026-01-26T11:29:24+00:00","mainEntityOfPage":{"@id":"https:\/\/conversesacatalunya.cat\/es\/donald-trump-presidente-americano-otros\/"},"wordCount":865,"commentCount":0,"image":{"@id":"https:\/\/conversesacatalunya.cat\/es\/donald-trump-presidente-americano-otros\/#primaryimage"},"thumbnailUrl":"https:\/\/conversesacatalunya.cat\/wp-content\/uploads\/2026\/01\/1200x680.jpeg","keywords":["Donald Trump","Estados Unidos","Estats Units"],"articleSection":["Punts clau del dia (ES)"],"inLanguage":"es","potentialAction":[{"@type":"CommentAction","name":"Comment","target":["https:\/\/conversesacatalunya.cat\/es\/donald-trump-presidente-americano-otros\/#respond"]}]},{"@type":"WebPage","@id":"https:\/\/conversesacatalunya.cat\/es\/donald-trump-presidente-americano-otros\/","url":"https:\/\/conversesacatalunya.cat\/es\/donald-trump-presidente-americano-otros\/","name":"\u00bfSe ha convertido Donald Trump en un presidente americano como los dem\u00e1s? - Converses a Catalunya","isPartOf":{"@id":"https:\/\/conversesacatalunya.cat\/#website"},"primaryImageOfPage":{"@id":"https:\/\/conversesacatalunya.cat\/es\/donald-trump-presidente-americano-otros\/#primaryimage"},"image":{"@id":"https:\/\/conversesacatalunya.cat\/es\/donald-trump-presidente-americano-otros\/#primaryimage"},"thumbnailUrl":"https:\/\/conversesacatalunya.cat\/wp-content\/uploads\/2026\/01\/1200x680.jpeg","datePublished":"2026-01-26T08:52:40+00:00","dateModified":"2026-01-26T11:29:24+00:00","author":{"@id":"https:\/\/conversesacatalunya.cat\/#\/schema\/person\/3ce2ab16c0a3803086d80722c7cad56a"},"description":"Trump ha sido percibido como un \"outsider\" entre los miembros del propio Partido Republicano, atacando tan dem\u00f3cratas como republicanos.","breadcrumb":{"@id":"https:\/\/conversesacatalunya.cat\/es\/donald-trump-presidente-americano-otros\/#breadcrumb"},"inLanguage":"es","potentialAction":[{"@type":"ReadAction","target":["https:\/\/conversesacatalunya.cat\/es\/donald-trump-presidente-americano-otros\/"]}]},{"@type":"ImageObject","inLanguage":"es","@id":"https:\/\/conversesacatalunya.cat\/es\/donald-trump-presidente-americano-otros\/#primaryimage","url":"https:\/\/conversesacatalunya.cat\/wp-content\/uploads\/2026\/01\/1200x680.jpeg","contentUrl":"https:\/\/conversesacatalunya.cat\/wp-content\/uploads\/2026\/01\/1200x680.jpeg","width":1200,"height":680,"caption":"Trump outsider"},{"@type":"BreadcrumbList","@id":"https:\/\/conversesacatalunya.cat\/es\/donald-trump-presidente-americano-otros\/#breadcrumb","itemListElement":[{"@type":"ListItem","position":1,"name":"Inici","item":"https:\/\/conversesacatalunya.cat\/es\/"},{"@type":"ListItem","position":2,"name":"\u00bfSe ha convertido Donald Trump en un presidente americano como los dem\u00e1s?"}]},{"@type":"WebSite","@id":"https:\/\/conversesacatalunya.cat\/#website","url":"https:\/\/conversesacatalunya.cat\/","name":"Converses a Catalunya","description":"","potentialAction":[{"@type":"SearchAction","target":{"@type":"EntryPoint","urlTemplate":"https:\/\/conversesacatalunya.cat\/?s={search_term_string}"},"query-input":{"@type":"PropertyValueSpecification","valueRequired":true,"valueName":"search_term_string"}}],"inLanguage":"es"},{"@type":"Person","@id":"https:\/\/conversesacatalunya.cat\/#\/schema\/person\/3ce2ab16c0a3803086d80722c7cad56a","name":"Carles L\u00f3pez","image":{"@type":"ImageObject","inLanguage":"es","@id":"https:\/\/conversesacatalunya.cat\/#\/schema\/person\/image\/","url":"https:\/\/conversesacatalunya.cat\/wp-content\/litespeed\/avatar\/4891585caf2896e97846ab77f06edcf2.jpg?ver=1777091173","contentUrl":"https:\/\/conversesacatalunya.cat\/wp-content\/litespeed\/avatar\/4891585caf2896e97846ab77f06edcf2.jpg?ver=1777091173","caption":"Carles L\u00f3pez"},"url":"https:\/\/conversesacatalunya.cat\/es\/author\/carles-lopez\/"}]}},"wps_subtitle":"La principal diferencia entre el Trump del primer y del segundo mandato no es \u00e9l mismo, sino la r\u00e1pida mutaci\u00f3n del mundo que le rodea.","_links":{"self":[{"href":"https:\/\/conversesacatalunya.cat\/es\/wp-json\/wp\/v2\/posts\/95874","targetHints":{"allow":["GET"]}}],"collection":[{"href":"https:\/\/conversesacatalunya.cat\/es\/wp-json\/wp\/v2\/posts"}],"about":[{"href":"https:\/\/conversesacatalunya.cat\/es\/wp-json\/wp\/v2\/types\/post"}],"author":[{"embeddable":true,"href":"https:\/\/conversesacatalunya.cat\/es\/wp-json\/wp\/v2\/users\/75"}],"replies":[{"embeddable":true,"href":"https:\/\/conversesacatalunya.cat\/es\/wp-json\/wp\/v2\/comments?post=95874"}],"version-history":[{"count":5,"href":"https:\/\/conversesacatalunya.cat\/es\/wp-json\/wp\/v2\/posts\/95874\/revisions"}],"predecessor-version":[{"id":95880,"href":"https:\/\/conversesacatalunya.cat\/es\/wp-json\/wp\/v2\/posts\/95874\/revisions\/95880"}],"wp:featuredmedia":[{"embeddable":true,"href":"https:\/\/conversesacatalunya.cat\/es\/wp-json\/wp\/v2\/media\/95476"}],"wp:attachment":[{"href":"https:\/\/conversesacatalunya.cat\/es\/wp-json\/wp\/v2\/media?parent=95874"}],"wp:term":[{"taxonomy":"category","embeddable":true,"href":"https:\/\/conversesacatalunya.cat\/es\/wp-json\/wp\/v2\/categories?post=95874"},{"taxonomy":"post_tag","embeddable":true,"href":"https:\/\/conversesacatalunya.cat\/es\/wp-json\/wp\/v2\/tags?post=95874"}],"curies":[{"name":"wp","href":"https:\/\/api.w.org\/{rel}","templated":true}]}}