{"id":95848,"date":"2026-01-26T05:32:31","date_gmt":"2026-01-26T04:32:31","guid":{"rendered":"https:\/\/conversesacatalunya.cat\/?p=95848"},"modified":"2026-01-28T19:42:42","modified_gmt":"2026-01-28T18:42:42","slug":"cronica-de-un-hundimiento-y-caos-catalan","status":"publish","type":"post","link":"https:\/\/conversesacatalunya.cat\/es\/cronica-de-un-hundimiento-y-caos-catalan\/","title":{"rendered":"Los idus de enero: cr\u00f3nica de un hundimiento y el caos catal\u00e1n (I)"},"content":{"rendered":"<p data-start=\"226\" data-end=\"468\">En la <strong data-start=\"232\" data-end=\"248\">antigua Roma<\/strong>, los <strong data-start=\"254\" data-end=\"262\">idus<\/strong> marcaban la mitad del mes, una fecha de referencia dentro del calendario. Esa <strong data-start=\"341\" data-end=\"362\">etimolog\u00eda latina<\/strong>, tan ajena hoy a nuestra prisa, <strong data-start=\"395\" data-end=\"424\">divide el tiempo en hitos<\/strong> y nos obliga a <strong data-start=\"440\" data-end=\"467\">pensarlo de otra manera<\/strong>.<\/p>\n<p data-start=\"470\" data-end=\"961\">Esa met\u00e1fora de los <strong data-start=\"490\" data-end=\"509\">\u201cidus de enero\u201d<\/strong> sirve aqu\u00ed para nombrar un <strong data-start=\"537\" data-end=\"556\">periodo funesto<\/strong> en el que se han concentrado varias cat\u00e1strofes que <strong data-start=\"609\" data-end=\"670\">retratan con crudeza el estado de la Espa\u00f1a contempor\u00e1nea<\/strong>. Lo sucedido en los d\u00edas posteriores a mediados de enero \u2014<strong data-start=\"729\" data-end=\"839\">el colapso del transporte en Catalu\u00f1a, el accidente ferroviario de Adamuz y la reacci\u00f3n pol\u00edtica posterior<\/strong>\u2014 no son hechos aislados, sino <strong data-start=\"870\" data-end=\"913\">s\u00edntomas de una decadencia m\u00e1s profunda<\/strong>.<\/p>\n<h3 data-start=\"968\" data-end=\"1022\">Caos ferroviario en Catalu\u00f1a: huelga y colapso<\/h3>\n<p data-start=\"1024\" data-end=\"1460\">Los hechos se precipitaron tras unas <strong data-start=\"1061\" data-end=\"1085\">lluvias torrenciales<\/strong> que tensionaron la red ferroviaria de <strong data-start=\"1124\" data-end=\"1136\">Rodalies<\/strong>. <a href=\"https:\/\/conversesacatalunya.cat\/es\/catastrofe-en-cataluna-ciudadanos-munecos-y-gobierno-generalitat-una-comparsa\/\" target=\"_blank\" rel=\"noopener\">La noche del <strong data-start=\"1151\" data-end=\"1166\">21 de enero<\/strong><\/a>, un <strong data-start=\"1171\" data-end=\"1214\">muro de contenci\u00f3n de la autopista AP-7<\/strong> se desplom\u00f3 sobre un tren de la <strong data-start=\"1247\" data-end=\"1269\">l\u00ednea R4 en Gelida<\/strong>, provocando la <strong data-start=\"1285\" data-end=\"1325\">muerte de un maquinista en pr\u00e1cticas<\/strong> y <strong data-start=\"1328\" data-end=\"1342\">37 heridos<\/strong>. Aquel accidente desencaden\u00f3 la <strong data-start=\"1375\" data-end=\"1420\">suspensi\u00f3n total del servicio ferroviario<\/strong> para garantizar la seguridad de la red.<\/p>\n<p data-start=\"1462\" data-end=\"1949\">El hecho no es menor, porque la lluvia en esta parte del territorio, <strong data-start=\"1531\" data-end=\"1542\">l\u2019Anoia<\/strong>, fue <strong data-start=\"1548\" data-end=\"1569\">plenamente normal<\/strong>, y el muro era responsabilidad del <strong data-start=\"1605\" data-end=\"1637\">Ministerio por partida doble<\/strong>, ya que de \u00e9l dependen tanto la <strong data-start=\"1670\" data-end=\"1678\">AP-7<\/strong> como el <strong data-start=\"1687\" data-end=\"1702\">ferrocarril<\/strong>. En este caso, a la <strong data-start=\"1723\" data-end=\"1750\">defectuosa conservaci\u00f3n<\/strong> se suma otra causa: la <strong data-start=\"1774\" data-end=\"1824\">evidente carencia de criterio y de prioridades<\/strong> en la gesti\u00f3n de las <strong data-start=\"1846\" data-end=\"1875\">infraestructuras cr\u00edticas<\/strong>. <strong data-start=\"1877\" data-end=\"1949\">Si hab\u00eda un muro que nunca deb\u00eda haber ca\u00eddo, era precisamente este.<\/strong><\/p>\n<p data-start=\"1951\" data-end=\"2412\">Al d\u00eda siguiente, pese a que <strong data-start=\"1980\" data-end=\"2021\">no se convoc\u00f3 oficialmente una huelga<\/strong>, los maquinistas <strong data-start=\"2039\" data-end=\"2064\">se negaron a trabajar<\/strong> alegando falta de garant\u00edas. <strong data-start=\"2094\" data-end=\"2141\">Solo seis de los 140 trabajadores previstos<\/strong> acudieron a su puesto, lo que <strong data-start=\"2172\" data-end=\"2232\">sumi\u00f3 a Catalu\u00f1a en un caos de movilidad sin precedentes<\/strong>. Durante <strong data-start=\"2242\" data-end=\"2277\">dos d\u00edas no circul\u00f3 ning\u00fan tren<\/strong>, y \u00fanicamente se restableci\u00f3 de forma <strong data-start=\"2316\" data-end=\"2329\">simb\u00f3lica<\/strong> la <strong data-start=\"2333\" data-end=\"2351\">l\u00ednea R2 Norte<\/strong>, tras una verificaci\u00f3n extraordinaria de la infraestructura.<\/p>\n<p data-start=\"2414\" data-end=\"3002\">La par\u00e1lisis no fue casual: <strong data-start=\"2442\" data-end=\"2500\">un reducido grupo de maquinistas de un \u00fanico sindicato<\/strong> decidi\u00f3 <strong data-start=\"2509\" data-end=\"2557\">imponer su ley a ocho millones de habitantes<\/strong>. Sin previo aviso ni servicios m\u00ednimos, <strong data-start=\"2598\" data-end=\"2635\">detuvieron el pulso de una regi\u00f3n<\/strong> que depende del ferrocarril como <strong data-start=\"2669\" data-end=\"2700\">columna vertebral econ\u00f3mica<\/strong>. La Generalitat, en manos del <strong data-start=\"2731\" data-end=\"2779\">president Salvador Illa desde agosto de 2024<\/strong>, opt\u00f3 por <strong data-start=\"2790\" data-end=\"2810\">negociar y ceder<\/strong>, aceptando que los conductores participasen en la inspecci\u00f3n de <strong data-start=\"2875\" data-end=\"2895\">todas las l\u00edneas<\/strong> antes de reanudar la circulaci\u00f3n. <strong data-start=\"2930\" data-end=\"2968\">Renfe tampoco ofreci\u00f3 alternativas<\/strong> y asumi\u00f3 pasivamente la decisi\u00f3n.<\/p>\n<p data-start=\"3004\" data-end=\"3473\">El resultado fue una <strong data-start=\"3025\" data-end=\"3046\">huelga encubierta<\/strong> que <strong data-start=\"3051\" data-end=\"3077\">colaps\u00f3 las carreteras<\/strong>, oblig\u00f3 a <strong data-start=\"3088\" data-end=\"3153\">ampliar por ley las horas de conducci\u00f3n de los transportistas<\/strong> y convirti\u00f3 cada desplazamiento en <strong data-start=\"3189\" data-end=\"3213\">una aut\u00e9ntica odisea<\/strong>. La <strong data-start=\"3218\" data-end=\"3226\">AP-7<\/strong>, ya saturada en condiciones normales, <strong data-start=\"3265\" data-end=\"3299\">permaneci\u00f3 cerrada varios d\u00edas<\/strong> por riesgo de hundimiento. <strong data-start=\"3327\" data-end=\"3379\">Catalu\u00f1a carece de infraestructuras alternativas<\/strong>: cuando se paralizan los trenes y se corta la AP-7, <strong data-start=\"3432\" data-end=\"3472\">todo el territorio queda secuestrado<\/strong>.<\/p>\n<h3 data-start=\"3480\" data-end=\"3555\">El enga\u00f1o del traspaso de Rodalies y la gesti\u00f3n de infraestructuras<\/h3>\n<p data-start=\"3557\" data-end=\"4134\">La huelga sac\u00f3 a la luz un <strong data-start=\"3584\" data-end=\"3601\">enga\u00f1o previo<\/strong>: el Gobierno espa\u00f1ol <strong data-start=\"3623\" data-end=\"3661\">traspas\u00f3 Rodalies a la Generalitat<\/strong>, pero se trat\u00f3 de un <strong data-start=\"3683\" data-end=\"3701\">falso traspaso<\/strong>, ya que <strong data-start=\"3710\" data-end=\"3768\">no gestiona ni los ferrocarriles ni la infraestructura<\/strong>. Fue un <strong data-start=\"3777\" data-end=\"3806\">montaje cara a la galer\u00eda<\/strong> entre el Gobierno espa\u00f1ol y el gobierno de <strong data-start=\"3850\" data-end=\"3857\">ERC<\/strong>, cuando esta formaci\u00f3n gobernaba la Generalitat, que se magnific\u00f3 con la creaci\u00f3n de una <strong data-start=\"3947\" data-end=\"3964\">empresa mixta<\/strong> que <strong data-start=\"3969\" data-end=\"4003\">segu\u00eda formando parte de Renfe<\/strong>. Todo ello ocurri\u00f3 porque los maquinistas <strong data-start=\"4046\" data-end=\"4089\">se negaron a depender de la Generalitat<\/strong> y <strong data-start=\"4092\" data-end=\"4133\">amenazaron con huelgas en toda Espa\u00f1a<\/strong>.<\/p>\n<p data-start=\"4136\" data-end=\"4458\">La <strong data-start=\"4139\" data-end=\"4180\">rectificaci\u00f3n del Gobierno de S\u00e1nchez<\/strong> fue rotunda, y la Generalitat, ya <strong data-start=\"4215\" data-end=\"4248\">gobernada por los socialistas<\/strong>, acept\u00f3 el <strong data-start=\"4260\" data-end=\"4293\">menoscabo con grandes elogios<\/strong>. <strong data-start=\"4295\" data-end=\"4334\">Cambi\u00f3 algo para que nada cambiara.<\/strong> Los usuarios fueron <strong data-start=\"4355\" data-end=\"4388\">enga\u00f1ados con promesas vac\u00edas<\/strong>, mientras la infraestructura continu\u00f3 <strong data-start=\"4427\" data-end=\"4457\">gestionada de forma p\u00e9sima<\/strong>.<\/p>\n<p data-start=\"4460\" data-end=\"4957\">La Generalitat pact\u00f3 con <strong data-start=\"4485\" data-end=\"4507\">un \u00fanico sindicato<\/strong> que, en caso de <strong data-start=\"4524\" data-end=\"4538\">mal tiempo<\/strong>, los trenes podr\u00edan permanecer <strong data-start=\"4570\" data-end=\"4583\">aparcados<\/strong>, sin definir qu\u00e9 condiciones constitu\u00edan realmente ese \u201cmal tiempo\u201d, mientras que <strong data-start=\"4666\" data-end=\"4715\">conductores de autobuses y veh\u00edculos privados<\/strong> se ve\u00edan obligados a <strong data-start=\"4737\" data-end=\"4768\">arriesgarse en la carretera<\/strong>. Se trata de un <strong data-start=\"4785\" data-end=\"4803\">abuso de poder<\/strong> que otorga a <strong data-start=\"4817\" data-end=\"4844\">unos pocos trabajadores<\/strong> la capacidad de <strong data-start=\"4861\" data-end=\"4889\">paralizar un pa\u00eds entero<\/strong>, y que evidencia la <strong data-start=\"4910\" data-end=\"4956\">renuncia del Govern a ejercer su autoridad<\/strong>.<\/p>\n<p data-start=\"4959\" data-end=\"5507\">En realidad, el colapso de Catalu\u00f1a no obedece solo a un <strong data-start=\"5016\" data-end=\"5056\">d\u00e9ficit de inversi\u00f3n y mantenimiento<\/strong> \u2014que tambi\u00e9n\u2014, sino que expresa una <strong data-start=\"5093\" data-end=\"5196\">ausencia irresponsable de previsi\u00f3n, planificaci\u00f3n, coordinaci\u00f3n, ejecuci\u00f3n, informaci\u00f3n y servicio<\/strong>, a la que se suma una <strong data-start=\"5219\" data-end=\"5263\">peligrosa dejaci\u00f3n absoluta de autoridad<\/strong> por parte del <strong data-start=\"5278\" data-end=\"5298\">Gobierno de Illa<\/strong>. <strong data-start=\"5300\" data-end=\"5362\">Es el sistema entero el que se ha hundido estrepitosamente<\/strong>, provocando sufrimiento y <strong data-start=\"5389\" data-end=\"5421\">graves perjuicios econ\u00f3micos<\/strong> que van mucho m\u00e1s all\u00e1 de los d\u00edas \u2014incluido el fin de semana\u2014 de afectaci\u00f3n directa.<\/p>\n<h3 data-start=\"5514\" data-end=\"5569\">Consecuencias econ\u00f3micas y sociales del colapso<\/h3>\n<p data-start=\"5571\" data-end=\"6001\">Los d\u00edas sin trenes han supuesto un <strong data-start=\"5607\" data-end=\"5653\">golpe directo al tejido productivo catal\u00e1n<\/strong>. Empresas y comercios no pudieron recibir a sus empleados, las entregas se retrasaron y el <strong data-start=\"5745\" data-end=\"5783\">coste econ\u00f3mico fue extraordinario<\/strong>, tambi\u00e9n por su <strong data-start=\"5800\" data-end=\"5820\">efecto indirecto<\/strong>. Para evitar un colapso mayor, el Gobierno <strong data-start=\"5864\" data-end=\"5923\">ampli\u00f3 la jornada legal de conducci\u00f3n de los camioneros<\/strong> de nueve a once horas, <strong data-start=\"5947\" data-end=\"6000\">incrementando la fatiga y el riesgo de accidentes<\/strong>.<\/p>\n<p data-start=\"6003\" data-end=\"6516\">La ciudadan\u00eda se encontr\u00f3 <strong data-start=\"6029\" data-end=\"6085\">secuestrada por los intereses de un grupo de presi\u00f3n<\/strong>, mientras los gobiernos <strong data-start=\"6110\" data-end=\"6174\">cargaban sobre el ciudadano de a pie los costes de la crisis<\/strong>. El sufrimiento de <strong data-start=\"6194\" data-end=\"6226\">cientos de miles de personas<\/strong> no fue causado \u00fanicamente por la falta de trenes, sino por la <strong data-start=\"6289\" data-end=\"6324\">ausencia de medios alternativos<\/strong> y una <strong data-start=\"6331\" data-end=\"6375\">informaci\u00f3n contradictoria o inexistente<\/strong>. Esta <strong data-start=\"6382\" data-end=\"6424\">falta de capacidad a todos los niveles<\/strong> deja se\u00f1alado al <strong data-start=\"6442\" data-end=\"6462\">Gobierno de Illa<\/strong> y a los responsables de <strong data-start=\"6487\" data-end=\"6515\">Renfe y Adif en Catalu\u00f1a<\/strong>.<\/p>\n<p data-start=\"6518\" data-end=\"7138\">La pol\u00edtica se ha convertido en el arte de <strong data-start=\"6561\" data-end=\"6631\">trasladar a la gente com\u00fan los d\u00e9ficits de la mala gesti\u00f3n p\u00fablica<\/strong>, como ha ocurrido con las <strong data-start=\"6658\" data-end=\"6686\">ocupaciones de viviendas<\/strong>, la <strong data-start=\"6691\" data-end=\"6724\">congesti\u00f3n cr\u00f3nica de la AP-7<\/strong> y ahora con el <strong data-start=\"6740\" data-end=\"6767\">aeropuerto de Barcelona<\/strong>, donde se adopt\u00f3 la <strong data-start=\"6788\" data-end=\"6806\">medida absurda<\/strong> de restringir el acceso a la terminal a <strong data-start=\"6847\" data-end=\"6867\">solo dos puertas<\/strong> para evitar que personas sin hogar durmieran all\u00ed. La consecuencia han sido <strong data-start=\"6944\" data-end=\"6981\">largu\u00edsimas colas a la intemperie<\/strong>, mayor <strong data-start=\"6989\" data-end=\"7004\">inseguridad<\/strong> y <strong data-start=\"7007\" data-end=\"7028\">p\u00e9rdida de vuelos<\/strong>. <strong data-start=\"7030\" data-end=\"7090\">Ning\u00fan partido ha alzado la voz en defensa del ciudadano<\/strong>, que ha pagado con <strong data-start=\"7110\" data-end=\"7137\">su tiempo y su dignidad<\/strong>.<\/p>\n<p data-start=\"7140\" data-end=\"7304\">Si todo esto sucede <strong data-start=\"7160\" data-end=\"7200\">sin grandes cat\u00e1strofes de por medio<\/strong>, \u00bf<strong data-start=\"7203\" data-end=\"7253\">cu\u00e1l ser\u00e1 la losa que depositen sobre nosotros<\/strong> si alg\u00fan d\u00eda ocurre <strong data-start=\"7274\" data-end=\"7303\">algo verdaderamente grave<\/strong>?<\/p>\n<p data-start=\"5607\" data-end=\"5891\"><strong>Si est\u00e1s interesado en construir respuestas viables, participa en la<a href=\"https:\/\/conversesacatalunya.cat\/es\/ante-la-degradacion-politica-la-conferencia-civica-para-la-regeneracion-politica\/\" target=\"_blank\" rel=\"noopener\"><span>\u00a0<\/span>I Conferencia C\u00edvica para la Regeneraci\u00f3n Pol\u00edtica<\/a><span>\u00a0<\/span>que organiza Converses a Catalunya junto con la Fundaci\u00f3n para el Desarrollo Humano y Social y que tendr\u00e1 lugar en Barcelona, el s\u00e1bado 14 de febrero por la ma\u00f1ana.<\/strong><\/p>\n<p data-start=\"5893\" data-end=\"6065\">Si quieres participar o recibir m\u00e1s informaci\u00f3n sobre la I Conferencia C\u00edvica para la Regeneraci\u00f3n Pol\u00edtica, puedes dirigirte al correo de contacto:<span>\u00a0<\/span><strong data-start=\"6042\" data-end=\"6065\"><a class=\"decorated-link cursor-pointer\" rel=\"noopener\" data-start=\"6044\" data-end=\"6063\">info@fundsocial.org<\/a><\/strong><\/p>\n<p data-start=\"7140\" data-end=\"7304\"><span class='bctt-click-to-tweet'><span class='bctt-ctt-text'><a href='https:\/\/twitter.com\/intent\/tweet?url=https%3A%2F%2Fconversesacatalunya.cat%2Fes%2Fcronica-de-un-hundimiento-y-caos-catalan%2F&#038;text=Cuando%20caen%20los%20trenes%20y%20se%20corta%20la%20AP7%2C%20Catalu%C3%B1a%20queda%20literalmente%20secuestrada.%20%23Infraestructuras%20%23AP7&#038;via=conversesacat&#038;related=conversesacat' target='_blank'rel=\"noopener noreferrer\">Cuando caen los trenes y se corta la AP7, Catalu\u00f1a queda literalmente secuestrada. #Infraestructuras #AP7 <\/a><\/span><a href='https:\/\/twitter.com\/intent\/tweet?url=https%3A%2F%2Fconversesacatalunya.cat%2Fes%2Fcronica-de-un-hundimiento-y-caos-catalan%2F&#038;text=Cuando%20caen%20los%20trenes%20y%20se%20corta%20la%20AP7%2C%20Catalu%C3%B1a%20queda%20literalmente%20secuestrada.%20%23Infraestructuras%20%23AP7&#038;via=conversesacat&#038;related=conversesacat' target='_blank' class='bctt-ctt-btn'rel=\"noopener noreferrer\">Compartir en X<\/a><\/span>\n<p data-start=\"7140\" data-end=\"7304\"><div id=\"polls-314\" class=\"wp-polls\">\n\t<form id=\"polls_form_314\" class=\"wp-polls-form\" action=\"\/index.php\" method=\"post\">\n\t\t<p style=\"display: none;\"><input type=\"hidden\" id=\"poll_314_nonce\" name=\"wp-polls-nonce\" value=\"f89971bf6a\" \/><\/p>\n\t\t<p style=\"display: none;\"><input type=\"hidden\" name=\"poll_id\" value=\"314\" \/><\/p>\n\t\t<p style=\"text-align: center\"><strong>Creus que el Govern d'Illa t\u00e9 alguna responsabilitat en el caos de Rodalies?<\/strong><\/p><div id=\"polls-314-ans\" class=\"wp-polls-ans\"><ul class=\"wp-polls-ul\">\n\t\t<li><input type=\"radio\" id=\"poll-answer-899\" name=\"poll_314\" value=\"899\" \/> <label for=\"poll-answer-899\">S\u00ed<\/label><\/li>\n\t\t<li><input type=\"radio\" id=\"poll-answer-900\" name=\"poll_314\" value=\"900\" \/> <label for=\"poll-answer-900\">No<\/label><\/li>\n\t\t<li><input type=\"radio\" id=\"poll-answer-901\" name=\"poll_314\" value=\"901\" \/> <label for=\"poll-answer-901\">No ho s\u00e9<\/label><\/li>\n\t\t<\/ul><p style=\"text-align: center\"><input type=\"button\" name=\"vote\" value=\"   Vota   \" class=\"Buttons\" onclick=\"poll_vote(314);\" \/><\/p><p style=\"text-align: center\"><a href=\"#ViewPollResults\" onclick=\"poll_result(314); return false;\" title=\"View Results Of This Poll\">Mira els resultats<\/a><\/p><\/div>\n\t<\/form>\n<\/div>\n<div id=\"polls-314-loading\" class=\"wp-polls-loading\"><img decoding=\"async\" data-src=\"https:\/\/conversesacatalunya.cat\/wp-content\/plugins\/wp-polls\/images\/loading.gif\" width=\"16\" height=\"16\" alt=\"Cargando ...\" title=\"Cargando ...\" class=\"wp-polls-image lazyload\" src=\"data:image\/svg+xml;base64,PHN2ZyB3aWR0aD0iMSIgaGVpZ2h0PSIxIiB4bWxucz0iaHR0cDovL3d3dy53My5vcmcvMjAwMC9zdmciPjwvc3ZnPg==\" style=\"--smush-placeholder-width: 16px; --smush-placeholder-aspect-ratio: 16\/16;\" \/>&nbsp;Cargando ...<\/div>\n\n","protected":false},"excerpt":{"rendered":"<p>En la antigua Roma, los idus marcaban la mitad del mes, una fecha de referencia dentro del calendario. Esa etimolog\u00eda latina, tan ajena hoy a nuestra prisa, divide el tiempo en hitos y nos obliga a pensarlo de otra manera. Esa met\u00e1fora de los \u201cidus de enero\u201d sirve aqu\u00ed para nombrar un periodo funesto en el que se han concentrado varias cat\u00e1strofes que retratan con crudeza el estado de la Espa\u00f1a contempor\u00e1nea. Lo sucedido en los d\u00edas posteriores a mediados de enero \u2014el colapso del transporte en Catalu\u00f1a, el accidente ferroviario de Adamuz y la reacci\u00f3n pol\u00edtica posterior\u2014 no son hechos aislados, sino s\u00edntomas de una decadencia m\u00e1s profunda. Caos ferroviario en Catalu\u00f1a: huelga y colapso Los hechos se precipitaron tras unas lluvias torrenciales que tensionaron la red ferroviaria de Rodalies. La noche del 21 de enero, un muro de contenci\u00f3n de la autopista AP-7 se desplom\u00f3 sobre un tren de la l\u00ednea R4 en Gelida, provocando la muerte de un maquinista en pr\u00e1cticas y 37 heridos. Aquel accidente desencaden\u00f3 la suspensi\u00f3n total del servicio ferroviario para garantizar la seguridad de la red. El hecho no es menor, porque la lluvia en esta parte del territorio, l\u2019Anoia, fue plenamente normal, y el muro era responsabilidad del Ministerio por partida doble, ya que de \u00e9l dependen tanto la AP-7 como el ferrocarril. En este caso, a la defectuosa conservaci\u00f3n se suma otra causa: la evidente carencia de criterio y de prioridades en la gesti\u00f3n de las infraestructuras cr\u00edticas. Si hab\u00eda un muro que nunca deb\u00eda haber ca\u00eddo, era precisamente este. Al d\u00eda siguiente, pese a que no se convoc\u00f3 oficialmente una huelga, los maquinistas se negaron a trabajar alegando falta de garant\u00edas. Solo seis de los 140 trabajadores previstos acudieron a su puesto, lo que sumi\u00f3 a Catalu\u00f1a en un caos de movilidad sin precedentes. Durante dos d\u00edas no circul\u00f3 ning\u00fan tren, y \u00fanicamente se restableci\u00f3 de forma simb\u00f3lica la l\u00ednea R2 Norte, tras una verificaci\u00f3n extraordinaria de la infraestructura. La par\u00e1lisis no fue casual: un reducido grupo de maquinistas de un \u00fanico sindicato decidi\u00f3 imponer su ley a ocho millones de habitantes. Sin previo aviso ni servicios m\u00ednimos, detuvieron el pulso de una regi\u00f3n que depende del ferrocarril como columna vertebral econ\u00f3mica. La Generalitat, en manos del president Salvador Illa desde agosto de 2024, opt\u00f3 por negociar y ceder, aceptando que los conductores participasen en la inspecci\u00f3n de todas las l\u00edneas antes de reanudar la circulaci\u00f3n. Renfe tampoco ofreci\u00f3 alternativas y asumi\u00f3 pasivamente la decisi\u00f3n. El resultado fue una huelga encubierta que colaps\u00f3 las carreteras, oblig\u00f3 a ampliar por ley las horas de conducci\u00f3n de los transportistas y convirti\u00f3 cada desplazamiento en una aut\u00e9ntica odisea. La AP-7, ya saturada en condiciones normales, permaneci\u00f3 cerrada varios d\u00edas por riesgo de hundimiento. Catalu\u00f1a carece de infraestructuras alternativas: cuando se paralizan los trenes y se corta la AP-7, todo el territorio queda secuestrado. El enga\u00f1o del traspaso de Rodalies y la gesti\u00f3n de infraestructuras La huelga sac\u00f3 a la luz un enga\u00f1o previo: el Gobierno espa\u00f1ol traspas\u00f3 Rodalies a la Generalitat, pero se trat\u00f3 de un falso traspaso, ya que no gestiona ni los ferrocarriles ni la infraestructura. Fue un montaje cara a la galer\u00eda entre el Gobierno espa\u00f1ol y el gobierno de ERC, cuando esta formaci\u00f3n gobernaba la Generalitat, que se magnific\u00f3 con la creaci\u00f3n de una empresa mixta que segu\u00eda formando parte de Renfe. Todo ello ocurri\u00f3 porque los maquinistas se negaron a depender de la Generalitat y amenazaron con huelgas en toda Espa\u00f1a. La rectificaci\u00f3n del Gobierno de S\u00e1nchez fue rotunda, y la Generalitat, ya gobernada por los socialistas, acept\u00f3 el menoscabo con grandes elogios. Cambi\u00f3 algo para que nada cambiara. Los usuarios fueron enga\u00f1ados con promesas vac\u00edas, mientras la infraestructura continu\u00f3 gestionada de forma p\u00e9sima. La Generalitat pact\u00f3 con un \u00fanico sindicato que, en caso de mal tiempo, los trenes podr\u00edan permanecer aparcados, sin definir qu\u00e9 condiciones constitu\u00edan realmente ese \u201cmal tiempo\u201d, mientras que conductores de autobuses y veh\u00edculos privados se ve\u00edan obligados a arriesgarse en la carretera. Se trata de un abuso de poder que otorga a unos pocos trabajadores la capacidad de paralizar un pa\u00eds entero, y que evidencia la renuncia del Govern a ejercer su autoridad. En realidad, el colapso de Catalu\u00f1a no obedece solo a un d\u00e9ficit de inversi\u00f3n y mantenimiento \u2014que tambi\u00e9n\u2014, sino que expresa una ausencia irresponsable de previsi\u00f3n, planificaci\u00f3n, coordinaci\u00f3n, ejecuci\u00f3n, informaci\u00f3n y servicio, a la que se suma una peligrosa dejaci\u00f3n absoluta de autoridad por parte del Gobierno de Illa. Es el sistema entero el que se ha hundido estrepitosamente, provocando sufrimiento y graves perjuicios econ\u00f3micos que van mucho m\u00e1s all\u00e1 de los d\u00edas \u2014incluido el fin de semana\u2014 de afectaci\u00f3n directa. Consecuencias econ\u00f3micas y sociales del colapso Los d\u00edas sin trenes han supuesto un golpe directo al tejido productivo catal\u00e1n. Empresas y comercios no pudieron recibir a sus empleados, las entregas se retrasaron y el coste econ\u00f3mico fue extraordinario, tambi\u00e9n por su efecto indirecto. Para evitar un colapso mayor, el Gobierno ampli\u00f3 la jornada legal de conducci\u00f3n de los camioneros de nueve a once horas, incrementando la fatiga y el riesgo de accidentes. La ciudadan\u00eda se encontr\u00f3 secuestrada por los intereses de un grupo de presi\u00f3n, mientras los gobiernos cargaban sobre el ciudadano de a pie los costes de la crisis. El sufrimiento de cientos de miles de personas no fue causado \u00fanicamente por la falta de trenes, sino por la ausencia de medios alternativos y una informaci\u00f3n contradictoria o inexistente. Esta falta de capacidad a todos los niveles deja se\u00f1alado al Gobierno de Illa y a los responsables de Renfe y Adif en Catalu\u00f1a. La pol\u00edtica se ha convertido en el arte de trasladar a la gente com\u00fan los d\u00e9ficits de la mala gesti\u00f3n p\u00fablica, como ha ocurrido con las ocupaciones de viviendas, la congesti\u00f3n cr\u00f3nica de la AP-7 y ahora con el aeropuerto de Barcelona, donde se adopt\u00f3 la medida absurda de restringir el acceso a la terminal a solo dos puertas para evitar que personas sin&#8230;<\/p>\n","protected":false},"author":19,"featured_media":95856,"comment_status":"open","ping_status":"open","sticky":false,"template":"","format":"standard","meta":{"_FSMCFIC_featured_image_caption":"","_FSMCFIC_featured_image_nocaption":"","_FSMCFIC_featured_image_hide":"","footnotes":""},"categories":[806],"tags":[5258,3028],"class_list":["post-95848","post","type-post","status-publish","format-standard","has-post-thumbnail","hentry","category-punts-claus-del-dia-es","tag-cercanias","tag-ferroviario"],"yoast_head":"<!-- This site is optimized with the Yoast SEO plugin v26.8 - https:\/\/yoast.com\/product\/yoast-seo-wordpress\/ -->\n<title>Los idus de enero: cr\u00f3nica de un hundimiento y el caos catal\u00e1n (I) - Converses a Catalunya<\/title>\n<meta name=\"description\" content=\"El colapso ferroviario en Catalu\u00f1a, el caos de la AP7 y la dejaci\u00f3n de autoridad del Gobierno Illa evidencian una crisis sist\u00e9mica.\" \/>\n<meta name=\"robots\" content=\"index, follow, max-snippet:-1, max-image-preview:large, max-video-preview:-1\" \/>\n<link rel=\"canonical\" href=\"https:\/\/conversesacatalunya.cat\/es\/cronica-de-un-hundimiento-y-caos-catalan\/\" \/>\n<meta property=\"og:locale\" content=\"es_ES\" \/>\n<meta property=\"og:type\" content=\"article\" \/>\n<meta property=\"og:title\" content=\"Los idus de enero: cr\u00f3nica de un hundimiento y el caos catal\u00e1n (I) - Converses a Catalunya\" \/>\n<meta property=\"og:description\" content=\"El colapso ferroviario en Catalu\u00f1a, el caos de la AP7 y la dejaci\u00f3n de autoridad del Gobierno Illa evidencian una crisis sist\u00e9mica.\" \/>\n<meta property=\"og:url\" content=\"https:\/\/conversesacatalunya.cat\/es\/cronica-de-un-hundimiento-y-caos-catalan\/\" \/>\n<meta property=\"og:site_name\" content=\"Converses a Catalunya\" \/>\n<meta property=\"article:published_time\" content=\"2026-01-26T04:32:31+00:00\" \/>\n<meta property=\"article:modified_time\" content=\"2026-01-28T18:42:42+00:00\" \/>\n<meta property=\"og:image\" content=\"https:\/\/conversesacatalunya.cat\/wp-content\/uploads\/2026\/01\/colapso.jpg\" \/>\n\t<meta property=\"og:image:width\" content=\"640\" \/>\n\t<meta property=\"og:image:height\" content=\"438\" \/>\n\t<meta property=\"og:image:type\" content=\"image\/jpeg\" \/>\n<meta name=\"author\" content=\"Josep Mir\u00f3 i Ard\u00e8vol\" \/>\n<meta name=\"twitter:card\" content=\"summary_large_image\" \/>\n<meta name=\"twitter:label1\" content=\"Escrito por\" \/>\n\t<meta name=\"twitter:data1\" content=\"Josep Mir\u00f3 i Ard\u00e8vol\" \/>\n\t<meta name=\"twitter:label2\" content=\"Tiempo de lectura\" \/>\n\t<meta name=\"twitter:data2\" content=\"6 minutos\" \/>\n<script type=\"application\/ld+json\" class=\"yoast-schema-graph\">{\"@context\":\"https:\/\/schema.org\",\"@graph\":[{\"@type\":\"Article\",\"@id\":\"https:\/\/conversesacatalunya.cat\/es\/cronica-de-un-hundimiento-y-caos-catalan\/#article\",\"isPartOf\":{\"@id\":\"https:\/\/conversesacatalunya.cat\/es\/cronica-de-un-hundimiento-y-caos-catalan\/\"},\"author\":{\"name\":\"Josep Mir\u00f3 i Ard\u00e8vol\",\"@id\":\"https:\/\/conversesacatalunya.cat\/#\/schema\/person\/a9598a6786ba7d3d1c5e0de477b79370\"},\"headline\":\"Los idus de enero: cr\u00f3nica de un hundimiento y el caos catal\u00e1n (I)\",\"datePublished\":\"2026-01-26T04:32:31+00:00\",\"dateModified\":\"2026-01-28T18:42:42+00:00\",\"mainEntityOfPage\":{\"@id\":\"https:\/\/conversesacatalunya.cat\/es\/cronica-de-un-hundimiento-y-caos-catalan\/\"},\"wordCount\":1278,\"commentCount\":0,\"image\":{\"@id\":\"https:\/\/conversesacatalunya.cat\/es\/cronica-de-un-hundimiento-y-caos-catalan\/#primaryimage\"},\"thumbnailUrl\":\"https:\/\/conversesacatalunya.cat\/wp-content\/uploads\/2026\/01\/colapso.jpg\",\"keywords\":[\"cercan\u00edas\",\"ferroviario\"],\"articleSection\":[\"Punts clau del dia (ES)\"],\"inLanguage\":\"es\",\"potentialAction\":[{\"@type\":\"CommentAction\",\"name\":\"Comment\",\"target\":[\"https:\/\/conversesacatalunya.cat\/es\/cronica-de-un-hundimiento-y-caos-catalan\/#respond\"]}]},{\"@type\":\"WebPage\",\"@id\":\"https:\/\/conversesacatalunya.cat\/es\/cronica-de-un-hundimiento-y-caos-catalan\/\",\"url\":\"https:\/\/conversesacatalunya.cat\/es\/cronica-de-un-hundimiento-y-caos-catalan\/\",\"name\":\"Los idus de enero: cr\u00f3nica de un hundimiento y el caos catal\u00e1n (I) - Converses a Catalunya\",\"isPartOf\":{\"@id\":\"https:\/\/conversesacatalunya.cat\/#website\"},\"primaryImageOfPage\":{\"@id\":\"https:\/\/conversesacatalunya.cat\/es\/cronica-de-un-hundimiento-y-caos-catalan\/#primaryimage\"},\"image\":{\"@id\":\"https:\/\/conversesacatalunya.cat\/es\/cronica-de-un-hundimiento-y-caos-catalan\/#primaryimage\"},\"thumbnailUrl\":\"https:\/\/conversesacatalunya.cat\/wp-content\/uploads\/2026\/01\/colapso.jpg\",\"datePublished\":\"2026-01-26T04:32:31+00:00\",\"dateModified\":\"2026-01-28T18:42:42+00:00\",\"author\":{\"@id\":\"https:\/\/conversesacatalunya.cat\/#\/schema\/person\/a9598a6786ba7d3d1c5e0de477b79370\"},\"description\":\"El colapso ferroviario en Catalu\u00f1a, el caos de la AP7 y la dejaci\u00f3n de autoridad del Gobierno Illa evidencian una crisis sist\u00e9mica.\",\"breadcrumb\":{\"@id\":\"https:\/\/conversesacatalunya.cat\/es\/cronica-de-un-hundimiento-y-caos-catalan\/#breadcrumb\"},\"inLanguage\":\"es\",\"potentialAction\":[{\"@type\":\"ReadAction\",\"target\":[\"https:\/\/conversesacatalunya.cat\/es\/cronica-de-un-hundimiento-y-caos-catalan\/\"]}]},{\"@type\":\"ImageObject\",\"inLanguage\":\"es\",\"@id\":\"https:\/\/conversesacatalunya.cat\/es\/cronica-de-un-hundimiento-y-caos-catalan\/#primaryimage\",\"url\":\"https:\/\/conversesacatalunya.cat\/wp-content\/uploads\/2026\/01\/colapso.jpg\",\"contentUrl\":\"https:\/\/conversesacatalunya.cat\/wp-content\/uploads\/2026\/01\/colapso.jpg\",\"width\":640,\"height\":438,\"caption\":\"Colapso ferroviario Catalu\u00f1a\"},{\"@type\":\"BreadcrumbList\",\"@id\":\"https:\/\/conversesacatalunya.cat\/es\/cronica-de-un-hundimiento-y-caos-catalan\/#breadcrumb\",\"itemListElement\":[{\"@type\":\"ListItem\",\"position\":1,\"name\":\"Inici\",\"item\":\"https:\/\/conversesacatalunya.cat\/es\/\"},{\"@type\":\"ListItem\",\"position\":2,\"name\":\"Los idus de enero: cr\u00f3nica de un hundimiento y el caos catal\u00e1n (I)\"}]},{\"@type\":\"WebSite\",\"@id\":\"https:\/\/conversesacatalunya.cat\/#website\",\"url\":\"https:\/\/conversesacatalunya.cat\/\",\"name\":\"Converses a Catalunya\",\"description\":\"\",\"potentialAction\":[{\"@type\":\"SearchAction\",\"target\":{\"@type\":\"EntryPoint\",\"urlTemplate\":\"https:\/\/conversesacatalunya.cat\/?s={search_term_string}\"},\"query-input\":{\"@type\":\"PropertyValueSpecification\",\"valueRequired\":true,\"valueName\":\"search_term_string\"}}],\"inLanguage\":\"es\"},{\"@type\":\"Person\",\"@id\":\"https:\/\/conversesacatalunya.cat\/#\/schema\/person\/a9598a6786ba7d3d1c5e0de477b79370\",\"name\":\"Josep Mir\u00f3 i Ard\u00e8vol\",\"image\":{\"@type\":\"ImageObject\",\"inLanguage\":\"es\",\"@id\":\"https:\/\/conversesacatalunya.cat\/#\/schema\/person\/image\/\",\"url\":\"https:\/\/conversesacatalunya.cat\/wp-content\/litespeed\/avatar\/c37e3dc881857483d6694cdf98fdedea.jpg?ver=1776665324\",\"contentUrl\":\"https:\/\/conversesacatalunya.cat\/wp-content\/litespeed\/avatar\/c37e3dc881857483d6694cdf98fdedea.jpg?ver=1776665324\",\"caption\":\"Josep Mir\u00f3 i Ard\u00e8vol\"},\"url\":\"https:\/\/conversesacatalunya.cat\/es\/author\/josep-miro-i-ardevol\/\"}]}<\/script>\n<!-- \/ Yoast SEO plugin. -->","yoast_head_json":{"title":"Los idus de enero: cr\u00f3nica de un hundimiento y el caos catal\u00e1n (I) - Converses a Catalunya","description":"El colapso ferroviario en Catalu\u00f1a, el caos de la AP7 y la dejaci\u00f3n de autoridad del Gobierno Illa evidencian una crisis sist\u00e9mica.","robots":{"index":"index","follow":"follow","max-snippet":"max-snippet:-1","max-image-preview":"max-image-preview:large","max-video-preview":"max-video-preview:-1"},"canonical":"https:\/\/conversesacatalunya.cat\/es\/cronica-de-un-hundimiento-y-caos-catalan\/","og_locale":"es_ES","og_type":"article","og_title":"Los idus de enero: cr\u00f3nica de un hundimiento y el caos catal\u00e1n (I) - Converses a Catalunya","og_description":"El colapso ferroviario en Catalu\u00f1a, el caos de la AP7 y la dejaci\u00f3n de autoridad del Gobierno Illa evidencian una crisis sist\u00e9mica.","og_url":"https:\/\/conversesacatalunya.cat\/es\/cronica-de-un-hundimiento-y-caos-catalan\/","og_site_name":"Converses a Catalunya","article_published_time":"2026-01-26T04:32:31+00:00","article_modified_time":"2026-01-28T18:42:42+00:00","og_image":[{"width":640,"height":438,"url":"https:\/\/conversesacatalunya.cat\/wp-content\/uploads\/2026\/01\/colapso.jpg","type":"image\/jpeg"}],"author":"Josep Mir\u00f3 i Ard\u00e8vol","twitter_card":"summary_large_image","twitter_misc":{"Escrito por":"Josep Mir\u00f3 i Ard\u00e8vol","Tiempo de lectura":"6 minutos"},"schema":{"@context":"https:\/\/schema.org","@graph":[{"@type":"Article","@id":"https:\/\/conversesacatalunya.cat\/es\/cronica-de-un-hundimiento-y-caos-catalan\/#article","isPartOf":{"@id":"https:\/\/conversesacatalunya.cat\/es\/cronica-de-un-hundimiento-y-caos-catalan\/"},"author":{"name":"Josep Mir\u00f3 i Ard\u00e8vol","@id":"https:\/\/conversesacatalunya.cat\/#\/schema\/person\/a9598a6786ba7d3d1c5e0de477b79370"},"headline":"Los idus de enero: cr\u00f3nica de un hundimiento y el caos catal\u00e1n (I)","datePublished":"2026-01-26T04:32:31+00:00","dateModified":"2026-01-28T18:42:42+00:00","mainEntityOfPage":{"@id":"https:\/\/conversesacatalunya.cat\/es\/cronica-de-un-hundimiento-y-caos-catalan\/"},"wordCount":1278,"commentCount":0,"image":{"@id":"https:\/\/conversesacatalunya.cat\/es\/cronica-de-un-hundimiento-y-caos-catalan\/#primaryimage"},"thumbnailUrl":"https:\/\/conversesacatalunya.cat\/wp-content\/uploads\/2026\/01\/colapso.jpg","keywords":["cercan\u00edas","ferroviario"],"articleSection":["Punts clau del dia (ES)"],"inLanguage":"es","potentialAction":[{"@type":"CommentAction","name":"Comment","target":["https:\/\/conversesacatalunya.cat\/es\/cronica-de-un-hundimiento-y-caos-catalan\/#respond"]}]},{"@type":"WebPage","@id":"https:\/\/conversesacatalunya.cat\/es\/cronica-de-un-hundimiento-y-caos-catalan\/","url":"https:\/\/conversesacatalunya.cat\/es\/cronica-de-un-hundimiento-y-caos-catalan\/","name":"Los idus de enero: cr\u00f3nica de un hundimiento y el caos catal\u00e1n (I) - Converses a Catalunya","isPartOf":{"@id":"https:\/\/conversesacatalunya.cat\/#website"},"primaryImageOfPage":{"@id":"https:\/\/conversesacatalunya.cat\/es\/cronica-de-un-hundimiento-y-caos-catalan\/#primaryimage"},"image":{"@id":"https:\/\/conversesacatalunya.cat\/es\/cronica-de-un-hundimiento-y-caos-catalan\/#primaryimage"},"thumbnailUrl":"https:\/\/conversesacatalunya.cat\/wp-content\/uploads\/2026\/01\/colapso.jpg","datePublished":"2026-01-26T04:32:31+00:00","dateModified":"2026-01-28T18:42:42+00:00","author":{"@id":"https:\/\/conversesacatalunya.cat\/#\/schema\/person\/a9598a6786ba7d3d1c5e0de477b79370"},"description":"El colapso ferroviario en Catalu\u00f1a, el caos de la AP7 y la dejaci\u00f3n de autoridad del Gobierno Illa evidencian una crisis sist\u00e9mica.","breadcrumb":{"@id":"https:\/\/conversesacatalunya.cat\/es\/cronica-de-un-hundimiento-y-caos-catalan\/#breadcrumb"},"inLanguage":"es","potentialAction":[{"@type":"ReadAction","target":["https:\/\/conversesacatalunya.cat\/es\/cronica-de-un-hundimiento-y-caos-catalan\/"]}]},{"@type":"ImageObject","inLanguage":"es","@id":"https:\/\/conversesacatalunya.cat\/es\/cronica-de-un-hundimiento-y-caos-catalan\/#primaryimage","url":"https:\/\/conversesacatalunya.cat\/wp-content\/uploads\/2026\/01\/colapso.jpg","contentUrl":"https:\/\/conversesacatalunya.cat\/wp-content\/uploads\/2026\/01\/colapso.jpg","width":640,"height":438,"caption":"Colapso ferroviario Catalu\u00f1a"},{"@type":"BreadcrumbList","@id":"https:\/\/conversesacatalunya.cat\/es\/cronica-de-un-hundimiento-y-caos-catalan\/#breadcrumb","itemListElement":[{"@type":"ListItem","position":1,"name":"Inici","item":"https:\/\/conversesacatalunya.cat\/es\/"},{"@type":"ListItem","position":2,"name":"Los idus de enero: cr\u00f3nica de un hundimiento y el caos catal\u00e1n (I)"}]},{"@type":"WebSite","@id":"https:\/\/conversesacatalunya.cat\/#website","url":"https:\/\/conversesacatalunya.cat\/","name":"Converses a Catalunya","description":"","potentialAction":[{"@type":"SearchAction","target":{"@type":"EntryPoint","urlTemplate":"https:\/\/conversesacatalunya.cat\/?s={search_term_string}"},"query-input":{"@type":"PropertyValueSpecification","valueRequired":true,"valueName":"search_term_string"}}],"inLanguage":"es"},{"@type":"Person","@id":"https:\/\/conversesacatalunya.cat\/#\/schema\/person\/a9598a6786ba7d3d1c5e0de477b79370","name":"Josep Mir\u00f3 i Ard\u00e8vol","image":{"@type":"ImageObject","inLanguage":"es","@id":"https:\/\/conversesacatalunya.cat\/#\/schema\/person\/image\/","url":"https:\/\/conversesacatalunya.cat\/wp-content\/litespeed\/avatar\/c37e3dc881857483d6694cdf98fdedea.jpg?ver=1776665324","contentUrl":"https:\/\/conversesacatalunya.cat\/wp-content\/litespeed\/avatar\/c37e3dc881857483d6694cdf98fdedea.jpg?ver=1776665324","caption":"Josep Mir\u00f3 i Ard\u00e8vol"},"url":"https:\/\/conversesacatalunya.cat\/es\/author\/josep-miro-i-ardevol\/"}]}},"wps_subtitle":"La quiebra de la gesti\u00f3n p\u00fablica y el secuestro de la ciudadan\u00eda de Catalu\u00f1a","_links":{"self":[{"href":"https:\/\/conversesacatalunya.cat\/es\/wp-json\/wp\/v2\/posts\/95848","targetHints":{"allow":["GET"]}}],"collection":[{"href":"https:\/\/conversesacatalunya.cat\/es\/wp-json\/wp\/v2\/posts"}],"about":[{"href":"https:\/\/conversesacatalunya.cat\/es\/wp-json\/wp\/v2\/types\/post"}],"author":[{"embeddable":true,"href":"https:\/\/conversesacatalunya.cat\/es\/wp-json\/wp\/v2\/users\/19"}],"replies":[{"embeddable":true,"href":"https:\/\/conversesacatalunya.cat\/es\/wp-json\/wp\/v2\/comments?post=95848"}],"version-history":[{"count":13,"href":"https:\/\/conversesacatalunya.cat\/es\/wp-json\/wp\/v2\/posts\/95848\/revisions"}],"predecessor-version":[{"id":95964,"href":"https:\/\/conversesacatalunya.cat\/es\/wp-json\/wp\/v2\/posts\/95848\/revisions\/95964"}],"wp:featuredmedia":[{"embeddable":true,"href":"https:\/\/conversesacatalunya.cat\/es\/wp-json\/wp\/v2\/media\/95856"}],"wp:attachment":[{"href":"https:\/\/conversesacatalunya.cat\/es\/wp-json\/wp\/v2\/media?parent=95848"}],"wp:term":[{"taxonomy":"category","embeddable":true,"href":"https:\/\/conversesacatalunya.cat\/es\/wp-json\/wp\/v2\/categories?post=95848"},{"taxonomy":"post_tag","embeddable":true,"href":"https:\/\/conversesacatalunya.cat\/es\/wp-json\/wp\/v2\/tags?post=95848"}],"curies":[{"name":"wp","href":"https:\/\/api.w.org\/{rel}","templated":true}]}}