{"id":95831,"date":"2026-01-23T06:07:40","date_gmt":"2026-01-23T05:07:40","guid":{"rendered":"https:\/\/conversesacatalunya.cat\/?p=95831"},"modified":"2026-01-23T06:35:19","modified_gmt":"2026-01-23T05:35:19","slug":"europa-crisis-mercosur-trump-autoridad-ue","status":"publish","type":"post","link":"https:\/\/conversesacatalunya.cat\/es\/europa-crisis-mercosur-trump-autoridad-ue\/","title":{"rendered":"Mercosur, Davos, Groenlandia, Ucrania. \u00bfSaldr\u00e1 adelante Europa?"},"content":{"rendered":"<p><span dir=\"auto\">La Uni\u00f3n Europea atraviesa uno de esos momentos hist\u00f3ricos en los que la suma de crisis ya no es coyuntural sino estructural. A finales de enero de 2026, el proyecto europeo se encuentra sometido a un<span>\u00a0<\/span><\/span><strong><span dir=\"auto\">triple asedio:<\/span><\/strong><span dir=\"auto\">\u00a0externo, interno e institucional. Ucrania, Mercosur, Groenlandia, Davos y Trump no son episodios aislados, sino s\u00edntomas de un mismo problema: la p\u00e9rdida de capacidad de autoridad y acci\u00f3n coherente de la UE como actor global.<\/span><\/p>\n<p><span dir=\"auto\">El ritmo de la historia se ha acelerado hasta l\u00edmites dif\u00edciles de manejar. Mientras en Catalu\u00f1a y en buena parte de Espa\u00f1a se hace visible el<span>\u00a0<\/span><\/span><span dir=\"auto\"><a href=\"https:\/\/conversesacatalunya.cat\/es\/catastrofe-en-cataluna-ciudadanos-munecos-y-gobierno-generalitat-una-comparsa\/\" target=\"_blank\" rel=\"noopener\">colapso de infraestructuras b\u00e1sicas<\/a>,<\/span><span dir=\"auto\"><span>\u00a0<\/span>Europa afronta un escenario geopol\u00edtico hostil sin las herramientas pol\u00edticas necesarias para responder a ellas. Lo que se presenta como soluci\u00f3n \u2014el acuerdo con el Mercosur\u2014 acaba siendo, parad\u00f3jicamente, un amplificador de la crisis.<\/span><\/p>\n<h4><strong><span dir=\"auto\">El frente ucraniano: la guerra que Europa puede perder sin combatir<\/span><\/strong><\/h4>\n<p><span dir=\"auto\"><span class=\"VIpgJd-yAWNEb-VIpgJd-fmcmS-sn54Q\" dir=\"auto\">La guerra de Ucrania es el primer gran frente, cronol\u00f3gica y estrat\u00e9gicamente. Pero es tambi\u00e9n lo que ha perdido centralidad pol\u00edtica. En Davos, el conflicto ha quedado eclipsado por el activismo de Donald Trump y por las nuevas tensiones comerciales globales. El riesgo principal no es una derrota militar, sino una<span>\u00a0<\/span><\/span><\/span><strong><span dir=\"auto\"><span class=\"VIpgJd-yAWNEb-VIpgJd-fmcmS-sn54Q\" dir=\"auto\">paz impuesta.<\/span><\/span><\/strong><\/p>\n<p><span dir=\"auto\"><span class=\"\" dir=\"auto\">Kiiv teme \u2014no sin motivos\u2014 que Washington y Mosc\u00fa acuerden un alto el fuego por encima de su cabeza, dejando a la UE la factura de la reconstrucci\u00f3n sin voz real alguna sobre la seguridad futura. En ese escenario,<span>\u00a0<\/span><\/span><\/span><strong><span dir=\"auto\"><span class=\"\" dir=\"auto\">Europa aparece como el pagador final de un conflicto que no controla pol\u00edticamente.<\/span><\/span><\/strong><\/p>\n<h4><strong><span dir=\"auto\">Trump, Groenlandia y el chantaje de la seguridad<\/span><\/strong><\/h4>\n<p><span dir=\"auto\">El regreso de Trump a la escena internacional ha sacudido todos los equilibrios. La crisis de Groenlandia es el ejemplo m\u00e1s crudo. Tras la tormenta inicial, Trump ha utilizado el conflicto como<span>\u00a0<\/span><\/span><strong><span dir=\"auto\">palanca de presi\u00f3n:<\/span><\/strong><span dir=\"auto\">\u00a0encauz\u00e1ndolo dentro de la OTAN, ha reafirmado el control estadounidense sobre el \u00c1rtico y ha obligado a los aliados europeos a aumentar el gasto militar bajo amenaza de desmantelar la alianza.<\/span><\/p>\n<p><span dir=\"auto\">Es una soberan\u00eda europea condicionada, casi tutelada. Las amenazas de aranceles del 10% al 25% contra pa\u00edses europeos completan el cuadro de una relaci\u00f3n transatl\u00e1ntica basada ya no en valores compartidos, sino en pura realpolitik.<\/span><\/p>\n<h4><strong><span dir=\"auto\">Davos 2026: Europa predica, el mundo act\u00faa<\/span><\/strong><\/h4>\n<p><span dir=\"auto\">El Foro Econ\u00f3mico Mundial de Davos ha sido el gran escenario simb\u00f3lico de esa fractura. Mientras los l\u00edderes europeos insisten en el lenguaje del multilateralismo y las reglas comunes, el resto del mundo \u2014EE.UU., China, India\u2014 opera abiertamente en clave de intereses nacionales.<span>\u00a0<\/span><\/span><strong><span dir=\"auto\">La UE parece hablar un idioma que ya no es hegem\u00f3nico.<\/span><\/strong><\/p>\n<p><span dir=\"auto\">Este desajuste entre discurso y realidad erosiona la credibilidad europea en cada negociaci\u00f3n internacional.<\/span><\/p>\n<h4><strong><span dir=\"auto\">Mercosur: el acuerdo que revela la descomposici\u00f3n interna<\/span><\/strong><\/h4>\n<p><span dir=\"auto\"><span class=\"VIpgJd-yAWNEb-VIpgJd-fmcmS-sn54Q\" dir=\"auto\">El caso Mercosur es el terremoto institucional que visibiliza la crisis. El 20 de enero de 2026, el Parlamento Europeo vot\u00f3, por un margen ajustad\u00edsimo, enviar el acuerdo comercial con el Mercosur al Tribunal de Justicia de la UE. El resultado -334 votos a favor, 324 en contra- congela la ratificaci\u00f3n de un<span>\u00a0<\/span><\/span><\/span><strong><span dir=\"auto\"><span class=\"VIpgJd-yAWNEb-VIpgJd-fmcmS-sn54Q\" dir=\"auto\"><a href=\"https:\/\/conversesacatalunya.cat\/es\/mercosur-agrieta-un-poco-mas-la-union-europea\/\" target=\"_blank\" rel=\"noopener\">acuerdo firmado pocos d\u00edas antes<\/a>.<\/span><\/span><\/strong><\/p>\n<p><span dir=\"auto\">Formalmente, se trata de examinar la compatibilidad jur\u00eddica del mecanismo de resoluci\u00f3n de disputas y de las cl\u00e1usulas medioambientales. Pol\u00edticamente, es una<span>\u00a0<\/span><\/span><strong><span dir=\"auto\">desautorizaci\u00f3n en toda regla de la Comisi\u00f3n Europea<\/span><\/strong><span dir=\"auto\"><span>\u00a0<\/span>y, personalmente, de Ursula von der Leyen.<\/span><\/p>\n<p><span dir=\"auto\">El mensaje hacia el exterior es devastador: \u00bfpor qu\u00e9 negociar con la UE si su propia arquitectura institucional puede deshacer a\u00f1os de negociaci\u00f3n en cuesti\u00f3n de d\u00edas?<\/span><\/p>\n<h4><strong><span dir=\"auto\">Francia contra Alemania: Europa contra s\u00ed misma<\/span><\/strong><\/h4>\n<p><span dir=\"auto\"><span class=\"VIpgJd-yAWNEb-VIpgJd-fmcmS-sn54Q\" dir=\"auto\">El bloqueo del Mercosur ha abierto una profunda fractura entre dos bloques irreconciliables. Por un lado,<span>\u00a0<\/span><\/span><\/span><strong><span dir=\"auto\"><span class=\"VIpgJd-yAWNEb-VIpgJd-fmcmS-sn54Q\" dir=\"auto\">el bloque proteccionista, liderado por Francia<\/span><\/span><\/strong><span dir=\"auto\"><span class=\"VIpgJd-yAWNEb-VIpgJd-fmcmS-sn54Q\" dir=\"auto\"><span>\u00a0<\/span>y con el apoyo de sectores agrarios y ecologistas. Por otro,<span>\u00a0<\/span><\/span><\/span><strong><span dir=\"auto\"><span class=\"VIpgJd-yAWNEb-VIpgJd-fmcmS-sn54Q\" dir=\"auto\">el bloque exportador, con Alemania y Espa\u00f1a<\/span><\/span><\/strong><span dir=\"auto\"><span class=\"VIpgJd-yAWNEb-VIpgJd-fmcmS-sn54Q\" dir=\"auto\"><span>\u00a0<\/span>a la cabeza, que ven el acuerdo como una salida estrat\u00e9gica frente al aislamiento comercial de EUA.<\/span><\/span><\/p>\n<p><span dir=\"auto\">Esa divisi\u00f3n interna es el mejor regalo para Washington y Pek\u00edn. Una Europa fragmentada deja de ser un actor negociador para convertirse en un tablero en el que otros mueven las piezas.<\/span><\/p>\n<h4><strong><span dir=\"auto\">El dilema democr\u00e1tico: \u00bfa qui\u00e9n representa la Comisi\u00f3n?<\/span><\/strong><\/h4>\n<p><span dir=\"auto\">La pregunta central que recurre Bruselas es tan simple como inquietante: <strong>\u00bfa<\/strong><\/span><strong><span dir=\"auto\">\u00a0qui\u00e9n representa hoy a la Comisi\u00f3n Europea?<\/span><\/strong><\/p>\n<p><span dir=\"auto\"><span class=\"VIpgJd-yAWNEb-VIpgJd-fmcmS-sn54Q\" dir=\"auto\">En teor\u00eda, defiende el inter\u00e9s general de la Uni\u00f3n. En la pr\u00e1ctica, ha quedado atrapada en tierra de nadie. No representa a unos Estados miembros profundamente divididos ni un Parlamento que ha optado por una contra-diplomacia activa. El resultado es una<span>\u00a0<\/span><\/span><\/span><strong><span dir=\"auto\"><span class=\"VIpgJd-yAWNEb-VIpgJd-fmcmS-sn54Q\" dir=\"auto\">tecnocracia sin base pol\u00edtica,<\/span><\/span><\/strong><span dir=\"auto\"><span class=\"VIpgJd-yAWNEb-VIpgJd-fmcmS-sn54Q\" dir=\"auto\">\u00a0que negocia grandes acuerdos geopol\u00edticos sin apoyo social ni parlamentario.<\/span><\/span><\/p>\n<p><span dir=\"auto\">Los tractores en Estrasburgo<span>\u00a0<\/span><\/span><strong><span dir=\"auto\">celebrando el bloqueo del Mercosur<\/span><\/strong><span dir=\"auto\"><span>\u00a0<\/span>son una potente imagen: la calle contra la geopol\u00edtica abstracta.<\/span><\/p>\n<h4><strong><span dir=\"auto\"><span class=\"\" dir=\"auto\">Conclusi\u00f3n: de actor global a escenario pasivo<\/span><\/span><\/strong><\/h4>\n<p><span dir=\"auto\"><span class=\"VIpgJd-yAWNEb-VIpgJd-fmcmS-sn54Q\" dir=\"auto\">Europa termina en enero de 2026 con una crisis de autoridad sin precedentes. Si la Comisi\u00f3n Europea no puede cerrar acuerdos, si el Parlamento bloquea la acci\u00f3n exterior y si los Estados miembros juegan partidas nacionales, la UE deja de ser un actor global.<\/span><\/span><\/p>\n<p><span dir=\"auto\">En ese vac\u00edo, Trump y China no imponen solo condiciones: imponen el ritmo. Y Europa, atrapada en sus propias contradicciones, corre el riesgo de limitarse a reaccionar cuando sea demasiado tarde.<\/span><\/p>\n<span class='bctt-click-to-tweet'><span class='bctt-ctt-text'><a href='https:\/\/twitter.com\/intent\/tweet?url=https%3A%2F%2Fconversesacatalunya.cat%2Fes%2Feuropa-crisis-mercosur-trump-autoridad-ue%2F&#038;text=Si%20la%20Comisi%C3%B3n%20Europea%20no%20puede%20cerrar%20acuerdos%2C%20si%20el%20Parlamento%20bloquea%20la%20acci%C3%B3n%20exterior%20y%20si%20los%20Estados%20miembros%20juegan%20partidas%20nacionales%2C%20la%20UE%20deja%20de%20ser%20un%20actor%20global.&#038;via=conversesacat&#038;related=conversesacat' target='_blank'rel=\"noopener noreferrer\">Si la Comisi\u00f3n Europea no puede cerrar acuerdos, si el Parlamento bloquea la acci\u00f3n exterior y si los Estados miembros juegan partidas nacionales, la UE deja de ser un actor global. <\/a><\/span><a href='https:\/\/twitter.com\/intent\/tweet?url=https%3A%2F%2Fconversesacatalunya.cat%2Fes%2Feuropa-crisis-mercosur-trump-autoridad-ue%2F&#038;text=Si%20la%20Comisi%C3%B3n%20Europea%20no%20puede%20cerrar%20acuerdos%2C%20si%20el%20Parlamento%20bloquea%20la%20acci%C3%B3n%20exterior%20y%20si%20los%20Estados%20miembros%20juegan%20partidas%20nacionales%2C%20la%20UE%20deja%20de%20ser%20un%20actor%20global.&#038;via=conversesacat&#038;related=conversesacat' target='_blank' class='bctt-ctt-btn'rel=\"noopener noreferrer\">Compartir en X<\/a><\/span>\n","protected":false},"excerpt":{"rendered":"<p>La Uni\u00f3n Europea atraviesa uno de esos momentos hist\u00f3ricos en los que la suma de crisis ya no es coyuntural sino estructural. A finales de enero de 2026, el proyecto europeo se encuentra sometido a un\u00a0triple asedio:\u00a0externo, interno e institucional. Ucrania, Mercosur, Groenlandia, Davos y Trump no son episodios aislados, sino s\u00edntomas de un mismo problema: la p\u00e9rdida de capacidad de autoridad y acci\u00f3n coherente de la UE como actor global. El ritmo de la historia se ha acelerado hasta l\u00edmites dif\u00edciles de manejar. Mientras en Catalu\u00f1a y en buena parte de Espa\u00f1a se hace visible el\u00a0colapso de infraestructuras b\u00e1sicas,\u00a0Europa afronta un escenario geopol\u00edtico hostil sin las herramientas pol\u00edticas necesarias para responder a ellas. Lo que se presenta como soluci\u00f3n \u2014el acuerdo con el Mercosur\u2014 acaba siendo, parad\u00f3jicamente, un amplificador de la crisis. El frente ucraniano: la guerra que Europa puede perder sin combatir La guerra de Ucrania es el primer gran frente, cronol\u00f3gica y estrat\u00e9gicamente. Pero es tambi\u00e9n lo que ha perdido centralidad pol\u00edtica. En Davos, el conflicto ha quedado eclipsado por el activismo de Donald Trump y por las nuevas tensiones comerciales globales. El riesgo principal no es una derrota militar, sino una\u00a0paz impuesta. Kiiv teme \u2014no sin motivos\u2014 que Washington y Mosc\u00fa acuerden un alto el fuego por encima de su cabeza, dejando a la UE la factura de la reconstrucci\u00f3n sin voz real alguna sobre la seguridad futura. En ese escenario,\u00a0Europa aparece como el pagador final de un conflicto que no controla pol\u00edticamente. Trump, Groenlandia y el chantaje de la seguridad El regreso de Trump a la escena internacional ha sacudido todos los equilibrios. La crisis de Groenlandia es el ejemplo m\u00e1s crudo. Tras la tormenta inicial, Trump ha utilizado el conflicto como\u00a0palanca de presi\u00f3n:\u00a0encauz\u00e1ndolo dentro de la OTAN, ha reafirmado el control estadounidense sobre el \u00c1rtico y ha obligado a los aliados europeos a aumentar el gasto militar bajo amenaza de desmantelar la alianza. Es una soberan\u00eda europea condicionada, casi tutelada. Las amenazas de aranceles del 10% al 25% contra pa\u00edses europeos completan el cuadro de una relaci\u00f3n transatl\u00e1ntica basada ya no en valores compartidos, sino en pura realpolitik. Davos 2026: Europa predica, el mundo act\u00faa El Foro Econ\u00f3mico Mundial de Davos ha sido el gran escenario simb\u00f3lico de esa fractura. Mientras los l\u00edderes europeos insisten en el lenguaje del multilateralismo y las reglas comunes, el resto del mundo \u2014EE.UU., China, India\u2014 opera abiertamente en clave de intereses nacionales.\u00a0La UE parece hablar un idioma que ya no es hegem\u00f3nico. Este desajuste entre discurso y realidad erosiona la credibilidad europea en cada negociaci\u00f3n internacional. Mercosur: el acuerdo que revela la descomposici\u00f3n interna El caso Mercosur es el terremoto institucional que visibiliza la crisis. El 20 de enero de 2026, el Parlamento Europeo vot\u00f3, por un margen ajustad\u00edsimo, enviar el acuerdo comercial con el Mercosur al Tribunal de Justicia de la UE. El resultado -334 votos a favor, 324 en contra- congela la ratificaci\u00f3n de un\u00a0acuerdo firmado pocos d\u00edas antes. Formalmente, se trata de examinar la compatibilidad jur\u00eddica del mecanismo de resoluci\u00f3n de disputas y de las cl\u00e1usulas medioambientales. Pol\u00edticamente, es una\u00a0desautorizaci\u00f3n en toda regla de la Comisi\u00f3n Europea\u00a0y, personalmente, de Ursula von der Leyen. El mensaje hacia el exterior es devastador: \u00bfpor qu\u00e9 negociar con la UE si su propia arquitectura institucional puede deshacer a\u00f1os de negociaci\u00f3n en cuesti\u00f3n de d\u00edas? Francia contra Alemania: Europa contra s\u00ed misma El bloqueo del Mercosur ha abierto una profunda fractura entre dos bloques irreconciliables. Por un lado,\u00a0el bloque proteccionista, liderado por Francia\u00a0y con el apoyo de sectores agrarios y ecologistas. Por otro,\u00a0el bloque exportador, con Alemania y Espa\u00f1a\u00a0a la cabeza, que ven el acuerdo como una salida estrat\u00e9gica frente al aislamiento comercial de EUA. Esa divisi\u00f3n interna es el mejor regalo para Washington y Pek\u00edn. Una Europa fragmentada deja de ser un actor negociador para convertirse en un tablero en el que otros mueven las piezas. El dilema democr\u00e1tico: \u00bfa qui\u00e9n representa la Comisi\u00f3n? La pregunta central que recurre Bruselas es tan simple como inquietante: \u00bfa\u00a0qui\u00e9n representa hoy a la Comisi\u00f3n Europea? En teor\u00eda, defiende el inter\u00e9s general de la Uni\u00f3n. En la pr\u00e1ctica, ha quedado atrapada en tierra de nadie. No representa a unos Estados miembros profundamente divididos ni un Parlamento que ha optado por una contra-diplomacia activa. El resultado es una\u00a0tecnocracia sin base pol\u00edtica,\u00a0que negocia grandes acuerdos geopol\u00edticos sin apoyo social ni parlamentario. Los tractores en Estrasburgo\u00a0celebrando el bloqueo del Mercosur\u00a0son una potente imagen: la calle contra la geopol\u00edtica abstracta. Conclusi\u00f3n: de actor global a escenario pasivo Europa termina en enero de 2026 con una crisis de autoridad sin precedentes. Si la Comisi\u00f3n Europea no puede cerrar acuerdos, si el Parlamento bloquea la acci\u00f3n exterior y si los Estados miembros juegan partidas nacionales, la UE deja de ser un actor global. En ese vac\u00edo, Trump y China no imponen solo condiciones: imponen el ritmo. Y Europa, atrapada en sus propias contradicciones, corre el riesgo de limitarse a reaccionar cuando sea demasiado tarde.<\/p>\n","protected":false},"author":80,"featured_media":95829,"comment_status":"open","ping_status":"open","sticky":false,"template":"","format":"standard","meta":{"_FSMCFIC_featured_image_caption":"Parlamento Europeo. Estrasburgo","_FSMCFIC_featured_image_nocaption":"","_FSMCFIC_featured_image_hide":"","footnotes":""},"categories":[806],"tags":[5227,1060,1334],"class_list":["post-95831","post","type-post","status-publish","format-standard","has-post-thumbnail","hentry","category-punts-claus-del-dia-es","tag-mercosur","tag-unio-europea-es","tag-union-europea"],"yoast_head":"<!-- This site is optimized with the Yoast SEO plugin v26.8 - https:\/\/yoast.com\/product\/yoast-seo-wordpress\/ -->\n<title>Mercosur, Davos, Groenlandia, Ucrania. \u00bfSaldr\u00e1 adelante Europa? - Converses a Catalunya<\/title>\n<meta name=\"description\" content=\"La UE afronta una crisis estructural marcada por el bloqueo del Mercosur, las tensiones con Trump, Ucrania y la divisi\u00f3n interna.\" \/>\n<meta name=\"robots\" content=\"index, follow, max-snippet:-1, max-image-preview:large, max-video-preview:-1\" \/>\n<link rel=\"canonical\" href=\"https:\/\/conversesacatalunya.cat\/es\/europa-crisis-mercosur-trump-autoridad-ue\/\" \/>\n<meta property=\"og:locale\" content=\"es_ES\" \/>\n<meta property=\"og:type\" content=\"article\" \/>\n<meta property=\"og:title\" content=\"Mercosur, Davos, Groenlandia, Ucrania. \u00bfSaldr\u00e1 adelante Europa? - Converses a Catalunya\" \/>\n<meta property=\"og:description\" content=\"La UE afronta una crisis estructural marcada por el bloqueo del Mercosur, las tensiones con Trump, Ucrania y la divisi\u00f3n interna.\" \/>\n<meta property=\"og:url\" content=\"https:\/\/conversesacatalunya.cat\/es\/europa-crisis-mercosur-trump-autoridad-ue\/\" \/>\n<meta property=\"og:site_name\" content=\"Converses a Catalunya\" \/>\n<meta property=\"article:published_time\" content=\"2026-01-23T05:07:40+00:00\" \/>\n<meta property=\"article:modified_time\" content=\"2026-01-23T05:35:19+00:00\" \/>\n<meta property=\"og:image\" content=\"https:\/\/conversesacatalunya.cat\/wp-content\/uploads\/2026\/01\/european-parliament-1266491_640.jpg\" \/>\n\t<meta property=\"og:image:width\" content=\"640\" \/>\n\t<meta property=\"og:image:height\" content=\"425\" \/>\n\t<meta property=\"og:image:type\" content=\"image\/jpeg\" \/>\n<meta name=\"author\" content=\"N\u00faria Freixa\" \/>\n<meta name=\"twitter:card\" content=\"summary_large_image\" \/>\n<meta name=\"twitter:label1\" content=\"Escrito por\" \/>\n\t<meta name=\"twitter:data1\" content=\"N\u00faria Freixa\" \/>\n\t<meta name=\"twitter:label2\" content=\"Tiempo de lectura\" \/>\n\t<meta name=\"twitter:data2\" content=\"5 minutos\" \/>\n<script type=\"application\/ld+json\" class=\"yoast-schema-graph\">{\"@context\":\"https:\/\/schema.org\",\"@graph\":[{\"@type\":\"Article\",\"@id\":\"https:\/\/conversesacatalunya.cat\/es\/europa-crisis-mercosur-trump-autoridad-ue\/#article\",\"isPartOf\":{\"@id\":\"https:\/\/conversesacatalunya.cat\/es\/europa-crisis-mercosur-trump-autoridad-ue\/\"},\"author\":{\"name\":\"N\u00faria Freixa\",\"@id\":\"https:\/\/conversesacatalunya.cat\/#\/schema\/person\/b734752c25b328c819a407cbea568c1f\"},\"headline\":\"Mercosur, Davos, Groenlandia, Ucrania. \u00bfSaldr\u00e1 adelante Europa?\",\"datePublished\":\"2026-01-23T05:07:40+00:00\",\"dateModified\":\"2026-01-23T05:35:19+00:00\",\"mainEntityOfPage\":{\"@id\":\"https:\/\/conversesacatalunya.cat\/es\/europa-crisis-mercosur-trump-autoridad-ue\/\"},\"wordCount\":950,\"commentCount\":0,\"image\":{\"@id\":\"https:\/\/conversesacatalunya.cat\/es\/europa-crisis-mercosur-trump-autoridad-ue\/#primaryimage\"},\"thumbnailUrl\":\"https:\/\/conversesacatalunya.cat\/wp-content\/uploads\/2026\/01\/european-parliament-1266491_640.jpg\",\"keywords\":[\"Mercosur\",\"Uni\u00f3 Europea\",\"Uni\u00f3n Europea\"],\"articleSection\":[\"Punts clau del dia (ES)\"],\"inLanguage\":\"es\",\"potentialAction\":[{\"@type\":\"CommentAction\",\"name\":\"Comment\",\"target\":[\"https:\/\/conversesacatalunya.cat\/es\/europa-crisis-mercosur-trump-autoridad-ue\/#respond\"]}]},{\"@type\":\"WebPage\",\"@id\":\"https:\/\/conversesacatalunya.cat\/es\/europa-crisis-mercosur-trump-autoridad-ue\/\",\"url\":\"https:\/\/conversesacatalunya.cat\/es\/europa-crisis-mercosur-trump-autoridad-ue\/\",\"name\":\"Mercosur, Davos, Groenlandia, Ucrania. \u00bfSaldr\u00e1 adelante Europa? - Converses a Catalunya\",\"isPartOf\":{\"@id\":\"https:\/\/conversesacatalunya.cat\/#website\"},\"primaryImageOfPage\":{\"@id\":\"https:\/\/conversesacatalunya.cat\/es\/europa-crisis-mercosur-trump-autoridad-ue\/#primaryimage\"},\"image\":{\"@id\":\"https:\/\/conversesacatalunya.cat\/es\/europa-crisis-mercosur-trump-autoridad-ue\/#primaryimage\"},\"thumbnailUrl\":\"https:\/\/conversesacatalunya.cat\/wp-content\/uploads\/2026\/01\/european-parliament-1266491_640.jpg\",\"datePublished\":\"2026-01-23T05:07:40+00:00\",\"dateModified\":\"2026-01-23T05:35:19+00:00\",\"author\":{\"@id\":\"https:\/\/conversesacatalunya.cat\/#\/schema\/person\/b734752c25b328c819a407cbea568c1f\"},\"description\":\"La UE afronta una crisis estructural marcada por el bloqueo del Mercosur, las tensiones con Trump, Ucrania y la divisi\u00f3n interna.\",\"breadcrumb\":{\"@id\":\"https:\/\/conversesacatalunya.cat\/es\/europa-crisis-mercosur-trump-autoridad-ue\/#breadcrumb\"},\"inLanguage\":\"es\",\"potentialAction\":[{\"@type\":\"ReadAction\",\"target\":[\"https:\/\/conversesacatalunya.cat\/es\/europa-crisis-mercosur-trump-autoridad-ue\/\"]}]},{\"@type\":\"ImageObject\",\"inLanguage\":\"es\",\"@id\":\"https:\/\/conversesacatalunya.cat\/es\/europa-crisis-mercosur-trump-autoridad-ue\/#primaryimage\",\"url\":\"https:\/\/conversesacatalunya.cat\/wp-content\/uploads\/2026\/01\/european-parliament-1266491_640.jpg\",\"contentUrl\":\"https:\/\/conversesacatalunya.cat\/wp-content\/uploads\/2026\/01\/european-parliament-1266491_640.jpg\",\"width\":640,\"height\":425,\"caption\":\"Uni\u00f3n Europea crisis\"},{\"@type\":\"BreadcrumbList\",\"@id\":\"https:\/\/conversesacatalunya.cat\/es\/europa-crisis-mercosur-trump-autoridad-ue\/#breadcrumb\",\"itemListElement\":[{\"@type\":\"ListItem\",\"position\":1,\"name\":\"Inici\",\"item\":\"https:\/\/conversesacatalunya.cat\/es\/\"},{\"@type\":\"ListItem\",\"position\":2,\"name\":\"Mercosur, Davos, Groenlandia, Ucrania. \u00bfSaldr\u00e1 adelante Europa?\"}]},{\"@type\":\"WebSite\",\"@id\":\"https:\/\/conversesacatalunya.cat\/#website\",\"url\":\"https:\/\/conversesacatalunya.cat\/\",\"name\":\"Converses a Catalunya\",\"description\":\"\",\"potentialAction\":[{\"@type\":\"SearchAction\",\"target\":{\"@type\":\"EntryPoint\",\"urlTemplate\":\"https:\/\/conversesacatalunya.cat\/?s={search_term_string}\"},\"query-input\":{\"@type\":\"PropertyValueSpecification\",\"valueRequired\":true,\"valueName\":\"search_term_string\"}}],\"inLanguage\":\"es\"},{\"@type\":\"Person\",\"@id\":\"https:\/\/conversesacatalunya.cat\/#\/schema\/person\/b734752c25b328c819a407cbea568c1f\",\"name\":\"N\u00faria Freixa\",\"image\":{\"@type\":\"ImageObject\",\"inLanguage\":\"es\",\"@id\":\"https:\/\/conversesacatalunya.cat\/#\/schema\/person\/image\/\",\"url\":\"https:\/\/conversesacatalunya.cat\/wp-content\/litespeed\/avatar\/c3686e387186fed249338fe04729c597.jpg?ver=1777289182\",\"contentUrl\":\"https:\/\/conversesacatalunya.cat\/wp-content\/litespeed\/avatar\/c3686e387186fed249338fe04729c597.jpg?ver=1777289182\",\"caption\":\"N\u00faria Freixa\"},\"url\":\"https:\/\/conversesacatalunya.cat\/es\/author\/nuria_freixa\/\"}]}<\/script>\n<!-- \/ Yoast SEO plugin. -->","yoast_head_json":{"title":"Mercosur, Davos, Groenlandia, Ucrania. \u00bfSaldr\u00e1 adelante Europa? - Converses a Catalunya","description":"La UE afronta una crisis estructural marcada por el bloqueo del Mercosur, las tensiones con Trump, Ucrania y la divisi\u00f3n interna.","robots":{"index":"index","follow":"follow","max-snippet":"max-snippet:-1","max-image-preview":"max-image-preview:large","max-video-preview":"max-video-preview:-1"},"canonical":"https:\/\/conversesacatalunya.cat\/es\/europa-crisis-mercosur-trump-autoridad-ue\/","og_locale":"es_ES","og_type":"article","og_title":"Mercosur, Davos, Groenlandia, Ucrania. \u00bfSaldr\u00e1 adelante Europa? - Converses a Catalunya","og_description":"La UE afronta una crisis estructural marcada por el bloqueo del Mercosur, las tensiones con Trump, Ucrania y la divisi\u00f3n interna.","og_url":"https:\/\/conversesacatalunya.cat\/es\/europa-crisis-mercosur-trump-autoridad-ue\/","og_site_name":"Converses a Catalunya","article_published_time":"2026-01-23T05:07:40+00:00","article_modified_time":"2026-01-23T05:35:19+00:00","og_image":[{"width":640,"height":425,"url":"https:\/\/conversesacatalunya.cat\/wp-content\/uploads\/2026\/01\/european-parliament-1266491_640.jpg","type":"image\/jpeg"}],"author":"N\u00faria Freixa","twitter_card":"summary_large_image","twitter_misc":{"Escrito por":"N\u00faria Freixa","Tiempo de lectura":"5 minutos"},"schema":{"@context":"https:\/\/schema.org","@graph":[{"@type":"Article","@id":"https:\/\/conversesacatalunya.cat\/es\/europa-crisis-mercosur-trump-autoridad-ue\/#article","isPartOf":{"@id":"https:\/\/conversesacatalunya.cat\/es\/europa-crisis-mercosur-trump-autoridad-ue\/"},"author":{"name":"N\u00faria Freixa","@id":"https:\/\/conversesacatalunya.cat\/#\/schema\/person\/b734752c25b328c819a407cbea568c1f"},"headline":"Mercosur, Davos, Groenlandia, Ucrania. \u00bfSaldr\u00e1 adelante Europa?","datePublished":"2026-01-23T05:07:40+00:00","dateModified":"2026-01-23T05:35:19+00:00","mainEntityOfPage":{"@id":"https:\/\/conversesacatalunya.cat\/es\/europa-crisis-mercosur-trump-autoridad-ue\/"},"wordCount":950,"commentCount":0,"image":{"@id":"https:\/\/conversesacatalunya.cat\/es\/europa-crisis-mercosur-trump-autoridad-ue\/#primaryimage"},"thumbnailUrl":"https:\/\/conversesacatalunya.cat\/wp-content\/uploads\/2026\/01\/european-parliament-1266491_640.jpg","keywords":["Mercosur","Uni\u00f3 Europea","Uni\u00f3n Europea"],"articleSection":["Punts clau del dia (ES)"],"inLanguage":"es","potentialAction":[{"@type":"CommentAction","name":"Comment","target":["https:\/\/conversesacatalunya.cat\/es\/europa-crisis-mercosur-trump-autoridad-ue\/#respond"]}]},{"@type":"WebPage","@id":"https:\/\/conversesacatalunya.cat\/es\/europa-crisis-mercosur-trump-autoridad-ue\/","url":"https:\/\/conversesacatalunya.cat\/es\/europa-crisis-mercosur-trump-autoridad-ue\/","name":"Mercosur, Davos, Groenlandia, Ucrania. \u00bfSaldr\u00e1 adelante Europa? - Converses a Catalunya","isPartOf":{"@id":"https:\/\/conversesacatalunya.cat\/#website"},"primaryImageOfPage":{"@id":"https:\/\/conversesacatalunya.cat\/es\/europa-crisis-mercosur-trump-autoridad-ue\/#primaryimage"},"image":{"@id":"https:\/\/conversesacatalunya.cat\/es\/europa-crisis-mercosur-trump-autoridad-ue\/#primaryimage"},"thumbnailUrl":"https:\/\/conversesacatalunya.cat\/wp-content\/uploads\/2026\/01\/european-parliament-1266491_640.jpg","datePublished":"2026-01-23T05:07:40+00:00","dateModified":"2026-01-23T05:35:19+00:00","author":{"@id":"https:\/\/conversesacatalunya.cat\/#\/schema\/person\/b734752c25b328c819a407cbea568c1f"},"description":"La UE afronta una crisis estructural marcada por el bloqueo del Mercosur, las tensiones con Trump, Ucrania y la divisi\u00f3n interna.","breadcrumb":{"@id":"https:\/\/conversesacatalunya.cat\/es\/europa-crisis-mercosur-trump-autoridad-ue\/#breadcrumb"},"inLanguage":"es","potentialAction":[{"@type":"ReadAction","target":["https:\/\/conversesacatalunya.cat\/es\/europa-crisis-mercosur-trump-autoridad-ue\/"]}]},{"@type":"ImageObject","inLanguage":"es","@id":"https:\/\/conversesacatalunya.cat\/es\/europa-crisis-mercosur-trump-autoridad-ue\/#primaryimage","url":"https:\/\/conversesacatalunya.cat\/wp-content\/uploads\/2026\/01\/european-parliament-1266491_640.jpg","contentUrl":"https:\/\/conversesacatalunya.cat\/wp-content\/uploads\/2026\/01\/european-parliament-1266491_640.jpg","width":640,"height":425,"caption":"Uni\u00f3n Europea crisis"},{"@type":"BreadcrumbList","@id":"https:\/\/conversesacatalunya.cat\/es\/europa-crisis-mercosur-trump-autoridad-ue\/#breadcrumb","itemListElement":[{"@type":"ListItem","position":1,"name":"Inici","item":"https:\/\/conversesacatalunya.cat\/es\/"},{"@type":"ListItem","position":2,"name":"Mercosur, Davos, Groenlandia, Ucrania. \u00bfSaldr\u00e1 adelante Europa?"}]},{"@type":"WebSite","@id":"https:\/\/conversesacatalunya.cat\/#website","url":"https:\/\/conversesacatalunya.cat\/","name":"Converses a Catalunya","description":"","potentialAction":[{"@type":"SearchAction","target":{"@type":"EntryPoint","urlTemplate":"https:\/\/conversesacatalunya.cat\/?s={search_term_string}"},"query-input":{"@type":"PropertyValueSpecification","valueRequired":true,"valueName":"search_term_string"}}],"inLanguage":"es"},{"@type":"Person","@id":"https:\/\/conversesacatalunya.cat\/#\/schema\/person\/b734752c25b328c819a407cbea568c1f","name":"N\u00faria Freixa","image":{"@type":"ImageObject","inLanguage":"es","@id":"https:\/\/conversesacatalunya.cat\/#\/schema\/person\/image\/","url":"https:\/\/conversesacatalunya.cat\/wp-content\/litespeed\/avatar\/c3686e387186fed249338fe04729c597.jpg?ver=1777289182","contentUrl":"https:\/\/conversesacatalunya.cat\/wp-content\/litespeed\/avatar\/c3686e387186fed249338fe04729c597.jpg?ver=1777289182","caption":"N\u00faria Freixa"},"url":"https:\/\/conversesacatalunya.cat\/es\/author\/nuria_freixa\/"}]}},"wps_subtitle":"La Uni\u00f3n Europea atraviesa uno de esos momentos hist\u00f3ricos en los que la suma de crisis ya no es coyuntural sino estructural. A finales de enero de 2026, el proyecto europeo se encuentra sometido a un triple asedio: externo, interno e institucional.","_links":{"self":[{"href":"https:\/\/conversesacatalunya.cat\/es\/wp-json\/wp\/v2\/posts\/95831","targetHints":{"allow":["GET"]}}],"collection":[{"href":"https:\/\/conversesacatalunya.cat\/es\/wp-json\/wp\/v2\/posts"}],"about":[{"href":"https:\/\/conversesacatalunya.cat\/es\/wp-json\/wp\/v2\/types\/post"}],"author":[{"embeddable":true,"href":"https:\/\/conversesacatalunya.cat\/es\/wp-json\/wp\/v2\/users\/80"}],"replies":[{"embeddable":true,"href":"https:\/\/conversesacatalunya.cat\/es\/wp-json\/wp\/v2\/comments?post=95831"}],"version-history":[{"count":4,"href":"https:\/\/conversesacatalunya.cat\/es\/wp-json\/wp\/v2\/posts\/95831\/revisions"}],"predecessor-version":[{"id":95832,"href":"https:\/\/conversesacatalunya.cat\/es\/wp-json\/wp\/v2\/posts\/95831\/revisions\/95832"}],"wp:featuredmedia":[{"embeddable":true,"href":"https:\/\/conversesacatalunya.cat\/es\/wp-json\/wp\/v2\/media\/95829"}],"wp:attachment":[{"href":"https:\/\/conversesacatalunya.cat\/es\/wp-json\/wp\/v2\/media?parent=95831"}],"wp:term":[{"taxonomy":"category","embeddable":true,"href":"https:\/\/conversesacatalunya.cat\/es\/wp-json\/wp\/v2\/categories?post=95831"},{"taxonomy":"post_tag","embeddable":true,"href":"https:\/\/conversesacatalunya.cat\/es\/wp-json\/wp\/v2\/tags?post=95831"}],"curies":[{"name":"wp","href":"https:\/\/api.w.org\/{rel}","templated":true}]}}