{"id":95811,"date":"2026-01-22T19:04:37","date_gmt":"2026-01-22T18:04:37","guid":{"rendered":"https:\/\/conversesacatalunya.cat\/?p=95811"},"modified":"2026-01-22T19:44:03","modified_gmt":"2026-01-22T18:44:03","slug":"catastrofe-en-cataluna-ciudadanos-munecos-y-gobierno-generalitat-una-comparsa","status":"publish","type":"post","link":"https:\/\/conversesacatalunya.cat\/es\/catastrofe-en-cataluna-ciudadanos-munecos-y-gobierno-generalitat-una-comparsa\/","title":{"rendered":"Dos d\u00edas de enero 2026: Cat\u00e1strofe en Catalu\u00f1a cuando los ciudadanos somos mu\u00f1ecos y el gobierno de la Generalitat una comparsa"},"content":{"rendered":"<p><span dir=\"auto\">El colapso de Cercan\u00edas de Catalu\u00f1a empez\u00f3 la noche del 20 de enero de 2026, se extendi\u00f3 al 21 y sigui\u00f3 en contra de las previsiones iniciales el jueves 22, seguramente por presiones de los maquinistas que consideraban insegura la situaci\u00f3n.<\/span><\/p>\n<p><span dir=\"auto\"><span class=\"VIpgJd-yAWNEb-VIpgJd-fmcmS-sn54Q\" dir=\"auto\">En dos d\u00edas, del<\/span><\/span><strong><span dir=\"auto\"><span class=\"VIpgJd-yAWNEb-VIpgJd-fmcmS-sn54Q\" dir=\"auto\">\u00a0orden de cerca de un mill\u00f3n de personas<\/span><\/span><\/strong><span dir=\"auto\"><span class=\"VIpgJd-yAWNEb-VIpgJd-fmcmS-sn54Q\" dir=\"auto\"><span>\u00a0<\/span>se han visto obligadas a no utilizar un servicio necesario, lo que a su vez ha colapsado buena parte de los accesos viarios a la capital y en especial la conexi\u00f3n que se realiza por la AP7 que sigue cortada en Gelida.<\/span><\/span><\/p>\n<p><span dir=\"auto\">Es dif\u00edcil encontrar un precedente de esta magnitud y todo ello sin que previamente se haya producido una gran cat\u00e1strofe. Es cierto que la tormenta Harris provoc\u00f3 una precipitaci\u00f3n elevada, pero ni mucho menos en todo el territorio. La cat\u00e1strofe ha mostrado la extrema debilidad de las infraestructuras catalanas y en \u00faltimo t\u00e9rmino del propio gobierno de la Generalitat.<\/span><\/p>\n<p><span dir=\"auto\"><span class=\"VIpgJd-yAWNEb-VIpgJd-fmcmS-sn54Q\" dir=\"auto\">Catalu\u00f1a ha sufrido una cat\u00e1strofe ins\u00f3lita generada por los propios responsables de velar para que estas cosas no se produzcan:<span>\u00a0<\/span><\/span><\/span><strong><span dir=\"auto\"><span class=\"VIpgJd-yAWNEb-VIpgJd-fmcmS-sn54Q\" dir=\"auto\">Renfe, Adif y el te\u00f3rico gobierno de Catalu\u00f1a,<\/span><\/span><\/strong><span dir=\"auto\"><span class=\"VIpgJd-yAWNEb-VIpgJd-fmcmS-sn54Q\" dir=\"auto\">\u00a0que ha puesto en evidencia que es una comparsa no ya del Gobierno espa\u00f1ol sino de las histerias de \u00d3scar Puente y su Ministerio.<\/span><\/span><\/p>\n<p><span dir=\"auto\">Nunca en ning\u00fan sitio y menos en nuestro pa\u00eds se ha producido algo parecido, ni siquiera por amenazas terroristas. Han logrado que la gente piense que tomar el tren \u201ces como ir a la guerra\u201d, lo han convertido en una pr\u00e1ctica de riesgo.<\/span><\/p>\n<h4><strong><span dir=\"auto\">Las causas de la cat\u00e1strofe<\/span><\/strong><\/h4>\n<p><span dir=\"auto\"><span class=\"VIpgJd-yAWNEb-VIpgJd-fmcmS-sn54Q\" dir=\"auto\">El d\u00eda antes de la decisi\u00f3n catastr\u00f3fica se hab\u00edan producido dos descarrilamientos relacionados con el temporal Harry. El d\u00eda 20 hubo un descarrilamiento grave en la R4 entre Gelida y Sant Sadurn\u00ed d&#8217;Anoia por la ca\u00edda de un muro o talud en la v\u00eda, con muerte del maquinista y decenas de heridos. Casi a la vez, otro tren descarril\u00f3 entre Blanes y Ma\u00e7anet-Massanes al impactar con una roca ca\u00edda en la v\u00eda.<\/span><\/span><\/p>\n<p><span dir=\"auto\">La tragedia de los muertos y heridos en un caso era una excepci\u00f3n, pero lluvias torrenciales en Catalu\u00f1a hemos sufrido casi cada a\u00f1o, como corresponde al clima mediterr\u00e1neo. Es m\u00e1s, en el \u00e1rea del accidente m\u00e1s grave en el Pened\u00e8s, las lluvias fueron inferiores a las m\u00e1ximas registradas en otros per\u00edodos, porque la \u201cllevantada\u201d no afect\u00f3 por igual a todo el territorio catal\u00e1n, sino sobre todo al litoral y prelitoral gerundense.<span>\u00a0<\/span><\/span><strong><span dir=\"auto\">Ayer cayeron 23,9 l\/m\u00b2 en Sant Sadurn\u00ed d&#8217;Anoia y 23,4 l\/m\u00b2 en Gelida, cantidad de precipitaci\u00f3n habitual<\/span><\/strong><span dir=\"auto\"><span>\u00a0<\/span>en cualquier punto de nuestro pa\u00eds.<\/span><\/p>\n<p><span dir=\"auto\"><span class=\"VIpgJd-yAWNEb-VIpgJd-fmcmS-sn54Q\" dir=\"auto\">Hay que decirlo porque ahora van a intentar decir que llovi\u00f3 el diluvio universal para justificar que no tienen la infraestructura en buenas condiciones. Y eso no es nuevo, eh, que en el 2023 se inventaron que hab\u00eda ca\u00eddo un rayo sobre un tren para intentar justificar un colapso ferroviario. \u00bfLa realidad?, cero<span>\u00a0<\/span><\/span><\/span><strong><span dir=\"auto\"><span class=\"VIpgJd-yAWNEb-VIpgJd-fmcmS-sn54Q\" dir=\"auto\"> rayos en la zona.<\/span><\/span><\/strong><\/p>\n<p><span dir=\"auto\">Ni la lluvia catastr\u00f3fica afect\u00f3 ni de lejos a todo el territorio, ni hab\u00eda necesidad de una medida tan radical, salvo por la histeria instalada en el Ministerio, Renfe y ADIF y la presi\u00f3n de los maquinistas.<\/span><\/p>\n<p><span dir=\"auto\">Ante aquellos dos incidentes y otros menores, Adif decret\u00f3 la suspensi\u00f3n total de la circulaci\u00f3n en todas las l\u00edneas de Cercan\u00edas de Catalu\u00f1a (R1, R2, R3, R4, R11, R15, etc.) para revisar v\u00edas, catenarias, taludes y se\u00f1alizaci\u00f3n antes de permitir de nuevo el paso de trenes. Atend\u00eda as\u00ed la reclamaci\u00f3n del<span>\u00a0<\/span><\/span><strong><a href=\"https:\/\/www.semaf.org\/\" target=\"_blank\" rel=\"noopener\"><span dir=\"auto\">sindicato de maquinistas<\/span><\/a><span dir=\"auto\"><span>\u00a0<\/span>SEMAF<\/span><\/strong><span dir=\"auto\"><span>\u00a0<\/span>que pidi\u00f3 detener el servicio \u00abhasta nuevo aviso\u00bb hasta que hubiera garant\u00edas m\u00ednimas de seguridad, presionando para que no se reanudara la circulaci\u00f3n sin inspecciones completas.<\/span><\/p>\n<p><span dir=\"auto\"><span class=\"VIpgJd-yAWNEb-VIpgJd-fmcmS-sn54Q\" dir=\"auto\">Lo que deb\u00eda ser una acci\u00f3n preventiva hasta las 6:00 h se convirti\u00f3 en un<span>\u00a0<\/span><\/span><\/span><strong><span dir=\"auto\"><span class=\"VIpgJd-yAWNEb-VIpgJd-fmcmS-sn54Q\" dir=\"auto\">paro total de pr\u00e1cticamente dos d\u00edas.<\/span><\/span><\/strong><span dir=\"auto\"><span class=\"VIpgJd-yAWNEb-VIpgJd-fmcmS-sn54Q\" dir=\"auto\">\u00a0Lo hicieron sin previo aviso, sin que<span>\u00a0<\/span><\/span><\/span><strong><span dir=\"auto\"><span class=\"VIpgJd-yAWNEb-VIpgJd-fmcmS-sn54Q\" dir=\"auto\">la Generalitat cursara una alerta general<\/span><\/span><\/strong><span dir=\"auto\"><span class=\"VIpgJd-yAWNEb-VIpgJd-fmcmS-sn54Q\" dir=\"auto\"><span>\u00a0<\/span>advirti\u00e9ndolo el d\u00eda antes, aunque s\u00ed ha hecho uso de este mecanismo en anteriores ocasiones por fen\u00f3menos meteorol\u00f3gico de mucha menor incidencia.<\/span><\/span><\/p>\n<h4><strong><span dir=\"auto\">Cuestiones clave que hay que aclarar y pedir responsabilidades<\/span><\/strong><\/h4>\n<ul>\n<li><span dir=\"auto\">\u00bfDe qu\u00e9 sirve el acuerdo entre Generalitat y Gobierno para gestionar Cercan\u00edas?, qu\u00e9 utilidad tiene, de qu\u00e9 ha servido. \u00bfDe qu\u00e9 va a servir?<\/span><\/li>\n<li><span dir=\"auto\">\u00bfComunic\u00f3 el Ministerio, Adif, Renfe la decisi\u00f3n catastr\u00f3fica a la Generalitat? \u00bfA qui\u00e9n, cu\u00e1ndo, c\u00f3mo? Que pinta el gobierno catal\u00e1n ante algo tan grave.<\/span><\/li>\n<li><span dir=\"auto\">\u00bfPor qu\u00e9 no se avis\u00f3 la noche anterior utilizando los medios de alerta de los que se dispone?<\/span><\/li>\n<li><span dir=\"auto\">\u00bfPor qu\u00e9 ni gobierno ni ministerio adoptaron medidas de emergencia proporcionadas para evitar el colapso en el desplazamiento de medio mill\u00f3n de personas todos los d\u00edas?<\/span><\/li>\n<li><span dir=\"auto\">Las consecuencias econ\u00f3micas tan grandes de estos da\u00f1os, \u00bfrecibir\u00e1n alguna compensaci\u00f3n?<\/span><\/li>\n<\/ul>\n<p><span dir=\"auto\"><span class=\"VIpgJd-yAWNEb-VIpgJd-fmcmS-sn54Q\" dir=\"auto\">Aqu\u00ed no puede haber silencio, el gobierno debe explicarse por qu\u00e9 se debe a la ciudadan\u00eda y el Parlamento debe actuar para aclarar y establecer responsabilidades pol\u00edticas, a pesar de que<span>\u00a0<\/span><\/span><\/span><strong><span dir=\"auto\"><span class=\"VIpgJd-yAWNEb-VIpgJd-fmcmS-sn54Q\" dir=\"auto\">ERC y los Comunes,<\/span><\/span><\/strong><span dir=\"auto\"><span class=\"VIpgJd-yAWNEb-VIpgJd-fmcmS-sn54Q\" dir=\"auto\"> han demostrado su incapacidad para el servicio p\u00fablico, ya que han adoptado una posici\u00f3n de perfil bajo, lo que supone que ya hay mayor\u00eda para que adem\u00e1s del colapso real, las aclaraciones y petici\u00f3n de responsabilidades queden tambi\u00e9n colapsadas.<\/span><\/span><\/p>\n<h4><strong><span dir=\"auto\">Dimensi\u00f3n del colapso y afectaciones<\/span><\/strong><\/h4>\n<p><span dir=\"auto\">Estaciones como Barcelona-Sants, Pla\u00e7a Catalunya, Arc de Triomf o Sant Andreu se llenaron de pasajeros sin informaci\u00f3n clara, con pantallas en blanco, megafon\u00eda cambiante y colas para intentar llegar al trabajo o a los estudios.<\/span><\/p>\n<p><span dir=\"auto\"><span class=\"VIpgJd-yAWNEb-VIpgJd-fmcmS-sn54Q\" dir=\"auto\">Entidades sociales, sindicatos y medios han se\u00f1alado responsabilidades compartidas entre Adif, Renfe, Generalitat y Gobierno espa\u00f1ol, remarcando la falta de mantenimiento, la vulnerabilidad de la infraestructura frente a temporales y la mala informaci\u00f3n a los viajeros.<\/span><\/span><\/p>\n<p><span dir=\"auto\">Es necesario saber el coste de todo ello. Cercan\u00edas mueve a unos 400.000\u2013500.000 pasajeros diarios en Catalu\u00f1a, muchos de ellos trabajadores pendulares, por lo que el impacto humano y laboral es alto.<\/span><\/p>\n<h5><strong><span dir=\"auto\">Estimaciones de personas afectadas<\/span><\/strong><\/h5>\n<p><span dir=\"auto\"><span class=\"VIpgJd-yAWNEb-VIpgJd-fmcmS-sn54Q\" dir=\"auto\">Una primera estimaci\u00f3n de<em> Converses<\/em> se\u00f1ala la magnitud de ayer y solo en costes directos, sin considerar los indirectos y las secuelas temporales que seguramente son de gran magnitud.<span>\u00a0<\/span><\/span><\/span><strong><span dir=\"auto\"><span class=\"VIpgJd-yAWNEb-VIpgJd-fmcmS-sn54Q\" dir=\"auto\">El colapso afect\u00f3 a 400.000\u2013500.000 usuarios directos al d\u00eda:<\/span><\/span><\/strong><span dir=\"auto\"><span class=\"VIpgJd-yAWNEb-VIpgJd-fmcmS-sn54Q\" dir=\"auto\"><span>\u00a0<\/span>Es el volumen diario habitual de Cercan\u00edas (R1\u2013R4, etc.), que quedaron sin servicio durante la mayor parte del d\u00eda, especialmente en la hora punta matinal.<span>\u00a0<\/span><\/span><\/span><strong><span dir=\"auto\"><span class=\"VIpgJd-yAWNEb-VIpgJd-fmcmS-sn54Q\" dir=\"auto\">Cientos de miles indirectos:<\/span><\/span><\/strong><span dir=\"auto\"><span class=\"VIpgJd-yAWNEb-VIpgJd-fmcmS-sn54Q\" dir=\"auto\"> Incluye familias, estudiantes y usuarios que saturaron FGC, metro y autobuses, con colas largas y retrasos adicionales.<\/span><\/span><\/p>\n<p><span dir=\"auto\">Basado en paros anteriores (ej. 228.000 horas en 4 meses de retrasos en 2023), asumiendo 2\u20134 horas de retraso por trabajador afectado en un paro total.<span>\u00a0<\/span><\/span><strong><span dir=\"auto\">Coste laboral directo: de 50 a 100 millones de euros.<\/span><\/strong><span dir=\"auto\"><span>\u00a0<\/span>Total econ\u00f3mico directo.<\/span><\/p>\n<p><span dir=\"auto\"><span class=\"VIpgJd-yAWNEb-VIpgJd-fmcmS-sn54Q\" dir=\"auto\">Empresas de Barcelona y cercan\u00edas (tecnolog\u00eda, comercio, servicios) son las m\u00e1s afectadas, con recomendaciones de Pimec para teletrabajo y an\u00e1lisis caso por caso, ya que no todas las ausencias se pueden recuperar f\u00e1cilmente.<\/span><\/span><\/p>\n<p><span dir=\"auto\">Estas cifras son extrapolaciones razonables, pero provisionales; una estimaci\u00f3n oficial debe ser hecha p\u00fablica, as\u00ed lo esperamos y sobre todo <strong>esperamos concreci\u00f3n sobre las indemnizaciones.<\/strong><\/span><\/p>\n<p><span dir=\"auto\">A todo esto se le a\u00f1adi\u00f3 adem\u00e1s el hecho de que la autopista AP-7 qued\u00f3 cortada en sentido sur entre Martorell y Sant Sadurn\u00ed d&#8217;Anoia como medida preventiva por el riesgo de derrumbamiento del puente que atraviesa la v\u00eda del tren, debido al muro de contenci\u00f3n ca\u00eddo durante el accidente de Gelida. El corte se inici\u00f3 el 21 de enero (martes) a las 15:30-18:00 h aproximadamente y se mantiene activo sin horario concreto de reapertura porque requiere inspecciones t\u00e9cnicas y obras de reparaci\u00f3n. No hay confirmaci\u00f3n de reapertura inminente.<\/span><\/p>\n<h5><strong><span dir=\"auto\">Tres conclusiones<\/span><\/strong><\/h5>\n<ul>\n<li><span dir=\"auto\"><span class=\"VIpgJd-yAWNEb-VIpgJd-fmcmS-sn54Q\" dir=\"auto\">Catalu\u00f1a no tiene gobierno solo tiene unos masoveros que se gastan nuestro dinero con publicidad en los medios.<\/span><\/span><\/li>\n<li><span dir=\"auto\">El Pa\u00eds est\u00e1 en manos de RENFE y ADIF que pueden decretar en horas el colapso total.<\/span><\/li>\n<li><span dir=\"auto\">Y el gran interrogante. \u00bfQui\u00e9n nos defiende con eficacia?<\/span><\/li>\n<\/ul>\n<span class='bctt-click-to-tweet'><span class='bctt-ctt-text'><a href='https:\/\/twitter.com\/intent\/tweet?url=https%3A%2F%2Fconversesacatalunya.cat%2Fes%2Fcatastrofe-en-cataluna-ciudadanos-munecos-y-gobierno-generalitat-una-comparsa%2F&#038;text=Ninguna%20alerta%2C%20ning%C3%BAn%20plan%20de%20emergencia%2C%20ninguna%20responsabilidad.%20Pero%20s%C3%AD%20colapso%20absoluto.%20%23Cat%C3%A1strofeCatalunya%20%23Cercan%C3%ADas&#038;via=conversesacat&#038;related=conversesacat' target='_blank'rel=\"noopener noreferrer\">Ninguna alerta, ning\u00fan plan de emergencia, ninguna responsabilidad. Pero s\u00ed colapso absoluto. #Cat\u00e1strofeCatalunya #Cercan\u00edas <\/a><\/span><a href='https:\/\/twitter.com\/intent\/tweet?url=https%3A%2F%2Fconversesacatalunya.cat%2Fes%2Fcatastrofe-en-cataluna-ciudadanos-munecos-y-gobierno-generalitat-una-comparsa%2F&#038;text=Ninguna%20alerta%2C%20ning%C3%BAn%20plan%20de%20emergencia%2C%20ninguna%20responsabilidad.%20Pero%20s%C3%AD%20colapso%20absoluto.%20%23Cat%C3%A1strofeCatalunya%20%23Cercan%C3%ADas&#038;via=conversesacat&#038;related=conversesacat' target='_blank' class='bctt-ctt-btn'rel=\"noopener noreferrer\">Compartir en X<\/a><\/span>\n","protected":false},"excerpt":{"rendered":"<p>El colapso de Cercan\u00edas de Catalu\u00f1a empez\u00f3 la noche del 20 de enero de 2026, se extendi\u00f3 al 21 y sigui\u00f3 en contra de las previsiones iniciales el jueves 22, seguramente por presiones de los maquinistas que consideraban insegura la situaci\u00f3n. En dos d\u00edas, del\u00a0orden de cerca de un mill\u00f3n de personas\u00a0se han visto obligadas a no utilizar un servicio necesario, lo que a su vez ha colapsado buena parte de los accesos viarios a la capital y en especial la conexi\u00f3n que se realiza por la AP7 que sigue cortada en Gelida. Es dif\u00edcil encontrar un precedente de esta magnitud y todo ello sin que previamente se haya producido una gran cat\u00e1strofe. Es cierto que la tormenta Harris provoc\u00f3 una precipitaci\u00f3n elevada, pero ni mucho menos en todo el territorio. La cat\u00e1strofe ha mostrado la extrema debilidad de las infraestructuras catalanas y en \u00faltimo t\u00e9rmino del propio gobierno de la Generalitat. Catalu\u00f1a ha sufrido una cat\u00e1strofe ins\u00f3lita generada por los propios responsables de velar para que estas cosas no se produzcan:\u00a0Renfe, Adif y el te\u00f3rico gobierno de Catalu\u00f1a,\u00a0que ha puesto en evidencia que es una comparsa no ya del Gobierno espa\u00f1ol sino de las histerias de \u00d3scar Puente y su Ministerio. Nunca en ning\u00fan sitio y menos en nuestro pa\u00eds se ha producido algo parecido, ni siquiera por amenazas terroristas. Han logrado que la gente piense que tomar el tren \u201ces como ir a la guerra\u201d, lo han convertido en una pr\u00e1ctica de riesgo. Las causas de la cat\u00e1strofe El d\u00eda antes de la decisi\u00f3n catastr\u00f3fica se hab\u00edan producido dos descarrilamientos relacionados con el temporal Harry. El d\u00eda 20 hubo un descarrilamiento grave en la R4 entre Gelida y Sant Sadurn\u00ed d&#8217;Anoia por la ca\u00edda de un muro o talud en la v\u00eda, con muerte del maquinista y decenas de heridos. Casi a la vez, otro tren descarril\u00f3 entre Blanes y Ma\u00e7anet-Massanes al impactar con una roca ca\u00edda en la v\u00eda. La tragedia de los muertos y heridos en un caso era una excepci\u00f3n, pero lluvias torrenciales en Catalu\u00f1a hemos sufrido casi cada a\u00f1o, como corresponde al clima mediterr\u00e1neo. Es m\u00e1s, en el \u00e1rea del accidente m\u00e1s grave en el Pened\u00e8s, las lluvias fueron inferiores a las m\u00e1ximas registradas en otros per\u00edodos, porque la \u201cllevantada\u201d no afect\u00f3 por igual a todo el territorio catal\u00e1n, sino sobre todo al litoral y prelitoral gerundense.\u00a0Ayer cayeron 23,9 l\/m\u00b2 en Sant Sadurn\u00ed d&#8217;Anoia y 23,4 l\/m\u00b2 en Gelida, cantidad de precipitaci\u00f3n habitual\u00a0en cualquier punto de nuestro pa\u00eds. Hay que decirlo porque ahora van a intentar decir que llovi\u00f3 el diluvio universal para justificar que no tienen la infraestructura en buenas condiciones. Y eso no es nuevo, eh, que en el 2023 se inventaron que hab\u00eda ca\u00eddo un rayo sobre un tren para intentar justificar un colapso ferroviario. \u00bfLa realidad?, cero\u00a0 rayos en la zona. Ni la lluvia catastr\u00f3fica afect\u00f3 ni de lejos a todo el territorio, ni hab\u00eda necesidad de una medida tan radical, salvo por la histeria instalada en el Ministerio, Renfe y ADIF y la presi\u00f3n de los maquinistas. Ante aquellos dos incidentes y otros menores, Adif decret\u00f3 la suspensi\u00f3n total de la circulaci\u00f3n en todas las l\u00edneas de Cercan\u00edas de Catalu\u00f1a (R1, R2, R3, R4, R11, R15, etc.) para revisar v\u00edas, catenarias, taludes y se\u00f1alizaci\u00f3n antes de permitir de nuevo el paso de trenes. Atend\u00eda as\u00ed la reclamaci\u00f3n del\u00a0sindicato de maquinistas\u00a0SEMAF\u00a0que pidi\u00f3 detener el servicio \u00abhasta nuevo aviso\u00bb hasta que hubiera garant\u00edas m\u00ednimas de seguridad, presionando para que no se reanudara la circulaci\u00f3n sin inspecciones completas. Lo que deb\u00eda ser una acci\u00f3n preventiva hasta las 6:00 h se convirti\u00f3 en un\u00a0paro total de pr\u00e1cticamente dos d\u00edas.\u00a0Lo hicieron sin previo aviso, sin que\u00a0la Generalitat cursara una alerta general\u00a0advirti\u00e9ndolo el d\u00eda antes, aunque s\u00ed ha hecho uso de este mecanismo en anteriores ocasiones por fen\u00f3menos meteorol\u00f3gico de mucha menor incidencia. Cuestiones clave que hay que aclarar y pedir responsabilidades \u00bfDe qu\u00e9 sirve el acuerdo entre Generalitat y Gobierno para gestionar Cercan\u00edas?, qu\u00e9 utilidad tiene, de qu\u00e9 ha servido. \u00bfDe qu\u00e9 va a servir? \u00bfComunic\u00f3 el Ministerio, Adif, Renfe la decisi\u00f3n catastr\u00f3fica a la Generalitat? \u00bfA qui\u00e9n, cu\u00e1ndo, c\u00f3mo? Que pinta el gobierno catal\u00e1n ante algo tan grave. \u00bfPor qu\u00e9 no se avis\u00f3 la noche anterior utilizando los medios de alerta de los que se dispone? \u00bfPor qu\u00e9 ni gobierno ni ministerio adoptaron medidas de emergencia proporcionadas para evitar el colapso en el desplazamiento de medio mill\u00f3n de personas todos los d\u00edas? Las consecuencias econ\u00f3micas tan grandes de estos da\u00f1os, \u00bfrecibir\u00e1n alguna compensaci\u00f3n? Aqu\u00ed no puede haber silencio, el gobierno debe explicarse por qu\u00e9 se debe a la ciudadan\u00eda y el Parlamento debe actuar para aclarar y establecer responsabilidades pol\u00edticas, a pesar de que\u00a0ERC y los Comunes, han demostrado su incapacidad para el servicio p\u00fablico, ya que han adoptado una posici\u00f3n de perfil bajo, lo que supone que ya hay mayor\u00eda para que adem\u00e1s del colapso real, las aclaraciones y petici\u00f3n de responsabilidades queden tambi\u00e9n colapsadas. Dimensi\u00f3n del colapso y afectaciones Estaciones como Barcelona-Sants, Pla\u00e7a Catalunya, Arc de Triomf o Sant Andreu se llenaron de pasajeros sin informaci\u00f3n clara, con pantallas en blanco, megafon\u00eda cambiante y colas para intentar llegar al trabajo o a los estudios. Entidades sociales, sindicatos y medios han se\u00f1alado responsabilidades compartidas entre Adif, Renfe, Generalitat y Gobierno espa\u00f1ol, remarcando la falta de mantenimiento, la vulnerabilidad de la infraestructura frente a temporales y la mala informaci\u00f3n a los viajeros. Es necesario saber el coste de todo ello. Cercan\u00edas mueve a unos 400.000\u2013500.000 pasajeros diarios en Catalu\u00f1a, muchos de ellos trabajadores pendulares, por lo que el impacto humano y laboral es alto. Estimaciones de personas afectadas Una primera estimaci\u00f3n de Converses se\u00f1ala la magnitud de ayer y solo en costes directos, sin considerar los indirectos y las secuelas temporales que seguramente son de gran magnitud.\u00a0El colapso afect\u00f3 a 400.000\u2013500.000 usuarios directos al d\u00eda:\u00a0Es el volumen diario habitual de Cercan\u00edas (R1\u2013R4, etc.), que quedaron sin servicio durante la mayor parte del d\u00eda, especialmente en la hora punta matinal.\u00a0Cientos de miles indirectos:&#8230;<\/p>\n","protected":false},"author":78,"featured_media":95803,"comment_status":"open","ping_status":"open","sticky":false,"template":"","format":"standard","meta":{"_FSMCFIC_featured_image_caption":"","_FSMCFIC_featured_image_nocaption":"","_FSMCFIC_featured_image_hide":"","footnotes":""},"categories":[806],"tags":[3024,3028],"class_list":["post-95811","post","type-post","status-publish","format-standard","has-post-thumbnail","hentry","category-punts-claus-del-dia-es","tag-ferroviari-es","tag-ferroviario"],"yoast_head":"<!-- This site is optimized with the Yoast SEO plugin v26.8 - https:\/\/yoast.com\/product\/yoast-seo-wordpress\/ -->\n<title>Dos d\u00edas de enero 2026: Cat\u00e1strofe en Catalu\u00f1a cuando los ciudadanos somos mu\u00f1ecos y el gobierno de la Generalitat una comparsa - Converses a Catalunya<\/title>\n<meta name=\"description\" content=\"El colapso de Cercan\u00edas deja a medio mill\u00f3n de ciudadanos atrapados. Renfe, Adif y la Generalitat evidencian una quiebra institucional.\" \/>\n<meta name=\"robots\" content=\"index, follow, max-snippet:-1, max-image-preview:large, max-video-preview:-1\" \/>\n<link rel=\"canonical\" href=\"https:\/\/conversesacatalunya.cat\/es\/catastrofe-en-cataluna-ciudadanos-munecos-y-gobierno-generalitat-una-comparsa\/\" \/>\n<meta property=\"og:locale\" content=\"es_ES\" \/>\n<meta property=\"og:type\" content=\"article\" \/>\n<meta property=\"og:title\" content=\"Dos d\u00edas de enero 2026: Cat\u00e1strofe en Catalu\u00f1a cuando los ciudadanos somos mu\u00f1ecos y el gobierno de la Generalitat una comparsa - Converses a Catalunya\" \/>\n<meta property=\"og:description\" content=\"El colapso de Cercan\u00edas deja a medio mill\u00f3n de ciudadanos atrapados. Renfe, Adif y la Generalitat evidencian una quiebra institucional.\" \/>\n<meta property=\"og:url\" content=\"https:\/\/conversesacatalunya.cat\/es\/catastrofe-en-cataluna-ciudadanos-munecos-y-gobierno-generalitat-una-comparsa\/\" \/>\n<meta property=\"og:site_name\" content=\"Converses a Catalunya\" \/>\n<meta property=\"article:published_time\" content=\"2026-01-22T18:04:37+00:00\" \/>\n<meta property=\"article:modified_time\" content=\"2026-01-22T18:44:03+00:00\" \/>\n<meta property=\"og:image\" content=\"https:\/\/conversesacatalunya.cat\/wp-content\/uploads\/2026\/01\/Captura-2.jpg\" \/>\n\t<meta property=\"og:image:width\" content=\"981\" \/>\n\t<meta property=\"og:image:height\" content=\"604\" \/>\n\t<meta property=\"og:image:type\" content=\"image\/jpeg\" \/>\n<meta name=\"author\" content=\"Joan Masip\" \/>\n<meta name=\"twitter:card\" content=\"summary_large_image\" \/>\n<meta name=\"twitter:label1\" content=\"Escrito por\" \/>\n\t<meta name=\"twitter:data1\" content=\"Joan Masip\" \/>\n\t<meta name=\"twitter:label2\" content=\"Tiempo de lectura\" \/>\n\t<meta name=\"twitter:data2\" content=\"7 minutos\" \/>\n<script type=\"application\/ld+json\" class=\"yoast-schema-graph\">{\"@context\":\"https:\/\/schema.org\",\"@graph\":[{\"@type\":\"Article\",\"@id\":\"https:\/\/conversesacatalunya.cat\/es\/catastrofe-en-cataluna-ciudadanos-munecos-y-gobierno-generalitat-una-comparsa\/#article\",\"isPartOf\":{\"@id\":\"https:\/\/conversesacatalunya.cat\/es\/catastrofe-en-cataluna-ciudadanos-munecos-y-gobierno-generalitat-una-comparsa\/\"},\"author\":{\"name\":\"Joan Masip\",\"@id\":\"https:\/\/conversesacatalunya.cat\/#\/schema\/person\/311d0bf53def217d5124c78a7bc42275\"},\"headline\":\"Dos d\u00edas de enero 2026: Cat\u00e1strofe en Catalu\u00f1a cuando los ciudadanos somos mu\u00f1ecos y el gobierno de la Generalitat una comparsa\",\"datePublished\":\"2026-01-22T18:04:37+00:00\",\"dateModified\":\"2026-01-22T18:44:03+00:00\",\"mainEntityOfPage\":{\"@id\":\"https:\/\/conversesacatalunya.cat\/es\/catastrofe-en-cataluna-ciudadanos-munecos-y-gobierno-generalitat-una-comparsa\/\"},\"wordCount\":1422,\"commentCount\":0,\"image\":{\"@id\":\"https:\/\/conversesacatalunya.cat\/es\/catastrofe-en-cataluna-ciudadanos-munecos-y-gobierno-generalitat-una-comparsa\/#primaryimage\"},\"thumbnailUrl\":\"https:\/\/conversesacatalunya.cat\/wp-content\/uploads\/2026\/01\/Captura-2.jpg\",\"keywords\":[\"ferroviari\",\"ferroviario\"],\"articleSection\":[\"Punts clau del dia (ES)\"],\"inLanguage\":\"es\",\"potentialAction\":[{\"@type\":\"CommentAction\",\"name\":\"Comment\",\"target\":[\"https:\/\/conversesacatalunya.cat\/es\/catastrofe-en-cataluna-ciudadanos-munecos-y-gobierno-generalitat-una-comparsa\/#respond\"]}]},{\"@type\":\"WebPage\",\"@id\":\"https:\/\/conversesacatalunya.cat\/es\/catastrofe-en-cataluna-ciudadanos-munecos-y-gobierno-generalitat-una-comparsa\/\",\"url\":\"https:\/\/conversesacatalunya.cat\/es\/catastrofe-en-cataluna-ciudadanos-munecos-y-gobierno-generalitat-una-comparsa\/\",\"name\":\"Dos d\u00edas de enero 2026: Cat\u00e1strofe en Catalu\u00f1a cuando los ciudadanos somos mu\u00f1ecos y el gobierno de la Generalitat una comparsa - Converses a Catalunya\",\"isPartOf\":{\"@id\":\"https:\/\/conversesacatalunya.cat\/#website\"},\"primaryImageOfPage\":{\"@id\":\"https:\/\/conversesacatalunya.cat\/es\/catastrofe-en-cataluna-ciudadanos-munecos-y-gobierno-generalitat-una-comparsa\/#primaryimage\"},\"image\":{\"@id\":\"https:\/\/conversesacatalunya.cat\/es\/catastrofe-en-cataluna-ciudadanos-munecos-y-gobierno-generalitat-una-comparsa\/#primaryimage\"},\"thumbnailUrl\":\"https:\/\/conversesacatalunya.cat\/wp-content\/uploads\/2026\/01\/Captura-2.jpg\",\"datePublished\":\"2026-01-22T18:04:37+00:00\",\"dateModified\":\"2026-01-22T18:44:03+00:00\",\"author\":{\"@id\":\"https:\/\/conversesacatalunya.cat\/#\/schema\/person\/311d0bf53def217d5124c78a7bc42275\"},\"description\":\"El colapso de Cercan\u00edas deja a medio mill\u00f3n de ciudadanos atrapados. Renfe, Adif y la Generalitat evidencian una quiebra institucional.\",\"breadcrumb\":{\"@id\":\"https:\/\/conversesacatalunya.cat\/es\/catastrofe-en-cataluna-ciudadanos-munecos-y-gobierno-generalitat-una-comparsa\/#breadcrumb\"},\"inLanguage\":\"es\",\"potentialAction\":[{\"@type\":\"ReadAction\",\"target\":[\"https:\/\/conversesacatalunya.cat\/es\/catastrofe-en-cataluna-ciudadanos-munecos-y-gobierno-generalitat-una-comparsa\/\"]}]},{\"@type\":\"ImageObject\",\"inLanguage\":\"es\",\"@id\":\"https:\/\/conversesacatalunya.cat\/es\/catastrofe-en-cataluna-ciudadanos-munecos-y-gobierno-generalitat-una-comparsa\/#primaryimage\",\"url\":\"https:\/\/conversesacatalunya.cat\/wp-content\/uploads\/2026\/01\/Captura-2.jpg\",\"contentUrl\":\"https:\/\/conversesacatalunya.cat\/wp-content\/uploads\/2026\/01\/Captura-2.jpg\",\"width\":981,\"height\":604,\"caption\":\"Colapso de Cercan\u00edas\"},{\"@type\":\"BreadcrumbList\",\"@id\":\"https:\/\/conversesacatalunya.cat\/es\/catastrofe-en-cataluna-ciudadanos-munecos-y-gobierno-generalitat-una-comparsa\/#breadcrumb\",\"itemListElement\":[{\"@type\":\"ListItem\",\"position\":1,\"name\":\"Inici\",\"item\":\"https:\/\/conversesacatalunya.cat\/es\/\"},{\"@type\":\"ListItem\",\"position\":2,\"name\":\"Dos d\u00edas de enero 2026: Cat\u00e1strofe en Catalu\u00f1a cuando los ciudadanos somos mu\u00f1ecos y el gobierno de la Generalitat una comparsa\"}]},{\"@type\":\"WebSite\",\"@id\":\"https:\/\/conversesacatalunya.cat\/#website\",\"url\":\"https:\/\/conversesacatalunya.cat\/\",\"name\":\"Converses a Catalunya\",\"description\":\"\",\"potentialAction\":[{\"@type\":\"SearchAction\",\"target\":{\"@type\":\"EntryPoint\",\"urlTemplate\":\"https:\/\/conversesacatalunya.cat\/?s={search_term_string}\"},\"query-input\":{\"@type\":\"PropertyValueSpecification\",\"valueRequired\":true,\"valueName\":\"search_term_string\"}}],\"inLanguage\":\"es\"},{\"@type\":\"Person\",\"@id\":\"https:\/\/conversesacatalunya.cat\/#\/schema\/person\/311d0bf53def217d5124c78a7bc42275\",\"name\":\"Joan Masip\",\"image\":{\"@type\":\"ImageObject\",\"inLanguage\":\"es\",\"@id\":\"https:\/\/conversesacatalunya.cat\/#\/schema\/person\/image\/\",\"url\":\"https:\/\/conversesacatalunya.cat\/wp-content\/litespeed\/avatar\/fa67b994763cff7d443f54b63ec96481.jpg?ver=1776767678\",\"contentUrl\":\"https:\/\/conversesacatalunya.cat\/wp-content\/litespeed\/avatar\/fa67b994763cff7d443f54b63ec96481.jpg?ver=1776767678\",\"caption\":\"Joan Masip\"},\"url\":\"https:\/\/conversesacatalunya.cat\/es\/author\/joan-masip\/\"}]}<\/script>\n<!-- \/ Yoast SEO plugin. -->","yoast_head_json":{"title":"Dos d\u00edas de enero 2026: Cat\u00e1strofe en Catalu\u00f1a cuando los ciudadanos somos mu\u00f1ecos y el gobierno de la Generalitat una comparsa - Converses a Catalunya","description":"El colapso de Cercan\u00edas deja a medio mill\u00f3n de ciudadanos atrapados. Renfe, Adif y la Generalitat evidencian una quiebra institucional.","robots":{"index":"index","follow":"follow","max-snippet":"max-snippet:-1","max-image-preview":"max-image-preview:large","max-video-preview":"max-video-preview:-1"},"canonical":"https:\/\/conversesacatalunya.cat\/es\/catastrofe-en-cataluna-ciudadanos-munecos-y-gobierno-generalitat-una-comparsa\/","og_locale":"es_ES","og_type":"article","og_title":"Dos d\u00edas de enero 2026: Cat\u00e1strofe en Catalu\u00f1a cuando los ciudadanos somos mu\u00f1ecos y el gobierno de la Generalitat una comparsa - Converses a Catalunya","og_description":"El colapso de Cercan\u00edas deja a medio mill\u00f3n de ciudadanos atrapados. Renfe, Adif y la Generalitat evidencian una quiebra institucional.","og_url":"https:\/\/conversesacatalunya.cat\/es\/catastrofe-en-cataluna-ciudadanos-munecos-y-gobierno-generalitat-una-comparsa\/","og_site_name":"Converses a Catalunya","article_published_time":"2026-01-22T18:04:37+00:00","article_modified_time":"2026-01-22T18:44:03+00:00","og_image":[{"width":981,"height":604,"url":"https:\/\/conversesacatalunya.cat\/wp-content\/uploads\/2026\/01\/Captura-2.jpg","type":"image\/jpeg"}],"author":"Joan Masip","twitter_card":"summary_large_image","twitter_misc":{"Escrito por":"Joan Masip","Tiempo de lectura":"7 minutos"},"schema":{"@context":"https:\/\/schema.org","@graph":[{"@type":"Article","@id":"https:\/\/conversesacatalunya.cat\/es\/catastrofe-en-cataluna-ciudadanos-munecos-y-gobierno-generalitat-una-comparsa\/#article","isPartOf":{"@id":"https:\/\/conversesacatalunya.cat\/es\/catastrofe-en-cataluna-ciudadanos-munecos-y-gobierno-generalitat-una-comparsa\/"},"author":{"name":"Joan Masip","@id":"https:\/\/conversesacatalunya.cat\/#\/schema\/person\/311d0bf53def217d5124c78a7bc42275"},"headline":"Dos d\u00edas de enero 2026: Cat\u00e1strofe en Catalu\u00f1a cuando los ciudadanos somos mu\u00f1ecos y el gobierno de la Generalitat una comparsa","datePublished":"2026-01-22T18:04:37+00:00","dateModified":"2026-01-22T18:44:03+00:00","mainEntityOfPage":{"@id":"https:\/\/conversesacatalunya.cat\/es\/catastrofe-en-cataluna-ciudadanos-munecos-y-gobierno-generalitat-una-comparsa\/"},"wordCount":1422,"commentCount":0,"image":{"@id":"https:\/\/conversesacatalunya.cat\/es\/catastrofe-en-cataluna-ciudadanos-munecos-y-gobierno-generalitat-una-comparsa\/#primaryimage"},"thumbnailUrl":"https:\/\/conversesacatalunya.cat\/wp-content\/uploads\/2026\/01\/Captura-2.jpg","keywords":["ferroviari","ferroviario"],"articleSection":["Punts clau del dia (ES)"],"inLanguage":"es","potentialAction":[{"@type":"CommentAction","name":"Comment","target":["https:\/\/conversesacatalunya.cat\/es\/catastrofe-en-cataluna-ciudadanos-munecos-y-gobierno-generalitat-una-comparsa\/#respond"]}]},{"@type":"WebPage","@id":"https:\/\/conversesacatalunya.cat\/es\/catastrofe-en-cataluna-ciudadanos-munecos-y-gobierno-generalitat-una-comparsa\/","url":"https:\/\/conversesacatalunya.cat\/es\/catastrofe-en-cataluna-ciudadanos-munecos-y-gobierno-generalitat-una-comparsa\/","name":"Dos d\u00edas de enero 2026: Cat\u00e1strofe en Catalu\u00f1a cuando los ciudadanos somos mu\u00f1ecos y el gobierno de la Generalitat una comparsa - Converses a Catalunya","isPartOf":{"@id":"https:\/\/conversesacatalunya.cat\/#website"},"primaryImageOfPage":{"@id":"https:\/\/conversesacatalunya.cat\/es\/catastrofe-en-cataluna-ciudadanos-munecos-y-gobierno-generalitat-una-comparsa\/#primaryimage"},"image":{"@id":"https:\/\/conversesacatalunya.cat\/es\/catastrofe-en-cataluna-ciudadanos-munecos-y-gobierno-generalitat-una-comparsa\/#primaryimage"},"thumbnailUrl":"https:\/\/conversesacatalunya.cat\/wp-content\/uploads\/2026\/01\/Captura-2.jpg","datePublished":"2026-01-22T18:04:37+00:00","dateModified":"2026-01-22T18:44:03+00:00","author":{"@id":"https:\/\/conversesacatalunya.cat\/#\/schema\/person\/311d0bf53def217d5124c78a7bc42275"},"description":"El colapso de Cercan\u00edas deja a medio mill\u00f3n de ciudadanos atrapados. Renfe, Adif y la Generalitat evidencian una quiebra institucional.","breadcrumb":{"@id":"https:\/\/conversesacatalunya.cat\/es\/catastrofe-en-cataluna-ciudadanos-munecos-y-gobierno-generalitat-una-comparsa\/#breadcrumb"},"inLanguage":"es","potentialAction":[{"@type":"ReadAction","target":["https:\/\/conversesacatalunya.cat\/es\/catastrofe-en-cataluna-ciudadanos-munecos-y-gobierno-generalitat-una-comparsa\/"]}]},{"@type":"ImageObject","inLanguage":"es","@id":"https:\/\/conversesacatalunya.cat\/es\/catastrofe-en-cataluna-ciudadanos-munecos-y-gobierno-generalitat-una-comparsa\/#primaryimage","url":"https:\/\/conversesacatalunya.cat\/wp-content\/uploads\/2026\/01\/Captura-2.jpg","contentUrl":"https:\/\/conversesacatalunya.cat\/wp-content\/uploads\/2026\/01\/Captura-2.jpg","width":981,"height":604,"caption":"Colapso de Cercan\u00edas"},{"@type":"BreadcrumbList","@id":"https:\/\/conversesacatalunya.cat\/es\/catastrofe-en-cataluna-ciudadanos-munecos-y-gobierno-generalitat-una-comparsa\/#breadcrumb","itemListElement":[{"@type":"ListItem","position":1,"name":"Inici","item":"https:\/\/conversesacatalunya.cat\/es\/"},{"@type":"ListItem","position":2,"name":"Dos d\u00edas de enero 2026: Cat\u00e1strofe en Catalu\u00f1a cuando los ciudadanos somos mu\u00f1ecos y el gobierno de la Generalitat una comparsa"}]},{"@type":"WebSite","@id":"https:\/\/conversesacatalunya.cat\/#website","url":"https:\/\/conversesacatalunya.cat\/","name":"Converses a Catalunya","description":"","potentialAction":[{"@type":"SearchAction","target":{"@type":"EntryPoint","urlTemplate":"https:\/\/conversesacatalunya.cat\/?s={search_term_string}"},"query-input":{"@type":"PropertyValueSpecification","valueRequired":true,"valueName":"search_term_string"}}],"inLanguage":"es"},{"@type":"Person","@id":"https:\/\/conversesacatalunya.cat\/#\/schema\/person\/311d0bf53def217d5124c78a7bc42275","name":"Joan Masip","image":{"@type":"ImageObject","inLanguage":"es","@id":"https:\/\/conversesacatalunya.cat\/#\/schema\/person\/image\/","url":"https:\/\/conversesacatalunya.cat\/wp-content\/litespeed\/avatar\/fa67b994763cff7d443f54b63ec96481.jpg?ver=1776767678","contentUrl":"https:\/\/conversesacatalunya.cat\/wp-content\/litespeed\/avatar\/fa67b994763cff7d443f54b63ec96481.jpg?ver=1776767678","caption":"Joan Masip"},"url":"https:\/\/conversesacatalunya.cat\/es\/author\/joan-masip\/"}]}},"wps_subtitle":"Nunca en ning\u00fan sitio y menos en nuestro pa\u00eds se ha producido algo parecido, ni siquiera por amenazas terroristas. Han logrado que la gente piense que tomar el tren \u201ces como ir a la guerra\u201d, lo han convertido en una pr\u00e1ctica de riesgo.","_links":{"self":[{"href":"https:\/\/conversesacatalunya.cat\/es\/wp-json\/wp\/v2\/posts\/95811","targetHints":{"allow":["GET"]}}],"collection":[{"href":"https:\/\/conversesacatalunya.cat\/es\/wp-json\/wp\/v2\/posts"}],"about":[{"href":"https:\/\/conversesacatalunya.cat\/es\/wp-json\/wp\/v2\/types\/post"}],"author":[{"embeddable":true,"href":"https:\/\/conversesacatalunya.cat\/es\/wp-json\/wp\/v2\/users\/78"}],"replies":[{"embeddable":true,"href":"https:\/\/conversesacatalunya.cat\/es\/wp-json\/wp\/v2\/comments?post=95811"}],"version-history":[{"count":5,"href":"https:\/\/conversesacatalunya.cat\/es\/wp-json\/wp\/v2\/posts\/95811\/revisions"}],"predecessor-version":[{"id":95819,"href":"https:\/\/conversesacatalunya.cat\/es\/wp-json\/wp\/v2\/posts\/95811\/revisions\/95819"}],"wp:featuredmedia":[{"embeddable":true,"href":"https:\/\/conversesacatalunya.cat\/es\/wp-json\/wp\/v2\/media\/95803"}],"wp:attachment":[{"href":"https:\/\/conversesacatalunya.cat\/es\/wp-json\/wp\/v2\/media?parent=95811"}],"wp:term":[{"taxonomy":"category","embeddable":true,"href":"https:\/\/conversesacatalunya.cat\/es\/wp-json\/wp\/v2\/categories?post=95811"},{"taxonomy":"post_tag","embeddable":true,"href":"https:\/\/conversesacatalunya.cat\/es\/wp-json\/wp\/v2\/tags?post=95811"}],"curies":[{"name":"wp","href":"https:\/\/api.w.org\/{rel}","templated":true}]}}