{"id":95772,"date":"2026-01-22T05:40:08","date_gmt":"2026-01-22T04:40:08","guid":{"rendered":"https:\/\/conversesacatalunya.cat\/?p=95772"},"modified":"2026-01-22T05:37:16","modified_gmt":"2026-01-22T04:37:16","slug":"vox-y-alianca-catalana-sintoma-crisis-no-solucion","status":"publish","type":"post","link":"https:\/\/conversesacatalunya.cat\/es\/vox-y-alianca-catalana-sintoma-crisis-no-solucion\/","title":{"rendered":"Vox y Alian\u00e7a Catalana: s\u00edntoma de una crisis profunda, no la soluci\u00f3n"},"content":{"rendered":"<article class=\"text-token-text-primary w-full focus:outline-none [--shadow-height:45px] has-data-writing-block:pointer-events-none has-data-writing-block:-mt-(--shadow-height) has-data-writing-block:pt-(--shadow-height) [&amp;:has([data-writing-block])&gt;*]:pointer-events-auto scroll-mt-[calc(var(--header-height)+min(200px,max(70px,20svh)))]\" dir=\"auto\" tabindex=\"-1\" data-turn-id=\"request-WEB:28e16aab-7145-4ff9-be17-948d45969833-0\" data-testid=\"conversation-turn-2\" data-scroll-anchor=\"false\" data-turn=\"assistant\">\n<div class=\"text-base my-auto mx-auto [--thread-content-margin:--spacing(4)] @w-sm\/main:[--thread-content-margin:--spacing(6)] @w-lg\/main:[--thread-content-margin:--spacing(16)] px-(--thread-content-margin)\">\n<div class=\"[--thread-content-max-width:40rem] @w-lg\/main:[--thread-content-max-width:48rem] mx-auto max-w-(--thread-content-max-width) flex-1 group\/turn-messages focus-visible:outline-hidden relative flex w-full min-w-0 flex-col agent-turn\" tabindex=\"-1\">\n<div class=\"flex max-w-full flex-col grow\">\n<div class=\"min-h-8 text-message relative flex w-full flex-col items-end gap-2 text-start break-words whitespace-normal [.text-message+&amp;]:mt-1\" dir=\"auto\" data-message-author-role=\"assistant\" data-message-id=\"2f78f318-f6ab-46c5-8a85-dd1bc86f9bde\" data-message-model-slug=\"gpt-5-2\">\n<div class=\"flex w-full flex-col gap-1 empty:hidden first:pt-[1px]\">\n<div class=\"markdown prose dark:prose-invert w-full break-words light markdown-new-styling\">\n<p data-start=\"43\" data-end=\"251\">Hay momentos en la vida pol\u00edtica de un pa\u00eds en los que los s\u00edntomas hablan con m\u00e1s claridad que los diagn\u00f3sticos oficiales. El ascenso simult\u00e1neo de Vox y Alian\u00e7a Catalana en Catalu\u00f1a es uno de esos momentos.<\/p>\n<p data-start=\"253\" data-end=\"544\">Con diferencias evidentes e identidades nacionales opuestas, ambos partidos comparten, sin embargo, un mismo significado profundo: no son una soluci\u00f3n pol\u00edtica, sino la se\u00f1al inequ\u00edvoca de una crisis sist\u00e9mica que atraviesa la sociedad, las instituciones y la cultura pol\u00edtica contempor\u00e1nea.<\/p>\n<h5 data-start=\"546\" data-end=\"618\"><strong>La diferencia fundamental entre Vox y Alian\u00e7a Catalana es bien conocida.<\/strong><\/h5>\n<p data-start=\"620\" data-end=\"1207\"><strong>Vox <\/strong>es un partido nacionalista espa\u00f1ol de ra\u00edz liberal-centralista, heredero de una tradici\u00f3n que se remonta al Estado provincial dise\u00f1ado por las Cortes de C\u00e1diz del siglo XIX, con la voluntad expl\u00edcita de<strong> suprimir las autonom\u00edas.<\/strong> Una realidad que ha arraigado con relativa facilidad en Espa\u00f1a, m\u00e1s all\u00e1 de realidades como la catalana o la vasca, donde el autogobierno forma parte del n\u00facleo identitario y pol\u00edtico.<\/p>\n<p data-start=\"1209\" data-end=\"1448\">Alian\u00e7a Catalana, por el contrario, se define como independentista catalana \u2014al menos as\u00ed lo proclama\u2014 y juega en un terreno simb\u00f3lico opuesto. Pero, una vez establecida esta diferencia axial, las semejanzas son notables, y no anecd\u00f3ticas.<\/p>\n<h4 data-start=\"1450\" data-end=\"1511\">El radicalismo en las formas como estilo y como ideolog\u00eda<\/h4>\n<p data-start=\"1513\" data-end=\"1912\">Ambos partidos comparten una din\u00e1mica electoral al alza, alimentada por la frustraci\u00f3n social y por la percepci\u00f3n \u2014totalmente fundada\u2014 de que los partidos tradicionales han dejado de dar respuestas convincentes. Comparten tambi\u00e9n una obsesi\u00f3n pol\u00edtica con la inmigraci\u00f3n, tratada no como un fen\u00f3meno complejo que exige gesti\u00f3n, integraci\u00f3n y l\u00edmites racionales, sino como un enemigo casi ontol\u00f3gico.<\/p>\n<p data-start=\"1914\" data-end=\"2634\">Su ret\u00f3rica se caracteriza por la descalificaci\u00f3n sistem\u00e1tica del adversario, por una actitud de confrontaci\u00f3n permanente y por una clara sensaci\u00f3n de supremac\u00eda moral: los otros no solo discrepan, sino que son inferiores. En este punto, Vox y Alian\u00e7a Catalana funcionan como correlatos \u2014con lenguajes distintos\u2014 de la extrema izquierda, de los Comuns, Podemos, Sumar y vete a saber cu\u00e1ntas m\u00e1s extrema derecha cultural, para quienes el respeto al otro deja de ser una condici\u00f3n democr\u00e1tica b\u00e1sica.<\/p>\n<p data-start=\"1914\" data-end=\"2634\">Est\u00e1 claro que los \u201cgrandes partidos\u201d tambi\u00e9n han asumido este vicio capital que est\u00e1 desmenuzando el sistema pol\u00edtico, porque sin la aceptaci\u00f3n de que el otro es a la vez oposici\u00f3n y alternativa, la<strong> democracia se esfuma<\/strong>.<\/p>\n<p data-start=\"2636\" data-end=\"2856\">Esto no es una cuesti\u00f3n menor de formas. En pol\u00edtica, las formas son contenidos. La democracia solo existe si el otro es reconocido como interlocutor leg\u00edtimo. Cuando esta premisa cae, el sistema entra en fase de riesgo.<\/p>\n<h4 data-start=\"2858\" data-end=\"2888\">Apocal\u00edpticos o integrados<\/h4>\n<p data-start=\"2890\" data-end=\"3264\">Las fuerzas pol\u00edticas mayoritarias tampoco son inocentes en este proceso. Ante la emergencia de estos partidos, han optado a menudo por la descalificaci\u00f3n absoluta y el aislamiento, reviviendo aquella vieja dicotom\u00eda formulada por Umberto Eco: apocal\u00edpticos o integrados. La opci\u00f3n dominante ha sido el apocalipsis. Y esto, lejos de neutralizar el fen\u00f3meno, lo ha reforzado.<\/p>\n<p data-start=\"3266\" data-end=\"3566\">Porque Vox y Alian\u00e7a Catalana no nacen de la nada. Son la reacci\u00f3n a un malestar profundo: inseguridad econ\u00f3mica, crisis de la vivienda, presi\u00f3n sobre los servicios p\u00fablicos, sensaci\u00f3n de p\u00e9rdida de control colectivo, desconfianza hacia una partitocracia percibida como endog\u00e1mica y autorreferencial.<\/p>\n<h4 data-start=\"3568\" data-end=\"3621\">Programas inviables, pero emocionalmente eficaces<\/h4>\n<p data-start=\"3623\" data-end=\"3972\">Cuando se analizan sus programas con una m\u00ednima exigencia racional, aparece el vac\u00edo. Vox no dispone ni de las mayor\u00edas sociales ni de los apoyos parlamentarios necesarios para revertir el Estado auton\u00f3mico, un modelo que la inmensa mayor\u00eda de ciudadanos considera positivo, pese a sus disfunciones. Su propuesta central es, sencillamente, inviable.<\/p>\n<p data-start=\"3974\" data-end=\"4298\">Lo mismo ocurre con las posiciones extremas en materia migratoria, tanto de Vox como de Alian\u00e7a Catalana. La expulsi\u00f3n masiva de inmigrantes ya presentes es jur\u00eddicamente imposible y pol\u00edticamente irrealizable. Los Estados de origen no los aceptar\u00edan, los marcos legales lo impiden y los costes sociales ser\u00edan devastadores.<\/p>\n<p data-start=\"4300\" data-end=\"4656\">El problema real no es este, sino otro: la incapacidad de los gobiernos \u2014especialmente el de Pedro S\u00e1nchez\u2014 para ordenar los flujos migratorios, limitar una entrada desmesurada y garantizar una integraci\u00f3n efectiva. Este fracaso tiene efectos reales: presi\u00f3n sobre los salarios bajos, sobre la vivienda, sobre la escuela, la sanidad y la cohesi\u00f3n cultural.<\/p>\n<p data-start=\"4658\" data-end=\"4780\">Limitar con criterio e integrar con ambici\u00f3n ser\u00eda una respuesta razonable. Pero no es eso lo que proponen estos partidos.<\/p>\n<h4 data-start=\"4782\" data-end=\"4816\">La fiebre como se\u00f1al de alerta<\/h4>\n<p data-start=\"4818\" data-end=\"5062\">Por eso Vox y Alian\u00e7a Catalana no forman parte de la soluci\u00f3n. Pero s\u00ed son un s\u00edntoma necesario. Como la fiebre en una enfermedad, indican que algo no funciona. Sin esta reacci\u00f3n, la infecci\u00f3n avanzar\u00eda en silencio hasta fases mucho m\u00e1s graves.<\/p>\n<p data-start=\"5064\" data-end=\"5299\">Act\u00faan como una alarma de emergencia: alertan de una crisis profunda de nuestra sociedad, de las instituciones, de la cultura pol\u00edtica y del sistema de representaci\u00f3n. Ignorar la se\u00f1al o limitarse a insultarla es una irresponsabilidad.<\/p>\n<p data-start=\"5301\" data-end=\"5605\">No hay soluci\u00f3n en Vox ni en Alian\u00e7a Catalana. Pero hay un problema real que exige respuesta. Y esta respuesta no vendr\u00e1 de la reacci\u00f3n visceral, sino de la regeneraci\u00f3n democr\u00e1tica a partir de la ciudadan\u00eda organizada al margen de la partitocracia. Empecemos, al menos, por arreglar nuestra propia casa.<\/p>\n<p data-start=\"5607\" data-end=\"5891\"><strong>Si est\u00e1s interesado en construir respuestas viables, participa en la<a href=\"https:\/\/conversesacatalunya.cat\/es\/ante-la-degradacion-politica-la-conferencia-civica-para-la-regeneracion-politica\/\" target=\"_blank\" rel=\"noopener\"> I Conferencia C\u00edvica para la Regeneraci\u00f3n Pol\u00edtica<\/a> que organiza Converses a Catalunya junto con la Fundaci\u00f3n para el Desarrollo Humano y Social y que tendr\u00e1 lugar en Barcelona, el s\u00e1bado 14 de febrero por la ma\u00f1ana.<\/strong><\/p>\n<p data-start=\"5893\" data-end=\"6065\">Si quieres participar o recibir m\u00e1s informaci\u00f3n sobre la I Conferencia C\u00edvica para la Regeneraci\u00f3n Pol\u00edtica, puedes dirigirte al correo de contacto: <strong data-start=\"6042\" data-end=\"6065\"><a class=\"decorated-link cursor-pointer\" rel=\"noopener\" data-start=\"6044\" data-end=\"6063\">info@fundsocial.org<span aria-hidden=\"true\" class=\"ms-0.5 inline-block align-middle leading-none\"><\/span><\/a><\/strong><\/p>\n<p data-start=\"5893\" data-end=\"6065\"><span class='bctt-click-to-tweet'><span class='bctt-ctt-text'><a href='https:\/\/twitter.com\/intent\/tweet?url=https%3A%2F%2Fconversesacatalunya.cat%2Fes%2Fvox-y-alianca-catalana-sintoma-crisis-no-solucion%2F&#038;text=Vox%20y%20Alian%C3%A7a%20Catalana%20no%20son%20la%20causa%20del%20problema%3A%20son%20la%20fiebre%20que%20revela%20una%20crisis%20sist%C3%A9mica%20profunda.%20%23VOX%20%23Alian%C3%A7aCatalana&#038;via=conversesacat&#038;related=conversesacat' target='_blank'rel=\"noopener noreferrer\">Vox y Alian\u00e7a Catalana no son la causa del problema: son la fiebre que revela una crisis sist\u00e9mica profunda. #VOX #Alian\u00e7aCatalana <\/a><\/span><a href='https:\/\/twitter.com\/intent\/tweet?url=https%3A%2F%2Fconversesacatalunya.cat%2Fes%2Fvox-y-alianca-catalana-sintoma-crisis-no-solucion%2F&#038;text=Vox%20y%20Alian%C3%A7a%20Catalana%20no%20son%20la%20causa%20del%20problema%3A%20son%20la%20fiebre%20que%20revela%20una%20crisis%20sist%C3%A9mica%20profunda.%20%23VOX%20%23Alian%C3%A7aCatalana&#038;via=conversesacat&#038;related=conversesacat' target='_blank' class='bctt-ctt-btn'rel=\"noopener noreferrer\">Compartir en X<\/a><\/span>\n<p data-start=\"6067\" data-end=\"6237\" data-is-last-node=\"\" data-is-only-node=\"\">\n<\/div>\n<\/div>\n<\/div>\n<\/div>\n<div class=\"z-0 flex min-h-[46px] justify-start\"><\/div>\n<\/div>\n<\/div>\n<\/article>\n<p>&nbsp;<\/p>\n","protected":false},"excerpt":{"rendered":"<p>Hay momentos en la vida pol\u00edtica de un pa\u00eds en los que los s\u00edntomas hablan con m\u00e1s claridad que los diagn\u00f3sticos oficiales. El ascenso simult\u00e1neo de Vox y Alian\u00e7a Catalana en Catalu\u00f1a es uno de esos momentos. Con diferencias evidentes e identidades nacionales opuestas, ambos partidos comparten, sin embargo, un mismo significado profundo: no son una soluci\u00f3n pol\u00edtica, sino la se\u00f1al inequ\u00edvoca de una crisis sist\u00e9mica que atraviesa la sociedad, las instituciones y la cultura pol\u00edtica contempor\u00e1nea. La diferencia fundamental entre Vox y Alian\u00e7a Catalana es bien conocida. Vox es un partido nacionalista espa\u00f1ol de ra\u00edz liberal-centralista, heredero de una tradici\u00f3n que se remonta al Estado provincial dise\u00f1ado por las Cortes de C\u00e1diz del siglo XIX, con la voluntad expl\u00edcita de suprimir las autonom\u00edas. Una realidad que ha arraigado con relativa facilidad en Espa\u00f1a, m\u00e1s all\u00e1 de realidades como la catalana o la vasca, donde el autogobierno forma parte del n\u00facleo identitario y pol\u00edtico. Alian\u00e7a Catalana, por el contrario, se define como independentista catalana \u2014al menos as\u00ed lo proclama\u2014 y juega en un terreno simb\u00f3lico opuesto. Pero, una vez establecida esta diferencia axial, las semejanzas son notables, y no anecd\u00f3ticas. El radicalismo en las formas como estilo y como ideolog\u00eda Ambos partidos comparten una din\u00e1mica electoral al alza, alimentada por la frustraci\u00f3n social y por la percepci\u00f3n \u2014totalmente fundada\u2014 de que los partidos tradicionales han dejado de dar respuestas convincentes. Comparten tambi\u00e9n una obsesi\u00f3n pol\u00edtica con la inmigraci\u00f3n, tratada no como un fen\u00f3meno complejo que exige gesti\u00f3n, integraci\u00f3n y l\u00edmites racionales, sino como un enemigo casi ontol\u00f3gico. Su ret\u00f3rica se caracteriza por la descalificaci\u00f3n sistem\u00e1tica del adversario, por una actitud de confrontaci\u00f3n permanente y por una clara sensaci\u00f3n de supremac\u00eda moral: los otros no solo discrepan, sino que son inferiores. En este punto, Vox y Alian\u00e7a Catalana funcionan como correlatos \u2014con lenguajes distintos\u2014 de la extrema izquierda, de los Comuns, Podemos, Sumar y vete a saber cu\u00e1ntas m\u00e1s extrema derecha cultural, para quienes el respeto al otro deja de ser una condici\u00f3n democr\u00e1tica b\u00e1sica. Est\u00e1 claro que los \u201cgrandes partidos\u201d tambi\u00e9n han asumido este vicio capital que est\u00e1 desmenuzando el sistema pol\u00edtico, porque sin la aceptaci\u00f3n de que el otro es a la vez oposici\u00f3n y alternativa, la democracia se esfuma. Esto no es una cuesti\u00f3n menor de formas. En pol\u00edtica, las formas son contenidos. La democracia solo existe si el otro es reconocido como interlocutor leg\u00edtimo. Cuando esta premisa cae, el sistema entra en fase de riesgo. Apocal\u00edpticos o integrados Las fuerzas pol\u00edticas mayoritarias tampoco son inocentes en este proceso. Ante la emergencia de estos partidos, han optado a menudo por la descalificaci\u00f3n absoluta y el aislamiento, reviviendo aquella vieja dicotom\u00eda formulada por Umberto Eco: apocal\u00edpticos o integrados. La opci\u00f3n dominante ha sido el apocalipsis. Y esto, lejos de neutralizar el fen\u00f3meno, lo ha reforzado. Porque Vox y Alian\u00e7a Catalana no nacen de la nada. Son la reacci\u00f3n a un malestar profundo: inseguridad econ\u00f3mica, crisis de la vivienda, presi\u00f3n sobre los servicios p\u00fablicos, sensaci\u00f3n de p\u00e9rdida de control colectivo, desconfianza hacia una partitocracia percibida como endog\u00e1mica y autorreferencial. Programas inviables, pero emocionalmente eficaces Cuando se analizan sus programas con una m\u00ednima exigencia racional, aparece el vac\u00edo. Vox no dispone ni de las mayor\u00edas sociales ni de los apoyos parlamentarios necesarios para revertir el Estado auton\u00f3mico, un modelo que la inmensa mayor\u00eda de ciudadanos considera positivo, pese a sus disfunciones. Su propuesta central es, sencillamente, inviable. Lo mismo ocurre con las posiciones extremas en materia migratoria, tanto de Vox como de Alian\u00e7a Catalana. La expulsi\u00f3n masiva de inmigrantes ya presentes es jur\u00eddicamente imposible y pol\u00edticamente irrealizable. Los Estados de origen no los aceptar\u00edan, los marcos legales lo impiden y los costes sociales ser\u00edan devastadores. El problema real no es este, sino otro: la incapacidad de los gobiernos \u2014especialmente el de Pedro S\u00e1nchez\u2014 para ordenar los flujos migratorios, limitar una entrada desmesurada y garantizar una integraci\u00f3n efectiva. Este fracaso tiene efectos reales: presi\u00f3n sobre los salarios bajos, sobre la vivienda, sobre la escuela, la sanidad y la cohesi\u00f3n cultural. Limitar con criterio e integrar con ambici\u00f3n ser\u00eda una respuesta razonable. Pero no es eso lo que proponen estos partidos. La fiebre como se\u00f1al de alerta Por eso Vox y Alian\u00e7a Catalana no forman parte de la soluci\u00f3n. Pero s\u00ed son un s\u00edntoma necesario. Como la fiebre en una enfermedad, indican que algo no funciona. Sin esta reacci\u00f3n, la infecci\u00f3n avanzar\u00eda en silencio hasta fases mucho m\u00e1s graves. Act\u00faan como una alarma de emergencia: alertan de una crisis profunda de nuestra sociedad, de las instituciones, de la cultura pol\u00edtica y del sistema de representaci\u00f3n. Ignorar la se\u00f1al o limitarse a insultarla es una irresponsabilidad. No hay soluci\u00f3n en Vox ni en Alian\u00e7a Catalana. Pero hay un problema real que exige respuesta. Y esta respuesta no vendr\u00e1 de la reacci\u00f3n visceral, sino de la regeneraci\u00f3n democr\u00e1tica a partir de la ciudadan\u00eda organizada al margen de la partitocracia. Empecemos, al menos, por arreglar nuestra propia casa. Si est\u00e1s interesado en construir respuestas viables, participa en la I Conferencia C\u00edvica para la Regeneraci\u00f3n Pol\u00edtica que organiza Converses a Catalunya junto con la Fundaci\u00f3n para el Desarrollo Humano y Social y que tendr\u00e1 lugar en Barcelona, el s\u00e1bado 14 de febrero por la ma\u00f1ana. Si quieres participar o recibir m\u00e1s informaci\u00f3n sobre la I Conferencia C\u00edvica para la Regeneraci\u00f3n Pol\u00edtica, puedes dirigirte al correo de contacto: info@fundsocial.org &nbsp;<\/p>\n","protected":false},"author":19,"featured_media":95764,"comment_status":"open","ping_status":"open","sticky":false,"template":"","format":"standard","meta":{"_FSMCFIC_featured_image_caption":"","_FSMCFIC_featured_image_nocaption":"","_FSMCFIC_featured_image_hide":"","footnotes":""},"categories":[806],"tags":[5524,228,1966],"class_list":["post-95772","post","type-post","status-publish","format-standard","has-post-thumbnail","hentry","category-punts-claus-del-dia-es","tag-alianca-catalana-es","tag-vox","tag-vox-es"],"yoast_head":"<!-- This site is optimized with the Yoast SEO plugin v26.8 - https:\/\/yoast.com\/product\/yoast-seo-wordpress\/ -->\n<title>Vox y Alian\u00e7a Catalana: s\u00edntoma de una crisis profunda, no la soluci\u00f3n - Converses a Catalunya<\/title>\n<meta name=\"description\" content=\"El ascenso de Vox y Alian\u00e7a Catalana revela una crisis sist\u00e9mica de la pol\u00edtica, la inmigraci\u00f3n y las instituciones. An\u00e1lisis\" \/>\n<meta name=\"robots\" content=\"index, follow, max-snippet:-1, max-image-preview:large, max-video-preview:-1\" \/>\n<link rel=\"canonical\" href=\"https:\/\/conversesacatalunya.cat\/vox-i-alianca-catalana-simptoma-crisi-no-solucio\/\" \/>\n<meta property=\"og:locale\" content=\"es_ES\" \/>\n<meta property=\"og:type\" content=\"article\" \/>\n<meta property=\"og:title\" content=\"Vox y Alian\u00e7a Catalana: s\u00edntoma de una crisis profunda, no la soluci\u00f3n - Converses a Catalunya\" \/>\n<meta property=\"og:description\" content=\"El ascenso de Vox y Alian\u00e7a Catalana revela una crisis sist\u00e9mica de la pol\u00edtica, la inmigraci\u00f3n y las instituciones. An\u00e1lisis\" \/>\n<meta property=\"og:url\" content=\"https:\/\/conversesacatalunya.cat\/vox-i-alianca-catalana-simptoma-crisi-no-solucio\/\" \/>\n<meta property=\"og:site_name\" content=\"Converses a Catalunya\" \/>\n<meta property=\"article:published_time\" content=\"2026-01-22T04:40:08+00:00\" \/>\n<meta property=\"og:image\" content=\"https:\/\/conversesacatalunya.cat\/wp-content\/uploads\/2026\/01\/Imagen1-9.jpg\" \/>\n\t<meta property=\"og:image:width\" content=\"640\" \/>\n\t<meta property=\"og:image:height\" content=\"345\" \/>\n\t<meta property=\"og:image:type\" content=\"image\/jpeg\" \/>\n<meta name=\"author\" content=\"Josep Mir\u00f3 i Ard\u00e8vol\" \/>\n<meta name=\"twitter:card\" content=\"summary_large_image\" \/>\n<meta name=\"twitter:label1\" content=\"Escrito por\" \/>\n\t<meta name=\"twitter:data1\" content=\"Josep Mir\u00f3 i Ard\u00e8vol\" \/>\n\t<meta name=\"twitter:label2\" content=\"Tiempo de lectura\" \/>\n\t<meta name=\"twitter:data2\" content=\"5 minutos\" \/>\n<script type=\"application\/ld+json\" class=\"yoast-schema-graph\">{\"@context\":\"https:\/\/schema.org\",\"@graph\":[{\"@type\":\"Article\",\"@id\":\"https:\/\/conversesacatalunya.cat\/vox-i-alianca-catalana-simptoma-crisi-no-solucio\/#article\",\"isPartOf\":{\"@id\":\"https:\/\/conversesacatalunya.cat\/vox-i-alianca-catalana-simptoma-crisi-no-solucio\/\"},\"author\":{\"name\":\"Josep Mir\u00f3 i Ard\u00e8vol\",\"@id\":\"https:\/\/conversesacatalunya.cat\/#\/schema\/person\/a9598a6786ba7d3d1c5e0de477b79370\"},\"headline\":\"Vox y Alian\u00e7a Catalana: s\u00edntoma de una crisis profunda, no la soluci\u00f3n\",\"datePublished\":\"2026-01-22T04:40:08+00:00\",\"mainEntityOfPage\":{\"@id\":\"https:\/\/conversesacatalunya.cat\/vox-i-alianca-catalana-simptoma-crisi-no-solucio\/\"},\"wordCount\":1060,\"commentCount\":0,\"image\":{\"@id\":\"https:\/\/conversesacatalunya.cat\/vox-i-alianca-catalana-simptoma-crisi-no-solucio\/#primaryimage\"},\"thumbnailUrl\":\"https:\/\/conversesacatalunya.cat\/wp-content\/uploads\/2026\/01\/Imagen1-9.jpg\",\"keywords\":[\"Alian\u00e7a Catalana\",\"VOX\",\"VOX\"],\"articleSection\":[\"Punts clau del dia (ES)\"],\"inLanguage\":\"es\",\"potentialAction\":[{\"@type\":\"CommentAction\",\"name\":\"Comment\",\"target\":[\"https:\/\/conversesacatalunya.cat\/vox-i-alianca-catalana-simptoma-crisi-no-solucio\/#respond\"]}]},{\"@type\":\"WebPage\",\"@id\":\"https:\/\/conversesacatalunya.cat\/vox-i-alianca-catalana-simptoma-crisi-no-solucio\/\",\"url\":\"https:\/\/conversesacatalunya.cat\/vox-i-alianca-catalana-simptoma-crisi-no-solucio\/\",\"name\":\"Vox y Alian\u00e7a Catalana: s\u00edntoma de una crisis profunda, no la soluci\u00f3n - Converses a Catalunya\",\"isPartOf\":{\"@id\":\"https:\/\/conversesacatalunya.cat\/#website\"},\"primaryImageOfPage\":{\"@id\":\"https:\/\/conversesacatalunya.cat\/vox-i-alianca-catalana-simptoma-crisi-no-solucio\/#primaryimage\"},\"image\":{\"@id\":\"https:\/\/conversesacatalunya.cat\/vox-i-alianca-catalana-simptoma-crisi-no-solucio\/#primaryimage\"},\"thumbnailUrl\":\"https:\/\/conversesacatalunya.cat\/wp-content\/uploads\/2026\/01\/Imagen1-9.jpg\",\"datePublished\":\"2026-01-22T04:40:08+00:00\",\"author\":{\"@id\":\"https:\/\/conversesacatalunya.cat\/#\/schema\/person\/a9598a6786ba7d3d1c5e0de477b79370\"},\"description\":\"El ascenso de Vox y Alian\u00e7a Catalana revela una crisis sist\u00e9mica de la pol\u00edtica, la inmigraci\u00f3n y las instituciones. An\u00e1lisis\",\"breadcrumb\":{\"@id\":\"https:\/\/conversesacatalunya.cat\/vox-i-alianca-catalana-simptoma-crisi-no-solucio\/#breadcrumb\"},\"inLanguage\":\"es\",\"potentialAction\":[{\"@type\":\"ReadAction\",\"target\":[\"https:\/\/conversesacatalunya.cat\/vox-i-alianca-catalana-simptoma-crisi-no-solucio\/\"]}]},{\"@type\":\"ImageObject\",\"inLanguage\":\"es\",\"@id\":\"https:\/\/conversesacatalunya.cat\/vox-i-alianca-catalana-simptoma-crisi-no-solucio\/#primaryimage\",\"url\":\"https:\/\/conversesacatalunya.cat\/wp-content\/uploads\/2026\/01\/Imagen1-9.jpg\",\"contentUrl\":\"https:\/\/conversesacatalunya.cat\/wp-content\/uploads\/2026\/01\/Imagen1-9.jpg\",\"width\":640,\"height\":345,\"caption\":\"Vox Alian\u00e7a catalana\"},{\"@type\":\"BreadcrumbList\",\"@id\":\"https:\/\/conversesacatalunya.cat\/vox-i-alianca-catalana-simptoma-crisi-no-solucio\/#breadcrumb\",\"itemListElement\":[{\"@type\":\"ListItem\",\"position\":1,\"name\":\"Inici\",\"item\":\"https:\/\/conversesacatalunya.cat\/es\/\"},{\"@type\":\"ListItem\",\"position\":2,\"name\":\"Vox y Alian\u00e7a Catalana: s\u00edntoma de una crisis profunda, no la soluci\u00f3n\"}]},{\"@type\":\"WebSite\",\"@id\":\"https:\/\/conversesacatalunya.cat\/#website\",\"url\":\"https:\/\/conversesacatalunya.cat\/\",\"name\":\"Converses a Catalunya\",\"description\":\"\",\"potentialAction\":[{\"@type\":\"SearchAction\",\"target\":{\"@type\":\"EntryPoint\",\"urlTemplate\":\"https:\/\/conversesacatalunya.cat\/?s={search_term_string}\"},\"query-input\":{\"@type\":\"PropertyValueSpecification\",\"valueRequired\":true,\"valueName\":\"search_term_string\"}}],\"inLanguage\":\"es\"},{\"@type\":\"Person\",\"@id\":\"https:\/\/conversesacatalunya.cat\/#\/schema\/person\/a9598a6786ba7d3d1c5e0de477b79370\",\"name\":\"Josep Mir\u00f3 i Ard\u00e8vol\",\"image\":{\"@type\":\"ImageObject\",\"inLanguage\":\"es\",\"@id\":\"https:\/\/conversesacatalunya.cat\/#\/schema\/person\/image\/\",\"url\":\"https:\/\/conversesacatalunya.cat\/wp-content\/litespeed\/avatar\/c37e3dc881857483d6694cdf98fdedea.jpg?ver=1776665324\",\"contentUrl\":\"https:\/\/conversesacatalunya.cat\/wp-content\/litespeed\/avatar\/c37e3dc881857483d6694cdf98fdedea.jpg?ver=1776665324\",\"caption\":\"Josep Mir\u00f3 i Ard\u00e8vol\"},\"url\":\"https:\/\/conversesacatalunya.cat\/es\/author\/josep-miro-i-ardevol\/\"}]}<\/script>\n<!-- \/ Yoast SEO plugin. -->","yoast_head_json":{"title":"Vox y Alian\u00e7a Catalana: s\u00edntoma de una crisis profunda, no la soluci\u00f3n - Converses a Catalunya","description":"El ascenso de Vox y Alian\u00e7a Catalana revela una crisis sist\u00e9mica de la pol\u00edtica, la inmigraci\u00f3n y las instituciones. An\u00e1lisis","robots":{"index":"index","follow":"follow","max-snippet":"max-snippet:-1","max-image-preview":"max-image-preview:large","max-video-preview":"max-video-preview:-1"},"canonical":"https:\/\/conversesacatalunya.cat\/vox-i-alianca-catalana-simptoma-crisi-no-solucio\/","og_locale":"es_ES","og_type":"article","og_title":"Vox y Alian\u00e7a Catalana: s\u00edntoma de una crisis profunda, no la soluci\u00f3n - Converses a Catalunya","og_description":"El ascenso de Vox y Alian\u00e7a Catalana revela una crisis sist\u00e9mica de la pol\u00edtica, la inmigraci\u00f3n y las instituciones. An\u00e1lisis","og_url":"https:\/\/conversesacatalunya.cat\/vox-i-alianca-catalana-simptoma-crisi-no-solucio\/","og_site_name":"Converses a Catalunya","article_published_time":"2026-01-22T04:40:08+00:00","og_image":[{"width":640,"height":345,"url":"https:\/\/conversesacatalunya.cat\/wp-content\/uploads\/2026\/01\/Imagen1-9.jpg","type":"image\/jpeg"}],"author":"Josep Mir\u00f3 i Ard\u00e8vol","twitter_card":"summary_large_image","twitter_misc":{"Escrito por":"Josep Mir\u00f3 i Ard\u00e8vol","Tiempo de lectura":"5 minutos"},"schema":{"@context":"https:\/\/schema.org","@graph":[{"@type":"Article","@id":"https:\/\/conversesacatalunya.cat\/vox-i-alianca-catalana-simptoma-crisi-no-solucio\/#article","isPartOf":{"@id":"https:\/\/conversesacatalunya.cat\/vox-i-alianca-catalana-simptoma-crisi-no-solucio\/"},"author":{"name":"Josep Mir\u00f3 i Ard\u00e8vol","@id":"https:\/\/conversesacatalunya.cat\/#\/schema\/person\/a9598a6786ba7d3d1c5e0de477b79370"},"headline":"Vox y Alian\u00e7a Catalana: s\u00edntoma de una crisis profunda, no la soluci\u00f3n","datePublished":"2026-01-22T04:40:08+00:00","mainEntityOfPage":{"@id":"https:\/\/conversesacatalunya.cat\/vox-i-alianca-catalana-simptoma-crisi-no-solucio\/"},"wordCount":1060,"commentCount":0,"image":{"@id":"https:\/\/conversesacatalunya.cat\/vox-i-alianca-catalana-simptoma-crisi-no-solucio\/#primaryimage"},"thumbnailUrl":"https:\/\/conversesacatalunya.cat\/wp-content\/uploads\/2026\/01\/Imagen1-9.jpg","keywords":["Alian\u00e7a Catalana","VOX","VOX"],"articleSection":["Punts clau del dia (ES)"],"inLanguage":"es","potentialAction":[{"@type":"CommentAction","name":"Comment","target":["https:\/\/conversesacatalunya.cat\/vox-i-alianca-catalana-simptoma-crisi-no-solucio\/#respond"]}]},{"@type":"WebPage","@id":"https:\/\/conversesacatalunya.cat\/vox-i-alianca-catalana-simptoma-crisi-no-solucio\/","url":"https:\/\/conversesacatalunya.cat\/vox-i-alianca-catalana-simptoma-crisi-no-solucio\/","name":"Vox y Alian\u00e7a Catalana: s\u00edntoma de una crisis profunda, no la soluci\u00f3n - Converses a Catalunya","isPartOf":{"@id":"https:\/\/conversesacatalunya.cat\/#website"},"primaryImageOfPage":{"@id":"https:\/\/conversesacatalunya.cat\/vox-i-alianca-catalana-simptoma-crisi-no-solucio\/#primaryimage"},"image":{"@id":"https:\/\/conversesacatalunya.cat\/vox-i-alianca-catalana-simptoma-crisi-no-solucio\/#primaryimage"},"thumbnailUrl":"https:\/\/conversesacatalunya.cat\/wp-content\/uploads\/2026\/01\/Imagen1-9.jpg","datePublished":"2026-01-22T04:40:08+00:00","author":{"@id":"https:\/\/conversesacatalunya.cat\/#\/schema\/person\/a9598a6786ba7d3d1c5e0de477b79370"},"description":"El ascenso de Vox y Alian\u00e7a Catalana revela una crisis sist\u00e9mica de la pol\u00edtica, la inmigraci\u00f3n y las instituciones. An\u00e1lisis","breadcrumb":{"@id":"https:\/\/conversesacatalunya.cat\/vox-i-alianca-catalana-simptoma-crisi-no-solucio\/#breadcrumb"},"inLanguage":"es","potentialAction":[{"@type":"ReadAction","target":["https:\/\/conversesacatalunya.cat\/vox-i-alianca-catalana-simptoma-crisi-no-solucio\/"]}]},{"@type":"ImageObject","inLanguage":"es","@id":"https:\/\/conversesacatalunya.cat\/vox-i-alianca-catalana-simptoma-crisi-no-solucio\/#primaryimage","url":"https:\/\/conversesacatalunya.cat\/wp-content\/uploads\/2026\/01\/Imagen1-9.jpg","contentUrl":"https:\/\/conversesacatalunya.cat\/wp-content\/uploads\/2026\/01\/Imagen1-9.jpg","width":640,"height":345,"caption":"Vox Alian\u00e7a catalana"},{"@type":"BreadcrumbList","@id":"https:\/\/conversesacatalunya.cat\/vox-i-alianca-catalana-simptoma-crisi-no-solucio\/#breadcrumb","itemListElement":[{"@type":"ListItem","position":1,"name":"Inici","item":"https:\/\/conversesacatalunya.cat\/es\/"},{"@type":"ListItem","position":2,"name":"Vox y Alian\u00e7a Catalana: s\u00edntoma de una crisis profunda, no la soluci\u00f3n"}]},{"@type":"WebSite","@id":"https:\/\/conversesacatalunya.cat\/#website","url":"https:\/\/conversesacatalunya.cat\/","name":"Converses a Catalunya","description":"","potentialAction":[{"@type":"SearchAction","target":{"@type":"EntryPoint","urlTemplate":"https:\/\/conversesacatalunya.cat\/?s={search_term_string}"},"query-input":{"@type":"PropertyValueSpecification","valueRequired":true,"valueName":"search_term_string"}}],"inLanguage":"es"},{"@type":"Person","@id":"https:\/\/conversesacatalunya.cat\/#\/schema\/person\/a9598a6786ba7d3d1c5e0de477b79370","name":"Josep Mir\u00f3 i Ard\u00e8vol","image":{"@type":"ImageObject","inLanguage":"es","@id":"https:\/\/conversesacatalunya.cat\/#\/schema\/person\/image\/","url":"https:\/\/conversesacatalunya.cat\/wp-content\/litespeed\/avatar\/c37e3dc881857483d6694cdf98fdedea.jpg?ver=1776665324","contentUrl":"https:\/\/conversesacatalunya.cat\/wp-content\/litespeed\/avatar\/c37e3dc881857483d6694cdf98fdedea.jpg?ver=1776665324","caption":"Josep Mir\u00f3 i Ard\u00e8vol"},"url":"https:\/\/conversesacatalunya.cat\/es\/author\/josep-miro-i-ardevol\/"}]}},"wps_subtitle":"Hay momentos en la vida pol\u00edtica de un pa\u00eds en el que los s\u00edntomas hablan con mayor claridad que los diagn\u00f3sticos oficiales. El ascenso simult\u00e1neo de Vox y Alian\u00e7a Catalana en Catalu\u00f1a es uno de estos momentos.","_links":{"self":[{"href":"https:\/\/conversesacatalunya.cat\/es\/wp-json\/wp\/v2\/posts\/95772","targetHints":{"allow":["GET"]}}],"collection":[{"href":"https:\/\/conversesacatalunya.cat\/es\/wp-json\/wp\/v2\/posts"}],"about":[{"href":"https:\/\/conversesacatalunya.cat\/es\/wp-json\/wp\/v2\/types\/post"}],"author":[{"embeddable":true,"href":"https:\/\/conversesacatalunya.cat\/es\/wp-json\/wp\/v2\/users\/19"}],"replies":[{"embeddable":true,"href":"https:\/\/conversesacatalunya.cat\/es\/wp-json\/wp\/v2\/comments?post=95772"}],"version-history":[{"count":7,"href":"https:\/\/conversesacatalunya.cat\/es\/wp-json\/wp\/v2\/posts\/95772\/revisions"}],"predecessor-version":[{"id":95780,"href":"https:\/\/conversesacatalunya.cat\/es\/wp-json\/wp\/v2\/posts\/95772\/revisions\/95780"}],"wp:featuredmedia":[{"embeddable":true,"href":"https:\/\/conversesacatalunya.cat\/es\/wp-json\/wp\/v2\/media\/95764"}],"wp:attachment":[{"href":"https:\/\/conversesacatalunya.cat\/es\/wp-json\/wp\/v2\/media?parent=95772"}],"wp:term":[{"taxonomy":"category","embeddable":true,"href":"https:\/\/conversesacatalunya.cat\/es\/wp-json\/wp\/v2\/categories?post=95772"},{"taxonomy":"post_tag","embeddable":true,"href":"https:\/\/conversesacatalunya.cat\/es\/wp-json\/wp\/v2\/tags?post=95772"}],"curies":[{"name":"wp","href":"https:\/\/api.w.org\/{rel}","templated":true}]}}