{"id":94813,"date":"2025-12-16T11:50:14","date_gmt":"2025-12-16T10:50:14","guid":{"rendered":"https:\/\/conversesacatalunya.cat\/?p=94813"},"modified":"2025-12-16T12:13:23","modified_gmt":"2025-12-16T11:13:23","slug":"un-ano-mas-de-sanchez-i-quiere-llegar-al-2031-como-minimo","status":"publish","type":"post","link":"https:\/\/conversesacatalunya.cat\/es\/un-ano-mas-de-sanchez-i-quiere-llegar-al-2031-como-minimo\/","title":{"rendered":"Un a\u00f1o m\u00e1s de S\u00e1nchez\u2026 y quiere llegar al 2031 como m\u00ednimo"},"content":{"rendered":"<p><span dir=\"auto\">Esta frase, aparentemente hiperb\u00f3lica, resume una percepci\u00f3n:<span>\u00a0<\/span><\/span><strong><span dir=\"auto\">Pedro S\u00e1nchez considera que el fin de toda pol\u00edtica es eternizarse en el poder<\/span><\/strong><span dir=\"auto\">. Cree que el \u00fanico juicio v\u00e1lido sobre qu\u00e9 hace y lo que deja de hacer es el suyo, y que este siempre es altamente favorable, es una evidencia. Y que todo lo que discrepa de este diagn\u00f3stico forma parte autom\u00e1ticamente de la \u201cfachoesfera\u201d, esto no deja de mencionarlo, como volvi\u00f3 a hacer ayer en su comparecencia para<span>\u00a0<\/span><\/span><strong><span dir=\"auto\">\u201cvalorar\u201d formalmente la legislatura reciente.<\/span><\/strong><\/p>\n<p><span dir=\"auto\">En realidad, lo que ofreci\u00f3 fue una inyecci\u00f3n en vena de autoelogios y descalificaciones ad hominem contra la oposici\u00f3n \u2014especialmente el PP\u2014 confirmando lo que refleja una reciente encuesta sobre la grave polarizaci\u00f3n de la sociedad espa\u00f1ola, que se\u00f1ala que<span>\u00a0<\/span><\/span><strong><span dir=\"auto\">los dos grandes polarizadores del pa\u00eds son Santiago Abascal y \u00e9l mismo.<\/span><\/strong><\/p>\n<p><span dir=\"auto\">Lo grave no es que S\u00e1nchez defienda este relato, sino que realmente<span>\u00a0<\/span><\/span><strong><span dir=\"auto\">se lo cree.<\/span><\/strong><span dir=\"auto\"> Esto revela una distorsi\u00f3n de la realidad peligrosa para nuestro presente y para el futuro pr\u00f3ximo.<\/span><\/p>\n<h4><span dir=\"auto\">Pensiones: un \u00e9xito sin sostenibilidad real<\/span><\/h4>\n<p><span dir=\"auto\"><span class=\"VIpgJd-yAWNEb-VIpgJd-fmcmS-sn54Q\" dir=\"auto\">S\u00e1nchez puso las pensiones como uno de los grandes \u00ablogros\u00bb de su mandato. Pero la realidad macroecon\u00f3mica muestra una<span>\u00a0<\/span><\/span><\/span><a href=\"https:\/\/conversesacatalunya.cat\/es\/ocde-verdad-incomoda-sobre-pensiones-espanolas\/\" target=\"_blank\" rel=\"noopener\"><strong><span dir=\"auto\"><span class=\"VIpgJd-yAWNEb-VIpgJd-fmcmS-sn54Q\" dir=\"auto\">tendencia preocupante<\/span><\/span><\/strong><\/a>.<span dir=\"auto\"><span class=\"VIpgJd-yAWNEb-VIpgJd-fmcmS-sn54Q\" dir=\"auto\"><span>\u00a0<\/span><\/span><\/span><strong><span dir=\"auto\"><span class=\"VIpgJd-yAWNEb-VIpgJd-fmcmS-sn54Q\" dir=\"auto\">El d\u00e9ficit del sistema contributivo de pensiones se aproxima a los 60.000 millones de euros, <\/span><\/span><\/strong><span dir=\"auto\"><span class=\"VIpgJd-yAWNEb-VIpgJd-fmcmS-sn54Q\" dir=\"auto\">aproximadamente un<span>\u00a0<\/span><\/span><\/span><strong><span dir=\"auto\"><span class=\"VIpgJd-yAWNEb-VIpgJd-fmcmS-sn54Q\" dir=\"auto\">3,8% del PIB,<\/span><\/span><\/strong><span dir=\"auto\"><span class=\"VIpgJd-yAWNEb-VIpgJd-fmcmS-sn54Q\" dir=\"auto\">\u00a0y para 2025 se prev\u00e9 que llegue a los<span>\u00a0<\/span><\/span><\/span><strong><span dir=\"auto\"><span class=\"VIpgJd-yAWNEb-VIpgJd-fmcmS-sn54Q\" dir=\"auto\">62.476 millones de euros,<\/span><\/span><\/strong><span dir=\"auto\"><span class=\"VIpgJd-yAWNEb-VIpgJd-fmcmS-sn54Q\" dir=\"auto\">\u00a0un<span>\u00a0<\/span><\/span><\/span><strong><span dir=\"auto\"><span class=\"VIpgJd-yAWNEb-VIpgJd-fmcmS-sn54Q\" dir=\"auto\">4% del PIB, <\/span><\/span><\/strong><span dir=\"auto\"><span class=\"VIpgJd-yAWNEb-VIpgJd-fmcmS-sn54Q\" dir=\"auto\">\u00a1dos<\/span><\/span><span dir=\"auto\"><span class=\"VIpgJd-yAWNEb-VIpgJd-fmcmS-sn54Q\" dir=\"auto\">\u00a0d\u00e9cimas m\u00e1s en un solo a\u00f1o!<\/span><\/span><\/p>\n<p><span dir=\"auto\"><span class=\"VIpgJd-yAWNEb-VIpgJd-fmcmS-sn54Q\" dir=\"auto\">Esto no son cifras abstractas:<span>\u00a0<\/span><\/span><\/span><strong><span dir=\"auto\"><span class=\"VIpgJd-yAWNEb-VIpgJd-fmcmS-sn54Q\" dir=\"auto\">lo pagamos con impuestos hoy y con endeudamiento ma\u00f1ana.<\/span><\/span><\/strong><span dir=\"auto\"><span class=\"VIpgJd-yAWNEb-VIpgJd-fmcmS-sn54Q\" dir=\"auto\">\u00a0Si no se hace una<span>\u00a0<\/span><\/span><\/span><strong><span dir=\"auto\"><span class=\"VIpgJd-yAWNEb-VIpgJd-fmcmS-sn54Q\" dir=\"auto\">reforma profunda y estructural del sistema,<\/span><\/span><\/strong><span dir=\"auto\"><span class=\"VIpgJd-yAWNEb-VIpgJd-fmcmS-sn54Q\" dir=\"auto\">\u00a0este d\u00e9ficit podr\u00eda situarse entre el<span>\u00a0<\/span><\/span><\/span><strong><span dir=\"auto\"><span class=\"VIpgJd-yAWNEb-VIpgJd-fmcmS-sn54Q\" dir=\"auto\">5% y el 6% del PIB en 2040,<\/span><\/span><\/strong><span dir=\"auto\"><span class=\"VIpgJd-yAWNEb-VIpgJd-fmcmS-sn54Q\" dir=\"auto\">\u00a0una magnitud pr\u00e1cticamente inalcanzable que pone en cuesti\u00f3n la sostenibilidad de las pensiones de las generaciones que ahora trabajan.<\/span><\/span><\/p>\n<p><span dir=\"auto\">La paradoja es brutal: S\u00e1nchez exhibe el aumento de pensiones como triunfo social, pero<span>\u00a0<\/span><\/span><strong><span dir=\"auto\">su trayectoria fiscal y econ\u00f3mica deja un saldo insostenible.<\/span><\/strong><span dir=\"auto\"> Y ese d\u00e9ficit no es solo num\u00e9rico: es una burbuja de futuro que explotar\u00e1 sobre los trabajadores y la clase media baja, sobre los que ahora est\u00e1n pagando a la Seguridad Social pensando que se aseguran el futuro.<\/span><\/p>\n<h4><span dir=\"auto\">Salario M\u00ednimo Interprofesional: victoria legislativa, problema econ\u00f3mico<\/span><\/h4>\n<p><span dir=\"auto\"><span class=\"VIpgJd-yAWNEb-VIpgJd-fmcmS-sn54Q\" dir=\"auto\">La subida del<span>\u00a0<\/span><\/span><\/span><strong><span dir=\"auto\"><span class=\"VIpgJd-yAWNEb-VIpgJd-fmcmS-sn54Q\" dir=\"auto\">Salario M\u00ednimo Interprofesional (SMI)<\/span><\/span><\/strong><span dir=\"auto\"><span class=\"VIpgJd-yAWNEb-VIpgJd-fmcmS-sn54Q\" dir=\"auto\"><span>\u00a0<\/span>ha sido uno de los puntos m\u00e1s destacados de la pol\u00edtica social del gobierno. El SMI ha subido sustancialmente:<span>\u00a0<\/span><\/span><\/span><strong><span dir=\"auto\"><span class=\"VIpgJd-yAWNEb-VIpgJd-fmcmS-sn54Q\" dir=\"auto\">m\u00e1s del 50% en los \u00faltimos a\u00f1os, alcanzando los 1.184 euros al mes en 14 pagas en 2025,<\/span><\/span><\/strong><span dir=\"auto\"><span class=\"VIpgJd-yAWNEb-VIpgJd-fmcmS-sn54Q\" dir=\"auto\">\u00a0o<span>\u00a0<\/span><\/span><\/span><strong><span dir=\"auto\"><span class=\"VIpgJd-yAWNEb-VIpgJd-fmcmS-sn54Q\" dir=\"auto\">15.120 euros brutos anuales en 2023.<\/span><\/span><\/strong><span dir=\"auto\"><span class=\"VIpgJd-yAWNEb-VIpgJd-fmcmS-sn54Q\" dir=\"auto\">\u00a0Este crecimiento responde a un objetivo social: acercar el SMI al<span>\u00a0<\/span><\/span><\/span><strong><span dir=\"auto\"><span class=\"VIpgJd-yAWNEb-VIpgJd-fmcmS-sn54Q\" dir=\"auto\">60% del salario medio,<\/span><\/span><\/strong><span dir=\"auto\"><span class=\"VIpgJd-yAWNEb-VIpgJd-fmcmS-sn54Q\" dir=\"auto\">\u00a0reduciendo la brecha salarial entre la parte inferior y la media de la pir\u00e1mide de remuneraciones.<\/span><\/span><\/p>\n<p><span dir=\"auto\">Pero hoy esa subida sostenida ha dado lugar a un fen\u00f3meno econ\u00f3mico preocupante: la<span>\u00a0<\/span><\/span><strong><span dir=\"auto\">compresi\u00f3n salarial.<\/span><\/strong><\/p>\n<h4><span dir=\"auto\">La compresi\u00f3n salarial: qu\u00e9 es y por qu\u00e9 importa<\/span><\/h4>\n<p><span dir=\"auto\"><span class=\"VIpgJd-yAWNEb-VIpgJd-fmcmS-sn54Q\" dir=\"auto\">La compresi\u00f3n salarial se produce cuando<span>\u00a0<\/span><\/span><\/span><strong><span dir=\"auto\"><span class=\"VIpgJd-yAWNEb-VIpgJd-fmcmS-sn54Q\" dir=\"auto\">el salario m\u00ednimo se aproxima al salario m\u00e1s frecuente (salario modal).<\/span><\/span><\/strong><span dir=\"auto\"><span class=\"VIpgJd-yAWNEb-VIpgJd-fmcmS-sn54Q\" dir=\"auto\">\u00a0Este hecho, que podr\u00eda parecer positivo a primera vista, es en realidad<span>\u00a0<\/span><\/span><\/span><strong><span dir=\"auto\"><span class=\"VIpgJd-yAWNEb-VIpgJd-fmcmS-sn54Q\" dir=\"auto\">una se\u00f1al de estancamiento o deterioro en la parte media de la distribuci\u00f3n de salarios.<\/span><\/span><\/strong><\/p>\n<p><span dir=\"auto\">Seg\u00fan an\u00e1lisis basados \u200b\u200ben la<span>\u00a0<\/span><\/span><strong><span dir=\"auto\">Encuesta de Estructura Salarial del INE,<\/span><\/strong><span dir=\"auto\"> la brecha entre el salario m\u00ednimo y el salario modal ha pasado del<span>\u00a0<\/span><\/span><strong><span dir=\"auto\">43% en 2018<\/span><\/strong><span dir=\"auto\"><span>\u00a0<\/span>a reducirse dram\u00e1ticamente hasta el<span>\u00a0<\/span><\/span><strong><span dir=\"auto\">3% en 2023.<\/span><\/strong><span dir=\"auto\">\u00a0Esto significa que<span>\u00a0<\/span><\/span><strong><span dir=\"auto\">la distribuci\u00f3n salarial ha dejado de expandirse por la parte media,<\/span><\/strong><span dir=\"auto\">\u00a0con un aumento real casi nulo o incluso negativo en los salarios que percibe<span>\u00a0<\/span><\/span><strong><span dir=\"auto\">la mayor\u00eda de trabajadores.<\/span><\/strong><\/p>\n<h4><span dir=\"auto\">\u00bfPor qu\u00e9 es tan alarmante?<\/span><\/h4>\n<p><span dir=\"auto\"><span class=\"VIpgJd-yAWNEb-VIpgJd-fmcmS-sn54Q\" dir=\"auto\">Cuando el salario que cobran la mayor parte de los trabajadores<span>\u00a0<\/span><\/span><\/span><strong><span dir=\"auto\"><span class=\"VIpgJd-yAWNEb-VIpgJd-fmcmS-sn54Q\" dir=\"auto\">no crece en t\u00e9rminos reales,<\/span><\/span><\/strong><span dir=\"auto\"><span class=\"VIpgJd-yAWNEb-VIpgJd-fmcmS-sn54Q\" dir=\"auto\">\u00a0esto indica que el aumento de los salarios no proviene de un<span>\u00a0<\/span><\/span><\/span><strong><span dir=\"auto\"><span class=\"VIpgJd-yAWNEb-VIpgJd-fmcmS-sn54Q\" dir=\"auto\">crecimiento productivo o de productividad,<\/span><\/span><\/strong><span dir=\"auto\"><span class=\"VIpgJd-yAWNEb-VIpgJd-fmcmS-sn54Q\" dir=\"auto\">\u00a0sino de<span>\u00a0<\/span><\/span><\/span><strong><span dir=\"auto\"><span class=\"VIpgJd-yAWNEb-VIpgJd-fmcmS-sn54Q\" dir=\"auto\">la acci\u00f3n reguladora por decreto del salario m\u00ednimo.<\/span><\/span><\/strong><span dir=\"auto\"><span class=\"VIpgJd-yAWNEb-VIpgJd-fmcmS-sn54Q\" dir=\"auto\">\u00a0En otras palabras, el SMI se ha convertido<span>\u00a0<\/span><\/span><\/span><strong><span dir=\"auto\"><span class=\"VIpgJd-yAWNEb-VIpgJd-fmcmS-sn54Q\" dir=\"auto\">m\u00e1s en un techo que en un verdadero motor de elevaci\u00f3n salarial,<\/span><\/span><\/strong><span dir=\"auto\"><span class=\"VIpgJd-yAWNEb-VIpgJd-fmcmS-sn54Q\" dir=\"auto\">\u00a0especialmente para los trabajadores con baja o media cualificaci\u00f3n y para las<span>\u00a0<\/span><\/span><\/span><strong><span dir=\"auto\"><span class=\"VIpgJd-yAWNEb-VIpgJd-fmcmS-sn54Q\" dir=\"auto\">peque\u00f1as y medianas empresas<\/span><\/span><\/strong><span dir=\"auto\"><span class=\"VIpgJd-yAWNEb-VIpgJd-fmcmS-sn54Q\" dir=\"auto\"><span>\u00a0<\/span>que no pueden trasladar los costes laborales a los precios.<\/span><\/span><\/p>\n<p><span dir=\"auto\">El resultado es claro: mientras el SMI sube,<span>\u00a0<\/span><\/span><strong><span dir=\"auto\">el salario modal se estanca o cae en t\u00e9rminos reales,<\/span><\/strong><span dir=\"auto\">\u00a0lo que<span>\u00a0<\/span><\/span><strong><span dir=\"auto\">erosiona la base econ\u00f3mica de la clase media baja.<\/span><\/strong><\/p>\n<h4><span dir=\"auto\">M\u00e1s trabajadores afectados: una tendencia estructural<\/span><\/h4>\n<p><span dir=\"auto\"><span class=\"VIpgJd-yAWNEb-VIpgJd-fmcmS-sn54Q\" dir=\"auto\">Los datos muestran que<span>\u00a0<\/span><\/span><\/span><strong><span dir=\"auto\"><span class=\"VIpgJd-yAWNEb-VIpgJd-fmcmS-sn54Q\" dir=\"auto\">el porcentaje de trabajadores con salarios en los tramos m\u00e1s bajos ha crecido.<\/span><\/span><\/strong><span dir=\"auto\"><span class=\"VIpgJd-yAWNEb-VIpgJd-fmcmS-sn54Q\" dir=\"auto\">\u00a0Hace unos a\u00f1os, el impacto del SMI afectaba aproximadamente a un<span>\u00a0<\/span><\/span><\/span><strong><span dir=\"auto\"><span class=\"VIpgJd-yAWNEb-VIpgJd-fmcmS-sn54Q\" dir=\"auto\">7-8% de los trabajadores.<\/span><\/span><\/strong><span dir=\"auto\"><span class=\"VIpgJd-yAWNEb-VIpgJd-fmcmS-sn54Q\" dir=\"auto\">\u00a0Hoy, si se incluyen los salarios alrededor del<span>\u00a0<\/span><\/span><\/span><strong><span dir=\"auto\"><span class=\"VIpgJd-yAWNEb-VIpgJd-fmcmS-sn54Q\" dir=\"auto\">125% del SMI,<\/span><\/span><\/strong><span dir=\"auto\"><span class=\"VIpgJd-yAWNEb-VIpgJd-fmcmS-sn54Q\" dir=\"auto\">\u00a0esta incidencia podr\u00eda situarse<span>\u00a0<\/span><\/span><\/span><strong><span dir=\"auto\"><span class=\"VIpgJd-yAWNEb-VIpgJd-fmcmS-sn54Q\" dir=\"auto\">entre el 10% y el 20% o m\u00e1s.<\/span><\/span><\/strong><span dir=\"auto\"><span class=\"VIpgJd-yAWNEb-VIpgJd-fmcmS-sn54Q\" dir=\"auto\">\u00a0Esto significa que<span>\u00a0<\/span><\/span><\/span><strong><span dir=\"auto\"><span class=\"VIpgJd-yAWNEb-VIpgJd-fmcmS-sn54Q\" dir=\"auto\">trabajadores con cierta experiencia o calificaci\u00f3n<\/span><\/span><\/strong><span dir=\"auto\"><span class=\"VIpgJd-yAWNEb-VIpgJd-fmcmS-sn54Q\" dir=\"auto\"><span>\u00a0<\/span>que antes estaban por encima de los m\u00ednimos salariales se ven atrapados ahora en una estructura salarial comprimida.<\/span><\/span><\/p>\n<p><span dir=\"auto\">En resumen,<span>\u00a0<\/span><\/span><strong><span dir=\"auto\">la subida del SMI ha sido una victoria en la lucha contra la pobreza laboral,<\/span><\/strong><span dir=\"auto\">\u00a0pero su convergencia con el salario modal indica que<span>\u00a0<\/span><\/span><strong><span dir=\"auto\">el crecimiento salarial real solo se produce por decreto, no por una pol\u00edtica econ\u00f3mica robusta basada en productividad y competitividad.<\/span><\/strong><\/p>\n<h4><span dir=\"auto\">El gr\u00e1fico que dice m\u00e1s que mil palabras<\/span><\/h4>\n<p><span dir=\"auto\">Un gr\u00e1fico publicado por<span>\u00a0<\/span><\/span><em><span dir=\"auto\">El Confidencial<\/span><\/em><span dir=\"auto\"><span>\u00a0<\/span>con el t\u00edtulo<span>\u00a0<\/span><\/span><strong><span dir=\"auto\">\u201cCiclo econ\u00f3mico y pobreza material\u201d<\/span><\/strong><span dir=\"auto\"><span>\u00a0<\/span>sintetiza esta realidad con datos contundentes. Se muestran<span>\u00a0<\/span><\/span><strong><span dir=\"auto\">indicadores de pobreza o privaci\u00f3n material subjetiva<\/span><\/strong><span dir=\"auto\"><span>\u00a0<\/span>medidos seg\u00fan<span>\u00a0<\/span><\/span><strong><span dir=\"auto\">cu\u00e1ntos elementos b\u00e1sicos no puede permitirse una persona o un hogar.<\/span><\/strong><span dir=\"auto\">\u00a0Estos datos forman parte de las estad\u00edsticas oficiales de la<strong> Encuesta\u00a0<\/strong><\/span><strong><span dir=\"auto\">de Condiciones de Vida (ECV) del Instituto Nacional de Estad\u00edstica (INE)<\/span><\/strong><span dir=\"auto\"><span>\u00a0<\/span>y se utilizan tambi\u00e9n en informes sobre<span>\u00a0<\/span><\/span><strong><span dir=\"auto\">pobreza y exclusi\u00f3n social.<\/span><\/strong><\/p>\n<p><img fetchpriority=\"high\" decoding=\"async\" class=\"alignnone wp-image-94803 size-full\" src=\"https:\/\/conversesacatalunya.cat\/wp-content\/uploads\/2025\/12\/Imagen1-6.jpg\" alt=\"\" width=\"458\" height=\"613\" srcset=\"https:\/\/conversesacatalunya.cat\/wp-content\/uploads\/2025\/12\/Imagen1-6.jpg 458w, https:\/\/conversesacatalunya.cat\/wp-content\/uploads\/2025\/12\/Imagen1-6-224x300.jpg 224w\" sizes=\"(max-width: 458px) 100vw, 458px\" \/><\/p>\n<h5><strong><span dir=\"auto\">Las categor\u00edas son:<\/span><\/strong><\/h5>\n<ul>\n<li><strong><span dir=\"auto\">Carencia en 2 conceptos:<\/span><\/strong><span dir=\"auto\">\u00a0hogares que no pueden permitirse al menos<span>\u00a0<\/span><\/span><strong><span dir=\"auto\">2<\/span><\/strong><span dir=\"auto\"><span>\u00a0<\/span>de los bienes o servicios considerados b\u00e1sicos.<\/span><\/li>\n<li><strong><span dir=\"auto\"><span class=\"VIpgJd-yAWNEb-VIpgJd-fmcmS-sn54Q\" dir=\"auto\">Carencia en 3 conceptos:<\/span><\/span><\/strong><span dir=\"auto\"><span class=\"VIpgJd-yAWNEb-VIpgJd-fmcmS-sn54Q\" dir=\"auto\">\u00a0hogares carentes de<span>\u00a0<\/span><\/span><\/span><strong><span dir=\"auto\"><span class=\"VIpgJd-yAWNEb-VIpgJd-fmcmS-sn54Q\" dir=\"auto\">3<\/span><\/span><\/strong><span dir=\"auto\"><span class=\"VIpgJd-yAWNEb-VIpgJd-fmcmS-sn54Q\" dir=\"auto\"><span>\u00a0<\/span>de estos elementos.<\/span><\/span><\/li>\n<li><strong><span dir=\"auto\">Carencia en 4 conceptos:<\/span><\/strong><span dir=\"auto\">\u00a0hogares que no pueden permitirse<span>\u00a0<\/span><\/span><strong><span dir=\"auto\">4 o m\u00e1s<\/span><\/strong><span dir=\"auto\"><span>\u00a0<\/span>de estos bienes, lo que se identifica como<span>\u00a0<\/span><\/span><strong><span dir=\"auto\">carencia material extrema.<\/span><\/strong><\/li>\n<\/ul>\n<p><strong><span dir=\"auto\">Estos conceptos incluyen:<\/span><\/strong><\/p>\n<p><span dir=\"auto\">\u2022 No poder ir de vacaciones una semana al a\u00f1o.<\/span><br \/>\n<span dir=\"auto\">\u2022 No poder permitirse una comida de carne\/pollo\/pescado cada dos d\u00edas.<\/span><br \/>\n<span dir=\"auto\">\u2022 No poder mantener la vivienda a una temperatura adecuada.<\/span><br \/>\n<span dir=\"auto\">\u2022 No poder afrontar gastos imprevistos.<\/span><br \/>\n<span dir=\"auto\">\u2022 Haber tenido retraso en pagos de vivienda o compras a plazos.<\/span><br \/>\n<span dir=\"auto\">\u2022 No poder tener coche, tel\u00e9fono, televisor o lavadora.<\/span><\/p>\n<p><strong><span dir=\"auto\"><span class=\"VIpgJd-yAWNEb-VIpgJd-fmcmS-sn54Q\" dir=\"auto\">Y son precisamente estas carencias las que han crecido ahora en un grado comparable o superior al que se vio durante el per\u00edodo de crisis que empez\u00f3 en 2008 y dur\u00f3 hasta 2014.<\/span><\/span><\/strong><\/p>\n<p><span dir=\"auto\">Aunque ahora existe un<span>\u00a0<\/span><\/span><strong><span dir=\"auto\">notable grado de ocupaci\u00f3n,<\/span><\/strong><span dir=\"auto\">\u00a0las carencias materiales siguen aumentando. Es lo que se ha llamado:<span>\u00a0<\/span><\/span><strong><span dir=\"auto\">\u00abpobres que trabajan\u00bb,<\/span><\/strong><span dir=\"auto\">\u00a0es decir, trabajadores atrapados en salarios bajos, con una compresi\u00f3n salarial que limita la retribuci\u00f3n real y genera una<span>\u00a0<\/span><\/span><strong><span dir=\"auto\">polarizaci\u00f3n social creciente.<\/span><\/strong><\/p>\n<h4><span dir=\"auto\">Conclusi\u00f3n: S\u00e1nchez, crisis y polarizaci\u00f3n real<\/span><\/h4>\n<p><span dir=\"auto\"><span class=\"VIpgJd-yAWNEb-VIpgJd-fmcmS-sn54Q\" dir=\"auto\">Pedro S\u00e1nchez es mucho m\u00e1s que un caso de pol\u00e9mica y corrupci\u00f3n pol\u00edtica:<span>\u00a0<\/span><\/span><\/span><strong><span dir=\"auto\"><span class=\"VIpgJd-yAWNEb-VIpgJd-fmcmS-sn54Q\" dir=\"auto\">su gesti\u00f3n econ\u00f3mica y social tiene impactos reales y mensurables<\/span><\/span><\/strong><span dir=\"auto\"><span class=\"VIpgJd-yAWNEb-VIpgJd-fmcmS-sn54Q\" dir=\"auto\"><span>\u00a0<\/span>muy negativos en la vida de millones de ciudadanos.<\/span><\/span><\/p>\n<p><span dir=\"auto\">Mientras el Ibex 35<span>\u00a0<\/span><\/span><strong><span dir=\"auto\">bate r\u00e9cords y alcanza cotas ins\u00f3litas, como los 17.000 puntos,<\/span><\/strong><span dir=\"auto\">\u00a0la realidad social en el terreno salarial y de carencias materiales empeora. Es la paradoja de una econom\u00eda dividida:<span>\u00a0<\/span><\/span><strong><span dir=\"auto\">los mercados en alza, pero la base social en retroceso.<\/span><\/strong><\/p>\n<p><span dir=\"auto\">Y si esto es demagogia, en todo caso es la demagogia de los hechos.<\/span><\/p>\n<span class='bctt-click-to-tweet'><span class='bctt-ctt-text'><a href='https:\/\/twitter.com\/intent\/tweet?url=https%3A%2F%2Fconversesacatalunya.cat%2Fes%2Fun-ano-mas-de-sanchez-i-quiere-llegar-al-2031-como-minimo%2F&#038;text=M%C3%A1s%20trabajadores%20en%20el%20tramo%20bajo%20salarial%20y%20menos%20poder%20adquisitivo.%20%23ClaseMedia%20%23PrecariedadLaboral&#038;via=conversesacat&#038;related=conversesacat' target='_blank'rel=\"noopener noreferrer\">M\u00e1s trabajadores en el tramo bajo salarial y menos poder adquisitivo. #ClaseMedia #PrecariedadLaboral <\/a><\/span><a href='https:\/\/twitter.com\/intent\/tweet?url=https%3A%2F%2Fconversesacatalunya.cat%2Fes%2Fun-ano-mas-de-sanchez-i-quiere-llegar-al-2031-como-minimo%2F&#038;text=M%C3%A1s%20trabajadores%20en%20el%20tramo%20bajo%20salarial%20y%20menos%20poder%20adquisitivo.%20%23ClaseMedia%20%23PrecariedadLaboral&#038;via=conversesacat&#038;related=conversesacat' target='_blank' class='bctt-ctt-btn'rel=\"noopener noreferrer\">Compartir en X<\/a><\/span>\n<div id=\"polls-308\" class=\"wp-polls\">\n\t<form id=\"polls_form_308\" class=\"wp-polls-form\" action=\"\/index.php\" method=\"post\">\n\t\t<p style=\"display: none;\"><input type=\"hidden\" id=\"poll_308_nonce\" name=\"wp-polls-nonce\" value=\"73e828c285\" \/><\/p>\n\t\t<p style=\"display: none;\"><input type=\"hidden\" name=\"poll_id\" value=\"308\" \/><\/p>\n\t\t<p style=\"text-align: center\"><strong>Creus que davant tants processos judicials que afecten el PSOE i a inst\u00e0ncies del Govern es pot qualificar la situaci\u00f3 de corrupci\u00f3 sist\u00e8mica?<\/strong><\/p><div id=\"polls-308-ans\" class=\"wp-polls-ans\"><ul class=\"wp-polls-ul\">\n\t\t<li><input type=\"radio\" id=\"poll-answer-881\" name=\"poll_308\" value=\"881\" \/> <label for=\"poll-answer-881\">S\u00ed<\/label><\/li>\n\t\t<li><input type=\"radio\" id=\"poll-answer-882\" name=\"poll_308\" value=\"882\" \/> <label for=\"poll-answer-882\">No<\/label><\/li>\n\t\t<li><input type=\"radio\" id=\"poll-answer-883\" name=\"poll_308\" value=\"883\" \/> <label for=\"poll-answer-883\">No ho s\u00e9<\/label><\/li>\n\t\t<\/ul><p style=\"text-align: center\"><input type=\"button\" name=\"vote\" value=\"   Vota   \" class=\"Buttons\" onclick=\"poll_vote(308);\" \/><\/p><p style=\"text-align: center\"><a href=\"#ViewPollResults\" onclick=\"poll_result(308); return false;\" title=\"View Results Of This Poll\">Mira els resultats<\/a><\/p><\/div>\n\t<\/form>\n<\/div>\n<div id=\"polls-308-loading\" class=\"wp-polls-loading\"><img decoding=\"async\" data-src=\"https:\/\/conversesacatalunya.cat\/wp-content\/plugins\/wp-polls\/images\/loading.gif\" width=\"16\" height=\"16\" alt=\"Cargando ...\" title=\"Cargando ...\" class=\"wp-polls-image lazyload\" src=\"data:image\/svg+xml;base64,PHN2ZyB3aWR0aD0iMSIgaGVpZ2h0PSIxIiB4bWxucz0iaHR0cDovL3d3dy53My5vcmcvMjAwMC9zdmciPjwvc3ZnPg==\" style=\"--smush-placeholder-width: 16px; --smush-placeholder-aspect-ratio: 16\/16;\" \/>&nbsp;Cargando ...<\/div>\n\n","protected":false},"excerpt":{"rendered":"<p>Esta frase, aparentemente hiperb\u00f3lica, resume una percepci\u00f3n:\u00a0Pedro S\u00e1nchez considera que el fin de toda pol\u00edtica es eternizarse en el poder. Cree que el \u00fanico juicio v\u00e1lido sobre qu\u00e9 hace y lo que deja de hacer es el suyo, y que este siempre es altamente favorable, es una evidencia. Y que todo lo que discrepa de este diagn\u00f3stico forma parte autom\u00e1ticamente de la \u201cfachoesfera\u201d, esto no deja de mencionarlo, como volvi\u00f3 a hacer ayer en su comparecencia para\u00a0\u201cvalorar\u201d formalmente la legislatura reciente. En realidad, lo que ofreci\u00f3 fue una inyecci\u00f3n en vena de autoelogios y descalificaciones ad hominem contra la oposici\u00f3n \u2014especialmente el PP\u2014 confirmando lo que refleja una reciente encuesta sobre la grave polarizaci\u00f3n de la sociedad espa\u00f1ola, que se\u00f1ala que\u00a0los dos grandes polarizadores del pa\u00eds son Santiago Abascal y \u00e9l mismo. Lo grave no es que S\u00e1nchez defienda este relato, sino que realmente\u00a0se lo cree. Esto revela una distorsi\u00f3n de la realidad peligrosa para nuestro presente y para el futuro pr\u00f3ximo. Pensiones: un \u00e9xito sin sostenibilidad real S\u00e1nchez puso las pensiones como uno de los grandes \u00ablogros\u00bb de su mandato. Pero la realidad macroecon\u00f3mica muestra una\u00a0tendencia preocupante.\u00a0El d\u00e9ficit del sistema contributivo de pensiones se aproxima a los 60.000 millones de euros, aproximadamente un\u00a03,8% del PIB,\u00a0y para 2025 se prev\u00e9 que llegue a los\u00a062.476 millones de euros,\u00a0un\u00a04% del PIB, \u00a1dos\u00a0d\u00e9cimas m\u00e1s en un solo a\u00f1o! Esto no son cifras abstractas:\u00a0lo pagamos con impuestos hoy y con endeudamiento ma\u00f1ana.\u00a0Si no se hace una\u00a0reforma profunda y estructural del sistema,\u00a0este d\u00e9ficit podr\u00eda situarse entre el\u00a05% y el 6% del PIB en 2040,\u00a0una magnitud pr\u00e1cticamente inalcanzable que pone en cuesti\u00f3n la sostenibilidad de las pensiones de las generaciones que ahora trabajan. La paradoja es brutal: S\u00e1nchez exhibe el aumento de pensiones como triunfo social, pero\u00a0su trayectoria fiscal y econ\u00f3mica deja un saldo insostenible. Y ese d\u00e9ficit no es solo num\u00e9rico: es una burbuja de futuro que explotar\u00e1 sobre los trabajadores y la clase media baja, sobre los que ahora est\u00e1n pagando a la Seguridad Social pensando que se aseguran el futuro. Salario M\u00ednimo Interprofesional: victoria legislativa, problema econ\u00f3mico La subida del\u00a0Salario M\u00ednimo Interprofesional (SMI)\u00a0ha sido uno de los puntos m\u00e1s destacados de la pol\u00edtica social del gobierno. El SMI ha subido sustancialmente:\u00a0m\u00e1s del 50% en los \u00faltimos a\u00f1os, alcanzando los 1.184 euros al mes en 14 pagas en 2025,\u00a0o\u00a015.120 euros brutos anuales en 2023.\u00a0Este crecimiento responde a un objetivo social: acercar el SMI al\u00a060% del salario medio,\u00a0reduciendo la brecha salarial entre la parte inferior y la media de la pir\u00e1mide de remuneraciones. Pero hoy esa subida sostenida ha dado lugar a un fen\u00f3meno econ\u00f3mico preocupante: la\u00a0compresi\u00f3n salarial. La compresi\u00f3n salarial: qu\u00e9 es y por qu\u00e9 importa La compresi\u00f3n salarial se produce cuando\u00a0el salario m\u00ednimo se aproxima al salario m\u00e1s frecuente (salario modal).\u00a0Este hecho, que podr\u00eda parecer positivo a primera vista, es en realidad\u00a0una se\u00f1al de estancamiento o deterioro en la parte media de la distribuci\u00f3n de salarios. Seg\u00fan an\u00e1lisis basados \u200b\u200ben la\u00a0Encuesta de Estructura Salarial del INE, la brecha entre el salario m\u00ednimo y el salario modal ha pasado del\u00a043% en 2018\u00a0a reducirse dram\u00e1ticamente hasta el\u00a03% en 2023.\u00a0Esto significa que\u00a0la distribuci\u00f3n salarial ha dejado de expandirse por la parte media,\u00a0con un aumento real casi nulo o incluso negativo en los salarios que percibe\u00a0la mayor\u00eda de trabajadores. \u00bfPor qu\u00e9 es tan alarmante? Cuando el salario que cobran la mayor parte de los trabajadores\u00a0no crece en t\u00e9rminos reales,\u00a0esto indica que el aumento de los salarios no proviene de un\u00a0crecimiento productivo o de productividad,\u00a0sino de\u00a0la acci\u00f3n reguladora por decreto del salario m\u00ednimo.\u00a0En otras palabras, el SMI se ha convertido\u00a0m\u00e1s en un techo que en un verdadero motor de elevaci\u00f3n salarial,\u00a0especialmente para los trabajadores con baja o media cualificaci\u00f3n y para las\u00a0peque\u00f1as y medianas empresas\u00a0que no pueden trasladar los costes laborales a los precios. El resultado es claro: mientras el SMI sube,\u00a0el salario modal se estanca o cae en t\u00e9rminos reales,\u00a0lo que\u00a0erosiona la base econ\u00f3mica de la clase media baja. M\u00e1s trabajadores afectados: una tendencia estructural Los datos muestran que\u00a0el porcentaje de trabajadores con salarios en los tramos m\u00e1s bajos ha crecido.\u00a0Hace unos a\u00f1os, el impacto del SMI afectaba aproximadamente a un\u00a07-8% de los trabajadores.\u00a0Hoy, si se incluyen los salarios alrededor del\u00a0125% del SMI,\u00a0esta incidencia podr\u00eda situarse\u00a0entre el 10% y el 20% o m\u00e1s.\u00a0Esto significa que\u00a0trabajadores con cierta experiencia o calificaci\u00f3n\u00a0que antes estaban por encima de los m\u00ednimos salariales se ven atrapados ahora en una estructura salarial comprimida. En resumen,\u00a0la subida del SMI ha sido una victoria en la lucha contra la pobreza laboral,\u00a0pero su convergencia con el salario modal indica que\u00a0el crecimiento salarial real solo se produce por decreto, no por una pol\u00edtica econ\u00f3mica robusta basada en productividad y competitividad. El gr\u00e1fico que dice m\u00e1s que mil palabras Un gr\u00e1fico publicado por\u00a0El Confidencial\u00a0con el t\u00edtulo\u00a0\u201cCiclo econ\u00f3mico y pobreza material\u201d\u00a0sintetiza esta realidad con datos contundentes. Se muestran\u00a0indicadores de pobreza o privaci\u00f3n material subjetiva\u00a0medidos seg\u00fan\u00a0cu\u00e1ntos elementos b\u00e1sicos no puede permitirse una persona o un hogar.\u00a0Estos datos forman parte de las estad\u00edsticas oficiales de la Encuesta\u00a0de Condiciones de Vida (ECV) del Instituto Nacional de Estad\u00edstica (INE)\u00a0y se utilizan tambi\u00e9n en informes sobre\u00a0pobreza y exclusi\u00f3n social. Las categor\u00edas son: Carencia en 2 conceptos:\u00a0hogares que no pueden permitirse al menos\u00a02\u00a0de los bienes o servicios considerados b\u00e1sicos. Carencia en 3 conceptos:\u00a0hogares carentes de\u00a03\u00a0de estos elementos. Carencia en 4 conceptos:\u00a0hogares que no pueden permitirse\u00a04 o m\u00e1s\u00a0de estos bienes, lo que se identifica como\u00a0carencia material extrema. Estos conceptos incluyen: \u2022 No poder ir de vacaciones una semana al a\u00f1o. \u2022 No poder permitirse una comida de carne\/pollo\/pescado cada dos d\u00edas. \u2022 No poder mantener la vivienda a una temperatura adecuada. \u2022 No poder afrontar gastos imprevistos. \u2022 Haber tenido retraso en pagos de vivienda o compras a plazos. \u2022 No poder tener coche, tel\u00e9fono, televisor o lavadora. Y son precisamente estas carencias las que han crecido ahora en un grado comparable o superior al que se vio durante el per\u00edodo de crisis que empez\u00f3 en 2008 y dur\u00f3 hasta 2014. Aunque ahora existe un\u00a0notable grado de ocupaci\u00f3n,\u00a0las carencias materiales siguen aumentando. Es lo que&#8230;<\/p>\n","protected":false},"author":78,"featured_media":94811,"comment_status":"open","ping_status":"open","sticky":false,"template":"","format":"standard","meta":{"_FSMCFIC_featured_image_caption":"","_FSMCFIC_featured_image_nocaption":"","_FSMCFIC_featured_image_hide":"","footnotes":""},"categories":[806],"tags":[946,1122,1243],"class_list":["post-94813","post","type-post","status-publish","format-standard","has-post-thumbnail","hentry","category-punts-claus-del-dia-es","tag-pensiones","tag-pensions-es","tag-smi-es"],"yoast_head":"<!-- This site is optimized with the Yoast SEO plugin v26.8 - https:\/\/yoast.com\/product\/yoast-seo-wordpress\/ -->\n<title>Un a\u00f1o m\u00e1s de S\u00e1nchez\u2026 y quiere llegar al 2031 como m\u00ednimo - Converses a Catalunya<\/title>\n<meta name=\"description\" content=\"S\u00e1nchez puso las pensiones como uno de los grandes &quot;logros&quot; de su mandato. Pero la realidad macroecon\u00f3mica muestra una tendencia preocupante\" \/>\n<meta name=\"robots\" content=\"index, follow, max-snippet:-1, max-image-preview:large, max-video-preview:-1\" \/>\n<link rel=\"canonical\" href=\"https:\/\/conversesacatalunya.cat\/es\/un-ano-mas-de-sanchez-i-quiere-llegar-al-2031-como-minimo\/\" \/>\n<meta property=\"og:locale\" content=\"es_ES\" \/>\n<meta property=\"og:type\" content=\"article\" \/>\n<meta property=\"og:title\" content=\"Un a\u00f1o m\u00e1s de S\u00e1nchez\u2026 y quiere llegar al 2031 como m\u00ednimo - Converses a Catalunya\" \/>\n<meta property=\"og:description\" content=\"S\u00e1nchez puso las pensiones como uno de los grandes &quot;logros&quot; de su mandato. Pero la realidad macroecon\u00f3mica muestra una tendencia preocupante\" \/>\n<meta property=\"og:url\" content=\"https:\/\/conversesacatalunya.cat\/es\/un-ano-mas-de-sanchez-i-quiere-llegar-al-2031-como-minimo\/\" \/>\n<meta property=\"og:site_name\" content=\"Converses a Catalunya\" \/>\n<meta property=\"article:published_time\" content=\"2025-12-16T10:50:14+00:00\" \/>\n<meta property=\"article:modified_time\" content=\"2025-12-16T11:13:23+00:00\" \/>\n<meta property=\"og:image\" content=\"https:\/\/conversesacatalunya.cat\/wp-content\/uploads\/2025\/12\/money-494160_640.jpg\" \/>\n\t<meta property=\"og:image:width\" content=\"640\" \/>\n\t<meta property=\"og:image:height\" content=\"426\" \/>\n\t<meta property=\"og:image:type\" content=\"image\/jpeg\" \/>\n<meta name=\"author\" content=\"Joan Masip\" \/>\n<meta name=\"twitter:card\" content=\"summary_large_image\" \/>\n<meta name=\"twitter:label1\" content=\"Escrito por\" \/>\n\t<meta name=\"twitter:data1\" content=\"Joan Masip\" \/>\n\t<meta name=\"twitter:label2\" content=\"Tiempo de lectura\" \/>\n\t<meta name=\"twitter:data2\" content=\"7 minutos\" \/>\n<script type=\"application\/ld+json\" class=\"yoast-schema-graph\">{\"@context\":\"https:\/\/schema.org\",\"@graph\":[{\"@type\":\"Article\",\"@id\":\"https:\/\/conversesacatalunya.cat\/es\/un-ano-mas-de-sanchez-i-quiere-llegar-al-2031-como-minimo\/#article\",\"isPartOf\":{\"@id\":\"https:\/\/conversesacatalunya.cat\/es\/un-ano-mas-de-sanchez-i-quiere-llegar-al-2031-como-minimo\/\"},\"author\":{\"name\":\"Joan Masip\",\"@id\":\"https:\/\/conversesacatalunya.cat\/#\/schema\/person\/311d0bf53def217d5124c78a7bc42275\"},\"headline\":\"Un a\u00f1o m\u00e1s de S\u00e1nchez\u2026 y quiere llegar al 2031 como m\u00ednimo\",\"datePublished\":\"2025-12-16T10:50:14+00:00\",\"dateModified\":\"2025-12-16T11:13:23+00:00\",\"mainEntityOfPage\":{\"@id\":\"https:\/\/conversesacatalunya.cat\/es\/un-ano-mas-de-sanchez-i-quiere-llegar-al-2031-como-minimo\/\"},\"wordCount\":1320,\"commentCount\":0,\"image\":{\"@id\":\"https:\/\/conversesacatalunya.cat\/es\/un-ano-mas-de-sanchez-i-quiere-llegar-al-2031-como-minimo\/#primaryimage\"},\"thumbnailUrl\":\"https:\/\/conversesacatalunya.cat\/wp-content\/uploads\/2025\/12\/money-494160_640.jpg\",\"keywords\":[\"Pensiones\",\"Pensions\",\"SMI\"],\"articleSection\":[\"Punts clau del dia (ES)\"],\"inLanguage\":\"es\",\"potentialAction\":[{\"@type\":\"CommentAction\",\"name\":\"Comment\",\"target\":[\"https:\/\/conversesacatalunya.cat\/es\/un-ano-mas-de-sanchez-i-quiere-llegar-al-2031-como-minimo\/#respond\"]}]},{\"@type\":\"WebPage\",\"@id\":\"https:\/\/conversesacatalunya.cat\/es\/un-ano-mas-de-sanchez-i-quiere-llegar-al-2031-como-minimo\/\",\"url\":\"https:\/\/conversesacatalunya.cat\/es\/un-ano-mas-de-sanchez-i-quiere-llegar-al-2031-como-minimo\/\",\"name\":\"Un a\u00f1o m\u00e1s de S\u00e1nchez\u2026 y quiere llegar al 2031 como m\u00ednimo - Converses a Catalunya\",\"isPartOf\":{\"@id\":\"https:\/\/conversesacatalunya.cat\/#website\"},\"primaryImageOfPage\":{\"@id\":\"https:\/\/conversesacatalunya.cat\/es\/un-ano-mas-de-sanchez-i-quiere-llegar-al-2031-como-minimo\/#primaryimage\"},\"image\":{\"@id\":\"https:\/\/conversesacatalunya.cat\/es\/un-ano-mas-de-sanchez-i-quiere-llegar-al-2031-como-minimo\/#primaryimage\"},\"thumbnailUrl\":\"https:\/\/conversesacatalunya.cat\/wp-content\/uploads\/2025\/12\/money-494160_640.jpg\",\"datePublished\":\"2025-12-16T10:50:14+00:00\",\"dateModified\":\"2025-12-16T11:13:23+00:00\",\"author\":{\"@id\":\"https:\/\/conversesacatalunya.cat\/#\/schema\/person\/311d0bf53def217d5124c78a7bc42275\"},\"description\":\"S\u00e1nchez puso las pensiones como uno de los grandes \\\"logros\\\" de su mandato. Pero la realidad macroecon\u00f3mica muestra una tendencia preocupante\",\"breadcrumb\":{\"@id\":\"https:\/\/conversesacatalunya.cat\/es\/un-ano-mas-de-sanchez-i-quiere-llegar-al-2031-como-minimo\/#breadcrumb\"},\"inLanguage\":\"es\",\"potentialAction\":[{\"@type\":\"ReadAction\",\"target\":[\"https:\/\/conversesacatalunya.cat\/es\/un-ano-mas-de-sanchez-i-quiere-llegar-al-2031-como-minimo\/\"]}]},{\"@type\":\"ImageObject\",\"inLanguage\":\"es\",\"@id\":\"https:\/\/conversesacatalunya.cat\/es\/un-ano-mas-de-sanchez-i-quiere-llegar-al-2031-como-minimo\/#primaryimage\",\"url\":\"https:\/\/conversesacatalunya.cat\/wp-content\/uploads\/2025\/12\/money-494160_640.jpg\",\"contentUrl\":\"https:\/\/conversesacatalunya.cat\/wp-content\/uploads\/2025\/12\/money-494160_640.jpg\",\"width\":640,\"height\":426,\"caption\":\"S\u00e1nchez pensiones\"},{\"@type\":\"BreadcrumbList\",\"@id\":\"https:\/\/conversesacatalunya.cat\/es\/un-ano-mas-de-sanchez-i-quiere-llegar-al-2031-como-minimo\/#breadcrumb\",\"itemListElement\":[{\"@type\":\"ListItem\",\"position\":1,\"name\":\"Inici\",\"item\":\"https:\/\/conversesacatalunya.cat\/es\/\"},{\"@type\":\"ListItem\",\"position\":2,\"name\":\"Un a\u00f1o m\u00e1s de S\u00e1nchez\u2026 y quiere llegar al 2031 como m\u00ednimo\"}]},{\"@type\":\"WebSite\",\"@id\":\"https:\/\/conversesacatalunya.cat\/#website\",\"url\":\"https:\/\/conversesacatalunya.cat\/\",\"name\":\"Converses a Catalunya\",\"description\":\"\",\"potentialAction\":[{\"@type\":\"SearchAction\",\"target\":{\"@type\":\"EntryPoint\",\"urlTemplate\":\"https:\/\/conversesacatalunya.cat\/?s={search_term_string}\"},\"query-input\":{\"@type\":\"PropertyValueSpecification\",\"valueRequired\":true,\"valueName\":\"search_term_string\"}}],\"inLanguage\":\"es\"},{\"@type\":\"Person\",\"@id\":\"https:\/\/conversesacatalunya.cat\/#\/schema\/person\/311d0bf53def217d5124c78a7bc42275\",\"name\":\"Joan Masip\",\"image\":{\"@type\":\"ImageObject\",\"inLanguage\":\"es\",\"@id\":\"https:\/\/conversesacatalunya.cat\/#\/schema\/person\/image\/\",\"url\":\"https:\/\/conversesacatalunya.cat\/wp-content\/litespeed\/avatar\/fa67b994763cff7d443f54b63ec96481.jpg?ver=1777372547\",\"contentUrl\":\"https:\/\/conversesacatalunya.cat\/wp-content\/litespeed\/avatar\/fa67b994763cff7d443f54b63ec96481.jpg?ver=1777372547\",\"caption\":\"Joan Masip\"},\"url\":\"https:\/\/conversesacatalunya.cat\/es\/author\/joan-masip\/\"}]}<\/script>\n<!-- \/ Yoast SEO plugin. -->","yoast_head_json":{"title":"Un a\u00f1o m\u00e1s de S\u00e1nchez\u2026 y quiere llegar al 2031 como m\u00ednimo - Converses a Catalunya","description":"S\u00e1nchez puso las pensiones como uno de los grandes \"logros\" de su mandato. Pero la realidad macroecon\u00f3mica muestra una tendencia preocupante","robots":{"index":"index","follow":"follow","max-snippet":"max-snippet:-1","max-image-preview":"max-image-preview:large","max-video-preview":"max-video-preview:-1"},"canonical":"https:\/\/conversesacatalunya.cat\/es\/un-ano-mas-de-sanchez-i-quiere-llegar-al-2031-como-minimo\/","og_locale":"es_ES","og_type":"article","og_title":"Un a\u00f1o m\u00e1s de S\u00e1nchez\u2026 y quiere llegar al 2031 como m\u00ednimo - Converses a Catalunya","og_description":"S\u00e1nchez puso las pensiones como uno de los grandes \"logros\" de su mandato. Pero la realidad macroecon\u00f3mica muestra una tendencia preocupante","og_url":"https:\/\/conversesacatalunya.cat\/es\/un-ano-mas-de-sanchez-i-quiere-llegar-al-2031-como-minimo\/","og_site_name":"Converses a Catalunya","article_published_time":"2025-12-16T10:50:14+00:00","article_modified_time":"2025-12-16T11:13:23+00:00","og_image":[{"width":640,"height":426,"url":"https:\/\/conversesacatalunya.cat\/wp-content\/uploads\/2025\/12\/money-494160_640.jpg","type":"image\/jpeg"}],"author":"Joan Masip","twitter_card":"summary_large_image","twitter_misc":{"Escrito por":"Joan Masip","Tiempo de lectura":"7 minutos"},"schema":{"@context":"https:\/\/schema.org","@graph":[{"@type":"Article","@id":"https:\/\/conversesacatalunya.cat\/es\/un-ano-mas-de-sanchez-i-quiere-llegar-al-2031-como-minimo\/#article","isPartOf":{"@id":"https:\/\/conversesacatalunya.cat\/es\/un-ano-mas-de-sanchez-i-quiere-llegar-al-2031-como-minimo\/"},"author":{"name":"Joan Masip","@id":"https:\/\/conversesacatalunya.cat\/#\/schema\/person\/311d0bf53def217d5124c78a7bc42275"},"headline":"Un a\u00f1o m\u00e1s de S\u00e1nchez\u2026 y quiere llegar al 2031 como m\u00ednimo","datePublished":"2025-12-16T10:50:14+00:00","dateModified":"2025-12-16T11:13:23+00:00","mainEntityOfPage":{"@id":"https:\/\/conversesacatalunya.cat\/es\/un-ano-mas-de-sanchez-i-quiere-llegar-al-2031-como-minimo\/"},"wordCount":1320,"commentCount":0,"image":{"@id":"https:\/\/conversesacatalunya.cat\/es\/un-ano-mas-de-sanchez-i-quiere-llegar-al-2031-como-minimo\/#primaryimage"},"thumbnailUrl":"https:\/\/conversesacatalunya.cat\/wp-content\/uploads\/2025\/12\/money-494160_640.jpg","keywords":["Pensiones","Pensions","SMI"],"articleSection":["Punts clau del dia (ES)"],"inLanguage":"es","potentialAction":[{"@type":"CommentAction","name":"Comment","target":["https:\/\/conversesacatalunya.cat\/es\/un-ano-mas-de-sanchez-i-quiere-llegar-al-2031-como-minimo\/#respond"]}]},{"@type":"WebPage","@id":"https:\/\/conversesacatalunya.cat\/es\/un-ano-mas-de-sanchez-i-quiere-llegar-al-2031-como-minimo\/","url":"https:\/\/conversesacatalunya.cat\/es\/un-ano-mas-de-sanchez-i-quiere-llegar-al-2031-como-minimo\/","name":"Un a\u00f1o m\u00e1s de S\u00e1nchez\u2026 y quiere llegar al 2031 como m\u00ednimo - Converses a Catalunya","isPartOf":{"@id":"https:\/\/conversesacatalunya.cat\/#website"},"primaryImageOfPage":{"@id":"https:\/\/conversesacatalunya.cat\/es\/un-ano-mas-de-sanchez-i-quiere-llegar-al-2031-como-minimo\/#primaryimage"},"image":{"@id":"https:\/\/conversesacatalunya.cat\/es\/un-ano-mas-de-sanchez-i-quiere-llegar-al-2031-como-minimo\/#primaryimage"},"thumbnailUrl":"https:\/\/conversesacatalunya.cat\/wp-content\/uploads\/2025\/12\/money-494160_640.jpg","datePublished":"2025-12-16T10:50:14+00:00","dateModified":"2025-12-16T11:13:23+00:00","author":{"@id":"https:\/\/conversesacatalunya.cat\/#\/schema\/person\/311d0bf53def217d5124c78a7bc42275"},"description":"S\u00e1nchez puso las pensiones como uno de los grandes \"logros\" de su mandato. Pero la realidad macroecon\u00f3mica muestra una tendencia preocupante","breadcrumb":{"@id":"https:\/\/conversesacatalunya.cat\/es\/un-ano-mas-de-sanchez-i-quiere-llegar-al-2031-como-minimo\/#breadcrumb"},"inLanguage":"es","potentialAction":[{"@type":"ReadAction","target":["https:\/\/conversesacatalunya.cat\/es\/un-ano-mas-de-sanchez-i-quiere-llegar-al-2031-como-minimo\/"]}]},{"@type":"ImageObject","inLanguage":"es","@id":"https:\/\/conversesacatalunya.cat\/es\/un-ano-mas-de-sanchez-i-quiere-llegar-al-2031-como-minimo\/#primaryimage","url":"https:\/\/conversesacatalunya.cat\/wp-content\/uploads\/2025\/12\/money-494160_640.jpg","contentUrl":"https:\/\/conversesacatalunya.cat\/wp-content\/uploads\/2025\/12\/money-494160_640.jpg","width":640,"height":426,"caption":"S\u00e1nchez pensiones"},{"@type":"BreadcrumbList","@id":"https:\/\/conversesacatalunya.cat\/es\/un-ano-mas-de-sanchez-i-quiere-llegar-al-2031-como-minimo\/#breadcrumb","itemListElement":[{"@type":"ListItem","position":1,"name":"Inici","item":"https:\/\/conversesacatalunya.cat\/es\/"},{"@type":"ListItem","position":2,"name":"Un a\u00f1o m\u00e1s de S\u00e1nchez\u2026 y quiere llegar al 2031 como m\u00ednimo"}]},{"@type":"WebSite","@id":"https:\/\/conversesacatalunya.cat\/#website","url":"https:\/\/conversesacatalunya.cat\/","name":"Converses a Catalunya","description":"","potentialAction":[{"@type":"SearchAction","target":{"@type":"EntryPoint","urlTemplate":"https:\/\/conversesacatalunya.cat\/?s={search_term_string}"},"query-input":{"@type":"PropertyValueSpecification","valueRequired":true,"valueName":"search_term_string"}}],"inLanguage":"es"},{"@type":"Person","@id":"https:\/\/conversesacatalunya.cat\/#\/schema\/person\/311d0bf53def217d5124c78a7bc42275","name":"Joan Masip","image":{"@type":"ImageObject","inLanguage":"es","@id":"https:\/\/conversesacatalunya.cat\/#\/schema\/person\/image\/","url":"https:\/\/conversesacatalunya.cat\/wp-content\/litespeed\/avatar\/fa67b994763cff7d443f54b63ec96481.jpg?ver=1777372547","contentUrl":"https:\/\/conversesacatalunya.cat\/wp-content\/litespeed\/avatar\/fa67b994763cff7d443f54b63ec96481.jpg?ver=1777372547","caption":"Joan Masip"},"url":"https:\/\/conversesacatalunya.cat\/es\/author\/joan-masip\/"}]}},"wps_subtitle":"Mientras el Ibex 35 bate r\u00e9cords y alcanza cotas ins\u00f3litas, como los 17.000 puntos, la realidad social en el terreno salarial y de carencias materiales empeora.","_links":{"self":[{"href":"https:\/\/conversesacatalunya.cat\/es\/wp-json\/wp\/v2\/posts\/94813","targetHints":{"allow":["GET"]}}],"collection":[{"href":"https:\/\/conversesacatalunya.cat\/es\/wp-json\/wp\/v2\/posts"}],"about":[{"href":"https:\/\/conversesacatalunya.cat\/es\/wp-json\/wp\/v2\/types\/post"}],"author":[{"embeddable":true,"href":"https:\/\/conversesacatalunya.cat\/es\/wp-json\/wp\/v2\/users\/78"}],"replies":[{"embeddable":true,"href":"https:\/\/conversesacatalunya.cat\/es\/wp-json\/wp\/v2\/comments?post=94813"}],"version-history":[{"count":3,"href":"https:\/\/conversesacatalunya.cat\/es\/wp-json\/wp\/v2\/posts\/94813\/revisions"}],"predecessor-version":[{"id":94819,"href":"https:\/\/conversesacatalunya.cat\/es\/wp-json\/wp\/v2\/posts\/94813\/revisions\/94819"}],"wp:featuredmedia":[{"embeddable":true,"href":"https:\/\/conversesacatalunya.cat\/es\/wp-json\/wp\/v2\/media\/94811"}],"wp:attachment":[{"href":"https:\/\/conversesacatalunya.cat\/es\/wp-json\/wp\/v2\/media?parent=94813"}],"wp:term":[{"taxonomy":"category","embeddable":true,"href":"https:\/\/conversesacatalunya.cat\/es\/wp-json\/wp\/v2\/categories?post=94813"},{"taxonomy":"post_tag","embeddable":true,"href":"https:\/\/conversesacatalunya.cat\/es\/wp-json\/wp\/v2\/tags?post=94813"}],"curies":[{"name":"wp","href":"https:\/\/api.w.org\/{rel}","templated":true}]}}