{"id":94789,"date":"2025-12-16T08:29:15","date_gmt":"2025-12-16T07:29:15","guid":{"rendered":"https:\/\/conversesacatalunya.cat\/?p=94789"},"modified":"2025-12-16T08:30:01","modified_gmt":"2025-12-16T07:30:01","slug":"reparto-europa","status":"publish","type":"post","link":"https:\/\/conversesacatalunya.cat\/es\/reparto-europa\/","title":{"rendered":"El reparto de Europa ha empezado"},"content":{"rendered":"<p><span dir=\"auto\">Hace un siglo y medio, eran frecuentes las caricaturas representando las potencias europeas en el colmo de su esplendor imperial, reparti\u00e9ndose \u00c1frica o China.<\/span><\/p>\n<p><span dir=\"auto\">En el a\u00f1o que cierra el primer cuarto del siglo XXI,<span>\u00a0<\/span><\/span><strong><span dir=\"auto\">las caricaturas de moda van en el sentido opuesto:<\/span><\/strong><span dir=\"auto\"> las grandes potencias de nuestra \u00e9poca, Estados Unidos, China y a veces Rusia e India, ri\u00e9ndose o disput\u00e1ndose el control de Europa.<\/span><\/p>\n<p><strong><span dir=\"auto\">La Uni\u00f3n Europea ha fracasado en su ambici\u00f3n de convertirse en un l\u00edder internacional<\/span><\/strong><span dir=\"auto\">. Por no ser, no es ni siquiera relevante. Ucrania, Oriente Pr\u00f3ximo, Venezuela, Taiw\u00e1n: los conflictos de nuestro tiempo se afrontan sin que nadie espere Europa.<\/span><\/p>\n<p><span dir=\"auto\">Peor a\u00fan, la \u00fanica esfera en la que la UE ten\u00eda probabilidades de alzarse como un interlocutor de t\u00fa a t\u00fa con los grandes del mundo, porque dispon\u00eda de las competencias necesarias, el<span>\u00a0<\/span><\/span><strong><span dir=\"auto\">comercio,<\/span><\/strong><span dir=\"auto\">\u00a0ha acabado con un descalabro estrepitoso ante Donald Trump.<\/span><\/p>\n<p><span dir=\"auto\">Efectivamente, la UE liderada (para decirlo de alguna forma) por Ursula von der Leyen acab\u00f3 el pasado verano por aceptar un<span>\u00a0<\/span><\/span><strong><span dir=\"auto\">arancel base del 15% sobre todas sus exportaciones hacia Estados Unidos.<\/span><\/strong><\/p>\n<p><span dir=\"auto\">Hay analistas que<span>\u00a0<\/span><\/span><a href=\"https:\/\/www.ft.com\/content\/307c73cc-3fb7-4165-8455-53c14f4390fc\" target=\"_blank\" rel=\"noopener\"><span dir=\"auto\">afirman<\/span><\/a><span dir=\"auto\"><span>\u00a0<\/span>que Europa dio su acuerdo por temor a que la Casa Blanca redujera a\u00fan m\u00e1s las garant\u00edas de seguridad en un contexto en el que Rusia est\u00e1 desarrollando nuevas capacidades militares en su guerra contra Ucrania.<\/span><\/p>\n<p><span dir=\"auto\"><span class=\"VIpgJd-yAWNEb-VIpgJd-fmcmS-sn54Q\" dir=\"auto\">Sin embargo, parece que el argumento de mayor peso haya sido que<span>\u00a0<\/span><\/span><\/span><strong><span dir=\"auto\"><span class=\"VIpgJd-yAWNEb-VIpgJd-fmcmS-sn54Q\" dir=\"auto\">las instituciones de la UE no disponen de los dos elementos clave en cualquier negociaci\u00f3n.<\/span><\/span><\/strong><\/p>\n<p><span dir=\"auto\">En primer lugar,<span>\u00a0<\/span><\/span><strong><span dir=\"auto\">de los medios<span>\u00a0<\/span><\/span><\/strong><strong><span dir=\"auto\">de poder<\/span><\/strong><span dir=\"auto\"><span>\u00a0<\/span>para amenazar a Estados Unidos con represalias (es evidente que Europa era la gran beneficiada del comercio transatl\u00e1ntico: basta con observar la<span>\u00a0<\/span><\/span><a href=\"https:\/\/ustr.gov\/countries-regions\/europe-middle-east\/europe\/european-union\" target=\"_blank\" rel=\"noopener\"><span dir=\"auto\">balanza comercial<\/span><\/a><span dir=\"auto\"><span>\u00a0<\/span>para darse cuenta).<\/span><\/p>\n<p><span dir=\"auto\">Y, en segundo lugar, de la<span>\u00a0<\/span><\/span><strong><span dir=\"auto\">voluntad pol\u00edtica<\/span><\/strong><span dir=\"auto\"><span>\u00a0<\/span>para hacer frente a un rival unido: la mayor\u00eda pol\u00edtica sobre la que Von der Leyen act\u00faa es d\u00e9bil, y peor a\u00fan, no est\u00e1 acostumbrada a encontrar oposici\u00f3n competente y firme dentro de sus fronteras europeas.<\/span><\/p>\n<p><span dir=\"auto\">La misma receta de fracaso se aplica a las<span>\u00a0<\/span><\/span><a href=\"https:\/\/conversesacatalunya.cat\/es\/china-lider-del-mercado-automovilistico-europeo-y-mundial-en-2030\/\" target=\"_blank\" rel=\"noopener\"><span dir=\"auto\">vacilaciones<\/span><\/a><span dir=\"auto\"><span>\u00a0<\/span>europeas hacia China, o a la pol\u00edtica de demonizaci\u00f3n de la Rusia de Vlad\u00edmir Putin, combinada con la extra\u00f1a lentitud y carencia de rigor a la hora de aplicar las sanciones contra el gas y el petr\u00f3leo.<\/span><\/p>\n<p><span dir=\"auto\">Sin embargo, a pesar de las derrotas en serie, Von der Leyen y los l\u00edderes nacionales europeos siguen concedi\u00e9ndose el lujo de<span>\u00a0<\/span><\/span><strong><span dir=\"auto\">dar lecciones a derecha e izquierda.<\/span><\/strong><\/p>\n<p><span dir=\"auto\">Recientemente hemos visto c\u00f3mo el canciller alem\u00e1n<span>\u00a0<\/span><\/span><strong><span dir=\"auto\">Friedrich Merz acusaba a Estados Unidos de injerencia<\/span><\/strong><span dir=\"auto\"><span>\u00a0<\/span>por haber escrito en su nueva Estrategia de Seguridad Nacional que la pol\u00edtica estadounidense hacia la UE deber\u00eda ayudar a corregir el rumbo de sus pol\u00edticas actuales (pol\u00edticas autodestructivas, como<span>\u00a0<\/span><\/span><a href=\"https:\/\/conversesacatalunya.cat\/es\/estados-unidos-colapso-europa\/\" target=\"_blank\" rel=\"noopener\"><span dir=\"auto\">explic\u00e1bamos<\/span><\/a><span dir=\"auto\"><span>\u00a0<\/span>recientemente). Afirmaci\u00f3n absurda y que es de hecho un pleonasmo: resulta obvio que cualquier pol\u00edtica internacional de un estado busca influir en el comportamiento de los dem\u00e1s.<\/span><\/p>\n<p><span dir=\"auto\">Mientras los discursos grandilocuentes prosiguen,<span>\u00a0<\/span><\/span><strong><span dir=\"auto\">la UE est\u00e1 cada vez m\u00e1s dividida.<\/span><\/strong><\/p>\n<p><strong><span dir=\"auto\">En el este de Europa,<\/span><\/strong><span dir=\"auto\">\u00a0las fuerzas que se oponen a la pol\u00edtica de Bruselas contra Rusia son cada vez m\u00e1s influyentes entre los votantes.<\/span><\/p>\n<p><strong><span dir=\"auto\">En el sur,<\/span><\/strong><span dir=\"auto\">\u00a0los estados m\u00e1s fuertemente endeudados, como Francia y Espa\u00f1a, intentan eludir sus responsabilidades fiscales y cargar la deuda a los dem\u00e1s con la excusa de seguir profundizando en la integraci\u00f3n europea.<\/span><\/p>\n<p><strong><span dir=\"auto\"><span class=\"VIpgJd-yAWNEb-VIpgJd-fmcmS-sn54Q\" dir=\"auto\">En el norte<\/span><\/span><\/strong><span dir=\"auto\"><span class=\"VIpgJd-yAWNEb-VIpgJd-fmcmS-sn54Q\" dir=\"auto\"><span>\u00a0<\/span>no quieren ni o\u00edr hablar de ello y, por su parte, se desentienden de lo que ocurre en las fronteras del sur, las m\u00e1s expuestas a la inmigraci\u00f3n clandestina.<\/span><\/span><\/p>\n<p><strong><span dir=\"auto\">Pa\u00edses con fuerte inmigraci\u00f3n<\/span><\/strong><span dir=\"auto\"><span>\u00a0<\/span>de pa\u00edses concretos, como Turqu\u00eda en el caso de Alemania, Argelia en Francia y Marruecos en Espa\u00f1a, se ven cada vez m\u00e1s condicionados por las pol\u00edticas que se dictan desde Ankara, Argel y Rabat respectivamente.<\/span><\/p>\n<p><span dir=\"auto\">La divisi\u00f3n europea es tal que las verdaderas potencias del siglo XXI empiezan a mirar a Europa, o mejor dicho, a los pa\u00edses europeos, como<span>\u00a0<\/span><\/span><strong><span dir=\"auto\">presas f\u00e1ciles.<\/span><\/strong><span dir=\"auto\">\u00a0El reparto de Europa ha comenzado.<\/span><\/p>\n<span class='bctt-click-to-tweet'><span class='bctt-ctt-text'><a href='https:\/\/twitter.com\/intent\/tweet?url=https%3A%2F%2Fconversesacatalunya.cat%2Fes%2Freparto-europa%2F&#038;text=La%20Uni%C3%B3n%20Europea%20ha%20fracasado%20en%20su%20ambici%C3%B3n%20de%20convertirse%20en%20un%20l%C3%ADder%20internacional%20%23UE&#038;via=conversesacat&#038;related=conversesacat' target='_blank'rel=\"noopener noreferrer\">La Uni\u00f3n Europea ha fracasado en su ambici\u00f3n de convertirse en un l\u00edder internacional #UE <\/a><\/span><a href='https:\/\/twitter.com\/intent\/tweet?url=https%3A%2F%2Fconversesacatalunya.cat%2Fes%2Freparto-europa%2F&#038;text=La%20Uni%C3%B3n%20Europea%20ha%20fracasado%20en%20su%20ambici%C3%B3n%20de%20convertirse%20en%20un%20l%C3%ADder%20internacional%20%23UE&#038;via=conversesacat&#038;related=conversesacat' target='_blank' class='bctt-ctt-btn'rel=\"noopener noreferrer\">Compartir en X<\/a><\/span>\n<div id=\"polls-308\" class=\"wp-polls\">\n\t<form id=\"polls_form_308\" class=\"wp-polls-form\" action=\"\/index.php\" method=\"post\">\n\t\t<p style=\"display: none;\"><input type=\"hidden\" id=\"poll_308_nonce\" name=\"wp-polls-nonce\" value=\"96700b91f4\" \/><\/p>\n\t\t<p style=\"display: none;\"><input type=\"hidden\" name=\"poll_id\" value=\"308\" \/><\/p>\n\t\t<p style=\"text-align: center\"><strong>Creus que davant tants processos judicials que afecten el PSOE i a inst\u00e0ncies del Govern es pot qualificar la situaci\u00f3 de corrupci\u00f3 sist\u00e8mica?<\/strong><\/p><div id=\"polls-308-ans\" class=\"wp-polls-ans\"><ul class=\"wp-polls-ul\">\n\t\t<li><input type=\"radio\" id=\"poll-answer-881\" name=\"poll_308\" value=\"881\" \/> <label for=\"poll-answer-881\">S\u00ed<\/label><\/li>\n\t\t<li><input type=\"radio\" id=\"poll-answer-882\" name=\"poll_308\" value=\"882\" \/> <label for=\"poll-answer-882\">No<\/label><\/li>\n\t\t<li><input type=\"radio\" id=\"poll-answer-883\" name=\"poll_308\" value=\"883\" \/> <label for=\"poll-answer-883\">No ho s\u00e9<\/label><\/li>\n\t\t<\/ul><p style=\"text-align: center\"><input type=\"button\" name=\"vote\" value=\"   Vota   \" class=\"Buttons\" onclick=\"poll_vote(308);\" \/><\/p><p style=\"text-align: center\"><a href=\"#ViewPollResults\" onclick=\"poll_result(308); return false;\" title=\"View Results Of This Poll\">Mira els resultats<\/a><\/p><\/div>\n\t<\/form>\n<\/div>\n<div id=\"polls-308-loading\" class=\"wp-polls-loading\"><img decoding=\"async\" data-src=\"https:\/\/conversesacatalunya.cat\/wp-content\/plugins\/wp-polls\/images\/loading.gif\" width=\"16\" height=\"16\" alt=\"Cargando ...\" title=\"Cargando ...\" class=\"wp-polls-image lazyload\" src=\"data:image\/svg+xml;base64,PHN2ZyB3aWR0aD0iMSIgaGVpZ2h0PSIxIiB4bWxucz0iaHR0cDovL3d3dy53My5vcmcvMjAwMC9zdmciPjwvc3ZnPg==\" style=\"--smush-placeholder-width: 16px; --smush-placeholder-aspect-ratio: 16\/16;\" \/>&nbsp;Cargando ...<\/div>\n\n","protected":false},"excerpt":{"rendered":"<p>Hace un siglo y medio, eran frecuentes las caricaturas representando las potencias europeas en el colmo de su esplendor imperial, reparti\u00e9ndose \u00c1frica o China. En el a\u00f1o que cierra el primer cuarto del siglo XXI,\u00a0las caricaturas de moda van en el sentido opuesto: las grandes potencias de nuestra \u00e9poca, Estados Unidos, China y a veces Rusia e India, ri\u00e9ndose o disput\u00e1ndose el control de Europa. La Uni\u00f3n Europea ha fracasado en su ambici\u00f3n de convertirse en un l\u00edder internacional. Por no ser, no es ni siquiera relevante. Ucrania, Oriente Pr\u00f3ximo, Venezuela, Taiw\u00e1n: los conflictos de nuestro tiempo se afrontan sin que nadie espere Europa. Peor a\u00fan, la \u00fanica esfera en la que la UE ten\u00eda probabilidades de alzarse como un interlocutor de t\u00fa a t\u00fa con los grandes del mundo, porque dispon\u00eda de las competencias necesarias, el\u00a0comercio,\u00a0ha acabado con un descalabro estrepitoso ante Donald Trump. Efectivamente, la UE liderada (para decirlo de alguna forma) por Ursula von der Leyen acab\u00f3 el pasado verano por aceptar un\u00a0arancel base del 15% sobre todas sus exportaciones hacia Estados Unidos. Hay analistas que\u00a0afirman\u00a0que Europa dio su acuerdo por temor a que la Casa Blanca redujera a\u00fan m\u00e1s las garant\u00edas de seguridad en un contexto en el que Rusia est\u00e1 desarrollando nuevas capacidades militares en su guerra contra Ucrania. Sin embargo, parece que el argumento de mayor peso haya sido que\u00a0las instituciones de la UE no disponen de los dos elementos clave en cualquier negociaci\u00f3n. En primer lugar,\u00a0de los medios\u00a0de poder\u00a0para amenazar a Estados Unidos con represalias (es evidente que Europa era la gran beneficiada del comercio transatl\u00e1ntico: basta con observar la\u00a0balanza comercial\u00a0para darse cuenta). Y, en segundo lugar, de la\u00a0voluntad pol\u00edtica\u00a0para hacer frente a un rival unido: la mayor\u00eda pol\u00edtica sobre la que Von der Leyen act\u00faa es d\u00e9bil, y peor a\u00fan, no est\u00e1 acostumbrada a encontrar oposici\u00f3n competente y firme dentro de sus fronteras europeas. La misma receta de fracaso se aplica a las\u00a0vacilaciones\u00a0europeas hacia China, o a la pol\u00edtica de demonizaci\u00f3n de la Rusia de Vlad\u00edmir Putin, combinada con la extra\u00f1a lentitud y carencia de rigor a la hora de aplicar las sanciones contra el gas y el petr\u00f3leo. Sin embargo, a pesar de las derrotas en serie, Von der Leyen y los l\u00edderes nacionales europeos siguen concedi\u00e9ndose el lujo de\u00a0dar lecciones a derecha e izquierda. Recientemente hemos visto c\u00f3mo el canciller alem\u00e1n\u00a0Friedrich Merz acusaba a Estados Unidos de injerencia\u00a0por haber escrito en su nueva Estrategia de Seguridad Nacional que la pol\u00edtica estadounidense hacia la UE deber\u00eda ayudar a corregir el rumbo de sus pol\u00edticas actuales (pol\u00edticas autodestructivas, como\u00a0explic\u00e1bamos\u00a0recientemente). Afirmaci\u00f3n absurda y que es de hecho un pleonasmo: resulta obvio que cualquier pol\u00edtica internacional de un estado busca influir en el comportamiento de los dem\u00e1s. Mientras los discursos grandilocuentes prosiguen,\u00a0la UE est\u00e1 cada vez m\u00e1s dividida. En el este de Europa,\u00a0las fuerzas que se oponen a la pol\u00edtica de Bruselas contra Rusia son cada vez m\u00e1s influyentes entre los votantes. En el sur,\u00a0los estados m\u00e1s fuertemente endeudados, como Francia y Espa\u00f1a, intentan eludir sus responsabilidades fiscales y cargar la deuda a los dem\u00e1s con la excusa de seguir profundizando en la integraci\u00f3n europea. En el norte\u00a0no quieren ni o\u00edr hablar de ello y, por su parte, se desentienden de lo que ocurre en las fronteras del sur, las m\u00e1s expuestas a la inmigraci\u00f3n clandestina. Pa\u00edses con fuerte inmigraci\u00f3n\u00a0de pa\u00edses concretos, como Turqu\u00eda en el caso de Alemania, Argelia en Francia y Marruecos en Espa\u00f1a, se ven cada vez m\u00e1s condicionados por las pol\u00edticas que se dictan desde Ankara, Argel y Rabat respectivamente. La divisi\u00f3n europea es tal que las verdaderas potencias del siglo XXI empiezan a mirar a Europa, o mejor dicho, a los pa\u00edses europeos, como\u00a0presas f\u00e1ciles.\u00a0El reparto de Europa ha comenzado.<\/p>\n","protected":false},"author":75,"featured_media":94691,"comment_status":"open","ping_status":"open","sticky":false,"template":"","format":"standard","meta":{"_FSMCFIC_featured_image_caption":"","_FSMCFIC_featured_image_nocaption":"","_FSMCFIC_featured_image_hide":"","footnotes":""},"categories":[806],"tags":[1371,964,875,1677,1678],"class_list":["post-94789","post","type-post","status-publish","format-standard","has-post-thumbnail","hentry","category-punts-claus-del-dia-es","tag-estados-unidos","tag-estats-units-es","tag-europa-es","tag-immigracio-es","tag-inmigracion"],"yoast_head":"<!-- This site is optimized with the Yoast SEO plugin v26.8 - https:\/\/yoast.com\/product\/yoast-seo-wordpress\/ -->\n<title>El reparto de Europa ha empezado - Converses a Catalunya<\/title>\n<meta name=\"description\" content=\"La divisi\u00f3n europea es tal que las verdaderas potencias empiezan a mirar a Europa como presas f\u00e1ciles. El reparto de Europa ha comenzado.\" \/>\n<meta name=\"robots\" content=\"index, follow, max-snippet:-1, max-image-preview:large, max-video-preview:-1\" \/>\n<link rel=\"canonical\" href=\"https:\/\/conversesacatalunya.cat\/es\/reparto-europa\/\" \/>\n<meta property=\"og:locale\" content=\"es_ES\" \/>\n<meta property=\"og:type\" content=\"article\" \/>\n<meta property=\"og:title\" content=\"El reparto de Europa ha empezado - Converses a Catalunya\" \/>\n<meta property=\"og:description\" content=\"La divisi\u00f3n europea es tal que las verdaderas potencias empiezan a mirar a Europa como presas f\u00e1ciles. El reparto de Europa ha comenzado.\" \/>\n<meta property=\"og:url\" content=\"https:\/\/conversesacatalunya.cat\/es\/reparto-europa\/\" \/>\n<meta property=\"og:site_name\" content=\"Converses a Catalunya\" \/>\n<meta property=\"article:published_time\" content=\"2025-12-16T07:29:15+00:00\" \/>\n<meta property=\"article:modified_time\" content=\"2025-12-16T07:30:01+00:00\" \/>\n<meta property=\"og:image\" content=\"https:\/\/conversesacatalunya.cat\/wp-content\/uploads\/2025\/12\/Captura-de-pantalla-2025-12-13-a-les-14.54.14.png\" \/>\n\t<meta property=\"og:image:width\" content=\"519\" \/>\n\t<meta property=\"og:image:height\" content=\"430\" \/>\n\t<meta property=\"og:image:type\" content=\"image\/png\" \/>\n<meta name=\"author\" content=\"Carles L\u00f3pez\" \/>\n<meta name=\"twitter:card\" content=\"summary_large_image\" \/>\n<meta name=\"twitter:label1\" content=\"Escrito por\" \/>\n\t<meta name=\"twitter:data1\" content=\"Carles L\u00f3pez\" \/>\n\t<meta name=\"twitter:label2\" content=\"Tiempo de lectura\" \/>\n\t<meta name=\"twitter:data2\" content=\"4 minutos\" \/>\n<script type=\"application\/ld+json\" class=\"yoast-schema-graph\">{\"@context\":\"https:\/\/schema.org\",\"@graph\":[{\"@type\":\"Article\",\"@id\":\"https:\/\/conversesacatalunya.cat\/es\/reparto-europa\/#article\",\"isPartOf\":{\"@id\":\"https:\/\/conversesacatalunya.cat\/es\/reparto-europa\/\"},\"author\":{\"name\":\"Carles L\u00f3pez\",\"@id\":\"https:\/\/conversesacatalunya.cat\/#\/schema\/person\/3ce2ab16c0a3803086d80722c7cad56a\"},\"headline\":\"El reparto de Europa ha empezado\",\"datePublished\":\"2025-12-16T07:29:15+00:00\",\"dateModified\":\"2025-12-16T07:30:01+00:00\",\"mainEntityOfPage\":{\"@id\":\"https:\/\/conversesacatalunya.cat\/es\/reparto-europa\/\"},\"wordCount\":739,\"commentCount\":0,\"image\":{\"@id\":\"https:\/\/conversesacatalunya.cat\/es\/reparto-europa\/#primaryimage\"},\"thumbnailUrl\":\"https:\/\/conversesacatalunya.cat\/wp-content\/uploads\/2025\/12\/Captura-de-pantalla-2025-12-13-a-les-14.54.14.png\",\"keywords\":[\"Estados Unidos\",\"Estats Units\",\"Europa\",\"Immigraci\u00f3\",\"inmigraci\u00f3n\"],\"articleSection\":[\"Punts clau del dia (ES)\"],\"inLanguage\":\"es\",\"potentialAction\":[{\"@type\":\"CommentAction\",\"name\":\"Comment\",\"target\":[\"https:\/\/conversesacatalunya.cat\/es\/reparto-europa\/#respond\"]}]},{\"@type\":\"WebPage\",\"@id\":\"https:\/\/conversesacatalunya.cat\/es\/reparto-europa\/\",\"url\":\"https:\/\/conversesacatalunya.cat\/es\/reparto-europa\/\",\"name\":\"El reparto de Europa ha empezado - Converses a Catalunya\",\"isPartOf\":{\"@id\":\"https:\/\/conversesacatalunya.cat\/#website\"},\"primaryImageOfPage\":{\"@id\":\"https:\/\/conversesacatalunya.cat\/es\/reparto-europa\/#primaryimage\"},\"image\":{\"@id\":\"https:\/\/conversesacatalunya.cat\/es\/reparto-europa\/#primaryimage\"},\"thumbnailUrl\":\"https:\/\/conversesacatalunya.cat\/wp-content\/uploads\/2025\/12\/Captura-de-pantalla-2025-12-13-a-les-14.54.14.png\",\"datePublished\":\"2025-12-16T07:29:15+00:00\",\"dateModified\":\"2025-12-16T07:30:01+00:00\",\"author\":{\"@id\":\"https:\/\/conversesacatalunya.cat\/#\/schema\/person\/3ce2ab16c0a3803086d80722c7cad56a\"},\"description\":\"La divisi\u00f3n europea es tal que las verdaderas potencias empiezan a mirar a Europa como presas f\u00e1ciles. El reparto de Europa ha comenzado.\",\"breadcrumb\":{\"@id\":\"https:\/\/conversesacatalunya.cat\/es\/reparto-europa\/#breadcrumb\"},\"inLanguage\":\"es\",\"potentialAction\":[{\"@type\":\"ReadAction\",\"target\":[\"https:\/\/conversesacatalunya.cat\/es\/reparto-europa\/\"]}]},{\"@type\":\"ImageObject\",\"inLanguage\":\"es\",\"@id\":\"https:\/\/conversesacatalunya.cat\/es\/reparto-europa\/#primaryimage\",\"url\":\"https:\/\/conversesacatalunya.cat\/wp-content\/uploads\/2025\/12\/Captura-de-pantalla-2025-12-13-a-les-14.54.14.png\",\"contentUrl\":\"https:\/\/conversesacatalunya.cat\/wp-content\/uploads\/2025\/12\/Captura-de-pantalla-2025-12-13-a-les-14.54.14.png\",\"width\":519,\"height\":430,\"caption\":\"reparto de Europa\"},{\"@type\":\"BreadcrumbList\",\"@id\":\"https:\/\/conversesacatalunya.cat\/es\/reparto-europa\/#breadcrumb\",\"itemListElement\":[{\"@type\":\"ListItem\",\"position\":1,\"name\":\"Inici\",\"item\":\"https:\/\/conversesacatalunya.cat\/es\/\"},{\"@type\":\"ListItem\",\"position\":2,\"name\":\"El reparto de Europa ha empezado\"}]},{\"@type\":\"WebSite\",\"@id\":\"https:\/\/conversesacatalunya.cat\/#website\",\"url\":\"https:\/\/conversesacatalunya.cat\/\",\"name\":\"Converses a Catalunya\",\"description\":\"\",\"potentialAction\":[{\"@type\":\"SearchAction\",\"target\":{\"@type\":\"EntryPoint\",\"urlTemplate\":\"https:\/\/conversesacatalunya.cat\/?s={search_term_string}\"},\"query-input\":{\"@type\":\"PropertyValueSpecification\",\"valueRequired\":true,\"valueName\":\"search_term_string\"}}],\"inLanguage\":\"es\"},{\"@type\":\"Person\",\"@id\":\"https:\/\/conversesacatalunya.cat\/#\/schema\/person\/3ce2ab16c0a3803086d80722c7cad56a\",\"name\":\"Carles L\u00f3pez\",\"image\":{\"@type\":\"ImageObject\",\"inLanguage\":\"es\",\"@id\":\"https:\/\/conversesacatalunya.cat\/#\/schema\/person\/image\/\",\"url\":\"https:\/\/conversesacatalunya.cat\/wp-content\/litespeed\/avatar\/4891585caf2896e97846ab77f06edcf2.jpg?ver=1777696043\",\"contentUrl\":\"https:\/\/conversesacatalunya.cat\/wp-content\/litespeed\/avatar\/4891585caf2896e97846ab77f06edcf2.jpg?ver=1777696043\",\"caption\":\"Carles L\u00f3pez\"},\"url\":\"https:\/\/conversesacatalunya.cat\/es\/author\/carles-lopez\/\"}]}<\/script>\n<!-- \/ Yoast SEO plugin. -->","yoast_head_json":{"title":"El reparto de Europa ha empezado - Converses a Catalunya","description":"La divisi\u00f3n europea es tal que las verdaderas potencias empiezan a mirar a Europa como presas f\u00e1ciles. El reparto de Europa ha comenzado.","robots":{"index":"index","follow":"follow","max-snippet":"max-snippet:-1","max-image-preview":"max-image-preview:large","max-video-preview":"max-video-preview:-1"},"canonical":"https:\/\/conversesacatalunya.cat\/es\/reparto-europa\/","og_locale":"es_ES","og_type":"article","og_title":"El reparto de Europa ha empezado - Converses a Catalunya","og_description":"La divisi\u00f3n europea es tal que las verdaderas potencias empiezan a mirar a Europa como presas f\u00e1ciles. El reparto de Europa ha comenzado.","og_url":"https:\/\/conversesacatalunya.cat\/es\/reparto-europa\/","og_site_name":"Converses a Catalunya","article_published_time":"2025-12-16T07:29:15+00:00","article_modified_time":"2025-12-16T07:30:01+00:00","og_image":[{"width":519,"height":430,"url":"https:\/\/conversesacatalunya.cat\/wp-content\/uploads\/2025\/12\/Captura-de-pantalla-2025-12-13-a-les-14.54.14.png","type":"image\/png"}],"author":"Carles L\u00f3pez","twitter_card":"summary_large_image","twitter_misc":{"Escrito por":"Carles L\u00f3pez","Tiempo de lectura":"4 minutos"},"schema":{"@context":"https:\/\/schema.org","@graph":[{"@type":"Article","@id":"https:\/\/conversesacatalunya.cat\/es\/reparto-europa\/#article","isPartOf":{"@id":"https:\/\/conversesacatalunya.cat\/es\/reparto-europa\/"},"author":{"name":"Carles L\u00f3pez","@id":"https:\/\/conversesacatalunya.cat\/#\/schema\/person\/3ce2ab16c0a3803086d80722c7cad56a"},"headline":"El reparto de Europa ha empezado","datePublished":"2025-12-16T07:29:15+00:00","dateModified":"2025-12-16T07:30:01+00:00","mainEntityOfPage":{"@id":"https:\/\/conversesacatalunya.cat\/es\/reparto-europa\/"},"wordCount":739,"commentCount":0,"image":{"@id":"https:\/\/conversesacatalunya.cat\/es\/reparto-europa\/#primaryimage"},"thumbnailUrl":"https:\/\/conversesacatalunya.cat\/wp-content\/uploads\/2025\/12\/Captura-de-pantalla-2025-12-13-a-les-14.54.14.png","keywords":["Estados Unidos","Estats Units","Europa","Immigraci\u00f3","inmigraci\u00f3n"],"articleSection":["Punts clau del dia (ES)"],"inLanguage":"es","potentialAction":[{"@type":"CommentAction","name":"Comment","target":["https:\/\/conversesacatalunya.cat\/es\/reparto-europa\/#respond"]}]},{"@type":"WebPage","@id":"https:\/\/conversesacatalunya.cat\/es\/reparto-europa\/","url":"https:\/\/conversesacatalunya.cat\/es\/reparto-europa\/","name":"El reparto de Europa ha empezado - Converses a Catalunya","isPartOf":{"@id":"https:\/\/conversesacatalunya.cat\/#website"},"primaryImageOfPage":{"@id":"https:\/\/conversesacatalunya.cat\/es\/reparto-europa\/#primaryimage"},"image":{"@id":"https:\/\/conversesacatalunya.cat\/es\/reparto-europa\/#primaryimage"},"thumbnailUrl":"https:\/\/conversesacatalunya.cat\/wp-content\/uploads\/2025\/12\/Captura-de-pantalla-2025-12-13-a-les-14.54.14.png","datePublished":"2025-12-16T07:29:15+00:00","dateModified":"2025-12-16T07:30:01+00:00","author":{"@id":"https:\/\/conversesacatalunya.cat\/#\/schema\/person\/3ce2ab16c0a3803086d80722c7cad56a"},"description":"La divisi\u00f3n europea es tal que las verdaderas potencias empiezan a mirar a Europa como presas f\u00e1ciles. El reparto de Europa ha comenzado.","breadcrumb":{"@id":"https:\/\/conversesacatalunya.cat\/es\/reparto-europa\/#breadcrumb"},"inLanguage":"es","potentialAction":[{"@type":"ReadAction","target":["https:\/\/conversesacatalunya.cat\/es\/reparto-europa\/"]}]},{"@type":"ImageObject","inLanguage":"es","@id":"https:\/\/conversesacatalunya.cat\/es\/reparto-europa\/#primaryimage","url":"https:\/\/conversesacatalunya.cat\/wp-content\/uploads\/2025\/12\/Captura-de-pantalla-2025-12-13-a-les-14.54.14.png","contentUrl":"https:\/\/conversesacatalunya.cat\/wp-content\/uploads\/2025\/12\/Captura-de-pantalla-2025-12-13-a-les-14.54.14.png","width":519,"height":430,"caption":"reparto de Europa"},{"@type":"BreadcrumbList","@id":"https:\/\/conversesacatalunya.cat\/es\/reparto-europa\/#breadcrumb","itemListElement":[{"@type":"ListItem","position":1,"name":"Inici","item":"https:\/\/conversesacatalunya.cat\/es\/"},{"@type":"ListItem","position":2,"name":"El reparto de Europa ha empezado"}]},{"@type":"WebSite","@id":"https:\/\/conversesacatalunya.cat\/#website","url":"https:\/\/conversesacatalunya.cat\/","name":"Converses a Catalunya","description":"","potentialAction":[{"@type":"SearchAction","target":{"@type":"EntryPoint","urlTemplate":"https:\/\/conversesacatalunya.cat\/?s={search_term_string}"},"query-input":{"@type":"PropertyValueSpecification","valueRequired":true,"valueName":"search_term_string"}}],"inLanguage":"es"},{"@type":"Person","@id":"https:\/\/conversesacatalunya.cat\/#\/schema\/person\/3ce2ab16c0a3803086d80722c7cad56a","name":"Carles L\u00f3pez","image":{"@type":"ImageObject","inLanguage":"es","@id":"https:\/\/conversesacatalunya.cat\/#\/schema\/person\/image\/","url":"https:\/\/conversesacatalunya.cat\/wp-content\/litespeed\/avatar\/4891585caf2896e97846ab77f06edcf2.jpg?ver=1777696043","contentUrl":"https:\/\/conversesacatalunya.cat\/wp-content\/litespeed\/avatar\/4891585caf2896e97846ab77f06edcf2.jpg?ver=1777696043","caption":"Carles L\u00f3pez"},"url":"https:\/\/conversesacatalunya.cat\/es\/author\/carles-lopez\/"}]}},"wps_subtitle":"La divisi\u00f3n europea es tal que las verdaderas potencias del siglo XXI miran a los pa\u00edses europeos como presas f\u00e1ciles.","_links":{"self":[{"href":"https:\/\/conversesacatalunya.cat\/es\/wp-json\/wp\/v2\/posts\/94789","targetHints":{"allow":["GET"]}}],"collection":[{"href":"https:\/\/conversesacatalunya.cat\/es\/wp-json\/wp\/v2\/posts"}],"about":[{"href":"https:\/\/conversesacatalunya.cat\/es\/wp-json\/wp\/v2\/types\/post"}],"author":[{"embeddable":true,"href":"https:\/\/conversesacatalunya.cat\/es\/wp-json\/wp\/v2\/users\/75"}],"replies":[{"embeddable":true,"href":"https:\/\/conversesacatalunya.cat\/es\/wp-json\/wp\/v2\/comments?post=94789"}],"version-history":[{"count":5,"href":"https:\/\/conversesacatalunya.cat\/es\/wp-json\/wp\/v2\/posts\/94789\/revisions"}],"predecessor-version":[{"id":94791,"href":"https:\/\/conversesacatalunya.cat\/es\/wp-json\/wp\/v2\/posts\/94789\/revisions\/94791"}],"wp:featuredmedia":[{"embeddable":true,"href":"https:\/\/conversesacatalunya.cat\/es\/wp-json\/wp\/v2\/media\/94691"}],"wp:attachment":[{"href":"https:\/\/conversesacatalunya.cat\/es\/wp-json\/wp\/v2\/media?parent=94789"}],"wp:term":[{"taxonomy":"category","embeddable":true,"href":"https:\/\/conversesacatalunya.cat\/es\/wp-json\/wp\/v2\/categories?post=94789"},{"taxonomy":"post_tag","embeddable":true,"href":"https:\/\/conversesacatalunya.cat\/es\/wp-json\/wp\/v2\/tags?post=94789"}],"curies":[{"name":"wp","href":"https:\/\/api.w.org\/{rel}","templated":true}]}}