{"id":94773,"date":"2025-12-15T10:45:44","date_gmt":"2025-12-15T09:45:44","guid":{"rendered":"https:\/\/conversesacatalunya.cat\/?p=94773"},"modified":"2025-12-15T12:14:49","modified_gmt":"2025-12-15T11:14:49","slug":"mejores-presidentes-estados-unidos","status":"publish","type":"post","link":"https:\/\/conversesacatalunya.cat\/es\/mejores-presidentes-estados-unidos\/","title":{"rendered":"\u00bfQui\u00e9nes han sido los mejores presidentes de Estados Unidos? \u00a1Sorpresa!"},"content":{"rendered":"<p><span dir=\"auto\"><span class=\"VIpgJd-yAWNEb-VIpgJd-fmcmS-sn54Q\" dir=\"auto\">Hay datos que admiten interpretaci\u00f3n y datos que imponen silencio. El gr\u00e1fico de<span>\u00a0<\/span><\/span><\/span><em><span dir=\"auto\"><span class=\"VIpgJd-yAWNEb-VIpgJd-fmcmS-sn54Q\" dir=\"auto\">Pew Research Center<\/span><\/span><\/em><span dir=\"auto\"><span class=\"VIpgJd-yAWNEb-VIpgJd-fmcmS-sn54Q\" dir=\"auto\"><span>\u00a0<\/span>sobre la confianza de los estadounidenses en el gobierno federal<span>\u00a0<\/span><\/span><\/span><strong><span dir=\"auto\"><span class=\"VIpgJd-yAWNEb-VIpgJd-fmcmS-sn54Q\" dir=\"auto\">entre 1958 y 2025<\/span><\/span><\/strong><span dir=\"auto\"><span class=\"VIpgJd-yAWNEb-VIpgJd-fmcmS-sn54Q\" dir=\"auto\"><span>\u00a0<\/span>pertenece a la segunda categor\u00eda. No explica solo una sucesi\u00f3n de presidentes; explica la lenta erosi\u00f3n de un pacto impl\u00edcito entre ciudadanos y poder. Y lo hace con una frialdad estad\u00edstica que desmonta relatos, simpat\u00edas ideol\u00f3gicas y mitos medi\u00e1ticos muy arraigados, especialmente en Europa.<\/span><\/span><\/p>\n<p><strong><span dir=\"auto\"><span class=\"VIpgJd-yAWNEb-VIpgJd-fmcmS-sn54Q\" dir=\"auto\">El primer impacto es visual:<\/span><\/span><\/strong><span dir=\"auto\"><span class=\"VIpgJd-yAWNEb-VIpgJd-fmcmS-sn54Q\" dir=\"auto\"><span>\u00a0<\/span>una curva que comienza alta, casi confiada, y termina arrastr\u00e1ndose cerca del suelo. En 1958, el 73% de los americanos afirmaban confiar en el gobierno federal por hacer \u201clo correcto\u201d casi siempre o la mayor parte del tiempo. En 2025, esta cifra es del 17%. No es una oscilaci\u00f3n coyuntural; es una decadencia estructural.<\/span><\/span><\/p>\n<figure id=\"attachment_94763\" aria-describedby=\"caption-attachment-94763\" style=\"width: 614px\" class=\"wp-caption alignnone\"><img fetchpriority=\"high\" decoding=\"async\" class=\"wp-image-94763 size-full\" src=\"https:\/\/conversesacatalunya.cat\/wp-content\/uploads\/2025\/12\/Imagen1-5.jpg\" alt=\"\" width=\"614\" height=\"438\" srcset=\"https:\/\/conversesacatalunya.cat\/wp-content\/uploads\/2025\/12\/Imagen1-5.jpg 614w, https:\/\/conversesacatalunya.cat\/wp-content\/uploads\/2025\/12\/Imagen1-5-300x214.jpg 300w\" sizes=\"(max-width: 614px) 100vw, 614px\" \/><figcaption id=\"caption-attachment-94763\" class=\"wp-caption-text\">Evoluci\u00f3n de la confianza de los estadounidenses en el gobierno federal (1958\u20132025). Fuente: Pew Research Center.<\/figcaption><\/figure>\n<h4><strong><span dir=\"auto\">La edad de oro de la confianza (Eisenhower-Kennedy-Johnson)<\/span><\/strong><\/h4>\n<p><span dir=\"auto\"><span class=\"VIpgJd-yAWNEb-VIpgJd-fmcmS-sn54Q\" dir=\"auto\">Durante las d\u00e9cadas de los cincuenta y sesenta, la confianza en Washington es excepcionalmente alta. Estados Unidos es una potencia victoriosa, el Estado federal construye infraestructuras, lidera el mundo occidental y, sobre todo, transmite competencia. El gobierno puede ser discutible, pero no se percibe como impotente.<\/span><\/span><\/p>\n<p><span dir=\"auto\"><span class=\"VIpgJd-yAWNEb-VIpgJd-fmcmS-sn54Q\" dir=\"auto\">El gr\u00e1fico de confianza no refleja ninguna inflexi\u00f3n excepcional asociada al mandato de <strong>Kennedy<\/strong>. Durante los primeros a\u00f1os sesenta, la confianza en el gobierno federal ya era muy alta \u2014heredada de la etapa Eisenhower\u2014 y se mantiene estable m\u00e1s que ascendente. Kennedy no crea un pico, simplemente gobierna en un momento en que el sistema todav\u00eda goza de un cr\u00e9dito social intacto. El mito es cultural; la confianza, estructural.<\/span><\/span><\/p>\n<p><span dir=\"auto\">Con<strong> Johnson<\/strong>, incluso en medio de tensiones sociales y raciales, la confianza supera a menudo el 60%. Es una \u00e9poca en la que el ciudadano medio no se pregunta si el sistema funciona: lo da por sentado. La pol\u00edtica no es vista todav\u00eda como un espect\u00e1culo permanente ni como una guerra cultural sin fin.<\/span><\/p>\n<h4><strong><span dir=\"auto\">La gran ruptura: Vietnam, Watergate y la p\u00e9rdida de la inocencia (Nixon\u2013Carter)<\/span><\/strong><\/h4>\n<p><span dir=\"auto\">La ca\u00edda comienza a finales de los sesenta y se acelera en los setenta.<span>\u00a0<\/span><\/span><strong><span dir=\"auto\">Vietnam introduce una duda fundamental:<\/span><\/strong><span dir=\"auto\">\u00a0el gobierno puede mentir. <strong>Watergate<\/strong> introduce una certeza a\u00fan m\u00e1s corrosiva: el gobierno puede mentir e intentar taparlo.<\/span><\/p>\n<p><span dir=\"auto\">Entre 1972 y 1974, la confianza cae en picado. Lo que se rompe no es solo un presidente, sino una idea: la que asum\u00eda que el poder federal, con todos sus defectos, actuaba de buena fe. A partir de ah\u00ed, la confianza nunca volver\u00e1 a los niveles anteriores.<strong> Jimmy Carter<\/strong> hereda un pa\u00eds esc\u00e9ptico, cansado y econ\u00f3micamente debilitado. La confianza entra en los a\u00f1os ochenta claramente por debajo del 30%.<\/span><\/p>\n<h4><strong><span dir=\"auto\">Reagan: la recuperaci\u00f3n de la percepci\u00f3n de gobierno (1981\u20131989)<\/span><\/strong><\/h4>\n<p><span dir=\"auto\"><span class=\"VIpgJd-yAWNEb-VIpgJd-fmcmS-sn54Q\" dir=\"auto\">Es aqu\u00ed donde el gr\u00e1fico dice una verdad inc\u00f3moda para el relato dominante en muchos medios europeos. Con<span>\u00a0<\/span><\/span><\/span><strong><span dir=\"auto\"><span class=\"VIpgJd-yAWNEb-VIpgJd-fmcmS-sn54Q\" dir=\"auto\">Ronald Reagan,<\/span><\/span><\/strong><span dir=\"auto\"><span class=\"VIpgJd-yAWNEb-VIpgJd-fmcmS-sn54Q\" dir=\"auto\">\u00a0la confianza institucional no solo se estabiliza: sube. No vuelve a los niveles de los a\u00f1os sesenta, pero se mueve de forma sostenida en la franja del 40\u201345%.<\/span><\/span><\/p>\n<p><span dir=\"auto\">Esto no es anecd\u00f3tico. Significa que, para una parte significativa de la sociedad norteamericana, el gobierno vuelve a parecer funcional, con direcci\u00f3n y capacidad de acci\u00f3n. Reagan puede ser ideol\u00f3gicamente controvertido, pero<span>\u00a0<\/span><\/span><strong><span dir=\"auto\">su presidencia coincide con una clara recuperaci\u00f3n de la confianza en el ejecutivo federal.<\/span><\/strong><\/p>\n<p><span dir=\"auto\">Aqu\u00ed hay que decirlo sin eufemismos:<span>\u00a0<\/span><\/span><strong><span dir=\"auto\">en t\u00e9rminos de confianza en el gobierno, el per\u00edodo Reagan est\u00e1 claramente mejor valorado que el per\u00edodo Obama.<\/span><\/strong><span dir=\"auto\">\u00a0El gr\u00e1fico no juzga intenciones, discursos ni simbolismos; juzga percepciones reales de funcionamiento.<\/span><\/p>\n<h4><strong><span dir=\"auto\">Del final de la Guerra Fr\u00eda al pragmatismo condicionado (Bush padre-Clinton)<\/span><\/strong><\/h4>\n<p><span dir=\"auto\">La presidencia de <strong>George H. W. Bush<\/strong> vive un notable repunte con la guerra del Golfo: la confianza sube cuando el pa\u00eds percibe liderazgo claro y victoria r\u00e1pida. Pero es un efecto temporal.<\/span><\/p>\n<p><span dir=\"auto\">Con <strong>Bill Clinton<\/strong>, la confianza oscila. La econom\u00eda va bien, pero el esc\u00e1ndalo permanente y la incipiente polarizaci\u00f3n impiden una restauraci\u00f3n profunda. Hay momentos de repunte, pero el techo es ya m\u00e1s bajo. La confianza es condicional: depende del ciclo econ\u00f3mico y de la calma pol\u00edtica.<\/span><\/p>\n<h4><strong><span dir=\"auto\">La excepci\u00f3n emocional: el 11-S y su resaca (Bush hijo)<\/span><\/strong><\/h4>\n<p><span dir=\"auto\"><span class=\"VIpgJd-yAWNEb-VIpgJd-fmcmS-sn54Q\" dir=\"auto\">El atentado del 11 de septiembre de 2001 provoca el mayor pico puntual de confianza desde los a\u00f1os sesenta. El pa\u00eds cierra filas, conf\u00eda, delega. Pero el mismo gr\u00e1fico muestra c\u00f3mo<span>\u00a0<\/span><\/span><\/span><strong><span dir=\"auto\"><span class=\"VIpgJd-yAWNEb-VIpgJd-fmcmS-sn54Q\" dir=\"auto\">este cr\u00e9dito se consume r\u00e1pidamente.<\/span><\/span><\/strong><\/p>\n<p><span dir=\"auto\">La guerra de Irak, la sensaci\u00f3n de enga\u00f1o y, finalmente, la crisis financiera de 2008 erosionan de nuevo la confianza hasta niveles bajos. El 11-S demuestra algo esencial: la confianza puede hincharse en momentos de choque, pero si el gobierno no responde bien despu\u00e9s,<span>\u00a0<\/span><\/span><strong><span dir=\"auto\">la ca\u00edda es a\u00fan m\u00e1s dura.<\/span><\/strong><\/p>\n<h4><strong><span dir=\"auto\">Obama: prestigio europeo, confianza interna pobre (2009\u20132017)<\/span><\/strong><\/h4>\n<p><span dir=\"auto\"><span class=\"VIpgJd-yAWNEb-VIpgJd-fmcmS-sn54Q\" dir=\"auto\">Llegamos al contraste central.<span>\u00a0<\/span><\/span><\/span><strong><span dir=\"auto\"><span class=\"VIpgJd-yAWNEb-VIpgJd-fmcmS-sn54Q\" dir=\"auto\">Barack Obama<\/span><\/span><\/strong><span dir=\"auto\"><span class=\"VIpgJd-yAWNEb-VIpgJd-fmcmS-sn54Q\" dir=\"auto\"><span>\u00a0<\/span>es aclamado en Europa. Simboliza renovaci\u00f3n, oratoria, cosmopolitismo. Pero el gr\u00e1fico es implacable: durante su presidencia, la confianza en el gobierno<span>\u00a0<\/span><\/span><\/span><strong><span dir=\"auto\"><span class=\"VIpgJd-yAWNEb-VIpgJd-fmcmS-sn54Q\" dir=\"auto\">federal se mantiene baja, a menudo entre el 20 y el 25%,<\/span><\/span><\/strong><span dir=\"auto\"><span class=\"VIpgJd-yAWNEb-VIpgJd-fmcmS-sn54Q\" dir=\"auto\"><span>\u00a0<\/span>con algunos de los m\u00ednimos m\u00e1s pronunciados de toda la serie.<\/span><\/span><\/p>\n<p><strong><span dir=\"auto\">En 2011 se alcanza uno de los puntos m\u00e1s bajos hist\u00f3ricos.<\/span><\/strong><span dir=\"auto\">\u00a0No es casual: bloqueo institucional, polarizaci\u00f3n extrema y la percepci\u00f3n de que<span>\u00a0<\/span><\/span><strong><span dir=\"auto\">Washington discute m\u00e1s de lo que gobierna.<\/span><\/strong><span dir=\"auto\">\u00a0Obama no inaugura la desconfianza, pero tampoco la revierte. Su mandato afianza lo que ya parece una nueva normalidad: la desconfianza estructural.<\/span><\/p>\n<p><span dir=\"auto\">Aqu\u00ed es donde el relato europeo falla: confunde prestigio simb\u00f3lico con confianza funcional. El gr\u00e1fico separa claramente ambas cosas.<\/span><\/p>\n<h4><strong><span dir=\"auto\">La era de la desconfianza permanente (Trump, Biden, 2025)<\/span><\/strong><\/h4>\n<p><span dir=\"auto\"><span class=\"VIpgJd-yAWNEb-VIpgJd-fmcmS-sn54Q\" dir=\"auto\">Desde 2007, la confianza casi nunca supera el 30%. Con Trump, la confianza se vuelve radicalmente partidista:<span>\u00a0<\/span><\/span><\/span><strong><span dir=\"auto\"><span class=\"VIpgJd-yAWNEb-VIpgJd-fmcmS-sn54Q\" dir=\"auto\">sube entre los suyos, cae en picado entre los dem\u00e1s.<\/span><\/span><\/strong><span dir=\"auto\"><span class=\"VIpgJd-yAWNEb-VIpgJd-fmcmS-sn54Q\" dir=\"auto\">\u00a0Con Biden, existe un peque\u00f1o repunte inicial que no se consolida.<span>\u00a0<\/span><\/span><\/span><strong><span dir=\"auto\"><span class=\"VIpgJd-yAWNEb-VIpgJd-fmcmS-sn54Q\" dir=\"auto\">En 2025 cierra con un 17<\/span><\/span><\/strong><span dir=\"auto\"><span class=\"VIpgJd-yAWNEb-VIpgJd-fmcmS-sn54Q\" dir=\"auto\"><span>\u00a0<\/span>%, en un contexto de bloqueos presupuestarios y el gobierno es percibido como incapaz de funcionar con normalidad.<\/span><\/span><\/p>\n<h4><strong><span dir=\"auto\">Conclusi\u00f3n: la curva como veredicto<\/span><\/strong><\/h4>\n<p><span dir=\"auto\"><span class=\"VIpgJd-yAWNEb-VIpgJd-fmcmS-sn54Q\" dir=\"auto\">El gr\u00e1fico de Pew no dicta sentencias morales; dicta diagn\u00f3sticos. Dice que Reagan gobern\u00f3 en un per\u00edodo de confianza institucional claramente superior al de Obama. Dice que la confianza americana muri\u00f3 en los setenta y no ha resucitado. Y dice, sobre todo, que el problema no es ya un presidente concreto, sino una arquitectura pol\u00edtica que ha dejado de generar credibilidad.<\/span><\/span><\/p>\n<p><span dir=\"auto\">Es una lecci\u00f3n inc\u00f3moda, pero exactamente por eso es \u00fatil\u2026 Y ahora a esperar el fin del mandato de Trump\u2026<\/span><\/p>\n<span class='bctt-click-to-tweet'><span class='bctt-ctt-text'><a href='https:\/\/twitter.com\/intent\/tweet?url=https%3A%2F%2Fconversesacatalunya.cat%2Fes%2Fmejores-presidentes-estados-unidos%2F&#038;text=Desde%201958%20hasta%20la%20fecha%3A%20la%20confianza%20en%20Washington%20cae%20del%2073%25%20al%2017%25.%20El%20problema%20ya%20no%20es%20un%20presidente%2C%20es%20el%20sistema.%20%23CrisisInstitucional&#038;via=conversesacat&#038;related=conversesacat' target='_blank'rel=\"noopener noreferrer\">Desde 1958 hasta la fecha: la confianza en Washington cae del 73% al 17%. El problema ya no es un presidente, es el sistema. #CrisisInstitucional <\/a><\/span><a href='https:\/\/twitter.com\/intent\/tweet?url=https%3A%2F%2Fconversesacatalunya.cat%2Fes%2Fmejores-presidentes-estados-unidos%2F&#038;text=Desde%201958%20hasta%20la%20fecha%3A%20la%20confianza%20en%20Washington%20cae%20del%2073%25%20al%2017%25.%20El%20problema%20ya%20no%20es%20un%20presidente%2C%20es%20el%20sistema.%20%23CrisisInstitucional&#038;via=conversesacat&#038;related=conversesacat' target='_blank' class='bctt-ctt-btn'rel=\"noopener noreferrer\">Compartir en X<\/a><\/span>\n<div id=\"polls-308\" class=\"wp-polls\">\n\t<form id=\"polls_form_308\" class=\"wp-polls-form\" action=\"\/index.php\" method=\"post\">\n\t\t<p style=\"display: none;\"><input type=\"hidden\" id=\"poll_308_nonce\" name=\"wp-polls-nonce\" value=\"73e828c285\" \/><\/p>\n\t\t<p style=\"display: none;\"><input type=\"hidden\" name=\"poll_id\" value=\"308\" \/><\/p>\n\t\t<p style=\"text-align: center\"><strong>Creus que davant tants processos judicials que afecten el PSOE i a inst\u00e0ncies del Govern es pot qualificar la situaci\u00f3 de corrupci\u00f3 sist\u00e8mica?<\/strong><\/p><div id=\"polls-308-ans\" class=\"wp-polls-ans\"><ul class=\"wp-polls-ul\">\n\t\t<li><input type=\"radio\" id=\"poll-answer-881\" name=\"poll_308\" value=\"881\" \/> <label for=\"poll-answer-881\">S\u00ed<\/label><\/li>\n\t\t<li><input type=\"radio\" id=\"poll-answer-882\" name=\"poll_308\" value=\"882\" \/> <label for=\"poll-answer-882\">No<\/label><\/li>\n\t\t<li><input type=\"radio\" id=\"poll-answer-883\" name=\"poll_308\" value=\"883\" \/> <label for=\"poll-answer-883\">No ho s\u00e9<\/label><\/li>\n\t\t<\/ul><p style=\"text-align: center\"><input type=\"button\" name=\"vote\" value=\"   Vota   \" class=\"Buttons\" onclick=\"poll_vote(308);\" \/><\/p><p style=\"text-align: center\"><a href=\"#ViewPollResults\" onclick=\"poll_result(308); return false;\" title=\"View Results Of This Poll\">Mira els resultats<\/a><\/p><\/div>\n\t<\/form>\n<\/div>\n<div id=\"polls-308-loading\" class=\"wp-polls-loading\"><img decoding=\"async\" data-src=\"https:\/\/conversesacatalunya.cat\/wp-content\/plugins\/wp-polls\/images\/loading.gif\" width=\"16\" height=\"16\" alt=\"Cargando ...\" title=\"Cargando ...\" class=\"wp-polls-image lazyload\" src=\"data:image\/svg+xml;base64,PHN2ZyB3aWR0aD0iMSIgaGVpZ2h0PSIxIiB4bWxucz0iaHR0cDovL3d3dy53My5vcmcvMjAwMC9zdmciPjwvc3ZnPg==\" style=\"--smush-placeholder-width: 16px; --smush-placeholder-aspect-ratio: 16\/16;\" \/>&nbsp;Cargando ...<\/div>\n\n","protected":false},"excerpt":{"rendered":"<p>Hay datos que admiten interpretaci\u00f3n y datos que imponen silencio. El gr\u00e1fico de\u00a0Pew Research Center\u00a0sobre la confianza de los estadounidenses en el gobierno federal\u00a0entre 1958 y 2025\u00a0pertenece a la segunda categor\u00eda. No explica solo una sucesi\u00f3n de presidentes; explica la lenta erosi\u00f3n de un pacto impl\u00edcito entre ciudadanos y poder. Y lo hace con una frialdad estad\u00edstica que desmonta relatos, simpat\u00edas ideol\u00f3gicas y mitos medi\u00e1ticos muy arraigados, especialmente en Europa. El primer impacto es visual:\u00a0una curva que comienza alta, casi confiada, y termina arrastr\u00e1ndose cerca del suelo. En 1958, el 73% de los americanos afirmaban confiar en el gobierno federal por hacer \u201clo correcto\u201d casi siempre o la mayor parte del tiempo. En 2025, esta cifra es del 17%. No es una oscilaci\u00f3n coyuntural; es una decadencia estructural. La edad de oro de la confianza (Eisenhower-Kennedy-Johnson) Durante las d\u00e9cadas de los cincuenta y sesenta, la confianza en Washington es excepcionalmente alta. Estados Unidos es una potencia victoriosa, el Estado federal construye infraestructuras, lidera el mundo occidental y, sobre todo, transmite competencia. El gobierno puede ser discutible, pero no se percibe como impotente. El gr\u00e1fico de confianza no refleja ninguna inflexi\u00f3n excepcional asociada al mandato de Kennedy. Durante los primeros a\u00f1os sesenta, la confianza en el gobierno federal ya era muy alta \u2014heredada de la etapa Eisenhower\u2014 y se mantiene estable m\u00e1s que ascendente. Kennedy no crea un pico, simplemente gobierna en un momento en que el sistema todav\u00eda goza de un cr\u00e9dito social intacto. El mito es cultural; la confianza, estructural. Con Johnson, incluso en medio de tensiones sociales y raciales, la confianza supera a menudo el 60%. Es una \u00e9poca en la que el ciudadano medio no se pregunta si el sistema funciona: lo da por sentado. La pol\u00edtica no es vista todav\u00eda como un espect\u00e1culo permanente ni como una guerra cultural sin fin. La gran ruptura: Vietnam, Watergate y la p\u00e9rdida de la inocencia (Nixon\u2013Carter) La ca\u00edda comienza a finales de los sesenta y se acelera en los setenta.\u00a0Vietnam introduce una duda fundamental:\u00a0el gobierno puede mentir. Watergate introduce una certeza a\u00fan m\u00e1s corrosiva: el gobierno puede mentir e intentar taparlo. Entre 1972 y 1974, la confianza cae en picado. Lo que se rompe no es solo un presidente, sino una idea: la que asum\u00eda que el poder federal, con todos sus defectos, actuaba de buena fe. A partir de ah\u00ed, la confianza nunca volver\u00e1 a los niveles anteriores. Jimmy Carter hereda un pa\u00eds esc\u00e9ptico, cansado y econ\u00f3micamente debilitado. La confianza entra en los a\u00f1os ochenta claramente por debajo del 30%. Reagan: la recuperaci\u00f3n de la percepci\u00f3n de gobierno (1981\u20131989) Es aqu\u00ed donde el gr\u00e1fico dice una verdad inc\u00f3moda para el relato dominante en muchos medios europeos. Con\u00a0Ronald Reagan,\u00a0la confianza institucional no solo se estabiliza: sube. No vuelve a los niveles de los a\u00f1os sesenta, pero se mueve de forma sostenida en la franja del 40\u201345%. Esto no es anecd\u00f3tico. Significa que, para una parte significativa de la sociedad norteamericana, el gobierno vuelve a parecer funcional, con direcci\u00f3n y capacidad de acci\u00f3n. Reagan puede ser ideol\u00f3gicamente controvertido, pero\u00a0su presidencia coincide con una clara recuperaci\u00f3n de la confianza en el ejecutivo federal. Aqu\u00ed hay que decirlo sin eufemismos:\u00a0en t\u00e9rminos de confianza en el gobierno, el per\u00edodo Reagan est\u00e1 claramente mejor valorado que el per\u00edodo Obama.\u00a0El gr\u00e1fico no juzga intenciones, discursos ni simbolismos; juzga percepciones reales de funcionamiento. Del final de la Guerra Fr\u00eda al pragmatismo condicionado (Bush padre-Clinton) La presidencia de George H. W. Bush vive un notable repunte con la guerra del Golfo: la confianza sube cuando el pa\u00eds percibe liderazgo claro y victoria r\u00e1pida. Pero es un efecto temporal. Con Bill Clinton, la confianza oscila. La econom\u00eda va bien, pero el esc\u00e1ndalo permanente y la incipiente polarizaci\u00f3n impiden una restauraci\u00f3n profunda. Hay momentos de repunte, pero el techo es ya m\u00e1s bajo. La confianza es condicional: depende del ciclo econ\u00f3mico y de la calma pol\u00edtica. La excepci\u00f3n emocional: el 11-S y su resaca (Bush hijo) El atentado del 11 de septiembre de 2001 provoca el mayor pico puntual de confianza desde los a\u00f1os sesenta. El pa\u00eds cierra filas, conf\u00eda, delega. Pero el mismo gr\u00e1fico muestra c\u00f3mo\u00a0este cr\u00e9dito se consume r\u00e1pidamente. La guerra de Irak, la sensaci\u00f3n de enga\u00f1o y, finalmente, la crisis financiera de 2008 erosionan de nuevo la confianza hasta niveles bajos. El 11-S demuestra algo esencial: la confianza puede hincharse en momentos de choque, pero si el gobierno no responde bien despu\u00e9s,\u00a0la ca\u00edda es a\u00fan m\u00e1s dura. Obama: prestigio europeo, confianza interna pobre (2009\u20132017) Llegamos al contraste central.\u00a0Barack Obama\u00a0es aclamado en Europa. Simboliza renovaci\u00f3n, oratoria, cosmopolitismo. Pero el gr\u00e1fico es implacable: durante su presidencia, la confianza en el gobierno\u00a0federal se mantiene baja, a menudo entre el 20 y el 25%,\u00a0con algunos de los m\u00ednimos m\u00e1s pronunciados de toda la serie. En 2011 se alcanza uno de los puntos m\u00e1s bajos hist\u00f3ricos.\u00a0No es casual: bloqueo institucional, polarizaci\u00f3n extrema y la percepci\u00f3n de que\u00a0Washington discute m\u00e1s de lo que gobierna.\u00a0Obama no inaugura la desconfianza, pero tampoco la revierte. Su mandato afianza lo que ya parece una nueva normalidad: la desconfianza estructural. Aqu\u00ed es donde el relato europeo falla: confunde prestigio simb\u00f3lico con confianza funcional. El gr\u00e1fico separa claramente ambas cosas. La era de la desconfianza permanente (Trump, Biden, 2025) Desde 2007, la confianza casi nunca supera el 30%. Con Trump, la confianza se vuelve radicalmente partidista:\u00a0sube entre los suyos, cae en picado entre los dem\u00e1s.\u00a0Con Biden, existe un peque\u00f1o repunte inicial que no se consolida.\u00a0En 2025 cierra con un 17\u00a0%, en un contexto de bloqueos presupuestarios y el gobierno es percibido como incapaz de funcionar con normalidad. Conclusi\u00f3n: la curva como veredicto El gr\u00e1fico de Pew no dicta sentencias morales; dicta diagn\u00f3sticos. Dice que Reagan gobern\u00f3 en un per\u00edodo de confianza institucional claramente superior al de Obama. Dice que la confianza americana muri\u00f3 en los setenta y no ha resucitado. Y dice, sobre todo, que el problema no es ya un presidente concreto, sino una arquitectura pol\u00edtica que ha dejado de generar credibilidad. Es una lecci\u00f3n inc\u00f3moda,&#8230;<\/p>\n","protected":false},"author":19,"featured_media":94770,"comment_status":"open","ping_status":"open","sticky":false,"template":"","format":"standard","meta":{"_FSMCFIC_featured_image_caption":"","_FSMCFIC_featured_image_nocaption":"","_FSMCFIC_featured_image_hide":"","footnotes":""},"categories":[806],"tags":[1371,964,2434],"class_list":["post-94773","post","type-post","status-publish","format-standard","has-post-thumbnail","hentry","category-punts-claus-del-dia-es","tag-estados-unidos","tag-estats-units-es","tag-obama-es"],"yoast_head":"<!-- This site is optimized with the Yoast SEO plugin v26.8 - https:\/\/yoast.com\/product\/yoast-seo-wordpress\/ -->\n<title>\u00bfQui\u00e9nes han sido los mejores presidentes de Estados Unidos? \u00a1Sorpresa! - Converses a Catalunya<\/title>\n<meta name=\"description\" content=\"La confianza en el gobierno de EE.UU.: qu\u00e9 revela el gr\u00e1fico que desmonta mitos sobre Reagan y Obama, contradice el relato europeo.\" \/>\n<meta name=\"robots\" content=\"index, follow, max-snippet:-1, max-image-preview:large, max-video-preview:-1\" \/>\n<link rel=\"canonical\" href=\"https:\/\/conversesacatalunya.cat\/es\/mejores-presidentes-estados-unidos\/\" \/>\n<meta property=\"og:locale\" content=\"es_ES\" \/>\n<meta property=\"og:type\" content=\"article\" \/>\n<meta property=\"og:title\" content=\"\u00bfQui\u00e9nes han sido los mejores presidentes de Estados Unidos? \u00a1Sorpresa! - Converses a Catalunya\" \/>\n<meta property=\"og:description\" content=\"La confianza en el gobierno de EE.UU.: qu\u00e9 revela el gr\u00e1fico que desmonta mitos sobre Reagan y Obama, contradice el relato europeo.\" \/>\n<meta property=\"og:url\" content=\"https:\/\/conversesacatalunya.cat\/es\/mejores-presidentes-estados-unidos\/\" \/>\n<meta property=\"og:site_name\" content=\"Converses a Catalunya\" \/>\n<meta property=\"article:published_time\" content=\"2025-12-15T09:45:44+00:00\" \/>\n<meta property=\"article:modified_time\" content=\"2025-12-15T11:14:49+00:00\" \/>\n<meta property=\"og:image\" content=\"https:\/\/conversesacatalunya.cat\/wp-content\/uploads\/2025\/12\/president-69213_640.jpg\" \/>\n\t<meta property=\"og:image:width\" content=\"640\" \/>\n\t<meta property=\"og:image:height\" content=\"427\" \/>\n\t<meta property=\"og:image:type\" content=\"image\/jpeg\" \/>\n<meta name=\"author\" content=\"Josep Mir\u00f3 i Ard\u00e8vol\" \/>\n<meta name=\"twitter:card\" content=\"summary_large_image\" \/>\n<meta name=\"twitter:label1\" content=\"Escrito por\" \/>\n\t<meta name=\"twitter:data1\" content=\"Josep Mir\u00f3 i Ard\u00e8vol\" \/>\n\t<meta name=\"twitter:label2\" content=\"Tiempo de lectura\" \/>\n\t<meta name=\"twitter:data2\" content=\"6 minutos\" \/>\n<script type=\"application\/ld+json\" class=\"yoast-schema-graph\">{\"@context\":\"https:\/\/schema.org\",\"@graph\":[{\"@type\":\"Article\",\"@id\":\"https:\/\/conversesacatalunya.cat\/es\/mejores-presidentes-estados-unidos\/#article\",\"isPartOf\":{\"@id\":\"https:\/\/conversesacatalunya.cat\/es\/mejores-presidentes-estados-unidos\/\"},\"author\":{\"name\":\"Josep Mir\u00f3 i Ard\u00e8vol\",\"@id\":\"https:\/\/conversesacatalunya.cat\/#\/schema\/person\/a9598a6786ba7d3d1c5e0de477b79370\"},\"headline\":\"\u00bfQui\u00e9nes han sido los mejores presidentes de Estados Unidos? \u00a1Sorpresa!\",\"datePublished\":\"2025-12-15T09:45:44+00:00\",\"dateModified\":\"2025-12-15T11:14:49+00:00\",\"mainEntityOfPage\":{\"@id\":\"https:\/\/conversesacatalunya.cat\/es\/mejores-presidentes-estados-unidos\/\"},\"wordCount\":1167,\"commentCount\":0,\"image\":{\"@id\":\"https:\/\/conversesacatalunya.cat\/es\/mejores-presidentes-estados-unidos\/#primaryimage\"},\"thumbnailUrl\":\"https:\/\/conversesacatalunya.cat\/wp-content\/uploads\/2025\/12\/president-69213_640.jpg\",\"keywords\":[\"Estados Unidos\",\"Estats Units\",\"Obama\"],\"articleSection\":[\"Punts clau del dia (ES)\"],\"inLanguage\":\"es\",\"potentialAction\":[{\"@type\":\"CommentAction\",\"name\":\"Comment\",\"target\":[\"https:\/\/conversesacatalunya.cat\/es\/mejores-presidentes-estados-unidos\/#respond\"]}]},{\"@type\":\"WebPage\",\"@id\":\"https:\/\/conversesacatalunya.cat\/es\/mejores-presidentes-estados-unidos\/\",\"url\":\"https:\/\/conversesacatalunya.cat\/es\/mejores-presidentes-estados-unidos\/\",\"name\":\"\u00bfQui\u00e9nes han sido los mejores presidentes de Estados Unidos? \u00a1Sorpresa! - Converses a Catalunya\",\"isPartOf\":{\"@id\":\"https:\/\/conversesacatalunya.cat\/#website\"},\"primaryImageOfPage\":{\"@id\":\"https:\/\/conversesacatalunya.cat\/es\/mejores-presidentes-estados-unidos\/#primaryimage\"},\"image\":{\"@id\":\"https:\/\/conversesacatalunya.cat\/es\/mejores-presidentes-estados-unidos\/#primaryimage\"},\"thumbnailUrl\":\"https:\/\/conversesacatalunya.cat\/wp-content\/uploads\/2025\/12\/president-69213_640.jpg\",\"datePublished\":\"2025-12-15T09:45:44+00:00\",\"dateModified\":\"2025-12-15T11:14:49+00:00\",\"author\":{\"@id\":\"https:\/\/conversesacatalunya.cat\/#\/schema\/person\/a9598a6786ba7d3d1c5e0de477b79370\"},\"description\":\"La confianza en el gobierno de EE.UU.: qu\u00e9 revela el gr\u00e1fico que desmonta mitos sobre Reagan y Obama, contradice el relato europeo.\",\"breadcrumb\":{\"@id\":\"https:\/\/conversesacatalunya.cat\/es\/mejores-presidentes-estados-unidos\/#breadcrumb\"},\"inLanguage\":\"es\",\"potentialAction\":[{\"@type\":\"ReadAction\",\"target\":[\"https:\/\/conversesacatalunya.cat\/es\/mejores-presidentes-estados-unidos\/\"]}]},{\"@type\":\"ImageObject\",\"inLanguage\":\"es\",\"@id\":\"https:\/\/conversesacatalunya.cat\/es\/mejores-presidentes-estados-unidos\/#primaryimage\",\"url\":\"https:\/\/conversesacatalunya.cat\/wp-content\/uploads\/2025\/12\/president-69213_640.jpg\",\"contentUrl\":\"https:\/\/conversesacatalunya.cat\/wp-content\/uploads\/2025\/12\/president-69213_640.jpg\",\"width\":640,\"height\":427,\"caption\":\"confianza gobierno EE.UU.\"},{\"@type\":\"BreadcrumbList\",\"@id\":\"https:\/\/conversesacatalunya.cat\/es\/mejores-presidentes-estados-unidos\/#breadcrumb\",\"itemListElement\":[{\"@type\":\"ListItem\",\"position\":1,\"name\":\"Inici\",\"item\":\"https:\/\/conversesacatalunya.cat\/es\/\"},{\"@type\":\"ListItem\",\"position\":2,\"name\":\"\u00bfQui\u00e9nes han sido los mejores presidentes de Estados Unidos? \u00a1Sorpresa!\"}]},{\"@type\":\"WebSite\",\"@id\":\"https:\/\/conversesacatalunya.cat\/#website\",\"url\":\"https:\/\/conversesacatalunya.cat\/\",\"name\":\"Converses a Catalunya\",\"description\":\"\",\"potentialAction\":[{\"@type\":\"SearchAction\",\"target\":{\"@type\":\"EntryPoint\",\"urlTemplate\":\"https:\/\/conversesacatalunya.cat\/?s={search_term_string}\"},\"query-input\":{\"@type\":\"PropertyValueSpecification\",\"valueRequired\":true,\"valueName\":\"search_term_string\"}}],\"inLanguage\":\"es\"},{\"@type\":\"Person\",\"@id\":\"https:\/\/conversesacatalunya.cat\/#\/schema\/person\/a9598a6786ba7d3d1c5e0de477b79370\",\"name\":\"Josep Mir\u00f3 i Ard\u00e8vol\",\"image\":{\"@type\":\"ImageObject\",\"inLanguage\":\"es\",\"@id\":\"https:\/\/conversesacatalunya.cat\/#\/schema\/person\/image\/\",\"url\":\"https:\/\/conversesacatalunya.cat\/wp-content\/litespeed\/avatar\/c37e3dc881857483d6694cdf98fdedea.jpg?ver=1777270381\",\"contentUrl\":\"https:\/\/conversesacatalunya.cat\/wp-content\/litespeed\/avatar\/c37e3dc881857483d6694cdf98fdedea.jpg?ver=1777270381\",\"caption\":\"Josep Mir\u00f3 i Ard\u00e8vol\"},\"url\":\"https:\/\/conversesacatalunya.cat\/es\/author\/josep-miro-i-ardevol\/\"}]}<\/script>\n<!-- \/ Yoast SEO plugin. -->","yoast_head_json":{"title":"\u00bfQui\u00e9nes han sido los mejores presidentes de Estados Unidos? \u00a1Sorpresa! - Converses a Catalunya","description":"La confianza en el gobierno de EE.UU.: qu\u00e9 revela el gr\u00e1fico que desmonta mitos sobre Reagan y Obama, contradice el relato europeo.","robots":{"index":"index","follow":"follow","max-snippet":"max-snippet:-1","max-image-preview":"max-image-preview:large","max-video-preview":"max-video-preview:-1"},"canonical":"https:\/\/conversesacatalunya.cat\/es\/mejores-presidentes-estados-unidos\/","og_locale":"es_ES","og_type":"article","og_title":"\u00bfQui\u00e9nes han sido los mejores presidentes de Estados Unidos? \u00a1Sorpresa! - Converses a Catalunya","og_description":"La confianza en el gobierno de EE.UU.: qu\u00e9 revela el gr\u00e1fico que desmonta mitos sobre Reagan y Obama, contradice el relato europeo.","og_url":"https:\/\/conversesacatalunya.cat\/es\/mejores-presidentes-estados-unidos\/","og_site_name":"Converses a Catalunya","article_published_time":"2025-12-15T09:45:44+00:00","article_modified_time":"2025-12-15T11:14:49+00:00","og_image":[{"width":640,"height":427,"url":"https:\/\/conversesacatalunya.cat\/wp-content\/uploads\/2025\/12\/president-69213_640.jpg","type":"image\/jpeg"}],"author":"Josep Mir\u00f3 i Ard\u00e8vol","twitter_card":"summary_large_image","twitter_misc":{"Escrito por":"Josep Mir\u00f3 i Ard\u00e8vol","Tiempo de lectura":"6 minutos"},"schema":{"@context":"https:\/\/schema.org","@graph":[{"@type":"Article","@id":"https:\/\/conversesacatalunya.cat\/es\/mejores-presidentes-estados-unidos\/#article","isPartOf":{"@id":"https:\/\/conversesacatalunya.cat\/es\/mejores-presidentes-estados-unidos\/"},"author":{"name":"Josep Mir\u00f3 i Ard\u00e8vol","@id":"https:\/\/conversesacatalunya.cat\/#\/schema\/person\/a9598a6786ba7d3d1c5e0de477b79370"},"headline":"\u00bfQui\u00e9nes han sido los mejores presidentes de Estados Unidos? \u00a1Sorpresa!","datePublished":"2025-12-15T09:45:44+00:00","dateModified":"2025-12-15T11:14:49+00:00","mainEntityOfPage":{"@id":"https:\/\/conversesacatalunya.cat\/es\/mejores-presidentes-estados-unidos\/"},"wordCount":1167,"commentCount":0,"image":{"@id":"https:\/\/conversesacatalunya.cat\/es\/mejores-presidentes-estados-unidos\/#primaryimage"},"thumbnailUrl":"https:\/\/conversesacatalunya.cat\/wp-content\/uploads\/2025\/12\/president-69213_640.jpg","keywords":["Estados Unidos","Estats Units","Obama"],"articleSection":["Punts clau del dia (ES)"],"inLanguage":"es","potentialAction":[{"@type":"CommentAction","name":"Comment","target":["https:\/\/conversesacatalunya.cat\/es\/mejores-presidentes-estados-unidos\/#respond"]}]},{"@type":"WebPage","@id":"https:\/\/conversesacatalunya.cat\/es\/mejores-presidentes-estados-unidos\/","url":"https:\/\/conversesacatalunya.cat\/es\/mejores-presidentes-estados-unidos\/","name":"\u00bfQui\u00e9nes han sido los mejores presidentes de Estados Unidos? \u00a1Sorpresa! - Converses a Catalunya","isPartOf":{"@id":"https:\/\/conversesacatalunya.cat\/#website"},"primaryImageOfPage":{"@id":"https:\/\/conversesacatalunya.cat\/es\/mejores-presidentes-estados-unidos\/#primaryimage"},"image":{"@id":"https:\/\/conversesacatalunya.cat\/es\/mejores-presidentes-estados-unidos\/#primaryimage"},"thumbnailUrl":"https:\/\/conversesacatalunya.cat\/wp-content\/uploads\/2025\/12\/president-69213_640.jpg","datePublished":"2025-12-15T09:45:44+00:00","dateModified":"2025-12-15T11:14:49+00:00","author":{"@id":"https:\/\/conversesacatalunya.cat\/#\/schema\/person\/a9598a6786ba7d3d1c5e0de477b79370"},"description":"La confianza en el gobierno de EE.UU.: qu\u00e9 revela el gr\u00e1fico que desmonta mitos sobre Reagan y Obama, contradice el relato europeo.","breadcrumb":{"@id":"https:\/\/conversesacatalunya.cat\/es\/mejores-presidentes-estados-unidos\/#breadcrumb"},"inLanguage":"es","potentialAction":[{"@type":"ReadAction","target":["https:\/\/conversesacatalunya.cat\/es\/mejores-presidentes-estados-unidos\/"]}]},{"@type":"ImageObject","inLanguage":"es","@id":"https:\/\/conversesacatalunya.cat\/es\/mejores-presidentes-estados-unidos\/#primaryimage","url":"https:\/\/conversesacatalunya.cat\/wp-content\/uploads\/2025\/12\/president-69213_640.jpg","contentUrl":"https:\/\/conversesacatalunya.cat\/wp-content\/uploads\/2025\/12\/president-69213_640.jpg","width":640,"height":427,"caption":"confianza gobierno EE.UU."},{"@type":"BreadcrumbList","@id":"https:\/\/conversesacatalunya.cat\/es\/mejores-presidentes-estados-unidos\/#breadcrumb","itemListElement":[{"@type":"ListItem","position":1,"name":"Inici","item":"https:\/\/conversesacatalunya.cat\/es\/"},{"@type":"ListItem","position":2,"name":"\u00bfQui\u00e9nes han sido los mejores presidentes de Estados Unidos? \u00a1Sorpresa!"}]},{"@type":"WebSite","@id":"https:\/\/conversesacatalunya.cat\/#website","url":"https:\/\/conversesacatalunya.cat\/","name":"Converses a Catalunya","description":"","potentialAction":[{"@type":"SearchAction","target":{"@type":"EntryPoint","urlTemplate":"https:\/\/conversesacatalunya.cat\/?s={search_term_string}"},"query-input":{"@type":"PropertyValueSpecification","valueRequired":true,"valueName":"search_term_string"}}],"inLanguage":"es"},{"@type":"Person","@id":"https:\/\/conversesacatalunya.cat\/#\/schema\/person\/a9598a6786ba7d3d1c5e0de477b79370","name":"Josep Mir\u00f3 i Ard\u00e8vol","image":{"@type":"ImageObject","inLanguage":"es","@id":"https:\/\/conversesacatalunya.cat\/#\/schema\/person\/image\/","url":"https:\/\/conversesacatalunya.cat\/wp-content\/litespeed\/avatar\/c37e3dc881857483d6694cdf98fdedea.jpg?ver=1777270381","contentUrl":"https:\/\/conversesacatalunya.cat\/wp-content\/litespeed\/avatar\/c37e3dc881857483d6694cdf98fdedea.jpg?ver=1777270381","caption":"Josep Mir\u00f3 i Ard\u00e8vol"},"url":"https:\/\/conversesacatalunya.cat\/es\/author\/josep-miro-i-ardevol\/"}]}},"wps_subtitle":"Reagan, Obama y la confianza americana: el gr\u00e1fico que contradice el relato europeo.","_links":{"self":[{"href":"https:\/\/conversesacatalunya.cat\/es\/wp-json\/wp\/v2\/posts\/94773","targetHints":{"allow":["GET"]}}],"collection":[{"href":"https:\/\/conversesacatalunya.cat\/es\/wp-json\/wp\/v2\/posts"}],"about":[{"href":"https:\/\/conversesacatalunya.cat\/es\/wp-json\/wp\/v2\/types\/post"}],"author":[{"embeddable":true,"href":"https:\/\/conversesacatalunya.cat\/es\/wp-json\/wp\/v2\/users\/19"}],"replies":[{"embeddable":true,"href":"https:\/\/conversesacatalunya.cat\/es\/wp-json\/wp\/v2\/comments?post=94773"}],"version-history":[{"count":6,"href":"https:\/\/conversesacatalunya.cat\/es\/wp-json\/wp\/v2\/posts\/94773\/revisions"}],"predecessor-version":[{"id":94781,"href":"https:\/\/conversesacatalunya.cat\/es\/wp-json\/wp\/v2\/posts\/94773\/revisions\/94781"}],"wp:featuredmedia":[{"embeddable":true,"href":"https:\/\/conversesacatalunya.cat\/es\/wp-json\/wp\/v2\/media\/94770"}],"wp:attachment":[{"href":"https:\/\/conversesacatalunya.cat\/es\/wp-json\/wp\/v2\/media?parent=94773"}],"wp:term":[{"taxonomy":"category","embeddable":true,"href":"https:\/\/conversesacatalunya.cat\/es\/wp-json\/wp\/v2\/categories?post=94773"},{"taxonomy":"post_tag","embeddable":true,"href":"https:\/\/conversesacatalunya.cat\/es\/wp-json\/wp\/v2\/tags?post=94773"}],"curies":[{"name":"wp","href":"https:\/\/api.w.org\/{rel}","templated":true}]}}