{"id":94703,"date":"2025-12-15T05:00:30","date_gmt":"2025-12-15T04:00:30","guid":{"rendered":"https:\/\/conversesacatalunya.cat\/?p=94703"},"modified":"2025-12-15T12:17:16","modified_gmt":"2025-12-15T11:17:16","slug":"anomalia-espanola-silencio-bruselas","status":"publish","type":"post","link":"https:\/\/conversesacatalunya.cat\/es\/anomalia-espanola-silencio-bruselas\/","title":{"rendered":"La anomal\u00eda espa\u00f1ola: el silencio inexplicable de Bruselas ante un gobierno sin presupuestos ni capacidad para gobernar"},"content":{"rendered":"<p><span dir=\"auto\"><span class=\"VIpgJd-yAWNEb-VIpgJd-fmcmS-sn54Q\" dir=\"auto\">En una Uni\u00f3n Europea obsesiva con los \u201criesgos para el Estado de derecho\u201d \u2013reales o imaginarios, seg\u00fan el caso\u2013 existe un pa\u00eds que opera desde hace a\u00f1os fuera de todos los est\u00e1ndares democr\u00e1ticos b\u00e1sicos:<span>\u00a0<\/span><\/span><\/span><strong><span dir=\"auto\"><span class=\"VIpgJd-yAWNEb-VIpgJd-fmcmS-sn54Q\" dir=\"auto\">la Espa\u00f1a de Pedro S\u00e1nchez.<\/span><\/span><\/strong><span dir=\"auto\"><span class=\"VIpgJd-yAWNEb-VIpgJd-fmcmS-sn54Q\" dir=\"auto\">\u00a0Una anomal\u00eda institucional tan di\u00e1fana que, de haberse producido en Budapest o Bratislava, Bruselas ya habr\u00eda levantado todos los mecanismos disciplinarios de que dispone.<\/span><\/span><\/p>\n<p><strong><span dir=\"auto\">Lo central es de una simplicidad desconcertante:<\/span><\/strong><span dir=\"auto\"><span>\u00a0<\/span>Espa\u00f1a hace tres a\u00f1os que no aprueba<span>\u00a0<\/span><\/span><strong><span dir=\"auto\">\u00a0unos<span>\u00a0<\/span><\/span><span dir=\"auto\"><a href=\"https:\/\/conversesacatalunya.cat\/es\/incumplimiento-presupuestos-constitucion-sanchez\/\" target=\"_blank\" rel=\"noopener\">presupuestos generales<\/a>,<\/span><\/strong><span dir=\"auto\">\u00a0ni siquiera sin atreverse a presentar un borrador. El gobierno opera con cuentas prorrogadas de una legislatura anterior, sin control parlamentario real y sin legitimidad renovada. Y, sin embargo, nadie en la Comisi\u00f3n Europea parece inquietarse.<\/span><\/p>\n<p><span dir=\"auto\">En el derecho comparado europeo, la situaci\u00f3n ser\u00eda insostenible. En cualquier otra capital, un ejecutivo incapaz de obtener apoyo parlamentario para la ley fundamental de gobernanza p\u00fablica -los presupuestos- estar\u00eda obligado a<span>\u00a0<\/span><\/span><strong><span dir=\"auto\">someterse a una moci\u00f3n de confianza o convocar elecciones.<\/span><\/strong><span dir=\"auto\">\u00a0No es cuesti\u00f3n partidista: es la base del contrato democr\u00e1tico.<\/span><\/p>\n<blockquote><p><span>Sin un candidato alternativo con mayor\u00eda absoluta, el Ejecutivo puede resistir indefinidamente.<\/span><\/p><\/blockquote>\n<p><span dir=\"auto\"><span class=\"VIpgJd-yAWNEb-VIpgJd-fmcmS-sn54Q\" dir=\"auto\">Pero la arquitectura constitucional espa\u00f1ola \u2014un producto de excepcionales circunstancias de la Transici\u00f3n\u2014 convierte la moci\u00f3n de censura en una figura pr\u00e1cticamente ornamental. No sirve para retirar un gobierno, sino solo para sustituirle. Sin un candidato alternativo con mayor\u00eda absoluta, el Ejecutivo puede resistir indefinidamente.<\/span><\/span><\/p>\n<p><span dir=\"auto\">Este<span>\u00a0<\/span><\/span><strong><span dir=\"auto\">agujero negro institucional<\/span><\/strong><span dir=\"auto\"><span>\u00a0<\/span>permite que el Gobierno S\u00e1nchez se mantenga sin dar cuentas, mientras proclama peligro tras peligro para la democracia en otros pa\u00edses. El contraste con la tolerancia exhibida cuando la deriva iliberal es propia resulta, como m\u00ednimo, perverso.<\/span><\/p>\n<h4><span dir=\"auto\">Europa, a ciegas ante su primer receptor de fondos<\/span><\/h4>\n<p><span dir=\"auto\">La cuesti\u00f3n no es meramente formal. Espa\u00f1a no es un socio menor: es el<span>\u00a0<\/span><\/span><strong><span dir=\"auto\">principal receptor de fondos europeos.<\/span><\/strong><span dir=\"auto\">\u00a0Y la Comisi\u00f3n -que debe supervisar el uso de estos recursos- se encuentra gestion\u00e1ndolos sin la br\u00fajula esencial que representan unos presupuestos aprobados. La paradoja es may\u00fascula: Bruselas vigila con lupa a gobiernos que s\u00ed disponen de estabilidad fiscal mientras tolera que uno de los estados m\u00e1s beneficiados funcione con<span>\u00a0<\/span><\/span><strong><span dir=\"auto\">presupuesto zombi.<\/span><\/strong><\/p>\n<blockquote><p><span>Un estilo de gobierno que recuerda m\u00e1s al franquismo tard\u00edo -tambi\u00e9n aficionado a los decretos- que a una democracia consolidada.<\/span><\/p><\/blockquote>\n<p><span dir=\"auto\">Ahora, el ministro de Econom\u00eda, <strong>Carlos Cuerpo<\/strong>, ya ha dejado entrever la salida:<span>\u00a0<\/span><\/span><strong><span dir=\"auto\">gobernar por decreto<\/span><\/strong><span dir=\"auto\"><span>\u00a0<\/span>buena parte de las reformas prometidas para desbloquear los fondos Next Generation. Es decir, convirtiendo en pr\u00e1ctica rutinaria lo que, en cualquier manual democr\u00e1tico, es el \u00faltimo recurso. Un estilo de gobierno que recuerda m\u00e1s al franquismo tard\u00edo -tambi\u00e9n aficionado a los decretos- que a una democracia consolidada. Pero ese detalle tampoco ha despertado gran alarma en Bruselas.<\/span><\/p>\n<h4><span dir=\"auto\">Corrosi\u00f3n institucional: tramas que salpican al Estado profundo<\/span><\/h4>\n<p><span dir=\"auto\"><span class=\"VIpgJd-yAWNEb-VIpgJd-fmcmS-sn54Q\" dir=\"auto\">La degradaci\u00f3n democr\u00e1tica no llega sola. El entorno institucional del gobierno se encuentra inmerso en un<span>\u00a0<\/span><\/span><\/span><strong><span dir=\"auto\"><span class=\"VIpgJd-yAWNEb-VIpgJd-fmcmS-sn54Q\" dir=\"auto\">goteo de tramas corruptas<\/span><\/span><\/strong><span dir=\"auto\"><span class=\"VIpgJd-yAWNEb-VIpgJd-fmcmS-sn54Q\" dir=\"auto\"><span>\u00a0<\/span>que ya no afectan solo a concesiones p\u00fablicas, sino que penetran organismos estrat\u00e9gicos del Estado.<\/span><\/span><\/p>\n<p><span dir=\"auto\">Entre las noticias de esta primera quincena de diciembre, destaca la explosi\u00f3n del<span>\u00a0<\/span><\/span><strong><span dir=\"auto\">caso Leire D\u00edez \/ SEPI<\/span><\/strong><span dir=\"auto\"><span>\u00a0<\/span>: detenciones por cohecho, tr\u00e1fico de influencias e irregularidades masivas en contrataciones p\u00fablicas. Las conexiones tocan figuras relevantes del PSOE y de la propia SEPI, un organismo clave en la gesti\u00f3n de empresas p\u00fablicas.<\/span><\/p>\n<p><span dir=\"auto\">Tambi\u00e9n existe el rastro que lleva al socio de Santos Cerd\u00e1n, implicado en el llamado<span>\u00a0<\/span><\/span><em><span dir=\"auto\">caso Cerd\u00e1n,<\/span><\/em><span dir=\"auto\">\u00a0con indicios que apuntan a una red que pivotaba entre el partido, empresas amigas y adjudicaciones bajo sospecha. Estas tramas no operan en los m\u00e1rgenes del sistema:<span>\u00a0<\/span><\/span><strong><span dir=\"auto\">ocupan despachos oficiales, empresas p\u00fablicas y estructuras de poder.<\/span><\/strong><\/p>\n<p><span dir=\"auto\">Todo ello coincide con otro frente abierto: el<span>\u00a0<\/span><\/span><strong><span dir=\"auto\">juicio oral en el Tribunal Supremo<\/span><\/strong><span dir=\"auto\"><span>\u00a0<\/span>ante Jos\u00e9 Luis \u00c1balos, Koldo Garc\u00eda y Aldama por la trama de las mascarillas. O con el goteo de casos de<span>\u00a0<\/span><\/span><strong><span dir=\"auto\">acoso sexual<\/span><\/strong><span dir=\"auto\"><span>\u00a0<\/span>en la organizaci\u00f3n, una crisis moral interna que erosiona a\u00fan m\u00e1s la credibilidad del partido y del presidente.<\/span><\/p>\n<h4><span dir=\"auto\"><span class=\"VIpgJd-yAWNEb-VIpgJd-fmcmS-sn54Q\" dir=\"auto\">Una pregunta que Bruselas ya no puede evitar<\/span><\/span><\/h4>\n<p><span dir=\"auto\">La conclusi\u00f3n es tan inc\u00f3moda como inevitable:<\/span><\/p>\n<h5><strong><span dir=\"auto\">\u00bfPuede la Uni\u00f3n Europea permitirse mirar hacia otro lado mientras uno de sus Estados miembros gobierna sin legitimidad parlamentaria, sin presupuestos y entre esc\u00e1ndalos sist\u00e9micos?<\/span><\/strong><\/h5>\n<p><span dir=\"auto\">La respuesta, si Europa quiere mantener la coherencia con sus principios constitutivos, deber\u00eda ser un no rotundo. Porque la Uni\u00f3n no es solo un mercado o un regulador: es una comunidad pol\u00edtica basada en la ley, la transparencia y la responsabilidad democr\u00e1tica. Y cuando el primer beneficiario de sus fondos viola estos principios, la Comisi\u00f3n tiene no solo el derecho, sino el<span>\u00a0<\/span><\/span><strong><span dir=\"auto\">deber<\/span><\/strong><span dir=\"auto\"><span>\u00a0<\/span>de llamarle al orden.<\/span><\/p>\n<p><span dir=\"auto\">Espa\u00f1a necesita una moci\u00f3n de confianza, unas elecciones o una regeneraci\u00f3n institucional profunda. Y Europa necesita demostrar que sus valores fundacionales<span>\u00a0<\/span><\/span><strong><span dir=\"auto\">no dependen de quien gobierne,<\/span><\/strong><span dir=\"auto\">\u00a0sino de la calidad de la democracia que dice defender.<\/span><\/p>\n<span class='bctt-click-to-tweet'><span class='bctt-ctt-text'><a href='https:\/\/twitter.com\/intent\/tweet?url=https%3A%2F%2Fconversesacatalunya.cat%2Fes%2Fanomalia-espanola-silencio-bruselas%2F&#038;text=Espa%C3%B1a%20lleva%203%20a%C3%B1os%20sin%20presupuestos%20y%20la%20UE%20no%20mueve%20ni%20un%20dedo.%20%C2%BFD%C3%B3nde%20est%C3%A1%20el%20control%20democr%C3%A1tico%3F%20%23Espa%C3%B1a%20%23UE%20%23Democracia&#038;via=conversesacat&#038;related=conversesacat' target='_blank'rel=\"noopener noreferrer\">Espa\u00f1a lleva 3 a\u00f1os sin presupuestos y la UE no mueve ni un dedo. \u00bfD\u00f3nde est\u00e1 el control democr\u00e1tico? #Espa\u00f1a #UE #Democracia <\/a><\/span><a href='https:\/\/twitter.com\/intent\/tweet?url=https%3A%2F%2Fconversesacatalunya.cat%2Fes%2Fanomalia-espanola-silencio-bruselas%2F&#038;text=Espa%C3%B1a%20lleva%203%20a%C3%B1os%20sin%20presupuestos%20y%20la%20UE%20no%20mueve%20ni%20un%20dedo.%20%C2%BFD%C3%B3nde%20est%C3%A1%20el%20control%20democr%C3%A1tico%3F%20%23Espa%C3%B1a%20%23UE%20%23Democracia&#038;via=conversesacat&#038;related=conversesacat' target='_blank' class='bctt-ctt-btn'rel=\"noopener noreferrer\">Compartir en X<\/a><\/span>\n<div id=\"polls-308\" class=\"wp-polls\">\n\t<form id=\"polls_form_308\" class=\"wp-polls-form\" action=\"\/index.php\" method=\"post\">\n\t\t<p style=\"display: none;\"><input type=\"hidden\" id=\"poll_308_nonce\" name=\"wp-polls-nonce\" value=\"96700b91f4\" \/><\/p>\n\t\t<p style=\"display: none;\"><input type=\"hidden\" name=\"poll_id\" value=\"308\" \/><\/p>\n\t\t<p style=\"text-align: center\"><strong>Creus que davant tants processos judicials que afecten el PSOE i a inst\u00e0ncies del Govern es pot qualificar la situaci\u00f3 de corrupci\u00f3 sist\u00e8mica?<\/strong><\/p><div id=\"polls-308-ans\" class=\"wp-polls-ans\"><ul class=\"wp-polls-ul\">\n\t\t<li><input type=\"radio\" id=\"poll-answer-881\" name=\"poll_308\" value=\"881\" \/> <label for=\"poll-answer-881\">S\u00ed<\/label><\/li>\n\t\t<li><input type=\"radio\" id=\"poll-answer-882\" name=\"poll_308\" value=\"882\" \/> <label for=\"poll-answer-882\">No<\/label><\/li>\n\t\t<li><input type=\"radio\" id=\"poll-answer-883\" name=\"poll_308\" value=\"883\" \/> <label for=\"poll-answer-883\">No ho s\u00e9<\/label><\/li>\n\t\t<\/ul><p style=\"text-align: center\"><input type=\"button\" name=\"vote\" value=\"   Vota   \" class=\"Buttons\" onclick=\"poll_vote(308);\" \/><\/p><p style=\"text-align: center\"><a href=\"#ViewPollResults\" onclick=\"poll_result(308); return false;\" title=\"View Results Of This Poll\">Mira els resultats<\/a><\/p><\/div>\n\t<\/form>\n<\/div>\n<div id=\"polls-308-loading\" class=\"wp-polls-loading\"><img decoding=\"async\" data-src=\"https:\/\/conversesacatalunya.cat\/wp-content\/plugins\/wp-polls\/images\/loading.gif\" width=\"16\" height=\"16\" alt=\"Cargando ...\" title=\"Cargando ...\" class=\"wp-polls-image lazyload\" src=\"data:image\/svg+xml;base64,PHN2ZyB3aWR0aD0iMSIgaGVpZ2h0PSIxIiB4bWxucz0iaHR0cDovL3d3dy53My5vcmcvMjAwMC9zdmciPjwvc3ZnPg==\" style=\"--smush-placeholder-width: 16px; --smush-placeholder-aspect-ratio: 16\/16;\" \/>&nbsp;Cargando ...<\/div>\n\n<p>&nbsp;<\/p>\n","protected":false},"excerpt":{"rendered":"<p>En una Uni\u00f3n Europea obsesiva con los \u201criesgos para el Estado de derecho\u201d \u2013reales o imaginarios, seg\u00fan el caso\u2013 existe un pa\u00eds que opera desde hace a\u00f1os fuera de todos los est\u00e1ndares democr\u00e1ticos b\u00e1sicos:\u00a0la Espa\u00f1a de Pedro S\u00e1nchez.\u00a0Una anomal\u00eda institucional tan di\u00e1fana que, de haberse producido en Budapest o Bratislava, Bruselas ya habr\u00eda levantado todos los mecanismos disciplinarios de que dispone. Lo central es de una simplicidad desconcertante:\u00a0Espa\u00f1a hace tres a\u00f1os que no aprueba\u00a0\u00a0unos\u00a0presupuestos generales,\u00a0ni siquiera sin atreverse a presentar un borrador. El gobierno opera con cuentas prorrogadas de una legislatura anterior, sin control parlamentario real y sin legitimidad renovada. Y, sin embargo, nadie en la Comisi\u00f3n Europea parece inquietarse. En el derecho comparado europeo, la situaci\u00f3n ser\u00eda insostenible. En cualquier otra capital, un ejecutivo incapaz de obtener apoyo parlamentario para la ley fundamental de gobernanza p\u00fablica -los presupuestos- estar\u00eda obligado a\u00a0someterse a una moci\u00f3n de confianza o convocar elecciones.\u00a0No es cuesti\u00f3n partidista: es la base del contrato democr\u00e1tico. Sin un candidato alternativo con mayor\u00eda absoluta, el Ejecutivo puede resistir indefinidamente. Pero la arquitectura constitucional espa\u00f1ola \u2014un producto de excepcionales circunstancias de la Transici\u00f3n\u2014 convierte la moci\u00f3n de censura en una figura pr\u00e1cticamente ornamental. No sirve para retirar un gobierno, sino solo para sustituirle. Sin un candidato alternativo con mayor\u00eda absoluta, el Ejecutivo puede resistir indefinidamente. Este\u00a0agujero negro institucional\u00a0permite que el Gobierno S\u00e1nchez se mantenga sin dar cuentas, mientras proclama peligro tras peligro para la democracia en otros pa\u00edses. El contraste con la tolerancia exhibida cuando la deriva iliberal es propia resulta, como m\u00ednimo, perverso. Europa, a ciegas ante su primer receptor de fondos La cuesti\u00f3n no es meramente formal. Espa\u00f1a no es un socio menor: es el\u00a0principal receptor de fondos europeos.\u00a0Y la Comisi\u00f3n -que debe supervisar el uso de estos recursos- se encuentra gestion\u00e1ndolos sin la br\u00fajula esencial que representan unos presupuestos aprobados. La paradoja es may\u00fascula: Bruselas vigila con lupa a gobiernos que s\u00ed disponen de estabilidad fiscal mientras tolera que uno de los estados m\u00e1s beneficiados funcione con\u00a0presupuesto zombi. Un estilo de gobierno que recuerda m\u00e1s al franquismo tard\u00edo -tambi\u00e9n aficionado a los decretos- que a una democracia consolidada. Ahora, el ministro de Econom\u00eda, Carlos Cuerpo, ya ha dejado entrever la salida:\u00a0gobernar por decreto\u00a0buena parte de las reformas prometidas para desbloquear los fondos Next Generation. Es decir, convirtiendo en pr\u00e1ctica rutinaria lo que, en cualquier manual democr\u00e1tico, es el \u00faltimo recurso. Un estilo de gobierno que recuerda m\u00e1s al franquismo tard\u00edo -tambi\u00e9n aficionado a los decretos- que a una democracia consolidada. Pero ese detalle tampoco ha despertado gran alarma en Bruselas. Corrosi\u00f3n institucional: tramas que salpican al Estado profundo La degradaci\u00f3n democr\u00e1tica no llega sola. El entorno institucional del gobierno se encuentra inmerso en un\u00a0goteo de tramas corruptas\u00a0que ya no afectan solo a concesiones p\u00fablicas, sino que penetran organismos estrat\u00e9gicos del Estado. Entre las noticias de esta primera quincena de diciembre, destaca la explosi\u00f3n del\u00a0caso Leire D\u00edez \/ SEPI\u00a0: detenciones por cohecho, tr\u00e1fico de influencias e irregularidades masivas en contrataciones p\u00fablicas. Las conexiones tocan figuras relevantes del PSOE y de la propia SEPI, un organismo clave en la gesti\u00f3n de empresas p\u00fablicas. Tambi\u00e9n existe el rastro que lleva al socio de Santos Cerd\u00e1n, implicado en el llamado\u00a0caso Cerd\u00e1n,\u00a0con indicios que apuntan a una red que pivotaba entre el partido, empresas amigas y adjudicaciones bajo sospecha. Estas tramas no operan en los m\u00e1rgenes del sistema:\u00a0ocupan despachos oficiales, empresas p\u00fablicas y estructuras de poder. Todo ello coincide con otro frente abierto: el\u00a0juicio oral en el Tribunal Supremo\u00a0ante Jos\u00e9 Luis \u00c1balos, Koldo Garc\u00eda y Aldama por la trama de las mascarillas. O con el goteo de casos de\u00a0acoso sexual\u00a0en la organizaci\u00f3n, una crisis moral interna que erosiona a\u00fan m\u00e1s la credibilidad del partido y del presidente. Una pregunta que Bruselas ya no puede evitar La conclusi\u00f3n es tan inc\u00f3moda como inevitable: \u00bfPuede la Uni\u00f3n Europea permitirse mirar hacia otro lado mientras uno de sus Estados miembros gobierna sin legitimidad parlamentaria, sin presupuestos y entre esc\u00e1ndalos sist\u00e9micos? La respuesta, si Europa quiere mantener la coherencia con sus principios constitutivos, deber\u00eda ser un no rotundo. Porque la Uni\u00f3n no es solo un mercado o un regulador: es una comunidad pol\u00edtica basada en la ley, la transparencia y la responsabilidad democr\u00e1tica. Y cuando el primer beneficiario de sus fondos viola estos principios, la Comisi\u00f3n tiene no solo el derecho, sino el\u00a0deber\u00a0de llamarle al orden. Espa\u00f1a necesita una moci\u00f3n de confianza, unas elecciones o una regeneraci\u00f3n institucional profunda. Y Europa necesita demostrar que sus valores fundacionales\u00a0no dependen de quien gobierne,\u00a0sino de la calidad de la democracia que dice defender. &nbsp;<\/p>\n","protected":false},"author":78,"featured_media":94687,"comment_status":"open","ping_status":"open","sticky":false,"template":"","format":"standard","meta":{"_FSMCFIC_featured_image_caption":"","_FSMCFIC_featured_image_nocaption":"","_FSMCFIC_featured_image_hide":"","footnotes":""},"categories":[806],"tags":[1375,1373],"class_list":["post-94703","post","type-post","status-publish","format-standard","has-post-thumbnail","hentry","category-punts-claus-del-dia-es","tag-gobierno-sanchez","tag-govern-sanchez-es"],"yoast_head":"<!-- This site is optimized with the Yoast SEO plugin v26.8 - https:\/\/yoast.com\/product\/yoast-seo-wordpress\/ -->\n<title>La anomal\u00eda espa\u00f1ola: el silencio inexplicable de Bruselas ante un gobierno sin presupuestos ni capacidad para gobernar - Converses a Catalunya<\/title>\n<meta name=\"description\" content=\"Espa\u00f1a acumula tres a\u00f1os sin presupuestos, esc\u00e1ndalos y gobierno por decreto mientras la Uni\u00f3n Europa mira hacia otro lado.\" \/>\n<meta name=\"robots\" content=\"index, follow, max-snippet:-1, max-image-preview:large, max-video-preview:-1\" \/>\n<link rel=\"canonical\" href=\"https:\/\/conversesacatalunya.cat\/es\/anomalia-espanola-silencio-bruselas\/\" \/>\n<meta property=\"og:locale\" content=\"es_ES\" \/>\n<meta property=\"og:type\" content=\"article\" \/>\n<meta property=\"og:title\" content=\"La anomal\u00eda espa\u00f1ola: el silencio inexplicable de Bruselas ante un gobierno sin presupuestos ni capacidad para gobernar - Converses a Catalunya\" \/>\n<meta property=\"og:description\" content=\"Espa\u00f1a acumula tres a\u00f1os sin presupuestos, esc\u00e1ndalos y gobierno por decreto mientras la Uni\u00f3n Europa mira hacia otro lado.\" \/>\n<meta property=\"og:url\" content=\"https:\/\/conversesacatalunya.cat\/es\/anomalia-espanola-silencio-bruselas\/\" \/>\n<meta property=\"og:site_name\" content=\"Converses a Catalunya\" \/>\n<meta property=\"article:published_time\" content=\"2025-12-15T04:00:30+00:00\" \/>\n<meta property=\"article:modified_time\" content=\"2025-12-15T11:17:16+00:00\" \/>\n<meta property=\"og:image\" content=\"https:\/\/conversesacatalunya.cat\/wp-content\/uploads\/2025\/12\/europa-1.jpg\" \/>\n\t<meta property=\"og:image:width\" content=\"1280\" \/>\n\t<meta property=\"og:image:height\" content=\"853\" \/>\n\t<meta property=\"og:image:type\" content=\"image\/jpeg\" \/>\n<meta name=\"author\" content=\"Joan Masip\" \/>\n<meta name=\"twitter:card\" content=\"summary_large_image\" \/>\n<meta name=\"twitter:label1\" content=\"Escrito por\" \/>\n\t<meta name=\"twitter:data1\" content=\"Joan Masip\" \/>\n\t<meta name=\"twitter:label2\" content=\"Tiempo de lectura\" \/>\n\t<meta name=\"twitter:data2\" content=\"4 minutos\" \/>\n<script type=\"application\/ld+json\" class=\"yoast-schema-graph\">{\"@context\":\"https:\/\/schema.org\",\"@graph\":[{\"@type\":\"Article\",\"@id\":\"https:\/\/conversesacatalunya.cat\/es\/anomalia-espanola-silencio-bruselas\/#article\",\"isPartOf\":{\"@id\":\"https:\/\/conversesacatalunya.cat\/es\/anomalia-espanola-silencio-bruselas\/\"},\"author\":{\"name\":\"Joan Masip\",\"@id\":\"https:\/\/conversesacatalunya.cat\/#\/schema\/person\/311d0bf53def217d5124c78a7bc42275\"},\"headline\":\"La anomal\u00eda espa\u00f1ola: el silencio inexplicable de Bruselas ante un gobierno sin presupuestos ni capacidad para gobernar\",\"datePublished\":\"2025-12-15T04:00:30+00:00\",\"dateModified\":\"2025-12-15T11:17:16+00:00\",\"mainEntityOfPage\":{\"@id\":\"https:\/\/conversesacatalunya.cat\/es\/anomalia-espanola-silencio-bruselas\/\"},\"wordCount\":915,\"commentCount\":0,\"image\":{\"@id\":\"https:\/\/conversesacatalunya.cat\/es\/anomalia-espanola-silencio-bruselas\/#primaryimage\"},\"thumbnailUrl\":\"https:\/\/conversesacatalunya.cat\/wp-content\/uploads\/2025\/12\/europa-1.jpg\",\"keywords\":[\"Gobierno S\u00e1nchez\",\"Govern S\u00e1nchez\"],\"articleSection\":[\"Punts clau del dia (ES)\"],\"inLanguage\":\"es\",\"potentialAction\":[{\"@type\":\"CommentAction\",\"name\":\"Comment\",\"target\":[\"https:\/\/conversesacatalunya.cat\/es\/anomalia-espanola-silencio-bruselas\/#respond\"]}]},{\"@type\":\"WebPage\",\"@id\":\"https:\/\/conversesacatalunya.cat\/es\/anomalia-espanola-silencio-bruselas\/\",\"url\":\"https:\/\/conversesacatalunya.cat\/es\/anomalia-espanola-silencio-bruselas\/\",\"name\":\"La anomal\u00eda espa\u00f1ola: el silencio inexplicable de Bruselas ante un gobierno sin presupuestos ni capacidad para gobernar - Converses a Catalunya\",\"isPartOf\":{\"@id\":\"https:\/\/conversesacatalunya.cat\/#website\"},\"primaryImageOfPage\":{\"@id\":\"https:\/\/conversesacatalunya.cat\/es\/anomalia-espanola-silencio-bruselas\/#primaryimage\"},\"image\":{\"@id\":\"https:\/\/conversesacatalunya.cat\/es\/anomalia-espanola-silencio-bruselas\/#primaryimage\"},\"thumbnailUrl\":\"https:\/\/conversesacatalunya.cat\/wp-content\/uploads\/2025\/12\/europa-1.jpg\",\"datePublished\":\"2025-12-15T04:00:30+00:00\",\"dateModified\":\"2025-12-15T11:17:16+00:00\",\"author\":{\"@id\":\"https:\/\/conversesacatalunya.cat\/#\/schema\/person\/311d0bf53def217d5124c78a7bc42275\"},\"description\":\"Espa\u00f1a acumula tres a\u00f1os sin presupuestos, esc\u00e1ndalos y gobierno por decreto mientras la Uni\u00f3n Europa mira hacia otro lado.\",\"breadcrumb\":{\"@id\":\"https:\/\/conversesacatalunya.cat\/es\/anomalia-espanola-silencio-bruselas\/#breadcrumb\"},\"inLanguage\":\"es\",\"potentialAction\":[{\"@type\":\"ReadAction\",\"target\":[\"https:\/\/conversesacatalunya.cat\/es\/anomalia-espanola-silencio-bruselas\/\"]}]},{\"@type\":\"ImageObject\",\"inLanguage\":\"es\",\"@id\":\"https:\/\/conversesacatalunya.cat\/es\/anomalia-espanola-silencio-bruselas\/#primaryimage\",\"url\":\"https:\/\/conversesacatalunya.cat\/wp-content\/uploads\/2025\/12\/europa-1.jpg\",\"contentUrl\":\"https:\/\/conversesacatalunya.cat\/wp-content\/uploads\/2025\/12\/europa-1.jpg\",\"width\":1280,\"height\":853,\"caption\":\"Tres a\u00f1os sin presupuestos\"},{\"@type\":\"BreadcrumbList\",\"@id\":\"https:\/\/conversesacatalunya.cat\/es\/anomalia-espanola-silencio-bruselas\/#breadcrumb\",\"itemListElement\":[{\"@type\":\"ListItem\",\"position\":1,\"name\":\"Inici\",\"item\":\"https:\/\/conversesacatalunya.cat\/es\/\"},{\"@type\":\"ListItem\",\"position\":2,\"name\":\"La anomal\u00eda espa\u00f1ola: el silencio inexplicable de Bruselas ante un gobierno sin presupuestos ni capacidad para gobernar\"}]},{\"@type\":\"WebSite\",\"@id\":\"https:\/\/conversesacatalunya.cat\/#website\",\"url\":\"https:\/\/conversesacatalunya.cat\/\",\"name\":\"Converses a Catalunya\",\"description\":\"\",\"potentialAction\":[{\"@type\":\"SearchAction\",\"target\":{\"@type\":\"EntryPoint\",\"urlTemplate\":\"https:\/\/conversesacatalunya.cat\/?s={search_term_string}\"},\"query-input\":{\"@type\":\"PropertyValueSpecification\",\"valueRequired\":true,\"valueName\":\"search_term_string\"}}],\"inLanguage\":\"es\"},{\"@type\":\"Person\",\"@id\":\"https:\/\/conversesacatalunya.cat\/#\/schema\/person\/311d0bf53def217d5124c78a7bc42275\",\"name\":\"Joan Masip\",\"image\":{\"@type\":\"ImageObject\",\"inLanguage\":\"es\",\"@id\":\"https:\/\/conversesacatalunya.cat\/#\/schema\/person\/image\/\",\"url\":\"https:\/\/conversesacatalunya.cat\/wp-content\/litespeed\/avatar\/fa67b994763cff7d443f54b63ec96481.jpg?ver=1777372547\",\"contentUrl\":\"https:\/\/conversesacatalunya.cat\/wp-content\/litespeed\/avatar\/fa67b994763cff7d443f54b63ec96481.jpg?ver=1777372547\",\"caption\":\"Joan Masip\"},\"url\":\"https:\/\/conversesacatalunya.cat\/es\/author\/joan-masip\/\"}]}<\/script>\n<!-- \/ Yoast SEO plugin. -->","yoast_head_json":{"title":"La anomal\u00eda espa\u00f1ola: el silencio inexplicable de Bruselas ante un gobierno sin presupuestos ni capacidad para gobernar - Converses a Catalunya","description":"Espa\u00f1a acumula tres a\u00f1os sin presupuestos, esc\u00e1ndalos y gobierno por decreto mientras la Uni\u00f3n Europa mira hacia otro lado.","robots":{"index":"index","follow":"follow","max-snippet":"max-snippet:-1","max-image-preview":"max-image-preview:large","max-video-preview":"max-video-preview:-1"},"canonical":"https:\/\/conversesacatalunya.cat\/es\/anomalia-espanola-silencio-bruselas\/","og_locale":"es_ES","og_type":"article","og_title":"La anomal\u00eda espa\u00f1ola: el silencio inexplicable de Bruselas ante un gobierno sin presupuestos ni capacidad para gobernar - Converses a Catalunya","og_description":"Espa\u00f1a acumula tres a\u00f1os sin presupuestos, esc\u00e1ndalos y gobierno por decreto mientras la Uni\u00f3n Europa mira hacia otro lado.","og_url":"https:\/\/conversesacatalunya.cat\/es\/anomalia-espanola-silencio-bruselas\/","og_site_name":"Converses a Catalunya","article_published_time":"2025-12-15T04:00:30+00:00","article_modified_time":"2025-12-15T11:17:16+00:00","og_image":[{"width":1280,"height":853,"url":"https:\/\/conversesacatalunya.cat\/wp-content\/uploads\/2025\/12\/europa-1.jpg","type":"image\/jpeg"}],"author":"Joan Masip","twitter_card":"summary_large_image","twitter_misc":{"Escrito por":"Joan Masip","Tiempo de lectura":"4 minutos"},"schema":{"@context":"https:\/\/schema.org","@graph":[{"@type":"Article","@id":"https:\/\/conversesacatalunya.cat\/es\/anomalia-espanola-silencio-bruselas\/#article","isPartOf":{"@id":"https:\/\/conversesacatalunya.cat\/es\/anomalia-espanola-silencio-bruselas\/"},"author":{"name":"Joan Masip","@id":"https:\/\/conversesacatalunya.cat\/#\/schema\/person\/311d0bf53def217d5124c78a7bc42275"},"headline":"La anomal\u00eda espa\u00f1ola: el silencio inexplicable de Bruselas ante un gobierno sin presupuestos ni capacidad para gobernar","datePublished":"2025-12-15T04:00:30+00:00","dateModified":"2025-12-15T11:17:16+00:00","mainEntityOfPage":{"@id":"https:\/\/conversesacatalunya.cat\/es\/anomalia-espanola-silencio-bruselas\/"},"wordCount":915,"commentCount":0,"image":{"@id":"https:\/\/conversesacatalunya.cat\/es\/anomalia-espanola-silencio-bruselas\/#primaryimage"},"thumbnailUrl":"https:\/\/conversesacatalunya.cat\/wp-content\/uploads\/2025\/12\/europa-1.jpg","keywords":["Gobierno S\u00e1nchez","Govern S\u00e1nchez"],"articleSection":["Punts clau del dia (ES)"],"inLanguage":"es","potentialAction":[{"@type":"CommentAction","name":"Comment","target":["https:\/\/conversesacatalunya.cat\/es\/anomalia-espanola-silencio-bruselas\/#respond"]}]},{"@type":"WebPage","@id":"https:\/\/conversesacatalunya.cat\/es\/anomalia-espanola-silencio-bruselas\/","url":"https:\/\/conversesacatalunya.cat\/es\/anomalia-espanola-silencio-bruselas\/","name":"La anomal\u00eda espa\u00f1ola: el silencio inexplicable de Bruselas ante un gobierno sin presupuestos ni capacidad para gobernar - Converses a Catalunya","isPartOf":{"@id":"https:\/\/conversesacatalunya.cat\/#website"},"primaryImageOfPage":{"@id":"https:\/\/conversesacatalunya.cat\/es\/anomalia-espanola-silencio-bruselas\/#primaryimage"},"image":{"@id":"https:\/\/conversesacatalunya.cat\/es\/anomalia-espanola-silencio-bruselas\/#primaryimage"},"thumbnailUrl":"https:\/\/conversesacatalunya.cat\/wp-content\/uploads\/2025\/12\/europa-1.jpg","datePublished":"2025-12-15T04:00:30+00:00","dateModified":"2025-12-15T11:17:16+00:00","author":{"@id":"https:\/\/conversesacatalunya.cat\/#\/schema\/person\/311d0bf53def217d5124c78a7bc42275"},"description":"Espa\u00f1a acumula tres a\u00f1os sin presupuestos, esc\u00e1ndalos y gobierno por decreto mientras la Uni\u00f3n Europa mira hacia otro lado.","breadcrumb":{"@id":"https:\/\/conversesacatalunya.cat\/es\/anomalia-espanola-silencio-bruselas\/#breadcrumb"},"inLanguage":"es","potentialAction":[{"@type":"ReadAction","target":["https:\/\/conversesacatalunya.cat\/es\/anomalia-espanola-silencio-bruselas\/"]}]},{"@type":"ImageObject","inLanguage":"es","@id":"https:\/\/conversesacatalunya.cat\/es\/anomalia-espanola-silencio-bruselas\/#primaryimage","url":"https:\/\/conversesacatalunya.cat\/wp-content\/uploads\/2025\/12\/europa-1.jpg","contentUrl":"https:\/\/conversesacatalunya.cat\/wp-content\/uploads\/2025\/12\/europa-1.jpg","width":1280,"height":853,"caption":"Tres a\u00f1os sin presupuestos"},{"@type":"BreadcrumbList","@id":"https:\/\/conversesacatalunya.cat\/es\/anomalia-espanola-silencio-bruselas\/#breadcrumb","itemListElement":[{"@type":"ListItem","position":1,"name":"Inici","item":"https:\/\/conversesacatalunya.cat\/es\/"},{"@type":"ListItem","position":2,"name":"La anomal\u00eda espa\u00f1ola: el silencio inexplicable de Bruselas ante un gobierno sin presupuestos ni capacidad para gobernar"}]},{"@type":"WebSite","@id":"https:\/\/conversesacatalunya.cat\/#website","url":"https:\/\/conversesacatalunya.cat\/","name":"Converses a Catalunya","description":"","potentialAction":[{"@type":"SearchAction","target":{"@type":"EntryPoint","urlTemplate":"https:\/\/conversesacatalunya.cat\/?s={search_term_string}"},"query-input":{"@type":"PropertyValueSpecification","valueRequired":true,"valueName":"search_term_string"}}],"inLanguage":"es"},{"@type":"Person","@id":"https:\/\/conversesacatalunya.cat\/#\/schema\/person\/311d0bf53def217d5124c78a7bc42275","name":"Joan Masip","image":{"@type":"ImageObject","inLanguage":"es","@id":"https:\/\/conversesacatalunya.cat\/#\/schema\/person\/image\/","url":"https:\/\/conversesacatalunya.cat\/wp-content\/litespeed\/avatar\/fa67b994763cff7d443f54b63ec96481.jpg?ver=1777372547","contentUrl":"https:\/\/conversesacatalunya.cat\/wp-content\/litespeed\/avatar\/fa67b994763cff7d443f54b63ec96481.jpg?ver=1777372547","caption":"Joan Masip"},"url":"https:\/\/conversesacatalunya.cat\/es\/author\/joan-masip\/"}]}},"wps_subtitle":"Europa necesita demostrar que sus valores fundacionales no dependen de quien gobierne, sino de la calidad de la democracia que dice defender.","_links":{"self":[{"href":"https:\/\/conversesacatalunya.cat\/es\/wp-json\/wp\/v2\/posts\/94703","targetHints":{"allow":["GET"]}}],"collection":[{"href":"https:\/\/conversesacatalunya.cat\/es\/wp-json\/wp\/v2\/posts"}],"about":[{"href":"https:\/\/conversesacatalunya.cat\/es\/wp-json\/wp\/v2\/types\/post"}],"author":[{"embeddable":true,"href":"https:\/\/conversesacatalunya.cat\/es\/wp-json\/wp\/v2\/users\/78"}],"replies":[{"embeddable":true,"href":"https:\/\/conversesacatalunya.cat\/es\/wp-json\/wp\/v2\/comments?post=94703"}],"version-history":[{"count":5,"href":"https:\/\/conversesacatalunya.cat\/es\/wp-json\/wp\/v2\/posts\/94703\/revisions"}],"predecessor-version":[{"id":94785,"href":"https:\/\/conversesacatalunya.cat\/es\/wp-json\/wp\/v2\/posts\/94703\/revisions\/94785"}],"wp:featuredmedia":[{"embeddable":true,"href":"https:\/\/conversesacatalunya.cat\/es\/wp-json\/wp\/v2\/media\/94687"}],"wp:attachment":[{"href":"https:\/\/conversesacatalunya.cat\/es\/wp-json\/wp\/v2\/media?parent=94703"}],"wp:term":[{"taxonomy":"category","embeddable":true,"href":"https:\/\/conversesacatalunya.cat\/es\/wp-json\/wp\/v2\/categories?post=94703"},{"taxonomy":"post_tag","embeddable":true,"href":"https:\/\/conversesacatalunya.cat\/es\/wp-json\/wp\/v2\/tags?post=94703"}],"curies":[{"name":"wp","href":"https:\/\/api.w.org\/{rel}","templated":true}]}}