{"id":94669,"date":"2025-12-12T06:35:55","date_gmt":"2025-12-12T05:35:55","guid":{"rendered":"https:\/\/conversesacatalunya.cat\/?p=94669"},"modified":"2025-12-12T06:55:57","modified_gmt":"2025-12-12T05:55:57","slug":"pesebre-insurgente-navidad-municipalmente-cancelada","status":"publish","type":"post","link":"https:\/\/conversesacatalunya.cat\/es\/pesebre-insurgente-navidad-municipalmente-cancelada\/","title":{"rendered":"El pesebre insurgente: cr\u00f3nica ir\u00f3nica de una Navidad municipalmente cancelada"},"content":{"rendered":"<p><span dir=\"auto\"><span class=\"VIpgJd-yAWNEb-VIpgJd-fmcmS-sn54Q\" dir=\"auto\">En Barcelona existen fenomenolog\u00edas que solo las puede contar un fil\u00f3sofo suizo o un poeta muy bien desayunado. Una de estas es la sorprendente capacidad de<span>\u00a0<\/span><\/span><\/span><strong><span dir=\"auto\"><span class=\"VIpgJd-yAWNEb-VIpgJd-fmcmS-sn54Q\" dir=\"auto\">nuestros gobernantes<\/span><\/span><\/strong><span dir=\"auto\"><span class=\"VIpgJd-yAWNEb-VIpgJd-fmcmS-sn54Q\" dir=\"auto\"><span>\u00a0<\/span>para<span>\u00a0<\/span><\/span><\/span><strong><span dir=\"auto\"><span class=\"VIpgJd-yAWNEb-VIpgJd-fmcmS-sn54Q\" dir=\"auto\">complicar lo sencillo.<\/span><\/span><\/strong><span dir=\"auto\"><span class=\"VIpgJd-yAWNEb-VIpgJd-fmcmS-sn54Q\" dir=\"auto\">\u00a0Navidad, por ejemplo. Que un pa\u00eds civilizado sea incapaz de poner un pesebre \u2014una operaci\u00f3n que ya dominaban los capuchinos en el siglo XVIII con una mano atada a la espalda\u2014 supera a todas las escuelas del pensamiento pol\u00edtico moderno.<\/span><\/span><\/p>\n<p><strong><span dir=\"auto\"><span class=\"VIpgJd-yAWNEb-VIpgJd-fmcmS-sn54Q\" dir=\"auto\">Pero aqu\u00ed estamos, otro a\u00f1o, discutiendo si es constitucional, \u00e9tico o demasiado tradicional colocar a un Ni\u00f1o Jes\u00fas en la plaza Sant Jaume. Entre nosotros: una ciudad que tolera esculturas de dimensiones ol\u00edmpicas que nadie ha entendido nunca, puede tolerar un pesebre. Pero parece que esto, en tiempos de Collboni, es pedir demasiado.<\/span><\/span><\/strong><\/p>\n<p><span dir=\"auto\">La cosa tiene un punto de sainete. El alcalde, que ha recibido Barcelona como quien recibe un reloj de bolsillo y no sabe manejarlo, ha decidido repetir el experimento del a\u00f1o pasado:<span>\u00a0<\/span><\/span><strong><span dir=\"auto\">eliminaci\u00f3n del pesebre municipal de la plaza Sant Jaume,<\/span><\/strong><span dir=\"auto\">\u00a0ese invento antiguo y profundamente reaccionario que hab\u00eda sobrevivido a guerras, alcald\u00edas, crisis, planes Cerd\u00e0 y urbanismos medioambientales. El pesebre era, dig\u00e1moslo claro, un elemento muy grave para el orden p\u00fablico: estaba quieto, decoraba, hac\u00eda ilusi\u00f3n a los ni\u00f1os, no insultaba a nadie\u2026 un aut\u00e9ntico peligro.<\/span><\/p>\n<p><span dir=\"auto\"><span class=\"VIpgJd-yAWNEb-VIpgJd-fmcmS-sn54Q\" dir=\"auto\">Sus predecesores socialistas \u2014m\u00e1s de uno perfectamente laico, moderno y urbanita\u2014 no se hab\u00edan atrevido a tocar la tradici\u00f3n. Incluso<span>\u00a0<\/span><\/span><\/span><strong><span dir=\"auto\"><span class=\"VIpgJd-yAWNEb-VIpgJd-fmcmS-sn54Q\" dir=\"auto\">Ada Colau,<\/span><\/span><\/strong><span dir=\"auto\"><span class=\"VIpgJd-yAWNEb-VIpgJd-fmcmS-sn54Q\" dir=\"auto\">\u00a0que practic\u00f3 un cierto \u201ccomecuras municipal\u201d y reform\u00f3 el pesebre hasta hacerlo irreconocible (un pastorcillo podr\u00eda confundirse con un contenedor selectivo),<span>\u00a0<\/span><\/span><\/span><strong><span dir=\"auto\"><span class=\"VIpgJd-yAWNEb-VIpgJd-fmcmS-sn54Q\" dir=\"auto\">nunca suprimi\u00f3 su presencia p\u00fablica.<\/span><\/span><\/strong><span dir=\"auto\"><span class=\"VIpgJd-yAWNEb-VIpgJd-fmcmS-sn54Q\" dir=\"auto\"> La Navidad, al fin y al cabo, no era culpable de ning\u00fan macroproyecto inmobiliario, y, por tanto, pod\u00eda tolerarse su existencia.<\/span><\/span><\/p>\n<p><span dir=\"auto\"><span class=\"VIpgJd-yAWNEb-VIpgJd-fmcmS-sn54Q\" dir=\"auto\">Collboni, sin embargo, es de una pasta m\u00e1s pura. Tiene lo que podr\u00edamos llamar<span>\u00a0<\/span><\/span><\/span><strong><span dir=\"auto\"><span class=\"VIpgJd-yAWNEb-VIpgJd-fmcmS-sn54Q\" dir=\"auto\">\u00abpurismo simb\u00f3lico\u00bb<\/span><\/span><\/strong><span dir=\"auto\"><span class=\"VIpgJd-yAWNEb-VIpgJd-fmcmS-sn54Q\" dir=\"auto\"><span>\u00a0<\/span>: eliminar todo lo que recuerde que el pa\u00eds tiene tradiciones que no han pasado por concurso p\u00fablico de dise\u00f1o. As\u00ed, el pesebre municipal, pobre, ha sido<span>\u00a0<\/span><\/span><\/span><strong><span dir=\"auto\"><span class=\"VIpgJd-yAWNEb-VIpgJd-fmcmS-sn54Q\" dir=\"auto\">enviado al interior del Ayuntamiento,<\/span><\/span><\/strong><span dir=\"auto\"><span class=\"VIpgJd-yAWNEb-VIpgJd-fmcmS-sn54Q\" dir=\"auto\"> donde probablemente lo visiten dos escuelas y el concejal de Units per Avan\u00e7ar, entre otros, que ya lo conocen de memoria. El pesebre, que hab\u00eda sido un<span>\u00a0<\/span><\/span><\/span><strong><span dir=\"auto\"><span class=\"VIpgJd-yAWNEb-VIpgJd-fmcmS-sn54Q\" dir=\"auto\">bien comunal,<\/span><\/span><\/strong><span dir=\"auto\"><span class=\"VIpgJd-yAWNEb-VIpgJd-fmcmS-sn54Q\" dir=\"auto\">\u00a0queda ahora reducido a<span>\u00a0<\/span><\/span><\/span><strong><span dir=\"auto\"><span class=\"VIpgJd-yAWNEb-VIpgJd-fmcmS-sn54Q\" dir=\"auto\">objeto confinado.<\/span><\/span><\/strong><\/p>\n<p><span dir=\"auto\">La justificaci\u00f3n es deliciosa: \u00abEs que hacemos uno muy bonito dentro.\u00bb Perfecto. \u00bfY qu\u00e9? La esencia del pesebre no es la belleza, sino<span>\u00a0<\/span><\/span><strong><span dir=\"auto\">la visibilidad.<\/span><\/strong><span dir=\"auto\">\u00a0Un pesebre es un faro cultural: pasas por delante y, quieras o no, te recuerda que existe una tradici\u00f3n. Y como las tradiciones est\u00e1n de baja en el Ayuntamiento,<span>\u00a0<\/span><\/span><strong><span dir=\"auto\">hay que encerrarlas.<\/span><\/strong><\/p>\n<p><img fetchpriority=\"high\" decoding=\"async\" class=\"alignnone wp-image-94070 size-full\" src=\"https:\/\/conversesacatalunya.cat\/wp-content\/uploads\/2025\/11\/Belen-castella.jpg\" alt=\"Pesebre plaza sant Jaume\" width=\"634\" height=\"356\" srcset=\"https:\/\/conversesacatalunya.cat\/wp-content\/uploads\/2025\/11\/Belen-castella.jpg 634w, https:\/\/conversesacatalunya.cat\/wp-content\/uploads\/2025\/11\/Belen-castella-300x168.jpg 300w\" sizes=\"(max-width: 634px) 100vw, 634px\" \/><\/p>\n<h5><strong><span dir=\"auto\">Pero Barcelona, \u200b\u200bque quiz\u00e1 no sabe elegir a alcaldes, s\u00ed sabe organizarse.<\/span><\/strong><\/h5>\n<p><span dir=\"auto\"><span class=\"VIpgJd-yAWNEb-VIpgJd-fmcmS-sn54Q\" dir=\"auto\">Las entidades ciudadanas han propuesto algo brillante:<span>\u00a0<\/span><\/span><\/span><strong><span dir=\"auto\"><span class=\"VIpgJd-yAWNEb-VIpgJd-fmcmS-sn54Q\" dir=\"auto\">que cada uno lleve una figurita de su pesebre particular a la plaza Sant Jaume,<\/span><\/span><\/strong><span dir=\"auto\"><span class=\"VIpgJd-yAWNEb-VIpgJd-fmcmS-sn54Q\" dir=\"auto\"><span>\u00a0<\/span><\/span><\/span><strong><span dir=\"auto\"><span class=\"VIpgJd-yAWNEb-VIpgJd-fmcmS-sn54Q\" dir=\"auto\">el domingo 14 de diciembre, a las cinco de la tarde.<\/span><\/span><\/strong><span dir=\"auto\"><span class=\"VIpgJd-yAWNEb-VIpgJd-fmcmS-sn54Q\" dir=\"auto\"><span>\u00a0<\/span>De esta forma tendremos el primer<span>\u00a0<\/span><\/span><\/span><strong><span dir=\"auto\"><span class=\"VIpgJd-yAWNEb-VIpgJd-fmcmS-sn54Q\" dir=\"auto\">pesebre colectivo de resistencia c\u00edvica,<\/span><\/span><\/strong><span dir=\"auto\"><span class=\"VIpgJd-yAWNEb-VIpgJd-fmcmS-sn54Q\" dir=\"auto\">\u00a0una especie de Wikipedia navide\u00f1a hecha con pastores, burros, camellos y alg\u00fan caganer de l\u00edneas modernas.<\/span><\/span><\/p>\n<p><span dir=\"auto\">Esto, francamente, Pla lo habr\u00eda celebrado: la imaginaci\u00f3n popular corrigiendo la \u00abmodernidad\u00bb municipal.<\/span><\/p>\n<p><span dir=\"auto\"><span class=\"VIpgJd-yAWNEb-VIpgJd-fmcmS-sn54Q\" dir=\"auto\">Adem\u00e1s, el Ayuntamiento, obsesionado con las luces, ha perpetrado una segunda obra de ingenio:<span>\u00a0<\/span><\/span><\/span><strong><span dir=\"auto\"><span class=\"VIpgJd-yAWNEb-VIpgJd-fmcmS-sn54Q\" dir=\"auto\">las palabras \u201cFeliz Navidad\u201d han desaparecido de la ciudad.<\/span><\/span><\/strong><span dir=\"auto\"><span class=\"VIpgJd-yAWNEb-VIpgJd-fmcmS-sn54Q\" dir=\"auto\"><span>\u00a0<\/span>Ni una. Tenemos \u201cFelices Fiestas\u201d, tenemos luces que dibujan \u201cBarcelona\u201d por si alg\u00fan turista desorientado no se hab\u00eda dado cuenta d\u00f3nde estaba, y tenemos frases filos\u00f3ficas que har\u00edan llorar un sem\u00e1foro. Pero<span>\u00a0<\/span><\/span><\/span><strong><span dir=\"auto\"><span class=\"VIpgJd-yAWNEb-VIpgJd-fmcmS-sn54Q\" dir=\"auto\">Navidad, ni rastro.<\/span><\/span><\/strong><span dir=\"auto\"><span class=\"VIpgJd-yAWNEb-VIpgJd-fmcmS-sn54Q\" dir=\"auto\">\u00a0La palabra debe ser demasiado expl\u00edcita. Demasiado cultural. Demasiada catalana, e incluso demasiado cristiana.<\/span><\/span><\/p>\n<p><strong><span dir=\"auto\">La sustituci\u00f3n simb\u00f3lica es clara:<\/span><\/strong><\/p>\n<p><span dir=\"auto\">\u2022<span>\u00a0<\/span><\/span><strong><span dir=\"auto\">la luz sustituye el sentido,<\/span><\/strong><br \/>\n<span dir=\"auto\">\u2022<span>\u00a0<\/span><\/span><strong><span dir=\"auto\">el consumo sustituye a la tradici\u00f3n,<\/span><\/strong><br \/>\n<span dir=\"auto\">\u2022<span>\u00a0<\/span><\/span><strong><span dir=\"auto\">y la ciudad sustituye su memoria por decoraci\u00f3n LED.<\/span><\/strong><\/p>\n<p><span dir=\"auto\">Este fen\u00f3meno no es anecd\u00f3tico. Tiene ra\u00edces profundas en la crisis cultural catalana. En una Barcelona donde solo<span>\u00a0<\/span><\/span><strong><span dir=\"auto\">una cuarta parte<\/span><\/strong><span dir=\"auto\"><span>\u00a0<\/span>de sus habitantes tiene el catal\u00e1n como primera lengua, y en una Catalu\u00f1a que apenas llega a una tercera parte,<span>\u00a0<\/span><\/span><strong><span dir=\"auto\">los s\u00edmbolos culturales deber\u00edan ser m\u00e1s visibles que nunca.<\/span><\/strong><span dir=\"auto\"> El pesebre no es solo religi\u00f3n: es transmisi\u00f3n, es continuidad, es una de esas cosas que explican el pa\u00eds mejor que una enciclopedia.<\/span><\/p>\n<p><span dir=\"auto\">Por eso la desaparici\u00f3n del pesebre p\u00fablico no es solo un capricho municipal:<span>\u00a0<\/span><\/span><strong><span dir=\"auto\">es una operaci\u00f3n de desconexi\u00f3n cultural.<\/span><\/strong><span dir=\"auto\"> Y Collboni, sobresale. Sus pol\u00edticas navide\u00f1as equivalen a dejar la ciudad sin espejo, o con un espejo que solo refleja LED y tarjetas de cr\u00e9dito.<\/span><\/p>\n<p><span dir=\"auto\"><span class=\"VIpgJd-yAWNEb-VIpgJd-fmcmS-sn54Q\" dir=\"auto\">La pregunta final es sencilla:<\/span><\/span><\/p>\n<p><strong><span dir=\"auto\">\u00bfQu\u00e9 queda de una ciudad que borra sus propias tradiciones?<\/span><\/strong><\/p>\n<p><span dir=\"auto\">La respuesta es igual de sencilla:<\/span><\/p>\n<p><strong><span dir=\"auto\">Una ciudad que no sabe qui\u00e9n es, ni lo que celebra.<\/span><\/strong><span dir=\"auto\"><span>\u00a0<\/span>Y da pie a una tercera cuesti\u00f3n.<\/span><strong><span dir=\"auto\"> \u00bfY en estas condiciones cu\u00e1l es su futuro?<\/span><\/strong><\/p>\n<p><span dir=\"auto\">Y por eso los ciudadanos vuelven, literalmente, al pesebre. No por costumbrismo, sino por dignidad cultural. No por nostalgia, sino por supervivencia. Y porque, al fin y al cabo, ante un poder municipal que se piensa en \u201cwoke\u201d para suprimir un bel\u00e9n, lo mejor que puede hacer el pueblo es<span>\u00a0<\/span><\/span><strong><span dir=\"auto\">re\u00edr, llevar una figurita y recordarle que hay tradiciones que no se eliminan ni con decreto ni con luces de colores.<\/span><\/strong><\/p>\n<p><span dir=\"auto\">Cuando el sentido com\u00fan falla en la pol\u00edtica,<span>\u00a0<\/span><\/span><strong><span dir=\"auto\">el pueblo saca el pesebre a la calle.<\/span><\/strong><\/p>\n<p><a href=\"https:\/\/conversesacatalunya.cat\/es\/collboni-se-gasta-un-cuarto-de-milion-de-euros-en-su-guerra-contra-el-pesebre-de-la-plaza-de-sant-jaume\/\" target=\"_blank\" rel=\"noopener\"><strong><span dir=\"auto\"><span class=\"VIpgJd-yAWNEb-VIpgJd-fmcmS-sn54Q\" dir=\"auto\">El d\u00eda 14 a las cinco de la tarde todos hacemos el bel\u00e9n con nuestra figurita en la Plaza Sant Jaume.<\/span><\/span><\/strong><\/a><\/p>\n<span class='bctt-click-to-tweet'><span class='bctt-ctt-text'><a href='https:\/\/twitter.com\/intent\/tweet?url=https%3A%2F%2Fconversesacatalunya.cat%2Fes%2Fpesebre-insurgente-navidad-municipalmente-cancelada%2F&#038;text=Cuando%20el%20Ayuntamiento%20elimina%20el%20pesebre%2C%20la%20ciudad%20levanta%20uno%20mayor.%20%23Navidad%20%23Barcelona%20%23Tradici%C3%B3n&#038;via=conversesacat&#038;related=conversesacat' target='_blank'rel=\"noopener noreferrer\">Cuando el Ayuntamiento elimina el pesebre, la ciudad levanta uno mayor. #Navidad #Barcelona #Tradici\u00f3n <\/a><\/span><a href='https:\/\/twitter.com\/intent\/tweet?url=https%3A%2F%2Fconversesacatalunya.cat%2Fes%2Fpesebre-insurgente-navidad-municipalmente-cancelada%2F&#038;text=Cuando%20el%20Ayuntamiento%20elimina%20el%20pesebre%2C%20la%20ciudad%20levanta%20uno%20mayor.%20%23Navidad%20%23Barcelona%20%23Tradici%C3%B3n&#038;via=conversesacat&#038;related=conversesacat' target='_blank' class='bctt-ctt-btn'rel=\"noopener noreferrer\">Compartir en X<\/a><\/span>\n<div id=\"polls-307\" class=\"wp-polls\">\n\t<form id=\"polls_form_307\" class=\"wp-polls-form\" action=\"\/index.php\" method=\"post\">\n\t\t<p style=\"display: none;\"><input type=\"hidden\" id=\"poll_307_nonce\" name=\"wp-polls-nonce\" value=\"174919aec7\" \/><\/p>\n\t\t<p style=\"display: none;\"><input type=\"hidden\" name=\"poll_id\" value=\"307\" \/><\/p>\n\t\t<p style=\"text-align: center\"><strong>Pot repercutir d'una manera important a la UE el que formula el recent document d'Estrat\u00e8gia Exterior dels EUA que cont\u00e9 una forta cr\u00edtica a Europa?<\/strong><\/p><div id=\"polls-307-ans\" class=\"wp-polls-ans\"><ul class=\"wp-polls-ul\">\n\t\t<li><input type=\"radio\" id=\"poll-answer-878\" name=\"poll_307\" value=\"878\" \/> <label for=\"poll-answer-878\">S\u00ed<\/label><\/li>\n\t\t<li><input type=\"radio\" id=\"poll-answer-879\" name=\"poll_307\" value=\"879\" \/> <label for=\"poll-answer-879\">No<\/label><\/li>\n\t\t<li><input type=\"radio\" id=\"poll-answer-880\" name=\"poll_307\" value=\"880\" \/> <label for=\"poll-answer-880\">No ho s\u00e9<\/label><\/li>\n\t\t<\/ul><p style=\"text-align: center\"><input type=\"button\" name=\"vote\" value=\"   Vota   \" class=\"Buttons\" onclick=\"poll_vote(307);\" \/><\/p><p style=\"text-align: center\"><a href=\"#ViewPollResults\" onclick=\"poll_result(307); return false;\" title=\"View Results Of This Poll\">Mira els resultats<\/a><\/p><\/div>\n\t<\/form>\n<\/div>\n<div id=\"polls-307-loading\" class=\"wp-polls-loading\"><img decoding=\"async\" data-src=\"https:\/\/conversesacatalunya.cat\/wp-content\/plugins\/wp-polls\/images\/loading.gif\" width=\"16\" height=\"16\" alt=\"Cargando ...\" title=\"Cargando ...\" class=\"wp-polls-image lazyload\" src=\"data:image\/svg+xml;base64,PHN2ZyB3aWR0aD0iMSIgaGVpZ2h0PSIxIiB4bWxucz0iaHR0cDovL3d3dy53My5vcmcvMjAwMC9zdmciPjwvc3ZnPg==\" style=\"--smush-placeholder-width: 16px; --smush-placeholder-aspect-ratio: 16\/16;\" \/>&nbsp;Cargando ...<\/div>\n\n","protected":false},"excerpt":{"rendered":"<p>En Barcelona existen fenomenolog\u00edas que solo las puede contar un fil\u00f3sofo suizo o un poeta muy bien desayunado. Una de estas es la sorprendente capacidad de\u00a0nuestros gobernantes\u00a0para\u00a0complicar lo sencillo.\u00a0Navidad, por ejemplo. Que un pa\u00eds civilizado sea incapaz de poner un pesebre \u2014una operaci\u00f3n que ya dominaban los capuchinos en el siglo XVIII con una mano atada a la espalda\u2014 supera a todas las escuelas del pensamiento pol\u00edtico moderno. Pero aqu\u00ed estamos, otro a\u00f1o, discutiendo si es constitucional, \u00e9tico o demasiado tradicional colocar a un Ni\u00f1o Jes\u00fas en la plaza Sant Jaume. Entre nosotros: una ciudad que tolera esculturas de dimensiones ol\u00edmpicas que nadie ha entendido nunca, puede tolerar un pesebre. Pero parece que esto, en tiempos de Collboni, es pedir demasiado. La cosa tiene un punto de sainete. El alcalde, que ha recibido Barcelona como quien recibe un reloj de bolsillo y no sabe manejarlo, ha decidido repetir el experimento del a\u00f1o pasado:\u00a0eliminaci\u00f3n del pesebre municipal de la plaza Sant Jaume,\u00a0ese invento antiguo y profundamente reaccionario que hab\u00eda sobrevivido a guerras, alcald\u00edas, crisis, planes Cerd\u00e0 y urbanismos medioambientales. El pesebre era, dig\u00e1moslo claro, un elemento muy grave para el orden p\u00fablico: estaba quieto, decoraba, hac\u00eda ilusi\u00f3n a los ni\u00f1os, no insultaba a nadie\u2026 un aut\u00e9ntico peligro. Sus predecesores socialistas \u2014m\u00e1s de uno perfectamente laico, moderno y urbanita\u2014 no se hab\u00edan atrevido a tocar la tradici\u00f3n. Incluso\u00a0Ada Colau,\u00a0que practic\u00f3 un cierto \u201ccomecuras municipal\u201d y reform\u00f3 el pesebre hasta hacerlo irreconocible (un pastorcillo podr\u00eda confundirse con un contenedor selectivo),\u00a0nunca suprimi\u00f3 su presencia p\u00fablica. La Navidad, al fin y al cabo, no era culpable de ning\u00fan macroproyecto inmobiliario, y, por tanto, pod\u00eda tolerarse su existencia. Collboni, sin embargo, es de una pasta m\u00e1s pura. Tiene lo que podr\u00edamos llamar\u00a0\u00abpurismo simb\u00f3lico\u00bb\u00a0: eliminar todo lo que recuerde que el pa\u00eds tiene tradiciones que no han pasado por concurso p\u00fablico de dise\u00f1o. As\u00ed, el pesebre municipal, pobre, ha sido\u00a0enviado al interior del Ayuntamiento, donde probablemente lo visiten dos escuelas y el concejal de Units per Avan\u00e7ar, entre otros, que ya lo conocen de memoria. El pesebre, que hab\u00eda sido un\u00a0bien comunal,\u00a0queda ahora reducido a\u00a0objeto confinado. La justificaci\u00f3n es deliciosa: \u00abEs que hacemos uno muy bonito dentro.\u00bb Perfecto. \u00bfY qu\u00e9? La esencia del pesebre no es la belleza, sino\u00a0la visibilidad.\u00a0Un pesebre es un faro cultural: pasas por delante y, quieras o no, te recuerda que existe una tradici\u00f3n. Y como las tradiciones est\u00e1n de baja en el Ayuntamiento,\u00a0hay que encerrarlas. Pero Barcelona, \u200b\u200bque quiz\u00e1 no sabe elegir a alcaldes, s\u00ed sabe organizarse. Las entidades ciudadanas han propuesto algo brillante:\u00a0que cada uno lleve una figurita de su pesebre particular a la plaza Sant Jaume,\u00a0el domingo 14 de diciembre, a las cinco de la tarde.\u00a0De esta forma tendremos el primer\u00a0pesebre colectivo de resistencia c\u00edvica,\u00a0una especie de Wikipedia navide\u00f1a hecha con pastores, burros, camellos y alg\u00fan caganer de l\u00edneas modernas. Esto, francamente, Pla lo habr\u00eda celebrado: la imaginaci\u00f3n popular corrigiendo la \u00abmodernidad\u00bb municipal. Adem\u00e1s, el Ayuntamiento, obsesionado con las luces, ha perpetrado una segunda obra de ingenio:\u00a0las palabras \u201cFeliz Navidad\u201d han desaparecido de la ciudad.\u00a0Ni una. Tenemos \u201cFelices Fiestas\u201d, tenemos luces que dibujan \u201cBarcelona\u201d por si alg\u00fan turista desorientado no se hab\u00eda dado cuenta d\u00f3nde estaba, y tenemos frases filos\u00f3ficas que har\u00edan llorar un sem\u00e1foro. Pero\u00a0Navidad, ni rastro.\u00a0La palabra debe ser demasiado expl\u00edcita. Demasiado cultural. Demasiada catalana, e incluso demasiado cristiana. La sustituci\u00f3n simb\u00f3lica es clara: \u2022\u00a0la luz sustituye el sentido, \u2022\u00a0el consumo sustituye a la tradici\u00f3n, \u2022\u00a0y la ciudad sustituye su memoria por decoraci\u00f3n LED. Este fen\u00f3meno no es anecd\u00f3tico. Tiene ra\u00edces profundas en la crisis cultural catalana. En una Barcelona donde solo\u00a0una cuarta parte\u00a0de sus habitantes tiene el catal\u00e1n como primera lengua, y en una Catalu\u00f1a que apenas llega a una tercera parte,\u00a0los s\u00edmbolos culturales deber\u00edan ser m\u00e1s visibles que nunca. El pesebre no es solo religi\u00f3n: es transmisi\u00f3n, es continuidad, es una de esas cosas que explican el pa\u00eds mejor que una enciclopedia. Por eso la desaparici\u00f3n del pesebre p\u00fablico no es solo un capricho municipal:\u00a0es una operaci\u00f3n de desconexi\u00f3n cultural. Y Collboni, sobresale. Sus pol\u00edticas navide\u00f1as equivalen a dejar la ciudad sin espejo, o con un espejo que solo refleja LED y tarjetas de cr\u00e9dito. La pregunta final es sencilla: \u00bfQu\u00e9 queda de una ciudad que borra sus propias tradiciones? La respuesta es igual de sencilla: Una ciudad que no sabe qui\u00e9n es, ni lo que celebra.\u00a0Y da pie a una tercera cuesti\u00f3n. \u00bfY en estas condiciones cu\u00e1l es su futuro? Y por eso los ciudadanos vuelven, literalmente, al pesebre. No por costumbrismo, sino por dignidad cultural. No por nostalgia, sino por supervivencia. Y porque, al fin y al cabo, ante un poder municipal que se piensa en \u201cwoke\u201d para suprimir un bel\u00e9n, lo mejor que puede hacer el pueblo es\u00a0re\u00edr, llevar una figurita y recordarle que hay tradiciones que no se eliminan ni con decreto ni con luces de colores. Cuando el sentido com\u00fan falla en la pol\u00edtica,\u00a0el pueblo saca el pesebre a la calle. El d\u00eda 14 a las cinco de la tarde todos hacemos el bel\u00e9n con nuestra figurita en la Plaza Sant Jaume.<\/p>\n","protected":false},"author":81,"featured_media":94667,"comment_status":"open","ping_status":"open","sticky":false,"template":"","format":"standard","meta":{"_FSMCFIC_featured_image_caption":"","_FSMCFIC_featured_image_nocaption":"","_FSMCFIC_featured_image_hide":"","footnotes":""},"categories":[806],"tags":[3194,1044],"class_list":["post-94669","post","type-post","status-publish","format-standard","has-post-thumbnail","hentry","category-punts-claus-del-dia-es","tag-pesebre","tag-pessebre-es"],"yoast_head":"<!-- This site is optimized with the Yoast SEO plugin v26.8 - https:\/\/yoast.com\/product\/yoast-seo-wordpress\/ -->\n<title>El pesebre insurgente: cr\u00f3nica ir\u00f3nica de una Navidad municipalmente cancelada - Converses a Catalunya<\/title>\n<meta name=\"description\" content=\"El alcalde de Barcelona ha decidido repetir el experimento del pasado a\u00f1o: eliminaci\u00f3n del pesebre municipal de la plaza Sant Jaume.\" \/>\n<meta name=\"robots\" content=\"index, follow, max-snippet:-1, max-image-preview:large, max-video-preview:-1\" \/>\n<link rel=\"canonical\" href=\"https:\/\/conversesacatalunya.cat\/es\/pesebre-insurgente-navidad-municipalmente-cancelada\/\" \/>\n<meta property=\"og:locale\" content=\"es_ES\" \/>\n<meta property=\"og:type\" content=\"article\" \/>\n<meta property=\"og:title\" content=\"El pesebre insurgente: cr\u00f3nica ir\u00f3nica de una Navidad municipalmente cancelada - Converses a Catalunya\" \/>\n<meta property=\"og:description\" content=\"El alcalde de Barcelona ha decidido repetir el experimento del pasado a\u00f1o: eliminaci\u00f3n del pesebre municipal de la plaza Sant Jaume.\" \/>\n<meta property=\"og:url\" content=\"https:\/\/conversesacatalunya.cat\/es\/pesebre-insurgente-navidad-municipalmente-cancelada\/\" \/>\n<meta property=\"og:site_name\" content=\"Converses a Catalunya\" \/>\n<meta property=\"article:published_time\" content=\"2025-12-12T05:35:55+00:00\" \/>\n<meta property=\"article:modified_time\" content=\"2025-12-12T05:55:57+00:00\" \/>\n<meta property=\"og:image\" content=\"https:\/\/conversesacatalunya.cat\/wp-content\/uploads\/2025\/12\/pessebre.jpg\" \/>\n\t<meta property=\"og:image:width\" content=\"640\" \/>\n\t<meta property=\"og:image:height\" content=\"427\" \/>\n\t<meta property=\"og:image:type\" content=\"image\/jpeg\" \/>\n<meta name=\"author\" content=\"Emili Clos\" \/>\n<meta name=\"twitter:card\" content=\"summary_large_image\" \/>\n<meta name=\"twitter:label1\" content=\"Escrito por\" \/>\n\t<meta name=\"twitter:data1\" content=\"Emili Clos\" \/>\n\t<meta name=\"twitter:label2\" content=\"Tiempo de lectura\" \/>\n\t<meta name=\"twitter:data2\" content=\"5 minutos\" \/>\n<script type=\"application\/ld+json\" class=\"yoast-schema-graph\">{\"@context\":\"https:\/\/schema.org\",\"@graph\":[{\"@type\":\"Article\",\"@id\":\"https:\/\/conversesacatalunya.cat\/es\/pesebre-insurgente-navidad-municipalmente-cancelada\/#article\",\"isPartOf\":{\"@id\":\"https:\/\/conversesacatalunya.cat\/es\/pesebre-insurgente-navidad-municipalmente-cancelada\/\"},\"author\":{\"name\":\"Emili Clos\",\"@id\":\"https:\/\/conversesacatalunya.cat\/#\/schema\/person\/46306de4129bccb959ed5e1720c4e3e7\"},\"headline\":\"El pesebre insurgente: cr\u00f3nica ir\u00f3nica de una Navidad municipalmente cancelada\",\"datePublished\":\"2025-12-12T05:35:55+00:00\",\"dateModified\":\"2025-12-12T05:55:57+00:00\",\"mainEntityOfPage\":{\"@id\":\"https:\/\/conversesacatalunya.cat\/es\/pesebre-insurgente-navidad-municipalmente-cancelada\/\"},\"wordCount\":987,\"commentCount\":0,\"image\":{\"@id\":\"https:\/\/conversesacatalunya.cat\/es\/pesebre-insurgente-navidad-municipalmente-cancelada\/#primaryimage\"},\"thumbnailUrl\":\"https:\/\/conversesacatalunya.cat\/wp-content\/uploads\/2025\/12\/pessebre.jpg\",\"keywords\":[\"Pesebre\",\"pessebre\"],\"articleSection\":[\"Punts clau del dia (ES)\"],\"inLanguage\":\"es\",\"potentialAction\":[{\"@type\":\"CommentAction\",\"name\":\"Comment\",\"target\":[\"https:\/\/conversesacatalunya.cat\/es\/pesebre-insurgente-navidad-municipalmente-cancelada\/#respond\"]}]},{\"@type\":\"WebPage\",\"@id\":\"https:\/\/conversesacatalunya.cat\/es\/pesebre-insurgente-navidad-municipalmente-cancelada\/\",\"url\":\"https:\/\/conversesacatalunya.cat\/es\/pesebre-insurgente-navidad-municipalmente-cancelada\/\",\"name\":\"El pesebre insurgente: cr\u00f3nica ir\u00f3nica de una Navidad municipalmente cancelada - Converses a Catalunya\",\"isPartOf\":{\"@id\":\"https:\/\/conversesacatalunya.cat\/#website\"},\"primaryImageOfPage\":{\"@id\":\"https:\/\/conversesacatalunya.cat\/es\/pesebre-insurgente-navidad-municipalmente-cancelada\/#primaryimage\"},\"image\":{\"@id\":\"https:\/\/conversesacatalunya.cat\/es\/pesebre-insurgente-navidad-municipalmente-cancelada\/#primaryimage\"},\"thumbnailUrl\":\"https:\/\/conversesacatalunya.cat\/wp-content\/uploads\/2025\/12\/pessebre.jpg\",\"datePublished\":\"2025-12-12T05:35:55+00:00\",\"dateModified\":\"2025-12-12T05:55:57+00:00\",\"author\":{\"@id\":\"https:\/\/conversesacatalunya.cat\/#\/schema\/person\/46306de4129bccb959ed5e1720c4e3e7\"},\"description\":\"El alcalde de Barcelona ha decidido repetir el experimento del pasado a\u00f1o: eliminaci\u00f3n del pesebre municipal de la plaza Sant Jaume.\",\"breadcrumb\":{\"@id\":\"https:\/\/conversesacatalunya.cat\/es\/pesebre-insurgente-navidad-municipalmente-cancelada\/#breadcrumb\"},\"inLanguage\":\"es\",\"potentialAction\":[{\"@type\":\"ReadAction\",\"target\":[\"https:\/\/conversesacatalunya.cat\/es\/pesebre-insurgente-navidad-municipalmente-cancelada\/\"]}]},{\"@type\":\"ImageObject\",\"inLanguage\":\"es\",\"@id\":\"https:\/\/conversesacatalunya.cat\/es\/pesebre-insurgente-navidad-municipalmente-cancelada\/#primaryimage\",\"url\":\"https:\/\/conversesacatalunya.cat\/wp-content\/uploads\/2025\/12\/pessebre.jpg\",\"contentUrl\":\"https:\/\/conversesacatalunya.cat\/wp-content\/uploads\/2025\/12\/pessebre.jpg\",\"width\":640,\"height\":427,\"caption\":\"Pesebre Barcelona\"},{\"@type\":\"BreadcrumbList\",\"@id\":\"https:\/\/conversesacatalunya.cat\/es\/pesebre-insurgente-navidad-municipalmente-cancelada\/#breadcrumb\",\"itemListElement\":[{\"@type\":\"ListItem\",\"position\":1,\"name\":\"Inici\",\"item\":\"https:\/\/conversesacatalunya.cat\/es\/\"},{\"@type\":\"ListItem\",\"position\":2,\"name\":\"El pesebre insurgente: cr\u00f3nica ir\u00f3nica de una Navidad municipalmente cancelada\"}]},{\"@type\":\"WebSite\",\"@id\":\"https:\/\/conversesacatalunya.cat\/#website\",\"url\":\"https:\/\/conversesacatalunya.cat\/\",\"name\":\"Converses a Catalunya\",\"description\":\"\",\"potentialAction\":[{\"@type\":\"SearchAction\",\"target\":{\"@type\":\"EntryPoint\",\"urlTemplate\":\"https:\/\/conversesacatalunya.cat\/?s={search_term_string}\"},\"query-input\":{\"@type\":\"PropertyValueSpecification\",\"valueRequired\":true,\"valueName\":\"search_term_string\"}}],\"inLanguage\":\"es\"},{\"@type\":\"Person\",\"@id\":\"https:\/\/conversesacatalunya.cat\/#\/schema\/person\/46306de4129bccb959ed5e1720c4e3e7\",\"name\":\"Emili Clos\",\"image\":{\"@type\":\"ImageObject\",\"inLanguage\":\"es\",\"@id\":\"https:\/\/conversesacatalunya.cat\/#\/schema\/person\/image\/\",\"url\":\"https:\/\/conversesacatalunya.cat\/wp-content\/litespeed\/avatar\/a9a662bd802eed79498de818aef91cc9.jpg?ver=1777096184\",\"contentUrl\":\"https:\/\/conversesacatalunya.cat\/wp-content\/litespeed\/avatar\/a9a662bd802eed79498de818aef91cc9.jpg?ver=1777096184\",\"caption\":\"Emili Clos\"},\"url\":\"https:\/\/conversesacatalunya.cat\/es\/author\/emili_clos\/\"}]}<\/script>\n<!-- \/ Yoast SEO plugin. -->","yoast_head_json":{"title":"El pesebre insurgente: cr\u00f3nica ir\u00f3nica de una Navidad municipalmente cancelada - Converses a Catalunya","description":"El alcalde de Barcelona ha decidido repetir el experimento del pasado a\u00f1o: eliminaci\u00f3n del pesebre municipal de la plaza Sant Jaume.","robots":{"index":"index","follow":"follow","max-snippet":"max-snippet:-1","max-image-preview":"max-image-preview:large","max-video-preview":"max-video-preview:-1"},"canonical":"https:\/\/conversesacatalunya.cat\/es\/pesebre-insurgente-navidad-municipalmente-cancelada\/","og_locale":"es_ES","og_type":"article","og_title":"El pesebre insurgente: cr\u00f3nica ir\u00f3nica de una Navidad municipalmente cancelada - Converses a Catalunya","og_description":"El alcalde de Barcelona ha decidido repetir el experimento del pasado a\u00f1o: eliminaci\u00f3n del pesebre municipal de la plaza Sant Jaume.","og_url":"https:\/\/conversesacatalunya.cat\/es\/pesebre-insurgente-navidad-municipalmente-cancelada\/","og_site_name":"Converses a Catalunya","article_published_time":"2025-12-12T05:35:55+00:00","article_modified_time":"2025-12-12T05:55:57+00:00","og_image":[{"width":640,"height":427,"url":"https:\/\/conversesacatalunya.cat\/wp-content\/uploads\/2025\/12\/pessebre.jpg","type":"image\/jpeg"}],"author":"Emili Clos","twitter_card":"summary_large_image","twitter_misc":{"Escrito por":"Emili Clos","Tiempo de lectura":"5 minutos"},"schema":{"@context":"https:\/\/schema.org","@graph":[{"@type":"Article","@id":"https:\/\/conversesacatalunya.cat\/es\/pesebre-insurgente-navidad-municipalmente-cancelada\/#article","isPartOf":{"@id":"https:\/\/conversesacatalunya.cat\/es\/pesebre-insurgente-navidad-municipalmente-cancelada\/"},"author":{"name":"Emili Clos","@id":"https:\/\/conversesacatalunya.cat\/#\/schema\/person\/46306de4129bccb959ed5e1720c4e3e7"},"headline":"El pesebre insurgente: cr\u00f3nica ir\u00f3nica de una Navidad municipalmente cancelada","datePublished":"2025-12-12T05:35:55+00:00","dateModified":"2025-12-12T05:55:57+00:00","mainEntityOfPage":{"@id":"https:\/\/conversesacatalunya.cat\/es\/pesebre-insurgente-navidad-municipalmente-cancelada\/"},"wordCount":987,"commentCount":0,"image":{"@id":"https:\/\/conversesacatalunya.cat\/es\/pesebre-insurgente-navidad-municipalmente-cancelada\/#primaryimage"},"thumbnailUrl":"https:\/\/conversesacatalunya.cat\/wp-content\/uploads\/2025\/12\/pessebre.jpg","keywords":["Pesebre","pessebre"],"articleSection":["Punts clau del dia (ES)"],"inLanguage":"es","potentialAction":[{"@type":"CommentAction","name":"Comment","target":["https:\/\/conversesacatalunya.cat\/es\/pesebre-insurgente-navidad-municipalmente-cancelada\/#respond"]}]},{"@type":"WebPage","@id":"https:\/\/conversesacatalunya.cat\/es\/pesebre-insurgente-navidad-municipalmente-cancelada\/","url":"https:\/\/conversesacatalunya.cat\/es\/pesebre-insurgente-navidad-municipalmente-cancelada\/","name":"El pesebre insurgente: cr\u00f3nica ir\u00f3nica de una Navidad municipalmente cancelada - Converses a Catalunya","isPartOf":{"@id":"https:\/\/conversesacatalunya.cat\/#website"},"primaryImageOfPage":{"@id":"https:\/\/conversesacatalunya.cat\/es\/pesebre-insurgente-navidad-municipalmente-cancelada\/#primaryimage"},"image":{"@id":"https:\/\/conversesacatalunya.cat\/es\/pesebre-insurgente-navidad-municipalmente-cancelada\/#primaryimage"},"thumbnailUrl":"https:\/\/conversesacatalunya.cat\/wp-content\/uploads\/2025\/12\/pessebre.jpg","datePublished":"2025-12-12T05:35:55+00:00","dateModified":"2025-12-12T05:55:57+00:00","author":{"@id":"https:\/\/conversesacatalunya.cat\/#\/schema\/person\/46306de4129bccb959ed5e1720c4e3e7"},"description":"El alcalde de Barcelona ha decidido repetir el experimento del pasado a\u00f1o: eliminaci\u00f3n del pesebre municipal de la plaza Sant Jaume.","breadcrumb":{"@id":"https:\/\/conversesacatalunya.cat\/es\/pesebre-insurgente-navidad-municipalmente-cancelada\/#breadcrumb"},"inLanguage":"es","potentialAction":[{"@type":"ReadAction","target":["https:\/\/conversesacatalunya.cat\/es\/pesebre-insurgente-navidad-municipalmente-cancelada\/"]}]},{"@type":"ImageObject","inLanguage":"es","@id":"https:\/\/conversesacatalunya.cat\/es\/pesebre-insurgente-navidad-municipalmente-cancelada\/#primaryimage","url":"https:\/\/conversesacatalunya.cat\/wp-content\/uploads\/2025\/12\/pessebre.jpg","contentUrl":"https:\/\/conversesacatalunya.cat\/wp-content\/uploads\/2025\/12\/pessebre.jpg","width":640,"height":427,"caption":"Pesebre Barcelona"},{"@type":"BreadcrumbList","@id":"https:\/\/conversesacatalunya.cat\/es\/pesebre-insurgente-navidad-municipalmente-cancelada\/#breadcrumb","itemListElement":[{"@type":"ListItem","position":1,"name":"Inici","item":"https:\/\/conversesacatalunya.cat\/es\/"},{"@type":"ListItem","position":2,"name":"El pesebre insurgente: cr\u00f3nica ir\u00f3nica de una Navidad municipalmente cancelada"}]},{"@type":"WebSite","@id":"https:\/\/conversesacatalunya.cat\/#website","url":"https:\/\/conversesacatalunya.cat\/","name":"Converses a Catalunya","description":"","potentialAction":[{"@type":"SearchAction","target":{"@type":"EntryPoint","urlTemplate":"https:\/\/conversesacatalunya.cat\/?s={search_term_string}"},"query-input":{"@type":"PropertyValueSpecification","valueRequired":true,"valueName":"search_term_string"}}],"inLanguage":"es"},{"@type":"Person","@id":"https:\/\/conversesacatalunya.cat\/#\/schema\/person\/46306de4129bccb959ed5e1720c4e3e7","name":"Emili Clos","image":{"@type":"ImageObject","inLanguage":"es","@id":"https:\/\/conversesacatalunya.cat\/#\/schema\/person\/image\/","url":"https:\/\/conversesacatalunya.cat\/wp-content\/litespeed\/avatar\/a9a662bd802eed79498de818aef91cc9.jpg?ver=1777096184","contentUrl":"https:\/\/conversesacatalunya.cat\/wp-content\/litespeed\/avatar\/a9a662bd802eed79498de818aef91cc9.jpg?ver=1777096184","caption":"Emili Clos"},"url":"https:\/\/conversesacatalunya.cat\/es\/author\/emili_clos\/"}]}},"wps_subtitle":"Pol\u00e9mica por el pesebre en Barcelona: tradici\u00f3n, iron\u00eda y resistencia ciudadana","_links":{"self":[{"href":"https:\/\/conversesacatalunya.cat\/es\/wp-json\/wp\/v2\/posts\/94669","targetHints":{"allow":["GET"]}}],"collection":[{"href":"https:\/\/conversesacatalunya.cat\/es\/wp-json\/wp\/v2\/posts"}],"about":[{"href":"https:\/\/conversesacatalunya.cat\/es\/wp-json\/wp\/v2\/types\/post"}],"author":[{"embeddable":true,"href":"https:\/\/conversesacatalunya.cat\/es\/wp-json\/wp\/v2\/users\/81"}],"replies":[{"embeddable":true,"href":"https:\/\/conversesacatalunya.cat\/es\/wp-json\/wp\/v2\/comments?post=94669"}],"version-history":[{"count":5,"href":"https:\/\/conversesacatalunya.cat\/es\/wp-json\/wp\/v2\/posts\/94669\/revisions"}],"predecessor-version":[{"id":94675,"href":"https:\/\/conversesacatalunya.cat\/es\/wp-json\/wp\/v2\/posts\/94669\/revisions\/94675"}],"wp:featuredmedia":[{"embeddable":true,"href":"https:\/\/conversesacatalunya.cat\/es\/wp-json\/wp\/v2\/media\/94667"}],"wp:attachment":[{"href":"https:\/\/conversesacatalunya.cat\/es\/wp-json\/wp\/v2\/media?parent=94669"}],"wp:term":[{"taxonomy":"category","embeddable":true,"href":"https:\/\/conversesacatalunya.cat\/es\/wp-json\/wp\/v2\/categories?post=94669"},{"taxonomy":"post_tag","embeddable":true,"href":"https:\/\/conversesacatalunya.cat\/es\/wp-json\/wp\/v2\/tags?post=94669"}],"curies":[{"name":"wp","href":"https:\/\/api.w.org\/{rel}","templated":true}]}}