{"id":94625,"date":"2025-12-11T08:03:06","date_gmt":"2025-12-11T07:03:06","guid":{"rendered":"https:\/\/conversesacatalunya.cat\/?p=94625"},"modified":"2025-12-11T08:24:20","modified_gmt":"2025-12-11T07:24:20","slug":"el-desafio-cultural-trump-europa","status":"publish","type":"post","link":"https:\/\/conversesacatalunya.cat\/es\/el-desafio-cultural-trump-europa\/","title":{"rendered":"El desaf\u00edo cultural Trump-Europa"},"content":{"rendered":"<p><span dir=\"auto\">La declaraci\u00f3n de Donald Trump sobre la Inmaculada Concepci\u00f3n, las advertencias de JD Vance en la Conferencia de Seguridad de M\u00fanich, el reciente<span>\u00a0<\/span><\/span><a href=\"https:\/\/conversesacatalunya.cat\/es\/estados-unidos-colapso-europa\/\" target=\"_blank\" rel=\"noopener\"><span dir=\"auto\">informe de estrategia exterior de Estados Unidos<\/span><\/a><span dir=\"auto\"><span>\u00a0<\/span>y la posterior entrevista en<span>\u00a0<\/span><\/span><em><span dir=\"auto\">P\u00fablico<\/span><\/em><span dir=\"auto\"><span>\u00a0<\/span>no son episodios ret\u00f3ricos aislados, ni tampoco \u2014como se empe\u00f1an en presentar muchos medios europeos\u2014 un \u201cataque\u201d unidireccional contra Europa.<\/span><\/p>\n<p><span dir=\"auto\"><span class=\"VIpgJd-yAWNEb-VIpgJd-fmcmS-sn54Q\" dir=\"auto\">Lo que hay detr\u00e1s es m\u00e1s profundo:<span>\u00a0<\/span><\/span><\/span><strong><span dir=\"auto\"><span class=\"VIpgJd-yAWNEb-VIpgJd-fmcmS-sn54Q\" dir=\"auto\">una cr\u00edtica frontal a la ideolog\u00eda que hoy gobierna la mirada, el lenguaje y las prioridades del establishment europeo.<\/span><\/span><\/strong><\/p>\n<p><span dir=\"auto\">Es, en realidad,<span>\u00a0<\/span><\/span><strong><span dir=\"auto\">un golpe de tim\u00f3n cultural<\/span><\/strong><span dir=\"auto\"><span>\u00a0<\/span>en plena batalla por el significado de Occidente. En un momento en que las \u00e9lites europeas legislan sistem\u00e1ticamente en contra de lo que san Juan Pablo II denomin\u00f3 \u201cley natural\u201d y contra formas de vida que hab\u00edan estructurado el continente durante siglos, el escenario que dibuja la nueva administraci\u00f3n norteamericana podr\u00eda ser, parad\u00f3jicamente,<span>\u00a0<\/span><\/span><strong><span dir=\"auto\">el anuncio de una restauraci\u00f3n de la cultura europea perdida.<\/span><\/strong><\/p>\n<p><span dir=\"auto\">Trump \u2014quiz\u00e1s sin buscarlo\u2014 ha activado una memoria que Europa hac\u00eda tiempo que hab\u00eda preferido olvidar.<\/span><\/p>\n<h4><span dir=\"auto\">Dogma mariano contra Europa laica<\/span><\/h4>\n<p><span dir=\"auto\"><span class=\"VIpgJd-yAWNEb-VIpgJd-fmcmS-sn54Q\" dir=\"auto\">Su inesperada referencia a la<span>\u00a0<\/span><\/span><\/span><a href=\"https:\/\/conversesacatalunya.cat\/es\/del-vaticano-al-capitolio-la-inmaculada-concepcion-entra-en-la-geopolitica\/\" target=\"_blank\" rel=\"noopener\"><span dir=\"auto\"><span class=\"VIpgJd-yAWNEb-VIpgJd-fmcmS-sn54Q\" dir=\"auto\">Inmaculada Concepci\u00f3n<\/span><\/span><\/a><span dir=\"auto\"><span class=\"VIpgJd-yAWNEb-VIpgJd-fmcmS-sn54Q\" dir=\"auto\"><span>\u00a0<\/span>contiene un desaf\u00edo simb\u00f3lico de enorme potencia:<span>\u00a0<\/span><\/span><\/span><strong><span dir=\"auto\"><span class=\"VIpgJd-yAWNEb-VIpgJd-fmcmS-sn54Q\" dir=\"auto\">un dogma mariano opuesto a una Europa que se ha proclamado, de facto, postreligiosa.<\/span><\/span><\/strong><span dir=\"auto\"><span class=\"VIpgJd-yAWNEb-VIpgJd-fmcmS-sn54Q\" dir=\"auto\"> Que un presidente estadounidense celebre abiertamente este dogma deja descolocada la narrativa de las \u00e9lites europeas, que han ido trivializando o silenciando cualquier rastro de trascendencia, incluso aquellos que figuran en el acta de nacimiento de la Uni\u00f3n Europea: la estrella amarilla sobre azul, inspirada en el manto de la Virgen de la Apocalipsis.<\/span><\/span><\/p>\n<p><span dir=\"auto\">Trump no es te\u00f3logo ni se presenta como cat\u00f3lico ejemplificador. Pero<span>\u00a0<\/span><\/span><strong><span dir=\"auto\">entiende los c\u00f3digos del tiempo<\/span><\/strong><span dir=\"auto\"><span>\u00a0<\/span>y sabe que, confrontando s\u00edmbolos, expone la contradicci\u00f3n entre los cimientos espirituales de la Uni\u00f3n y su deriva actual.<\/span><\/p>\n<h4><span dir=\"auto\">Los fundadores y la memoria borrada<\/span><\/h4>\n<p><span dir=\"auto\"><span class=\"VIpgJd-yAWNEb-VIpgJd-fmcmS-sn54Q\" dir=\"auto\">Los padres fundadores de la UE,<span>\u00a0<\/span><\/span><\/span><strong><span dir=\"auto\"><span class=\"VIpgJd-yAWNEb-VIpgJd-fmcmS-sn54Q\" dir=\"auto\">Schuman, Adenauer, De Gasperi,<\/span><\/span><\/strong><span dir=\"auto\"><span class=\"VIpgJd-yAWNEb-VIpgJd-fmcmS-sn54Q\" dir=\"auto\">\u00a0concibieron el proyecto europeo como<span>\u00a0<\/span><\/span><\/span><strong><span dir=\"auto\"><span class=\"VIpgJd-yAWNEb-VIpgJd-fmcmS-sn54Q\" dir=\"auto\">una comunidad espiritual y cultural cristiana.<\/span><\/span><\/strong><span dir=\"auto\"><span class=\"VIpgJd-yAWNEb-VIpgJd-fmcmS-sn54Q\" dir=\"auto\"> Ven\u00edan de la devastaci\u00f3n de dos guerras y buscaban una forma moderna de aquel ideal que el catolicismo social hab\u00eda articulado: reconciliaci\u00f3n entre pueblos cristianos, subsidiariedad como principio rector, econom\u00eda social de mercado de inspiraci\u00f3n ordoliberal y, simb\u00f3licamente, una nueva forma de evocar la unidad supranacional que la cristiandad medieval, en su momento, hab\u00eda representado.<\/span><\/span><\/p>\n<p><span dir=\"auto\">Los primeros textos -el Tratado de Roma entre ellos- respiraban valores cristianos: dignidad humana, paz, solidaridad, universalidad. El Vaticano, con P\u00edo XII, lo vio claro: Europa se reconstru\u00eda sobre una base espiritual compartida.<\/span><\/p>\n<h4><span dir=\"auto\">La contradicci\u00f3n: de Europa cristiana a Europa desarraigada<\/span><\/h4>\n<p><span dir=\"auto\"><span class=\"VIpgJd-yAWNEb-VIpgJd-fmcmS-sn54Q\" dir=\"auto\">Desde una perspectiva cristiana \u2014especialmente cat\u00f3lica\u2014, la fractura entre ese origen y la realidad actual es evidente.<span>\u00a0<\/span><\/span><\/span><strong><span dir=\"auto\"><span class=\"VIpgJd-yAWNEb-VIpgJd-fmcmS-sn54Q\" dir=\"auto\">Europa se ha alejado de sus ra\u00edces a una velocidad proporcional a su creciente desconcierto interior.<\/span><\/span><\/strong><\/p>\n<p><span dir=\"auto\">Los fundadores imaginaron a la UE como una comunidad moral capaz de superar el pecado hist\u00f3rico del nacionalismo. Hoy muchos cristianos perciben una Europa que promueve un relativismo moral desligado de su propio c\u00f3digo gen\u00e9tico: legislaci\u00f3n bio\u00e9tica, pol\u00edticas sobre la vida y la familia, concepciones del matrimonio, investigaci\u00f3n con embriones\u2026 todo un corpus normativo que se opone frontalmente a la antropolog\u00eda cristiana.<\/span><\/p>\n<p><span dir=\"auto\">Esta deriva no es solo moral: es<span>\u00a0<\/span><\/span><strong><span dir=\"auto\">identitaria.<\/span><\/strong><\/p>\n<p><span dir=\"auto\">El proyecto europeo ha sustituido progresivamente al internacionalismo cristiano por un<span>\u00a0<\/span><\/span><strong><span dir=\"auto\">pluralismo laico heredero de la Ilustraci\u00f3n,<\/span><\/strong><span dir=\"auto\">\u00a0que, en ausencia de un principio de cohesi\u00f3n espiritual, ha desembocado en conflictos recurrentes: sanciones a pa\u00edses por cuestiones de valores, disputas culturales internas y una creciente percepci\u00f3n de que Europa ya no sabe qui\u00e9n es ni qu\u00e9 defiende.<\/span><\/p>\n<p><span dir=\"auto\">San Juan Pablo II lo advirti\u00f3 antes que nadie:<span>\u00a0<\/span><\/span><strong><span dir=\"auto\">Europa est\u00e1 perdiendo su alma.<\/span><\/strong><\/p>\n<p><span dir=\"auto\">Sin embargo, persisten elementos de continuidad con la visi\u00f3n fundacional: el<strong> principio de subsidiariedad sobrevive a los tratados<\/strong>, y la Iglesia sigue valorando la vocaci\u00f3n de paz, la solidaridad internacional o la defensa de los m\u00e1s vulnerables que la UE, al menos en teor\u00eda, todav\u00eda proclama.<\/span><\/p>\n<h5><strong><span dir=\"auto\">Ahora bien, el intervencionismo cultural de Trump no est\u00e1 exento de contradicciones.<\/span><\/strong><\/h5>\n<p><span dir=\"auto\"><span class=\"VIpgJd-yAWNEb-VIpgJd-fmcmS-sn54Q\" dir=\"auto\">Su nueva veta \u201ccat\u00f3lica\u201d, por as\u00ed decir, se estrecha mal con su<span>\u00a0<\/span><\/span><\/span><strong><span dir=\"auto\"><span class=\"VIpgJd-yAWNEb-VIpgJd-fmcmS-sn54Q\" dir=\"auto\">pol\u00edtica de agresividad contra la inmigraci\u00f3n irregular,<\/span><\/span><\/strong><span dir=\"auto\"><span class=\"VIpgJd-yAWNEb-VIpgJd-fmcmS-sn54Q\" dir=\"auto\"> duramente criticada por el episcopado estadounidense. <\/span><\/span><span dir=\"auto\"><span class=\"VIpgJd-yAWNEb-VIpgJd-fmcmS-sn54Q\" dir=\"auto\">Pero esta incoherencia propia no invalida el diagn\u00f3stico que apunta:<span>\u00a0<\/span><\/span><\/span><strong><span dir=\"auto\"><span class=\"VIpgJd-yAWNEb-VIpgJd-fmcmS-sn54Q\" dir=\"auto\">Europa es hoy un continente desarraigado, que ha sustituido a su fuente cultural originaria por una ideolog\u00eda que ni cohesiona ni inspira.<\/span><\/span><\/strong><\/p>\n<p><span dir=\"auto\">Un edificio sin cimientos es m\u00e1s vulnerable a la implosi\u00f3n que al ataque externo.<\/span><\/p>\n<p><span dir=\"auto\">Y en ese vac\u00edo espiritual resuena, con una actualidad sorprendente, el<span>\u00a0<\/span><\/span><strong><span dir=\"auto\">discurso memorable de Juan Pablo II<\/span><\/strong><span dir=\"auto\"><span>\u00a0<\/span>en Santiago de Compostela, el 9 de noviembre de 1982, un llamamiento que hoy adquiere la fuerza de un or\u00e1culo reencontrado:<\/span><\/p>\n<p><strong><span dir=\"auto\"><span class=\"VIpgJd-yAWNEb-VIpgJd-fmcmS-sn54Q\" dir=\"auto\">\u00ab<em>Vuelve<\/em><i> a encontrarte. S\u00e9 t\u00fa misma. Descubre tus or\u00edgenes. Aviva tus ra\u00edces. Revive aquellos valores aut\u00e9nticos que hicieron gloriosa tu historia&#8230; Reconstruye tu unidad espiritual&#8230; T\u00fa puedes ser todav\u00eda faro de civilizaci\u00f3n y est\u00edmulo de progreso para el mundo.\u00bb<\/i><\/span><\/span><\/strong><\/p>\n<p><span dir=\"auto\">Europa todav\u00eda puede ser faro. Pero solo si recuerda, con humildad y coraje,<span>\u00a0<\/span><\/span><strong><span dir=\"auto\">lo que hac\u00eda luz.<\/span><\/strong><\/p>\n<h4><span dir=\"auto\">10 Puntos clave sobre el desaf\u00edo cultural Trump\u2013Europa<\/span><\/h4>\n<ol>\n<li><strong><span dir=\"auto\">No es ret\u00f3rica: es un giro cultural estrat\u00e9gico.<\/span><\/strong><\/li>\n<\/ol>\n<p><span dir=\"auto\">Las declaraciones de Trump y Vance, junto con los<span>\u00a0<\/span><\/span><strong><span dir=\"auto\">documentos de estrategia estadounidenses,<\/span><\/strong><span dir=\"auto\">\u00a0no son frases sueltas, sino parte de una ofensiva cultural que cuestiona la hegemon\u00eda ideol\u00f3gica europea.<\/span><\/p>\n<ol start=\"2\">\n<li><strong><span dir=\"auto\">Europa malinterpreta la ofensiva como un \u201cataque\u201d.<\/span><\/strong><\/li>\n<\/ol>\n<p><span dir=\"auto\">Muchos medios europeos reducen el fen\u00f3meno a antieurope\u00edsmo u hostilidad, pero el mensaje real apunta a<span>\u00a0<\/span><\/span><strong><span dir=\"auto\">las ideas que gobiernan la UE,<\/span><\/strong><span dir=\"auto\"><span>\u00a0<\/span><\/span><strong><span dir=\"auto\">no a Europa como realidad hist\u00f3rica.<\/span><\/strong><\/p>\n<ol start=\"3\">\n<li><strong><span dir=\"auto\">Trump activa un s\u00edmbolo que Europa ha olvidado.<\/span><\/strong><\/li>\n<\/ol>\n<p><span dir=\"auto\">La referencia a la Inmaculada Concepci\u00f3n confronta una Europa laica con sus or\u00edgenes espirituales. El s\u00edmbolo cuestiona la desconexi\u00f3n entre la identidad fundacional y la narrativa actual.<\/span><\/p>\n<ol start=\"4\">\n<li><strong><span dir=\"auto\">Los fundadores de la UE eran cristianos convencidos.<\/span><\/strong><\/li>\n<\/ol>\n<p><span dir=\"auto\"><span class=\"VIpgJd-yAWNEb-VIpgJd-fmcmS-sn54Q\" dir=\"auto\">Schuman, Adenauer y De Gasperi conceb\u00edan la UE como<span>\u00a0<\/span><\/span><\/span><strong><span dir=\"auto\"><span class=\"VIpgJd-yAWNEb-VIpgJd-fmcmS-sn54Q\" dir=\"auto\">una comunidad espiritual cristiana,<\/span><\/span><\/strong><span dir=\"auto\"><span class=\"VIpgJd-yAWNEb-VIpgJd-fmcmS-sn54Q\" dir=\"auto\">\u00a0fundamentada en la conciliaci\u00f3n, la dignidad humana y la subsidiariedad.<\/span><\/span><\/p>\n<ol start=\"5\">\n<li><strong><span dir=\"auto\">El proyecto original ten\u00eda arraigo teol\u00f3gico y cultural.<\/span><\/strong><\/li>\n<\/ol>\n<p><span dir=\"auto\">Los tratados fundacionales respiran inspiraci\u00f3n cristiana. El Vaticano lo entendi\u00f3 como una nueva forma de universalismo cat\u00f3lico que superaba al nacionalismo destructor del siglo XX.<\/span><\/p>\n<ol start=\"6\">\n<li><strong><span dir=\"auto\">La UE actual se ha desplazado hacia un pluralismo laico.<\/span><\/strong><\/li>\n<\/ol>\n<p><span dir=\"auto\">El desarrollo institucional ha sustituido a las ra\u00edces espirituales por un<span>\u00a0<\/span><\/span><strong><span dir=\"auto\">relativismo moral<\/span><\/strong><span dir=\"auto\"><span>\u00a0<\/span>que choca frontalmente con la antropolog\u00eda cristiana. Este giro alimenta tensiones internas.<\/span><\/p>\n<ol start=\"7\">\n<li><strong><span dir=\"auto\">Este desarraigo genera crisis identitaria.<\/span><\/strong><\/li>\n<\/ol>\n<p><span dir=\"auto\"><span class=\"VIpgJd-yAWNEb-VIpgJd-fmcmS-sn54Q\" dir=\"auto\">Las disputas sobre bio\u00e9tica, familia, matrimonio o educaci\u00f3n exponen que Europa<span>\u00a0<\/span><\/span><\/span><strong><span dir=\"auto\"><span class=\"VIpgJd-yAWNEb-VIpgJd-fmcmS-sn54Q\" dir=\"auto\">ya no comparte un marco moral com\u00fan,<\/span><\/span><\/strong><span dir=\"auto\"><span class=\"VIpgJd-yAWNEb-VIpgJd-fmcmS-sn54Q\" dir=\"auto\">\u00a0lo que debilita la cohesi\u00f3n del proyecto.<\/span><\/span><\/p>\n<ol start=\"8\">\n<li><strong><span dir=\"auto\">Las cr\u00edticas de Trump contienen una paradoja.<\/span><\/strong><\/li>\n<\/ol>\n<p><span dir=\"auto\"><span class=\"\" dir=\"auto\">Trump apela a s\u00edmbolos cristianos, pero mantiene duras pol\u00edticas de inmigraci\u00f3n criticadas por los obispos estadounidenses. Sin embargo, esta contradicci\u00f3n<span>\u00a0<\/span><\/span><\/span><strong><span dir=\"auto\"><span class=\"\" dir=\"auto\">no invalida el diagn\u00f3stico sobre Europa.<\/span><\/span><\/strong><\/p>\n<ol start=\"9\">\n<li><strong><span dir=\"auto\">La UE vive una implosi\u00f3n de sentido.<\/span><\/strong><\/li>\n<\/ol>\n<p><span dir=\"auto\">Lo que en su origen daba unidad -una visi\u00f3n cristiana compartida- ha sido sustituido por una ideolog\u00eda que no genera identidad ni misi\u00f3n; solo burocracia y fragmentaci\u00f3n cultural.<\/span><\/p>\n<ol start=\"10\">\n<li><strong><span dir=\"auto\">Juan Pablo II ya formul\u00f3 el diagn\u00f3stico y la receta.<\/span><\/strong><\/li>\n<\/ol>\n<p><span dir=\"auto\"><span class=\"VIpgJd-yAWNEb-VIpgJd-fmcmS-sn54Q\" dir=\"auto\">Su clamor de 1982 \u2014\u00bbVuelve a encontrarte. S\u00e9 t\u00fa misma.\u00bb\u2014 sigue siendo el reto fundamental:<span>\u00a0<\/span><\/span><\/span><strong><span dir=\"auto\"><span class=\"VIpgJd-yAWNEb-VIpgJd-fmcmS-sn54Q\" dir=\"auto\">Europa solo puede renacer si reconcilia modernidad y arraigo,<\/span><\/span><\/strong><span dir=\"auto\"><span class=\"VIpgJd-yAWNEb-VIpgJd-fmcmS-sn54Q\" dir=\"auto\">\u00a0libertad y trascendencia, pluralidad y tradici\u00f3n. Y asume como valor comunitario un marco de cultura cristiana.<\/span><\/span><\/p>\n<span class='bctt-click-to-tweet'><span class='bctt-ctt-text'><a href='https:\/\/twitter.com\/intent\/tweet?url=https%3A%2F%2Fconversesacatalunya.cat%2Fes%2Fel-desafio-cultural-trump-europa%2F&#038;text=Los%20fundadores%20de%20la%20UE%20ten%C3%ADan%20una%20visi%C3%B3n%20espiritual.%20Hoy%2C%20la%20burocracia%20ha%20sustituido%20al%20sentido.%20%23UnioEuropea%20%23Valores%20%23Historia&#038;via=conversesacat&#038;related=conversesacat' target='_blank'rel=\"noopener noreferrer\">Los fundadores de la UE ten\u00edan una visi\u00f3n espiritual. Hoy, la burocracia ha sustituido al sentido. #UnioEuropea #Valores #Historia <\/a><\/span><a href='https:\/\/twitter.com\/intent\/tweet?url=https%3A%2F%2Fconversesacatalunya.cat%2Fes%2Fel-desafio-cultural-trump-europa%2F&#038;text=Los%20fundadores%20de%20la%20UE%20ten%C3%ADan%20una%20visi%C3%B3n%20espiritual.%20Hoy%2C%20la%20burocracia%20ha%20sustituido%20al%20sentido.%20%23UnioEuropea%20%23Valores%20%23Historia&#038;via=conversesacat&#038;related=conversesacat' target='_blank' class='bctt-ctt-btn'rel=\"noopener noreferrer\">Compartir en X<\/a><\/span>\n<div id=\"polls-307\" class=\"wp-polls\">\n\t<form id=\"polls_form_307\" class=\"wp-polls-form\" action=\"\/index.php\" method=\"post\">\n\t\t<p style=\"display: none;\"><input type=\"hidden\" id=\"poll_307_nonce\" name=\"wp-polls-nonce\" value=\"93ad0090a1\" \/><\/p>\n\t\t<p style=\"display: none;\"><input type=\"hidden\" name=\"poll_id\" value=\"307\" \/><\/p>\n\t\t<p style=\"text-align: center\"><strong>Pot repercutir d'una manera important a la UE el que formula el recent document d'Estrat\u00e8gia Exterior dels EUA que cont\u00e9 una forta cr\u00edtica a Europa?<\/strong><\/p><div id=\"polls-307-ans\" class=\"wp-polls-ans\"><ul class=\"wp-polls-ul\">\n\t\t<li><input type=\"radio\" id=\"poll-answer-878\" name=\"poll_307\" value=\"878\" \/> <label for=\"poll-answer-878\">S\u00ed<\/label><\/li>\n\t\t<li><input type=\"radio\" id=\"poll-answer-879\" name=\"poll_307\" value=\"879\" \/> <label for=\"poll-answer-879\">No<\/label><\/li>\n\t\t<li><input type=\"radio\" id=\"poll-answer-880\" name=\"poll_307\" value=\"880\" \/> <label for=\"poll-answer-880\">No ho s\u00e9<\/label><\/li>\n\t\t<\/ul><p style=\"text-align: center\"><input type=\"button\" name=\"vote\" value=\"   Vota   \" class=\"Buttons\" onclick=\"poll_vote(307);\" \/><\/p><p style=\"text-align: center\"><a href=\"#ViewPollResults\" onclick=\"poll_result(307); return false;\" title=\"View Results Of This Poll\">Mira els resultats<\/a><\/p><\/div>\n\t<\/form>\n<\/div>\n<div id=\"polls-307-loading\" class=\"wp-polls-loading\"><img decoding=\"async\" data-src=\"https:\/\/conversesacatalunya.cat\/wp-content\/plugins\/wp-polls\/images\/loading.gif\" width=\"16\" height=\"16\" alt=\"Cargando ...\" title=\"Cargando ...\" class=\"wp-polls-image lazyload\" src=\"data:image\/svg+xml;base64,PHN2ZyB3aWR0aD0iMSIgaGVpZ2h0PSIxIiB4bWxucz0iaHR0cDovL3d3dy53My5vcmcvMjAwMC9zdmciPjwvc3ZnPg==\" style=\"--smush-placeholder-width: 16px; --smush-placeholder-aspect-ratio: 16\/16;\" \/>&nbsp;Cargando ...<\/div>\n\n<p>&nbsp;<\/p>\n<p>&nbsp;<\/p>\n<p>&nbsp;<\/p>\n","protected":false},"excerpt":{"rendered":"<p>La declaraci\u00f3n de Donald Trump sobre la Inmaculada Concepci\u00f3n, las advertencias de JD Vance en la Conferencia de Seguridad de M\u00fanich, el reciente\u00a0informe de estrategia exterior de Estados Unidos\u00a0y la posterior entrevista en\u00a0P\u00fablico\u00a0no son episodios ret\u00f3ricos aislados, ni tampoco \u2014como se empe\u00f1an en presentar muchos medios europeos\u2014 un \u201cataque\u201d unidireccional contra Europa. Lo que hay detr\u00e1s es m\u00e1s profundo:\u00a0una cr\u00edtica frontal a la ideolog\u00eda que hoy gobierna la mirada, el lenguaje y las prioridades del establishment europeo. Es, en realidad,\u00a0un golpe de tim\u00f3n cultural\u00a0en plena batalla por el significado de Occidente. En un momento en que las \u00e9lites europeas legislan sistem\u00e1ticamente en contra de lo que san Juan Pablo II denomin\u00f3 \u201cley natural\u201d y contra formas de vida que hab\u00edan estructurado el continente durante siglos, el escenario que dibuja la nueva administraci\u00f3n norteamericana podr\u00eda ser, parad\u00f3jicamente,\u00a0el anuncio de una restauraci\u00f3n de la cultura europea perdida. Trump \u2014quiz\u00e1s sin buscarlo\u2014 ha activado una memoria que Europa hac\u00eda tiempo que hab\u00eda preferido olvidar. Dogma mariano contra Europa laica Su inesperada referencia a la\u00a0Inmaculada Concepci\u00f3n\u00a0contiene un desaf\u00edo simb\u00f3lico de enorme potencia:\u00a0un dogma mariano opuesto a una Europa que se ha proclamado, de facto, postreligiosa. Que un presidente estadounidense celebre abiertamente este dogma deja descolocada la narrativa de las \u00e9lites europeas, que han ido trivializando o silenciando cualquier rastro de trascendencia, incluso aquellos que figuran en el acta de nacimiento de la Uni\u00f3n Europea: la estrella amarilla sobre azul, inspirada en el manto de la Virgen de la Apocalipsis. Trump no es te\u00f3logo ni se presenta como cat\u00f3lico ejemplificador. Pero\u00a0entiende los c\u00f3digos del tiempo\u00a0y sabe que, confrontando s\u00edmbolos, expone la contradicci\u00f3n entre los cimientos espirituales de la Uni\u00f3n y su deriva actual. Los fundadores y la memoria borrada Los padres fundadores de la UE,\u00a0Schuman, Adenauer, De Gasperi,\u00a0concibieron el proyecto europeo como\u00a0una comunidad espiritual y cultural cristiana. Ven\u00edan de la devastaci\u00f3n de dos guerras y buscaban una forma moderna de aquel ideal que el catolicismo social hab\u00eda articulado: reconciliaci\u00f3n entre pueblos cristianos, subsidiariedad como principio rector, econom\u00eda social de mercado de inspiraci\u00f3n ordoliberal y, simb\u00f3licamente, una nueva forma de evocar la unidad supranacional que la cristiandad medieval, en su momento, hab\u00eda representado. Los primeros textos -el Tratado de Roma entre ellos- respiraban valores cristianos: dignidad humana, paz, solidaridad, universalidad. El Vaticano, con P\u00edo XII, lo vio claro: Europa se reconstru\u00eda sobre una base espiritual compartida. La contradicci\u00f3n: de Europa cristiana a Europa desarraigada Desde una perspectiva cristiana \u2014especialmente cat\u00f3lica\u2014, la fractura entre ese origen y la realidad actual es evidente.\u00a0Europa se ha alejado de sus ra\u00edces a una velocidad proporcional a su creciente desconcierto interior. Los fundadores imaginaron a la UE como una comunidad moral capaz de superar el pecado hist\u00f3rico del nacionalismo. Hoy muchos cristianos perciben una Europa que promueve un relativismo moral desligado de su propio c\u00f3digo gen\u00e9tico: legislaci\u00f3n bio\u00e9tica, pol\u00edticas sobre la vida y la familia, concepciones del matrimonio, investigaci\u00f3n con embriones\u2026 todo un corpus normativo que se opone frontalmente a la antropolog\u00eda cristiana. Esta deriva no es solo moral: es\u00a0identitaria. El proyecto europeo ha sustituido progresivamente al internacionalismo cristiano por un\u00a0pluralismo laico heredero de la Ilustraci\u00f3n,\u00a0que, en ausencia de un principio de cohesi\u00f3n espiritual, ha desembocado en conflictos recurrentes: sanciones a pa\u00edses por cuestiones de valores, disputas culturales internas y una creciente percepci\u00f3n de que Europa ya no sabe qui\u00e9n es ni qu\u00e9 defiende. San Juan Pablo II lo advirti\u00f3 antes que nadie:\u00a0Europa est\u00e1 perdiendo su alma. Sin embargo, persisten elementos de continuidad con la visi\u00f3n fundacional: el principio de subsidiariedad sobrevive a los tratados, y la Iglesia sigue valorando la vocaci\u00f3n de paz, la solidaridad internacional o la defensa de los m\u00e1s vulnerables que la UE, al menos en teor\u00eda, todav\u00eda proclama. Ahora bien, el intervencionismo cultural de Trump no est\u00e1 exento de contradicciones. Su nueva veta \u201ccat\u00f3lica\u201d, por as\u00ed decir, se estrecha mal con su\u00a0pol\u00edtica de agresividad contra la inmigraci\u00f3n irregular, duramente criticada por el episcopado estadounidense. Pero esta incoherencia propia no invalida el diagn\u00f3stico que apunta:\u00a0Europa es hoy un continente desarraigado, que ha sustituido a su fuente cultural originaria por una ideolog\u00eda que ni cohesiona ni inspira. Un edificio sin cimientos es m\u00e1s vulnerable a la implosi\u00f3n que al ataque externo. Y en ese vac\u00edo espiritual resuena, con una actualidad sorprendente, el\u00a0discurso memorable de Juan Pablo II\u00a0en Santiago de Compostela, el 9 de noviembre de 1982, un llamamiento que hoy adquiere la fuerza de un or\u00e1culo reencontrado: \u00abVuelve a encontrarte. S\u00e9 t\u00fa misma. Descubre tus or\u00edgenes. Aviva tus ra\u00edces. Revive aquellos valores aut\u00e9nticos que hicieron gloriosa tu historia&#8230; Reconstruye tu unidad espiritual&#8230; T\u00fa puedes ser todav\u00eda faro de civilizaci\u00f3n y est\u00edmulo de progreso para el mundo.\u00bb Europa todav\u00eda puede ser faro. Pero solo si recuerda, con humildad y coraje,\u00a0lo que hac\u00eda luz. 10 Puntos clave sobre el desaf\u00edo cultural Trump\u2013Europa No es ret\u00f3rica: es un giro cultural estrat\u00e9gico. Las declaraciones de Trump y Vance, junto con los\u00a0documentos de estrategia estadounidenses,\u00a0no son frases sueltas, sino parte de una ofensiva cultural que cuestiona la hegemon\u00eda ideol\u00f3gica europea. Europa malinterpreta la ofensiva como un \u201cataque\u201d. Muchos medios europeos reducen el fen\u00f3meno a antieurope\u00edsmo u hostilidad, pero el mensaje real apunta a\u00a0las ideas que gobiernan la UE,\u00a0no a Europa como realidad hist\u00f3rica. Trump activa un s\u00edmbolo que Europa ha olvidado. La referencia a la Inmaculada Concepci\u00f3n confronta una Europa laica con sus or\u00edgenes espirituales. El s\u00edmbolo cuestiona la desconexi\u00f3n entre la identidad fundacional y la narrativa actual. Los fundadores de la UE eran cristianos convencidos. Schuman, Adenauer y De Gasperi conceb\u00edan la UE como\u00a0una comunidad espiritual cristiana,\u00a0fundamentada en la conciliaci\u00f3n, la dignidad humana y la subsidiariedad. El proyecto original ten\u00eda arraigo teol\u00f3gico y cultural. Los tratados fundacionales respiran inspiraci\u00f3n cristiana. El Vaticano lo entendi\u00f3 como una nueva forma de universalismo cat\u00f3lico que superaba al nacionalismo destructor del siglo XX. La UE actual se ha desplazado hacia un pluralismo laico. El desarrollo institucional ha sustituido a las ra\u00edces espirituales por un\u00a0relativismo moral\u00a0que choca frontalmente con la antropolog\u00eda cristiana. Este giro alimenta tensiones internas. Este desarraigo genera crisis identitaria. Las disputas sobre bio\u00e9tica,&#8230;<\/p>\n","protected":false},"author":19,"featured_media":94621,"comment_status":"open","ping_status":"open","sticky":false,"template":"","format":"standard","meta":{"_FSMCFIC_featured_image_caption":"","_FSMCFIC_featured_image_nocaption":"","_FSMCFIC_featured_image_hide":"","footnotes":""},"categories":[806],"tags":[875],"class_list":["post-94625","post","type-post","status-publish","format-standard","has-post-thumbnail","hentry","category-punts-claus-del-dia-es","tag-europa-es"],"yoast_head":"<!-- This site is optimized with the Yoast SEO plugin v26.8 - https:\/\/yoast.com\/product\/yoast-seo-wordpress\/ -->\n<title>Trump, Europa y la batalla cultural<\/title>\n<meta name=\"description\" content=\"An\u00e1lisis del desaf\u00edo cultural entre Trump y Europa, la p\u00e9rdida de ra\u00edces cristianas de la UE y diagn\u00f3stico que Juan Pablo II ya anticip\u00f3.\" \/>\n<meta name=\"robots\" content=\"index, follow, max-snippet:-1, max-image-preview:large, max-video-preview:-1\" \/>\n<link rel=\"canonical\" href=\"https:\/\/conversesacatalunya.cat\/es\/el-desafio-cultural-trump-europa\/\" \/>\n<meta property=\"og:locale\" content=\"es_ES\" \/>\n<meta property=\"og:type\" content=\"article\" \/>\n<meta property=\"og:title\" content=\"Trump, Europa y la batalla cultural\" \/>\n<meta property=\"og:description\" content=\"An\u00e1lisis del desaf\u00edo cultural entre Trump y Europa, la p\u00e9rdida de ra\u00edces cristianas de la UE y diagn\u00f3stico que Juan Pablo II ya anticip\u00f3.\" \/>\n<meta property=\"og:url\" content=\"https:\/\/conversesacatalunya.cat\/es\/el-desafio-cultural-trump-europa\/\" \/>\n<meta property=\"og:site_name\" content=\"Converses a Catalunya\" \/>\n<meta property=\"article:published_time\" content=\"2025-12-11T07:03:06+00:00\" \/>\n<meta property=\"article:modified_time\" content=\"2025-12-11T07:24:20+00:00\" \/>\n<meta property=\"og:image\" content=\"https:\/\/conversesacatalunya.cat\/wp-content\/uploads\/2025\/12\/star-2035335_640.jpg\" \/>\n\t<meta property=\"og:image:width\" content=\"640\" \/>\n\t<meta property=\"og:image:height\" content=\"480\" \/>\n\t<meta property=\"og:image:type\" content=\"image\/jpeg\" \/>\n<meta name=\"author\" content=\"Josep Mir\u00f3 i Ard\u00e8vol\" \/>\n<meta name=\"twitter:card\" content=\"summary_large_image\" \/>\n<meta name=\"twitter:label1\" content=\"Escrito por\" \/>\n\t<meta name=\"twitter:data1\" content=\"Josep Mir\u00f3 i Ard\u00e8vol\" \/>\n\t<meta name=\"twitter:label2\" content=\"Tiempo de lectura\" \/>\n\t<meta name=\"twitter:data2\" content=\"7 minutos\" \/>\n<script type=\"application\/ld+json\" class=\"yoast-schema-graph\">{\"@context\":\"https:\/\/schema.org\",\"@graph\":[{\"@type\":\"Article\",\"@id\":\"https:\/\/conversesacatalunya.cat\/es\/el-desafio-cultural-trump-europa\/#article\",\"isPartOf\":{\"@id\":\"https:\/\/conversesacatalunya.cat\/es\/el-desafio-cultural-trump-europa\/\"},\"author\":{\"name\":\"Josep Mir\u00f3 i Ard\u00e8vol\",\"@id\":\"https:\/\/conversesacatalunya.cat\/#\/schema\/person\/a9598a6786ba7d3d1c5e0de477b79370\"},\"headline\":\"El desaf\u00edo cultural Trump-Europa\",\"datePublished\":\"2025-12-11T07:03:06+00:00\",\"dateModified\":\"2025-12-11T07:24:20+00:00\",\"mainEntityOfPage\":{\"@id\":\"https:\/\/conversesacatalunya.cat\/es\/el-desafio-cultural-trump-europa\/\"},\"wordCount\":1320,\"commentCount\":0,\"image\":{\"@id\":\"https:\/\/conversesacatalunya.cat\/es\/el-desafio-cultural-trump-europa\/#primaryimage\"},\"thumbnailUrl\":\"https:\/\/conversesacatalunya.cat\/wp-content\/uploads\/2025\/12\/star-2035335_640.jpg\",\"keywords\":[\"Europa\"],\"articleSection\":[\"Punts clau del dia (ES)\"],\"inLanguage\":\"es\",\"potentialAction\":[{\"@type\":\"CommentAction\",\"name\":\"Comment\",\"target\":[\"https:\/\/conversesacatalunya.cat\/es\/el-desafio-cultural-trump-europa\/#respond\"]}]},{\"@type\":\"WebPage\",\"@id\":\"https:\/\/conversesacatalunya.cat\/es\/el-desafio-cultural-trump-europa\/\",\"url\":\"https:\/\/conversesacatalunya.cat\/es\/el-desafio-cultural-trump-europa\/\",\"name\":\"Trump, Europa y la batalla cultural\",\"isPartOf\":{\"@id\":\"https:\/\/conversesacatalunya.cat\/#website\"},\"primaryImageOfPage\":{\"@id\":\"https:\/\/conversesacatalunya.cat\/es\/el-desafio-cultural-trump-europa\/#primaryimage\"},\"image\":{\"@id\":\"https:\/\/conversesacatalunya.cat\/es\/el-desafio-cultural-trump-europa\/#primaryimage\"},\"thumbnailUrl\":\"https:\/\/conversesacatalunya.cat\/wp-content\/uploads\/2025\/12\/star-2035335_640.jpg\",\"datePublished\":\"2025-12-11T07:03:06+00:00\",\"dateModified\":\"2025-12-11T07:24:20+00:00\",\"author\":{\"@id\":\"https:\/\/conversesacatalunya.cat\/#\/schema\/person\/a9598a6786ba7d3d1c5e0de477b79370\"},\"description\":\"An\u00e1lisis del desaf\u00edo cultural entre Trump y Europa, la p\u00e9rdida de ra\u00edces cristianas de la UE y diagn\u00f3stico que Juan Pablo II ya anticip\u00f3.\",\"breadcrumb\":{\"@id\":\"https:\/\/conversesacatalunya.cat\/es\/el-desafio-cultural-trump-europa\/#breadcrumb\"},\"inLanguage\":\"es\",\"potentialAction\":[{\"@type\":\"ReadAction\",\"target\":[\"https:\/\/conversesacatalunya.cat\/es\/el-desafio-cultural-trump-europa\/\"]}]},{\"@type\":\"ImageObject\",\"inLanguage\":\"es\",\"@id\":\"https:\/\/conversesacatalunya.cat\/es\/el-desafio-cultural-trump-europa\/#primaryimage\",\"url\":\"https:\/\/conversesacatalunya.cat\/wp-content\/uploads\/2025\/12\/star-2035335_640.jpg\",\"contentUrl\":\"https:\/\/conversesacatalunya.cat\/wp-content\/uploads\/2025\/12\/star-2035335_640.jpg\",\"width\":640,\"height\":480,\"caption\":\"Trump Europa desafio cultural\"},{\"@type\":\"BreadcrumbList\",\"@id\":\"https:\/\/conversesacatalunya.cat\/es\/el-desafio-cultural-trump-europa\/#breadcrumb\",\"itemListElement\":[{\"@type\":\"ListItem\",\"position\":1,\"name\":\"Inici\",\"item\":\"https:\/\/conversesacatalunya.cat\/es\/\"},{\"@type\":\"ListItem\",\"position\":2,\"name\":\"El desaf\u00edo cultural Trump-Europa\"}]},{\"@type\":\"WebSite\",\"@id\":\"https:\/\/conversesacatalunya.cat\/#website\",\"url\":\"https:\/\/conversesacatalunya.cat\/\",\"name\":\"Converses a Catalunya\",\"description\":\"\",\"potentialAction\":[{\"@type\":\"SearchAction\",\"target\":{\"@type\":\"EntryPoint\",\"urlTemplate\":\"https:\/\/conversesacatalunya.cat\/?s={search_term_string}\"},\"query-input\":{\"@type\":\"PropertyValueSpecification\",\"valueRequired\":true,\"valueName\":\"search_term_string\"}}],\"inLanguage\":\"es\"},{\"@type\":\"Person\",\"@id\":\"https:\/\/conversesacatalunya.cat\/#\/schema\/person\/a9598a6786ba7d3d1c5e0de477b79370\",\"name\":\"Josep Mir\u00f3 i Ard\u00e8vol\",\"image\":{\"@type\":\"ImageObject\",\"inLanguage\":\"es\",\"@id\":\"https:\/\/conversesacatalunya.cat\/#\/schema\/person\/image\/\",\"url\":\"https:\/\/conversesacatalunya.cat\/wp-content\/litespeed\/avatar\/c37e3dc881857483d6694cdf98fdedea.jpg?ver=1777270381\",\"contentUrl\":\"https:\/\/conversesacatalunya.cat\/wp-content\/litespeed\/avatar\/c37e3dc881857483d6694cdf98fdedea.jpg?ver=1777270381\",\"caption\":\"Josep Mir\u00f3 i Ard\u00e8vol\"},\"url\":\"https:\/\/conversesacatalunya.cat\/es\/author\/josep-miro-i-ardevol\/\"}]}<\/script>\n<!-- \/ Yoast SEO plugin. -->","yoast_head_json":{"title":"Trump, Europa y la batalla cultural","description":"An\u00e1lisis del desaf\u00edo cultural entre Trump y Europa, la p\u00e9rdida de ra\u00edces cristianas de la UE y diagn\u00f3stico que Juan Pablo II ya anticip\u00f3.","robots":{"index":"index","follow":"follow","max-snippet":"max-snippet:-1","max-image-preview":"max-image-preview:large","max-video-preview":"max-video-preview:-1"},"canonical":"https:\/\/conversesacatalunya.cat\/es\/el-desafio-cultural-trump-europa\/","og_locale":"es_ES","og_type":"article","og_title":"Trump, Europa y la batalla cultural","og_description":"An\u00e1lisis del desaf\u00edo cultural entre Trump y Europa, la p\u00e9rdida de ra\u00edces cristianas de la UE y diagn\u00f3stico que Juan Pablo II ya anticip\u00f3.","og_url":"https:\/\/conversesacatalunya.cat\/es\/el-desafio-cultural-trump-europa\/","og_site_name":"Converses a Catalunya","article_published_time":"2025-12-11T07:03:06+00:00","article_modified_time":"2025-12-11T07:24:20+00:00","og_image":[{"width":640,"height":480,"url":"https:\/\/conversesacatalunya.cat\/wp-content\/uploads\/2025\/12\/star-2035335_640.jpg","type":"image\/jpeg"}],"author":"Josep Mir\u00f3 i Ard\u00e8vol","twitter_card":"summary_large_image","twitter_misc":{"Escrito por":"Josep Mir\u00f3 i Ard\u00e8vol","Tiempo de lectura":"7 minutos"},"schema":{"@context":"https:\/\/schema.org","@graph":[{"@type":"Article","@id":"https:\/\/conversesacatalunya.cat\/es\/el-desafio-cultural-trump-europa\/#article","isPartOf":{"@id":"https:\/\/conversesacatalunya.cat\/es\/el-desafio-cultural-trump-europa\/"},"author":{"name":"Josep Mir\u00f3 i Ard\u00e8vol","@id":"https:\/\/conversesacatalunya.cat\/#\/schema\/person\/a9598a6786ba7d3d1c5e0de477b79370"},"headline":"El desaf\u00edo cultural Trump-Europa","datePublished":"2025-12-11T07:03:06+00:00","dateModified":"2025-12-11T07:24:20+00:00","mainEntityOfPage":{"@id":"https:\/\/conversesacatalunya.cat\/es\/el-desafio-cultural-trump-europa\/"},"wordCount":1320,"commentCount":0,"image":{"@id":"https:\/\/conversesacatalunya.cat\/es\/el-desafio-cultural-trump-europa\/#primaryimage"},"thumbnailUrl":"https:\/\/conversesacatalunya.cat\/wp-content\/uploads\/2025\/12\/star-2035335_640.jpg","keywords":["Europa"],"articleSection":["Punts clau del dia (ES)"],"inLanguage":"es","potentialAction":[{"@type":"CommentAction","name":"Comment","target":["https:\/\/conversesacatalunya.cat\/es\/el-desafio-cultural-trump-europa\/#respond"]}]},{"@type":"WebPage","@id":"https:\/\/conversesacatalunya.cat\/es\/el-desafio-cultural-trump-europa\/","url":"https:\/\/conversesacatalunya.cat\/es\/el-desafio-cultural-trump-europa\/","name":"Trump, Europa y la batalla cultural","isPartOf":{"@id":"https:\/\/conversesacatalunya.cat\/#website"},"primaryImageOfPage":{"@id":"https:\/\/conversesacatalunya.cat\/es\/el-desafio-cultural-trump-europa\/#primaryimage"},"image":{"@id":"https:\/\/conversesacatalunya.cat\/es\/el-desafio-cultural-trump-europa\/#primaryimage"},"thumbnailUrl":"https:\/\/conversesacatalunya.cat\/wp-content\/uploads\/2025\/12\/star-2035335_640.jpg","datePublished":"2025-12-11T07:03:06+00:00","dateModified":"2025-12-11T07:24:20+00:00","author":{"@id":"https:\/\/conversesacatalunya.cat\/#\/schema\/person\/a9598a6786ba7d3d1c5e0de477b79370"},"description":"An\u00e1lisis del desaf\u00edo cultural entre Trump y Europa, la p\u00e9rdida de ra\u00edces cristianas de la UE y diagn\u00f3stico que Juan Pablo II ya anticip\u00f3.","breadcrumb":{"@id":"https:\/\/conversesacatalunya.cat\/es\/el-desafio-cultural-trump-europa\/#breadcrumb"},"inLanguage":"es","potentialAction":[{"@type":"ReadAction","target":["https:\/\/conversesacatalunya.cat\/es\/el-desafio-cultural-trump-europa\/"]}]},{"@type":"ImageObject","inLanguage":"es","@id":"https:\/\/conversesacatalunya.cat\/es\/el-desafio-cultural-trump-europa\/#primaryimage","url":"https:\/\/conversesacatalunya.cat\/wp-content\/uploads\/2025\/12\/star-2035335_640.jpg","contentUrl":"https:\/\/conversesacatalunya.cat\/wp-content\/uploads\/2025\/12\/star-2035335_640.jpg","width":640,"height":480,"caption":"Trump Europa desafio cultural"},{"@type":"BreadcrumbList","@id":"https:\/\/conversesacatalunya.cat\/es\/el-desafio-cultural-trump-europa\/#breadcrumb","itemListElement":[{"@type":"ListItem","position":1,"name":"Inici","item":"https:\/\/conversesacatalunya.cat\/es\/"},{"@type":"ListItem","position":2,"name":"El desaf\u00edo cultural Trump-Europa"}]},{"@type":"WebSite","@id":"https:\/\/conversesacatalunya.cat\/#website","url":"https:\/\/conversesacatalunya.cat\/","name":"Converses a Catalunya","description":"","potentialAction":[{"@type":"SearchAction","target":{"@type":"EntryPoint","urlTemplate":"https:\/\/conversesacatalunya.cat\/?s={search_term_string}"},"query-input":{"@type":"PropertyValueSpecification","valueRequired":true,"valueName":"search_term_string"}}],"inLanguage":"es"},{"@type":"Person","@id":"https:\/\/conversesacatalunya.cat\/#\/schema\/person\/a9598a6786ba7d3d1c5e0de477b79370","name":"Josep Mir\u00f3 i Ard\u00e8vol","image":{"@type":"ImageObject","inLanguage":"es","@id":"https:\/\/conversesacatalunya.cat\/#\/schema\/person\/image\/","url":"https:\/\/conversesacatalunya.cat\/wp-content\/litespeed\/avatar\/c37e3dc881857483d6694cdf98fdedea.jpg?ver=1777270381","contentUrl":"https:\/\/conversesacatalunya.cat\/wp-content\/litespeed\/avatar\/c37e3dc881857483d6694cdf98fdedea.jpg?ver=1777270381","caption":"Josep Mir\u00f3 i Ard\u00e8vol"},"url":"https:\/\/conversesacatalunya.cat\/es\/author\/josep-miro-i-ardevol\/"}]}},"wps_subtitle":"Lo que en su origen daba unidad -una visi\u00f3n cristiana compartida- ha sido sustituido por una ideolog\u00eda que no genera identidad ni misi\u00f3n; s\u00f3lo burocracia y fragmentaci\u00f3n cultural.","_links":{"self":[{"href":"https:\/\/conversesacatalunya.cat\/es\/wp-json\/wp\/v2\/posts\/94625","targetHints":{"allow":["GET"]}}],"collection":[{"href":"https:\/\/conversesacatalunya.cat\/es\/wp-json\/wp\/v2\/posts"}],"about":[{"href":"https:\/\/conversesacatalunya.cat\/es\/wp-json\/wp\/v2\/types\/post"}],"author":[{"embeddable":true,"href":"https:\/\/conversesacatalunya.cat\/es\/wp-json\/wp\/v2\/users\/19"}],"replies":[{"embeddable":true,"href":"https:\/\/conversesacatalunya.cat\/es\/wp-json\/wp\/v2\/comments?post=94625"}],"version-history":[{"count":3,"href":"https:\/\/conversesacatalunya.cat\/es\/wp-json\/wp\/v2\/posts\/94625\/revisions"}],"predecessor-version":[{"id":94629,"href":"https:\/\/conversesacatalunya.cat\/es\/wp-json\/wp\/v2\/posts\/94625\/revisions\/94629"}],"wp:featuredmedia":[{"embeddable":true,"href":"https:\/\/conversesacatalunya.cat\/es\/wp-json\/wp\/v2\/media\/94621"}],"wp:attachment":[{"href":"https:\/\/conversesacatalunya.cat\/es\/wp-json\/wp\/v2\/media?parent=94625"}],"wp:term":[{"taxonomy":"category","embeddable":true,"href":"https:\/\/conversesacatalunya.cat\/es\/wp-json\/wp\/v2\/categories?post=94625"},{"taxonomy":"post_tag","embeddable":true,"href":"https:\/\/conversesacatalunya.cat\/es\/wp-json\/wp\/v2\/tags?post=94625"}],"curies":[{"name":"wp","href":"https:\/\/api.w.org\/{rel}","templated":true}]}}