{"id":94608,"date":"2025-12-10T14:40:49","date_gmt":"2025-12-10T13:40:49","guid":{"rendered":"https:\/\/conversesacatalunya.cat\/?p=94608"},"modified":"2025-12-10T15:04:22","modified_gmt":"2025-12-10T14:04:22","slug":"kit-emergencias-generalitat-critica","status":"publish","type":"post","link":"https:\/\/conversesacatalunya.cat\/es\/kit-emergencias-generalitat-critica\/","title":{"rendered":"La broma del kit de emergencias: cuando la Generalitat confunde prevenci\u00f3n con publicidad"},"content":{"rendered":"<p><span dir=\"auto\"><span class=\"VIpgJd-yAWNEb-VIpgJd-fmcmS-sn54Q\" dir=\"auto\">Catalu\u00f1a ha vivido siempre de espaldas a la protecci\u00f3n civil. No hay cultura de emergencias, ni pr\u00e1cticas en las escuelas, ni formaci\u00f3n generalizada en las empresas. Por eso, que<span>\u00a0<\/span><\/span><\/span><strong><span dir=\"auto\"><span class=\"VIpgJd-yAWNEb-VIpgJd-fmcmS-sn54Q\" dir=\"auto\">la Generalitat impulse un kit de emergencia podr\u00eda haber sido una excelente noticia:<\/span><\/span><\/strong><span dir=\"auto\"><span class=\"VIpgJd-yAWNEb-VIpgJd-fmcmS-sn54Q\" dir=\"auto\">\u00a0el primer paso para construir una sociedad preparada, y no sorprendida, ante cualquier eventualidad.<\/span><\/span><\/p>\n<p><strong><span dir=\"auto\">Pero entre la idea y su ejecuci\u00f3n se ha abierto un abismo.<\/span><\/strong><span dir=\"auto\">\u00a0Y lo que pod\u00eda ser una iniciativa necesaria se ha convertido, lamentablemente, en una vistosa campa\u00f1a, muy cara y poco \u00fatil.<\/span><\/p>\n<h3><span dir=\"auto\">Publicidad vistosa, contenido escaso<\/span><\/h3>\n<p><span dir=\"auto\">El Departamento de Interior ha desplegado p\u00e1ginas enteras de publicidad -algunas dobles- llenas de dibujos, esl\u00f3ganes y escudos institucionales. El presupuesto, grande; el valor pr\u00e1ctico, min\u00fasculo. La informaci\u00f3n esencial es dispersa, incompleta o directamente err\u00f3nea. Y, sobre todo, no responde al objetivo fundamental de un kit de emergencias:<span>\u00a0<\/span><\/span><strong><span dir=\"auto\">dotar a las familias de autonom\u00eda real durante las primeras 72 horas.<\/span><\/strong><\/p>\n<p><span dir=\"auto\">Cabe recordar que esta recomendaci\u00f3n de la Uni\u00f3n Europea nace, sobre todo, del escenario de alerta de una presunta y poco viable agresi\u00f3n de Rusia en el este de Europa. Pero resulta perfectamente aplicable a cat\u00e1strofes naturales o situaciones sobrevenidas.<\/span><\/p>\n<h4><strong><span dir=\"auto\">Una mochila por persona: la obviedad que no se explica<\/span><\/strong><\/h4>\n<p><span dir=\"auto\">Una de las omisiones m\u00e1s sorprendentes es no advertir expl\u00edcitamente de que el kit es<span>\u00a0<\/span><\/span><strong><span dir=\"auto\">individual,<\/span><\/strong><span dir=\"auto\">\u00a0no familiar. Cada miembro del hogar necesita su propia mochila. No es un detalle menor: significa multiplicar por dos, tres o cuatro todo lo que se incluye.<\/span><\/p>\n<p><span dir=\"auto\">Sin esa informaci\u00f3n, el kit se hunde desde el primer minuto.<\/span><\/p>\n<h4><strong><span dir=\"auto\">El agua: el gran recorte incomprensible<\/span><\/strong><\/h4>\n<p><span dir=\"auto\">La Uni\u00f3n Europea recomienda<span>\u00a0<\/span><\/span><strong><span dir=\"auto\">tres litros por persona y d\u00eda.<\/span><\/strong><span dir=\"auto\">\u00a0La Generalitat lo reduce a un litro y medio. La diferencia no es peque\u00f1a: es la diferencia entre resistir y no resistir.<\/span><\/p>\n<p><span dir=\"auto\">Adem\u00e1s, no se menciona una herramienta esencial en cualquier equipo de emergencia m\u00ednimamente serio:<span>\u00a0<\/span><\/span><strong><span dir=\"auto\">elementos de potabilizaci\u00f3n de agua<\/span><\/strong><span dir=\"auto\"><span>\u00a0<\/span>, como tabletas o filtros port\u00e1tiles. Este punto, presente en todas las gu\u00edas europeas, es clave. Y aqu\u00ed, simplemente, no est\u00e1.<\/span><\/p>\n<h4><strong><span dir=\"auto\">Una mochila que pesa\u2026 pero sin lo que importa<\/span><\/strong><\/h4>\n<p><span dir=\"auto\"><span class=\"\" dir=\"auto\">Cuando sumamos la ropa de repuesto, un impermeable, el saco o manta, la comida no perecedera, objetos de higiene y dem\u00e1s elementos recomendados, la mochila ya es voluminosa y pesada. Pero lo grave no es eso: es que<span>\u00a0<\/span><\/span><\/span><strong><span dir=\"auto\"><span class=\"\" dir=\"auto\">le faltan piezas cr\u00edticas.<\/span><\/span><\/strong><\/p>\n<p><span dir=\"auto\">El listado europeo incluye un pitido para pedir ayuda en situaciones de riesgo. En Catalu\u00f1a, ni rastro.<\/span><\/p>\n<h4><strong><span dir=\"auto\">El botiqu\u00edn: la confusi\u00f3n servida<\/span><\/strong><\/h4>\n<p><span dir=\"auto\">Los anuncios institucionales presentan un botiqu\u00edn esquem\u00e1tico e insuficiente. La mayor\u00eda de personas no saben qu\u00e9 debe contener un botiqu\u00edn de emergencia completo, por lo que la responsabilidad de la Generalitat era ofrecer una gu\u00eda clara.<\/span><\/p>\n<h5><strong><span dir=\"auto\">Pero no aparecen:<\/span><\/strong><\/h5>\n<ul>\n<li><span dir=\"auto\">tijeras<\/span><\/li>\n<li><span dir=\"auto\">pinzas<\/span><\/li>\n<li><span dir=\"auto\"><span class=\"\" dir=\"auto\">guantes de nitrilo o l\u00e1tex<\/span><\/span><\/li>\n<li><span dir=\"auto\">toallas antis\u00e9pticas<\/span><\/li>\n<li><span dir=\"auto\">venas el\u00e1sticas y ap\u00f3sitos variados<\/span><\/li>\n<li><span dir=\"auto\">imperdibles<\/span><\/li>\n<li><span dir=\"auto\">antihistam\u00ednicos<\/span><\/li>\n<li><span dir=\"auto\">term\u00f3metro<\/span><\/li>\n<li><strong><span dir=\"auto\">la imprescindible manta t\u00e9rmica<\/span><\/strong><\/li>\n<\/ul>\n<p><span dir=\"auto\">Todo ello, omisiones sorprendentes.<\/span><\/p>\n<h4><strong><span dir=\"auto\">La navaja, el fuego y la cuerda: tab\u00faes absurdos<\/span><\/strong><\/h4>\n<p><span dir=\"auto\"><span class=\"\" dir=\"auto\">El listado oficial tampoco incluye una<span>\u00a0<\/span><\/span><\/span><strong><span dir=\"auto\"><span class=\"\" dir=\"auto\">navaja multiuso<\/span><\/span><\/strong><span dir=\"auto\"><span class=\"\" dir=\"auto\"><span>\u00a0<\/span>\u2014tal vez por miedo a parecer \u201cpeligrosos\u201d\u2014, ni mecheros, impermeables, ni pedernal, ni cinta adhesiva robusta, ni cuerda de paracaidista. Herramientas b\u00e1sicas para resolver imprevistos que, en cualquier gu\u00eda internacional, tambi\u00e9n en la de la UE, figuran como indispensables.<\/span><\/span><\/p>\n<p><span dir=\"auto\">Resulta incomprensible. Y preocupante.<\/span><\/p>\n<h4><strong><span dir=\"auto\"><span class=\"\" dir=\"auto\">Una oportunidad perdida\u2026 y un diagn\u00f3stico<\/span><\/span><\/strong><\/h4>\n<p><span dir=\"auto\"><span class=\"\" dir=\"auto\">La Generalitat dispone de una web donde ampl\u00eda la informaci\u00f3n. Pero despu\u00e9s de gastar miles y miles de euros en publicidad de baja utilidad, pod\u00eda haber invertido el mismo dinero en dar recomendaciones m\u00e1s pr\u00e1cticas y concretas a los ciudadanos en lugar de que en una l\u00ednea perdida en el texto se remita a una direcci\u00f3n de internet. El mensaje predominante es claro:<span>\u00a0<\/span><\/span><\/span><strong><span dir=\"auto\"><span class=\"\" dir=\"auto\">Catalu\u00f1a sigue sin una protecci\u00f3n civil real, efectiva y pedag\u00f3gica.<\/span><\/span><\/strong><\/p>\n<p><span dir=\"auto\"><span class=\"\" dir=\"auto\">Una idea acertada, una aplicaci\u00f3n lamentable. Y un s\u00edntoma m\u00e1s de la falta de cultura de emergencias en la que vivimos desde hace d\u00e9cadas, y una muestra m\u00e1s de un gobierno que dice mucho, pero no llega a casi ninguna parte.<\/span><\/span><\/p>\n<p><span dir=\"auto\"><span class=\"\" dir=\"auto\">El kit no es solo un objeto: es un aviso. Y, por ahora, tambi\u00e9n es una oportunidad malograda.<\/span><\/span><\/p>\n<span class='bctt-click-to-tweet'><span class='bctt-ctt-text'><a href='https:\/\/twitter.com\/intent\/tweet?url=https%3A%2F%2Fconversesacatalunya.cat%2Fes%2Fkit-emergencias-generalitat-critica%2F&#038;text=Tres%20litros%20de%20agua%20por%20d%C3%ADa%20dice%20la%20UE.%20La%20Generalitat%20recomienda%20uno%20y%20medio.%20%C2%BFAlguien%20puede%20explicarlo%3F%E2%80%9D%20%23Prevenci%C3%B3n%20%23Seguridad&#038;via=conversesacat&#038;related=conversesacat' target='_blank'rel=\"noopener noreferrer\">Tres litros de agua por d\u00eda dice la UE. La Generalitat recomienda uno y medio. \u00bfAlguien puede explicarlo?\u201d #Prevenci\u00f3n #Seguridad <\/a><\/span><a href='https:\/\/twitter.com\/intent\/tweet?url=https%3A%2F%2Fconversesacatalunya.cat%2Fes%2Fkit-emergencias-generalitat-critica%2F&#038;text=Tres%20litros%20de%20agua%20por%20d%C3%ADa%20dice%20la%20UE.%20La%20Generalitat%20recomienda%20uno%20y%20medio.%20%C2%BFAlguien%20puede%20explicarlo%3F%E2%80%9D%20%23Prevenci%C3%B3n%20%23Seguridad&#038;via=conversesacat&#038;related=conversesacat' target='_blank' class='bctt-ctt-btn'rel=\"noopener noreferrer\">Compartir en X<\/a><\/span>\n<div id=\"polls-307\" class=\"wp-polls\">\n\t<form id=\"polls_form_307\" class=\"wp-polls-form\" action=\"\/index.php\" method=\"post\">\n\t\t<p style=\"display: none;\"><input type=\"hidden\" id=\"poll_307_nonce\" name=\"wp-polls-nonce\" value=\"93ad0090a1\" \/><\/p>\n\t\t<p style=\"display: none;\"><input type=\"hidden\" name=\"poll_id\" value=\"307\" \/><\/p>\n\t\t<p style=\"text-align: center\"><strong>Pot repercutir d'una manera important a la UE el que formula el recent document d'Estrat\u00e8gia Exterior dels EUA que cont\u00e9 una forta cr\u00edtica a Europa?<\/strong><\/p><div id=\"polls-307-ans\" class=\"wp-polls-ans\"><ul class=\"wp-polls-ul\">\n\t\t<li><input type=\"radio\" id=\"poll-answer-878\" name=\"poll_307\" value=\"878\" \/> <label for=\"poll-answer-878\">S\u00ed<\/label><\/li>\n\t\t<li><input type=\"radio\" id=\"poll-answer-879\" name=\"poll_307\" value=\"879\" \/> <label for=\"poll-answer-879\">No<\/label><\/li>\n\t\t<li><input type=\"radio\" id=\"poll-answer-880\" name=\"poll_307\" value=\"880\" \/> <label for=\"poll-answer-880\">No ho s\u00e9<\/label><\/li>\n\t\t<\/ul><p style=\"text-align: center\"><input type=\"button\" name=\"vote\" value=\"   Vota   \" class=\"Buttons\" onclick=\"poll_vote(307);\" \/><\/p><p style=\"text-align: center\"><a href=\"#ViewPollResults\" onclick=\"poll_result(307); return false;\" title=\"View Results Of This Poll\">Mira els resultats<\/a><\/p><\/div>\n\t<\/form>\n<\/div>\n<div id=\"polls-307-loading\" class=\"wp-polls-loading\"><img decoding=\"async\" data-src=\"https:\/\/conversesacatalunya.cat\/wp-content\/plugins\/wp-polls\/images\/loading.gif\" width=\"16\" height=\"16\" alt=\"Cargando ...\" title=\"Cargando ...\" class=\"wp-polls-image lazyload\" src=\"data:image\/svg+xml;base64,PHN2ZyB3aWR0aD0iMSIgaGVpZ2h0PSIxIiB4bWxucz0iaHR0cDovL3d3dy53My5vcmcvMjAwMC9zdmciPjwvc3ZnPg==\" style=\"--smush-placeholder-width: 16px; --smush-placeholder-aspect-ratio: 16\/16;\" \/>&nbsp;Cargando ...<\/div>\n\n","protected":false},"excerpt":{"rendered":"<p>Catalu\u00f1a ha vivido siempre de espaldas a la protecci\u00f3n civil. No hay cultura de emergencias, ni pr\u00e1cticas en las escuelas, ni formaci\u00f3n generalizada en las empresas. Por eso, que\u00a0la Generalitat impulse un kit de emergencia podr\u00eda haber sido una excelente noticia:\u00a0el primer paso para construir una sociedad preparada, y no sorprendida, ante cualquier eventualidad. Pero entre la idea y su ejecuci\u00f3n se ha abierto un abismo.\u00a0Y lo que pod\u00eda ser una iniciativa necesaria se ha convertido, lamentablemente, en una vistosa campa\u00f1a, muy cara y poco \u00fatil. Publicidad vistosa, contenido escaso El Departamento de Interior ha desplegado p\u00e1ginas enteras de publicidad -algunas dobles- llenas de dibujos, esl\u00f3ganes y escudos institucionales. El presupuesto, grande; el valor pr\u00e1ctico, min\u00fasculo. La informaci\u00f3n esencial es dispersa, incompleta o directamente err\u00f3nea. Y, sobre todo, no responde al objetivo fundamental de un kit de emergencias:\u00a0dotar a las familias de autonom\u00eda real durante las primeras 72 horas. Cabe recordar que esta recomendaci\u00f3n de la Uni\u00f3n Europea nace, sobre todo, del escenario de alerta de una presunta y poco viable agresi\u00f3n de Rusia en el este de Europa. Pero resulta perfectamente aplicable a cat\u00e1strofes naturales o situaciones sobrevenidas. Una mochila por persona: la obviedad que no se explica Una de las omisiones m\u00e1s sorprendentes es no advertir expl\u00edcitamente de que el kit es\u00a0individual,\u00a0no familiar. Cada miembro del hogar necesita su propia mochila. No es un detalle menor: significa multiplicar por dos, tres o cuatro todo lo que se incluye. Sin esa informaci\u00f3n, el kit se hunde desde el primer minuto. El agua: el gran recorte incomprensible La Uni\u00f3n Europea recomienda\u00a0tres litros por persona y d\u00eda.\u00a0La Generalitat lo reduce a un litro y medio. La diferencia no es peque\u00f1a: es la diferencia entre resistir y no resistir. Adem\u00e1s, no se menciona una herramienta esencial en cualquier equipo de emergencia m\u00ednimamente serio:\u00a0elementos de potabilizaci\u00f3n de agua\u00a0, como tabletas o filtros port\u00e1tiles. Este punto, presente en todas las gu\u00edas europeas, es clave. Y aqu\u00ed, simplemente, no est\u00e1. Una mochila que pesa\u2026 pero sin lo que importa Cuando sumamos la ropa de repuesto, un impermeable, el saco o manta, la comida no perecedera, objetos de higiene y dem\u00e1s elementos recomendados, la mochila ya es voluminosa y pesada. Pero lo grave no es eso: es que\u00a0le faltan piezas cr\u00edticas. El listado europeo incluye un pitido para pedir ayuda en situaciones de riesgo. En Catalu\u00f1a, ni rastro. El botiqu\u00edn: la confusi\u00f3n servida Los anuncios institucionales presentan un botiqu\u00edn esquem\u00e1tico e insuficiente. La mayor\u00eda de personas no saben qu\u00e9 debe contener un botiqu\u00edn de emergencia completo, por lo que la responsabilidad de la Generalitat era ofrecer una gu\u00eda clara. Pero no aparecen: tijeras pinzas guantes de nitrilo o l\u00e1tex toallas antis\u00e9pticas venas el\u00e1sticas y ap\u00f3sitos variados imperdibles antihistam\u00ednicos term\u00f3metro la imprescindible manta t\u00e9rmica Todo ello, omisiones sorprendentes. La navaja, el fuego y la cuerda: tab\u00faes absurdos El listado oficial tampoco incluye una\u00a0navaja multiuso\u00a0\u2014tal vez por miedo a parecer \u201cpeligrosos\u201d\u2014, ni mecheros, impermeables, ni pedernal, ni cinta adhesiva robusta, ni cuerda de paracaidista. Herramientas b\u00e1sicas para resolver imprevistos que, en cualquier gu\u00eda internacional, tambi\u00e9n en la de la UE, figuran como indispensables. Resulta incomprensible. Y preocupante. Una oportunidad perdida\u2026 y un diagn\u00f3stico La Generalitat dispone de una web donde ampl\u00eda la informaci\u00f3n. Pero despu\u00e9s de gastar miles y miles de euros en publicidad de baja utilidad, pod\u00eda haber invertido el mismo dinero en dar recomendaciones m\u00e1s pr\u00e1cticas y concretas a los ciudadanos en lugar de que en una l\u00ednea perdida en el texto se remita a una direcci\u00f3n de internet. El mensaje predominante es claro:\u00a0Catalu\u00f1a sigue sin una protecci\u00f3n civil real, efectiva y pedag\u00f3gica. Una idea acertada, una aplicaci\u00f3n lamentable. Y un s\u00edntoma m\u00e1s de la falta de cultura de emergencias en la que vivimos desde hace d\u00e9cadas, y una muestra m\u00e1s de un gobierno que dice mucho, pero no llega a casi ninguna parte. El kit no es solo un objeto: es un aviso. Y, por ahora, tambi\u00e9n es una oportunidad malograda.<\/p>\n","protected":false},"author":78,"featured_media":94604,"comment_status":"open","ping_status":"open","sticky":false,"template":"","format":"standard","meta":{"_FSMCFIC_featured_image_caption":"","_FSMCFIC_featured_image_nocaption":"","_FSMCFIC_featured_image_hide":"","footnotes":""},"categories":[806],"tags":[],"class_list":["post-94608","post","type-post","status-publish","format-standard","has-post-thumbnail","hentry","category-punts-claus-del-dia-es"],"yoast_head":"<!-- This site is optimized with the Yoast SEO plugin v26.8 - https:\/\/yoast.com\/product\/yoast-seo-wordpress\/ -->\n<title>La broma del kit de emergencias: cuando la Generalitat confunde prevenci\u00f3n con publicidad - Converses a Catalunya<\/title>\n<meta name=\"description\" content=\"An\u00e1lisis del kit de emergencias de la Generalitat. Qu\u00e9 dice la UE, qu\u00e9 recomienda la Generalitat y por qu\u00e9 el resultado es insuficiente.\" \/>\n<meta name=\"robots\" content=\"index, follow, max-snippet:-1, max-image-preview:large, max-video-preview:-1\" \/>\n<link rel=\"canonical\" href=\"https:\/\/conversesacatalunya.cat\/es\/kit-emergencias-generalitat-critica\/\" \/>\n<meta property=\"og:locale\" content=\"es_ES\" \/>\n<meta property=\"og:type\" content=\"article\" \/>\n<meta property=\"og:title\" content=\"La broma del kit de emergencias: cuando la Generalitat confunde prevenci\u00f3n con publicidad - Converses a Catalunya\" \/>\n<meta property=\"og:description\" content=\"An\u00e1lisis del kit de emergencias de la Generalitat. Qu\u00e9 dice la UE, qu\u00e9 recomienda la Generalitat y por qu\u00e9 el resultado es insuficiente.\" \/>\n<meta property=\"og:url\" content=\"https:\/\/conversesacatalunya.cat\/es\/kit-emergencias-generalitat-critica\/\" \/>\n<meta property=\"og:site_name\" content=\"Converses a Catalunya\" \/>\n<meta property=\"article:published_time\" content=\"2025-12-10T13:40:49+00:00\" \/>\n<meta property=\"article:modified_time\" content=\"2025-12-10T14:04:22+00:00\" \/>\n<meta property=\"og:image\" content=\"https:\/\/conversesacatalunya.cat\/wp-content\/uploads\/2025\/12\/Kit-emergencies.jpg\" \/>\n\t<meta property=\"og:image:width\" content=\"894\" \/>\n\t<meta property=\"og:image:height\" content=\"894\" \/>\n\t<meta property=\"og:image:type\" content=\"image\/jpeg\" \/>\n<meta name=\"author\" content=\"Joan Masip\" \/>\n<meta name=\"twitter:card\" content=\"summary_large_image\" \/>\n<meta name=\"twitter:label1\" content=\"Escrito por\" \/>\n\t<meta name=\"twitter:data1\" content=\"Joan Masip\" \/>\n\t<meta name=\"twitter:label2\" content=\"Tiempo de lectura\" \/>\n\t<meta name=\"twitter:data2\" content=\"4 minutos\" \/>\n<script type=\"application\/ld+json\" class=\"yoast-schema-graph\">{\"@context\":\"https:\/\/schema.org\",\"@graph\":[{\"@type\":\"Article\",\"@id\":\"https:\/\/conversesacatalunya.cat\/es\/kit-emergencias-generalitat-critica\/#article\",\"isPartOf\":{\"@id\":\"https:\/\/conversesacatalunya.cat\/es\/kit-emergencias-generalitat-critica\/\"},\"author\":{\"name\":\"Joan Masip\",\"@id\":\"https:\/\/conversesacatalunya.cat\/#\/schema\/person\/311d0bf53def217d5124c78a7bc42275\"},\"headline\":\"La broma del kit de emergencias: cuando la Generalitat confunde prevenci\u00f3n con publicidad\",\"datePublished\":\"2025-12-10T13:40:49+00:00\",\"dateModified\":\"2025-12-10T14:04:22+00:00\",\"mainEntityOfPage\":{\"@id\":\"https:\/\/conversesacatalunya.cat\/es\/kit-emergencias-generalitat-critica\/\"},\"wordCount\":779,\"commentCount\":0,\"image\":{\"@id\":\"https:\/\/conversesacatalunya.cat\/es\/kit-emergencias-generalitat-critica\/#primaryimage\"},\"thumbnailUrl\":\"https:\/\/conversesacatalunya.cat\/wp-content\/uploads\/2025\/12\/Kit-emergencies.jpg\",\"articleSection\":[\"Punts clau del dia (ES)\"],\"inLanguage\":\"es\",\"potentialAction\":[{\"@type\":\"CommentAction\",\"name\":\"Comment\",\"target\":[\"https:\/\/conversesacatalunya.cat\/es\/kit-emergencias-generalitat-critica\/#respond\"]}]},{\"@type\":\"WebPage\",\"@id\":\"https:\/\/conversesacatalunya.cat\/es\/kit-emergencias-generalitat-critica\/\",\"url\":\"https:\/\/conversesacatalunya.cat\/es\/kit-emergencias-generalitat-critica\/\",\"name\":\"La broma del kit de emergencias: cuando la Generalitat confunde prevenci\u00f3n con publicidad - Converses a Catalunya\",\"isPartOf\":{\"@id\":\"https:\/\/conversesacatalunya.cat\/#website\"},\"primaryImageOfPage\":{\"@id\":\"https:\/\/conversesacatalunya.cat\/es\/kit-emergencias-generalitat-critica\/#primaryimage\"},\"image\":{\"@id\":\"https:\/\/conversesacatalunya.cat\/es\/kit-emergencias-generalitat-critica\/#primaryimage\"},\"thumbnailUrl\":\"https:\/\/conversesacatalunya.cat\/wp-content\/uploads\/2025\/12\/Kit-emergencies.jpg\",\"datePublished\":\"2025-12-10T13:40:49+00:00\",\"dateModified\":\"2025-12-10T14:04:22+00:00\",\"author\":{\"@id\":\"https:\/\/conversesacatalunya.cat\/#\/schema\/person\/311d0bf53def217d5124c78a7bc42275\"},\"description\":\"An\u00e1lisis del kit de emergencias de la Generalitat. Qu\u00e9 dice la UE, qu\u00e9 recomienda la Generalitat y por qu\u00e9 el resultado es insuficiente.\",\"breadcrumb\":{\"@id\":\"https:\/\/conversesacatalunya.cat\/es\/kit-emergencias-generalitat-critica\/#breadcrumb\"},\"inLanguage\":\"es\",\"potentialAction\":[{\"@type\":\"ReadAction\",\"target\":[\"https:\/\/conversesacatalunya.cat\/es\/kit-emergencias-generalitat-critica\/\"]}]},{\"@type\":\"ImageObject\",\"inLanguage\":\"es\",\"@id\":\"https:\/\/conversesacatalunya.cat\/es\/kit-emergencias-generalitat-critica\/#primaryimage\",\"url\":\"https:\/\/conversesacatalunya.cat\/wp-content\/uploads\/2025\/12\/Kit-emergencies.jpg\",\"contentUrl\":\"https:\/\/conversesacatalunya.cat\/wp-content\/uploads\/2025\/12\/Kit-emergencies.jpg\",\"width\":894,\"height\":894,\"caption\":\"kit emergencias Generalitat\"},{\"@type\":\"BreadcrumbList\",\"@id\":\"https:\/\/conversesacatalunya.cat\/es\/kit-emergencias-generalitat-critica\/#breadcrumb\",\"itemListElement\":[{\"@type\":\"ListItem\",\"position\":1,\"name\":\"Inici\",\"item\":\"https:\/\/conversesacatalunya.cat\/es\/\"},{\"@type\":\"ListItem\",\"position\":2,\"name\":\"La broma del kit de emergencias: cuando la Generalitat confunde prevenci\u00f3n con publicidad\"}]},{\"@type\":\"WebSite\",\"@id\":\"https:\/\/conversesacatalunya.cat\/#website\",\"url\":\"https:\/\/conversesacatalunya.cat\/\",\"name\":\"Converses a Catalunya\",\"description\":\"\",\"potentialAction\":[{\"@type\":\"SearchAction\",\"target\":{\"@type\":\"EntryPoint\",\"urlTemplate\":\"https:\/\/conversesacatalunya.cat\/?s={search_term_string}\"},\"query-input\":{\"@type\":\"PropertyValueSpecification\",\"valueRequired\":true,\"valueName\":\"search_term_string\"}}],\"inLanguage\":\"es\"},{\"@type\":\"Person\",\"@id\":\"https:\/\/conversesacatalunya.cat\/#\/schema\/person\/311d0bf53def217d5124c78a7bc42275\",\"name\":\"Joan Masip\",\"image\":{\"@type\":\"ImageObject\",\"inLanguage\":\"es\",\"@id\":\"https:\/\/conversesacatalunya.cat\/#\/schema\/person\/image\/\",\"url\":\"https:\/\/conversesacatalunya.cat\/wp-content\/litespeed\/avatar\/fa67b994763cff7d443f54b63ec96481.jpg?ver=1777372547\",\"contentUrl\":\"https:\/\/conversesacatalunya.cat\/wp-content\/litespeed\/avatar\/fa67b994763cff7d443f54b63ec96481.jpg?ver=1777372547\",\"caption\":\"Joan Masip\"},\"url\":\"https:\/\/conversesacatalunya.cat\/es\/author\/joan-masip\/\"}]}<\/script>\n<!-- \/ Yoast SEO plugin. -->","yoast_head_json":{"title":"La broma del kit de emergencias: cuando la Generalitat confunde prevenci\u00f3n con publicidad - Converses a Catalunya","description":"An\u00e1lisis del kit de emergencias de la Generalitat. Qu\u00e9 dice la UE, qu\u00e9 recomienda la Generalitat y por qu\u00e9 el resultado es insuficiente.","robots":{"index":"index","follow":"follow","max-snippet":"max-snippet:-1","max-image-preview":"max-image-preview:large","max-video-preview":"max-video-preview:-1"},"canonical":"https:\/\/conversesacatalunya.cat\/es\/kit-emergencias-generalitat-critica\/","og_locale":"es_ES","og_type":"article","og_title":"La broma del kit de emergencias: cuando la Generalitat confunde prevenci\u00f3n con publicidad - Converses a Catalunya","og_description":"An\u00e1lisis del kit de emergencias de la Generalitat. Qu\u00e9 dice la UE, qu\u00e9 recomienda la Generalitat y por qu\u00e9 el resultado es insuficiente.","og_url":"https:\/\/conversesacatalunya.cat\/es\/kit-emergencias-generalitat-critica\/","og_site_name":"Converses a Catalunya","article_published_time":"2025-12-10T13:40:49+00:00","article_modified_time":"2025-12-10T14:04:22+00:00","og_image":[{"width":894,"height":894,"url":"https:\/\/conversesacatalunya.cat\/wp-content\/uploads\/2025\/12\/Kit-emergencies.jpg","type":"image\/jpeg"}],"author":"Joan Masip","twitter_card":"summary_large_image","twitter_misc":{"Escrito por":"Joan Masip","Tiempo de lectura":"4 minutos"},"schema":{"@context":"https:\/\/schema.org","@graph":[{"@type":"Article","@id":"https:\/\/conversesacatalunya.cat\/es\/kit-emergencias-generalitat-critica\/#article","isPartOf":{"@id":"https:\/\/conversesacatalunya.cat\/es\/kit-emergencias-generalitat-critica\/"},"author":{"name":"Joan Masip","@id":"https:\/\/conversesacatalunya.cat\/#\/schema\/person\/311d0bf53def217d5124c78a7bc42275"},"headline":"La broma del kit de emergencias: cuando la Generalitat confunde prevenci\u00f3n con publicidad","datePublished":"2025-12-10T13:40:49+00:00","dateModified":"2025-12-10T14:04:22+00:00","mainEntityOfPage":{"@id":"https:\/\/conversesacatalunya.cat\/es\/kit-emergencias-generalitat-critica\/"},"wordCount":779,"commentCount":0,"image":{"@id":"https:\/\/conversesacatalunya.cat\/es\/kit-emergencias-generalitat-critica\/#primaryimage"},"thumbnailUrl":"https:\/\/conversesacatalunya.cat\/wp-content\/uploads\/2025\/12\/Kit-emergencies.jpg","articleSection":["Punts clau del dia (ES)"],"inLanguage":"es","potentialAction":[{"@type":"CommentAction","name":"Comment","target":["https:\/\/conversesacatalunya.cat\/es\/kit-emergencias-generalitat-critica\/#respond"]}]},{"@type":"WebPage","@id":"https:\/\/conversesacatalunya.cat\/es\/kit-emergencias-generalitat-critica\/","url":"https:\/\/conversesacatalunya.cat\/es\/kit-emergencias-generalitat-critica\/","name":"La broma del kit de emergencias: cuando la Generalitat confunde prevenci\u00f3n con publicidad - Converses a Catalunya","isPartOf":{"@id":"https:\/\/conversesacatalunya.cat\/#website"},"primaryImageOfPage":{"@id":"https:\/\/conversesacatalunya.cat\/es\/kit-emergencias-generalitat-critica\/#primaryimage"},"image":{"@id":"https:\/\/conversesacatalunya.cat\/es\/kit-emergencias-generalitat-critica\/#primaryimage"},"thumbnailUrl":"https:\/\/conversesacatalunya.cat\/wp-content\/uploads\/2025\/12\/Kit-emergencies.jpg","datePublished":"2025-12-10T13:40:49+00:00","dateModified":"2025-12-10T14:04:22+00:00","author":{"@id":"https:\/\/conversesacatalunya.cat\/#\/schema\/person\/311d0bf53def217d5124c78a7bc42275"},"description":"An\u00e1lisis del kit de emergencias de la Generalitat. Qu\u00e9 dice la UE, qu\u00e9 recomienda la Generalitat y por qu\u00e9 el resultado es insuficiente.","breadcrumb":{"@id":"https:\/\/conversesacatalunya.cat\/es\/kit-emergencias-generalitat-critica\/#breadcrumb"},"inLanguage":"es","potentialAction":[{"@type":"ReadAction","target":["https:\/\/conversesacatalunya.cat\/es\/kit-emergencias-generalitat-critica\/"]}]},{"@type":"ImageObject","inLanguage":"es","@id":"https:\/\/conversesacatalunya.cat\/es\/kit-emergencias-generalitat-critica\/#primaryimage","url":"https:\/\/conversesacatalunya.cat\/wp-content\/uploads\/2025\/12\/Kit-emergencies.jpg","contentUrl":"https:\/\/conversesacatalunya.cat\/wp-content\/uploads\/2025\/12\/Kit-emergencies.jpg","width":894,"height":894,"caption":"kit emergencias Generalitat"},{"@type":"BreadcrumbList","@id":"https:\/\/conversesacatalunya.cat\/es\/kit-emergencias-generalitat-critica\/#breadcrumb","itemListElement":[{"@type":"ListItem","position":1,"name":"Inici","item":"https:\/\/conversesacatalunya.cat\/es\/"},{"@type":"ListItem","position":2,"name":"La broma del kit de emergencias: cuando la Generalitat confunde prevenci\u00f3n con publicidad"}]},{"@type":"WebSite","@id":"https:\/\/conversesacatalunya.cat\/#website","url":"https:\/\/conversesacatalunya.cat\/","name":"Converses a Catalunya","description":"","potentialAction":[{"@type":"SearchAction","target":{"@type":"EntryPoint","urlTemplate":"https:\/\/conversesacatalunya.cat\/?s={search_term_string}"},"query-input":{"@type":"PropertyValueSpecification","valueRequired":true,"valueName":"search_term_string"}}],"inLanguage":"es"},{"@type":"Person","@id":"https:\/\/conversesacatalunya.cat\/#\/schema\/person\/311d0bf53def217d5124c78a7bc42275","name":"Joan Masip","image":{"@type":"ImageObject","inLanguage":"es","@id":"https:\/\/conversesacatalunya.cat\/#\/schema\/person\/image\/","url":"https:\/\/conversesacatalunya.cat\/wp-content\/litespeed\/avatar\/fa67b994763cff7d443f54b63ec96481.jpg?ver=1777372547","contentUrl":"https:\/\/conversesacatalunya.cat\/wp-content\/litespeed\/avatar\/fa67b994763cff7d443f54b63ec96481.jpg?ver=1777372547","caption":"Joan Masip"},"url":"https:\/\/conversesacatalunya.cat\/es\/author\/joan-masip\/"}]}},"wps_subtitle":"Entre la idea y su ejecuci\u00f3n se ha abierto un abismo. Y lo que pod\u00eda ser una iniciativa necesaria se ha convertido, lamentablemente, en una vistosa campa\u00f1a, muy cara y poco \u00fatil.","_links":{"self":[{"href":"https:\/\/conversesacatalunya.cat\/es\/wp-json\/wp\/v2\/posts\/94608","targetHints":{"allow":["GET"]}}],"collection":[{"href":"https:\/\/conversesacatalunya.cat\/es\/wp-json\/wp\/v2\/posts"}],"about":[{"href":"https:\/\/conversesacatalunya.cat\/es\/wp-json\/wp\/v2\/types\/post"}],"author":[{"embeddable":true,"href":"https:\/\/conversesacatalunya.cat\/es\/wp-json\/wp\/v2\/users\/78"}],"replies":[{"embeddable":true,"href":"https:\/\/conversesacatalunya.cat\/es\/wp-json\/wp\/v2\/comments?post=94608"}],"version-history":[{"count":4,"href":"https:\/\/conversesacatalunya.cat\/es\/wp-json\/wp\/v2\/posts\/94608\/revisions"}],"predecessor-version":[{"id":94613,"href":"https:\/\/conversesacatalunya.cat\/es\/wp-json\/wp\/v2\/posts\/94608\/revisions\/94613"}],"wp:featuredmedia":[{"embeddable":true,"href":"https:\/\/conversesacatalunya.cat\/es\/wp-json\/wp\/v2\/media\/94604"}],"wp:attachment":[{"href":"https:\/\/conversesacatalunya.cat\/es\/wp-json\/wp\/v2\/media?parent=94608"}],"wp:term":[{"taxonomy":"category","embeddable":true,"href":"https:\/\/conversesacatalunya.cat\/es\/wp-json\/wp\/v2\/categories?post=94608"},{"taxonomy":"post_tag","embeddable":true,"href":"https:\/\/conversesacatalunya.cat\/es\/wp-json\/wp\/v2\/tags?post=94608"}],"curies":[{"name":"wp","href":"https:\/\/api.w.org\/{rel}","templated":true}]}}