{"id":94594,"date":"2025-12-10T08:30:08","date_gmt":"2025-12-10T07:30:08","guid":{"rendered":"https:\/\/conversesacatalunya.cat\/?p=94594"},"modified":"2025-12-10T06:16:55","modified_gmt":"2025-12-10T05:16:55","slug":"catalanes-no-escandalizaros","status":"publish","type":"post","link":"https:\/\/conversesacatalunya.cat\/es\/catalanes-no-escandalizaros\/","title":{"rendered":"Catalanes, no escandalizaros\u2026"},"content":{"rendered":"<p><span dir=\"auto\"><span class=\"VIpgJd-yAWNEb-VIpgJd-fmcmS-sn54Q\" dir=\"auto\">Catalanes, no escandalizaros. O si quiere, escandalizarse un poco, pero sin exagerar, que siempre queda feo. Porque, al fin y al cabo, parece que hemos olvidado el principio m\u00e1s elemental de todos:<span>\u00a0<\/span><\/span><\/span><strong><span dir=\"auto\"><span class=\"VIpgJd-yAWNEb-VIpgJd-fmcmS-sn54Q\" dir=\"auto\">el dinero que gastan los gobiernos \u2014todo, desde el consistorio m\u00e1s peque\u00f1o hasta el palacio madrile\u00f1o m\u00e1s iluminado\u2014 sale de nuestros bolsillos.<\/span><\/span><\/strong><span dir=\"auto\"><span class=\"VIpgJd-yAWNEb-VIpgJd-fmcmS-sn54Q\" dir=\"auto\"><span>\u00a0<\/span>De los bolsillos que se llenan lentamente y se vac\u00edan deprisa. De los bolsillos que se llenan trabajando y se vac\u00edan pagando.<\/span><\/span><\/p>\n<p><strong><span dir=\"auto\">Porque el fisco no espera. La vida tampoco.<\/span><\/strong><\/p>\n<p><span dir=\"auto\"><span class=\"VIpgJd-yAWNEb-VIpgJd-fmcmS-sn54Q\" dir=\"auto\">Y, como si no fuera suficiente, tenemos esa <strong>inflaci\u00f3n persistente,<\/strong> que es como ese invitado indeseable que llega tarde a la cena y se queda a dormir. Nos dicen: \u201c\u00a1Vamos bien, solo un 3%!\u201d. Ah, \u00bfs\u00ed? Un 3% que se a\u00f1ade al 2,5% del pasado a\u00f1o, y al 4% del de antes, y al 5% del post-Covid. La aritm\u00e9tica es blanda para los poetas, pero es dur\u00edsima para la gente normal.<span>\u00a0<\/span><\/span><\/span><strong><span dir=\"auto\"><span class=\"VIpgJd-yAWNEb-VIpgJd-fmcmS-sn54Q\" dir=\"auto\">El resultado es una p\u00e9rdida de capacidad de compra colosal.<\/span><\/span><\/strong><span dir=\"auto\"><span class=\"VIpgJd-yAWNEb-VIpgJd-fmcmS-sn54Q\" dir=\"auto\"><span>\u00a0<\/span>Gastamos lo mismo, obtenemos menos. Matem\u00e1ticamente impecable; vitalmente ruinoso.<\/span><\/span><\/p>\n<p><span dir=\"auto\"><span class=\"VIpgJd-yAWNEb-VIpgJd-fmcmS-sn54Q\" dir=\"auto\">Por si fuera poco, llegan<span>\u00a0<\/span><\/span><\/span><strong><span dir=\"auto\"><span class=\"VIpgJd-yAWNEb-VIpgJd-fmcmS-sn54Q\" dir=\"auto\">impuestos y tasas,<\/span><\/span><\/strong><span dir=\"auto\"><span class=\"VIpgJd-yAWNEb-VIpgJd-fmcmS-sn54Q\" dir=\"auto\">\u00a0que<span>\u00a0<\/span><\/span><\/span><strong><span dir=\"auto\"><span class=\"VIpgJd-yAWNEb-VIpgJd-fmcmS-sn54Q\" dir=\"auto\">suben al ritmo de la inflaci\u00f3n,<\/span><\/span><\/strong><span dir=\"auto\"><span class=\"VIpgJd-yAWNEb-VIpgJd-fmcmS-sn54Q\" dir=\"auto\">\u00a0es decir, suben solos, sin que nadie tenga que dar explicaciones. Es la magia del recaudador moderno: todo incremento es discreto, silencioso, y perfectamente justificable\u2026 hasta que<span>\u00a0<\/span><\/span><\/span><strong><span dir=\"auto\"><span class=\"VIpgJd-yAWNEb-VIpgJd-fmcmS-sn54Q\" dir=\"auto\">te das cuenta de que pagas m\u00e1s por vivir peor.<\/span><\/span><\/strong><\/p>\n<p><span dir=\"auto\">Hace a\u00f1os que economistas de todos los colores piden<span>\u00a0<\/span><\/span><strong><span dir=\"auto\">deflactar los<\/span><\/strong><span dir=\"auto\"><span>\u00a0<\/span>impuestos: ajustarlos a la inflaci\u00f3n, es decir, que<span>\u00a0<\/span><\/span><span dir=\"auto\">el <a href=\"https:\/\/conversesacatalunya.cat\/es\/gobierno-sanchez-crecimiento-sin-bienestar-ni-justicia-social\/\" target=\"_blank\" rel=\"noopener\">Estado no se haga rico artificialmente<\/a>.<\/span><span dir=\"auto\"> Pero ni el gobierno Illa ni el Gobierno S\u00e1nchez est\u00e1n por el trabajo. El objetivo es mucho m\u00e1s noble, solo faltar\u00eda:<span>\u00a0<\/span><\/span><strong><span dir=\"auto\">disponer del m\u00e1ximo dinero posible para redistribuirlo\u2026 cuanto mejor les parezca.<\/span><\/strong><\/p>\n<h5><span dir=\"auto\">Record\u00e9moslo: el<span>\u00a0<\/span><\/span><strong><span dir=\"auto\">poder sirve, sobre todo, a quienes lo tienen.<\/span><\/strong><\/h5>\n<p><span dir=\"auto\"><span class=\"VIpgJd-yAWNEb-VIpgJd-fmcmS-sn54Q\" dir=\"auto\">Y si, al menos, nuestros gobernantes gastaran con discreci\u00f3n, disciplina y sentido com\u00fan, todav\u00eda har\u00edamos un esfuerzo por sonre\u00edr. Pero no es el caso.<\/span><\/span><\/p>\n<h4><strong><span dir=\"auto\">La barra libre institucional<\/span><\/strong><\/h4>\n<p><span dir=\"auto\">F\u00edjese un momento en la prensa, la radio, los portales digitales.<span>\u00a0<\/span><\/span><strong><span dir=\"auto\">Publicidad institucional a raudales.<\/span><\/strong><span dir=\"auto\"><span>\u00a0<\/span>Una fina lluvia de campa\u00f1as p\u00fablicas que no buscan informar, sino decorar. Anuncios de la Generalitat, del Gobierno de Espa\u00f1a, del Ayuntamiento, y de la Diputaci\u00f3n\u2026 todos con el mismo objetivo: explicarnos lo bien gobernados que estamos.<\/span><\/p>\n<p><span dir=\"auto\">Desgraciadamente para ellos, algunos todav\u00eda sabemos leer.<\/span><\/p>\n<p><span dir=\"auto\"><span class=\"VIpgJd-yAWNEb-VIpgJd-fmcmS-sn54Q\" dir=\"auto\">Ahora mismo, por ejemplo, llevamos<span>\u00a0<\/span><\/span><\/span><strong><span dir=\"auto\"><span class=\"VIpgJd-yAWNEb-VIpgJd-fmcmS-sn54Q\" dir=\"auto\">d\u00edas de campa\u00f1a feminista.<\/span><\/span><\/strong><span dir=\"auto\"><span class=\"VIpgJd-yAWNEb-VIpgJd-fmcmS-sn54Q\" dir=\"auto\">\u00a0Cuando se trata de extender la bandera ideol\u00f3gica,<span>\u00a0<\/span><\/span><\/span><strong><span dir=\"auto\"><span class=\"VIpgJd-yAWNEb-VIpgJd-fmcmS-sn54Q\" dir=\"auto\">hay barra libre,<\/span><\/span><\/strong><span dir=\"auto\"><span class=\"VIpgJd-yAWNEb-VIpgJd-fmcmS-sn54Q\" dir=\"auto\">\u00a0y la caja es grande. Siempre es grande cuando el dinero es de los dem\u00e1s.<\/span><\/span><\/p>\n<p><span dir=\"auto\">Y ya que hablamos de dinero, no nos olvidemos del<span>\u00a0<b>Gobierno S\u00e1nchez,<\/b><\/span><\/span><span dir=\"auto\">\u00a0que ha pactado con los funcionarios un incremento salarial de m\u00e1s del 11%<span>\u00a0<\/span><\/span><strong><span dir=\"auto\"> en cuatro a\u00f1os,<\/span><\/strong><span dir=\"auto\">\u00a0lo que no deja de sorprender si tenemos en cuenta que<span>\u00a0<\/span><\/span><strong><span dir=\"auto\">los salarios p\u00fablicos ya superan en m\u00e1s del 50% los del sector privado.<\/span><\/strong><span dir=\"auto\">\u00a0El poder crea su propio ecosistema: quienes dependen de \u00e9l prosperan; quienes lo pagan \u2014todos nosotros\u2014 hacen manos y mangas para llegar a fin de mes.<\/span><\/p>\n<h4><strong><span dir=\"auto\">El mundo maravilloso de las subvenciones p\u00fablicas<\/span><\/strong><\/h4>\n<p><span dir=\"auto\"><span class=\"VIpgJd-yAWNEb-VIpgJd-fmcmS-sn54Q\" dir=\"auto\">Hay grupos que son<span>\u00a0<\/span><\/span><\/span><strong><span dir=\"auto\"><span class=\"VIpgJd-yAWNEb-VIpgJd-fmcmS-sn54Q\" dir=\"auto\">rentistas del presupuesto.<\/span><\/span><\/strong><span dir=\"auto\"><span class=\"VIpgJd-yAWNEb-VIpgJd-fmcmS-sn54Q\" dir=\"auto\">\u00a0Por ideolog\u00eda, por proximidad, por fidelidad. Est\u00e1n conectados a la m\u00e1quina p\u00fablica como un smartphone en el cargador.<\/span><\/span><\/p>\n<p><span dir=\"auto\">Vea el caso \u2014del todo ejemplar\u2014 de la<span>\u00a0<\/span><\/span><strong><span dir=\"auto\">Cooperaci\u00f3n Internacional de la Generalitat,<\/span><\/strong><span dir=\"auto\">\u00a0que ha regalado m\u00e1s de<span>\u00a0<\/span><\/span><strong><span dir=\"auto\">38 millones de euros<\/span><\/strong><span dir=\"auto\"><span>\u00a0<\/span>en proyectos tan necesarios como:<\/span><\/p>\n<ul>\n<li><span dir=\"auto\">700.000 \u20ac para algo que se llama<span>\u00a0<\/span><\/span><em><span dir=\"auto\">Nuevas miradas por la acci\u00f3n.<\/span><\/em><\/li>\n<li><span dir=\"auto\">700.000 \u20ac m\u00e1s en<span>\u00a0<\/span><\/span><em><span dir=\"auto\">resistencias globales.<\/span><\/em><\/li>\n<li><span dir=\"auto\">852.000\u202f\u20ac por<span>\u00a0<\/span><\/span><em><span dir=\"auto\">resistencias en red<\/span><\/em><span dir=\"auto\"><span>\u00a0<\/span>(otra resistencia, pero m\u00e1s moderna).<\/span><\/li>\n<li><span dir=\"auto\">1.000.000 \u20ac para otra \u201dresistencia\u201d la del<span>\u00a0<\/span><\/span><em><span dir=\"auto\">feminismo en \u00c1frica Occidental.<\/span><\/em><\/li>\n<\/ul>\n<p><strong><span dir=\"auto\">Y as\u00ed vamos haciendo. Vea la tabla adjunta<\/span><\/strong><\/p>\n<p><img fetchpriority=\"high\" decoding=\"async\" class=\"alignnone wp-image-94436 size-full\" src=\"https:\/\/conversesacatalunya.cat\/wp-content\/uploads\/2025\/12\/Imagen1-1.jpg\" alt=\"\" width=\"742\" height=\"1101\" srcset=\"https:\/\/conversesacatalunya.cat\/wp-content\/uploads\/2025\/12\/Imagen1-1.jpg 742w, https:\/\/conversesacatalunya.cat\/wp-content\/uploads\/2025\/12\/Imagen1-1-202x300.jpg 202w, https:\/\/conversesacatalunya.cat\/wp-content\/uploads\/2025\/12\/Imagen1-1-690x1024.jpg 690w\" sizes=\"(max-width: 742px) 100vw, 742px\" \/><\/p>\n<p><span dir=\"auto\"><span class=\"VIpgJd-yAWNEb-VIpgJd-fmcmS-sn54Q\" dir=\"auto\">Todo muy edificante, muy solidario y sobre todo muy lejano. El inconveniente es que estos millones salen de aqu\u00ed, de nuestras facturas, y no de los monederos de quienes firman las resoluciones.<\/span><\/span><\/p>\n<h4><strong><span dir=\"auto\">Los medios: la boca que no muerde la mano<\/span><\/strong><\/h4>\n<p><span dir=\"auto\">Y, por supuesto, existe el otro gran pilar del sistema:<span>\u00a0<\/span><\/span><strong><span dir=\"auto\">los medios de comunicaci\u00f3n subvencionados,<\/span><\/strong><span dir=\"auto\">\u00a0que, por una extra\u00f1a casualidad, acaban siendo muy amables con aquellos que los pagan.<\/span><\/p>\n<p><strong><span dir=\"auto\">Algunos datos sobre el \u00faltimo incremento anual<\/span><\/strong><\/p>\n<ul>\n<li><span dir=\"auto\">RAC1:<span>\u00a0<\/span><\/span><strong><span dir=\"auto\">+265%<\/span><\/strong><span dir=\"auto\"><span>\u00a0<\/span>de subvenci\u00f3n en un a\u00f1o.<\/span><\/li>\n<li><span dir=\"auto\">La Vanguardia:<span>\u00a0<\/span><\/span><strong><span dir=\"auto\">+54%<\/span><\/strong><span dir=\"auto\"><span>\u00a0<\/span>en un a\u00f1o.<\/span><\/li>\n<li><span dir=\"auto\">El Punt Avui:<span>\u00a0<\/span><\/span><strong><span dir=\"auto\">+47%.<\/span><\/strong><\/li>\n<li><span dir=\"auto\">Diari Ara:<span>\u00a0<\/span><\/span><strong><span dir=\"auto\">+47%.<\/span><\/strong><\/li>\n<\/ul>\n<p><span dir=\"auto\">Luego alguien se extra\u00f1a que el \u201crelato\u201d fluya con suavidad, que la cr\u00edtica sea tibia, que los errores del gobierno queden amortiguados, o que la crisis de la<span>\u00a0<\/span><\/span><strong><span dir=\"auto\">peste porcina africana<\/span><\/strong><span dir=\"auto\"><span>\u00a0<\/span>\u2013por falta de control de los jabal\u00edes\u2013 no tenga ahora responsable.<\/span><\/p>\n<h4><strong><span dir=\"auto\">Una democracia sin control de caja<\/span><\/strong><\/h4>\n<p><span dir=\"auto\"><span class=\"VIpgJd-yAWNEb-VIpgJd-fmcmS-sn54Q\" dir=\"auto\">Nos han vendido que un presupuesto aprobado es sin\u00f3nimo de buen gobierno. Pero el problema no es \u00fanicamente aprobarlo en tiempo y forma, cosa cada vez m\u00e1s infrecuente:<span>\u00a0<\/span><\/span><\/span><strong><span dir=\"auto\"><span class=\"VIpgJd-yAWNEb-VIpgJd-fmcmS-sn54Q\" dir=\"auto\">es ejecutarlo con control, rigor y honestidad.<\/span><\/span><\/strong><\/p>\n<p><span dir=\"auto\">Aqu\u00ed es donde la democracia catalana -y la espa\u00f1ola- hace aguas. El<span>\u00a0<\/span><\/span><strong><span dir=\"auto\">control presupuestario real<\/span><\/strong><span dir=\"auto\"><span>\u00a0<\/span>no existe: Todo es un ejercicio de acompa\u00f1amiento pol\u00edtico, no de fiscalizaci\u00f3n.<\/span><\/p>\n<p><span dir=\"auto\">Y luego se escandalizan porque<span>\u00a0<\/span><\/span><strong><span dir=\"auto\">el populismo crece.<\/span><\/strong><span dir=\"auto\">\u00a0Como si fuera una seta. Pero no es una seta: es el resultado natural de una ciudadan\u00eda que ve como una minor\u00eda privilegiada vive del dinero p\u00fablico, de los subsidios, de las puertas giratorias y del carnet del partido. Y el resto se dedica a trabajar y pagar.<\/span><\/p>\n<p><span dir=\"auto\">Catalanes, no escandalizaros.<span>\u00a0<\/span><\/span><strong><span dir=\"auto\">Indignaos, que es mucho m\u00e1s saludable.<\/span><\/strong><\/p>\n<span class='bctt-click-to-tweet'><span class='bctt-ctt-text'><a href='https:\/\/twitter.com\/intent\/tweet?url=https%3A%2F%2Fconversesacatalunya.cat%2Fes%2Fcatalanes-no-escandalizaros%2F&#038;text=El%20control%20presupuestario%20real%20no%20existe%3A%20Todo%20es%20un%20ejercicio%20de%20acompa%C3%B1amiento%20pol%C3%ADtico%2C%20no%20de%20fiscalizaci%C3%B3n.&#038;via=conversesacat&#038;related=conversesacat' target='_blank'rel=\"noopener noreferrer\">El control presupuestario real no existe: Todo es un ejercicio de acompa\u00f1amiento pol\u00edtico, no de fiscalizaci\u00f3n. <\/a><\/span><a href='https:\/\/twitter.com\/intent\/tweet?url=https%3A%2F%2Fconversesacatalunya.cat%2Fes%2Fcatalanes-no-escandalizaros%2F&#038;text=El%20control%20presupuestario%20real%20no%20existe%3A%20Todo%20es%20un%20ejercicio%20de%20acompa%C3%B1amiento%20pol%C3%ADtico%2C%20no%20de%20fiscalizaci%C3%B3n.&#038;via=conversesacat&#038;related=conversesacat' target='_blank' class='bctt-ctt-btn'rel=\"noopener noreferrer\">Compartir en X<\/a><\/span>\n<div id=\"polls-307\" class=\"wp-polls\">\n\t<form id=\"polls_form_307\" class=\"wp-polls-form\" action=\"\/index.php\" method=\"post\">\n\t\t<p style=\"display: none;\"><input type=\"hidden\" id=\"poll_307_nonce\" name=\"wp-polls-nonce\" value=\"afa20640a8\" \/><\/p>\n\t\t<p style=\"display: none;\"><input type=\"hidden\" name=\"poll_id\" value=\"307\" \/><\/p>\n\t\t<p style=\"text-align: center\"><strong>Pot repercutir d'una manera important a la UE el que formula el recent document d'Estrat\u00e8gia Exterior dels EUA que cont\u00e9 una forta cr\u00edtica a Europa?<\/strong><\/p><div id=\"polls-307-ans\" class=\"wp-polls-ans\"><ul class=\"wp-polls-ul\">\n\t\t<li><input type=\"radio\" id=\"poll-answer-878\" name=\"poll_307\" value=\"878\" \/> <label for=\"poll-answer-878\">S\u00ed<\/label><\/li>\n\t\t<li><input type=\"radio\" id=\"poll-answer-879\" name=\"poll_307\" value=\"879\" \/> <label for=\"poll-answer-879\">No<\/label><\/li>\n\t\t<li><input type=\"radio\" id=\"poll-answer-880\" name=\"poll_307\" value=\"880\" \/> <label for=\"poll-answer-880\">No ho s\u00e9<\/label><\/li>\n\t\t<\/ul><p style=\"text-align: center\"><input type=\"button\" name=\"vote\" value=\"   Vota   \" class=\"Buttons\" onclick=\"poll_vote(307);\" \/><\/p><p style=\"text-align: center\"><a href=\"#ViewPollResults\" onclick=\"poll_result(307); return false;\" title=\"View Results Of This Poll\">Mira els resultats<\/a><\/p><\/div>\n\t<\/form>\n<\/div>\n<div id=\"polls-307-loading\" class=\"wp-polls-loading\"><img decoding=\"async\" data-src=\"https:\/\/conversesacatalunya.cat\/wp-content\/plugins\/wp-polls\/images\/loading.gif\" width=\"16\" height=\"16\" alt=\"Cargando ...\" title=\"Cargando ...\" class=\"wp-polls-image lazyload\" src=\"data:image\/svg+xml;base64,PHN2ZyB3aWR0aD0iMSIgaGVpZ2h0PSIxIiB4bWxucz0iaHR0cDovL3d3dy53My5vcmcvMjAwMC9zdmciPjwvc3ZnPg==\" style=\"--smush-placeholder-width: 16px; --smush-placeholder-aspect-ratio: 16\/16;\" \/>&nbsp;Cargando ...<\/div>\n\n<p>&nbsp;<\/p>\n","protected":false},"excerpt":{"rendered":"<p>Catalanes, no escandalizaros. O si quiere, escandalizarse un poco, pero sin exagerar, que siempre queda feo. Porque, al fin y al cabo, parece que hemos olvidado el principio m\u00e1s elemental de todos:\u00a0el dinero que gastan los gobiernos \u2014todo, desde el consistorio m\u00e1s peque\u00f1o hasta el palacio madrile\u00f1o m\u00e1s iluminado\u2014 sale de nuestros bolsillos.\u00a0De los bolsillos que se llenan lentamente y se vac\u00edan deprisa. De los bolsillos que se llenan trabajando y se vac\u00edan pagando. Porque el fisco no espera. La vida tampoco. Y, como si no fuera suficiente, tenemos esa inflaci\u00f3n persistente, que es como ese invitado indeseable que llega tarde a la cena y se queda a dormir. Nos dicen: \u201c\u00a1Vamos bien, solo un 3%!\u201d. Ah, \u00bfs\u00ed? Un 3% que se a\u00f1ade al 2,5% del pasado a\u00f1o, y al 4% del de antes, y al 5% del post-Covid. La aritm\u00e9tica es blanda para los poetas, pero es dur\u00edsima para la gente normal.\u00a0El resultado es una p\u00e9rdida de capacidad de compra colosal.\u00a0Gastamos lo mismo, obtenemos menos. Matem\u00e1ticamente impecable; vitalmente ruinoso. Por si fuera poco, llegan\u00a0impuestos y tasas,\u00a0que\u00a0suben al ritmo de la inflaci\u00f3n,\u00a0es decir, suben solos, sin que nadie tenga que dar explicaciones. Es la magia del recaudador moderno: todo incremento es discreto, silencioso, y perfectamente justificable\u2026 hasta que\u00a0te das cuenta de que pagas m\u00e1s por vivir peor. Hace a\u00f1os que economistas de todos los colores piden\u00a0deflactar los\u00a0impuestos: ajustarlos a la inflaci\u00f3n, es decir, que\u00a0el Estado no se haga rico artificialmente. Pero ni el gobierno Illa ni el Gobierno S\u00e1nchez est\u00e1n por el trabajo. El objetivo es mucho m\u00e1s noble, solo faltar\u00eda:\u00a0disponer del m\u00e1ximo dinero posible para redistribuirlo\u2026 cuanto mejor les parezca. Record\u00e9moslo: el\u00a0poder sirve, sobre todo, a quienes lo tienen. Y si, al menos, nuestros gobernantes gastaran con discreci\u00f3n, disciplina y sentido com\u00fan, todav\u00eda har\u00edamos un esfuerzo por sonre\u00edr. Pero no es el caso. La barra libre institucional F\u00edjese un momento en la prensa, la radio, los portales digitales.\u00a0Publicidad institucional a raudales.\u00a0Una fina lluvia de campa\u00f1as p\u00fablicas que no buscan informar, sino decorar. Anuncios de la Generalitat, del Gobierno de Espa\u00f1a, del Ayuntamiento, y de la Diputaci\u00f3n\u2026 todos con el mismo objetivo: explicarnos lo bien gobernados que estamos. Desgraciadamente para ellos, algunos todav\u00eda sabemos leer. Ahora mismo, por ejemplo, llevamos\u00a0d\u00edas de campa\u00f1a feminista.\u00a0Cuando se trata de extender la bandera ideol\u00f3gica,\u00a0hay barra libre,\u00a0y la caja es grande. Siempre es grande cuando el dinero es de los dem\u00e1s. Y ya que hablamos de dinero, no nos olvidemos del\u00a0Gobierno S\u00e1nchez,\u00a0que ha pactado con los funcionarios un incremento salarial de m\u00e1s del 11%\u00a0 en cuatro a\u00f1os,\u00a0lo que no deja de sorprender si tenemos en cuenta que\u00a0los salarios p\u00fablicos ya superan en m\u00e1s del 50% los del sector privado.\u00a0El poder crea su propio ecosistema: quienes dependen de \u00e9l prosperan; quienes lo pagan \u2014todos nosotros\u2014 hacen manos y mangas para llegar a fin de mes. El mundo maravilloso de las subvenciones p\u00fablicas Hay grupos que son\u00a0rentistas del presupuesto.\u00a0Por ideolog\u00eda, por proximidad, por fidelidad. Est\u00e1n conectados a la m\u00e1quina p\u00fablica como un smartphone en el cargador. Vea el caso \u2014del todo ejemplar\u2014 de la\u00a0Cooperaci\u00f3n Internacional de la Generalitat,\u00a0que ha regalado m\u00e1s de\u00a038 millones de euros\u00a0en proyectos tan necesarios como: 700.000 \u20ac para algo que se llama\u00a0Nuevas miradas por la acci\u00f3n. 700.000 \u20ac m\u00e1s en\u00a0resistencias globales. 852.000\u202f\u20ac por\u00a0resistencias en red\u00a0(otra resistencia, pero m\u00e1s moderna). 1.000.000 \u20ac para otra \u201dresistencia\u201d la del\u00a0feminismo en \u00c1frica Occidental. Y as\u00ed vamos haciendo. Vea la tabla adjunta Todo muy edificante, muy solidario y sobre todo muy lejano. El inconveniente es que estos millones salen de aqu\u00ed, de nuestras facturas, y no de los monederos de quienes firman las resoluciones. Los medios: la boca que no muerde la mano Y, por supuesto, existe el otro gran pilar del sistema:\u00a0los medios de comunicaci\u00f3n subvencionados,\u00a0que, por una extra\u00f1a casualidad, acaban siendo muy amables con aquellos que los pagan. Algunos datos sobre el \u00faltimo incremento anual RAC1:\u00a0+265%\u00a0de subvenci\u00f3n en un a\u00f1o. La Vanguardia:\u00a0+54%\u00a0en un a\u00f1o. El Punt Avui:\u00a0+47%. Diari Ara:\u00a0+47%. Luego alguien se extra\u00f1a que el \u201crelato\u201d fluya con suavidad, que la cr\u00edtica sea tibia, que los errores del gobierno queden amortiguados, o que la crisis de la\u00a0peste porcina africana\u00a0\u2013por falta de control de los jabal\u00edes\u2013 no tenga ahora responsable. Una democracia sin control de caja Nos han vendido que un presupuesto aprobado es sin\u00f3nimo de buen gobierno. Pero el problema no es \u00fanicamente aprobarlo en tiempo y forma, cosa cada vez m\u00e1s infrecuente:\u00a0es ejecutarlo con control, rigor y honestidad. Aqu\u00ed es donde la democracia catalana -y la espa\u00f1ola- hace aguas. El\u00a0control presupuestario real\u00a0no existe: Todo es un ejercicio de acompa\u00f1amiento pol\u00edtico, no de fiscalizaci\u00f3n. Y luego se escandalizan porque\u00a0el populismo crece.\u00a0Como si fuera una seta. Pero no es una seta: es el resultado natural de una ciudadan\u00eda que ve como una minor\u00eda privilegiada vive del dinero p\u00fablico, de los subsidios, de las puertas giratorias y del carnet del partido. Y el resto se dedica a trabajar y pagar. Catalanes, no escandalizaros.\u00a0Indignaos, que es mucho m\u00e1s saludable. &nbsp;<\/p>\n","protected":false},"author":77,"featured_media":94589,"comment_status":"open","ping_status":"open","sticky":false,"template":"","format":"standard","meta":{"_FSMCFIC_featured_image_caption":"","_FSMCFIC_featured_image_nocaption":"","_FSMCFIC_featured_image_hide":"","footnotes":""},"categories":[806],"tags":[3097,3242,1748,1766,2909,2908],"class_list":["post-94594","post","type-post","status-publish","format-standard","has-post-thumbnail","hentry","category-punts-claus-del-dia-es","tag-inflacio-es","tag-inflacion","tag-pressupostos-es","tag-presupuestos","tag-subvenciones","tag-subvencions-es"],"yoast_head":"<!-- This site is optimized with the Yoast SEO plugin v26.8 - https:\/\/yoast.com\/product\/yoast-seo-wordpress\/ -->\n<title>Catalanes, no escandalizaros\u2026 - Converses a Catalunya<\/title>\n<meta name=\"description\" content=\"El mundo maravilloso de las subvenciones p\u00fablicas. Hay grupos que son rentistas del presupuesto. Por ideolog\u00eda, proximidad, fidelidad.\" \/>\n<meta name=\"robots\" content=\"index, follow, max-snippet:-1, max-image-preview:large, max-video-preview:-1\" \/>\n<link rel=\"canonical\" href=\"https:\/\/conversesacatalunya.cat\/catalans-no-us-escandalitzeu\/\" \/>\n<meta property=\"og:locale\" content=\"es_ES\" \/>\n<meta property=\"og:type\" content=\"article\" \/>\n<meta property=\"og:title\" content=\"Catalanes, no escandalizaros\u2026 - Converses a Catalunya\" \/>\n<meta property=\"og:description\" content=\"El mundo maravilloso de las subvenciones p\u00fablicas. Hay grupos que son rentistas del presupuesto. Por ideolog\u00eda, proximidad, fidelidad.\" \/>\n<meta property=\"og:url\" content=\"https:\/\/conversesacatalunya.cat\/catalans-no-us-escandalitzeu\/\" \/>\n<meta property=\"og:site_name\" content=\"Converses a Catalunya\" \/>\n<meta property=\"article:published_time\" content=\"2025-12-10T07:30:08+00:00\" \/>\n<meta property=\"og:image\" content=\"https:\/\/conversesacatalunya.cat\/wp-content\/uploads\/2025\/12\/money-2647321_640.jpg\" \/>\n\t<meta property=\"og:image:width\" content=\"640\" \/>\n\t<meta property=\"og:image:height\" content=\"459\" \/>\n\t<meta property=\"og:image:type\" content=\"image\/jpeg\" \/>\n<meta name=\"author\" content=\"Enric Casanovas\" \/>\n<meta name=\"twitter:card\" content=\"summary_large_image\" \/>\n<meta name=\"twitter:label1\" content=\"Escrito por\" \/>\n\t<meta name=\"twitter:data1\" content=\"Enric Casanovas\" \/>\n\t<meta name=\"twitter:label2\" content=\"Tiempo de lectura\" \/>\n\t<meta name=\"twitter:data2\" content=\"5 minutos\" \/>\n<script type=\"application\/ld+json\" class=\"yoast-schema-graph\">{\"@context\":\"https:\/\/schema.org\",\"@graph\":[{\"@type\":\"Article\",\"@id\":\"https:\/\/conversesacatalunya.cat\/catalans-no-us-escandalitzeu\/#article\",\"isPartOf\":{\"@id\":\"https:\/\/conversesacatalunya.cat\/catalans-no-us-escandalitzeu\/\"},\"author\":{\"name\":\"Enric Casanovas\",\"@id\":\"https:\/\/conversesacatalunya.cat\/#\/schema\/person\/79bd0577b2f3afc8d6519d207c6e8609\"},\"headline\":\"Catalanes, no escandalizaros\u2026\",\"datePublished\":\"2025-12-10T07:30:08+00:00\",\"mainEntityOfPage\":{\"@id\":\"https:\/\/conversesacatalunya.cat\/catalans-no-us-escandalitzeu\/\"},\"wordCount\":954,\"commentCount\":0,\"image\":{\"@id\":\"https:\/\/conversesacatalunya.cat\/catalans-no-us-escandalitzeu\/#primaryimage\"},\"thumbnailUrl\":\"https:\/\/conversesacatalunya.cat\/wp-content\/uploads\/2025\/12\/money-2647321_640.jpg\",\"keywords\":[\"Inflaci\u00f3\",\"inflaci\u00f3n\",\"pressupostos\",\"presupuestos\",\"subvenciones\",\"subvencions\"],\"articleSection\":[\"Punts clau del dia (ES)\"],\"inLanguage\":\"es\",\"potentialAction\":[{\"@type\":\"CommentAction\",\"name\":\"Comment\",\"target\":[\"https:\/\/conversesacatalunya.cat\/catalans-no-us-escandalitzeu\/#respond\"]}]},{\"@type\":\"WebPage\",\"@id\":\"https:\/\/conversesacatalunya.cat\/catalans-no-us-escandalitzeu\/\",\"url\":\"https:\/\/conversesacatalunya.cat\/catalans-no-us-escandalitzeu\/\",\"name\":\"Catalanes, no escandalizaros\u2026 - Converses a Catalunya\",\"isPartOf\":{\"@id\":\"https:\/\/conversesacatalunya.cat\/#website\"},\"primaryImageOfPage\":{\"@id\":\"https:\/\/conversesacatalunya.cat\/catalans-no-us-escandalitzeu\/#primaryimage\"},\"image\":{\"@id\":\"https:\/\/conversesacatalunya.cat\/catalans-no-us-escandalitzeu\/#primaryimage\"},\"thumbnailUrl\":\"https:\/\/conversesacatalunya.cat\/wp-content\/uploads\/2025\/12\/money-2647321_640.jpg\",\"datePublished\":\"2025-12-10T07:30:08+00:00\",\"author\":{\"@id\":\"https:\/\/conversesacatalunya.cat\/#\/schema\/person\/79bd0577b2f3afc8d6519d207c6e8609\"},\"description\":\"El mundo maravilloso de las subvenciones p\u00fablicas. Hay grupos que son rentistas del presupuesto. Por ideolog\u00eda, proximidad, fidelidad.\",\"breadcrumb\":{\"@id\":\"https:\/\/conversesacatalunya.cat\/catalans-no-us-escandalitzeu\/#breadcrumb\"},\"inLanguage\":\"es\",\"potentialAction\":[{\"@type\":\"ReadAction\",\"target\":[\"https:\/\/conversesacatalunya.cat\/catalans-no-us-escandalitzeu\/\"]}]},{\"@type\":\"ImageObject\",\"inLanguage\":\"es\",\"@id\":\"https:\/\/conversesacatalunya.cat\/catalans-no-us-escandalitzeu\/#primaryimage\",\"url\":\"https:\/\/conversesacatalunya.cat\/wp-content\/uploads\/2025\/12\/money-2647321_640.jpg\",\"contentUrl\":\"https:\/\/conversesacatalunya.cat\/wp-content\/uploads\/2025\/12\/money-2647321_640.jpg\",\"width\":640,\"height\":459,\"caption\":\"subvenciones p\u00fablicas\"},{\"@type\":\"BreadcrumbList\",\"@id\":\"https:\/\/conversesacatalunya.cat\/catalans-no-us-escandalitzeu\/#breadcrumb\",\"itemListElement\":[{\"@type\":\"ListItem\",\"position\":1,\"name\":\"Inici\",\"item\":\"https:\/\/conversesacatalunya.cat\/es\/\"},{\"@type\":\"ListItem\",\"position\":2,\"name\":\"Catalanes, no escandalizaros\u2026\"}]},{\"@type\":\"WebSite\",\"@id\":\"https:\/\/conversesacatalunya.cat\/#website\",\"url\":\"https:\/\/conversesacatalunya.cat\/\",\"name\":\"Converses a Catalunya\",\"description\":\"\",\"potentialAction\":[{\"@type\":\"SearchAction\",\"target\":{\"@type\":\"EntryPoint\",\"urlTemplate\":\"https:\/\/conversesacatalunya.cat\/?s={search_term_string}\"},\"query-input\":{\"@type\":\"PropertyValueSpecification\",\"valueRequired\":true,\"valueName\":\"search_term_string\"}}],\"inLanguage\":\"es\"},{\"@type\":\"Person\",\"@id\":\"https:\/\/conversesacatalunya.cat\/#\/schema\/person\/79bd0577b2f3afc8d6519d207c6e8609\",\"name\":\"Enric Casanovas\",\"image\":{\"@type\":\"ImageObject\",\"inLanguage\":\"es\",\"@id\":\"https:\/\/conversesacatalunya.cat\/#\/schema\/person\/image\/\",\"url\":\"https:\/\/conversesacatalunya.cat\/wp-content\/litespeed\/avatar\/7ae4379ad4421ec77820e92afd36dd78.jpg?ver=1776769084\",\"contentUrl\":\"https:\/\/conversesacatalunya.cat\/wp-content\/litespeed\/avatar\/7ae4379ad4421ec77820e92afd36dd78.jpg?ver=1776769084\",\"caption\":\"Enric Casanovas\"},\"url\":\"https:\/\/conversesacatalunya.cat\/es\/author\/enric-casanovas\/\"}]}<\/script>\n<!-- \/ Yoast SEO plugin. -->","yoast_head_json":{"title":"Catalanes, no escandalizaros\u2026 - Converses a Catalunya","description":"El mundo maravilloso de las subvenciones p\u00fablicas. Hay grupos que son rentistas del presupuesto. Por ideolog\u00eda, proximidad, fidelidad.","robots":{"index":"index","follow":"follow","max-snippet":"max-snippet:-1","max-image-preview":"max-image-preview:large","max-video-preview":"max-video-preview:-1"},"canonical":"https:\/\/conversesacatalunya.cat\/catalans-no-us-escandalitzeu\/","og_locale":"es_ES","og_type":"article","og_title":"Catalanes, no escandalizaros\u2026 - Converses a Catalunya","og_description":"El mundo maravilloso de las subvenciones p\u00fablicas. Hay grupos que son rentistas del presupuesto. Por ideolog\u00eda, proximidad, fidelidad.","og_url":"https:\/\/conversesacatalunya.cat\/catalans-no-us-escandalitzeu\/","og_site_name":"Converses a Catalunya","article_published_time":"2025-12-10T07:30:08+00:00","og_image":[{"width":640,"height":459,"url":"https:\/\/conversesacatalunya.cat\/wp-content\/uploads\/2025\/12\/money-2647321_640.jpg","type":"image\/jpeg"}],"author":"Enric Casanovas","twitter_card":"summary_large_image","twitter_misc":{"Escrito por":"Enric Casanovas","Tiempo de lectura":"5 minutos"},"schema":{"@context":"https:\/\/schema.org","@graph":[{"@type":"Article","@id":"https:\/\/conversesacatalunya.cat\/catalans-no-us-escandalitzeu\/#article","isPartOf":{"@id":"https:\/\/conversesacatalunya.cat\/catalans-no-us-escandalitzeu\/"},"author":{"name":"Enric Casanovas","@id":"https:\/\/conversesacatalunya.cat\/#\/schema\/person\/79bd0577b2f3afc8d6519d207c6e8609"},"headline":"Catalanes, no escandalizaros\u2026","datePublished":"2025-12-10T07:30:08+00:00","mainEntityOfPage":{"@id":"https:\/\/conversesacatalunya.cat\/catalans-no-us-escandalitzeu\/"},"wordCount":954,"commentCount":0,"image":{"@id":"https:\/\/conversesacatalunya.cat\/catalans-no-us-escandalitzeu\/#primaryimage"},"thumbnailUrl":"https:\/\/conversesacatalunya.cat\/wp-content\/uploads\/2025\/12\/money-2647321_640.jpg","keywords":["Inflaci\u00f3","inflaci\u00f3n","pressupostos","presupuestos","subvenciones","subvencions"],"articleSection":["Punts clau del dia (ES)"],"inLanguage":"es","potentialAction":[{"@type":"CommentAction","name":"Comment","target":["https:\/\/conversesacatalunya.cat\/catalans-no-us-escandalitzeu\/#respond"]}]},{"@type":"WebPage","@id":"https:\/\/conversesacatalunya.cat\/catalans-no-us-escandalitzeu\/","url":"https:\/\/conversesacatalunya.cat\/catalans-no-us-escandalitzeu\/","name":"Catalanes, no escandalizaros\u2026 - Converses a Catalunya","isPartOf":{"@id":"https:\/\/conversesacatalunya.cat\/#website"},"primaryImageOfPage":{"@id":"https:\/\/conversesacatalunya.cat\/catalans-no-us-escandalitzeu\/#primaryimage"},"image":{"@id":"https:\/\/conversesacatalunya.cat\/catalans-no-us-escandalitzeu\/#primaryimage"},"thumbnailUrl":"https:\/\/conversesacatalunya.cat\/wp-content\/uploads\/2025\/12\/money-2647321_640.jpg","datePublished":"2025-12-10T07:30:08+00:00","author":{"@id":"https:\/\/conversesacatalunya.cat\/#\/schema\/person\/79bd0577b2f3afc8d6519d207c6e8609"},"description":"El mundo maravilloso de las subvenciones p\u00fablicas. Hay grupos que son rentistas del presupuesto. Por ideolog\u00eda, proximidad, fidelidad.","breadcrumb":{"@id":"https:\/\/conversesacatalunya.cat\/catalans-no-us-escandalitzeu\/#breadcrumb"},"inLanguage":"es","potentialAction":[{"@type":"ReadAction","target":["https:\/\/conversesacatalunya.cat\/catalans-no-us-escandalitzeu\/"]}]},{"@type":"ImageObject","inLanguage":"es","@id":"https:\/\/conversesacatalunya.cat\/catalans-no-us-escandalitzeu\/#primaryimage","url":"https:\/\/conversesacatalunya.cat\/wp-content\/uploads\/2025\/12\/money-2647321_640.jpg","contentUrl":"https:\/\/conversesacatalunya.cat\/wp-content\/uploads\/2025\/12\/money-2647321_640.jpg","width":640,"height":459,"caption":"subvenciones p\u00fablicas"},{"@type":"BreadcrumbList","@id":"https:\/\/conversesacatalunya.cat\/catalans-no-us-escandalitzeu\/#breadcrumb","itemListElement":[{"@type":"ListItem","position":1,"name":"Inici","item":"https:\/\/conversesacatalunya.cat\/es\/"},{"@type":"ListItem","position":2,"name":"Catalanes, no escandalizaros\u2026"}]},{"@type":"WebSite","@id":"https:\/\/conversesacatalunya.cat\/#website","url":"https:\/\/conversesacatalunya.cat\/","name":"Converses a Catalunya","description":"","potentialAction":[{"@type":"SearchAction","target":{"@type":"EntryPoint","urlTemplate":"https:\/\/conversesacatalunya.cat\/?s={search_term_string}"},"query-input":{"@type":"PropertyValueSpecification","valueRequired":true,"valueName":"search_term_string"}}],"inLanguage":"es"},{"@type":"Person","@id":"https:\/\/conversesacatalunya.cat\/#\/schema\/person\/79bd0577b2f3afc8d6519d207c6e8609","name":"Enric Casanovas","image":{"@type":"ImageObject","inLanguage":"es","@id":"https:\/\/conversesacatalunya.cat\/#\/schema\/person\/image\/","url":"https:\/\/conversesacatalunya.cat\/wp-content\/litespeed\/avatar\/7ae4379ad4421ec77820e92afd36dd78.jpg?ver=1776769084","contentUrl":"https:\/\/conversesacatalunya.cat\/wp-content\/litespeed\/avatar\/7ae4379ad4421ec77820e92afd36dd78.jpg?ver=1776769084","caption":"Enric Casanovas"},"url":"https:\/\/conversesacatalunya.cat\/es\/author\/enric-casanovas\/"}]}},"wps_subtitle":"Parece que hemos olvidado el principio m\u00e1s elemental de todos: el dinero que gastan los gobiernos \u2014todo, desde el consistorio m\u00e1s peque\u00f1o hasta el palacio madrile\u00f1o m\u00e1s iluminado\u2014 sale de nuestros bolsillos.","_links":{"self":[{"href":"https:\/\/conversesacatalunya.cat\/es\/wp-json\/wp\/v2\/posts\/94594","targetHints":{"allow":["GET"]}}],"collection":[{"href":"https:\/\/conversesacatalunya.cat\/es\/wp-json\/wp\/v2\/posts"}],"about":[{"href":"https:\/\/conversesacatalunya.cat\/es\/wp-json\/wp\/v2\/types\/post"}],"author":[{"embeddable":true,"href":"https:\/\/conversesacatalunya.cat\/es\/wp-json\/wp\/v2\/users\/77"}],"replies":[{"embeddable":true,"href":"https:\/\/conversesacatalunya.cat\/es\/wp-json\/wp\/v2\/comments?post=94594"}],"version-history":[{"count":3,"href":"https:\/\/conversesacatalunya.cat\/es\/wp-json\/wp\/v2\/posts\/94594\/revisions"}],"predecessor-version":[{"id":94599,"href":"https:\/\/conversesacatalunya.cat\/es\/wp-json\/wp\/v2\/posts\/94594\/revisions\/94599"}],"wp:featuredmedia":[{"embeddable":true,"href":"https:\/\/conversesacatalunya.cat\/es\/wp-json\/wp\/v2\/media\/94589"}],"wp:attachment":[{"href":"https:\/\/conversesacatalunya.cat\/es\/wp-json\/wp\/v2\/media?parent=94594"}],"wp:term":[{"taxonomy":"category","embeddable":true,"href":"https:\/\/conversesacatalunya.cat\/es\/wp-json\/wp\/v2\/categories?post=94594"},{"taxonomy":"post_tag","embeddable":true,"href":"https:\/\/conversesacatalunya.cat\/es\/wp-json\/wp\/v2\/tags?post=94594"}],"curies":[{"name":"wp","href":"https:\/\/api.w.org\/{rel}","templated":true}]}}