{"id":94551,"date":"2025-12-09T10:00:38","date_gmt":"2025-12-09T09:00:38","guid":{"rendered":"https:\/\/conversesacatalunya.cat\/?p=94551"},"modified":"2025-12-09T19:55:11","modified_gmt":"2025-12-09T18:55:11","slug":"sanchez-se-acabo-dicen-las-encuestas","status":"publish","type":"post","link":"https:\/\/conversesacatalunya.cat\/es\/sanchez-se-acabo-dicen-las-encuestas\/","title":{"rendered":"S\u00e1nchez: se acab\u00f3, o al menos eso dicen las encuestas"},"content":{"rendered":"<p><span dir=\"auto\">Las cuatro encuestas publicadas el<span>\u00a0<\/span><\/span><strong><span dir=\"auto\">8 de diciembre<\/span><\/strong><span dir=\"auto\"><span>\u00a0<\/span>dibujaron un mismo paisaje: Espa\u00f1a ha iniciado un cambio de ciclo pol\u00edtico que ya casi nadie discute. No existe un terremoto repentino, pero s\u00ed una erosi\u00f3n persistente, un desgaste que avanza gota a gota, configurando un escenario n\u00edtido que se impone por insistencia.<\/span><\/p>\n<p><span dir=\"auto\">El<span>\u00a0<\/span><\/span><strong><span dir=\"auto\">Partido Popular<\/span><\/strong><span dir=\"auto\"><span>\u00a0<\/span>sigue a la cabeza, como ocurre desde las elecciones de julio del 2023. Mantiene pr\u00e1cticamente el mismo porcentaje de votos \u2014un<span>\u00a0<\/span><\/span><strong><span dir=\"auto\">33%<\/span><\/strong><span dir=\"auto\"><span>\u00a0<\/span>estable\u2014, pero la<span>\u00a0<\/span><\/span><strong><span dir=\"auto\">Ley D&#8217;Hondt<\/span><\/strong><span dir=\"auto\"><span>\u00a0<\/span>le multiplica sus efectos. Las proyecciones coinciden:<span>\u00a0<\/span><\/span><strong><span dir=\"auto\">143 a 145 diputados,<\/span><\/strong><span dir=\"auto\">\u00a0una victoria m\u00e1s ancha que la que obtuvo hace a\u00f1o y medio. No hay euforia, pero s\u00ed solidez: el PP avanza sin ruido, con el tes\u00f3n de quien sabe que el tiempo juega a su favor.<\/span><\/p>\n<p><span dir=\"auto\"><span class=\"VIpgJd-yAWNEb-VIpgJd-fmcmS-sn54Q\" dir=\"auto\">El<span>\u00a0<\/span><\/span><\/span><strong><span dir=\"auto\"><span class=\"VIpgJd-yAWNEb-VIpgJd-fmcmS-sn54Q\" dir=\"auto\">PSOE,<\/span><\/span><\/strong><span dir=\"auto\"><span class=\"VIpgJd-yAWNEb-VIpgJd-fmcmS-sn54Q\" dir=\"auto\">\u00a0en cambio, se languidece. Ese<span>\u00a0<\/span><\/span><\/span><strong><span dir=\"auto\"><span class=\"VIpgJd-yAWNEb-VIpgJd-fmcmS-sn54Q\" dir=\"auto\">31,7%<\/span><\/span><\/strong><span dir=\"auto\"><span class=\"VIpgJd-yAWNEb-VIpgJd-fmcmS-sn54Q\" dir=\"auto\"><span>\u00a0<\/span>que obtuvo en las urnas ahora cae hasta el<span>\u00a0<\/span><\/span><\/span><strong><span dir=\"auto\"><span class=\"VIpgJd-yAWNEb-VIpgJd-fmcmS-sn54Q\" dir=\"auto\">27%,<\/span><\/span><\/strong><span dir=\"auto\"><span class=\"VIpgJd-yAWNEb-VIpgJd-fmcmS-sn54Q\" dir=\"auto\">\u00a0con posibles desviaciones a la baja que podr\u00edan llevarlo al<span>\u00a0<\/span><\/span><\/span><strong><span dir=\"auto\"><span class=\"VIpgJd-yAWNEb-VIpgJd-fmcmS-sn54Q\" dir=\"auto\">26%.<\/span><\/span><\/strong><span dir=\"auto\"><span class=\"VIpgJd-yAWNEb-VIpgJd-fmcmS-sn54Q\" dir=\"auto\">\u00a0En esca\u00f1os, la fotograf\u00eda es m\u00e1s implacable:<span>\u00a0<\/span><\/span><\/span><strong><span dir=\"auto\"><span class=\"VIpgJd-yAWNEb-VIpgJd-fmcmS-sn54Q\" dir=\"auto\">108 diputados<\/span><\/span><\/strong><span dir=\"auto\"><span class=\"VIpgJd-yAWNEb-VIpgJd-fmcmS-sn54Q\" dir=\"auto\"><span>\u00a0<\/span>como punto central, con escenarios que le empujan hasta los<span>\u00a0<\/span><\/span><\/span><strong><span dir=\"auto\"><span class=\"VIpgJd-yAWNEb-VIpgJd-fmcmS-sn54Q\" dir=\"auto\">102.<\/span><\/span><\/strong><span dir=\"auto\"><span class=\"VIpgJd-yAWNEb-VIpgJd-fmcmS-sn54Q\" dir=\"auto\">\u00a0La gran inc\u00f3gnita no es si podr\u00e1 resistir, sino si evitar\u00e1 el golpe psicol\u00f3gico de bajar de la barrera de los<span>\u00a0<\/span><\/span><\/span><strong><span dir=\"auto\"><span class=\"VIpgJd-yAWNEb-VIpgJd-fmcmS-sn54Q\" dir=\"auto\">100 diputados,<\/span><\/span><\/strong><span dir=\"auto\"><span class=\"VIpgJd-yAWNEb-VIpgJd-fmcmS-sn54Q\" dir=\"auto\">\u00a0una l\u00ednea roja que separa la pesadilla pol\u00edtica de la cat\u00e1strofe moral.<\/span><\/span><\/p>\n<p><strong>Vox<\/strong> aparece como el partido con mejores resultados. De los 33 diputados de las pasadas elecciones <strong>se acerca a los sesenta<\/strong>, entre 57 y 59 y un porcentaje de votos que rebasa el 17% y puede llegar como cifra m\u00e1s improbable al 18%. Esto significar\u00eda 5 puntos porcentuales m\u00e1s aproximadamente que lo que alcanz\u00f3 en su resultado electoral, lo que equivale a <strong>una mejora del orden del 40%.<\/strong> Por el momento es la fuerza emergente. Habr\u00e1 que ver si el hecho se consolida o en la proximidad de las elecciones, el voto \u00fatil al PP reduce su resultado.<\/p>\n<p><span dir=\"auto\">A su izquierda, el panorama es a\u00fan m\u00e1s desolado.<span>\u00a0<\/span><\/span><strong><span dir=\"auto\">Sumar,<\/span><\/strong><span dir=\"auto\">\u00a0que en julio del 23 alcanz\u00f3 el<span>\u00a0<\/span><\/span><strong><span dir=\"auto\">12,3%<\/span><\/strong><span dir=\"auto\"><span>\u00a0<\/span>y<span>\u00a0<\/span><\/span><strong><span dir=\"auto\">31 diputados,<\/span><\/strong><span dir=\"auto\">\u00a0ha entrado en un proceso de contracci\u00f3n casi cr\u00f3nico. No llega al<span>\u00a0<\/span><\/span><strong><span dir=\"auto\">8% de votos,<\/span><\/strong><span dir=\"auto\">\u00a0y apenas puede aspirar a<span>\u00a0<\/span><\/span><strong><span dir=\"auto\">11 diputados.<\/span><\/strong><span dir=\"auto\"> Es una ca\u00edda que no puede atribuirse solo a la fractura con<span>\u00a0<\/span><\/span><strong><span dir=\"auto\">Podemos<\/span><\/strong><span dir=\"auto\"><span>\u00a0<\/span>\u2014que con suerte obtendr\u00eda<span>\u00a0<\/span><\/span><strong><span dir=\"auto\">2 diputados\u2014,<\/span><\/strong><span dir=\"auto\"> sino a la p\u00e9rdida de horizonte, liderazgo y vigor pol\u00edtico. La Ley D&#8217;Hondt castiga sin piedad a los peque\u00f1os en circunscripciones con pocos esca\u00f1os: donde antes hab\u00eda una fuerza cohesionada, ahora hay un mosaico que suma, pero no pesa.<\/span><\/p>\n<p><span dir=\"auto\">Y en medio de este naufragio, aparece una excepci\u00f3n desconcertante:<span>\u00a0<\/span><\/span><strong><span dir=\"auto\">Esquerra Republicana de Catalunya.<\/span><\/strong><span dir=\"auto\">\u00a0La \u00fanica fuerza \u2014quiz\u00e1 junto a Bildu\u2014 que desaf\u00eda la gravedad. ERC obtuvo<span>\u00a0<\/span><\/span><strong><span dir=\"auto\">7 diputados,<\/span><\/strong><span dir=\"auto\"> y las encuestas vuelven a darle 7 como m\u00ednimo, con posibilidad de llegar a los 8. Todo ello sin ning\u00fan \u00e9xito visible ni en el Congreso ni en Catalu\u00f1a, despu\u00e9s de haber entregado la presidencia de la Generalitat a Salvador Illa a cambio de un<span>\u00a0<\/span><\/span><strong><span dir=\"auto\">sistema de financiaci\u00f3n<\/span><\/strong><span dir=\"auto\"><span>\u00a0<\/span>que hoy ya nadie se cree. Sin embargo, el votante republicano se mantiene. Es un misterio: fiel, impasible e inmune al desgaste de S\u00e1nchez, a quien sustenta.<\/span><\/p>\n<p><strong><span dir=\"auto\"><span class=\"VIpgJd-yAWNEb-VIpgJd-fmcmS-sn54Q\" dir=\"auto\">Junts,<\/span><\/span><\/strong><span dir=\"auto\"><span class=\"VIpgJd-yAWNEb-VIpgJd-fmcmS-sn54Q\" dir=\"auto\"> en cambio, observa un horizonte m\u00e1s inestable. Si<span>\u00a0<\/span><\/span><\/span><strong><span dir=\"auto\"><span class=\"VIpgJd-yAWNEb-VIpgJd-fmcmS-sn54Q\" dir=\"auto\">Alian\u00e7a Catalana<\/span><\/span><\/strong><span dir=\"auto\"><span class=\"VIpgJd-yAWNEb-VIpgJd-fmcmS-sn54Q\" dir=\"auto\"><span>\u00a0<\/span>\u00a0decidiera presentarse a las generales, Junts podr\u00eda bajar hasta<span>\u00a0<\/span><\/span><\/span><strong><span dir=\"auto\"><span class=\"VIpgJd-yAWNEb-VIpgJd-fmcmS-sn54Q\" dir=\"auto\">4 esca\u00f1os.<\/span><\/span><\/strong><span dir=\"auto\"><span class=\"VIpgJd-yAWNEb-VIpgJd-fmcmS-sn54Q\" dir=\"auto\"> Sin Alian\u00e7a, la ca\u00edda ser\u00eda menor: quiz\u00e1s solo un diputado. En cualquier caso, la tendencia es clara: retroceso. Su espacio se comprime y su influencia en el Congreso mengua.<\/span><\/span><\/p>\n<p><span dir=\"auto\">En el Pa\u00eds Vasco, la pol\u00edtica sigue siendo el arte de la estabilidad.<span>\u00a0<\/span><\/span><strong><span dir=\"auto\">EH Bildu<\/span><\/strong><span dir=\"auto\"><span>\u00a0<\/span>se mantiene entre<span>\u00a0<\/span><\/span><strong><span dir=\"auto\">6 y 7 diputados,<\/span><\/strong><span dir=\"auto\">\u00a0y el<span>\u00a0<\/span><\/span><strong><span dir=\"auto\">PNV<\/span><\/strong><span dir=\"auto\"><span>\u00a0<\/span>puede sumar uno y llegar tambi\u00e9n a<span>\u00a0<\/span><\/span><strong><span dir=\"auto\">6.<\/span><\/strong><span dir=\"auto\"> Pierden porcentaje de votos, pero no representaci\u00f3n. Es un ecosistema pol\u00edtico propio, inmune a oscilaciones que en Madrid ser\u00edan devastadoras.<\/span><\/p>\n<p><span dir=\"auto\"><span class=\"VIpgJd-yAWNEb-VIpgJd-fmcmS-sn54Q\" dir=\"auto\">La conclusi\u00f3n es dif\u00edcil de discutir: el gobierno de Pedro S\u00e1nchez entra en<span>\u00a0<\/span><\/span><\/span><strong><span dir=\"auto\"><span class=\"VIpgJd-yAWNEb-VIpgJd-fmcmS-sn54Q\" dir=\"auto\">fase terminal,<\/span><\/span><\/strong><span dir=\"auto\"><span class=\"VIpgJd-yAWNEb-VIpgJd-fmcmS-sn54Q\" dir=\"auto\"> m\u00e1s por desgaste que por ruptura. Los esc\u00e1ndalos que rodean a su c\u00edrculo cercano, la percepci\u00f3n de un ejecutivo atrapado en concesiones permanentes, la sensaci\u00f3n de un liderazgo que ya no convoca adhesi\u00f3n, sino resistencia\u2026 todo converge en la misma direcci\u00f3n.<\/span><\/span><\/p>\n<p><span dir=\"auto\">El<span>\u00a0<\/span><\/span><strong><span dir=\"auto\">PP,<\/span><\/strong><span dir=\"auto\">\u00a0por su parte, no despierta pasi\u00f3n, pero proyecta estabilidad. Y en tiempos convulsos, la pol\u00edtica premia a menudo la serenidad m\u00e1s que el fervor. Feij\u00f3o no inspira devoci\u00f3n, pero tampoco genera rechazo: es el candidato adecuado para un pa\u00eds cansado.<\/span><\/p>\n<p><span>El ciclo pol\u00edtico iniciado en 2018, con la moci\u00f3n de censura, va consumi\u00e9ndose. La legislatura actual puede continuar formalmente, pero ya ha terminado pol\u00edticamente. Las encuestas del 8 de diciembre no dejan margen para la fantas\u00eda: Espa\u00f1a se prepara para pasar p\u00e1gina.<\/span><\/p>\n<span class='bctt-click-to-tweet'><span class='bctt-ctt-text'><a href='https:\/\/twitter.com\/intent\/tweet?url=https%3A%2F%2Fconversesacatalunya.cat%2Fes%2Fsanchez-se-acabo-dicen-las-encuestas%2F&#038;text=Las%20encuestas%20del%208D%20certifican%20un%20nuevo%20ciclo%20pol%C3%ADtico%20en%20Espa%C3%B1a.%20%23Encuestas%20%238D%20%23Pol%C3%ADtica&#038;via=conversesacat&#038;related=conversesacat' target='_blank'rel=\"noopener noreferrer\">Las encuestas del 8D certifican un nuevo ciclo pol\u00edtico en Espa\u00f1a. #Encuestas #8D #Pol\u00edtica <\/a><\/span><a href='https:\/\/twitter.com\/intent\/tweet?url=https%3A%2F%2Fconversesacatalunya.cat%2Fes%2Fsanchez-se-acabo-dicen-las-encuestas%2F&#038;text=Las%20encuestas%20del%208D%20certifican%20un%20nuevo%20ciclo%20pol%C3%ADtico%20en%20Espa%C3%B1a.%20%23Encuestas%20%238D%20%23Pol%C3%ADtica&#038;via=conversesacat&#038;related=conversesacat' target='_blank' class='bctt-ctt-btn'rel=\"noopener noreferrer\">Compartir en X<\/a><\/span>\n<p>&nbsp;<\/p>\n","protected":false},"excerpt":{"rendered":"<p>Las cuatro encuestas publicadas el\u00a08 de diciembre\u00a0dibujaron un mismo paisaje: Espa\u00f1a ha iniciado un cambio de ciclo pol\u00edtico que ya casi nadie discute. No existe un terremoto repentino, pero s\u00ed una erosi\u00f3n persistente, un desgaste que avanza gota a gota, configurando un escenario n\u00edtido que se impone por insistencia. El\u00a0Partido Popular\u00a0sigue a la cabeza, como ocurre desde las elecciones de julio del 2023. Mantiene pr\u00e1cticamente el mismo porcentaje de votos \u2014un\u00a033%\u00a0estable\u2014, pero la\u00a0Ley D&#8217;Hondt\u00a0le multiplica sus efectos. Las proyecciones coinciden:\u00a0143 a 145 diputados,\u00a0una victoria m\u00e1s ancha que la que obtuvo hace a\u00f1o y medio. No hay euforia, pero s\u00ed solidez: el PP avanza sin ruido, con el tes\u00f3n de quien sabe que el tiempo juega a su favor. El\u00a0PSOE,\u00a0en cambio, se languidece. Ese\u00a031,7%\u00a0que obtuvo en las urnas ahora cae hasta el\u00a027%,\u00a0con posibles desviaciones a la baja que podr\u00edan llevarlo al\u00a026%.\u00a0En esca\u00f1os, la fotograf\u00eda es m\u00e1s implacable:\u00a0108 diputados\u00a0como punto central, con escenarios que le empujan hasta los\u00a0102.\u00a0La gran inc\u00f3gnita no es si podr\u00e1 resistir, sino si evitar\u00e1 el golpe psicol\u00f3gico de bajar de la barrera de los\u00a0100 diputados,\u00a0una l\u00ednea roja que separa la pesadilla pol\u00edtica de la cat\u00e1strofe moral. Vox aparece como el partido con mejores resultados. De los 33 diputados de las pasadas elecciones se acerca a los sesenta, entre 57 y 59 y un porcentaje de votos que rebasa el 17% y puede llegar como cifra m\u00e1s improbable al 18%. Esto significar\u00eda 5 puntos porcentuales m\u00e1s aproximadamente que lo que alcanz\u00f3 en su resultado electoral, lo que equivale a una mejora del orden del 40%. Por el momento es la fuerza emergente. Habr\u00e1 que ver si el hecho se consolida o en la proximidad de las elecciones, el voto \u00fatil al PP reduce su resultado. A su izquierda, el panorama es a\u00fan m\u00e1s desolado.\u00a0Sumar,\u00a0que en julio del 23 alcanz\u00f3 el\u00a012,3%\u00a0y\u00a031 diputados,\u00a0ha entrado en un proceso de contracci\u00f3n casi cr\u00f3nico. No llega al\u00a08% de votos,\u00a0y apenas puede aspirar a\u00a011 diputados. Es una ca\u00edda que no puede atribuirse solo a la fractura con\u00a0Podemos\u00a0\u2014que con suerte obtendr\u00eda\u00a02 diputados\u2014, sino a la p\u00e9rdida de horizonte, liderazgo y vigor pol\u00edtico. La Ley D&#8217;Hondt castiga sin piedad a los peque\u00f1os en circunscripciones con pocos esca\u00f1os: donde antes hab\u00eda una fuerza cohesionada, ahora hay un mosaico que suma, pero no pesa. Y en medio de este naufragio, aparece una excepci\u00f3n desconcertante:\u00a0Esquerra Republicana de Catalunya.\u00a0La \u00fanica fuerza \u2014quiz\u00e1 junto a Bildu\u2014 que desaf\u00eda la gravedad. ERC obtuvo\u00a07 diputados, y las encuestas vuelven a darle 7 como m\u00ednimo, con posibilidad de llegar a los 8. Todo ello sin ning\u00fan \u00e9xito visible ni en el Congreso ni en Catalu\u00f1a, despu\u00e9s de haber entregado la presidencia de la Generalitat a Salvador Illa a cambio de un\u00a0sistema de financiaci\u00f3n\u00a0que hoy ya nadie se cree. Sin embargo, el votante republicano se mantiene. Es un misterio: fiel, impasible e inmune al desgaste de S\u00e1nchez, a quien sustenta. Junts, en cambio, observa un horizonte m\u00e1s inestable. Si\u00a0Alian\u00e7a Catalana\u00a0\u00a0decidiera presentarse a las generales, Junts podr\u00eda bajar hasta\u00a04 esca\u00f1os. Sin Alian\u00e7a, la ca\u00edda ser\u00eda menor: quiz\u00e1s solo un diputado. En cualquier caso, la tendencia es clara: retroceso. Su espacio se comprime y su influencia en el Congreso mengua. En el Pa\u00eds Vasco, la pol\u00edtica sigue siendo el arte de la estabilidad.\u00a0EH Bildu\u00a0se mantiene entre\u00a06 y 7 diputados,\u00a0y el\u00a0PNV\u00a0puede sumar uno y llegar tambi\u00e9n a\u00a06. Pierden porcentaje de votos, pero no representaci\u00f3n. Es un ecosistema pol\u00edtico propio, inmune a oscilaciones que en Madrid ser\u00edan devastadoras. La conclusi\u00f3n es dif\u00edcil de discutir: el gobierno de Pedro S\u00e1nchez entra en\u00a0fase terminal, m\u00e1s por desgaste que por ruptura. Los esc\u00e1ndalos que rodean a su c\u00edrculo cercano, la percepci\u00f3n de un ejecutivo atrapado en concesiones permanentes, la sensaci\u00f3n de un liderazgo que ya no convoca adhesi\u00f3n, sino resistencia\u2026 todo converge en la misma direcci\u00f3n. El\u00a0PP,\u00a0por su parte, no despierta pasi\u00f3n, pero proyecta estabilidad. Y en tiempos convulsos, la pol\u00edtica premia a menudo la serenidad m\u00e1s que el fervor. Feij\u00f3o no inspira devoci\u00f3n, pero tampoco genera rechazo: es el candidato adecuado para un pa\u00eds cansado. El ciclo pol\u00edtico iniciado en 2018, con la moci\u00f3n de censura, va consumi\u00e9ndose. La legislatura actual puede continuar formalmente, pero ya ha terminado pol\u00edticamente. Las encuestas del 8 de diciembre no dejan margen para la fantas\u00eda: Espa\u00f1a se prepara para pasar p\u00e1gina. &nbsp;<\/p>\n","protected":false},"author":81,"featured_media":94547,"comment_status":"open","ping_status":"open","sticky":false,"template":"","format":"standard","meta":{"_FSMCFIC_featured_image_caption":"","_FSMCFIC_featured_image_nocaption":"","_FSMCFIC_featured_image_hide":"","footnotes":""},"categories":[806],"tags":[1065,1063],"class_list":["post-94551","post","type-post","status-publish","format-standard","has-post-thumbnail","hentry","category-punts-claus-del-dia-es","tag-encuestas","tag-enquestes-es"],"yoast_head":"<!-- This site is optimized with the Yoast SEO plugin v26.8 - https:\/\/yoast.com\/product\/yoast-seo-wordpress\/ -->\n<title>S\u00e1nchez: se acab\u00f3, o al menos eso dicen las encuestas - Converses a Catalunya<\/title>\n<meta name=\"description\" content=\"Las encuestas del 8 de diciembre confirman el cambio de ciclo: el PP ampl\u00eda ventaja, el PSOE cae y la izquierda se fractura.\" \/>\n<meta name=\"robots\" content=\"index, follow, max-snippet:-1, max-image-preview:large, max-video-preview:-1\" \/>\n<link rel=\"canonical\" href=\"https:\/\/conversesacatalunya.cat\/es\/sanchez-se-acabo-dicen-las-encuestas\/\" \/>\n<meta property=\"og:locale\" content=\"es_ES\" \/>\n<meta property=\"og:type\" content=\"article\" \/>\n<meta property=\"og:title\" content=\"S\u00e1nchez: se acab\u00f3, o al menos eso dicen las encuestas - Converses a Catalunya\" \/>\n<meta property=\"og:description\" content=\"Las encuestas del 8 de diciembre confirman el cambio de ciclo: el PP ampl\u00eda ventaja, el PSOE cae y la izquierda se fractura.\" \/>\n<meta property=\"og:url\" content=\"https:\/\/conversesacatalunya.cat\/es\/sanchez-se-acabo-dicen-las-encuestas\/\" \/>\n<meta property=\"og:site_name\" content=\"Converses a Catalunya\" \/>\n<meta property=\"article:published_time\" content=\"2025-12-09T09:00:38+00:00\" \/>\n<meta property=\"article:modified_time\" content=\"2025-12-09T18:55:11+00:00\" \/>\n<meta property=\"og:image\" content=\"https:\/\/conversesacatalunya.cat\/wp-content\/uploads\/2025\/12\/Imagen1-2.jpg\" \/>\n\t<meta property=\"og:image:width\" content=\"487\" \/>\n\t<meta property=\"og:image:height\" content=\"377\" \/>\n\t<meta property=\"og:image:type\" content=\"image\/jpeg\" \/>\n<meta name=\"author\" content=\"Emili Clos\" \/>\n<meta name=\"twitter:card\" content=\"summary_large_image\" \/>\n<meta name=\"twitter:label1\" content=\"Escrito por\" \/>\n\t<meta name=\"twitter:data1\" content=\"Emili Clos\" \/>\n\t<meta name=\"twitter:label2\" content=\"Tiempo de lectura\" \/>\n\t<meta name=\"twitter:data2\" content=\"4 minutos\" \/>\n<script type=\"application\/ld+json\" class=\"yoast-schema-graph\">{\"@context\":\"https:\/\/schema.org\",\"@graph\":[{\"@type\":\"Article\",\"@id\":\"https:\/\/conversesacatalunya.cat\/es\/sanchez-se-acabo-dicen-las-encuestas\/#article\",\"isPartOf\":{\"@id\":\"https:\/\/conversesacatalunya.cat\/es\/sanchez-se-acabo-dicen-las-encuestas\/\"},\"author\":{\"name\":\"Emili Clos\",\"@id\":\"https:\/\/conversesacatalunya.cat\/#\/schema\/person\/46306de4129bccb959ed5e1720c4e3e7\"},\"headline\":\"S\u00e1nchez: se acab\u00f3, o al menos eso dicen las encuestas\",\"datePublished\":\"2025-12-09T09:00:38+00:00\",\"dateModified\":\"2025-12-09T18:55:11+00:00\",\"mainEntityOfPage\":{\"@id\":\"https:\/\/conversesacatalunya.cat\/es\/sanchez-se-acabo-dicen-las-encuestas\/\"},\"wordCount\":837,\"commentCount\":0,\"image\":{\"@id\":\"https:\/\/conversesacatalunya.cat\/es\/sanchez-se-acabo-dicen-las-encuestas\/#primaryimage\"},\"thumbnailUrl\":\"https:\/\/conversesacatalunya.cat\/wp-content\/uploads\/2025\/12\/Imagen1-2.jpg\",\"keywords\":[\"Encuestas\",\"Enquestes\"],\"articleSection\":[\"Punts clau del dia (ES)\"],\"inLanguage\":\"es\",\"potentialAction\":[{\"@type\":\"CommentAction\",\"name\":\"Comment\",\"target\":[\"https:\/\/conversesacatalunya.cat\/es\/sanchez-se-acabo-dicen-las-encuestas\/#respond\"]}]},{\"@type\":\"WebPage\",\"@id\":\"https:\/\/conversesacatalunya.cat\/es\/sanchez-se-acabo-dicen-las-encuestas\/\",\"url\":\"https:\/\/conversesacatalunya.cat\/es\/sanchez-se-acabo-dicen-las-encuestas\/\",\"name\":\"S\u00e1nchez: se acab\u00f3, o al menos eso dicen las encuestas - Converses a Catalunya\",\"isPartOf\":{\"@id\":\"https:\/\/conversesacatalunya.cat\/#website\"},\"primaryImageOfPage\":{\"@id\":\"https:\/\/conversesacatalunya.cat\/es\/sanchez-se-acabo-dicen-las-encuestas\/#primaryimage\"},\"image\":{\"@id\":\"https:\/\/conversesacatalunya.cat\/es\/sanchez-se-acabo-dicen-las-encuestas\/#primaryimage\"},\"thumbnailUrl\":\"https:\/\/conversesacatalunya.cat\/wp-content\/uploads\/2025\/12\/Imagen1-2.jpg\",\"datePublished\":\"2025-12-09T09:00:38+00:00\",\"dateModified\":\"2025-12-09T18:55:11+00:00\",\"author\":{\"@id\":\"https:\/\/conversesacatalunya.cat\/#\/schema\/person\/46306de4129bccb959ed5e1720c4e3e7\"},\"description\":\"Las encuestas del 8 de diciembre confirman el cambio de ciclo: el PP ampl\u00eda ventaja, el PSOE cae y la izquierda se fractura.\",\"breadcrumb\":{\"@id\":\"https:\/\/conversesacatalunya.cat\/es\/sanchez-se-acabo-dicen-las-encuestas\/#breadcrumb\"},\"inLanguage\":\"es\",\"potentialAction\":[{\"@type\":\"ReadAction\",\"target\":[\"https:\/\/conversesacatalunya.cat\/es\/sanchez-se-acabo-dicen-las-encuestas\/\"]}]},{\"@type\":\"ImageObject\",\"inLanguage\":\"es\",\"@id\":\"https:\/\/conversesacatalunya.cat\/es\/sanchez-se-acabo-dicen-las-encuestas\/#primaryimage\",\"url\":\"https:\/\/conversesacatalunya.cat\/wp-content\/uploads\/2025\/12\/Imagen1-2.jpg\",\"contentUrl\":\"https:\/\/conversesacatalunya.cat\/wp-content\/uploads\/2025\/12\/Imagen1-2.jpg\",\"width\":487,\"height\":377,\"caption\":\"encuestas 8 diciembre\"},{\"@type\":\"BreadcrumbList\",\"@id\":\"https:\/\/conversesacatalunya.cat\/es\/sanchez-se-acabo-dicen-las-encuestas\/#breadcrumb\",\"itemListElement\":[{\"@type\":\"ListItem\",\"position\":1,\"name\":\"Inici\",\"item\":\"https:\/\/conversesacatalunya.cat\/es\/\"},{\"@type\":\"ListItem\",\"position\":2,\"name\":\"S\u00e1nchez: se acab\u00f3, o al menos eso dicen las encuestas\"}]},{\"@type\":\"WebSite\",\"@id\":\"https:\/\/conversesacatalunya.cat\/#website\",\"url\":\"https:\/\/conversesacatalunya.cat\/\",\"name\":\"Converses a Catalunya\",\"description\":\"\",\"potentialAction\":[{\"@type\":\"SearchAction\",\"target\":{\"@type\":\"EntryPoint\",\"urlTemplate\":\"https:\/\/conversesacatalunya.cat\/?s={search_term_string}\"},\"query-input\":{\"@type\":\"PropertyValueSpecification\",\"valueRequired\":true,\"valueName\":\"search_term_string\"}}],\"inLanguage\":\"es\"},{\"@type\":\"Person\",\"@id\":\"https:\/\/conversesacatalunya.cat\/#\/schema\/person\/46306de4129bccb959ed5e1720c4e3e7\",\"name\":\"Emili Clos\",\"image\":{\"@type\":\"ImageObject\",\"inLanguage\":\"es\",\"@id\":\"https:\/\/conversesacatalunya.cat\/#\/schema\/person\/image\/\",\"url\":\"https:\/\/conversesacatalunya.cat\/wp-content\/litespeed\/avatar\/a9a662bd802eed79498de818aef91cc9.jpg?ver=1777096184\",\"contentUrl\":\"https:\/\/conversesacatalunya.cat\/wp-content\/litespeed\/avatar\/a9a662bd802eed79498de818aef91cc9.jpg?ver=1777096184\",\"caption\":\"Emili Clos\"},\"url\":\"https:\/\/conversesacatalunya.cat\/es\/author\/emili_clos\/\"}]}<\/script>\n<!-- \/ Yoast SEO plugin. -->","yoast_head_json":{"title":"S\u00e1nchez: se acab\u00f3, o al menos eso dicen las encuestas - Converses a Catalunya","description":"Las encuestas del 8 de diciembre confirman el cambio de ciclo: el PP ampl\u00eda ventaja, el PSOE cae y la izquierda se fractura.","robots":{"index":"index","follow":"follow","max-snippet":"max-snippet:-1","max-image-preview":"max-image-preview:large","max-video-preview":"max-video-preview:-1"},"canonical":"https:\/\/conversesacatalunya.cat\/es\/sanchez-se-acabo-dicen-las-encuestas\/","og_locale":"es_ES","og_type":"article","og_title":"S\u00e1nchez: se acab\u00f3, o al menos eso dicen las encuestas - Converses a Catalunya","og_description":"Las encuestas del 8 de diciembre confirman el cambio de ciclo: el PP ampl\u00eda ventaja, el PSOE cae y la izquierda se fractura.","og_url":"https:\/\/conversesacatalunya.cat\/es\/sanchez-se-acabo-dicen-las-encuestas\/","og_site_name":"Converses a Catalunya","article_published_time":"2025-12-09T09:00:38+00:00","article_modified_time":"2025-12-09T18:55:11+00:00","og_image":[{"width":487,"height":377,"url":"https:\/\/conversesacatalunya.cat\/wp-content\/uploads\/2025\/12\/Imagen1-2.jpg","type":"image\/jpeg"}],"author":"Emili Clos","twitter_card":"summary_large_image","twitter_misc":{"Escrito por":"Emili Clos","Tiempo de lectura":"4 minutos"},"schema":{"@context":"https:\/\/schema.org","@graph":[{"@type":"Article","@id":"https:\/\/conversesacatalunya.cat\/es\/sanchez-se-acabo-dicen-las-encuestas\/#article","isPartOf":{"@id":"https:\/\/conversesacatalunya.cat\/es\/sanchez-se-acabo-dicen-las-encuestas\/"},"author":{"name":"Emili Clos","@id":"https:\/\/conversesacatalunya.cat\/#\/schema\/person\/46306de4129bccb959ed5e1720c4e3e7"},"headline":"S\u00e1nchez: se acab\u00f3, o al menos eso dicen las encuestas","datePublished":"2025-12-09T09:00:38+00:00","dateModified":"2025-12-09T18:55:11+00:00","mainEntityOfPage":{"@id":"https:\/\/conversesacatalunya.cat\/es\/sanchez-se-acabo-dicen-las-encuestas\/"},"wordCount":837,"commentCount":0,"image":{"@id":"https:\/\/conversesacatalunya.cat\/es\/sanchez-se-acabo-dicen-las-encuestas\/#primaryimage"},"thumbnailUrl":"https:\/\/conversesacatalunya.cat\/wp-content\/uploads\/2025\/12\/Imagen1-2.jpg","keywords":["Encuestas","Enquestes"],"articleSection":["Punts clau del dia (ES)"],"inLanguage":"es","potentialAction":[{"@type":"CommentAction","name":"Comment","target":["https:\/\/conversesacatalunya.cat\/es\/sanchez-se-acabo-dicen-las-encuestas\/#respond"]}]},{"@type":"WebPage","@id":"https:\/\/conversesacatalunya.cat\/es\/sanchez-se-acabo-dicen-las-encuestas\/","url":"https:\/\/conversesacatalunya.cat\/es\/sanchez-se-acabo-dicen-las-encuestas\/","name":"S\u00e1nchez: se acab\u00f3, o al menos eso dicen las encuestas - Converses a Catalunya","isPartOf":{"@id":"https:\/\/conversesacatalunya.cat\/#website"},"primaryImageOfPage":{"@id":"https:\/\/conversesacatalunya.cat\/es\/sanchez-se-acabo-dicen-las-encuestas\/#primaryimage"},"image":{"@id":"https:\/\/conversesacatalunya.cat\/es\/sanchez-se-acabo-dicen-las-encuestas\/#primaryimage"},"thumbnailUrl":"https:\/\/conversesacatalunya.cat\/wp-content\/uploads\/2025\/12\/Imagen1-2.jpg","datePublished":"2025-12-09T09:00:38+00:00","dateModified":"2025-12-09T18:55:11+00:00","author":{"@id":"https:\/\/conversesacatalunya.cat\/#\/schema\/person\/46306de4129bccb959ed5e1720c4e3e7"},"description":"Las encuestas del 8 de diciembre confirman el cambio de ciclo: el PP ampl\u00eda ventaja, el PSOE cae y la izquierda se fractura.","breadcrumb":{"@id":"https:\/\/conversesacatalunya.cat\/es\/sanchez-se-acabo-dicen-las-encuestas\/#breadcrumb"},"inLanguage":"es","potentialAction":[{"@type":"ReadAction","target":["https:\/\/conversesacatalunya.cat\/es\/sanchez-se-acabo-dicen-las-encuestas\/"]}]},{"@type":"ImageObject","inLanguage":"es","@id":"https:\/\/conversesacatalunya.cat\/es\/sanchez-se-acabo-dicen-las-encuestas\/#primaryimage","url":"https:\/\/conversesacatalunya.cat\/wp-content\/uploads\/2025\/12\/Imagen1-2.jpg","contentUrl":"https:\/\/conversesacatalunya.cat\/wp-content\/uploads\/2025\/12\/Imagen1-2.jpg","width":487,"height":377,"caption":"encuestas 8 diciembre"},{"@type":"BreadcrumbList","@id":"https:\/\/conversesacatalunya.cat\/es\/sanchez-se-acabo-dicen-las-encuestas\/#breadcrumb","itemListElement":[{"@type":"ListItem","position":1,"name":"Inici","item":"https:\/\/conversesacatalunya.cat\/es\/"},{"@type":"ListItem","position":2,"name":"S\u00e1nchez: se acab\u00f3, o al menos eso dicen las encuestas"}]},{"@type":"WebSite","@id":"https:\/\/conversesacatalunya.cat\/#website","url":"https:\/\/conversesacatalunya.cat\/","name":"Converses a Catalunya","description":"","potentialAction":[{"@type":"SearchAction","target":{"@type":"EntryPoint","urlTemplate":"https:\/\/conversesacatalunya.cat\/?s={search_term_string}"},"query-input":{"@type":"PropertyValueSpecification","valueRequired":true,"valueName":"search_term_string"}}],"inLanguage":"es"},{"@type":"Person","@id":"https:\/\/conversesacatalunya.cat\/#\/schema\/person\/46306de4129bccb959ed5e1720c4e3e7","name":"Emili Clos","image":{"@type":"ImageObject","inLanguage":"es","@id":"https:\/\/conversesacatalunya.cat\/#\/schema\/person\/image\/","url":"https:\/\/conversesacatalunya.cat\/wp-content\/litespeed\/avatar\/a9a662bd802eed79498de818aef91cc9.jpg?ver=1777096184","contentUrl":"https:\/\/conversesacatalunya.cat\/wp-content\/litespeed\/avatar\/a9a662bd802eed79498de818aef91cc9.jpg?ver=1777096184","caption":"Emili Clos"},"url":"https:\/\/conversesacatalunya.cat\/es\/author\/emili_clos\/"}]}},"wps_subtitle":"Las cuatro encuestas publicadas el 8 de diciembre dibujaron un mismo paisaje: Espa\u00f1a ha iniciado un cambio de ciclo pol\u00edtico que ya casi nadie discute.","_links":{"self":[{"href":"https:\/\/conversesacatalunya.cat\/es\/wp-json\/wp\/v2\/posts\/94551","targetHints":{"allow":["GET"]}}],"collection":[{"href":"https:\/\/conversesacatalunya.cat\/es\/wp-json\/wp\/v2\/posts"}],"about":[{"href":"https:\/\/conversesacatalunya.cat\/es\/wp-json\/wp\/v2\/types\/post"}],"author":[{"embeddable":true,"href":"https:\/\/conversesacatalunya.cat\/es\/wp-json\/wp\/v2\/users\/81"}],"replies":[{"embeddable":true,"href":"https:\/\/conversesacatalunya.cat\/es\/wp-json\/wp\/v2\/comments?post=94551"}],"version-history":[{"count":8,"href":"https:\/\/conversesacatalunya.cat\/es\/wp-json\/wp\/v2\/posts\/94551\/revisions"}],"predecessor-version":[{"id":94579,"href":"https:\/\/conversesacatalunya.cat\/es\/wp-json\/wp\/v2\/posts\/94551\/revisions\/94579"}],"wp:featuredmedia":[{"embeddable":true,"href":"https:\/\/conversesacatalunya.cat\/es\/wp-json\/wp\/v2\/media\/94547"}],"wp:attachment":[{"href":"https:\/\/conversesacatalunya.cat\/es\/wp-json\/wp\/v2\/media?parent=94551"}],"wp:term":[{"taxonomy":"category","embeddable":true,"href":"https:\/\/conversesacatalunya.cat\/es\/wp-json\/wp\/v2\/categories?post=94551"},{"taxonomy":"post_tag","embeddable":true,"href":"https:\/\/conversesacatalunya.cat\/es\/wp-json\/wp\/v2\/tags?post=94551"}],"curies":[{"name":"wp","href":"https:\/\/api.w.org\/{rel}","templated":true}]}}