{"id":94523,"date":"2025-12-08T05:58:04","date_gmt":"2025-12-08T04:58:04","guid":{"rendered":"https:\/\/conversesacatalunya.cat\/?p=94523"},"modified":"2025-12-08T06:20:32","modified_gmt":"2025-12-08T05:20:32","slug":"estados-unidos-colapso-europa","status":"publish","type":"post","link":"https:\/\/conversesacatalunya.cat\/es\/estados-unidos-colapso-europa\/","title":{"rendered":"Estados Unidos advierte del colapso final de Europa"},"content":{"rendered":"<p><span dir=\"auto\"><span class=\"VIpgJd-yAWNEb-VIpgJd-fmcmS-sn54Q\" dir=\"auto\">El presidente de Estados Unidos, Donald J. Trump, acaba de publicar su \u201cEstrategia de Seguridad Nacional\u201d, un documento clave que el presidente publica una vez por mandato y que establece su<span>\u00a0<\/span><\/span><\/span><strong><span dir=\"auto\"><span class=\"VIpgJd-yAWNEb-VIpgJd-fmcmS-sn54Q\" dir=\"auto\">visi\u00f3n y prioridades en pol\u00edtica internacional.<\/span><\/span><\/strong><\/p>\n<p><span dir=\"auto\"><span class=\"VIpgJd-yAWNEb-VIpgJd-fmcmS-sn54Q\" dir=\"auto\">El documento de 33 p\u00e1ginas, que la Casa Blanca present\u00f3 el pasado 4 de diciembre y est\u00e1 <\/span><\/span><span dir=\"auto\"><span class=\"VIpgJd-yAWNEb-VIpgJd-fmcmS-sn54Q\" dir=\"auto\"><a href=\"https:\/\/www.whitehouse.gov\/wp-content\/uploads\/2025\/12\/2025-National-Security-Strategy.pdf\" target=\"_blank\" rel=\"noopener\">disponible<\/a><\/span><\/span><span dir=\"auto\"><span class=\"VIpgJd-yAWNEb-VIpgJd-fmcmS-sn54Q\" dir=\"auto\"><span>\u00a0<\/span>en la p\u00e1gina web oficial, ha pasado<span>\u00a0<\/span><\/span><\/span><strong><span dir=\"auto\"><span class=\"VIpgJd-yAWNEb-VIpgJd-fmcmS-sn54Q\" dir=\"auto\">pr\u00e1cticamente desapercibido en los medios de comunicaci\u00f3n europeos.<\/span><\/span><\/strong><\/p>\n<p><span dir=\"auto\">No es de extra\u00f1ar, ya que<span>\u00a0<\/span><\/span><strong><span dir=\"auto\">la Administraci\u00f3n Trump reserva algunas de las constataciones m\u00e1s duras para el Viejo Continente y los que lo gobiernan.<\/span><\/strong><\/p>\n<p><span dir=\"auto\"><span class=\"VIpgJd-yAWNEb-VIpgJd-fmcmS-sn54Q\" dir=\"auto\">Nada menos, la Estrategia de Seguridad Nacional advierte que<span>\u00a0<\/span><\/span><\/span><strong><span dir=\"auto\"><span class=\"VIpgJd-yAWNEb-VIpgJd-fmcmS-sn54Q\" dir=\"auto\">Europa colapsar\u00e1 en los pr\u00f3ximos veinte a\u00f1os<\/span><\/span><\/strong><span dir=\"auto\"><span class=\"VIpgJd-yAWNEb-VIpgJd-fmcmS-sn54Q\" dir=\"auto\"><span>\u00a0<\/span>\u00a0si no se produce un cambio dram\u00e1tico del conjunto de sus pol\u00edticas.<\/span><\/span><\/p>\n<p><span dir=\"auto\">No se trata de un descalabro militar ante una invasi\u00f3n por parte de Rusia, ni tampoco de una crisis econ\u00f3mica de grandes proporciones. Es, as\u00ed lo afirma literalmente el documento, <strong>\u201cla<\/strong><\/span><strong><span dir=\"auto\"> desaparici\u00f3n de la civilizaci\u00f3n\u201d<\/span><\/strong><span dir=\"auto\"> europea pura y dura.<\/span><\/p>\n<p><span dir=\"auto\"><span class=\"VIpgJd-yAWNEb-VIpgJd-fmcmS-sn54Q\" dir=\"auto\">El texto explica que, m\u00e1s all\u00e1 de la p\u00e9rdida de competitividad econ\u00f3mica debida a \u201cregulaciones nacionales y transnacionales que<span>\u00a0<\/span><\/span><\/span><strong><span dir=\"auto\"><span class=\"VIpgJd-yAWNEb-VIpgJd-fmcmS-sn54Q\" dir=\"auto\">debilitan la creatividad y la laboriosidad\u201d<\/span><\/span><\/strong><span dir=\"auto\"><span class=\"VIpgJd-yAWNEb-VIpgJd-fmcmS-sn54Q\" dir=\"auto\">, Europa se enfrenta a problemas mucho m\u00e1s graves.<\/span><\/span><\/p>\n<p><span dir=\"auto\">Entre ellos,<span>\u00a0<\/span><\/span><strong><span dir=\"auto\">la Administraci\u00f3n estadounidense destaca<\/span><\/strong><span dir=\"auto\"><span>\u00a0<\/span>\u201clas actividades de la UE y otros cuerpos transnacionales que socavan la libertad pol\u00edtica y la soberan\u00eda, pol\u00edticas migratorias que est\u00e1n transformando el continente y son generadoras de conflicto, censura de la libertad de palabra y supresi\u00f3n de la oposici\u00f3n pol\u00edtica, ca\u00edda en picado de la natalidad y p\u00e9rdida de identidades nacionales y autoconfianza\u00bb.<\/span><\/p>\n<p><span dir=\"auto\">Se llega incluso a afirmar que \u00abes m\u00e1s que plausible que, dentro de unas escasas d\u00e9cadas como mucho,<span>\u00a0<\/span><\/span><strong><span dir=\"auto\">algunos miembros de la OTAN se convertir\u00e1n en mayoritariamente no-europeos.<\/span><\/strong><span dir=\"auto\"> Por tanto, es una pregunta abierta si percibir\u00e1n su lugar en el mundo, o su alianza con Estados Unidos, al igual que aquellos que firmaron la carta de la OTAN\u00bb.<\/span><\/p>\n<p><span dir=\"auto\">La Estrategia a\u00f1ade que Estados Unidos desea que Europa \u201csiga siendo europea\u201d, pero expresa tambi\u00e9n su preocupaci\u00f3n ante los gobiernos que,<span>\u00a0<\/span><\/span><strong><span dir=\"auto\">en vez de corregir el rumbo, incrementan el ritmo e intensidad de las pol\u00edticas<\/span><\/strong><span dir=\"auto\"><span>\u00a0<\/span>que conducen al desastre.<\/span><\/p>\n<p><span dir=\"auto\">El documento concluye su cap\u00edtulo europeo estableciendo que \u201cnuestro objetivo deber\u00eda ser<span>\u00a0<\/span><\/span><strong><span dir=\"auto\">ayudar a Europa a modificar su trayectoria actual\u201d<\/span><\/strong><span dir=\"auto\">, ya que \u201cEuropa sigue siendo estrat\u00e9gica y culturalmente vital para Estados Unidos\u201d.<\/span><\/p>\n<p><span dir=\"auto\">Sin embargo, Europa no es, claramente, una prioridad estadounidense.<\/span><\/p>\n<p><span dir=\"auto\">Antes de llegar al Viejo Continente,<span>\u00a0<\/span><\/span><strong><span dir=\"auto\">la Estrategia se centra en el hemisferio occidental y en\u00a0 Asia.<\/span><\/strong><span dir=\"auto\"> En el primer caso, porque resulta clave para conseguir la primera prioridad de la Administraci\u00f3n: \u00ab<\/span><strong><span dir=\"auto\">poner fin a la era de la migraci\u00f3n masiva\u00bb.<\/span><\/strong><span dir=\"auto\"><span>\u00a0<\/span>A su vez, Asia, en tanto que nuevo centro econ\u00f3mico mundial, es esencial para que Estados Unidos \u201cgane su futuro econ\u00f3mico\u201d.<\/span><\/p>\n<p><span dir=\"auto\">En definitiva, la nueva Estrategia de Seguridad Nacional de Estados Unidos deber\u00eda leerse con extremada atenci\u00f3n en toda Europa: quedan sucintas, pero perfectamente descritas, las causas de nuestro declive y la advertencia del futuro que nos espera si no ponemos remedio. Y esta vez,<span>\u00a0<\/span><\/span><strong><span dir=\"auto\">no est\u00e1 nada claro que los estadounidenses vuelvan a desembarcar para sacarnos una tercera vez las casta\u00f1as del fuego.<\/span><\/strong><\/p>\n<span class='bctt-click-to-tweet'><span class='bctt-ctt-text'><a href='https:\/\/twitter.com\/intent\/tweet?url=https%3A%2F%2Fconversesacatalunya.cat%2Fes%2Festados-unidos-colapso-europa%2F&#038;text=Trump%2C%20en%20la%20Estrategia%20de%20Seguridad%20Nacional%20advierte%20que%20Europa%20colapsar%C3%A1%20en%20los%20pr%C3%B3ximos%20veinte%20a%C3%B1os%20si%20no%20se%20produce%20un%20cambio%20dram%C3%A1tico%20del%20conjunto%20de%20sus%20pol%C3%ADticas.&#038;via=conversesacat&#038;related=conversesacat' target='_blank'rel=\"noopener noreferrer\">Trump, en la Estrategia de Seguridad Nacional advierte que Europa colapsar\u00e1 en los pr\u00f3ximos veinte a\u00f1os si no se produce un cambio dram\u00e1tico del conjunto de sus pol\u00edticas. <\/a><\/span><a href='https:\/\/twitter.com\/intent\/tweet?url=https%3A%2F%2Fconversesacatalunya.cat%2Fes%2Festados-unidos-colapso-europa%2F&#038;text=Trump%2C%20en%20la%20Estrategia%20de%20Seguridad%20Nacional%20advierte%20que%20Europa%20colapsar%C3%A1%20en%20los%20pr%C3%B3ximos%20veinte%20a%C3%B1os%20si%20no%20se%20produce%20un%20cambio%20dram%C3%A1tico%20del%20conjunto%20de%20sus%20pol%C3%ADticas.&#038;via=conversesacat&#038;related=conversesacat' target='_blank' class='bctt-ctt-btn'rel=\"noopener noreferrer\">Compartir en X<\/a><\/span>\n<p>&nbsp;<\/p>\n<p>&nbsp;<\/p>\n<p>&nbsp;<\/p>\n","protected":false},"excerpt":{"rendered":"<p>El presidente de Estados Unidos, Donald J. Trump, acaba de publicar su \u201cEstrategia de Seguridad Nacional\u201d, un documento clave que el presidente publica una vez por mandato y que establece su\u00a0visi\u00f3n y prioridades en pol\u00edtica internacional. El documento de 33 p\u00e1ginas, que la Casa Blanca present\u00f3 el pasado 4 de diciembre y est\u00e1 disponible\u00a0en la p\u00e1gina web oficial, ha pasado\u00a0pr\u00e1cticamente desapercibido en los medios de comunicaci\u00f3n europeos. No es de extra\u00f1ar, ya que\u00a0la Administraci\u00f3n Trump reserva algunas de las constataciones m\u00e1s duras para el Viejo Continente y los que lo gobiernan. Nada menos, la Estrategia de Seguridad Nacional advierte que\u00a0Europa colapsar\u00e1 en los pr\u00f3ximos veinte a\u00f1os\u00a0\u00a0si no se produce un cambio dram\u00e1tico del conjunto de sus pol\u00edticas. No se trata de un descalabro militar ante una invasi\u00f3n por parte de Rusia, ni tampoco de una crisis econ\u00f3mica de grandes proporciones. Es, as\u00ed lo afirma literalmente el documento, \u201cla desaparici\u00f3n de la civilizaci\u00f3n\u201d europea pura y dura. El texto explica que, m\u00e1s all\u00e1 de la p\u00e9rdida de competitividad econ\u00f3mica debida a \u201cregulaciones nacionales y transnacionales que\u00a0debilitan la creatividad y la laboriosidad\u201d, Europa se enfrenta a problemas mucho m\u00e1s graves. Entre ellos,\u00a0la Administraci\u00f3n estadounidense destaca\u00a0\u201clas actividades de la UE y otros cuerpos transnacionales que socavan la libertad pol\u00edtica y la soberan\u00eda, pol\u00edticas migratorias que est\u00e1n transformando el continente y son generadoras de conflicto, censura de la libertad de palabra y supresi\u00f3n de la oposici\u00f3n pol\u00edtica, ca\u00edda en picado de la natalidad y p\u00e9rdida de identidades nacionales y autoconfianza\u00bb. Se llega incluso a afirmar que \u00abes m\u00e1s que plausible que, dentro de unas escasas d\u00e9cadas como mucho,\u00a0algunos miembros de la OTAN se convertir\u00e1n en mayoritariamente no-europeos. Por tanto, es una pregunta abierta si percibir\u00e1n su lugar en el mundo, o su alianza con Estados Unidos, al igual que aquellos que firmaron la carta de la OTAN\u00bb. La Estrategia a\u00f1ade que Estados Unidos desea que Europa \u201csiga siendo europea\u201d, pero expresa tambi\u00e9n su preocupaci\u00f3n ante los gobiernos que,\u00a0en vez de corregir el rumbo, incrementan el ritmo e intensidad de las pol\u00edticas\u00a0que conducen al desastre. El documento concluye su cap\u00edtulo europeo estableciendo que \u201cnuestro objetivo deber\u00eda ser\u00a0ayudar a Europa a modificar su trayectoria actual\u201d, ya que \u201cEuropa sigue siendo estrat\u00e9gica y culturalmente vital para Estados Unidos\u201d. Sin embargo, Europa no es, claramente, una prioridad estadounidense. Antes de llegar al Viejo Continente,\u00a0la Estrategia se centra en el hemisferio occidental y en\u00a0 Asia. En el primer caso, porque resulta clave para conseguir la primera prioridad de la Administraci\u00f3n: \u00abponer fin a la era de la migraci\u00f3n masiva\u00bb.\u00a0A su vez, Asia, en tanto que nuevo centro econ\u00f3mico mundial, es esencial para que Estados Unidos \u201cgane su futuro econ\u00f3mico\u201d. En definitiva, la nueva Estrategia de Seguridad Nacional de Estados Unidos deber\u00eda leerse con extremada atenci\u00f3n en toda Europa: quedan sucintas, pero perfectamente descritas, las causas de nuestro declive y la advertencia del futuro que nos espera si no ponemos remedio. Y esta vez,\u00a0no est\u00e1 nada claro que los estadounidenses vuelvan a desembarcar para sacarnos una tercera vez las casta\u00f1as del fuego. &nbsp; &nbsp; &nbsp;<\/p>\n","protected":false},"author":75,"featured_media":94507,"comment_status":"open","ping_status":"open","sticky":false,"template":"","format":"standard","meta":{"_FSMCFIC_featured_image_caption":"","_FSMCFIC_featured_image_nocaption":"","_FSMCFIC_featured_image_hide":"","footnotes":""},"categories":[806],"tags":[1371,964,875,1162],"class_list":["post-94523","post","type-post","status-publish","format-standard","has-post-thumbnail","hentry","category-punts-claus-del-dia-es","tag-estados-unidos","tag-estats-units-es","tag-europa-es","tag-europa-es-2"],"yoast_head":"<!-- This site is optimized with the Yoast SEO plugin v26.8 - https:\/\/yoast.com\/product\/yoast-seo-wordpress\/ -->\n<title>Estados Unidos advierte del colapso final de Europa - Converses a Catalunya<\/title>\n<meta name=\"description\" content=\"Trump publica su &quot;Estrategia de Seguridad Nacional&quot;, un documento que establece su visi\u00f3n y prioridades en pol\u00edtica internacional\" \/>\n<meta name=\"robots\" content=\"index, follow, max-snippet:-1, max-image-preview:large, max-video-preview:-1\" \/>\n<link rel=\"canonical\" href=\"https:\/\/conversesacatalunya.cat\/es\/estados-unidos-colapso-europa\/\" \/>\n<meta property=\"og:locale\" content=\"es_ES\" \/>\n<meta property=\"og:type\" content=\"article\" \/>\n<meta property=\"og:title\" content=\"Estados Unidos advierte del colapso final de Europa - Converses a Catalunya\" \/>\n<meta property=\"og:description\" content=\"Trump publica su &quot;Estrategia de Seguridad Nacional&quot;, un documento que establece su visi\u00f3n y prioridades en pol\u00edtica internacional\" \/>\n<meta property=\"og:url\" content=\"https:\/\/conversesacatalunya.cat\/es\/estados-unidos-colapso-europa\/\" \/>\n<meta property=\"og:site_name\" content=\"Converses a Catalunya\" \/>\n<meta property=\"article:published_time\" content=\"2025-12-08T04:58:04+00:00\" \/>\n<meta property=\"article:modified_time\" content=\"2025-12-08T05:20:32+00:00\" \/>\n<meta property=\"og:image\" content=\"https:\/\/conversesacatalunya.cat\/wp-content\/uploads\/2025\/12\/Captura-de-pantalla-2025-12-07-a-les-16.19.39.png\" \/>\n\t<meta property=\"og:image:width\" content=\"524\" \/>\n\t<meta property=\"og:image:height\" content=\"200\" \/>\n\t<meta property=\"og:image:type\" content=\"image\/png\" \/>\n<meta name=\"author\" content=\"Carles L\u00f3pez\" \/>\n<meta name=\"twitter:card\" content=\"summary_large_image\" \/>\n<meta name=\"twitter:label1\" content=\"Escrito por\" \/>\n\t<meta name=\"twitter:data1\" content=\"Carles L\u00f3pez\" \/>\n\t<meta name=\"twitter:label2\" content=\"Tiempo de lectura\" \/>\n\t<meta name=\"twitter:data2\" content=\"3 minutos\" \/>\n<script type=\"application\/ld+json\" class=\"yoast-schema-graph\">{\"@context\":\"https:\/\/schema.org\",\"@graph\":[{\"@type\":\"Article\",\"@id\":\"https:\/\/conversesacatalunya.cat\/es\/estados-unidos-colapso-europa\/#article\",\"isPartOf\":{\"@id\":\"https:\/\/conversesacatalunya.cat\/es\/estados-unidos-colapso-europa\/\"},\"author\":{\"name\":\"Carles L\u00f3pez\",\"@id\":\"https:\/\/conversesacatalunya.cat\/#\/schema\/person\/3ce2ab16c0a3803086d80722c7cad56a\"},\"headline\":\"Estados Unidos advierte del colapso final de Europa\",\"datePublished\":\"2025-12-08T04:58:04+00:00\",\"dateModified\":\"2025-12-08T05:20:32+00:00\",\"mainEntityOfPage\":{\"@id\":\"https:\/\/conversesacatalunya.cat\/es\/estados-unidos-colapso-europa\/\"},\"wordCount\":612,\"commentCount\":0,\"image\":{\"@id\":\"https:\/\/conversesacatalunya.cat\/es\/estados-unidos-colapso-europa\/#primaryimage\"},\"thumbnailUrl\":\"https:\/\/conversesacatalunya.cat\/wp-content\/uploads\/2025\/12\/Captura-de-pantalla-2025-12-07-a-les-16.19.39.png\",\"keywords\":[\"Estados Unidos\",\"Estats Units\",\"Europa\",\"Europa\"],\"articleSection\":[\"Punts clau del dia (ES)\"],\"inLanguage\":\"es\",\"potentialAction\":[{\"@type\":\"CommentAction\",\"name\":\"Comment\",\"target\":[\"https:\/\/conversesacatalunya.cat\/es\/estados-unidos-colapso-europa\/#respond\"]}]},{\"@type\":\"WebPage\",\"@id\":\"https:\/\/conversesacatalunya.cat\/es\/estados-unidos-colapso-europa\/\",\"url\":\"https:\/\/conversesacatalunya.cat\/es\/estados-unidos-colapso-europa\/\",\"name\":\"Estados Unidos advierte del colapso final de Europa - Converses a Catalunya\",\"isPartOf\":{\"@id\":\"https:\/\/conversesacatalunya.cat\/#website\"},\"primaryImageOfPage\":{\"@id\":\"https:\/\/conversesacatalunya.cat\/es\/estados-unidos-colapso-europa\/#primaryimage\"},\"image\":{\"@id\":\"https:\/\/conversesacatalunya.cat\/es\/estados-unidos-colapso-europa\/#primaryimage\"},\"thumbnailUrl\":\"https:\/\/conversesacatalunya.cat\/wp-content\/uploads\/2025\/12\/Captura-de-pantalla-2025-12-07-a-les-16.19.39.png\",\"datePublished\":\"2025-12-08T04:58:04+00:00\",\"dateModified\":\"2025-12-08T05:20:32+00:00\",\"author\":{\"@id\":\"https:\/\/conversesacatalunya.cat\/#\/schema\/person\/3ce2ab16c0a3803086d80722c7cad56a\"},\"description\":\"Trump publica su \\\"Estrategia de Seguridad Nacional\\\", un documento que establece su visi\u00f3n y prioridades en pol\u00edtica internacional\",\"breadcrumb\":{\"@id\":\"https:\/\/conversesacatalunya.cat\/es\/estados-unidos-colapso-europa\/#breadcrumb\"},\"inLanguage\":\"es\",\"potentialAction\":[{\"@type\":\"ReadAction\",\"target\":[\"https:\/\/conversesacatalunya.cat\/es\/estados-unidos-colapso-europa\/\"]}]},{\"@type\":\"ImageObject\",\"inLanguage\":\"es\",\"@id\":\"https:\/\/conversesacatalunya.cat\/es\/estados-unidos-colapso-europa\/#primaryimage\",\"url\":\"https:\/\/conversesacatalunya.cat\/wp-content\/uploads\/2025\/12\/Captura-de-pantalla-2025-12-07-a-les-16.19.39.png\",\"contentUrl\":\"https:\/\/conversesacatalunya.cat\/wp-content\/uploads\/2025\/12\/Captura-de-pantalla-2025-12-07-a-les-16.19.39.png\",\"width\":524,\"height\":200,\"caption\":\"Estrategia de Seguridad Nacional Trump\"},{\"@type\":\"BreadcrumbList\",\"@id\":\"https:\/\/conversesacatalunya.cat\/es\/estados-unidos-colapso-europa\/#breadcrumb\",\"itemListElement\":[{\"@type\":\"ListItem\",\"position\":1,\"name\":\"Inici\",\"item\":\"https:\/\/conversesacatalunya.cat\/es\/\"},{\"@type\":\"ListItem\",\"position\":2,\"name\":\"Estados Unidos advierte del colapso final de Europa\"}]},{\"@type\":\"WebSite\",\"@id\":\"https:\/\/conversesacatalunya.cat\/#website\",\"url\":\"https:\/\/conversesacatalunya.cat\/\",\"name\":\"Converses a Catalunya\",\"description\":\"\",\"potentialAction\":[{\"@type\":\"SearchAction\",\"target\":{\"@type\":\"EntryPoint\",\"urlTemplate\":\"https:\/\/conversesacatalunya.cat\/?s={search_term_string}\"},\"query-input\":{\"@type\":\"PropertyValueSpecification\",\"valueRequired\":true,\"valueName\":\"search_term_string\"}}],\"inLanguage\":\"es\"},{\"@type\":\"Person\",\"@id\":\"https:\/\/conversesacatalunya.cat\/#\/schema\/person\/3ce2ab16c0a3803086d80722c7cad56a\",\"name\":\"Carles L\u00f3pez\",\"image\":{\"@type\":\"ImageObject\",\"inLanguage\":\"es\",\"@id\":\"https:\/\/conversesacatalunya.cat\/#\/schema\/person\/image\/\",\"url\":\"https:\/\/conversesacatalunya.cat\/wp-content\/litespeed\/avatar\/4891585caf2896e97846ab77f06edcf2.jpg?ver=1777091173\",\"contentUrl\":\"https:\/\/conversesacatalunya.cat\/wp-content\/litespeed\/avatar\/4891585caf2896e97846ab77f06edcf2.jpg?ver=1777091173\",\"caption\":\"Carles L\u00f3pez\"},\"url\":\"https:\/\/conversesacatalunya.cat\/es\/author\/carles-lopez\/\"}]}<\/script>\n<!-- \/ Yoast SEO plugin. -->","yoast_head_json":{"title":"Estados Unidos advierte del colapso final de Europa - Converses a Catalunya","description":"Trump publica su \"Estrategia de Seguridad Nacional\", un documento que establece su visi\u00f3n y prioridades en pol\u00edtica internacional","robots":{"index":"index","follow":"follow","max-snippet":"max-snippet:-1","max-image-preview":"max-image-preview:large","max-video-preview":"max-video-preview:-1"},"canonical":"https:\/\/conversesacatalunya.cat\/es\/estados-unidos-colapso-europa\/","og_locale":"es_ES","og_type":"article","og_title":"Estados Unidos advierte del colapso final de Europa - Converses a Catalunya","og_description":"Trump publica su \"Estrategia de Seguridad Nacional\", un documento que establece su visi\u00f3n y prioridades en pol\u00edtica internacional","og_url":"https:\/\/conversesacatalunya.cat\/es\/estados-unidos-colapso-europa\/","og_site_name":"Converses a Catalunya","article_published_time":"2025-12-08T04:58:04+00:00","article_modified_time":"2025-12-08T05:20:32+00:00","og_image":[{"width":524,"height":200,"url":"https:\/\/conversesacatalunya.cat\/wp-content\/uploads\/2025\/12\/Captura-de-pantalla-2025-12-07-a-les-16.19.39.png","type":"image\/png"}],"author":"Carles L\u00f3pez","twitter_card":"summary_large_image","twitter_misc":{"Escrito por":"Carles L\u00f3pez","Tiempo de lectura":"3 minutos"},"schema":{"@context":"https:\/\/schema.org","@graph":[{"@type":"Article","@id":"https:\/\/conversesacatalunya.cat\/es\/estados-unidos-colapso-europa\/#article","isPartOf":{"@id":"https:\/\/conversesacatalunya.cat\/es\/estados-unidos-colapso-europa\/"},"author":{"name":"Carles L\u00f3pez","@id":"https:\/\/conversesacatalunya.cat\/#\/schema\/person\/3ce2ab16c0a3803086d80722c7cad56a"},"headline":"Estados Unidos advierte del colapso final de Europa","datePublished":"2025-12-08T04:58:04+00:00","dateModified":"2025-12-08T05:20:32+00:00","mainEntityOfPage":{"@id":"https:\/\/conversesacatalunya.cat\/es\/estados-unidos-colapso-europa\/"},"wordCount":612,"commentCount":0,"image":{"@id":"https:\/\/conversesacatalunya.cat\/es\/estados-unidos-colapso-europa\/#primaryimage"},"thumbnailUrl":"https:\/\/conversesacatalunya.cat\/wp-content\/uploads\/2025\/12\/Captura-de-pantalla-2025-12-07-a-les-16.19.39.png","keywords":["Estados Unidos","Estats Units","Europa","Europa"],"articleSection":["Punts clau del dia (ES)"],"inLanguage":"es","potentialAction":[{"@type":"CommentAction","name":"Comment","target":["https:\/\/conversesacatalunya.cat\/es\/estados-unidos-colapso-europa\/#respond"]}]},{"@type":"WebPage","@id":"https:\/\/conversesacatalunya.cat\/es\/estados-unidos-colapso-europa\/","url":"https:\/\/conversesacatalunya.cat\/es\/estados-unidos-colapso-europa\/","name":"Estados Unidos advierte del colapso final de Europa - Converses a Catalunya","isPartOf":{"@id":"https:\/\/conversesacatalunya.cat\/#website"},"primaryImageOfPage":{"@id":"https:\/\/conversesacatalunya.cat\/es\/estados-unidos-colapso-europa\/#primaryimage"},"image":{"@id":"https:\/\/conversesacatalunya.cat\/es\/estados-unidos-colapso-europa\/#primaryimage"},"thumbnailUrl":"https:\/\/conversesacatalunya.cat\/wp-content\/uploads\/2025\/12\/Captura-de-pantalla-2025-12-07-a-les-16.19.39.png","datePublished":"2025-12-08T04:58:04+00:00","dateModified":"2025-12-08T05:20:32+00:00","author":{"@id":"https:\/\/conversesacatalunya.cat\/#\/schema\/person\/3ce2ab16c0a3803086d80722c7cad56a"},"description":"Trump publica su \"Estrategia de Seguridad Nacional\", un documento que establece su visi\u00f3n y prioridades en pol\u00edtica internacional","breadcrumb":{"@id":"https:\/\/conversesacatalunya.cat\/es\/estados-unidos-colapso-europa\/#breadcrumb"},"inLanguage":"es","potentialAction":[{"@type":"ReadAction","target":["https:\/\/conversesacatalunya.cat\/es\/estados-unidos-colapso-europa\/"]}]},{"@type":"ImageObject","inLanguage":"es","@id":"https:\/\/conversesacatalunya.cat\/es\/estados-unidos-colapso-europa\/#primaryimage","url":"https:\/\/conversesacatalunya.cat\/wp-content\/uploads\/2025\/12\/Captura-de-pantalla-2025-12-07-a-les-16.19.39.png","contentUrl":"https:\/\/conversesacatalunya.cat\/wp-content\/uploads\/2025\/12\/Captura-de-pantalla-2025-12-07-a-les-16.19.39.png","width":524,"height":200,"caption":"Estrategia de Seguridad Nacional Trump"},{"@type":"BreadcrumbList","@id":"https:\/\/conversesacatalunya.cat\/es\/estados-unidos-colapso-europa\/#breadcrumb","itemListElement":[{"@type":"ListItem","position":1,"name":"Inici","item":"https:\/\/conversesacatalunya.cat\/es\/"},{"@type":"ListItem","position":2,"name":"Estados Unidos advierte del colapso final de Europa"}]},{"@type":"WebSite","@id":"https:\/\/conversesacatalunya.cat\/#website","url":"https:\/\/conversesacatalunya.cat\/","name":"Converses a Catalunya","description":"","potentialAction":[{"@type":"SearchAction","target":{"@type":"EntryPoint","urlTemplate":"https:\/\/conversesacatalunya.cat\/?s={search_term_string}"},"query-input":{"@type":"PropertyValueSpecification","valueRequired":true,"valueName":"search_term_string"}}],"inLanguage":"es"},{"@type":"Person","@id":"https:\/\/conversesacatalunya.cat\/#\/schema\/person\/3ce2ab16c0a3803086d80722c7cad56a","name":"Carles L\u00f3pez","image":{"@type":"ImageObject","inLanguage":"es","@id":"https:\/\/conversesacatalunya.cat\/#\/schema\/person\/image\/","url":"https:\/\/conversesacatalunya.cat\/wp-content\/litespeed\/avatar\/4891585caf2896e97846ab77f06edcf2.jpg?ver=1777091173","contentUrl":"https:\/\/conversesacatalunya.cat\/wp-content\/litespeed\/avatar\/4891585caf2896e97846ab77f06edcf2.jpg?ver=1777091173","caption":"Carles L\u00f3pez"},"url":"https:\/\/conversesacatalunya.cat\/es\/author\/carles-lopez\/"}]}},"wps_subtitle":"La Estrategia de Seguridad Nacional publicada por la administraci\u00f3n Trump prev\u00e9 que la civilizaci\u00f3n europea sea borrada en los pr\u00f3ximos veinte a\u00f1os si los l\u00edderes europeos no realizan un cambio de rumbo dram\u00e1tico.","_links":{"self":[{"href":"https:\/\/conversesacatalunya.cat\/es\/wp-json\/wp\/v2\/posts\/94523","targetHints":{"allow":["GET"]}}],"collection":[{"href":"https:\/\/conversesacatalunya.cat\/es\/wp-json\/wp\/v2\/posts"}],"about":[{"href":"https:\/\/conversesacatalunya.cat\/es\/wp-json\/wp\/v2\/types\/post"}],"author":[{"embeddable":true,"href":"https:\/\/conversesacatalunya.cat\/es\/wp-json\/wp\/v2\/users\/75"}],"replies":[{"embeddable":true,"href":"https:\/\/conversesacatalunya.cat\/es\/wp-json\/wp\/v2\/comments?post=94523"}],"version-history":[{"count":4,"href":"https:\/\/conversesacatalunya.cat\/es\/wp-json\/wp\/v2\/posts\/94523\/revisions"}],"predecessor-version":[{"id":94580,"href":"https:\/\/conversesacatalunya.cat\/es\/wp-json\/wp\/v2\/posts\/94523\/revisions\/94580"}],"wp:featuredmedia":[{"embeddable":true,"href":"https:\/\/conversesacatalunya.cat\/es\/wp-json\/wp\/v2\/media\/94507"}],"wp:attachment":[{"href":"https:\/\/conversesacatalunya.cat\/es\/wp-json\/wp\/v2\/media?parent=94523"}],"wp:term":[{"taxonomy":"category","embeddable":true,"href":"https:\/\/conversesacatalunya.cat\/es\/wp-json\/wp\/v2\/categories?post=94523"},{"taxonomy":"post_tag","embeddable":true,"href":"https:\/\/conversesacatalunya.cat\/es\/wp-json\/wp\/v2\/tags?post=94523"}],"curies":[{"name":"wp","href":"https:\/\/api.w.org\/{rel}","templated":true}]}}