{"id":94496,"date":"2025-12-05T11:09:29","date_gmt":"2025-12-05T10:09:29","guid":{"rendered":"https:\/\/conversesacatalunya.cat\/?p=94496"},"modified":"2025-12-05T11:30:00","modified_gmt":"2025-12-05T10:30:00","slug":"teresa-peramato-tres-sombras-que-proyectan-la-fiscalia","status":"publish","type":"post","link":"https:\/\/conversesacatalunya.cat\/es\/teresa-peramato-tres-sombras-que-proyectan-la-fiscalia\/","title":{"rendered":"Teresa Peramato y las tres sombras que proyectan la Fiscal\u00eda"},"content":{"rendered":"<p><span dir=\"auto\"><span class=\"VIpgJd-yAWNEb-VIpgJd-fmcmS-sn54Q\" dir=\"auto\">La comparecencia de la nueva fiscal general del Estado,<span>\u00a0<\/span><\/span><\/span><a href=\"https:\/\/en.wikipedia.org\/wiki\/Teresa_Peramato_Mart%c3%adn\" target=\"_blank\" rel=\"noopener\"><strong><span dir=\"auto\"><span class=\"VIpgJd-yAWNEb-VIpgJd-fmcmS-sn54Q\" dir=\"auto\">Teresa Peramato,<\/span><\/span><\/strong><\/a><span dir=\"auto\"><span class=\"VIpgJd-yAWNEb-VIpgJd-fmcmS-sn54Q\" dir=\"auto\">\u00a0ante el Congreso de los Diputados, lejos de ofrecer el mensaje de confianza institucional que el pa\u00eds necesita, ha aportado<span>\u00a0<\/span><\/span><\/span><strong><span dir=\"auto\"><span class=\"VIpgJd-yAWNEb-VIpgJd-fmcmS-sn54Q\" dir=\"auto\">tres malas noticias,<\/span><\/span><\/strong><span dir=\"auto\"><span class=\"VIpgJd-yAWNEb-VIpgJd-fmcmS-sn54Q\" dir=\"auto\">\u00a0todas ellas de gran magnitud. Tres se\u00f1ales de alerta de que, tomadas conjuntamente, dibujan una Fiscal\u00eda a\u00fan m\u00e1s politizada, m\u00e1s ajena a la percepci\u00f3n ciudadana y, sobre todo, m\u00e1s desconectada de las amenazas reales que afectan a la seguridad y la estabilidad del Estado.<\/span><\/span><\/p>\n<h4><span dir=\"auto\">Elogio inexplicable a un fiscal condenado: una anomal\u00eda institucional<\/span><\/h4>\n<p><span dir=\"auto\"><span class=\"VIpgJd-yAWNEb-VIpgJd-fmcmS-sn54Q\" dir=\"auto\">La primera sombra es la m\u00e1s simb\u00f3lica y, al mismo tiempo, la m\u00e1s corrosiva. Peramato, futura cabeza de un cuerpo jer\u00e1rquicamente sometido a su autoridad, se permiti\u00f3<span>\u00a0<\/span><\/span><\/span><strong><span dir=\"auto\"><span class=\"VIpgJd-yAWNEb-VIpgJd-fmcmS-sn54Q\" dir=\"auto\">elogiar p\u00fablicamente a su predecesor, condenado por el Tribunal Supremo,<\/span><\/span><\/strong><span dir=\"auto\"><span class=\"VIpgJd-yAWNEb-VIpgJd-fmcmS-sn54Q\" dir=\"auto\">\u00a0sin mencionar \u2014ni siquiera reconocer\u2014 la gravedad del delito que le fue imputado y confirmado por una mayor\u00eda de cinco magistrados contra dos.<\/span><\/span><\/p>\n<p><span dir=\"auto\">Este gesto revela una<span>\u00a0<\/span><\/span><strong><span dir=\"auto\">severa anomal\u00eda institucional:<\/span><\/strong><span dir=\"auto\">\u00a0la fiscal general del Estado celebrando la trayectoria de un alto cargo sentenciado por la instancia judicial m\u00e1s alta del pa\u00eds, obviando el motivo de su ca\u00edda. No se trata de un descuido protocolario; es una<span>\u00a0<\/span><\/span><strong><span dir=\"auto\">declaraci\u00f3n de intenciones.<\/span><\/strong><\/p>\n<p><span dir=\"auto\">Peramato parece indicar as\u00ed que seguir\u00e1 en la misma l\u00ednea de<span>\u00a0<\/span><\/span><strong><span dir=\"auto\">subordinaci\u00f3n partidista<\/span><\/strong><span dir=\"auto\"><span>\u00a0<\/span>que caracteriz\u00f3 a la etapa de<span>\u00a0<\/span><\/span><a href=\"https:\/\/conversesacatalunya.cat\/es\/garcia-ortiz-juicio-rompe-estado-y-crisis-institucional\/\" target=\"_blank\" rel=\"noopener\"><span dir=\"auto\">Garc\u00eda Ortiz<\/span><\/a><span dir=\"auto\"><span>\u00a0<\/span>y, antes, de Dolores Delgado. La orden jer\u00e1rquica de la Fiscal\u00eda, tan r\u00edgida como excepcional en el \u00e1mbito europeo, convierte este sesgo pol\u00edtico en una cadena de transmisi\u00f3n potent\u00edsima: cuando la cabeza se desv\u00eda, toda la estructura se desv\u00eda.<\/span><\/p>\n<h4><span dir=\"auto\">El elogio del sistema actual de nombramientos: un aval a la politizaci\u00f3n<\/span><\/h4>\n<p><span dir=\"auto\"><span class=\"VIpgJd-yAWNEb-VIpgJd-fmcmS-sn54Q\" dir=\"auto\">Si la primera sombra es simb\u00f3lica, la segunda es estructural. Peramato no solo acepta que el gobierno de turno nombre al fiscal general del Estado:<span>\u00a0<\/span><\/span><\/span><strong><span dir=\"auto\"><span class=\"VIpgJd-yAWNEb-VIpgJd-fmcmS-sn54Q\" dir=\"auto\">elogi\u00f3 p\u00fablicamente el mecanismo.<\/span><\/span><\/strong><\/p>\n<p><span dir=\"auto\">Este modelo, que en otros pa\u00edses puede funcionar con estabilidades institucionales muy distintas, en Espa\u00f1a se ha convertido en un<span>\u00a0<\/span><\/span><strong><span dir=\"auto\">instrumento de control partidista.<\/span><\/strong><span dir=\"auto\">\u00a0Los ejemplos recientes lo ilustran de forma incontestable:<\/span><\/p>\n<ul>\n<li><span dir=\"auto\"><span class=\"VIpgJd-yAWNEb-VIpgJd-fmcmS-sn54Q\" dir=\"auto\">Dolores Delgado pas\u00f3<span>\u00a0<\/span><\/span><\/span><strong><span dir=\"auto\"><span class=\"VIpgJd-yAWNEb-VIpgJd-fmcmS-sn54Q\" dir=\"auto\">directamente de ministra de Justicia a fiscal general,<\/span><\/span><\/strong><span dir=\"auto\"><span class=\"VIpgJd-yAWNEb-VIpgJd-fmcmS-sn54Q\" dir=\"auto\">\u00a0sin ning\u00fan per\u00edodo de neutralizaci\u00f3n institucional.<\/span><\/span><\/li>\n<li><span dir=\"auto\">Antes de marcharse, Delgado promovi\u00f3 a Garc\u00eda Ortiz, hombre de su m\u00e1xima confianza.<\/span><\/li>\n<li><span dir=\"auto\">El resultado: una Fiscal\u00eda<span>\u00a0<\/span><\/span><strong><span dir=\"auto\">alineada con el gobierno<\/span><\/strong><span dir=\"auto\"><span>\u00a0<\/span>en casos judiciales que afectaban directamente a intereses pol\u00edticos.<\/span><\/li>\n<\/ul>\n<p><span dir=\"auto\">Todo esto contradice las recomendaciones de la<span>\u00a0<\/span><\/span><strong><span dir=\"auto\">Comisi\u00f3n Europea<\/span><\/strong><span dir=\"auto\"><span>\u00a0<\/span>y del<span>\u00a0<\/span><\/span><strong><span dir=\"auto\">Consejo General del Poder Judicial,<\/span><\/strong><span dir=\"auto\">\u00a0que reclaman distancia, independencia y mecanismos de control. La propuesta m\u00ednima ser\u00eda disociar el mandato de la fiscal general del ciclo pol\u00edtico del gobierno que la nombra, pero incluso esto podr\u00eda ser insuficiente.<\/span><\/p>\n<p><span dir=\"auto\">La realidad es que el actual sistema alimenta una<span>\u00a0<\/span><\/span><strong><span dir=\"auto\">partitocracia institucional<\/span><\/strong><span dir=\"auto\"><span>\u00a0<\/span>que erosiona la confianza ciudadana. Y Peramato, lejos de abrir puertas a una reforma, cierra ventanas.<\/span><\/p>\n<h4><span dir=\"auto\">Una prioridad equivocada: ignorar la gran amenaza del narcotr\u00e1fico<\/span><\/h4>\n<p><span dir=\"auto\"><span class=\"VIpgJd-yAWNEb-VIpgJd-fmcmS-sn54Q\" dir=\"auto\">La tercera sombra no es solo institucional: es<span>\u00a0<\/span><\/span><\/span><strong><span dir=\"auto\"><span class=\"VIpgJd-yAWNEb-VIpgJd-fmcmS-sn54Q\" dir=\"auto\">existencial.<\/span><\/span><\/strong><span dir=\"auto\"><span class=\"VIpgJd-yAWNEb-VIpgJd-fmcmS-sn54Q\" dir=\"auto\"> Afecta a la seguridad del pa\u00eds y a la capacidad del Estado para defenderse ante sus amenazas m\u00e1s graves.<\/span><\/span><\/p>\n<p><span dir=\"auto\">Peramato present\u00f3 la<span>\u00a0<\/span><\/span><strong><span dir=\"auto\">violencia de g\u00e9nero<\/span><\/strong><span dir=\"auto\"><span>\u00a0<\/span>como primera prioridad de su mandato. Es un problema importante y moralmente grave, pero<span>\u00a0<\/span><\/span><strong><span dir=\"auto\">no es la principal amenaza criminal de Espa\u00f1a,<\/span><\/strong><span dir=\"auto\">\u00a0ni es el terreno donde el Estado corre el riesgo de perder el control. Los datos lo confirman: el n\u00famero de homicidios es bajo y estable, y no justifica el alarmismo pol\u00edtico que a menudo preside el debate.<\/span><\/p>\n<p><span dir=\"auto\">Por el contrario, Espa\u00f1a afronta hoy una amenaza mucho m\u00e1s profunda:<span>\u00a0<\/span><\/span><strong><span dir=\"auto\">El narcotr\u00e1fico y el crimen organizado.<\/span><\/strong><\/p>\n<p><span dir=\"auto\">Los informes europeos son taxativos:<\/span><\/p>\n<ul>\n<li><strong><span dir=\"auto\">Espa\u00f1a es el 5\u00ba pa\u00eds de Europa<\/span><\/strong><span dir=\"auto\"><span>\u00a0<\/span>con mayor criminalidad organizada, solo por detr\u00e1s de Serbia, Italia, Ucrania y Rusia.<\/span><\/li>\n<li><span dir=\"auto\">Es una de las principales<span>\u00a0<\/span><\/span><strong><span dir=\"auto\">puertas de entrada de coca\u00edna en el continente,<\/span><\/strong><span dir=\"auto\">\u00a0con hubs en Algeciras, Valencia y Barcelona.<\/span><\/li>\n<li><span dir=\"auto\">Redes como la<span>\u00a0<\/span><\/span><strong><span dir=\"auto\">&#8216;Ndrangheta&#8217;,<\/span><\/strong><span dir=\"auto\">\u00a0grupos albaneses y c\u00e1rteles latinoamericanos operan con una log\u00edstica establecida y con capacidad corruptiva devastadora.<\/span><\/li>\n<\/ul>\n<p><span dir=\"auto\">El espejo europeo es inquietante:<\/span><\/p>\n<ul>\n<li><strong><span dir=\"auto\">B\u00e9lgica y Pa\u00edses Bajos<\/span><\/strong><span dir=\"auto\"><span>\u00a0<\/span>han visto c\u00f3mo el narcotr\u00e1fico amenaza a jueces, fiscales y periodistas.<\/span><\/li>\n<li><strong><span dir=\"auto\">Suecia<\/span><\/strong><span dir=\"auto\"><span>\u00a0<\/span>soporta explosiones y tiroteos de bandas juveniles.<\/span><\/li>\n<li><strong><span dir=\"auto\">Francia<\/span><\/strong><span dir=\"auto\"><span>\u00a0<\/span>es consciente de que Marsella y otras ciudades pueden desbordar al Estado.<\/span><\/li>\n<\/ul>\n<p><span dir=\"auto\"><span class=\"VIpgJd-yAWNEb-VIpgJd-fmcmS-sn54Q\" dir=\"auto\">Espa\u00f1a todav\u00eda tiene<span>\u00a0<\/span><\/span><\/span><strong><span dir=\"auto\"><span class=\"VIpgJd-yAWNEb-VIpgJd-fmcmS-sn54Q\" dir=\"auto\">diques de contenci\u00f3n,<\/span><\/span><\/strong><span dir=\"auto\"><span class=\"VIpgJd-yAWNEb-VIpgJd-fmcmS-sn54Q\" dir=\"auto\">\u00a0pero son insuficientes. Las fuerzas policiales alertan de un escenario que puede desbordarse si no se act\u00faa con contundencia.<\/span><\/span><\/p>\n<p><span dir=\"auto\">Y, sin embargo, la fiscal general sit\u00faa la violencia de g\u00e9nero como centro gravitatorio de su estrategia penal, en una muestra clara de<span>\u00a0<\/span><\/span><strong><span dir=\"auto\">ideologizaci\u00f3n de las prioridades,<\/span><\/strong><span dir=\"auto\">\u00a0desconectada del riesgo real que afronta el pa\u00eds.<\/span><\/p>\n<h4><span dir=\"auto\">Conclusi\u00f3n: una Fiscal\u00eda que da la espalda a la realidad<\/span><\/h4>\n<p><span dir=\"auto\">Las tres sombras que proyecta la comparecencia de Peramato \u2014el elogio al condenado, el aval al sistema de nombramientos y la elecci\u00f3n de una prioridad que no responde a la alarma real\u2014 configuran un diagn\u00f3stico preocupante:<\/span><\/p>\n<p><strong><span dir=\"auto\">La Fiscal\u00eda espa\u00f1ola parece sumergirse a\u00fan m\u00e1s en una l\u00f3gica de partido y no en una l\u00f3gica de Estado.<\/span><\/strong><\/p>\n<p><span dir=\"auto\">Mientras, la sociedad, ya exhausta por la polarizaci\u00f3n y la desconfianza generalizada hacia la pol\u00edtica, observa c\u00f3mo otra instituci\u00f3n fundamental pierde credibilidad y capacidad de respuesta.<\/span><\/p>\n<p><span dir=\"auto\">El resultado es claro:<span>\u00a0<\/span><\/span><strong><span dir=\"auto\">un pa\u00eds m\u00e1s d\u00e9bil, menos seguro y menos protegido,<\/span><\/strong><span dir=\"auto\">\u00a0subordinado a una arquitectura institucional que parece escuchar m\u00e1s al gobierno que a la realidad.<\/span><\/p>\n<span class='bctt-click-to-tweet'><span class='bctt-ctt-text'><a href='https:\/\/twitter.com\/intent\/tweet?url=https%3A%2F%2Fconversesacatalunya.cat%2Fes%2Fteresa-peramato-tres-sombras-que-proyectan-la-fiscalia%2F&#038;text=Espa%C3%B1a%20no%20puede%20ignorar%20la%20amenaza%20del%20narcotr%C3%A1fico%20mientras%20mira%20hacia%20otro%20lado.%20%23SeguridadNacional&#038;via=conversesacat&#038;related=conversesacat' target='_blank'rel=\"noopener noreferrer\">Espa\u00f1a no puede ignorar la amenaza del narcotr\u00e1fico mientras mira hacia otro lado. #SeguridadNacional <\/a><\/span><a href='https:\/\/twitter.com\/intent\/tweet?url=https%3A%2F%2Fconversesacatalunya.cat%2Fes%2Fteresa-peramato-tres-sombras-que-proyectan-la-fiscalia%2F&#038;text=Espa%C3%B1a%20no%20puede%20ignorar%20la%20amenaza%20del%20narcotr%C3%A1fico%20mientras%20mira%20hacia%20otro%20lado.%20%23SeguridadNacional&#038;via=conversesacat&#038;related=conversesacat' target='_blank' class='bctt-ctt-btn'rel=\"noopener noreferrer\">Compartir en X<\/a><\/span>\n<div id=\"polls-306\" class=\"wp-polls\">\n\t<form id=\"polls_form_306\" class=\"wp-polls-form\" action=\"\/index.php\" method=\"post\">\n\t\t<p style=\"display: none;\"><input type=\"hidden\" id=\"poll_306_nonce\" name=\"wp-polls-nonce\" value=\"4508b4efee\" \/><\/p>\n\t\t<p style=\"display: none;\"><input type=\"hidden\" name=\"poll_id\" value=\"306\" \/><\/p>\n\t\t<p style=\"text-align: center\"><strong>Collboni governa amb 10 dels 41 regidors del Ple. Creus que en la seva forma de procedir representa i actua d'acord amb els interessos i necessitats de la gent de Barcelona?<\/strong><\/p><div id=\"polls-306-ans\" class=\"wp-polls-ans\"><ul class=\"wp-polls-ul\">\n\t\t<li><input type=\"radio\" id=\"poll-answer-875\" name=\"poll_306\" value=\"875\" \/> <label for=\"poll-answer-875\">S\u00ed<\/label><\/li>\n\t\t<li><input type=\"radio\" id=\"poll-answer-876\" name=\"poll_306\" value=\"876\" \/> <label for=\"poll-answer-876\">No<\/label><\/li>\n\t\t<li><input type=\"radio\" id=\"poll-answer-877\" name=\"poll_306\" value=\"877\" \/> <label for=\"poll-answer-877\">No ho s\u00e9<\/label><\/li>\n\t\t<\/ul><p style=\"text-align: center\"><input type=\"button\" name=\"vote\" value=\"   Vota   \" class=\"Buttons\" onclick=\"poll_vote(306);\" \/><\/p><p style=\"text-align: center\"><a href=\"#ViewPollResults\" onclick=\"poll_result(306); return false;\" title=\"View Results Of This Poll\">Mira els resultats<\/a><\/p><\/div>\n\t<\/form>\n<\/div>\n<div id=\"polls-306-loading\" class=\"wp-polls-loading\"><img decoding=\"async\" data-src=\"https:\/\/conversesacatalunya.cat\/wp-content\/plugins\/wp-polls\/images\/loading.gif\" width=\"16\" height=\"16\" alt=\"Cargando ...\" title=\"Cargando ...\" class=\"wp-polls-image lazyload\" src=\"data:image\/svg+xml;base64,PHN2ZyB3aWR0aD0iMSIgaGVpZ2h0PSIxIiB4bWxucz0iaHR0cDovL3d3dy53My5vcmcvMjAwMC9zdmciPjwvc3ZnPg==\" style=\"--smush-placeholder-width: 16px; --smush-placeholder-aspect-ratio: 16\/16;\" \/>&nbsp;Cargando ...<\/div>\n\n","protected":false},"excerpt":{"rendered":"<p>La comparecencia de la nueva fiscal general del Estado,\u00a0Teresa Peramato,\u00a0ante el Congreso de los Diputados, lejos de ofrecer el mensaje de confianza institucional que el pa\u00eds necesita, ha aportado\u00a0tres malas noticias,\u00a0todas ellas de gran magnitud. Tres se\u00f1ales de alerta de que, tomadas conjuntamente, dibujan una Fiscal\u00eda a\u00fan m\u00e1s politizada, m\u00e1s ajena a la percepci\u00f3n ciudadana y, sobre todo, m\u00e1s desconectada de las amenazas reales que afectan a la seguridad y la estabilidad del Estado. Elogio inexplicable a un fiscal condenado: una anomal\u00eda institucional La primera sombra es la m\u00e1s simb\u00f3lica y, al mismo tiempo, la m\u00e1s corrosiva. Peramato, futura cabeza de un cuerpo jer\u00e1rquicamente sometido a su autoridad, se permiti\u00f3\u00a0elogiar p\u00fablicamente a su predecesor, condenado por el Tribunal Supremo,\u00a0sin mencionar \u2014ni siquiera reconocer\u2014 la gravedad del delito que le fue imputado y confirmado por una mayor\u00eda de cinco magistrados contra dos. Este gesto revela una\u00a0severa anomal\u00eda institucional:\u00a0la fiscal general del Estado celebrando la trayectoria de un alto cargo sentenciado por la instancia judicial m\u00e1s alta del pa\u00eds, obviando el motivo de su ca\u00edda. No se trata de un descuido protocolario; es una\u00a0declaraci\u00f3n de intenciones. Peramato parece indicar as\u00ed que seguir\u00e1 en la misma l\u00ednea de\u00a0subordinaci\u00f3n partidista\u00a0que caracteriz\u00f3 a la etapa de\u00a0Garc\u00eda Ortiz\u00a0y, antes, de Dolores Delgado. La orden jer\u00e1rquica de la Fiscal\u00eda, tan r\u00edgida como excepcional en el \u00e1mbito europeo, convierte este sesgo pol\u00edtico en una cadena de transmisi\u00f3n potent\u00edsima: cuando la cabeza se desv\u00eda, toda la estructura se desv\u00eda. El elogio del sistema actual de nombramientos: un aval a la politizaci\u00f3n Si la primera sombra es simb\u00f3lica, la segunda es estructural. Peramato no solo acepta que el gobierno de turno nombre al fiscal general del Estado:\u00a0elogi\u00f3 p\u00fablicamente el mecanismo. Este modelo, que en otros pa\u00edses puede funcionar con estabilidades institucionales muy distintas, en Espa\u00f1a se ha convertido en un\u00a0instrumento de control partidista.\u00a0Los ejemplos recientes lo ilustran de forma incontestable: Dolores Delgado pas\u00f3\u00a0directamente de ministra de Justicia a fiscal general,\u00a0sin ning\u00fan per\u00edodo de neutralizaci\u00f3n institucional. Antes de marcharse, Delgado promovi\u00f3 a Garc\u00eda Ortiz, hombre de su m\u00e1xima confianza. El resultado: una Fiscal\u00eda\u00a0alineada con el gobierno\u00a0en casos judiciales que afectaban directamente a intereses pol\u00edticos. Todo esto contradice las recomendaciones de la\u00a0Comisi\u00f3n Europea\u00a0y del\u00a0Consejo General del Poder Judicial,\u00a0que reclaman distancia, independencia y mecanismos de control. La propuesta m\u00ednima ser\u00eda disociar el mandato de la fiscal general del ciclo pol\u00edtico del gobierno que la nombra, pero incluso esto podr\u00eda ser insuficiente. La realidad es que el actual sistema alimenta una\u00a0partitocracia institucional\u00a0que erosiona la confianza ciudadana. Y Peramato, lejos de abrir puertas a una reforma, cierra ventanas. Una prioridad equivocada: ignorar la gran amenaza del narcotr\u00e1fico La tercera sombra no es solo institucional: es\u00a0existencial. Afecta a la seguridad del pa\u00eds y a la capacidad del Estado para defenderse ante sus amenazas m\u00e1s graves. Peramato present\u00f3 la\u00a0violencia de g\u00e9nero\u00a0como primera prioridad de su mandato. Es un problema importante y moralmente grave, pero\u00a0no es la principal amenaza criminal de Espa\u00f1a,\u00a0ni es el terreno donde el Estado corre el riesgo de perder el control. Los datos lo confirman: el n\u00famero de homicidios es bajo y estable, y no justifica el alarmismo pol\u00edtico que a menudo preside el debate. Por el contrario, Espa\u00f1a afronta hoy una amenaza mucho m\u00e1s profunda:\u00a0El narcotr\u00e1fico y el crimen organizado. Los informes europeos son taxativos: Espa\u00f1a es el 5\u00ba pa\u00eds de Europa\u00a0con mayor criminalidad organizada, solo por detr\u00e1s de Serbia, Italia, Ucrania y Rusia. Es una de las principales\u00a0puertas de entrada de coca\u00edna en el continente,\u00a0con hubs en Algeciras, Valencia y Barcelona. Redes como la\u00a0&#8216;Ndrangheta&#8217;,\u00a0grupos albaneses y c\u00e1rteles latinoamericanos operan con una log\u00edstica establecida y con capacidad corruptiva devastadora. El espejo europeo es inquietante: B\u00e9lgica y Pa\u00edses Bajos\u00a0han visto c\u00f3mo el narcotr\u00e1fico amenaza a jueces, fiscales y periodistas. Suecia\u00a0soporta explosiones y tiroteos de bandas juveniles. Francia\u00a0es consciente de que Marsella y otras ciudades pueden desbordar al Estado. Espa\u00f1a todav\u00eda tiene\u00a0diques de contenci\u00f3n,\u00a0pero son insuficientes. Las fuerzas policiales alertan de un escenario que puede desbordarse si no se act\u00faa con contundencia. Y, sin embargo, la fiscal general sit\u00faa la violencia de g\u00e9nero como centro gravitatorio de su estrategia penal, en una muestra clara de\u00a0ideologizaci\u00f3n de las prioridades,\u00a0desconectada del riesgo real que afronta el pa\u00eds. Conclusi\u00f3n: una Fiscal\u00eda que da la espalda a la realidad Las tres sombras que proyecta la comparecencia de Peramato \u2014el elogio al condenado, el aval al sistema de nombramientos y la elecci\u00f3n de una prioridad que no responde a la alarma real\u2014 configuran un diagn\u00f3stico preocupante: La Fiscal\u00eda espa\u00f1ola parece sumergirse a\u00fan m\u00e1s en una l\u00f3gica de partido y no en una l\u00f3gica de Estado. Mientras, la sociedad, ya exhausta por la polarizaci\u00f3n y la desconfianza generalizada hacia la pol\u00edtica, observa c\u00f3mo otra instituci\u00f3n fundamental pierde credibilidad y capacidad de respuesta. El resultado es claro:\u00a0un pa\u00eds m\u00e1s d\u00e9bil, menos seguro y menos protegido,\u00a0subordinado a una arquitectura institucional que parece escuchar m\u00e1s al gobierno que a la realidad.<\/p>\n","protected":false},"author":19,"featured_media":94494,"comment_status":"open","ping_status":"open","sticky":false,"template":"","format":"standard","meta":{"_FSMCFIC_featured_image_caption":"","_FSMCFIC_featured_image_nocaption":"","_FSMCFIC_featured_image_hide":"","footnotes":""},"categories":[806],"tags":[5460],"class_list":["post-94496","post","type-post","status-publish","format-standard","has-post-thumbnail","hentry","category-punts-claus-del-dia-es","tag-fiscalia-general-es"],"yoast_head":"<!-- This site is optimized with the Yoast SEO plugin v26.8 - https:\/\/yoast.com\/product\/yoast-seo-wordpress\/ -->\n<title>Teresa Peramato y las tres sombras que proyectan la Fiscal\u00eda - Converses a Catalunya<\/title>\n<meta name=\"description\" content=\"Peramato y las tres sombras que proyectan la Fiscal\u00eda. El elogio al condenado, el aval al sistema de nombramientos y la elecci\u00f3n\" \/>\n<meta name=\"robots\" content=\"index, follow, max-snippet:-1, max-image-preview:large, max-video-preview:-1\" \/>\n<link rel=\"canonical\" href=\"https:\/\/conversesacatalunya.cat\/es\/teresa-peramato-tres-sombras-que-proyectan-la-fiscalia\/\" \/>\n<meta property=\"og:locale\" content=\"es_ES\" \/>\n<meta property=\"og:type\" content=\"article\" \/>\n<meta property=\"og:title\" content=\"Teresa Peramato y las tres sombras que proyectan la Fiscal\u00eda - Converses a Catalunya\" \/>\n<meta property=\"og:description\" content=\"Peramato y las tres sombras que proyectan la Fiscal\u00eda. El elogio al condenado, el aval al sistema de nombramientos y la elecci\u00f3n\" \/>\n<meta property=\"og:url\" content=\"https:\/\/conversesacatalunya.cat\/es\/teresa-peramato-tres-sombras-que-proyectan-la-fiscalia\/\" \/>\n<meta property=\"og:site_name\" content=\"Converses a Catalunya\" \/>\n<meta property=\"article:published_time\" content=\"2025-12-05T10:09:29+00:00\" \/>\n<meta property=\"article:modified_time\" content=\"2025-12-05T10:30:00+00:00\" \/>\n<meta property=\"og:image\" content=\"https:\/\/conversesacatalunya.cat\/wp-content\/uploads\/2025\/12\/leyes.jpg\" \/>\n\t<meta property=\"og:image:width\" content=\"640\" \/>\n\t<meta property=\"og:image:height\" content=\"480\" \/>\n\t<meta property=\"og:image:type\" content=\"image\/jpeg\" \/>\n<meta name=\"author\" content=\"Josep Mir\u00f3 i Ard\u00e8vol\" \/>\n<meta name=\"twitter:card\" content=\"summary_large_image\" \/>\n<meta name=\"twitter:label1\" content=\"Escrito por\" \/>\n\t<meta name=\"twitter:data1\" content=\"Josep Mir\u00f3 i Ard\u00e8vol\" \/>\n\t<meta name=\"twitter:label2\" content=\"Tiempo de lectura\" \/>\n\t<meta name=\"twitter:data2\" content=\"5 minutos\" \/>\n<script type=\"application\/ld+json\" class=\"yoast-schema-graph\">{\"@context\":\"https:\/\/schema.org\",\"@graph\":[{\"@type\":\"Article\",\"@id\":\"https:\/\/conversesacatalunya.cat\/es\/teresa-peramato-tres-sombras-que-proyectan-la-fiscalia\/#article\",\"isPartOf\":{\"@id\":\"https:\/\/conversesacatalunya.cat\/es\/teresa-peramato-tres-sombras-que-proyectan-la-fiscalia\/\"},\"author\":{\"name\":\"Josep Mir\u00f3 i Ard\u00e8vol\",\"@id\":\"https:\/\/conversesacatalunya.cat\/#\/schema\/person\/a9598a6786ba7d3d1c5e0de477b79370\"},\"headline\":\"Teresa Peramato y las tres sombras que proyectan la Fiscal\u00eda\",\"datePublished\":\"2025-12-05T10:09:29+00:00\",\"dateModified\":\"2025-12-05T10:30:00+00:00\",\"mainEntityOfPage\":{\"@id\":\"https:\/\/conversesacatalunya.cat\/es\/teresa-peramato-tres-sombras-que-proyectan-la-fiscalia\/\"},\"wordCount\":979,\"commentCount\":0,\"image\":{\"@id\":\"https:\/\/conversesacatalunya.cat\/es\/teresa-peramato-tres-sombras-que-proyectan-la-fiscalia\/#primaryimage\"},\"thumbnailUrl\":\"https:\/\/conversesacatalunya.cat\/wp-content\/uploads\/2025\/12\/leyes.jpg\",\"keywords\":[\"Fiscalia General\"],\"articleSection\":[\"Punts clau del dia (ES)\"],\"inLanguage\":\"es\",\"potentialAction\":[{\"@type\":\"CommentAction\",\"name\":\"Comment\",\"target\":[\"https:\/\/conversesacatalunya.cat\/es\/teresa-peramato-tres-sombras-que-proyectan-la-fiscalia\/#respond\"]}]},{\"@type\":\"WebPage\",\"@id\":\"https:\/\/conversesacatalunya.cat\/es\/teresa-peramato-tres-sombras-que-proyectan-la-fiscalia\/\",\"url\":\"https:\/\/conversesacatalunya.cat\/es\/teresa-peramato-tres-sombras-que-proyectan-la-fiscalia\/\",\"name\":\"Teresa Peramato y las tres sombras que proyectan la Fiscal\u00eda - Converses a Catalunya\",\"isPartOf\":{\"@id\":\"https:\/\/conversesacatalunya.cat\/#website\"},\"primaryImageOfPage\":{\"@id\":\"https:\/\/conversesacatalunya.cat\/es\/teresa-peramato-tres-sombras-que-proyectan-la-fiscalia\/#primaryimage\"},\"image\":{\"@id\":\"https:\/\/conversesacatalunya.cat\/es\/teresa-peramato-tres-sombras-que-proyectan-la-fiscalia\/#primaryimage\"},\"thumbnailUrl\":\"https:\/\/conversesacatalunya.cat\/wp-content\/uploads\/2025\/12\/leyes.jpg\",\"datePublished\":\"2025-12-05T10:09:29+00:00\",\"dateModified\":\"2025-12-05T10:30:00+00:00\",\"author\":{\"@id\":\"https:\/\/conversesacatalunya.cat\/#\/schema\/person\/a9598a6786ba7d3d1c5e0de477b79370\"},\"description\":\"Peramato y las tres sombras que proyectan la Fiscal\u00eda. El elogio al condenado, el aval al sistema de nombramientos y la elecci\u00f3n\",\"breadcrumb\":{\"@id\":\"https:\/\/conversesacatalunya.cat\/es\/teresa-peramato-tres-sombras-que-proyectan-la-fiscalia\/#breadcrumb\"},\"inLanguage\":\"es\",\"potentialAction\":[{\"@type\":\"ReadAction\",\"target\":[\"https:\/\/conversesacatalunya.cat\/es\/teresa-peramato-tres-sombras-que-proyectan-la-fiscalia\/\"]}]},{\"@type\":\"ImageObject\",\"inLanguage\":\"es\",\"@id\":\"https:\/\/conversesacatalunya.cat\/es\/teresa-peramato-tres-sombras-que-proyectan-la-fiscalia\/#primaryimage\",\"url\":\"https:\/\/conversesacatalunya.cat\/wp-content\/uploads\/2025\/12\/leyes.jpg\",\"contentUrl\":\"https:\/\/conversesacatalunya.cat\/wp-content\/uploads\/2025\/12\/leyes.jpg\",\"width\":640,\"height\":480,\"caption\":\"Peramato fiscal\u00eda\"},{\"@type\":\"BreadcrumbList\",\"@id\":\"https:\/\/conversesacatalunya.cat\/es\/teresa-peramato-tres-sombras-que-proyectan-la-fiscalia\/#breadcrumb\",\"itemListElement\":[{\"@type\":\"ListItem\",\"position\":1,\"name\":\"Inici\",\"item\":\"https:\/\/conversesacatalunya.cat\/es\/\"},{\"@type\":\"ListItem\",\"position\":2,\"name\":\"Teresa Peramato y las tres sombras que proyectan la Fiscal\u00eda\"}]},{\"@type\":\"WebSite\",\"@id\":\"https:\/\/conversesacatalunya.cat\/#website\",\"url\":\"https:\/\/conversesacatalunya.cat\/\",\"name\":\"Converses a Catalunya\",\"description\":\"\",\"potentialAction\":[{\"@type\":\"SearchAction\",\"target\":{\"@type\":\"EntryPoint\",\"urlTemplate\":\"https:\/\/conversesacatalunya.cat\/?s={search_term_string}\"},\"query-input\":{\"@type\":\"PropertyValueSpecification\",\"valueRequired\":true,\"valueName\":\"search_term_string\"}}],\"inLanguage\":\"es\"},{\"@type\":\"Person\",\"@id\":\"https:\/\/conversesacatalunya.cat\/#\/schema\/person\/a9598a6786ba7d3d1c5e0de477b79370\",\"name\":\"Josep Mir\u00f3 i Ard\u00e8vol\",\"image\":{\"@type\":\"ImageObject\",\"inLanguage\":\"es\",\"@id\":\"https:\/\/conversesacatalunya.cat\/#\/schema\/person\/image\/\",\"url\":\"https:\/\/conversesacatalunya.cat\/wp-content\/litespeed\/avatar\/c37e3dc881857483d6694cdf98fdedea.jpg?ver=1777270381\",\"contentUrl\":\"https:\/\/conversesacatalunya.cat\/wp-content\/litespeed\/avatar\/c37e3dc881857483d6694cdf98fdedea.jpg?ver=1777270381\",\"caption\":\"Josep Mir\u00f3 i Ard\u00e8vol\"},\"url\":\"https:\/\/conversesacatalunya.cat\/es\/author\/josep-miro-i-ardevol\/\"}]}<\/script>\n<!-- \/ Yoast SEO plugin. -->","yoast_head_json":{"title":"Teresa Peramato y las tres sombras que proyectan la Fiscal\u00eda - Converses a Catalunya","description":"Peramato y las tres sombras que proyectan la Fiscal\u00eda. El elogio al condenado, el aval al sistema de nombramientos y la elecci\u00f3n","robots":{"index":"index","follow":"follow","max-snippet":"max-snippet:-1","max-image-preview":"max-image-preview:large","max-video-preview":"max-video-preview:-1"},"canonical":"https:\/\/conversesacatalunya.cat\/es\/teresa-peramato-tres-sombras-que-proyectan-la-fiscalia\/","og_locale":"es_ES","og_type":"article","og_title":"Teresa Peramato y las tres sombras que proyectan la Fiscal\u00eda - Converses a Catalunya","og_description":"Peramato y las tres sombras que proyectan la Fiscal\u00eda. El elogio al condenado, el aval al sistema de nombramientos y la elecci\u00f3n","og_url":"https:\/\/conversesacatalunya.cat\/es\/teresa-peramato-tres-sombras-que-proyectan-la-fiscalia\/","og_site_name":"Converses a Catalunya","article_published_time":"2025-12-05T10:09:29+00:00","article_modified_time":"2025-12-05T10:30:00+00:00","og_image":[{"width":640,"height":480,"url":"https:\/\/conversesacatalunya.cat\/wp-content\/uploads\/2025\/12\/leyes.jpg","type":"image\/jpeg"}],"author":"Josep Mir\u00f3 i Ard\u00e8vol","twitter_card":"summary_large_image","twitter_misc":{"Escrito por":"Josep Mir\u00f3 i Ard\u00e8vol","Tiempo de lectura":"5 minutos"},"schema":{"@context":"https:\/\/schema.org","@graph":[{"@type":"Article","@id":"https:\/\/conversesacatalunya.cat\/es\/teresa-peramato-tres-sombras-que-proyectan-la-fiscalia\/#article","isPartOf":{"@id":"https:\/\/conversesacatalunya.cat\/es\/teresa-peramato-tres-sombras-que-proyectan-la-fiscalia\/"},"author":{"name":"Josep Mir\u00f3 i Ard\u00e8vol","@id":"https:\/\/conversesacatalunya.cat\/#\/schema\/person\/a9598a6786ba7d3d1c5e0de477b79370"},"headline":"Teresa Peramato y las tres sombras que proyectan la Fiscal\u00eda","datePublished":"2025-12-05T10:09:29+00:00","dateModified":"2025-12-05T10:30:00+00:00","mainEntityOfPage":{"@id":"https:\/\/conversesacatalunya.cat\/es\/teresa-peramato-tres-sombras-que-proyectan-la-fiscalia\/"},"wordCount":979,"commentCount":0,"image":{"@id":"https:\/\/conversesacatalunya.cat\/es\/teresa-peramato-tres-sombras-que-proyectan-la-fiscalia\/#primaryimage"},"thumbnailUrl":"https:\/\/conversesacatalunya.cat\/wp-content\/uploads\/2025\/12\/leyes.jpg","keywords":["Fiscalia General"],"articleSection":["Punts clau del dia (ES)"],"inLanguage":"es","potentialAction":[{"@type":"CommentAction","name":"Comment","target":["https:\/\/conversesacatalunya.cat\/es\/teresa-peramato-tres-sombras-que-proyectan-la-fiscalia\/#respond"]}]},{"@type":"WebPage","@id":"https:\/\/conversesacatalunya.cat\/es\/teresa-peramato-tres-sombras-que-proyectan-la-fiscalia\/","url":"https:\/\/conversesacatalunya.cat\/es\/teresa-peramato-tres-sombras-que-proyectan-la-fiscalia\/","name":"Teresa Peramato y las tres sombras que proyectan la Fiscal\u00eda - Converses a Catalunya","isPartOf":{"@id":"https:\/\/conversesacatalunya.cat\/#website"},"primaryImageOfPage":{"@id":"https:\/\/conversesacatalunya.cat\/es\/teresa-peramato-tres-sombras-que-proyectan-la-fiscalia\/#primaryimage"},"image":{"@id":"https:\/\/conversesacatalunya.cat\/es\/teresa-peramato-tres-sombras-que-proyectan-la-fiscalia\/#primaryimage"},"thumbnailUrl":"https:\/\/conversesacatalunya.cat\/wp-content\/uploads\/2025\/12\/leyes.jpg","datePublished":"2025-12-05T10:09:29+00:00","dateModified":"2025-12-05T10:30:00+00:00","author":{"@id":"https:\/\/conversesacatalunya.cat\/#\/schema\/person\/a9598a6786ba7d3d1c5e0de477b79370"},"description":"Peramato y las tres sombras que proyectan la Fiscal\u00eda. El elogio al condenado, el aval al sistema de nombramientos y la elecci\u00f3n","breadcrumb":{"@id":"https:\/\/conversesacatalunya.cat\/es\/teresa-peramato-tres-sombras-que-proyectan-la-fiscalia\/#breadcrumb"},"inLanguage":"es","potentialAction":[{"@type":"ReadAction","target":["https:\/\/conversesacatalunya.cat\/es\/teresa-peramato-tres-sombras-que-proyectan-la-fiscalia\/"]}]},{"@type":"ImageObject","inLanguage":"es","@id":"https:\/\/conversesacatalunya.cat\/es\/teresa-peramato-tres-sombras-que-proyectan-la-fiscalia\/#primaryimage","url":"https:\/\/conversesacatalunya.cat\/wp-content\/uploads\/2025\/12\/leyes.jpg","contentUrl":"https:\/\/conversesacatalunya.cat\/wp-content\/uploads\/2025\/12\/leyes.jpg","width":640,"height":480,"caption":"Peramato fiscal\u00eda"},{"@type":"BreadcrumbList","@id":"https:\/\/conversesacatalunya.cat\/es\/teresa-peramato-tres-sombras-que-proyectan-la-fiscalia\/#breadcrumb","itemListElement":[{"@type":"ListItem","position":1,"name":"Inici","item":"https:\/\/conversesacatalunya.cat\/es\/"},{"@type":"ListItem","position":2,"name":"Teresa Peramato y las tres sombras que proyectan la Fiscal\u00eda"}]},{"@type":"WebSite","@id":"https:\/\/conversesacatalunya.cat\/#website","url":"https:\/\/conversesacatalunya.cat\/","name":"Converses a Catalunya","description":"","potentialAction":[{"@type":"SearchAction","target":{"@type":"EntryPoint","urlTemplate":"https:\/\/conversesacatalunya.cat\/?s={search_term_string}"},"query-input":{"@type":"PropertyValueSpecification","valueRequired":true,"valueName":"search_term_string"}}],"inLanguage":"es"},{"@type":"Person","@id":"https:\/\/conversesacatalunya.cat\/#\/schema\/person\/a9598a6786ba7d3d1c5e0de477b79370","name":"Josep Mir\u00f3 i Ard\u00e8vol","image":{"@type":"ImageObject","inLanguage":"es","@id":"https:\/\/conversesacatalunya.cat\/#\/schema\/person\/image\/","url":"https:\/\/conversesacatalunya.cat\/wp-content\/litespeed\/avatar\/c37e3dc881857483d6694cdf98fdedea.jpg?ver=1777270381","contentUrl":"https:\/\/conversesacatalunya.cat\/wp-content\/litespeed\/avatar\/c37e3dc881857483d6694cdf98fdedea.jpg?ver=1777270381","caption":"Josep Mir\u00f3 i Ard\u00e8vol"},"url":"https:\/\/conversesacatalunya.cat\/es\/author\/josep-miro-i-ardevol\/"}]}},"wps_subtitle":"La Fiscal\u00eda espa\u00f1ola parece sumergirse a\u00fan m\u00e1s en una l\u00f3gica de partido y no en una l\u00f3gica de Estado.","_links":{"self":[{"href":"https:\/\/conversesacatalunya.cat\/es\/wp-json\/wp\/v2\/posts\/94496","targetHints":{"allow":["GET"]}}],"collection":[{"href":"https:\/\/conversesacatalunya.cat\/es\/wp-json\/wp\/v2\/posts"}],"about":[{"href":"https:\/\/conversesacatalunya.cat\/es\/wp-json\/wp\/v2\/types\/post"}],"author":[{"embeddable":true,"href":"https:\/\/conversesacatalunya.cat\/es\/wp-json\/wp\/v2\/users\/19"}],"replies":[{"embeddable":true,"href":"https:\/\/conversesacatalunya.cat\/es\/wp-json\/wp\/v2\/comments?post=94496"}],"version-history":[{"count":5,"href":"https:\/\/conversesacatalunya.cat\/es\/wp-json\/wp\/v2\/posts\/94496\/revisions"}],"predecessor-version":[{"id":94497,"href":"https:\/\/conversesacatalunya.cat\/es\/wp-json\/wp\/v2\/posts\/94496\/revisions\/94497"}],"wp:featuredmedia":[{"embeddable":true,"href":"https:\/\/conversesacatalunya.cat\/es\/wp-json\/wp\/v2\/media\/94494"}],"wp:attachment":[{"href":"https:\/\/conversesacatalunya.cat\/es\/wp-json\/wp\/v2\/media?parent=94496"}],"wp:term":[{"taxonomy":"category","embeddable":true,"href":"https:\/\/conversesacatalunya.cat\/es\/wp-json\/wp\/v2\/categories?post=94496"},{"taxonomy":"post_tag","embeddable":true,"href":"https:\/\/conversesacatalunya.cat\/es\/wp-json\/wp\/v2\/tags?post=94496"}],"curies":[{"name":"wp","href":"https:\/\/api.w.org\/{rel}","templated":true}]}}