{"id":94474,"date":"2025-12-05T08:42:50","date_gmt":"2025-12-05T07:42:50","guid":{"rendered":"https:\/\/conversesacatalunya.cat\/?p=94474"},"modified":"2025-12-05T06:09:39","modified_gmt":"2025-12-05T05:09:39","slug":"son-los-reyes-culturalmente-neutrales","status":"publish","type":"post","link":"https:\/\/conversesacatalunya.cat\/es\/son-los-reyes-culturalmente-neutrales\/","title":{"rendered":"\u00bfSon los reyes culturalmente neutrales?"},"content":{"rendered":"<p><span dir=\"auto\"><span class=\"VIpgJd-yAWNEb-VIpgJd-fmcmS-sn54Q\" dir=\"auto\">Una pregunta sencilla, que merece un signo de interrogaci\u00f3n.<span>\u00a0<\/span><\/span><\/span><strong><span dir=\"auto\"><span class=\"VIpgJd-yAWNEb-VIpgJd-fmcmS-sn54Q\" dir=\"auto\">\u00bfLa respuesta? La reina Letizia, definitivamente, no.<\/span><\/span><\/strong><\/p>\n<p><span dir=\"auto\">Esto no deber\u00eda sorprender a nadie que haya le\u00eddo un poco<span>\u00a0<\/span><\/span><span dir=\"auto\">de <a href=\"https:\/\/en.wikipedia.org\/wiki\/Antonio_Gramsci\" target=\"_blank\" rel=\"noopener\">Antonio Gramsci<\/a>,<\/span><span dir=\"auto\"><span>\u00a0<\/span>ese pensador italiano encarcelado por el fascismo que desgran\u00f3 con una lucidez inc\u00f3moda (especialmente para quienes prefieren los cuentos de hadas institucionales) que<span>\u00a0<\/span><\/span><strong><span dir=\"auto\">la cultura es la primera l\u00ednea de batalla del poder pol\u00edtico.<\/span><\/strong><span dir=\"auto\">\u00a0Seg\u00fan \u00e9l, primero se logra<span>\u00a0<\/span><\/span><strong><span dir=\"auto\">la hegemon\u00eda cultural,<\/span><\/strong><span dir=\"auto\">\u00a0y despu\u00e9s, como quien no quiere la cosa, se gobierna. Y la verdad es que, observando a Espa\u00f1a, cuesta mucho discutirle la tesis.<\/span><\/p>\n<h5><strong><span dir=\"auto\">Por eso resulta tan pintoresco cuando alguien afirma que \u00abla cultura es neutral\u00bb. \u00bfNeutral? Neutral como una entrevista pactada en TVE. La cultura siempre elige bando.<\/span><\/strong><\/h5>\n<p><span dir=\"auto\"><span class=\"VIpgJd-yAWNEb-VIpgJd-fmcmS-sn54Q\" dir=\"auto\">Es diferente promover a unos autores u otros, organizar unos premios y no otros, subvencionar estos espect\u00e1culos y obviar aquellos. Y, en esto, la izquierda espa\u00f1ola es una m\u00e1quina bien engrasada. Basta con mirar c\u00f3mo<span>\u00a0<\/span><\/span><\/span><strong><span dir=\"auto\"><span class=\"VIpgJd-yAWNEb-VIpgJd-fmcmS-sn54Q\" dir=\"auto\">el Ministerio de Cultura<\/span><\/span><\/strong><span dir=\"auto\"><span class=\"VIpgJd-yAWNEb-VIpgJd-fmcmS-sn54Q\" dir=\"auto\"><span>\u00a0<\/span>orienta las proyecciones exteriores, o recordar la<span>\u00a0<\/span><\/span><\/span><strong><span dir=\"auto\"><span class=\"VIpgJd-yAWNEb-VIpgJd-fmcmS-sn54Q\" dir=\"auto\">etapa de Borja-Villel en el Museo Nacional Centro de Arte Reina Sof\u00eda (<\/span><\/span><\/strong><span dir=\"auto\"><span class=\"VIpgJd-yAWNEb-VIpgJd-fmcmS-sn54Q\" dir=\"auto\">MNCARS) donde el af\u00e1n de actualizaci\u00f3n ideol\u00f3gica rivalizaba con cualquier editorial progresista.<\/span><\/span><\/p>\n<p><span dir=\"auto\">Se dice, y se repite, y se insiste, en que la monarqu\u00eda es pol\u00edticamente neutral y que evita gestos que puedan decantarse por una u otra opci\u00f3n. Es la teor\u00eda.<span>\u00a0<\/span><\/span><strong><span dir=\"auto\">Sin embargo, la pr\u00e1ctica tiene m\u00e1s matices que un discurso de A\u00f1o Nuevo.<\/span><\/strong><\/p>\n<h5><strong><span dir=\"auto\">Un ejemplo aparentemente banal pero revelador:<\/span><\/strong><\/h5>\n<p><span dir=\"auto\"><span class=\"VIpgJd-yAWNEb-VIpgJd-fmcmS-sn54Q\" dir=\"auto\">El discurso navide\u00f1o de la Casa Real por TV o sus felicitaciones de Navidad, que pueden servir para cualquier tipo de fiesta, porque nada hace pensar en la fiesta que conmemora el nacimiento de Jes\u00fas, pol\u00edticamente incorrecto. Desde hace unos a\u00f1os, cualquier observador m\u00ednimamente atento habr\u00e1 advertido como el<span>\u00a0<\/span><\/span><\/span><strong><span dir=\"auto\"><span class=\"VIpgJd-yAWNEb-VIpgJd-fmcmS-sn54Q\" dir=\"auto\">pesebre que aparec\u00eda en el discurso de Navidad,<\/span><\/span><\/strong><span dir=\"auto\"><span class=\"VIpgJd-yAWNEb-VIpgJd-fmcmS-sn54Q\" dir=\"auto\"><span>\u00a0<\/span>\u00a0que antes ten\u00eda un lugar preferente, ha ido retrocediendo discretamente. Por \u00faltimo, casi ha desaparecido, sustituido por una est\u00e9tica m\u00e1s secular, m\u00e1s \u201cinclusiva\u201d, m\u00e1s \u201cmoderna\u201d. No estamos hablando de un drama teol\u00f3gico, sino de un<span>\u00a0<\/span><\/span><\/span><strong><span dir=\"auto\"><span class=\"VIpgJd-yAWNEb-VIpgJd-fmcmS-sn54Q\" dir=\"auto\">indicador cultural,<\/span><\/span><\/strong><span dir=\"auto\"><span class=\"VIpgJd-yAWNEb-VIpgJd-fmcmS-sn54Q\" dir=\"auto\">\u00a0que es, precisamente, el terreno donde Gramsci nos avisaba de que todo comienza.<\/span><\/span><\/p>\n<p><span dir=\"auto\"><span class=\"VIpgJd-yAWNEb-VIpgJd-fmcmS-sn54Q\" dir=\"auto\">Pero el signo m\u00e1s claro se encuentra en los<span>\u00a0<\/span><\/span><\/span><strong><span dir=\"auto\"><span class=\"VIpgJd-yAWNEb-VIpgJd-fmcmS-sn54Q\" dir=\"auto\">Premios Princesa de Asturias,<\/span><\/span><\/strong><span dir=\"auto\"><span class=\"VIpgJd-yAWNEb-VIpgJd-fmcmS-sn54Q\" dir=\"auto\">\u00a0que \u2014visto en su conjunto\u2014 muestran un<span>\u00a0<\/span><\/span><\/span><strong><span dir=\"auto\"><span class=\"VIpgJd-yAWNEb-VIpgJd-fmcmS-sn54Q\" dir=\"auto\">sesgo notable hacia autores y corrientes de sensibilidad progresista o un vac\u00edo notable de pensador y escritores alineados con la concepci\u00f3n tradicional, conservadora, comunitaria o cristiana.<\/span><\/span><\/strong><span dir=\"auto\"><span class=\"VIpgJd-yAWNEb-VIpgJd-fmcmS-sn54Q\" dir=\"auto\"><span>\u00a0<\/span>Este fen\u00f3meno se hace a\u00fan m\u00e1s evidente cuando observamos un caso reciente y bastante ilustrativo:<span>\u00a0<\/span><\/span><\/span><strong><span dir=\"auto\"><span class=\"VIpgJd-yAWNEb-VIpgJd-fmcmS-sn54Q\" dir=\"auto\">la presencia entusiasta de la reina Letizia en un homenaje a Alejandro Amen\u00e1bar.<\/span><\/span><\/strong><\/p>\n<p><span dir=\"auto\">Hablamos de Amen\u00e1bar, s\u00ed, el director que se ha convertido en referencia cultural para la izquierda espa\u00f1ola gracias a obras como<span>\u00a0<\/span><\/span><strong><span dir=\"auto\">\u201c\u00c1gora\u201d,<\/span><\/strong><span dir=\"auto\">\u00a0donde la figura de Hipatia se convierte en un artefacto pol\u00edtico contra la Iglesia, o<span>\u00a0<\/span><\/span><strong><span dir=\"auto\">\u201cMar adentro\u201d,<\/span><\/strong><span dir=\"auto\">\u00a0que defend\u00eda con gran capacidad motivadora la eutanasia.<\/span><\/p>\n<p><span dir=\"auto\">\u00c9l y<span>\u00a0<\/span><\/span><strong><span dir=\"auto\">Pedro Almod\u00f3var,<\/span><\/strong><span dir=\"auto\">\u00a0icono LGTBI y referente de una sensibilidad art\u00edstica consistente en incomodar todo lo que huela a tradici\u00f3n, son los dos signos de la cultura de la progres\u00eda. Entre ambos han construido un universo est\u00e9tico que avala, en buena medida, el proyecto cultural progresista espa\u00f1ol. Nada que decir:<span>\u00a0<\/span><\/span><strong><span dir=\"auto\">son buenos, tienen talento y lo defienden con convicci\u00f3n.<\/span><\/strong><span dir=\"auto\"><span>\u00a0<\/span>Lo sorprendente es<span>\u00a0<\/span><\/span><strong><span dir=\"auto\">la presencia de la reina<span>\u00a0<\/span><\/span><\/strong><strong><span dir=\"auto\">Letizia<\/span><\/strong><span dir=\"auto\"><span>\u00a0<\/span>en acontecimientos de este perfil, y no en otros que equilibren la balanza.<\/span><\/p>\n<p><span dir=\"auto\">Porque el acto no era, precisamente, un festival de Cannes. Se trataba de un<span>\u00a0<\/span><\/span><strong><span dir=\"auto\">premio modesto,<\/span><\/strong><span dir=\"auto\">\u00a0concedido por<span>\u00a0<\/span><\/span><em><span dir=\"auto\">Tudela Cultura<\/span><\/em><span dir=\"auto\"><span>\u00a0<\/span>y el<span>\u00a0<\/span><\/span><em><span dir=\"auto\">Cineclub Muskaria<\/span><\/em><span dir=\"auto\"><span>\u00a0<\/span>. Un peque\u00f1o espacio, de car\u00e1cter local, amable, pero lejos de la gran escena p\u00fablica. Y, sin embargo, all\u00ed estaban:<\/span><\/p>\n<ul>\n<li><strong><span dir=\"auto\">Mar\u00eda Chivite,<\/span><\/strong><span dir=\"auto\">\u00a0presidenta de Navarra.<\/span><\/li>\n<li><strong><span dir=\"auto\">Emma Sanz,<\/span><\/strong><span dir=\"auto\">\u00a0ministra de Cultura.<\/span><\/li>\n<li><span dir=\"auto\">Y, en el centro de todas las fotograf\u00edas,<span>\u00a0<\/span><\/span><strong><span dir=\"auto\">la reina Letizia,<\/span><\/strong><span dir=\"auto\">\u00a0aplaudiendo con entusiasmo casi pedag\u00f3gico.<\/span><\/li>\n<\/ul>\n<h5><strong><span dir=\"auto\">La pregunta es inevitable y, si se formula con humor brit\u00e1nico, mejor a\u00fan:<\/span><\/strong><\/h5>\n<p><strong><span dir=\"auto\">\u00bfQu\u00e9 hac\u00eda la reina de Espa\u00f1a en un acto de segunda categor\u00eda cultural, perfectamente alineado con un mensaje pol\u00edtico?<\/span><\/strong><\/p>\n<p><span dir=\"auto\">La respuesta es trivial, si uno pierde el miedo a decirla: Porque<span>\u00a0<\/span><\/span><strong><span dir=\"auto\">nuestra monarqu\u00eda est\u00e1 posicionada culturalmente a la izquierda.<\/span><\/strong><span dir=\"auto\"> O bien por preferencia personal \u2014en el caso de Letizia, no ser\u00eda ninguna sorpresa\u2014 o bien por c\u00e1lculo: la derecha, razonan algunos, seguir\u00e1 siendo mon\u00e1rquica, pase lo que pase, mientras que la izquierda es potencialmente disidente. Mejor, pues, cultivarla.<\/span><\/p>\n<h5><strong><span dir=\"auto\">Sin embargo, esta estrategia puede ser un mal c\u00e1lculo.<\/span><\/strong><\/h5>\n<p><span dir=\"auto\">Las derechas que suben en Europa (y en Espa\u00f1a tambi\u00e9n) no tienen un compromiso sentimental con la monarqu\u00eda. Su soporte es pragm\u00e1tico, condicional. Y si la Corona<span>\u00a0<\/span><\/span><strong><span dir=\"auto\">no refleja, ni siquiera culturalmente, una m\u00ednima pluralidad,<\/span><\/strong><span dir=\"auto\">\u00a0podr\u00eda ver c\u00f3mo nuevas fuerzas \u2014que ya no tienen el ADN mon\u00e1rquico del viejo centroderecha\u2014 deciden simplemente prescindir de ellas.<\/span><\/p>\n<p><span dir=\"auto\">En el juego del poder simb\u00f3lico,<span>\u00a0<\/span><\/span><strong><span dir=\"auto\">los gestos cuentan,<\/span><\/strong><span dir=\"auto\">\u00a0y los gestos de la reina Letizia, especialmente en cultura, indican mucho m\u00e1s de lo que puede parecer. M\u00e1s que neutralidad, transmiten una<span>\u00a0<\/span><\/span><strong><span dir=\"auto\">orientaci\u00f3n ideol\u00f3gica,<\/span><\/strong><span dir=\"auto\">\u00a0suave, sofisticada, pero clara. Una orientaci\u00f3n que, en otro pa\u00eds, quiz\u00e1s ser\u00eda debatible. En Espa\u00f1a, simplemente, pasa desapercibida.<\/span><\/p>\n<p><span dir=\"auto\">Hasta que un d\u00eda \u2014ay,\u00a0 Gramsci\u2014 ser\u00e1 demasiado tarde.<\/span><\/p>\n<span class='bctt-click-to-tweet'><span class='bctt-ctt-text'><a href='https:\/\/twitter.com\/intent\/tweet?url=https%3A%2F%2Fconversesacatalunya.cat%2Fes%2Fson-los-reyes-culturalmente-neutrales%2F&#038;text=La%20Casa%20Real%20conf%C3%ADa%20en%20el%20viejo%20dogma%3A%20la%20derecha%20es%20fiel%3B%20la%20izquierda%2C%20domesticable.%20Buena%20suerte%20con%20esto&#038;via=conversesacat&#038;related=conversesacat' target='_blank'rel=\"noopener noreferrer\">La Casa Real conf\u00eda en el viejo dogma: la derecha es fiel; la izquierda, domesticable. Buena suerte con esto <\/a><\/span><a href='https:\/\/twitter.com\/intent\/tweet?url=https%3A%2F%2Fconversesacatalunya.cat%2Fes%2Fson-los-reyes-culturalmente-neutrales%2F&#038;text=La%20Casa%20Real%20conf%C3%ADa%20en%20el%20viejo%20dogma%3A%20la%20derecha%20es%20fiel%3B%20la%20izquierda%2C%20domesticable.%20Buena%20suerte%20con%20esto&#038;via=conversesacat&#038;related=conversesacat' target='_blank' class='bctt-ctt-btn'rel=\"noopener noreferrer\">Compartir en X<\/a><\/span>\n<div id=\"polls-306\" class=\"wp-polls\">\n\t<form id=\"polls_form_306\" class=\"wp-polls-form\" action=\"\/index.php\" method=\"post\">\n\t\t<p style=\"display: none;\"><input type=\"hidden\" id=\"poll_306_nonce\" name=\"wp-polls-nonce\" value=\"4508b4efee\" \/><\/p>\n\t\t<p style=\"display: none;\"><input type=\"hidden\" name=\"poll_id\" value=\"306\" \/><\/p>\n\t\t<p style=\"text-align: center\"><strong>Collboni governa amb 10 dels 41 regidors del Ple. Creus que en la seva forma de procedir representa i actua d'acord amb els interessos i necessitats de la gent de Barcelona?<\/strong><\/p><div id=\"polls-306-ans\" class=\"wp-polls-ans\"><ul class=\"wp-polls-ul\">\n\t\t<li><input type=\"radio\" id=\"poll-answer-875\" name=\"poll_306\" value=\"875\" \/> <label for=\"poll-answer-875\">S\u00ed<\/label><\/li>\n\t\t<li><input type=\"radio\" id=\"poll-answer-876\" name=\"poll_306\" value=\"876\" \/> <label for=\"poll-answer-876\">No<\/label><\/li>\n\t\t<li><input type=\"radio\" id=\"poll-answer-877\" name=\"poll_306\" value=\"877\" \/> <label for=\"poll-answer-877\">No ho s\u00e9<\/label><\/li>\n\t\t<\/ul><p style=\"text-align: center\"><input type=\"button\" name=\"vote\" value=\"   Vota   \" class=\"Buttons\" onclick=\"poll_vote(306);\" \/><\/p><p style=\"text-align: center\"><a href=\"#ViewPollResults\" onclick=\"poll_result(306); return false;\" title=\"View Results Of This Poll\">Mira els resultats<\/a><\/p><\/div>\n\t<\/form>\n<\/div>\n<div id=\"polls-306-loading\" class=\"wp-polls-loading\"><img decoding=\"async\" data-src=\"https:\/\/conversesacatalunya.cat\/wp-content\/plugins\/wp-polls\/images\/loading.gif\" width=\"16\" height=\"16\" alt=\"Cargando ...\" title=\"Cargando ...\" class=\"wp-polls-image lazyload\" src=\"data:image\/svg+xml;base64,PHN2ZyB3aWR0aD0iMSIgaGVpZ2h0PSIxIiB4bWxucz0iaHR0cDovL3d3dy53My5vcmcvMjAwMC9zdmciPjwvc3ZnPg==\" style=\"--smush-placeholder-width: 16px; --smush-placeholder-aspect-ratio: 16\/16;\" \/>&nbsp;Cargando ...<\/div>\n\n","protected":false},"excerpt":{"rendered":"<p>Una pregunta sencilla, que merece un signo de interrogaci\u00f3n.\u00a0\u00bfLa respuesta? La reina Letizia, definitivamente, no. Esto no deber\u00eda sorprender a nadie que haya le\u00eddo un poco\u00a0de Antonio Gramsci,\u00a0ese pensador italiano encarcelado por el fascismo que desgran\u00f3 con una lucidez inc\u00f3moda (especialmente para quienes prefieren los cuentos de hadas institucionales) que\u00a0la cultura es la primera l\u00ednea de batalla del poder pol\u00edtico.\u00a0Seg\u00fan \u00e9l, primero se logra\u00a0la hegemon\u00eda cultural,\u00a0y despu\u00e9s, como quien no quiere la cosa, se gobierna. Y la verdad es que, observando a Espa\u00f1a, cuesta mucho discutirle la tesis. Por eso resulta tan pintoresco cuando alguien afirma que \u00abla cultura es neutral\u00bb. \u00bfNeutral? Neutral como una entrevista pactada en TVE. La cultura siempre elige bando. Es diferente promover a unos autores u otros, organizar unos premios y no otros, subvencionar estos espect\u00e1culos y obviar aquellos. Y, en esto, la izquierda espa\u00f1ola es una m\u00e1quina bien engrasada. Basta con mirar c\u00f3mo\u00a0el Ministerio de Cultura\u00a0orienta las proyecciones exteriores, o recordar la\u00a0etapa de Borja-Villel en el Museo Nacional Centro de Arte Reina Sof\u00eda (MNCARS) donde el af\u00e1n de actualizaci\u00f3n ideol\u00f3gica rivalizaba con cualquier editorial progresista. Se dice, y se repite, y se insiste, en que la monarqu\u00eda es pol\u00edticamente neutral y que evita gestos que puedan decantarse por una u otra opci\u00f3n. Es la teor\u00eda.\u00a0Sin embargo, la pr\u00e1ctica tiene m\u00e1s matices que un discurso de A\u00f1o Nuevo. Un ejemplo aparentemente banal pero revelador: El discurso navide\u00f1o de la Casa Real por TV o sus felicitaciones de Navidad, que pueden servir para cualquier tipo de fiesta, porque nada hace pensar en la fiesta que conmemora el nacimiento de Jes\u00fas, pol\u00edticamente incorrecto. Desde hace unos a\u00f1os, cualquier observador m\u00ednimamente atento habr\u00e1 advertido como el\u00a0pesebre que aparec\u00eda en el discurso de Navidad,\u00a0\u00a0que antes ten\u00eda un lugar preferente, ha ido retrocediendo discretamente. Por \u00faltimo, casi ha desaparecido, sustituido por una est\u00e9tica m\u00e1s secular, m\u00e1s \u201cinclusiva\u201d, m\u00e1s \u201cmoderna\u201d. No estamos hablando de un drama teol\u00f3gico, sino de un\u00a0indicador cultural,\u00a0que es, precisamente, el terreno donde Gramsci nos avisaba de que todo comienza. Pero el signo m\u00e1s claro se encuentra en los\u00a0Premios Princesa de Asturias,\u00a0que \u2014visto en su conjunto\u2014 muestran un\u00a0sesgo notable hacia autores y corrientes de sensibilidad progresista o un vac\u00edo notable de pensador y escritores alineados con la concepci\u00f3n tradicional, conservadora, comunitaria o cristiana.\u00a0Este fen\u00f3meno se hace a\u00fan m\u00e1s evidente cuando observamos un caso reciente y bastante ilustrativo:\u00a0la presencia entusiasta de la reina Letizia en un homenaje a Alejandro Amen\u00e1bar. Hablamos de Amen\u00e1bar, s\u00ed, el director que se ha convertido en referencia cultural para la izquierda espa\u00f1ola gracias a obras como\u00a0\u201c\u00c1gora\u201d,\u00a0donde la figura de Hipatia se convierte en un artefacto pol\u00edtico contra la Iglesia, o\u00a0\u201cMar adentro\u201d,\u00a0que defend\u00eda con gran capacidad motivadora la eutanasia. \u00c9l y\u00a0Pedro Almod\u00f3var,\u00a0icono LGTBI y referente de una sensibilidad art\u00edstica consistente en incomodar todo lo que huela a tradici\u00f3n, son los dos signos de la cultura de la progres\u00eda. Entre ambos han construido un universo est\u00e9tico que avala, en buena medida, el proyecto cultural progresista espa\u00f1ol. Nada que decir:\u00a0son buenos, tienen talento y lo defienden con convicci\u00f3n.\u00a0Lo sorprendente es\u00a0la presencia de la reina\u00a0Letizia\u00a0en acontecimientos de este perfil, y no en otros que equilibren la balanza. Porque el acto no era, precisamente, un festival de Cannes. Se trataba de un\u00a0premio modesto,\u00a0concedido por\u00a0Tudela Cultura\u00a0y el\u00a0Cineclub Muskaria\u00a0. Un peque\u00f1o espacio, de car\u00e1cter local, amable, pero lejos de la gran escena p\u00fablica. Y, sin embargo, all\u00ed estaban: Mar\u00eda Chivite,\u00a0presidenta de Navarra. Emma Sanz,\u00a0ministra de Cultura. Y, en el centro de todas las fotograf\u00edas,\u00a0la reina Letizia,\u00a0aplaudiendo con entusiasmo casi pedag\u00f3gico. La pregunta es inevitable y, si se formula con humor brit\u00e1nico, mejor a\u00fan: \u00bfQu\u00e9 hac\u00eda la reina de Espa\u00f1a en un acto de segunda categor\u00eda cultural, perfectamente alineado con un mensaje pol\u00edtico? La respuesta es trivial, si uno pierde el miedo a decirla: Porque\u00a0nuestra monarqu\u00eda est\u00e1 posicionada culturalmente a la izquierda. O bien por preferencia personal \u2014en el caso de Letizia, no ser\u00eda ninguna sorpresa\u2014 o bien por c\u00e1lculo: la derecha, razonan algunos, seguir\u00e1 siendo mon\u00e1rquica, pase lo que pase, mientras que la izquierda es potencialmente disidente. Mejor, pues, cultivarla. Sin embargo, esta estrategia puede ser un mal c\u00e1lculo. Las derechas que suben en Europa (y en Espa\u00f1a tambi\u00e9n) no tienen un compromiso sentimental con la monarqu\u00eda. Su soporte es pragm\u00e1tico, condicional. Y si la Corona\u00a0no refleja, ni siquiera culturalmente, una m\u00ednima pluralidad,\u00a0podr\u00eda ver c\u00f3mo nuevas fuerzas \u2014que ya no tienen el ADN mon\u00e1rquico del viejo centroderecha\u2014 deciden simplemente prescindir de ellas. En el juego del poder simb\u00f3lico,\u00a0los gestos cuentan,\u00a0y los gestos de la reina Letizia, especialmente en cultura, indican mucho m\u00e1s de lo que puede parecer. M\u00e1s que neutralidad, transmiten una\u00a0orientaci\u00f3n ideol\u00f3gica,\u00a0suave, sofisticada, pero clara. Una orientaci\u00f3n que, en otro pa\u00eds, quiz\u00e1s ser\u00eda debatible. En Espa\u00f1a, simplemente, pasa desapercibida. Hasta que un d\u00eda \u2014ay,\u00a0 Gramsci\u2014 ser\u00e1 demasiado tarde.<\/p>\n","protected":false},"author":81,"featured_media":94479,"comment_status":"open","ping_status":"open","sticky":false,"template":"","format":"standard","meta":{"_FSMCFIC_featured_image_caption":"","_FSMCFIC_featured_image_nocaption":"","_FSMCFIC_featured_image_hide":"","footnotes":""},"categories":[806],"tags":[],"class_list":["post-94474","post","type-post","status-publish","format-standard","has-post-thumbnail","hentry","category-punts-claus-del-dia-es"],"yoast_head":"<!-- This site is optimized with the Yoast SEO plugin v26.8 - https:\/\/yoast.com\/product\/yoast-seo-wordpress\/ -->\n<title>\u00bfSon los reyes culturalmente neutrales? - Converses a Catalunya<\/title>\n<meta name=\"description\" content=\"Lo sorprendente es la presencia de la reina Letizia en acontecimientos de este perfil, y no en otros que equilibren la balanza.\" \/>\n<meta name=\"robots\" content=\"index, follow, max-snippet:-1, max-image-preview:large, max-video-preview:-1\" \/>\n<link rel=\"canonical\" href=\"https:\/\/conversesacatalunya.cat\/son-els-reis-culturalment-neutrals\/\" \/>\n<meta property=\"og:locale\" content=\"es_ES\" \/>\n<meta property=\"og:type\" content=\"article\" \/>\n<meta property=\"og:title\" content=\"\u00bfSon los reyes culturalmente neutrales? - Converses a Catalunya\" \/>\n<meta property=\"og:description\" content=\"Lo sorprendente es la presencia de la reina Letizia en acontecimientos de este perfil, y no en otros que equilibren la balanza.\" \/>\n<meta property=\"og:url\" content=\"https:\/\/conversesacatalunya.cat\/son-els-reis-culturalment-neutrals\/\" \/>\n<meta property=\"og:site_name\" content=\"Converses a Catalunya\" \/>\n<meta property=\"article:published_time\" content=\"2025-12-05T07:42:50+00:00\" \/>\n<meta property=\"og:image\" content=\"https:\/\/conversesacatalunya.cat\/wp-content\/uploads\/2025\/12\/Captura.jpg\" \/>\n\t<meta property=\"og:image:width\" content=\"711\" \/>\n\t<meta property=\"og:image:height\" content=\"617\" \/>\n\t<meta property=\"og:image:type\" content=\"image\/jpeg\" \/>\n<meta name=\"author\" content=\"Emili Clos\" \/>\n<meta name=\"twitter:card\" content=\"summary_large_image\" \/>\n<meta name=\"twitter:label1\" content=\"Escrito por\" \/>\n\t<meta name=\"twitter:data1\" content=\"Emili Clos\" \/>\n\t<meta name=\"twitter:label2\" content=\"Tiempo de lectura\" \/>\n\t<meta name=\"twitter:data2\" content=\"5 minutos\" \/>\n<script type=\"application\/ld+json\" class=\"yoast-schema-graph\">{\"@context\":\"https:\/\/schema.org\",\"@graph\":[{\"@type\":\"Article\",\"@id\":\"https:\/\/conversesacatalunya.cat\/son-els-reis-culturalment-neutrals\/#article\",\"isPartOf\":{\"@id\":\"https:\/\/conversesacatalunya.cat\/son-els-reis-culturalment-neutrals\/\"},\"author\":{\"name\":\"Emili Clos\",\"@id\":\"https:\/\/conversesacatalunya.cat\/#\/schema\/person\/46306de4129bccb959ed5e1720c4e3e7\"},\"headline\":\"\u00bfSon los reyes culturalmente neutrales?\",\"datePublished\":\"2025-12-05T07:42:50+00:00\",\"mainEntityOfPage\":{\"@id\":\"https:\/\/conversesacatalunya.cat\/son-els-reis-culturalment-neutrals\/\"},\"wordCount\":957,\"commentCount\":0,\"image\":{\"@id\":\"https:\/\/conversesacatalunya.cat\/son-els-reis-culturalment-neutrals\/#primaryimage\"},\"thumbnailUrl\":\"https:\/\/conversesacatalunya.cat\/wp-content\/uploads\/2025\/12\/Captura.jpg\",\"articleSection\":[\"Punts clau del dia (ES)\"],\"inLanguage\":\"es\",\"potentialAction\":[{\"@type\":\"CommentAction\",\"name\":\"Comment\",\"target\":[\"https:\/\/conversesacatalunya.cat\/son-els-reis-culturalment-neutrals\/#respond\"]}]},{\"@type\":\"WebPage\",\"@id\":\"https:\/\/conversesacatalunya.cat\/son-els-reis-culturalment-neutrals\/\",\"url\":\"https:\/\/conversesacatalunya.cat\/son-els-reis-culturalment-neutrals\/\",\"name\":\"\u00bfSon los reyes culturalmente neutrales? - Converses a Catalunya\",\"isPartOf\":{\"@id\":\"https:\/\/conversesacatalunya.cat\/#website\"},\"primaryImageOfPage\":{\"@id\":\"https:\/\/conversesacatalunya.cat\/son-els-reis-culturalment-neutrals\/#primaryimage\"},\"image\":{\"@id\":\"https:\/\/conversesacatalunya.cat\/son-els-reis-culturalment-neutrals\/#primaryimage\"},\"thumbnailUrl\":\"https:\/\/conversesacatalunya.cat\/wp-content\/uploads\/2025\/12\/Captura.jpg\",\"datePublished\":\"2025-12-05T07:42:50+00:00\",\"author\":{\"@id\":\"https:\/\/conversesacatalunya.cat\/#\/schema\/person\/46306de4129bccb959ed5e1720c4e3e7\"},\"description\":\"Lo sorprendente es la presencia de la reina Letizia en acontecimientos de este perfil, y no en otros que equilibren la balanza.\",\"breadcrumb\":{\"@id\":\"https:\/\/conversesacatalunya.cat\/son-els-reis-culturalment-neutrals\/#breadcrumb\"},\"inLanguage\":\"es\",\"potentialAction\":[{\"@type\":\"ReadAction\",\"target\":[\"https:\/\/conversesacatalunya.cat\/son-els-reis-culturalment-neutrals\/\"]}]},{\"@type\":\"ImageObject\",\"inLanguage\":\"es\",\"@id\":\"https:\/\/conversesacatalunya.cat\/son-els-reis-culturalment-neutrals\/#primaryimage\",\"url\":\"https:\/\/conversesacatalunya.cat\/wp-content\/uploads\/2025\/12\/Captura.jpg\",\"contentUrl\":\"https:\/\/conversesacatalunya.cat\/wp-content\/uploads\/2025\/12\/Captura.jpg\",\"width\":711,\"height\":617,\"caption\":\"reina Letizia\"},{\"@type\":\"BreadcrumbList\",\"@id\":\"https:\/\/conversesacatalunya.cat\/son-els-reis-culturalment-neutrals\/#breadcrumb\",\"itemListElement\":[{\"@type\":\"ListItem\",\"position\":1,\"name\":\"Inici\",\"item\":\"https:\/\/conversesacatalunya.cat\/es\/\"},{\"@type\":\"ListItem\",\"position\":2,\"name\":\"\u00bfSon los reyes culturalmente neutrales?\"}]},{\"@type\":\"WebSite\",\"@id\":\"https:\/\/conversesacatalunya.cat\/#website\",\"url\":\"https:\/\/conversesacatalunya.cat\/\",\"name\":\"Converses a Catalunya\",\"description\":\"\",\"potentialAction\":[{\"@type\":\"SearchAction\",\"target\":{\"@type\":\"EntryPoint\",\"urlTemplate\":\"https:\/\/conversesacatalunya.cat\/?s={search_term_string}\"},\"query-input\":{\"@type\":\"PropertyValueSpecification\",\"valueRequired\":true,\"valueName\":\"search_term_string\"}}],\"inLanguage\":\"es\"},{\"@type\":\"Person\",\"@id\":\"https:\/\/conversesacatalunya.cat\/#\/schema\/person\/46306de4129bccb959ed5e1720c4e3e7\",\"name\":\"Emili Clos\",\"image\":{\"@type\":\"ImageObject\",\"inLanguage\":\"es\",\"@id\":\"https:\/\/conversesacatalunya.cat\/#\/schema\/person\/image\/\",\"url\":\"https:\/\/conversesacatalunya.cat\/wp-content\/litespeed\/avatar\/a9a662bd802eed79498de818aef91cc9.jpg?ver=1777096184\",\"contentUrl\":\"https:\/\/conversesacatalunya.cat\/wp-content\/litespeed\/avatar\/a9a662bd802eed79498de818aef91cc9.jpg?ver=1777096184\",\"caption\":\"Emili Clos\"},\"url\":\"https:\/\/conversesacatalunya.cat\/es\/author\/emili_clos\/\"}]}<\/script>\n<!-- \/ Yoast SEO plugin. -->","yoast_head_json":{"title":"\u00bfSon los reyes culturalmente neutrales? - Converses a Catalunya","description":"Lo sorprendente es la presencia de la reina Letizia en acontecimientos de este perfil, y no en otros que equilibren la balanza.","robots":{"index":"index","follow":"follow","max-snippet":"max-snippet:-1","max-image-preview":"max-image-preview:large","max-video-preview":"max-video-preview:-1"},"canonical":"https:\/\/conversesacatalunya.cat\/son-els-reis-culturalment-neutrals\/","og_locale":"es_ES","og_type":"article","og_title":"\u00bfSon los reyes culturalmente neutrales? - Converses a Catalunya","og_description":"Lo sorprendente es la presencia de la reina Letizia en acontecimientos de este perfil, y no en otros que equilibren la balanza.","og_url":"https:\/\/conversesacatalunya.cat\/son-els-reis-culturalment-neutrals\/","og_site_name":"Converses a Catalunya","article_published_time":"2025-12-05T07:42:50+00:00","og_image":[{"width":711,"height":617,"url":"https:\/\/conversesacatalunya.cat\/wp-content\/uploads\/2025\/12\/Captura.jpg","type":"image\/jpeg"}],"author":"Emili Clos","twitter_card":"summary_large_image","twitter_misc":{"Escrito por":"Emili Clos","Tiempo de lectura":"5 minutos"},"schema":{"@context":"https:\/\/schema.org","@graph":[{"@type":"Article","@id":"https:\/\/conversesacatalunya.cat\/son-els-reis-culturalment-neutrals\/#article","isPartOf":{"@id":"https:\/\/conversesacatalunya.cat\/son-els-reis-culturalment-neutrals\/"},"author":{"name":"Emili Clos","@id":"https:\/\/conversesacatalunya.cat\/#\/schema\/person\/46306de4129bccb959ed5e1720c4e3e7"},"headline":"\u00bfSon los reyes culturalmente neutrales?","datePublished":"2025-12-05T07:42:50+00:00","mainEntityOfPage":{"@id":"https:\/\/conversesacatalunya.cat\/son-els-reis-culturalment-neutrals\/"},"wordCount":957,"commentCount":0,"image":{"@id":"https:\/\/conversesacatalunya.cat\/son-els-reis-culturalment-neutrals\/#primaryimage"},"thumbnailUrl":"https:\/\/conversesacatalunya.cat\/wp-content\/uploads\/2025\/12\/Captura.jpg","articleSection":["Punts clau del dia (ES)"],"inLanguage":"es","potentialAction":[{"@type":"CommentAction","name":"Comment","target":["https:\/\/conversesacatalunya.cat\/son-els-reis-culturalment-neutrals\/#respond"]}]},{"@type":"WebPage","@id":"https:\/\/conversesacatalunya.cat\/son-els-reis-culturalment-neutrals\/","url":"https:\/\/conversesacatalunya.cat\/son-els-reis-culturalment-neutrals\/","name":"\u00bfSon los reyes culturalmente neutrales? - Converses a Catalunya","isPartOf":{"@id":"https:\/\/conversesacatalunya.cat\/#website"},"primaryImageOfPage":{"@id":"https:\/\/conversesacatalunya.cat\/son-els-reis-culturalment-neutrals\/#primaryimage"},"image":{"@id":"https:\/\/conversesacatalunya.cat\/son-els-reis-culturalment-neutrals\/#primaryimage"},"thumbnailUrl":"https:\/\/conversesacatalunya.cat\/wp-content\/uploads\/2025\/12\/Captura.jpg","datePublished":"2025-12-05T07:42:50+00:00","author":{"@id":"https:\/\/conversesacatalunya.cat\/#\/schema\/person\/46306de4129bccb959ed5e1720c4e3e7"},"description":"Lo sorprendente es la presencia de la reina Letizia en acontecimientos de este perfil, y no en otros que equilibren la balanza.","breadcrumb":{"@id":"https:\/\/conversesacatalunya.cat\/son-els-reis-culturalment-neutrals\/#breadcrumb"},"inLanguage":"es","potentialAction":[{"@type":"ReadAction","target":["https:\/\/conversesacatalunya.cat\/son-els-reis-culturalment-neutrals\/"]}]},{"@type":"ImageObject","inLanguage":"es","@id":"https:\/\/conversesacatalunya.cat\/son-els-reis-culturalment-neutrals\/#primaryimage","url":"https:\/\/conversesacatalunya.cat\/wp-content\/uploads\/2025\/12\/Captura.jpg","contentUrl":"https:\/\/conversesacatalunya.cat\/wp-content\/uploads\/2025\/12\/Captura.jpg","width":711,"height":617,"caption":"reina Letizia"},{"@type":"BreadcrumbList","@id":"https:\/\/conversesacatalunya.cat\/son-els-reis-culturalment-neutrals\/#breadcrumb","itemListElement":[{"@type":"ListItem","position":1,"name":"Inici","item":"https:\/\/conversesacatalunya.cat\/es\/"},{"@type":"ListItem","position":2,"name":"\u00bfSon los reyes culturalmente neutrales?"}]},{"@type":"WebSite","@id":"https:\/\/conversesacatalunya.cat\/#website","url":"https:\/\/conversesacatalunya.cat\/","name":"Converses a Catalunya","description":"","potentialAction":[{"@type":"SearchAction","target":{"@type":"EntryPoint","urlTemplate":"https:\/\/conversesacatalunya.cat\/?s={search_term_string}"},"query-input":{"@type":"PropertyValueSpecification","valueRequired":true,"valueName":"search_term_string"}}],"inLanguage":"es"},{"@type":"Person","@id":"https:\/\/conversesacatalunya.cat\/#\/schema\/person\/46306de4129bccb959ed5e1720c4e3e7","name":"Emili Clos","image":{"@type":"ImageObject","inLanguage":"es","@id":"https:\/\/conversesacatalunya.cat\/#\/schema\/person\/image\/","url":"https:\/\/conversesacatalunya.cat\/wp-content\/litespeed\/avatar\/a9a662bd802eed79498de818aef91cc9.jpg?ver=1777096184","contentUrl":"https:\/\/conversesacatalunya.cat\/wp-content\/litespeed\/avatar\/a9a662bd802eed79498de818aef91cc9.jpg?ver=1777096184","caption":"Emili Clos"},"url":"https:\/\/conversesacatalunya.cat\/es\/author\/emili_clos\/"}]}},"wps_subtitle":"Resulta pintoresco cuando alguien afirma que \"la cultura es neutral\". \u00bfNeutral? Neutral como una entrevista pactada en TVE. La cultura siempre elige bando.","_links":{"self":[{"href":"https:\/\/conversesacatalunya.cat\/es\/wp-json\/wp\/v2\/posts\/94474","targetHints":{"allow":["GET"]}}],"collection":[{"href":"https:\/\/conversesacatalunya.cat\/es\/wp-json\/wp\/v2\/posts"}],"about":[{"href":"https:\/\/conversesacatalunya.cat\/es\/wp-json\/wp\/v2\/types\/post"}],"author":[{"embeddable":true,"href":"https:\/\/conversesacatalunya.cat\/es\/wp-json\/wp\/v2\/users\/81"}],"replies":[{"embeddable":true,"href":"https:\/\/conversesacatalunya.cat\/es\/wp-json\/wp\/v2\/comments?post=94474"}],"version-history":[{"count":3,"href":"https:\/\/conversesacatalunya.cat\/es\/wp-json\/wp\/v2\/posts\/94474\/revisions"}],"predecessor-version":[{"id":94475,"href":"https:\/\/conversesacatalunya.cat\/es\/wp-json\/wp\/v2\/posts\/94474\/revisions\/94475"}],"wp:featuredmedia":[{"embeddable":true,"href":"https:\/\/conversesacatalunya.cat\/es\/wp-json\/wp\/v2\/media\/94479"}],"wp:attachment":[{"href":"https:\/\/conversesacatalunya.cat\/es\/wp-json\/wp\/v2\/media?parent=94474"}],"wp:term":[{"taxonomy":"category","embeddable":true,"href":"https:\/\/conversesacatalunya.cat\/es\/wp-json\/wp\/v2\/categories?post=94474"},{"taxonomy":"post_tag","embeddable":true,"href":"https:\/\/conversesacatalunya.cat\/es\/wp-json\/wp\/v2\/tags?post=94474"}],"curies":[{"name":"wp","href":"https:\/\/api.w.org\/{rel}","templated":true}]}}