{"id":94450,"date":"2025-12-04T04:08:14","date_gmt":"2025-12-04T03:08:14","guid":{"rendered":"https:\/\/conversesacatalunya.cat\/?p=94450"},"modified":"2025-12-04T04:24:42","modified_gmt":"2025-12-04T03:24:42","slug":"no-todos-los-muertos-valen-lo-mismo-feminicidios-suicidios","status":"publish","type":"post","link":"https:\/\/conversesacatalunya.cat\/es\/no-todos-los-muertos-valen-lo-mismo-feminicidios-suicidios\/","title":{"rendered":"No todos los muertos valen lo mismo"},"content":{"rendered":"<p><span dir=\"auto\"><span class=\"VIpgJd-yAWNEb-VIpgJd-fmcmS-sn54Q\" dir=\"auto\">Hay una regla no escrita en el sistema de comunicaci\u00f3n y en las pol\u00edticas p\u00fablicas de nuestro pa\u00eds:<span>\u00a0<\/span><\/span><\/span><strong><span dir=\"auto\"><span class=\"VIpgJd-yAWNEb-VIpgJd-fmcmS-sn54Q\" dir=\"auto\">no todos los muertos valen lo mismo.<\/span><\/span><\/strong><span dir=\"auto\"><span class=\"VIpgJd-yAWNEb-VIpgJd-fmcmS-sn54Q\" dir=\"auto\">\u00a0La muerte, que en su dimensi\u00f3n humana es siempre una tragedia irreparable, adquiere en la vida p\u00fablica valores desiguales, intensidades medi\u00e1ticas distintas y jerarqu\u00edas morales que no siempre tienen relaci\u00f3n con la magnitud real del problema.<\/span><\/span><\/p>\n<p><span dir=\"auto\">Esto es especialmente visible en el terreno de la violencia dentro de la pareja, convertida en un s\u00edmbolo pol\u00edtico de primer orden y, como tal, gestionada bajo par\u00e1metros que a menudo tienen m\u00e1s que ver con la ideolog\u00eda que con la realidad.<\/span><\/p>\n<p><span dir=\"auto\">La muerte de una mujer en manos de su pareja es, sin duda, una cat\u00e1strofe \u00edntima y moral. Nadie puede relativizar el dolor de las v\u00edctimas ni el drama que destruye a familias enteras.<\/span><\/p>\n<h5><strong><span dir=\"auto\">Pero cuando hablamos de pol\u00edticas p\u00fablicas, debemos adoptar otro registro: el registro comparativo, el an\u00e1lisis proporcional, la necesidad de priorizar recursos y de identificar problemas en funci\u00f3n de su impacto real.<\/span><\/strong><\/h5>\n<p><span dir=\"auto\">Y es ah\u00ed donde emerge la primera distorsi\u00f3n.<\/span><\/p>\n<p><span dir=\"auto\">Cada a\u00f1o en Espa\u00f1a se registran<span>\u00a0<\/span><\/span><strong><span dir=\"auto\">entre 40 y 50 feminicidios de pareja.<\/span><\/strong><span dir=\"auto\">\u00a0La cifra es relativamente estable, y todo indica que en 2025 no superar\u00e1 con facilidad la cuarentena. Es una cifra peque\u00f1a en relaci\u00f3n con un pa\u00eds de<span>\u00a0<\/span><\/span><strong><span dir=\"auto\">50 millones de habitantes,<\/span><\/strong><span dir=\"auto\">\u00a0de los que m\u00e1s de la mitad son mujeres. Hablamos, por tanto, de una afectaci\u00f3n m\u00ednima desde el punto de vista estad\u00edstico. No es insignificante emocionalmente \u2014una sola muerte ya es demasiado\u2014, pero<span>\u00a0<\/span><\/span><strong><span dir=\"auto\">s\u00ed muy poco significativa en t\u00e9rminos de prevalencia.<\/span><\/strong><\/p>\n<p><span dir=\"auto\"><span class=\"VIpgJd-yAWNEb-VIpgJd-fmcmS-sn54Q\" dir=\"auto\">El segundo dato desconocido es que Espa\u00f1a es<span>\u00a0<\/span><\/span><\/span><strong><span dir=\"auto\"><span class=\"VIpgJd-yAWNEb-VIpgJd-fmcmS-sn54Q\" dir=\"auto\">uno de los pa\u00edses de Europa con menos feminicidios de pareja.<\/span><\/span><\/strong><span dir=\"auto\"><span class=\"VIpgJd-yAWNEb-VIpgJd-fmcmS-sn54Q\" dir=\"auto\">\u00a0Solo Italia y Grecia presentan cifras inferiores. Los pa\u00edses n\u00f3rdicos, centroeuropeos y anglosajones -habitualmente presentados como referentes morales- tienen tasas mucho m\u00e1s altas. La realidad, por tanto, contradice el escenario de emergencia permanente que a menudo dibujan las campa\u00f1as oficiales.<\/span><\/span><\/p>\n<p><span dir=\"auto\">Si observara nuestra realidad alguien que desconociera los datos, llegar\u00eda a la conclusi\u00f3n de que vivimos sometidos a un alud de feminicidios. Las p\u00e1ginas de los peri\u00f3dicos, los informativos televisivos, las campa\u00f1as institucionales y las concentraciones p\u00fablicas despu\u00e9s de cada caso transmiten un clima de epidemia social.<span>\u00a0<\/span><\/span><strong><span dir=\"auto\">No existe otro fen\u00f3meno delictivo que tenga un tratamiento medi\u00e1tico comparable.<\/span><\/strong><\/p>\n<h4><strong><span dir=\"auto\">\u00bfC\u00f3mo se explica ese desequilibrio?<\/span><\/strong><\/h4>\n<p><span dir=\"auto\">La respuesta es pol\u00edtica:<span>\u00a0<\/span><\/span><strong><span dir=\"auto\">el asesinato de mujeres por sus parejas se ha convertido en la piedra angular de un relato ideol\u00f3gico concreto,<\/span><\/strong><span dir=\"auto\">\u00a0el feminismo de confrontaci\u00f3n, que se fundamenta en la premisa de que el hombre oprime, agrede y mata a la mujer por el mero hecho de serlo. A partir de ah\u00ed, la realidad se reinterpreta para que sirva ese marco conceptual. Todo lo que queda fuera de esta narrativa \u2014por grave que sea\u2014 queda relegado o silenciado.<\/span><\/p>\n<p><span dir=\"auto\">Miremos los datos globales. En los<span>\u00a0<\/span><\/span><strong><span dir=\"auto\">primeros nueve meses de 2025,<\/span><\/strong><span dir=\"auto\">\u00a0se han producido en Espa\u00f1a<span>\u00a0<\/span><\/span><strong><span dir=\"auto\">273 homicidios y asesinatos.<\/span><\/strong><span dir=\"auto\">\u00a0La mayor\u00eda de las v\u00edctimas son varones. Los feminicidios de pareja representan aproximadamente<span>\u00a0<\/span><\/span><strong><span dir=\"auto\">un 15% del total.<\/span><\/strong><span dir=\"auto\">\u00a0La pregunta es inevitable:<span>\u00a0<\/span><\/span><strong><span dir=\"auto\">\u00bfpor qu\u00e9 el 15% acapara casi el 100% de la atenci\u00f3n p\u00fablica,<\/span><\/strong><span dir=\"auto\">\u00a0mientras que el 85% restante es pr\u00e1cticamente invisible?<\/span><\/p>\n<p><span dir=\"auto\">La respuesta es inc\u00f3moda: porque ese 85% no sirve a la narraci\u00f3n dominante. Hombres asesinados, personas fallecidas en peleas, venganzas, cr\u00edmenes sociales, ajustes de cuentas\u2026 No hay relato simb\u00f3lico ni un enemigo ideol\u00f3gico claro. No hay bandera pol\u00edtica f\u00e1cil. Por eso, estas muertes no \u00abinteresan\u00bb.<\/span><\/p>\n<h5><strong><span dir=\"auto\">El desequilibrio se hace m\u00e1s notable al comparar los feminicidios con otro drama que se extiende silenciosamente: los suicidios.<\/span><\/strong><\/h5>\n<p><span dir=\"auto\"><span class=\"VIpgJd-yAWNEb-VIpgJd-fmcmS-sn54Q\" dir=\"auto\">En<span>\u00a0<\/span><\/span><\/span><strong><span dir=\"auto\"><span class=\"VIpgJd-yAWNEb-VIpgJd-fmcmS-sn54Q\" dir=\"auto\">2024,<\/span><\/span><\/strong><span dir=\"auto\"><span class=\"VIpgJd-yAWNEb-VIpgJd-fmcmS-sn54Q\" dir=\"auto\"> solo entre j\u00f3venes de<span>\u00a0<\/span><\/span><\/span><strong><span dir=\"auto\"><span class=\"VIpgJd-yAWNEb-VIpgJd-fmcmS-sn54Q\" dir=\"auto\">15 a 19 a\u00f1os,<\/span><\/span><\/strong><span dir=\"auto\"><span class=\"VIpgJd-yAWNEb-VIpgJd-fmcmS-sn54Q\" dir=\"auto\">\u00a0se registraron<span>\u00a0<\/span><\/span><\/span><strong><span dir=\"auto\"><span class=\"VIpgJd-yAWNEb-VIpgJd-fmcmS-sn54Q\" dir=\"auto\">76 suicidios.<\/span><\/span><\/strong><span dir=\"auto\"><span class=\"VIpgJd-yAWNEb-VIpgJd-fmcmS-sn54Q\" dir=\"auto\">\u00a0Esto es:<\/span><\/span><br \/>\n<span dir=\"auto\"><span class=\"VIpgJd-yAWNEb-VIpgJd-fmcmS-sn54Q\" dir=\"auto\">\u2013<span>\u00a0<\/span><\/span><\/span><strong><span dir=\"auto\"><span class=\"VIpgJd-yAWNEb-VIpgJd-fmcmS-sn54Q\" dir=\"auto\">m\u00e1s que las mujeres asesinadas en todo un a\u00f1o,<\/span><\/span><\/strong><br \/>\n<span dir=\"auto\"><span class=\"VIpgJd-yAWNEb-VIpgJd-fmcmS-sn54Q\" dir=\"auto\">\u2013<span>\u00a0<\/span><\/span><\/span><strong><span dir=\"auto\"><span class=\"VIpgJd-yAWNEb-VIpgJd-fmcmS-sn54Q\" dir=\"auto\">y en una poblaci\u00f3n mucho m\u00e1s peque\u00f1a,<\/span><\/span><\/strong><span dir=\"auto\"><span class=\"VIpgJd-yAWNEb-VIpgJd-fmcmS-sn54Q\" dir=\"auto\">\u00a0de pocos cientos de miles.<\/span><\/span><\/p>\n<p><span dir=\"auto\">Si hacemos el ejercicio estad\u00edstico que se utiliza habitualmente en salud p\u00fablica \u2013comparar prevalencias\u2013, la magnitud del problema es brutal: la incidencia del suicidio juvenil es incomparablemente superior a la de los feminicidios de pareja. Pero no existen campa\u00f1as masivas. No hay minutos en los informativos. No existen planes de choque, ni leyes integrales, ni concentraciones p\u00fablicas, ni manifiestos.<span>\u00a0<\/span><\/span><strong><span dir=\"auto\">Los j\u00f3venes que deciden acabar con su vida no forman parte del relato. Y, por tanto, no existen.<\/span><\/strong><\/p>\n<p><span dir=\"auto\">La pregunta que se impone es de enorme gravedad:<span>\u00a0<\/span><\/span><strong><span dir=\"auto\">\u00bfqu\u00e9 valor tiene una vida?<\/span><\/strong><span dir=\"auto\"><span>\u00a0<\/span>Y, sobre todo, \u00bfqui\u00e9n decide su valor?<\/span><\/p>\n<p><span dir=\"auto\">Si los gobiernos dedican recursos ingentes, una atenci\u00f3n medi\u00e1tica desproporcionada y una arquitectura legislativa multimillonaria a un fen\u00f3meno que afecta a 40 o 50 personas al a\u00f1o, pero obvian una tragedia que afecta a miles de familias cada a\u00f1o, es que el criterio no es sanitario, ni criminol\u00f3gico, ni social.<span>\u00a0<\/span><\/span><strong><span dir=\"auto\">Es ideol\u00f3gico.<\/span><\/strong><\/p>\n<p><span dir=\"auto\">Y cuando la ideolog\u00eda ordena la realidad, la pol\u00edtica p\u00fablica se deforma. Lo que deber\u00eda ser un debate sobre prioridades, datos y prevenci\u00f3n se convierte en un ritual simb\u00f3lico. No se trata de resolver problemas, sino de sostener una narrativa.<\/span><\/p>\n<p><span dir=\"auto\"><span class=\"VIpgJd-yAWNEb-VIpgJd-fmcmS-sn54Q\" dir=\"auto\">Por eso es necesario volver al principio:<span>\u00a0<\/span><\/span><\/span><strong><span dir=\"auto\"><span class=\"VIpgJd-yAWNEb-VIpgJd-fmcmS-sn54Q\" dir=\"auto\">no todos los muertos valen lo mismo.<\/span><\/span><\/strong><span dir=\"auto\"><span class=\"VIpgJd-yAWNEb-VIpgJd-fmcmS-sn54Q\" dir=\"auto\"><span>\u00a0<\/span>Unos reciben toda la luz y, con ella, presupuestos, departamentos, programas, campa\u00f1as, leyes y cargos. Otros, los m\u00e1s numerosos, quedan en la penumbra, abandonados a su suerte, simplemente porque no refuerzan el relato del poder.<\/span><\/span><\/p>\n<p><span dir=\"auto\">Si queremos una pol\u00edtica p\u00fablica justa, racional y eficaz, es necesario<span>\u00a0<\/span><\/span><strong><span dir=\"auto\">romper esta jerarqu\u00eda moral artificial<\/span><\/strong><span dir=\"auto\"><span>\u00a0<\/span>y establecer una nueva pauta: la importancia de un problema debe depender de su magnitud real, de su impacto social y de su coste humano, no de su utilidad para reforzar una ideolog\u00eda.<\/span><\/p>\n<p><span dir=\"auto\">Solo as\u00ed podremos construir un pa\u00eds en el que las muertes, todas, tengan el valor igual e innegociable que merecen.<\/span><\/p>\n<span class='bctt-click-to-tweet'><span class='bctt-ctt-text'><a href='https:\/\/twitter.com\/intent\/tweet?url=https%3A%2F%2Fconversesacatalunya.cat%2Fes%2Fno-todos-los-muertos-valen-lo-mismo-feminicidios-suicidios%2F&#038;text=Cuando%20hablamos%20de%20pol%C3%ADticas%20p%C3%BAblicas%2C%20debemos%20adoptar%20otro%20registro%3A%20el%20registro%20comparativo%2C%20el%20an%C3%A1lisis%20proporcional%2C%20la%20necesidad%20de%20priorizar%20recursos%20y%20de%20identificar%20problemas%20en%20funci%C3%B3n%20de%20su%20impacto%20real&#038;via=conversesacat&#038;related=conversesacat' target='_blank'rel=\"noopener noreferrer\">Cuando hablamos de pol\u00edticas p\u00fablicas, debemos adoptar otro registro: el registro comparativo, el an\u00e1lisis proporcional, la necesidad de priorizar recursos y de identificar problemas en funci\u00f3n de su impacto real <\/a><\/span><a href='https:\/\/twitter.com\/intent\/tweet?url=https%3A%2F%2Fconversesacatalunya.cat%2Fes%2Fno-todos-los-muertos-valen-lo-mismo-feminicidios-suicidios%2F&#038;text=Cuando%20hablamos%20de%20pol%C3%ADticas%20p%C3%BAblicas%2C%20debemos%20adoptar%20otro%20registro%3A%20el%20registro%20comparativo%2C%20el%20an%C3%A1lisis%20proporcional%2C%20la%20necesidad%20de%20priorizar%20recursos%20y%20de%20identificar%20problemas%20en%20funci%C3%B3n%20de%20su%20impacto%20real&#038;via=conversesacat&#038;related=conversesacat' target='_blank' class='bctt-ctt-btn'rel=\"noopener noreferrer\">Compartir en X<\/a><\/span>\n<div id=\"polls-306\" class=\"wp-polls\">\n\t<form id=\"polls_form_306\" class=\"wp-polls-form\" action=\"\/index.php\" method=\"post\">\n\t\t<p style=\"display: none;\"><input type=\"hidden\" id=\"poll_306_nonce\" name=\"wp-polls-nonce\" value=\"0ec5a5f5b5\" \/><\/p>\n\t\t<p style=\"display: none;\"><input type=\"hidden\" name=\"poll_id\" value=\"306\" \/><\/p>\n\t\t<p style=\"text-align: center\"><strong>Collboni governa amb 10 dels 41 regidors del Ple. Creus que en la seva forma de procedir representa i actua d'acord amb els interessos i necessitats de la gent de Barcelona?<\/strong><\/p><div id=\"polls-306-ans\" class=\"wp-polls-ans\"><ul class=\"wp-polls-ul\">\n\t\t<li><input type=\"radio\" id=\"poll-answer-875\" name=\"poll_306\" value=\"875\" \/> <label for=\"poll-answer-875\">S\u00ed<\/label><\/li>\n\t\t<li><input type=\"radio\" id=\"poll-answer-876\" name=\"poll_306\" value=\"876\" \/> <label for=\"poll-answer-876\">No<\/label><\/li>\n\t\t<li><input type=\"radio\" id=\"poll-answer-877\" name=\"poll_306\" value=\"877\" \/> <label for=\"poll-answer-877\">No ho s\u00e9<\/label><\/li>\n\t\t<\/ul><p style=\"text-align: center\"><input type=\"button\" name=\"vote\" value=\"   Vota   \" class=\"Buttons\" onclick=\"poll_vote(306);\" \/><\/p><p style=\"text-align: center\"><a href=\"#ViewPollResults\" onclick=\"poll_result(306); return false;\" title=\"View Results Of This Poll\">Mira els resultats<\/a><\/p><\/div>\n\t<\/form>\n<\/div>\n<div id=\"polls-306-loading\" class=\"wp-polls-loading\"><img decoding=\"async\" data-src=\"https:\/\/conversesacatalunya.cat\/wp-content\/plugins\/wp-polls\/images\/loading.gif\" width=\"16\" height=\"16\" alt=\"Cargando ...\" title=\"Cargando ...\" class=\"wp-polls-image lazyload\" src=\"data:image\/svg+xml;base64,PHN2ZyB3aWR0aD0iMSIgaGVpZ2h0PSIxIiB4bWxucz0iaHR0cDovL3d3dy53My5vcmcvMjAwMC9zdmciPjwvc3ZnPg==\" style=\"--smush-placeholder-width: 16px; --smush-placeholder-aspect-ratio: 16\/16;\" \/>&nbsp;Cargando ...<\/div>\n\n","protected":false},"excerpt":{"rendered":"<p>Hay una regla no escrita en el sistema de comunicaci\u00f3n y en las pol\u00edticas p\u00fablicas de nuestro pa\u00eds:\u00a0no todos los muertos valen lo mismo.\u00a0La muerte, que en su dimensi\u00f3n humana es siempre una tragedia irreparable, adquiere en la vida p\u00fablica valores desiguales, intensidades medi\u00e1ticas distintas y jerarqu\u00edas morales que no siempre tienen relaci\u00f3n con la magnitud real del problema. Esto es especialmente visible en el terreno de la violencia dentro de la pareja, convertida en un s\u00edmbolo pol\u00edtico de primer orden y, como tal, gestionada bajo par\u00e1metros que a menudo tienen m\u00e1s que ver con la ideolog\u00eda que con la realidad. La muerte de una mujer en manos de su pareja es, sin duda, una cat\u00e1strofe \u00edntima y moral. Nadie puede relativizar el dolor de las v\u00edctimas ni el drama que destruye a familias enteras. Pero cuando hablamos de pol\u00edticas p\u00fablicas, debemos adoptar otro registro: el registro comparativo, el an\u00e1lisis proporcional, la necesidad de priorizar recursos y de identificar problemas en funci\u00f3n de su impacto real. Y es ah\u00ed donde emerge la primera distorsi\u00f3n. Cada a\u00f1o en Espa\u00f1a se registran\u00a0entre 40 y 50 feminicidios de pareja.\u00a0La cifra es relativamente estable, y todo indica que en 2025 no superar\u00e1 con facilidad la cuarentena. Es una cifra peque\u00f1a en relaci\u00f3n con un pa\u00eds de\u00a050 millones de habitantes,\u00a0de los que m\u00e1s de la mitad son mujeres. Hablamos, por tanto, de una afectaci\u00f3n m\u00ednima desde el punto de vista estad\u00edstico. No es insignificante emocionalmente \u2014una sola muerte ya es demasiado\u2014, pero\u00a0s\u00ed muy poco significativa en t\u00e9rminos de prevalencia. El segundo dato desconocido es que Espa\u00f1a es\u00a0uno de los pa\u00edses de Europa con menos feminicidios de pareja.\u00a0Solo Italia y Grecia presentan cifras inferiores. Los pa\u00edses n\u00f3rdicos, centroeuropeos y anglosajones -habitualmente presentados como referentes morales- tienen tasas mucho m\u00e1s altas. La realidad, por tanto, contradice el escenario de emergencia permanente que a menudo dibujan las campa\u00f1as oficiales. Si observara nuestra realidad alguien que desconociera los datos, llegar\u00eda a la conclusi\u00f3n de que vivimos sometidos a un alud de feminicidios. Las p\u00e1ginas de los peri\u00f3dicos, los informativos televisivos, las campa\u00f1as institucionales y las concentraciones p\u00fablicas despu\u00e9s de cada caso transmiten un clima de epidemia social.\u00a0No existe otro fen\u00f3meno delictivo que tenga un tratamiento medi\u00e1tico comparable. \u00bfC\u00f3mo se explica ese desequilibrio? La respuesta es pol\u00edtica:\u00a0el asesinato de mujeres por sus parejas se ha convertido en la piedra angular de un relato ideol\u00f3gico concreto,\u00a0el feminismo de confrontaci\u00f3n, que se fundamenta en la premisa de que el hombre oprime, agrede y mata a la mujer por el mero hecho de serlo. A partir de ah\u00ed, la realidad se reinterpreta para que sirva ese marco conceptual. Todo lo que queda fuera de esta narrativa \u2014por grave que sea\u2014 queda relegado o silenciado. Miremos los datos globales. En los\u00a0primeros nueve meses de 2025,\u00a0se han producido en Espa\u00f1a\u00a0273 homicidios y asesinatos.\u00a0La mayor\u00eda de las v\u00edctimas son varones. Los feminicidios de pareja representan aproximadamente\u00a0un 15% del total.\u00a0La pregunta es inevitable:\u00a0\u00bfpor qu\u00e9 el 15% acapara casi el 100% de la atenci\u00f3n p\u00fablica,\u00a0mientras que el 85% restante es pr\u00e1cticamente invisible? La respuesta es inc\u00f3moda: porque ese 85% no sirve a la narraci\u00f3n dominante. Hombres asesinados, personas fallecidas en peleas, venganzas, cr\u00edmenes sociales, ajustes de cuentas\u2026 No hay relato simb\u00f3lico ni un enemigo ideol\u00f3gico claro. No hay bandera pol\u00edtica f\u00e1cil. Por eso, estas muertes no \u00abinteresan\u00bb. El desequilibrio se hace m\u00e1s notable al comparar los feminicidios con otro drama que se extiende silenciosamente: los suicidios. En\u00a02024, solo entre j\u00f3venes de\u00a015 a 19 a\u00f1os,\u00a0se registraron\u00a076 suicidios.\u00a0Esto es: \u2013\u00a0m\u00e1s que las mujeres asesinadas en todo un a\u00f1o, \u2013\u00a0y en una poblaci\u00f3n mucho m\u00e1s peque\u00f1a,\u00a0de pocos cientos de miles. Si hacemos el ejercicio estad\u00edstico que se utiliza habitualmente en salud p\u00fablica \u2013comparar prevalencias\u2013, la magnitud del problema es brutal: la incidencia del suicidio juvenil es incomparablemente superior a la de los feminicidios de pareja. Pero no existen campa\u00f1as masivas. No hay minutos en los informativos. No existen planes de choque, ni leyes integrales, ni concentraciones p\u00fablicas, ni manifiestos.\u00a0Los j\u00f3venes que deciden acabar con su vida no forman parte del relato. Y, por tanto, no existen. La pregunta que se impone es de enorme gravedad:\u00a0\u00bfqu\u00e9 valor tiene una vida?\u00a0Y, sobre todo, \u00bfqui\u00e9n decide su valor? Si los gobiernos dedican recursos ingentes, una atenci\u00f3n medi\u00e1tica desproporcionada y una arquitectura legislativa multimillonaria a un fen\u00f3meno que afecta a 40 o 50 personas al a\u00f1o, pero obvian una tragedia que afecta a miles de familias cada a\u00f1o, es que el criterio no es sanitario, ni criminol\u00f3gico, ni social.\u00a0Es ideol\u00f3gico. Y cuando la ideolog\u00eda ordena la realidad, la pol\u00edtica p\u00fablica se deforma. Lo que deber\u00eda ser un debate sobre prioridades, datos y prevenci\u00f3n se convierte en un ritual simb\u00f3lico. No se trata de resolver problemas, sino de sostener una narrativa. Por eso es necesario volver al principio:\u00a0no todos los muertos valen lo mismo.\u00a0Unos reciben toda la luz y, con ella, presupuestos, departamentos, programas, campa\u00f1as, leyes y cargos. Otros, los m\u00e1s numerosos, quedan en la penumbra, abandonados a su suerte, simplemente porque no refuerzan el relato del poder. Si queremos una pol\u00edtica p\u00fablica justa, racional y eficaz, es necesario\u00a0romper esta jerarqu\u00eda moral artificial\u00a0y establecer una nueva pauta: la importancia de un problema debe depender de su magnitud real, de su impacto social y de su coste humano, no de su utilidad para reforzar una ideolog\u00eda. Solo as\u00ed podremos construir un pa\u00eds en el que las muertes, todas, tengan el valor igual e innegociable que merecen.<\/p>\n","protected":false},"author":77,"featured_media":94444,"comment_status":"open","ping_status":"open","sticky":false,"template":"","format":"standard","meta":{"_FSMCFIC_featured_image_caption":"","_FSMCFIC_featured_image_nocaption":"","_FSMCFIC_featured_image_hide":"","footnotes":""},"categories":[806],"tags":[1609,1603],"class_list":["post-94450","post","type-post","status-publish","format-standard","has-post-thumbnail","hentry","category-punts-claus-del-dia-es","tag-suicidios","tag-suicidis-es"],"yoast_head":"<!-- This site is optimized with the Yoast SEO plugin v26.8 - https:\/\/yoast.com\/product\/yoast-seo-wordpress\/ -->\n<title>No todos los muertos valen lo mismo - Converses a Catalunya<\/title>\n<meta name=\"description\" content=\"No todos los fallecidos valen lo mismo: datos reales sobre feminicidios y suicidios en Espa\u00f1a. Cr\u00edtica al sesgo ideol\u00f3gico de las pol\u00edticas\" \/>\n<meta name=\"robots\" content=\"index, follow, max-snippet:-1, max-image-preview:large, max-video-preview:-1\" \/>\n<link rel=\"canonical\" href=\"https:\/\/conversesacatalunya.cat\/es\/no-todos-los-muertos-valen-lo-mismo-feminicidios-suicidios\/\" \/>\n<meta property=\"og:locale\" content=\"es_ES\" \/>\n<meta property=\"og:type\" content=\"article\" \/>\n<meta property=\"og:title\" content=\"No todos los muertos valen lo mismo - Converses a Catalunya\" \/>\n<meta property=\"og:description\" content=\"No todos los fallecidos valen lo mismo: datos reales sobre feminicidios y suicidios en Espa\u00f1a. Cr\u00edtica al sesgo ideol\u00f3gico de las pol\u00edticas\" \/>\n<meta property=\"og:url\" content=\"https:\/\/conversesacatalunya.cat\/es\/no-todos-los-muertos-valen-lo-mismo-feminicidios-suicidios\/\" \/>\n<meta property=\"og:site_name\" content=\"Converses a Catalunya\" \/>\n<meta property=\"article:published_time\" content=\"2025-12-04T03:08:14+00:00\" \/>\n<meta property=\"article:modified_time\" content=\"2025-12-04T03:24:42+00:00\" \/>\n<meta property=\"og:image\" content=\"https:\/\/conversesacatalunya.cat\/wp-content\/uploads\/2025\/12\/suicidi.jpg\" \/>\n\t<meta property=\"og:image:width\" content=\"640\" \/>\n\t<meta property=\"og:image:height\" content=\"427\" \/>\n\t<meta property=\"og:image:type\" content=\"image\/jpeg\" \/>\n<meta name=\"author\" content=\"Enric Casanovas\" \/>\n<meta name=\"twitter:card\" content=\"summary_large_image\" \/>\n<meta name=\"twitter:label1\" content=\"Escrito por\" \/>\n\t<meta name=\"twitter:data1\" content=\"Enric Casanovas\" \/>\n\t<meta name=\"twitter:label2\" content=\"Tiempo de lectura\" \/>\n\t<meta name=\"twitter:data2\" content=\"5 minutos\" \/>\n<script type=\"application\/ld+json\" class=\"yoast-schema-graph\">{\"@context\":\"https:\/\/schema.org\",\"@graph\":[{\"@type\":\"Article\",\"@id\":\"https:\/\/conversesacatalunya.cat\/es\/no-todos-los-muertos-valen-lo-mismo-feminicidios-suicidios\/#article\",\"isPartOf\":{\"@id\":\"https:\/\/conversesacatalunya.cat\/es\/no-todos-los-muertos-valen-lo-mismo-feminicidios-suicidios\/\"},\"author\":{\"name\":\"Enric Casanovas\",\"@id\":\"https:\/\/conversesacatalunya.cat\/#\/schema\/person\/79bd0577b2f3afc8d6519d207c6e8609\"},\"headline\":\"No todos los muertos valen lo mismo\",\"datePublished\":\"2025-12-04T03:08:14+00:00\",\"dateModified\":\"2025-12-04T03:24:42+00:00\",\"mainEntityOfPage\":{\"@id\":\"https:\/\/conversesacatalunya.cat\/es\/no-todos-los-muertos-valen-lo-mismo-feminicidios-suicidios\/\"},\"wordCount\":1060,\"commentCount\":0,\"image\":{\"@id\":\"https:\/\/conversesacatalunya.cat\/es\/no-todos-los-muertos-valen-lo-mismo-feminicidios-suicidios\/#primaryimage\"},\"thumbnailUrl\":\"https:\/\/conversesacatalunya.cat\/wp-content\/uploads\/2025\/12\/suicidi.jpg\",\"keywords\":[\"suicidios\",\"suicidis\"],\"articleSection\":[\"Punts clau del dia (ES)\"],\"inLanguage\":\"es\",\"potentialAction\":[{\"@type\":\"CommentAction\",\"name\":\"Comment\",\"target\":[\"https:\/\/conversesacatalunya.cat\/es\/no-todos-los-muertos-valen-lo-mismo-feminicidios-suicidios\/#respond\"]}]},{\"@type\":\"WebPage\",\"@id\":\"https:\/\/conversesacatalunya.cat\/es\/no-todos-los-muertos-valen-lo-mismo-feminicidios-suicidios\/\",\"url\":\"https:\/\/conversesacatalunya.cat\/es\/no-todos-los-muertos-valen-lo-mismo-feminicidios-suicidios\/\",\"name\":\"No todos los muertos valen lo mismo - Converses a Catalunya\",\"isPartOf\":{\"@id\":\"https:\/\/conversesacatalunya.cat\/#website\"},\"primaryImageOfPage\":{\"@id\":\"https:\/\/conversesacatalunya.cat\/es\/no-todos-los-muertos-valen-lo-mismo-feminicidios-suicidios\/#primaryimage\"},\"image\":{\"@id\":\"https:\/\/conversesacatalunya.cat\/es\/no-todos-los-muertos-valen-lo-mismo-feminicidios-suicidios\/#primaryimage\"},\"thumbnailUrl\":\"https:\/\/conversesacatalunya.cat\/wp-content\/uploads\/2025\/12\/suicidi.jpg\",\"datePublished\":\"2025-12-04T03:08:14+00:00\",\"dateModified\":\"2025-12-04T03:24:42+00:00\",\"author\":{\"@id\":\"https:\/\/conversesacatalunya.cat\/#\/schema\/person\/79bd0577b2f3afc8d6519d207c6e8609\"},\"description\":\"No todos los fallecidos valen lo mismo: datos reales sobre feminicidios y suicidios en Espa\u00f1a. Cr\u00edtica al sesgo ideol\u00f3gico de las pol\u00edticas\",\"breadcrumb\":{\"@id\":\"https:\/\/conversesacatalunya.cat\/es\/no-todos-los-muertos-valen-lo-mismo-feminicidios-suicidios\/#breadcrumb\"},\"inLanguage\":\"es\",\"potentialAction\":[{\"@type\":\"ReadAction\",\"target\":[\"https:\/\/conversesacatalunya.cat\/es\/no-todos-los-muertos-valen-lo-mismo-feminicidios-suicidios\/\"]}]},{\"@type\":\"ImageObject\",\"inLanguage\":\"es\",\"@id\":\"https:\/\/conversesacatalunya.cat\/es\/no-todos-los-muertos-valen-lo-mismo-feminicidios-suicidios\/#primaryimage\",\"url\":\"https:\/\/conversesacatalunya.cat\/wp-content\/uploads\/2025\/12\/suicidi.jpg\",\"contentUrl\":\"https:\/\/conversesacatalunya.cat\/wp-content\/uploads\/2025\/12\/suicidi.jpg\",\"width\":640,\"height\":427,\"caption\":\"feminicidios suicidios\"},{\"@type\":\"BreadcrumbList\",\"@id\":\"https:\/\/conversesacatalunya.cat\/es\/no-todos-los-muertos-valen-lo-mismo-feminicidios-suicidios\/#breadcrumb\",\"itemListElement\":[{\"@type\":\"ListItem\",\"position\":1,\"name\":\"Inici\",\"item\":\"https:\/\/conversesacatalunya.cat\/es\/\"},{\"@type\":\"ListItem\",\"position\":2,\"name\":\"No todos los muertos valen lo mismo\"}]},{\"@type\":\"WebSite\",\"@id\":\"https:\/\/conversesacatalunya.cat\/#website\",\"url\":\"https:\/\/conversesacatalunya.cat\/\",\"name\":\"Converses a Catalunya\",\"description\":\"\",\"potentialAction\":[{\"@type\":\"SearchAction\",\"target\":{\"@type\":\"EntryPoint\",\"urlTemplate\":\"https:\/\/conversesacatalunya.cat\/?s={search_term_string}\"},\"query-input\":{\"@type\":\"PropertyValueSpecification\",\"valueRequired\":true,\"valueName\":\"search_term_string\"}}],\"inLanguage\":\"es\"},{\"@type\":\"Person\",\"@id\":\"https:\/\/conversesacatalunya.cat\/#\/schema\/person\/79bd0577b2f3afc8d6519d207c6e8609\",\"name\":\"Enric Casanovas\",\"image\":{\"@type\":\"ImageObject\",\"inLanguage\":\"es\",\"@id\":\"https:\/\/conversesacatalunya.cat\/#\/schema\/person\/image\/\",\"url\":\"https:\/\/conversesacatalunya.cat\/wp-content\/litespeed\/avatar\/7ae4379ad4421ec77820e92afd36dd78.jpg?ver=1776769084\",\"contentUrl\":\"https:\/\/conversesacatalunya.cat\/wp-content\/litespeed\/avatar\/7ae4379ad4421ec77820e92afd36dd78.jpg?ver=1776769084\",\"caption\":\"Enric Casanovas\"},\"url\":\"https:\/\/conversesacatalunya.cat\/es\/author\/enric-casanovas\/\"}]}<\/script>\n<!-- \/ Yoast SEO plugin. -->","yoast_head_json":{"title":"No todos los muertos valen lo mismo - Converses a Catalunya","description":"No todos los fallecidos valen lo mismo: datos reales sobre feminicidios y suicidios en Espa\u00f1a. Cr\u00edtica al sesgo ideol\u00f3gico de las pol\u00edticas","robots":{"index":"index","follow":"follow","max-snippet":"max-snippet:-1","max-image-preview":"max-image-preview:large","max-video-preview":"max-video-preview:-1"},"canonical":"https:\/\/conversesacatalunya.cat\/es\/no-todos-los-muertos-valen-lo-mismo-feminicidios-suicidios\/","og_locale":"es_ES","og_type":"article","og_title":"No todos los muertos valen lo mismo - Converses a Catalunya","og_description":"No todos los fallecidos valen lo mismo: datos reales sobre feminicidios y suicidios en Espa\u00f1a. Cr\u00edtica al sesgo ideol\u00f3gico de las pol\u00edticas","og_url":"https:\/\/conversesacatalunya.cat\/es\/no-todos-los-muertos-valen-lo-mismo-feminicidios-suicidios\/","og_site_name":"Converses a Catalunya","article_published_time":"2025-12-04T03:08:14+00:00","article_modified_time":"2025-12-04T03:24:42+00:00","og_image":[{"width":640,"height":427,"url":"https:\/\/conversesacatalunya.cat\/wp-content\/uploads\/2025\/12\/suicidi.jpg","type":"image\/jpeg"}],"author":"Enric Casanovas","twitter_card":"summary_large_image","twitter_misc":{"Escrito por":"Enric Casanovas","Tiempo de lectura":"5 minutos"},"schema":{"@context":"https:\/\/schema.org","@graph":[{"@type":"Article","@id":"https:\/\/conversesacatalunya.cat\/es\/no-todos-los-muertos-valen-lo-mismo-feminicidios-suicidios\/#article","isPartOf":{"@id":"https:\/\/conversesacatalunya.cat\/es\/no-todos-los-muertos-valen-lo-mismo-feminicidios-suicidios\/"},"author":{"name":"Enric Casanovas","@id":"https:\/\/conversesacatalunya.cat\/#\/schema\/person\/79bd0577b2f3afc8d6519d207c6e8609"},"headline":"No todos los muertos valen lo mismo","datePublished":"2025-12-04T03:08:14+00:00","dateModified":"2025-12-04T03:24:42+00:00","mainEntityOfPage":{"@id":"https:\/\/conversesacatalunya.cat\/es\/no-todos-los-muertos-valen-lo-mismo-feminicidios-suicidios\/"},"wordCount":1060,"commentCount":0,"image":{"@id":"https:\/\/conversesacatalunya.cat\/es\/no-todos-los-muertos-valen-lo-mismo-feminicidios-suicidios\/#primaryimage"},"thumbnailUrl":"https:\/\/conversesacatalunya.cat\/wp-content\/uploads\/2025\/12\/suicidi.jpg","keywords":["suicidios","suicidis"],"articleSection":["Punts clau del dia (ES)"],"inLanguage":"es","potentialAction":[{"@type":"CommentAction","name":"Comment","target":["https:\/\/conversesacatalunya.cat\/es\/no-todos-los-muertos-valen-lo-mismo-feminicidios-suicidios\/#respond"]}]},{"@type":"WebPage","@id":"https:\/\/conversesacatalunya.cat\/es\/no-todos-los-muertos-valen-lo-mismo-feminicidios-suicidios\/","url":"https:\/\/conversesacatalunya.cat\/es\/no-todos-los-muertos-valen-lo-mismo-feminicidios-suicidios\/","name":"No todos los muertos valen lo mismo - Converses a Catalunya","isPartOf":{"@id":"https:\/\/conversesacatalunya.cat\/#website"},"primaryImageOfPage":{"@id":"https:\/\/conversesacatalunya.cat\/es\/no-todos-los-muertos-valen-lo-mismo-feminicidios-suicidios\/#primaryimage"},"image":{"@id":"https:\/\/conversesacatalunya.cat\/es\/no-todos-los-muertos-valen-lo-mismo-feminicidios-suicidios\/#primaryimage"},"thumbnailUrl":"https:\/\/conversesacatalunya.cat\/wp-content\/uploads\/2025\/12\/suicidi.jpg","datePublished":"2025-12-04T03:08:14+00:00","dateModified":"2025-12-04T03:24:42+00:00","author":{"@id":"https:\/\/conversesacatalunya.cat\/#\/schema\/person\/79bd0577b2f3afc8d6519d207c6e8609"},"description":"No todos los fallecidos valen lo mismo: datos reales sobre feminicidios y suicidios en Espa\u00f1a. Cr\u00edtica al sesgo ideol\u00f3gico de las pol\u00edticas","breadcrumb":{"@id":"https:\/\/conversesacatalunya.cat\/es\/no-todos-los-muertos-valen-lo-mismo-feminicidios-suicidios\/#breadcrumb"},"inLanguage":"es","potentialAction":[{"@type":"ReadAction","target":["https:\/\/conversesacatalunya.cat\/es\/no-todos-los-muertos-valen-lo-mismo-feminicidios-suicidios\/"]}]},{"@type":"ImageObject","inLanguage":"es","@id":"https:\/\/conversesacatalunya.cat\/es\/no-todos-los-muertos-valen-lo-mismo-feminicidios-suicidios\/#primaryimage","url":"https:\/\/conversesacatalunya.cat\/wp-content\/uploads\/2025\/12\/suicidi.jpg","contentUrl":"https:\/\/conversesacatalunya.cat\/wp-content\/uploads\/2025\/12\/suicidi.jpg","width":640,"height":427,"caption":"feminicidios suicidios"},{"@type":"BreadcrumbList","@id":"https:\/\/conversesacatalunya.cat\/es\/no-todos-los-muertos-valen-lo-mismo-feminicidios-suicidios\/#breadcrumb","itemListElement":[{"@type":"ListItem","position":1,"name":"Inici","item":"https:\/\/conversesacatalunya.cat\/es\/"},{"@type":"ListItem","position":2,"name":"No todos los muertos valen lo mismo"}]},{"@type":"WebSite","@id":"https:\/\/conversesacatalunya.cat\/#website","url":"https:\/\/conversesacatalunya.cat\/","name":"Converses a Catalunya","description":"","potentialAction":[{"@type":"SearchAction","target":{"@type":"EntryPoint","urlTemplate":"https:\/\/conversesacatalunya.cat\/?s={search_term_string}"},"query-input":{"@type":"PropertyValueSpecification","valueRequired":true,"valueName":"search_term_string"}}],"inLanguage":"es"},{"@type":"Person","@id":"https:\/\/conversesacatalunya.cat\/#\/schema\/person\/79bd0577b2f3afc8d6519d207c6e8609","name":"Enric Casanovas","image":{"@type":"ImageObject","inLanguage":"es","@id":"https:\/\/conversesacatalunya.cat\/#\/schema\/person\/image\/","url":"https:\/\/conversesacatalunya.cat\/wp-content\/litespeed\/avatar\/7ae4379ad4421ec77820e92afd36dd78.jpg?ver=1776769084","contentUrl":"https:\/\/conversesacatalunya.cat\/wp-content\/litespeed\/avatar\/7ae4379ad4421ec77820e92afd36dd78.jpg?ver=1776769084","caption":"Enric Casanovas"},"url":"https:\/\/conversesacatalunya.cat\/es\/author\/enric-casanovas\/"}]}},"wps_subtitle":"El desequilibrio se hace m\u00e1s notable al comparar los feminicidios con otro drama que se extiende silenciosamente: los suicidios.","_links":{"self":[{"href":"https:\/\/conversesacatalunya.cat\/es\/wp-json\/wp\/v2\/posts\/94450","targetHints":{"allow":["GET"]}}],"collection":[{"href":"https:\/\/conversesacatalunya.cat\/es\/wp-json\/wp\/v2\/posts"}],"about":[{"href":"https:\/\/conversesacatalunya.cat\/es\/wp-json\/wp\/v2\/types\/post"}],"author":[{"embeddable":true,"href":"https:\/\/conversesacatalunya.cat\/es\/wp-json\/wp\/v2\/users\/77"}],"replies":[{"embeddable":true,"href":"https:\/\/conversesacatalunya.cat\/es\/wp-json\/wp\/v2\/comments?post=94450"}],"version-history":[{"count":1,"href":"https:\/\/conversesacatalunya.cat\/es\/wp-json\/wp\/v2\/posts\/94450\/revisions"}],"predecessor-version":[{"id":94452,"href":"https:\/\/conversesacatalunya.cat\/es\/wp-json\/wp\/v2\/posts\/94450\/revisions\/94452"}],"wp:featuredmedia":[{"embeddable":true,"href":"https:\/\/conversesacatalunya.cat\/es\/wp-json\/wp\/v2\/media\/94444"}],"wp:attachment":[{"href":"https:\/\/conversesacatalunya.cat\/es\/wp-json\/wp\/v2\/media?parent=94450"}],"wp:term":[{"taxonomy":"category","embeddable":true,"href":"https:\/\/conversesacatalunya.cat\/es\/wp-json\/wp\/v2\/categories?post=94450"},{"taxonomy":"post_tag","embeddable":true,"href":"https:\/\/conversesacatalunya.cat\/es\/wp-json\/wp\/v2\/tags?post=94450"}],"curies":[{"name":"wp","href":"https:\/\/api.w.org\/{rel}","templated":true}]}}