{"id":94421,"date":"2025-12-03T08:35:50","date_gmt":"2025-12-03T07:35:50","guid":{"rendered":"https:\/\/conversesacatalunya.cat\/?p=94421"},"modified":"2025-12-03T06:12:23","modified_gmt":"2025-12-03T05:12:23","slug":"cataluna-todos-los-limites-criticos-superados","status":"publish","type":"post","link":"https:\/\/conversesacatalunya.cat\/es\/cataluna-todos-los-limites-criticos-superados\/","title":{"rendered":"En Catalu\u00f1a todos los l\u00edmites cr\u00edticos han sido superados"},"content":{"rendered":"<p><span dir=\"auto\">Si en<span>\u00a0<\/span><\/span><a href=\"https:\/\/conversesacatalunya.cat\/es\/la-catastrofe-que-anda-espana-y-europa-en-descomposicion\/\" target=\"_blank\" rel=\"noopener\"><span dir=\"auto\">\u201cLa cat\u00e1strofe que anda: Espa\u00f1a y Europa en descomposici\u00f3n\u201d<\/span><\/a>,<span dir=\"auto\"> situ\u00e1bamos el contexto catastr\u00f3fico de Espa\u00f1a y la Uni\u00f3n Europea, hay que situar algunas especificidades relevantes de Catalu\u00f1a, dado que no puede olvidarse que estas se sit\u00faan en el marco descrito para Espa\u00f1a y Europa y no hace otra cosa que se\u00f1alar la mayor gravedad de la situaci\u00f3n catalana.<\/span><\/p>\n<h4><strong><span dir=\"auto\">Recordemos los puntos del art\u00edculo anterior:<\/span><\/strong><\/h4>\n<ol>\n<li><strong><span dir=\"auto\">Asunci\u00f3n de la realidad catastr\u00f3fica.<\/span><\/strong><\/li>\n<\/ol>\n<p><span dir=\"auto\">La crisis no es futura ni hipot\u00e9tica:<span>\u00a0<\/span><\/span><strong><span dir=\"auto\">ya est\u00e1 presente<\/span><\/strong><span dir=\"auto\"><span>\u00a0<\/span>y afecta a Espa\u00f1a, Catalu\u00f1a y buena parte de Europa.<\/span><\/p>\n<ol start=\"2\">\n<li><strong><span dir=\"auto\">Fractura estructural de la Uni\u00f3n Europea.<\/span><\/strong><\/li>\n<\/ol>\n<p><span dir=\"auto\">La UE vive bajo la hegemon\u00eda de la<span>\u00a0<\/span><\/span><strong><span dir=\"auto\">cultura de la desvinculaci\u00f3n,<\/span><\/strong><span dir=\"auto\">\u00a0que erosiona v\u00ednculos sociales, pol\u00edticos e institucionales.<\/span><\/p>\n<ol start=\"3\">\n<li><strong><span dir=\"auto\">Vivienda e inflaci\u00f3n acumulada.<\/span><\/strong><\/li>\n<\/ol>\n<p><span dir=\"auto\">La inflaci\u00f3n acumulada y la vivienda han deteriorado las condiciones de vida, destruyendo la capacidad de disponer de un proyecto de j\u00f3venes.<\/span><\/p>\n<ol start=\"4\">\n<li><strong><span dir=\"auto\">Juventud colapsada por la hipoteca.<\/span><\/strong><\/li>\n<\/ol>\n<p><span dir=\"auto\">Una cuota media equivale al<span>\u00a0<\/span><\/span><strong><span dir=\"auto\">70% del salario real<\/span><\/strong><span dir=\"auto\"><span>\u00a0<\/span>de los j\u00f3venes. Es una imposibilidad vital, no una dificultad.<\/span><\/p>\n<ol start=\"5\">\n<li><strong><span dir=\"auto\">Estado gigantesco, endeudado y caro.<\/span><\/strong><\/li>\n<\/ol>\n<p><span dir=\"auto\">La deuda crece y los<span>\u00a0<\/span><\/span><strong><span dir=\"auto\">intereses<\/span><\/strong><span dir=\"auto\"><span>\u00a0<\/span>son una de las mayores partidas del presupuesto. <\/span><span dir=\"auto\">Los<span>\u00a0<\/span><\/span><strong><span dir=\"auto\">costes de transacci\u00f3n<\/span><\/strong><span dir=\"auto\"><span>\u00a0<\/span>del Estado se hinchan, sobre todo, por el salario p\u00fablico mucho mayor que el privado.<\/span><\/p>\n<ol start=\"6\">\n<li><strong><span dir=\"auto\">Sistema de pensiones insostenible.<\/span><\/strong><\/li>\n<\/ol>\n<p><span dir=\"auto\">La OCDE alerta de que el modelo actual de pensiones es inviable por la indexaci\u00f3n sobre la inflaci\u00f3n, el envejecimiento. Existe un factor de coste adicional creciente en el aumento del gasto sanitario.<\/span><\/p>\n<ol start=\"7\">\n<li><strong><span dir=\"auto\">Inmigraci\u00f3n masiva de baja productividad.<\/span><\/strong><\/li>\n<\/ol>\n<p><span dir=\"auto\">Efectos directos:<\/span><br \/>\n<span dir=\"auto\">&#8211; sube el precio de la vivienda.<\/span><br \/>\n<span dir=\"auto\">&#8211; bajan salarios de los sectores afectados.<\/span><br \/>\n<span dir=\"auto\">&#8211; tensiona sanidad y educaci\u00f3n.<\/span><br \/>\n<span dir=\"auto\">&#8211; impacto pol\u00edtico creciente.<\/span><\/p>\n<div class=\"code-block code-block-6\"><\/div>\n<ol start=\"8\">\n<li><strong><span dir=\"auto\">Infraestructuras en colapso permanente.<\/span><\/strong><\/li>\n<\/ol>\n<p><span dir=\"auto\">La AP-7 y Cercan\u00edas ejemplifican el<span>\u00a0<\/span><\/span><strong><span dir=\"auto\">colapso material,<\/span><\/strong><span dir=\"auto\">\u00a0que incide negativamente en la productividad del pa\u00eds.<\/span><\/p>\n<ol start=\"9\">\n<li><strong><span dir=\"auto\">Europa deriva b\u00e9lica sin estrategia.<\/span><\/strong><\/li>\n<\/ol>\n<p><span dir=\"auto\">Se impulsa una preparaci\u00f3n para la guerra con Rusia sin justificaci\u00f3n estrat\u00e9gica s\u00f3lida. El resultado es mayor gasto del estado.<span>\u00a0<\/span><\/span><strong><span dir=\"auto\">Antonio Costa<\/span><\/strong><span dir=\"auto\"><span>\u00a0<\/span>es el \u00fanico que se\u00f1ala la necesidad de reorientarse.<\/span><\/p>\n<ol start=\"10\">\n<li><strong><span dir=\"auto\">Crisis institucional espa\u00f1ola.<\/span><\/strong><\/li>\n<\/ol>\n<p><span dir=\"auto\">Los tres poderes se enfrentan. No existen presupuestos. El gobierno<span>\u00a0<\/span><\/span><strong><span dir=\"auto\">no gobierna:<\/span><\/strong><span dir=\"auto\"> solo sobrevive.<\/span><\/p>\n<ol start=\"11\">\n<li><strong><span dir=\"auto\">Democracia reducida a ritual.<\/span><\/strong><\/li>\n<\/ol>\n<p><span dir=\"auto\">Los partidos olvidan que la democracia no es un principio sagrado, sino un<span>\u00a0<\/span><\/span><strong><span dir=\"auto\">m\u00e9todo de eficacia<\/span><\/strong><span dir=\"auto\"><span> <\/span>que hoy no funciona.<\/span><\/p>\n<ol start=\"12\">\n<li><strong><span dir=\"auto\">Conclusi\u00f3n: propaganda vs. realidad<\/span><\/strong><\/li>\n<\/ol>\n<p><span dir=\"auto\">El pa\u00eds vive una cat\u00e1strofe real tapada por<span>\u00a0<\/span><\/span><strong><span dir=\"auto\">anuncios y promesas.<\/span><\/strong><span dir=\"auto\">\u00a0La realidad termina siempre imponi\u00e9ndose, y lo har\u00e1 con dureza.<\/span><\/p>\n<h4><strong><span dir=\"auto\"><span class=\"VIpgJd-yAWNEb-VIpgJd-fmcmS-sn54Q\" dir=\"auto\">Si alguna zona del mapa europeo ejemplifica la cat\u00e1strofe con una pureza casi dolorosa, es Catalu\u00f1a.<\/span><\/span><\/strong><\/h4>\n<p><span dir=\"auto\">El pa\u00eds que hab\u00eda sido el eje industrial, cultural y moral de la pen\u00ednsula es hoy un territorio agotado, socialmente fracturado y demogr\u00e1ficamente desbordado.<\/span><\/p>\n<p><span dir=\"auto\">Los indicadores lo anunciaban hace a\u00f1os, pero nadie quiso escucharles. Ahora ya no son se\u00f1ales: son diagn\u00f3sticas.<\/span><\/p>\n<h5><strong><span dir=\"auto\">El retroceso econ\u00f3mico: Madrid supera a Catalu\u00f1a<\/span><\/strong><\/h5>\n<p><span dir=\"auto\">Madrid lleva a\u00f1os pesando m\u00e1s en el PIB espa\u00f1ol que Catalu\u00f1a. Y la distancia crece. Demasiadas inversiones perdidas. Demasiadas empresas que se han marchado. Demasiado ruido pol\u00edtico y demasiado poca gesti\u00f3n. Catalu\u00f1a ha dejado de ser el motor de Espa\u00f1a para convertirse en su r\u00e9mora m\u00e1s preocupante. Las \u00e9lites econ\u00f3micas catalanas han optado m\u00e1s por la rentabilidad inmediata (turismo y derivados) que por proyectos de futuro (industria y tecnolog\u00eda).<\/span><\/p>\n<h5><strong><span dir=\"auto\">La pobreza de los ocupados: un pa\u00eds que trabaja y sigue siendo pobre<\/span><\/strong><\/h5>\n<p><span dir=\"auto\">El informe<span>\u00a0<\/span><\/span><a href=\"https:\/\/conversesacatalunya.cat\/es\/esta-en-decadencia-cataluna-iv-renta-y-desigualdad\/\" target=\"_blank\" rel=\"noopener\"><span dir=\"auto\">FOESA<\/span><\/a><span dir=\"auto\"><span>\u00a0<\/span>es una autopsia social:<span>\u00a0<\/span><\/span><strong><span dir=\"auto\">1,4 millones de trabajadores \u2013el 38%\u2013 viven en precariedad.<\/span><\/strong><span dir=\"auto\"><span>\u00a0<\/span>Y entre los menores de 30 a\u00f1os, la proporci\u00f3n sube hasta el<span>\u00a0<\/span><\/span><strong><span dir=\"auto\">65%.<\/span><\/strong><\/p>\n<p><span dir=\"auto\"><span class=\"VIpgJd-yAWNEb-VIpgJd-fmcmS-sn54Q\" dir=\"auto\">Esto significa que la mayor\u00eda de los j\u00f3venes catalanes trabajan y siguen siendo pobres. El trabajo, que hab\u00eda sido el mecanismo de ascenso social, no garantiza ya nada. Ni la autonom\u00eda econ\u00f3mica. Ni la dignidad adulta. Ni el futuro.<\/span><\/span><\/p>\n<p><span dir=\"auto\">Un 13% de los precarios tiene estudios universitarios. Es la prueba de que la universidad ha dejado de ser puerta de entrada a la prosperidad.<\/span><\/p>\n<h5><strong><span dir=\"auto\">La cohesi\u00f3n social rota<\/span><\/strong><\/h5>\n<p><span dir=\"auto\"><span class=\"VIpgJd-yAWNEb-VIpgJd-fmcmS-sn54Q\" dir=\"auto\">Catalu\u00f1a es hoy una sociedad debilitada, deshilachada. Los servicios p\u00fablicos -sanidad, educaci\u00f3n, transporte- funcionan bajo presi\u00f3n y est\u00e1n desbordados. La vivienda es un muro imposible de escalar. La natalidad es la m\u00e1s baja de toda su historia, mientras que el aborto representa el 40% de los embarazos. Una sociedad sin hijos es una sociedad que ha renunciado a s\u00ed misma.<\/span><\/span><\/p>\n<h5><strong><span dir=\"auto\">Colapso ling\u00fc\u00edstico: la desaparici\u00f3n acelerada del catal\u00e1n<\/span><\/strong><\/h5>\n<p><span dir=\"auto\">El deterioro de la lengua es tan vertiginoso que cuesta aceptarlo con frialdad de analista.<\/span><\/p>\n<p><span dir=\"auto\"><span class=\"VIpgJd-yAWNEb-VIpgJd-fmcmS-sn54Q\" dir=\"auto\">Datos de la Generalitat:<\/span><\/span><br \/>\n<span dir=\"auto\"><span class=\"VIpgJd-yAWNEb-VIpgJd-fmcmS-sn54Q\" dir=\"auto\">&#8211; Solo<span>\u00a0<\/span><\/span><\/span><strong><span dir=\"auto\"><span class=\"VIpgJd-yAWNEb-VIpgJd-fmcmS-sn54Q\" dir=\"auto\">el 26,9%<\/span><\/span><\/strong><span dir=\"auto\"><span class=\"VIpgJd-yAWNEb-VIpgJd-fmcmS-sn54Q\" dir=\"auto\"><span>\u00a0<\/span>de los habitantes de Barcelona tienen el catal\u00e1n como lengua habitual.<\/span><\/span><br \/>\n<span dir=\"auto\"><span class=\"VIpgJd-yAWNEb-VIpgJd-fmcmS-sn54Q\" dir=\"auto\">&#8211; El castellano se impone con<span>\u00a0<\/span><\/span><\/span><strong><span dir=\"auto\"><span class=\"VIpgJd-yAWNEb-VIpgJd-fmcmS-sn54Q\" dir=\"auto\">un 47,3%.<\/span><\/span><\/strong><br \/>\n<span dir=\"auto\"><span class=\"VIpgJd-yAWNEb-VIpgJd-fmcmS-sn54Q\" dir=\"auto\">&#8211; En el \u00e1rea metropolitana, el catal\u00e1n es a\u00fan m\u00e1s minoritario.<\/span><\/span><br \/>\n<span dir=\"auto\"><span class=\"VIpgJd-yAWNEb-VIpgJd-fmcmS-sn54Q\" dir=\"auto\">&#8211; Solo en el Ebro, el Pirineo y la Catalu\u00f1a central se mantiene claramente mayoritario.<\/span><\/span><\/p>\n<p><span dir=\"auto\">El descenso respecto al 2018 es de entre 2 y 3 puntos, pero en el Giron\u00e8s llega a los<span>\u00a0<\/span><\/span><strong><span dir=\"auto\">9 puntos:<\/span><\/strong><span dir=\"auto\"> un estremecimiento demogr\u00e1fico que explica por s\u00ed mismo el futuro ling\u00fc\u00edstico del pa\u00eds.<\/span><\/p>\n<p><strong><span dir=\"auto\"><span class=\"VIpgJd-yAWNEb-VIpgJd-fmcmS-sn54Q\" dir=\"auto\">Nunca, ni en el franquismo, el catal\u00e1n hab\u00eda retrocedido tan r\u00e1pido.<\/span><\/span><\/strong><span dir=\"auto\"><span class=\"VIpgJd-yAWNEb-VIpgJd-fmcmS-sn54Q\" dir=\"auto\"> La escuela, que en teor\u00eda deber\u00eda salvarlo, no puede hacer milagros: una lengua que se reduce a materia escolar y adem\u00e1s no es presentada de forma atractiva no tiene futuro. El catal\u00e1n ha dejado de ser una lengua de progreso social; hemos retrocedido al siglo XIX en este sentido.<\/span><\/span><\/p>\n<p><span dir=\"auto\">Si nada cambia, en poco m\u00e1s de una d\u00e9cada<span>\u00a0<\/span><\/span><strong><span dir=\"auto\">la lengua habitual de Catalu\u00f1a ser\u00e1 el castellano.<\/span><\/strong><span dir=\"auto\">\u00a0Y con la lengua -que es estructura moral y sustancia hist\u00f3rica- se perder\u00e1 tambi\u00e9n el pa\u00eds.<\/span><\/p>\n<h5><strong><span dir=\"auto\">Un territorio saturado y un gobierno extenuado<\/span><\/strong><\/h5>\n<p><span dir=\"auto\">Catalu\u00f1a no solo pierde cohesi\u00f3n; pierde gobernabilidad. Ha pasado de 6 a 8 millones de habitantes en un tiempo r\u00e9cord, pero el<span>\u00a0<\/span><\/span><strong><span dir=\"auto\">presupuesto social no ha crecido en la misma proporci\u00f3n.<\/span><\/strong><\/p>\n<p><span dir=\"auto\"><span class=\"VIpgJd-yAWNEb-VIpgJd-fmcmS-sn54Q\" dir=\"auto\">Es un pa\u00eds que ha perdido el control de su propio destino, porque no tiene un modelo propio con el que cumplir. El<span>\u00a0<\/span><\/span><\/span><a href=\"https:\/\/conversesacatalunya.cat\/es\/legado-pujol-lo-que-queda-cuando-se-desvanece-el-ruido-politico\/\" target=\"_blank\" rel=\"noopener\"><span dir=\"auto\"><span class=\"VIpgJd-yAWNEb-VIpgJd-fmcmS-sn54Q\" dir=\"auto\">legado de Pujol<\/span><\/span><\/a><span dir=\"auto\"><span class=\"VIpgJd-yAWNEb-VIpgJd-fmcmS-sn54Q\" dir=\"auto\"><span>\u00a0<\/span>est\u00e1 desaparecido, y ning\u00fan otro lo ha sustituido La dimensi\u00f3n extrema de la p\u00e9rdida es un gobierno monocolor de la Generalitat, de un partido que depende de su central en Madrid, que no puede reconocer el grado de cat\u00e1strofe que nos afecta tras siete a\u00f1os de gobierno socialista en Espa\u00f1a y sobreact\u00faa con t\u00edtulos de planes y programas, sobreact\u00faa tanto, que llama al ej\u00e9rcito (la UME) y a la Guardia Civil (SEPRONA) para controlar la<span>\u00a0<\/span><\/span><\/span><span dir=\"auto\"><span class=\"VIpgJd-yAWNEb-VIpgJd-fmcmS-sn54Q\" dir=\"auto\"><a href=\"https:\/\/conversesacatalunya.cat\/es\/peste-porcina-africana-cataluna-entre-el-rigor-sanitario-y-la-histeria-politica\/\" target=\"_blank\" rel=\"noopener\">Peste Porcina Africana<\/a>.<\/span><\/span><\/p>\n<h5><strong><span dir=\"auto\">El triple eje de la cat\u00e1strofe catalana<\/span><\/strong><\/h5>\n<ol>\n<li><strong><span dir=\"auto\">Lengua y cultura:<\/span><\/strong><span dir=\"auto\">\u00a0en retroceso acelerado y sin modelo de integraci\u00f3n real.<\/span><\/li>\n<li><span dir=\"auto\"><span class=\"VIpgJd-yAWNEb-VIpgJd-fmcmS-sn54Q\" dir=\"auto\"><b>Vivienda:<\/b> un muro que expulsa a j\u00f3venes y familias a la periferia de una vida interrumpida.<\/span><\/span><\/li>\n<li><span dir=\"auto\"><b>Natalidad:<\/b> la m\u00e1s baja de la historia, con una sociedad que aborta m\u00e1s que engendra.<\/span><\/li>\n<\/ol>\n<p><span dir=\"auto\">Este tri\u00e1ngulo es mortal para cualquier naci\u00f3n.<\/span><\/p>\n<h5><strong><span dir=\"auto\">El final de un ciclo hist\u00f3rico<\/span><\/strong><\/h5>\n<p><span dir=\"auto\"><span class=\"VIpgJd-yAWNEb-VIpgJd-fmcmS-sn54Q\" dir=\"auto\">Catalu\u00f1a hab\u00eda sido una sociedad cohesionada, emprendedora, capaz de construirse y reconstruirse. Hoy es un pa\u00eds fragmentado, empobrecido, desorientado y demogr\u00e1ficamente desbordado. Es el final de un ciclo. El final de una forma de estar en el mundo.<\/span><\/span><\/p>\n<p><span dir=\"auto\">Pero todav\u00eda no es \u2014todav\u00eda\u2014 el fin del pa\u00eds. La pesadilla solo es irreparable si nadie quiere despertarse.<\/span><\/p>\n<span class='bctt-click-to-tweet'><span class='bctt-ctt-text'><a href='https:\/\/twitter.com\/intent\/tweet?url=https%3A%2F%2Fconversesacatalunya.cat%2Fes%2Fcataluna-todos-los-limites-criticos-superados%2F&#038;text=Los%20tres%20grandes%20males%20catalanes%20son%20lengua%2C%20vivienda%20y%20natalidad%3A%20un%20tri%C3%A1ngulo%20letal.&#038;via=conversesacat&#038;related=conversesacat' target='_blank'rel=\"noopener noreferrer\">Los tres grandes males catalanes son lengua, vivienda y natalidad: un tri\u00e1ngulo letal. <\/a><\/span><a href='https:\/\/twitter.com\/intent\/tweet?url=https%3A%2F%2Fconversesacatalunya.cat%2Fes%2Fcataluna-todos-los-limites-criticos-superados%2F&#038;text=Los%20tres%20grandes%20males%20catalanes%20son%20lengua%2C%20vivienda%20y%20natalidad%3A%20un%20tri%C3%A1ngulo%20letal.&#038;via=conversesacat&#038;related=conversesacat' target='_blank' class='bctt-ctt-btn'rel=\"noopener noreferrer\">Compartir en X<\/a><\/span>\n<div id=\"polls-306\" class=\"wp-polls\">\n\t<form id=\"polls_form_306\" class=\"wp-polls-form\" action=\"\/index.php\" method=\"post\">\n\t\t<p style=\"display: none;\"><input type=\"hidden\" id=\"poll_306_nonce\" name=\"wp-polls-nonce\" value=\"f3beb19288\" \/><\/p>\n\t\t<p style=\"display: none;\"><input type=\"hidden\" name=\"poll_id\" value=\"306\" \/><\/p>\n\t\t<p style=\"text-align: center\"><strong>Collboni governa amb 10 dels 41 regidors del Ple. Creus que en la seva forma de procedir representa i actua d'acord amb els interessos i necessitats de la gent de Barcelona?<\/strong><\/p><div id=\"polls-306-ans\" class=\"wp-polls-ans\"><ul class=\"wp-polls-ul\">\n\t\t<li><input type=\"radio\" id=\"poll-answer-875\" name=\"poll_306\" value=\"875\" \/> <label for=\"poll-answer-875\">S\u00ed<\/label><\/li>\n\t\t<li><input type=\"radio\" id=\"poll-answer-876\" name=\"poll_306\" value=\"876\" \/> <label for=\"poll-answer-876\">No<\/label><\/li>\n\t\t<li><input type=\"radio\" id=\"poll-answer-877\" name=\"poll_306\" value=\"877\" \/> <label for=\"poll-answer-877\">No ho s\u00e9<\/label><\/li>\n\t\t<\/ul><p style=\"text-align: center\"><input type=\"button\" name=\"vote\" value=\"   Vota   \" class=\"Buttons\" onclick=\"poll_vote(306);\" \/><\/p><p style=\"text-align: center\"><a href=\"#ViewPollResults\" onclick=\"poll_result(306); return false;\" title=\"View Results Of This Poll\">Mira els resultats<\/a><\/p><\/div>\n\t<\/form>\n<\/div>\n<div id=\"polls-306-loading\" class=\"wp-polls-loading\"><img decoding=\"async\" data-src=\"https:\/\/conversesacatalunya.cat\/wp-content\/plugins\/wp-polls\/images\/loading.gif\" width=\"16\" height=\"16\" alt=\"Cargando ...\" title=\"Cargando ...\" class=\"wp-polls-image lazyload\" src=\"data:image\/svg+xml;base64,PHN2ZyB3aWR0aD0iMSIgaGVpZ2h0PSIxIiB4bWxucz0iaHR0cDovL3d3dy53My5vcmcvMjAwMC9zdmciPjwvc3ZnPg==\" style=\"--smush-placeholder-width: 16px; --smush-placeholder-aspect-ratio: 16\/16;\" \/>&nbsp;Cargando ...<\/div>\n\n","protected":false},"excerpt":{"rendered":"<p>Si en\u00a0\u201cLa cat\u00e1strofe que anda: Espa\u00f1a y Europa en descomposici\u00f3n\u201d, situ\u00e1bamos el contexto catastr\u00f3fico de Espa\u00f1a y la Uni\u00f3n Europea, hay que situar algunas especificidades relevantes de Catalu\u00f1a, dado que no puede olvidarse que estas se sit\u00faan en el marco descrito para Espa\u00f1a y Europa y no hace otra cosa que se\u00f1alar la mayor gravedad de la situaci\u00f3n catalana. Recordemos los puntos del art\u00edculo anterior: Asunci\u00f3n de la realidad catastr\u00f3fica. La crisis no es futura ni hipot\u00e9tica:\u00a0ya est\u00e1 presente\u00a0y afecta a Espa\u00f1a, Catalu\u00f1a y buena parte de Europa. Fractura estructural de la Uni\u00f3n Europea. La UE vive bajo la hegemon\u00eda de la\u00a0cultura de la desvinculaci\u00f3n,\u00a0que erosiona v\u00ednculos sociales, pol\u00edticos e institucionales. Vivienda e inflaci\u00f3n acumulada. La inflaci\u00f3n acumulada y la vivienda han deteriorado las condiciones de vida, destruyendo la capacidad de disponer de un proyecto de j\u00f3venes. Juventud colapsada por la hipoteca. Una cuota media equivale al\u00a070% del salario real\u00a0de los j\u00f3venes. Es una imposibilidad vital, no una dificultad. Estado gigantesco, endeudado y caro. La deuda crece y los\u00a0intereses\u00a0son una de las mayores partidas del presupuesto. Los\u00a0costes de transacci\u00f3n\u00a0del Estado se hinchan, sobre todo, por el salario p\u00fablico mucho mayor que el privado. Sistema de pensiones insostenible. La OCDE alerta de que el modelo actual de pensiones es inviable por la indexaci\u00f3n sobre la inflaci\u00f3n, el envejecimiento. Existe un factor de coste adicional creciente en el aumento del gasto sanitario. Inmigraci\u00f3n masiva de baja productividad. Efectos directos: &#8211; sube el precio de la vivienda. &#8211; bajan salarios de los sectores afectados. &#8211; tensiona sanidad y educaci\u00f3n. &#8211; impacto pol\u00edtico creciente. Infraestructuras en colapso permanente. La AP-7 y Cercan\u00edas ejemplifican el\u00a0colapso material,\u00a0que incide negativamente en la productividad del pa\u00eds. Europa deriva b\u00e9lica sin estrategia. Se impulsa una preparaci\u00f3n para la guerra con Rusia sin justificaci\u00f3n estrat\u00e9gica s\u00f3lida. El resultado es mayor gasto del estado.\u00a0Antonio Costa\u00a0es el \u00fanico que se\u00f1ala la necesidad de reorientarse. Crisis institucional espa\u00f1ola. Los tres poderes se enfrentan. No existen presupuestos. El gobierno\u00a0no gobierna: solo sobrevive. Democracia reducida a ritual. Los partidos olvidan que la democracia no es un principio sagrado, sino un\u00a0m\u00e9todo de eficacia que hoy no funciona. Conclusi\u00f3n: propaganda vs. realidad El pa\u00eds vive una cat\u00e1strofe real tapada por\u00a0anuncios y promesas.\u00a0La realidad termina siempre imponi\u00e9ndose, y lo har\u00e1 con dureza. Si alguna zona del mapa europeo ejemplifica la cat\u00e1strofe con una pureza casi dolorosa, es Catalu\u00f1a. El pa\u00eds que hab\u00eda sido el eje industrial, cultural y moral de la pen\u00ednsula es hoy un territorio agotado, socialmente fracturado y demogr\u00e1ficamente desbordado. Los indicadores lo anunciaban hace a\u00f1os, pero nadie quiso escucharles. Ahora ya no son se\u00f1ales: son diagn\u00f3sticas. El retroceso econ\u00f3mico: Madrid supera a Catalu\u00f1a Madrid lleva a\u00f1os pesando m\u00e1s en el PIB espa\u00f1ol que Catalu\u00f1a. Y la distancia crece. Demasiadas inversiones perdidas. Demasiadas empresas que se han marchado. Demasiado ruido pol\u00edtico y demasiado poca gesti\u00f3n. Catalu\u00f1a ha dejado de ser el motor de Espa\u00f1a para convertirse en su r\u00e9mora m\u00e1s preocupante. Las \u00e9lites econ\u00f3micas catalanas han optado m\u00e1s por la rentabilidad inmediata (turismo y derivados) que por proyectos de futuro (industria y tecnolog\u00eda). La pobreza de los ocupados: un pa\u00eds que trabaja y sigue siendo pobre El informe\u00a0FOESA\u00a0es una autopsia social:\u00a01,4 millones de trabajadores \u2013el 38%\u2013 viven en precariedad.\u00a0Y entre los menores de 30 a\u00f1os, la proporci\u00f3n sube hasta el\u00a065%. Esto significa que la mayor\u00eda de los j\u00f3venes catalanes trabajan y siguen siendo pobres. El trabajo, que hab\u00eda sido el mecanismo de ascenso social, no garantiza ya nada. Ni la autonom\u00eda econ\u00f3mica. Ni la dignidad adulta. Ni el futuro. Un 13% de los precarios tiene estudios universitarios. Es la prueba de que la universidad ha dejado de ser puerta de entrada a la prosperidad. La cohesi\u00f3n social rota Catalu\u00f1a es hoy una sociedad debilitada, deshilachada. Los servicios p\u00fablicos -sanidad, educaci\u00f3n, transporte- funcionan bajo presi\u00f3n y est\u00e1n desbordados. La vivienda es un muro imposible de escalar. La natalidad es la m\u00e1s baja de toda su historia, mientras que el aborto representa el 40% de los embarazos. Una sociedad sin hijos es una sociedad que ha renunciado a s\u00ed misma. Colapso ling\u00fc\u00edstico: la desaparici\u00f3n acelerada del catal\u00e1n El deterioro de la lengua es tan vertiginoso que cuesta aceptarlo con frialdad de analista. Datos de la Generalitat: &#8211; Solo\u00a0el 26,9%\u00a0de los habitantes de Barcelona tienen el catal\u00e1n como lengua habitual. &#8211; El castellano se impone con\u00a0un 47,3%. &#8211; En el \u00e1rea metropolitana, el catal\u00e1n es a\u00fan m\u00e1s minoritario. &#8211; Solo en el Ebro, el Pirineo y la Catalu\u00f1a central se mantiene claramente mayoritario. El descenso respecto al 2018 es de entre 2 y 3 puntos, pero en el Giron\u00e8s llega a los\u00a09 puntos: un estremecimiento demogr\u00e1fico que explica por s\u00ed mismo el futuro ling\u00fc\u00edstico del pa\u00eds. Nunca, ni en el franquismo, el catal\u00e1n hab\u00eda retrocedido tan r\u00e1pido. La escuela, que en teor\u00eda deber\u00eda salvarlo, no puede hacer milagros: una lengua que se reduce a materia escolar y adem\u00e1s no es presentada de forma atractiva no tiene futuro. El catal\u00e1n ha dejado de ser una lengua de progreso social; hemos retrocedido al siglo XIX en este sentido. Si nada cambia, en poco m\u00e1s de una d\u00e9cada\u00a0la lengua habitual de Catalu\u00f1a ser\u00e1 el castellano.\u00a0Y con la lengua -que es estructura moral y sustancia hist\u00f3rica- se perder\u00e1 tambi\u00e9n el pa\u00eds. Un territorio saturado y un gobierno extenuado Catalu\u00f1a no solo pierde cohesi\u00f3n; pierde gobernabilidad. Ha pasado de 6 a 8 millones de habitantes en un tiempo r\u00e9cord, pero el\u00a0presupuesto social no ha crecido en la misma proporci\u00f3n. Es un pa\u00eds que ha perdido el control de su propio destino, porque no tiene un modelo propio con el que cumplir. El\u00a0legado de Pujol\u00a0est\u00e1 desaparecido, y ning\u00fan otro lo ha sustituido La dimensi\u00f3n extrema de la p\u00e9rdida es un gobierno monocolor de la Generalitat, de un partido que depende de su central en Madrid, que no puede reconocer el grado de cat\u00e1strofe que nos afecta tras siete a\u00f1os de gobierno socialista en Espa\u00f1a y sobreact\u00faa con t\u00edtulos de planes y programas, sobreact\u00faa tanto, que llama al ej\u00e9rcito (la UME) y a la Guardia&#8230;<\/p>\n","protected":false},"author":80,"featured_media":94419,"comment_status":"open","ping_status":"open","sticky":false,"template":"","format":"standard","meta":{"_FSMCFIC_featured_image_caption":"","_FSMCFIC_featured_image_nocaption":"","_FSMCFIC_featured_image_hide":"","footnotes":""},"categories":[806],"tags":[865,845,4686,4685],"class_list":["post-94421","post","type-post","status-publish","format-standard","has-post-thumbnail","hentry","category-punts-claus-del-dia-es","tag-cataluna","tag-catalunya-es","tag-decadencia-cataluna","tag-decadencia-catalunya-es"],"yoast_head":"<!-- This site is optimized with the Yoast SEO plugin v26.8 - https:\/\/yoast.com\/product\/yoast-seo-wordpress\/ -->\n<title>En Catalu\u00f1a todos los l\u00edmites cr\u00edticos han sido superados - Converses a Catalunya<\/title>\n<meta name=\"description\" content=\"Radiograf\u00eda de la cat\u00e1strofe catalana: pobreza creciente, vivienda inaccesible, retroceso del catal\u00e1n y un modelo social que se rompe.\" \/>\n<meta name=\"robots\" content=\"index, follow, max-snippet:-1, max-image-preview:large, max-video-preview:-1\" \/>\n<link rel=\"canonical\" href=\"https:\/\/conversesacatalunya.cat\/catalunya-tots-el-limits-critics-superats\/\" \/>\n<meta property=\"og:locale\" content=\"es_ES\" \/>\n<meta property=\"og:type\" content=\"article\" \/>\n<meta property=\"og:title\" content=\"En Catalu\u00f1a todos los l\u00edmites cr\u00edticos han sido superados - Converses a Catalunya\" \/>\n<meta property=\"og:description\" content=\"Radiograf\u00eda de la cat\u00e1strofe catalana: pobreza creciente, vivienda inaccesible, retroceso del catal\u00e1n y un modelo social que se rompe.\" \/>\n<meta property=\"og:url\" content=\"https:\/\/conversesacatalunya.cat\/catalunya-tots-el-limits-critics-superats\/\" \/>\n<meta property=\"og:site_name\" content=\"Converses a Catalunya\" \/>\n<meta property=\"article:published_time\" content=\"2025-12-03T07:35:50+00:00\" \/>\n<meta property=\"og:image\" content=\"https:\/\/conversesacatalunya.cat\/wp-content\/uploads\/2025\/12\/barcelona-4275008_640.jpg\" \/>\n\t<meta property=\"og:image:width\" content=\"640\" \/>\n\t<meta property=\"og:image:height\" content=\"427\" \/>\n\t<meta property=\"og:image:type\" content=\"image\/jpeg\" \/>\n<meta name=\"author\" content=\"N\u00faria Freixa\" \/>\n<meta name=\"twitter:card\" content=\"summary_large_image\" \/>\n<meta name=\"twitter:label1\" content=\"Escrito por\" \/>\n\t<meta name=\"twitter:data1\" content=\"N\u00faria Freixa\" \/>\n\t<meta name=\"twitter:label2\" content=\"Tiempo de lectura\" \/>\n\t<meta name=\"twitter:data2\" content=\"7 minutos\" \/>\n<script type=\"application\/ld+json\" class=\"yoast-schema-graph\">{\"@context\":\"https:\/\/schema.org\",\"@graph\":[{\"@type\":\"Article\",\"@id\":\"https:\/\/conversesacatalunya.cat\/catalunya-tots-el-limits-critics-superats\/#article\",\"isPartOf\":{\"@id\":\"https:\/\/conversesacatalunya.cat\/catalunya-tots-el-limits-critics-superats\/\"},\"author\":{\"name\":\"N\u00faria Freixa\",\"@id\":\"https:\/\/conversesacatalunya.cat\/#\/schema\/person\/b734752c25b328c819a407cbea568c1f\"},\"headline\":\"En Catalu\u00f1a todos los l\u00edmites cr\u00edticos han sido superados\",\"datePublished\":\"2025-12-03T07:35:50+00:00\",\"mainEntityOfPage\":{\"@id\":\"https:\/\/conversesacatalunya.cat\/catalunya-tots-el-limits-critics-superats\/\"},\"wordCount\":1318,\"commentCount\":0,\"image\":{\"@id\":\"https:\/\/conversesacatalunya.cat\/catalunya-tots-el-limits-critics-superats\/#primaryimage\"},\"thumbnailUrl\":\"https:\/\/conversesacatalunya.cat\/wp-content\/uploads\/2025\/12\/barcelona-4275008_640.jpg\",\"keywords\":[\"Catalu\u00f1a\",\"Catalunya\",\"decadencia catalu\u00f1a\",\"decad\u00e8ncia catalunya\"],\"articleSection\":[\"Punts clau del dia (ES)\"],\"inLanguage\":\"es\",\"potentialAction\":[{\"@type\":\"CommentAction\",\"name\":\"Comment\",\"target\":[\"https:\/\/conversesacatalunya.cat\/catalunya-tots-el-limits-critics-superats\/#respond\"]}]},{\"@type\":\"WebPage\",\"@id\":\"https:\/\/conversesacatalunya.cat\/catalunya-tots-el-limits-critics-superats\/\",\"url\":\"https:\/\/conversesacatalunya.cat\/catalunya-tots-el-limits-critics-superats\/\",\"name\":\"En Catalu\u00f1a todos los l\u00edmites cr\u00edticos han sido superados - Converses a Catalunya\",\"isPartOf\":{\"@id\":\"https:\/\/conversesacatalunya.cat\/#website\"},\"primaryImageOfPage\":{\"@id\":\"https:\/\/conversesacatalunya.cat\/catalunya-tots-el-limits-critics-superats\/#primaryimage\"},\"image\":{\"@id\":\"https:\/\/conversesacatalunya.cat\/catalunya-tots-el-limits-critics-superats\/#primaryimage\"},\"thumbnailUrl\":\"https:\/\/conversesacatalunya.cat\/wp-content\/uploads\/2025\/12\/barcelona-4275008_640.jpg\",\"datePublished\":\"2025-12-03T07:35:50+00:00\",\"author\":{\"@id\":\"https:\/\/conversesacatalunya.cat\/#\/schema\/person\/b734752c25b328c819a407cbea568c1f\"},\"description\":\"Radiograf\u00eda de la cat\u00e1strofe catalana: pobreza creciente, vivienda inaccesible, retroceso del catal\u00e1n y un modelo social que se rompe.\",\"breadcrumb\":{\"@id\":\"https:\/\/conversesacatalunya.cat\/catalunya-tots-el-limits-critics-superats\/#breadcrumb\"},\"inLanguage\":\"es\",\"potentialAction\":[{\"@type\":\"ReadAction\",\"target\":[\"https:\/\/conversesacatalunya.cat\/catalunya-tots-el-limits-critics-superats\/\"]}]},{\"@type\":\"ImageObject\",\"inLanguage\":\"es\",\"@id\":\"https:\/\/conversesacatalunya.cat\/catalunya-tots-el-limits-critics-superats\/#primaryimage\",\"url\":\"https:\/\/conversesacatalunya.cat\/wp-content\/uploads\/2025\/12\/barcelona-4275008_640.jpg\",\"contentUrl\":\"https:\/\/conversesacatalunya.cat\/wp-content\/uploads\/2025\/12\/barcelona-4275008_640.jpg\",\"width\":640,\"height\":427,\"caption\":\"cat\u00e1strofe catalana\"},{\"@type\":\"BreadcrumbList\",\"@id\":\"https:\/\/conversesacatalunya.cat\/catalunya-tots-el-limits-critics-superats\/#breadcrumb\",\"itemListElement\":[{\"@type\":\"ListItem\",\"position\":1,\"name\":\"Inici\",\"item\":\"https:\/\/conversesacatalunya.cat\/es\/\"},{\"@type\":\"ListItem\",\"position\":2,\"name\":\"En Catalu\u00f1a todos los l\u00edmites cr\u00edticos han sido superados\"}]},{\"@type\":\"WebSite\",\"@id\":\"https:\/\/conversesacatalunya.cat\/#website\",\"url\":\"https:\/\/conversesacatalunya.cat\/\",\"name\":\"Converses a Catalunya\",\"description\":\"\",\"potentialAction\":[{\"@type\":\"SearchAction\",\"target\":{\"@type\":\"EntryPoint\",\"urlTemplate\":\"https:\/\/conversesacatalunya.cat\/?s={search_term_string}\"},\"query-input\":{\"@type\":\"PropertyValueSpecification\",\"valueRequired\":true,\"valueName\":\"search_term_string\"}}],\"inLanguage\":\"es\"},{\"@type\":\"Person\",\"@id\":\"https:\/\/conversesacatalunya.cat\/#\/schema\/person\/b734752c25b328c819a407cbea568c1f\",\"name\":\"N\u00faria Freixa\",\"image\":{\"@type\":\"ImageObject\",\"inLanguage\":\"es\",\"@id\":\"https:\/\/conversesacatalunya.cat\/#\/schema\/person\/image\/\",\"url\":\"https:\/\/conversesacatalunya.cat\/wp-content\/litespeed\/avatar\/c3686e387186fed249338fe04729c597.jpg?ver=1776684241\",\"contentUrl\":\"https:\/\/conversesacatalunya.cat\/wp-content\/litespeed\/avatar\/c3686e387186fed249338fe04729c597.jpg?ver=1776684241\",\"caption\":\"N\u00faria Freixa\"},\"url\":\"https:\/\/conversesacatalunya.cat\/es\/author\/nuria_freixa\/\"}]}<\/script>\n<!-- \/ Yoast SEO plugin. -->","yoast_head_json":{"title":"En Catalu\u00f1a todos los l\u00edmites cr\u00edticos han sido superados - Converses a Catalunya","description":"Radiograf\u00eda de la cat\u00e1strofe catalana: pobreza creciente, vivienda inaccesible, retroceso del catal\u00e1n y un modelo social que se rompe.","robots":{"index":"index","follow":"follow","max-snippet":"max-snippet:-1","max-image-preview":"max-image-preview:large","max-video-preview":"max-video-preview:-1"},"canonical":"https:\/\/conversesacatalunya.cat\/catalunya-tots-el-limits-critics-superats\/","og_locale":"es_ES","og_type":"article","og_title":"En Catalu\u00f1a todos los l\u00edmites cr\u00edticos han sido superados - Converses a Catalunya","og_description":"Radiograf\u00eda de la cat\u00e1strofe catalana: pobreza creciente, vivienda inaccesible, retroceso del catal\u00e1n y un modelo social que se rompe.","og_url":"https:\/\/conversesacatalunya.cat\/catalunya-tots-el-limits-critics-superats\/","og_site_name":"Converses a Catalunya","article_published_time":"2025-12-03T07:35:50+00:00","og_image":[{"width":640,"height":427,"url":"https:\/\/conversesacatalunya.cat\/wp-content\/uploads\/2025\/12\/barcelona-4275008_640.jpg","type":"image\/jpeg"}],"author":"N\u00faria Freixa","twitter_card":"summary_large_image","twitter_misc":{"Escrito por":"N\u00faria Freixa","Tiempo de lectura":"7 minutos"},"schema":{"@context":"https:\/\/schema.org","@graph":[{"@type":"Article","@id":"https:\/\/conversesacatalunya.cat\/catalunya-tots-el-limits-critics-superats\/#article","isPartOf":{"@id":"https:\/\/conversesacatalunya.cat\/catalunya-tots-el-limits-critics-superats\/"},"author":{"name":"N\u00faria Freixa","@id":"https:\/\/conversesacatalunya.cat\/#\/schema\/person\/b734752c25b328c819a407cbea568c1f"},"headline":"En Catalu\u00f1a todos los l\u00edmites cr\u00edticos han sido superados","datePublished":"2025-12-03T07:35:50+00:00","mainEntityOfPage":{"@id":"https:\/\/conversesacatalunya.cat\/catalunya-tots-el-limits-critics-superats\/"},"wordCount":1318,"commentCount":0,"image":{"@id":"https:\/\/conversesacatalunya.cat\/catalunya-tots-el-limits-critics-superats\/#primaryimage"},"thumbnailUrl":"https:\/\/conversesacatalunya.cat\/wp-content\/uploads\/2025\/12\/barcelona-4275008_640.jpg","keywords":["Catalu\u00f1a","Catalunya","decadencia catalu\u00f1a","decad\u00e8ncia catalunya"],"articleSection":["Punts clau del dia (ES)"],"inLanguage":"es","potentialAction":[{"@type":"CommentAction","name":"Comment","target":["https:\/\/conversesacatalunya.cat\/catalunya-tots-el-limits-critics-superats\/#respond"]}]},{"@type":"WebPage","@id":"https:\/\/conversesacatalunya.cat\/catalunya-tots-el-limits-critics-superats\/","url":"https:\/\/conversesacatalunya.cat\/catalunya-tots-el-limits-critics-superats\/","name":"En Catalu\u00f1a todos los l\u00edmites cr\u00edticos han sido superados - Converses a Catalunya","isPartOf":{"@id":"https:\/\/conversesacatalunya.cat\/#website"},"primaryImageOfPage":{"@id":"https:\/\/conversesacatalunya.cat\/catalunya-tots-el-limits-critics-superats\/#primaryimage"},"image":{"@id":"https:\/\/conversesacatalunya.cat\/catalunya-tots-el-limits-critics-superats\/#primaryimage"},"thumbnailUrl":"https:\/\/conversesacatalunya.cat\/wp-content\/uploads\/2025\/12\/barcelona-4275008_640.jpg","datePublished":"2025-12-03T07:35:50+00:00","author":{"@id":"https:\/\/conversesacatalunya.cat\/#\/schema\/person\/b734752c25b328c819a407cbea568c1f"},"description":"Radiograf\u00eda de la cat\u00e1strofe catalana: pobreza creciente, vivienda inaccesible, retroceso del catal\u00e1n y un modelo social que se rompe.","breadcrumb":{"@id":"https:\/\/conversesacatalunya.cat\/catalunya-tots-el-limits-critics-superats\/#breadcrumb"},"inLanguage":"es","potentialAction":[{"@type":"ReadAction","target":["https:\/\/conversesacatalunya.cat\/catalunya-tots-el-limits-critics-superats\/"]}]},{"@type":"ImageObject","inLanguage":"es","@id":"https:\/\/conversesacatalunya.cat\/catalunya-tots-el-limits-critics-superats\/#primaryimage","url":"https:\/\/conversesacatalunya.cat\/wp-content\/uploads\/2025\/12\/barcelona-4275008_640.jpg","contentUrl":"https:\/\/conversesacatalunya.cat\/wp-content\/uploads\/2025\/12\/barcelona-4275008_640.jpg","width":640,"height":427,"caption":"cat\u00e1strofe catalana"},{"@type":"BreadcrumbList","@id":"https:\/\/conversesacatalunya.cat\/catalunya-tots-el-limits-critics-superats\/#breadcrumb","itemListElement":[{"@type":"ListItem","position":1,"name":"Inici","item":"https:\/\/conversesacatalunya.cat\/es\/"},{"@type":"ListItem","position":2,"name":"En Catalu\u00f1a todos los l\u00edmites cr\u00edticos han sido superados"}]},{"@type":"WebSite","@id":"https:\/\/conversesacatalunya.cat\/#website","url":"https:\/\/conversesacatalunya.cat\/","name":"Converses a Catalunya","description":"","potentialAction":[{"@type":"SearchAction","target":{"@type":"EntryPoint","urlTemplate":"https:\/\/conversesacatalunya.cat\/?s={search_term_string}"},"query-input":{"@type":"PropertyValueSpecification","valueRequired":true,"valueName":"search_term_string"}}],"inLanguage":"es"},{"@type":"Person","@id":"https:\/\/conversesacatalunya.cat\/#\/schema\/person\/b734752c25b328c819a407cbea568c1f","name":"N\u00faria Freixa","image":{"@type":"ImageObject","inLanguage":"es","@id":"https:\/\/conversesacatalunya.cat\/#\/schema\/person\/image\/","url":"https:\/\/conversesacatalunya.cat\/wp-content\/litespeed\/avatar\/c3686e387186fed249338fe04729c597.jpg?ver=1776684241","contentUrl":"https:\/\/conversesacatalunya.cat\/wp-content\/litespeed\/avatar\/c3686e387186fed249338fe04729c597.jpg?ver=1776684241","caption":"N\u00faria Freixa"},"url":"https:\/\/conversesacatalunya.cat\/es\/author\/nuria_freixa\/"}]}},"wps_subtitle":"Si nada cambia, en poco m\u00e1s de una d\u00e9cada\u00a0la lengua habitual de Catalu\u00f1a ser\u00e1 el castellano.","_links":{"self":[{"href":"https:\/\/conversesacatalunya.cat\/es\/wp-json\/wp\/v2\/posts\/94421","targetHints":{"allow":["GET"]}}],"collection":[{"href":"https:\/\/conversesacatalunya.cat\/es\/wp-json\/wp\/v2\/posts"}],"about":[{"href":"https:\/\/conversesacatalunya.cat\/es\/wp-json\/wp\/v2\/types\/post"}],"author":[{"embeddable":true,"href":"https:\/\/conversesacatalunya.cat\/es\/wp-json\/wp\/v2\/users\/80"}],"replies":[{"embeddable":true,"href":"https:\/\/conversesacatalunya.cat\/es\/wp-json\/wp\/v2\/comments?post=94421"}],"version-history":[{"count":9,"href":"https:\/\/conversesacatalunya.cat\/es\/wp-json\/wp\/v2\/posts\/94421\/revisions"}],"predecessor-version":[{"id":94433,"href":"https:\/\/conversesacatalunya.cat\/es\/wp-json\/wp\/v2\/posts\/94421\/revisions\/94433"}],"wp:featuredmedia":[{"embeddable":true,"href":"https:\/\/conversesacatalunya.cat\/es\/wp-json\/wp\/v2\/media\/94419"}],"wp:attachment":[{"href":"https:\/\/conversesacatalunya.cat\/es\/wp-json\/wp\/v2\/media?parent=94421"}],"wp:term":[{"taxonomy":"category","embeddable":true,"href":"https:\/\/conversesacatalunya.cat\/es\/wp-json\/wp\/v2\/categories?post=94421"},{"taxonomy":"post_tag","embeddable":true,"href":"https:\/\/conversesacatalunya.cat\/es\/wp-json\/wp\/v2\/tags?post=94421"}],"curies":[{"name":"wp","href":"https:\/\/api.w.org\/{rel}","templated":true}]}}