{"id":94105,"date":"2025-11-24T09:00:23","date_gmt":"2025-11-24T08:00:23","guid":{"rendered":"https:\/\/conversesacatalunya.cat\/?p=94105"},"modified":"2025-11-24T12:11:27","modified_gmt":"2025-11-24T11:11:27","slug":"alemania-lanza-estrategia-espacial","status":"publish","type":"post","link":"https:\/\/conversesacatalunya.cat\/es\/alemania-lanza-estrategia-espacial\/","title":{"rendered":"Alemania lanza su propia estrategia espacial"},"content":{"rendered":"<p><span dir=\"auto\">El gobierno alem\u00e1n de coalici\u00f3n liderado por el democristiano<span>\u00a0<\/span><\/span><strong><span dir=\"auto\">Friedrich Merz<\/span><\/strong><span dir=\"auto\"><span>\u00a0<\/span>acaba de publicar la primera estrategia espacial del pa\u00eds. Los ministros alemanes dieron la semana pasada luz verde a un plan que desea invertir 35.000 millones de euros en capacidades militares espaciales en los pr\u00f3ximos cuatro a\u00f1os.<\/span><\/p>\n<p><span dir=\"auto\">Seg\u00fan el ministro de defensa alem\u00e1n, el socialdem\u00f3crata<span>\u00a0<\/span><\/span><strong><span dir=\"auto\">Boris Pistorius,<\/span><\/strong><span dir=\"auto\"> el espacio es un nuevo \u00e1mbito de confrontaci\u00f3n vital en el que \u201cun fracaso o perturbaci\u00f3n pueden tener consecuencias serias para nuestra seguridad y nuestra vida cotidiana\u201d. Pistorius ofreci\u00f3 como ejemplo concreto las cada vez m\u00e1s frecuentes interferencias de Rusia sobre la se\u00f1al de los sat\u00e9lites de geoposici\u00f3n GPS.<\/span><\/p>\n<p><span dir=\"auto\"><span class=\"VIpgJd-yAWNEb-VIpgJd-fmcmS-sn54Q\" dir=\"auto\">Debido a esta \u00abmilitarizaci\u00f3n del espacio\u00bb, es crucial desarrollar \u00abdisuasi\u00f3n y capacidades defensivas\u00bb, concluy\u00f3 el ministro.<\/span><\/span><\/p>\n<p><span dir=\"auto\">M\u00e1s all\u00e1 de confirmar la constataci\u00f3n del espacio exterior como un nuevo \u00e1mbito de rivalidad geopol\u00edtica,<span>\u00a0<\/span><\/span><strong><span dir=\"auto\">la estrategia alemana corre tambi\u00e9n el riesgo de alterar el equilibrio de fuerzas en el seno de la Uni\u00f3n Europea.<\/span><\/strong><\/p>\n<p><span dir=\"auto\">El plan de gasto espacial sit\u00faa a Alemania como el tercer pa\u00eds del mundo que m\u00e1s gastar\u00e1 en tecnolog\u00eda espacial, despu\u00e9s de Estados Unidos y China, pero mucho m\u00e1s importante a\u00fan,<span>\u00a0<\/span><\/span><strong><span dir=\"auto\">avanzando Francia, el tradicional l\u00edder aeroespacial europeo.<\/span><\/strong><\/p>\n<p><span dir=\"auto\"><span class=\"VIpgJd-yAWNEb-VIpgJd-fmcmS-sn54Q\" dir=\"auto\">El pasado junio, el ministerio de defensa franc\u00e9s<span>\u00a0<\/span><\/span><\/span><a href=\"https:\/\/www.defense.gouv.fr\/dga\/actualites\/ministere-armees-concretise-son-ambition-spatiale-militaire-lancant-plusieurs-projets-majeurs\" target=\"_blank\" rel=\"noopener\"><span dir=\"auto\"><span class=\"VIpgJd-yAWNEb-VIpgJd-fmcmS-sn54Q\" dir=\"auto\">invirti\u00f3<\/span><\/span><\/a><span dir=\"auto\"><span class=\"VIpgJd-yAWNEb-VIpgJd-fmcmS-sn54Q\" dir=\"auto\"><span>\u00a0<\/span>cerca de 1.000 millones para salvar al operador de sat\u00e9lites franc\u00e9s Eutelsat, particularmente a trav\u00e9s de su constelaci\u00f3n de telecomunicaciones en \u00f3rbita baja<span>\u00a0<\/span><\/span><\/span><strong><span dir=\"auto\"><span class=\"VIpgJd-yAWNEb-VIpgJd-fmcmS-sn54Q\" dir=\"auto\">OneWeb.<\/span><\/span><\/strong><\/p>\n<p><span dir=\"auto\"><span class=\"VIpgJd-yAWNEb-VIpgJd-fmcmS-sn54Q\" dir=\"auto\">Sin embargo, Par\u00eds se encuentra en<span>\u00a0<\/span><\/span><\/span><a href=\"https:\/\/conversesacatalunya.cat\/es\/otra-semana-negra-en-francia\/\" target=\"_blank\" rel=\"noopener\"><span dir=\"auto\"><span class=\"VIpgJd-yAWNEb-VIpgJd-fmcmS-sn54Q\" dir=\"auto\">situaci\u00f3n<\/span><\/span><\/a><span dir=\"auto\"><span class=\"VIpgJd-yAWNEb-VIpgJd-fmcmS-sn54Q\" dir=\"auto\"><span>\u00a0<\/span>de<span>\u00a0<\/span><\/span><\/span><strong><span dir=\"auto\"><span class=\"VIpgJd-yAWNEb-VIpgJd-fmcmS-sn54Q\" dir=\"auto\">impotencia pol\u00edtica y financiera<\/span><\/span><\/strong><span dir=\"auto\"><span class=\"VIpgJd-yAWNEb-VIpgJd-fmcmS-sn54Q\" dir=\"auto\"><span>\u00a0<\/span>debido al endeudamiento astron\u00f3mico de los dos mandatos consecutivos del presidente Emmanuel Macron.<\/span><\/span><\/p>\n<p><span dir=\"auto\">Ante la lluvia de millones alemanes, Par\u00eds no puede aspirar a competir con su vecino del este. Lo que empeorar\u00e1 a\u00fan m\u00e1s las<span>\u00a0<\/span><\/span><strong><span dir=\"auto\">ya<span>\u00a0<\/span><\/span><\/strong><strong><span dir=\"auto\">muy tensas relaciones bilaterales en materia aeroespacial.<\/span><\/strong><\/p>\n<p><span dir=\"auto\"><span class=\"VIpgJd-yAWNEb-VIpgJd-fmcmS-sn54Q\" dir=\"auto\">Berl\u00edn se siente particularmente inc\u00f3modo por el hist\u00f3rico liderazgo franc\u00e9s en materia espacial, y es un socio reticente del proyecto de telecomunicaciones por sat\u00e9lite de la Comisi\u00f3n Europea Iris2, promovido por el franc\u00e9s<span>\u00a0<\/span><\/span><\/span><strong><span dir=\"auto\"><span class=\"VIpgJd-yAWNEb-VIpgJd-fmcmS-sn54Q\" dir=\"auto\">Thierry Breton.<\/span><\/span><\/strong><\/p>\n<p><span dir=\"auto\">De hecho, entre los programas que Alemania cuenta financiar en los pr\u00f3ximos a\u00f1os figuran sus propias constelaciones de sat\u00e9lites de telecomunicaciones y observaci\u00f3n de la tierra, as\u00ed como sistemas de lanzamiento (cohetes). Se trata de algunos de los<span>\u00a0<\/span><\/span><strong><span dir=\"auto\">escasos terrenos donde los franceses hab\u00edan mantenido el liderazgo europeo.<\/span><\/strong><\/p>\n<p><span dir=\"auto\"><span class=\"VIpgJd-yAWNEb-VIpgJd-fmcmS-sn54Q\" dir=\"auto\">En vez de especializarse en los \u00e1mbitos donde sus empresas destacan, o de abrir nuevos horizontes, las autoridades alemanas han decidido regar con decenas de millones de euros provenientes de la deuda p\u00fablica (como el propio Merz<span>\u00a0<\/span><\/span><\/span><span dir=\"auto\"><span class=\"VIpgJd-yAWNEb-VIpgJd-fmcmS-sn54Q\" dir=\"auto\"><a href=\"https:\/\/conversesacatalunya.cat\/es\/el-fin-de-la-excepcion-alemana\/\" target=\"_blank\" rel=\"noopener\">reconoce<\/a>)<\/span><\/span><span dir=\"auto\"><span class=\"VIpgJd-yAWNEb-VIpgJd-fmcmS-sn54Q\" dir=\"auto\">\u00a0su subdesarrollado sector espacial, generando importantes ineficiencias y atizando las tensiones en el seno de la UE.<\/span><\/span><\/p>\n<p><span dir=\"auto\"><span class=\"VIpgJd-yAWNEb-VIpgJd-fmcmS-sn54Q\" dir=\"auto\">El<span>\u00a0<\/span><\/span><\/span><a href=\"https:\/\/conversesacatalunya.cat\/es\/alemania-francia-riesgo-programa-defensa-europea\/\" target=\"_blank\" rel=\"noopener\"><span dir=\"auto\"><span class=\"VIpgJd-yAWNEb-VIpgJd-fmcmS-sn54Q\" dir=\"auto\">programa<\/span><\/span><\/a><span dir=\"auto\"><span class=\"VIpgJd-yAWNEb-VIpgJd-fmcmS-sn54Q\" dir=\"auto\"><span>\u00a0<\/span>del<span>\u00a0<\/span><\/span><\/span><strong><span dir=\"auto\"><span class=\"VIpgJd-yAWNEb-VIpgJd-fmcmS-sn54Q\" dir=\"auto\">Sistema de Combate A\u00e9reo del Futuro<\/span><\/span><\/strong><span>\u00a0<\/span><span dir=\"auto\"><span class=\"VIpgJd-yAWNEb-VIpgJd-fmcmS-sn54Q\" dir=\"auto\">o FCAS, cada d\u00eda que pasa m\u00e1s cerca de su fracaso definitivo por culpa de los desacuerdos pol\u00edticos, es otro ejemplo de la desconfianza que impera actualmente entre los dos principales pa\u00edses europeos.<\/span><\/span><\/p>\n<p><span dir=\"auto\">La din\u00e1mica de competici\u00f3n aeroespacial entre Alemania y Francia demuestra la falta de madurez <\/span><strong><span dir=\"auto\">\u00a0de la Uni\u00f3n Europea y de sus pa\u00edses miembros<\/span><\/strong><span dir=\"auto\"><span>\u00a0<\/span>como bloque geopol\u00edtico, jugando en contra del papel, cada vez m\u00e1s inexistente, que la UE deber\u00eda jugar en la arena de la pol\u00edtica internacional.<\/span><\/p>\n<span class='bctt-click-to-tweet'><span class='bctt-ctt-text'><a href='https:\/\/twitter.com\/intent\/tweet?url=https%3A%2F%2Fconversesacatalunya.cat%2Fes%2Falemania-lanza-estrategia-espacial%2F&#038;text=Los%20ministros%20alemanes%20dieron%20la%20semana%20pasada%20luz%20verde%20a%20un%20plan%20que%20quiere%20invertir%2035.000%20millones%20de%20euros%20en%20capacidades%20militares%20espaciales%20en%20los%20pr%C3%B3ximos%20cuatro%20a%C3%B1os&#038;via=conversesacat&#038;related=conversesacat' target='_blank'rel=\"noopener noreferrer\">Los ministros alemanes dieron la semana pasada luz verde a un plan que quiere invertir 35.000 millones de euros en capacidades militares espaciales en los pr\u00f3ximos cuatro a\u00f1os <\/a><\/span><a href='https:\/\/twitter.com\/intent\/tweet?url=https%3A%2F%2Fconversesacatalunya.cat%2Fes%2Falemania-lanza-estrategia-espacial%2F&#038;text=Los%20ministros%20alemanes%20dieron%20la%20semana%20pasada%20luz%20verde%20a%20un%20plan%20que%20quiere%20invertir%2035.000%20millones%20de%20euros%20en%20capacidades%20militares%20espaciales%20en%20los%20pr%C3%B3ximos%20cuatro%20a%C3%B1os&#038;via=conversesacat&#038;related=conversesacat' target='_blank' class='bctt-ctt-btn'rel=\"noopener noreferrer\">Compartir en X<\/a><\/span>\n<div id=\"polls-305\" class=\"wp-polls\">\n\t<form id=\"polls_form_305\" class=\"wp-polls-form\" action=\"\/index.php\" method=\"post\">\n\t\t<p style=\"display: none;\"><input type=\"hidden\" id=\"poll_305_nonce\" name=\"wp-polls-nonce\" value=\"59703500cd\" \/><\/p>\n\t\t<p style=\"display: none;\"><input type=\"hidden\" name=\"poll_id\" value=\"305\" \/><\/p>\n\t\t<p style=\"text-align: center\"><strong>Creus que la crisi de les institucions entre l'Executiu, Legislatiu i Judicial s'ha convertit ja en una crisi d'Estat?<\/strong><\/p><div id=\"polls-305-ans\" class=\"wp-polls-ans\"><ul class=\"wp-polls-ul\">\n\t\t<li><input type=\"radio\" id=\"poll-answer-872\" name=\"poll_305\" value=\"872\" \/> <label for=\"poll-answer-872\">S\u00ed<\/label><\/li>\n\t\t<li><input type=\"radio\" id=\"poll-answer-873\" name=\"poll_305\" value=\"873\" \/> <label for=\"poll-answer-873\">No<\/label><\/li>\n\t\t<li><input type=\"radio\" id=\"poll-answer-874\" name=\"poll_305\" value=\"874\" \/> <label for=\"poll-answer-874\">No ho s\u00e9<\/label><\/li>\n\t\t<\/ul><p style=\"text-align: center\"><input type=\"button\" name=\"vote\" value=\"   Vota   \" class=\"Buttons\" onclick=\"poll_vote(305);\" \/><\/p><p style=\"text-align: center\"><a href=\"#ViewPollResults\" onclick=\"poll_result(305); return false;\" title=\"View Results Of This Poll\">Mira els resultats<\/a><\/p><\/div>\n\t<\/form>\n<\/div>\n<div id=\"polls-305-loading\" class=\"wp-polls-loading\"><img decoding=\"async\" data-src=\"https:\/\/conversesacatalunya.cat\/wp-content\/plugins\/wp-polls\/images\/loading.gif\" width=\"16\" height=\"16\" alt=\"Cargando ...\" title=\"Cargando ...\" class=\"wp-polls-image lazyload\" src=\"data:image\/svg+xml;base64,PHN2ZyB3aWR0aD0iMSIgaGVpZ2h0PSIxIiB4bWxucz0iaHR0cDovL3d3dy53My5vcmcvMjAwMC9zdmciPjwvc3ZnPg==\" style=\"--smush-placeholder-width: 16px; --smush-placeholder-aspect-ratio: 16\/16;\" \/>&nbsp;Cargando ...<\/div>\n\n","protected":false},"excerpt":{"rendered":"<p>El gobierno alem\u00e1n de coalici\u00f3n liderado por el democristiano\u00a0Friedrich Merz\u00a0acaba de publicar la primera estrategia espacial del pa\u00eds. Los ministros alemanes dieron la semana pasada luz verde a un plan que desea invertir 35.000 millones de euros en capacidades militares espaciales en los pr\u00f3ximos cuatro a\u00f1os. Seg\u00fan el ministro de defensa alem\u00e1n, el socialdem\u00f3crata\u00a0Boris Pistorius, el espacio es un nuevo \u00e1mbito de confrontaci\u00f3n vital en el que \u201cun fracaso o perturbaci\u00f3n pueden tener consecuencias serias para nuestra seguridad y nuestra vida cotidiana\u201d. Pistorius ofreci\u00f3 como ejemplo concreto las cada vez m\u00e1s frecuentes interferencias de Rusia sobre la se\u00f1al de los sat\u00e9lites de geoposici\u00f3n GPS. Debido a esta \u00abmilitarizaci\u00f3n del espacio\u00bb, es crucial desarrollar \u00abdisuasi\u00f3n y capacidades defensivas\u00bb, concluy\u00f3 el ministro. M\u00e1s all\u00e1 de confirmar la constataci\u00f3n del espacio exterior como un nuevo \u00e1mbito de rivalidad geopol\u00edtica,\u00a0la estrategia alemana corre tambi\u00e9n el riesgo de alterar el equilibrio de fuerzas en el seno de la Uni\u00f3n Europea. El plan de gasto espacial sit\u00faa a Alemania como el tercer pa\u00eds del mundo que m\u00e1s gastar\u00e1 en tecnolog\u00eda espacial, despu\u00e9s de Estados Unidos y China, pero mucho m\u00e1s importante a\u00fan,\u00a0avanzando Francia, el tradicional l\u00edder aeroespacial europeo. El pasado junio, el ministerio de defensa franc\u00e9s\u00a0invirti\u00f3\u00a0cerca de 1.000 millones para salvar al operador de sat\u00e9lites franc\u00e9s Eutelsat, particularmente a trav\u00e9s de su constelaci\u00f3n de telecomunicaciones en \u00f3rbita baja\u00a0OneWeb. Sin embargo, Par\u00eds se encuentra en\u00a0situaci\u00f3n\u00a0de\u00a0impotencia pol\u00edtica y financiera\u00a0debido al endeudamiento astron\u00f3mico de los dos mandatos consecutivos del presidente Emmanuel Macron. Ante la lluvia de millones alemanes, Par\u00eds no puede aspirar a competir con su vecino del este. Lo que empeorar\u00e1 a\u00fan m\u00e1s las\u00a0ya\u00a0muy tensas relaciones bilaterales en materia aeroespacial. Berl\u00edn se siente particularmente inc\u00f3modo por el hist\u00f3rico liderazgo franc\u00e9s en materia espacial, y es un socio reticente del proyecto de telecomunicaciones por sat\u00e9lite de la Comisi\u00f3n Europea Iris2, promovido por el franc\u00e9s\u00a0Thierry Breton. De hecho, entre los programas que Alemania cuenta financiar en los pr\u00f3ximos a\u00f1os figuran sus propias constelaciones de sat\u00e9lites de telecomunicaciones y observaci\u00f3n de la tierra, as\u00ed como sistemas de lanzamiento (cohetes). Se trata de algunos de los\u00a0escasos terrenos donde los franceses hab\u00edan mantenido el liderazgo europeo. En vez de especializarse en los \u00e1mbitos donde sus empresas destacan, o de abrir nuevos horizontes, las autoridades alemanas han decidido regar con decenas de millones de euros provenientes de la deuda p\u00fablica (como el propio Merz\u00a0reconoce)\u00a0su subdesarrollado sector espacial, generando importantes ineficiencias y atizando las tensiones en el seno de la UE. El\u00a0programa\u00a0del\u00a0Sistema de Combate A\u00e9reo del Futuro\u00a0o FCAS, cada d\u00eda que pasa m\u00e1s cerca de su fracaso definitivo por culpa de los desacuerdos pol\u00edticos, es otro ejemplo de la desconfianza que impera actualmente entre los dos principales pa\u00edses europeos. La din\u00e1mica de competici\u00f3n aeroespacial entre Alemania y Francia demuestra la falta de madurez \u00a0de la Uni\u00f3n Europea y de sus pa\u00edses miembros\u00a0como bloque geopol\u00edtico, jugando en contra del papel, cada vez m\u00e1s inexistente, que la UE deber\u00eda jugar en la arena de la pol\u00edtica internacional.<\/p>\n","protected":false},"author":75,"featured_media":94097,"comment_status":"open","ping_status":"open","sticky":false,"template":"","format":"standard","meta":{"_FSMCFIC_featured_image_caption":"","_FSMCFIC_featured_image_nocaption":"","_FSMCFIC_featured_image_hide":"","footnotes":""},"categories":[806],"tags":[1587,1586,2471,4397],"class_list":["post-94105","post","type-post","status-publish","format-standard","has-post-thumbnail","hentry","category-punts-claus-del-dia-es","tag-alemania","tag-alemanya-es","tag-despesa-militar-es","tag-gasto-militar"],"yoast_head":"<!-- This site is optimized with the Yoast SEO plugin v26.8 - https:\/\/yoast.com\/product\/yoast-seo-wordpress\/ -->\n<title>Alemania lanza su propia estrategia espacial - Converses a Catalunya<\/title>\n<meta name=\"description\" content=\"El gobierno alem\u00e1n de coalici\u00f3n liderado por el democristiano Friedrich Merz acaba de publicar la primera estrategia espacial de Alemania.\" \/>\n<meta name=\"robots\" content=\"index, follow, max-snippet:-1, max-image-preview:large, max-video-preview:-1\" \/>\n<link rel=\"canonical\" href=\"https:\/\/conversesacatalunya.cat\/es\/alemania-lanza-estrategia-espacial\/\" \/>\n<meta property=\"og:locale\" content=\"es_ES\" \/>\n<meta property=\"og:type\" content=\"article\" \/>\n<meta property=\"og:title\" content=\"Alemania lanza su propia estrategia espacial - Converses a Catalunya\" \/>\n<meta property=\"og:description\" content=\"El gobierno alem\u00e1n de coalici\u00f3n liderado por el democristiano Friedrich Merz acaba de publicar la primera estrategia espacial de Alemania.\" \/>\n<meta property=\"og:url\" content=\"https:\/\/conversesacatalunya.cat\/es\/alemania-lanza-estrategia-espacial\/\" \/>\n<meta property=\"og:site_name\" content=\"Converses a Catalunya\" \/>\n<meta property=\"article:published_time\" content=\"2025-11-24T08:00:23+00:00\" \/>\n<meta property=\"article:modified_time\" content=\"2025-11-24T11:11:27+00:00\" \/>\n<meta property=\"og:image\" content=\"https:\/\/conversesacatalunya.cat\/wp-content\/uploads\/2025\/11\/ariane-5.jpeg\" \/>\n\t<meta property=\"og:image:width\" content=\"1920\" \/>\n\t<meta property=\"og:image:height\" content=\"1080\" \/>\n\t<meta property=\"og:image:type\" content=\"image\/jpeg\" \/>\n<meta name=\"author\" content=\"Carles L\u00f3pez\" \/>\n<meta name=\"twitter:card\" content=\"summary_large_image\" \/>\n<meta name=\"twitter:label1\" content=\"Escrito por\" \/>\n\t<meta name=\"twitter:data1\" content=\"Carles L\u00f3pez\" \/>\n\t<meta name=\"twitter:label2\" content=\"Tiempo de lectura\" \/>\n\t<meta name=\"twitter:data2\" content=\"3 minutos\" \/>\n<script type=\"application\/ld+json\" class=\"yoast-schema-graph\">{\"@context\":\"https:\/\/schema.org\",\"@graph\":[{\"@type\":\"Article\",\"@id\":\"https:\/\/conversesacatalunya.cat\/es\/alemania-lanza-estrategia-espacial\/#article\",\"isPartOf\":{\"@id\":\"https:\/\/conversesacatalunya.cat\/es\/alemania-lanza-estrategia-espacial\/\"},\"author\":{\"name\":\"Carles L\u00f3pez\",\"@id\":\"https:\/\/conversesacatalunya.cat\/#\/schema\/person\/3ce2ab16c0a3803086d80722c7cad56a\"},\"headline\":\"Alemania lanza su propia estrategia espacial\",\"datePublished\":\"2025-11-24T08:00:23+00:00\",\"dateModified\":\"2025-11-24T11:11:27+00:00\",\"mainEntityOfPage\":{\"@id\":\"https:\/\/conversesacatalunya.cat\/es\/alemania-lanza-estrategia-espacial\/\"},\"wordCount\":619,\"commentCount\":0,\"image\":{\"@id\":\"https:\/\/conversesacatalunya.cat\/es\/alemania-lanza-estrategia-espacial\/#primaryimage\"},\"thumbnailUrl\":\"https:\/\/conversesacatalunya.cat\/wp-content\/uploads\/2025\/11\/ariane-5.jpeg\",\"keywords\":[\"Alemania\",\"Alemanya\",\"despesa militar\",\"gasto militar\"],\"articleSection\":[\"Punts clau del dia (ES)\"],\"inLanguage\":\"es\",\"potentialAction\":[{\"@type\":\"CommentAction\",\"name\":\"Comment\",\"target\":[\"https:\/\/conversesacatalunya.cat\/es\/alemania-lanza-estrategia-espacial\/#respond\"]}]},{\"@type\":\"WebPage\",\"@id\":\"https:\/\/conversesacatalunya.cat\/es\/alemania-lanza-estrategia-espacial\/\",\"url\":\"https:\/\/conversesacatalunya.cat\/es\/alemania-lanza-estrategia-espacial\/\",\"name\":\"Alemania lanza su propia estrategia espacial - Converses a Catalunya\",\"isPartOf\":{\"@id\":\"https:\/\/conversesacatalunya.cat\/#website\"},\"primaryImageOfPage\":{\"@id\":\"https:\/\/conversesacatalunya.cat\/es\/alemania-lanza-estrategia-espacial\/#primaryimage\"},\"image\":{\"@id\":\"https:\/\/conversesacatalunya.cat\/es\/alemania-lanza-estrategia-espacial\/#primaryimage\"},\"thumbnailUrl\":\"https:\/\/conversesacatalunya.cat\/wp-content\/uploads\/2025\/11\/ariane-5.jpeg\",\"datePublished\":\"2025-11-24T08:00:23+00:00\",\"dateModified\":\"2025-11-24T11:11:27+00:00\",\"author\":{\"@id\":\"https:\/\/conversesacatalunya.cat\/#\/schema\/person\/3ce2ab16c0a3803086d80722c7cad56a\"},\"description\":\"El gobierno alem\u00e1n de coalici\u00f3n liderado por el democristiano Friedrich Merz acaba de publicar la primera estrategia espacial de Alemania.\",\"breadcrumb\":{\"@id\":\"https:\/\/conversesacatalunya.cat\/es\/alemania-lanza-estrategia-espacial\/#breadcrumb\"},\"inLanguage\":\"es\",\"potentialAction\":[{\"@type\":\"ReadAction\",\"target\":[\"https:\/\/conversesacatalunya.cat\/es\/alemania-lanza-estrategia-espacial\/\"]}]},{\"@type\":\"ImageObject\",\"inLanguage\":\"es\",\"@id\":\"https:\/\/conversesacatalunya.cat\/es\/alemania-lanza-estrategia-espacial\/#primaryimage\",\"url\":\"https:\/\/conversesacatalunya.cat\/wp-content\/uploads\/2025\/11\/ariane-5.jpeg\",\"contentUrl\":\"https:\/\/conversesacatalunya.cat\/wp-content\/uploads\/2025\/11\/ariane-5.jpeg\",\"width\":1920,\"height\":1080,\"caption\":\"Estrategia espacial Alemania\"},{\"@type\":\"BreadcrumbList\",\"@id\":\"https:\/\/conversesacatalunya.cat\/es\/alemania-lanza-estrategia-espacial\/#breadcrumb\",\"itemListElement\":[{\"@type\":\"ListItem\",\"position\":1,\"name\":\"Inici\",\"item\":\"https:\/\/conversesacatalunya.cat\/es\/\"},{\"@type\":\"ListItem\",\"position\":2,\"name\":\"Alemania lanza su propia estrategia espacial\"}]},{\"@type\":\"WebSite\",\"@id\":\"https:\/\/conversesacatalunya.cat\/#website\",\"url\":\"https:\/\/conversesacatalunya.cat\/\",\"name\":\"Converses a Catalunya\",\"description\":\"\",\"potentialAction\":[{\"@type\":\"SearchAction\",\"target\":{\"@type\":\"EntryPoint\",\"urlTemplate\":\"https:\/\/conversesacatalunya.cat\/?s={search_term_string}\"},\"query-input\":{\"@type\":\"PropertyValueSpecification\",\"valueRequired\":true,\"valueName\":\"search_term_string\"}}],\"inLanguage\":\"es\"},{\"@type\":\"Person\",\"@id\":\"https:\/\/conversesacatalunya.cat\/#\/schema\/person\/3ce2ab16c0a3803086d80722c7cad56a\",\"name\":\"Carles L\u00f3pez\",\"image\":{\"@type\":\"ImageObject\",\"inLanguage\":\"es\",\"@id\":\"https:\/\/conversesacatalunya.cat\/#\/schema\/person\/image\/\",\"url\":\"https:\/\/conversesacatalunya.cat\/wp-content\/litespeed\/avatar\/4891585caf2896e97846ab77f06edcf2.jpg?ver=1777091173\",\"contentUrl\":\"https:\/\/conversesacatalunya.cat\/wp-content\/litespeed\/avatar\/4891585caf2896e97846ab77f06edcf2.jpg?ver=1777091173\",\"caption\":\"Carles L\u00f3pez\"},\"url\":\"https:\/\/conversesacatalunya.cat\/es\/author\/carles-lopez\/\"}]}<\/script>\n<!-- \/ Yoast SEO plugin. -->","yoast_head_json":{"title":"Alemania lanza su propia estrategia espacial - Converses a Catalunya","description":"El gobierno alem\u00e1n de coalici\u00f3n liderado por el democristiano Friedrich Merz acaba de publicar la primera estrategia espacial de Alemania.","robots":{"index":"index","follow":"follow","max-snippet":"max-snippet:-1","max-image-preview":"max-image-preview:large","max-video-preview":"max-video-preview:-1"},"canonical":"https:\/\/conversesacatalunya.cat\/es\/alemania-lanza-estrategia-espacial\/","og_locale":"es_ES","og_type":"article","og_title":"Alemania lanza su propia estrategia espacial - Converses a Catalunya","og_description":"El gobierno alem\u00e1n de coalici\u00f3n liderado por el democristiano Friedrich Merz acaba de publicar la primera estrategia espacial de Alemania.","og_url":"https:\/\/conversesacatalunya.cat\/es\/alemania-lanza-estrategia-espacial\/","og_site_name":"Converses a Catalunya","article_published_time":"2025-11-24T08:00:23+00:00","article_modified_time":"2025-11-24T11:11:27+00:00","og_image":[{"width":1920,"height":1080,"url":"https:\/\/conversesacatalunya.cat\/wp-content\/uploads\/2025\/11\/ariane-5.jpeg","type":"image\/jpeg"}],"author":"Carles L\u00f3pez","twitter_card":"summary_large_image","twitter_misc":{"Escrito por":"Carles L\u00f3pez","Tiempo de lectura":"3 minutos"},"schema":{"@context":"https:\/\/schema.org","@graph":[{"@type":"Article","@id":"https:\/\/conversesacatalunya.cat\/es\/alemania-lanza-estrategia-espacial\/#article","isPartOf":{"@id":"https:\/\/conversesacatalunya.cat\/es\/alemania-lanza-estrategia-espacial\/"},"author":{"name":"Carles L\u00f3pez","@id":"https:\/\/conversesacatalunya.cat\/#\/schema\/person\/3ce2ab16c0a3803086d80722c7cad56a"},"headline":"Alemania lanza su propia estrategia espacial","datePublished":"2025-11-24T08:00:23+00:00","dateModified":"2025-11-24T11:11:27+00:00","mainEntityOfPage":{"@id":"https:\/\/conversesacatalunya.cat\/es\/alemania-lanza-estrategia-espacial\/"},"wordCount":619,"commentCount":0,"image":{"@id":"https:\/\/conversesacatalunya.cat\/es\/alemania-lanza-estrategia-espacial\/#primaryimage"},"thumbnailUrl":"https:\/\/conversesacatalunya.cat\/wp-content\/uploads\/2025\/11\/ariane-5.jpeg","keywords":["Alemania","Alemanya","despesa militar","gasto militar"],"articleSection":["Punts clau del dia (ES)"],"inLanguage":"es","potentialAction":[{"@type":"CommentAction","name":"Comment","target":["https:\/\/conversesacatalunya.cat\/es\/alemania-lanza-estrategia-espacial\/#respond"]}]},{"@type":"WebPage","@id":"https:\/\/conversesacatalunya.cat\/es\/alemania-lanza-estrategia-espacial\/","url":"https:\/\/conversesacatalunya.cat\/es\/alemania-lanza-estrategia-espacial\/","name":"Alemania lanza su propia estrategia espacial - Converses a Catalunya","isPartOf":{"@id":"https:\/\/conversesacatalunya.cat\/#website"},"primaryImageOfPage":{"@id":"https:\/\/conversesacatalunya.cat\/es\/alemania-lanza-estrategia-espacial\/#primaryimage"},"image":{"@id":"https:\/\/conversesacatalunya.cat\/es\/alemania-lanza-estrategia-espacial\/#primaryimage"},"thumbnailUrl":"https:\/\/conversesacatalunya.cat\/wp-content\/uploads\/2025\/11\/ariane-5.jpeg","datePublished":"2025-11-24T08:00:23+00:00","dateModified":"2025-11-24T11:11:27+00:00","author":{"@id":"https:\/\/conversesacatalunya.cat\/#\/schema\/person\/3ce2ab16c0a3803086d80722c7cad56a"},"description":"El gobierno alem\u00e1n de coalici\u00f3n liderado por el democristiano Friedrich Merz acaba de publicar la primera estrategia espacial de Alemania.","breadcrumb":{"@id":"https:\/\/conversesacatalunya.cat\/es\/alemania-lanza-estrategia-espacial\/#breadcrumb"},"inLanguage":"es","potentialAction":[{"@type":"ReadAction","target":["https:\/\/conversesacatalunya.cat\/es\/alemania-lanza-estrategia-espacial\/"]}]},{"@type":"ImageObject","inLanguage":"es","@id":"https:\/\/conversesacatalunya.cat\/es\/alemania-lanza-estrategia-espacial\/#primaryimage","url":"https:\/\/conversesacatalunya.cat\/wp-content\/uploads\/2025\/11\/ariane-5.jpeg","contentUrl":"https:\/\/conversesacatalunya.cat\/wp-content\/uploads\/2025\/11\/ariane-5.jpeg","width":1920,"height":1080,"caption":"Estrategia espacial Alemania"},{"@type":"BreadcrumbList","@id":"https:\/\/conversesacatalunya.cat\/es\/alemania-lanza-estrategia-espacial\/#breadcrumb","itemListElement":[{"@type":"ListItem","position":1,"name":"Inici","item":"https:\/\/conversesacatalunya.cat\/es\/"},{"@type":"ListItem","position":2,"name":"Alemania lanza su propia estrategia espacial"}]},{"@type":"WebSite","@id":"https:\/\/conversesacatalunya.cat\/#website","url":"https:\/\/conversesacatalunya.cat\/","name":"Converses a Catalunya","description":"","potentialAction":[{"@type":"SearchAction","target":{"@type":"EntryPoint","urlTemplate":"https:\/\/conversesacatalunya.cat\/?s={search_term_string}"},"query-input":{"@type":"PropertyValueSpecification","valueRequired":true,"valueName":"search_term_string"}}],"inLanguage":"es"},{"@type":"Person","@id":"https:\/\/conversesacatalunya.cat\/#\/schema\/person\/3ce2ab16c0a3803086d80722c7cad56a","name":"Carles L\u00f3pez","image":{"@type":"ImageObject","inLanguage":"es","@id":"https:\/\/conversesacatalunya.cat\/#\/schema\/person\/image\/","url":"https:\/\/conversesacatalunya.cat\/wp-content\/litespeed\/avatar\/4891585caf2896e97846ab77f06edcf2.jpg?ver=1777091173","contentUrl":"https:\/\/conversesacatalunya.cat\/wp-content\/litespeed\/avatar\/4891585caf2896e97846ab77f06edcf2.jpg?ver=1777091173","caption":"Carles L\u00f3pez"},"url":"https:\/\/conversesacatalunya.cat\/es\/author\/carles-lopez\/"}]}},"wps_subtitle":"Adem\u00e1s de generar ineficiencias, la lluvia de millones que el gobierno alem\u00e1n promete corre el riesgo de incrementar las tensiones en el seno de la UE.","_links":{"self":[{"href":"https:\/\/conversesacatalunya.cat\/es\/wp-json\/wp\/v2\/posts\/94105","targetHints":{"allow":["GET"]}}],"collection":[{"href":"https:\/\/conversesacatalunya.cat\/es\/wp-json\/wp\/v2\/posts"}],"about":[{"href":"https:\/\/conversesacatalunya.cat\/es\/wp-json\/wp\/v2\/types\/post"}],"author":[{"embeddable":true,"href":"https:\/\/conversesacatalunya.cat\/es\/wp-json\/wp\/v2\/users\/75"}],"replies":[{"embeddable":true,"href":"https:\/\/conversesacatalunya.cat\/es\/wp-json\/wp\/v2\/comments?post=94105"}],"version-history":[{"count":8,"href":"https:\/\/conversesacatalunya.cat\/es\/wp-json\/wp\/v2\/posts\/94105\/revisions"}],"predecessor-version":[{"id":94142,"href":"https:\/\/conversesacatalunya.cat\/es\/wp-json\/wp\/v2\/posts\/94105\/revisions\/94142"}],"wp:featuredmedia":[{"embeddable":true,"href":"https:\/\/conversesacatalunya.cat\/es\/wp-json\/wp\/v2\/media\/94097"}],"wp:attachment":[{"href":"https:\/\/conversesacatalunya.cat\/es\/wp-json\/wp\/v2\/media?parent=94105"}],"wp:term":[{"taxonomy":"category","embeddable":true,"href":"https:\/\/conversesacatalunya.cat\/es\/wp-json\/wp\/v2\/categories?post=94105"},{"taxonomy":"post_tag","embeddable":true,"href":"https:\/\/conversesacatalunya.cat\/es\/wp-json\/wp\/v2\/tags?post=94105"}],"curies":[{"name":"wp","href":"https:\/\/api.w.org\/{rel}","templated":true}]}}