{"id":94044,"date":"2025-11-20T12:41:06","date_gmt":"2025-11-20T11:41:06","guid":{"rendered":"https:\/\/conversesacatalunya.cat\/?p=94044"},"modified":"2025-11-20T13:00:44","modified_gmt":"2025-11-20T12:00:44","slug":"la-publicidad-institucional-indecente-de-nuestros-gobiernos","status":"publish","type":"post","link":"https:\/\/conversesacatalunya.cat\/es\/la-publicidad-institucional-indecente-de-nuestros-gobiernos\/","title":{"rendered":"La publicidad institucional indecente de nuestros gobiernos"},"content":{"rendered":"<p><span dir=\"auto\">Hay cosas que, si no fueran pagadas con nuestro dinero, todav\u00eda har\u00edan gracia. Pero como salen directamente del bolsillo del contribuyente \u2014a trav\u00e9s de impuestos, tasas y otras sutilezas fiscales que el gobierno considera que no hace falta explicar demasiado\u2014, la broma ya no tiene tanta sal.<\/span><\/p>\n<p><span dir=\"auto\"><span class=\"VIpgJd-yAWNEb-VIpgJd-fmcmS-sn54Q\" dir=\"auto\">Hablamos de la<span>\u00a0<\/span><\/span><\/span><strong><span dir=\"auto\"><span class=\"VIpgJd-yAWNEb-VIpgJd-fmcmS-sn54Q\" dir=\"auto\">publicidad institucional.<\/span><\/span><\/strong><span dir=\"auto\"><span class=\"VIpgJd-yAWNEb-VIpgJd-fmcmS-sn54Q\" dir=\"auto\"><span>\u00a0<\/span>Un eufemismo tan bien encontrado que incluso parecer\u00eda honesto, si no fuera que, tras la cortina de humo, se esconde lo que realmente es:<span>\u00a0<\/span><\/span><\/span><strong><a href=\"https:\/\/conversesacatalunya.cat\/es\/como-nos-toman-el-pelo-los-gobiernos\/\" target=\"_blank\" rel=\"noopener\"><span dir=\"auto\"><span class=\"VIpgJd-yAWNEb-VIpgJd-fmcmS-sn54Q\" dir=\"auto\">propaganda gubernamental<\/span><\/span><\/a><span dir=\"auto\"><span class=\"VIpgJd-yAWNEb-VIpgJd-fmcmS-sn54Q\" dir=\"auto\"><span>\u00a0<\/span>en estado puro,<\/span><\/span><\/strong><span dir=\"auto\"><span class=\"VIpgJd-yAWNEb-VIpgJd-fmcmS-sn54Q\" dir=\"auto\">\u00a0repartida a paladas entre los grandes medios, que, mira por d\u00f3nde, no parecen tener prisa en denunciar lo que pasa. Misterios de la vida o, tal vez, misterios de la factura publicitaria.<\/span><\/span><\/p>\n<p><span dir=\"auto\"><span class=\"VIpgJd-yAWNEb-VIpgJd-fmcmS-sn54Q\" dir=\"auto\">Todos los d\u00edas, los peri\u00f3dicos de referencia se convierten en cat\u00e1logos de consignas ideol\u00f3gicas. P\u00e1ginas y p\u00e1ginas de colorines y frases solemnes que, si existiera una agencia de buenas maneras institucionales, deber\u00edan venir con una advertencia: \u00ab<\/span><\/span><strong><span dir=\"auto\"><span class=\"VIpgJd-yAWNEb-VIpgJd-fmcmS-sn54Q\" dir=\"auto\">Esto puede afectar a su capacidad de pensar<\/span><\/span><\/strong><span dir=\"auto\"><span class=\"VIpgJd-yAWNEb-VIpgJd-fmcmS-sn54Q\" dir=\"auto\">\u00ab.<\/span><\/span><\/p>\n<p><span dir=\"auto\">El \u00faltimo esperpento ha llegado en un par de entregas que, en apenas 48 horas, podr\u00edan figurar en cualquier manual de<span>\u00a0<\/span><\/span><strong><span dir=\"auto\">propaganda de r\u00e9gimen autoritario.<\/span><\/strong><\/p>\n<h3><span dir=\"auto\">Primer cap\u00edtulo: el Ministerio de Trabajo<\/span><\/h3>\n<p><span dir=\"auto\"><span class=\"VIpgJd-yAWNEb-VIpgJd-fmcmS-sn54Q\" dir=\"auto\">La vicepresidenta Yolanda D\u00edaz, que tendr\u00e1 el asiento m\u00e1s inestable de la pol\u00edtica espa\u00f1ola, parece haber decidido compensar la angustia con un exceso de histrionismo. Nos regala un anuncio a media p\u00e1gina, en color, que proclama:<strong> \u00abDenunciar<\/strong><\/span><\/span><em><strong><span dir=\"auto\"><span class=\"VIpgJd-yAWNEb-VIpgJd-fmcmS-sn54Q\" dir=\"auto\"> es m\u00e1s f\u00e1cil de lo que crees<\/span><\/span><\/strong><span dir=\"auto\"><span class=\"VIpgJd-yAWNEb-VIpgJd-fmcmS-sn54Q\" dir=\"auto\">\u00bb<\/span><\/span><\/em><span dir=\"auto\"><span class=\"VIpgJd-yAWNEb-VIpgJd-fmcmS-sn54Q\" dir=\"auto\"><span>\u00a0<\/span>Y a\u00f1ade, paternalista:<span>\u00a0<\/span><\/span><\/span><em><span dir=\"auto\"><span class=\"VIpgJd-yAWNEb-VIpgJd-fmcmS-sn54Q\" dir=\"auto\">\u00abLa ITSS est\u00e1 por ayudarte.\u00bb;<\/span><\/span><\/em><span dir=\"auto\"><span class=\"VIpgJd-yAWNEb-VIpgJd-fmcmS-sn54Q\" dir=\"auto\"><span>\u00a0<\/span>aclar\u00e9moslo, las siglas se refieren a la inspecci\u00f3n del trabajo y la seguridad social.<\/span><\/span><\/p>\n<p><span dir=\"auto\">Lo de la ayuda es una met\u00e1fora admirable, porque en realidad es una campa\u00f1a para incentivar denuncias contra las empresas. El gobierno, que deber\u00eda ser<span>\u00a0<\/span><\/span><strong><span dir=\"auto\">\u00e1rbitro,<\/span><\/strong><span dir=\"auto\">\u00a0adopta el papel de<span>\u00a0<\/span><\/span><strong><span dir=\"auto\">parte beligerante,<\/span><\/strong><span dir=\"auto\">\u00a0como si hubiera perdido \u2013o abandonado a gusto\u2013 su condici\u00f3n de poder neutral.<\/span><\/p>\n<p><span dir=\"auto\">En vez de administrar, agita. En vez de gobernar, sube a la tarima del mitin permanente. Es el Ministerio de Yolanda D\u00edaz<span>\u00a0<\/span><\/span><strong><span dir=\"auto\">convertido en un sindicato m\u00e1s,<\/span><\/strong><span dir=\"auto\"><span>\u00a0<\/span>mientras que el que paga los platos rotos es la peque\u00f1a y mediana empresa, la que tiene menos capacidad de defenderse. As\u00ed vamos, en una versi\u00f3n posmoderna de la \u201clucha de clases\u201d<\/span><\/p>\n<h3><span dir=\"auto\">Segundo cap\u00edtulo: la Generalitat<\/span><\/h3>\n<p><span dir=\"auto\">El turno del adoctrinamiento le toca al Gobierno de Illa. Aqu\u00ed no hay medias tintas:<span>\u00a0<\/span><\/span><strong><span dir=\"auto\">anuncio en p\u00e1gina entera.<\/span><\/strong><span dir=\"auto\">\u00a0T\u00edtulo:<span>\u00a0<\/span><\/span><strong><em><span dir=\"auto\">\u00abSi parece violencia machista, es violencia machista.\u00bb<\/span><\/em><\/strong><\/p>\n<p><span dir=\"auto\"><span class=\"VIpgJd-yAWNEb-VIpgJd-fmcmS-sn54Q\" dir=\"auto\">La frase podr\u00eda pasar por una broma. Es un eslogan que destruye en seis palabras cualquier noci\u00f3n de realidad, prueba, matiz o criterio m\u00ednimo.<span>\u00a0<\/span><\/span><\/span><strong><span dir=\"auto\"><span class=\"VIpgJd-yAWNEb-VIpgJd-fmcmS-sn54Q\" dir=\"auto\">A partir de ahora, las cosas no son lo que son, sino lo que parecen.<\/span><\/span><\/strong><span dir=\"auto\"><span class=\"VIpgJd-yAWNEb-VIpgJd-fmcmS-sn54Q\" dir=\"auto\"><span>\u00a0<\/span>Una filosof\u00eda que les gusta mucho a los tertulianos de TVE y a los justicieros de la red, pero que en una democracia moderna es, sencillamente, un desprop\u00f3sito.<\/span><\/span><\/p>\n<p><span dir=\"auto\">Porque lo que importa no es parecer, sino el ser al conocer la realidad; sin esa condici\u00f3n ninguna buena pol\u00edtica es posible. Pero esto al Gobierno Illa, que es el Gobierno S\u00e1nchez con el posado contenido de un jugador de \u201cp\u00f3quer\u201d con una mala mano, no le importa, porque<span>\u00a0<\/span><\/span><strong><span dir=\"auto\">no se trata de gobernar bien, sino que lo parezca.<\/span><\/strong><\/p>\n<p><span dir=\"auto\">Y a\u00fan a\u00f1aden una chica con el m\u00f3vil y cara de susto, como si toda sospecha tuviera que dar paso autom\u00e1ticamente a una denuncia. Porque este es el hilo conductor de la nueva fe institucional: <\/span><strong><span dir=\"auto\">estimular la cultura de la denuncia.<\/span><\/strong><span dir=\"auto\"> Contra empresas, contra hombres, contra quienes sea necesario. Lo que importa no es la realidad, sino el relato. Lo que importa no es lo que ocurre, sino lo que parece que ocurre.<span>\u00a0<\/span><\/span><strong><span dir=\"auto\">Y si el gobierno dice que parece, entonces ya ocurre.<\/span><\/strong><\/p>\n<p><span dir=\"auto\">Todo esto se envuelve en la ret\u00f3rica del feminismo hegem\u00f3nico que, aunque solo<span>\u00a0<\/span><\/span><strong><span dir=\"auto\">un 5% de la poblaci\u00f3n<\/span><\/strong><span dir=\"auto\"><span>\u00a0<\/span>considera prioritario, seg\u00fan la \u00faltima encuesta publicada, sigue siendo alimentado sin piedad. Una y otra vez, como un mantra, como una liturgia ideol\u00f3gica que no se puede cuestionar.<\/span><\/p>\n<h4><strong><span dir=\"auto\">\u00bfEl resultado? Dos problemas may\u00fasculos.<\/span><\/strong><\/h4>\n<p><span dir=\"auto\"><span class=\"VIpgJd-yAWNEb-VIpgJd-fmcmS-sn54Q\" dir=\"auto\">Primero, el derroche<span>\u00a0<\/span><\/span><\/span><strong><span dir=\"auto\"><span class=\"VIpgJd-yAWNEb-VIpgJd-fmcmS-sn54Q\" dir=\"auto\">econ\u00f3mico<\/span><\/span><\/strong><span dir=\"auto\"><span class=\"VIpgJd-yAWNEb-VIpgJd-fmcmS-sn54Q\" dir=\"auto\"><span>\u00a0<\/span>dedicado a sostener campa\u00f1as doctrinarias que nunca deber\u00edan salir de las arcas p\u00fablicas.<\/span><\/span><\/p>\n<p><span dir=\"auto\">Segundo, una<span>\u00a0<\/span><\/span><strong><span dir=\"auto\">presi\u00f3n ideol\u00f3gica constante,<\/span><\/strong><span dir=\"auto\">\u00a0presentada bajo el aspecto de un anuncio institucional, pero con la vocaci\u00f3n disciplinaria propia de reg\u00edmenes que quieren ense\u00f1ar a los ciudadanos qu\u00e9 deben creer y c\u00f3mo deben comportarse.<\/span><\/p>\n<span class='bctt-click-to-tweet'><span class='bctt-ctt-text'><a href='https:\/\/twitter.com\/intent\/tweet?url=https%3A%2F%2Fconversesacatalunya.cat%2Fes%2Fla-publicidad-institucional-indecente-de-nuestros-gobiernos%2F&#038;text=Nuestro%20dinero%20paga%20lo%20que%20nuestros%20gobiernos%20quieren%20que%20pensemos.%20%23Impuestos%20%23Medios%20%23IndependenciaEditorial&#038;via=conversesacat&#038;related=conversesacat' target='_blank'rel=\"noopener noreferrer\">Nuestro dinero paga lo que nuestros gobiernos quieren que pensemos. #Impuestos #Medios #IndependenciaEditorial <\/a><\/span><a href='https:\/\/twitter.com\/intent\/tweet?url=https%3A%2F%2Fconversesacatalunya.cat%2Fes%2Fla-publicidad-institucional-indecente-de-nuestros-gobiernos%2F&#038;text=Nuestro%20dinero%20paga%20lo%20que%20nuestros%20gobiernos%20quieren%20que%20pensemos.%20%23Impuestos%20%23Medios%20%23IndependenciaEditorial&#038;via=conversesacat&#038;related=conversesacat' target='_blank' class='bctt-ctt-btn'rel=\"noopener noreferrer\">Compartir en X<\/a><\/span>\n<div id=\"polls-304\" class=\"wp-polls\">\n\t<form id=\"polls_form_304\" class=\"wp-polls-form\" action=\"\/index.php\" method=\"post\">\n\t\t<p style=\"display: none;\"><input type=\"hidden\" id=\"poll_304_nonce\" name=\"wp-polls-nonce\" value=\"02da795a53\" \/><\/p>\n\t\t<p style=\"display: none;\"><input type=\"hidden\" name=\"poll_id\" value=\"304\" \/><\/p>\n\t\t<p style=\"text-align: center\"><strong>Si es confirma que 2026 ser\u00e0 el tercer any sense pressupostos, creus que S\u00e1nchez t\u00e9 l'obligaci\u00f3 de convocar eleccions?<\/strong><\/p><div id=\"polls-304-ans\" class=\"wp-polls-ans\"><ul class=\"wp-polls-ul\">\n\t\t<li><input type=\"radio\" id=\"poll-answer-869\" name=\"poll_304\" value=\"869\" \/> <label for=\"poll-answer-869\">S\u00ed<\/label><\/li>\n\t\t<li><input type=\"radio\" id=\"poll-answer-870\" name=\"poll_304\" value=\"870\" \/> <label for=\"poll-answer-870\">No<\/label><\/li>\n\t\t<li><input type=\"radio\" id=\"poll-answer-871\" name=\"poll_304\" value=\"871\" \/> <label for=\"poll-answer-871\">No ho s\u00e9<\/label><\/li>\n\t\t<\/ul><p style=\"text-align: center\"><input type=\"button\" name=\"vote\" value=\"   Vota   \" class=\"Buttons\" onclick=\"poll_vote(304);\" \/><\/p><p style=\"text-align: center\"><a href=\"#ViewPollResults\" onclick=\"poll_result(304); return false;\" title=\"View Results Of This Poll\">Mira els resultats<\/a><\/p><\/div>\n\t<\/form>\n<\/div>\n<div id=\"polls-304-loading\" class=\"wp-polls-loading\"><img decoding=\"async\" data-src=\"https:\/\/conversesacatalunya.cat\/wp-content\/plugins\/wp-polls\/images\/loading.gif\" width=\"16\" height=\"16\" alt=\"Cargando ...\" title=\"Cargando ...\" class=\"wp-polls-image lazyload\" src=\"data:image\/svg+xml;base64,PHN2ZyB3aWR0aD0iMSIgaGVpZ2h0PSIxIiB4bWxucz0iaHR0cDovL3d3dy53My5vcmcvMjAwMC9zdmciPjwvc3ZnPg==\" style=\"--smush-placeholder-width: 16px; --smush-placeholder-aspect-ratio: 16\/16;\" \/>&nbsp;Cargando ...<\/div>\n\n<p>&nbsp;<\/p>\n<p>&nbsp;<\/p>\n<p>&nbsp;<\/p>\n<p>&nbsp;<\/p>\n<p>&nbsp;<\/p>\n","protected":false},"excerpt":{"rendered":"<p>Hay cosas que, si no fueran pagadas con nuestro dinero, todav\u00eda har\u00edan gracia. Pero como salen directamente del bolsillo del contribuyente \u2014a trav\u00e9s de impuestos, tasas y otras sutilezas fiscales que el gobierno considera que no hace falta explicar demasiado\u2014, la broma ya no tiene tanta sal. Hablamos de la\u00a0publicidad institucional.\u00a0Un eufemismo tan bien encontrado que incluso parecer\u00eda honesto, si no fuera que, tras la cortina de humo, se esconde lo que realmente es:\u00a0propaganda gubernamental\u00a0en estado puro,\u00a0repartida a paladas entre los grandes medios, que, mira por d\u00f3nde, no parecen tener prisa en denunciar lo que pasa. Misterios de la vida o, tal vez, misterios de la factura publicitaria. Todos los d\u00edas, los peri\u00f3dicos de referencia se convierten en cat\u00e1logos de consignas ideol\u00f3gicas. P\u00e1ginas y p\u00e1ginas de colorines y frases solemnes que, si existiera una agencia de buenas maneras institucionales, deber\u00edan venir con una advertencia: \u00abEsto puede afectar a su capacidad de pensar\u00ab. El \u00faltimo esperpento ha llegado en un par de entregas que, en apenas 48 horas, podr\u00edan figurar en cualquier manual de\u00a0propaganda de r\u00e9gimen autoritario. Primer cap\u00edtulo: el Ministerio de Trabajo La vicepresidenta Yolanda D\u00edaz, que tendr\u00e1 el asiento m\u00e1s inestable de la pol\u00edtica espa\u00f1ola, parece haber decidido compensar la angustia con un exceso de histrionismo. Nos regala un anuncio a media p\u00e1gina, en color, que proclama: \u00abDenunciar es m\u00e1s f\u00e1cil de lo que crees\u00bb\u00a0Y a\u00f1ade, paternalista:\u00a0\u00abLa ITSS est\u00e1 por ayudarte.\u00bb;\u00a0aclar\u00e9moslo, las siglas se refieren a la inspecci\u00f3n del trabajo y la seguridad social. Lo de la ayuda es una met\u00e1fora admirable, porque en realidad es una campa\u00f1a para incentivar denuncias contra las empresas. El gobierno, que deber\u00eda ser\u00a0\u00e1rbitro,\u00a0adopta el papel de\u00a0parte beligerante,\u00a0como si hubiera perdido \u2013o abandonado a gusto\u2013 su condici\u00f3n de poder neutral. En vez de administrar, agita. En vez de gobernar, sube a la tarima del mitin permanente. Es el Ministerio de Yolanda D\u00edaz\u00a0convertido en un sindicato m\u00e1s,\u00a0mientras que el que paga los platos rotos es la peque\u00f1a y mediana empresa, la que tiene menos capacidad de defenderse. As\u00ed vamos, en una versi\u00f3n posmoderna de la \u201clucha de clases\u201d Segundo cap\u00edtulo: la Generalitat El turno del adoctrinamiento le toca al Gobierno de Illa. Aqu\u00ed no hay medias tintas:\u00a0anuncio en p\u00e1gina entera.\u00a0T\u00edtulo:\u00a0\u00abSi parece violencia machista, es violencia machista.\u00bb La frase podr\u00eda pasar por una broma. Es un eslogan que destruye en seis palabras cualquier noci\u00f3n de realidad, prueba, matiz o criterio m\u00ednimo.\u00a0A partir de ahora, las cosas no son lo que son, sino lo que parecen.\u00a0Una filosof\u00eda que les gusta mucho a los tertulianos de TVE y a los justicieros de la red, pero que en una democracia moderna es, sencillamente, un desprop\u00f3sito. Porque lo que importa no es parecer, sino el ser al conocer la realidad; sin esa condici\u00f3n ninguna buena pol\u00edtica es posible. Pero esto al Gobierno Illa, que es el Gobierno S\u00e1nchez con el posado contenido de un jugador de \u201cp\u00f3quer\u201d con una mala mano, no le importa, porque\u00a0no se trata de gobernar bien, sino que lo parezca. Y a\u00fan a\u00f1aden una chica con el m\u00f3vil y cara de susto, como si toda sospecha tuviera que dar paso autom\u00e1ticamente a una denuncia. Porque este es el hilo conductor de la nueva fe institucional: estimular la cultura de la denuncia. Contra empresas, contra hombres, contra quienes sea necesario. Lo que importa no es la realidad, sino el relato. Lo que importa no es lo que ocurre, sino lo que parece que ocurre.\u00a0Y si el gobierno dice que parece, entonces ya ocurre. Todo esto se envuelve en la ret\u00f3rica del feminismo hegem\u00f3nico que, aunque solo\u00a0un 5% de la poblaci\u00f3n\u00a0considera prioritario, seg\u00fan la \u00faltima encuesta publicada, sigue siendo alimentado sin piedad. Una y otra vez, como un mantra, como una liturgia ideol\u00f3gica que no se puede cuestionar. \u00bfEl resultado? Dos problemas may\u00fasculos. Primero, el derroche\u00a0econ\u00f3mico\u00a0dedicado a sostener campa\u00f1as doctrinarias que nunca deber\u00edan salir de las arcas p\u00fablicas. Segundo, una\u00a0presi\u00f3n ideol\u00f3gica constante,\u00a0presentada bajo el aspecto de un anuncio institucional, pero con la vocaci\u00f3n disciplinaria propia de reg\u00edmenes que quieren ense\u00f1ar a los ciudadanos qu\u00e9 deben creer y c\u00f3mo deben comportarse. &nbsp; &nbsp; &nbsp; &nbsp; &nbsp;<\/p>\n","protected":false},"author":80,"featured_media":94042,"comment_status":"open","ping_status":"open","sticky":false,"template":"","format":"standard","meta":{"_FSMCFIC_featured_image_caption":"","_FSMCFIC_featured_image_nocaption":"","_FSMCFIC_featured_image_hide":"","footnotes":""},"categories":[806],"tags":[5470,3079],"class_list":["post-94044","post","type-post","status-publish","format-standard","has-post-thumbnail","hentry","category-punts-claus-del-dia-es","tag-publicidad-institucional","tag-salvador-illa"],"yoast_head":"<!-- This site is optimized with the Yoast SEO plugin v26.8 - https:\/\/yoast.com\/product\/yoast-seo-wordpress\/ -->\n<title>La publicidad institucional indecente de nuestros gobiernos - Converses a Catalunya<\/title>\n<meta name=\"description\" content=\"Hablamos de la publicidad institucional. Un eufemismo tan bien encontrado que incluso parecer\u00eda honesto, si no fuera que hay propaganda.\" \/>\n<meta name=\"robots\" content=\"index, follow, max-snippet:-1, max-image-preview:large, max-video-preview:-1\" \/>\n<link rel=\"canonical\" href=\"https:\/\/conversesacatalunya.cat\/es\/la-publicidad-institucional-indecente-de-nuestros-gobiernos\/\" \/>\n<meta property=\"og:locale\" content=\"es_ES\" \/>\n<meta property=\"og:type\" content=\"article\" \/>\n<meta property=\"og:title\" content=\"La publicidad institucional indecente de nuestros gobiernos - Converses a Catalunya\" \/>\n<meta property=\"og:description\" content=\"Hablamos de la publicidad institucional. Un eufemismo tan bien encontrado que incluso parecer\u00eda honesto, si no fuera que hay propaganda.\" \/>\n<meta property=\"og:url\" content=\"https:\/\/conversesacatalunya.cat\/es\/la-publicidad-institucional-indecente-de-nuestros-gobiernos\/\" \/>\n<meta property=\"og:site_name\" content=\"Converses a Catalunya\" \/>\n<meta property=\"article:published_time\" content=\"2025-11-20T11:41:06+00:00\" \/>\n<meta property=\"article:modified_time\" content=\"2025-11-20T12:00:44+00:00\" \/>\n<meta property=\"og:image\" content=\"https:\/\/conversesacatalunya.cat\/wp-content\/uploads\/2025\/11\/Imagen1-7.jpg\" \/>\n\t<meta property=\"og:image:width\" content=\"807\" \/>\n\t<meta property=\"og:image:height\" content=\"807\" \/>\n\t<meta property=\"og:image:type\" content=\"image\/jpeg\" \/>\n<meta name=\"author\" content=\"N\u00faria Freixa\" \/>\n<meta name=\"twitter:card\" content=\"summary_large_image\" \/>\n<meta name=\"twitter:label1\" content=\"Escrito por\" \/>\n\t<meta name=\"twitter:data1\" content=\"N\u00faria Freixa\" \/>\n\t<meta name=\"twitter:label2\" content=\"Tiempo de lectura\" \/>\n\t<meta name=\"twitter:data2\" content=\"4 minutos\" \/>\n<script type=\"application\/ld+json\" class=\"yoast-schema-graph\">{\"@context\":\"https:\/\/schema.org\",\"@graph\":[{\"@type\":\"Article\",\"@id\":\"https:\/\/conversesacatalunya.cat\/es\/la-publicidad-institucional-indecente-de-nuestros-gobiernos\/#article\",\"isPartOf\":{\"@id\":\"https:\/\/conversesacatalunya.cat\/es\/la-publicidad-institucional-indecente-de-nuestros-gobiernos\/\"},\"author\":{\"name\":\"N\u00faria Freixa\",\"@id\":\"https:\/\/conversesacatalunya.cat\/#\/schema\/person\/b734752c25b328c819a407cbea568c1f\"},\"headline\":\"La publicidad institucional indecente de nuestros gobiernos\",\"datePublished\":\"2025-11-20T11:41:06+00:00\",\"dateModified\":\"2025-11-20T12:00:44+00:00\",\"mainEntityOfPage\":{\"@id\":\"https:\/\/conversesacatalunya.cat\/es\/la-publicidad-institucional-indecente-de-nuestros-gobiernos\/\"},\"wordCount\":794,\"commentCount\":0,\"image\":{\"@id\":\"https:\/\/conversesacatalunya.cat\/es\/la-publicidad-institucional-indecente-de-nuestros-gobiernos\/#primaryimage\"},\"thumbnailUrl\":\"https:\/\/conversesacatalunya.cat\/wp-content\/uploads\/2025\/11\/Imagen1-7.jpg\",\"keywords\":[\"publicidad institucional\",\"Salvador Illa\"],\"articleSection\":[\"Punts clau del dia (ES)\"],\"inLanguage\":\"es\",\"potentialAction\":[{\"@type\":\"CommentAction\",\"name\":\"Comment\",\"target\":[\"https:\/\/conversesacatalunya.cat\/es\/la-publicidad-institucional-indecente-de-nuestros-gobiernos\/#respond\"]}]},{\"@type\":\"WebPage\",\"@id\":\"https:\/\/conversesacatalunya.cat\/es\/la-publicidad-institucional-indecente-de-nuestros-gobiernos\/\",\"url\":\"https:\/\/conversesacatalunya.cat\/es\/la-publicidad-institucional-indecente-de-nuestros-gobiernos\/\",\"name\":\"La publicidad institucional indecente de nuestros gobiernos - Converses a Catalunya\",\"isPartOf\":{\"@id\":\"https:\/\/conversesacatalunya.cat\/#website\"},\"primaryImageOfPage\":{\"@id\":\"https:\/\/conversesacatalunya.cat\/es\/la-publicidad-institucional-indecente-de-nuestros-gobiernos\/#primaryimage\"},\"image\":{\"@id\":\"https:\/\/conversesacatalunya.cat\/es\/la-publicidad-institucional-indecente-de-nuestros-gobiernos\/#primaryimage\"},\"thumbnailUrl\":\"https:\/\/conversesacatalunya.cat\/wp-content\/uploads\/2025\/11\/Imagen1-7.jpg\",\"datePublished\":\"2025-11-20T11:41:06+00:00\",\"dateModified\":\"2025-11-20T12:00:44+00:00\",\"author\":{\"@id\":\"https:\/\/conversesacatalunya.cat\/#\/schema\/person\/b734752c25b328c819a407cbea568c1f\"},\"description\":\"Hablamos de la publicidad institucional. Un eufemismo tan bien encontrado que incluso parecer\u00eda honesto, si no fuera que hay propaganda.\",\"breadcrumb\":{\"@id\":\"https:\/\/conversesacatalunya.cat\/es\/la-publicidad-institucional-indecente-de-nuestros-gobiernos\/#breadcrumb\"},\"inLanguage\":\"es\",\"potentialAction\":[{\"@type\":\"ReadAction\",\"target\":[\"https:\/\/conversesacatalunya.cat\/es\/la-publicidad-institucional-indecente-de-nuestros-gobiernos\/\"]}]},{\"@type\":\"ImageObject\",\"inLanguage\":\"es\",\"@id\":\"https:\/\/conversesacatalunya.cat\/es\/la-publicidad-institucional-indecente-de-nuestros-gobiernos\/#primaryimage\",\"url\":\"https:\/\/conversesacatalunya.cat\/wp-content\/uploads\/2025\/11\/Imagen1-7.jpg\",\"contentUrl\":\"https:\/\/conversesacatalunya.cat\/wp-content\/uploads\/2025\/11\/Imagen1-7.jpg\",\"width\":807,\"height\":807,\"caption\":\"Publicidad institucional\"},{\"@type\":\"BreadcrumbList\",\"@id\":\"https:\/\/conversesacatalunya.cat\/es\/la-publicidad-institucional-indecente-de-nuestros-gobiernos\/#breadcrumb\",\"itemListElement\":[{\"@type\":\"ListItem\",\"position\":1,\"name\":\"Inici\",\"item\":\"https:\/\/conversesacatalunya.cat\/es\/\"},{\"@type\":\"ListItem\",\"position\":2,\"name\":\"La publicidad institucional indecente de nuestros gobiernos\"}]},{\"@type\":\"WebSite\",\"@id\":\"https:\/\/conversesacatalunya.cat\/#website\",\"url\":\"https:\/\/conversesacatalunya.cat\/\",\"name\":\"Converses a Catalunya\",\"description\":\"\",\"potentialAction\":[{\"@type\":\"SearchAction\",\"target\":{\"@type\":\"EntryPoint\",\"urlTemplate\":\"https:\/\/conversesacatalunya.cat\/?s={search_term_string}\"},\"query-input\":{\"@type\":\"PropertyValueSpecification\",\"valueRequired\":true,\"valueName\":\"search_term_string\"}}],\"inLanguage\":\"es\"},{\"@type\":\"Person\",\"@id\":\"https:\/\/conversesacatalunya.cat\/#\/schema\/person\/b734752c25b328c819a407cbea568c1f\",\"name\":\"N\u00faria Freixa\",\"image\":{\"@type\":\"ImageObject\",\"inLanguage\":\"es\",\"@id\":\"https:\/\/conversesacatalunya.cat\/#\/schema\/person\/image\/\",\"url\":\"https:\/\/conversesacatalunya.cat\/wp-content\/litespeed\/avatar\/c3686e387186fed249338fe04729c597.jpg?ver=1777289182\",\"contentUrl\":\"https:\/\/conversesacatalunya.cat\/wp-content\/litespeed\/avatar\/c3686e387186fed249338fe04729c597.jpg?ver=1777289182\",\"caption\":\"N\u00faria Freixa\"},\"url\":\"https:\/\/conversesacatalunya.cat\/es\/author\/nuria_freixa\/\"}]}<\/script>\n<!-- \/ Yoast SEO plugin. -->","yoast_head_json":{"title":"La publicidad institucional indecente de nuestros gobiernos - Converses a Catalunya","description":"Hablamos de la publicidad institucional. Un eufemismo tan bien encontrado que incluso parecer\u00eda honesto, si no fuera que hay propaganda.","robots":{"index":"index","follow":"follow","max-snippet":"max-snippet:-1","max-image-preview":"max-image-preview:large","max-video-preview":"max-video-preview:-1"},"canonical":"https:\/\/conversesacatalunya.cat\/es\/la-publicidad-institucional-indecente-de-nuestros-gobiernos\/","og_locale":"es_ES","og_type":"article","og_title":"La publicidad institucional indecente de nuestros gobiernos - Converses a Catalunya","og_description":"Hablamos de la publicidad institucional. Un eufemismo tan bien encontrado que incluso parecer\u00eda honesto, si no fuera que hay propaganda.","og_url":"https:\/\/conversesacatalunya.cat\/es\/la-publicidad-institucional-indecente-de-nuestros-gobiernos\/","og_site_name":"Converses a Catalunya","article_published_time":"2025-11-20T11:41:06+00:00","article_modified_time":"2025-11-20T12:00:44+00:00","og_image":[{"width":807,"height":807,"url":"https:\/\/conversesacatalunya.cat\/wp-content\/uploads\/2025\/11\/Imagen1-7.jpg","type":"image\/jpeg"}],"author":"N\u00faria Freixa","twitter_card":"summary_large_image","twitter_misc":{"Escrito por":"N\u00faria Freixa","Tiempo de lectura":"4 minutos"},"schema":{"@context":"https:\/\/schema.org","@graph":[{"@type":"Article","@id":"https:\/\/conversesacatalunya.cat\/es\/la-publicidad-institucional-indecente-de-nuestros-gobiernos\/#article","isPartOf":{"@id":"https:\/\/conversesacatalunya.cat\/es\/la-publicidad-institucional-indecente-de-nuestros-gobiernos\/"},"author":{"name":"N\u00faria Freixa","@id":"https:\/\/conversesacatalunya.cat\/#\/schema\/person\/b734752c25b328c819a407cbea568c1f"},"headline":"La publicidad institucional indecente de nuestros gobiernos","datePublished":"2025-11-20T11:41:06+00:00","dateModified":"2025-11-20T12:00:44+00:00","mainEntityOfPage":{"@id":"https:\/\/conversesacatalunya.cat\/es\/la-publicidad-institucional-indecente-de-nuestros-gobiernos\/"},"wordCount":794,"commentCount":0,"image":{"@id":"https:\/\/conversesacatalunya.cat\/es\/la-publicidad-institucional-indecente-de-nuestros-gobiernos\/#primaryimage"},"thumbnailUrl":"https:\/\/conversesacatalunya.cat\/wp-content\/uploads\/2025\/11\/Imagen1-7.jpg","keywords":["publicidad institucional","Salvador Illa"],"articleSection":["Punts clau del dia (ES)"],"inLanguage":"es","potentialAction":[{"@type":"CommentAction","name":"Comment","target":["https:\/\/conversesacatalunya.cat\/es\/la-publicidad-institucional-indecente-de-nuestros-gobiernos\/#respond"]}]},{"@type":"WebPage","@id":"https:\/\/conversesacatalunya.cat\/es\/la-publicidad-institucional-indecente-de-nuestros-gobiernos\/","url":"https:\/\/conversesacatalunya.cat\/es\/la-publicidad-institucional-indecente-de-nuestros-gobiernos\/","name":"La publicidad institucional indecente de nuestros gobiernos - Converses a Catalunya","isPartOf":{"@id":"https:\/\/conversesacatalunya.cat\/#website"},"primaryImageOfPage":{"@id":"https:\/\/conversesacatalunya.cat\/es\/la-publicidad-institucional-indecente-de-nuestros-gobiernos\/#primaryimage"},"image":{"@id":"https:\/\/conversesacatalunya.cat\/es\/la-publicidad-institucional-indecente-de-nuestros-gobiernos\/#primaryimage"},"thumbnailUrl":"https:\/\/conversesacatalunya.cat\/wp-content\/uploads\/2025\/11\/Imagen1-7.jpg","datePublished":"2025-11-20T11:41:06+00:00","dateModified":"2025-11-20T12:00:44+00:00","author":{"@id":"https:\/\/conversesacatalunya.cat\/#\/schema\/person\/b734752c25b328c819a407cbea568c1f"},"description":"Hablamos de la publicidad institucional. Un eufemismo tan bien encontrado que incluso parecer\u00eda honesto, si no fuera que hay propaganda.","breadcrumb":{"@id":"https:\/\/conversesacatalunya.cat\/es\/la-publicidad-institucional-indecente-de-nuestros-gobiernos\/#breadcrumb"},"inLanguage":"es","potentialAction":[{"@type":"ReadAction","target":["https:\/\/conversesacatalunya.cat\/es\/la-publicidad-institucional-indecente-de-nuestros-gobiernos\/"]}]},{"@type":"ImageObject","inLanguage":"es","@id":"https:\/\/conversesacatalunya.cat\/es\/la-publicidad-institucional-indecente-de-nuestros-gobiernos\/#primaryimage","url":"https:\/\/conversesacatalunya.cat\/wp-content\/uploads\/2025\/11\/Imagen1-7.jpg","contentUrl":"https:\/\/conversesacatalunya.cat\/wp-content\/uploads\/2025\/11\/Imagen1-7.jpg","width":807,"height":807,"caption":"Publicidad institucional"},{"@type":"BreadcrumbList","@id":"https:\/\/conversesacatalunya.cat\/es\/la-publicidad-institucional-indecente-de-nuestros-gobiernos\/#breadcrumb","itemListElement":[{"@type":"ListItem","position":1,"name":"Inici","item":"https:\/\/conversesacatalunya.cat\/es\/"},{"@type":"ListItem","position":2,"name":"La publicidad institucional indecente de nuestros gobiernos"}]},{"@type":"WebSite","@id":"https:\/\/conversesacatalunya.cat\/#website","url":"https:\/\/conversesacatalunya.cat\/","name":"Converses a Catalunya","description":"","potentialAction":[{"@type":"SearchAction","target":{"@type":"EntryPoint","urlTemplate":"https:\/\/conversesacatalunya.cat\/?s={search_term_string}"},"query-input":{"@type":"PropertyValueSpecification","valueRequired":true,"valueName":"search_term_string"}}],"inLanguage":"es"},{"@type":"Person","@id":"https:\/\/conversesacatalunya.cat\/#\/schema\/person\/b734752c25b328c819a407cbea568c1f","name":"N\u00faria Freixa","image":{"@type":"ImageObject","inLanguage":"es","@id":"https:\/\/conversesacatalunya.cat\/#\/schema\/person\/image\/","url":"https:\/\/conversesacatalunya.cat\/wp-content\/litespeed\/avatar\/c3686e387186fed249338fe04729c597.jpg?ver=1777289182","contentUrl":"https:\/\/conversesacatalunya.cat\/wp-content\/litespeed\/avatar\/c3686e387186fed249338fe04729c597.jpg?ver=1777289182","caption":"N\u00faria Freixa"},"url":"https:\/\/conversesacatalunya.cat\/es\/author\/nuria_freixa\/"}]}},"wps_subtitle":"El \u00faltimo esperpento ha llegado en un par de entregas que, en apenas 48 horas, podr\u00edan figurar en cualquier manual de\u00a0propaganda de r\u00e9gimen autoritario.","_links":{"self":[{"href":"https:\/\/conversesacatalunya.cat\/es\/wp-json\/wp\/v2\/posts\/94044","targetHints":{"allow":["GET"]}}],"collection":[{"href":"https:\/\/conversesacatalunya.cat\/es\/wp-json\/wp\/v2\/posts"}],"about":[{"href":"https:\/\/conversesacatalunya.cat\/es\/wp-json\/wp\/v2\/types\/post"}],"author":[{"embeddable":true,"href":"https:\/\/conversesacatalunya.cat\/es\/wp-json\/wp\/v2\/users\/80"}],"replies":[{"embeddable":true,"href":"https:\/\/conversesacatalunya.cat\/es\/wp-json\/wp\/v2\/comments?post=94044"}],"version-history":[{"count":3,"href":"https:\/\/conversesacatalunya.cat\/es\/wp-json\/wp\/v2\/posts\/94044\/revisions"}],"predecessor-version":[{"id":94047,"href":"https:\/\/conversesacatalunya.cat\/es\/wp-json\/wp\/v2\/posts\/94044\/revisions\/94047"}],"wp:featuredmedia":[{"embeddable":true,"href":"https:\/\/conversesacatalunya.cat\/es\/wp-json\/wp\/v2\/media\/94042"}],"wp:attachment":[{"href":"https:\/\/conversesacatalunya.cat\/es\/wp-json\/wp\/v2\/media?parent=94044"}],"wp:term":[{"taxonomy":"category","embeddable":true,"href":"https:\/\/conversesacatalunya.cat\/es\/wp-json\/wp\/v2\/categories?post=94044"},{"taxonomy":"post_tag","embeddable":true,"href":"https:\/\/conversesacatalunya.cat\/es\/wp-json\/wp\/v2\/tags?post=94044"}],"curies":[{"name":"wp","href":"https:\/\/api.w.org\/{rel}","templated":true}]}}