{"id":93366,"date":"2025-10-29T11:59:24","date_gmt":"2025-10-29T10:59:24","guid":{"rendered":"https:\/\/conversesacatalunya.cat\/?p=93366"},"modified":"2025-10-29T12:20:27","modified_gmt":"2025-10-29T11:20:27","slug":"catastrofes-en-serie-la-pesadilla-de-un-estado-que-nunca-rinde-cuentas","status":"publish","type":"post","link":"https:\/\/conversesacatalunya.cat\/es\/catastrofes-en-serie-la-pesadilla-de-un-estado-que-nunca-rinde-cuentas\/","title":{"rendered":"Cat\u00e1strofes en serie: la pesadilla de un Estado que nunca rinde cuentas"},"content":{"rendered":"<p><span>Un a\u00f1o despu\u00e9s de la DANA, todo sigue igual. Las cicatrices del paisaje y las de la burocracia se confunden, y si hoy el cielo volviera a abrirse con la misma furia, los da\u00f1os ser\u00edan similares, sobre todo los materiales. Habr\u00eda menos v\u00edctimas mortales \u2014el absurdo retraso de la alerta no se reproducir\u00eda\u2014, pero el drama material, econ\u00f3mico y emocional, en parte de las v\u00edctimas, ser\u00eda sin duda el mismo.<\/span><\/p>\n<h5><strong><span dir=\"auto\">Esto es ya una primera lecci\u00f3n: en Espa\u00f1a, el tiempo pasa, pero el sistema no cambia.<\/span><\/strong><\/h5>\n<p><span dir=\"auto\">La reconstrucci\u00f3n sigue siendo lenta, desequilibrada, y a menudo humillante para los afectados. Los ayuntamientos aguantan como pueden, la Generalitat sin lograr un buen resultado, lo hace mejor que el Gobierno central que lo observa desde la lejan\u00eda madrile\u00f1a y la burocracia central, y sobre todo unos pol\u00edticos m\u00e1s atentos en se\u00f1alar la paja en el ojo del otro que ver la viga en el propio.<\/span><\/p>\n<h4><span dir=\"auto\">La falta estructural: un pa\u00eds sin rendici\u00f3n de cuentas<\/span><\/h4>\n<p><span dir=\"auto\"><span class=\"VIpgJd-yAWNEb-VIpgJd-fmcmS-sn54Q\" dir=\"auto\">Pero el verdadero problema es m\u00e1s profundo. Cada gran cat\u00e1strofe \u2013natural, sanitaria o institucional\u2013 encuentra siempre el mismo escollo:<span>\u00a0<\/span><\/span><\/span><strong><span dir=\"auto\"><span class=\"VIpgJd-yAWNEb-VIpgJd-fmcmS-sn54Q\" dir=\"auto\">la ausencia de rendimiento de cuentas.<\/span><\/span><\/strong><span dir=\"auto\"><span class=\"VIpgJd-yAWNEb-VIpgJd-fmcmS-sn54Q\" dir=\"auto\">\u00a0En Espa\u00f1a no existe la cultura de examinar los errores, aprender, mejorar.<\/span><\/span><\/p>\n<p><span dir=\"auto\">Despu\u00e9s de cada desastre, llega la rueda de prensa, la frase hecha (\u201chemos aprendido mucho\u201d) y el silencio administrativo. Ning\u00fan informe independiente, ninguna auditor\u00eda p\u00fablica, ninguna comisi\u00f3n parlamentaria con expertos, ning\u00fan libro blanco.<\/span><\/p>\n<p><span dir=\"auto\">La pol\u00edtica espa\u00f1ola vive anestesiada por una irresponsabilidad colectiva. Los gobiernos, obsesionados por la imagen y no por el servicio,<span>\u00a0<\/span><\/span><strong><span dir=\"auto\">confunden el bien com\u00fan con el bien del partido.<\/span><\/strong><span dir=\"auto\">\u00a0Y la oposici\u00f3n, como tampoco quiere verse en el espejo, se calla.<\/span><\/p>\n<h4><span dir=\"auto\">La gran lecci\u00f3n olvidada de la Covid<\/span><\/h4>\n<p><span dir=\"auto\"><span class=\"VIpgJd-yAWNEb-VIpgJd-fmcmS-sn54Q\" dir=\"auto\">La pandemia fue la prueba definitiva. Un pa\u00eds cerrado, el Parlamento silenciado, los derechos constitucionales suspendidos con una naturalidad que har\u00eda temblar a cualquier dem\u00f3crata.<\/span><\/span><br \/>\n<span dir=\"auto\"><span class=\"VIpgJd-yAWNEb-VIpgJd-fmcmS-sn54Q\" dir=\"auto\">\u00bfEl resultado? M\u00e1s muertes por mill\u00f3n de habitantes que la mayor\u00eda de Europa, una econom\u00eda hundida y esc\u00e1ndalos de corrupci\u00f3n que a\u00fan supuran, como el de las mascarillas.<\/span><\/span><\/p>\n<p><span dir=\"auto\">\u00bfY qu\u00e9 ocurri\u00f3 despu\u00e9s? Nada.<span>\u00a0<\/span><\/span><strong><span dir=\"auto\">Ni libro blanco, ni informe de expertos, ni conclusiones.<\/span><\/strong><span dir=\"auto\"><span>\u00a0<\/span>El Gobierno S\u00e1nchez no quer\u00eda revisar un desastre que le dejar\u00eda en evidencia. Pero la oposici\u00f3n tampoco: algunas comunidades, como Catalu\u00f1a y Madrid, aplicaron cribas por edad, y prefer\u00edan callar. <\/span><span dir=\"auto\">De esa falta de transparencia ha nacido un h\u00e1bito:<span>\u00a0<\/span><\/span><strong><span dir=\"auto\">la impunidad como pol\u00edtica de Estado.<\/span><\/strong><\/p>\n<p><span dir=\"auto\">Y como s\u00edmbolo de ese absurdo, hoy uno de los principales responsables de la gesti\u00f3n sanitaria fracasada, Salvador Illa, es presidente de la Generalitat. La pol\u00edtica espa\u00f1ola tiene una memoria inversa:<span>\u00a0<\/span><\/span><strong><span dir=\"auto\">premia a los errores.<\/span><\/strong><\/p>\n<h4><span dir=\"auto\">Repetir la historia: DANA, apagones, incendios<\/span><\/h4>\n<p><span dir=\"auto\"><span class=\"VIpgJd-yAWNEb-VIpgJd-fmcmS-sn54Q\" dir=\"auto\">Las mismas disfunciones vuelven una y otra vez con el mismo guion.<\/span><\/span><\/p>\n<p><span dir=\"auto\">Los fondos europeos<span>\u00a0<\/span><\/span><em><span dir=\"auto\">Next Generation,<\/span><\/em><span dir=\"auto\">\u00a0que deb\u00edan reconstruir y transformar,<span>\u00a0<\/span><\/span><strong><span dir=\"auto\">han quedado atrapados en el laberinto burocr\u00e1tico.<\/span><\/strong><span dir=\"auto\">\u00a0La mayor\u00eda de proyectos ni siquiera se han ejecutado.<\/span><\/p>\n<p><span dir=\"auto\">El SEPE, s\u00edmbolo del servicio p\u00fablico, ha pasado de la atenci\u00f3n personalizada a la cita previa imposible.<\/span><\/p>\n<p><span dir=\"auto\">Y cuando llega una nueva cat\u00e1strofe, esperamos milagros de las mismas instituciones que hace a\u00f1os funcionan como una m\u00e1quina estropeada.<\/span><\/p>\n<p><span dir=\"auto\">\u00bfEl ejemplo m\u00e1s reciente?<span>\u00a0<\/span><\/span><strong><span dir=\"auto\">El gran apag\u00f3n el\u00e9ctrico.<\/span><\/strong><span dir=\"auto\"><span>\u00a0<\/span>Todav\u00eda no se sabe lo que pas\u00f3. Las versiones del Gobierno y Red El\u00e9ctrica son contradictorias. Lo \u00fanico claro es que el coste de prevenir otra ya la estamos pagando nosotros, en la factura de la luz. As\u00ed es como funciona Espa\u00f1a:<span>\u00a0<\/span><\/span><strong><span dir=\"auto\">cuando el Estado falla, el ciudadano paga.<\/span><\/strong><\/p>\n<p><span dir=\"auto\"><span class=\"VIpgJd-yAWNEb-VIpgJd-fmcmS-sn54Q\" dir=\"auto\">\u00bfY los incendios? Este verano, el fuego arras\u00f3 a miles de hect\u00e1reas mientras los gobiernos se peleaban por las competencias. Se dice que \u00ablos incendios de verano se apagan en invierno\u00bb, pero<span>\u00a0<\/span><\/span><\/span><strong><span dir=\"auto\"><span class=\"VIpgJd-yAWNEb-VIpgJd-fmcmS-sn54Q\" dir=\"auto\">este invierno no se ha apagado nada: ni la descoordinaci\u00f3n ni la ineficiencia.<\/span><\/span><\/strong><\/p>\n<h4><span dir=\"auto\">Un Estado que no aprende<\/span><\/h4>\n<p><span dir=\"auto\">Pasada la tormenta, vuelve la indiferencia. Cada drama nacional \u2014DANA, Covid, gran apag\u00f3n, incendios\u2014 es seguido de una misma sucesi\u00f3n: titulares, excusas y olvido.<\/span><\/p>\n<p><span dir=\"auto\">El problema no es la cat\u00e1strofe, sino<span>\u00a0<\/span><\/span><strong><span dir=\"auto\">la rutina de la incompetencia.<\/span><\/strong><span dir=\"auto\">\u00a0Tenemos unos dirigentes que ni planifican, ni ejecutan, ni aprenden. Unos pol\u00edticos que han convertido el error en rutina y su irresponsabilidad en ideolog\u00eda.<\/span><\/p>\n<p><span dir=\"auto\">Y, lo que es peor,<span>\u00a0<\/span><\/span><strong><span dir=\"auto\">una ciudadan\u00eda demasiado resignada,<\/span><\/strong><span dir=\"auto\">\u00a0que no exige ni transparencia ni responsabilidad.<\/span><\/p>\n<p><span dir=\"auto\">Mientras esto no cambie, cualquier nueva emergencia \u2014sea una DANA, una pandemia o una crisis energ\u00e9tica\u2014 nos encontrar\u00e1, como siempre,<span>\u00a0<\/span><\/span><strong><span dir=\"auto\">desprotegidos, descoordinados y desinformados.<\/span><\/strong><\/p>\n<p><span dir=\"auto\">El pa\u00eds seguir\u00e1 esperando milagros de una administraci\u00f3n que no cree ni en Dios ni en la eficiencia. Y el milagro, en estas condiciones, no suele llegar.<\/span><\/p>\n<span class='bctt-click-to-tweet'><span class='bctt-ctt-text'><a href='https:\/\/twitter.com\/intent\/tweet?url=https%3A%2F%2Fconversesacatalunya.cat%2Fes%2Fcatastrofes-en-serie-la-pesadilla-de-un-estado-que-nunca-rinde-cuentas%2F&#038;text=Sin%20rendir%20cuentas%2C%20no%20hay%20futuro%3A%20s%C3%B3lo%20repetici%C3%B3n%20de%20errores.%20%23DANA%20%23Covid%20%23NextGeneration&#038;via=conversesacat&#038;related=conversesacat' target='_blank'rel=\"noopener noreferrer\">Sin rendir cuentas, no hay futuro: s\u00f3lo repetici\u00f3n de errores. #DANA #Covid #NextGeneration <\/a><\/span><a href='https:\/\/twitter.com\/intent\/tweet?url=https%3A%2F%2Fconversesacatalunya.cat%2Fes%2Fcatastrofes-en-serie-la-pesadilla-de-un-estado-que-nunca-rinde-cuentas%2F&#038;text=Sin%20rendir%20cuentas%2C%20no%20hay%20futuro%3A%20s%C3%B3lo%20repetici%C3%B3n%20de%20errores.%20%23DANA%20%23Covid%20%23NextGeneration&#038;via=conversesacat&#038;related=conversesacat' target='_blank' class='bctt-ctt-btn'rel=\"noopener noreferrer\">Compartir en X<\/a><\/span>\n<div id=\"polls-302\" class=\"wp-polls\">\n\t<form id=\"polls_form_302\" class=\"wp-polls-form\" action=\"\/index.php\" method=\"post\">\n\t\t<p style=\"display: none;\"><input type=\"hidden\" id=\"poll_302_nonce\" name=\"wp-polls-nonce\" value=\"99c4c9068a\" \/><\/p>\n\t\t<p style=\"display: none;\"><input type=\"hidden\" name=\"poll_id\" value=\"302\" \/><\/p>\n\t\t<p style=\"text-align: center\"><strong>Barcelona: est\u00e0s d'acord a desfer la nova organitzaci\u00f3 de la Diagonal per poder connectar el tramvia fins a Francesc Maci\u00e0?<\/strong><\/p><div id=\"polls-302-ans\" class=\"wp-polls-ans\"><ul class=\"wp-polls-ul\">\n\t\t<li><input type=\"radio\" id=\"poll-answer-863\" name=\"poll_302\" value=\"863\" \/> <label for=\"poll-answer-863\">S\u00ed<\/label><\/li>\n\t\t<li><input type=\"radio\" id=\"poll-answer-864\" name=\"poll_302\" value=\"864\" \/> <label for=\"poll-answer-864\">No<\/label><\/li>\n\t\t<li><input type=\"radio\" id=\"poll-answer-865\" name=\"poll_302\" value=\"865\" \/> <label for=\"poll-answer-865\">No ho s\u00e9<\/label><\/li>\n\t\t<\/ul><p style=\"text-align: center\"><input type=\"button\" name=\"vote\" value=\"   Vota   \" class=\"Buttons\" onclick=\"poll_vote(302);\" \/><\/p><p style=\"text-align: center\"><a href=\"#ViewPollResults\" onclick=\"poll_result(302); return false;\" title=\"View Results Of This Poll\">Mira els resultats<\/a><\/p><\/div>\n\t<\/form>\n<\/div>\n<div id=\"polls-302-loading\" class=\"wp-polls-loading\"><img decoding=\"async\" data-src=\"https:\/\/conversesacatalunya.cat\/wp-content\/plugins\/wp-polls\/images\/loading.gif\" width=\"16\" height=\"16\" alt=\"Cargando ...\" title=\"Cargando ...\" class=\"wp-polls-image lazyload\" src=\"data:image\/svg+xml;base64,PHN2ZyB3aWR0aD0iMSIgaGVpZ2h0PSIxIiB4bWxucz0iaHR0cDovL3d3dy53My5vcmcvMjAwMC9zdmciPjwvc3ZnPg==\" style=\"--smush-placeholder-width: 16px; --smush-placeholder-aspect-ratio: 16\/16;\" \/>&nbsp;Cargando ...<\/div>\n\n","protected":false},"excerpt":{"rendered":"<p>Un a\u00f1o despu\u00e9s de la DANA, todo sigue igual. Las cicatrices del paisaje y las de la burocracia se confunden, y si hoy el cielo volviera a abrirse con la misma furia, los da\u00f1os ser\u00edan similares, sobre todo los materiales. Habr\u00eda menos v\u00edctimas mortales \u2014el absurdo retraso de la alerta no se reproducir\u00eda\u2014, pero el drama material, econ\u00f3mico y emocional, en parte de las v\u00edctimas, ser\u00eda sin duda el mismo. Esto es ya una primera lecci\u00f3n: en Espa\u00f1a, el tiempo pasa, pero el sistema no cambia. La reconstrucci\u00f3n sigue siendo lenta, desequilibrada, y a menudo humillante para los afectados. Los ayuntamientos aguantan como pueden, la Generalitat sin lograr un buen resultado, lo hace mejor que el Gobierno central que lo observa desde la lejan\u00eda madrile\u00f1a y la burocracia central, y sobre todo unos pol\u00edticos m\u00e1s atentos en se\u00f1alar la paja en el ojo del otro que ver la viga en el propio. La falta estructural: un pa\u00eds sin rendici\u00f3n de cuentas Pero el verdadero problema es m\u00e1s profundo. Cada gran cat\u00e1strofe \u2013natural, sanitaria o institucional\u2013 encuentra siempre el mismo escollo:\u00a0la ausencia de rendimiento de cuentas.\u00a0En Espa\u00f1a no existe la cultura de examinar los errores, aprender, mejorar. Despu\u00e9s de cada desastre, llega la rueda de prensa, la frase hecha (\u201chemos aprendido mucho\u201d) y el silencio administrativo. Ning\u00fan informe independiente, ninguna auditor\u00eda p\u00fablica, ninguna comisi\u00f3n parlamentaria con expertos, ning\u00fan libro blanco. La pol\u00edtica espa\u00f1ola vive anestesiada por una irresponsabilidad colectiva. Los gobiernos, obsesionados por la imagen y no por el servicio,\u00a0confunden el bien com\u00fan con el bien del partido.\u00a0Y la oposici\u00f3n, como tampoco quiere verse en el espejo, se calla. La gran lecci\u00f3n olvidada de la Covid La pandemia fue la prueba definitiva. Un pa\u00eds cerrado, el Parlamento silenciado, los derechos constitucionales suspendidos con una naturalidad que har\u00eda temblar a cualquier dem\u00f3crata. \u00bfEl resultado? M\u00e1s muertes por mill\u00f3n de habitantes que la mayor\u00eda de Europa, una econom\u00eda hundida y esc\u00e1ndalos de corrupci\u00f3n que a\u00fan supuran, como el de las mascarillas. \u00bfY qu\u00e9 ocurri\u00f3 despu\u00e9s? Nada.\u00a0Ni libro blanco, ni informe de expertos, ni conclusiones.\u00a0El Gobierno S\u00e1nchez no quer\u00eda revisar un desastre que le dejar\u00eda en evidencia. Pero la oposici\u00f3n tampoco: algunas comunidades, como Catalu\u00f1a y Madrid, aplicaron cribas por edad, y prefer\u00edan callar. De esa falta de transparencia ha nacido un h\u00e1bito:\u00a0la impunidad como pol\u00edtica de Estado. Y como s\u00edmbolo de ese absurdo, hoy uno de los principales responsables de la gesti\u00f3n sanitaria fracasada, Salvador Illa, es presidente de la Generalitat. La pol\u00edtica espa\u00f1ola tiene una memoria inversa:\u00a0premia a los errores. Repetir la historia: DANA, apagones, incendios Las mismas disfunciones vuelven una y otra vez con el mismo guion. Los fondos europeos\u00a0Next Generation,\u00a0que deb\u00edan reconstruir y transformar,\u00a0han quedado atrapados en el laberinto burocr\u00e1tico.\u00a0La mayor\u00eda de proyectos ni siquiera se han ejecutado. El SEPE, s\u00edmbolo del servicio p\u00fablico, ha pasado de la atenci\u00f3n personalizada a la cita previa imposible. Y cuando llega una nueva cat\u00e1strofe, esperamos milagros de las mismas instituciones que hace a\u00f1os funcionan como una m\u00e1quina estropeada. \u00bfEl ejemplo m\u00e1s reciente?\u00a0El gran apag\u00f3n el\u00e9ctrico.\u00a0Todav\u00eda no se sabe lo que pas\u00f3. Las versiones del Gobierno y Red El\u00e9ctrica son contradictorias. Lo \u00fanico claro es que el coste de prevenir otra ya la estamos pagando nosotros, en la factura de la luz. As\u00ed es como funciona Espa\u00f1a:\u00a0cuando el Estado falla, el ciudadano paga. \u00bfY los incendios? Este verano, el fuego arras\u00f3 a miles de hect\u00e1reas mientras los gobiernos se peleaban por las competencias. Se dice que \u00ablos incendios de verano se apagan en invierno\u00bb, pero\u00a0este invierno no se ha apagado nada: ni la descoordinaci\u00f3n ni la ineficiencia. Un Estado que no aprende Pasada la tormenta, vuelve la indiferencia. Cada drama nacional \u2014DANA, Covid, gran apag\u00f3n, incendios\u2014 es seguido de una misma sucesi\u00f3n: titulares, excusas y olvido. El problema no es la cat\u00e1strofe, sino\u00a0la rutina de la incompetencia.\u00a0Tenemos unos dirigentes que ni planifican, ni ejecutan, ni aprenden. Unos pol\u00edticos que han convertido el error en rutina y su irresponsabilidad en ideolog\u00eda. Y, lo que es peor,\u00a0una ciudadan\u00eda demasiado resignada,\u00a0que no exige ni transparencia ni responsabilidad. Mientras esto no cambie, cualquier nueva emergencia \u2014sea una DANA, una pandemia o una crisis energ\u00e9tica\u2014 nos encontrar\u00e1, como siempre,\u00a0desprotegidos, descoordinados y desinformados. El pa\u00eds seguir\u00e1 esperando milagros de una administraci\u00f3n que no cree ni en Dios ni en la eficiencia. Y el milagro, en estas condiciones, no suele llegar.<\/p>\n","protected":false},"author":77,"featured_media":93360,"comment_status":"open","ping_status":"open","sticky":false,"template":"","format":"standard","meta":{"_FSMCFIC_featured_image_caption":"","_FSMCFIC_featured_image_nocaption":"","_FSMCFIC_featured_image_hide":"","footnotes":""},"categories":[806],"tags":[5283,5288,5212],"class_list":["post-93366","post","type-post","status-publish","format-standard","has-post-thumbnail","hentry","category-punts-claus-del-dia-es","tag-apagada-es","tag-apagon","tag-dana-es"],"yoast_head":"<!-- This site is optimized with the Yoast SEO plugin v26.8 - https:\/\/yoast.com\/product\/yoast-seo-wordpress\/ -->\n<title>Cat\u00e1strofes en serie: la pesadilla de un Estado que nunca rinde cuentas - Converses a Catalunya<\/title>\n<meta name=\"description\" content=\"Un a\u00f1o despu\u00e9s de la DANA, los errores de gesti\u00f3n, la falta de rendici\u00f3n de cuentas del gobierno y la ineficiencia administrativa.\" \/>\n<meta name=\"robots\" content=\"index, follow, max-snippet:-1, max-image-preview:large, max-video-preview:-1\" \/>\n<link rel=\"canonical\" href=\"https:\/\/conversesacatalunya.cat\/es\/catastrofes-en-serie-la-pesadilla-de-un-estado-que-nunca-rinde-cuentas\/\" \/>\n<meta property=\"og:locale\" content=\"es_ES\" \/>\n<meta property=\"og:type\" content=\"article\" \/>\n<meta property=\"og:title\" content=\"Cat\u00e1strofes en serie: la pesadilla de un Estado que nunca rinde cuentas - Converses a Catalunya\" \/>\n<meta property=\"og:description\" content=\"Un a\u00f1o despu\u00e9s de la DANA, los errores de gesti\u00f3n, la falta de rendici\u00f3n de cuentas del gobierno y la ineficiencia administrativa.\" \/>\n<meta property=\"og:url\" content=\"https:\/\/conversesacatalunya.cat\/es\/catastrofes-en-serie-la-pesadilla-de-un-estado-que-nunca-rinde-cuentas\/\" \/>\n<meta property=\"og:site_name\" content=\"Converses a Catalunya\" \/>\n<meta property=\"article:published_time\" content=\"2025-10-29T10:59:24+00:00\" \/>\n<meta property=\"article:modified_time\" content=\"2025-10-29T11:20:27+00:00\" \/>\n<meta property=\"og:image\" content=\"https:\/\/conversesacatalunya.cat\/wp-content\/uploads\/2025\/10\/DANA.jpg\" \/>\n\t<meta property=\"og:image:width\" content=\"566\" \/>\n\t<meta property=\"og:image:height\" content=\"347\" \/>\n\t<meta property=\"og:image:type\" content=\"image\/jpeg\" \/>\n<meta name=\"author\" content=\"Enric Casanovas\" \/>\n<meta name=\"twitter:card\" content=\"summary_large_image\" \/>\n<meta name=\"twitter:label1\" content=\"Escrito por\" \/>\n\t<meta name=\"twitter:data1\" content=\"Enric Casanovas\" \/>\n\t<meta name=\"twitter:label2\" content=\"Tiempo de lectura\" \/>\n\t<meta name=\"twitter:data2\" content=\"4 minutos\" \/>\n<script type=\"application\/ld+json\" class=\"yoast-schema-graph\">{\"@context\":\"https:\/\/schema.org\",\"@graph\":[{\"@type\":\"Article\",\"@id\":\"https:\/\/conversesacatalunya.cat\/es\/catastrofes-en-serie-la-pesadilla-de-un-estado-que-nunca-rinde-cuentas\/#article\",\"isPartOf\":{\"@id\":\"https:\/\/conversesacatalunya.cat\/es\/catastrofes-en-serie-la-pesadilla-de-un-estado-que-nunca-rinde-cuentas\/\"},\"author\":{\"name\":\"Enric Casanovas\",\"@id\":\"https:\/\/conversesacatalunya.cat\/#\/schema\/person\/79bd0577b2f3afc8d6519d207c6e8609\"},\"headline\":\"Cat\u00e1strofes en serie: la pesadilla de un Estado que nunca rinde cuentas\",\"datePublished\":\"2025-10-29T10:59:24+00:00\",\"dateModified\":\"2025-10-29T11:20:27+00:00\",\"mainEntityOfPage\":{\"@id\":\"https:\/\/conversesacatalunya.cat\/es\/catastrofes-en-serie-la-pesadilla-de-un-estado-que-nunca-rinde-cuentas\/\"},\"wordCount\":858,\"commentCount\":0,\"image\":{\"@id\":\"https:\/\/conversesacatalunya.cat\/es\/catastrofes-en-serie-la-pesadilla-de-un-estado-que-nunca-rinde-cuentas\/#primaryimage\"},\"thumbnailUrl\":\"https:\/\/conversesacatalunya.cat\/wp-content\/uploads\/2025\/10\/DANA.jpg\",\"keywords\":[\"apagada\",\"apag\u00f3n\",\"DANA\"],\"articleSection\":[\"Punts clau del dia (ES)\"],\"inLanguage\":\"es\",\"potentialAction\":[{\"@type\":\"CommentAction\",\"name\":\"Comment\",\"target\":[\"https:\/\/conversesacatalunya.cat\/es\/catastrofes-en-serie-la-pesadilla-de-un-estado-que-nunca-rinde-cuentas\/#respond\"]}]},{\"@type\":\"WebPage\",\"@id\":\"https:\/\/conversesacatalunya.cat\/es\/catastrofes-en-serie-la-pesadilla-de-un-estado-que-nunca-rinde-cuentas\/\",\"url\":\"https:\/\/conversesacatalunya.cat\/es\/catastrofes-en-serie-la-pesadilla-de-un-estado-que-nunca-rinde-cuentas\/\",\"name\":\"Cat\u00e1strofes en serie: la pesadilla de un Estado que nunca rinde cuentas - Converses a Catalunya\",\"isPartOf\":{\"@id\":\"https:\/\/conversesacatalunya.cat\/#website\"},\"primaryImageOfPage\":{\"@id\":\"https:\/\/conversesacatalunya.cat\/es\/catastrofes-en-serie-la-pesadilla-de-un-estado-que-nunca-rinde-cuentas\/#primaryimage\"},\"image\":{\"@id\":\"https:\/\/conversesacatalunya.cat\/es\/catastrofes-en-serie-la-pesadilla-de-un-estado-que-nunca-rinde-cuentas\/#primaryimage\"},\"thumbnailUrl\":\"https:\/\/conversesacatalunya.cat\/wp-content\/uploads\/2025\/10\/DANA.jpg\",\"datePublished\":\"2025-10-29T10:59:24+00:00\",\"dateModified\":\"2025-10-29T11:20:27+00:00\",\"author\":{\"@id\":\"https:\/\/conversesacatalunya.cat\/#\/schema\/person\/79bd0577b2f3afc8d6519d207c6e8609\"},\"description\":\"Un a\u00f1o despu\u00e9s de la DANA, los errores de gesti\u00f3n, la falta de rendici\u00f3n de cuentas del gobierno y la ineficiencia administrativa.\",\"breadcrumb\":{\"@id\":\"https:\/\/conversesacatalunya.cat\/es\/catastrofes-en-serie-la-pesadilla-de-un-estado-que-nunca-rinde-cuentas\/#breadcrumb\"},\"inLanguage\":\"es\",\"potentialAction\":[{\"@type\":\"ReadAction\",\"target\":[\"https:\/\/conversesacatalunya.cat\/es\/catastrofes-en-serie-la-pesadilla-de-un-estado-que-nunca-rinde-cuentas\/\"]}]},{\"@type\":\"ImageObject\",\"inLanguage\":\"es\",\"@id\":\"https:\/\/conversesacatalunya.cat\/es\/catastrofes-en-serie-la-pesadilla-de-un-estado-que-nunca-rinde-cuentas\/#primaryimage\",\"url\":\"https:\/\/conversesacatalunya.cat\/wp-content\/uploads\/2025\/10\/DANA.jpg\",\"contentUrl\":\"https:\/\/conversesacatalunya.cat\/wp-content\/uploads\/2025\/10\/DANA.jpg\",\"width\":566,\"height\":347,\"caption\":\"Rendici\u00f3n de cuentas gobierno\"},{\"@type\":\"BreadcrumbList\",\"@id\":\"https:\/\/conversesacatalunya.cat\/es\/catastrofes-en-serie-la-pesadilla-de-un-estado-que-nunca-rinde-cuentas\/#breadcrumb\",\"itemListElement\":[{\"@type\":\"ListItem\",\"position\":1,\"name\":\"Inici\",\"item\":\"https:\/\/conversesacatalunya.cat\/es\/\"},{\"@type\":\"ListItem\",\"position\":2,\"name\":\"Cat\u00e1strofes en serie: la pesadilla de un Estado que nunca rinde cuentas\"}]},{\"@type\":\"WebSite\",\"@id\":\"https:\/\/conversesacatalunya.cat\/#website\",\"url\":\"https:\/\/conversesacatalunya.cat\/\",\"name\":\"Converses a Catalunya\",\"description\":\"\",\"potentialAction\":[{\"@type\":\"SearchAction\",\"target\":{\"@type\":\"EntryPoint\",\"urlTemplate\":\"https:\/\/conversesacatalunya.cat\/?s={search_term_string}\"},\"query-input\":{\"@type\":\"PropertyValueSpecification\",\"valueRequired\":true,\"valueName\":\"search_term_string\"}}],\"inLanguage\":\"es\"},{\"@type\":\"Person\",\"@id\":\"https:\/\/conversesacatalunya.cat\/#\/schema\/person\/79bd0577b2f3afc8d6519d207c6e8609\",\"name\":\"Enric Casanovas\",\"image\":{\"@type\":\"ImageObject\",\"inLanguage\":\"es\",\"@id\":\"https:\/\/conversesacatalunya.cat\/#\/schema\/person\/image\/\",\"url\":\"https:\/\/conversesacatalunya.cat\/wp-content\/litespeed\/avatar\/7ae4379ad4421ec77820e92afd36dd78.jpg?ver=1777373933\",\"contentUrl\":\"https:\/\/conversesacatalunya.cat\/wp-content\/litespeed\/avatar\/7ae4379ad4421ec77820e92afd36dd78.jpg?ver=1777373933\",\"caption\":\"Enric Casanovas\"},\"url\":\"https:\/\/conversesacatalunya.cat\/es\/author\/enric-casanovas\/\"}]}<\/script>\n<!-- \/ Yoast SEO plugin. -->","yoast_head_json":{"title":"Cat\u00e1strofes en serie: la pesadilla de un Estado que nunca rinde cuentas - Converses a Catalunya","description":"Un a\u00f1o despu\u00e9s de la DANA, los errores de gesti\u00f3n, la falta de rendici\u00f3n de cuentas del gobierno y la ineficiencia administrativa.","robots":{"index":"index","follow":"follow","max-snippet":"max-snippet:-1","max-image-preview":"max-image-preview:large","max-video-preview":"max-video-preview:-1"},"canonical":"https:\/\/conversesacatalunya.cat\/es\/catastrofes-en-serie-la-pesadilla-de-un-estado-que-nunca-rinde-cuentas\/","og_locale":"es_ES","og_type":"article","og_title":"Cat\u00e1strofes en serie: la pesadilla de un Estado que nunca rinde cuentas - Converses a Catalunya","og_description":"Un a\u00f1o despu\u00e9s de la DANA, los errores de gesti\u00f3n, la falta de rendici\u00f3n de cuentas del gobierno y la ineficiencia administrativa.","og_url":"https:\/\/conversesacatalunya.cat\/es\/catastrofes-en-serie-la-pesadilla-de-un-estado-que-nunca-rinde-cuentas\/","og_site_name":"Converses a Catalunya","article_published_time":"2025-10-29T10:59:24+00:00","article_modified_time":"2025-10-29T11:20:27+00:00","og_image":[{"width":566,"height":347,"url":"https:\/\/conversesacatalunya.cat\/wp-content\/uploads\/2025\/10\/DANA.jpg","type":"image\/jpeg"}],"author":"Enric Casanovas","twitter_card":"summary_large_image","twitter_misc":{"Escrito por":"Enric Casanovas","Tiempo de lectura":"4 minutos"},"schema":{"@context":"https:\/\/schema.org","@graph":[{"@type":"Article","@id":"https:\/\/conversesacatalunya.cat\/es\/catastrofes-en-serie-la-pesadilla-de-un-estado-que-nunca-rinde-cuentas\/#article","isPartOf":{"@id":"https:\/\/conversesacatalunya.cat\/es\/catastrofes-en-serie-la-pesadilla-de-un-estado-que-nunca-rinde-cuentas\/"},"author":{"name":"Enric Casanovas","@id":"https:\/\/conversesacatalunya.cat\/#\/schema\/person\/79bd0577b2f3afc8d6519d207c6e8609"},"headline":"Cat\u00e1strofes en serie: la pesadilla de un Estado que nunca rinde cuentas","datePublished":"2025-10-29T10:59:24+00:00","dateModified":"2025-10-29T11:20:27+00:00","mainEntityOfPage":{"@id":"https:\/\/conversesacatalunya.cat\/es\/catastrofes-en-serie-la-pesadilla-de-un-estado-que-nunca-rinde-cuentas\/"},"wordCount":858,"commentCount":0,"image":{"@id":"https:\/\/conversesacatalunya.cat\/es\/catastrofes-en-serie-la-pesadilla-de-un-estado-que-nunca-rinde-cuentas\/#primaryimage"},"thumbnailUrl":"https:\/\/conversesacatalunya.cat\/wp-content\/uploads\/2025\/10\/DANA.jpg","keywords":["apagada","apag\u00f3n","DANA"],"articleSection":["Punts clau del dia (ES)"],"inLanguage":"es","potentialAction":[{"@type":"CommentAction","name":"Comment","target":["https:\/\/conversesacatalunya.cat\/es\/catastrofes-en-serie-la-pesadilla-de-un-estado-que-nunca-rinde-cuentas\/#respond"]}]},{"@type":"WebPage","@id":"https:\/\/conversesacatalunya.cat\/es\/catastrofes-en-serie-la-pesadilla-de-un-estado-que-nunca-rinde-cuentas\/","url":"https:\/\/conversesacatalunya.cat\/es\/catastrofes-en-serie-la-pesadilla-de-un-estado-que-nunca-rinde-cuentas\/","name":"Cat\u00e1strofes en serie: la pesadilla de un Estado que nunca rinde cuentas - Converses a Catalunya","isPartOf":{"@id":"https:\/\/conversesacatalunya.cat\/#website"},"primaryImageOfPage":{"@id":"https:\/\/conversesacatalunya.cat\/es\/catastrofes-en-serie-la-pesadilla-de-un-estado-que-nunca-rinde-cuentas\/#primaryimage"},"image":{"@id":"https:\/\/conversesacatalunya.cat\/es\/catastrofes-en-serie-la-pesadilla-de-un-estado-que-nunca-rinde-cuentas\/#primaryimage"},"thumbnailUrl":"https:\/\/conversesacatalunya.cat\/wp-content\/uploads\/2025\/10\/DANA.jpg","datePublished":"2025-10-29T10:59:24+00:00","dateModified":"2025-10-29T11:20:27+00:00","author":{"@id":"https:\/\/conversesacatalunya.cat\/#\/schema\/person\/79bd0577b2f3afc8d6519d207c6e8609"},"description":"Un a\u00f1o despu\u00e9s de la DANA, los errores de gesti\u00f3n, la falta de rendici\u00f3n de cuentas del gobierno y la ineficiencia administrativa.","breadcrumb":{"@id":"https:\/\/conversesacatalunya.cat\/es\/catastrofes-en-serie-la-pesadilla-de-un-estado-que-nunca-rinde-cuentas\/#breadcrumb"},"inLanguage":"es","potentialAction":[{"@type":"ReadAction","target":["https:\/\/conversesacatalunya.cat\/es\/catastrofes-en-serie-la-pesadilla-de-un-estado-que-nunca-rinde-cuentas\/"]}]},{"@type":"ImageObject","inLanguage":"es","@id":"https:\/\/conversesacatalunya.cat\/es\/catastrofes-en-serie-la-pesadilla-de-un-estado-que-nunca-rinde-cuentas\/#primaryimage","url":"https:\/\/conversesacatalunya.cat\/wp-content\/uploads\/2025\/10\/DANA.jpg","contentUrl":"https:\/\/conversesacatalunya.cat\/wp-content\/uploads\/2025\/10\/DANA.jpg","width":566,"height":347,"caption":"Rendici\u00f3n de cuentas gobierno"},{"@type":"BreadcrumbList","@id":"https:\/\/conversesacatalunya.cat\/es\/catastrofes-en-serie-la-pesadilla-de-un-estado-que-nunca-rinde-cuentas\/#breadcrumb","itemListElement":[{"@type":"ListItem","position":1,"name":"Inici","item":"https:\/\/conversesacatalunya.cat\/es\/"},{"@type":"ListItem","position":2,"name":"Cat\u00e1strofes en serie: la pesadilla de un Estado que nunca rinde cuentas"}]},{"@type":"WebSite","@id":"https:\/\/conversesacatalunya.cat\/#website","url":"https:\/\/conversesacatalunya.cat\/","name":"Converses a Catalunya","description":"","potentialAction":[{"@type":"SearchAction","target":{"@type":"EntryPoint","urlTemplate":"https:\/\/conversesacatalunya.cat\/?s={search_term_string}"},"query-input":{"@type":"PropertyValueSpecification","valueRequired":true,"valueName":"search_term_string"}}],"inLanguage":"es"},{"@type":"Person","@id":"https:\/\/conversesacatalunya.cat\/#\/schema\/person\/79bd0577b2f3afc8d6519d207c6e8609","name":"Enric Casanovas","image":{"@type":"ImageObject","inLanguage":"es","@id":"https:\/\/conversesacatalunya.cat\/#\/schema\/person\/image\/","url":"https:\/\/conversesacatalunya.cat\/wp-content\/litespeed\/avatar\/7ae4379ad4421ec77820e92afd36dd78.jpg?ver=1777373933","contentUrl":"https:\/\/conversesacatalunya.cat\/wp-content\/litespeed\/avatar\/7ae4379ad4421ec77820e92afd36dd78.jpg?ver=1777373933","caption":"Enric Casanovas"},"url":"https:\/\/conversesacatalunya.cat\/es\/author\/enric-casanovas\/"}]}},"wps_subtitle":"El problema no es la cat\u00e1strofe, sino la rutina de la incompetencia. Tenemos unos dirigentes que ni planifican, ni ejecutan, ni aprenden. Unos pol\u00edticos que han convertido el error en rutina y su irresponsabilidad en ideolog\u00eda.","_links":{"self":[{"href":"https:\/\/conversesacatalunya.cat\/es\/wp-json\/wp\/v2\/posts\/93366","targetHints":{"allow":["GET"]}}],"collection":[{"href":"https:\/\/conversesacatalunya.cat\/es\/wp-json\/wp\/v2\/posts"}],"about":[{"href":"https:\/\/conversesacatalunya.cat\/es\/wp-json\/wp\/v2\/types\/post"}],"author":[{"embeddable":true,"href":"https:\/\/conversesacatalunya.cat\/es\/wp-json\/wp\/v2\/users\/77"}],"replies":[{"embeddable":true,"href":"https:\/\/conversesacatalunya.cat\/es\/wp-json\/wp\/v2\/comments?post=93366"}],"version-history":[{"count":4,"href":"https:\/\/conversesacatalunya.cat\/es\/wp-json\/wp\/v2\/posts\/93366\/revisions"}],"predecessor-version":[{"id":93372,"href":"https:\/\/conversesacatalunya.cat\/es\/wp-json\/wp\/v2\/posts\/93366\/revisions\/93372"}],"wp:featuredmedia":[{"embeddable":true,"href":"https:\/\/conversesacatalunya.cat\/es\/wp-json\/wp\/v2\/media\/93360"}],"wp:attachment":[{"href":"https:\/\/conversesacatalunya.cat\/es\/wp-json\/wp\/v2\/media?parent=93366"}],"wp:term":[{"taxonomy":"category","embeddable":true,"href":"https:\/\/conversesacatalunya.cat\/es\/wp-json\/wp\/v2\/categories?post=93366"},{"taxonomy":"post_tag","embeddable":true,"href":"https:\/\/conversesacatalunya.cat\/es\/wp-json\/wp\/v2\/tags?post=93366"}],"curies":[{"name":"wp","href":"https:\/\/api.w.org\/{rel}","templated":true}]}}