{"id":93349,"date":"2025-10-28T11:48:05","date_gmt":"2025-10-28T10:48:05","guid":{"rendered":"https:\/\/conversesacatalunya.cat\/?p=93349"},"modified":"2025-10-28T12:06:53","modified_gmt":"2025-10-28T11:06:53","slug":"sanchez-o-el-arte-de-aferrarse-a-la-poltrona","status":"publish","type":"post","link":"https:\/\/conversesacatalunya.cat\/es\/sanchez-o-el-arte-de-aferrarse-a-la-poltrona\/","title":{"rendered":"S\u00e1nchez o el arte de aferrarse a la poltrona"},"content":{"rendered":"<p><span dir=\"auto\">Pedro S\u00e1nchez tiene un talento indiscutible: convertir lo que en Europa ser\u00eda una crisis institucional de primer orden en una tranquila tarde en la Moncloa.<span>\u00a0<\/span><\/span><strong><span dir=\"auto\">La ruptura con Junts<\/span><\/strong><span dir=\"auto\"><span>\u00a0<\/span>\u2014formal ahora, real hace tiempo\u2014 ha dejado al presidente sin mayor\u00eda para gobernar, pero con una serenidad propia de quienes confunden la pol\u00edtica con una herencia de los padres.<\/span><\/p>\n<p><span dir=\"auto\"><span class=\"VIpgJd-yAWNEb-VIpgJd-fmcmS-sn54Q\" dir=\"auto\">El hombre que gobierna sin presupuestos, sin aliados y, cada vez m\u00e1s, sin pa\u00eds, asegura con una sonrisa que \u00abno pasa nada\u00bb. Y, efectivamente, en Espa\u00f1a nunca pasa nada hasta que<span>\u00a0<\/span><\/span><\/span><strong><span dir=\"auto\"><span class=\"VIpgJd-yAWNEb-VIpgJd-fmcmS-sn54Q\" dir=\"auto\">todo se derrumba.<\/span><\/span><\/strong><\/p>\n<p><span dir=\"auto\">Por tercer a\u00f1o consecutivo, S\u00e1nchez no tendr\u00e1<span>\u00a0<\/span><\/span><a href=\"https:\/\/conversesacatalunya.cat\/es\/incumplimiento-presupuestos-constitucion-sanchez\/\" target=\"_blank\" rel=\"noopener\"><span dir=\"auto\">presupuestos<\/span><\/a><span dir=\"auto\">. En 2026 viviremos con la pr\u00f3rroga de las cuentas de 2022, una especie de arqueolog\u00eda financiera que ya <strong>provoca v\u00e9rtigo a los economistas<\/strong>. En cualquier pa\u00eds europeo, la simple incapacidad de aprobar las cuentas habr\u00eda llevado a unas elecciones inmediatas.<\/span><\/p>\n<p><span dir=\"auto\">Lo ha hecho incluso<span>\u00a0<\/span><\/span><strong><span dir=\"auto\">la presidenta de Extremadura,<\/span><\/strong><span dir=\"auto\">\u00a0que ha entendido que<span>\u00a0<\/span><\/span><strong><span dir=\"auto\">la democracia sin presupuesto es como un restaurante sin cocina.<\/span><\/strong><span dir=\"auto\"><span>\u00a0<\/span>Pero S\u00e1nchez no: \u00e9l sigue sirviendo platos imaginarios, con la misma carta desde hace tres a\u00f1os.<\/span><\/p>\n<blockquote><p><strong><span dir=\"auto\">Incluso La Autoridad Independiente de Responsabilidad Fiscal (AIReF) reconoce que ahora no hay forma de saber qu\u00e9 se gasta ni c\u00f3mo.<\/span><\/strong><\/p><\/blockquote>\n<p><span dir=\"auto\"><span class=\"VIpgJd-yAWNEb-VIpgJd-fmcmS-sn54Q\" dir=\"auto\">El presupuesto es la esencia del control democr\u00e1tico: saber en qu\u00e9 se gasta el dinero y por qu\u00e9. Sin eso, la pol\u00edtica se convierte en<span>\u00a0<\/span><\/span><\/span><strong><span dir=\"auto\"><span class=\"VIpgJd-yAWNEb-VIpgJd-fmcmS-sn54Q\" dir=\"auto\">magia negra<\/span><\/span><\/strong><span dir=\"auto\"><span class=\"VIpgJd-yAWNEb-VIpgJd-fmcmS-sn54Q\" dir=\"auto\"><span>\u00a0<\/span>presupuestaria. Incluso La Autoridad Independiente de Responsabilidad Fiscal (AIReF) reconoce que ahora<span>\u00a0<\/span><\/span><\/span><strong><span dir=\"auto\"><span class=\"VIpgJd-yAWNEb-VIpgJd-fmcmS-sn54Q\" dir=\"auto\">no hay forma de saber qu\u00e9 se gasta ni c\u00f3mo.<\/span><\/span><\/strong><span dir=\"auto\"><span class=\"VIpgJd-yAWNEb-VIpgJd-fmcmS-sn54Q\" dir=\"auto\">\u00a0Pero en la Moncloa, entre sonrisas, dicen que todo es conforme\u2026 a sus intereses est\u00e1 claro.<\/span><\/span><\/p>\n<p>Esta situaci\u00f3n no es solo an\u00f3mala; es una enmienda a la totalidad del sistema parlamentario. La democracia se basa en dos pilares: un gobierno con mayor\u00eda y unos presupuestos aprobados por el Parlamento. Si ninguna de las dos cosas existe, lo que queda es un presidente que ocupa la silla, pero no ejerce el poder. Es la versi\u00f3n ib\u00e9rica del \u00abyo me quedo, porque s\u00ed\u00bb.<\/p>\n<p><span dir=\"auto\"><span class=\"VIpgJd-yAWNEb-VIpgJd-fmcmS-sn54Q\" dir=\"auto\">Ahora bien, \u00bfc\u00f3mo es posible que este esperpento institucional sea viable? Pues por una singularidad que solo pod\u00eda salir de un pa\u00eds como el nuestro: la anomal\u00eda constitucional espa\u00f1ola. Los art\u00edculos 113 y 99 de la Constituci\u00f3n fueron escritos con una obsesi\u00f3n: que el gobierno fuera estable. El resultado es una arquitectura institucional hecha a prueba de dinamita.<\/span><\/span><\/p>\n<blockquote><p><span dir=\"auto\"><strong>Es como si para<\/strong><span>\u00a0<\/span><\/span><strong><span dir=\"auto\">desalojar a un inquilino ilegal hubiera que presentar antes el nuevo inquilino.<\/span><\/strong><\/p><\/blockquote>\n<p><strong><span dir=\"auto\">La moci\u00f3n de censura,<\/span><\/strong><span dir=\"auto\"> por ejemplo, solo es v\u00e1lida si se acompa\u00f1a de un candidato alternativo y obtiene mayor\u00eda absoluta. En realidad, es m\u00e1s una elecci\u00f3n que una destituci\u00f3n. En la pr\u00e1ctica, un presidente puede perder toda legitimidad, pero no irse, porque no hay diputados suficientes para poner a otro. Es como si para<span>\u00a0<\/span><\/span><strong><span dir=\"auto\">desalojar a un inquilino ilegal hubiera que presentar antes el nuevo inquilino.<\/span><\/strong><\/p>\n<p><strong><span dir=\"auto\"><span class=\"VIpgJd-yAWNEb-VIpgJd-fmcmS-sn54Q\" dir=\"auto\">La moci\u00f3n de confianza<\/span><\/span><\/strong><span dir=\"auto\"><span class=\"VIpgJd-yAWNEb-VIpgJd-fmcmS-sn54Q\" dir=\"auto\">, por su parte, solo la puede presentar el propio presidente. Esto limita cualquier control efectivo. El resultado es un sistema dise\u00f1ado para que quien llega al poder pueda vivir all\u00ed tranquilo hasta el final del mandato, aunque<span>\u00a0<\/span><\/span><\/span><strong><span dir=\"auto\"><span class=\"VIpgJd-yAWNEb-VIpgJd-fmcmS-sn54Q\" dir=\"auto\">gobierne con fantasmas.<\/span><\/span><\/strong><\/p>\n<p><span dir=\"auto\">Esta arquitectura absurda<span>\u00a0<\/span><\/span><strong><span dir=\"auto\">quiz\u00e1s ten\u00eda sentido en 1978,<\/span><\/strong><span dir=\"auto\">\u00a0cuando los partidos eran d\u00e9biles y hab\u00eda que proteger la democracia de s\u00ed misma. Pero hoy, m\u00e1s de cuarenta a\u00f1os despu\u00e9s, el mecanismo sirve para<span>\u00a0<\/span><\/span><strong><span dir=\"auto\">blindar a presidentes en decadencia.<\/span><\/strong><span dir=\"auto\"> Lo que ten\u00eda que dar estabilidad ha terminado creando inmovilismo; lo que deb\u00eda proteger a la democracia la ha convertido en caricatura.<\/span><\/p>\n<blockquote><p><strong>Si <span dir=\"auto\"><span class=\"\" dir=\"auto\">esto ocurriera en Hungr\u00eda o Polonia, Bruselas ya habr\u00eda levantado la voz.<\/span><\/span><\/strong><\/p><\/blockquote>\n<p><span dir=\"auto\"><span class=\"VIpgJd-yAWNEb-VIpgJd-fmcmS-sn54Q\" dir=\"auto\">Si esto ocurriera en Hungr\u00eda o Polonia, Bruselas ya habr\u00eda levantado la voz. Pero <strong>Espa\u00f1a juega con ventaja: tiene un gobierno amigo en la Comisi\u00f3n Europea.<\/strong> Ursula von der Leyen no tiene\u00a0 prisa por recordar a S\u00e1nchez que gobernar sin presupuestos y sin mayor\u00eda no es exactamente un modelo de calidad democr\u00e1tica,<\/span><\/span><strong><span dir=\"auto\"><span class=\"VIpgJd-yAWNEb-VIpgJd-fmcmS-sn54Q\" dir=\"auto\"> y no refleja los principios de la Uni\u00f3n.<\/span><\/span><\/strong><span dir=\"auto\"><span class=\"VIpgJd-yAWNEb-VIpgJd-fmcmS-sn54Q\" dir=\"auto\">\u00a0Los dobles est\u00e1ndares, ya se sabe, son tambi\u00e9n europeos.<\/span><\/span><\/p>\n<p><span dir=\"auto\"><span class=\"VIpgJd-yAWNEb-VIpgJd-fmcmS-sn54Q\" dir=\"auto\">Mientras, el pa\u00eds sigue funcionando por inercia, con la misma energ\u00eda con la que gira un molino despu\u00e9s de quedarse sin viento.<span>\u00a0<\/span><\/span><\/span><strong><span dir=\"auto\"><span class=\"VIpgJd-yAWNEb-VIpgJd-fmcmS-sn54Q\" dir=\"auto\">Los ministros dan ruedas de prensa para anunciar planes que no se cumplen<\/span><\/span><\/strong><span dir=\"auto\"><span class=\"VIpgJd-yAWNEb-VIpgJd-fmcmS-sn54Q\" dir=\"auto\"><span>\u00a0<\/span>como los<span>\u00a0<\/span><\/span><\/span><span dir=\"auto\"><span class=\"VIpgJd-yAWNEb-VIpgJd-fmcmS-sn54Q\" dir=\"auto\">de <a href=\"https:\/\/conversesacatalunya.cat\/es\/los-compromisos-incumplidos-del-gobierno-sanchez-en-vivienda-2018-2024\/\" target=\"_blank\" rel=\"noopener\">vivienda<\/a>,<\/span><\/span><span dir=\"auto\"><span class=\"VIpgJd-yAWNEb-VIpgJd-fmcmS-sn54Q\" dir=\"auto\"><span>\u00a0<\/span>e inversiones vitales que no se hacen como las necesarias y previstas para evitar riadas como la del Barranco del Poyo.<\/span><\/span><\/p>\n<blockquote><p><strong>De <span dir=\"auto\">hecho, ya lo dijo, que gobernar\u00eda con el Parlamento o sin \u00e9l. Democracia en estado puro<\/span><\/strong><\/p><\/blockquote>\n<p><span dir=\"auto\">Pero el presidente sigue ah\u00ed, como si nada. Quiz\u00e1s porque, en el fondo, es el retrato perfecto de un sistema que ha aprendido a vivir sin rendir cuentas. De hecho, ya lo dijo, que gobernar\u00eda con el Parlamento o sin \u00e9l. Democracia en estado puro.<\/span><\/p>\n<p><span dir=\"auto\">Al fin y al cabo, es la vieja historia espa\u00f1ola: cuando la realidad molesta, se aparca. Y as\u00ed, con la poltrona bien sujeta y el presupuesto fosilizado, Pedro S\u00e1nchez puede seguir asegurando que gobierna.<span>\u00a0<\/span><\/span><strong><span dir=\"auto\">Y nosotros, pacientemente, simulando que lo creemos.<\/span><\/strong><\/p>\n<span class='bctt-click-to-tweet'><span class='bctt-ctt-text'><a href='https:\/\/twitter.com\/intent\/tweet?url=https%3A%2F%2Fconversesacatalunya.cat%2Fes%2Fsanchez-o-el-arte-de-aferrarse-a-la-poltrona%2F&#038;text=Tres%20a%C3%B1os%20con%20los%20mismos%20presupuestos.%20S%C3%B3lo%20en%20Espa%C3%B1a%20puede%20ocurrir%20y%20todav%C3%ADa%20dice%20%E2%80%9Ctodo%20va%20bien%E2%80%9D.%20%23GobiernoSinPresupuesto&#038;via=conversesacat&#038;related=conversesacat' target='_blank'rel=\"noopener noreferrer\">Tres a\u00f1os con los mismos presupuestos. S\u00f3lo en Espa\u00f1a puede ocurrir y todav\u00eda dice \u201ctodo va bien\u201d. #GobiernoSinPresupuesto <\/a><\/span><a href='https:\/\/twitter.com\/intent\/tweet?url=https%3A%2F%2Fconversesacatalunya.cat%2Fes%2Fsanchez-o-el-arte-de-aferrarse-a-la-poltrona%2F&#038;text=Tres%20a%C3%B1os%20con%20los%20mismos%20presupuestos.%20S%C3%B3lo%20en%20Espa%C3%B1a%20puede%20ocurrir%20y%20todav%C3%ADa%20dice%20%E2%80%9Ctodo%20va%20bien%E2%80%9D.%20%23GobiernoSinPresupuesto&#038;via=conversesacat&#038;related=conversesacat' target='_blank' class='bctt-ctt-btn'rel=\"noopener noreferrer\">Compartir en X<\/a><\/span>\n<div id=\"polls-302\" class=\"wp-polls\">\n\t<form id=\"polls_form_302\" class=\"wp-polls-form\" action=\"\/index.php\" method=\"post\">\n\t\t<p style=\"display: none;\"><input type=\"hidden\" id=\"poll_302_nonce\" name=\"wp-polls-nonce\" value=\"5b45ba20b1\" \/><\/p>\n\t\t<p style=\"display: none;\"><input type=\"hidden\" name=\"poll_id\" value=\"302\" \/><\/p>\n\t\t<p style=\"text-align: center\"><strong>Barcelona: est\u00e0s d'acord a desfer la nova organitzaci\u00f3 de la Diagonal per poder connectar el tramvia fins a Francesc Maci\u00e0?<\/strong><\/p><div id=\"polls-302-ans\" class=\"wp-polls-ans\"><ul class=\"wp-polls-ul\">\n\t\t<li><input type=\"radio\" id=\"poll-answer-863\" name=\"poll_302\" value=\"863\" \/> <label for=\"poll-answer-863\">S\u00ed<\/label><\/li>\n\t\t<li><input type=\"radio\" id=\"poll-answer-864\" name=\"poll_302\" value=\"864\" \/> <label for=\"poll-answer-864\">No<\/label><\/li>\n\t\t<li><input type=\"radio\" id=\"poll-answer-865\" name=\"poll_302\" value=\"865\" \/> <label for=\"poll-answer-865\">No ho s\u00e9<\/label><\/li>\n\t\t<\/ul><p style=\"text-align: center\"><input type=\"button\" name=\"vote\" value=\"   Vota   \" class=\"Buttons\" onclick=\"poll_vote(302);\" \/><\/p><p style=\"text-align: center\"><a href=\"#ViewPollResults\" onclick=\"poll_result(302); return false;\" title=\"View Results Of This Poll\">Mira els resultats<\/a><\/p><\/div>\n\t<\/form>\n<\/div>\n<div id=\"polls-302-loading\" class=\"wp-polls-loading\"><img decoding=\"async\" data-src=\"https:\/\/conversesacatalunya.cat\/wp-content\/plugins\/wp-polls\/images\/loading.gif\" width=\"16\" height=\"16\" alt=\"Cargando ...\" title=\"Cargando ...\" class=\"wp-polls-image lazyload\" src=\"data:image\/svg+xml;base64,PHN2ZyB3aWR0aD0iMSIgaGVpZ2h0PSIxIiB4bWxucz0iaHR0cDovL3d3dy53My5vcmcvMjAwMC9zdmciPjwvc3ZnPg==\" style=\"--smush-placeholder-width: 16px; --smush-placeholder-aspect-ratio: 16\/16;\" \/>&nbsp;Cargando ...<\/div>\n\n","protected":false},"excerpt":{"rendered":"<p>Pedro S\u00e1nchez tiene un talento indiscutible: convertir lo que en Europa ser\u00eda una crisis institucional de primer orden en una tranquila tarde en la Moncloa.\u00a0La ruptura con Junts\u00a0\u2014formal ahora, real hace tiempo\u2014 ha dejado al presidente sin mayor\u00eda para gobernar, pero con una serenidad propia de quienes confunden la pol\u00edtica con una herencia de los padres. El hombre que gobierna sin presupuestos, sin aliados y, cada vez m\u00e1s, sin pa\u00eds, asegura con una sonrisa que \u00abno pasa nada\u00bb. Y, efectivamente, en Espa\u00f1a nunca pasa nada hasta que\u00a0todo se derrumba. Por tercer a\u00f1o consecutivo, S\u00e1nchez no tendr\u00e1\u00a0presupuestos. En 2026 viviremos con la pr\u00f3rroga de las cuentas de 2022, una especie de arqueolog\u00eda financiera que ya provoca v\u00e9rtigo a los economistas. En cualquier pa\u00eds europeo, la simple incapacidad de aprobar las cuentas habr\u00eda llevado a unas elecciones inmediatas. Lo ha hecho incluso\u00a0la presidenta de Extremadura,\u00a0que ha entendido que\u00a0la democracia sin presupuesto es como un restaurante sin cocina.\u00a0Pero S\u00e1nchez no: \u00e9l sigue sirviendo platos imaginarios, con la misma carta desde hace tres a\u00f1os. Incluso La Autoridad Independiente de Responsabilidad Fiscal (AIReF) reconoce que ahora no hay forma de saber qu\u00e9 se gasta ni c\u00f3mo. El presupuesto es la esencia del control democr\u00e1tico: saber en qu\u00e9 se gasta el dinero y por qu\u00e9. Sin eso, la pol\u00edtica se convierte en\u00a0magia negra\u00a0presupuestaria. Incluso La Autoridad Independiente de Responsabilidad Fiscal (AIReF) reconoce que ahora\u00a0no hay forma de saber qu\u00e9 se gasta ni c\u00f3mo.\u00a0Pero en la Moncloa, entre sonrisas, dicen que todo es conforme\u2026 a sus intereses est\u00e1 claro. Esta situaci\u00f3n no es solo an\u00f3mala; es una enmienda a la totalidad del sistema parlamentario. La democracia se basa en dos pilares: un gobierno con mayor\u00eda y unos presupuestos aprobados por el Parlamento. Si ninguna de las dos cosas existe, lo que queda es un presidente que ocupa la silla, pero no ejerce el poder. Es la versi\u00f3n ib\u00e9rica del \u00abyo me quedo, porque s\u00ed\u00bb. Ahora bien, \u00bfc\u00f3mo es posible que este esperpento institucional sea viable? Pues por una singularidad que solo pod\u00eda salir de un pa\u00eds como el nuestro: la anomal\u00eda constitucional espa\u00f1ola. Los art\u00edculos 113 y 99 de la Constituci\u00f3n fueron escritos con una obsesi\u00f3n: que el gobierno fuera estable. El resultado es una arquitectura institucional hecha a prueba de dinamita. Es como si para\u00a0desalojar a un inquilino ilegal hubiera que presentar antes el nuevo inquilino. La moci\u00f3n de censura, por ejemplo, solo es v\u00e1lida si se acompa\u00f1a de un candidato alternativo y obtiene mayor\u00eda absoluta. En realidad, es m\u00e1s una elecci\u00f3n que una destituci\u00f3n. En la pr\u00e1ctica, un presidente puede perder toda legitimidad, pero no irse, porque no hay diputados suficientes para poner a otro. Es como si para\u00a0desalojar a un inquilino ilegal hubiera que presentar antes el nuevo inquilino. La moci\u00f3n de confianza, por su parte, solo la puede presentar el propio presidente. Esto limita cualquier control efectivo. El resultado es un sistema dise\u00f1ado para que quien llega al poder pueda vivir all\u00ed tranquilo hasta el final del mandato, aunque\u00a0gobierne con fantasmas. Esta arquitectura absurda\u00a0quiz\u00e1s ten\u00eda sentido en 1978,\u00a0cuando los partidos eran d\u00e9biles y hab\u00eda que proteger la democracia de s\u00ed misma. Pero hoy, m\u00e1s de cuarenta a\u00f1os despu\u00e9s, el mecanismo sirve para\u00a0blindar a presidentes en decadencia. Lo que ten\u00eda que dar estabilidad ha terminado creando inmovilismo; lo que deb\u00eda proteger a la democracia la ha convertido en caricatura. Si esto ocurriera en Hungr\u00eda o Polonia, Bruselas ya habr\u00eda levantado la voz. Si esto ocurriera en Hungr\u00eda o Polonia, Bruselas ya habr\u00eda levantado la voz. Pero Espa\u00f1a juega con ventaja: tiene un gobierno amigo en la Comisi\u00f3n Europea. Ursula von der Leyen no tiene\u00a0 prisa por recordar a S\u00e1nchez que gobernar sin presupuestos y sin mayor\u00eda no es exactamente un modelo de calidad democr\u00e1tica, y no refleja los principios de la Uni\u00f3n.\u00a0Los dobles est\u00e1ndares, ya se sabe, son tambi\u00e9n europeos. Mientras, el pa\u00eds sigue funcionando por inercia, con la misma energ\u00eda con la que gira un molino despu\u00e9s de quedarse sin viento.\u00a0Los ministros dan ruedas de prensa para anunciar planes que no se cumplen\u00a0como los\u00a0de vivienda,\u00a0e inversiones vitales que no se hacen como las necesarias y previstas para evitar riadas como la del Barranco del Poyo. De hecho, ya lo dijo, que gobernar\u00eda con el Parlamento o sin \u00e9l. Democracia en estado puro Pero el presidente sigue ah\u00ed, como si nada. Quiz\u00e1s porque, en el fondo, es el retrato perfecto de un sistema que ha aprendido a vivir sin rendir cuentas. De hecho, ya lo dijo, que gobernar\u00eda con el Parlamento o sin \u00e9l. Democracia en estado puro. Al fin y al cabo, es la vieja historia espa\u00f1ola: cuando la realidad molesta, se aparca. Y as\u00ed, con la poltrona bien sujeta y el presupuesto fosilizado, Pedro S\u00e1nchez puede seguir asegurando que gobierna.\u00a0Y nosotros, pacientemente, simulando que lo creemos.<\/p>\n","protected":false},"author":80,"featured_media":93341,"comment_status":"open","ping_status":"open","sticky":false,"template":"","format":"standard","meta":{"_FSMCFIC_featured_image_caption":"","_FSMCFIC_featured_image_nocaption":"","_FSMCFIC_featured_image_hide":"","footnotes":""},"categories":[806],"tags":[1157,1748,1766],"class_list":["post-93349","post","type-post","status-publish","format-standard","has-post-thumbnail","hentry","category-punts-claus-del-dia-es","tag-pedro-sanchez-es","tag-pressupostos-es","tag-presupuestos"],"yoast_head":"<!-- This site is optimized with the Yoast SEO plugin v26.8 - https:\/\/yoast.com\/product\/yoast-seo-wordpress\/ -->\n<title>S\u00e1nchez o el arte de aferrarse a la poltrona - Converses a Catalunya<\/title>\n<meta name=\"description\" content=\"La ruptura con Junts \u2014formal ahora, real hace tiempo\u2014 ha dejado al presidente S\u00e1nchez sin mayor\u00eda para gobernar.\" \/>\n<meta name=\"robots\" content=\"index, follow, max-snippet:-1, max-image-preview:large, max-video-preview:-1\" \/>\n<link rel=\"canonical\" href=\"https:\/\/conversesacatalunya.cat\/es\/sanchez-o-el-arte-de-aferrarse-a-la-poltrona\/\" \/>\n<meta property=\"og:locale\" content=\"es_ES\" \/>\n<meta property=\"og:type\" content=\"article\" \/>\n<meta property=\"og:title\" content=\"S\u00e1nchez o el arte de aferrarse a la poltrona - Converses a Catalunya\" \/>\n<meta property=\"og:description\" content=\"La ruptura con Junts \u2014formal ahora, real hace tiempo\u2014 ha dejado al presidente S\u00e1nchez sin mayor\u00eda para gobernar.\" \/>\n<meta property=\"og:url\" content=\"https:\/\/conversesacatalunya.cat\/es\/sanchez-o-el-arte-de-aferrarse-a-la-poltrona\/\" \/>\n<meta property=\"og:site_name\" content=\"Converses a Catalunya\" \/>\n<meta property=\"article:published_time\" content=\"2025-10-28T10:48:05+00:00\" \/>\n<meta property=\"article:modified_time\" content=\"2025-10-28T11:06:53+00:00\" \/>\n<meta property=\"og:image\" content=\"https:\/\/conversesacatalunya.cat\/wp-content\/uploads\/2025\/10\/Sanchez.jpg\" \/>\n\t<meta property=\"og:image:width\" content=\"515\" \/>\n\t<meta property=\"og:image:height\" content=\"394\" \/>\n\t<meta property=\"og:image:type\" content=\"image\/jpeg\" \/>\n<meta name=\"author\" content=\"N\u00faria Freixa\" \/>\n<meta name=\"twitter:card\" content=\"summary_large_image\" \/>\n<meta name=\"twitter:label1\" content=\"Escrito por\" \/>\n\t<meta name=\"twitter:data1\" content=\"N\u00faria Freixa\" \/>\n\t<meta name=\"twitter:label2\" content=\"Tiempo de lectura\" \/>\n\t<meta name=\"twitter:data2\" content=\"5 minutos\" \/>\n<script type=\"application\/ld+json\" class=\"yoast-schema-graph\">{\"@context\":\"https:\/\/schema.org\",\"@graph\":[{\"@type\":\"Article\",\"@id\":\"https:\/\/conversesacatalunya.cat\/es\/sanchez-o-el-arte-de-aferrarse-a-la-poltrona\/#article\",\"isPartOf\":{\"@id\":\"https:\/\/conversesacatalunya.cat\/es\/sanchez-o-el-arte-de-aferrarse-a-la-poltrona\/\"},\"author\":{\"name\":\"N\u00faria Freixa\",\"@id\":\"https:\/\/conversesacatalunya.cat\/#\/schema\/person\/b734752c25b328c819a407cbea568c1f\"},\"headline\":\"S\u00e1nchez o el arte de aferrarse a la poltrona\",\"datePublished\":\"2025-10-28T10:48:05+00:00\",\"dateModified\":\"2025-10-28T11:06:53+00:00\",\"mainEntityOfPage\":{\"@id\":\"https:\/\/conversesacatalunya.cat\/es\/sanchez-o-el-arte-de-aferrarse-a-la-poltrona\/\"},\"wordCount\":923,\"commentCount\":0,\"image\":{\"@id\":\"https:\/\/conversesacatalunya.cat\/es\/sanchez-o-el-arte-de-aferrarse-a-la-poltrona\/#primaryimage\"},\"thumbnailUrl\":\"https:\/\/conversesacatalunya.cat\/wp-content\/uploads\/2025\/10\/Sanchez.jpg\",\"keywords\":[\"Pedro S\u00e1nchez\",\"pressupostos\",\"presupuestos\"],\"articleSection\":[\"Punts clau del dia (ES)\"],\"inLanguage\":\"es\",\"potentialAction\":[{\"@type\":\"CommentAction\",\"name\":\"Comment\",\"target\":[\"https:\/\/conversesacatalunya.cat\/es\/sanchez-o-el-arte-de-aferrarse-a-la-poltrona\/#respond\"]}]},{\"@type\":\"WebPage\",\"@id\":\"https:\/\/conversesacatalunya.cat\/es\/sanchez-o-el-arte-de-aferrarse-a-la-poltrona\/\",\"url\":\"https:\/\/conversesacatalunya.cat\/es\/sanchez-o-el-arte-de-aferrarse-a-la-poltrona\/\",\"name\":\"S\u00e1nchez o el arte de aferrarse a la poltrona - Converses a Catalunya\",\"isPartOf\":{\"@id\":\"https:\/\/conversesacatalunya.cat\/#website\"},\"primaryImageOfPage\":{\"@id\":\"https:\/\/conversesacatalunya.cat\/es\/sanchez-o-el-arte-de-aferrarse-a-la-poltrona\/#primaryimage\"},\"image\":{\"@id\":\"https:\/\/conversesacatalunya.cat\/es\/sanchez-o-el-arte-de-aferrarse-a-la-poltrona\/#primaryimage\"},\"thumbnailUrl\":\"https:\/\/conversesacatalunya.cat\/wp-content\/uploads\/2025\/10\/Sanchez.jpg\",\"datePublished\":\"2025-10-28T10:48:05+00:00\",\"dateModified\":\"2025-10-28T11:06:53+00:00\",\"author\":{\"@id\":\"https:\/\/conversesacatalunya.cat\/#\/schema\/person\/b734752c25b328c819a407cbea568c1f\"},\"description\":\"La ruptura con Junts \u2014formal ahora, real hace tiempo\u2014 ha dejado al presidente S\u00e1nchez sin mayor\u00eda para gobernar.\",\"breadcrumb\":{\"@id\":\"https:\/\/conversesacatalunya.cat\/es\/sanchez-o-el-arte-de-aferrarse-a-la-poltrona\/#breadcrumb\"},\"inLanguage\":\"es\",\"potentialAction\":[{\"@type\":\"ReadAction\",\"target\":[\"https:\/\/conversesacatalunya.cat\/es\/sanchez-o-el-arte-de-aferrarse-a-la-poltrona\/\"]}]},{\"@type\":\"ImageObject\",\"inLanguage\":\"es\",\"@id\":\"https:\/\/conversesacatalunya.cat\/es\/sanchez-o-el-arte-de-aferrarse-a-la-poltrona\/#primaryimage\",\"url\":\"https:\/\/conversesacatalunya.cat\/wp-content\/uploads\/2025\/10\/Sanchez.jpg\",\"contentUrl\":\"https:\/\/conversesacatalunya.cat\/wp-content\/uploads\/2025\/10\/Sanchez.jpg\",\"width\":515,\"height\":394,\"caption\":\"S\u00e1nchez sin mayor\u00eda\"},{\"@type\":\"BreadcrumbList\",\"@id\":\"https:\/\/conversesacatalunya.cat\/es\/sanchez-o-el-arte-de-aferrarse-a-la-poltrona\/#breadcrumb\",\"itemListElement\":[{\"@type\":\"ListItem\",\"position\":1,\"name\":\"Inici\",\"item\":\"https:\/\/conversesacatalunya.cat\/es\/\"},{\"@type\":\"ListItem\",\"position\":2,\"name\":\"S\u00e1nchez o el arte de aferrarse a la poltrona\"}]},{\"@type\":\"WebSite\",\"@id\":\"https:\/\/conversesacatalunya.cat\/#website\",\"url\":\"https:\/\/conversesacatalunya.cat\/\",\"name\":\"Converses a Catalunya\",\"description\":\"\",\"potentialAction\":[{\"@type\":\"SearchAction\",\"target\":{\"@type\":\"EntryPoint\",\"urlTemplate\":\"https:\/\/conversesacatalunya.cat\/?s={search_term_string}\"},\"query-input\":{\"@type\":\"PropertyValueSpecification\",\"valueRequired\":true,\"valueName\":\"search_term_string\"}}],\"inLanguage\":\"es\"},{\"@type\":\"Person\",\"@id\":\"https:\/\/conversesacatalunya.cat\/#\/schema\/person\/b734752c25b328c819a407cbea568c1f\",\"name\":\"N\u00faria Freixa\",\"image\":{\"@type\":\"ImageObject\",\"inLanguage\":\"es\",\"@id\":\"https:\/\/conversesacatalunya.cat\/#\/schema\/person\/image\/\",\"url\":\"https:\/\/conversesacatalunya.cat\/wp-content\/litespeed\/avatar\/c3686e387186fed249338fe04729c597.jpg?ver=1777289182\",\"contentUrl\":\"https:\/\/conversesacatalunya.cat\/wp-content\/litespeed\/avatar\/c3686e387186fed249338fe04729c597.jpg?ver=1777289182\",\"caption\":\"N\u00faria Freixa\"},\"url\":\"https:\/\/conversesacatalunya.cat\/es\/author\/nuria_freixa\/\"}]}<\/script>\n<!-- \/ Yoast SEO plugin. -->","yoast_head_json":{"title":"S\u00e1nchez o el arte de aferrarse a la poltrona - Converses a Catalunya","description":"La ruptura con Junts \u2014formal ahora, real hace tiempo\u2014 ha dejado al presidente S\u00e1nchez sin mayor\u00eda para gobernar.","robots":{"index":"index","follow":"follow","max-snippet":"max-snippet:-1","max-image-preview":"max-image-preview:large","max-video-preview":"max-video-preview:-1"},"canonical":"https:\/\/conversesacatalunya.cat\/es\/sanchez-o-el-arte-de-aferrarse-a-la-poltrona\/","og_locale":"es_ES","og_type":"article","og_title":"S\u00e1nchez o el arte de aferrarse a la poltrona - Converses a Catalunya","og_description":"La ruptura con Junts \u2014formal ahora, real hace tiempo\u2014 ha dejado al presidente S\u00e1nchez sin mayor\u00eda para gobernar.","og_url":"https:\/\/conversesacatalunya.cat\/es\/sanchez-o-el-arte-de-aferrarse-a-la-poltrona\/","og_site_name":"Converses a Catalunya","article_published_time":"2025-10-28T10:48:05+00:00","article_modified_time":"2025-10-28T11:06:53+00:00","og_image":[{"width":515,"height":394,"url":"https:\/\/conversesacatalunya.cat\/wp-content\/uploads\/2025\/10\/Sanchez.jpg","type":"image\/jpeg"}],"author":"N\u00faria Freixa","twitter_card":"summary_large_image","twitter_misc":{"Escrito por":"N\u00faria Freixa","Tiempo de lectura":"5 minutos"},"schema":{"@context":"https:\/\/schema.org","@graph":[{"@type":"Article","@id":"https:\/\/conversesacatalunya.cat\/es\/sanchez-o-el-arte-de-aferrarse-a-la-poltrona\/#article","isPartOf":{"@id":"https:\/\/conversesacatalunya.cat\/es\/sanchez-o-el-arte-de-aferrarse-a-la-poltrona\/"},"author":{"name":"N\u00faria Freixa","@id":"https:\/\/conversesacatalunya.cat\/#\/schema\/person\/b734752c25b328c819a407cbea568c1f"},"headline":"S\u00e1nchez o el arte de aferrarse a la poltrona","datePublished":"2025-10-28T10:48:05+00:00","dateModified":"2025-10-28T11:06:53+00:00","mainEntityOfPage":{"@id":"https:\/\/conversesacatalunya.cat\/es\/sanchez-o-el-arte-de-aferrarse-a-la-poltrona\/"},"wordCount":923,"commentCount":0,"image":{"@id":"https:\/\/conversesacatalunya.cat\/es\/sanchez-o-el-arte-de-aferrarse-a-la-poltrona\/#primaryimage"},"thumbnailUrl":"https:\/\/conversesacatalunya.cat\/wp-content\/uploads\/2025\/10\/Sanchez.jpg","keywords":["Pedro S\u00e1nchez","pressupostos","presupuestos"],"articleSection":["Punts clau del dia (ES)"],"inLanguage":"es","potentialAction":[{"@type":"CommentAction","name":"Comment","target":["https:\/\/conversesacatalunya.cat\/es\/sanchez-o-el-arte-de-aferrarse-a-la-poltrona\/#respond"]}]},{"@type":"WebPage","@id":"https:\/\/conversesacatalunya.cat\/es\/sanchez-o-el-arte-de-aferrarse-a-la-poltrona\/","url":"https:\/\/conversesacatalunya.cat\/es\/sanchez-o-el-arte-de-aferrarse-a-la-poltrona\/","name":"S\u00e1nchez o el arte de aferrarse a la poltrona - Converses a Catalunya","isPartOf":{"@id":"https:\/\/conversesacatalunya.cat\/#website"},"primaryImageOfPage":{"@id":"https:\/\/conversesacatalunya.cat\/es\/sanchez-o-el-arte-de-aferrarse-a-la-poltrona\/#primaryimage"},"image":{"@id":"https:\/\/conversesacatalunya.cat\/es\/sanchez-o-el-arte-de-aferrarse-a-la-poltrona\/#primaryimage"},"thumbnailUrl":"https:\/\/conversesacatalunya.cat\/wp-content\/uploads\/2025\/10\/Sanchez.jpg","datePublished":"2025-10-28T10:48:05+00:00","dateModified":"2025-10-28T11:06:53+00:00","author":{"@id":"https:\/\/conversesacatalunya.cat\/#\/schema\/person\/b734752c25b328c819a407cbea568c1f"},"description":"La ruptura con Junts \u2014formal ahora, real hace tiempo\u2014 ha dejado al presidente S\u00e1nchez sin mayor\u00eda para gobernar.","breadcrumb":{"@id":"https:\/\/conversesacatalunya.cat\/es\/sanchez-o-el-arte-de-aferrarse-a-la-poltrona\/#breadcrumb"},"inLanguage":"es","potentialAction":[{"@type":"ReadAction","target":["https:\/\/conversesacatalunya.cat\/es\/sanchez-o-el-arte-de-aferrarse-a-la-poltrona\/"]}]},{"@type":"ImageObject","inLanguage":"es","@id":"https:\/\/conversesacatalunya.cat\/es\/sanchez-o-el-arte-de-aferrarse-a-la-poltrona\/#primaryimage","url":"https:\/\/conversesacatalunya.cat\/wp-content\/uploads\/2025\/10\/Sanchez.jpg","contentUrl":"https:\/\/conversesacatalunya.cat\/wp-content\/uploads\/2025\/10\/Sanchez.jpg","width":515,"height":394,"caption":"S\u00e1nchez sin mayor\u00eda"},{"@type":"BreadcrumbList","@id":"https:\/\/conversesacatalunya.cat\/es\/sanchez-o-el-arte-de-aferrarse-a-la-poltrona\/#breadcrumb","itemListElement":[{"@type":"ListItem","position":1,"name":"Inici","item":"https:\/\/conversesacatalunya.cat\/es\/"},{"@type":"ListItem","position":2,"name":"S\u00e1nchez o el arte de aferrarse a la poltrona"}]},{"@type":"WebSite","@id":"https:\/\/conversesacatalunya.cat\/#website","url":"https:\/\/conversesacatalunya.cat\/","name":"Converses a Catalunya","description":"","potentialAction":[{"@type":"SearchAction","target":{"@type":"EntryPoint","urlTemplate":"https:\/\/conversesacatalunya.cat\/?s={search_term_string}"},"query-input":{"@type":"PropertyValueSpecification","valueRequired":true,"valueName":"search_term_string"}}],"inLanguage":"es"},{"@type":"Person","@id":"https:\/\/conversesacatalunya.cat\/#\/schema\/person\/b734752c25b328c819a407cbea568c1f","name":"N\u00faria Freixa","image":{"@type":"ImageObject","inLanguage":"es","@id":"https:\/\/conversesacatalunya.cat\/#\/schema\/person\/image\/","url":"https:\/\/conversesacatalunya.cat\/wp-content\/litespeed\/avatar\/c3686e387186fed249338fe04729c597.jpg?ver=1777289182","contentUrl":"https:\/\/conversesacatalunya.cat\/wp-content\/litespeed\/avatar\/c3686e387186fed249338fe04729c597.jpg?ver=1777289182","caption":"N\u00faria Freixa"},"url":"https:\/\/conversesacatalunya.cat\/es\/author\/nuria_freixa\/"}]}},"wps_subtitle":"La ruptura con Junts \u2014formal ahora, real hace tiempo\u2014 ha dejado al presidente sin mayor\u00eda para gobernar, pero con una serenidad propia de quienes confunden la pol\u00edtica con una herencia de los padres.","_links":{"self":[{"href":"https:\/\/conversesacatalunya.cat\/es\/wp-json\/wp\/v2\/posts\/93349","targetHints":{"allow":["GET"]}}],"collection":[{"href":"https:\/\/conversesacatalunya.cat\/es\/wp-json\/wp\/v2\/posts"}],"about":[{"href":"https:\/\/conversesacatalunya.cat\/es\/wp-json\/wp\/v2\/types\/post"}],"author":[{"embeddable":true,"href":"https:\/\/conversesacatalunya.cat\/es\/wp-json\/wp\/v2\/users\/80"}],"replies":[{"embeddable":true,"href":"https:\/\/conversesacatalunya.cat\/es\/wp-json\/wp\/v2\/comments?post=93349"}],"version-history":[{"count":4,"href":"https:\/\/conversesacatalunya.cat\/es\/wp-json\/wp\/v2\/posts\/93349\/revisions"}],"predecessor-version":[{"id":93350,"href":"https:\/\/conversesacatalunya.cat\/es\/wp-json\/wp\/v2\/posts\/93349\/revisions\/93350"}],"wp:featuredmedia":[{"embeddable":true,"href":"https:\/\/conversesacatalunya.cat\/es\/wp-json\/wp\/v2\/media\/93341"}],"wp:attachment":[{"href":"https:\/\/conversesacatalunya.cat\/es\/wp-json\/wp\/v2\/media?parent=93349"}],"wp:term":[{"taxonomy":"category","embeddable":true,"href":"https:\/\/conversesacatalunya.cat\/es\/wp-json\/wp\/v2\/categories?post=93349"},{"taxonomy":"post_tag","embeddable":true,"href":"https:\/\/conversesacatalunya.cat\/es\/wp-json\/wp\/v2\/tags?post=93349"}],"curies":[{"name":"wp","href":"https:\/\/api.w.org\/{rel}","templated":true}]}}