{"id":93291,"date":"2025-10-27T10:11:51","date_gmt":"2025-10-27T09:11:51","guid":{"rendered":"https:\/\/conversesacatalunya.cat\/?p=93291"},"modified":"2025-10-27T11:11:37","modified_gmt":"2025-10-27T10:11:37","slug":"los-compromisos-incumplidos-del-gobierno-sanchez-en-vivienda-2018-2024","status":"publish","type":"post","link":"https:\/\/conversesacatalunya.cat\/es\/los-compromisos-incumplidos-del-gobierno-sanchez-en-vivienda-2018-2024\/","title":{"rendered":"Los compromisos incumplidos del Gobierno S\u00e1nchez en vivienda (2018\u20132024) (II)"},"content":{"rendered":"<p>Dicho claro y concreto: si S\u00e1nchez hubiera cumplido con lo que hab\u00eda venido prometiendo en materia de vivienda desde 2018, la crisis, no existir\u00eda.<\/p>\n<p>Desde su llegada al poder en<a href=\"https:\/\/conversesacatalunya.cat\/es\/sanchez-responsable-de-la-gran-crisis-de-la-vivienda-datos-y-hechos\/\" target=\"_blank\" rel=\"noopener\"> <strong>junio de 2018<\/strong>,<\/a> Pedro S\u00e1nchez ha reconocido repetidamente el problema de la vivienda y ha anunciado <strong>ambiciosos planes<\/strong> para atajarlo \u2013 <strong>pero la ejecuci\u00f3n efectiva ha sido muy limitada<\/strong>.<\/p>\n<p>Cabe destacar que Espa\u00f1a pr\u00e1cticamente dej\u00f3 de construir vivienda protegida durante la \u00faltima d\u00e9cada, situ\u00e1ndose con un parque social en torno al <strong>2,5% del total<\/strong> de viviendas, muy por debajo del <strong>9% de media europea. <\/strong>En 1981 casi la mitad de las viviendas nuevas eran protegidas, pero en 2019 apenas fueron el <strong>8,5%<\/strong>.<\/p>\n<p>De hecho, en 2020 las Administraciones P\u00fablicas solo promovieron <strong>328 viviendas<\/strong> en toda Espa\u00f1a, un m\u00ednimo hist\u00f3rico. La responsabilidad gubernamental resulta obvia. Ante esta realidad, <strong>el Gobierno de S\u00e1nchez prometi\u00f3 reactivar la vivienda p\u00fablica<\/strong>, aunque los resultados tangibles han sido escasos.<\/p>\n<h5><strong>A continuaci\u00f3n, se resumen los principales anuncios en materia de vivienda durante los gobiernos de S\u00e1nchez y su grado de cumplimiento:<\/strong><\/h5>\n<ul>\n<li><strong>2018 \u2013 Plan 20.000 viviendas asequibles:<\/strong> Poco despu\u00e9s de asumir la presidencia, en julio de 2018, el ministro Jos\u00e9 Luis \u00c1balos present\u00f3 un plan para construir <strong>20.000 viviendas de alquiler asequible<\/strong> en 4 o 6 a\u00f1os. Este fue el primer gran compromiso p\u00fablico de la era S\u00e1nchez para ampliar la oferta social.<\/li>\n<li><strong>2021 \u2013 Ampliaci\u00f3n a 100.000 viviendas:<\/strong> En 2021 el Gobierno elev\u00f3 la meta a <strong>100.000 viviendas<\/strong> protegidas o asequibles en construcci\u00f3n. Asimismo, en enero de 2022 lanz\u00f3 el <strong>Plan Estatal para el Acceso a la Vivienda 2022-2025<\/strong> con diversas medidas de apoyo.<\/li>\n<li><strong>2023 \u2013 Plan de Alquiler Asequible (184.000 viviendas):<\/strong> Coincidiendo con un a\u00f1o electoral, en 2023 se anunci\u00f3 junto a CCAA y ayuntamientos un <strong>Plan de Vivienda en Alquiler Asequible<\/strong> que aspira a <strong>construir 184.000 viviendas<\/strong> p\u00fablicas o protegidas. Adem\u00e1s, en abril de 2023 Pedro S\u00e1nchez prometi\u00f3 en total hasta <strong>244.000 nuevas viviendas p\u00fablicas,<\/strong> movilizando distintas fuentes (incluyendo 50.000 de la Sareb, viviendas de ministerios, convenios con promotores, etc.)<\/li>\n<li><strong>Ley por el Derecho a la Vivienda (2023):<\/strong> En mayo de 2023 se aprob\u00f3 la <strong>primera Ley estatal de Vivienda<\/strong> de la democracia, que entre otras cosas limita los precios del alquiler en zonas tensionadas y refuerza la protecci\u00f3n frente a desahucios. Aunque esta ley aborda la regulaci\u00f3n de mercados, su impacto en aumentar la oferta <strong>a\u00fan est\u00e1 por ver<\/strong>.<\/li>\n<li><strong>PERTE de industrializaci\u00f3n (2025):<\/strong> Ya en 2025, el gobierno anunci\u00f3 un <strong>PERTE<\/strong> (proyecto estrat\u00e9gico) para industrializar la construcci\u00f3n residencial, con 1.300 millones \u20ac p\u00fablicos para impulsar m\u00e9todos prefabricados y producir <strong>15.000-20.000 viviendas anuales<\/strong> adicionales en el futuro.<\/li>\n<\/ul>\n<h5><strong>Balance de cumplimiento:<\/strong><\/h5>\n<p>A pesar de los anuncios, <strong>el despliegue real ha sido muy limitado<\/strong>. Seg\u00fan datos oficiales a finales de <strong>julio de 2024<\/strong>, del plan de 184.000 viviendas asequibles estaban <strong>80.745 viviendas \u201cmovilizadas\u201d<\/strong> (es decir, con fondos transferidos a CCAA\/ayuntamientos) y otras <strong>59.879 en fase de firma o desarrollo<\/strong>, pero <strong>no se sabe cu\u00e1ntas han sido realmente construidas o entregadas<\/strong>.<\/p>\n<p>De hecho, el propio Gobierno no pudo aportar la cifra de viviendas efectivamente terminadas dentro de ese plan, lo cual no deja de ser escandaloso. Peor a\u00fan, de la promesa total de <strong>244.000 viviendas p\u00fablicas<\/strong> que Pedro S\u00e1nchez hizo en abril 2023, para <strong>fines de 2024 solo se hab\u00edan entregado unas 350 unidades<\/strong> nuevas. Otras <strong>47.209 viviendas<\/strong> estaban con contrato firmado (en obra o proyecto) y <strong>71.620 \u201cmovilizadas\u201d<\/strong> con terreno o financiaci\u00f3n asignada, mientras <strong>m\u00e1s de 115.000 ni siquiera se hab\u00edan iniciado<\/strong> a\u00fan.<\/p>\n<p>El plan financiado con fondos europeos para construir <strong>25.000 viviendas sociales<\/strong> tambi\u00e9n avanz\u00f3 lento: a finales de 2024 <strong>no se hab\u00eda entregado ni una sola<\/strong> de esas casas; solo 16.067 estaban adjudicadas o en proyecto y 2.522 en licitaci\u00f3n, con menos del <strong>50% del presupuesto ejecutado.<\/strong><\/p>\n<h5><strong>Las cifras presupuestarias confirman esta brecha entre el discurso y la realidad. <\/strong><\/h5>\n<p>En 2023 el Estado <strong>solo ejecut\u00f3 el 47%<\/strong> del gasto previsto en vivienda y edificaci\u00f3n, dejando sin usar m\u00e1s de <strong>2.000 millones de euros<\/strong> destinados al acceso a la vivienda, lo cual es extremadamente grave, dice mucho de la capacidad ejecutiva del gobierno y justifica sobradamente la petici\u00f3n de dimisi\u00f3n de la ministra.<\/p>\n<p>Diversos analistas y medios han calificado de <strong>malo<\/strong> el balance de seis a\u00f1os de Gobierno de S\u00e1nchez en materia habitacional, se\u00f1alando que la <strong>lentitud en la ejecuci\u00f3n<\/strong> y la falta de resultados concretos han contribuido al <strong>agravamiento de la crisis<\/strong>.<\/p>\n<p>En s\u00edntesis, <strong>la actual crisis de vivienda ha tomado fuerza bajo los gobiernos de Pedro S\u00e1nchez<\/strong>: si bien responde a factores estructurales (demograf\u00eda, urbanismo, turismo&#8230;), la <strong>ausencia de una respuesta p\u00fablica eficaz<\/strong> entre 2018 y 2023 permiti\u00f3 que el problema pasara de latente a cr\u00edtico.<\/p>\n<p>Hoy Espa\u00f1a se enfrenta a un desaf\u00edo habitacional may\u00fasculo \u2013 <strong>el mayor en d\u00e9cadas<\/strong> \u2013 cuya gestaci\u00f3n coincide plenamente con el periodo de Gobierno de S\u00e1nchez, durante el cual la oferta de vivienda accesible <strong>no aument\u00f3 al ritmo necesario<\/strong> y las soluciones prometidas <strong>no llegaron a materializarse.<\/strong><\/p>\n<span class='bctt-click-to-tweet'><span class='bctt-ctt-text'><a href='https:\/\/twitter.com\/intent\/tweet?url=https%3A%2F%2Fconversesacatalunya.cat%2Fes%2Flos-compromisos-incumplidos-del-gobierno-sanchez-en-vivienda-2018-2024%2F&#038;text=La%20crisis%20de%20vivienda%20no%20cay%C3%B3%20del%20cielo%3A%20seis%20a%C3%B1os%20de%20inacci%C3%B3n%20la%20convirtieron%20en%20una%20emergencia%20nacional.%20%23Espa%C3%B1a%20%23CrisisHabitacional&#038;via=conversesacat&#038;related=conversesacat' target='_blank'rel=\"noopener noreferrer\">La crisis de vivienda no cay\u00f3 del cielo: seis a\u00f1os de inacci\u00f3n la convirtieron en una emergencia nacional. #Espa\u00f1a #CrisisHabitacional <\/a><\/span><a href='https:\/\/twitter.com\/intent\/tweet?url=https%3A%2F%2Fconversesacatalunya.cat%2Fes%2Flos-compromisos-incumplidos-del-gobierno-sanchez-en-vivienda-2018-2024%2F&#038;text=La%20crisis%20de%20vivienda%20no%20cay%C3%B3%20del%20cielo%3A%20seis%20a%C3%B1os%20de%20inacci%C3%B3n%20la%20convirtieron%20en%20una%20emergencia%20nacional.%20%23Espa%C3%B1a%20%23CrisisHabitacional&#038;via=conversesacat&#038;related=conversesacat' target='_blank' class='bctt-ctt-btn'rel=\"noopener noreferrer\">Compartir en X<\/a><\/span>\n<div id=\"polls-302\" class=\"wp-polls\">\n\t<form id=\"polls_form_302\" class=\"wp-polls-form\" action=\"\/index.php\" method=\"post\">\n\t\t<p style=\"display: none;\"><input type=\"hidden\" id=\"poll_302_nonce\" name=\"wp-polls-nonce\" value=\"f84270f513\" \/><\/p>\n\t\t<p style=\"display: none;\"><input type=\"hidden\" name=\"poll_id\" value=\"302\" \/><\/p>\n\t\t<p style=\"text-align: center\"><strong>Barcelona: est\u00e0s d'acord a desfer la nova organitzaci\u00f3 de la Diagonal per poder connectar el tramvia fins a Francesc Maci\u00e0?<\/strong><\/p><div id=\"polls-302-ans\" class=\"wp-polls-ans\"><ul class=\"wp-polls-ul\">\n\t\t<li><input type=\"radio\" id=\"poll-answer-863\" name=\"poll_302\" value=\"863\" \/> <label for=\"poll-answer-863\">S\u00ed<\/label><\/li>\n\t\t<li><input type=\"radio\" id=\"poll-answer-864\" name=\"poll_302\" value=\"864\" \/> <label for=\"poll-answer-864\">No<\/label><\/li>\n\t\t<li><input type=\"radio\" id=\"poll-answer-865\" name=\"poll_302\" value=\"865\" \/> <label for=\"poll-answer-865\">No ho s\u00e9<\/label><\/li>\n\t\t<\/ul><p style=\"text-align: center\"><input type=\"button\" name=\"vote\" value=\"   Vota   \" class=\"Buttons\" onclick=\"poll_vote(302);\" \/><\/p><p style=\"text-align: center\"><a href=\"#ViewPollResults\" onclick=\"poll_result(302); return false;\" title=\"View Results Of This Poll\">Mira els resultats<\/a><\/p><\/div>\n\t<\/form>\n<\/div>\n<div id=\"polls-302-loading\" class=\"wp-polls-loading\"><img decoding=\"async\" data-src=\"https:\/\/conversesacatalunya.cat\/wp-content\/plugins\/wp-polls\/images\/loading.gif\" width=\"16\" height=\"16\" alt=\"Cargando ...\" title=\"Cargando ...\" class=\"wp-polls-image lazyload\" src=\"data:image\/svg+xml;base64,PHN2ZyB3aWR0aD0iMSIgaGVpZ2h0PSIxIiB4bWxucz0iaHR0cDovL3d3dy53My5vcmcvMjAwMC9zdmciPjwvc3ZnPg==\" style=\"--smush-placeholder-width: 16px; --smush-placeholder-aspect-ratio: 16\/16;\" \/>&nbsp;Cargando ...<\/div>\n\n","protected":false},"excerpt":{"rendered":"<p>Dicho claro y concreto: si S\u00e1nchez hubiera cumplido con lo que hab\u00eda venido prometiendo en materia de vivienda desde 2018, la crisis, no existir\u00eda. Desde su llegada al poder en junio de 2018, Pedro S\u00e1nchez ha reconocido repetidamente el problema de la vivienda y ha anunciado ambiciosos planes para atajarlo \u2013 pero la ejecuci\u00f3n efectiva ha sido muy limitada. Cabe destacar que Espa\u00f1a pr\u00e1cticamente dej\u00f3 de construir vivienda protegida durante la \u00faltima d\u00e9cada, situ\u00e1ndose con un parque social en torno al 2,5% del total de viviendas, muy por debajo del 9% de media europea. En 1981 casi la mitad de las viviendas nuevas eran protegidas, pero en 2019 apenas fueron el 8,5%. De hecho, en 2020 las Administraciones P\u00fablicas solo promovieron 328 viviendas en toda Espa\u00f1a, un m\u00ednimo hist\u00f3rico. La responsabilidad gubernamental resulta obvia. Ante esta realidad, el Gobierno de S\u00e1nchez prometi\u00f3 reactivar la vivienda p\u00fablica, aunque los resultados tangibles han sido escasos. A continuaci\u00f3n, se resumen los principales anuncios en materia de vivienda durante los gobiernos de S\u00e1nchez y su grado de cumplimiento: 2018 \u2013 Plan 20.000 viviendas asequibles: Poco despu\u00e9s de asumir la presidencia, en julio de 2018, el ministro Jos\u00e9 Luis \u00c1balos present\u00f3 un plan para construir 20.000 viviendas de alquiler asequible en 4 o 6 a\u00f1os. Este fue el primer gran compromiso p\u00fablico de la era S\u00e1nchez para ampliar la oferta social. 2021 \u2013 Ampliaci\u00f3n a 100.000 viviendas: En 2021 el Gobierno elev\u00f3 la meta a 100.000 viviendas protegidas o asequibles en construcci\u00f3n. Asimismo, en enero de 2022 lanz\u00f3 el Plan Estatal para el Acceso a la Vivienda 2022-2025 con diversas medidas de apoyo. 2023 \u2013 Plan de Alquiler Asequible (184.000 viviendas): Coincidiendo con un a\u00f1o electoral, en 2023 se anunci\u00f3 junto a CCAA y ayuntamientos un Plan de Vivienda en Alquiler Asequible que aspira a construir 184.000 viviendas p\u00fablicas o protegidas. Adem\u00e1s, en abril de 2023 Pedro S\u00e1nchez prometi\u00f3 en total hasta 244.000 nuevas viviendas p\u00fablicas, movilizando distintas fuentes (incluyendo 50.000 de la Sareb, viviendas de ministerios, convenios con promotores, etc.) Ley por el Derecho a la Vivienda (2023): En mayo de 2023 se aprob\u00f3 la primera Ley estatal de Vivienda de la democracia, que entre otras cosas limita los precios del alquiler en zonas tensionadas y refuerza la protecci\u00f3n frente a desahucios. Aunque esta ley aborda la regulaci\u00f3n de mercados, su impacto en aumentar la oferta a\u00fan est\u00e1 por ver. PERTE de industrializaci\u00f3n (2025): Ya en 2025, el gobierno anunci\u00f3 un PERTE (proyecto estrat\u00e9gico) para industrializar la construcci\u00f3n residencial, con 1.300 millones \u20ac p\u00fablicos para impulsar m\u00e9todos prefabricados y producir 15.000-20.000 viviendas anuales adicionales en el futuro. Balance de cumplimiento: A pesar de los anuncios, el despliegue real ha sido muy limitado. Seg\u00fan datos oficiales a finales de julio de 2024, del plan de 184.000 viviendas asequibles estaban 80.745 viviendas \u201cmovilizadas\u201d (es decir, con fondos transferidos a CCAA\/ayuntamientos) y otras 59.879 en fase de firma o desarrollo, pero no se sabe cu\u00e1ntas han sido realmente construidas o entregadas. De hecho, el propio Gobierno no pudo aportar la cifra de viviendas efectivamente terminadas dentro de ese plan, lo cual no deja de ser escandaloso. Peor a\u00fan, de la promesa total de 244.000 viviendas p\u00fablicas que Pedro S\u00e1nchez hizo en abril 2023, para fines de 2024 solo se hab\u00edan entregado unas 350 unidades nuevas. Otras 47.209 viviendas estaban con contrato firmado (en obra o proyecto) y 71.620 \u201cmovilizadas\u201d con terreno o financiaci\u00f3n asignada, mientras m\u00e1s de 115.000 ni siquiera se hab\u00edan iniciado a\u00fan. El plan financiado con fondos europeos para construir 25.000 viviendas sociales tambi\u00e9n avanz\u00f3 lento: a finales de 2024 no se hab\u00eda entregado ni una sola de esas casas; solo 16.067 estaban adjudicadas o en proyecto y 2.522 en licitaci\u00f3n, con menos del 50% del presupuesto ejecutado. Las cifras presupuestarias confirman esta brecha entre el discurso y la realidad. En 2023 el Estado solo ejecut\u00f3 el 47% del gasto previsto en vivienda y edificaci\u00f3n, dejando sin usar m\u00e1s de 2.000 millones de euros destinados al acceso a la vivienda, lo cual es extremadamente grave, dice mucho de la capacidad ejecutiva del gobierno y justifica sobradamente la petici\u00f3n de dimisi\u00f3n de la ministra. Diversos analistas y medios han calificado de malo el balance de seis a\u00f1os de Gobierno de S\u00e1nchez en materia habitacional, se\u00f1alando que la lentitud en la ejecuci\u00f3n y la falta de resultados concretos han contribuido al agravamiento de la crisis. En s\u00edntesis, la actual crisis de vivienda ha tomado fuerza bajo los gobiernos de Pedro S\u00e1nchez: si bien responde a factores estructurales (demograf\u00eda, urbanismo, turismo&#8230;), la ausencia de una respuesta p\u00fablica eficaz entre 2018 y 2023 permiti\u00f3 que el problema pasara de latente a cr\u00edtico. Hoy Espa\u00f1a se enfrenta a un desaf\u00edo habitacional may\u00fasculo \u2013 el mayor en d\u00e9cadas \u2013 cuya gestaci\u00f3n coincide plenamente con el periodo de Gobierno de S\u00e1nchez, durante el cual la oferta de vivienda accesible no aument\u00f3 al ritmo necesario y las soluciones prometidas no llegaron a materializarse.<\/p>\n","protected":false},"author":81,"featured_media":93293,"comment_status":"open","ping_status":"open","sticky":false,"template":"","format":"standard","meta":{"_FSMCFIC_featured_image_caption":"","_FSMCFIC_featured_image_nocaption":"","_FSMCFIC_featured_image_hide":"","footnotes":""},"categories":[806],"tags":[1035],"class_list":["post-93291","post","type-post","status-publish","format-standard","has-post-thumbnail","hentry","category-punts-claus-del-dia-es","tag-vivienda"],"yoast_head":"<!-- This site is optimized with the Yoast SEO plugin v26.8 - https:\/\/yoast.com\/product\/yoast-seo-wordpress\/ -->\n<title>Los compromisos incumplidos del Gobierno S\u00e1nchez en vivienda (2018\u20132024) (II) - Converses a Catalunya<\/title>\n<meta name=\"description\" content=\"De 244.000 viviendas prometidas por S\u00e1nchez, solo 350 entregadas. Un balance desolador de seis a\u00f1os de planes incumplidos.\" \/>\n<meta name=\"robots\" content=\"index, follow, max-snippet:-1, max-image-preview:large, max-video-preview:-1\" \/>\n<link rel=\"canonical\" href=\"https:\/\/conversesacatalunya.cat\/es\/los-compromisos-incumplidos-del-gobierno-sanchez-en-vivienda-2018-2024\/\" \/>\n<meta property=\"og:locale\" content=\"es_ES\" \/>\n<meta property=\"og:type\" content=\"article\" \/>\n<meta property=\"og:title\" content=\"Los compromisos incumplidos del Gobierno S\u00e1nchez en vivienda (2018\u20132024) (II) - Converses a Catalunya\" \/>\n<meta property=\"og:description\" content=\"De 244.000 viviendas prometidas por S\u00e1nchez, solo 350 entregadas. Un balance desolador de seis a\u00f1os de planes incumplidos.\" \/>\n<meta property=\"og:url\" content=\"https:\/\/conversesacatalunya.cat\/es\/los-compromisos-incumplidos-del-gobierno-sanchez-en-vivienda-2018-2024\/\" \/>\n<meta property=\"og:site_name\" content=\"Converses a Catalunya\" \/>\n<meta property=\"article:published_time\" content=\"2025-10-27T09:11:51+00:00\" \/>\n<meta property=\"article:modified_time\" content=\"2025-10-27T10:11:37+00:00\" \/>\n<meta property=\"og:image\" content=\"https:\/\/conversesacatalunya.cat\/wp-content\/uploads\/2025\/10\/vvienda.jpg\" \/>\n\t<meta property=\"og:image:width\" content=\"1149\" \/>\n\t<meta property=\"og:image:height\" content=\"766\" \/>\n\t<meta property=\"og:image:type\" content=\"image\/jpeg\" \/>\n<meta name=\"author\" content=\"Emili Clos\" \/>\n<meta name=\"twitter:card\" content=\"summary_large_image\" \/>\n<meta name=\"twitter:label1\" content=\"Escrito por\" \/>\n\t<meta name=\"twitter:data1\" content=\"Emili Clos\" \/>\n\t<meta name=\"twitter:label2\" content=\"Tiempo de lectura\" \/>\n\t<meta name=\"twitter:data2\" content=\"4 minutos\" \/>\n<script type=\"application\/ld+json\" class=\"yoast-schema-graph\">{\"@context\":\"https:\/\/schema.org\",\"@graph\":[{\"@type\":\"Article\",\"@id\":\"https:\/\/conversesacatalunya.cat\/es\/los-compromisos-incumplidos-del-gobierno-sanchez-en-vivienda-2018-2024\/#article\",\"isPartOf\":{\"@id\":\"https:\/\/conversesacatalunya.cat\/es\/los-compromisos-incumplidos-del-gobierno-sanchez-en-vivienda-2018-2024\/\"},\"author\":{\"name\":\"Emili Clos\",\"@id\":\"https:\/\/conversesacatalunya.cat\/#\/schema\/person\/46306de4129bccb959ed5e1720c4e3e7\"},\"headline\":\"Los compromisos incumplidos del Gobierno S\u00e1nchez en vivienda (2018\u20132024) (II)\",\"datePublished\":\"2025-10-27T09:11:51+00:00\",\"dateModified\":\"2025-10-27T10:11:37+00:00\",\"mainEntityOfPage\":{\"@id\":\"https:\/\/conversesacatalunya.cat\/es\/los-compromisos-incumplidos-del-gobierno-sanchez-en-vivienda-2018-2024\/\"},\"wordCount\":868,\"commentCount\":0,\"image\":{\"@id\":\"https:\/\/conversesacatalunya.cat\/es\/los-compromisos-incumplidos-del-gobierno-sanchez-en-vivienda-2018-2024\/#primaryimage\"},\"thumbnailUrl\":\"https:\/\/conversesacatalunya.cat\/wp-content\/uploads\/2025\/10\/vvienda.jpg\",\"keywords\":[\"vivienda\"],\"articleSection\":[\"Punts clau del dia (ES)\"],\"inLanguage\":\"es\",\"potentialAction\":[{\"@type\":\"CommentAction\",\"name\":\"Comment\",\"target\":[\"https:\/\/conversesacatalunya.cat\/es\/los-compromisos-incumplidos-del-gobierno-sanchez-en-vivienda-2018-2024\/#respond\"]}]},{\"@type\":\"WebPage\",\"@id\":\"https:\/\/conversesacatalunya.cat\/es\/los-compromisos-incumplidos-del-gobierno-sanchez-en-vivienda-2018-2024\/\",\"url\":\"https:\/\/conversesacatalunya.cat\/es\/los-compromisos-incumplidos-del-gobierno-sanchez-en-vivienda-2018-2024\/\",\"name\":\"Los compromisos incumplidos del Gobierno S\u00e1nchez en vivienda (2018\u20132024) (II) - Converses a Catalunya\",\"isPartOf\":{\"@id\":\"https:\/\/conversesacatalunya.cat\/#website\"},\"primaryImageOfPage\":{\"@id\":\"https:\/\/conversesacatalunya.cat\/es\/los-compromisos-incumplidos-del-gobierno-sanchez-en-vivienda-2018-2024\/#primaryimage\"},\"image\":{\"@id\":\"https:\/\/conversesacatalunya.cat\/es\/los-compromisos-incumplidos-del-gobierno-sanchez-en-vivienda-2018-2024\/#primaryimage\"},\"thumbnailUrl\":\"https:\/\/conversesacatalunya.cat\/wp-content\/uploads\/2025\/10\/vvienda.jpg\",\"datePublished\":\"2025-10-27T09:11:51+00:00\",\"dateModified\":\"2025-10-27T10:11:37+00:00\",\"author\":{\"@id\":\"https:\/\/conversesacatalunya.cat\/#\/schema\/person\/46306de4129bccb959ed5e1720c4e3e7\"},\"description\":\"De 244.000 viviendas prometidas por S\u00e1nchez, solo 350 entregadas. Un balance desolador de seis a\u00f1os de planes incumplidos.\",\"breadcrumb\":{\"@id\":\"https:\/\/conversesacatalunya.cat\/es\/los-compromisos-incumplidos-del-gobierno-sanchez-en-vivienda-2018-2024\/#breadcrumb\"},\"inLanguage\":\"es\",\"potentialAction\":[{\"@type\":\"ReadAction\",\"target\":[\"https:\/\/conversesacatalunya.cat\/es\/los-compromisos-incumplidos-del-gobierno-sanchez-en-vivienda-2018-2024\/\"]}]},{\"@type\":\"ImageObject\",\"inLanguage\":\"es\",\"@id\":\"https:\/\/conversesacatalunya.cat\/es\/los-compromisos-incumplidos-del-gobierno-sanchez-en-vivienda-2018-2024\/#primaryimage\",\"url\":\"https:\/\/conversesacatalunya.cat\/wp-content\/uploads\/2025\/10\/vvienda.jpg\",\"contentUrl\":\"https:\/\/conversesacatalunya.cat\/wp-content\/uploads\/2025\/10\/vvienda.jpg\",\"width\":1149,\"height\":766,\"caption\":\"vviendas prometidas\"},{\"@type\":\"BreadcrumbList\",\"@id\":\"https:\/\/conversesacatalunya.cat\/es\/los-compromisos-incumplidos-del-gobierno-sanchez-en-vivienda-2018-2024\/#breadcrumb\",\"itemListElement\":[{\"@type\":\"ListItem\",\"position\":1,\"name\":\"Inici\",\"item\":\"https:\/\/conversesacatalunya.cat\/es\/\"},{\"@type\":\"ListItem\",\"position\":2,\"name\":\"Los compromisos incumplidos del Gobierno S\u00e1nchez en vivienda (2018\u20132024) (II)\"}]},{\"@type\":\"WebSite\",\"@id\":\"https:\/\/conversesacatalunya.cat\/#website\",\"url\":\"https:\/\/conversesacatalunya.cat\/\",\"name\":\"Converses a Catalunya\",\"description\":\"\",\"potentialAction\":[{\"@type\":\"SearchAction\",\"target\":{\"@type\":\"EntryPoint\",\"urlTemplate\":\"https:\/\/conversesacatalunya.cat\/?s={search_term_string}\"},\"query-input\":{\"@type\":\"PropertyValueSpecification\",\"valueRequired\":true,\"valueName\":\"search_term_string\"}}],\"inLanguage\":\"es\"},{\"@type\":\"Person\",\"@id\":\"https:\/\/conversesacatalunya.cat\/#\/schema\/person\/46306de4129bccb959ed5e1720c4e3e7\",\"name\":\"Emili Clos\",\"image\":{\"@type\":\"ImageObject\",\"inLanguage\":\"es\",\"@id\":\"https:\/\/conversesacatalunya.cat\/#\/schema\/person\/image\/\",\"url\":\"https:\/\/conversesacatalunya.cat\/wp-content\/litespeed\/avatar\/a9a662bd802eed79498de818aef91cc9.jpg?ver=1777096184\",\"contentUrl\":\"https:\/\/conversesacatalunya.cat\/wp-content\/litespeed\/avatar\/a9a662bd802eed79498de818aef91cc9.jpg?ver=1777096184\",\"caption\":\"Emili Clos\"},\"url\":\"https:\/\/conversesacatalunya.cat\/es\/author\/emili_clos\/\"}]}<\/script>\n<!-- \/ Yoast SEO plugin. -->","yoast_head_json":{"title":"Los compromisos incumplidos del Gobierno S\u00e1nchez en vivienda (2018\u20132024) (II) - Converses a Catalunya","description":"De 244.000 viviendas prometidas por S\u00e1nchez, solo 350 entregadas. Un balance desolador de seis a\u00f1os de planes incumplidos.","robots":{"index":"index","follow":"follow","max-snippet":"max-snippet:-1","max-image-preview":"max-image-preview:large","max-video-preview":"max-video-preview:-1"},"canonical":"https:\/\/conversesacatalunya.cat\/es\/los-compromisos-incumplidos-del-gobierno-sanchez-en-vivienda-2018-2024\/","og_locale":"es_ES","og_type":"article","og_title":"Los compromisos incumplidos del Gobierno S\u00e1nchez en vivienda (2018\u20132024) (II) - Converses a Catalunya","og_description":"De 244.000 viviendas prometidas por S\u00e1nchez, solo 350 entregadas. Un balance desolador de seis a\u00f1os de planes incumplidos.","og_url":"https:\/\/conversesacatalunya.cat\/es\/los-compromisos-incumplidos-del-gobierno-sanchez-en-vivienda-2018-2024\/","og_site_name":"Converses a Catalunya","article_published_time":"2025-10-27T09:11:51+00:00","article_modified_time":"2025-10-27T10:11:37+00:00","og_image":[{"width":1149,"height":766,"url":"https:\/\/conversesacatalunya.cat\/wp-content\/uploads\/2025\/10\/vvienda.jpg","type":"image\/jpeg"}],"author":"Emili Clos","twitter_card":"summary_large_image","twitter_misc":{"Escrito por":"Emili Clos","Tiempo de lectura":"4 minutos"},"schema":{"@context":"https:\/\/schema.org","@graph":[{"@type":"Article","@id":"https:\/\/conversesacatalunya.cat\/es\/los-compromisos-incumplidos-del-gobierno-sanchez-en-vivienda-2018-2024\/#article","isPartOf":{"@id":"https:\/\/conversesacatalunya.cat\/es\/los-compromisos-incumplidos-del-gobierno-sanchez-en-vivienda-2018-2024\/"},"author":{"name":"Emili Clos","@id":"https:\/\/conversesacatalunya.cat\/#\/schema\/person\/46306de4129bccb959ed5e1720c4e3e7"},"headline":"Los compromisos incumplidos del Gobierno S\u00e1nchez en vivienda (2018\u20132024) (II)","datePublished":"2025-10-27T09:11:51+00:00","dateModified":"2025-10-27T10:11:37+00:00","mainEntityOfPage":{"@id":"https:\/\/conversesacatalunya.cat\/es\/los-compromisos-incumplidos-del-gobierno-sanchez-en-vivienda-2018-2024\/"},"wordCount":868,"commentCount":0,"image":{"@id":"https:\/\/conversesacatalunya.cat\/es\/los-compromisos-incumplidos-del-gobierno-sanchez-en-vivienda-2018-2024\/#primaryimage"},"thumbnailUrl":"https:\/\/conversesacatalunya.cat\/wp-content\/uploads\/2025\/10\/vvienda.jpg","keywords":["vivienda"],"articleSection":["Punts clau del dia (ES)"],"inLanguage":"es","potentialAction":[{"@type":"CommentAction","name":"Comment","target":["https:\/\/conversesacatalunya.cat\/es\/los-compromisos-incumplidos-del-gobierno-sanchez-en-vivienda-2018-2024\/#respond"]}]},{"@type":"WebPage","@id":"https:\/\/conversesacatalunya.cat\/es\/los-compromisos-incumplidos-del-gobierno-sanchez-en-vivienda-2018-2024\/","url":"https:\/\/conversesacatalunya.cat\/es\/los-compromisos-incumplidos-del-gobierno-sanchez-en-vivienda-2018-2024\/","name":"Los compromisos incumplidos del Gobierno S\u00e1nchez en vivienda (2018\u20132024) (II) - Converses a Catalunya","isPartOf":{"@id":"https:\/\/conversesacatalunya.cat\/#website"},"primaryImageOfPage":{"@id":"https:\/\/conversesacatalunya.cat\/es\/los-compromisos-incumplidos-del-gobierno-sanchez-en-vivienda-2018-2024\/#primaryimage"},"image":{"@id":"https:\/\/conversesacatalunya.cat\/es\/los-compromisos-incumplidos-del-gobierno-sanchez-en-vivienda-2018-2024\/#primaryimage"},"thumbnailUrl":"https:\/\/conversesacatalunya.cat\/wp-content\/uploads\/2025\/10\/vvienda.jpg","datePublished":"2025-10-27T09:11:51+00:00","dateModified":"2025-10-27T10:11:37+00:00","author":{"@id":"https:\/\/conversesacatalunya.cat\/#\/schema\/person\/46306de4129bccb959ed5e1720c4e3e7"},"description":"De 244.000 viviendas prometidas por S\u00e1nchez, solo 350 entregadas. Un balance desolador de seis a\u00f1os de planes incumplidos.","breadcrumb":{"@id":"https:\/\/conversesacatalunya.cat\/es\/los-compromisos-incumplidos-del-gobierno-sanchez-en-vivienda-2018-2024\/#breadcrumb"},"inLanguage":"es","potentialAction":[{"@type":"ReadAction","target":["https:\/\/conversesacatalunya.cat\/es\/los-compromisos-incumplidos-del-gobierno-sanchez-en-vivienda-2018-2024\/"]}]},{"@type":"ImageObject","inLanguage":"es","@id":"https:\/\/conversesacatalunya.cat\/es\/los-compromisos-incumplidos-del-gobierno-sanchez-en-vivienda-2018-2024\/#primaryimage","url":"https:\/\/conversesacatalunya.cat\/wp-content\/uploads\/2025\/10\/vvienda.jpg","contentUrl":"https:\/\/conversesacatalunya.cat\/wp-content\/uploads\/2025\/10\/vvienda.jpg","width":1149,"height":766,"caption":"vviendas prometidas"},{"@type":"BreadcrumbList","@id":"https:\/\/conversesacatalunya.cat\/es\/los-compromisos-incumplidos-del-gobierno-sanchez-en-vivienda-2018-2024\/#breadcrumb","itemListElement":[{"@type":"ListItem","position":1,"name":"Inici","item":"https:\/\/conversesacatalunya.cat\/es\/"},{"@type":"ListItem","position":2,"name":"Los compromisos incumplidos del Gobierno S\u00e1nchez en vivienda (2018\u20132024) (II)"}]},{"@type":"WebSite","@id":"https:\/\/conversesacatalunya.cat\/#website","url":"https:\/\/conversesacatalunya.cat\/","name":"Converses a Catalunya","description":"","potentialAction":[{"@type":"SearchAction","target":{"@type":"EntryPoint","urlTemplate":"https:\/\/conversesacatalunya.cat\/?s={search_term_string}"},"query-input":{"@type":"PropertyValueSpecification","valueRequired":true,"valueName":"search_term_string"}}],"inLanguage":"es"},{"@type":"Person","@id":"https:\/\/conversesacatalunya.cat\/#\/schema\/person\/46306de4129bccb959ed5e1720c4e3e7","name":"Emili Clos","image":{"@type":"ImageObject","inLanguage":"es","@id":"https:\/\/conversesacatalunya.cat\/#\/schema\/person\/image\/","url":"https:\/\/conversesacatalunya.cat\/wp-content\/litespeed\/avatar\/a9a662bd802eed79498de818aef91cc9.jpg?ver=1777096184","contentUrl":"https:\/\/conversesacatalunya.cat\/wp-content\/litespeed\/avatar\/a9a662bd802eed79498de818aef91cc9.jpg?ver=1777096184","caption":"Emili Clos"},"url":"https:\/\/conversesacatalunya.cat\/es\/author\/emili_clos\/"}]}},"wps_subtitle":"Las cifras presupuestarias confirman esta brecha entre el discurso y la realidad.","_links":{"self":[{"href":"https:\/\/conversesacatalunya.cat\/es\/wp-json\/wp\/v2\/posts\/93291","targetHints":{"allow":["GET"]}}],"collection":[{"href":"https:\/\/conversesacatalunya.cat\/es\/wp-json\/wp\/v2\/posts"}],"about":[{"href":"https:\/\/conversesacatalunya.cat\/es\/wp-json\/wp\/v2\/types\/post"}],"author":[{"embeddable":true,"href":"https:\/\/conversesacatalunya.cat\/es\/wp-json\/wp\/v2\/users\/81"}],"replies":[{"embeddable":true,"href":"https:\/\/conversesacatalunya.cat\/es\/wp-json\/wp\/v2\/comments?post=93291"}],"version-history":[{"count":8,"href":"https:\/\/conversesacatalunya.cat\/es\/wp-json\/wp\/v2\/posts\/93291\/revisions"}],"predecessor-version":[{"id":93309,"href":"https:\/\/conversesacatalunya.cat\/es\/wp-json\/wp\/v2\/posts\/93291\/revisions\/93309"}],"wp:featuredmedia":[{"embeddable":true,"href":"https:\/\/conversesacatalunya.cat\/es\/wp-json\/wp\/v2\/media\/93293"}],"wp:attachment":[{"href":"https:\/\/conversesacatalunya.cat\/es\/wp-json\/wp\/v2\/media?parent=93291"}],"wp:term":[{"taxonomy":"category","embeddable":true,"href":"https:\/\/conversesacatalunya.cat\/es\/wp-json\/wp\/v2\/categories?post=93291"},{"taxonomy":"post_tag","embeddable":true,"href":"https:\/\/conversesacatalunya.cat\/es\/wp-json\/wp\/v2\/tags?post=93291"}],"curies":[{"name":"wp","href":"https:\/\/api.w.org\/{rel}","templated":true}]}}