{"id":93265,"date":"2025-10-27T08:35:54","date_gmt":"2025-10-27T07:35:54","guid":{"rendered":"https:\/\/conversesacatalunya.cat\/?p=93265"},"modified":"2025-10-27T11:13:43","modified_gmt":"2025-10-27T10:13:43","slug":"inteligencia-artificial-esperanza-vida","status":"publish","type":"post","link":"https:\/\/conversesacatalunya.cat\/es\/inteligencia-artificial-esperanza-vida\/","title":{"rendered":"Los inquietantes efectos de la Inteligencia Artificial en la esperanza de vida"},"content":{"rendered":"<p><span dir=\"auto\"><span class=\"VIpgJd-yAWNEb-VIpgJd-fmcmS-sn54Q\" dir=\"auto\">Hace unas semanas<span>\u00a0<\/span><\/span><\/span><a href=\"https:\/\/conversesacatalunya.cat\/es\/putin-xi-busqueda-inmortalidad-politica\/\" target=\"_blank\" rel=\"noopener\"><span dir=\"auto\"><span class=\"VIpgJd-yAWNEb-VIpgJd-fmcmS-sn54Q\" dir=\"auto\">recog\u00edamos<\/span><\/span><\/a><span dir=\"auto\"><span class=\"VIpgJd-yAWNEb-VIpgJd-fmcmS-sn54Q\" dir=\"auto\"><span>\u00a0<\/span>la conversaci\u00f3n entre Xi Jinping y Vlad\u00edmir Putin a prop\u00f3sito de que ya en este siglo habr\u00e1 personas que van a vivir hasta los 150 a\u00f1os.<\/span><\/span><\/p>\n<p><span dir=\"auto\">Una de las tecnolog\u00edas en las que los expertos y divulgadores tienen m\u00e1s esperanzas depositadas para conseguirlo es la<span>\u00a0<\/span><\/span><strong><span dir=\"auto\">inteligencia artificial (IA) aplicada al campo de la medicina.<\/span><\/strong><\/p>\n<p><span dir=\"auto\">El a\u00f1o pasado el Premio Nobel de Qu\u00edmica fue a manos de dos investigadores de<span>\u00a0<\/span><\/span><strong><span dir=\"auto\">Google DeepMind,<\/span><\/strong><span dir=\"auto\">\u00a0Sir Demis Hassabis y John Jumper, por su trabajo pionero en la predicci\u00f3n de la estructura de prote\u00ednas basado en el programa de IA<span>\u00a0<\/span><\/span><em><span dir=\"auto\">AlphaFold.<\/span><\/em><span dir=\"auto\">\u00a0Este promete acelerar intensamente el desarrollo de f\u00e1rmacos, y se est\u00e1 ya empleando para combatir c\u00e1nceres y otras enfermedades.<\/span><\/p>\n<p><span dir=\"auto\"><span class=\"VIpgJd-yAWNEb-VIpgJd-fmcmS-sn54Q\" dir=\"auto\">Otros gigantes de la IA, entre ellos el l\u00edder del sector<span>\u00a0<\/span><\/span><\/span><em><span dir=\"auto\"><span class=\"VIpgJd-yAWNEb-VIpgJd-fmcmS-sn54Q\" dir=\"auto\">OpenAI,<\/span><\/span><\/em><span dir=\"auto\"><span class=\"VIpgJd-yAWNEb-VIpgJd-fmcmS-sn54Q\" dir=\"auto\">\u00a0se han lanzado igualmente a la carrera de la medicina. Ante los logros iniciales, el optimismo de algunos es tal que ya se habla de<span>\u00a0<\/span><\/span><\/span><strong><span dir=\"auto\"><span class=\"VIpgJd-yAWNEb-VIpgJd-fmcmS-sn54Q\" dir=\"auto\">ganancias de longevidad notables<\/span><\/span><\/strong><span dir=\"auto\"><span class=\"VIpgJd-yAWNEb-VIpgJd-fmcmS-sn54Q\" dir=\"auto\"><span>\u00a0<\/span>gracias a la inteligencia artificial.<\/span><\/span><\/p>\n<p><span dir=\"auto\">Sin embargo, el periodista especializado en an\u00e1lisis de datos del<span>\u00a0<\/span><\/span><em><span dir=\"auto\">Financial Times<\/span><\/em><span dir=\"auto\"><span>\u00a0<\/span>John Burn-Murdoch se hace una pregunta inquietante: <strong>\u00bfestamos<\/strong><\/span><strong><span dir=\"auto\"><strong>\u00a0<\/strong>subestimando los riesgos de que la IA no genere tan solo una presi\u00f3n hacia el alza de la esperanza de vida, sino tambi\u00e9n hacia la baja?<\/span><\/strong><\/p>\n<p><span dir=\"auto\"><span class=\"VIpgJd-yAWNEb-VIpgJd-fmcmS-sn54Q\" dir=\"auto\">Los temores de Burn-Murdoch vienen fundamentados por su investigaci\u00f3n en torno<span>\u00a0<\/span><\/span><\/span><strong><span dir=\"auto\"><span class=\"VIpgJd-yAWNEb-VIpgJd-fmcmS-sn54Q\" dir=\"auto\">al incremento de la mortalidad de personas j\u00f3venes y de mediana edad<\/span><\/span><\/strong><span dir=\"auto\"><span class=\"VIpgJd-yAWNEb-VIpgJd-fmcmS-sn54Q\" dir=\"auto\"><span>\u00a0<\/span>en las \u00faltimas d\u00e9cadas, especialmente importante en pa\u00edses anglosajones como Estados Unidos, Canad\u00e1 y Reino Unido. Este fen\u00f3meno es de hecho suficiente en algunos sitios para contrarrestar el incremento de la esperanza de vida entre las personas de edad m\u00e1s avanzada.<\/span><\/span><\/p>\n<p><span dir=\"auto\"><span class=\"VIpgJd-yAWNEb-VIpgJd-fmcmS-sn54Q\" dir=\"auto\">Generalmente, se ha caracterizado la elevada mortalidad de personas j\u00f3venes y de mediana edad como <strong>\u201cmuertes<\/strong><\/span><\/span><strong><span dir=\"auto\"><span class=\"VIpgJd-yAWNEb-VIpgJd-fmcmS-sn54Q\" dir=\"auto\"> de desesperaci\u00f3n\u201d<\/span><\/span><\/strong><span dir=\"auto\"><span class=\"VIpgJd-yAWNEb-VIpgJd-fmcmS-sn54Q\" dir=\"auto\">: la p\u00e9rdida prematura de la vida causada directamente por suicidio, consumo de drogas o abuso del alcohol, y que afecta a personas (sobre todo, hombres) en situaciones de angustia profunda y persistente.<\/span><\/span><\/p>\n<p><span dir=\"auto\">La cuesti\u00f3n es que las personas que entran en estas situaciones no llegan simplemente por la disponibilidad de drogas como el fentanilo, sino porque han atravesado largos per\u00edodos de paro y de aislamiento social.<\/span><\/p>\n<p><span dir=\"auto\">El c\u00f3ctel explosivo, seg\u00fan Burn-Murdoch, resulta de la<span>\u00a0<\/span><\/span><strong><span dir=\"auto\">combinaci\u00f3n de dificultades econ\u00f3micas y p\u00e9rdida de v\u00ednculos sociales y afectivos.<\/span><\/strong><span dir=\"auto\">\u00a0Y es en este punto cuando vuelve a aparecer la inteligencia artificial.<\/span><\/p>\n<p><span dir=\"auto\">Si, como se nos dice e insiste, el auge de la IA en el mundo laboral provocar\u00e1 la<span>\u00a0<\/span><\/span><strong><span dir=\"auto\">p\u00e9rdida a gran escala de empleo,<\/span><\/strong><span dir=\"auto\">\u00a0se har\u00e1 un mal terrible en la primera generaci\u00f3n que resulte afectada.<\/span><\/p>\n<p><span dir=\"auto\"><span class=\"VIpgJd-yAWNEb-VIpgJd-fmcmS-sn54Q\" dir=\"auto\">Como el periodista afirma, es el paro involuntario (mucho m\u00e1s que las dificultades financieras en s\u00ed) el principal causante del mal. Y una nota muy importante: incluso una<span>\u00a0<\/span><\/span><\/span><strong><span dir=\"auto\"><span class=\"VIpgJd-yAWNEb-VIpgJd-fmcmS-sn54Q\" dir=\"auto\">renta b\u00e1sica universal sustancial<\/span><\/span><\/strong><span dir=\"auto\"><span class=\"VIpgJd-yAWNEb-VIpgJd-fmcmS-sn54Q\" dir=\"auto\"><span>\u00a0<\/span>no parece suficiente para sustituir el sentido de deber, el compa\u00f1erismo y el contacto social que el trabajo puede proporcionar. Sobre todo a los varones.<\/span><\/span><\/p>\n<p><span dir=\"auto\">Pasar m\u00e1s tiempo interactuando con modelos de lenguaje de IA, y menos con otros seres humanos, es una forma segura de<span>\u00a0<\/span><\/span><strong><span dir=\"auto\">empeorar el fen\u00f3meno del aislamiento.<\/span><\/strong><\/p>\n<p><span dir=\"auto\"><span class=\"VIpgJd-yAWNEb-VIpgJd-fmcmS-sn54Q\" dir=\"auto\">Como<span>\u00a0<\/span><\/span><\/span><a href=\"https:\/\/conversesacatalunya.cat\/es\/declive-redes-sociales\/\" target=\"_blank\" rel=\"noopener\"><span dir=\"auto\"><span class=\"VIpgJd-yAWNEb-VIpgJd-fmcmS-sn54Q\" dir=\"auto\">recog\u00edamos<\/span><\/span><\/a><span dir=\"auto\"><span class=\"VIpgJd-yAWNEb-VIpgJd-fmcmS-sn54Q\" dir=\"auto\"><span>\u00a0<\/span>recientemente,<span>\u00a0<\/span><\/span><\/span><strong><span dir=\"auto\"><span class=\"VIpgJd-yAWNEb-VIpgJd-fmcmS-sn54Q\" dir=\"auto\">las redes sociales se est\u00e1n deshaciendo de su prop\u00f3sito inicial<\/span><\/span><\/strong><span dir=\"auto\"><span class=\"VIpgJd-yAWNEb-VIpgJd-fmcmS-sn54Q\" dir=\"auto\"><span>\u00a0<\/span>(establecer, reforzar o mantener v\u00ednculos con otras personas), sustituy\u00e9ndolo por un pasatiempo eterno basado no ya solo en recomendaciones retroalimentadas, sino en contenidos que ellos mismos generan por motores de IA.<\/span><\/span><\/p>\n<p><span dir=\"auto\">El inquietante resultado de todo ello ser\u00eda un<span>\u00a0<\/span><\/span><strong><span dir=\"auto\">impacto de la IA en la salud diametralmente opuesto seg\u00fan el grado de inserci\u00f3n social:<\/span><\/strong><span dir=\"auto\"> por un lado, una medicina extraordinariamente mejorada para aquellos que logran llegar a la tercera edad, y por otra una vulnerabilidad igualmente extrema para los j\u00f3venes y personas de mediana edad en situaciones de precariedad laboral.<\/span><\/p>\n<span class='bctt-click-to-tweet'><span class='bctt-ctt-text'><a href='https:\/\/twitter.com\/intent\/tweet?url=https%3A%2F%2Fconversesacatalunya.cat%2Fes%2Finteligencia-artificial-esperanza-vida%2F&#038;text=%C2%BFEstamos%20subestimando%20los%20riesgos%20de%20que%20la%20IA%20no%20genere%20tan%20solo%20una%20presi%C3%B3n%20hacia%20el%20alza%20de%20la%20esperanza%20de%20vida%2C%20sino%20tambi%C3%A9n%20hacia%20la%20baja%3F&#038;via=conversesacat&#038;related=conversesacat' target='_blank'rel=\"noopener noreferrer\">\u00bfEstamos subestimando los riesgos de que la IA no genere tan solo una presi\u00f3n hacia el alza de la esperanza de vida, sino tambi\u00e9n hacia la baja? <\/a><\/span><a href='https:\/\/twitter.com\/intent\/tweet?url=https%3A%2F%2Fconversesacatalunya.cat%2Fes%2Finteligencia-artificial-esperanza-vida%2F&#038;text=%C2%BFEstamos%20subestimando%20los%20riesgos%20de%20que%20la%20IA%20no%20genere%20tan%20solo%20una%20presi%C3%B3n%20hacia%20el%20alza%20de%20la%20esperanza%20de%20vida%2C%20sino%20tambi%C3%A9n%20hacia%20la%20baja%3F&#038;via=conversesacat&#038;related=conversesacat' target='_blank' class='bctt-ctt-btn'rel=\"noopener noreferrer\">Compartir en X<\/a><\/span>\n<div id=\"polls-302\" class=\"wp-polls\">\n\t<form id=\"polls_form_302\" class=\"wp-polls-form\" action=\"\/index.php\" method=\"post\">\n\t\t<p style=\"display: none;\"><input type=\"hidden\" id=\"poll_302_nonce\" name=\"wp-polls-nonce\" value=\"5b45ba20b1\" \/><\/p>\n\t\t<p style=\"display: none;\"><input type=\"hidden\" name=\"poll_id\" value=\"302\" \/><\/p>\n\t\t<p style=\"text-align: center\"><strong>Barcelona: est\u00e0s d'acord a desfer la nova organitzaci\u00f3 de la Diagonal per poder connectar el tramvia fins a Francesc Maci\u00e0?<\/strong><\/p><div id=\"polls-302-ans\" class=\"wp-polls-ans\"><ul class=\"wp-polls-ul\">\n\t\t<li><input type=\"radio\" id=\"poll-answer-863\" name=\"poll_302\" value=\"863\" \/> <label for=\"poll-answer-863\">S\u00ed<\/label><\/li>\n\t\t<li><input type=\"radio\" id=\"poll-answer-864\" name=\"poll_302\" value=\"864\" \/> <label for=\"poll-answer-864\">No<\/label><\/li>\n\t\t<li><input type=\"radio\" id=\"poll-answer-865\" name=\"poll_302\" value=\"865\" \/> <label for=\"poll-answer-865\">No ho s\u00e9<\/label><\/li>\n\t\t<\/ul><p style=\"text-align: center\"><input type=\"button\" name=\"vote\" value=\"   Vota   \" class=\"Buttons\" onclick=\"poll_vote(302);\" \/><\/p><p style=\"text-align: center\"><a href=\"#ViewPollResults\" onclick=\"poll_result(302); return false;\" title=\"View Results Of This Poll\">Mira els resultats<\/a><\/p><\/div>\n\t<\/form>\n<\/div>\n<div id=\"polls-302-loading\" class=\"wp-polls-loading\"><img decoding=\"async\" data-src=\"https:\/\/conversesacatalunya.cat\/wp-content\/plugins\/wp-polls\/images\/loading.gif\" width=\"16\" height=\"16\" alt=\"Cargando ...\" title=\"Cargando ...\" class=\"wp-polls-image lazyload\" src=\"data:image\/svg+xml;base64,PHN2ZyB3aWR0aD0iMSIgaGVpZ2h0PSIxIiB4bWxucz0iaHR0cDovL3d3dy53My5vcmcvMjAwMC9zdmciPjwvc3ZnPg==\" style=\"--smush-placeholder-width: 16px; --smush-placeholder-aspect-ratio: 16\/16;\" \/>&nbsp;Cargando ...<\/div>\n\n","protected":false},"excerpt":{"rendered":"<p>Hace unas semanas\u00a0recog\u00edamos\u00a0la conversaci\u00f3n entre Xi Jinping y Vlad\u00edmir Putin a prop\u00f3sito de que ya en este siglo habr\u00e1 personas que van a vivir hasta los 150 a\u00f1os. Una de las tecnolog\u00edas en las que los expertos y divulgadores tienen m\u00e1s esperanzas depositadas para conseguirlo es la\u00a0inteligencia artificial (IA) aplicada al campo de la medicina. El a\u00f1o pasado el Premio Nobel de Qu\u00edmica fue a manos de dos investigadores de\u00a0Google DeepMind,\u00a0Sir Demis Hassabis y John Jumper, por su trabajo pionero en la predicci\u00f3n de la estructura de prote\u00ednas basado en el programa de IA\u00a0AlphaFold.\u00a0Este promete acelerar intensamente el desarrollo de f\u00e1rmacos, y se est\u00e1 ya empleando para combatir c\u00e1nceres y otras enfermedades. Otros gigantes de la IA, entre ellos el l\u00edder del sector\u00a0OpenAI,\u00a0se han lanzado igualmente a la carrera de la medicina. Ante los logros iniciales, el optimismo de algunos es tal que ya se habla de\u00a0ganancias de longevidad notables\u00a0gracias a la inteligencia artificial. Sin embargo, el periodista especializado en an\u00e1lisis de datos del\u00a0Financial Times\u00a0John Burn-Murdoch se hace una pregunta inquietante: \u00bfestamos\u00a0subestimando los riesgos de que la IA no genere tan solo una presi\u00f3n hacia el alza de la esperanza de vida, sino tambi\u00e9n hacia la baja? Los temores de Burn-Murdoch vienen fundamentados por su investigaci\u00f3n en torno\u00a0al incremento de la mortalidad de personas j\u00f3venes y de mediana edad\u00a0en las \u00faltimas d\u00e9cadas, especialmente importante en pa\u00edses anglosajones como Estados Unidos, Canad\u00e1 y Reino Unido. Este fen\u00f3meno es de hecho suficiente en algunos sitios para contrarrestar el incremento de la esperanza de vida entre las personas de edad m\u00e1s avanzada. Generalmente, se ha caracterizado la elevada mortalidad de personas j\u00f3venes y de mediana edad como \u201cmuertes de desesperaci\u00f3n\u201d: la p\u00e9rdida prematura de la vida causada directamente por suicidio, consumo de drogas o abuso del alcohol, y que afecta a personas (sobre todo, hombres) en situaciones de angustia profunda y persistente. La cuesti\u00f3n es que las personas que entran en estas situaciones no llegan simplemente por la disponibilidad de drogas como el fentanilo, sino porque han atravesado largos per\u00edodos de paro y de aislamiento social. El c\u00f3ctel explosivo, seg\u00fan Burn-Murdoch, resulta de la\u00a0combinaci\u00f3n de dificultades econ\u00f3micas y p\u00e9rdida de v\u00ednculos sociales y afectivos.\u00a0Y es en este punto cuando vuelve a aparecer la inteligencia artificial. Si, como se nos dice e insiste, el auge de la IA en el mundo laboral provocar\u00e1 la\u00a0p\u00e9rdida a gran escala de empleo,\u00a0se har\u00e1 un mal terrible en la primera generaci\u00f3n que resulte afectada. Como el periodista afirma, es el paro involuntario (mucho m\u00e1s que las dificultades financieras en s\u00ed) el principal causante del mal. Y una nota muy importante: incluso una\u00a0renta b\u00e1sica universal sustancial\u00a0no parece suficiente para sustituir el sentido de deber, el compa\u00f1erismo y el contacto social que el trabajo puede proporcionar. Sobre todo a los varones. Pasar m\u00e1s tiempo interactuando con modelos de lenguaje de IA, y menos con otros seres humanos, es una forma segura de\u00a0empeorar el fen\u00f3meno del aislamiento. Como\u00a0recog\u00edamos\u00a0recientemente,\u00a0las redes sociales se est\u00e1n deshaciendo de su prop\u00f3sito inicial\u00a0(establecer, reforzar o mantener v\u00ednculos con otras personas), sustituy\u00e9ndolo por un pasatiempo eterno basado no ya solo en recomendaciones retroalimentadas, sino en contenidos que ellos mismos generan por motores de IA. El inquietante resultado de todo ello ser\u00eda un\u00a0impacto de la IA en la salud diametralmente opuesto seg\u00fan el grado de inserci\u00f3n social: por un lado, una medicina extraordinariamente mejorada para aquellos que logran llegar a la tercera edad, y por otra una vulnerabilidad igualmente extrema para los j\u00f3venes y personas de mediana edad en situaciones de precariedad laboral.<\/p>\n","protected":false},"author":75,"featured_media":93233,"comment_status":"open","ping_status":"open","sticky":false,"template":"","format":"standard","meta":{"_FSMCFIC_featured_image_caption":"","_FSMCFIC_featured_image_nocaption":"","_FSMCFIC_featured_image_hide":"","footnotes":""},"categories":[806],"tags":[1637,1642],"class_list":["post-93265","post","type-post","status-publish","format-standard","has-post-thumbnail","hentry","category-punts-claus-del-dia-es","tag-intelligencia-artificial-es","tag-inteligencia-artificial-es"],"yoast_head":"<!-- This site is optimized with the Yoast SEO plugin v26.8 - https:\/\/yoast.com\/product\/yoast-seo-wordpress\/ -->\n<title>Los inquietantes efectos de la Inteligencia Artificial en la esperanza de vida - Converses a Catalunya<\/title>\n<meta name=\"description\" content=\"\u00bfEstamos subestimando los riesgos de que la IA no genere tan solo una presi\u00f3n hacia el alza de la esperanza de vida, sino tambi\u00e9n la baja?\" \/>\n<meta name=\"robots\" content=\"index, follow, max-snippet:-1, max-image-preview:large, max-video-preview:-1\" \/>\n<link rel=\"canonical\" href=\"https:\/\/conversesacatalunya.cat\/es\/inteligencia-artificial-esperanza-vida\/\" \/>\n<meta property=\"og:locale\" content=\"es_ES\" \/>\n<meta property=\"og:type\" content=\"article\" \/>\n<meta property=\"og:title\" content=\"Los inquietantes efectos de la Inteligencia Artificial en la esperanza de vida - Converses a Catalunya\" \/>\n<meta property=\"og:description\" content=\"\u00bfEstamos subestimando los riesgos de que la IA no genere tan solo una presi\u00f3n hacia el alza de la esperanza de vida, sino tambi\u00e9n la baja?\" \/>\n<meta property=\"og:url\" content=\"https:\/\/conversesacatalunya.cat\/es\/inteligencia-artificial-esperanza-vida\/\" \/>\n<meta property=\"og:site_name\" content=\"Converses a Catalunya\" \/>\n<meta property=\"article:published_time\" content=\"2025-10-27T07:35:54+00:00\" \/>\n<meta property=\"article:modified_time\" content=\"2025-10-27T10:13:43+00:00\" \/>\n<meta property=\"og:image\" content=\"https:\/\/conversesacatalunya.cat\/wp-content\/uploads\/2025\/10\/depresion-y-esclerosis-multiple.jpg.webp\" \/>\n\t<meta property=\"og:image:width\" content=\"800\" \/>\n\t<meta property=\"og:image:height\" content=\"533\" \/>\n\t<meta property=\"og:image:type\" content=\"image\/webp\" \/>\n<meta name=\"author\" content=\"Carles L\u00f3pez\" \/>\n<meta name=\"twitter:card\" content=\"summary_large_image\" \/>\n<meta name=\"twitter:label1\" content=\"Escrito por\" \/>\n\t<meta name=\"twitter:data1\" content=\"Carles L\u00f3pez\" \/>\n\t<meta name=\"twitter:label2\" content=\"Tiempo de lectura\" \/>\n\t<meta name=\"twitter:data2\" content=\"3 minutos\" \/>\n<script type=\"application\/ld+json\" class=\"yoast-schema-graph\">{\"@context\":\"https:\/\/schema.org\",\"@graph\":[{\"@type\":\"Article\",\"@id\":\"https:\/\/conversesacatalunya.cat\/es\/inteligencia-artificial-esperanza-vida\/#article\",\"isPartOf\":{\"@id\":\"https:\/\/conversesacatalunya.cat\/es\/inteligencia-artificial-esperanza-vida\/\"},\"author\":{\"name\":\"Carles L\u00f3pez\",\"@id\":\"https:\/\/conversesacatalunya.cat\/#\/schema\/person\/3ce2ab16c0a3803086d80722c7cad56a\"},\"headline\":\"Los inquietantes efectos de la Inteligencia Artificial en la esperanza de vida\",\"datePublished\":\"2025-10-27T07:35:54+00:00\",\"dateModified\":\"2025-10-27T10:13:43+00:00\",\"mainEntityOfPage\":{\"@id\":\"https:\/\/conversesacatalunya.cat\/es\/inteligencia-artificial-esperanza-vida\/\"},\"wordCount\":708,\"commentCount\":0,\"image\":{\"@id\":\"https:\/\/conversesacatalunya.cat\/es\/inteligencia-artificial-esperanza-vida\/#primaryimage\"},\"thumbnailUrl\":\"https:\/\/conversesacatalunya.cat\/wp-content\/uploads\/2025\/10\/depresion-y-esclerosis-multiple.jpg.webp\",\"keywords\":[\"intel\u00b7lig\u00e8ncia artificial\",\"Inteligencia Artificial\"],\"articleSection\":[\"Punts clau del dia (ES)\"],\"inLanguage\":\"es\",\"potentialAction\":[{\"@type\":\"CommentAction\",\"name\":\"Comment\",\"target\":[\"https:\/\/conversesacatalunya.cat\/es\/inteligencia-artificial-esperanza-vida\/#respond\"]}]},{\"@type\":\"WebPage\",\"@id\":\"https:\/\/conversesacatalunya.cat\/es\/inteligencia-artificial-esperanza-vida\/\",\"url\":\"https:\/\/conversesacatalunya.cat\/es\/inteligencia-artificial-esperanza-vida\/\",\"name\":\"Los inquietantes efectos de la Inteligencia Artificial en la esperanza de vida - Converses a Catalunya\",\"isPartOf\":{\"@id\":\"https:\/\/conversesacatalunya.cat\/#website\"},\"primaryImageOfPage\":{\"@id\":\"https:\/\/conversesacatalunya.cat\/es\/inteligencia-artificial-esperanza-vida\/#primaryimage\"},\"image\":{\"@id\":\"https:\/\/conversesacatalunya.cat\/es\/inteligencia-artificial-esperanza-vida\/#primaryimage\"},\"thumbnailUrl\":\"https:\/\/conversesacatalunya.cat\/wp-content\/uploads\/2025\/10\/depresion-y-esclerosis-multiple.jpg.webp\",\"datePublished\":\"2025-10-27T07:35:54+00:00\",\"dateModified\":\"2025-10-27T10:13:43+00:00\",\"author\":{\"@id\":\"https:\/\/conversesacatalunya.cat\/#\/schema\/person\/3ce2ab16c0a3803086d80722c7cad56a\"},\"description\":\"\u00bfEstamos subestimando los riesgos de que la IA no genere tan solo una presi\u00f3n hacia el alza de la esperanza de vida, sino tambi\u00e9n la baja?\",\"breadcrumb\":{\"@id\":\"https:\/\/conversesacatalunya.cat\/es\/inteligencia-artificial-esperanza-vida\/#breadcrumb\"},\"inLanguage\":\"es\",\"potentialAction\":[{\"@type\":\"ReadAction\",\"target\":[\"https:\/\/conversesacatalunya.cat\/es\/inteligencia-artificial-esperanza-vida\/\"]}]},{\"@type\":\"ImageObject\",\"inLanguage\":\"es\",\"@id\":\"https:\/\/conversesacatalunya.cat\/es\/inteligencia-artificial-esperanza-vida\/#primaryimage\",\"url\":\"https:\/\/conversesacatalunya.cat\/wp-content\/uploads\/2025\/10\/depresion-y-esclerosis-multiple.jpg.webp\",\"contentUrl\":\"https:\/\/conversesacatalunya.cat\/wp-content\/uploads\/2025\/10\/depresion-y-esclerosis-multiple.jpg.webp\",\"width\":800,\"height\":533,\"caption\":\"IA esperanza de vida\"},{\"@type\":\"BreadcrumbList\",\"@id\":\"https:\/\/conversesacatalunya.cat\/es\/inteligencia-artificial-esperanza-vida\/#breadcrumb\",\"itemListElement\":[{\"@type\":\"ListItem\",\"position\":1,\"name\":\"Inici\",\"item\":\"https:\/\/conversesacatalunya.cat\/es\/\"},{\"@type\":\"ListItem\",\"position\":2,\"name\":\"Los inquietantes efectos de la Inteligencia Artificial en la esperanza de vida\"}]},{\"@type\":\"WebSite\",\"@id\":\"https:\/\/conversesacatalunya.cat\/#website\",\"url\":\"https:\/\/conversesacatalunya.cat\/\",\"name\":\"Converses a Catalunya\",\"description\":\"\",\"potentialAction\":[{\"@type\":\"SearchAction\",\"target\":{\"@type\":\"EntryPoint\",\"urlTemplate\":\"https:\/\/conversesacatalunya.cat\/?s={search_term_string}\"},\"query-input\":{\"@type\":\"PropertyValueSpecification\",\"valueRequired\":true,\"valueName\":\"search_term_string\"}}],\"inLanguage\":\"es\"},{\"@type\":\"Person\",\"@id\":\"https:\/\/conversesacatalunya.cat\/#\/schema\/person\/3ce2ab16c0a3803086d80722c7cad56a\",\"name\":\"Carles L\u00f3pez\",\"image\":{\"@type\":\"ImageObject\",\"inLanguage\":\"es\",\"@id\":\"https:\/\/conversesacatalunya.cat\/#\/schema\/person\/image\/\",\"url\":\"https:\/\/conversesacatalunya.cat\/wp-content\/litespeed\/avatar\/4891585caf2896e97846ab77f06edcf2.jpg?ver=1777091173\",\"contentUrl\":\"https:\/\/conversesacatalunya.cat\/wp-content\/litespeed\/avatar\/4891585caf2896e97846ab77f06edcf2.jpg?ver=1777091173\",\"caption\":\"Carles L\u00f3pez\"},\"url\":\"https:\/\/conversesacatalunya.cat\/es\/author\/carles-lopez\/\"}]}<\/script>\n<!-- \/ Yoast SEO plugin. -->","yoast_head_json":{"title":"Los inquietantes efectos de la Inteligencia Artificial en la esperanza de vida - Converses a Catalunya","description":"\u00bfEstamos subestimando los riesgos de que la IA no genere tan solo una presi\u00f3n hacia el alza de la esperanza de vida, sino tambi\u00e9n la baja?","robots":{"index":"index","follow":"follow","max-snippet":"max-snippet:-1","max-image-preview":"max-image-preview:large","max-video-preview":"max-video-preview:-1"},"canonical":"https:\/\/conversesacatalunya.cat\/es\/inteligencia-artificial-esperanza-vida\/","og_locale":"es_ES","og_type":"article","og_title":"Los inquietantes efectos de la Inteligencia Artificial en la esperanza de vida - Converses a Catalunya","og_description":"\u00bfEstamos subestimando los riesgos de que la IA no genere tan solo una presi\u00f3n hacia el alza de la esperanza de vida, sino tambi\u00e9n la baja?","og_url":"https:\/\/conversesacatalunya.cat\/es\/inteligencia-artificial-esperanza-vida\/","og_site_name":"Converses a Catalunya","article_published_time":"2025-10-27T07:35:54+00:00","article_modified_time":"2025-10-27T10:13:43+00:00","og_image":[{"width":800,"height":533,"url":"https:\/\/conversesacatalunya.cat\/wp-content\/uploads\/2025\/10\/depresion-y-esclerosis-multiple.jpg.webp","type":"image\/webp"}],"author":"Carles L\u00f3pez","twitter_card":"summary_large_image","twitter_misc":{"Escrito por":"Carles L\u00f3pez","Tiempo de lectura":"3 minutos"},"schema":{"@context":"https:\/\/schema.org","@graph":[{"@type":"Article","@id":"https:\/\/conversesacatalunya.cat\/es\/inteligencia-artificial-esperanza-vida\/#article","isPartOf":{"@id":"https:\/\/conversesacatalunya.cat\/es\/inteligencia-artificial-esperanza-vida\/"},"author":{"name":"Carles L\u00f3pez","@id":"https:\/\/conversesacatalunya.cat\/#\/schema\/person\/3ce2ab16c0a3803086d80722c7cad56a"},"headline":"Los inquietantes efectos de la Inteligencia Artificial en la esperanza de vida","datePublished":"2025-10-27T07:35:54+00:00","dateModified":"2025-10-27T10:13:43+00:00","mainEntityOfPage":{"@id":"https:\/\/conversesacatalunya.cat\/es\/inteligencia-artificial-esperanza-vida\/"},"wordCount":708,"commentCount":0,"image":{"@id":"https:\/\/conversesacatalunya.cat\/es\/inteligencia-artificial-esperanza-vida\/#primaryimage"},"thumbnailUrl":"https:\/\/conversesacatalunya.cat\/wp-content\/uploads\/2025\/10\/depresion-y-esclerosis-multiple.jpg.webp","keywords":["intel\u00b7lig\u00e8ncia artificial","Inteligencia Artificial"],"articleSection":["Punts clau del dia (ES)"],"inLanguage":"es","potentialAction":[{"@type":"CommentAction","name":"Comment","target":["https:\/\/conversesacatalunya.cat\/es\/inteligencia-artificial-esperanza-vida\/#respond"]}]},{"@type":"WebPage","@id":"https:\/\/conversesacatalunya.cat\/es\/inteligencia-artificial-esperanza-vida\/","url":"https:\/\/conversesacatalunya.cat\/es\/inteligencia-artificial-esperanza-vida\/","name":"Los inquietantes efectos de la Inteligencia Artificial en la esperanza de vida - Converses a Catalunya","isPartOf":{"@id":"https:\/\/conversesacatalunya.cat\/#website"},"primaryImageOfPage":{"@id":"https:\/\/conversesacatalunya.cat\/es\/inteligencia-artificial-esperanza-vida\/#primaryimage"},"image":{"@id":"https:\/\/conversesacatalunya.cat\/es\/inteligencia-artificial-esperanza-vida\/#primaryimage"},"thumbnailUrl":"https:\/\/conversesacatalunya.cat\/wp-content\/uploads\/2025\/10\/depresion-y-esclerosis-multiple.jpg.webp","datePublished":"2025-10-27T07:35:54+00:00","dateModified":"2025-10-27T10:13:43+00:00","author":{"@id":"https:\/\/conversesacatalunya.cat\/#\/schema\/person\/3ce2ab16c0a3803086d80722c7cad56a"},"description":"\u00bfEstamos subestimando los riesgos de que la IA no genere tan solo una presi\u00f3n hacia el alza de la esperanza de vida, sino tambi\u00e9n la baja?","breadcrumb":{"@id":"https:\/\/conversesacatalunya.cat\/es\/inteligencia-artificial-esperanza-vida\/#breadcrumb"},"inLanguage":"es","potentialAction":[{"@type":"ReadAction","target":["https:\/\/conversesacatalunya.cat\/es\/inteligencia-artificial-esperanza-vida\/"]}]},{"@type":"ImageObject","inLanguage":"es","@id":"https:\/\/conversesacatalunya.cat\/es\/inteligencia-artificial-esperanza-vida\/#primaryimage","url":"https:\/\/conversesacatalunya.cat\/wp-content\/uploads\/2025\/10\/depresion-y-esclerosis-multiple.jpg.webp","contentUrl":"https:\/\/conversesacatalunya.cat\/wp-content\/uploads\/2025\/10\/depresion-y-esclerosis-multiple.jpg.webp","width":800,"height":533,"caption":"IA esperanza de vida"},{"@type":"BreadcrumbList","@id":"https:\/\/conversesacatalunya.cat\/es\/inteligencia-artificial-esperanza-vida\/#breadcrumb","itemListElement":[{"@type":"ListItem","position":1,"name":"Inici","item":"https:\/\/conversesacatalunya.cat\/es\/"},{"@type":"ListItem","position":2,"name":"Los inquietantes efectos de la Inteligencia Artificial en la esperanza de vida"}]},{"@type":"WebSite","@id":"https:\/\/conversesacatalunya.cat\/#website","url":"https:\/\/conversesacatalunya.cat\/","name":"Converses a Catalunya","description":"","potentialAction":[{"@type":"SearchAction","target":{"@type":"EntryPoint","urlTemplate":"https:\/\/conversesacatalunya.cat\/?s={search_term_string}"},"query-input":{"@type":"PropertyValueSpecification","valueRequired":true,"valueName":"search_term_string"}}],"inLanguage":"es"},{"@type":"Person","@id":"https:\/\/conversesacatalunya.cat\/#\/schema\/person\/3ce2ab16c0a3803086d80722c7cad56a","name":"Carles L\u00f3pez","image":{"@type":"ImageObject","inLanguage":"es","@id":"https:\/\/conversesacatalunya.cat\/#\/schema\/person\/image\/","url":"https:\/\/conversesacatalunya.cat\/wp-content\/litespeed\/avatar\/4891585caf2896e97846ab77f06edcf2.jpg?ver=1777091173","contentUrl":"https:\/\/conversesacatalunya.cat\/wp-content\/litespeed\/avatar\/4891585caf2896e97846ab77f06edcf2.jpg?ver=1777091173","caption":"Carles L\u00f3pez"},"url":"https:\/\/conversesacatalunya.cat\/es\/author\/carles-lopez\/"}]}},"wps_subtitle":"\u00bfEstamos subestimando los riesgos de que la IA no genere tan solo una presi\u00f3n hacia el alza de la esperanza de vida, sino tambi\u00e9n hacia la baja?","_links":{"self":[{"href":"https:\/\/conversesacatalunya.cat\/es\/wp-json\/wp\/v2\/posts\/93265","targetHints":{"allow":["GET"]}}],"collection":[{"href":"https:\/\/conversesacatalunya.cat\/es\/wp-json\/wp\/v2\/posts"}],"about":[{"href":"https:\/\/conversesacatalunya.cat\/es\/wp-json\/wp\/v2\/types\/post"}],"author":[{"embeddable":true,"href":"https:\/\/conversesacatalunya.cat\/es\/wp-json\/wp\/v2\/users\/75"}],"replies":[{"embeddable":true,"href":"https:\/\/conversesacatalunya.cat\/es\/wp-json\/wp\/v2\/comments?post=93265"}],"version-history":[{"count":6,"href":"https:\/\/conversesacatalunya.cat\/es\/wp-json\/wp\/v2\/posts\/93265\/revisions"}],"predecessor-version":[{"id":93313,"href":"https:\/\/conversesacatalunya.cat\/es\/wp-json\/wp\/v2\/posts\/93265\/revisions\/93313"}],"wp:featuredmedia":[{"embeddable":true,"href":"https:\/\/conversesacatalunya.cat\/es\/wp-json\/wp\/v2\/media\/93233"}],"wp:attachment":[{"href":"https:\/\/conversesacatalunya.cat\/es\/wp-json\/wp\/v2\/media?parent=93265"}],"wp:term":[{"taxonomy":"category","embeddable":true,"href":"https:\/\/conversesacatalunya.cat\/es\/wp-json\/wp\/v2\/categories?post=93265"},{"taxonomy":"post_tag","embeddable":true,"href":"https:\/\/conversesacatalunya.cat\/es\/wp-json\/wp\/v2\/tags?post=93265"}],"curies":[{"name":"wp","href":"https:\/\/api.w.org\/{rel}","templated":true}]}}