{"id":93212,"date":"2025-10-24T10:49:04","date_gmt":"2025-10-24T08:49:04","guid":{"rendered":"https:\/\/conversesacatalunya.cat\/?p=93212"},"modified":"2025-10-27T10:31:49","modified_gmt":"2025-10-27T09:31:49","slug":"sanchez-responsable-de-la-gran-crisis-de-la-vivienda-datos-y-hechos","status":"publish","type":"post","link":"https:\/\/conversesacatalunya.cat\/es\/sanchez-responsable-de-la-gran-crisis-de-la-vivienda-datos-y-hechos\/","title":{"rendered":"S\u00e1nchez responsable de la gran crisis de la vivienda: datos y hechos (I)"},"content":{"rendered":"<p>Pedro S\u00e1nchez ha ido a Europa para <strong>maquillar su impotencia como gobernante<\/strong> ante la crisis de \u00a0la vivienda, probando vender que es un mal de muchos, siempre ser\u00e1 un consuelo de tontos. Pero la realidad es tozuda y persistentemente aflora, el poder puede corromperla, desvirtuarla, ocultarla, pero siempre emerge. Por ejemplo as\u00ed:<\/p>\n<p>Espa\u00f1a atraviesa una de <strong>las peores crisis de vivienda de Europa<\/strong>, caracterizada por precios r\u00e9cord tanto de alquiler como de compra y una acusada escasez de oferta residencial. Esta situaci\u00f3n <strong>no exist\u00eda a mediados de la d\u00e9cada de 2010<\/strong>, cuando el mercado a\u00fan diger\u00eda el excedente de la burbuja de 2008 y los precios hab\u00edan ca\u00eddo. Es una crisis que se ha\u00a0 gestado y eclosionado en los casi ya <a href=\"https:\/\/conversesacatalunya.cat\/es\/vivimos-mejor-con-sanchez-inmigracion-y-vivienda\/\" target=\"_blank\" rel=\"noopener\">ocho a\u00f1os de Gobierno S\u00e1nchez<\/a>.<\/p>\n<h3>Evoluci\u00f3n de los precios de venta y alquiler (2014\u20132024)<\/h3>\n<p>Tras el estallido de la burbuja inmobiliaria de 2008, los precios de la vivienda tocaron fondo alrededor de 2013-2014. Desde entonces, <strong>los valores han repuntado de forma notable<\/strong>: en la \u00faltima d\u00e9cada el precio de compra se ha incrementado m\u00e1s de un <strong>63%<\/strong>, superando en t\u00e9rminos reales los niveles m\u00e1ximos de la burbuja de 2008<span>. <\/span>En particular, la vivienda nueva en 2024 llega a costar hasta un <strong>35% m\u00e1s<\/strong> que en 2000.<\/p>\n<p>Por su parte, <strong>los alquileres pr\u00e1cticamente se han duplicado<\/strong>: se ha pasado de pagar algo m\u00e1s de 7 \u20ac\/m\u00b2 al mes en 2014 a <strong>m\u00e1s de 13 \u20ac\/m\u00b2<\/strong> en septiembre de 2024<span>.<\/span> Este incremento acumulado <strong>supera el 80%<\/strong> en diez a\u00f1os, reflejando una <strong>creciente tensi\u00f3n arrendaticia<\/strong> en todo el pa\u00eds<span>, <\/span>pero sobre todo tal y como se\u00f1alan los \u00faltimos informes en Madrid, Barcelona y fuera de Espa\u00f1a, Lisboa.<\/p>\n<blockquote><p><strong> Es entonces, hace m\u00e1s de 4 a\u00f1os, cuando S\u00e1nchez deber\u00eda haber iniciado una respuesta eficaz. Hubo promesas, pero no hechos.<\/strong><\/p><\/blockquote>\n<p>La aceleraci\u00f3n de precios se hizo especialmente evidente a partir de <strong>2021-2022<\/strong>, coincidiendo con la recuperaci\u00f3n econ\u00f3mica pospandemia y una fuerte entrada de nueva demanda habitacional. <strong>Es entonces<\/strong>, hace m\u00e1s de 4 a\u00f1os, cuando S\u00e1nchez deber\u00eda haber iniciado una respuesta eficaz. Hubo promesas, pero no hechos.<\/p>\n<p>En <strong>2023<\/strong> se quebraron varios <strong>r\u00e9cords hist\u00f3ricos<\/strong>: en agosto de 2023 el alquiler medio super\u00f3 por primera vez los 12 \u20ac\/m\u00b2, y en junio de 2024 alcanz\u00f3 un m\u00e1ximo de <strong>13,4 \u20ac\/m\u00b2<\/strong>, sin se\u00f1ales de freno. Los precios de compraventa tambi\u00e9n escalaron con fuerza: el \u00edndice estatal del INE registr\u00f3 una subida interanual del <strong>12,2%<\/strong> en el primer trimestre de 2025 impulsada sobre todo por la vivienda nueva y las regiones m\u00e1s din\u00e1micas.<\/p>\n<p>De hecho, <strong>2024 fue el a\u00f1o de mayor encarecimiento inmobiliario<\/strong> en d\u00e9cadas: el precio de la vivienda usada subi\u00f3 un <strong>8,4% interanual<\/strong>, la mayor alza desde que hay registros de portales inmobiliarios como Fotocasa<span>. <\/span>Estas subidas generalizadas comenzaron a traducirse en <strong>protestas sociales<\/strong> y en la percepci\u00f3n de una \u201cemergencia habitacional\u201d hacia 2023-2024, al constatarse que cada vez m\u00e1s familias y j\u00f3venes eran excluidos del acceso a una vivienda digna por los altos costes.<\/p>\n<h3>Oferta insuficiente y demanda al alza (el rol de la inmigraci\u00f3n)<\/h3>\n<p>El origen de esta crisis est\u00e1 en un fuerte <strong>desequilibrio entre oferta y demanda<\/strong> de vivienda. Tras el colapso del ladrillo, la construcci\u00f3n de nuevas viviendas se desplom\u00f3 a m\u00ednimos hist\u00f3ricos: en <strong>2014<\/strong> apenas se terminaron <strong>46.800 viviendas<\/strong> (piso terminado con certificado de fin de obra), la cifra m\u00e1s baja de la serie y muy inferior a las <strong>641.000<\/strong> entregadas en el pico de 2007.<\/p>\n<p>Entre 2015 y 2016 se toc\u00f3 fondo con algo m\u00e1s de <strong>40.000<\/strong> viviendas anuales terminadas.<\/p>\n<p>A partir de 2017, la promoci\u00f3n empez\u00f3 a recuperarse lentamente, pero <strong>sin alcanzar niveles suficientes<\/strong>: desde 2020 en adelante se han terminado en torno a <strong>90.000 viviendas al a\u00f1o<\/strong>, todav\u00eda a ritmo lento comparado con la demanda<span>. <\/span>De hecho, 2024 cerr\u00f3 con <strong>100.980 viviendas terminadas<\/strong>, el mejor registro en 12 a\u00f1os, pero a\u00fan muy lejos de los a\u00f1os del boom. Esta <strong>raqu\u00edtica oferta nueva<\/strong> contrasta con la etapa precrisis, cuando se constru\u00edan m\u00e1s de 500.000 viviendas anuales, y pone de manifiesto un <strong>estancamiento del \u201csector ladrillo\u201d<\/strong> tras la burbuja.<\/p>\n<p>Paralelamente, la <strong>demanda de vivienda se dispar\u00f3 en la segunda mitad de la d\u00e9cada<\/strong>, especialmente <strong>desde 2018<\/strong> en adelante, por varias razones demogr\u00e1ficas. Por un lado, Espa\u00f1a volvi\u00f3 a atraer <strong>flujos masivos de inmigraci\u00f3n<\/strong> tras la recuperaci\u00f3n econ\u00f3mica: en diez a\u00f1os la poblaci\u00f3n inmigrante aument\u00f3 en <strong>1,4 millones<\/strong> y solo entre 2021 y 2024 llegaron <strong>1,1 millones<\/strong> de personas netas.<\/p>\n<blockquote><p><strong>el tama\u00f1o de los hogares se redujo (de 2,6 a 2,5 personas de media en la d\u00e9cada) y aumentaron los hogares unipersonales (del 25% al 28% del total)<\/strong><\/p><\/blockquote>\n<p>Por otro lado, el tama\u00f1o de los hogares se redujo (de 2,6 a 2,5 personas de media en la d\u00e9cada) y aumentaron los hogares unipersonales (del 25% al 28% del total) Estas tendencias <strong>dispararon la formaci\u00f3n de nuevos hogares<\/strong>: antes de 2020 se creaban menos de <strong>100.000 hogares al a\u00f1o<\/strong>, pero en <strong>2022 y 2023<\/strong> se conformaron en torno a <strong>275.000\u2013300.000 nuevos hogares anuales<\/strong><span>. <\/span>Solo en 2023 se formaron <strong>278.000 hogares<\/strong> netos, marcando un m\u00e1ximo hist\u00f3rico.<\/p>\n<p>La consecuencia es un <strong>choque de demanda sobre una oferta r\u00edgida<\/strong>. Cada a\u00f1o desde 2018 <strong>nacen muchas m\u00e1s familias que viviendas<\/strong>. Seg\u00fan datos oficiales, <strong>Espa\u00f1a cre\u00f3 un 43,5% m\u00e1s de hogares que viviendas entre 2014 y 2023<\/strong>, conform\u00e1ndose casi <strong>1 mill\u00f3n de hogares<\/strong> nuevos frente a apenas <strong>683.200 viviendas construidas<\/strong> en ese mismo periodo.<\/p>\n<p>La poblaci\u00f3n crece y las viviendas nuevas no alcanzan a alojarla, provocando tensiones alcistas. Este <strong>desequilibrio estructural<\/strong> se ha agravado conforme se agotaba el stock de pisos vac\u00edos heredado de la burbuja (a\u00fan quedan <strong>450.000 viviendas nuevas sin vender<\/strong>, sobre todo en zonas de baja demanda, pero en las grandes ciudades pr\u00e1cticamente no queda oferta ociosa).<\/p>\n<p><strong>Desde 2022 la situaci\u00f3n entr\u00f3 en fase cr\u00edtica<\/strong>, al converger una <strong>explosi\u00f3n de demanda inmigrante<\/strong> y de j\u00f3venes emancip\u00e1ndose con un <strong>cr\u00f3nico retraso de la construcci\u00f3n<\/strong>. En palabras del Banco de Espa\u00f1a, ha habido un comportamiento <strong>\u201cmuy din\u00e1mico de la demanda (migraci\u00f3n y hogares peque\u00f1os) y una oferta mucho m\u00e1s plana\u201d<\/strong>, lo que ha impulsado los precios al alza<\/p>\n<h3>D\u00e9ficit de vivienda acumulado y necesidad anual de nuevas viviendas<\/h3>\n<p>El efecto acumulado de siete a\u00f1os de demanda insatisfecha es un <strong>d\u00e9ficit de viviendas sin precedentes<\/strong>. Entre 2014 y 2023 se dejaron de construir unas <strong>297.000 viviendas menos de las necesarias<\/strong>, seg\u00fan c\u00e1lculos a partir de INE y Ministerio de Vivienda<span>. <\/span>El Banco de Espa\u00f1a cuantifica este d\u00e9ficit en el rango de <strong>450.000 a 600.000 viviendas<\/strong> a nivel nacional concentrado sobre todo en las grandes provincias (Madrid, Barcelona, M\u00e1laga, Valencia y Alicante) Dicho de otro modo, <strong>har\u00edan falta alrededor de 600.000 viviendas adicionales hasta 2025<\/strong> para absorber el desequilibrio acumulado. Solo en 2024 el d\u00e9ficit anual rond\u00f3 las <strong>134.000 unidades<\/strong> (hogares creados menos viviendas nuevas), agravando a\u00fan m\u00e1s el desfase.<\/p>\n<blockquote><p><strong> en 2024 se concedieron permisos para apenas 128.000 viviendas (visados de obra nueva) y la cifra de viviendas realmente terminadas fue incluso menor (100.000)<\/strong><\/p><\/blockquote>\n<p>Considerando la creaci\u00f3n actual de hogares (250-300 mil al a\u00f1o) y la renovaci\u00f3n del parque, <strong>Espa\u00f1a necesitar\u00eda construir del orden de <\/strong>200.000\u2013300.000 viviendas al a\u00f1o para no seguir aumentando el d\u00e9ficit. Sin embargo, <strong>la realidad est\u00e1 muy por debajo<\/strong>: en 2024 se concedieron permisos para apenas <strong>128.000 viviendas<\/strong> (visados de obra nueva) y la cifra de viviendas realmente terminadas fue incluso menor (100.000). Este ritmo de construcci\u00f3n (inferior a 100 al a\u00f1o) <strong>no basta para cubrir la demanda futura<\/strong>, estimada en <strong>300 viviendas anuales,<\/strong> seg\u00fan los expertos. La diferencia entre <strong>m\u00e1s de 230.000 hogares nuevos cada a\u00f1o y menos de 90.000 viviendas finalizadas<\/strong> se traduce en un <strong>d\u00e9ficit cr\u00f3nico<\/strong> que crece a\u00f1o tras a\u00f1o<span>. <\/span><\/p>\n<p>En resumen, la <strong>cifra anual necesaria<\/strong> de construcci\u00f3n <strong>para estabilizar el mercado<\/strong> deber\u00eda <strong>al menos duplicar<\/strong> la actual: en torno a <strong>200-250 mil viviendas al a\u00f1o<\/strong> (y en los a\u00f1os recientes, incluso cerca de <strong>300 mil<\/strong> para absorber el pico migratorio). No alcanzar esas metas implica que <strong>la brecha sigue ampli\u00e1ndose<\/strong>, tensionando a\u00fan m\u00e1s los precios y el acceso a la vivienda.<\/p>\n<p>Este es el panorama, esta ha sido la din\u00e1mica. Ante ella es necesario situar los compromisos sobre vivienda de S\u00e1nchez y los resultados. <strong>Ser\u00e1 el pr\u00f3ximo d\u00eda.<\/strong><\/p>\n<span class='bctt-click-to-tweet'><span class='bctt-ctt-text'><a href='https:\/\/twitter.com\/intent\/tweet?url=https%3A%2F%2Fconversesacatalunya.cat%2Fes%2Fsanchez-responsable-de-la-gran-crisis-de-la-vivienda-datos-y-hechos%2F&#038;text=En%20ocho%20a%C3%B1os%20de%20gobierno%2C%20S%C3%A1nchez%20deja%20un%20d%C3%A9ficit%20de%20m%C3%A1s%20de%20medio%20mill%C3%B3n%20de%20viviendas.%20%23ViviendaEspa%C3%B1a%20%23EmergenciaHabitacional&#038;via=conversesacat&#038;related=conversesacat' target='_blank'rel=\"noopener noreferrer\">En ocho a\u00f1os de gobierno, S\u00e1nchez deja un d\u00e9ficit de m\u00e1s de medio mill\u00f3n de viviendas. #ViviendaEspa\u00f1a #EmergenciaHabitacional <\/a><\/span><a href='https:\/\/twitter.com\/intent\/tweet?url=https%3A%2F%2Fconversesacatalunya.cat%2Fes%2Fsanchez-responsable-de-la-gran-crisis-de-la-vivienda-datos-y-hechos%2F&#038;text=En%20ocho%20a%C3%B1os%20de%20gobierno%2C%20S%C3%A1nchez%20deja%20un%20d%C3%A9ficit%20de%20m%C3%A1s%20de%20medio%20mill%C3%B3n%20de%20viviendas.%20%23ViviendaEspa%C3%B1a%20%23EmergenciaHabitacional&#038;via=conversesacat&#038;related=conversesacat' target='_blank' class='bctt-ctt-btn'rel=\"noopener noreferrer\">Compartir en X<\/a><\/span>\n","protected":false},"excerpt":{"rendered":"<p>Pedro S\u00e1nchez ha ido a Europa para maquillar su impotencia como gobernante ante la crisis de \u00a0la vivienda, probando vender que es un mal de muchos, siempre ser\u00e1 un consuelo de tontos. Pero la realidad es tozuda y persistentemente aflora, el poder puede corromperla, desvirtuarla, ocultarla, pero siempre emerge. Por ejemplo as\u00ed: Espa\u00f1a atraviesa una de las peores crisis de vivienda de Europa, caracterizada por precios r\u00e9cord tanto de alquiler como de compra y una acusada escasez de oferta residencial. Esta situaci\u00f3n no exist\u00eda a mediados de la d\u00e9cada de 2010, cuando el mercado a\u00fan diger\u00eda el excedente de la burbuja de 2008 y los precios hab\u00edan ca\u00eddo. Es una crisis que se ha\u00a0 gestado y eclosionado en los casi ya ocho a\u00f1os de Gobierno S\u00e1nchez. Evoluci\u00f3n de los precios de venta y alquiler (2014\u20132024) Tras el estallido de la burbuja inmobiliaria de 2008, los precios de la vivienda tocaron fondo alrededor de 2013-2014. Desde entonces, los valores han repuntado de forma notable: en la \u00faltima d\u00e9cada el precio de compra se ha incrementado m\u00e1s de un 63%, superando en t\u00e9rminos reales los niveles m\u00e1ximos de la burbuja de 2008. En particular, la vivienda nueva en 2024 llega a costar hasta un 35% m\u00e1s que en 2000. Por su parte, los alquileres pr\u00e1cticamente se han duplicado: se ha pasado de pagar algo m\u00e1s de 7 \u20ac\/m\u00b2 al mes en 2014 a m\u00e1s de 13 \u20ac\/m\u00b2 en septiembre de 2024. Este incremento acumulado supera el 80% en diez a\u00f1os, reflejando una creciente tensi\u00f3n arrendaticia en todo el pa\u00eds, pero sobre todo tal y como se\u00f1alan los \u00faltimos informes en Madrid, Barcelona y fuera de Espa\u00f1a, Lisboa. Es entonces, hace m\u00e1s de 4 a\u00f1os, cuando S\u00e1nchez deber\u00eda haber iniciado una respuesta eficaz. Hubo promesas, pero no hechos. La aceleraci\u00f3n de precios se hizo especialmente evidente a partir de 2021-2022, coincidiendo con la recuperaci\u00f3n econ\u00f3mica pospandemia y una fuerte entrada de nueva demanda habitacional. Es entonces, hace m\u00e1s de 4 a\u00f1os, cuando S\u00e1nchez deber\u00eda haber iniciado una respuesta eficaz. Hubo promesas, pero no hechos. En 2023 se quebraron varios r\u00e9cords hist\u00f3ricos: en agosto de 2023 el alquiler medio super\u00f3 por primera vez los 12 \u20ac\/m\u00b2, y en junio de 2024 alcanz\u00f3 un m\u00e1ximo de 13,4 \u20ac\/m\u00b2, sin se\u00f1ales de freno. Los precios de compraventa tambi\u00e9n escalaron con fuerza: el \u00edndice estatal del INE registr\u00f3 una subida interanual del 12,2% en el primer trimestre de 2025 impulsada sobre todo por la vivienda nueva y las regiones m\u00e1s din\u00e1micas. De hecho, 2024 fue el a\u00f1o de mayor encarecimiento inmobiliario en d\u00e9cadas: el precio de la vivienda usada subi\u00f3 un 8,4% interanual, la mayor alza desde que hay registros de portales inmobiliarios como Fotocasa. Estas subidas generalizadas comenzaron a traducirse en protestas sociales y en la percepci\u00f3n de una \u201cemergencia habitacional\u201d hacia 2023-2024, al constatarse que cada vez m\u00e1s familias y j\u00f3venes eran excluidos del acceso a una vivienda digna por los altos costes. Oferta insuficiente y demanda al alza (el rol de la inmigraci\u00f3n) El origen de esta crisis est\u00e1 en un fuerte desequilibrio entre oferta y demanda de vivienda. Tras el colapso del ladrillo, la construcci\u00f3n de nuevas viviendas se desplom\u00f3 a m\u00ednimos hist\u00f3ricos: en 2014 apenas se terminaron 46.800 viviendas (piso terminado con certificado de fin de obra), la cifra m\u00e1s baja de la serie y muy inferior a las 641.000 entregadas en el pico de 2007. Entre 2015 y 2016 se toc\u00f3 fondo con algo m\u00e1s de 40.000 viviendas anuales terminadas. A partir de 2017, la promoci\u00f3n empez\u00f3 a recuperarse lentamente, pero sin alcanzar niveles suficientes: desde 2020 en adelante se han terminado en torno a 90.000 viviendas al a\u00f1o, todav\u00eda a ritmo lento comparado con la demanda. De hecho, 2024 cerr\u00f3 con 100.980 viviendas terminadas, el mejor registro en 12 a\u00f1os, pero a\u00fan muy lejos de los a\u00f1os del boom. Esta raqu\u00edtica oferta nueva contrasta con la etapa precrisis, cuando se constru\u00edan m\u00e1s de 500.000 viviendas anuales, y pone de manifiesto un estancamiento del \u201csector ladrillo\u201d tras la burbuja. Paralelamente, la demanda de vivienda se dispar\u00f3 en la segunda mitad de la d\u00e9cada, especialmente desde 2018 en adelante, por varias razones demogr\u00e1ficas. Por un lado, Espa\u00f1a volvi\u00f3 a atraer flujos masivos de inmigraci\u00f3n tras la recuperaci\u00f3n econ\u00f3mica: en diez a\u00f1os la poblaci\u00f3n inmigrante aument\u00f3 en 1,4 millones y solo entre 2021 y 2024 llegaron 1,1 millones de personas netas. el tama\u00f1o de los hogares se redujo (de 2,6 a 2,5 personas de media en la d\u00e9cada) y aumentaron los hogares unipersonales (del 25% al 28% del total) Por otro lado, el tama\u00f1o de los hogares se redujo (de 2,6 a 2,5 personas de media en la d\u00e9cada) y aumentaron los hogares unipersonales (del 25% al 28% del total) Estas tendencias dispararon la formaci\u00f3n de nuevos hogares: antes de 2020 se creaban menos de 100.000 hogares al a\u00f1o, pero en 2022 y 2023 se conformaron en torno a 275.000\u2013300.000 nuevos hogares anuales. Solo en 2023 se formaron 278.000 hogares netos, marcando un m\u00e1ximo hist\u00f3rico. La consecuencia es un choque de demanda sobre una oferta r\u00edgida. Cada a\u00f1o desde 2018 nacen muchas m\u00e1s familias que viviendas. Seg\u00fan datos oficiales, Espa\u00f1a cre\u00f3 un 43,5% m\u00e1s de hogares que viviendas entre 2014 y 2023, conform\u00e1ndose casi 1 mill\u00f3n de hogares nuevos frente a apenas 683.200 viviendas construidas en ese mismo periodo. La poblaci\u00f3n crece y las viviendas nuevas no alcanzan a alojarla, provocando tensiones alcistas. Este desequilibrio estructural se ha agravado conforme se agotaba el stock de pisos vac\u00edos heredado de la burbuja (a\u00fan quedan 450.000 viviendas nuevas sin vender, sobre todo en zonas de baja demanda, pero en las grandes ciudades pr\u00e1cticamente no queda oferta ociosa). Desde 2022 la situaci\u00f3n entr\u00f3 en fase cr\u00edtica, al converger una explosi\u00f3n de demanda inmigrante y de j\u00f3venes emancip\u00e1ndose con un cr\u00f3nico retraso de la construcci\u00f3n. En palabras del Banco de Espa\u00f1a, ha habido un comportamiento \u201cmuy din\u00e1mico de la demanda (migraci\u00f3n y hogares peque\u00f1os) y una oferta mucho m\u00e1s plana\u201d, lo que ha impulsado los precios&#8230;<\/p>\n","protected":false},"author":81,"featured_media":93214,"comment_status":"open","ping_status":"open","sticky":false,"template":"","format":"standard","meta":{"_FSMCFIC_featured_image_caption":"","_FSMCFIC_featured_image_nocaption":"","_FSMCFIC_featured_image_hide":"","footnotes":""},"categories":[806],"tags":[2945,1035],"class_list":["post-93212","post","type-post","status-publish","format-standard","has-post-thumbnail","hentry","category-punts-claus-del-dia-es","tag-precios-vivienda","tag-vivienda"],"yoast_head":"<!-- This site is optimized with the Yoast SEO plugin v26.8 - https:\/\/yoast.com\/product\/yoast-seo-wordpress\/ -->\n<title>S\u00e1nchez responsable de la gran crisis de la vivienda: datos y hechos (I) - Converses a Catalunya<\/title>\n<meta name=\"description\" content=\"Pedro S\u00e1nchez ha ido a Europa para maquillar su impotencia como gobernante ante la crisis de la vivienda en Espa\u00f1a.\" \/>\n<meta name=\"robots\" content=\"index, follow, max-snippet:-1, max-image-preview:large, max-video-preview:-1\" \/>\n<link rel=\"canonical\" href=\"https:\/\/conversesacatalunya.cat\/es\/sanchez-responsable-de-la-gran-crisis-de-la-vivienda-datos-y-hechos\/\" \/>\n<meta property=\"og:locale\" content=\"es_ES\" \/>\n<meta property=\"og:type\" content=\"article\" \/>\n<meta property=\"og:title\" content=\"S\u00e1nchez responsable de la gran crisis de la vivienda: datos y hechos (I) - Converses a Catalunya\" \/>\n<meta property=\"og:description\" content=\"Pedro S\u00e1nchez ha ido a Europa para maquillar su impotencia como gobernante ante la crisis de la vivienda en Espa\u00f1a.\" \/>\n<meta property=\"og:url\" content=\"https:\/\/conversesacatalunya.cat\/es\/sanchez-responsable-de-la-gran-crisis-de-la-vivienda-datos-y-hechos\/\" \/>\n<meta property=\"og:site_name\" content=\"Converses a Catalunya\" \/>\n<meta property=\"article:published_time\" content=\"2025-10-24T08:49:04+00:00\" \/>\n<meta property=\"article:modified_time\" content=\"2025-10-27T09:31:49+00:00\" \/>\n<meta property=\"og:image\" content=\"https:\/\/conversesacatalunya.cat\/wp-content\/uploads\/2025\/10\/vivienda.jpg\" \/>\n\t<meta property=\"og:image:width\" content=\"1377\" \/>\n\t<meta property=\"og:image:height\" content=\"590\" \/>\n\t<meta property=\"og:image:type\" content=\"image\/jpeg\" \/>\n<meta name=\"author\" content=\"Emili Clos\" \/>\n<meta name=\"twitter:card\" content=\"summary_large_image\" \/>\n<meta name=\"twitter:label1\" content=\"Escrito por\" \/>\n\t<meta name=\"twitter:data1\" content=\"Emili Clos\" \/>\n\t<meta name=\"twitter:label2\" content=\"Tiempo de lectura\" \/>\n\t<meta name=\"twitter:data2\" content=\"7 minutos\" \/>\n<script type=\"application\/ld+json\" class=\"yoast-schema-graph\">{\"@context\":\"https:\/\/schema.org\",\"@graph\":[{\"@type\":\"Article\",\"@id\":\"https:\/\/conversesacatalunya.cat\/es\/sanchez-responsable-de-la-gran-crisis-de-la-vivienda-datos-y-hechos\/#article\",\"isPartOf\":{\"@id\":\"https:\/\/conversesacatalunya.cat\/es\/sanchez-responsable-de-la-gran-crisis-de-la-vivienda-datos-y-hechos\/\"},\"author\":{\"name\":\"Emili Clos\",\"@id\":\"https:\/\/conversesacatalunya.cat\/#\/schema\/person\/46306de4129bccb959ed5e1720c4e3e7\"},\"headline\":\"S\u00e1nchez responsable de la gran crisis de la vivienda: datos y hechos (I)\",\"datePublished\":\"2025-10-24T08:49:04+00:00\",\"dateModified\":\"2025-10-27T09:31:49+00:00\",\"mainEntityOfPage\":{\"@id\":\"https:\/\/conversesacatalunya.cat\/es\/sanchez-responsable-de-la-gran-crisis-de-la-vivienda-datos-y-hechos\/\"},\"wordCount\":1445,\"commentCount\":0,\"image\":{\"@id\":\"https:\/\/conversesacatalunya.cat\/es\/sanchez-responsable-de-la-gran-crisis-de-la-vivienda-datos-y-hechos\/#primaryimage\"},\"thumbnailUrl\":\"https:\/\/conversesacatalunya.cat\/wp-content\/uploads\/2025\/10\/vivienda.jpg\",\"keywords\":[\"precios vivienda\",\"vivienda\"],\"articleSection\":[\"Punts clau del dia (ES)\"],\"inLanguage\":\"es\",\"potentialAction\":[{\"@type\":\"CommentAction\",\"name\":\"Comment\",\"target\":[\"https:\/\/conversesacatalunya.cat\/es\/sanchez-responsable-de-la-gran-crisis-de-la-vivienda-datos-y-hechos\/#respond\"]}]},{\"@type\":\"WebPage\",\"@id\":\"https:\/\/conversesacatalunya.cat\/es\/sanchez-responsable-de-la-gran-crisis-de-la-vivienda-datos-y-hechos\/\",\"url\":\"https:\/\/conversesacatalunya.cat\/es\/sanchez-responsable-de-la-gran-crisis-de-la-vivienda-datos-y-hechos\/\",\"name\":\"S\u00e1nchez responsable de la gran crisis de la vivienda: datos y hechos (I) - Converses a Catalunya\",\"isPartOf\":{\"@id\":\"https:\/\/conversesacatalunya.cat\/#website\"},\"primaryImageOfPage\":{\"@id\":\"https:\/\/conversesacatalunya.cat\/es\/sanchez-responsable-de-la-gran-crisis-de-la-vivienda-datos-y-hechos\/#primaryimage\"},\"image\":{\"@id\":\"https:\/\/conversesacatalunya.cat\/es\/sanchez-responsable-de-la-gran-crisis-de-la-vivienda-datos-y-hechos\/#primaryimage\"},\"thumbnailUrl\":\"https:\/\/conversesacatalunya.cat\/wp-content\/uploads\/2025\/10\/vivienda.jpg\",\"datePublished\":\"2025-10-24T08:49:04+00:00\",\"dateModified\":\"2025-10-27T09:31:49+00:00\",\"author\":{\"@id\":\"https:\/\/conversesacatalunya.cat\/#\/schema\/person\/46306de4129bccb959ed5e1720c4e3e7\"},\"description\":\"Pedro S\u00e1nchez ha ido a Europa para maquillar su impotencia como gobernante ante la crisis de la vivienda en Espa\u00f1a.\",\"breadcrumb\":{\"@id\":\"https:\/\/conversesacatalunya.cat\/es\/sanchez-responsable-de-la-gran-crisis-de-la-vivienda-datos-y-hechos\/#breadcrumb\"},\"inLanguage\":\"es\",\"potentialAction\":[{\"@type\":\"ReadAction\",\"target\":[\"https:\/\/conversesacatalunya.cat\/es\/sanchez-responsable-de-la-gran-crisis-de-la-vivienda-datos-y-hechos\/\"]}]},{\"@type\":\"ImageObject\",\"inLanguage\":\"es\",\"@id\":\"https:\/\/conversesacatalunya.cat\/es\/sanchez-responsable-de-la-gran-crisis-de-la-vivienda-datos-y-hechos\/#primaryimage\",\"url\":\"https:\/\/conversesacatalunya.cat\/wp-content\/uploads\/2025\/10\/vivienda.jpg\",\"contentUrl\":\"https:\/\/conversesacatalunya.cat\/wp-content\/uploads\/2025\/10\/vivienda.jpg\",\"width\":1377,\"height\":590,\"caption\":\"Pedro S\u00e1nchez vivienda\"},{\"@type\":\"BreadcrumbList\",\"@id\":\"https:\/\/conversesacatalunya.cat\/es\/sanchez-responsable-de-la-gran-crisis-de-la-vivienda-datos-y-hechos\/#breadcrumb\",\"itemListElement\":[{\"@type\":\"ListItem\",\"position\":1,\"name\":\"Inici\",\"item\":\"https:\/\/conversesacatalunya.cat\/es\/\"},{\"@type\":\"ListItem\",\"position\":2,\"name\":\"S\u00e1nchez responsable de la gran crisis de la vivienda: datos y hechos (I)\"}]},{\"@type\":\"WebSite\",\"@id\":\"https:\/\/conversesacatalunya.cat\/#website\",\"url\":\"https:\/\/conversesacatalunya.cat\/\",\"name\":\"Converses a Catalunya\",\"description\":\"\",\"potentialAction\":[{\"@type\":\"SearchAction\",\"target\":{\"@type\":\"EntryPoint\",\"urlTemplate\":\"https:\/\/conversesacatalunya.cat\/?s={search_term_string}\"},\"query-input\":{\"@type\":\"PropertyValueSpecification\",\"valueRequired\":true,\"valueName\":\"search_term_string\"}}],\"inLanguage\":\"es\"},{\"@type\":\"Person\",\"@id\":\"https:\/\/conversesacatalunya.cat\/#\/schema\/person\/46306de4129bccb959ed5e1720c4e3e7\",\"name\":\"Emili Clos\",\"image\":{\"@type\":\"ImageObject\",\"inLanguage\":\"es\",\"@id\":\"https:\/\/conversesacatalunya.cat\/#\/schema\/person\/image\/\",\"url\":\"https:\/\/conversesacatalunya.cat\/wp-content\/litespeed\/avatar\/a9a662bd802eed79498de818aef91cc9.jpg?ver=1777096184\",\"contentUrl\":\"https:\/\/conversesacatalunya.cat\/wp-content\/litespeed\/avatar\/a9a662bd802eed79498de818aef91cc9.jpg?ver=1777096184\",\"caption\":\"Emili Clos\"},\"url\":\"https:\/\/conversesacatalunya.cat\/es\/author\/emili_clos\/\"}]}<\/script>\n<!-- \/ Yoast SEO plugin. -->","yoast_head_json":{"title":"S\u00e1nchez responsable de la gran crisis de la vivienda: datos y hechos (I) - Converses a Catalunya","description":"Pedro S\u00e1nchez ha ido a Europa para maquillar su impotencia como gobernante ante la crisis de la vivienda en Espa\u00f1a.","robots":{"index":"index","follow":"follow","max-snippet":"max-snippet:-1","max-image-preview":"max-image-preview:large","max-video-preview":"max-video-preview:-1"},"canonical":"https:\/\/conversesacatalunya.cat\/es\/sanchez-responsable-de-la-gran-crisis-de-la-vivienda-datos-y-hechos\/","og_locale":"es_ES","og_type":"article","og_title":"S\u00e1nchez responsable de la gran crisis de la vivienda: datos y hechos (I) - Converses a Catalunya","og_description":"Pedro S\u00e1nchez ha ido a Europa para maquillar su impotencia como gobernante ante la crisis de la vivienda en Espa\u00f1a.","og_url":"https:\/\/conversesacatalunya.cat\/es\/sanchez-responsable-de-la-gran-crisis-de-la-vivienda-datos-y-hechos\/","og_site_name":"Converses a Catalunya","article_published_time":"2025-10-24T08:49:04+00:00","article_modified_time":"2025-10-27T09:31:49+00:00","og_image":[{"width":1377,"height":590,"url":"https:\/\/conversesacatalunya.cat\/wp-content\/uploads\/2025\/10\/vivienda.jpg","type":"image\/jpeg"}],"author":"Emili Clos","twitter_card":"summary_large_image","twitter_misc":{"Escrito por":"Emili Clos","Tiempo de lectura":"7 minutos"},"schema":{"@context":"https:\/\/schema.org","@graph":[{"@type":"Article","@id":"https:\/\/conversesacatalunya.cat\/es\/sanchez-responsable-de-la-gran-crisis-de-la-vivienda-datos-y-hechos\/#article","isPartOf":{"@id":"https:\/\/conversesacatalunya.cat\/es\/sanchez-responsable-de-la-gran-crisis-de-la-vivienda-datos-y-hechos\/"},"author":{"name":"Emili Clos","@id":"https:\/\/conversesacatalunya.cat\/#\/schema\/person\/46306de4129bccb959ed5e1720c4e3e7"},"headline":"S\u00e1nchez responsable de la gran crisis de la vivienda: datos y hechos (I)","datePublished":"2025-10-24T08:49:04+00:00","dateModified":"2025-10-27T09:31:49+00:00","mainEntityOfPage":{"@id":"https:\/\/conversesacatalunya.cat\/es\/sanchez-responsable-de-la-gran-crisis-de-la-vivienda-datos-y-hechos\/"},"wordCount":1445,"commentCount":0,"image":{"@id":"https:\/\/conversesacatalunya.cat\/es\/sanchez-responsable-de-la-gran-crisis-de-la-vivienda-datos-y-hechos\/#primaryimage"},"thumbnailUrl":"https:\/\/conversesacatalunya.cat\/wp-content\/uploads\/2025\/10\/vivienda.jpg","keywords":["precios vivienda","vivienda"],"articleSection":["Punts clau del dia (ES)"],"inLanguage":"es","potentialAction":[{"@type":"CommentAction","name":"Comment","target":["https:\/\/conversesacatalunya.cat\/es\/sanchez-responsable-de-la-gran-crisis-de-la-vivienda-datos-y-hechos\/#respond"]}]},{"@type":"WebPage","@id":"https:\/\/conversesacatalunya.cat\/es\/sanchez-responsable-de-la-gran-crisis-de-la-vivienda-datos-y-hechos\/","url":"https:\/\/conversesacatalunya.cat\/es\/sanchez-responsable-de-la-gran-crisis-de-la-vivienda-datos-y-hechos\/","name":"S\u00e1nchez responsable de la gran crisis de la vivienda: datos y hechos (I) - Converses a Catalunya","isPartOf":{"@id":"https:\/\/conversesacatalunya.cat\/#website"},"primaryImageOfPage":{"@id":"https:\/\/conversesacatalunya.cat\/es\/sanchez-responsable-de-la-gran-crisis-de-la-vivienda-datos-y-hechos\/#primaryimage"},"image":{"@id":"https:\/\/conversesacatalunya.cat\/es\/sanchez-responsable-de-la-gran-crisis-de-la-vivienda-datos-y-hechos\/#primaryimage"},"thumbnailUrl":"https:\/\/conversesacatalunya.cat\/wp-content\/uploads\/2025\/10\/vivienda.jpg","datePublished":"2025-10-24T08:49:04+00:00","dateModified":"2025-10-27T09:31:49+00:00","author":{"@id":"https:\/\/conversesacatalunya.cat\/#\/schema\/person\/46306de4129bccb959ed5e1720c4e3e7"},"description":"Pedro S\u00e1nchez ha ido a Europa para maquillar su impotencia como gobernante ante la crisis de la vivienda en Espa\u00f1a.","breadcrumb":{"@id":"https:\/\/conversesacatalunya.cat\/es\/sanchez-responsable-de-la-gran-crisis-de-la-vivienda-datos-y-hechos\/#breadcrumb"},"inLanguage":"es","potentialAction":[{"@type":"ReadAction","target":["https:\/\/conversesacatalunya.cat\/es\/sanchez-responsable-de-la-gran-crisis-de-la-vivienda-datos-y-hechos\/"]}]},{"@type":"ImageObject","inLanguage":"es","@id":"https:\/\/conversesacatalunya.cat\/es\/sanchez-responsable-de-la-gran-crisis-de-la-vivienda-datos-y-hechos\/#primaryimage","url":"https:\/\/conversesacatalunya.cat\/wp-content\/uploads\/2025\/10\/vivienda.jpg","contentUrl":"https:\/\/conversesacatalunya.cat\/wp-content\/uploads\/2025\/10\/vivienda.jpg","width":1377,"height":590,"caption":"Pedro S\u00e1nchez vivienda"},{"@type":"BreadcrumbList","@id":"https:\/\/conversesacatalunya.cat\/es\/sanchez-responsable-de-la-gran-crisis-de-la-vivienda-datos-y-hechos\/#breadcrumb","itemListElement":[{"@type":"ListItem","position":1,"name":"Inici","item":"https:\/\/conversesacatalunya.cat\/es\/"},{"@type":"ListItem","position":2,"name":"S\u00e1nchez responsable de la gran crisis de la vivienda: datos y hechos (I)"}]},{"@type":"WebSite","@id":"https:\/\/conversesacatalunya.cat\/#website","url":"https:\/\/conversesacatalunya.cat\/","name":"Converses a Catalunya","description":"","potentialAction":[{"@type":"SearchAction","target":{"@type":"EntryPoint","urlTemplate":"https:\/\/conversesacatalunya.cat\/?s={search_term_string}"},"query-input":{"@type":"PropertyValueSpecification","valueRequired":true,"valueName":"search_term_string"}}],"inLanguage":"es"},{"@type":"Person","@id":"https:\/\/conversesacatalunya.cat\/#\/schema\/person\/46306de4129bccb959ed5e1720c4e3e7","name":"Emili Clos","image":{"@type":"ImageObject","inLanguage":"es","@id":"https:\/\/conversesacatalunya.cat\/#\/schema\/person\/image\/","url":"https:\/\/conversesacatalunya.cat\/wp-content\/litespeed\/avatar\/a9a662bd802eed79498de818aef91cc9.jpg?ver=1777096184","contentUrl":"https:\/\/conversesacatalunya.cat\/wp-content\/litespeed\/avatar\/a9a662bd802eed79498de818aef91cc9.jpg?ver=1777096184","caption":"Emili Clos"},"url":"https:\/\/conversesacatalunya.cat\/es\/author\/emili_clos\/"}]}},"wps_subtitle":"Es una crisis que se ha\u00a0gestado y eclosionado en los casi ya ocho a\u00f1os de Gobierno S\u00e1nchez.","_links":{"self":[{"href":"https:\/\/conversesacatalunya.cat\/es\/wp-json\/wp\/v2\/posts\/93212","targetHints":{"allow":["GET"]}}],"collection":[{"href":"https:\/\/conversesacatalunya.cat\/es\/wp-json\/wp\/v2\/posts"}],"about":[{"href":"https:\/\/conversesacatalunya.cat\/es\/wp-json\/wp\/v2\/types\/post"}],"author":[{"embeddable":true,"href":"https:\/\/conversesacatalunya.cat\/es\/wp-json\/wp\/v2\/users\/81"}],"replies":[{"embeddable":true,"href":"https:\/\/conversesacatalunya.cat\/es\/wp-json\/wp\/v2\/comments?post=93212"}],"version-history":[{"count":8,"href":"https:\/\/conversesacatalunya.cat\/es\/wp-json\/wp\/v2\/posts\/93212\/revisions"}],"predecessor-version":[{"id":93305,"href":"https:\/\/conversesacatalunya.cat\/es\/wp-json\/wp\/v2\/posts\/93212\/revisions\/93305"}],"wp:featuredmedia":[{"embeddable":true,"href":"https:\/\/conversesacatalunya.cat\/es\/wp-json\/wp\/v2\/media\/93214"}],"wp:attachment":[{"href":"https:\/\/conversesacatalunya.cat\/es\/wp-json\/wp\/v2\/media?parent=93212"}],"wp:term":[{"taxonomy":"category","embeddable":true,"href":"https:\/\/conversesacatalunya.cat\/es\/wp-json\/wp\/v2\/categories?post=93212"},{"taxonomy":"post_tag","embeddable":true,"href":"https:\/\/conversesacatalunya.cat\/es\/wp-json\/wp\/v2\/tags?post=93212"}],"curies":[{"name":"wp","href":"https:\/\/api.w.org\/{rel}","templated":true}]}}