{"id":93195,"date":"2025-10-23T12:44:17","date_gmt":"2025-10-23T10:44:17","guid":{"rendered":"https:\/\/conversesacatalunya.cat\/?p=93195"},"modified":"2025-10-27T05:53:54","modified_gmt":"2025-10-27T04:53:54","slug":"de-la-expansion-a-la-bajada-economica-1975-24","status":"publish","type":"post","link":"https:\/\/conversesacatalunya.cat\/es\/de-la-expansion-a-la-bajada-economica-1975-24\/","title":{"rendered":"Consideraci\u00f3n de Catalu\u00f1a (10) De la expansi\u00f3n a la bajada econ\u00f3mica (1975-24)"},"content":{"rendered":"<p><span dir=\"auto\">Despu\u00e9s de haber analizado en<span>\u00a0<\/span><\/span><strong><a href=\"https:\/\/conversesacatalunya.cat\/es\/cataluna-lectura-del-declive-y-la-creatividad-civilizatoria\/\" target=\"_blank\" rel=\"noopener\"><span dir=\"auto\">un art\u00edculo precedente<\/span><\/a><span>\u00a0<\/span><\/strong><span dir=\"auto\">las causas profundas del declive de Catalu\u00f1a en una perspectiva hist\u00f3rica larga, es pertinente observar ahora su reflejo<span>\u00a0<\/span><\/span><strong><span dir=\"auto\">en un per\u00edodo m\u00e1s cercano pero igualmente decisivo:<\/span><\/strong><span dir=\"auto\"><span>\u00a0<\/span>el \u00faltimo cuarto del siglo XX hasta la actualidad.<\/span><\/p>\n<p><span dir=\"auto\"><span class=\"VIpgJd-yAWNEb-VIpgJd-fmcmS-sn54Q\" dir=\"auto\">Este arco temporal, que abarca el fin del franquismo, la Transici\u00f3n democr\u00e1tica, la entrada en la Comunidad Econ\u00f3mica Europea y en el euro, y diversas crisis globales \u2014desde el choque del petr\u00f3leo hasta la crisis del 2008 y la pandemia\u2014, muestra c\u00f3mo<span>\u00a0<\/span><\/span><\/span><strong><span dir=\"auto\"><span class=\"VIpgJd-yAWNEb-VIpgJd-fmcmS-sn54Q\" dir=\"auto\">el ciclo econ\u00f3mico catal\u00e1n ha oscilado entre fases de expansi\u00f3n y de estancamiento, con un balance desigual.<\/span><\/span><\/strong><\/p>\n<h3><span dir=\"auto\">Los a\u00f1os dif\u00edciles de la Transici\u00f3n (1975-1985)<\/span><\/h3>\n<p><span dir=\"auto\"><span class=\"VIpgJd-yAWNEb-VIpgJd-fmcmS-sn54Q\" dir=\"auto\">Tras el espectacular crecimiento de los a\u00f1os sesenta, la crisis del petr\u00f3leo de 1973 y la inestabilidad pol\u00edtica de la Transici\u00f3n marcaron un punto de inflexi\u00f3n. Entre 1975 y 1985 el PIB por habitante de Catalu\u00f1a se estanc\u00f3 o incluso retrocedi\u00f3. La inflaci\u00f3n y el paro alcanzaron niveles r\u00e9cord en Occidente, poniendo en evidencia las dificultades de adaptaci\u00f3n de una econom\u00eda que hab\u00eda sido motor industrial, pero que sufr\u00eda ahora el declive de sectores tradicionales. Aquel per\u00edodo supuso un freno brusco al dinamismo anterior.<\/span><\/span><\/p>\n<h3><span dir=\"auto\">Modernizaci\u00f3n y expansi\u00f3n europea (1986-1992)<\/span><\/h3>\n<p><span dir=\"auto\"><span class=\"VIpgJd-yAWNEb-VIpgJd-fmcmS-sn54Q\" dir=\"auto\">Con la adhesi\u00f3n de Espa\u00f1a a la Comunidad Econ\u00f3mica Europea en 1986, Catalu\u00f1a inici\u00f3 una etapa de modernizaci\u00f3n y apertura. Entre 1986 y 1992, el PIB catal\u00e1n creci\u00f3 a un ritmo del 4,7% anual, mientras que la poblaci\u00f3n solo aumentaba un 0,3%. El resultado fue un incremento del PIB por habitante del 4,4% anual: un registro excepcional que no se ha repetido. La integraci\u00f3n europea dinamiz\u00f3 la industria y los servicios, y el paro se redujo despu\u00e9s de los picos de la d\u00e9cada anterior.<\/span><\/span><\/p>\n<h3><span dir=\"auto\">Los a\u00f1os noventa: recesi\u00f3n y estabilizaci\u00f3n<\/span><\/h3>\n<p><span dir=\"auto\"><span class=\"VIpgJd-yAWNEb-VIpgJd-fmcmS-sn54Q\" dir=\"auto\">La crisis del Sistema Monetario Europeo y el estallido de la burbuja inmobiliaria del 92 frenaron el impulso. En 1993, el PIB cay\u00f3 y el paro super\u00f3 el 20%, una cifra que Catalu\u00f1a compart\u00eda con la media espa\u00f1ola. Con todo, el crecimiento medio anual durante la d\u00e9cada fue de un 2,5%, con un aumento del PIB per c\u00e1pita del 2,3% gracias al crecimiento demogr\u00e1fico moderado. Fueron a\u00f1os de reestructuraci\u00f3n y consolidaci\u00f3n, con la mirada puesta en la futura moneda \u00fanica.<\/span><\/span><\/p>\n<h3><span dir=\"auto\">La euforia del euro y la debilidad estructural (2000-2007)<\/span><\/h3>\n<p><span dir=\"auto\"><span class=\"\" dir=\"auto\">La entrada en el euro coincidi\u00f3 con una nueva expansi\u00f3n. Entre 2000 y 2007, el PIB catal\u00e1n creci\u00f3 un 3,7% anual, impulsado por la construcci\u00f3n y consumo. Sin embargo, el modelo de crecimiento fue intensivo en mano de obra e inmigraci\u00f3n: la poblaci\u00f3n aumentaba un 2,2% anual, en gran parte gracias a la llegada masiva de trabajadores extranjeros. El resultado: el PIB por habitante solo crec\u00eda un 1,5% anual. Se trataba de un crecimiento aparentemente vigoroso, pero sustentado en empleo de baja productividad, preludio de las debilidades que estallar\u00edan con la crisis de 2008.<\/span><\/span><\/p>\n<h3><span dir=\"auto\">La Gran Recesi\u00f3n: fractura y retroceso (2008-2013)<\/span><\/h3>\n<p><span dir=\"auto\"><span class=\"VIpgJd-yAWNEb-VIpgJd-fmcmS-sn54Q\" dir=\"auto\">En 2008 marca el punto de inflexi\u00f3n. El estallido de la crisis financiera global y el pinchazo de la burbuja inmobiliaria provocaron una ca\u00edda hist\u00f3rica. En 2009 el PIB catal\u00e1n se desplom\u00f3 y el paro pas\u00f3 del 7% al 24% en 2012. Entre 2007 y 2013, el PIB por habitante disminuy\u00f3 un 2,1% anual, un baj\u00f3n m\u00e1s fuerte a\u00fan que el del PIB global. Incluso mientras la econom\u00eda ca\u00eda, la poblaci\u00f3n segu\u00eda creciendo por el efecto inercial de la inmigraci\u00f3n. Solo al final del per\u00edodo se inici\u00f3 un leve retroceso demogr\u00e1fico. La crisis erosion\u00f3 de forma profunda el tejido social y la confianza en el futuro.<\/span><\/span><\/p>\n<h3><span dir=\"auto\">Recuperaci\u00f3n y estabilidad antes de la tormenta (2014-2019)<\/span><\/h3>\n<p><span dir=\"auto\">A partir de 2014, la econom\u00eda catalana volvi\u00f3 a crecer con fuerza: un 2,9% anual de media hasta 2019. La mejora del contexto europeo, las reformas laborales y la estabilizaci\u00f3n demogr\u00e1fica permitieron que el PIB por habitante aumentara un 2,4% anual. El paro cay\u00f3 cerca del 10%, niveles similares a los de antes de 2008. Fue la mejor etapa de mejora del bienestar medio en dos d\u00e9cadas.<span>\u00a0<\/span><\/span><strong><span dir=\"auto\">Parece, con perspectiva, el \u00faltimo ciclo de crecimiento \u201climpio\u201d antes de los choques globales posteriores.<\/span><\/strong><\/p>\n<h3><span dir=\"auto\">La pandemia y la pospandemia: crecimiento sin prosperidad<\/span><\/h3>\n<p><span dir=\"auto\"><span class=\"VIpgJd-yAWNEb-VIpgJd-fmcmS-sn54Q\" dir=\"auto\">En 2020, la COVID-19 provoc\u00f3 la mayor ca\u00edda econ\u00f3mica en tiempos de paz: un -12,3% del PIB en un solo a\u00f1o. El golpe fue m\u00e1s duro que en la eurozona por la dependencia de sectores como el turismo y la restauraci\u00f3n. Sin embargo, la poblaci\u00f3n todav\u00eda creci\u00f3 un 0,8%, y el PIB per c\u00e1pita retrocedi\u00f3 un -13%.<\/span><\/span><\/p>\n<p><span dir=\"auto\">El bienio 2021-2022 trajo un rebote intenso (+6,8% anual de media), pero la guerra de Ucrania y la inflaci\u00f3n de 2022 truncaron la recuperaci\u00f3n. En 2023, el PIB catal\u00e1n creci\u00f3 un 2,6% m\u00e1s que la media europea, pero insuficiente para compensar el aumento demogr\u00e1fico. Entre 2019 y 2023, el PIB real solo creci\u00f3 un 0,7% anual, mientras que la poblaci\u00f3n lo hac\u00eda un 0,9%. El resultado es una p\u00e9rdida acumulada de renta por persona del -0,3% anual: Catalu\u00f1a ha recuperado el volumen total de PIB pero no el bienestar medio.<\/span><\/p>\n<p><img fetchpriority=\"high\" decoding=\"async\" class=\"alignnone wp-image-93190 size-full\" src=\"https:\/\/conversesacatalunya.cat\/wp-content\/uploads\/2025\/10\/Imagen2-1.jpg\" alt=\"\" width=\"847\" height=\"377\" srcset=\"https:\/\/conversesacatalunya.cat\/wp-content\/uploads\/2025\/10\/Imagen2-1.jpg 847w, https:\/\/conversesacatalunya.cat\/wp-content\/uploads\/2025\/10\/Imagen2-1-300x134.jpg 300w\" sizes=\"(max-width: 847px) 100vw, 847px\" \/><\/p>\n<h3><span dir=\"auto\">Un balance inc\u00f3modo<\/span><\/h3>\n<p><span dir=\"auto\"><span class=\"VIpgJd-yAWNEb-VIpgJd-fmcmS-sn54Q\" dir=\"auto\">A finales de 2023, el PIB catal\u00e1n superaba ya en un 2,7% el nivel prepandemia, pero la poblaci\u00f3n era un 3,8% m\u00e1s alta. El bienestar per c\u00e1pita es, por tanto, inferior al de 2019. La paradoja es clara:<span>\u00a0<\/span><\/span><\/span><strong><span dir=\"auto\"><span class=\"VIpgJd-yAWNEb-VIpgJd-fmcmS-sn54Q\" dir=\"auto\">m\u00e1s econom\u00eda, menos prosperidad individual.<\/span><\/span><\/strong><\/p>\n<p><span dir=\"auto\"><span class=\"\" dir=\"auto\">En t\u00e9rminos hist\u00f3ricos, Catalu\u00f1a ha vivido una sucesi\u00f3n de ciclos que alternan expansi\u00f3n y ca\u00edda, con un resultado final de rendimiento decreciente. La econom\u00eda se ha abierto y modernizado, pero al precio de una productividad estancada y de una renta media que crece cada vez m\u00e1s lentamente.<\/span><\/span><\/p>\n<p><strong><span dir=\"auto\"><span class=\"VIpgJd-yAWNEb-VIpgJd-fmcmS-sn54Q\" dir=\"auto\">El espejo de estos cincuenta a\u00f1os muestra una lecci\u00f3n:<\/span><\/span><\/strong><span dir=\"auto\"><span class=\"VIpgJd-yAWNEb-VIpgJd-fmcmS-sn54Q\" dir=\"auto\"><span>\u00a0<\/span>sin ganancias de productividad y una pol\u00edtica demogr\u00e1fica coherente, el crecimiento puede continuar, pero la prosperidad no. No necesitamos m\u00e1s inmigraci\u00f3n, lo que necesitamos es m\u00e1s productividad, y un a\u00f1adido m\u00e1s. La pr\u00e1ctica hist\u00f3rica se\u00f1ala que los comportamientos de<span>\u00a0<\/span><\/span><\/span><strong><span dir=\"auto\"><span class=\"VIpgJd-yAWNEb-VIpgJd-fmcmS-sn54Q\" dir=\"auto\">nuestras \u00e9lites econ\u00f3micas traducen los aludes inmigratorios en una propensi\u00f3n al negocio de baja productividad.<\/span><\/span><\/strong><\/p>\n<span class='bctt-click-to-tweet'><span class='bctt-ctt-text'><a href='https:\/\/twitter.com\/intent\/tweet?url=https%3A%2F%2Fconversesacatalunya.cat%2Fes%2Fde-la-expansion-a-la-bajada-economica-1975-24%2F&#038;text=Catalu%C3%B1a%20ha%20crecido%20en%20volumen%20econ%C3%B3mico%2C%20pero%20no%20en%20prosperidad%3A%20m%C3%A1s%20PIB%2C%20menos%20renta%20por%20persona.%20%23EconomiaCatalana%20%23PIB%20%23Bienestar&#038;via=conversesacat&#038;related=conversesacat' target='_blank'rel=\"noopener noreferrer\">Catalu\u00f1a ha crecido en volumen econ\u00f3mico, pero no en prosperidad: m\u00e1s PIB, menos renta por persona. #EconomiaCatalana #PIB #Bienestar <\/a><\/span><a href='https:\/\/twitter.com\/intent\/tweet?url=https%3A%2F%2Fconversesacatalunya.cat%2Fes%2Fde-la-expansion-a-la-bajada-economica-1975-24%2F&#038;text=Catalu%C3%B1a%20ha%20crecido%20en%20volumen%20econ%C3%B3mico%2C%20pero%20no%20en%20prosperidad%3A%20m%C3%A1s%20PIB%2C%20menos%20renta%20por%20persona.%20%23EconomiaCatalana%20%23PIB%20%23Bienestar&#038;via=conversesacat&#038;related=conversesacat' target='_blank' class='bctt-ctt-btn'rel=\"noopener noreferrer\">Compartir en X<\/a><\/span>\n<p>&nbsp;<\/p>\n","protected":false},"excerpt":{"rendered":"<p>Despu\u00e9s de haber analizado en\u00a0un art\u00edculo precedente\u00a0las causas profundas del declive de Catalu\u00f1a en una perspectiva hist\u00f3rica larga, es pertinente observar ahora su reflejo\u00a0en un per\u00edodo m\u00e1s cercano pero igualmente decisivo:\u00a0el \u00faltimo cuarto del siglo XX hasta la actualidad. Este arco temporal, que abarca el fin del franquismo, la Transici\u00f3n democr\u00e1tica, la entrada en la Comunidad Econ\u00f3mica Europea y en el euro, y diversas crisis globales \u2014desde el choque del petr\u00f3leo hasta la crisis del 2008 y la pandemia\u2014, muestra c\u00f3mo\u00a0el ciclo econ\u00f3mico catal\u00e1n ha oscilado entre fases de expansi\u00f3n y de estancamiento, con un balance desigual. Los a\u00f1os dif\u00edciles de la Transici\u00f3n (1975-1985) Tras el espectacular crecimiento de los a\u00f1os sesenta, la crisis del petr\u00f3leo de 1973 y la inestabilidad pol\u00edtica de la Transici\u00f3n marcaron un punto de inflexi\u00f3n. Entre 1975 y 1985 el PIB por habitante de Catalu\u00f1a se estanc\u00f3 o incluso retrocedi\u00f3. La inflaci\u00f3n y el paro alcanzaron niveles r\u00e9cord en Occidente, poniendo en evidencia las dificultades de adaptaci\u00f3n de una econom\u00eda que hab\u00eda sido motor industrial, pero que sufr\u00eda ahora el declive de sectores tradicionales. Aquel per\u00edodo supuso un freno brusco al dinamismo anterior. Modernizaci\u00f3n y expansi\u00f3n europea (1986-1992) Con la adhesi\u00f3n de Espa\u00f1a a la Comunidad Econ\u00f3mica Europea en 1986, Catalu\u00f1a inici\u00f3 una etapa de modernizaci\u00f3n y apertura. Entre 1986 y 1992, el PIB catal\u00e1n creci\u00f3 a un ritmo del 4,7% anual, mientras que la poblaci\u00f3n solo aumentaba un 0,3%. El resultado fue un incremento del PIB por habitante del 4,4% anual: un registro excepcional que no se ha repetido. La integraci\u00f3n europea dinamiz\u00f3 la industria y los servicios, y el paro se redujo despu\u00e9s de los picos de la d\u00e9cada anterior. Los a\u00f1os noventa: recesi\u00f3n y estabilizaci\u00f3n La crisis del Sistema Monetario Europeo y el estallido de la burbuja inmobiliaria del 92 frenaron el impulso. En 1993, el PIB cay\u00f3 y el paro super\u00f3 el 20%, una cifra que Catalu\u00f1a compart\u00eda con la media espa\u00f1ola. Con todo, el crecimiento medio anual durante la d\u00e9cada fue de un 2,5%, con un aumento del PIB per c\u00e1pita del 2,3% gracias al crecimiento demogr\u00e1fico moderado. Fueron a\u00f1os de reestructuraci\u00f3n y consolidaci\u00f3n, con la mirada puesta en la futura moneda \u00fanica. La euforia del euro y la debilidad estructural (2000-2007) La entrada en el euro coincidi\u00f3 con una nueva expansi\u00f3n. Entre 2000 y 2007, el PIB catal\u00e1n creci\u00f3 un 3,7% anual, impulsado por la construcci\u00f3n y consumo. Sin embargo, el modelo de crecimiento fue intensivo en mano de obra e inmigraci\u00f3n: la poblaci\u00f3n aumentaba un 2,2% anual, en gran parte gracias a la llegada masiva de trabajadores extranjeros. El resultado: el PIB por habitante solo crec\u00eda un 1,5% anual. Se trataba de un crecimiento aparentemente vigoroso, pero sustentado en empleo de baja productividad, preludio de las debilidades que estallar\u00edan con la crisis de 2008. La Gran Recesi\u00f3n: fractura y retroceso (2008-2013) En 2008 marca el punto de inflexi\u00f3n. El estallido de la crisis financiera global y el pinchazo de la burbuja inmobiliaria provocaron una ca\u00edda hist\u00f3rica. En 2009 el PIB catal\u00e1n se desplom\u00f3 y el paro pas\u00f3 del 7% al 24% en 2012. Entre 2007 y 2013, el PIB por habitante disminuy\u00f3 un 2,1% anual, un baj\u00f3n m\u00e1s fuerte a\u00fan que el del PIB global. Incluso mientras la econom\u00eda ca\u00eda, la poblaci\u00f3n segu\u00eda creciendo por el efecto inercial de la inmigraci\u00f3n. Solo al final del per\u00edodo se inici\u00f3 un leve retroceso demogr\u00e1fico. La crisis erosion\u00f3 de forma profunda el tejido social y la confianza en el futuro. Recuperaci\u00f3n y estabilidad antes de la tormenta (2014-2019) A partir de 2014, la econom\u00eda catalana volvi\u00f3 a crecer con fuerza: un 2,9% anual de media hasta 2019. La mejora del contexto europeo, las reformas laborales y la estabilizaci\u00f3n demogr\u00e1fica permitieron que el PIB por habitante aumentara un 2,4% anual. El paro cay\u00f3 cerca del 10%, niveles similares a los de antes de 2008. Fue la mejor etapa de mejora del bienestar medio en dos d\u00e9cadas.\u00a0Parece, con perspectiva, el \u00faltimo ciclo de crecimiento \u201climpio\u201d antes de los choques globales posteriores. La pandemia y la pospandemia: crecimiento sin prosperidad En 2020, la COVID-19 provoc\u00f3 la mayor ca\u00edda econ\u00f3mica en tiempos de paz: un -12,3% del PIB en un solo a\u00f1o. El golpe fue m\u00e1s duro que en la eurozona por la dependencia de sectores como el turismo y la restauraci\u00f3n. Sin embargo, la poblaci\u00f3n todav\u00eda creci\u00f3 un 0,8%, y el PIB per c\u00e1pita retrocedi\u00f3 un -13%. El bienio 2021-2022 trajo un rebote intenso (+6,8% anual de media), pero la guerra de Ucrania y la inflaci\u00f3n de 2022 truncaron la recuperaci\u00f3n. En 2023, el PIB catal\u00e1n creci\u00f3 un 2,6% m\u00e1s que la media europea, pero insuficiente para compensar el aumento demogr\u00e1fico. Entre 2019 y 2023, el PIB real solo creci\u00f3 un 0,7% anual, mientras que la poblaci\u00f3n lo hac\u00eda un 0,9%. El resultado es una p\u00e9rdida acumulada de renta por persona del -0,3% anual: Catalu\u00f1a ha recuperado el volumen total de PIB pero no el bienestar medio. Un balance inc\u00f3modo A finales de 2023, el PIB catal\u00e1n superaba ya en un 2,7% el nivel prepandemia, pero la poblaci\u00f3n era un 3,8% m\u00e1s alta. El bienestar per c\u00e1pita es, por tanto, inferior al de 2019. La paradoja es clara:\u00a0m\u00e1s econom\u00eda, menos prosperidad individual. En t\u00e9rminos hist\u00f3ricos, Catalu\u00f1a ha vivido una sucesi\u00f3n de ciclos que alternan expansi\u00f3n y ca\u00edda, con un resultado final de rendimiento decreciente. La econom\u00eda se ha abierto y modernizado, pero al precio de una productividad estancada y de una renta media que crece cada vez m\u00e1s lentamente. El espejo de estos cincuenta a\u00f1os muestra una lecci\u00f3n:\u00a0sin ganancias de productividad y una pol\u00edtica demogr\u00e1fica coherente, el crecimiento puede continuar, pero la prosperidad no. No necesitamos m\u00e1s inmigraci\u00f3n, lo que necesitamos es m\u00e1s productividad, y un a\u00f1adido m\u00e1s. La pr\u00e1ctica hist\u00f3rica se\u00f1ala que los comportamientos de\u00a0nuestras \u00e9lites econ\u00f3micas traducen los aludes inmigratorios en una propensi\u00f3n al negocio de baja productividad. &nbsp;<\/p>\n","protected":false},"author":19,"featured_media":93191,"comment_status":"open","ping_status":"open","sticky":false,"template":"","format":"standard","meta":{"_FSMCFIC_featured_image_caption":"","_FSMCFIC_featured_image_nocaption":"","_FSMCFIC_featured_image_hide":"","footnotes":""},"categories":[796,806],"tags":[5401,5402],"class_list":["post-93195","post","type-post","status-publish","format-standard","has-post-thumbnail","hentry","category-el-blog-de-josep-miro-i-ardevol-es","category-punts-claus-del-dia-es","tag-consideracio-de-catalunya-es","tag-consideracion-de-cataluna"],"yoast_head":"<!-- This site is optimized with the Yoast SEO plugin v26.8 - https:\/\/yoast.com\/product\/yoast-seo-wordpress\/ -->\n<title>Consideraci\u00f3n de Catalu\u00f1a (10) De la expansi\u00f3n a la bajada econ\u00f3mica (1975-24) - Converses a Catalunya<\/title>\n<meta name=\"description\" content=\"Desde la crisis de 2008 y la pandemia, el ciclo econ\u00f3mico catal\u00e1n ha oscilado entre fases de expansi\u00f3n y de estancamiento.\" \/>\n<meta name=\"robots\" content=\"index, follow, max-snippet:-1, max-image-preview:large, max-video-preview:-1\" \/>\n<link rel=\"canonical\" href=\"https:\/\/conversesacatalunya.cat\/es\/de-la-expansion-a-la-bajada-economica-1975-24\/\" \/>\n<meta property=\"og:locale\" content=\"es_ES\" \/>\n<meta property=\"og:type\" content=\"article\" \/>\n<meta property=\"og:title\" content=\"Consideraci\u00f3n de Catalu\u00f1a (10) De la expansi\u00f3n a la bajada econ\u00f3mica (1975-24) - Converses a Catalunya\" \/>\n<meta property=\"og:description\" content=\"Desde la crisis de 2008 y la pandemia, el ciclo econ\u00f3mico catal\u00e1n ha oscilado entre fases de expansi\u00f3n y de estancamiento.\" \/>\n<meta property=\"og:url\" content=\"https:\/\/conversesacatalunya.cat\/es\/de-la-expansion-a-la-bajada-economica-1975-24\/\" \/>\n<meta property=\"og:site_name\" content=\"Converses a Catalunya\" \/>\n<meta property=\"article:published_time\" content=\"2025-10-23T10:44:17+00:00\" \/>\n<meta property=\"article:modified_time\" content=\"2025-10-27T04:53:54+00:00\" \/>\n<meta property=\"og:image\" content=\"https:\/\/conversesacatalunya.cat\/wp-content\/uploads\/2025\/10\/Imagen2-1.jpg\" \/>\n\t<meta property=\"og:image:width\" content=\"847\" \/>\n\t<meta property=\"og:image:height\" content=\"377\" \/>\n\t<meta property=\"og:image:type\" content=\"image\/jpeg\" \/>\n<meta name=\"author\" content=\"Josep Mir\u00f3 i Ard\u00e8vol\" \/>\n<meta name=\"twitter:card\" content=\"summary_large_image\" \/>\n<meta name=\"twitter:label1\" content=\"Escrito por\" \/>\n\t<meta name=\"twitter:data1\" content=\"Josep Mir\u00f3 i Ard\u00e8vol\" \/>\n\t<meta name=\"twitter:label2\" content=\"Tiempo de lectura\" \/>\n\t<meta name=\"twitter:data2\" content=\"5 minutos\" \/>\n<script type=\"application\/ld+json\" class=\"yoast-schema-graph\">{\"@context\":\"https:\/\/schema.org\",\"@graph\":[{\"@type\":\"Article\",\"@id\":\"https:\/\/conversesacatalunya.cat\/es\/de-la-expansion-a-la-bajada-economica-1975-24\/#article\",\"isPartOf\":{\"@id\":\"https:\/\/conversesacatalunya.cat\/es\/de-la-expansion-a-la-bajada-economica-1975-24\/\"},\"author\":{\"name\":\"Josep Mir\u00f3 i Ard\u00e8vol\",\"@id\":\"https:\/\/conversesacatalunya.cat\/#\/schema\/person\/a9598a6786ba7d3d1c5e0de477b79370\"},\"headline\":\"Consideraci\u00f3n de Catalu\u00f1a (10) De la expansi\u00f3n a la bajada econ\u00f3mica (1975-24)\",\"datePublished\":\"2025-10-23T10:44:17+00:00\",\"dateModified\":\"2025-10-27T04:53:54+00:00\",\"mainEntityOfPage\":{\"@id\":\"https:\/\/conversesacatalunya.cat\/es\/de-la-expansion-a-la-bajada-economica-1975-24\/\"},\"wordCount\":1105,\"commentCount\":0,\"image\":{\"@id\":\"https:\/\/conversesacatalunya.cat\/es\/de-la-expansion-a-la-bajada-economica-1975-24\/#primaryimage\"},\"thumbnailUrl\":\"https:\/\/conversesacatalunya.cat\/wp-content\/uploads\/2025\/10\/Imagen2-1.jpg\",\"keywords\":[\"consideraci\u00f3 de Catalunya\",\"Consideraci\u00f3n de Catalu\u00f1a\"],\"articleSection\":[\"El Blog de Josep Mir\u00f3 i Ard\u00e8vol (ES)\",\"Punts clau del dia (ES)\"],\"inLanguage\":\"es\",\"potentialAction\":[{\"@type\":\"CommentAction\",\"name\":\"Comment\",\"target\":[\"https:\/\/conversesacatalunya.cat\/es\/de-la-expansion-a-la-bajada-economica-1975-24\/#respond\"]}]},{\"@type\":\"WebPage\",\"@id\":\"https:\/\/conversesacatalunya.cat\/es\/de-la-expansion-a-la-bajada-economica-1975-24\/\",\"url\":\"https:\/\/conversesacatalunya.cat\/es\/de-la-expansion-a-la-bajada-economica-1975-24\/\",\"name\":\"Consideraci\u00f3n de Catalu\u00f1a (10) De la expansi\u00f3n a la bajada econ\u00f3mica (1975-24) - Converses a Catalunya\",\"isPartOf\":{\"@id\":\"https:\/\/conversesacatalunya.cat\/#website\"},\"primaryImageOfPage\":{\"@id\":\"https:\/\/conversesacatalunya.cat\/es\/de-la-expansion-a-la-bajada-economica-1975-24\/#primaryimage\"},\"image\":{\"@id\":\"https:\/\/conversesacatalunya.cat\/es\/de-la-expansion-a-la-bajada-economica-1975-24\/#primaryimage\"},\"thumbnailUrl\":\"https:\/\/conversesacatalunya.cat\/wp-content\/uploads\/2025\/10\/Imagen2-1.jpg\",\"datePublished\":\"2025-10-23T10:44:17+00:00\",\"dateModified\":\"2025-10-27T04:53:54+00:00\",\"author\":{\"@id\":\"https:\/\/conversesacatalunya.cat\/#\/schema\/person\/a9598a6786ba7d3d1c5e0de477b79370\"},\"description\":\"Desde la crisis de 2008 y la pandemia, el ciclo econ\u00f3mico catal\u00e1n ha oscilado entre fases de expansi\u00f3n y de estancamiento.\",\"breadcrumb\":{\"@id\":\"https:\/\/conversesacatalunya.cat\/es\/de-la-expansion-a-la-bajada-economica-1975-24\/#breadcrumb\"},\"inLanguage\":\"es\",\"potentialAction\":[{\"@type\":\"ReadAction\",\"target\":[\"https:\/\/conversesacatalunya.cat\/es\/de-la-expansion-a-la-bajada-economica-1975-24\/\"]}]},{\"@type\":\"ImageObject\",\"inLanguage\":\"es\",\"@id\":\"https:\/\/conversesacatalunya.cat\/es\/de-la-expansion-a-la-bajada-economica-1975-24\/#primaryimage\",\"url\":\"https:\/\/conversesacatalunya.cat\/wp-content\/uploads\/2025\/10\/Imagen2-1.jpg\",\"contentUrl\":\"https:\/\/conversesacatalunya.cat\/wp-content\/uploads\/2025\/10\/Imagen2-1.jpg\",\"width\":847,\"height\":377,\"caption\":\"\"},{\"@type\":\"BreadcrumbList\",\"@id\":\"https:\/\/conversesacatalunya.cat\/es\/de-la-expansion-a-la-bajada-economica-1975-24\/#breadcrumb\",\"itemListElement\":[{\"@type\":\"ListItem\",\"position\":1,\"name\":\"Inici\",\"item\":\"https:\/\/conversesacatalunya.cat\/es\/\"},{\"@type\":\"ListItem\",\"position\":2,\"name\":\"Consideraci\u00f3n de Catalu\u00f1a (10) De la expansi\u00f3n a la bajada econ\u00f3mica (1975-24)\"}]},{\"@type\":\"WebSite\",\"@id\":\"https:\/\/conversesacatalunya.cat\/#website\",\"url\":\"https:\/\/conversesacatalunya.cat\/\",\"name\":\"Converses a Catalunya\",\"description\":\"\",\"potentialAction\":[{\"@type\":\"SearchAction\",\"target\":{\"@type\":\"EntryPoint\",\"urlTemplate\":\"https:\/\/conversesacatalunya.cat\/?s={search_term_string}\"},\"query-input\":{\"@type\":\"PropertyValueSpecification\",\"valueRequired\":true,\"valueName\":\"search_term_string\"}}],\"inLanguage\":\"es\"},{\"@type\":\"Person\",\"@id\":\"https:\/\/conversesacatalunya.cat\/#\/schema\/person\/a9598a6786ba7d3d1c5e0de477b79370\",\"name\":\"Josep Mir\u00f3 i Ard\u00e8vol\",\"image\":{\"@type\":\"ImageObject\",\"inLanguage\":\"es\",\"@id\":\"https:\/\/conversesacatalunya.cat\/#\/schema\/person\/image\/\",\"url\":\"https:\/\/conversesacatalunya.cat\/wp-content\/litespeed\/avatar\/c37e3dc881857483d6694cdf98fdedea.jpg?ver=1777270381\",\"contentUrl\":\"https:\/\/conversesacatalunya.cat\/wp-content\/litespeed\/avatar\/c37e3dc881857483d6694cdf98fdedea.jpg?ver=1777270381\",\"caption\":\"Josep Mir\u00f3 i Ard\u00e8vol\"},\"url\":\"https:\/\/conversesacatalunya.cat\/es\/author\/josep-miro-i-ardevol\/\"}]}<\/script>\n<!-- \/ Yoast SEO plugin. -->","yoast_head_json":{"title":"Consideraci\u00f3n de Catalu\u00f1a (10) De la expansi\u00f3n a la bajada econ\u00f3mica (1975-24) - Converses a Catalunya","description":"Desde la crisis de 2008 y la pandemia, el ciclo econ\u00f3mico catal\u00e1n ha oscilado entre fases de expansi\u00f3n y de estancamiento.","robots":{"index":"index","follow":"follow","max-snippet":"max-snippet:-1","max-image-preview":"max-image-preview:large","max-video-preview":"max-video-preview:-1"},"canonical":"https:\/\/conversesacatalunya.cat\/es\/de-la-expansion-a-la-bajada-economica-1975-24\/","og_locale":"es_ES","og_type":"article","og_title":"Consideraci\u00f3n de Catalu\u00f1a (10) De la expansi\u00f3n a la bajada econ\u00f3mica (1975-24) - Converses a Catalunya","og_description":"Desde la crisis de 2008 y la pandemia, el ciclo econ\u00f3mico catal\u00e1n ha oscilado entre fases de expansi\u00f3n y de estancamiento.","og_url":"https:\/\/conversesacatalunya.cat\/es\/de-la-expansion-a-la-bajada-economica-1975-24\/","og_site_name":"Converses a Catalunya","article_published_time":"2025-10-23T10:44:17+00:00","article_modified_time":"2025-10-27T04:53:54+00:00","og_image":[{"width":847,"height":377,"url":"https:\/\/conversesacatalunya.cat\/wp-content\/uploads\/2025\/10\/Imagen2-1.jpg","type":"image\/jpeg"}],"author":"Josep Mir\u00f3 i Ard\u00e8vol","twitter_card":"summary_large_image","twitter_misc":{"Escrito por":"Josep Mir\u00f3 i Ard\u00e8vol","Tiempo de lectura":"5 minutos"},"schema":{"@context":"https:\/\/schema.org","@graph":[{"@type":"Article","@id":"https:\/\/conversesacatalunya.cat\/es\/de-la-expansion-a-la-bajada-economica-1975-24\/#article","isPartOf":{"@id":"https:\/\/conversesacatalunya.cat\/es\/de-la-expansion-a-la-bajada-economica-1975-24\/"},"author":{"name":"Josep Mir\u00f3 i Ard\u00e8vol","@id":"https:\/\/conversesacatalunya.cat\/#\/schema\/person\/a9598a6786ba7d3d1c5e0de477b79370"},"headline":"Consideraci\u00f3n de Catalu\u00f1a (10) De la expansi\u00f3n a la bajada econ\u00f3mica (1975-24)","datePublished":"2025-10-23T10:44:17+00:00","dateModified":"2025-10-27T04:53:54+00:00","mainEntityOfPage":{"@id":"https:\/\/conversesacatalunya.cat\/es\/de-la-expansion-a-la-bajada-economica-1975-24\/"},"wordCount":1105,"commentCount":0,"image":{"@id":"https:\/\/conversesacatalunya.cat\/es\/de-la-expansion-a-la-bajada-economica-1975-24\/#primaryimage"},"thumbnailUrl":"https:\/\/conversesacatalunya.cat\/wp-content\/uploads\/2025\/10\/Imagen2-1.jpg","keywords":["consideraci\u00f3 de Catalunya","Consideraci\u00f3n de Catalu\u00f1a"],"articleSection":["El Blog de Josep Mir\u00f3 i Ard\u00e8vol (ES)","Punts clau del dia (ES)"],"inLanguage":"es","potentialAction":[{"@type":"CommentAction","name":"Comment","target":["https:\/\/conversesacatalunya.cat\/es\/de-la-expansion-a-la-bajada-economica-1975-24\/#respond"]}]},{"@type":"WebPage","@id":"https:\/\/conversesacatalunya.cat\/es\/de-la-expansion-a-la-bajada-economica-1975-24\/","url":"https:\/\/conversesacatalunya.cat\/es\/de-la-expansion-a-la-bajada-economica-1975-24\/","name":"Consideraci\u00f3n de Catalu\u00f1a (10) De la expansi\u00f3n a la bajada econ\u00f3mica (1975-24) - Converses a Catalunya","isPartOf":{"@id":"https:\/\/conversesacatalunya.cat\/#website"},"primaryImageOfPage":{"@id":"https:\/\/conversesacatalunya.cat\/es\/de-la-expansion-a-la-bajada-economica-1975-24\/#primaryimage"},"image":{"@id":"https:\/\/conversesacatalunya.cat\/es\/de-la-expansion-a-la-bajada-economica-1975-24\/#primaryimage"},"thumbnailUrl":"https:\/\/conversesacatalunya.cat\/wp-content\/uploads\/2025\/10\/Imagen2-1.jpg","datePublished":"2025-10-23T10:44:17+00:00","dateModified":"2025-10-27T04:53:54+00:00","author":{"@id":"https:\/\/conversesacatalunya.cat\/#\/schema\/person\/a9598a6786ba7d3d1c5e0de477b79370"},"description":"Desde la crisis de 2008 y la pandemia, el ciclo econ\u00f3mico catal\u00e1n ha oscilado entre fases de expansi\u00f3n y de estancamiento.","breadcrumb":{"@id":"https:\/\/conversesacatalunya.cat\/es\/de-la-expansion-a-la-bajada-economica-1975-24\/#breadcrumb"},"inLanguage":"es","potentialAction":[{"@type":"ReadAction","target":["https:\/\/conversesacatalunya.cat\/es\/de-la-expansion-a-la-bajada-economica-1975-24\/"]}]},{"@type":"ImageObject","inLanguage":"es","@id":"https:\/\/conversesacatalunya.cat\/es\/de-la-expansion-a-la-bajada-economica-1975-24\/#primaryimage","url":"https:\/\/conversesacatalunya.cat\/wp-content\/uploads\/2025\/10\/Imagen2-1.jpg","contentUrl":"https:\/\/conversesacatalunya.cat\/wp-content\/uploads\/2025\/10\/Imagen2-1.jpg","width":847,"height":377,"caption":""},{"@type":"BreadcrumbList","@id":"https:\/\/conversesacatalunya.cat\/es\/de-la-expansion-a-la-bajada-economica-1975-24\/#breadcrumb","itemListElement":[{"@type":"ListItem","position":1,"name":"Inici","item":"https:\/\/conversesacatalunya.cat\/es\/"},{"@type":"ListItem","position":2,"name":"Consideraci\u00f3n de Catalu\u00f1a (10) De la expansi\u00f3n a la bajada econ\u00f3mica (1975-24)"}]},{"@type":"WebSite","@id":"https:\/\/conversesacatalunya.cat\/#website","url":"https:\/\/conversesacatalunya.cat\/","name":"Converses a Catalunya","description":"","potentialAction":[{"@type":"SearchAction","target":{"@type":"EntryPoint","urlTemplate":"https:\/\/conversesacatalunya.cat\/?s={search_term_string}"},"query-input":{"@type":"PropertyValueSpecification","valueRequired":true,"valueName":"search_term_string"}}],"inLanguage":"es"},{"@type":"Person","@id":"https:\/\/conversesacatalunya.cat\/#\/schema\/person\/a9598a6786ba7d3d1c5e0de477b79370","name":"Josep Mir\u00f3 i Ard\u00e8vol","image":{"@type":"ImageObject","inLanguage":"es","@id":"https:\/\/conversesacatalunya.cat\/#\/schema\/person\/image\/","url":"https:\/\/conversesacatalunya.cat\/wp-content\/litespeed\/avatar\/c37e3dc881857483d6694cdf98fdedea.jpg?ver=1777270381","contentUrl":"https:\/\/conversesacatalunya.cat\/wp-content\/litespeed\/avatar\/c37e3dc881857483d6694cdf98fdedea.jpg?ver=1777270381","caption":"Josep Mir\u00f3 i Ard\u00e8vol"},"url":"https:\/\/conversesacatalunya.cat\/es\/author\/josep-miro-i-ardevol\/"}]}},"wps_subtitle":"El espejo de estos cincuenta a\u00f1os muestra una lecci\u00f3n: sin ganancias de productividad y una pol\u00edtica demogr\u00e1fica coherente, el crecimiento puede continuar, pero la prosperidad no.","_links":{"self":[{"href":"https:\/\/conversesacatalunya.cat\/es\/wp-json\/wp\/v2\/posts\/93195","targetHints":{"allow":["GET"]}}],"collection":[{"href":"https:\/\/conversesacatalunya.cat\/es\/wp-json\/wp\/v2\/posts"}],"about":[{"href":"https:\/\/conversesacatalunya.cat\/es\/wp-json\/wp\/v2\/types\/post"}],"author":[{"embeddable":true,"href":"https:\/\/conversesacatalunya.cat\/es\/wp-json\/wp\/v2\/users\/19"}],"replies":[{"embeddable":true,"href":"https:\/\/conversesacatalunya.cat\/es\/wp-json\/wp\/v2\/comments?post=93195"}],"version-history":[{"count":3,"href":"https:\/\/conversesacatalunya.cat\/es\/wp-json\/wp\/v2\/posts\/93195\/revisions"}],"predecessor-version":[{"id":93196,"href":"https:\/\/conversesacatalunya.cat\/es\/wp-json\/wp\/v2\/posts\/93195\/revisions\/93196"}],"wp:featuredmedia":[{"embeddable":true,"href":"https:\/\/conversesacatalunya.cat\/es\/wp-json\/wp\/v2\/media\/93191"}],"wp:attachment":[{"href":"https:\/\/conversesacatalunya.cat\/es\/wp-json\/wp\/v2\/media?parent=93195"}],"wp:term":[{"taxonomy":"category","embeddable":true,"href":"https:\/\/conversesacatalunya.cat\/es\/wp-json\/wp\/v2\/categories?post=93195"},{"taxonomy":"post_tag","embeddable":true,"href":"https:\/\/conversesacatalunya.cat\/es\/wp-json\/wp\/v2\/tags?post=93195"}],"curies":[{"name":"wp","href":"https:\/\/api.w.org\/{rel}","templated":true}]}}